{"id":15287,"date":"2023-02-19T23:38:55","date_gmt":"2023-02-19T22:38:55","guid":{"rendered":"https:\/\/www.freidenker.org\/?p=15287"},"modified":"2023-03-11T18:36:26","modified_gmt":"2023-03-11T17:36:26","slug":"asoziale-und-soziale-netze","status":"publish","type":"post","link":"https:\/\/www.freidenker.org\/?p=15287","title":{"rendered":"Asoziale und soziale Netze"},"content":{"rendered":"<h5>Referent: Wolfgang Romney<\/h5>\n<p><span style=\"font-size: 14pt;\"><strong>Montag, 6. M\u00e4rz 2023 um 18:30<br \/>\n<\/strong><strong>Salzmannbau, Raum 112, D\u00fcsseldorf<br \/>\n<\/strong>Himmelgeister Str. 107, 40225 D\u00fcsseldorf<\/span><\/p>\n<p><em>Facebook, twitter, YouTube<\/em> usw. werden meist als \u2019soziale\u2018 Netzwerke be\u00adzeichnet. Sie haben Milliarden Nutzer und spielen auch in der Politik eine wichtige, scheinbar unverzichtbare Rolle. In der aktuellen Auseinanderset\u00adzung um twitter wird das gegenw\u00e4rtig deutlich. Dass diese Netze in Wirklichkeit asozial sind und deren Nutzung problematisch ist, wird der Referent im Vortrag darstellen und belegen.<\/p>\n<p>Aber es gibt Alternativen zu den asozialen Netzwerken, die mit Fug und Recht als sozial bezeichnet und deshalb po\u00adlitisch bedeutsam werden k\u00f6nnen. Warum das so ist, wird an Beispielen und mit Informationen zu Funktion, Struktur und Nutzerzahlen erl\u00e4utert. Eine Anleitung f\u00fcr die ersten Schritte zur Nutzung wird gegeben.<\/p>\n<h5>Wolfgang Romey<\/h5>\n<p>war als Lehrer f\u00fcr Mathematik, Elektrotechnik und Digitaltechnik im berufsbildenden Bereich, sowie als Dezernent f\u00fcr Lehrerausbildung und sp\u00e4ter auch -fortbildung t\u00e4tig. Die kritische Auseinandersetzung mit den Folgen der unreflektierten Nutzung der Digitaltechnik ist bis heute sein Thema.<\/p>\n<p>Hier einige Artikel des Autors zur Vorbereitung:<br \/>\n<a href=\"https:\/\/www.rubikon.news\/autoren\/wolfgang-romey\" target=\"_blank\" rel=\"noopener\">https:\/\/www.rubikon.news\/autoren\/wolfgang-romey<\/a><br \/>\n<a href=\"https:\/\/www.nachdenkseiten.de\/?p=57856\" target=\"_blank\" rel=\"noopener\">https:\/\/www.nachdenkseiten.de\/?p=57856<\/a><\/p>\n<p><strong>EINTRITT FREI \u2013 SPENDEN WILLKOMMEN<\/strong><\/p>\n<p>Eine Veranstaltung des Deutschen Freidenker-Verbandes, Landesverband NRW<\/p>\n<p><span style=\"font-size: 10pt;\">siehe auch: <a href=\"https:\/\/www.nordrhein-westfalen.freidenker.org\/category\/veranstaltungen\/veranstaltungennrw\/\" target=\"_blank\" rel=\"noopener\">https:\/\/www.nordrhein-westfalen.freidenker.org\/category\/veranstaltungen\/veranstaltungennrw\/<\/a><\/span><\/p>\n<hr \/>\n<p><span style=\"font-size: 10pt;\">Bild: <a href=\"https:\/\/pixabay.com\/de\/illustrations\/sozial-social-media-kommunikation-3064515\/\" target=\"_blank\" rel=\"noopener\">pixabay.com<\/a> \/ <a class=\"hover_opacity\" href=\"https:\/\/pixabay.com\/de\/users\/geralt-9301\/\">geralt <\/a>\u00a0\/ <a href=\"https:\/\/pixabay.com\/de\/service\/terms\/\">Pixabay License<\/a><\/span><\/p>\n<p>&nbsp;<\/p>\n","protected":false},"excerpt":{"rendered":"<p><b>Veranstaltung &#8211; Referent: Wolfgang Romney<\/b><br \/>\nMontag, 6. M\u00e4rz 2023 um 18:30, Salzmannbau, Raum 112, D\u00fcsseldorf<br \/>\nFacebook, twitter, YouTube usw. werden meist als \u2019soziale\u2018 Netzwerke be\u00adzeichnet. Sie haben Milliarden Nutzer und spielen auch in der Politik eine wichtige, scheinbar unverzichtbare Rolle. In der aktuellen Auseinanderset\u00adzung um twitter wird das gegenw\u00e4rtig deutlich. Dass diese Netze in Wirklichkeit asozial sind und deren Nutzung problematisch ist, wird der Referent im Vortrag darstellen und belegen. Aber es gibt Alternativen zu den asozialen Netzwerken, die mit Fug und Recht als sozial bezeichnet und deshalb po\u00adlitisch bedeutsam werden k\u00f6nnen. Warum das so ist, wird an Beispielen und mit Informationen zu Funktion, Struktur und Nutzerzahlen erl\u00e4utert. Eine Anleitung f\u00fcr die ersten Schritte zur Nutzung wird gegeben.<\/p>\n","protected":false},"author":3,"featured_media":15290,"comment_status":"closed","ping_status":"closed","sticky":false,"template":"","format":"standard","meta":{"colormag_page_container_layout":"default_layout","colormag_page_sidebar_layout":"default_layout","advanced_seo_description":"","jetpack_seo_html_title":"","jetpack_seo_noindex":false,"jetpack_post_was_ever_published":false,"footnotes":""},"categories":[19],"tags":[715,1363,1041,1569,1720,1429],"class_list":["post-15287","post","type-post","status-publish","format-standard","has-post-thumbnail","hentry","category-veranstaltungen-in-den-dfv-landesverbaenden","tag-facebook","tag-lv-nrw","tag-netzwerke","tag-social-media","tag-twitter","tag-youtube"],"jetpack_featured_media_url":"https:\/\/i0.wp.com\/www.freidenker.org\/fw17\/wp-content\/uploads\/2023\/02\/social-3064515_800x450.jpg?fit=800%2C450&ssl=1","jetpack_shortlink":"https:\/\/wp.me\/p9stpK-3Yz","jetpack-related-posts":[{"id":19843,"url":"https:\/\/www.freidenker.org\/?p=19843","url_meta":{"origin":15287,"position":0},"title":"&#8222;Russische Desinformation&#8220;, bayrische Netzanalphabeten und die Meinungsfreiheit","author":"Webredaktion","date":"14. September 2024","format":false,"excerpt":"Beitrag von Dagmar Henn Wie meistens lohnt es sich, auch das Papier des bayrischen Landesamtes f\u00fcr Verfassungsschutz \u00fcber die \"Russische Desinformationskampagne Doppelg\u00e4nger\" im Detail zu betrachten. Schon allein, weil sie in den kommenden Monaten sicher immer wieder als Beweis f\u00fcr die darin aufgef\u00fchrten Behauptungen ins Feld gef\u00fchrt werden wird. Und\u2026","rel":"","context":"In &quot;Demokratie \u2013 Medien \u2013 Aufkl\u00e4rung&quot;","block_context":{"text":"Demokratie \u2013 Medien \u2013 Aufkl\u00e4rung","link":"https:\/\/www.freidenker.org\/?cat=12"},"img":{"alt_text":"","src":"https:\/\/i0.wp.com\/www.freidenker.org\/fw17\/wp-content\/uploads\/2024\/09\/henn_desinformation_bb_800x450.jpg?fit=800%2C450&ssl=1&resize=350%2C200","width":350,"height":200,"srcset":"https:\/\/i0.wp.com\/www.freidenker.org\/fw17\/wp-content\/uploads\/2024\/09\/henn_desinformation_bb_800x450.jpg?fit=800%2C450&ssl=1&resize=350%2C200 1x, https:\/\/i0.wp.com\/www.freidenker.org\/fw17\/wp-content\/uploads\/2024\/09\/henn_desinformation_bb_800x450.jpg?fit=800%2C450&ssl=1&resize=525%2C300 1.5x, https:\/\/i0.wp.com\/www.freidenker.org\/fw17\/wp-content\/uploads\/2024\/09\/henn_desinformation_bb_800x450.jpg?fit=800%2C450&ssl=1&resize=700%2C400 2x"},"classes":[]},{"id":4448,"url":"https:\/\/www.freidenker.org\/?p=4448","url_meta":{"origin":15287,"position":1},"title":"&#8222;Handwerk unterm Hakenkreuz&#8220;","author":"Webredaktion","date":"13. Februar 2018","format":false,"excerpt":"Lesung von und mit Witold Fischer am 21.02.2018 in Quedlinburg Erhebungen zur sozialen Basis von AfD, PEGIDA und \u00e4hnlichen Organisationen, Str\u00f6mungen usw. zeigen, da\u00df deren soziale Basis \u00fcberproportional aus Handwerkern, kleinen Gewerbetreibenden, Freiberuflern, kleinen und mittleren Unternehmern besteht. Fr\u00fcher hat man diese Klasse als Kleinb\u00fcrgertum oder kleine Warenproduzenten bezeichnet. Das\u2026","rel":"","context":"In &quot;Geschichte&quot;","block_context":{"text":"Geschichte","link":"https:\/\/www.freidenker.org\/?cat=1162"},"img":{"alt_text":"DFV Sachsen-Anhalt, Quedlinburg, 21.02.2018, Lesung","src":"https:\/\/i0.wp.com\/www.freidenker.org\/fw17\/wp-content\/uploads\/2018\/02\/dfv_saah_qb_21022018.jpg?fit=800%2C445&ssl=1&resize=350%2C200","width":350,"height":200,"srcset":"https:\/\/i0.wp.com\/www.freidenker.org\/fw17\/wp-content\/uploads\/2018\/02\/dfv_saah_qb_21022018.jpg?fit=800%2C445&ssl=1&resize=350%2C200 1x, https:\/\/i0.wp.com\/www.freidenker.org\/fw17\/wp-content\/uploads\/2018\/02\/dfv_saah_qb_21022018.jpg?fit=800%2C445&ssl=1&resize=525%2C300 1.5x, https:\/\/i0.wp.com\/www.freidenker.org\/fw17\/wp-content\/uploads\/2018\/02\/dfv_saah_qb_21022018.jpg?fit=800%2C445&ssl=1&resize=700%2C400 2x"},"classes":[]},{"id":23737,"url":"https:\/\/www.freidenker.org\/?p=23737","url_meta":{"origin":15287,"position":2},"title":"Schulstreik: Den Kriegstrommlern in Deutschland geht es nicht um Freiheit und Demokratie","author":"Webredaktion","date":"7. Dezember 2025","format":false,"excerpt":"Rede von Reiner Hoffmann auf einer Demonstration gegen die Wehrpflicht am 05.12.2025 in D\u00fcsseldorf Am 5. Dezember 2025 fand ein bundesweiter Schulstreik gegen die Wehrpflicht statt, woran sich viele tausend Jugendliche beteiligten, unter anderem in Hamburg, Berlin, Potsdam, K\u00f6ln, D\u00fcsseldorf, M\u00fcnchen, Dresden und Leipzig. Hintergrund war die an diesem Tag\u2026","rel":"","context":"In &quot;Frieden - Antifaschismus - Solidarit\u00e4t&quot;","block_context":{"text":"Frieden - Antifaschismus - Solidarit\u00e4t","link":"https:\/\/www.freidenker.org\/?cat=13"},"img":{"alt_text":"","src":"https:\/\/i0.wp.com\/www.freidenker.org\/fw17\/wp-content\/uploads\/2025\/12\/Schuelerstreik-Wuppertal-IMG_5307_1600x900.jpg?fit=1200%2C674&ssl=1&resize=350%2C200","width":350,"height":200,"srcset":"https:\/\/i0.wp.com\/www.freidenker.org\/fw17\/wp-content\/uploads\/2025\/12\/Schuelerstreik-Wuppertal-IMG_5307_1600x900.jpg?fit=1200%2C674&ssl=1&resize=350%2C200 1x, https:\/\/i0.wp.com\/www.freidenker.org\/fw17\/wp-content\/uploads\/2025\/12\/Schuelerstreik-Wuppertal-IMG_5307_1600x900.jpg?fit=1200%2C674&ssl=1&resize=525%2C300 1.5x, https:\/\/i0.wp.com\/www.freidenker.org\/fw17\/wp-content\/uploads\/2025\/12\/Schuelerstreik-Wuppertal-IMG_5307_1600x900.jpg?fit=1200%2C674&ssl=1&resize=700%2C400 2x, https:\/\/i0.wp.com\/www.freidenker.org\/fw17\/wp-content\/uploads\/2025\/12\/Schuelerstreik-Wuppertal-IMG_5307_1600x900.jpg?fit=1200%2C674&ssl=1&resize=1050%2C600 3x"},"classes":[]},{"id":19887,"url":"https:\/\/www.freidenker.org\/?p=19887","url_meta":{"origin":15287,"position":3},"title":"Zensur von RT: Ende der liberalen Demokratien","author":"Webredaktion","date":"23. September 2024","format":false,"excerpt":"Beitrag von Gert Ewen Ungar\u00a0 In einer konzertierten Aktion versetzt der kollektive Westen unter F\u00fchrung der USA der Presse- und Meinungsfreiheit einen weiteren Schlag. Im Zentrum der Attacke steht erneut\u00a0RT. Nachdem die USA neue Sanktionen gegen den russischen Sender verh\u00e4ngt haben, hat nun auch der eng mit der US-Administration verflochtene\u2026","rel":"","context":"In &quot;Demokratie \u2013 Medien \u2013 Aufkl\u00e4rung&quot;","block_context":{"text":"Demokratie \u2013 Medien \u2013 Aufkl\u00e4rung","link":"https:\/\/www.freidenker.org\/?cat=12"},"img":{"alt_text":"","src":"https:\/\/i0.wp.com\/www.freidenker.org\/fw17\/wp-content\/uploads\/2024\/09\/Secretary_Blinken_Delivers_Remarks_in_the_Press_Briefing_Room_53992799309_800x450.jpg?fit=800%2C450&ssl=1&resize=350%2C200","width":350,"height":200,"srcset":"https:\/\/i0.wp.com\/www.freidenker.org\/fw17\/wp-content\/uploads\/2024\/09\/Secretary_Blinken_Delivers_Remarks_in_the_Press_Briefing_Room_53992799309_800x450.jpg?fit=800%2C450&ssl=1&resize=350%2C200 1x, https:\/\/i0.wp.com\/www.freidenker.org\/fw17\/wp-content\/uploads\/2024\/09\/Secretary_Blinken_Delivers_Remarks_in_the_Press_Briefing_Room_53992799309_800x450.jpg?fit=800%2C450&ssl=1&resize=525%2C300 1.5x, https:\/\/i0.wp.com\/www.freidenker.org\/fw17\/wp-content\/uploads\/2024\/09\/Secretary_Blinken_Delivers_Remarks_in_the_Press_Briefing_Room_53992799309_800x450.jpg?fit=800%2C450&ssl=1&resize=700%2C400 2x"},"classes":[]},{"id":21674,"url":"https:\/\/www.freidenker.org\/?p=21674","url_meta":{"origin":15287,"position":4},"title":"D\u00fcsseldorf: Einladung zur Mahn- und Gedenkveranstaltung am 10.05.2025","author":"Webredaktion","date":"5. Mai 2025","format":false,"excerpt":"Einladung Der Vorstand des Landesverbandes NRW des Deutschen Freidenker-Verbandes l\u00e4dt herzlich zu einer Mahn- und Gedenkveranstaltung zum 80. Jahrestag der Befreiung nach D\u00fcsseldorf ein. Es wird ein antifaschistischer Rundgang unter der Leitung von Bruno Reble (Mitglied des DFV) mit anschlie\u00dfender Kranzniederlegung an der Mahn- und Gedenkst\u00e4tte stattfinden. Dazu wird ein\u2026","rel":"","context":"In &quot;Frieden - Antifaschismus - Solidarit\u00e4t&quot;","block_context":{"text":"Frieden - Antifaschismus - Solidarit\u00e4t","link":"https:\/\/www.freidenker.org\/?cat=13"},"img":{"alt_text":"","src":"https:\/\/i0.wp.com\/www.freidenker.org\/fw17\/wp-content\/uploads\/2025\/05\/Mahn-_und_Gedenkstaette_der_Stadt_Duesseldorf_2016_Ausschnitt_800x450.jpg?fit=800%2C450&ssl=1&resize=350%2C200","width":350,"height":200,"srcset":"https:\/\/i0.wp.com\/www.freidenker.org\/fw17\/wp-content\/uploads\/2025\/05\/Mahn-_und_Gedenkstaette_der_Stadt_Duesseldorf_2016_Ausschnitt_800x450.jpg?fit=800%2C450&ssl=1&resize=350%2C200 1x, https:\/\/i0.wp.com\/www.freidenker.org\/fw17\/wp-content\/uploads\/2025\/05\/Mahn-_und_Gedenkstaette_der_Stadt_Duesseldorf_2016_Ausschnitt_800x450.jpg?fit=800%2C450&ssl=1&resize=525%2C300 1.5x, https:\/\/i0.wp.com\/www.freidenker.org\/fw17\/wp-content\/uploads\/2025\/05\/Mahn-_und_Gedenkstaette_der_Stadt_Duesseldorf_2016_Ausschnitt_800x450.jpg?fit=800%2C450&ssl=1&resize=700%2C400 2x"},"classes":[]},{"id":19780,"url":"https:\/\/www.freidenker.org\/?p=19780","url_meta":{"origin":15287,"position":5},"title":"Pawel Durow und Telegram: Der Westen l\u00e4sst die Masken fallen","author":"Webredaktion","date":"31. August 2024","format":false,"excerpt":"Beitrag von Gert Ewen Ungar Wir schreiben das Jahr 2018. Russland und Telegram liegen im Streit. Russland fordert vom Messengerdienst die Herausgabe der Schl\u00fcssel-Codes, denn die Sicherheitsbeh\u00f6rden m\u00f6chten gerne mitlesen. Nicht generell, aber ab und zu schon, versichern sie. In Syrien zum Beispiel, denn der IS kommuniziert dort \u00fcber Pawel\u2026","rel":"","context":"In &quot;Demokratie \u2013 Medien \u2013 Aufkl\u00e4rung&quot;","block_context":{"text":"Demokratie \u2013 Medien \u2013 Aufkl\u00e4rung","link":"https:\/\/www.freidenker.org\/?cat=12"},"img":{"alt_text":"","src":"https:\/\/i0.wp.com\/www.freidenker.org\/fw17\/wp-content\/uploads\/2024\/08\/telegram_smartphone-6977551_800x450.jpg?fit=800%2C450&ssl=1&resize=350%2C200","width":350,"height":200,"srcset":"https:\/\/i0.wp.com\/www.freidenker.org\/fw17\/wp-content\/uploads\/2024\/08\/telegram_smartphone-6977551_800x450.jpg?fit=800%2C450&ssl=1&resize=350%2C200 1x, https:\/\/i0.wp.com\/www.freidenker.org\/fw17\/wp-content\/uploads\/2024\/08\/telegram_smartphone-6977551_800x450.jpg?fit=800%2C450&ssl=1&resize=525%2C300 1.5x, https:\/\/i0.wp.com\/www.freidenker.org\/fw17\/wp-content\/uploads\/2024\/08\/telegram_smartphone-6977551_800x450.jpg?fit=800%2C450&ssl=1&resize=700%2C400 2x"},"classes":[]}],"_links":{"self":[{"href":"https:\/\/www.freidenker.org\/index.php?rest_route=\/wp\/v2\/posts\/15287","targetHints":{"allow":["GET"]}}],"collection":[{"href":"https:\/\/www.freidenker.org\/index.php?rest_route=\/wp\/v2\/posts"}],"about":[{"href":"https:\/\/www.freidenker.org\/index.php?rest_route=\/wp\/v2\/types\/post"}],"author":[{"embeddable":true,"href":"https:\/\/www.freidenker.org\/index.php?rest_route=\/wp\/v2\/users\/3"}],"replies":[{"embeddable":true,"href":"https:\/\/www.freidenker.org\/index.php?rest_route=%2Fwp%2Fv2%2Fcomments&post=15287"}],"version-history":[{"count":0,"href":"https:\/\/www.freidenker.org\/index.php?rest_route=\/wp\/v2\/posts\/15287\/revisions"}],"wp:featuredmedia":[{"embeddable":true,"href":"https:\/\/www.freidenker.org\/index.php?rest_route=\/wp\/v2\/media\/15290"}],"wp:attachment":[{"href":"https:\/\/www.freidenker.org\/index.php?rest_route=%2Fwp%2Fv2%2Fmedia&parent=15287"}],"wp:term":[{"taxonomy":"category","embeddable":true,"href":"https:\/\/www.freidenker.org\/index.php?rest_route=%2Fwp%2Fv2%2Fcategories&post=15287"},{"taxonomy":"post_tag","embeddable":true,"href":"https:\/\/www.freidenker.org\/index.php?rest_route=%2Fwp%2Fv2%2Ftags&post=15287"}],"curies":[{"name":"wp","href":"https:\/\/api.w.org\/{rel}","templated":true}]}}