{"id":15281,"date":"2023-02-19T23:39:52","date_gmt":"2023-02-19T22:39:52","guid":{"rendered":"https:\/\/www.freidenker.org\/?p=15281"},"modified":"2023-03-11T18:36:46","modified_gmt":"2023-03-11T17:36:46","slug":"themenabend-der-schatten-im-schatten","status":"publish","type":"post","link":"https:\/\/www.freidenker.org\/?p=15281","title":{"rendered":"Themenabend: Der Schatten im Schatten"},"content":{"rendered":"<h4>Diese geplante Veranstaltung muss leider ausfallen!<\/h4>\n<h5><del><strong>Lesung mit\u00a0Beatrice Altmann-Schevitz<\/strong><\/del><\/h5>\n<h5><del>aus ihrem Buch<\/del><\/h5>\n<h5><del><strong><em>Der Schatten im Schatten<\/em> &#8211;\u00a0<em>Mein Leben als US-Amerikanerin u<\/em><em>nd MfS-Spionin im Kalten Krieg <\/em><\/strong><\/del><\/h5>\n<p><del><span style=\"font-size: 14pt;\"><strong>Freitag, 12. Mai 2023 um 19.30 Uhr<\/strong><\/span><\/del><br \/>\n<del><span style=\"font-size: 14pt;\"><strong>in der Villa Leon, Kleiner Saal 1. OG<\/strong><\/span><\/del><br \/>\n<del><span style=\"font-size: 14pt;\">Philipp-Koerber-Weg 1, 90439 N\u00fcrnberg<\/span><\/del><br \/>\n<del><span style=\"font-size: 14pt;\">(U2, Rothenburger Str.)<\/span><\/del><\/p>\n<p><del><a href=\"https:\/\/i0.wp.com\/www.freidenker.org\/fw17\/wp-content\/uploads\/2023\/02\/altman-schevitz-b-schatten-im-schatten.jpg?ssl=1\"><img data-recalc-dims=\"1\" loading=\"lazy\" decoding=\"async\" data-attachment-id=\"15284\" data-permalink=\"https:\/\/www.freidenker.org\/?attachment_id=15284\" data-orig-file=\"https:\/\/i0.wp.com\/www.freidenker.org\/fw17\/wp-content\/uploads\/2023\/02\/altman-schevitz-b-schatten-im-schatten.jpg?fit=358%2C600&amp;ssl=1\" data-orig-size=\"358,600\" data-comments-opened=\"0\" data-image-meta=\"{&quot;aperture&quot;:&quot;0&quot;,&quot;credit&quot;:&quot;&quot;,&quot;camera&quot;:&quot;&quot;,&quot;caption&quot;:&quot;&quot;,&quot;created_timestamp&quot;:&quot;0&quot;,&quot;copyright&quot;:&quot;&quot;,&quot;focal_length&quot;:&quot;0&quot;,&quot;iso&quot;:&quot;0&quot;,&quot;shutter_speed&quot;:&quot;0&quot;,&quot;title&quot;:&quot;&quot;,&quot;orientation&quot;:&quot;1&quot;}\" data-image-title=\"altman-schevitz-b-schatten-im-schatten\" data-image-description=\"\" data-image-caption=\"\" data-large-file=\"https:\/\/i0.wp.com\/www.freidenker.org\/fw17\/wp-content\/uploads\/2023\/02\/altman-schevitz-b-schatten-im-schatten.jpg?fit=358%2C600&amp;ssl=1\" class=\"alignleft wp-image-15284 size-medium\" src=\"https:\/\/i0.wp.com\/www.freidenker.org\/fw17\/wp-content\/uploads\/2023\/02\/altman-schevitz-b-schatten-im-schatten.jpg?resize=179%2C300&#038;ssl=1\" alt=\"\" width=\"179\" height=\"300\" srcset=\"https:\/\/i0.wp.com\/www.freidenker.org\/fw17\/wp-content\/uploads\/2023\/02\/altman-schevitz-b-schatten-im-schatten.jpg?resize=179%2C300&amp;ssl=1 179w, https:\/\/i0.wp.com\/www.freidenker.org\/fw17\/wp-content\/uploads\/2023\/02\/altman-schevitz-b-schatten-im-schatten.jpg?w=358&amp;ssl=1 358w\" sizes=\"auto, (max-width: 179px) 100vw, 179px\" \/><\/a><\/del><\/p>\n<p><del>\u00bbEin junges amerikanisches Ehepaar mit Baby spioniert in der BRD f\u00fcr die CIA\u00ab \u2013 so lautet die Legende, die Bea und ihr Mann Jeffrey nutzen, um ihre Aktivit\u00e4ten f\u00fcr die Hauptverwaltung Aufkl\u00e4rung (HV A) des Ministeriums f\u00fcr Staatssicherheit (MfS) zu <em>decken. <\/em>Auch nach ihrer Enttarnung, 1994, nachdem die \u00bbRosenholz\u00ab-Akte ge\u00f6ffnet worden war, halten sie die Legende aufrecht \u2013 bis heute. Mit ihrer Autobiografie erz\u00e4hlt Beatrice Altman-Schevitz erstmals, wie es wirklich war.<\/del><\/p>\n<p><del>Bea, eine junge Frau, aufgewachsen in einer konservativen j\u00fcdischen Familie in Buffalo, New York, verliebt sich in ihren Soziologieprofessor Jeffrey, einen Anh\u00e4nger der Neuen Linken in Amerika, und geht mit ihm nach Deutschland. Im Westberlin der 1970er Jahre w\u00e4chst der Wunsch des Paares, in die DDR \u00fcberzusiedeln. Doch es kommt anders: Ein Vertreter der HV A tritt an sie heran und lockt sie mit einem Angebot: Wenn sie in der BRD blieben, k\u00f6nnten sie sich effektiv f\u00fcr den sozialistischen Staat DDR einsetzen \u2026 Beatrice Altman-Schevitz\u2019 faszinierender Lebensreport ist der einer \u00bbKundschafterin des Ostens\u00ab. Unverf\u00e4lscht beschreibt sie ihre Entwicklung vom wohlbeh\u00fcteten amerikanischen M\u00e4dchen zur politisch bewussten Pers\u00f6nlichkeit, die ihr Leben unabh\u00e4ngig und stark in den \u00bbSchatten\u00ab ihres Mannes und der Spionagearbeit stellt \u2013 geleitet von dem Ziel, einen Hei\u00dfen Krieg zwischen Ost und West zu verhindern. Der Schatten im Schatten ist ein einzigartiges Zeitdokument zur \u00c4ra des Kalten Krieges und er\u00f6ffnet einen ungew\u00f6hnlichen Blick auf die Brisanz der damaligen Ereignisse.<\/del><\/p>\n<hr \/>\n<p><del><strong>Download<\/strong><\/del><\/p>\n<p><del><img data-recalc-dims=\"1\" loading=\"lazy\" decoding=\"async\" data-attachment-id=\"1076\" data-permalink=\"https:\/\/www.freidenker.org\/?attachment_id=1076\" data-orig-file=\"https:\/\/i0.wp.com\/www.freidenker.org\/fw17\/wp-content\/uploads\/2017\/10\/pdf_icon-2.png?fit=32%2C32&amp;ssl=1\" data-orig-size=\"32,32\" data-comments-opened=\"0\" data-image-meta=\"{&quot;aperture&quot;:&quot;0&quot;,&quot;credit&quot;:&quot;&quot;,&quot;camera&quot;:&quot;&quot;,&quot;caption&quot;:&quot;&quot;,&quot;created_timestamp&quot;:&quot;0&quot;,&quot;copyright&quot;:&quot;&quot;,&quot;focal_length&quot;:&quot;0&quot;,&quot;iso&quot;:&quot;0&quot;,&quot;shutter_speed&quot;:&quot;0&quot;,&quot;title&quot;:&quot;&quot;,&quot;orientation&quot;:&quot;0&quot;}\" data-image-title=\"pdf_icon\" data-image-description=\"\" data-image-caption=\"\" data-large-file=\"https:\/\/i0.wp.com\/www.freidenker.org\/fw17\/wp-content\/uploads\/2017\/10\/pdf_icon-2.png?fit=32%2C32&amp;ssl=1\" class=\"alignnone size-full wp-image-1076\" src=\"https:\/\/i0.wp.com\/www.freidenker.org\/fw17\/wp-content\/uploads\/2017\/10\/pdf_icon-2.png?resize=32%2C32&#038;ssl=1\" alt=\"\" width=\"32\" height=\"32\" \/> Den <a href=\"https:\/\/www.freidenker.org\/fw17\/wp-content\/uploads\/2023\/02\/einladung-05-bea-altmann-schevitz.pdf\" target=\"_blank\" rel=\"noopener\">Flyer zur Veranstaltung<\/a> ansehen oder herunterladen (PDF-Dokument, ca. 147 KB)<\/del><\/p>\n<hr \/>\n<p><span style=\"font-size: 10pt;\">Bild oben: Ausschnitt aus dem Buchcover, \u00a9 <span class=\"a-list-item\">edition berolina 2022<\/span><\/span><\/p>\n<p>&nbsp;<\/p>\n","protected":false},"excerpt":{"rendered":"<p><b>Diese geplante Veranstaltung muss leider ausfallen!<\/b><\/p>\n","protected":false},"author":3,"featured_media":15283,"comment_status":"closed","ping_status":"closed","sticky":false,"template":"","format":"standard","meta":{"colormag_page_container_layout":"default_layout","colormag_page_sidebar_layout":"default_layout","advanced_seo_description":"","jetpack_seo_html_title":"","jetpack_seo_noindex":false,"jetpack_post_was_ever_published":false,"footnotes":""},"categories":[19],"tags":[1358,454,759,1165,1390,1451,1490],"class_list":["post-15281","post","type-post","status-publish","format-standard","has-post-thumbnail","hentry","category-veranstaltungen-in-den-dfv-landesverbaenden","tag-cia","tag-ddr","tag-geheimdienste","tag-kalter-krieg","tag-literatur","tag-lv-bayern","tag-ministerium-fuer-staatssicherheit"],"jetpack_featured_media_url":"https:\/\/i0.wp.com\/www.freidenker.org\/fw17\/wp-content\/uploads\/2023\/02\/altman-schevitz-b-schatten-im-schatten-325937251_800x450.jpg?fit=800%2C450&ssl=1","jetpack_shortlink":"https:\/\/wp.me\/p9stpK-3Yt","jetpack-related-posts":[{"id":18383,"url":"https:\/\/www.freidenker.org\/?p=18383","url_meta":{"origin":15281,"position":0},"title":"F\u00e4llt aus: Themenabend Internationaler Frauentag &#8211; Die Waffen nieder!","author":"Webredaktion","date":"27. Februar 2024","format":false,"excerpt":"Deutscher Freidenker-Verband e.V. - Ortsverband Franken\/N\u00fcrnberg Themenabend mit Karin Leukefeld, (Journalistin, Nahost-Expertin): - Die Waffen nieder! - Die Lage der Frauen im Gaza - Akteure und Interessen im Nahost-Konflikt Freitag, 08. M\u00e4rz 2024 um 19.30 Uhr, \"Dialog der Kulturen\", N\u00fcrnberg","rel":"","context":"In &quot;Veranstaltungen in den DFV-Landesverb\u00e4nden&quot;","block_context":{"text":"Veranstaltungen in den DFV-Landesverb\u00e4nden","link":"https:\/\/www.freidenker.org\/?cat=19"},"img":{"alt_text":"","src":"https:\/\/i0.wp.com\/www.freidenker.org\/fw17\/wp-content\/uploads\/2024\/02\/Leukefeld_Frauen-im-Gaza_Ausfall_800x450.jpg?fit=800%2C445&ssl=1&resize=350%2C200","width":350,"height":200,"srcset":"https:\/\/i0.wp.com\/www.freidenker.org\/fw17\/wp-content\/uploads\/2024\/02\/Leukefeld_Frauen-im-Gaza_Ausfall_800x450.jpg?fit=800%2C445&ssl=1&resize=350%2C200 1x, https:\/\/i0.wp.com\/www.freidenker.org\/fw17\/wp-content\/uploads\/2024\/02\/Leukefeld_Frauen-im-Gaza_Ausfall_800x450.jpg?fit=800%2C445&ssl=1&resize=525%2C300 1.5x, https:\/\/i0.wp.com\/www.freidenker.org\/fw17\/wp-content\/uploads\/2024\/02\/Leukefeld_Frauen-im-Gaza_Ausfall_800x450.jpg?fit=800%2C445&ssl=1&resize=700%2C400 2x"},"classes":[]},{"id":16947,"url":"https:\/\/www.freidenker.org\/?p=16947","url_meta":{"origin":15281,"position":1},"title":"Themenabend: Der Schatten im Schatten","author":"Webredaktion","date":"14. September 2023","format":false,"excerpt":"Lesung mit\u00a0Beatrice Altmann-Schevitz aus ihrem Buch Der Schatten im Schatten -\u00a0Mein Leben als US-Amerikanerin und MfS-Spionin im Kalten Krieg 15. September 2023 um 19.30 Uhr \/ Villa Leon, N\u00fcrnberg \u00bbEin junges amerikanisches Ehepaar mit Baby spioniert in der BRD f\u00fcr die CIA\u00ab \u2013 so lautet die Legende, die Bea und\u2026","rel":"","context":"In &quot;Veranstaltungen in den DFV-Landesverb\u00e4nden&quot;","block_context":{"text":"Veranstaltungen in den DFV-Landesverb\u00e4nden","link":"https:\/\/www.freidenker.org\/?cat=19"},"img":{"alt_text":"","src":"https:\/\/i0.wp.com\/www.freidenker.org\/fw17\/wp-content\/uploads\/2023\/02\/altman-schevitz-b-schatten-im-schatten-325937251_800x450.jpg?fit=800%2C450&ssl=1&resize=350%2C200","width":350,"height":200,"srcset":"https:\/\/i0.wp.com\/www.freidenker.org\/fw17\/wp-content\/uploads\/2023\/02\/altman-schevitz-b-schatten-im-schatten-325937251_800x450.jpg?fit=800%2C450&ssl=1&resize=350%2C200 1x, https:\/\/i0.wp.com\/www.freidenker.org\/fw17\/wp-content\/uploads\/2023\/02\/altman-schevitz-b-schatten-im-schatten-325937251_800x450.jpg?fit=800%2C450&ssl=1&resize=525%2C300 1.5x, https:\/\/i0.wp.com\/www.freidenker.org\/fw17\/wp-content\/uploads\/2023\/02\/altman-schevitz-b-schatten-im-schatten-325937251_800x450.jpg?fit=800%2C450&ssl=1&resize=700%2C400 2x"},"classes":[]},{"id":4282,"url":"https:\/\/www.freidenker.org\/?p=4282","url_meta":{"origin":15281,"position":2},"title":"Der Linke Liedersommer als Stellvertreterkriegsschauplatz","author":"Webredaktion","date":"26. Juni 2013","format":false,"excerpt":"Zu den Versuchen, den Auftritt der Band DIE BANDBREITE beim Liedersommer 2013 zu verhindern Der Linke Liedersommer 2013 auf Burg Waldeck im Hunsr\u00fcck war wie erwartet und erhofft ein H\u00f6hepunkt der Kulturarbeit des Deutschen Freidenker-Verbandes. Die Zahl von gut 130 Teilnehmerinnen und Teilnehmer war ein sch\u00f6ner Erfolg, und diese lobten\u2026","rel":"","context":"In &quot;Demokratie \u2013 Medien \u2013 Aufkl\u00e4rung&quot;","block_context":{"text":"Demokratie \u2013 Medien \u2013 Aufkl\u00e4rung","link":"https:\/\/www.freidenker.org\/?cat=12"},"img":{"alt_text":"","src":"https:\/\/i0.wp.com\/www.freidenker.org\/fw17\/wp-content\/uploads\/2018\/01\/10-2013-06-21-23-af-0869_800x445.jpg?fit=800%2C445&ssl=1&resize=350%2C200","width":350,"height":200,"srcset":"https:\/\/i0.wp.com\/www.freidenker.org\/fw17\/wp-content\/uploads\/2018\/01\/10-2013-06-21-23-af-0869_800x445.jpg?fit=800%2C445&ssl=1&resize=350%2C200 1x, https:\/\/i0.wp.com\/www.freidenker.org\/fw17\/wp-content\/uploads\/2018\/01\/10-2013-06-21-23-af-0869_800x445.jpg?fit=800%2C445&ssl=1&resize=525%2C300 1.5x, https:\/\/i0.wp.com\/www.freidenker.org\/fw17\/wp-content\/uploads\/2018\/01\/10-2013-06-21-23-af-0869_800x445.jpg?fit=800%2C445&ssl=1&resize=700%2C400 2x"},"classes":[]},{"id":6138,"url":"https:\/\/www.freidenker.org\/?p=6138","url_meta":{"origin":15281,"position":3},"title":"Diskussion: \u201eWar die DDR-Wirtschaft pleite, marode und unproduktiv?\u201c","author":"Webredaktion","date":"2. April 2019","format":false,"excerpt":"Einladung zur Diskussion \u201eWar die DDR-Wirtschaft pleite, marode und unproduktiv?\u201c - Einleitungsreferat: Dr. Klaus Blessing Berlin, Buchautor und Publizist, fr\u00fcher Abteilungsleiter beim ZK der SED und stellv. Minister Der 70. Jahrestag der Gr\u00fcndung der DDR am 7. Oktober 1949 wirft seine \u201eSchatten\u201c voraus: Politikerreden und Medienbeitr\u00e4ge ohne Zahl werden sich\u2026","rel":"","context":"In &quot;Geschichte&quot;","block_context":{"text":"Geschichte","link":"https:\/\/www.freidenker.org\/?cat=1162"},"img":{"alt_text":"","src":"https:\/\/i0.wp.com\/www.freidenker.org\/fw17\/wp-content\/uploads\/2019\/04\/factory-3299455_800x445.jpg?fit=800%2C445&ssl=1&resize=350%2C200","width":350,"height":200,"srcset":"https:\/\/i0.wp.com\/www.freidenker.org\/fw17\/wp-content\/uploads\/2019\/04\/factory-3299455_800x445.jpg?fit=800%2C445&ssl=1&resize=350%2C200 1x, https:\/\/i0.wp.com\/www.freidenker.org\/fw17\/wp-content\/uploads\/2019\/04\/factory-3299455_800x445.jpg?fit=800%2C445&ssl=1&resize=525%2C300 1.5x, https:\/\/i0.wp.com\/www.freidenker.org\/fw17\/wp-content\/uploads\/2019\/04\/factory-3299455_800x445.jpg?fit=800%2C445&ssl=1&resize=700%2C400 2x"},"classes":[]},{"id":15812,"url":"https:\/\/www.freidenker.org\/?p=15812","url_meta":{"origin":15281,"position":4},"title":"Elbe Tag \u2013 Torgau 1945-2023","author":"Webredaktion","date":"20. April 2023","format":false,"excerpt":"78. Jahrestag der Begegnung - 82. Jahrestag des \u00dcberfalls Nazideutschlands auf die Sowjetunion Friedensdemonstration & Kundgebung am 22. April 2023, 12:00 Uhr am Br\u00fcckenkopf Torgau (Ostufer) Aus dem Aufruf: \u201eDer Schwur von Torgau muss lebendiges Zeugnis unseres Strebens nach einer Welt ohne Krieg bleiben!\u201c. Der Schwur der Soldaten der Roten\u2026","rel":"","context":"In &quot;Frieden - Antifaschismus - Solidarit\u00e4t&quot;","block_context":{"text":"Frieden - Antifaschismus - Solidarit\u00e4t","link":"https:\/\/www.freidenker.org\/?cat=13"},"img":{"alt_text":"","src":"https:\/\/i0.wp.com\/www.freidenker.org\/fw17\/wp-content\/uploads\/2023\/04\/Torgau_2023_800x450.jpg?fit=800%2C450&ssl=1&resize=350%2C200","width":350,"height":200,"srcset":"https:\/\/i0.wp.com\/www.freidenker.org\/fw17\/wp-content\/uploads\/2023\/04\/Torgau_2023_800x450.jpg?fit=800%2C450&ssl=1&resize=350%2C200 1x, https:\/\/i0.wp.com\/www.freidenker.org\/fw17\/wp-content\/uploads\/2023\/04\/Torgau_2023_800x450.jpg?fit=800%2C450&ssl=1&resize=525%2C300 1.5x, https:\/\/i0.wp.com\/www.freidenker.org\/fw17\/wp-content\/uploads\/2023\/04\/Torgau_2023_800x450.jpg?fit=800%2C450&ssl=1&resize=700%2C400 2x"},"classes":[]},{"id":10244,"url":"https:\/\/www.freidenker.org\/?p=10244","url_meta":{"origin":15281,"position":5},"title":"Tag der Befreiung 2021","author":"Webredaktion","date":"13. Mai 2021","format":false,"excerpt":"Vor 76 Jahren ging mit der deutschen Kapitulation der Zweite Weltkrieg zu Ende. Auch in diesem Jahr wurde am 8. und 9. Mai mit Kranzniederlegungen, Gedenkkundgebungen und Demonstrationen bundesweit der Befreier gedacht, insbesondere der Roten Armee der Sowjetunion, die die Hauptlast des Krieges getragen und 27 Millionen Opfer zu beklagen\u2026","rel":"","context":"In &quot;Frieden - Antifaschismus - Solidarit\u00e4t&quot;","block_context":{"text":"Frieden - Antifaschismus - Solidarit\u00e4t","link":"https:\/\/www.freidenker.org\/?cat=13"},"img":{"alt_text":"","src":"https:\/\/i0.wp.com\/www.freidenker.org\/fw17\/wp-content\/uploads\/2021\/05\/TagDerBefreiung-2021_v2_800x450.jpg?fit=800%2C450&ssl=1&resize=350%2C200","width":350,"height":200,"srcset":"https:\/\/i0.wp.com\/www.freidenker.org\/fw17\/wp-content\/uploads\/2021\/05\/TagDerBefreiung-2021_v2_800x450.jpg?fit=800%2C450&ssl=1&resize=350%2C200 1x, https:\/\/i0.wp.com\/www.freidenker.org\/fw17\/wp-content\/uploads\/2021\/05\/TagDerBefreiung-2021_v2_800x450.jpg?fit=800%2C450&ssl=1&resize=525%2C300 1.5x, https:\/\/i0.wp.com\/www.freidenker.org\/fw17\/wp-content\/uploads\/2021\/05\/TagDerBefreiung-2021_v2_800x450.jpg?fit=800%2C450&ssl=1&resize=700%2C400 2x"},"classes":[]}],"_links":{"self":[{"href":"https:\/\/www.freidenker.org\/index.php?rest_route=\/wp\/v2\/posts\/15281","targetHints":{"allow":["GET"]}}],"collection":[{"href":"https:\/\/www.freidenker.org\/index.php?rest_route=\/wp\/v2\/posts"}],"about":[{"href":"https:\/\/www.freidenker.org\/index.php?rest_route=\/wp\/v2\/types\/post"}],"author":[{"embeddable":true,"href":"https:\/\/www.freidenker.org\/index.php?rest_route=\/wp\/v2\/users\/3"}],"replies":[{"embeddable":true,"href":"https:\/\/www.freidenker.org\/index.php?rest_route=%2Fwp%2Fv2%2Fcomments&post=15281"}],"version-history":[{"count":0,"href":"https:\/\/www.freidenker.org\/index.php?rest_route=\/wp\/v2\/posts\/15281\/revisions"}],"wp:featuredmedia":[{"embeddable":true,"href":"https:\/\/www.freidenker.org\/index.php?rest_route=\/wp\/v2\/media\/15283"}],"wp:attachment":[{"href":"https:\/\/www.freidenker.org\/index.php?rest_route=%2Fwp%2Fv2%2Fmedia&parent=15281"}],"wp:term":[{"taxonomy":"category","embeddable":true,"href":"https:\/\/www.freidenker.org\/index.php?rest_route=%2Fwp%2Fv2%2Fcategories&post=15281"},{"taxonomy":"post_tag","embeddable":true,"href":"https:\/\/www.freidenker.org\/index.php?rest_route=%2Fwp%2Fv2%2Ftags&post=15281"}],"curies":[{"name":"wp","href":"https:\/\/api.w.org\/{rel}","templated":true}]}}