{"id":15276,"date":"2023-02-18T20:23:19","date_gmt":"2023-02-18T19:23:19","guid":{"rendered":"https:\/\/www.freidenker.org\/?p=15276"},"modified":"2023-03-11T18:36:11","modified_gmt":"2023-03-11T17:36:11","slug":"internationaler-frauentag-2023-matinee-in-der-villa-leon","status":"publish","type":"post","link":"https:\/\/www.freidenker.org\/?p=15276","title":{"rendered":"Internationaler Frauentag 2023 &#8211; Matin\u00e9e in der Villa Leon"},"content":{"rendered":"<h5><strong>Vortrag mit Lesung von\u00a0<\/strong><strong><em>Nadja Bennewitz M.A.<\/em>, <\/strong>Historikerin<\/h5>\n<p><strong><span style=\"font-size: 14pt;\">Sonntag, 19. M\u00e4rz 2023 um 11:00 Uhr<\/span><\/strong><br \/>\n<strong><span style=\"font-size: 14pt;\">in der Villa Leon, Gro\u00dfer Saal<\/span><\/strong><br \/>\n<span style=\"font-size: 14pt;\">Philipp-Koerber-Weg 1, 90439 N\u00fcrnberg<\/span><br \/>\n(U2, Rothenburger Str.)<\/p>\n<p style=\"text-align: right;\"><strong><em>\u201eSie haben meine Seele verbrannt\u201c (Hertha Nathorff) <\/em><\/strong><\/p>\n<h4><\/h4>\n<h4><strong>Verfolgte Schriftstellerinnen und die B\u00fccherverbrennung 1933 <\/strong><\/h4>\n<p>Schriftstellerinnen, Lyrikerinnen, Essayistinnen \u2013 in dem frauenfeindlichen Weltbild der Nationalsozialisten kamen solche Frauen nicht vor. Gleichwohl wurden viele ihrer B\u00fccher verbrannt, vor allem die ihrer Gegnerinnen, so die politischen Schriften der Sozialdemokratin Juchacz oder der Kommunistin Luxemburg. Die belletristischen Werke vieler Autorinnen, die vom Typus der \u201eNeuen Frau\u201c schrieben und auf dem Buchmarkt der 1920\/30er Jahre Erfolge feierten, wurden von den Nazis abf\u00e4llig als \u201eAsphaltliteratur\u201c diffamiert und fielen unter das \u201eBuchverbot\u201c, davon betroffen u.a. Irmgard Keun. Viele Schriftstellerinnen wagten gezwungenerma\u00dfen den Schritt ins Exil, wie Anna Seghers, Erika Mann oder Else Lasker-Sch\u00fcler, andere wurden ermordet, wie die Dichterin Gertrud Kolmar 1943 in Auschwitz.<\/p>\n<p>\u201eBrot ist ja wie Sprache: einmalig\u201c (Anna Seghers): Die Werke dieser schreibenden Frauen besitzen noch heute eine faszinierende sprachliche Ausdruckskraft sowie einen hohen Aussagewert f\u00fcr die Geschichte von Frauen zwischen Widerstand und Verfolgung.<\/p>\n<p><strong>Anschlie\u00dfend<\/strong><\/p>\n<h4><strong>Rote Nelken <\/strong>(Quartett)<\/h4>\n<h5>mit Liedern von B. Brecht , K. Weill, H. Eisler, G. Kreisler<\/h5>\n<p><strong>Sabine Olschewsky: Gesang<br \/>\n<\/strong><strong>Paul \u00d6ller: Schlagzeug<br \/>\n<\/strong><strong>Hermann Le\u00e9b: Gitarre<br \/>\n<\/strong><strong>Andreas \u201eAli\u201c Lindinger: Kontrabass<\/strong><\/p>\n<hr \/>\n<p><strong>Download<\/strong><\/p>\n<p><img data-recalc-dims=\"1\" loading=\"lazy\" decoding=\"async\" data-attachment-id=\"1076\" data-permalink=\"https:\/\/www.freidenker.org\/?attachment_id=1076\" data-orig-file=\"https:\/\/i0.wp.com\/www.freidenker.org\/fw17\/wp-content\/uploads\/2017\/10\/pdf_icon-2.png?fit=32%2C32&amp;ssl=1\" data-orig-size=\"32,32\" data-comments-opened=\"0\" data-image-meta=\"{&quot;aperture&quot;:&quot;0&quot;,&quot;credit&quot;:&quot;&quot;,&quot;camera&quot;:&quot;&quot;,&quot;caption&quot;:&quot;&quot;,&quot;created_timestamp&quot;:&quot;0&quot;,&quot;copyright&quot;:&quot;&quot;,&quot;focal_length&quot;:&quot;0&quot;,&quot;iso&quot;:&quot;0&quot;,&quot;shutter_speed&quot;:&quot;0&quot;,&quot;title&quot;:&quot;&quot;,&quot;orientation&quot;:&quot;0&quot;}\" data-image-title=\"pdf_icon\" data-image-description=\"\" data-image-caption=\"\" data-large-file=\"https:\/\/i0.wp.com\/www.freidenker.org\/fw17\/wp-content\/uploads\/2017\/10\/pdf_icon-2.png?fit=32%2C32&amp;ssl=1\" class=\"alignnone size-full wp-image-1076\" src=\"https:\/\/i0.wp.com\/www.freidenker.org\/fw17\/wp-content\/uploads\/2017\/10\/pdf_icon-2.png?resize=32%2C32&#038;ssl=1\" alt=\"\" width=\"32\" height=\"32\" \/> Den <a href=\"https:\/\/www.freidenker.org\/fw17\/wp-content\/uploads\/2023\/02\/Einladung-FRAUENTAG2023.pdf\" target=\"_blank\" rel=\"noopener\">Flyer zur Veranstaltung<\/a> ansehen oder herunterladen (PDF-Dokument, ca. 414 KB)<\/p>\n<hr \/>\n<p><span style=\"font-size: 10pt;\">Fotomontage: v.l.n.r.: Else Lasker Sch\u00fcler, Marie Juchacz, Anna Seghers<\/span><br \/>\n<span style=\"font-size: 10pt;\">unter Verwendung von:<\/span><\/p>\n<p><span style=\"font-size: 10pt;\">Lasker Sch\u00fcler: Gemeinfrei<\/span><br \/>\n<span style=\"font-size: 10pt;\">Quelle: <a href=\"https:\/\/commons.wikimedia.org\/w\/index.php?curid=2761411\" target=\"_blank\" rel=\"noopener\">https:\/\/commons.wikimedia.org\/w\/index.php?curid=2761411<\/a><\/span><\/p>\n<p><span style=\"font-size: 10pt;\">Marie Juchacz: Fotograf unbekannt &#8211; aus: B\u00fcro des Reichstags (Hg.): Handbuch der verfassunggebenden deutschen Nationalversammlung, Weimar 1919, Carl Heymans Verlag, Berlin, <a href=\"https:\/\/de.wikipedia.org\/wiki\/Datei:JuchaczMarie.jpg\" target=\"_blank\" rel=\"noopener\">PD-\u00a7-134<\/a><\/span><br \/>\n<span style=\"font-size: 10pt;\">Quelle: <a href=\"https:\/\/de.wikipedia.org\/w\/index.php?curid=5160256\" target=\"_blank\" rel=\"noopener\">https:\/\/de.wikipedia.org\/w\/index.php?curid=5160256<\/a><\/span><\/p>\n<p><span style=\"font-size: 10pt;\">Anna Seghers: Bundesarchiv, Bild 183-F0114-0204-003 \/ Hochneder, Christa \/ <a href=\"https:\/\/creativecommons.org\/licenses\/by-sa\/3.0\/de\/deed.en\" target=\"_blank\" rel=\"noopener\">CC BY-SA 3.0 DE<\/a>, <\/span><br \/>\n<span style=\"font-size: 10pt;\">Quelle: <a href=\"https:\/\/commons.wikimedia.org\/w\/index.php?curid=9582219\" target=\"_blank\" rel=\"noopener\">https:\/\/commons.wikimedia.org\/w\/index.php?curid=9582219<\/a><\/span><\/p>\n","protected":false},"excerpt":{"rendered":"<p><b>Vortrag mit Lesung von\u00a0Nadja Bennewitz M.A., Historikerin<\/b><br \/>\nSonntag, 19. M\u00e4rz 2023 um 11:00 Uhr, in der Villa Leon, Gro\u00dfer Saal, Philipp-Koerber-Weg 1, N\u00fcrnberg<br \/>\nSchriftstellerinnen, Lyrikerinnen, Essayistinnen \u2013 in dem frauenfeindlichen Weltbild der Nationalsozialisten kamen solche Frauen nicht vor. Gleichwohl wurden viele ihrer B\u00fccher verbrannt, vor allem die ihrer Gegnerinnen, so die politischen Schriften der Sozialdemokratin Juchacz oder der Kommunistin Luxemburg. Die belletristischen Werke vieler Autorinnen, die vom Typus der \u201eNeuen Frau\u201c schrieben und auf dem Buchmarkt der 1920\/30er Jahre Erfolge feierten, wurden von den Nazis abf\u00e4llig als \u201eAsphaltliteratur\u201c diffamiert und fielen unter das \u201eBuchverbot\u201c, davon betroffen u.a. Irmgard Keun.<br \/>\n<b>Anschlie\u00dfend: Rote Nelken (Quartett)<\/b><\/p>\n","protected":false},"author":3,"featured_media":15277,"comment_status":"closed","ping_status":"closed","sticky":false,"template":"","format":"standard","meta":{"colormag_page_container_layout":"default_layout","colormag_page_sidebar_layout":"default_layout","advanced_seo_description":"","jetpack_seo_html_title":"","jetpack_seo_noindex":false,"jetpack_post_was_ever_published":false,"footnotes":""},"categories":[19],"tags":[1115,451,610,1058,732,1390,1451,395],"class_list":["post-15276","post","type-post","status-publish","format-standard","has-post-thumbnail","hentry","category-veranstaltungen-in-den-dfv-landesverbaenden","tag-buch","tag-faschismus","tag-frauen","tag-frauenbewegung","tag-glaubens-und-gewissensfreiheit","tag-literatur","tag-lv-bayern","tag-meinungsfreiheit"],"jetpack_featured_media_url":"https:\/\/i0.wp.com\/www.freidenker.org\/fw17\/wp-content\/uploads\/2023\/02\/frauentag_2023.jpg?fit=802%2C450&ssl=1","jetpack_shortlink":"https:\/\/wp.me\/p9stpK-3Yo","jetpack-related-posts":[{"id":8658,"url":"https:\/\/www.freidenker.org\/?p=8658","url_meta":{"origin":15276,"position":0},"title":"\u201eSagen wird man \u00fcber unsre Tage\u2026\u201c \u2013 Gina Pietsch und Bardo Henning","author":"Webredaktion","date":"23. September 2020","format":false,"excerpt":"Matin\u00e9e in der Villa Leon mit Gina Pietsch und Bardo Henning \u201eSagen wird man \u00fcber unsre Tage\u2026\u201c - Sonntag, 4. Oktober 2020, 11 Uhr - Villa Leon, gro\u00dfer Saal - Phillip-Koerber-Weg 1, 90439 N\u00fcrnberg - Eintritt frei (Spenden willkommen) Am 7. Oktober 2019 w\u00e4re sie 70 geworden die DDR \u2026\u2026","rel":"","context":"In &quot;Kultur &amp; Kunst&quot;","block_context":{"text":"Kultur &amp; Kunst","link":"https:\/\/www.freidenker.org\/?cat=913"},"img":{"alt_text":"","src":"https:\/\/i0.wp.com\/www.freidenker.org\/fw17\/wp-content\/uploads\/2020\/09\/ginapietsch_04102020_nbrg.jpg?fit=800%2C445&ssl=1&resize=350%2C200","width":350,"height":200,"srcset":"https:\/\/i0.wp.com\/www.freidenker.org\/fw17\/wp-content\/uploads\/2020\/09\/ginapietsch_04102020_nbrg.jpg?fit=800%2C445&ssl=1&resize=350%2C200 1x, https:\/\/i0.wp.com\/www.freidenker.org\/fw17\/wp-content\/uploads\/2020\/09\/ginapietsch_04102020_nbrg.jpg?fit=800%2C445&ssl=1&resize=525%2C300 1.5x, https:\/\/i0.wp.com\/www.freidenker.org\/fw17\/wp-content\/uploads\/2020\/09\/ginapietsch_04102020_nbrg.jpg?fit=800%2C445&ssl=1&resize=700%2C400 2x"},"classes":[]},{"id":18383,"url":"https:\/\/www.freidenker.org\/?p=18383","url_meta":{"origin":15276,"position":1},"title":"F\u00e4llt aus: Themenabend Internationaler Frauentag &#8211; Die Waffen nieder!","author":"Webredaktion","date":"27. Februar 2024","format":false,"excerpt":"Deutscher Freidenker-Verband e.V. - Ortsverband Franken\/N\u00fcrnberg Themenabend mit Karin Leukefeld, (Journalistin, Nahost-Expertin): - Die Waffen nieder! - Die Lage der Frauen im Gaza - Akteure und Interessen im Nahost-Konflikt Freitag, 08. M\u00e4rz 2024 um 19.30 Uhr, \"Dialog der Kulturen\", N\u00fcrnberg","rel":"","context":"In &quot;Veranstaltungen in den DFV-Landesverb\u00e4nden&quot;","block_context":{"text":"Veranstaltungen in den DFV-Landesverb\u00e4nden","link":"https:\/\/www.freidenker.org\/?cat=19"},"img":{"alt_text":"","src":"https:\/\/i0.wp.com\/www.freidenker.org\/fw17\/wp-content\/uploads\/2024\/02\/Leukefeld_Frauen-im-Gaza_Ausfall_800x450.jpg?fit=800%2C445&ssl=1&resize=350%2C200","width":350,"height":200,"srcset":"https:\/\/i0.wp.com\/www.freidenker.org\/fw17\/wp-content\/uploads\/2024\/02\/Leukefeld_Frauen-im-Gaza_Ausfall_800x450.jpg?fit=800%2C445&ssl=1&resize=350%2C200 1x, https:\/\/i0.wp.com\/www.freidenker.org\/fw17\/wp-content\/uploads\/2024\/02\/Leukefeld_Frauen-im-Gaza_Ausfall_800x450.jpg?fit=800%2C445&ssl=1&resize=525%2C300 1.5x, https:\/\/i0.wp.com\/www.freidenker.org\/fw17\/wp-content\/uploads\/2024\/02\/Leukefeld_Frauen-im-Gaza_Ausfall_800x450.jpg?fit=800%2C445&ssl=1&resize=700%2C400 2x"},"classes":[]},{"id":6134,"url":"https:\/\/www.freidenker.org\/?p=6134","url_meta":{"origin":15276,"position":2},"title":"Frauenrechte und die DDR \u2013 Interview mit Prof. Helga H\u00f6rz","author":"Webredaktion","date":"2. April 2019","format":false,"excerpt":"Die Frauenrechts-Expertin Prof. Helga H\u00f6rz sprach mit RT Deutsch \u00fcber den Kampf um Gleichstellung in der DDR. Sie wies auf die M\u00f6glichkeiten hin, die die DDR-Politik den Frauen bot. Die \u00dcbernahme durch die BRD habe sich negativ auf die Lage ausgewirkt. Im Zweiten Teil erkl\u00e4rt sie unter anderem die Familien-\u2026","rel":"","context":"In &quot;Arbeit &amp; Soziales&quot;","block_context":{"text":"Arbeit &amp; Soziales","link":"https:\/\/www.freidenker.org\/?cat=11"},"img":{"alt_text":"","src":"https:\/\/i0.wp.com\/www.freidenker.org\/fw17\/wp-content\/uploads\/2019\/04\/Frauen_DDR_800x445.jpg?fit=800%2C445&ssl=1&resize=350%2C200","width":350,"height":200,"srcset":"https:\/\/i0.wp.com\/www.freidenker.org\/fw17\/wp-content\/uploads\/2019\/04\/Frauen_DDR_800x445.jpg?fit=800%2C445&ssl=1&resize=350%2C200 1x, https:\/\/i0.wp.com\/www.freidenker.org\/fw17\/wp-content\/uploads\/2019\/04\/Frauen_DDR_800x445.jpg?fit=800%2C445&ssl=1&resize=525%2C300 1.5x, https:\/\/i0.wp.com\/www.freidenker.org\/fw17\/wp-content\/uploads\/2019\/04\/Frauen_DDR_800x445.jpg?fit=800%2C445&ssl=1&resize=700%2C400 2x"},"classes":[]},{"id":16947,"url":"https:\/\/www.freidenker.org\/?p=16947","url_meta":{"origin":15276,"position":3},"title":"Themenabend: Der Schatten im Schatten","author":"Webredaktion","date":"14. September 2023","format":false,"excerpt":"Lesung mit\u00a0Beatrice Altmann-Schevitz aus ihrem Buch Der Schatten im Schatten -\u00a0Mein Leben als US-Amerikanerin und MfS-Spionin im Kalten Krieg 15. September 2023 um 19.30 Uhr \/ Villa Leon, N\u00fcrnberg \u00bbEin junges amerikanisches Ehepaar mit Baby spioniert in der BRD f\u00fcr die CIA\u00ab \u2013 so lautet die Legende, die Bea und\u2026","rel":"","context":"In &quot;Veranstaltungen in den DFV-Landesverb\u00e4nden&quot;","block_context":{"text":"Veranstaltungen in den DFV-Landesverb\u00e4nden","link":"https:\/\/www.freidenker.org\/?cat=19"},"img":{"alt_text":"","src":"https:\/\/i0.wp.com\/www.freidenker.org\/fw17\/wp-content\/uploads\/2023\/02\/altman-schevitz-b-schatten-im-schatten-325937251_800x450.jpg?fit=800%2C450&ssl=1&resize=350%2C200","width":350,"height":200,"srcset":"https:\/\/i0.wp.com\/www.freidenker.org\/fw17\/wp-content\/uploads\/2023\/02\/altman-schevitz-b-schatten-im-schatten-325937251_800x450.jpg?fit=800%2C450&ssl=1&resize=350%2C200 1x, https:\/\/i0.wp.com\/www.freidenker.org\/fw17\/wp-content\/uploads\/2023\/02\/altman-schevitz-b-schatten-im-schatten-325937251_800x450.jpg?fit=800%2C450&ssl=1&resize=525%2C300 1.5x, https:\/\/i0.wp.com\/www.freidenker.org\/fw17\/wp-content\/uploads\/2023\/02\/altman-schevitz-b-schatten-im-schatten-325937251_800x450.jpg?fit=800%2C450&ssl=1&resize=700%2C400 2x"},"classes":[]},{"id":15927,"url":"https:\/\/www.freidenker.org\/?p=15927","url_meta":{"origin":15276,"position":4},"title":"Buchbesprechung: Kriegsfolgen &#8211; Wie der Krieg um die Ukraine die Welt ver\u00e4ndert","author":"Webredaktion","date":"2. Mai 2023","format":false,"excerpt":"Buchbesprechung mit Hannes Hofbauer Freitag, 05. Mai 2023, 19:30 Uhr, Villa Leon N\u00fcrnberg, Kleiner Saal 1. OG Die blau-gelbe Fahne steht f\u00fcr Freiheit, das omin\u00f6se russische Zeichen \u201eZ\u201c f\u00fcr Unterdr\u00fcckung. So einfach ist der Krieg um die Ukraine nicht erkl\u00e4rbar, obwohl sich unter europ\u00e4ischen Staatskanzleien und Leitmedien nur diese eine\u2026","rel":"","context":"In &quot;Veranstaltungen in den DFV-Landesverb\u00e4nden&quot;","block_context":{"text":"Veranstaltungen in den DFV-Landesverb\u00e4nden","link":"https:\/\/www.freidenker.org\/?cat=19"},"img":{"alt_text":"","src":"https:\/\/i0.wp.com\/www.freidenker.org\/fw17\/wp-content\/uploads\/2023\/05\/hofbauer_kriegsfolgen_800x450.jpg?fit=800%2C450&ssl=1&resize=350%2C200","width":350,"height":200,"srcset":"https:\/\/i0.wp.com\/www.freidenker.org\/fw17\/wp-content\/uploads\/2023\/05\/hofbauer_kriegsfolgen_800x450.jpg?fit=800%2C450&ssl=1&resize=350%2C200 1x, https:\/\/i0.wp.com\/www.freidenker.org\/fw17\/wp-content\/uploads\/2023\/05\/hofbauer_kriegsfolgen_800x450.jpg?fit=800%2C450&ssl=1&resize=525%2C300 1.5x, https:\/\/i0.wp.com\/www.freidenker.org\/fw17\/wp-content\/uploads\/2023\/05\/hofbauer_kriegsfolgen_800x450.jpg?fit=800%2C450&ssl=1&resize=700%2C400 2x"},"classes":[]},{"id":5211,"url":"https:\/\/www.freidenker.org\/?p=5211","url_meta":{"origin":15276,"position":5},"title":"Pyrrhussieg des Feminismus","author":"Webredaktion","date":"16. Juni 2018","format":false,"excerpt":"Beitrag von Christel Buchinger aus FREIDENKER 2-18 In den siebziger Jahren des letzten Jahrhunderts nannte ich mich mit Stolz Feministin. Heute frage ich mich, ob ich das weiterhin tun kann. Kann man als Linke, als Marxistin heute noch Feministin sein? Damals bestand ich darauf, dass im Kampf f\u00fcr eine bessere\u2026","rel":"","context":"In &quot;Demokratie \u2013 Medien \u2013 Aufkl\u00e4rung&quot;","block_context":{"text":"Demokratie \u2013 Medien \u2013 Aufkl\u00e4rung","link":"https:\/\/www.freidenker.org\/?cat=12"},"img":{"alt_text":"","src":"https:\/\/i0.wp.com\/www.freidenker.org\/fw17\/wp-content\/uploads\/2018\/06\/pyrrhus_coll_800x445.jpg?fit=800%2C445&ssl=1&resize=350%2C200","width":350,"height":200,"srcset":"https:\/\/i0.wp.com\/www.freidenker.org\/fw17\/wp-content\/uploads\/2018\/06\/pyrrhus_coll_800x445.jpg?fit=800%2C445&ssl=1&resize=350%2C200 1x, https:\/\/i0.wp.com\/www.freidenker.org\/fw17\/wp-content\/uploads\/2018\/06\/pyrrhus_coll_800x445.jpg?fit=800%2C445&ssl=1&resize=525%2C300 1.5x, https:\/\/i0.wp.com\/www.freidenker.org\/fw17\/wp-content\/uploads\/2018\/06\/pyrrhus_coll_800x445.jpg?fit=800%2C445&ssl=1&resize=700%2C400 2x"},"classes":[]}],"_links":{"self":[{"href":"https:\/\/www.freidenker.org\/index.php?rest_route=\/wp\/v2\/posts\/15276","targetHints":{"allow":["GET"]}}],"collection":[{"href":"https:\/\/www.freidenker.org\/index.php?rest_route=\/wp\/v2\/posts"}],"about":[{"href":"https:\/\/www.freidenker.org\/index.php?rest_route=\/wp\/v2\/types\/post"}],"author":[{"embeddable":true,"href":"https:\/\/www.freidenker.org\/index.php?rest_route=\/wp\/v2\/users\/3"}],"replies":[{"embeddable":true,"href":"https:\/\/www.freidenker.org\/index.php?rest_route=%2Fwp%2Fv2%2Fcomments&post=15276"}],"version-history":[{"count":0,"href":"https:\/\/www.freidenker.org\/index.php?rest_route=\/wp\/v2\/posts\/15276\/revisions"}],"wp:featuredmedia":[{"embeddable":true,"href":"https:\/\/www.freidenker.org\/index.php?rest_route=\/wp\/v2\/media\/15277"}],"wp:attachment":[{"href":"https:\/\/www.freidenker.org\/index.php?rest_route=%2Fwp%2Fv2%2Fmedia&parent=15276"}],"wp:term":[{"taxonomy":"category","embeddable":true,"href":"https:\/\/www.freidenker.org\/index.php?rest_route=%2Fwp%2Fv2%2Fcategories&post=15276"},{"taxonomy":"post_tag","embeddable":true,"href":"https:\/\/www.freidenker.org\/index.php?rest_route=%2Fwp%2Fv2%2Ftags&post=15276"}],"curies":[{"name":"wp","href":"https:\/\/api.w.org\/{rel}","templated":true}]}}