{"id":15268,"date":"2023-02-18T20:24:09","date_gmt":"2023-02-18T19:24:09","guid":{"rendered":"https:\/\/www.freidenker.org\/?p=15268"},"modified":"2023-03-11T18:36:18","modified_gmt":"2023-03-11T17:36:18","slug":"februar-2023-9-jahre-krieg-in-der-ukraine","status":"publish","type":"post","link":"https:\/\/www.freidenker.org\/?p=15268","title":{"rendered":"Februar 2023: 9 Jahre Krieg in der Ukraine"},"content":{"rendered":"<h4>Film: Leben und Sterben im Donbass<\/h4>\n<p><span style=\"font-size: 14pt;\"><strong>Freitag, 24.02.2023 um 19:00 Uhr<br \/>\n<\/strong><strong>Gastst\u00e4tte Wiener Hof,<br \/>\n<\/strong>63073 Offenbach Bieber, Langener Stra\u00dfe 23<\/span><strong><br \/>\n<\/strong><\/p>\n<p>Wir zeigen den Film des Dokumentarfilmers <strong>Wilhelm Domke-Schulz <\/strong>\u00fcber den l\u00e4ngsten Krieg in Europa seit 1945. Er bringt uns die Ereignisse seit dem Putsch 2014 in Kiew gegen die ukrainische Regierung nahe. Die folgende Bewaffnung von Nazi-Organisationen, die Ermordung russischst\u00e4mmiger Menschen durch die \u201eAntiterroroperation\u201c gegen den Donbass \u2013 die Originalaufnahmen der bewaffneten K\u00e4mpfe sowie die Menschen aus den betroffenen Gebieten, die zu Wort kommen machen deutlich, wie realit\u00e4tsfremd hierzulande die Aufrufe zur \u201eVerteidigung der Ukraine\u201c sind. Es wird nachvollziehbar, weshalb die Menschen im Donbass begannen, sich zu organisieren: um ihr Leben und die verfassungsm\u00e4\u00dfige Ordnung zu sch\u00fctzen. 14.000 Menschen fielen diesem Krieg bis Anfang 2022 zum Opfer. Der Film zeigt das Gegenteil von dem, was uns Politiker und Mainstreammedien seit neun Jahren \u00fcber die Ukraine vermitteln wollen.<\/p>\n<p><strong>Nach dem Film besteht die M\u00f6glichkeit zur Diskussion.<\/strong><\/p>\n<p><em>Eine Veranstaltung des Deutschen Freidenker-Verbandes, Kreisverband Offenbach<\/em><\/p>\n<hr \/>\n<p>Download<\/p>\n<p><img data-recalc-dims=\"1\" loading=\"lazy\" decoding=\"async\" data-attachment-id=\"1076\" data-permalink=\"https:\/\/www.freidenker.org\/?attachment_id=1076\" data-orig-file=\"https:\/\/i0.wp.com\/www.freidenker.org\/fw17\/wp-content\/uploads\/2017\/10\/pdf_icon-2.png?fit=32%2C32&amp;ssl=1\" data-orig-size=\"32,32\" data-comments-opened=\"0\" data-image-meta=\"{&quot;aperture&quot;:&quot;0&quot;,&quot;credit&quot;:&quot;&quot;,&quot;camera&quot;:&quot;&quot;,&quot;caption&quot;:&quot;&quot;,&quot;created_timestamp&quot;:&quot;0&quot;,&quot;copyright&quot;:&quot;&quot;,&quot;focal_length&quot;:&quot;0&quot;,&quot;iso&quot;:&quot;0&quot;,&quot;shutter_speed&quot;:&quot;0&quot;,&quot;title&quot;:&quot;&quot;,&quot;orientation&quot;:&quot;0&quot;}\" data-image-title=\"pdf_icon\" data-image-description=\"\" data-image-caption=\"\" data-large-file=\"https:\/\/i0.wp.com\/www.freidenker.org\/fw17\/wp-content\/uploads\/2017\/10\/pdf_icon-2.png?fit=32%2C32&amp;ssl=1\" class=\"alignnone size-full wp-image-1076\" src=\"https:\/\/i0.wp.com\/www.freidenker.org\/fw17\/wp-content\/uploads\/2017\/10\/pdf_icon-2.png?resize=32%2C32&#038;ssl=1\" alt=\"\" width=\"32\" height=\"32\" \/> Den <a href=\"https:\/\/www.freidenker.org\/fw17\/wp-content\/uploads\/2023\/02\/KV-OF-230224-9JahreKrieg_v01.pdf\" target=\"_blank\" rel=\"noopener\">Flyer zur Veranstaltung<\/a> ansehen oder herunterladen (PDF-Dokument, ca. 195 KB)<\/p>\n<hr \/>\n<p><span style=\"font-size: 10pt;\">Bild: Screenshot aus dem Film &#8222;Leben und sterben im Donbass&#8220; von Wilhelm Domke-Schulz<\/span><\/p>\n","protected":false},"excerpt":{"rendered":"<p><b>Filmvorf\u00fchrung mit anschlie\u00dfender Diskussion<\/b><br \/>\nFreitag, 24.02.2023 um 19:00 Uhr, Gastst\u00e4tte Wiener Hof, 63073 Offenbach Bieber, Langener Stra\u00dfe 23<br \/>\nWir zeigen den Film des Dokumentarfilmers Wilhelm Domke-Schulz \u00fcber den l\u00e4ngsten Krieg in Europa seit 1945. Er bringt uns die Ereignisse seit dem Putsch 2014 in Kiew gegen die ukrainische Regierung nahe. Die folgende Bewaffnung von Nazi-Organisationen, die Ermordung russischst\u00e4mmiger Menschen durch die \u201eAntiterroroperation\u201c gegen den Donbass \u2013 die Originalaufnahmen der bewaffneten K\u00e4mpfe sowie die Menschen aus den betroffenen Gebieten, die zu Wort kommen machen deutlich, wie realit\u00e4tsfremd hierzulande die Aufrufe zur \u201eVerteidigung der Ukraine\u201c sind.<\/p>\n","protected":false},"author":3,"featured_media":15269,"comment_status":"closed","ping_status":"closed","sticky":false,"template":"","format":"standard","meta":{"colormag_page_container_layout":"default_layout","colormag_page_sidebar_layout":"default_layout","advanced_seo_description":"","jetpack_seo_html_title":"","jetpack_seo_noindex":false,"jetpack_post_was_ever_published":false,"footnotes":""},"categories":[19],"tags":[1121,451,665,188,1067,1103,639],"class_list":["post-15268","post","type-post","status-publish","format-standard","has-post-thumbnail","hentry","category-veranstaltungen-in-den-dfv-landesverbaenden","tag-donbass","tag-faschismus","tag-filmkunst","tag-krieg","tag-lv-hessen","tag-putsch","tag-ukraine-konflikt"],"jetpack_featured_media_url":"https:\/\/i0.wp.com\/www.freidenker.org\/fw17\/wp-content\/uploads\/2023\/02\/leben_und_sterben_im_donbass_800x450.jpg?fit=800%2C450&ssl=1","jetpack_shortlink":"https:\/\/wp.me\/p9stpK-3Yg","jetpack-related-posts":[{"id":12367,"url":"https:\/\/www.freidenker.org\/?p=12367","url_meta":{"origin":15268,"position":0},"title":"Erkl\u00e4rung der GRH","author":"Webredaktion","date":"4. M\u00e4rz 2022","format":false,"excerpt":"Erkl\u00e4rung der GRH - Gesellschaft zur Rechtlichen und Humanit\u00e4ren Unterst\u00fctzung e.V. Seit dem 24.2. 2022 herrscht in der Ukraine Krieg. Der russische Pr\u00e4sident Putin hatte den Befehl zu einer Milit\u00e4roperation gegeben. Unmittelbarer Anlass f\u00fcr diese Entscheidung war eine Zuspitzung der Situation um die beiden Republiken des Donbass Donezk und Lugansk.\u2026","rel":"","context":"In &quot;Frieden - Antifaschismus - Solidarit\u00e4t&quot;","block_context":{"text":"Frieden - Antifaschismus - Solidarit\u00e4t","link":"https:\/\/www.freidenker.org\/?cat=13"},"img":{"alt_text":"","src":"https:\/\/i0.wp.com\/www.freidenker.org\/fw17\/wp-content\/uploads\/2022\/03\/grh-erklaerung_800x450.jpg?fit=800%2C450&ssl=1&resize=350%2C200","width":350,"height":200,"srcset":"https:\/\/i0.wp.com\/www.freidenker.org\/fw17\/wp-content\/uploads\/2022\/03\/grh-erklaerung_800x450.jpg?fit=800%2C450&ssl=1&resize=350%2C200 1x, https:\/\/i0.wp.com\/www.freidenker.org\/fw17\/wp-content\/uploads\/2022\/03\/grh-erklaerung_800x450.jpg?fit=800%2C450&ssl=1&resize=525%2C300 1.5x, https:\/\/i0.wp.com\/www.freidenker.org\/fw17\/wp-content\/uploads\/2022\/03\/grh-erklaerung_800x450.jpg?fit=800%2C450&ssl=1&resize=700%2C400 2x"},"classes":[]},{"id":6144,"url":"https:\/\/www.freidenker.org\/?p=6144","url_meta":{"origin":15268,"position":1},"title":"Kundgebung: Stopp dem Krieg im Donbass!","author":"Webredaktion","date":"3. April 2019","format":false,"excerpt":"Stopp dem Krieg im Donbass! Protest- und Mahnkundgebung am 14. April 2019 von 13:00 bis 14:00 Uhr Berlin Vor genau f\u00fcnf Jahren, am 14. April 2014, hat das durch einen Staatsstreich mit Unterst\u00fctzung der NATO und der EU an die Macht gekommene, von Faschisten gest\u00fctzte ukrainische Regime einen Krieg gegen\u2026","rel":"","context":"In &quot;Frieden - Antifaschismus - Solidarit\u00e4t&quot;","block_context":{"text":"Frieden - Antifaschismus - Solidarit\u00e4t","link":"https:\/\/www.freidenker.org\/?cat=13"},"img":{"alt_text":"","src":"https:\/\/i0.wp.com\/www.freidenker.org\/fw17\/wp-content\/uploads\/2019\/04\/Lysychansk_16.jpg?fit=800%2C445&ssl=1&resize=350%2C200","width":350,"height":200,"srcset":"https:\/\/i0.wp.com\/www.freidenker.org\/fw17\/wp-content\/uploads\/2019\/04\/Lysychansk_16.jpg?fit=800%2C445&ssl=1&resize=350%2C200 1x, https:\/\/i0.wp.com\/www.freidenker.org\/fw17\/wp-content\/uploads\/2019\/04\/Lysychansk_16.jpg?fit=800%2C445&ssl=1&resize=525%2C300 1.5x, https:\/\/i0.wp.com\/www.freidenker.org\/fw17\/wp-content\/uploads\/2019\/04\/Lysychansk_16.jpg?fit=800%2C445&ssl=1&resize=700%2C400 2x"},"classes":[]},{"id":6261,"url":"https:\/\/www.freidenker.org\/?p=6261","url_meta":{"origin":15268,"position":2},"title":"Video: Kundgebung &#8222;Stoppt den Krieg gegen den Donbass!&#8220;","author":"Webredaktion","date":"24. April 2019","format":false,"excerpt":"Video von der Protest- und Mahnkundgebung \"Stoppt den Krieg gegen den Donbass!\" am 14. April 2019 in Berlin Gegen den nach wie vor stattfindenden, aber schon fast vergessenen Krieg der ukrainischen Regierung gegen die Volksrepubliken im Donbass fand Mitte April 2019 in Berlin diese Protestkundgebung statt. Sie richtete sich besonders\u2026","rel":"","context":"In &quot;Frieden - Antifaschismus - Solidarit\u00e4t&quot;","block_context":{"text":"Frieden - Antifaschismus - Solidarit\u00e4t","link":"https:\/\/www.freidenker.org\/?cat=13"},"img":{"alt_text":"","src":"https:\/\/i0.wp.com\/www.freidenker.org\/fw17\/wp-content\/uploads\/2019\/04\/Kundgebung_Donbass_2019_800x445.jpg?fit=800%2C445&ssl=1&resize=350%2C200","width":350,"height":200,"srcset":"https:\/\/i0.wp.com\/www.freidenker.org\/fw17\/wp-content\/uploads\/2019\/04\/Kundgebung_Donbass_2019_800x445.jpg?fit=800%2C445&ssl=1&resize=350%2C200 1x, https:\/\/i0.wp.com\/www.freidenker.org\/fw17\/wp-content\/uploads\/2019\/04\/Kundgebung_Donbass_2019_800x445.jpg?fit=800%2C445&ssl=1&resize=525%2C300 1.5x, https:\/\/i0.wp.com\/www.freidenker.org\/fw17\/wp-content\/uploads\/2019\/04\/Kundgebung_Donbass_2019_800x445.jpg?fit=800%2C445&ssl=1&resize=700%2C400 2x"},"classes":[]},{"id":14004,"url":"https:\/\/www.freidenker.org\/?p=14004","url_meta":{"origin":15268,"position":3},"title":"Einladung: Vorabend-Veranstaltung zum\u00a0Antikriegstag 2022","author":"Webredaktion","date":"18. August 2022","format":false,"excerpt":"Mittwoch, 31.08.2022, 18 Uhr, Saalbau Bornheim, Arnsburger Str. 24, 60385 Frankfurt am Main Ansprache: Sebastian Bahlo, Vorsitzender des Deutschen Freidenker-Verbandes, Rezitationen: Renate Fresow, Jan Veil & Lieder von Guy Dawson Wir protestieren gegen die unvern\u00fcnftige, sch\u00e4dliche und gef\u00e4hrliche Konfrontationspolitik der Bundesregierung gegen Russland. Wir protestieren gegen einen 100-Milliarden-Kriegskredit, den wir\u2026","rel":"","context":"In &quot;Frieden - Antifaschismus - Solidarit\u00e4t&quot;","block_context":{"text":"Frieden - Antifaschismus - Solidarit\u00e4t","link":"https:\/\/www.freidenker.org\/?cat=13"},"img":{"alt_text":"","src":"https:\/\/i0.wp.com\/www.freidenker.org\/fw17\/wp-content\/uploads\/2022\/08\/vorabend_antikriegstag_800x450.jpg?fit=800%2C450&ssl=1&resize=350%2C200","width":350,"height":200,"srcset":"https:\/\/i0.wp.com\/www.freidenker.org\/fw17\/wp-content\/uploads\/2022\/08\/vorabend_antikriegstag_800x450.jpg?fit=800%2C450&ssl=1&resize=350%2C200 1x, https:\/\/i0.wp.com\/www.freidenker.org\/fw17\/wp-content\/uploads\/2022\/08\/vorabend_antikriegstag_800x450.jpg?fit=800%2C450&ssl=1&resize=525%2C300 1.5x, https:\/\/i0.wp.com\/www.freidenker.org\/fw17\/wp-content\/uploads\/2022\/08\/vorabend_antikriegstag_800x450.jpg?fit=800%2C450&ssl=1&resize=700%2C400 2x"},"classes":[]},{"id":12595,"url":"https:\/\/www.freidenker.org\/?p=12595","url_meta":{"origin":15268,"position":4},"title":"Freidenker zu den Osterm\u00e4rschen 2022","author":"Webredaktion","date":"10. April 2022","format":false,"excerpt":"Anl\u00e4sslich der bevorstehenden Osterm\u00e4rsche hat der Deutsche Freidenker-Verband ein Faltblatt herausgegeben. Wir ver\u00f6ffentlichen hier den einleitenden Text und bieten das gesamte Faltblatt zum Download an. Ukraine: Nein zu Faschismus und Krieg Wann begann der Krieg in der Ukraine? Von \u201eQualit\u00e4tsmedien\u201c und NATO-Politikern, selbst aus der Friedensbewegung h\u00f6ren wir von einem\u2026","rel":"","context":"In &quot;Frieden - Antifaschismus - Solidarit\u00e4t&quot;","block_context":{"text":"Frieden - Antifaschismus - Solidarit\u00e4t","link":"https:\/\/www.freidenker.org\/?cat=13"},"img":{"alt_text":"","src":"https:\/\/i0.wp.com\/www.freidenker.org\/fw17\/wp-content\/uploads\/2022\/04\/Faltblatt_grafik_800x450.jpg?fit=800%2C450&ssl=1&resize=350%2C200","width":350,"height":200,"srcset":"https:\/\/i0.wp.com\/www.freidenker.org\/fw17\/wp-content\/uploads\/2022\/04\/Faltblatt_grafik_800x450.jpg?fit=800%2C450&ssl=1&resize=350%2C200 1x, https:\/\/i0.wp.com\/www.freidenker.org\/fw17\/wp-content\/uploads\/2022\/04\/Faltblatt_grafik_800x450.jpg?fit=800%2C450&ssl=1&resize=525%2C300 1.5x, https:\/\/i0.wp.com\/www.freidenker.org\/fw17\/wp-content\/uploads\/2022\/04\/Faltblatt_grafik_800x450.jpg?fit=800%2C450&ssl=1&resize=700%2C400 2x"},"classes":[]},{"id":14717,"url":"https:\/\/www.freidenker.org\/?p=14717","url_meta":{"origin":15268,"position":5},"title":"Ukraine-Krieg und V\u00f6lkerrecht","author":"Webredaktion","date":"20. November 2022","format":false,"excerpt":"Beitrag von Klaus Hartmann Die Donbass-Republiken entstanden, weil sie die Macht\u00fcbernahme durch die NATO-gesteuerten \u201eEuro-Maidan\u201c-Putschisten auf ihrem Territorium nicht akzeptierten und verhindern wollten. Die Junta in Kiew hat darauf eine \u201eantiterroristische Aktion\u201c ausgerufen und Truppen sowie neonazistische Einheiten gegen den Donbass in Marsch gesetzt. Dieser Aggression gegen die \u201eeigene\u201c Bev\u00f6lkerung\u2026","rel":"","context":"In &quot;Frieden - Antifaschismus - Solidarit\u00e4t&quot;","block_context":{"text":"Frieden - Antifaschismus - Solidarit\u00e4t","link":"https:\/\/www.freidenker.org\/?cat=13"},"img":{"alt_text":"","src":"https:\/\/i0.wp.com\/www.freidenker.org\/fw17\/wp-content\/uploads\/2022\/11\/Frieden_mit_Russland_LLD2019_800x450.jpg?fit=800%2C450&ssl=1&resize=350%2C200","width":350,"height":200,"srcset":"https:\/\/i0.wp.com\/www.freidenker.org\/fw17\/wp-content\/uploads\/2022\/11\/Frieden_mit_Russland_LLD2019_800x450.jpg?fit=800%2C450&ssl=1&resize=350%2C200 1x, https:\/\/i0.wp.com\/www.freidenker.org\/fw17\/wp-content\/uploads\/2022\/11\/Frieden_mit_Russland_LLD2019_800x450.jpg?fit=800%2C450&ssl=1&resize=525%2C300 1.5x, https:\/\/i0.wp.com\/www.freidenker.org\/fw17\/wp-content\/uploads\/2022\/11\/Frieden_mit_Russland_LLD2019_800x450.jpg?fit=800%2C450&ssl=1&resize=700%2C400 2x"},"classes":[]}],"_links":{"self":[{"href":"https:\/\/www.freidenker.org\/index.php?rest_route=\/wp\/v2\/posts\/15268","targetHints":{"allow":["GET"]}}],"collection":[{"href":"https:\/\/www.freidenker.org\/index.php?rest_route=\/wp\/v2\/posts"}],"about":[{"href":"https:\/\/www.freidenker.org\/index.php?rest_route=\/wp\/v2\/types\/post"}],"author":[{"embeddable":true,"href":"https:\/\/www.freidenker.org\/index.php?rest_route=\/wp\/v2\/users\/3"}],"replies":[{"embeddable":true,"href":"https:\/\/www.freidenker.org\/index.php?rest_route=%2Fwp%2Fv2%2Fcomments&post=15268"}],"version-history":[{"count":0,"href":"https:\/\/www.freidenker.org\/index.php?rest_route=\/wp\/v2\/posts\/15268\/revisions"}],"wp:featuredmedia":[{"embeddable":true,"href":"https:\/\/www.freidenker.org\/index.php?rest_route=\/wp\/v2\/media\/15269"}],"wp:attachment":[{"href":"https:\/\/www.freidenker.org\/index.php?rest_route=%2Fwp%2Fv2%2Fmedia&parent=15268"}],"wp:term":[{"taxonomy":"category","embeddable":true,"href":"https:\/\/www.freidenker.org\/index.php?rest_route=%2Fwp%2Fv2%2Fcategories&post=15268"},{"taxonomy":"post_tag","embeddable":true,"href":"https:\/\/www.freidenker.org\/index.php?rest_route=%2Fwp%2Fv2%2Ftags&post=15268"}],"curies":[{"name":"wp","href":"https:\/\/api.w.org\/{rel}","templated":true}]}}