{"id":15241,"date":"2023-02-15T23:57:59","date_gmt":"2023-02-15T22:57:59","guid":{"rendered":"https:\/\/www.freidenker.org\/?p=15241"},"modified":"2023-03-11T18:39:08","modified_gmt":"2023-03-11T17:39:08","slug":"der-indiskrete-charme-des-faschismus","status":"publish","type":"post","link":"https:\/\/www.freidenker.org\/?p=15241","title":{"rendered":"Der indiskrete Charme des Faschismus"},"content":{"rendered":"<h4 class=\"HeadLine-root HeadLine-type_2 \">\u00a0\u2013 Nazi-Girls in Augsburg &#8222;zu Ehren&#8220; von Bert Brecht<\/h4>\n<p><strong>In Augsburg wird der 125. Geburtstag von Bertolt Brecht begangen. Aufgeboten wird daf\u00fcr auch eine Gruppe von pro-faschistischen ukrainischen &#8222;Performerinnen&#8220;, die mit ihrer antirussischen Show einerseits die Forderungen westlicher Propaganda bedienen, andererseits das Angedenken und Werk Brechts sch\u00e4nden.<\/strong><\/p>\n<p><em>Von <strong>Klaus Hartmann<\/strong><\/em><\/p>\n<p><span style=\"font-size: 10pt;\">Erstver\u00f6ffentlichung am 14.02.2023 auf <a href=\"https:\/\/pressefreiheit.rtde.life\/meinung\/162818-indiskrete-charme-faschismus-nazi-girls\/\" target=\"_blank\" rel=\"noopener\">RT DE<\/a><\/span><\/p>\n<p>&#8222;Von 10. Februar bis 19. Februar findet das Brechtfestival 2023 zu Ehren Bert Brechts statt&#8220;, hei\u00dft es auf der Website der <a href=\"https:\/\/www.augsburg.de\/kultur\/festivals\/brechtfestival\/\" target=\"_blank\" rel=\"noopener noreferrer\">Stadt Augsburg<\/a>: &#8222;Die Stadt w\u00fcrdigt den geb\u00fcrtigen Augsburger, der zu den bedeutendsten, deutschen Schriftstellern des 20. Jahrhunderts z\u00e4hlt, auch in diesem Jahr mit einem zehnt\u00e4gigen Festival.&#8220;<\/p>\n<p>Von der Installation &#8222;The History of Brecht&#8217;s People&#8220; \u00fcber das Schauspiel &#8222;Saunah. Ein Drama in drei Aufg\u00fcssen&#8220;, einem Festbankett, zu dem die Kulturstaatsministerin Claudia Roth ihre Erscheinung angedroht hat, einem \u00f6ffentlichen Dinner bis zum Auftritt des Oberbayerischen Volkstrachtenvereins erwartet die Besucher ein abwechslungsreiches Programm, das mehr oder weniger mit Bertolt Brecht zu tun haben k\u00f6nnte.<\/p>\n<p>Der absolute Knaller des Brechtfestivals ist allerdings der Auftritt der Dakh Daughters aus der Ukraine mit ihrem &#8222;Szenischen Konzert: Ukraine Fire&#8220; am 12.02.2023. Sie waren schon 2021 bei der &#8222;Coronama\u00dfnahmen&#8220;-bedingten Digitalausgabe des Festivals zu sehen, &#8222;wie Geishas geschminkt&#8220;, merkte die <em>S\u00fcddeutsche Zeitung<\/em> (01.03.2021) an. Die <a href=\"https:\/\/brechtfestival.de\/produktion\/dakh-daughters-ukraine-fire\/\" target=\"_blank\" rel=\"noopener noreferrer\">Website<\/a> preist sie so an: &#8222;Die Dakh Daughters singen von Utopie und politischer Selbstbestimmung, von der vielschichtigen Identit\u00e4t ihres Landes und gegen den imperialistischen Feldzug Putins. Seit dem Einmarsch Russlands in die Ukraine befindet sich die Band im Exil und tourt mit der Produktion &#8218;Ukraine Fire&#8216; durch Europa. Eine mitreissend wie ergreifende theatrale, musikalische Performance mit politischer Haltung und Botschaft.&#8220; (Falsche Schreibung im Original) Die Gruppe selbst nennt ihr Programm &#8222;einen Protest gegen das Verbrechen der russischen Truppen&#8220; (<em>K\u00f6lner Stadtanzeiger<\/em>, 19.08.2022).<\/p>\n<p>Die politische Haltung und Botschaft haben es in sich: &#8222;Auf der B\u00fchne des Euromaidan, das Riesentransparent mit der Aufschrift &#8218;F\u00fcr eine europ\u00e4ische Ukraine&#8216; im R\u00fccken wird die Kiewer Frauen-Band Dakh Daughters landesweit bekannt&#8220;, schreibt die <em>taz<\/em> am 07.04.2022 unter dem Titel &#8222;Die Gothik-Girls vom Maidan&#8220;. Ihr Regisseur Vlad Troitsky bekennt kurz danach anl\u00e4sslich eines Konzerts im Hamburger Thalia-Theater (das f\u00fcr die ukrainische Kriegspartei Geld sammelt), dass es sich um &#8222;einen spezifischen Beitrag von K\u00fcnstler*innen zu den Kriegsanstrengungen&#8220; handelt (<em>taz<\/em>, 18.04.2022 \u2013 fehlerhafte Schreibung im Original). &#8222;Eine Art Fronttheater im Kampf gegen Russlands Aggression&#8220;, nennt es der <em>Tagesspiegel<\/em> (25.06.2022).<\/p>\n<p>Beim &#8222;Euro-Maidan&#8220; (eigentlich US-Maidan) standen diese K\u00fcnstlerinnen auf der B\u00fchne zur Untermalung der Reden von Vertretern des &#8222;Rechten Sektors&#8220; und der faschistischen Swoboda-Partei. Jetzt klagt die Band &#8222;diesen Krieg Russlands zur Zerst\u00f6rung der Ukraine&#8220; als &#8222;eine Katastrophe f\u00fcr die ganze demokratische Welt, die ganze Menschheit&#8220; an (<em>Rheinische Post<\/em>, 11.08.2022). &#8222;Die seit Monaten allgegenw\u00e4rtige blau-gelbe Flagge wird ausgerollt, unter &#8218;Slava Ukraini&#8216;-Rufen danken die Dakh Daughters dem Publikum f\u00fcr die westliche Solidarit\u00e4t mit ihrer Heimat&#8220;,\u00a0<a href=\"https:\/\/daskulturblog.com\/2023\/01\/27\/danse-macabre-dakh-daughters-konzert\/\" target=\"_blank\" rel=\"noopener noreferrer\">schreibt<\/a> Konrad K\u00f6gler (27.01.2023).<\/p>\n<p>Susann Witt-Stahl <a href=\"https:\/\/www.jungewelt.de\/artikel\/444624.theater-bizarre-bandera-br\u00e4ute.html\" target=\"_blank\" rel=\"noopener noreferrer\">zitiert<\/a> in der <em>jungen Welt<\/em> (10.02.2023) eine &#8222;Daughter&#8220; namens Solomia Melnyk: &#8222;Wir wollen nicht gegen die Traditionen unserer Eltern k\u00e4mpfen, sondern gegen ihren &#8218;Sowjetismus&#8216;. Wir sind die Krieger der Gegenkultur, die das, was wichtig ist, hochhalten und den Leuten den Sowok (Schimpfwort f\u00fcr den Sowjetmenschen) aus der Seele fegen m\u00fcssen.&#8220; Die <em>jW<\/em>-Autorin: &#8222;Sie huldigen dem Milit\u00e4r, den &#8218;m\u00e4chtigsten, st\u00e4rksten und kl\u00fcgsten Menschen unseres Landes \u2013 unseren Kriegern des Lichts&#8216;. Und so begr\u00fc\u00dfte die Gruppe die Freilassung einiger Kommandeure des Naziregiments Asow im Zuge eines Gefangenenaustauschs mit \u00fcberbordender Freude: &#8218;M\u00f6ge Gott ihnen Kraft geben!'&#8220;. So verwundert es kaum, dass Andrei Bilezki, Mitbegr\u00fcnder der Nazi-Parteien Ukrainische Patrioten und Rechter Sektor sowie des Asow-Regiments, die Damen, die sich selbst als &#8222;Banderistinnen&#8220; bezeichnen, mit einer Urkunde ausgezeichnet hat \u2013 &#8222;mit dem von ehemaligen SS-Insignien entlehnten Asow-Wolfsangel-Emblem&#8220;.<\/p>\n<p>In einer Zeit, in der &#8222;Slava Ukraini&#8220;-Rufe der ukrainischen Faschisten-Kollaborateure durch den Deutschen Bundestag, den US-Kongress wie durch das EU-Parlament gellen, ist das auf einer Augsburger Festival-B\u00fchne eigentlich keine Besonderheit. Auch mit ihrer Bandera-Verehrung stehen die Pin-Up-Girls des ukrainischen Faschismus bekanntlich nicht allein: F\u00fcr Andrei Melnyk, den Vize-Au\u00dfenminister und ehemaligen Botschafter der Ukraine in Deutschland, gilt Stepan Bandera als Vork\u00e4mpfer f\u00fcr eine unabh\u00e4ngige Ukraine, w\u00e4hrend er Banderas Verantwortung f\u00fcr Massenmorde seiner Organisation Ukrainischer Nationalisten (OUN) mit hunderttausenden Toten als Hilfstruppe der deutschen Faschisten verneint.<\/p>\n<p>Wer aber bitte soll eigentlich auf diese Weise in Augsburg geehrt werden? Bertolt Brecht war Verfolgter des deutschen Naziregimes, seit 1930 st\u00f6rten SS- und SA-Horden Brecht-Auff\u00fchrungen, nach dem Reichstagsbrand am 27.\/28.02.1933 (infolge dessen\u00a0der Freidenker-Vorsitzende Max Sievers und weitere f\u00fchrende Freidenker-Funktion\u00e4re sowie Kommunisten und Sozialdemokraten verhaftet wurden) reiste Brecht mit Familie und Freunden aus Deutschland aus und erhielt nach vielen Exilstationen erst 1941 ein Einreisevisum f\u00fcr die USA \u2013 um bereits ab 1942 als &#8222;feindlicher Ausl\u00e4nder&#8220; vom FBI \u00fcberwacht zu werden. Schon im Mai 1933 wurden seine Werke in Deutschland Opfer der B\u00fccherverbrennungen, 1935 entzogen ihm die Faschisten die deutsche Staatsb\u00fcrgerschaft.<\/p>\n<p>Nachdem aber in Deutschland von Politikern und Mainstream-Medien das Nazi-Problem in der Ukraine geleugnet und als &#8222;russische Desinformation&#8220; abgetan wird, die man als Feindpropaganda zwecks Ruhe an der Heimatfront unterdr\u00fccken muss, ist es nat\u00fcrlich auch kein Problem mehr, Bert Brecht mit den Fans seiner vormaligen Bedr\u00e4nger zu &#8222;ehren&#8220;.<\/p>\n<p style=\"text-align: right;\"><em>Klaus Hartmann ist Pr\u00e4sident der Weltunion der Freidenker und stellvertretender Vorsitzender des Deutschen Freidenker-Verbandes<\/em><\/p>\n<hr \/>\n<p><span style=\"font-size: 10pt;\">Bild: <span class=\"mw-mmv-title\">Die &#8222;Dakh Daughters&#8220; beim Rudolstadt-Festival 2016<\/span><\/span><br \/>\n<span style=\"font-size: 10pt;\">Foto: Schorle, <a href=\"https:\/\/creativecommons.org\/licenses\/by-sa\/4.0\" target=\"_blank\" rel=\"noopener\">CC BY-SA 4.0<\/a><\/span><br \/>\n<span style=\"font-size: 10pt;\">Quelle: <a href=\"https:\/\/commons.wikimedia.org\/w\/index.php?curid=50406715\" target=\"_blank\" rel=\"noopener\">https:\/\/commons.wikimedia.org\/w\/index.php?curid=50406715<\/a><\/span><\/p>\n","protected":false},"excerpt":{"rendered":"<p><b>Beitrag von Klaus Hartmann<\/b><br \/>\n&#8222;Von 10. Februar bis 19. Februar findet das Brechtfestival 2023 zu Ehren Bert Brechts statt&#8220;, hei\u00dft es auf der Website der Stadt Augsburg: &#8222;Die Stadt w\u00fcrdigt den geb\u00fcrtigen Augsburger, der zu den bedeutendsten, deutschen Schriftstellern des 20. Jahrhunderts z\u00e4hlt, auch in diesem Jahr mit einem zehnt\u00e4gigen Festival.&#8220;  &#8230; die Besucher [erwartet] ein abwechslungsreiches Programm, das mehr oder weniger mit Bertolt Brecht zu tun haben k\u00f6nnte. Der absolute Knaller des Brechtfestivals ist allerdings der Auftritt der Dakh Daughters aus der Ukraine mit ihrem &#8222;Szenischen Konzert: Ukraine Fire&#8220; am 12.02.2023. Sie waren schon 2021 bei der &#8222;Coronama\u00dfnahmen&#8220;-bedingten Digitalausgabe des Festivals zu sehen, &#8222;wie Geishas geschminkt&#8220;, merkte die S\u00fcddeutsche Zeitung (01.03.2021) an.<\/p>\n","protected":false},"author":3,"featured_media":15242,"comment_status":"closed","ping_status":"closed","sticky":false,"template":"","format":"standard","meta":{"colormag_page_container_layout":"default_layout","colormag_page_sidebar_layout":"default_layout","advanced_seo_description":"","jetpack_seo_html_title":"","jetpack_seo_noindex":false,"jetpack_post_was_ever_published":false,"footnotes":""},"categories":[913],"tags":[1641,1190,605,451,407,1390,1111,639],"class_list":["post-15241","post","type-post","status-publish","format-standard","has-post-thumbnail","hentry","category-kultur-kunst","tag-bandera","tag-bertolt-brecht","tag-desinformation","tag-faschismus","tag-kunst","tag-literatur","tag-ukraine","tag-ukraine-konflikt"],"jetpack_featured_media_url":"https:\/\/i0.wp.com\/www.freidenker.org\/fw17\/wp-content\/uploads\/2023\/02\/Dakh_Daughters_Rudolstadt_18_800x450.jpg?fit=800%2C450&ssl=1","jetpack_shortlink":"https:\/\/wp.me\/p9stpK-3XP","jetpack-related-posts":[{"id":20481,"url":"https:\/\/www.freidenker.org\/?p=20481","url_meta":{"origin":15241,"position":0},"title":"Johanna Arndt: Die Menschheit hat den Verstand verloren","author":"Webredaktion","date":"9. Dezember 2024","format":false,"excerpt":"Kriegstageb\u00fccher von Astrid Lindgren 1939 \u2013 1945 - Lesung und Gesang Johanna Arndt liest aus den Tageb\u00fcchern Astrid Lindgrens und singt Lieder von J. Pr\u00e9vert, Bert Brecht, Kurt Tucholsky und Erwin Strittmatter. Am Piano begleitet wird sie von Anna von Rohden. Wann: Dienstag, 10. Dezember 2024, 18:00 Uhr Wo: Kulturzentrum\u2026","rel":"","context":"In &quot;Kultur &amp; Kunst&quot;","block_context":{"text":"Kultur &amp; Kunst","link":"https:\/\/www.freidenker.org\/?cat=913"},"img":{"alt_text":"","src":"https:\/\/i0.wp.com\/www.freidenker.org\/fw17\/wp-content\/uploads\/2024\/12\/arndt_von-rohden.jpg?fit=800%2C450&ssl=1&resize=350%2C200","width":350,"height":200,"srcset":"https:\/\/i0.wp.com\/www.freidenker.org\/fw17\/wp-content\/uploads\/2024\/12\/arndt_von-rohden.jpg?fit=800%2C450&ssl=1&resize=350%2C200 1x, https:\/\/i0.wp.com\/www.freidenker.org\/fw17\/wp-content\/uploads\/2024\/12\/arndt_von-rohden.jpg?fit=800%2C450&ssl=1&resize=525%2C300 1.5x, https:\/\/i0.wp.com\/www.freidenker.org\/fw17\/wp-content\/uploads\/2024\/12\/arndt_von-rohden.jpg?fit=800%2C450&ssl=1&resize=700%2C400 2x"},"classes":[]},{"id":9537,"url":"https:\/\/www.freidenker.org\/?p=9537","url_meta":{"origin":15241,"position":1},"title":"Geburtstagsst\u00e4ndchen f\u00fcr Bertolt Brecht","author":"Webredaktion","date":"10. Februar 2021","format":false,"excerpt":"Zum Geburtstag von Bertolt Brecht am 10. Februar singt Diether Dehm seine Neuinterpretation des Einheitsfrontliedes (Text Bertolt Brecht, Musik Hanns Eisler), arrangiert vor einer Ger\u00e4uschkulisse der Arbeitswelt von fr\u00fcher und heute.","rel":"","context":"In &quot;Kultur &amp; Kunst&quot;","block_context":{"text":"Kultur &amp; Kunst","link":"https:\/\/www.freidenker.org\/?cat=913"},"img":{"alt_text":"","src":"https:\/\/i0.wp.com\/www.freidenker.org\/fw17\/wp-content\/uploads\/2021\/02\/dehm_dsc_3271_800x450.jpg?fit=800%2C450&ssl=1&resize=350%2C200","width":350,"height":200,"srcset":"https:\/\/i0.wp.com\/www.freidenker.org\/fw17\/wp-content\/uploads\/2021\/02\/dehm_dsc_3271_800x450.jpg?fit=800%2C450&ssl=1&resize=350%2C200 1x, https:\/\/i0.wp.com\/www.freidenker.org\/fw17\/wp-content\/uploads\/2021\/02\/dehm_dsc_3271_800x450.jpg?fit=800%2C450&ssl=1&resize=525%2C300 1.5x, https:\/\/i0.wp.com\/www.freidenker.org\/fw17\/wp-content\/uploads\/2021\/02\/dehm_dsc_3271_800x450.jpg?fit=800%2C450&ssl=1&resize=700%2C400 2x"},"classes":[]},{"id":20811,"url":"https:\/\/www.freidenker.org\/?p=20811","url_meta":{"origin":15241,"position":2},"title":"Video: \u00dcber die Welt, den Weltkrieg, den Weltfrieden","author":"Webredaktion","date":"22. Januar 2025","format":false,"excerpt":"Gespr\u00e4che, Texte, Lieder im Caf\u00e9 Sibylle am Sonntagnachmittag des 12.01.2025 im Anschluss an die Ehrung von Karl Liebknecht und Rosa Luxemburg. Podiumsgespr\u00e4ch der Freidenker mit dem Journalisten Patrick Baab, Klaus Hartmann und Kulturbeitr\u00e4gen von Diether Dehm, Michael Letz und Welislawa Letz Heute tritt in den Vereinigten Staaten von Amerika ein\u2026","rel":"","context":"In &quot;Frieden - Antifaschismus - Solidarit\u00e4t&quot;","block_context":{"text":"Frieden - Antifaschismus - Solidarit\u00e4t","link":"https:\/\/www.freidenker.org\/?cat=13"},"img":{"alt_text":"","src":"https:\/\/i0.wp.com\/www.freidenker.org\/fw17\/wp-content\/uploads\/2025\/01\/sibylle_2025-01_800x450t.jpg?fit=800%2C450&ssl=1&resize=350%2C200","width":350,"height":200,"srcset":"https:\/\/i0.wp.com\/www.freidenker.org\/fw17\/wp-content\/uploads\/2025\/01\/sibylle_2025-01_800x450t.jpg?fit=800%2C450&ssl=1&resize=350%2C200 1x, https:\/\/i0.wp.com\/www.freidenker.org\/fw17\/wp-content\/uploads\/2025\/01\/sibylle_2025-01_800x450t.jpg?fit=800%2C450&ssl=1&resize=525%2C300 1.5x, https:\/\/i0.wp.com\/www.freidenker.org\/fw17\/wp-content\/uploads\/2025\/01\/sibylle_2025-01_800x450t.jpg?fit=800%2C450&ssl=1&resize=700%2C400 2x"},"classes":[]},{"id":16017,"url":"https:\/\/www.freidenker.org\/?p=16017","url_meta":{"origin":15241,"position":3},"title":"Befreiung vom Faschismus und Tag des Sieges 2023","author":"Webredaktion","date":"13. Mai 2023","format":false,"excerpt":"Wir dokumentieren - den Marsch des Unsterblichen Regiments am 07. Mai 2023 in Frankfurt am Main mit Kundgebung am Opernplatz und Demonstration zum R\u00f6merberg, Reden von Sebastian Bahlo (Text) und von Sergey Filbert (Video) - Bilder von der Gedenkstunde am 08.05.2023 zum Tag der Befreiung am Mahnmal f\u00fcr die Opfer\u2026","rel":"","context":"In &quot;Frieden - Antifaschismus - Solidarit\u00e4t&quot;","block_context":{"text":"Frieden - Antifaschismus - Solidarit\u00e4t","link":"https:\/\/www.freidenker.org\/?cat=13"},"img":{"alt_text":"","src":"https:\/\/i0.wp.com\/www.freidenker.org\/fw17\/wp-content\/uploads\/2023\/05\/TdB_2023_20230509_113616_800x450.jpg?fit=800%2C450&ssl=1&resize=350%2C200","width":350,"height":200,"srcset":"https:\/\/i0.wp.com\/www.freidenker.org\/fw17\/wp-content\/uploads\/2023\/05\/TdB_2023_20230509_113616_800x450.jpg?fit=800%2C450&ssl=1&resize=350%2C200 1x, https:\/\/i0.wp.com\/www.freidenker.org\/fw17\/wp-content\/uploads\/2023\/05\/TdB_2023_20230509_113616_800x450.jpg?fit=800%2C450&ssl=1&resize=525%2C300 1.5x, https:\/\/i0.wp.com\/www.freidenker.org\/fw17\/wp-content\/uploads\/2023\/05\/TdB_2023_20230509_113616_800x450.jpg?fit=800%2C450&ssl=1&resize=700%2C400 2x"},"classes":[]},{"id":15971,"url":"https:\/\/www.freidenker.org\/?p=15971","url_meta":{"origin":15241,"position":4},"title":"Deutsche Gewerkschaften schweigen zu Nazi-Terror \u2013 Gedenken an Opfer im Gewerkschaftshaus in Odessa","author":"Webredaktion","date":"7. Mai 2023","format":false,"excerpt":"Bericht von Felicitas Rabe \u00fcber eine Veranstaltung der hessischen Freidenker sowie ein Video von KCSB.TV Die hessischen Freidenker luden am Abend des 2. Mai 2023 zu einer Vorf\u00fchrung des Dokumentarfilms \"Remember Odessa\"\u00a0ein mit anschlie\u00dfender Diskussion \u00fcber den Hintergrund des Massakers und \u00fcber die politische Entwicklung in der Ukraine. Anl\u00e4sslich des\u2026","rel":"","context":"In &quot;Frieden - Antifaschismus - Solidarit\u00e4t&quot;","block_context":{"text":"Frieden - Antifaschismus - Solidarit\u00e4t","link":"https:\/\/www.freidenker.org\/?cat=13"},"img":{"alt_text":"","src":"https:\/\/i0.wp.com\/www.freidenker.org\/fw17\/wp-content\/uploads\/2023\/04\/remeber_odessa_800x450.jpg?fit=800%2C450&ssl=1&resize=350%2C200","width":350,"height":200,"srcset":"https:\/\/i0.wp.com\/www.freidenker.org\/fw17\/wp-content\/uploads\/2023\/04\/remeber_odessa_800x450.jpg?fit=800%2C450&ssl=1&resize=350%2C200 1x, https:\/\/i0.wp.com\/www.freidenker.org\/fw17\/wp-content\/uploads\/2023\/04\/remeber_odessa_800x450.jpg?fit=800%2C450&ssl=1&resize=525%2C300 1.5x, https:\/\/i0.wp.com\/www.freidenker.org\/fw17\/wp-content\/uploads\/2023\/04\/remeber_odessa_800x450.jpg?fit=800%2C450&ssl=1&resize=700%2C400 2x"},"classes":[]},{"id":6946,"url":"https:\/\/www.freidenker.org\/?p=6946","url_meta":{"origin":15241,"position":5},"title":"Konzert: Ich schreibe, um zu leben","author":"Webredaktion","date":"12. September 2019","format":false,"excerpt":"Doppelkonzert am 25.09.2019 in Darmstadt Im ersten Teil des Konzertes tr\u00e4gt Johanna Arndt Briefe aus Gef\u00e4ngnissen von Rosa Luxemburg, Ernst Th\u00e4lmann, Dietrich Bonhoeffer und Mumia Abu Jamal vor und singt dazwischen Lieder von Hanns Eisler mit Texten von Bert Brecht und ein Lied von Mordechaj Gebirtig begleitet von Anna von\u2026","rel":"","context":"In &quot;Kultur &amp; Kunst&quot;","block_context":{"text":"Kultur &amp; Kunst","link":"https:\/\/www.freidenker.org\/?cat=913"},"img":{"alt_text":"","src":"https:\/\/i0.wp.com\/www.freidenker.org\/fw17\/wp-content\/uploads\/2019\/09\/johanna-Nicolas2.jpg?fit=800%2C445&ssl=1&resize=350%2C200","width":350,"height":200,"srcset":"https:\/\/i0.wp.com\/www.freidenker.org\/fw17\/wp-content\/uploads\/2019\/09\/johanna-Nicolas2.jpg?fit=800%2C445&ssl=1&resize=350%2C200 1x, https:\/\/i0.wp.com\/www.freidenker.org\/fw17\/wp-content\/uploads\/2019\/09\/johanna-Nicolas2.jpg?fit=800%2C445&ssl=1&resize=525%2C300 1.5x, https:\/\/i0.wp.com\/www.freidenker.org\/fw17\/wp-content\/uploads\/2019\/09\/johanna-Nicolas2.jpg?fit=800%2C445&ssl=1&resize=700%2C400 2x"},"classes":[]}],"_links":{"self":[{"href":"https:\/\/www.freidenker.org\/index.php?rest_route=\/wp\/v2\/posts\/15241","targetHints":{"allow":["GET"]}}],"collection":[{"href":"https:\/\/www.freidenker.org\/index.php?rest_route=\/wp\/v2\/posts"}],"about":[{"href":"https:\/\/www.freidenker.org\/index.php?rest_route=\/wp\/v2\/types\/post"}],"author":[{"embeddable":true,"href":"https:\/\/www.freidenker.org\/index.php?rest_route=\/wp\/v2\/users\/3"}],"replies":[{"embeddable":true,"href":"https:\/\/www.freidenker.org\/index.php?rest_route=%2Fwp%2Fv2%2Fcomments&post=15241"}],"version-history":[{"count":0,"href":"https:\/\/www.freidenker.org\/index.php?rest_route=\/wp\/v2\/posts\/15241\/revisions"}],"wp:featuredmedia":[{"embeddable":true,"href":"https:\/\/www.freidenker.org\/index.php?rest_route=\/wp\/v2\/media\/15242"}],"wp:attachment":[{"href":"https:\/\/www.freidenker.org\/index.php?rest_route=%2Fwp%2Fv2%2Fmedia&parent=15241"}],"wp:term":[{"taxonomy":"category","embeddable":true,"href":"https:\/\/www.freidenker.org\/index.php?rest_route=%2Fwp%2Fv2%2Fcategories&post=15241"},{"taxonomy":"post_tag","embeddable":true,"href":"https:\/\/www.freidenker.org\/index.php?rest_route=%2Fwp%2Fv2%2Ftags&post=15241"}],"curies":[{"name":"wp","href":"https:\/\/api.w.org\/{rel}","templated":true}]}}