{"id":15194,"date":"2023-02-09T02:33:10","date_gmt":"2023-02-09T01:33:10","guid":{"rendered":"https:\/\/www.freidenker.org\/?p=15194"},"modified":"2023-03-11T18:34:48","modified_gmt":"2023-03-11T17:34:48","slug":"deutschland-auf-dem-weg-in-den-autoritaeren-staat","status":"publish","type":"post","link":"https:\/\/www.freidenker.org\/?p=15194","title":{"rendered":"Deutschland auf dem Weg in den autorit\u00e4ren Staat"},"content":{"rendered":"<h4>\u2013 Die Kampagne gegen Daniele Ganser<\/h4>\n<p><strong>Der Historiker Daniele Ganser musste auf politischen Druck gegen Veranstalter Vortr\u00e4ge absagen: Er ist damit nicht allein. Ein relevanter Teil der Deutschen hat grundlegende Prinzipien von Meinungsfreiheit nicht verstanden. Deutschland ist ohne Resilienz gegen Totalitarismus. <\/strong><\/p>\n<p><em>Von <strong>Gert Ewen Ungar<\/strong><\/em><\/p>\n<p><span style=\"font-size: 10pt;\">Erstver\u00f6ffentlichung am 07.02.2023 auf <a href=\"https:\/\/pressefreiheit.rtde.life\/meinung\/162164-kampagne-gegen-daniele-ganser\/\" target=\"_blank\" rel=\"noopener\">RT DE<\/a><\/span><\/p>\n<p>Dem Schweizer Historiker Daniele Ganser wurden auf politischen Druck und begleitet von einer Medienkampagne in mehreren deutschen St\u00e4dten Veranstaltungsr\u00e4ume gek\u00fcndigt. Ganser musste seine Vortr\u00e4ge daraufhin absagen.<\/p>\n<p>Es passiert ihm nicht zum ersten Mal, und es passiert nicht ihm allein. Deutschland eifert in Bezug auf die Beschneidung von Meinungs-, Presse- und Informationsfreiheit l\u00e4ngst mit totalit\u00e4ren Staaten und Diktaturen um die Wette. Der Unterschied ist lediglich, dass die repressiven Ma\u00dfnahmen in\u00a0Deutschland in den meisten F\u00e4llen nicht direkt durch staatliche Akteure ausge\u00fcbt werden. Die Repression wird bei diesem R\u00fcckfall Deutschlands ins Autorit\u00e4re nicht staatlich verordnet, sondern von Organisationen und Akteuren umgesetzt, die dem Staat vorgelagert sind.<\/p>\n<p>Die Antifa, ein urspr\u00fcnglich gegen das Wiedererstarken faschistischer Kr\u00e4fte gerichtetes, politisch linkes Netzwerk, spielt eine relevante Rolle f\u00fcr die konkrete Umsetzung repressiver Ma\u00dfnahmen. Staatlich gef\u00f6rderte Stiftungen wie beispielsweise die Amadeu Antonio Stiftung bereiten die begriffliche Grundlage f\u00fcr Repression und Diffamierung, und die gro\u00dfen deutschen Medien \u00fcbernehmen in der autorit\u00e4ren Kultur Deutschlands die Aufsicht \u00fcber das Narrativ. Sie sind in konzertierten Aktionen gleichzeitig Kl\u00e4ger und Richter gegen\u00fcber jenen, die \u00f6ffentlich eine Meinung au\u00dferhalb des eng gesteckten zugelassenen Meinungskorridors vertreten.<\/p>\n<p>An die Stelle von inhaltlicher Argumentation, dem wissenschaftlichen Streit, treten grobe Verschlagwortung, Diffamierung und Verunglimpfung. Verschlagwortung bedeutet, es wird zu Einordnungen gegriffen, die vort\u00e4uschen, es habe eine abschlie\u00dfende Diskussion bereits stattgefunden. Ganser sei ein &#8222;Verschw\u00f6rungsguru&#8220;, die Politikwissenschaftlerin Ulrike Gu\u00e9rot eine &#8222;faktenfreie Professorin&#8220;, die <em>NachDenkSeiten<\/em> seien &#8222;rechtsoffen&#8220;, Ken Jebsen ein &#8222;bekennender Antisemit&#8220;. Die \u00f6ffentliche Diffamierung geht f\u00fcr die Betroffenen mit umfassenden pers\u00f6nlichen Konsequenzen einher: Von Jobverlust bis pers\u00f6nliche Drohungen ist alles dabei.<\/p>\n<p>Die Liste von Personen, Organisationen und jungen Medien lie\u00dfe sich inzwischen nahezu endlos fortsetzen, die ohne eine echte inhaltliche Auseinandersetzung pauschal diffamiert werden, weil sie aufgrund eines eigenen, umfassenden Prozesses der Meinungsbildung zu einem anderen Ergebnis kamen als das,\u00a0das ebenjene vorstaatlichen Organisationen und die gro\u00dfen Medien als verbindlich vorgeben.<\/p>\n<p>Die rhetorische Strategie dabei ist, dass die diffamierenden Zuschreibungen eine inhaltliche Auseinandersetzung vort\u00e4uschen, die es nie gegeben hat. Wer das Attribut &#8222;Antisemit&#8220; benutzt, wird daf\u00fcr seine Gr\u00fcnde haben, es existiert f\u00fcr die Behauptung irgendwo ein Beweis, wird suggeriert. Eine weitere Auseinandersetzung lohnt daher nicht. Es soll sie auch nicht geben. Die Informationsfreiheit wird durch diese Technik in Deutschland massiv eingeschr\u00e4nkt. Die Grundlage f\u00fcr eine umfassende, freie Meinungsbildung wird verhindert.<\/p>\n<p>Strafrechtlich relevant ist das nicht, was Publizisten und Forscher wie Daniele Ganser vortragen. Auch die \u00c4u\u00dferungen von Gu\u00e9rot und die Ver\u00f6ffentlichung der <em>NachDenkSeiten<\/em> sind unter rechtlichen Gesichtspunkten nicht belangbar. Dennoch soll das, was sie vertreten, ungesagt und vor allem ungeh\u00f6rt bleiben.<\/p>\n<p>Jemandem wie dem Historiker Ganser steht eine eigene Meinung nicht zu, und es steht anderen nicht zu, f\u00fcr sich zu entscheiden, dass sie Gansers Meinung h\u00f6ren wollen. Das l\u00e4sst sich aus dem schlussfolgern, was in Bezug auf Gansers Vortragsreihe passiert ist. Erneut passiert ist, muss man hinzuf\u00fcgen. Deutschland ist in einem bedenklichen Geisteszustand. Und wie schon geschrieben \u2013 Ganser ist damit nicht allein. Was ihm widerf\u00e4hrt, ist ein in Deutschland inzwischen etabliertes Verfahren der Unterdr\u00fcckung der Informationsfreiheit.<\/p>\n<p>Es sind dabei vor allem sich selbst als links und liberal verstehende Gruppierungen, die sich \u00fcber Demokratie und Recht stellen, die glauben, dar\u00fcber entscheiden zu d\u00fcrfen, welche Meinung zul\u00e4ssig ist und geh\u00f6rt werden darf und welche unzul\u00e4ssig ist und zum Schweigen gebracht werden muss.<\/p>\n<p>Die Amadeu Antonio Stiftung beispielsweise gibt dazu konkrete <a href=\"https:\/\/www.amadeu-antonio-stiftung.de\/publikationen\/\" target=\"_blank\" rel=\"noopener noreferrer\">Materialen<\/a> und Handreichungen heraus, die vermeintlich wissenschaftlich die Notwendigkeit von repressiven Ma\u00dfnahmen begr\u00fcnden und aggressives Handeln legitimieren.<\/p>\n<p>Der Coup, der hier gelang, ist bemerkenswert. Aus einer sich als links verstehenden, progressiven Bewegung wie der Antifa wurde ein Instrument der breiten Kontrolle und \u00dcberwachung von Gesellschaft, das es sonst nur in totalit\u00e4ren Staaten gibt. Eine umfassende Aufsicht und Kontrolle \u00fcber Denken und Meinen. Sie blinken links und \u00fcberholen ganz weit rechts.<\/p>\n<p>Dass sich in Deutschland Menschen, die sich einem linken, progressiven Spektrum zurechnen, zu derart totalit\u00e4ren und autokratischen Mitteln greifen, zeigt, wie gering das tats\u00e4chlich in der Gesellschaft verankerte Demokratieverst\u00e4ndnis ist und wie mangelhaft das Wissen \u00fcber grundlegende demokratische Prinzipien in Deutschland pr\u00e4sent ist. Darin zeigt sich auch, wie wenig Resilienz Deutschland gegen das Aufkommen von totalit\u00e4rem Denken besitzt. Die Organisationen, die sich die Verteidigung von Demokratie auf die Fahnen geschrieben haben, betreiben faktisch die Zerst\u00f6rung und Zersetzung ihrer Grundlagen.<\/p>\n<p>Ein umfassendes Verst\u00e4ndnis, wie Demokratie funktioniert, ist in relevanten Teilen der deutschen Gesellschaft offenbar nicht pr\u00e4sent. Das Verst\u00e4ndnis daf\u00fcr, dass Demokratie bedeutet, andere Meinungen nicht nur aushalten, sondern aktiv zulassen zu m\u00fcssen, ist vor allem den Millennials nicht erfolgreich vermittelt worden.<\/p>\n<p>Ein gesellschaftliches Korrektiv zu dieser Fehlentwicklung ist nicht in Sicht. Was das f\u00fcr die Zukunft Deutschlands bedeutet, kann sich jeder selbst ausmalen. Daniele Ganser und mit ihm viele andere k\u00f6nnen sich darauf einstellen, dass ihnen auch in Zukunft in Deutschland immer h\u00e4ufiger \u00f6ffentliche Auftritte verwehrt und sie auch pers\u00f6nlich angegangen werden.<\/p>\n<p style=\"text-align: right;\"><em>Gert-Ewen Ungar studierte Philosophie und Germanistik und arbeitet als P\u00e4dagoge in der Sozialpsychiatrie in Berlin<\/em><\/p>\n<hr \/>\n<p><span style=\"font-size: 10pt;\"><span class=\"cc-license-identifier\">Bild oben: Antifa-Demo am 06.06.202 in Leipzig<br \/>\nFoto:\u00a0<\/span>Gregor W\u00fcnsch,\u00a0<span class=\"cc-license-identifier\"><a href=\"https:\/\/creativecommons.org\/licenses\/by-sa\/2.0\/\" target=\"_blank\" rel=\"noopener\">CC BY-SA 2.0<\/a><br \/>\nQuelle: <a href=\"https:\/\/www.flickr.com\/photos\/gregthwuen\/50025703422\" target=\"_blank\" rel=\"noopener\">https:\/\/www.flickr.com\/photos\/gregthwuen\/50025703422<\/a><\/span><\/span><\/p>\n","protected":false},"excerpt":{"rendered":"<p><b>Beitrag von Gert Ewen Ungar<\/b><br \/>\nDem Schweizer Historiker Daniele Ganser wurden auf politischen Druck und begleitet von einer Medienkampagne in mehreren deutschen St\u00e4dten Veranstaltungsr\u00e4ume gek\u00fcndigt. Ganser musste seine Vortr\u00e4ge daraufhin absagen. Es passiert ihm nicht zum ersten Mal, und es passiert nicht ihm allein. Deutschland eifert in Bezug auf die Beschneidung von Meinungs-, Presse- und Informationsfreiheit l\u00e4ngst mit totalit\u00e4ren Staaten und Diktaturen um die Wette. Der Unterschied ist lediglich, dass die repressiven Ma\u00dfnahmen in\u00a0Deutschland in den meisten F\u00e4llen nicht direkt durch staatliche Akteure ausge\u00fcbt werden. Die Repression wird bei diesem R\u00fcckfall Deutschlands ins Autorit\u00e4re nicht staatlich verordnet, sondern von Organisationen und Akteuren umgesetzt, die dem Staat vorgelagert sind.<\/p>\n","protected":false},"author":3,"featured_media":15195,"comment_status":"closed","ping_status":"closed","sticky":false,"template":"","format":"standard","meta":{"colormag_page_container_layout":"default_layout","colormag_page_sidebar_layout":"default_layout","advanced_seo_description":"","jetpack_seo_html_title":"","jetpack_seo_noindex":false,"jetpack_post_was_ever_published":false,"footnotes":""},"categories":[12],"tags":[348,1458,162,1476,672,964,1456,596,1082],"class_list":["post-15194","post","type-post","status-publish","format-standard","has-post-thumbnail","hentry","category-demokratie-medien-aufklaerung","tag-antifa","tag-bedrohung","tag-demokratie","tag-diffamierung","tag-linke-politik","tag-medienhetze","tag-meinungsbildung","tag-pressefreiheit","tag-totalitarismus"],"jetpack_featured_media_url":"https:\/\/i0.wp.com\/www.freidenker.org\/fw17\/wp-content\/uploads\/2023\/02\/antifa_388bc1a65b_c_800x450.jpg?fit=800%2C450&ssl=1","jetpack_shortlink":"https:\/\/wp.me\/p9stpK-3X4","jetpack-related-posts":[{"id":15606,"url":"https:\/\/www.freidenker.org\/?p=15606","url_meta":{"origin":15194,"position":0},"title":"Solidarit\u00e4t mit Daniele Ganser","author":"Webredaktion","date":"27. M\u00e4rz 2023","format":false,"excerpt":"In einer Reihe von St\u00e4dten, in denen Vortragsveranstaltungen des Schweizer Historikers und Friedensforschers Dr. Daniele Ganser angek\u00fcndigt wurden, verlangten \"B\u00fcndnisse\" von Pseudoantifaschisten von Stadtverwaltungen und Hallenbetreibern die Absage der Veranstaltungen. In \"Offenen Briefen\" u. a. Texten wird Ganser mit den sattsam bekannten Diffamierungsvokabeln (Antiamerikaner, Verschw\u00f6rungstheoretiker, Corona-Leugner, Antisemit etc.) \u00fcbersch\u00fcttet. In\u2026","rel":"","context":"In &quot;Zeit der Verleumder - Freidenker f\u00fcr Klartext&quot;","block_context":{"text":"Zeit der Verleumder - Freidenker f\u00fcr Klartext","link":"https:\/\/www.freidenker.org\/?cat=937"},"img":{"alt_text":"","src":"https:\/\/i0.wp.com\/www.freidenker.org\/fw17\/wp-content\/uploads\/2023\/03\/klartext_Daniele_Ganser_Dortmund_2023_800x450.jpg?fit=800%2C450&ssl=1&resize=350%2C200","width":350,"height":200,"srcset":"https:\/\/i0.wp.com\/www.freidenker.org\/fw17\/wp-content\/uploads\/2023\/03\/klartext_Daniele_Ganser_Dortmund_2023_800x450.jpg?fit=800%2C450&ssl=1&resize=350%2C200 1x, https:\/\/i0.wp.com\/www.freidenker.org\/fw17\/wp-content\/uploads\/2023\/03\/klartext_Daniele_Ganser_Dortmund_2023_800x450.jpg?fit=800%2C450&ssl=1&resize=525%2C300 1.5x, https:\/\/i0.wp.com\/www.freidenker.org\/fw17\/wp-content\/uploads\/2023\/03\/klartext_Daniele_Ganser_Dortmund_2023_800x450.jpg?fit=800%2C450&ssl=1&resize=700%2C400 2x"},"classes":[]},{"id":5128,"url":"https:\/\/www.freidenker.org\/?p=5128","url_meta":{"origin":15194,"position":1},"title":"Rufmord","author":"Webredaktion","date":"15. November 2017","format":false,"excerpt":"Beitrag von Helene und Ansgar Klein In dem Internetauftritt der Kampagne \u201eKrieg beginnt hier\u201c erschien nach der \u201eStopp Ramstein-Aktion 2017\u201c der Artikel: \u201eKampagne \u201aStopp Airbase Ramstein 2017\u2019: Licht und Schatten\u201c. Dieser Artikel ist in unseren Augen ein derma\u00dfen massiver Angriff auf eine wichtige Kampagne der Friedensbewegung und auf deren Organisatoren\u2026","rel":"","context":"In &quot;Zeit der Verleumder - Freidenker f\u00fcr Klartext&quot;","block_context":{"text":"Zeit der Verleumder - Freidenker f\u00fcr Klartext","link":"https:\/\/www.freidenker.org\/?cat=937"},"img":{"alt_text":"","src":"https:\/\/i0.wp.com\/www.freidenker.org\/fw17\/wp-content\/uploads\/2017\/11\/Ganser_800x445.jpg?fit=800%2C445&ssl=1&resize=350%2C200","width":350,"height":200,"srcset":"https:\/\/i0.wp.com\/www.freidenker.org\/fw17\/wp-content\/uploads\/2017\/11\/Ganser_800x445.jpg?fit=800%2C445&ssl=1&resize=350%2C200 1x, https:\/\/i0.wp.com\/www.freidenker.org\/fw17\/wp-content\/uploads\/2017\/11\/Ganser_800x445.jpg?fit=800%2C445&ssl=1&resize=525%2C300 1.5x, https:\/\/i0.wp.com\/www.freidenker.org\/fw17\/wp-content\/uploads\/2017\/11\/Ganser_800x445.jpg?fit=800%2C445&ssl=1&resize=700%2C400 2x"},"classes":[]},{"id":18276,"url":"https:\/\/www.freidenker.org\/?p=18276","url_meta":{"origin":15194,"position":2},"title":"Wiederholungszwang bei Fehlern","author":"Webredaktion","date":"22. Februar 2024","format":false,"excerpt":"Beitrag von Gert Ewen Ungar In Deutschland entwickelt sich eine hochbrisante gesellschaftspolitische Gemengelage aus Repression, wirtschaftlichem Niedergang und Kriegswillen. Es hat den Anschein, als w\u00fcrde Deutschland wie im Zwang alle seine gemachten historischen Fehler wiederholen. Das Bild, das Deutschland abgibt, verhei\u00dft f\u00fcr die Zukunft nichts Gutes. Im Inland herrscht ein\u2026","rel":"","context":"In &quot;Demokratie \u2013 Medien \u2013 Aufkl\u00e4rung&quot;","block_context":{"text":"Demokratie \u2013 Medien \u2013 Aufkl\u00e4rung","link":"https:\/\/www.freidenker.org\/?cat=12"},"img":{"alt_text":"","src":"https:\/\/i0.wp.com\/www.freidenker.org\/fw17\/wp-content\/uploads\/2024\/02\/Reichstag_after_the_allied_bombing_of_Berlin_800x450.jpg?fit=800%2C450&ssl=1&resize=350%2C200","width":350,"height":200,"srcset":"https:\/\/i0.wp.com\/www.freidenker.org\/fw17\/wp-content\/uploads\/2024\/02\/Reichstag_after_the_allied_bombing_of_Berlin_800x450.jpg?fit=800%2C450&ssl=1&resize=350%2C200 1x, https:\/\/i0.wp.com\/www.freidenker.org\/fw17\/wp-content\/uploads\/2024\/02\/Reichstag_after_the_allied_bombing_of_Berlin_800x450.jpg?fit=800%2C450&ssl=1&resize=525%2C300 1.5x, https:\/\/i0.wp.com\/www.freidenker.org\/fw17\/wp-content\/uploads\/2024\/02\/Reichstag_after_the_allied_bombing_of_Berlin_800x450.jpg?fit=800%2C450&ssl=1&resize=700%2C400 2x"},"classes":[]},{"id":19405,"url":"https:\/\/www.freidenker.org\/?p=19405","url_meta":{"origin":15194,"position":3},"title":"FREIDENKER 2-24 \u2013 Protestbewegungen: Strategien der Zersetzung und Spaltung","author":"Webredaktion","date":"1. Juli 2024","format":false,"excerpt":"Die Ausgabe 2-24 des Verbandsorgans FREIDENKER hat das Schwerpunkt-Thema \u201eProtestbewegungen: Strategien der Zersetzung und Spaltung und was dagegen zu tun ist\u201c und enth\u00e4lt u.a. folgende Beitr\u00e4ge: - Dagmar Henn: \u201eHassrede\u201c: Rigorose Sprechverbote bedrohen die Grundlagen der Zivilisation - Mona Aranea: Rechtsoffen? Impfgegner? Spaltung und Zersetzung in der Friedensbewegung - und\u2026","rel":"","context":"In &quot;Verbandsorgan FREIDENKER&quot;","block_context":{"text":"Verbandsorgan FREIDENKER","link":"https:\/\/www.freidenker.org\/?cat=8"},"img":{"alt_text":"","src":"https:\/\/i0.wp.com\/www.freidenker.org\/fw17\/wp-content\/uploads\/2024\/07\/FD_2024-02_Titel_mR.jpg?fit=800%2C445&ssl=1&resize=350%2C200","width":350,"height":200,"srcset":"https:\/\/i0.wp.com\/www.freidenker.org\/fw17\/wp-content\/uploads\/2024\/07\/FD_2024-02_Titel_mR.jpg?fit=800%2C445&ssl=1&resize=350%2C200 1x, https:\/\/i0.wp.com\/www.freidenker.org\/fw17\/wp-content\/uploads\/2024\/07\/FD_2024-02_Titel_mR.jpg?fit=800%2C445&ssl=1&resize=525%2C300 1.5x, https:\/\/i0.wp.com\/www.freidenker.org\/fw17\/wp-content\/uploads\/2024\/07\/FD_2024-02_Titel_mR.jpg?fit=800%2C445&ssl=1&resize=700%2C400 2x"},"classes":[]},{"id":15719,"url":"https:\/\/www.freidenker.org\/?p=15719","url_meta":{"origin":15194,"position":4},"title":"&#8222;Entz\u00fcckend, hoch kreativ&#8220; \u2013 Marieluise Beck und ihre Liebe zum Faschismus","author":"Webredaktion","date":"7. April 2023","format":false,"excerpt":"Beitrag von Gert Ewen Ungar Mit einem einzigen Tweet verdeutlicht die rechte, neokonservative Politikerin Marieluise Beck, was heute in Deutschland in der sogenannten \"Mitte\" der Gesellschaft schief l\u00e4uft: es fehlt dieser sich gern als linksliberal verstehenden \"Mitte\" an Resilienz gegen Faschismus.\u00a0Marieluise Beck betreibt mit ihrem Mann Ralf F\u00fccks einen einflussreichen,\u2026","rel":"","context":"In &quot;Demokratie \u2013 Medien \u2013 Aufkl\u00e4rung&quot;","block_context":{"text":"Demokratie \u2013 Medien \u2013 Aufkl\u00e4rung","link":"https:\/\/www.freidenker.org\/?cat=12"},"img":{"alt_text":"","src":"https:\/\/i0.wp.com\/www.freidenker.org\/fw17\/wp-content\/uploads\/2023\/04\/beck_642c408db480cc09e5495e4d_800x450.jpg?fit=800%2C450&ssl=1&resize=350%2C200","width":350,"height":200,"srcset":"https:\/\/i0.wp.com\/www.freidenker.org\/fw17\/wp-content\/uploads\/2023\/04\/beck_642c408db480cc09e5495e4d_800x450.jpg?fit=800%2C450&ssl=1&resize=350%2C200 1x, https:\/\/i0.wp.com\/www.freidenker.org\/fw17\/wp-content\/uploads\/2023\/04\/beck_642c408db480cc09e5495e4d_800x450.jpg?fit=800%2C450&ssl=1&resize=525%2C300 1.5x, https:\/\/i0.wp.com\/www.freidenker.org\/fw17\/wp-content\/uploads\/2023\/04\/beck_642c408db480cc09e5495e4d_800x450.jpg?fit=800%2C450&ssl=1&resize=700%2C400 2x"},"classes":[]},{"id":17582,"url":"https:\/\/www.freidenker.org\/?p=17582","url_meta":{"origin":15194,"position":5},"title":"Was ist \u201eRechts\u201c, was ist \u201eLinks\u201c?","author":"Webredaktion","date":"25. November 2023","format":false,"excerpt":"Beitrag von Klaus Hartmann In den letzten Jahren ist es zunehmend \u00fcblich geworden, Menschen und Proteste als \u201erechts\u201c zu etikettieren, wenn sie sich gegen den \u201eMainstream\u201c oder den Kurs der Regierung wenden. Wer zur Zuwanderung, den \u201eCorona-Ma\u00dfnahmen\u201c, zum \u201eKlima\u201c oder dem Heizungsgesetz, zu den Kriegen in der Ukraine oder in\u2026","rel":"","context":"In &quot;Demokratie \u2013 Medien \u2013 Aufkl\u00e4rung&quot;","block_context":{"text":"Demokratie \u2013 Medien \u2013 Aufkl\u00e4rung","link":"https:\/\/www.freidenker.org\/?cat=12"},"img":{"alt_text":"","src":"https:\/\/i0.wp.com\/www.freidenker.org\/fw17\/wp-content\/uploads\/2023\/11\/directory-5413030_800x450.jpg?fit=800%2C450&ssl=1&resize=350%2C200","width":350,"height":200,"srcset":"https:\/\/i0.wp.com\/www.freidenker.org\/fw17\/wp-content\/uploads\/2023\/11\/directory-5413030_800x450.jpg?fit=800%2C450&ssl=1&resize=350%2C200 1x, https:\/\/i0.wp.com\/www.freidenker.org\/fw17\/wp-content\/uploads\/2023\/11\/directory-5413030_800x450.jpg?fit=800%2C450&ssl=1&resize=525%2C300 1.5x, https:\/\/i0.wp.com\/www.freidenker.org\/fw17\/wp-content\/uploads\/2023\/11\/directory-5413030_800x450.jpg?fit=800%2C450&ssl=1&resize=700%2C400 2x"},"classes":[]}],"_links":{"self":[{"href":"https:\/\/www.freidenker.org\/index.php?rest_route=\/wp\/v2\/posts\/15194","targetHints":{"allow":["GET"]}}],"collection":[{"href":"https:\/\/www.freidenker.org\/index.php?rest_route=\/wp\/v2\/posts"}],"about":[{"href":"https:\/\/www.freidenker.org\/index.php?rest_route=\/wp\/v2\/types\/post"}],"author":[{"embeddable":true,"href":"https:\/\/www.freidenker.org\/index.php?rest_route=\/wp\/v2\/users\/3"}],"replies":[{"embeddable":true,"href":"https:\/\/www.freidenker.org\/index.php?rest_route=%2Fwp%2Fv2%2Fcomments&post=15194"}],"version-history":[{"count":0,"href":"https:\/\/www.freidenker.org\/index.php?rest_route=\/wp\/v2\/posts\/15194\/revisions"}],"wp:featuredmedia":[{"embeddable":true,"href":"https:\/\/www.freidenker.org\/index.php?rest_route=\/wp\/v2\/media\/15195"}],"wp:attachment":[{"href":"https:\/\/www.freidenker.org\/index.php?rest_route=%2Fwp%2Fv2%2Fmedia&parent=15194"}],"wp:term":[{"taxonomy":"category","embeddable":true,"href":"https:\/\/www.freidenker.org\/index.php?rest_route=%2Fwp%2Fv2%2Fcategories&post=15194"},{"taxonomy":"post_tag","embeddable":true,"href":"https:\/\/www.freidenker.org\/index.php?rest_route=%2Fwp%2Fv2%2Ftags&post=15194"}],"curies":[{"name":"wp","href":"https:\/\/api.w.org\/{rel}","templated":true}]}}