{"id":15170,"date":"2023-02-05T15:55:04","date_gmt":"2023-02-05T14:55:04","guid":{"rendered":"https:\/\/www.freidenker.org\/?p=15170"},"modified":"2023-02-19T13:33:35","modified_gmt":"2023-02-19T12:33:35","slug":"oesterreich-und-ungarn-brueskieren-eu-nato-kriegstreiber","status":"publish","type":"post","link":"https:\/\/www.freidenker.org\/?p=15170","title":{"rendered":"\u00d6sterreich und Ungarn br\u00fcskieren EU-NATO-Kriegstreiber"},"content":{"rendered":"<p><strong>Kiew schnaubt vor Wut auf Viktor Orb\u00e1n, der einige unbequeme Wahrheiten \u00fcber die Ukraine ausgesprochen hat. In einem langen Gespr\u00e4ch mit ausl\u00e4ndischen Journalisten hatte sich Orb\u00e1n auch zu Themen ge\u00e4u\u00dfert wie die wachsende Kluft zwischen Ungarn und dem Rest der EU. <\/strong><\/p>\n<p><em>Von <strong>Rainer Rupp<\/strong><\/em><\/p>\n<p><span style=\"font-size: 10pt;\">Erstver\u00f6ffentlichung am 03.02.2023 auf <a href=\"https:\/\/meinungsfreiheit.rtde.life\/meinung\/161783-oesterreich-und-ungarn-brueskieren-eu-nato-kriegstreiber\/\" target=\"_blank\" rel=\"noopener\">RT DE<\/a><\/span><\/p>\n<p>Bei einer <a href=\"https:\/\/www.euractiv.de\/section\/europa-kompakt\/news\/oesterreich-und-ungarn-liefern-weiter-keine-waffen-in-die-ukraine\/?_ga=2.118007680.822416751.1675294293-65070190.1675294293\" target=\"_blank\" rel=\"noopener noreferrer\">gemeinsamen Pressekonferenz<\/a> am 30. Januar in Budapest erkl\u00e4rten die \u00f6sterreichische Verteidigungsministerin Klaudia Tanner und ihrer ungarischer Amtskollege Krist\u00f3f Szalay-Bobrovniczky, dass sich beide L\u00e4nder einig sind, auch weiterhin keine Waffen in die Ukraine zu schicken, um eine weitere Eskalation zu verhindern. \u00d6sterreich und Ungarn st\u00fcnden auf der Seite des Friedens, betonte Szalay-Bobrovniczky, und statt Waffen zu liefern, leisteten beide humanit\u00e4re Hilfe f\u00fcr Kriegsfl\u00fcchtlinge.<\/p>\n<p>F\u00fcr beide L\u00e4nder sei eine enge Zusammenarbeit das Wichtigste, denn &#8222;wir leben in einer Zeit der Gefahr&#8220;, sagte der ungarische Verteidigungsminister, und seine Kollegin Tanner erkl\u00e4rte, die gr\u00f6\u00dfte Gefahr bestehe darin, dass der Krieg auf EU-L\u00e4nder \u00fcbergreife. Dies sei nicht nur eine Frage des konventionellen Krieges, sondern auch ein Zusammenspiel mit hybrider Kriegsf\u00fchrung und einer Zunahme der Migration im Allgemeinen. &#8222;Nicht nur in \u00d6sterreich sind die Auswirkungen enorm zu sp\u00fcren, sondern auch in Ungarn. Schlussendlich verl\u00e4uft die Fl\u00fcchtlingsroute durch unser Nachbarland zu uns&#8220;, betonte Tanner.<\/p>\n<p>Das war sicher mit ein Grund, warum die Selenskij-Regierung in Kiew vor Wut schnaubend den ungarischen Botschafter einbestellt hat. Aber noch emp\u00f6rter war die Ukraine, weil kurz zuvor in einer Runde mit ausl\u00e4ndischen Journalisten der ungarische Ministerpr\u00e4sident Viktor Orb\u00e1n die unbequemen Wahrheiten \u00fcber die Ukraine ausgesprochen hatte.<\/p>\n<p>In einem formellen Protest protestierte Kiew gegen die &#8222;herabsetzenden&#8220; \u00c4u\u00dferungen Orb\u00e1ns \u00fcber die Ukraine, und das ukrainische Au\u00dfenministerium forderte Budapest auf, die als &#8222;antiukrainisch&#8220; bezeichnete Rhetorik einzustellen.<\/p>\n<p>Was hatte Orb\u00e1n getan, um die Selenskij-Regierungsschauspieler so tief zu verletzten? Bei dem besagten Gespr\u00e4ch mit Journalisten hatte er die Ukraine u. a. als Niemandsland bezeichnet und mit dem von USA\/NATO verw\u00fcsteten Afghanistan verglichen, so die britische Nachrichtenagentur <a href=\"https:\/\/www.yahoo.com\/entertainment\/ukraine-tells-hungary-anti-ukrainian-170115137.html\"><em>Reuters<\/em><\/a>. Daraufhin warnte das ukrainische Au\u00dfenministerium die Ungarn vor &#8222;schweren Sch\u00e4den f\u00fcr die ukrainisch-ungarischen Beziehungen&#8220; und f\u00fcgte hinzu: &#8222;Die ungarische Seite wurde aufgefordert, diesen negativen Trend zu stoppen, um irreparable Folgen f\u00fcr die Beziehungen zwischen den beiden L\u00e4ndern zu vermeiden.&#8220; Die Ungarn k\u00f6nnen \u00fcber diese Reaktion nur froh sein, denn Wladimir Selenskij wird von ihnen so schnell nicht wieder in der von ihm gewohnten unversch\u00e4mten Weise Geld und Waffen fordern, als h\u00e4tte man gegen\u00fcber dem Land eine Bringschuld.<\/p>\n<p>Ohne Zweifel hat die gemeinsame \u00f6sterreich-ungarische Erkl\u00e4rung zu Beginn der Woche, keine Waffen in die Ukraine schicken, und stattdessen dringend vor der Gefahr einer Spirale in einen Dritten Weltkrieg Alarm zu schlagen, die Selenskij-Clique stark ver\u00e4rgert und frustriert.<\/p>\n<p>Neben der Tatsache, dass Ungarn die EU-Sanktionen gegen Russland von Anfang an kritisiert und viele nicht mitgetragen hat, gab es eine Reihe anderer &#8222;Kr\u00e4nkungen&#8220; der Ukraine, die eher symbolischer Natur waren, jedoch das Zeug hatten, die gespannte Lage zwischen den beiden L\u00e4ndern zu intensivieren. Als Beispiel sei hier die Episode mit dem Fu\u00dfballschal erw\u00e4hnt: Kiew beschwerte sich letztes Jahr bei Ungarn, nachdem Orb\u00e1n zu einem Fu\u00dfballspiel mit einem Schal gegangen war, der angeblich eine Landkarte gezeigt hatte, auf dem ein ukrainisches Territorium, in dem eine mehrheitlich ungarische Minderheit lebt, als Teil Ungarnsdargestellt worden war.<\/p>\n<p>Der ernste Hintergrund ist, dass in den letzten Jahren in Ungarn die Wut \u00fcber die Behandlung der ungarischen Minderheit in der ukrainischen Grenzregion als Menschen zweiter Klasse durch die Rechtsextremisten in Kiew hohe Wellen geschlagen hat. Zu den Schikanen gegen die in der Ukraine lebenden ethnischen Ungarn geh\u00f6rt u. a. dass sie ihre Muttersprache im Bildungsbereich und im Verkehr mit \u00c4mtern und Verwaltung nicht mehr benutzen d\u00fcrfen, nachdem die Ukraine 2017 ein Gesetz verabschiedet hatte, das auch im Donbass den Gebrauch der russischen Sprache in den Schulen verboten hatte.<\/p>\n<p>Aber werfen wir jetzt einen Blick auf die bereits erw\u00e4hnte zweist\u00fcndige Diskussionsrunde des ungarischen Ministerpr\u00e4sidenten mit einer kleinen Gruppe ausl\u00e4ndischer Journalisten und Verleger, darunter auch einige, die Orb\u00e1n kritisch gegen\u00fcberstehen. Es waren seine sehr detaillierten Ansichten zum russisch-ukrainischen Krieg und seine \u00c4ngste um die Zukunft des Konflikts, die den Wutausbruch der Regierungsbeamten in Kiew verursacht haben.<\/p>\n<p><em>Der amerikanische Journalist und Autor <strong>Rod Dreher<\/strong> war bei der Diskussion anwesend und hat seine Notizen, in denen er detailliert darlegt, was Orb\u00e1n gesagt hat, im seinem Blog bei <\/em><a href=\"https:\/\/www.theamericanconservative.com\/viktor-orban-we-are-in-a-war-with-russia\/\">The American Conservative<\/a>\u00a0<em>ver\u00f6ffentlicht. <\/em><em>Hiernach folgen einige Ausz\u00fcge:<\/em><\/p>\n<p style=\"padding-left: 40px;\"><strong>Orb\u00e1n: Warum Russland nicht nachgeben wird<\/strong><\/p>\n<p style=\"padding-left: 40px;\">Orb\u00e1n erkl\u00e4rte, der Westen m\u00fcsse verstehen, dass Putin nicht verlieren k\u00f6nne und werde. Russland kann nicht zulassen, dass die NATO eine Pr\u00e4senz in der Ukraine aufbaut. Russland wollte eine befreundete Regierung in der Ukraine installieren. H\u00e4tte Russland einen schnellen Sieg errungen, w\u00e4re das vielleicht m\u00f6glich gewesen, aber jetzt ist es hoffnungslos. Die Zeit daf\u00fcr ist l\u00e4ngst vorbei. Deshalb ist es jetzt Russlands Ziel, die Ukraine zu einem unregierbaren Wrack zu machen, sodass der Westen sie nicht als Preis beanspruchen kann. Das ist ihnen bereits gelungen.<\/p>\n<p style=\"padding-left: 40px;\"><strong>Eskalation ist jetzt unvermeidlich<\/strong><\/p>\n<p style=\"padding-left: 40px;\">&#8222;Wir stecken in gro\u00dfen, gro\u00dfen Schwierigkeiten&#8220;, sagte er \u00fcber den Westen. Wenn Russlands kommende Fr\u00fchjahrsoffensive erfolgreich ist, dann werden die NATO-L\u00e4nder vor der Frage stehen, ob wir Soldaten entsenden, um f\u00fcr die Ukraine zu k\u00e4mpfen. Orb\u00e1n glaubt, dass das etwas ist, \u00fcber das das US-amerikanische Volk nicht nachdenkt, aber es steht im Fokus einer wachsenden Zahl von Europ\u00e4ern, deren L\u00e4nder verw\u00fcstet werden, wenn sich der Krieg ausbreitet.<\/p>\n<p style=\"padding-left: 40px;\">Aus der Runde der ungl\u00e4ubigen Journalisten kam die Frage: &#8222;Wirklich? NATO-Truppen k\u00e4mpfen gegen Russen in der Ukraine?&#8220;<\/p>\n<p style=\"padding-left: 40px;\">Ja, entgegnete Orb\u00e1n. Es klinge heute verr\u00fcckt, &#8222;aber wenn man sich die Tendenz anschaut, wie wir heute an diesen Punkt gekommen sind, kann es nicht ausgeschlossen werden&#8220;.<\/p>\n<p>An dieser Stelle sei ein aktueller Einschub erlaubt:<\/p>\n<p><strong>Am 1. Februar 2023 hob der ehemalige britische Verteidigungsminister, der von der Queen geadelte <\/strong><strong>Sir Gerald Howarth, <\/strong><strong>in einem Fernsehinterview hervor: &#8222;Die NATO muss m\u00f6glicherweise Bodentruppen in die Ukraine entsenden.&#8220; Der Link zum Video ist <\/strong><a href=\"https:\/\/twitter.com\/i\/status\/1620343490319380480\"><strong>hier<\/strong><\/a><strong>.<\/strong><\/p>\n<p style=\"padding-left: 40px;\"><span style=\"font-size: 10pt;\">[Forts. Rod Dreher]<\/span><\/p>\n<p style=\"padding-left: 40px;\">Orb\u00e1n hat die westliche Kriegsdynamik in Form der Salamitaktik verstanden, denn gegen\u00fcber den Journalisten f\u00fchrt er weiter aus, dass der Westen sich &#8222;in einem Krieg mit Russland befindet. Das ist die Realit\u00e4t! Jeden Tag bewegen wir uns weiter.&#8220;<\/p>\n<p style=\"padding-left: 40px;\">In der Diskussion distanziert sich Orb\u00e1n unzweideutig von dieser Politik des Westens. Er dr\u00e4ngt auf Frieden und hat von Anfang an erkl\u00e4rt, dass aus diesem Krieg niemand als Gewinner hervorgeht. Aber er sagt, dass viel zu viele im Westen sich dar\u00fcber hinwegt\u00e4uschen, was wirklich passiert \u2013 und was passieren k\u00f6nnte. Die westlichen Politiker m\u00f6gen vielleicht glauben, dass sie sich nicht im Krieg mit Russland befinden, aber indem sie immer mehr Waffen schicken und eine tats\u00e4chlichen Intervention mit NATO-Truppen immer wahrscheinlicher wird, spielen die westlichen Oberh\u00e4upter ein extrem gef\u00e4hrliches Spiel mit sich selbst, mit Russland und mit der westlichen \u00d6ffentlichkeit, so Orb\u00e1n.<\/p>\n<p style=\"padding-left: 40px;\"><strong>Die M\u00f6glichkeit eines Atomkriegs?<\/strong><\/p>\n<p style=\"padding-left: 40px;\">Ein Journalist fragte den Ministerpr\u00e4sidenten, ob er glaube, dass der Krieg nuklear werden k\u00f6nnte. &#8222;Ich kann nicht ausschlie\u00dfen, dass es dazu kommt&#8220;, erwiderte er. Weiter stellte er fest, dass er von taktischen Atomwaffen auf dem Schlachtfeld spreche, nicht von Atompilzwolken \u00fcber Warschau und Berlin \u2013 &#8222;aber auch das kann ich nicht ausschlie\u00dfen&#8220;, so Orb\u00e1n. Wenn die Ukraine mithilfe weiterer massiver westlicher Waffenlieferungen irgendwie doch an den Punkt k\u00e4me, die Grenze auf russisches Territorium zu \u00fcberqueren, dann w\u00fcrde die Zukunft der Welt so &#8222;hell&#8220;, dass der Westen starke Sonnengl\u00e4ser tragen muss.<\/p>\n<p style=\"padding-left: 40px;\">Einer der Journalisten bemerkte, dass die Russen bisher auf dem Schlachtfeld wenig geleistet h\u00e4tten. Ja, antwortete Orb\u00e1n, das ist wahr. Aber wenn man sich die russische Geschichte anschaut, dann war es immer so mit den Russen im Krieg. Sie beginnen schlecht, aber nach einer Weile haben sie gelernt und sich angepasst, dann sind sie nur noch schwer zu stoppen. Orb\u00e1n geht davon aus, dass dies auch diesmal der Fall sein wird. Obwohl die Ukraine einige erstaunliche Anfangserfolge gegen Russland gehabt habe, kann Orb\u00e1n auf lange Sicht nicht erkennen, dass der Westen auf der Gewinnerseite steht, insbesondere angesichts der russischen Produktionskapazit\u00e4t von R\u00fcstungsg\u00fctern und Munition.<\/p>\n<p style=\"padding-left: 40px;\">Zu Beginn des Gespr\u00e4chs mit der Presse hatte Orb\u00e1n auch darauf hingewiesen, dass der Westen Russland in ein B\u00fcndnis mit dem Iran gedr\u00e4ngt habe, was wiederum gef\u00e4hrlich f\u00fcr Israel sei.<\/p>\n<p style=\"padding-left: 40px;\"><strong>Ungarn als einsamer Dissident<\/strong><\/p>\n<p style=\"padding-left: 40px;\">Orb\u00e1n sprach davon, unter den 27 Staats- und Regierungschefs der Europ\u00e4ischen Union in der Ukraine-Kriegspolitik der einzige Abweichler zu sein. Er erkl\u00e4rte, es sei sehr frustrierend, weil seine Kollegen an der Spitze der EU-Regierungen nicht \u00fcber den Sinn und Zweck dieses Krieges diskutieren. &#8222;Warum nicht?&#8220;, kam die Frage aus der Reporterrunde.<\/p>\n<p style=\"padding-left: 40px;\">&#8222;Sie wissen nicht, wer sie sind&#8220;, erwiderte Orb\u00e1n unverbl\u00fcmt und erkl\u00e4rte, wenn man sie z. B. bittet, sich in Bezug auf den Krieg zu definieren, entgegneten sie, sie seien die Anf\u00fchrer eines Landes, das auf der richtigen Seite der Geschichte steht. Diese \u00dcberzeugung und der harte Druck Washingtons sowie die &#8222;Angst vor den liberalen Medien&#8220; seien es, die ihr Denken motivieren \u2013 nicht die \u00dcberlegung, was im besten Interesse ihrer eigenen L\u00e4nder und V\u00f6lker ist. Orb\u00e1n betonte, er sehe seine Rolle als gew\u00e4hlter Ministerpr\u00e4sident Ungarns darin, seinem Volk zu helfen, mit den Herausforderungen umzugehen, mit denen es heute konfrontiert ist, und es auf die Herausforderungen von morgen vorzubereiten. &#8222;Aber in der EU-Runde sei er &#8222;der Einzige, der den Job als Staatschef so versteht&#8220;, teilte er mit. Laut Orb\u00e1n ist der franz\u00f6sische Pr\u00e4sident Emmanuel Macron der einzige andere europ\u00e4ische Staatschef, der wenigstens noch an einen Blick in die Zukunft wirft und nachdenkt.<\/p>\n<p style=\"padding-left: 40px;\"><strong>Wachsende Kluft zum Rest der EU<\/strong><\/p>\n<p style=\"padding-left: 40px;\">Orb\u00e1n machte eine pointierte Bemerkung \u00fcber die Deutschen im gegenw\u00e4rtigen Krieg: &#8222;Die Deutschen leiden, weil sie wissen, was in ihrem nationalen Interesse ist, aber sie sind nicht in der Lage, es zu sagen.&#8220; Er meinte, dass die deutsche F\u00fchrung wei\u00df, dass sie in einen Krieg mit Russland verwickelt ist, aber aus welchen Gr\u00fcnden auch immer nicht in der Lage ist, Nein zu Washington zu sagen.<\/p>\n<p style=\"padding-left: 40px;\">Jemand sprach die M\u00f6glichkeit eines Staatsstreichs in Russland an, durch den Putin abgesetzt werden k\u00f6nnte. Orb\u00e1n reagierte heftig und sagte, dass es niemanden gebe, der Putin nachfolgen k\u00f6nnte, der moderater als Putin sei. Das Gegenteil w\u00e4re der Fall. Das w\u00fcrde das Problem f\u00fcr den Westen nicht l\u00f6sen.<\/p>\n<p style=\"padding-left: 40px;\">Auf die tiefe Kluft zwischen Ungarn und der F\u00fchrungsspitze der Europ\u00e4ischen Union angesprochen, r\u00e4umte Orb\u00e1n rundheraus ein, dass es diese gro\u00dfe Kluft zwischen Budapest und Br\u00fcssel sogar immer gr\u00f6\u00dfer wird. Warum? Orb\u00e1n erkl\u00e4rte, das habe mit einem grundlegenden ideellen Unterschied zu tun, n\u00e4mlich bez\u00fcglich der Frage, &#8222;was ein Mensch ist und wozu die Gesellschaft da ist&#8220;, womit er implizit die neoliberale &#8222;Der-Gewinner-kriegt-alles -Ideologie&#8220; der korrupten Europ\u00e4ischen Union der internationalen Konzerne scharf verurteilte.<\/p>\n<p style=\"text-align: right;\"><em>Rainer Rupp ist Mitglied des Beirats des Deutschen Freidenker-Verbandes<\/em><\/p>\n<hr \/>\n<p><span style=\"font-size: 10pt;\">Bild:\u00a0Viktor Orb\u00e1n, 2014<\/span><br \/>\n<span style=\"font-size: 10pt;\">Foto: European People&#8217;s Party, <span class=\"cc-license-identifier\"><a href=\"https:\/\/creativecommons.org\/licenses\/by\/2.0\/\" target=\"_blank\" rel=\"noopener\">CC BY 2.0<\/a><br \/>\nQuelle: <a href=\"https:\/\/www.flickr.com\/photos\/eppofficial\/13581867193\/in\/photostream\/\" target=\"_blank\" rel=\"noopener\">https:\/\/www.flickr.com\/photos\/eppofficial\/13581867193\/in\/photostream\/<\/a><\/span><\/span><\/p>\n","protected":false},"excerpt":{"rendered":"<p><b>Beitrag von Rainer Rupp<\/b><br \/>\nBei einer gemeinsamen Pressekonferenz am 30. Januar in Budapest erkl\u00e4rten die \u00f6sterreichische Verteidigungsministerin Klaudia Tanner und ihrer ungarischer Amtskollege Krist\u00f3f Szalay-Bobrovniczky, dass sich beide L\u00e4nder einig sind, auch weiterhin keine Waffen in die Ukraine zu schicken, um eine weitere Eskalation zu verhindern. \u00d6sterreich und Ungarn st\u00fcnden auf der Seite des Friedens, betonte Szalay-Bobrovniczky, und statt Waffen zu liefern, leisteten beide humanit\u00e4re Hilfe f\u00fcr Kriegsfl\u00fcchtlinge. F\u00fcr beide L\u00e4nder sei eine enge Zusammenarbeit das Wichtigste, denn &#8222;wir leben in einer Zeit der Gefahr&#8220;, sagte der ungarische Verteidigungsminister, und seine Kollegin Tanner erkl\u00e4rte, die gr\u00f6\u00dfte Gefahr bestehe darin, dass der Krieg auf EU-L\u00e4nder \u00fcbergreife.<\/p>\n","protected":false},"author":3,"featured_media":15172,"comment_status":"closed","ping_status":"closed","sticky":false,"template":"","format":"standard","meta":{"colormag_page_container_layout":"default_layout","colormag_page_sidebar_layout":"default_layout","advanced_seo_description":"","jetpack_seo_html_title":"","jetpack_seo_noindex":false,"jetpack_post_was_ever_published":false,"footnotes":""},"categories":[12],"tags":[699,182,1084,1155,1384,1713,222,1111,639,1292,185,1525],"class_list":["post-15170","post","type-post","status-publish","format-standard","has-post-thumbnail","hentry","category-demokratie-medien-aufklaerung","tag-aussenpolitik","tag-eu","tag-fluechtlinge","tag-hegemonie","tag-korruption","tag-oesterreich","tag-russland","tag-ukraine","tag-ukraine-konflikt","tag-ungarn","tag-usa","tag-waffenlieferungen"],"jetpack_featured_media_url":"https:\/\/i0.wp.com\/www.freidenker.org\/fw17\/wp-content\/uploads\/2023\/02\/orban_13581867193_800x450.jpg?fit=800%2C450&ssl=1","jetpack_shortlink":"https:\/\/wp.me\/p9stpK-3WG","jetpack-related-posts":[{"id":24460,"url":"https:\/\/www.freidenker.org\/?p=24460","url_meta":{"origin":15170,"position":0},"title":"Wie der Spiegel die ukrainische \u00d6lblockade Ungarns und der Slowakei vertuscht","author":"Webredaktion","date":"21. Februar 2026","format":false,"excerpt":"Beitrag von Anti-Spiegel (d.i. Thomas R\u00f6per) Die Ukraine hat die Lieferungen von russischem \u00d6l nach Ungarn und damit auch in die Slowakei eingestellt, um vor den Wahlen in Ungarn eine Krise herbeizuf\u00fchren, wobei Kiew von der EU unterst\u00fctzt wird. Der Spiegel verschweigt die Zusammenh\u00e4nge und suggeriert, Russland sei an allem\u2026","rel":"","context":"In &quot;Demokratie \u2013 Medien \u2013 Aufkl\u00e4rung&quot;","block_context":{"text":"Demokratie \u2013 Medien \u2013 Aufkl\u00e4rung","link":"https:\/\/www.freidenker.org\/?cat=12"},"img":{"alt_text":"","src":"https:\/\/i0.wp.com\/www.freidenker.org\/fw17\/wp-content\/uploads\/2026\/02\/Mazir-Druzsba_800x450.jpg?fit=800%2C450&ssl=1&resize=350%2C200","width":350,"height":200,"srcset":"https:\/\/i0.wp.com\/www.freidenker.org\/fw17\/wp-content\/uploads\/2026\/02\/Mazir-Druzsba_800x450.jpg?fit=800%2C450&ssl=1&resize=350%2C200 1x, https:\/\/i0.wp.com\/www.freidenker.org\/fw17\/wp-content\/uploads\/2026\/02\/Mazir-Druzsba_800x450.jpg?fit=800%2C450&ssl=1&resize=525%2C300 1.5x, https:\/\/i0.wp.com\/www.freidenker.org\/fw17\/wp-content\/uploads\/2026\/02\/Mazir-Druzsba_800x450.jpg?fit=800%2C450&ssl=1&resize=700%2C400 2x"},"classes":[]},{"id":17381,"url":"https:\/\/www.freidenker.org\/?p=17381","url_meta":{"origin":15170,"position":1},"title":"Neben Orb\u00e1n jetzt ein zweiter &#8222;Unruhestifter&#8220; bei EU-Gipfeltreffen","author":"Webredaktion","date":"31. Oktober 2023","format":false,"excerpt":"Beitrag von Rainer Rupp Beim EU-Gipfeltreffen in Br\u00fcssel am 26.\u201327. Oktober in Br\u00fcssel haben sich der ungarische Ministerpr\u00e4sident Viktor Orb\u00e1n und sein neuer slowakischer Amtskollege Robert Fico geweigert, der Bereitstellung eines weiteren Hilfspakets f\u00fcr die Ukraine, diesmal in H\u00f6he von 50-Milliarden-Euro, zuzustimmen. Das Geld sollte von allen EU-Staaten nach dem\u2026","rel":"","context":"In &quot;Demokratie \u2013 Medien \u2013 Aufkl\u00e4rung&quot;","block_context":{"text":"Demokratie \u2013 Medien \u2013 Aufkl\u00e4rung","link":"https:\/\/www.freidenker.org\/?cat=12"},"img":{"alt_text":"","src":"https:\/\/i0.wp.com\/www.freidenker.org\/fw17\/wp-content\/uploads\/2023\/10\/Robert_Fico_Talinn2017_800x450.jpg?fit=800%2C450&ssl=1&resize=350%2C200","width":350,"height":200,"srcset":"https:\/\/i0.wp.com\/www.freidenker.org\/fw17\/wp-content\/uploads\/2023\/10\/Robert_Fico_Talinn2017_800x450.jpg?fit=800%2C450&ssl=1&resize=350%2C200 1x, https:\/\/i0.wp.com\/www.freidenker.org\/fw17\/wp-content\/uploads\/2023\/10\/Robert_Fico_Talinn2017_800x450.jpg?fit=800%2C450&ssl=1&resize=525%2C300 1.5x, https:\/\/i0.wp.com\/www.freidenker.org\/fw17\/wp-content\/uploads\/2023\/10\/Robert_Fico_Talinn2017_800x450.jpg?fit=800%2C450&ssl=1&resize=700%2C400 2x"},"classes":[]},{"id":24906,"url":"https:\/\/www.freidenker.org\/?p=24906","url_meta":{"origin":15170,"position":2},"title":"Orban wankte \u2013 und fiel","author":"Webredaktion","date":"18. April 2026","format":false,"excerpt":"Ungarn hat gew\u00e4hlt. Viele hoffen, dass die EU ihre Probleme l\u00f6st \u2013 ein m\u00f6glicher Irrtum Ein Kommentar von Tilo Gr\u00e4ser \u201eOrban wankt\u201c habe ich im Juni vergangenen Jahres nach einem meiner Aufenthalte in Ungarn geschrieben. In dem Beitrag habe ich auf eine Stimmung in dem Land an Donau und Thei\u00df\u2026","rel":"","context":"In &quot;Aktuelles&quot;","block_context":{"text":"Aktuelles","link":"https:\/\/www.freidenker.org\/?cat=574"},"img":{"alt_text":"","src":"https:\/\/i0.wp.com\/www.freidenker.org\/fw17\/wp-content\/uploads\/2026\/04\/1280px-Viktor_Orban_2025.06.26_03_800x450.jpg?fit=800%2C450&ssl=1&resize=350%2C200","width":350,"height":200,"srcset":"https:\/\/i0.wp.com\/www.freidenker.org\/fw17\/wp-content\/uploads\/2026\/04\/1280px-Viktor_Orban_2025.06.26_03_800x450.jpg?fit=800%2C450&ssl=1&resize=350%2C200 1x, https:\/\/i0.wp.com\/www.freidenker.org\/fw17\/wp-content\/uploads\/2026\/04\/1280px-Viktor_Orban_2025.06.26_03_800x450.jpg?fit=800%2C450&ssl=1&resize=525%2C300 1.5x, https:\/\/i0.wp.com\/www.freidenker.org\/fw17\/wp-content\/uploads\/2026\/04\/1280px-Viktor_Orban_2025.06.26_03_800x450.jpg?fit=800%2C450&ssl=1&resize=700%2C400 2x"},"classes":[]},{"id":17779,"url":"https:\/\/www.freidenker.org\/?p=17779","url_meta":{"origin":15170,"position":3},"title":"Viktor Orb\u00e1n und Chinas Autobauer setzen EU-Br\u00fcssel matt","author":"Webredaktion","date":"7. Januar 2024","format":false,"excerpt":"Beitrag von Rainer Rupp Einer der weltweit gr\u00f6\u00dften Hersteller von Elektrofahrzeugen, der chinesische Gro\u00dfkonzern BYD, wird seine erste Fabrik in Europa in der ungarischen Stadt Szeged er\u00f6ffnen, meldete j\u00fcngst der ungarische Au\u00dfenminister P\u00e9ter Szijj\u00e1rt\u00f3. Zugleich lie\u00df das Unternehmen in einer Mitteilung auf seinem Social-Media-Account beim Netzwerk Sina Weibo wissen, dass\u2026","rel":"","context":"In &quot;Arbeit &amp; Soziales&quot;","block_context":{"text":"Arbeit &amp; Soziales","link":"https:\/\/www.freidenker.org\/?cat=11"},"img":{"alt_text":"","src":"https:\/\/i0.wp.com\/www.freidenker.org\/fw17\/wp-content\/uploads\/2024\/01\/BYD_IAA_Summit_2023_Munich_P1110793_800x450.jpg?fit=800%2C450&ssl=1&resize=350%2C200","width":350,"height":200,"srcset":"https:\/\/i0.wp.com\/www.freidenker.org\/fw17\/wp-content\/uploads\/2024\/01\/BYD_IAA_Summit_2023_Munich_P1110793_800x450.jpg?fit=800%2C450&ssl=1&resize=350%2C200 1x, https:\/\/i0.wp.com\/www.freidenker.org\/fw17\/wp-content\/uploads\/2024\/01\/BYD_IAA_Summit_2023_Munich_P1110793_800x450.jpg?fit=800%2C450&ssl=1&resize=525%2C300 1.5x, https:\/\/i0.wp.com\/www.freidenker.org\/fw17\/wp-content\/uploads\/2024\/01\/BYD_IAA_Summit_2023_Munich_P1110793_800x450.jpg?fit=800%2C450&ssl=1&resize=700%2C400 2x"},"classes":[]},{"id":8203,"url":"https:\/\/www.freidenker.org\/?p=8203","url_meta":{"origin":15170,"position":4},"title":"Viktor Orb\u00e1n: Ungarn zuerst! \u2013 Konzeptionelle Hintergr\u00fcnde seiner Politik","author":"Webredaktion","date":"14. Juni 2020","format":false,"excerpt":"Beitrag von Prof. Dr. Anton Latzo Unter Pr\u00e4sident Viktor Orb\u00e1n vollzieht Ungarn eine politische Neuausrichtung. Ohne sich vom Westen abzukoppeln, will Orb\u00e1n engere Beziehungen zu Russland und China. Dagegen stemmt sich Deutschland mit seinem wirtschaftlichen Einfluss. In den vergangenen 30 Jahren haben in Ungarn vor allem zwei politische Kr\u00e4ftegruppierungen die\u2026","rel":"","context":"In &quot;Frieden - Antifaschismus - Solidarit\u00e4t&quot;","block_context":{"text":"Frieden - Antifaschismus - Solidarit\u00e4t","link":"https:\/\/www.freidenker.org\/?cat=13"},"img":{"alt_text":"","src":"https:\/\/i0.wp.com\/www.freidenker.org\/fw17\/wp-content\/uploads\/2020\/06\/orban_putin_v2_800x450.jpg?fit=800%2C450&ssl=1&resize=350%2C200","width":350,"height":200,"srcset":"https:\/\/i0.wp.com\/www.freidenker.org\/fw17\/wp-content\/uploads\/2020\/06\/orban_putin_v2_800x450.jpg?fit=800%2C450&ssl=1&resize=350%2C200 1x, https:\/\/i0.wp.com\/www.freidenker.org\/fw17\/wp-content\/uploads\/2020\/06\/orban_putin_v2_800x450.jpg?fit=800%2C450&ssl=1&resize=525%2C300 1.5x, https:\/\/i0.wp.com\/www.freidenker.org\/fw17\/wp-content\/uploads\/2020\/06\/orban_putin_v2_800x450.jpg?fit=800%2C450&ssl=1&resize=700%2C400 2x"},"classes":[]},{"id":17251,"url":"https:\/\/www.freidenker.org\/?p=17251","url_meta":{"origin":15170,"position":5},"title":"Orban bekommt Verst\u00e4rkung gegen Br\u00fcssel und Ukraine","author":"Webredaktion","date":"11. Oktober 2023","format":false,"excerpt":"Gemeinsam mit Slowakei gegen neoliberale EU-Eliten und ukrainische Nazis Ein Kommentar von\u00a0Rainer Rupp. \u201cRobert Fico gewinnt die Parlamentswahlen in der Slowakei mit anti-ukrainischer Position\u201c, titelte die britische Finanzzeitung Financial Times in ihrer Online-Ausgabe letzten Sonntag. Noch bevor die letzten Wahlzettel ausz\u00e4hlt waren, war der Vorsprung der Partei des ehemaligen slowakischen\u2026","rel":"","context":"In &quot;Demokratie \u2013 Medien \u2013 Aufkl\u00e4rung&quot;","block_context":{"text":"Demokratie \u2013 Medien \u2013 Aufkl\u00e4rung","link":"https:\/\/www.freidenker.org\/?cat=12"},"img":{"alt_text":"","src":"https:\/\/i0.wp.com\/www.freidenker.org\/fw17\/wp-content\/uploads\/2023\/10\/Orban_Fico_2016_800x450.jpg?fit=800%2C450&ssl=1&resize=350%2C200","width":350,"height":200,"srcset":"https:\/\/i0.wp.com\/www.freidenker.org\/fw17\/wp-content\/uploads\/2023\/10\/Orban_Fico_2016_800x450.jpg?fit=800%2C450&ssl=1&resize=350%2C200 1x, https:\/\/i0.wp.com\/www.freidenker.org\/fw17\/wp-content\/uploads\/2023\/10\/Orban_Fico_2016_800x450.jpg?fit=800%2C450&ssl=1&resize=525%2C300 1.5x, https:\/\/i0.wp.com\/www.freidenker.org\/fw17\/wp-content\/uploads\/2023\/10\/Orban_Fico_2016_800x450.jpg?fit=800%2C450&ssl=1&resize=700%2C400 2x"},"classes":[]}],"_links":{"self":[{"href":"https:\/\/www.freidenker.org\/index.php?rest_route=\/wp\/v2\/posts\/15170","targetHints":{"allow":["GET"]}}],"collection":[{"href":"https:\/\/www.freidenker.org\/index.php?rest_route=\/wp\/v2\/posts"}],"about":[{"href":"https:\/\/www.freidenker.org\/index.php?rest_route=\/wp\/v2\/types\/post"}],"author":[{"embeddable":true,"href":"https:\/\/www.freidenker.org\/index.php?rest_route=\/wp\/v2\/users\/3"}],"replies":[{"embeddable":true,"href":"https:\/\/www.freidenker.org\/index.php?rest_route=%2Fwp%2Fv2%2Fcomments&post=15170"}],"version-history":[{"count":0,"href":"https:\/\/www.freidenker.org\/index.php?rest_route=\/wp\/v2\/posts\/15170\/revisions"}],"wp:featuredmedia":[{"embeddable":true,"href":"https:\/\/www.freidenker.org\/index.php?rest_route=\/wp\/v2\/media\/15172"}],"wp:attachment":[{"href":"https:\/\/www.freidenker.org\/index.php?rest_route=%2Fwp%2Fv2%2Fmedia&parent=15170"}],"wp:term":[{"taxonomy":"category","embeddable":true,"href":"https:\/\/www.freidenker.org\/index.php?rest_route=%2Fwp%2Fv2%2Fcategories&post=15170"},{"taxonomy":"post_tag","embeddable":true,"href":"https:\/\/www.freidenker.org\/index.php?rest_route=%2Fwp%2Fv2%2Ftags&post=15170"}],"curies":[{"name":"wp","href":"https:\/\/api.w.org\/{rel}","templated":true}]}}