{"id":15142,"date":"2023-02-04T13:23:13","date_gmt":"2023-02-04T12:23:13","guid":{"rendered":"https:\/\/www.freidenker.org\/?p=15142"},"modified":"2023-02-19T13:32:42","modified_gmt":"2023-02-19T12:32:42","slug":"indianer-verbot-diether-dehm-hat-florian-silbereisen-verklagt","status":"publish","type":"post","link":"https:\/\/www.freidenker.org\/?p=15142","title":{"rendered":"Indianer-Verbot? Diether Dehm hat Florian Silbereisen verklagt"},"content":{"rendered":"<h5>&#8222;1000 mal ber\u00fchrt&#8220; f\u00fcr Florian Silbereisen gesungen von Diether Dehm und Uwe Steimle<\/h5>\n<p><em>Video von <strong>weltnetz.tv<\/strong><\/em><\/p>\n<p><span style=\"font-size: 10pt;\">Ver\u00f6ffentlicht am 28.01.2023 auf <a href=\"https:\/\/weltnetz.tv\/video\/2834-1000x-beruehrt-florian-silbereisen-gesungen-von-diether-dehm-und-uwe-steimle\" target=\"_blank\" rel=\"noopener\">weltnetz.tv<\/a><\/span><\/p>\n<p>Nachdem die deutsche Presse seit 8 Tagen \u00fcber den Konflikt zwischen Song-Autor Diether Dehm und Florian Silbereisen berichtet und sich dessen Manager mittlerweile bei Dehm entschuldigt hatte, haben Steimle und Dehm eine freundlich-satirische Ermutigung an Silbereisen gesungen, weniger Unterhaltung aus vorauseilendem Gehorsam zu machen:<br \/>\n\u201eSo angepasst h\u00e4lt keine Kunst lange\/die Sprach- Sheriffs wolln, dass aus dir nix mehr wird\/Mensch, Florian, sei nicht die silberne Spange\/die nur die Per\u00fccken von Hofschranzen ziert.\u201c<\/p>\n<div class=\"jetpack-video-wrapper\"><span class=\"embed-youtube\" style=\"text-align:center; display: block;\"><iframe loading=\"lazy\" class=\"youtube-player\" width=\"800\" height=\"450\" src=\"https:\/\/www.youtube.com\/embed\/AMDvnThxTnQ?version=3&#038;rel=1&#038;showsearch=0&#038;showinfo=1&#038;iv_load_policy=1&#038;fs=1&#038;hl=de-DE&#038;autohide=2&#038;wmode=transparent\" allowfullscreen=\"true\" style=\"border:0;\" sandbox=\"allow-scripts allow-same-origin allow-popups allow-presentation allow-popups-to-escape-sandbox\"><\/iframe><\/span><\/div>\n<p><span style=\"font-size: 10pt;\">Direktlink zum Video auf YouTube: <a href=\"https:\/\/www.youtube.com\/watch?v=AMDvnThxTnQ\" target=\"_blank\" rel=\"noopener\">https:\/\/www.youtube.com\/watch?v=AMDvnThxTnQ<\/a><\/span><\/p>\n<p style=\"text-align: right;\"><em>Dr. Diether Dehm ist Mitglied des Deutschen Freidenker-Verbandes und seines Beirats<\/em><\/p>\n<hr \/>\n<h4 class=\"style-scope ytd-watch-metadata\">Linker verklagt Silbereisen wegen Text\u00e4nderung<\/h4>\n<p><em>Interview von <strong>Jasmin Kosubek<\/strong> mit <strong>Dieter Dehm<\/strong><\/em><\/p>\n<p><span style=\"font-size: 10pt;\">Ver\u00f6ffentlicht am 29.01.2023 im <a href=\"https:\/\/www.youtube.com\/@JasminKosubekOriginal\" target=\"_blank\" rel=\"noopener\">Videochannel von Jasmin Kosubek<\/a> auf YouTube<\/span><\/p>\n<div class=\"jetpack-video-wrapper\"><span class=\"embed-youtube\" style=\"text-align:center; display: block;\"><iframe loading=\"lazy\" class=\"youtube-player\" width=\"800\" height=\"450\" src=\"https:\/\/www.youtube.com\/embed\/IOoqyETfA3s?version=3&#038;rel=1&#038;showsearch=0&#038;showinfo=1&#038;iv_load_policy=1&#038;fs=1&#038;hl=de-DE&#038;autohide=2&#038;wmode=transparent\" allowfullscreen=\"true\" style=\"border:0;\" sandbox=\"allow-scripts allow-same-origin allow-popups allow-presentation allow-popups-to-escape-sandbox\"><\/iframe><\/span><\/div>\n<p><span style=\"font-size: 10pt;\">Direktlink zum Video auf YouTube: <a href=\"https:\/\/www.youtube.com\/watch?v=IOoqyETfA3s\" target=\"_blank\" rel=\"noopener\">https:\/\/www.youtube.com\/watch?v=IOoqyETfA3s<\/a><\/span><\/p>\n<hr \/>\n<p>Zur Vorgeschichte:<\/p>\n<h4>&#8222;Indianer&#8220; bei ARD aus Liedtext gestrichen<\/h4>\n<p><em>Bericht der <strong>Fuldaer Zeitung <\/strong>vom 19.01.2023 <\/em><\/p>\n<figure id=\"attachment_15145\" aria-describedby=\"caption-attachment-15145\" style=\"width: 300px\" class=\"wp-caption alignnone\"><a href=\"https:\/\/i0.wp.com\/www.freidenker.org\/fw17\/wp-content\/uploads\/2023\/02\/Dehm_Silbereisen_FuldaerZeitung.png?ssl=1\"><img data-recalc-dims=\"1\" loading=\"lazy\" decoding=\"async\" data-attachment-id=\"15145\" data-permalink=\"https:\/\/www.freidenker.org\/?attachment_id=15145\" data-orig-file=\"https:\/\/i0.wp.com\/www.freidenker.org\/fw17\/wp-content\/uploads\/2023\/02\/Dehm_Silbereisen_FuldaerZeitung.png?fit=992%2C514&amp;ssl=1\" data-orig-size=\"992,514\" data-comments-opened=\"0\" data-image-meta=\"{&quot;aperture&quot;:&quot;0&quot;,&quot;credit&quot;:&quot;&quot;,&quot;camera&quot;:&quot;&quot;,&quot;caption&quot;:&quot;&quot;,&quot;created_timestamp&quot;:&quot;0&quot;,&quot;copyright&quot;:&quot;&quot;,&quot;focal_length&quot;:&quot;0&quot;,&quot;iso&quot;:&quot;0&quot;,&quot;shutter_speed&quot;:&quot;0&quot;,&quot;title&quot;:&quot;&quot;,&quot;orientation&quot;:&quot;0&quot;}\" data-image-title=\"Dehm_Silbereisen_FuldaerZeitung\" data-image-description=\"\" data-image-caption=\"\" data-large-file=\"https:\/\/i0.wp.com\/www.freidenker.org\/fw17\/wp-content\/uploads\/2023\/02\/Dehm_Silbereisen_FuldaerZeitung.png?fit=800%2C415&amp;ssl=1\" class=\"wp-image-15145 size-medium\" src=\"https:\/\/i0.wp.com\/www.freidenker.org\/fw17\/wp-content\/uploads\/2023\/02\/Dehm_Silbereisen_FuldaerZeitung.png?resize=300%2C155&#038;ssl=1\" alt=\"\" width=\"300\" height=\"155\" srcset=\"https:\/\/i0.wp.com\/www.freidenker.org\/fw17\/wp-content\/uploads\/2023\/02\/Dehm_Silbereisen_FuldaerZeitung.png?resize=300%2C155&amp;ssl=1 300w, https:\/\/i0.wp.com\/www.freidenker.org\/fw17\/wp-content\/uploads\/2023\/02\/Dehm_Silbereisen_FuldaerZeitung.png?resize=768%2C398&amp;ssl=1 768w, https:\/\/i0.wp.com\/www.freidenker.org\/fw17\/wp-content\/uploads\/2023\/02\/Dehm_Silbereisen_FuldaerZeitung.png?w=992&amp;ssl=1 992w\" sizes=\"auto, (max-width: 300px) 100vw, 300px\" \/><\/a><figcaption id=\"caption-attachment-15145\" class=\"wp-caption-text\"><span style=\"font-size: 10pt;\">Faksimile &#8211; Klicke zum Vergr\u00f6\u00dfern<\/span><\/figcaption><\/figure>\n<hr \/>\n<p><span style=\"font-size: 10pt;\">Bild oben: Screenshot aus dem Video von <a href=\"https:\/\/weltnetz.tv\/video\/2834-1000x-beruehrt-florian-silbereisen-gesungen-von-diether-dehm-und-uwe-steimle\" target=\"_blank\" rel=\"noopener\">weltnetz.tv<\/a><\/span><\/p>\n","protected":false},"excerpt":{"rendered":"<p><b>Video: &#8222;1000 mal ber\u00fchrt&#8220; f\u00fcr Florian Silbereisen gesungen von Diether Dehm und Uwe Steimle<\/b><br \/>\nNachdem die deutsche Presse seit 8 Tagen \u00fcber den Konflikt zwischen Song-Autor Diether Dehm und Florian Silbereisen berichtet und sich dessen Manager mittlerweile bei Dehm entschuldigt hatte, haben Steimle und Dehm eine freundlich-satirische Ermutigung an Silbereisen gesungen, weniger Unterhaltung aus vorauseilendem Gehorsam zu machen: \u201eSo angepasst h\u00e4lt keine Kunst lange\/die Sprach- Sheriffs wolln, dass aus dir nix mehr wird\/Mensch, Florian, sei nicht die silberne Spange\/die nur die Per\u00fccken von Hofschranzen ziert.\u201c<br \/>\nAu\u00dferdem in diesem Beitrag: Linker verklagt Silbereisen wegen Text\u00e4nderung &#8211; <b>Interview von Jasmin Kosubek mit Dieter Dehm<\/b><\/p>\n","protected":false},"author":3,"featured_media":15144,"comment_status":"closed","ping_status":"closed","sticky":false,"template":"","format":"standard","meta":{"colormag_page_container_layout":"default_layout","colormag_page_sidebar_layout":"default_layout","advanced_seo_description":"","jetpack_seo_html_title":"","jetpack_seo_noindex":false,"jetpack_post_was_ever_published":false,"footnotes":""},"categories":[913],"tags":[1709,1592,939,619,464,1710,185],"class_list":["post-15142","post","type-post","status-publish","format-standard","has-post-thumbnail","hentry","category-kultur-kunst","tag-begriff","tag-indianer","tag-musik","tag-satire","tag-sprache","tag-unterhaltungskunst","tag-usa"],"jetpack_featured_media_url":"https:\/\/i0.wp.com\/www.freidenker.org\/fw17\/wp-content\/uploads\/2023\/02\/Dehm_Silbereisen_800x450_v2.jpg?fit=800%2C450&ssl=1","jetpack_shortlink":"https:\/\/wp.me\/p9stpK-3We","jetpack-related-posts":[{"id":15375,"url":"https:\/\/www.freidenker.org\/?p=15375","url_meta":{"origin":15142,"position":0},"title":"Video: Die Friedensbewegung ist zur\u00fcck","author":"Webredaktion","date":"23. Februar 2023","format":false,"excerpt":"Rede und Kulturbeitrag von Diether Dehm auf der Kundgebung zur M\u00fcnchener Sicherheitskonferenz am 18.02.2023 Mit \u00fcber 20 000 Teilnehmern landete \u00a0die lager\u00fcbergreifende Friedenskundgebung zur M\u00fcnchner Sicherheitskonferenz einen super Erfolg. Mit Fug und Recht kann gesagt werden: Die Friedensbewegung ist zur\u00fcck! Diffamierungen im Vorfeld konnten die Mobilisierung nicht verhindern. Z\u00fcge fielen\u2026","rel":"","context":"In &quot;Frieden - Antifaschismus - Solidarit\u00e4t&quot;","block_context":{"text":"Frieden - Antifaschismus - Solidarit\u00e4t","link":"https:\/\/www.freidenker.org\/?cat=13"},"img":{"alt_text":"","src":"https:\/\/i0.wp.com\/www.freidenker.org\/fw17\/wp-content\/uploads\/2023\/02\/Dehm_in_Muenchen_800x450.jpg?fit=800%2C450&ssl=1&resize=350%2C200","width":350,"height":200,"srcset":"https:\/\/i0.wp.com\/www.freidenker.org\/fw17\/wp-content\/uploads\/2023\/02\/Dehm_in_Muenchen_800x450.jpg?fit=800%2C450&ssl=1&resize=350%2C200 1x, https:\/\/i0.wp.com\/www.freidenker.org\/fw17\/wp-content\/uploads\/2023\/02\/Dehm_in_Muenchen_800x450.jpg?fit=800%2C450&ssl=1&resize=525%2C300 1.5x, https:\/\/i0.wp.com\/www.freidenker.org\/fw17\/wp-content\/uploads\/2023\/02\/Dehm_in_Muenchen_800x450.jpg?fit=800%2C450&ssl=1&resize=700%2C400 2x"},"classes":[]},{"id":18813,"url":"https:\/\/www.freidenker.org\/?p=18813","url_meta":{"origin":15142,"position":1},"title":"Dieter Hallervorden: GAZA GAZA","author":"Webredaktion","date":"18. April 2024","format":false,"excerpt":"Dr. Diether Dehm, Mitglied des Deutschen Freidenkerverbandes und seines Beirats, hat mit und f\u00fcr Dieter Hallervorden ein Gedicht geschrieben: GAZA GAZA. Einleitend zu dem Video hei\u00dft es: Der wohl ber\u00fchmteste Darsteller und Theatermann Deutschlands, Dieter #Hallervorden , hat sich unerwartet deutlich, wenn auch in feinsinniger Lyrik, auf die Seite der\u2026","rel":"","context":"In &quot;Frieden - Antifaschismus - Solidarit\u00e4t&quot;","block_context":{"text":"Frieden - Antifaschismus - Solidarit\u00e4t","link":"https:\/\/www.freidenker.org\/?cat=13"},"img":{"alt_text":"","src":"https:\/\/i0.wp.com\/www.freidenker.org\/fw17\/wp-content\/uploads\/2024\/04\/Hallervorden_Gaza_Gaza_2_800x450.jpg?fit=800%2C450&ssl=1&resize=350%2C200","width":350,"height":200,"srcset":"https:\/\/i0.wp.com\/www.freidenker.org\/fw17\/wp-content\/uploads\/2024\/04\/Hallervorden_Gaza_Gaza_2_800x450.jpg?fit=800%2C450&ssl=1&resize=350%2C200 1x, https:\/\/i0.wp.com\/www.freidenker.org\/fw17\/wp-content\/uploads\/2024\/04\/Hallervorden_Gaza_Gaza_2_800x450.jpg?fit=800%2C450&ssl=1&resize=525%2C300 1.5x, https:\/\/i0.wp.com\/www.freidenker.org\/fw17\/wp-content\/uploads\/2024\/04\/Hallervorden_Gaza_Gaza_2_800x450.jpg?fit=800%2C450&ssl=1&resize=700%2C400 2x"},"classes":[]},{"id":16180,"url":"https:\/\/www.freidenker.org\/?p=16180","url_meta":{"origin":15142,"position":2},"title":"Diether Dehms neues Album \u2013 Arbeiterlieder aus mehr als anderthalb Jahrhunderten","author":"Webredaktion","date":"27. Mai 2023","format":false,"excerpt":"Rezension von Eugen Zentner sowie ein Video von weltnetz.tv Die politische und kulturelle Linke befindet sich in einer Sinnkrise. Von den alten Glaubenss\u00e4tzen und \u00dcberzeugungen ist kaum noch etwas \u00fcbriggeblieben. Anstatt sich um die N\u00f6te der sozial Abgeh\u00e4ngten zu k\u00fcmmern, geht es um woke Identit\u00e4tspolitik. Gendersprache, Selbstbestimmungsrechte f\u00fcr Transsexuelle oder\u2026","rel":"","context":"In &quot;Kultur &amp; Kunst&quot;","block_context":{"text":"Kultur &amp; Kunst","link":"https:\/\/www.freidenker.org\/?cat=913"},"img":{"alt_text":"","src":"https:\/\/i0.wp.com\/www.freidenker.org\/fw17\/wp-content\/uploads\/2023\/05\/dehm_arbeiterlieder_800x450.jpg?fit=800%2C450&ssl=1&resize=350%2C200","width":350,"height":200,"srcset":"https:\/\/i0.wp.com\/www.freidenker.org\/fw17\/wp-content\/uploads\/2023\/05\/dehm_arbeiterlieder_800x450.jpg?fit=800%2C450&ssl=1&resize=350%2C200 1x, https:\/\/i0.wp.com\/www.freidenker.org\/fw17\/wp-content\/uploads\/2023\/05\/dehm_arbeiterlieder_800x450.jpg?fit=800%2C450&ssl=1&resize=525%2C300 1.5x, https:\/\/i0.wp.com\/www.freidenker.org\/fw17\/wp-content\/uploads\/2023\/05\/dehm_arbeiterlieder_800x450.jpg?fit=800%2C450&ssl=1&resize=700%2C400 2x"},"classes":[]},{"id":12147,"url":"https:\/\/www.freidenker.org\/?p=12147","url_meta":{"origin":15142,"position":3},"title":"Diether Dehm zur Neuen Deutschen Welle Putin-Bashing","author":"Webredaktion","date":"7. Februar 2022","format":false,"excerpt":"Interview von RT DE mit Diether Dehm Aussagen aus dem Interview: \"Man bewaffnet die Ukraine und hetzt auch andere osteurop\u00e4ische L\u00e4nder gegen Russland auf.\" \"Die deutschen Medien prostituieren sich und heizen diesen Konflikt noch an.\" \"Die USA haben ein Interesse daran, dass die EU und Deutschland keine gute Beziehung zu\u2026","rel":"","context":"In &quot;Frieden - Antifaschismus - Solidarit\u00e4t&quot;","block_context":{"text":"Frieden - Antifaschismus - Solidarit\u00e4t","link":"https:\/\/www.freidenker.org\/?cat=13"},"img":{"alt_text":"","src":"https:\/\/i0.wp.com\/www.freidenker.org\/fw17\/wp-content\/uploads\/2022\/02\/dehm_rt_2022-02_800x450.jpg?fit=800%2C450&ssl=1&resize=350%2C200","width":350,"height":200,"srcset":"https:\/\/i0.wp.com\/www.freidenker.org\/fw17\/wp-content\/uploads\/2022\/02\/dehm_rt_2022-02_800x450.jpg?fit=800%2C450&ssl=1&resize=350%2C200 1x, https:\/\/i0.wp.com\/www.freidenker.org\/fw17\/wp-content\/uploads\/2022\/02\/dehm_rt_2022-02_800x450.jpg?fit=800%2C450&ssl=1&resize=525%2C300 1.5x, https:\/\/i0.wp.com\/www.freidenker.org\/fw17\/wp-content\/uploads\/2022\/02\/dehm_rt_2022-02_800x450.jpg?fit=800%2C450&ssl=1&resize=700%2C400 2x"},"classes":[]},{"id":16461,"url":"https:\/\/www.freidenker.org\/?p=16461","url_meta":{"origin":15142,"position":4},"title":"Das war der Freidenker-Liedersommer 2023","author":"Webredaktion","date":"10. Juli 2023","format":false,"excerpt":"Bilder und Videos Vom 30. Juni bis 2. Juli 2023 fand auf Schloss Auerstedt nahe Bad Sulza der Freidenker-Liedersommer statt. Zu der Veranstaltung in der Liedermacher-Tradition der APO-Zeiten auf Burg Waldeck und des DDR-Pendants \u201eFestival des Politischen Liedes\u201c kamen \u00fcber 100 Besucher. Sie erlebten ein abwechslungsreiches Programm mit gemeinsamem abendlichem\u2026","rel":"","context":"In &quot;Kultur &amp; Kunst&quot;","block_context":{"text":"Kultur &amp; Kunst","link":"https:\/\/www.freidenker.org\/?cat=913"},"img":{"alt_text":"","src":"https:\/\/i0.wp.com\/www.freidenker.org\/fw17\/wp-content\/uploads\/2023\/07\/DasWarDerLiedersommer2023_800x450.jpg?fit=800%2C450&ssl=1&resize=350%2C200","width":350,"height":200,"srcset":"https:\/\/i0.wp.com\/www.freidenker.org\/fw17\/wp-content\/uploads\/2023\/07\/DasWarDerLiedersommer2023_800x450.jpg?fit=800%2C450&ssl=1&resize=350%2C200 1x, https:\/\/i0.wp.com\/www.freidenker.org\/fw17\/wp-content\/uploads\/2023\/07\/DasWarDerLiedersommer2023_800x450.jpg?fit=800%2C450&ssl=1&resize=525%2C300 1.5x, https:\/\/i0.wp.com\/www.freidenker.org\/fw17\/wp-content\/uploads\/2023\/07\/DasWarDerLiedersommer2023_800x450.jpg?fit=800%2C450&ssl=1&resize=700%2C400 2x"},"classes":[]},{"id":13793,"url":"https:\/\/www.freidenker.org\/?p=13793","url_meta":{"origin":15142,"position":5},"title":"K\u00e4mpfen wir Julian Assange frei!","author":"Webredaktion","date":"22. Juli 2022","format":false,"excerpt":"Die finale Version auf deutsch Text: Diether Dehm, Musik: Michael Letz Dank Eurer zahlreichen Vorschl\u00e4ge haben wir nun die finale deutsche Version des Songs f\u00fcr Julian Assange fertig bekommen. Diese Version hat auch weiterhin den Refrain zu Beginn jeder Strophe und eine eing\u00e4ngige Melodie, die zur Weiterverbreitung einl\u00e4dt. Julian Assange\u2026","rel":"","context":"In &quot;Demokratie \u2013 Medien \u2013 Aufkl\u00e4rung&quot;","block_context":{"text":"Demokratie \u2013 Medien \u2013 Aufkl\u00e4rung","link":"https:\/\/www.freidenker.org\/?cat=12"},"img":{"alt_text":"","src":"https:\/\/i0.wp.com\/www.freidenker.org\/fw17\/wp-content\/uploads\/2022\/07\/Dehm_Assange_freikaempfen_800x450.jpg?fit=800%2C450&ssl=1&resize=350%2C200","width":350,"height":200,"srcset":"https:\/\/i0.wp.com\/www.freidenker.org\/fw17\/wp-content\/uploads\/2022\/07\/Dehm_Assange_freikaempfen_800x450.jpg?fit=800%2C450&ssl=1&resize=350%2C200 1x, https:\/\/i0.wp.com\/www.freidenker.org\/fw17\/wp-content\/uploads\/2022\/07\/Dehm_Assange_freikaempfen_800x450.jpg?fit=800%2C450&ssl=1&resize=525%2C300 1.5x, https:\/\/i0.wp.com\/www.freidenker.org\/fw17\/wp-content\/uploads\/2022\/07\/Dehm_Assange_freikaempfen_800x450.jpg?fit=800%2C450&ssl=1&resize=700%2C400 2x"},"classes":[]}],"_links":{"self":[{"href":"https:\/\/www.freidenker.org\/index.php?rest_route=\/wp\/v2\/posts\/15142","targetHints":{"allow":["GET"]}}],"collection":[{"href":"https:\/\/www.freidenker.org\/index.php?rest_route=\/wp\/v2\/posts"}],"about":[{"href":"https:\/\/www.freidenker.org\/index.php?rest_route=\/wp\/v2\/types\/post"}],"author":[{"embeddable":true,"href":"https:\/\/www.freidenker.org\/index.php?rest_route=\/wp\/v2\/users\/3"}],"replies":[{"embeddable":true,"href":"https:\/\/www.freidenker.org\/index.php?rest_route=%2Fwp%2Fv2%2Fcomments&post=15142"}],"version-history":[{"count":0,"href":"https:\/\/www.freidenker.org\/index.php?rest_route=\/wp\/v2\/posts\/15142\/revisions"}],"wp:featuredmedia":[{"embeddable":true,"href":"https:\/\/www.freidenker.org\/index.php?rest_route=\/wp\/v2\/media\/15144"}],"wp:attachment":[{"href":"https:\/\/www.freidenker.org\/index.php?rest_route=%2Fwp%2Fv2%2Fmedia&parent=15142"}],"wp:term":[{"taxonomy":"category","embeddable":true,"href":"https:\/\/www.freidenker.org\/index.php?rest_route=%2Fwp%2Fv2%2Fcategories&post=15142"},{"taxonomy":"post_tag","embeddable":true,"href":"https:\/\/www.freidenker.org\/index.php?rest_route=%2Fwp%2Fv2%2Ftags&post=15142"}],"curies":[{"name":"wp","href":"https:\/\/api.w.org\/{rel}","templated":true}]}}