{"id":15112,"date":"2023-02-01T02:35:07","date_gmt":"2023-02-01T01:35:07","guid":{"rendered":"https:\/\/www.freidenker.org\/?p=15112"},"modified":"2023-02-19T13:31:53","modified_gmt":"2023-02-19T12:31:53","slug":"die-tiefschattenseite-der-eu-sonnenkoenigin-v-d-leyen","status":"publish","type":"post","link":"https:\/\/www.freidenker.org\/?p=15112","title":{"rendered":"Die Tiefschattenseite der EU-Sonnenk\u00f6nigin v. d. Leyen"},"content":{"rendered":"<h4>Ukronazi-Freundin. Kriegstreiberin. An die Spitze gehievt, nicht gew\u00e4hlt. Eine westeurop\u00e4ische Groteske.<\/h4>\n<p><em>Von <strong>Friedhelm Klinkhammer<\/strong> und <strong>Volker Br\u00e4utigam<\/strong><\/em><\/p>\n<p><strong>Ursula von der Leyen, Pr\u00e4sidentin der EU-Kommission, ohne Charisma und mit Spitznamen (in Deutschland) \u201eFlinten-Uschi\u201c, ist unheilbar \u201ekrank\u201c. Das Kriegsfieber hat sie gepackt, ein b\u00f6sartiges Symptom der russophoben Hirnhautreizung. Gegen die politische Enzephalitis gibt es keine Therapie. Zur Begrenzung der Ansteckungsgefahr w\u00e4ren Amtsenthebung und strikte Quarant\u00e4ne erforderlich. K\u00f6nnte Westeuropas Bev\u00f6lkerung direkt w\u00e4hlen, w\u00e4re das m\u00f6glich. Die EU laboriert aber nun an einer US-affinen Kommissionspr\u00e4sidentin, die das h\u00f6chste westeurop\u00e4ische Amt gerne zur Verfolgung Washingtoner und pers\u00f6nlicher Anliegen missbraucht. Ein Musterfall von ideeller (und materieller?) Ruchlosigkeit. <\/strong><\/p>\n<p>Als Vorspeise eine kleine, nur leicht anr\u00fcchige Geschichte, kennzeichnend Madame. Sie besitzt neben anderen Immobilien ein herrschaftliches Landgut im nieders\u00e4chsischen Beinhorn bei Celle. Es ist mit standesgem\u00e4\u00dfer Viecherei ausgestattet, ein Pony geh\u00f6rte einst auch dazu. Jetzt nicht mehr, denn im September wurde das arme Luxustier von einem Wolf gerissen.<a href=\"#_edn1\" name=\"_ednref1\">[1]<\/a> Der B\u00f6se treibt seit langem sein Unwesen in der Region. W\u00f6lfe stehen jedoch unter Naturschutz.<\/p>\n<p>Uns\u2018 Uschi setzte alle Hebel in Bewegung. Zuvorderst eine veterin\u00e4ramtliche DNA-Untersuchung am privaten Pony zwecks Feststellung der \u201eT\u00e4terschaft\u201c. M\u00fcndend in die Einschaltung \u201eihrer\u201c EU-Kommission:<\/p>\n<blockquote><p><em>\u201eIch habe die Dienststellen der Kommission angewiesen, eine eingehende Analyse der Daten durchzuf\u00fchren.\u201c <\/em><a href=\"#_edn2\" name=\"_ednref2\">[2]<\/a><\/p><\/blockquote>\n<p><em>\u201eL&#8217;\u00c9tat,\u00a0c&#8217;est moi!\u201c,<\/em> \u201eDer Staat, das bin ich!\u201c, behauptete der franz\u00f6sische Sonnenk\u00f6nig Ludwig XIV. So auch das selbstherrliche Auftreten v.d. Leyens: <em>Europa, das bin ich!<\/em> Die EU-Kommission habe \u201eangesichts der steigenden Zahl von Wolfsrudeln in Deutschland und Europa\u201c zu pr\u00fcfen, ob der Status f\u00fcr die bislang streng gesch\u00fctzten W\u00f6lfe gelockert und die Tiere z\u00fcgiger zum Abschuss freigeben werden k\u00f6nnten.<\/p>\n<p>F\u00fcrsorge f\u00fcr alle Weidetierhalter \u2013 oder blo\u00df das pers\u00f6nliche, emotionale Verlangen nach Genugtuung f\u00fcr den schmerzlichen Verlust?<\/p>\n<blockquote><p><em>\u201eDie ganze Familie ist f\u00fcrchterlich mitgenommen\u201c<\/em> <a href=\"#_edn3\" name=\"_ednref3\">[3]<\/a><\/p><\/blockquote>\n<p>hatte v.d. Leyen nach dem Tod des Ponys bekundet.\u00a0Da musste nat\u00fcrlich die EU-Kommission ran, es trauerten ja nicht Hinz und Kunz. Klar?<\/p>\n<h5>Auf einem anderen Blatt<\/h5>\n<p>Weniger mitgenommen zeigt sich vdL, wenn ukrainische Menschenleben gewaltsam, oft auf grauenhafte Weise, beendet werden. Dann kann \u201eFlintenuschi\u201c schon mal perverses Wohlgefallen \u00e4u\u00dfern:<\/p>\n<blockquote><p><em>\u201eEs ist beeindruckend, wie sie unsere Werte verteidigen, mit allem, was sie haben, bis zu ihrem Leben\u201c,<\/em><a href=\"#_edn4\" name=\"_ednref4\">[4]<\/a><\/p><\/blockquote>\n<p>schw\u00e4rmte sie \u00fcber ihre ukrainischen Neonazi-Freunde in Kiew. 100 000 ukrainische Soldaten sind nach ihren Angaben bereits gefallen<a href=\"#_edn5\" name=\"_ednref5\">[5]<\/a>, eine \u00c4u\u00dferung, die sie wegen der Ver\u00e4rgerung des Selenskyj-Regimes sogleich zur\u00fccknahm und in der schriftlichen EU-Ver\u00f6ffentlichung l\u00f6schen lie\u00df.<a href=\"#_edn6\" name=\"_ednref6\">[6]<\/a> Gleichviel, inzwischen gibt es ohnehin Expertenaussagen \u00fcber weit h\u00f6here Zahlen von ukrainischen Gefallenen:<\/p>\n<blockquote><p><em>\u201e\u2026 derzeit 150.000, und es ist klar, dass ihre Best\u00e4nde an Artillerierohren, Granaten und gepanzerten Fahrzeugen weitgehend ersch\u00f6pft sind.\u201c<\/em> <a href=\"#_edn7\" name=\"_ednref7\">[7]<\/a><\/p><\/blockquote>\n<p>Ohnehin ungenannt blieben die bisher 6 630 get\u00f6teten und 10 577 verletzten Zivilisten<a href=\"#_edn8\" name=\"_ednref8\">[8]<\/a> \u2013 und die unbekannte Zahl der russischen Gefallenen.<\/p>\n<p>Kommissionspr\u00e4sidentin v.d. Leyen ist Bannertr\u00e4gerin der transatlantischen Drahtzieher und Kriegsgewinnler, die kurz nach Beginn der \u201eSchlacht\u201c die Ukrainer von eigenst\u00e4ndigen Friedensverhandlungen abgebracht und das Motto ausgegeben hatten: \u201eK\u00e4mpfen bis zum letzten Ukrainer\u201c. Ihre grausamen Menschenopfer dienen nicht der Freiheit einer demokratischen Ukraine (von Freiheit und Demokratie kann dort ohnehin keine Rede sein). Es passt in den Rahmen des propagandistischen Feindbildes, das diese Plutokraten-Dynastie und ihre politischen Erf\u00fcllungsgehilfen brauchen, um von inneren Schwierigkeiten ihres Herrschaftssystems und seinem Demokratiedefizit abzulenken.<a href=\"#_edn9\" name=\"_ednref9\">[9]<\/a><\/p>\n<h5>Die Kriegsfurie<\/h5>\n<p>Ursula v.d. Leyen:<\/p>\n<blockquote><p><em>\u201eUnsere unersch\u00fctterliche Unterst\u00fctzung f\u00fcr die Ukraine wird nicht nachlassen \u2026\u201c<\/em> <a href=\"#_edn10\" name=\"_ednref10\">[10]<\/a><\/p><\/blockquote>\n<p>Panzerlieferungen inklusive.<a href=\"#_edn11\" name=\"_ednref11\">[11]<\/a> Kein Wort dar\u00fcber, wie dieser Krieg am Verhandlungstisch beendet werden k\u00f6nnte. Unter der stahlhelmgleichen Betonfrisur ist kein Platz f\u00fcr Nachdenklichkeit und Suche nach friedlichen L\u00f6sungen. M\u00f6gen doch weiterhin Menschen verrecken, solange nur andere, vorzugsweise die aus v.d. Leyens gesellschaftlicher Klasse, sich daran dumm und d\u00e4mlich verdienen.<\/p>\n<p>Notabene: Der EU-Au\u00dfenbeauftragte Borell gab die Tageslosung aus:<\/p>\n<blockquote><p><em>\u201eWir werden der Ukraine bis zum Sieg helfen.\u201c<\/em> <a href=\"#_edn12\" name=\"_ednref12\">[12]<\/a><\/p><\/blockquote>\n<p>Verlogen und voller Demagogie unterst\u00fctzen diese Figuren den Krieg:<\/p>\n<blockquote><p><em>\u201eDie Ukrainer verteidigten nicht nur ihr Land, sondern auch die Grundprinzipien der Charta der Vereinten Nationen, der Grundrechte und des V\u00f6lkerrechts.\u201c<\/em><a href=\"#_edn13\" name=\"_ednref13\">[13]<\/a><\/p><\/blockquote>\n<p>Klar doch. Wenn die Ukrainer das nicht machten, st\u00fcnde \u201eder Russe\u201c an der Atlantikk\u00fcste und h\u00e4tte l\u00e4ngst alle westeurop\u00e4ischen Frauen zwischen 13 und 73 vergewaltigt. Auf dieser Linie agitieren ganz wie einst die deutschen Monopolmedien, voran der \u00f6ffentlich-rechtliche Bezahlrundfunk und die B\u00fcchsenspanner der ARD-aktuell:<\/p>\n<blockquote><p><em>\u201eWenn Deutschland will, dass dieser Freiheitskampf erfolgreich bleibt, dann muss es jetzt \u2013 abgestimmt mit den B\u00fcndnispartnern \u2013 schneller schweres Ger\u00e4t liefern. Und eben auch: Kampfpanzer.\u201c<\/em> <a href=\"#_edn14\" name=\"_ednref14\">[14]<\/a><\/p><\/blockquote>\n<p>Freiheit ist eben immer die Freiheit der Gleichgeschalteten, das hat die Journaille verinnerlicht.\u00a0Das Flaschenlager der ARD in Hamburg-Lokstedt bildet keine Ausnahme.<\/p>\n<p>Vorgeblich will vdL das dem EU-Steuerzahler abgenommene Geld<\/p>\n<blockquote><p><em>\u201egegen Korruption und f\u00fcr den Aufbau von Rechtsstaatlichkeit\u201c<\/em> <a href=\"#_edn15\" name=\"_ednref15\">[15]<\/a><\/p><\/blockquote>\n<p>in der Ukraine einsetzen, genauer: es zur Stabilisierung des bis ins Mark korrupten Staates und seines dito Pr\u00e4sidenten Selenskyj veruntreuen. Es handelt sich demn\u00e4chst um einen Gesamtbetrag von 18 Milliarden Euro. Dass ausgerechnet v.d. Leyen das Wort \u201eKorruption\u201c in den Mund nehmen kann, ohne dass bei ihr der Blitz einschl\u00e4gt, beweist: Es gibt keine Gerechtigkeit, weder im Himmel noch auf Erden.<\/p>\n<p>Bevor sie dank Angela Merkels Mogeleien mit Unterst\u00fctzung von Ungarns Viktor Orb\u00e1n aus Berlin nach Br\u00fcssel wegbef\u00f6rdert wurde, hatte vdL als Verteidigungsministerin unter schwerem Korruptionsverdacht gestanden. Ihre Gegenstrategie: Totalamnesie und L\u00f6schung aller verr\u00e4terischen Daten auf ihrem Diensttelefon.<\/p>\n<h5>Uschis S\u00fcndenregister<\/h5>\n<p>2016 wurde bekannt, dass der Konzern McKinsey auf Veranlassung der Ministerin mit Beratervertr\u00e4gen in Millionenh\u00f6he gesalbt worden war, ohne vorherige Pr\u00fcfung der Wirtschaftlichkeit, fallweise sogar ohne Ausschreibung.<a href=\"#_edn16\" name=\"_ednref16\">[16]<\/a> Die Rede war von 208 Millionen Euro.<a href=\"#_edn17\" name=\"_ednref17\">[17]<\/a> Typisch f\u00fcr v.d. Leyens unseri\u00f6sen Stil: Sie machte die vormalige McKinsey-Managerin Katrin Suder zu ihrer Staatssekret\u00e4rin.<a href=\"#_edn18\" name=\"_ednref18\">[18]<\/a><\/p>\n<p>David v.d. Leyen, \u00e4ltester Sohn der EU-Chefin, war von 2015 bis 2019 als <em>Associate<\/em> der McKinsey&amp;Company am Gewinn des Unternehmens beteiligt.<a href=\"#_edn19\" name=\"_ednref19\">[19]<\/a> Behauptet wird, dass der 36-j\u00e4hrige Spr\u00f6ssling nun \u00fcber ein pers\u00f6nliches Verm\u00f6gen von 3 Millionen Euro verf\u00fcgt.<a href=\"#_edn20\" name=\"_ednref20\">[20]<\/a> <em>Mamma mia<\/em>.<\/p>\n<p>Obwohl die Verst\u00f6\u00dfe bei Vergabe der Beratervertr\u00e4ge erwiesen sind, blieb v.d. Leyen ungeschoren. Auch seitens der ARD-aktuell. Fatalistischer Tagesschau-Text<\/p>\n<blockquote><p><em>\u201eEins steht fest: Die Daten sind futsch.\u201c <\/em><a href=\"#_edn21\" name=\"_ednref21\">[21]<\/a><\/p><\/blockquote>\n<p>Trotz der mutma\u00dflich kriminellen Datenl\u00f6schung<a href=\"#_edn22\" name=\"_ednref22\">[22]<\/a> gingen die ARD-aktuell-Regierungsfunker nicht auf kritische Distanz. Was Wunder.<\/p>\n<h5>Der Apfel f\u00e4llt nicht weit vom Pferde<\/h5>\n<p>Europas Gesicht und Stimme? Armes Europa. Ursula v.d. Leyen dagegen stammt aus verm\u00f6gendem, einflussreichem Elternhaus. Es hat sie nachhaltig gepr\u00e4gt. Vater Ernst Albrecht war lange Zeit Niedersachsens Ministerpr\u00e4sident, ber\u00fcchtigter Lobbyist der Einf\u00fchrung kommerzieller Medien<a href=\"#_edn23\" name=\"_ednref23\">[23]<\/a>, eifernder Unterst\u00fctzer einer Zerschlagung der seinerzeitigen Drei-L\u00e4nder-Anstalt <em>Norddeutscher Rundfunk<\/em>, Bef\u00fcrworter von staatlicher Folter<a href=\"#_edn24\" name=\"_ednref24\">[24]<\/a> und schweigender Mitwisser des Sprengstoffanschlags auf das Celler Gef\u00e4ngnis im Jahr 1978, ein vom Verfassungsschutz selbst als vorgeblicher RAF-Terrorakt inszeniertes Verbrechen.<a href=\"#_edn25\" name=\"_ednref25\">[25]<\/a><\/p>\n<p>Einfluss und Verm\u00f6gen ihres Vaters erlaubten es dem T\u00f6chterlein, wiederholt das Studienfach zu wechseln und schlie\u00dflich als \u201eLangzeitstudentin\u201c nach 11 Jahren ein Medizinstudium zu beenden, das sie sp\u00e4ter mit einer wissenschaftlich anspruchslosen, d\u00fcrftige 62 Seiten umfassenden und zu 43,5 Prozent abgeschriebenen Doktorarbeit \u201ekr\u00f6nte\u201c. Obwohl die Universit\u00e4t die Plagiate best\u00e4tigte, belie\u00df sie der einflussreichen Abschreiberin den Doktortitel. Fadenscheinige Begr\u00fcndung des Uni-Senats: Die Plagiate seien nur ein \u201eminderschwerer Fall\u201c.<a href=\"#_edn26\" name=\"_ednref26\">[26]<\/a> Der Namensgeber der Universit\u00e4t Hannover, Gottfried Wilhelm Leibniz<a href=\"#_edn27\" name=\"_ednref27\">[27]<\/a>, d\u00fcrfte seither im Grab rotieren.<\/p>\n<p>Reden wir lieber \u00fcber die ungeahndeten Geldskandale der in den Hochadel eingeheirateten \u201eFlintenuschi\u201c.<\/p>\n<p>Alle von der EU eingesammelten Gelder f\u00fcr den weltweiten Kampf gegen Covid-19 \u2013 wir reden von 9,8 Milliarden Euro \u2013 gingen an Bill Gates beziehungsweise an Organisationen seines Einflussbereichs<a href=\"#_edn28\" name=\"_ednref28\">[28]<\/a>; eine \u00fcberzeugende Begr\u00fcndung daf\u00fcr fehlt.<\/p>\n<p>Die EU hat allein bei BioNTech-Pfizer mindestens 2,4 Milliarden Dosen Impfstoff gekauft.<a href=\"#_edn29\" name=\"_ednref29\">[29]<\/a> Der Preis wird offiziell nicht genannt, doch gibt es Hinweise: 20 Dollar pro Dosis<a href=\"#_edn30\" name=\"_ednref30\">[30]<\/a>, insgesamt demnach 48 Milliarden Euro. Den Deal hat v.d. Leyen in pers\u00f6nlichen SMS mit Pfizer-Chef Albert Bourla eingef\u00e4delt.<a href=\"#_edn31\" name=\"_ednref31\">[31]<\/a><\/p>\n<p>Das EU-Parlament verlangte Einsichtnahme in diesen SMS-Verkehr. Kaltschn\u00e4uzig erkl\u00e4rte V.d. Leyens Beh\u00f6rde jedoch, solche digitalen Dokumente w\u00fcrden nicht archiviert.<a href=\"#_edn32\" name=\"_ednref32\">[32]<\/a> Inzwischen liegt der Fall bei der EU-Staatsanwaltschaft.<a href=\"#_edn33\" name=\"_ednref33\">[33]<\/a> Doch keiner ihrer Ermittler d\u00fcrfte der Pr\u00e4sidentin wirklich heftig auf die Zehen steigen und sie zwingen k\u00f6nnen, ihre gezinkten Karten auf den Tisch zu legen.<\/p>\n<h5>Politisch unverwundbar<\/h5>\n<p>Der Fall ist noch nicht abgeschlossen, aber auch dieser Kelch wird an der First Lady vor\u00fcbergehen. Das Meinungsoligopol, Tagesschau &amp; Co. inbegriffen, berichtet eh nur halbherzig \u00fcber den skandal\u00f6s kriminellen Vorgang. Anders die bewussten, kritischen Medien. Sie informierten umfassend.<a href=\"#_edn34\" name=\"_ednref34\">[34]<\/a> Aber eine Deutungshoheit wie der Mainstream haben sie eben nicht. Das wird systematisch verhindert, sie werden verfassungswidriger Zensur unterworfen<a href=\"#_edn35\" name=\"_ednref35\">[35]<\/a>. mit steuerrechtlichen Tricks schikaniert<a href=\"#_edn36\" name=\"_ednref36\">[36]<\/a>, administrativ unter Druck gesetzt<a href=\"#_edn37\" name=\"_ednref37\">[37]<\/a> und von Staats wegen ausgesp\u00e4ht.<a href=\"#_edn38\" name=\"_ednref38\">[38]<\/a> So wird die breite \u00d6ffentlichkeit an einer freien, eigenst\u00e4ndigen Meinungsbildung gehindert.<\/p>\n<p>Ursula v.d. Leyen muss keine kritische Kontrolle seitens ARD-aktuell und des restlichen \u00f6ffentlich-rechtlichen Rundfunks f\u00fcrchten. Sie ist bestens vernetzt mit den M\u00e4chtigen dieser Welt.\u00a0Der \u201eAtlantic Council\u201c zeichnete sie anno 2021 aus.<a href=\"#_edn39\" name=\"_ednref39\">[39]<\/a> Beim Milliard\u00e4rs-Geheimclub der \u201eBilderberger\u201c<a href=\"#_edn40\" name=\"_ednref40\">[40]<\/a> und beim Weltwirtschaftsforum WEF<a href=\"#_edn41\" name=\"_ednref41\">[41]<\/a> ist sie begehrter Gast.<\/p>\n<p>Der Arzt und Mikrobiologe Peter Piot ist ihr Duzfreund. Seit Beginn der Corona-Pandemie auch ihr Berater, der nach ihren Worten<\/p>\n<blockquote><p><em>\u201e\u2026 bei globalen Gesundheitsthemen alle relevanten Stakeholder kennt \u2013 die meisten pers\u00f6nlich. Sein Netzwerk von Wissenschaftlern bis hin zu Politikern, von den Chefs gro\u00dfer Pharmakonzerne bis hin zu f\u00fchrenden NGO-Aktivisten, sucht seinesgleichen. Das macht seine Ratschl\u00e4ge f\u00fcr die Politik besonders wertvoll.\u201c<a href=\"#_edn42\" name=\"_ednref42\"><strong>[42]<\/strong><\/a><\/em><\/p><\/blockquote>\n<p>Verst\u00e4ndlich (aber trotzdem ihre Informationspflicht verletzend) ist, dass sich die Mainstream-Journaille mit Einflussreichen von solchem Kaliber nicht anlegt. Das ist karrieredienlicher.<\/p>\n<p>Bezeichnend f\u00fcr v.d. Leyens Empf\u00e4nglichkeit ist ihre Br\u00fcsseler \u201eUmbauaff\u00e4re\u201c<a href=\"#_edn43\" name=\"_ednref43\">[43]<\/a>: F\u00fcr die Pr\u00e4sidentin war im zentralen Verwaltungsgeb\u00e4ude der Br\u00fcsseler Beh\u00f6rde ein luxuri\u00f6ser Wohnschlafraum mit Bad hergerichtet worden, Kosten: 72 000 Euro. F\u00fcr eine private Unterkunft in Br\u00fcssel stehen einer Pr\u00e4sidentin 4 185 Euro monatliche Zulage zu. \u201eGro\u00dfm\u00fctig\u201c verzichtete v.d. Leyen mit Blick auf ihren amtlichen Wohnschlafraum auf 1 500 Euro und streicht \u201enur\u201c 2 685 Euro Zulage zu ihrem knappen Sal\u00e4r von \u00fcber 30 000 Euro ein.<\/p>\n<p>Dieser Frau ist nichts zu peinlich. Auch nicht die Inanspruchnahme eines Privatjets zur Bew\u00e4ltigung eines Katzensprungs von nur 50 Kilometern.<a href=\"#_edn44\" name=\"_ednref44\">[44]<\/a><\/p>\n<p>Madame sitzt im Glashaus und wirft trotzdem mit Steinen. \u00dcber die neueste Korruptionsaff\u00e4re im EU-Parlament klagte sie im Deutschlandfunk-Interview scheinheilig, es sei<\/p>\n<blockquote><p><em>\u201eunendlich schmerzhaft, dass einige Abgeordnete sich offensichtlich mit krimineller Energie korrumpieren lie\u00dfen\u201c<\/em> <a href=\"#_edn45\" name=\"_ednref45\">[45]<\/a><em>\u00a0<\/em><\/p><\/blockquote>\n<p>Dass ein DLF-Journalist zu v.d. Leyens offensichtlicher Schamlosigkeit nichts anmerkte, versteht sich von selbst. Wegschauen k\u00f6nnen ist Bef\u00e4higungsnachweis f\u00fcr Hofberichterstatter des beitragsfinanzierten Rundfunks.<\/p>\n<h5>Ein K\u00fcbel Gift<\/h5>\n<p>Das DLF-Gespr\u00e4ch hatte es in jeder Hinsicht \u201ein sich\u201c. Ein ordentlicher Happen Russenhass war auch dabei:<\/p>\n<blockquote><p><em>\u201ePutin hat versucht, uns brutal zu erpressen auf dem Thema Energie.\u201c <sup>ebd.<\/sup><\/em><\/p><\/blockquote>\n<p>Beim \u201eminderschweren Fall\u201c von Betrugsversuch mit einer abgekupferten Doktorarbeit verlor v.d. Leyen nur ihre Ehre und besch\u00e4digte das Ansehen eines Uni-Senats. Als EU-Kommissionspr\u00e4sidentin den russischen Pr\u00e4sidenten f\u00e4lschlich der \u201eErpressung\u201c zu bezichtigen, schadet hingegen Millionen EU-B\u00fcrgern. Darauf, dass jetzt aus Russland kein Gas mehr kommt, hatten es v.d. Leyen und EU-Kommission bereits vor zwei Jahren angelegt. Es passte ihnen nicht, dass Putin g\u00fcnstige und langfristige Liefervertr\u00e4ge anbot, was zu Preisr\u00fcckg\u00e4ngen auf dem Gas-Markt gef\u00fchrt hatte.<a href=\"#_edn46\" name=\"_ednref46\">[46]<\/a><\/p>\n<p>Die EU-F\u00fchrung plante ein Verbot langfristiger Vertr\u00e4ge mit Russland.<a href=\"#_edn47\" name=\"_ednref47\">[47]<\/a><\/p>\n<p>Putin warnte:<\/p>\n<blockquote><p><em>\u201eWir haben mit \u2026 der Europ\u00e4ischen Kommission gesprochen, und alle ihre Aktivit\u00e4ten zielten darauf ab, die sogenannten langfristigen Vertr\u00e4ge auslaufen zu lassen. Es ging ihr um den \u00dcbergang zum Spot-Gashandel. Und wie sich heute herausgestellt hat, ist es offensichtlich, dass diese Praxis ein Fehler ist.\u201c<a href=\"#_edn48\" name=\"_ednref48\"><strong>[48]<\/strong><\/a><\/em><\/p><\/blockquote>\n<p>Die EU-F\u00fchrung aber wollte die russische Gasprom unbedingt dr\u00fccken und westlichen Gasanbietern Marktanteile zuschustern. Die Gasprom hatte es seit zwei Jahren kommen sehen.<a href=\"#_edn49\" name=\"_ednref49\">[49]<\/a> Dass die EU-Politik auf dem Spotmarkt wahre Mondpreise f\u00fcr Fl\u00fcssiggas aus USA<a href=\"#_edn50\" name=\"_ednref50\">[50]<\/a> einbringen w\u00fcrde, war marktzwangsl\u00e4ufig.<\/p>\n<p>Russland bot trotz aller Spannungen weiter langfristige, g\u00fcnstige Liefervertr\u00e4ge an. Ungarn nutzte die Chance.<a href=\"#_edn51\" name=\"_ednref51\">[51]<\/a> Das passte der EU nat\u00fcrlich nicht.<a href=\"#_edn52\" name=\"_ednref52\">[52]<\/a> Es widerlegte v.d. Leyens giftige Behauptung, Putin manipuliere und erpresse.<\/p>\n<p>EU-Pr\u00e4sidentin v.d. Leyen will damit verschleiern, dass ihre vollkommen missratene Energiepolitik uferlosen Sch\u00e4den verursacht und bezichtigt deshalb Putin:<\/p>\n<blockquote><p><em>\u201eDie Preise sind nat\u00fcrlich durch diese Manipulation von Putin exorbitant gestiegen, waren im August am h\u00f6chsten Punkt. Heute sind sie \u00fcber 80 Prozent gefallen, im Vergleich zum August.\u201c <a href=\"#_edn53\" name=\"_ednref53\"><strong>[53]<\/strong><\/a><\/em><\/p><\/blockquote>\n<p>Methode: \u201eHaltet den Dieb!\u201c<\/p>\n<p>Der Einkaufspreis f\u00fcr Gas ist zwar gefallen, aber die Nachl\u00e4sse werden nicht weitergegeben. Der Verbraucherpreis im Vorjahr, mit 25 Cent auf absolutem H\u00f6chststand, liegt jetzt bei 14 Cent, noch immer um 100 Prozent \u00fcber dem Vorkriegsniveau von 7 Cent.<a href=\"#_edn54\" name=\"_ednref54\">[54]<\/a><\/p>\n<h5>\u201eUnf\u00e4hig und ein bisschen kriminell\u201c<\/h5>\n<p>Ein Fazit. Gleichg\u00fcltig, ob es ihre pers\u00f6nlichen Machenschaften, die F\u00fchrung ihrer Amtsgesch\u00e4fte oder externe politische Vorg\u00e4nge betrifft, Frau v.d. Leyen l\u00fcgt wie gedruckt, wenn es ihr und ihrer politischen und pers\u00f6nlichen Corona in den Kram passt. Der Journalist, Satiriker und EU-Parlamentarier Martin Sonneborn kn\u00f6pfte sich die Pr\u00e4sidentin gr\u00fcndlich vor:<\/p>\n<blockquote><p><em>\u201eAls Sie Ihren Dienst hier antraten, dachte ich, Sie seien lediglich unf\u00e4hig und ein bisschen kriminell. Inzwischen wei\u00df ich, dass Sie auch beeindruckend moralfrei sind. An den Au\u00dfengrenzen sterben t\u00e4glich Fl\u00fcchtlinge, Fracking-Gas und Atomkraft sind nachhaltig, und Sie l\u00f6schen Ihre SMS zu den Milliarden-Zahlungen an Pfizer. Mir f\u00e4llt zur EU nichts mehr ein. Au\u00dfer: Wir sollten Europa nicht den Leyen \u00fcberlassen!\u201c <a href=\"#_edn55\" name=\"_ednref55\"><strong>[55]<\/strong><\/a><\/em><\/p><\/blockquote>\n<p>Stimmt.<\/p>\n<p>Ursula v.d. Leyen und ihre Gesinnungsfreunde repr\u00e4sentieren den transatlantischen Ungeist, seine tragische, auszehrende Wirkung auf die gute Substanz und die Zukunft des Alten Europa. Diese Albtraum-EU-Pr\u00e4sidentin, mitverantwortlich f\u00fcr die Verl\u00e4ngerung des Ukraine-Krieges, g\u00e4be es nicht <a href=\"#_edn56\" name=\"_ednref56\">[56]<\/a> \u2013 wahrscheinlich auch das ganze undemokratische, pomp\u00f6se, aggressive, scheu\u00dfliche EU-Konstrukt nicht \u2013, wenn die V\u00f6lker Westeuropas nach transparenten Meinungsbildungsprozessen, frei vom Einfluss der USA, in direkter Wahl \u00fcber ihr Schicksal h\u00e4tten entscheiden d\u00fcrfen. <a href=\"#_edn57\" name=\"_ednref57\">[57]<\/a><\/p>\n<p>So darf und wird es auf Dauer nicht bleiben.<\/p>\n<p style=\"text-align: right;\"><em>Friedhelm Klinkhammer und\u00a0<\/em><em>Volker Br\u00e4utigam sind\u00a0<\/em><em>Mitglieder des Beirates des Deutschen Freidenker-Verbandes<\/em><\/p>\n<p>&nbsp;<\/p>\n<p><a href=\"#_ednref1\" name=\"_edn1\">[1]<\/a> <a href=\"https:\/\/www.agrarheute.com\/land-leben\/identifiziert-wolf-toetete-herbst-leyens-pony-601035\">https:\/\/www.agrarheute.com\/land-leben\/identifiziert-wolf-toetete-herbst-leyens-pony-601035<\/a><\/p>\n<p><a href=\"#_ednref2\" name=\"_edn2\">[2]<\/a> <a href=\"https:\/\/www.judid.de\/eu-kommission-will-schutzstatus-fuer-woelfe-ueberpruefen\/\">https:\/\/www.judid.de\/eu-kommission-will-schutzstatus-fuer-woelfe-ueberpruefen\/<\/a><\/p>\n<p><a href=\"#_ednref3\" name=\"_edn3\">[3]<\/a> <a href=\"https:\/\/www.faz.net\/aktuell\/gesellschaft\/menschen\/wolf-reisst-ursula-von-der-leyens-pony-dolly-18514538.html\" target=\"_blank\" rel=\"noopener\">https:\/\/www.faz.net\/aktuell\/gesellschaft\/menschen\/wolf-reisst-ursula-von-der-leyens-pony-dolly-18514538.html<\/a><\/p>\n<p><a href=\"#_ednref4\" name=\"_edn4\">[4]<\/a> <a href=\"https:\/\/germany.representation.ec.europa.eu\/news\/eu-kommissionsprasidentin-von-der-leyen-ukraine-verteidigt-beeindruckend-unsere-werte-2022-05-20_de\">https:\/\/germany.representation.ec.europa.eu\/news\/eu-kommissionsprasidentin-von-der-leyen-ukraine-verteidigt-beeindruckend-unsere-werte-2022-05-20_de<\/a><\/p>\n<p><a href=\"#_ednref5\" name=\"_edn5\">[5]<\/a> <a href=\"https:\/\/www.rnd.de\/politik\/von-der-leyen-100-000-tote-ukrainische-soldaten-ansprache-sorgt-fuer-irritation-BFHX6742Y42DY5MHLM2RCIJV7E.html\">https:\/\/www.rnd.de\/politik\/von-der-leyen-100-000-tote-ukrainische-soldaten-ansprache-sorgt-fuer-irritation-BFHX6742Y42DY5MHLM2RCIJV7E.html<\/a><\/p>\n<p><a href=\"#_ednref6\" name=\"_edn6\">[6]<\/a> <a href=\"https:\/\/www.n-tv.de\/politik\/100-000-tote-Soldaten-Ukraine-ist-irritiert-article23754488.html\">https:\/\/www.n-tv.de\/politik\/100-000-tote-Soldaten-Ukraine-ist-irritiert-article23754488.html<\/a><\/p>\n<p><a href=\"#_ednref7\" name=\"_edn7\">[7]<\/a> <a href=\"https:\/\/bigserge.substack.com\/p\/russo-ukrainian-war-the-world-blood?r=7ct73\">https:\/\/bigserge.substack.com\/p\/russo-ukrainian-war-the-world-blood?r=7ct73<\/a><\/p>\n<p><a href=\"#_ednref8\" name=\"_edn8\">[8]<\/a> <a href=\"https:\/\/de.statista.com\/statistik\/daten\/studie\/1297855\/umfrage\/anzahl-der-zivilen-opfer-durch-ukraine-krieg\/\">https:\/\/de.statista.com\/statistik\/daten\/studie\/1297855\/umfrage\/anzahl-der-zivilen-opfer-durch-ukraine-krieg\/<\/a><\/p>\n<p><a href=\"#_ednref9\" name=\"_edn9\">[9]<\/a> <a href=\"https:\/\/www.theguardian.com\/commentisfree\/2022\/apr\/28\/liz-truss-ukraine-war-russia-conservative-power?CMP=twt_gu#Echobox=1651158610\">https:\/\/www.theguardian.com\/commentisfree\/2022\/apr\/28\/liz-truss-ukraine-war-russia-conservative-power?CMP=twt_gu#Echobox=1651158610<\/a><\/p>\n<p><a href=\"#_ednref10\" name=\"_edn10\">[10]<\/a> <a href=\"https:\/\/de.finance.yahoo.com\/nachrichten\/leyen-eu-ukraine-so-lange-120624747.html\">https:\/\/de.finance.yahoo.com\/nachrichten\/leyen-eu-ukraine-so-lange-120624747.html<\/a><\/p>\n<p><a href=\"#_ednref11\" name=\"_edn11\">[11]<\/a> <a href=\"https:\/\/www.berliner-zeitung.de\/news\/ursula-von-der-leyen-fordert-kampfpanzer-fuer-ukraine-li.267564\" target=\"_blank\" rel=\"noopener\">https:\/\/www.berliner-zeitung.de\/news\/ursula-von-der-leyen-fordert-kampfpanzer-fuer-ukraine-li.267564<\/a><\/p>\n<p><a href=\"#_ednref12\" name=\"_edn12\">[12]<\/a> <a href=\"https:\/\/lostineu.eu\/borrell-wir-helfen-der-ukraine-bis-zum-sieg\/\">https:\/\/lostineu.eu\/borrell-wir-helfen-der-ukraine-bis-zum-sieg\/<\/a><\/p>\n<p><a href=\"#_ednref13\" name=\"_edn13\">[13]<\/a> <a href=\"https:\/\/www.boerse.de\/nachrichten\/Von-der-Leyen-fuer-Panzerlieferungen-an-die-Ukraine\/34487819\">https:\/\/www.boerse.de\/nachrichten\/Von-der-Leyen-fuer-Panzerlieferungen-an-die-Ukraine\/34487819<\/a><\/p>\n<p><a href=\"#_ednref14\" name=\"_edn14\">[14]<\/a> <a href=\"https:\/\/www.tagesschau.de\/kommentar\/waffenlieferungen-ukraine-115.html\">https:\/\/www.tagesschau.de\/kommentar\/waffenlieferungen-ukraine-115.html<\/a><\/p>\n<p><a href=\"#_ednref15\" name=\"_edn15\">[15]<\/a> <a href=\"https:\/\/germany.representation.ec.europa.eu\/news\/eu-kommissionsprasidentin-von-der-leyen-ukraine-verteidigt-beeindruckend-unsere-werte-2022-05-20_de\">https:\/\/germany.representation.ec.europa.eu\/news\/eu-kommissionsprasidentin-von-der-leyen-ukraine-verteidigt-beeindruckend-unsere-werte-2022-05-20_de<\/a><\/p>\n<p><a href=\"#_ednref16\" name=\"_edn16\">[16]<\/a> <a href=\"https:\/\/www.capital.de\/wirtschaft-politik\/wie-mckinsey-bei-der-bundeswehr-zu-auftraegen-kam\" target=\"_blank\" rel=\"noopener\">https:\/\/www.capital.de\/wirtschaft-politik\/wie-mckinsey-bei-der-bundeswehr-zu-auftraegen-kam<\/a><\/p>\n<p><a href=\"#_ednref17\" name=\"_edn17\">[17]<\/a> <a href=\"https:\/\/www.spiegel.de\/politik\/deutschland\/bundeswehr-ursula-von-der-leyen-plant-millionenbudget-fuer-berater-a-1082706.html\" target=\"_blank\" rel=\"noopener\">https:\/\/www.spiegel.de\/politik\/deutschland\/bundeswehr-ursula-von-der-leyen-plant-millionenbudget-fuer-berater-a-1082706.html<\/a><\/p>\n<p><a href=\"#_ednref18\" name=\"_edn18\">[18]<\/a> <a href=\"https:\/\/www.spiegel.de\/politik\/deutschland\/katrin-suder-neue-vorwuerfe-gegen-ex-staatssekretaerin-im-verteidigungsministerium-a-8c3e9b9a-5030-4861-a386-087e1a4caefa\">https:\/\/www.spiegel.de\/politik\/deutschland\/katrin-suder-neue-vorwuerfe-gegen-ex-staatssekretaerin-im-verteidigungsministerium-a-8c3e9b9a-5030-4861-a386-087e1a4caefa<\/a><\/p>\n<p><a href=\"#_ednref19\" name=\"_edn19\">[19]<\/a> <a href=\"https:\/\/www.epochtimes.de\/politik\/deutschland\/david-von-der-leyen-mckinsey-und-auftraege-aus-dem-verteidigungsministerium-a2666304.html\" target=\"_blank\" rel=\"noopener\">https:\/\/www.epochtimes.de\/politik\/deutschland\/david-von-der-leyen-mckinsey-und-auftraege-aus-dem-verteidigungsministerium-a2666304.html<\/a><\/p>\n<p><a href=\"#_ednref20\" name=\"_edn20\">[20]<\/a> <a href=\"https:\/\/www.networthacademy.me\/david-von-der-leyen-age-net-worth\/\">https:\/\/www.networthacademy.me\/david-von-der-leyen-age-net-worth\/<\/a><\/p>\n<p><a href=\"#_ednref21\" name=\"_edn21\">[21]<\/a> <a href=\"https:\/\/www.tagesschau.de\/inland\/berateraffaere-109.html\">https:\/\/www.tagesschau.de\/inland\/berateraffaere-109.html<\/a><\/p>\n<p><a href=\"#_ednref22\" name=\"_edn22\">[22]<\/a> <a href=\"https:\/\/www.juraforum.de\/lexikon\/datenveraenderung\">https:\/\/www.juraforum.de\/lexikon\/datenveraenderung<\/a><\/p>\n<p><a href=\"#_ednref23\" name=\"_edn23\">[23]<\/a> <a href=\"https:\/\/www.deutschlandfunk.de\/oeffentlich-rechtlich-vs-privat-100.html\">https:\/\/www.deutschlandfunk.de\/oeffentlich-rechtlich-vs-privat-100.html<\/a><\/p>\n<p><a href=\"#_ednref24\" name=\"_edn24\">[24]<\/a> <a href=\"https:\/\/das-blaettchen.de\/2012\/07\/folter-ganz-demokratisch-14268.html\">https:\/\/das-blaettchen.de\/2012\/07\/folter-ganz-demokratisch-14268.html<\/a><\/p>\n<p><a href=\"#_ednref25\" name=\"_edn25\">[25]<\/a> <a href=\"https:\/\/daserste.ndr.de\/panorama\/archiv\/1987\/-,panorama12350.html\" target=\"_blank\" rel=\"noopener\">https:\/\/daserste.ndr.de\/panorama\/archiv\/1987\/-,panorama12350.html<\/a><\/p>\n<p><a href=\"#_ednref26\" name=\"_edn26\">[26]<\/a> <a href=\"https:\/\/de.wikipedia.org\/wiki\/Ursula_von_der_Leyen\">https:\/\/de.wikipedia.org\/wiki\/Ursula_von_der_Leyen<\/a><\/p>\n<p><a href=\"#_ednref27\" name=\"_edn27\">[27]<\/a> <a href=\"https:\/\/www.uni-hannover.de\/de\/universitaet\/profil\/leibniz\/\">https:\/\/www.uni-hannover.de\/de\/universitaet\/profil\/leibniz\/<\/a><\/p>\n<p><a href=\"#_ednref28\" name=\"_edn28\">[28]<\/a> <a href=\"https:\/\/ec.europa.eu\/commission\/presscorner\/detail\/de\/qanda_20_958\" target=\"_blank\" rel=\"noopener\">https:\/\/ec.europa.eu\/commission\/presscorner\/detail\/de\/qanda_20_958<\/a><\/p>\n<p><a href=\"#_ednref29\" name=\"_edn29\">[29]<\/a> <a href=\"https:\/\/www.finanzen.net\/nachricht\/aktien\/lieferung-bis-2023-biontech-pfizer-impfstoff-eu-kauft-bis-zu-1-8-milliarden-weitere-dosen-10114774\">https:\/\/www.finanzen.net\/nachricht\/aktien\/lieferung-bis-2023-biontech-pfizer-impfstoff-eu-kauft-bis-zu-1-8-milliarden-weitere-dosen-10114774<\/a><\/p>\n<p><a href=\"#_ednref30\" name=\"_edn30\">[30]<\/a> <a href=\"https:\/\/de.statista.com\/infografik\/23690\/preise-fuer-eine-dosis-ausgewaehlter-covid-19-impfstoffe\/\" target=\"_blank\" rel=\"noopener\">https:\/\/de.statista.com\/infografik\/23690\/preise-fuer-eine-dosis-ausgewaehlter-covid-19-impfstoffe\/<\/a><\/p>\n<p><a href=\"#_ednref31\" name=\"_edn31\">[31]<\/a> <a href=\"https:\/\/netzpolitik.org\/2022\/100-000-unterschriften-von-der-leyen-soll-chats-mit-pfizer-chef-offenlegen\/\" target=\"_blank\" rel=\"noopener\">https:\/\/netzpolitik.org\/2022\/100-000-unterschriften-von-der-leyen-soll-chats-mit-pfizer-chef-offenlegen\/<\/a><\/p>\n<p><a href=\"#_ednref32\" name=\"_edn32\">[32]<\/a> <a href=\"https:\/\/www.aerzteblatt.de\/nachrichten\/131360\/Von-der-Leyen-wegen-SMS-an-Pfizer-zu-Impfdeal-unter-Druck\" target=\"_blank\" rel=\"noopener\">https:\/\/www.aerzteblatt.de\/nachrichten\/131360\/Von-der-Leyen-wegen-SMS-an-Pfizer-zu-Impfdeal-unter-Druck<\/a><\/p>\n<p><a href=\"#_ednref33\" name=\"_edn33\">[33]<\/a> <a href=\"https:\/\/www.derstandard.de\/consent\/tcf\/story\/2000140063063\/ermittlungen-wegen-eu-impfstoffkaeufen-was-bisher-bekannt-ist,\" target=\"_blank\" rel=\"noopener\">https:\/\/www.derstandard.de\/consent\/tcf\/story\/2000140063063\/ermittlungen-wegen-eu-impfstoffkaeufen-was-bisher-bekannt-ist,<\/a><\/p>\n<p><a href=\"#_ednref34\" name=\"_edn34\">[34]<\/a> <a href=\"https:\/\/linkezeitung.de\/2022\/10\/23\/grenzenlos-die-korruption-der-ursula-von-der-leyen\/\">https:\/\/linkezeitung.de\/2022\/10\/23\/grenzenlos-die-korruption-der-ursula-von-der-leyen\/<\/a><\/p>\n<p><a href=\"#_ednref35\" name=\"_edn35\">[35]<\/a> <a href=\"https:\/\/www.labournet.de\/interventionen\/grundrechte\/kommunikationsfreiheit\/netzzensur\/der-krieg-bedroht-auch-die-pressefreiheit-fuer-das-recht-rt-und-sputnik-zu-boykottieren-gegen-staatliche-zensur\/\" target=\"_blank\" rel=\"noopener\">https:\/\/www.labournet.de\/interventionen\/grundrechte\/kommunikationsfreiheit\/netzzensur\/der-krieg-bedroht-auch-die-pressefreiheit-fuer-das-recht-rt-und-sputnik-zu-boykottieren-gegen-staatliche-zensur\/<\/a><\/p>\n<p><a href=\"#_ednref36\" name=\"_edn36\">[36]<\/a> <a href=\"https:\/\/www.nd-aktuell.de\/artikel\/1169076.gemeinnuetzigkeit-nachdenkseiten-verlieren-gemeinnuetzigkeit.html\" target=\"_blank\" rel=\"noopener\">https:\/\/www.nd-aktuell.de\/artikel\/1169076.gemeinnuetzigkeit-nachdenkseiten-verlieren-gemeinnuetzigkeit.html<\/a><\/p>\n<p><a href=\"#_ednref37\" name=\"_edn37\">[37]<\/a> <a href=\"https:\/\/mmm.verdi.de\/beruf\/hausdurchsuchung-bei-radio-dreyeckland-86457\" target=\"_blank\" rel=\"noopener\">https:\/\/mmm.verdi.de\/beruf\/hausdurchsuchung-bei-radio-dreyeckland-86457<\/a><\/p>\n<p><a href=\"#_ednref38\" name=\"_edn38\">[38]<\/a> <a href=\"https:\/\/www.sueddeutsche.de\/politik\/berliner-verfassungsschutz-kenfm-ken-jebsen-1.5306180?reduced=true\" target=\"_blank\" rel=\"noopener\">https:\/\/www.sueddeutsche.de\/politik\/berliner-verfassungsschutz-kenfm-ken-jebsen-1.5306180?reduced=true<\/a><\/p>\n<p><a href=\"#_ednref39\" name=\"_edn39\">[39]<\/a> <a href=\"https:\/\/www.atlanticcouncil.org\/news\/press-releases\/atlantic-councils-distinguished-leadership-awards-gala-to-honor-ursula-von-der-leyen-dua-lipa-albert-bourla-ugur-sahin-and-ozlem-tureci\/\">https:\/\/www.atlanticcouncil.org\/news\/press-releases\/atlantic-councils-distinguished-leadership-awards-gala-to-honor-ursula-von-der-leyen-dua-lipa-albert-bourla-ugur-sahin-and-ozlem-tureci\/<\/a><\/p>\n<p><a href=\"#_ednref40\" name=\"_edn40\">[40]<\/a> <a href=\"https:\/\/www.infosperber.ch\/politik\/welt\/die-geheime-macht-der-bilderberg-gruppe\/\">https:\/\/www.infosperber.ch\/politik\/welt\/die-geheime-macht-der-bilderberg-gruppe\/<\/a><\/p>\n<p><a href=\"#_ednref41\" name=\"_edn41\">[41]<\/a> <a href=\"https:\/\/www.sueddeutsche.de\/wirtschaft\/wef-2023-weltwirtschaftsforum-davos-1.5732650\">https:\/\/www.sueddeutsche.de\/wirtschaft\/wef-2023-weltwirtschaftsforum-davos-1.5732650<\/a><\/p>\n<p><a href=\"#_ednref42\" name=\"_edn42\">[42]<\/a> <a href=\"https:\/\/ec.europa.eu\/commission\/presscorner\/detail\/en\/SPEECH_21_3288\" target=\"_blank\" rel=\"noopener\">https:\/\/ec.europa.eu\/commission\/presscorner\/detail\/en\/SPEECH_21_3288<\/a><\/p>\n<p><a href=\"#_ednref43\" name=\"_edn43\">[43]<\/a> <a href=\"https:\/\/www.handelsblatt.com\/politik\/international\/72-000-euro-fuer-zimmer-eu-kommission-verteidigt-kosten-fuer-von-der-leyens-einzimmer-wohnung\/25477986.html\">https:\/\/www.handelsblatt.com\/politik\/international\/72-000-euro-fuer-zimmer-eu-kommission-verteidigt-kosten-fuer-von-der-leyens-einzimmer-wohnung\/25477986.html<\/a><\/p>\n<p><a href=\"#_ednref44\" name=\"_edn44\">[44]<\/a> <a href=\"https:\/\/www.tagesspiegel.de\/politik\/von-der-leyen-fliegt-50-kilometer-im-privatjet-5125504.html\">https:\/\/www.tagesspiegel.de\/politik\/von-der-leyen-fliegt-50-kilometer-im-privatjet-5125504.html<\/a><\/p>\n<p><a href=\"#_ednref45\" name=\"_edn45\">[45]<\/a> <a href=\"https:\/\/www.deutschlandfunk.de\/interview-der-woche-ursula-von-der-leyen-100.html\">https:\/\/www.deutschlandfunk.de\/interview-der-woche-ursula-von-der-leyen-100.html<\/a><\/p>\n<p><a href=\"#_ednref46\" name=\"_edn46\">[46]<\/a> <a href=\"https:\/\/www.economist.com\/the-economist-explains\/2021\/10\/27\/could-europe-manage-without-russian-gas\">https:\/\/www.economist.com\/the-economist-explains\/2021\/10\/27\/could-europe-manage-without-russian-gas<\/a><\/p>\n<p><a href=\"#_ednref47\" name=\"_edn47\">[47]<\/a> <a href=\"https:\/\/www.businessworldreport.com\/europe-financial-news\/eu-aims-to-scrap-long-term-gas-supply-contracts\/\">https:\/\/www.businessworldreport.com\/europe-financial-news\/eu-aims-to-scrap-long-term-gas-supply-contracts\/<\/a><\/p>\n<p><a href=\"#_ednref48\" name=\"_edn48\">[48]<\/a> <a href=\"https:\/\/www.cnbc.com\/2021\/10\/06\/europe-made-mistake-in-ditching-long-term-gas-deals-putin.html\">https:\/\/www.cnbc.com\/2021\/10\/06\/europe-made-mistake-in-ditching-long-term-gas-deals-putin.html<\/a><\/p>\n<p><a href=\"#_ednref49\" name=\"_edn49\">[49]<\/a> <a href=\"https:\/\/www.spglobal.com\/commodityinsights\/en\/market-insights\/latest-news\/natural-gas\/042921-gazprom-sees-2021-european-gas-exports-in-range-of-175-183-bcm-burmistrova\">https:\/\/www.spglobal.com\/commodityinsights\/en\/market-insights\/latest-news\/natural-gas\/042921-gazprom-sees-2021-european-gas-exports-in-range-of-175-183-bcm-burmistrova<\/a><\/p>\n<p><a href=\"#_ednref50\" name=\"_edn50\">[50]<\/a> <a href=\"https:\/\/www.forbes.com\/sites\/ianpalmer\/2021\/08\/19\/why-lng-exports-from-the-us-are-off-to-the-moon\/\" target=\"_blank\" rel=\"noopener\">https:\/\/www.forbes.com\/sites\/ianpalmer\/2021\/08\/19\/why-lng-exports-from-the-us-are-off-to-the-moon\/<\/a><\/p>\n<p><a href=\"#_ednref51\" name=\"_edn51\">[51]<\/a> <a href=\"https:\/\/www.zdf.de\/nachrichten\/politik\/gas-ungarn-gazprom-ukraine-krieg-russland-100.html\">https:\/\/www.zdf.de\/nachrichten\/politik\/gas-ungarn-gazprom-ukraine-krieg-russland-100.html<\/a><\/p>\n<p><a href=\"#_ednref52\" name=\"_edn52\">[52]<\/a> <a href=\"https:\/\/www.tageblatt.lu\/nachrichten\/international\/bruesseler-milliarden-poker-gegen-orban\/\" target=\"_blank\" rel=\"noopener\">https:\/\/www.tageblatt.lu\/nachrichten\/international\/bruesseler-milliarden-poker-gegen-orban\/<\/a><\/p>\n<p><a href=\"#_ednref53\" name=\"_edn53\">[53]<\/a> <a href=\"https:\/\/www.deutschlandfunk.de\/interview-der-woche-ursula-von-der-leyen-100.html\">https:\/\/www.deutschlandfunk.de\/interview-der-woche-ursula-von-der-leyen-100.html<\/a><\/p>\n<p><a href=\"#_ednref54\" name=\"_edn54\">[54]<\/a> <a href=\"https:\/\/energiemarie.de\/gaspreis\">https:\/\/energiemarie.de\/gaspreis<\/a><\/p>\n<p><a href=\"#_ednref55\" name=\"_edn55\">[55]<\/a> <a href=\"https:\/\/www.telepolis.de\/features\/Europa-nicht-den-Leyen-ueberlassen-7265667.html\">https:\/\/www.telepolis.de\/features\/Europa-nicht-den-Leyen-ueberlassen-7265667.html<\/a><\/p>\n<p><a href=\"#_ednref56\" name=\"_edn56\">[56]<\/a> <a href=\"https:\/\/www.deutschlandfunk.de\/volksabstimmung-in-den-niederlanden-referendum-als-102.html\" target=\"_blank\" rel=\"noopener\">https:\/\/www.deutschlandfunk.de\/volksabstimmung-in-den-niederlanden-referendum-als-102.html<\/a><\/p>\n<p><a href=\"#_ednref57\" name=\"_edn57\">[57]<\/a> <a href=\"https:\/\/www.bpb.de\/kurz-knapp\/lexika\/das-europalexikon\/177232\/referenden-zum-eu-vertrag\/\">https:\/\/www.bpb.de\/kurz-knapp\/lexika\/das-europalexikon\/177232\/referenden-zum-eu-vertrag\/<\/a><\/p>\n<p>&nbsp;<\/p>\n<p><span style=\"font-size: 10pt;\">Der Beitrag erschien am 29.01.2023 auch auf <a href=\"https:\/\/publikumskonferenz.de\/blog\/2023\/01\/29\/die-tiefschattenseite-der-eu-sonnenkoenigin-v-d-leyen\/\" target=\"_blank\" rel=\"noopener\">publikumskonferenz.de<\/a><\/span><\/p>\n<hr \/>\n<p><span style=\"font-size: 10pt;\">Bild: Collage von Ralf Lux, unter Verwendung von:<\/span><\/p>\n<p><span style=\"font-size: 10pt;\"><span class=\"mw-mmv-title\">Ludwig XIV. als Zehnj\u00e4hriger<br \/>\nGem\u00e4lde von Justus van Egmont (1648), <\/span>Gemeinfrei<\/span><br \/>\n<span style=\"font-size: 10pt;\">Quelle: <a href=\"https:\/\/commons.wikimedia.org\/w\/index.php?curid=12403015\" target=\"_blank\" rel=\"noopener\">https:\/\/commons.wikimedia.org\/w\/index.php?curid=12403015<\/a><\/span><\/p>\n<p><span class=\"mw-mmv-title\" style=\"font-size: 10pt;\">Ursula von der Leyen w\u00e4hrend der M\u00fcnchner Sicherheitskonferenz 2017<\/span><br \/>\n<span style=\"font-size: 10pt;\">Foto: Kuhlmann, <a href=\"https:\/\/creativecommons.org\/licenses\/by\/3.0\/de\/deed.en\" target=\"_blank\" rel=\"noopener\">CC BY 3.0 de<\/a><\/span><br \/>\n<span style=\"font-size: 10pt;\">Quelle: <a href=\"https:\/\/commons.wikimedia.org\/w\/index.php?curid=62776617\" target=\"_blank\" rel=\"noopener\">https:\/\/commons.wikimedia.org\/w\/index.php?curid=62776617<\/a><\/span><\/p>\n<p>&nbsp;<\/p>\n","protected":false},"excerpt":{"rendered":"<p><b>Beitrag von Friedhelm Klinkhammer und Volker Br\u00e4utigam<\/b><br \/>\nUrsula von der Leyen, Pr\u00e4sidentin der EU-Kommission, ohne Charisma und mit Spitznamen (in Deutschland) \u201eFlinten-Uschi\u201c, ist unheilbar \u201ekrank\u201c. Das Kriegsfieber hat sie gepackt, ein b\u00f6sartiges Symptom der russophoben Hirnhautreizung. Gegen die politische Enzephalitis gibt es keine Therapie. Zur Begrenzung der Ansteckungsgefahr w\u00e4ren Amtsenthebung und strikte Quarant\u00e4ne erforderlich. K\u00f6nnte Westeuropas Bev\u00f6lkerung direkt w\u00e4hlen, w\u00e4re das m\u00f6glich. Die EU laboriert aber nun an einer US-affinen Kommissionspr\u00e4sidentin, die das h\u00f6chste westeurop\u00e4ische Amt gerne zur Verfolgung Washingtoner und pers\u00f6nlicher Anliegen missbraucht. Ein Musterfall von ideeller (und materieller?) Ruchlosigkeit.<\/p>\n","protected":false},"author":3,"featured_media":15118,"comment_status":"closed","ping_status":"closed","sticky":false,"template":"","format":"standard","meta":{"colormag_page_container_layout":"default_layout","colormag_page_sidebar_layout":"default_layout","advanced_seo_description":"","jetpack_seo_html_title":"","jetpack_seo_noindex":false,"jetpack_post_was_ever_published":false,"footnotes":""},"categories":[12],"tags":[1094,627,182,1702,1384,1491,78,719,639,1632],"class_list":["post-15112","post","type-post","status-publish","format-standard","has-post-thumbnail","hentry","category-demokratie-medien-aufklaerung","tag-ard","tag-energiepolitik","tag-eu","tag-eu-kommission","tag-korruption","tag-kriegstreiberei","tag-naturschutz","tag-sanktionen","tag-ukraine-konflikt","tag-von-der-leyen"],"jetpack_featured_media_url":"https:\/\/i0.wp.com\/www.freidenker.org\/fw17\/wp-content\/uploads\/2023\/02\/vonderleyen_sonnenkoenigin_v2_800x450.jpg?fit=800%2C450&ssl=1","jetpack_shortlink":"https:\/\/wp.me\/p9stpK-3VK","jetpack-related-posts":[{"id":14426,"url":"https:\/\/www.freidenker.org\/?p=14426","url_meta":{"origin":15112,"position":0},"title":"Weg in Abh\u00e4ngigkeit und Autokratie.","author":"Webredaktion","date":"12. Oktober 2022","format":false,"excerpt":"Beitrag von Gert Ewen Ungar Kaum eine Person verk\u00f6rpert die viel beschworenen europ\u00e4ischen Werte und den Begriff Demokratie so wenig wie Kommissionspr\u00e4sidentin Ursula von der Leyen. Das legt ein Beitrag\u00a0der Washingtoner Tageszeitung Politico nahe. Das Blatt geh\u00f6rt seit August 2021 zu dem deutschen Medienkonzern Axel Springer. Der mit \"Europas Amerikanische\u2026","rel":"","context":"In &quot;Demokratie \u2013 Medien \u2013 Aufkl\u00e4rung&quot;","block_context":{"text":"Demokratie \u2013 Medien \u2013 Aufkl\u00e4rung","link":"https:\/\/www.freidenker.org\/?cat=12"},"img":{"alt_text":"","src":"https:\/\/i0.wp.com\/www.freidenker.org\/fw17\/wp-content\/uploads\/2022\/10\/von_der_Leyen_51988071051_800x450.jpg?fit=800%2C450&ssl=1&resize=350%2C200","width":350,"height":200,"srcset":"https:\/\/i0.wp.com\/www.freidenker.org\/fw17\/wp-content\/uploads\/2022\/10\/von_der_Leyen_51988071051_800x450.jpg?fit=800%2C450&ssl=1&resize=350%2C200 1x, https:\/\/i0.wp.com\/www.freidenker.org\/fw17\/wp-content\/uploads\/2022\/10\/von_der_Leyen_51988071051_800x450.jpg?fit=800%2C450&ssl=1&resize=525%2C300 1.5x, https:\/\/i0.wp.com\/www.freidenker.org\/fw17\/wp-content\/uploads\/2022\/10\/von_der_Leyen_51988071051_800x450.jpg?fit=800%2C450&ssl=1&resize=700%2C400 2x"},"classes":[]},{"id":16197,"url":"https:\/\/www.freidenker.org\/?p=16197","url_meta":{"origin":15112,"position":1},"title":"Die EU-Kommissionspr\u00e4sidentin, ihr Mann und die mRNA-Impfstoffe","author":"Webredaktion","date":"29. Mai 2023","format":false,"excerpt":"Beitrag von Anti-Spiegel (d.i. Thomas R\u00f6per) Dass Ursula von der Leyen \u00fcber 70 Milliarden Euro f\u00fcr die Bestellung von Impfstoffen gegen Covid-19 ausgegeben hat, ist nicht neu. Sie hat 4,2 Milliarden Impfdosen (fast ausschlie\u00dflich bei Pfizer) bestellt. Das ist genug, um jeden EU-B\u00fcrger neun Mal gegen die von der US-Regierung\u2026","rel":"","context":"In &quot;Demokratie \u2013 Medien \u2013 Aufkl\u00e4rung&quot;","block_context":{"text":"Demokratie \u2013 Medien \u2013 Aufkl\u00e4rung","link":"https:\/\/www.freidenker.org\/?cat=12"},"img":{"alt_text":"","src":"https:\/\/i0.wp.com\/www.freidenker.org\/fw17\/wp-content\/uploads\/2023\/05\/von-der-leyen_pfizer_800x450.jpg?fit=800%2C450&ssl=1&resize=350%2C200","width":350,"height":200,"srcset":"https:\/\/i0.wp.com\/www.freidenker.org\/fw17\/wp-content\/uploads\/2023\/05\/von-der-leyen_pfizer_800x450.jpg?fit=800%2C450&ssl=1&resize=350%2C200 1x, https:\/\/i0.wp.com\/www.freidenker.org\/fw17\/wp-content\/uploads\/2023\/05\/von-der-leyen_pfizer_800x450.jpg?fit=800%2C450&ssl=1&resize=525%2C300 1.5x, https:\/\/i0.wp.com\/www.freidenker.org\/fw17\/wp-content\/uploads\/2023\/05\/von-der-leyen_pfizer_800x450.jpg?fit=800%2C450&ssl=1&resize=700%2C400 2x"},"classes":[]},{"id":18412,"url":"https:\/\/www.freidenker.org\/?p=18412","url_meta":{"origin":15112,"position":2},"title":"Demokratie \u00e0 la EU: Von der Leyen hat die Wahl schon vor der Wahl gewonnen","author":"Webredaktion","date":"29. Februar 2024","format":false,"excerpt":"Beitrag von Gert Ewen Ungar Im Juni finden in der EU Wahlen zum EU-Parlament statt. Wie sich das f\u00fcr Demokratien geh\u00f6rt, steht die Siegerin bereits fest. Die mehr als nur umstrittene EU-Kommissionspr\u00e4sidentin Ursula von der Leyen bekommt eine zweite Amtszeit verpasst. Die CDU machte sie zur Spitzenkandidatin der EVP-Fraktion im\u2026","rel":"","context":"In &quot;Demokratie \u2013 Medien \u2013 Aufkl\u00e4rung&quot;","block_context":{"text":"Demokratie \u2013 Medien \u2013 Aufkl\u00e4rung","link":"https:\/\/www.freidenker.org\/?cat=12"},"img":{"alt_text":"","src":"https:\/\/i0.wp.com\/www.freidenker.org\/fw17\/wp-content\/uploads\/2024\/02\/von_der_Leyen_on_5_January_2024.jpg?fit=800%2C450&ssl=1&resize=350%2C200","width":350,"height":200,"srcset":"https:\/\/i0.wp.com\/www.freidenker.org\/fw17\/wp-content\/uploads\/2024\/02\/von_der_Leyen_on_5_January_2024.jpg?fit=800%2C450&ssl=1&resize=350%2C200 1x, https:\/\/i0.wp.com\/www.freidenker.org\/fw17\/wp-content\/uploads\/2024\/02\/von_der_Leyen_on_5_January_2024.jpg?fit=800%2C450&ssl=1&resize=525%2C300 1.5x, https:\/\/i0.wp.com\/www.freidenker.org\/fw17\/wp-content\/uploads\/2024\/02\/von_der_Leyen_on_5_January_2024.jpg?fit=800%2C450&ssl=1&resize=700%2C400 2x"},"classes":[]},{"id":22891,"url":"https:\/\/www.freidenker.org\/?p=22891","url_meta":{"origin":15112,"position":3},"title":"Trump fordert wirtschaftlichen Selbstmord der EU \u2012 von der Leyen stimmt zu","author":"Webredaktion","date":"20. September 2025","format":false,"excerpt":"Beitrag von Gert Ewen Ungar Trump ist ein gewitzter Gesch\u00e4ftsmann. Er nutzt den Russenhass der Westeurop\u00e4er und insbesondere den der EU-Kommission, um Gesch\u00e4fte zum Vorteil der USA zu machen. Die EU-Kommission ist bereit, Entscheidungen zu treffen, die massive Nachteile mit sich bringen, wenn sie damit gelockt wird, dass Russland dadurch\u2026","rel":"","context":"In &quot;Demokratie \u2013 Medien \u2013 Aufkl\u00e4rung&quot;","block_context":{"text":"Demokratie \u2013 Medien \u2013 Aufkl\u00e4rung","link":"https:\/\/www.freidenker.org\/?cat=12"},"img":{"alt_text":"","src":"https:\/\/i0.wp.com\/www.freidenker.org\/fw17\/wp-content\/uploads\/2025\/09\/von_der_Leyen_and_Trump_2025_2_800x450.jpg?fit=800%2C450&ssl=1&resize=350%2C200","width":350,"height":200,"srcset":"https:\/\/i0.wp.com\/www.freidenker.org\/fw17\/wp-content\/uploads\/2025\/09\/von_der_Leyen_and_Trump_2025_2_800x450.jpg?fit=800%2C450&ssl=1&resize=350%2C200 1x, https:\/\/i0.wp.com\/www.freidenker.org\/fw17\/wp-content\/uploads\/2025\/09\/von_der_Leyen_and_Trump_2025_2_800x450.jpg?fit=800%2C450&ssl=1&resize=525%2C300 1.5x, https:\/\/i0.wp.com\/www.freidenker.org\/fw17\/wp-content\/uploads\/2025\/09\/von_der_Leyen_and_Trump_2025_2_800x450.jpg?fit=800%2C450&ssl=1&resize=700%2C400 2x"},"classes":[]},{"id":21437,"url":"https:\/\/www.freidenker.org\/?p=21437","url_meta":{"origin":15112,"position":4},"title":"Trump bef\u00f6rdert Machtverschiebung von EU-Br\u00fcssel zur\u00fcck zu Mitgliedsstaaten","author":"Webredaktion","date":"11. April 2025","format":false,"excerpt":"Beitrag von Rainer Rupp Ein eisiger Wind weht zwischen Br\u00fcssel und Washington. Trump benimmt sich gegen\u00fcber den europ\u00e4ischen US-Vasallen, wie dies die r\u00f6mischen Gott-Kaiser einst mit ihren Untertanen in Rom taten. Er \u2013 und nur er pers\u00f6nlich \u2013 entscheidet, wer was, wo tun und nicht tun darf. Die EU-Kommissionspr\u00e4sidentin Ursula\u2026","rel":"","context":"In &quot;Demokratie \u2013 Medien \u2013 Aufkl\u00e4rung&quot;","block_context":{"text":"Demokratie \u2013 Medien \u2013 Aufkl\u00e4rung","link":"https:\/\/www.freidenker.org\/?cat=12"},"img":{"alt_text":"","src":"https:\/\/i0.wp.com\/www.freidenker.org\/fw17\/wp-content\/uploads\/2025\/04\/Giorgia_Meloni_at_the_Special_European_Council_-_February_2023_06_800x450.jpg?fit=800%2C450&ssl=1&resize=350%2C200","width":350,"height":200,"srcset":"https:\/\/i0.wp.com\/www.freidenker.org\/fw17\/wp-content\/uploads\/2025\/04\/Giorgia_Meloni_at_the_Special_European_Council_-_February_2023_06_800x450.jpg?fit=800%2C450&ssl=1&resize=350%2C200 1x, https:\/\/i0.wp.com\/www.freidenker.org\/fw17\/wp-content\/uploads\/2025\/04\/Giorgia_Meloni_at_the_Special_European_Council_-_February_2023_06_800x450.jpg?fit=800%2C450&ssl=1&resize=525%2C300 1.5x, https:\/\/i0.wp.com\/www.freidenker.org\/fw17\/wp-content\/uploads\/2025\/04\/Giorgia_Meloni_at_the_Special_European_Council_-_February_2023_06_800x450.jpg?fit=800%2C450&ssl=1&resize=700%2C400 2x"},"classes":[]},{"id":23747,"url":"https:\/\/www.freidenker.org\/?p=23747","url_meta":{"origin":15112,"position":5},"title":"Was der Korruptionsfall in der EU mit dem \u201eReparationskredit\u201c f\u00fcr Kiew zu tun hat","author":"Webredaktion","date":"8. Dezember 2025","format":false,"excerpt":"Machtk\u00e4mpfe und Korruption von Anti-Spiegel Ich habe es bereits in der letzten Tacheles-Sendung gesagt, komme aber erst jetzt dazu, dar\u00fcber zu schreiben und es ausf\u00fchrlich zu begr\u00fcnden: Die Bem\u00fchungen der EU-Kommission, die in der EU eingefrorenen russischen Verm\u00f6genswerte zu enteignen und f\u00fcr einen \u201eReparationskredit\u201c f\u00fcr die Ukraine zu benutzen, stehen\u2026","rel":"","context":"In &quot;Demokratie \u2013 Medien \u2013 Aufkl\u00e4rung&quot;","block_context":{"text":"Demokratie \u2013 Medien \u2013 Aufkl\u00e4rung","link":"https:\/\/www.freidenker.org\/?cat=12"},"img":{"alt_text":"","src":"https:\/\/i0.wp.com\/www.freidenker.org\/fw17\/wp-content\/uploads\/2025\/12\/Federica_Mogherini_12_800x450.jpg?fit=800%2C450&ssl=1&resize=350%2C200","width":350,"height":200,"srcset":"https:\/\/i0.wp.com\/www.freidenker.org\/fw17\/wp-content\/uploads\/2025\/12\/Federica_Mogherini_12_800x450.jpg?fit=800%2C450&ssl=1&resize=350%2C200 1x, https:\/\/i0.wp.com\/www.freidenker.org\/fw17\/wp-content\/uploads\/2025\/12\/Federica_Mogherini_12_800x450.jpg?fit=800%2C450&ssl=1&resize=525%2C300 1.5x, https:\/\/i0.wp.com\/www.freidenker.org\/fw17\/wp-content\/uploads\/2025\/12\/Federica_Mogherini_12_800x450.jpg?fit=800%2C450&ssl=1&resize=700%2C400 2x"},"classes":[]}],"_links":{"self":[{"href":"https:\/\/www.freidenker.org\/index.php?rest_route=\/wp\/v2\/posts\/15112","targetHints":{"allow":["GET"]}}],"collection":[{"href":"https:\/\/www.freidenker.org\/index.php?rest_route=\/wp\/v2\/posts"}],"about":[{"href":"https:\/\/www.freidenker.org\/index.php?rest_route=\/wp\/v2\/types\/post"}],"author":[{"embeddable":true,"href":"https:\/\/www.freidenker.org\/index.php?rest_route=\/wp\/v2\/users\/3"}],"replies":[{"embeddable":true,"href":"https:\/\/www.freidenker.org\/index.php?rest_route=%2Fwp%2Fv2%2Fcomments&post=15112"}],"version-history":[{"count":0,"href":"https:\/\/www.freidenker.org\/index.php?rest_route=\/wp\/v2\/posts\/15112\/revisions"}],"wp:featuredmedia":[{"embeddable":true,"href":"https:\/\/www.freidenker.org\/index.php?rest_route=\/wp\/v2\/media\/15118"}],"wp:attachment":[{"href":"https:\/\/www.freidenker.org\/index.php?rest_route=%2Fwp%2Fv2%2Fmedia&parent=15112"}],"wp:term":[{"taxonomy":"category","embeddable":true,"href":"https:\/\/www.freidenker.org\/index.php?rest_route=%2Fwp%2Fv2%2Fcategories&post=15112"},{"taxonomy":"post_tag","embeddable":true,"href":"https:\/\/www.freidenker.org\/index.php?rest_route=%2Fwp%2Fv2%2Ftags&post=15112"}],"curies":[{"name":"wp","href":"https:\/\/api.w.org\/{rel}","templated":true}]}}