{"id":15107,"date":"2023-02-01T02:35:01","date_gmt":"2023-02-01T01:35:01","guid":{"rendered":"https:\/\/www.freidenker.org\/?p=15107"},"modified":"2023-02-19T13:31:44","modified_gmt":"2023-02-19T12:31:44","slug":"ehemalige-nva-generale-warnen-vor-weiteren-waffenlieferungen-an-die-ukraine","status":"publish","type":"post","link":"https:\/\/www.freidenker.org\/?p=15107","title":{"rendered":"Ehemalige NVA-Generale warnen vor weiteren Waffenlieferungen an die Ukraine"},"content":{"rendered":"<p><em>von <strong>Manfred Gr\u00e4tz<\/strong>, Generalleutnant a.D. und <strong>Sebald Daum<\/strong>, Generalmajor a.D.<\/em><\/p>\n<p>Gerne ver\u00f6ffentlichen wir die nachfolgenden Stellungnahmen, die uns vom befreundeten Verband zur Pflege der Traditionen der Nationalen Volksarmee und der Grenztruppen der DDR erreicht haben.<\/p>\n<hr \/>\n<h4>Deutsche Panzer gegen Russland<\/h4>\n<h5>-Aufruhr meines Gewissens-<\/h5>\n<p><em>von <strong>Manfred Gr\u00e4tz,<\/strong>\u00a0 Generalleutnant a.D.<\/em><\/p>\n<p><img data-recalc-dims=\"1\" loading=\"lazy\" decoding=\"async\" data-attachment-id=\"15109\" data-permalink=\"https:\/\/www.freidenker.org\/?attachment_id=15109\" data-orig-file=\"https:\/\/i0.wp.com\/www.freidenker.org\/fw17\/wp-content\/uploads\/2023\/02\/Generalleutnant_Graetz_vk.jpg?fit=305%2C400&amp;ssl=1\" data-orig-size=\"305,400\" data-comments-opened=\"0\" data-image-meta=\"{&quot;aperture&quot;:&quot;0&quot;,&quot;credit&quot;:&quot;&quot;,&quot;camera&quot;:&quot;&quot;,&quot;caption&quot;:&quot;&quot;,&quot;created_timestamp&quot;:&quot;0&quot;,&quot;copyright&quot;:&quot;&quot;,&quot;focal_length&quot;:&quot;0&quot;,&quot;iso&quot;:&quot;0&quot;,&quot;shutter_speed&quot;:&quot;0&quot;,&quot;title&quot;:&quot;&quot;,&quot;orientation&quot;:&quot;1&quot;}\" data-image-title=\"Generalleutnant_Gr\u00e4tz_vk\" data-image-description=\"\" data-image-caption=\"\" data-large-file=\"https:\/\/i0.wp.com\/www.freidenker.org\/fw17\/wp-content\/uploads\/2023\/02\/Generalleutnant_Graetz_vk.jpg?fit=305%2C400&amp;ssl=1\" class=\"wp-image-15109 size-medium alignleft\" src=\"https:\/\/i0.wp.com\/www.freidenker.org\/fw17\/wp-content\/uploads\/2023\/02\/Generalleutnant_Graetz_vk.jpg?resize=229%2C300&#038;ssl=1\" alt=\"\" width=\"229\" height=\"300\" srcset=\"https:\/\/i0.wp.com\/www.freidenker.org\/fw17\/wp-content\/uploads\/2023\/02\/Generalleutnant_Graetz_vk.jpg?resize=229%2C300&amp;ssl=1 229w, https:\/\/i0.wp.com\/www.freidenker.org\/fw17\/wp-content\/uploads\/2023\/02\/Generalleutnant_Graetz_vk.jpg?w=305&amp;ssl=1 305w\" sizes=\"auto, (max-width: 229px) 100vw, 229px\" \/>Es ist wieder so weit. Von ungez\u00e4hlten Menschen bef\u00fcrchtet, von einer geschichtsvergessenen oder die Geschichte arrogant\u00a0 missachtenden Minderheit, die sich berufen f\u00fchlt, unser Land zu regieren und in Vasallentreue dem transatlantischen B\u00fcndnispartner folgt, herbeigesehnt und -geredet, von einer einmalig gleichgeschalteten Medienlandschaft eifrig unterst\u00fctzt und nunmehr vom Bundeskanzler offiziell verk\u00fcndet. Panzer gen Osten ist beschlossenen Sache.<\/p>\n<p>Bei vielen Menschen str\u00e4uben sich die Haare, werden ungute Erinnerungen wach, auch bei mir. Damals waren es noch kindliche Erinnerungen.<\/p>\n<p>Geboren 1935 bin oder war ich faktisch noch ein Kind des 2. Weltkrieges. Zu jung, um schon f\u00fcr den Waffengang des deutschen Faschismus missbraucht zu werden, aber alt genug, um zu verstehen, dass Krieg nur unermessliches Leid, Elend und menschenverachtende Vernichtung bedeutet. Ich verlor meinen Vater. Ein herzlos kalter Brief seines Kompaniechefs vermeldete, dass er offensichtlich \u201ein heldenhaften Abwehr-K\u00e4mpfen gegen den bolschewistischen Feind f\u00fcr F\u00fchrer, Volk und Vaterland gefallen sei\u2026\u201c<\/p>\n<p>Gelegentlich tauchen auch schlaglichtartig Erinnerungen auf, wie wir als halbw\u00fcchsige Jungen am Bahndamm sa\u00dfen und die vielen Milit\u00e4rtransporte beobachteten, mit riesigen wei\u00dfen Lettern beschriftet: \u201eR\u00e4der m\u00fcssen rollen f\u00fcr den Sieg.\u201c Heute hei\u00dft es: \u201eDeutsche Panzer Richtung Russland.\u201c Parallelen, \u00c4hnlichkeiten sind wohl unschwer zu erkennen. Bombenn\u00e4chte, Fliegeralarm, das brennende Chemnitz unweit meines Dorfes vor Augen, all das trug dazu bei, dass ich schon als Kind den Krieg hassen lernte und den Frieden herbeisehnte. Das Ende des Krieges erlebte ich schlie\u00dflich als Befreiung Deutschlands vom Faschismus durch die Sowjetarmee.<\/p>\n<p>Seit jenen Ereignissen sind nahezu acht Jahrzehnte vergangen. Aus dem damals halbw\u00fcchsigen Jungen ist ein 88-J\u00e4hriger geworden, in ereignisreicher geschichtstr\u00e4chtiger Zeit ein erf\u00fclltes Leben hinter sich.<\/p>\n<p>38 Dienstjahre f\u00fcr die Erhaltung des Friedens in unserer Nationalen Volksarmee, davon sechs Jahre Studium in der SU, geh\u00f6ren dazu. Ich bekenne mich freim\u00fctig, ich liebe dieses Land, wohl wissend, dass das heutige Russland nicht mehr mit der SU vergleichbar ist. Aber die Menschen, deren V\u00e4ter und Gro\u00dfv\u00e4ter f\u00fcr ihr Vaterland gegen den deutschen Faschismus gek\u00e4mpft und auch uns befreit haben, sind geblieben. Warmherzige, liebenswerte Menschen, Freunde!<\/p>\n<p>All das und noch viel mehr geht mir durch den Kopf vor dem Hintergrund all dessen, was sich gegenw\u00e4rtig ereignet. Der Geist ist noch wach, auch nach 88 Jahren.<\/p>\n<p>Es ist eine ganze Gemengelage an Gef\u00fchlen und Empfindungen, die mich bewegt, dominiert von Wut und Entt\u00e4uschung. Wut kocht in mir hoch, wenn ich die v\u00f6llig haltlose einseitige Schuldzuweisung an Russland, in der Regel personell an Putin verfolgen muss, an Putin, den Aggressor, Putin den Kriegsverbrecher. Putin ist an allem schuld, was gegenw\u00e4rtig in der Welt passiert. Vergessen oder bewusst verschwiegen die gesamte Vorgeschichte des Krieges in der Ukraine, vergessen der Wortbruch des Westens bez\u00fcglich der NATO-Osterweiterung, vergessen die Rede Putins vor dem Bundestag anno 2001, in der er die Hand ausstreckte, friedliche Zusammenarbeit anbot und dann mit standing ovations verabschiedet wurde, vergessen auch die Rede auf der M\u00fcnchner Sicherheitskonferenz 2007, als er die NATO-Osterweiterung als Bedrohung russischer Sicherheitsinteressen ansprach.<\/p>\n<p>Wut kommt auf, wenn Frau Baerbock, immerhin Au\u00dfenministerin unseres Landes und h\u00f6chste Diplomatin, v\u00f6llig ahnungslos und bar jeglichen diplomatischen Geschicks oder gar Anstands vom Leder zieht \u201eWir werden Russland ruinieren\u201c.<\/p>\n<p>Auf etwa der gleichen Ebene liegt das h\u00e4ufige Geschw\u00e4tz \u00fcber die Frage, ob wir denn nun schon Kriegspartei sind oder nicht, oft dabei den Anschein erweckend, zu suchen und auszuloten, ob wir denn nicht noch einen Schritt weiter gehen d\u00fcrfen oder nicht. F\u00fcr mich brotlose Kunst. L\u00e4ngst sind die Fronten klar. Wir sind mittendrin. Was sollte man denn sonst noch tun m\u00fcssen, wenn man schon Panzer und andere schwere Waffen geliefert hat mit dem \u201ehehren\u201c Ziel, Russland zu besiegen?<\/p>\n<p>Gef\u00e4hrlich auch, wenn Politiker und sog. Experten in Talkshows oder bei anderen Gelegenheiten \u00fcber das Thema Eskalation, vielleicht mit Kernwaffen, mit \u201ekleinen taktischen\u201c zun\u00e4chst, sinnieren, ahnungslos und leichtsinnig. Vergessen schon Hiroshima und Nagasaki, jene zwei japanischen St\u00e4dte, die das Opfer des ersten Atombombenabwurfes auf bewohntes Territorium wurden, ohne jede milit\u00e4rische Notwendigkeit. Zu diesem Zeitpunkt war der 2. Weltkrieg l\u00e4ngst entschieden, in Europa, wie auch in Fernost. Und das waren bekanntlich nicht die Russen! Vergessen all das Leid und Elend, all die nach Zehntausenden z\u00e4hlenden Toten, und die Jahrzehnte w\u00e4hrenden Langzeitwirkungen, die diese nach heutigen Ma\u00dfst\u00e4ben \u201ezwei kleinen Kaliber\u201c bewirkten. Unvorstellbar und verantwortungslos ein solches Spiel mit dem Feuer in der Gegenwart! Da sage ich als ehemaliger Milit\u00e4r all jenen, die an ein solches Abenteuer nur denken: Kriegsverbrechen!<\/p>\n<p>Apropos Kriegsverbrechen! Spricht da noch jemand davon im Zusammenhang mit Hiroshima und Nagasaki? Vergessen! Zu den Akten gelegt, das bis dato gr\u00f6\u00dfte Kriegsverbrechen der Menschheitsgeschichte, begangen von den USA.<\/p>\n<p>Nicht nur bedauerlich, sondern auch besorgniserregend finde ich, dass unsere in Regierungsverantwortung stehenden Politiker auch noch beratungsresistent sind. Ich denke hier dabei an die Tatsache, wie die Meinung erfahrener Milit\u00e4rs, Spezialisten ihres Berufes, mehr und mehr in den Hintergrund tritt, besser getreten wird, sie nicht mehr f\u00fcr die \u00d6ffentlichkeit wahrzunehmen ist. Muss es nicht bedenklich stimmen, wenn ein General Kujath, exzellenter Kenner der Materie, auch\u00a0 oder besonders der NATO, seine beachtenswert realen Einsch\u00e4tzungen der Lage in einem Schweizer Journal unterbreiten muss? Oder wenn sich ein General Vad, ehemaliger milit\u00e4rischer Berater von Frau Merkel, im Journal EMMA von Alice Schwarzer \u00e4u\u00dfert (nicht missverstehen, Respekt f\u00fcr Frau Schwarzer!)<\/p>\n<p>Oder wenn sogar der Generalstabschef der US-Armee,\u00a0 General Milley, f\u00fcr seine reale Einsch\u00e4tzung der Lage in der Ukraine von der Biden-Administration einen R\u00fcffel einstecken musste und \u00fcber seine Erkenntnisse der Mantel des Schweigens ausgebreitet wird?<\/p>\n<p>Von anderen Milit\u00e4rs, gar von Ehemaligen aus der NVA, will ich hier gar nicht sprechen, die k\u00f6nnten ja die Russen gut kennen!<\/p>\n<p>Alles nach dem Motto \u201eEs kann nicht sein, was nicht sein darf\u201c. Es bleibt dabei, mit deutscher Vasallentreue folgen wir getreu der auf die Weltherrschaft ausgerichteten Kriegspolitik der USA, unseres wichtigsten transatlantischen Verb\u00fcndeten. Quo vadis, Deutschland? Frage ich mich da. Oder um es mit Heinrich Heine zu sagen: Denk ich an Deutschland in der Nacht, so werd\u00b4 ich um den Schlaf gebracht!<\/p>\n<p>Noch ein Wort an alle Mitglieder und Sympathisanten unseres Verbandes, an meine Genossen und Freunde.<\/p>\n<p>Erhebt Eure Stimme, versteckt Euch nicht.<\/p>\n<p>Schreibt, in welcher Form und in welchem Medium auch immer und vergesst Name und Dienstgrad nicht.<\/p>\n<p>Sucht und findet unsere Verb\u00fcndeten, besucht auch deren Veranstaltungen.<\/p>\n<p>Gemeinsam sind wir st\u00e4rker.<\/p>\n<p>Geht mit auf die Stra\u00dfe, sofern Ihr noch r\u00fcstig und mobil seid. Redet mit den Leuten, trotz unterschiedlicher Interessen, die dort vertreten sind.<\/p>\n<p>Krieg will von den Demonstranten keiner.<\/p>\n<p>All das sagt mir mein Gewissen. Bitte, pr\u00fcft auch das Eure.<\/p>\n<hr \/>\n<h4>Protest gegen die weitere Unterst\u00fctzung der Ukraine mit Panzer\u00a0und anderen schweren Kriegsger\u00e4t durch Deutschland<strong><em>.<\/em><\/strong><\/h4>\n<p><em>v<\/em><em>on <strong>Sebald Daum<\/strong>, Generalmajor a.D.<\/em><\/p>\n<p><img data-recalc-dims=\"1\" loading=\"lazy\" decoding=\"async\" data-attachment-id=\"15110\" data-permalink=\"https:\/\/www.freidenker.org\/?attachment_id=15110\" data-orig-file=\"https:\/\/i0.wp.com\/www.freidenker.org\/fw17\/wp-content\/uploads\/2023\/02\/Generalmajor_Daum_vk.jpg?fit=286%2C400&amp;ssl=1\" data-orig-size=\"286,400\" data-comments-opened=\"0\" data-image-meta=\"{&quot;aperture&quot;:&quot;0&quot;,&quot;credit&quot;:&quot;Andreas Maluga&quot;,&quot;camera&quot;:&quot;&quot;,&quot;caption&quot;:&quot;&quot;,&quot;created_timestamp&quot;:&quot;0&quot;,&quot;copyright&quot;:&quot;&quot;,&quot;focal_length&quot;:&quot;0&quot;,&quot;iso&quot;:&quot;0&quot;,&quot;shutter_speed&quot;:&quot;0&quot;,&quot;title&quot;:&quot;&quot;,&quot;orientation&quot;:&quot;1&quot;}\" data-image-title=\"Generalmajor_Daum_vk\" data-image-description=\"\" data-image-caption=\"\" data-large-file=\"https:\/\/i0.wp.com\/www.freidenker.org\/fw17\/wp-content\/uploads\/2023\/02\/Generalmajor_Daum_vk.jpg?fit=286%2C400&amp;ssl=1\" class=\"wp-image-15110 size-medium alignleft\" src=\"https:\/\/i0.wp.com\/www.freidenker.org\/fw17\/wp-content\/uploads\/2023\/02\/Generalmajor_Daum_vk.jpg?resize=215%2C300&#038;ssl=1\" alt=\"\" width=\"215\" height=\"300\" srcset=\"https:\/\/i0.wp.com\/www.freidenker.org\/fw17\/wp-content\/uploads\/2023\/02\/Generalmajor_Daum_vk.jpg?resize=215%2C300&amp;ssl=1 215w, https:\/\/i0.wp.com\/www.freidenker.org\/fw17\/wp-content\/uploads\/2023\/02\/Generalmajor_Daum_vk.jpg?w=286&amp;ssl=1 286w\" sizes=\"auto, (max-width: 215px) 100vw, 215px\" \/>Mit der Entscheidung des Bundeskanzlers der BRD Herrn Scholz und seiner Regierung, nun doch der Ukraine 14 \u201eLeopard-2\u201c Panzer zu liefern und den anderen L\u00e4ndern der NATO es zu gestatten auch diese Leopard-Panzer der Ukraine zur Verf\u00fcgung zu stellen, tritt Deutschland in eine neue Phase der Kriegsbeteiligung gegen Russland ein und verwirklicht so die Aussage seiner Au\u00dfenministerin im Krieg mit Russland zu stehen.<\/p>\n<p>Mit dieser Entscheidung verl\u00e4ngert Deutschland nicht nur das Sterben in der Ukraine, sondern wird Kriegspartei. Gleichzeitig wird Russland immer mehr zum Feind des deutschen Volkes aufgebaut und man zerst\u00f6rt endg\u00fcltig all das, was einmal wichtig war in den freundschaftlichen Beziehungen zu Russland, insbesondere im Osten sowie in der BRD insgesamt.<\/p>\n<p>Ich m\u00f6chte deshalb nur an einige wichtige Fakten erinnern:<\/p>\n<p>&#8211;\u00a0 dass die Sowjetunion den gr\u00f6\u00dften Anteil an der Befreiung des deutschen Volkes vom Hitlerfaschismus hat mit \u00fcber 27 Millionen Toten,<\/p>\n<p>&#8211; dass nach 1945 die Rote Armee und das sowjetische Volk nicht Gleiches mit Gleichen vergolten und Deutschland mit Hass \u00fcberzogen haben, wie es zur Zeit schon wieder in Deutschland gegen Russland getan wird,<\/p>\n<p>&#8211; dass die Sowjetunion und Russland entscheidend war f\u00fcr die Wiedervereinigung Deutschlands, denn ohne ihre Zustimmung h\u00e4tte es kein \u201eEinig Deutsches Vaterland\u201c gegeben,<\/p>\n<p>&#8211; dass Russland seine Besatzungstruppen freiwillig, im guten Glauben an gute nachbarliche Beziehungen, abgezogen hat, w\u00e4hrend die amerikanischen Besatzungstruppen weiter im Lande sind,<\/p>\n<p>&#8211; dass Russland zugestimmt hat, dass Deutschland nicht neutral, sondern in der NATO bleiben darf,<\/p>\n<p>&#8211; dass nicht Russland an die Grenzen Deutschlands oder der EU heranger\u00fcckt ist, sondern die NATO-Truppen heute an den Grenzen Russlands stehen,<\/p>\n<p>&#8211; und letztlich sei daran erinnert, dass es die USA und die NATO waren, die 2014 in der Ukraine einen Staatsstreich organisiert, den gew\u00e4hlten Pr\u00e4sidenten au\u00dfer Landes vertrieben und die Ukraine milit\u00e4risch aufger\u00fcstet und gegen Russland in Stellung gebracht haben, damit sie 8 Jahre Krieg gegen das eigene Volk f\u00fchren konnte und gef\u00fchrt hat.<\/p>\n<p>Hat man das alles vergessen, ist dass jetzt der Dank f\u00fcr all das was die Sowjetunion und Russland f\u00fcr Deutschland getan haben, oder sind wir schon wieder so weit, ein drittes Mal gegen Russland in den Krieg zu ziehen? Sollen deutsche Panzer \u201eLeopard\u201c, wie einst deutsche \u201eTiger\u201c gegen Russland rollen. Hat man die Ergebnisse von Stalingrad und Kursk so schnell vergessen, oder will man diese Niederlagen revidieren?<\/p>\n<p>Nie wieder Krieg galt in Deutschland als ungeschriebenes Gesetz. Nie wieder darf in Deutschland deshalb Hass und Kriegsgeschrei gegen Russland die Oberhand gewinnen, nie wieder darf ein \u201ewollt ihr den totalen Krieg\u201c- Geschrei uns gegen die V\u00f6lker Russlands aufhetzen.<\/p>\n<p>Deshalb erhebe ich meine Stimme zum Protest, gegen diese Lieferung von Panzern und anderem schweren Kriegsger\u00e4t durch Deutschland, die f\u00fcr die Verl\u00e4ngerung des Krieges und des Mordens in der Ukraine stehen. M\u00f6gen die Stimmen der Vernunft die Oberhand gewinnen und m\u00f6gen Unz\u00e4hlige in diesem Sinne mithelfen, den Krieg zu verhindern.<\/p>\n<hr \/>\n<p style=\"text-align: right;\"><em>Beide Autoren sind Mitglieder des \u00c4ltestenrates des Verbandes zur Pflege der Traditionen der Nationalen Volksarmee und der Grenztruppen der DDR<\/em><\/p>\n<p style=\"text-align: right;\"><em>Generalleutnant Manfred Gr\u00e4tz, zuletzt: 1986 \u2013 1989 Stellvertreter des Ministers f\u00fcr Nationale Verteidigung,\u00a01990 Chef des Hauptstabes der NVA<\/em><\/p>\n<p style=\"text-align: right;\"><em>Generalmajor Sebald Daum, zuletzt: 1985 \u2013 1990 Stellvertreter Chef und Chef Ausbildung Milit\u00e4rbezirk III<\/em><\/p>\n<hr \/>\n<p><span style=\"font-size: 10pt;\">Bild oben:\u00a0<\/span><span style=\"font-size: 10pt;\">Ein ukrainischer Artillerist feuert die Haubitze D-30 ab (2019)<\/span><br \/>\n<span style=\"font-size: 10pt;\">Foto: Defense Visual Information Distribution Service, Gemeinfrei<\/span><br \/>\n<span style=\"font-size: 10pt;\">Quelle: <a href=\"https:\/\/nara.getarchive.net\/de\/media\/a-ukrainian-artilleryman-fires-the-d-30-howitzer-cc9050\" target=\"_blank\" rel=\"noopener\">https:\/\/nara.getarchive.net\/de\/media\/a-ukrainian-artilleryman-fires-the-d-30-howitzer-cc9050<\/a><\/span><\/p>\n<p><span style=\"font-size: 10pt;\">Fotos im Text:<\/span><br \/>\n<span style=\"font-size: 10pt;\">Generalleutnant Manfred Gr\u00e4tz: Verband zur Pflege der Traditionen der Nationalen Volksarmee und der Grenztruppen der DDR<\/span><br \/>\n<span style=\"font-size: 10pt;\">Generalmajor Sebald Daum: DDR-Kabinett Bochum<\/span><em><br \/>\n<\/em><\/p>\n<hr \/>\n<p>&nbsp;<\/p>\n","protected":false},"excerpt":{"rendered":"<p><b>Stellungnahmen von Manfred Gr\u00e4tz, Generalleutnant a.D. und Sebald Daum, Generalmajor a.D.<\/b><br \/>\nGerne ver\u00f6ffentlichen wir die nachfolgenden Stellungnahmen, die uns vom befreundeten Verband zur Pflege der Traditionen der Nationalen Volksarmee und der Grenztruppen der DDR erreicht haben.<br \/>\n[Auszug Gr\u00e4tz:] Es ist wieder so weit. Von ungez\u00e4hlten Menschen bef\u00fcrchtet, von einer geschichtsvergessenen oder die Geschichte arrogant\u00a0 missachtenden Minderheit, die sich berufen f\u00fchlt, unser Land zu regieren und in Vasallentreue dem transatlantischen B\u00fcndnispartner folgt, herbeigesehnt und -geredet, von einer einmalig gleichgeschalteten Medienlandschaft eifrig unterst\u00fctzt und nunmehr vom Bundeskanzler offiziell verk\u00fcndet. Panzer gen Osten ist beschlossenen Sache.<\/p>\n","protected":false},"author":3,"featured_media":15120,"comment_status":"closed","ping_status":"closed","sticky":false,"template":"","format":"standard","meta":{"colormag_page_container_layout":"default_layout","colormag_page_sidebar_layout":"default_layout","advanced_seo_description":"","jetpack_seo_html_title":"","jetpack_seo_noindex":false,"jetpack_post_was_ever_published":false,"footnotes":""},"categories":[13],"tags":[648,1061,451,335,491,188,1526,746,812,639,1525],"class_list":["post-15107","post","type-post","status-publish","format-standard","has-post-thumbnail","hentry","category-frieden-antifaschismus-solidaritaet","tag-2-weltkrieg","tag-atomwaffen","tag-faschismus","tag-frieden","tag-geschichte","tag-krieg","tag-kriegsbeteiligung","tag-kriegsverbrechen","tag-protest","tag-ukraine-konflikt","tag-waffenlieferungen"],"jetpack_featured_media_url":"https:\/\/i0.wp.com\/www.freidenker.org\/fw17\/wp-content\/uploads\/2023\/02\/ukrainische_haubitze_800x450.jpg?fit=800%2C450&ssl=1","jetpack_shortlink":"https:\/\/wp.me\/p9stpK-3VF","jetpack-related-posts":[{"id":10588,"url":"https:\/\/www.freidenker.org\/?p=10588","url_meta":{"origin":15107,"position":0},"title":"Gemeinsam f\u00fcr den Frieden &#8211; Ein Aufruf zur Vernunft","author":"Webredaktion","date":"22. Juni 2021","format":false,"excerpt":"Zur Erinnerung und Mahnung an den 22.06.1941, dem Tag des \u00dcberfalls der deutschen Wehrmacht auf die Sowjetunion, fand am 16.06.2021 eine Pressekonferenz des Verbandes zur Pflege der Traditionen der NVA und GT der DDR und von ISOR e.V. statt. Dort wurde der Aufruf \"Gemeinsam f\u00fcr den Frieden\" von Milit\u00e4rs aus\u2026","rel":"","context":"In &quot;Frieden - Antifaschismus - Solidarit\u00e4t&quot;","block_context":{"text":"Frieden - Antifaschismus - Solidarit\u00e4t","link":"https:\/\/www.freidenker.org\/?cat=13"},"img":{"alt_text":"","src":"https:\/\/i0.wp.com\/www.freidenker.org\/fw17\/wp-content\/uploads\/2021\/06\/Treptow_P1040660_800x450_v2.jpg?fit=800%2C450&ssl=1&resize=350%2C200","width":350,"height":200,"srcset":"https:\/\/i0.wp.com\/www.freidenker.org\/fw17\/wp-content\/uploads\/2021\/06\/Treptow_P1040660_800x450_v2.jpg?fit=800%2C450&ssl=1&resize=350%2C200 1x, https:\/\/i0.wp.com\/www.freidenker.org\/fw17\/wp-content\/uploads\/2021\/06\/Treptow_P1040660_800x450_v2.jpg?fit=800%2C450&ssl=1&resize=525%2C300 1.5x, https:\/\/i0.wp.com\/www.freidenker.org\/fw17\/wp-content\/uploads\/2021\/06\/Treptow_P1040660_800x450_v2.jpg?fit=800%2C450&ssl=1&resize=700%2C400 2x"},"classes":[]},{"id":20288,"url":"https:\/\/www.freidenker.org\/?p=20288","url_meta":{"origin":15107,"position":1},"title":"General und Friedensaktivist Sebald Daum gestorben","author":"Webredaktion","date":"17. November 2024","format":false,"excerpt":"Nachruf von\u00a0Rainer Rupp \"Das Leben eines aufrechten Soldaten der Nationalen Volksarmee der Deutschen Demokratischen Republik hat sich vollendet.\" So beginnt der Nachruf auf einen herausragenden Soldaten, Generalmajor a.D. Sebald Daum (geboren 22.01.1934 \u2013 gestorben 12.11.2024). Sebald Daum hat sich nicht nur w\u00e4hrend des Kalten Krieges leidenschaftlich f\u00fcr den Erhalt des\u2026","rel":"","context":"In &quot;Frieden - Antifaschismus - Solidarit\u00e4t&quot;","block_context":{"text":"Frieden - Antifaschismus - Solidarit\u00e4t","link":"https:\/\/www.freidenker.org\/?cat=13"},"img":{"alt_text":"","src":"https:\/\/i0.wp.com\/www.freidenker.org\/fw17\/wp-content\/uploads\/2024\/11\/Generalmajor_Daum_800x445.jpg?fit=800%2C445&ssl=1&resize=350%2C200","width":350,"height":200,"srcset":"https:\/\/i0.wp.com\/www.freidenker.org\/fw17\/wp-content\/uploads\/2024\/11\/Generalmajor_Daum_800x445.jpg?fit=800%2C445&ssl=1&resize=350%2C200 1x, https:\/\/i0.wp.com\/www.freidenker.org\/fw17\/wp-content\/uploads\/2024\/11\/Generalmajor_Daum_800x445.jpg?fit=800%2C445&ssl=1&resize=525%2C300 1.5x, https:\/\/i0.wp.com\/www.freidenker.org\/fw17\/wp-content\/uploads\/2024\/11\/Generalmajor_Daum_800x445.jpg?fit=800%2C445&ssl=1&resize=700%2C400 2x"},"classes":[]},{"id":15665,"url":"https:\/\/www.freidenker.org\/?p=15665","url_meta":{"origin":15107,"position":2},"title":"\u00dcberparteilich gegen den Krieg","author":"Webredaktion","date":"4. April 2023","format":false,"excerpt":"Am 27. M\u00e4rz 2023 fand in Berlin eine Konferenz des Ostdeutschen Kuratoriums von Verb\u00e4nden statt, dem auch der Landesverband Berlin des Deutschen Freidenker-Verbandes angeh\u00f6rt. Die Konferenz stand unter dem Motto \"Dialog statt Waffen - \u00fcberparteilich gegen den Krieg - Frieden mit Russland.\" Wir dokumentieren nachfolgend die Abschlusserkl\u00e4rung und die Redebeitr\u00e4ge\u2026","rel":"","context":"In &quot;Frieden - Antifaschismus - Solidarit\u00e4t&quot;","block_context":{"text":"Frieden - Antifaschismus - Solidarit\u00e4t","link":"https:\/\/www.freidenker.org\/?cat=13"},"img":{"alt_text":"","src":"https:\/\/i0.wp.com\/www.freidenker.org\/fw17\/wp-content\/uploads\/2023\/04\/Konferenz_Berlin_230327-FKz-2.jpg?fit=800%2C450&ssl=1&resize=350%2C200","width":350,"height":200,"srcset":"https:\/\/i0.wp.com\/www.freidenker.org\/fw17\/wp-content\/uploads\/2023\/04\/Konferenz_Berlin_230327-FKz-2.jpg?fit=800%2C450&ssl=1&resize=350%2C200 1x, https:\/\/i0.wp.com\/www.freidenker.org\/fw17\/wp-content\/uploads\/2023\/04\/Konferenz_Berlin_230327-FKz-2.jpg?fit=800%2C450&ssl=1&resize=525%2C300 1.5x, https:\/\/i0.wp.com\/www.freidenker.org\/fw17\/wp-content\/uploads\/2023\/04\/Konferenz_Berlin_230327-FKz-2.jpg?fit=800%2C450&ssl=1&resize=700%2C400 2x"},"classes":[]},{"id":15831,"url":"https:\/\/www.freidenker.org\/?p=15831","url_meta":{"origin":15107,"position":3},"title":"Videointerview: &#8222;Der Ukraine gehen die Soldaten aus&#8220;","author":"Webredaktion","date":"22. April 2023","format":false,"excerpt":"Oberstleutnant a.D. J\u00fcrgen Rose im Interview Der damalige Oberstleutnant verweigerte 2007 als erster Soldat der Bundeswehr aus Gewissensgr\u00fcnden seine Beteiligung am Tornado-Einsatz in Afghanistan und bat danach um Entbindung aller T\u00e4tigkeiten f\u00fcr die Bundeswehr. Im Interview geht der ehemalige Offizier auf die gegenw\u00e4rtigen Entwicklungen im Krieg in der Ukraine ein.\u2026","rel":"","context":"In &quot;Demokratie \u2013 Medien \u2013 Aufkl\u00e4rung&quot;","block_context":{"text":"Demokratie \u2013 Medien \u2013 Aufkl\u00e4rung","link":"https:\/\/www.freidenker.org\/?cat=12"},"img":{"alt_text":"","src":"https:\/\/i0.wp.com\/www.freidenker.org\/fw17\/wp-content\/uploads\/2023\/04\/rose_rt_interview_6_800x450.jpg?fit=800%2C450&ssl=1&resize=350%2C200","width":350,"height":200,"srcset":"https:\/\/i0.wp.com\/www.freidenker.org\/fw17\/wp-content\/uploads\/2023\/04\/rose_rt_interview_6_800x450.jpg?fit=800%2C450&ssl=1&resize=350%2C200 1x, https:\/\/i0.wp.com\/www.freidenker.org\/fw17\/wp-content\/uploads\/2023\/04\/rose_rt_interview_6_800x450.jpg?fit=800%2C450&ssl=1&resize=525%2C300 1.5x, https:\/\/i0.wp.com\/www.freidenker.org\/fw17\/wp-content\/uploads\/2023\/04\/rose_rt_interview_6_800x450.jpg?fit=800%2C450&ssl=1&resize=700%2C400 2x"},"classes":[]},{"id":17687,"url":"https:\/\/www.freidenker.org\/?p=17687","url_meta":{"origin":15107,"position":4},"title":"Der neue Haushalt wird den sozialen Anstrich der BRD abkratzen","author":"Webredaktion","date":"28. Dezember 2023","format":false,"excerpt":"Video-Interview von Dr. Diether Dehm mit Dr. Manfred Sohn Dr. Manfred Sohn (Vorsitzender der Marx-Engels-Stiftung) gibt seine Einsch\u00e4tzung zum Haushaltskompromiss der Ampel-Regierung und beschreibt warum dies den Sozialstaat weiter und beschleunigt abbauen wird. Dr. Manfred Sohn: \u201eDiese Bundesregierung bietet der deutschen Bev\u00f6lkerung f\u00fcr die Zukunft zwei Punkte an: 1. Mehr\u2026","rel":"","context":"In &quot;Arbeit &amp; Soziales&quot;","block_context":{"text":"Arbeit &amp; Soziales","link":"https:\/\/www.freidenker.org\/?cat=11"},"img":{"alt_text":"","src":"https:\/\/i0.wp.com\/www.freidenker.org\/fw17\/wp-content\/uploads\/2023\/12\/Dehm_Sohn_800x450.jpg?fit=800%2C450&ssl=1&resize=350%2C200","width":350,"height":200,"srcset":"https:\/\/i0.wp.com\/www.freidenker.org\/fw17\/wp-content\/uploads\/2023\/12\/Dehm_Sohn_800x450.jpg?fit=800%2C450&ssl=1&resize=350%2C200 1x, https:\/\/i0.wp.com\/www.freidenker.org\/fw17\/wp-content\/uploads\/2023\/12\/Dehm_Sohn_800x450.jpg?fit=800%2C450&ssl=1&resize=525%2C300 1.5x, https:\/\/i0.wp.com\/www.freidenker.org\/fw17\/wp-content\/uploads\/2023\/12\/Dehm_Sohn_800x450.jpg?fit=800%2C450&ssl=1&resize=700%2C400 2x"},"classes":[]},{"id":12249,"url":"https:\/\/www.freidenker.org\/?p=12249","url_meta":{"origin":15107,"position":5},"title":"Kundgebung &#8222;Sicherheit f\u00fcr Russland ist Sicherheit f\u00fcr unser Land!&#8220; (Videos)","author":"Webredaktion","date":"20. Februar 2022","format":false,"excerpt":"Die\u00a0 Kundgebung der Berliner Friedenskoordination \"SICHERHEIT F\u00dcR RUSSLAND IST SICHERHEIT F\u00dcR UNSER LAND\" am 18.02.1922 wurde von \u00fcber 1000 Menschen besucht \u2013 trotz des rauen Wetters und den Mobilit\u00e4ts-Hemmungen durch \u201eCorona-Ma\u00dfnahmen\u201c. Im Aufruf zur Kundgebung hie\u00df es u.a.:\u00a0\u00a0\"Das Sch\u00fcren der Panik \u00fcber eine anstehende russische Invasion\u00a0in der Ukraine soll nach\u2026","rel":"","context":"In &quot;Frieden - Antifaschismus - Solidarit\u00e4t&quot;","block_context":{"text":"Frieden - Antifaschismus - Solidarit\u00e4t","link":"https:\/\/www.freidenker.org\/?cat=13"},"img":{"alt_text":"","src":"https:\/\/i0.wp.com\/www.freidenker.org\/fw17\/wp-content\/uploads\/2022\/02\/demo_berlin_2022-02-18_800x450.jpg?fit=800%2C450&ssl=1&resize=350%2C200","width":350,"height":200,"srcset":"https:\/\/i0.wp.com\/www.freidenker.org\/fw17\/wp-content\/uploads\/2022\/02\/demo_berlin_2022-02-18_800x450.jpg?fit=800%2C450&ssl=1&resize=350%2C200 1x, https:\/\/i0.wp.com\/www.freidenker.org\/fw17\/wp-content\/uploads\/2022\/02\/demo_berlin_2022-02-18_800x450.jpg?fit=800%2C450&ssl=1&resize=525%2C300 1.5x, https:\/\/i0.wp.com\/www.freidenker.org\/fw17\/wp-content\/uploads\/2022\/02\/demo_berlin_2022-02-18_800x450.jpg?fit=800%2C450&ssl=1&resize=700%2C400 2x"},"classes":[]}],"_links":{"self":[{"href":"https:\/\/www.freidenker.org\/index.php?rest_route=\/wp\/v2\/posts\/15107","targetHints":{"allow":["GET"]}}],"collection":[{"href":"https:\/\/www.freidenker.org\/index.php?rest_route=\/wp\/v2\/posts"}],"about":[{"href":"https:\/\/www.freidenker.org\/index.php?rest_route=\/wp\/v2\/types\/post"}],"author":[{"embeddable":true,"href":"https:\/\/www.freidenker.org\/index.php?rest_route=\/wp\/v2\/users\/3"}],"replies":[{"embeddable":true,"href":"https:\/\/www.freidenker.org\/index.php?rest_route=%2Fwp%2Fv2%2Fcomments&post=15107"}],"version-history":[{"count":0,"href":"https:\/\/www.freidenker.org\/index.php?rest_route=\/wp\/v2\/posts\/15107\/revisions"}],"wp:featuredmedia":[{"embeddable":true,"href":"https:\/\/www.freidenker.org\/index.php?rest_route=\/wp\/v2\/media\/15120"}],"wp:attachment":[{"href":"https:\/\/www.freidenker.org\/index.php?rest_route=%2Fwp%2Fv2%2Fmedia&parent=15107"}],"wp:term":[{"taxonomy":"category","embeddable":true,"href":"https:\/\/www.freidenker.org\/index.php?rest_route=%2Fwp%2Fv2%2Fcategories&post=15107"},{"taxonomy":"post_tag","embeddable":true,"href":"https:\/\/www.freidenker.org\/index.php?rest_route=%2Fwp%2Fv2%2Ftags&post=15107"}],"curies":[{"name":"wp","href":"https:\/\/api.w.org\/{rel}","templated":true}]}}