{"id":15088,"date":"2023-01-27T02:27:28","date_gmt":"2023-01-27T01:27:28","guid":{"rendered":"https:\/\/www.freidenker.org\/?p=15088"},"modified":"2023-02-19T13:25:14","modified_gmt":"2023-02-19T12:25:14","slug":"zeitenwende-boeses-ende","status":"publish","type":"post","link":"https:\/\/www.freidenker.org\/?p=15088","title":{"rendered":"Zeitenwende \u2013 b\u00f6ses Ende!"},"content":{"rendered":"<p><em>von <strong>Prof. Dr. Anton Latzo<\/strong><\/em><\/p>\n<p>Ein Jahr nach der Rede von Bundeskanzler Olaf Scholz in der Sondersitzung des Bundestages vom 27. Februar 2022, in der er die \u201eZeitenwende\u201c verk\u00fcndet hat, wurde nach einer Klausurtagung der SPD-Fraktion am 13. Januar 2023 ein Positionspapier \u201eSozialdemokratische internationale Politik in der Zeitenwende\u201c verabschiedet.<\/p>\n<p>Es wurde ver\u00f6ffentlicht, nachdem das Bundeskanzleramt im Dezember 2022 den Entwurf einer \u201eNationalen Sicherheitsstrategie\u201c, die im Koalitionsvertrag vereinbart war und vom Ausw\u00e4rtigen Amt unter Leitung von Annalena Baerbock ausgearbeitet wurde, verworfen hat, weil er nicht, wie es hie\u00df, den Anforderungen entsprach.<\/p>\n<p>Im Positionspapier wird Solidarit\u00e4t mit dem Kiewer Regime bekundet. Es macht aber auch Probleme in der deutschen Au\u00dfenpolitik und besonders im Verh\u00e4ltnis Deutschlands zu Russland sichtbar.<\/p>\n<h5>Alle Rohre gegen Russland<\/h5>\n<p>Das Bild \u00fcber die T\u00e4tigkeit der von der SPD gef\u00fchrten Regierung von Olaf Scholz war im vergangenen ersten Jahr von Russophobie gepr\u00e4gt. Alle sprachen nur von Waffenlieferungen an die Ukraine, Ausbildung f\u00fcr ukrainisches Milit\u00e4r, Sanktionen gegen\u00fcber Russland, Hilfspakete f\u00fcr das ukrainische Regime usw. Annalena Baerbock durfte sogar als Au\u00dfenministerin Deutschlands (!) vor Parlamentarischen Versammlung des Europarates erkl\u00e4ren: \u201e&#8230;wir f\u00fchren Krieg gegen Russland \u2026\u201c.<\/p>\n<p>Der durch die Ukraine aufgebaute politische Druck auf die deutsche Regierung, der wesentlich von den USA orchestriert wurde, hatte zur Folge, dass in der \u00d6ffentlichkeit ein Bild entstanden ist, das den Eindruck hinterlie\u00df, als w\u00e4re das die einzige Frage der deutschen Au\u00dfenpolitik.<\/p>\n<p>Die Partei des Kanzlers hat aber, getragen von den Kr\u00e4ften des Seeheimer Kreises in der SPD, zu dem u.a. auch der Co-Vorsitzende der SPD, Lars Klingbeil, geh\u00f6rt, nicht nur eine Militarisierung ihrer Politik eingeleitet.<\/p>\n<p>Sie hat ihre wichtigsten au\u00dfenpolitische Leistung nach dem zweiten Weltkrieg, ihren Beitrag zur Entspannungs- und Verst\u00e4ndigungspolitik in Europa (mal abgesehen von den dabei verfolgten weiterreichenden Zielen) auf den M\u00fcllhaufen der Geschichte geworfen.<\/p>\n<p>Bis zuletzt galt die SPD noch bei vielen Menschen in Deutschland und dar\u00fcber hinaus als eine Partei der Entspannung \u2013 trotz ihres Verhaltens w\u00e4hrend der Aggression gegen Jugoslawien.<\/p>\n<h5>Widerspruchsvolle Partnerschaft<\/h5>\n<p>Wie auch die Aussage der Au\u00dfenministerin best\u00e4tigt, decken sich in der Zwischenzeit die Haltung und Ziele Deutschlands in vielerlei Hinsicht mit denen der Ukraine. Auch Deutschland geht es um den milit\u00e4rischen Sieg des aktuellen Kiewer Regimes \u00fcber Russland. Es geht aber vor allem darum, \u201eRussland zu ruinieren\u201c, wie ebenfalls Au\u00dfenministerin Baerbock formulierte.<\/p>\n<p>Im B\u00fcndnis mit den USA und den anderen NATO- und EU-M\u00e4chten strebt Deutschland eine strategische Niederlage Russlands an, die seine Staatlichkeit infrage stellen soll. Damit wiederholt die BRD den gr\u00f6\u00dften Fehler, der in der deutschen Geschichte gemacht wurde. Die Vertreter des deutschen Kapitals sind nicht bereit, aus dem Verlauf der Geschichte entsprechende Lehren zu ziehen, um sie in eine dauerhafte Friedenspolitik umzusetzen.<\/p>\n<p>Und um die Gefahren, die f\u00fcr Deutschland und EU-Europa daraus entstehen, abzufangen, soll die Ukraine, deren Reicht\u00fcmer man schon vor einem Jahrhundert haben wollte, zu einer Art Pufferzone zwischen Deutschland bzw. dem EU-Europa und Russland werden, was \u00fcbrigens auch ein Motiv f\u00fcr die Osterweiterung der NATO und der EU war und weiterhin ist. Darin ist man sich auch mit den USA einig.<\/p>\n<p>Deutschland will die Ukraine nutzen, um seine eigene Position gegen Russland und in ganz Europa auszubauen. Darauf aufbauend soll Deutschland zu einem bestimmenden Faktor der<em> internationalen <\/em>Politik werden, der nicht nur auf Wirtschaft, sondern auch auf Milit\u00e4r baut. Das wollen die USA nicht.<\/p>\n<p>Es geht um das alte Ziel, dem deutschen Kapital M\u00f6glichkeiten f\u00fcr mehr internationalen Einfluss, Macht und Profit zu erschlie\u00dfen. Der Kampf um die Ukraine ist Bestandteil des Weges der BRD von einer \u201eGestaltungsmacht im Wartestand\u201c zu einer \u201eF\u00fchrungsmacht in EU\u201c und in Europa und jetzt, mit der Zeitenwende, zu einer \u201eF\u00fchrungsmacht in den internationalen Beziehungen\u201c.<\/p>\n<p>An der Rolle einer Pufferzone ist aber die Ukraine nicht interessiert. Sie will zu einer <em>eigenst\u00e4ndigen<\/em>, antirussischen Bastion und zu einer Macht in der Region aufsteigen, die aufgrund ihrer geographischen Lage zu einer zentralen Achse der Anti-Russland-Politik der USA und der NATO avanciert. Hieraus entstehen auch Widerspr\u00fcche im Verh\u00e4ltnis zwischen der BRD und der Ukraine, die auf das Verhalten der BRD wirken.<\/p>\n<h5>Positionen sind noch keine Politik<\/h5>\n<p>Von einer Au\u00dfenpolitik, die von derartigen Zielen bestimmt wird, distanziert sich das Positionspapier der Bundestagsfraktion der SPD vom 13. Januar 2023 \u00fcberhaupt nicht. Es enth\u00e4lt \u2013 im Unterschied zu dem vom Co-Vorsitzenden Klingbeil gepr\u00e4gten Dokument der Kommission Internationale Politik der SPD vom 20.01.2023 (\u201eSozialdemokratische Antworten auf eine Welt im Umbruch\u201c) aber so viel Realit\u00e4tssinn, dass es auf die Notwendigkeit hinweist, dass mit Russland \u201ediplomatische Gespr\u00e4che m\u00f6glich bleiben\u201c m\u00fcssen.<\/p>\n<p>Das zeigt, dass die Bundestagsfraktion der SPD den in der Mitgliedschaft und in den Reihen der W\u00e4hlerschaft vorhandenen Druck ber\u00fccksichtigen muss, der von den Resten der Erinnerung an die von Egon Bahr und Willy Brandt nach dem 13. August 1961 entwickelte Friedens- und Entspannungspolitik noch immer ausgeht.<\/p>\n<p>Im Positionspapier weist die Fraktion darauf hin, dass \u201eeine Politik der kleinen Schritte, die in \u00fcberschaubaren Bereichen Initiativen zur Vertrauensbildung startet und regelm\u00e4\u00dfig auf ihre Wirksamkeit \u00fcberpr\u00fcft wird, ein diplomatischer Ansatz sein\u201c k\u00f6nnte. Auf lange Sicht werde Russland \u201ef\u00fcr die Gestaltung der europ\u00e4ischen Sicherheitsarchitektur relevant sein\u201c.<\/p>\n<p>Das bleibt zwar hinter fr\u00fcher schon vorhandenen Erkenntnisse zur\u00fcck. Denn es ist noch gar nicht lange her, da forderte die SPD in ihrem Wahlprogramm von 2021, auf dessen Grundlage die jetzige Regierung gew\u00e4hlt wurde: \u201eFrieden in Europa kann es nicht gegen, sondern nur mit Russland geben\u201c. Es kann aber einen neuen Ansatz bilden.<\/p>\n<h5>Kl\u00e4rungsbedarf ist vorhanden<\/h5>\n<p>Wohin die Reise geht, k\u00f6nnte man Ende des Jahres 2023 deutlicher feststellen. Ein Parteitag der SPD soll ein neues au\u00dfen- und sicherheitspolitisches Konzept beschlie\u00dfen. Am 20. Januar 2023 hat die Kommission Internationale Politik beim Parteivorstand der SPD dazu ein Dokument \u201eSozialdemokratische Antworten auf eine Welt im Umbruch\u201c ver\u00f6ffentlicht, das ein Abgleiten auf militaristische Positionen dokumentiert, das von drei Grundpfeilern getragen wird: F\u00fchrungsrolle Deutschlands in der Welt (nicht nur Europa), Militarisierung als Mittel der \u201eFriedenspolitik\u201c und Feindschaft zu Russland.<\/p>\n<p>Problematische Bereiche gibt es ausreichend. Eine sehr wichtige Frage d\u00fcrfte der Militarisierung, der Rolle des milit\u00e4rischen Faktors in den internationalen Beziehungen und seinem Einsatz in der deutschen Au\u00dfenpolitik einger\u00e4umt werden.<\/p>\n<p>Der Co-Vorsitzende der SPD, Lars Klingbeil, ein Vorreiter des Milit\u00e4rischen, erkl\u00e4rte zum Beispiel in seiner Rede zur Zeitenwende, dass es f\u00fcr Deutschland notwendig sei, \u201enach knapp 80 Jahren der Zur\u00fcckhaltung heute eine neue Rolle im internationalen Koordinatensystem\u201c zu konzipieren. Dies soll unter dem Gesichtspunkt erfolgen, dass \u201eDeutschland &#8230; den Anspruch einer F\u00fchrungsmacht haben (muss)\u201c.<\/p>\n<p>Es sollte schon Beachtung finden, dass er das nicht nur auf Europa, sondern auf das \u201einternationale Koordinatensystem\u201c bezieht. Ausdr\u00fccklich weist er darauf hin, dass Deutschlands Friedenspolitik, wie er sagt, f\u00fcr ihn bedeutet, \u201eauch milit\u00e4rische Gewalt als ein legitimes Mittel der Politik zu sehen\u201c!<\/p>\n<p>Das provoziert durchaus die Bef\u00fcrchtung, dass der Parteitag zu einer Konzeption veranlasst werden soll, deren grundlegender Bezug der zu Macht und Gewalt ist, dass es nicht eine Konzeption sein wird, die auf kollektive Sicherheit, auf Frieden sowie auf Zusammenarbeit zum gegenseitigen Vorteil zwischen souver\u00e4nen und gleichberechtigten Staaten ausgerichtet ist. Das ist eine weitere Absage an die von Willy Brandt verfolgte Politik, auch wenn das Gegenteil versichert wird!<\/p>\n<h5>Die Gr\u00fcnen und Baerbock haben versagt<\/h5>\n<p>Im Koalitionsvertrag hat die Regierung die Erarbeitung einer Nationalen Sicherheitsstrategie angek\u00fcndigt, die im Februar 2023 vorgelegt werden sollte. Federf\u00fchrend sollte das Ausw\u00e4rtigen Amt unter F\u00fchrung von Annalena Baerbock sein.<\/p>\n<p>In der Zwischenzeit stellt sich heraus, dass Widerspr\u00fcche zwischen Bundeskanzler und Au\u00dfenministerin \u00fcber den Inhalt dieser Strategie so gro\u00df geworden sind, dass es nicht m\u00f6glich war, sich auf die Formulierung gemeinsamer Standpunkte zu grundlegenden Fragen zu einigen.<\/p>\n<p>Das war schon zu Beginn ihrer T\u00e4tigkeit im neuen Amt abzusehen. Bekanntlich trompete sie: \u201eIch verstehe Au\u00dfenpolitik als Weltinnenpolitik\u201c.<\/p>\n<p>Leider wird der Sprengstoff dieser Aussage zu oft verharmlost. In Wirklichkeit ist das ein deutlicher Hinweis darauf, dass sie Anh\u00e4ngerin der Theorien ist, die in den amerikanischen Zentren zur Rechtfertigung und Erhaltung der Hegemonialpolitik der USA fabriziert werden.<\/p>\n<p>Sehr deutlich wurden die davon ausgehenden wachsenden Widerspr\u00fcche in der Koalition \u2013 vor allem zwischen den Gr\u00fcnen einerseits und der SPD und auch der FDP andererseits \u2013 in der Zur\u00fcckweisung des Entwurfs einer Nationalen Sicherheitsstrategie durch das Bundeskanzleramt, der unter Federf\u00fchrung des Ausw\u00e4rtigen Amtes und von Annalena Baerbock erarbeitet wurde.<\/p>\n<p>Zugleich wird sichtbar, dass es dabei nicht nur um pers\u00f6nliche Widerspr\u00fcche oder um stilistische Unterschiede geht, die vielleicht aus dem Bildungs- bzw. Ausbildungsgang der Au\u00dfenministerin resultieren, wie es gerne in den Medien dargestellt wird. Es geht vielmehr um grunds\u00e4tzliche Einsch\u00e4tzungen der globalen und regionalen Verh\u00e4ltnisse und um Fragen der strategischen Ausrichtung der deutschen Au\u00dfenpolitik.<\/p>\n<p>Laut Pressemeldungen betreffen die Vorbehalte des Bundeskanzleramtes rund 30 Einzelprojekte des Entwurfs der Nationalen Sicherheitsstrategie, wie er vom Au\u00dfenamt vorgelegt wurde.<\/p>\n<p>Von zentraler Bedeutung, neben der Konzentration gegen Russland, ist dabei die Gestaltung des Verh\u00e4ltnisses zwischen der BRD und der VR China. Die Reise von Bundeskanzler Scholz in die VR China wurde nicht nur von der Au\u00dfenministerin und den Gr\u00fcnen kritisiert. Sie widersprach vor allem dem Konzept und den Forderungen der aktuellen US-amerikanischen Politik gegen\u00fcber China, die auch von Annalena Baerbock vertreten werden. Die offene Kritik der Au\u00dfenministerin an der Reise des Bundeskanzlers offenbart somit ihre ablehnende Haltung zu zentralen au\u00dfenpolitischen Positionen des Bundeskanzlers. Sie weist zunehmend auf Abgrenzungen hin.<\/p>\n<p>Es ist wichtig, auch darauf zu verweisen, dass seit Antritt der gegenw\u00e4rtigen Regierung betr\u00e4chtliche Widerspr\u00fcche auf mehreren Ebenen und verschiedenen Bereichen aufgetreten sind. Sie erfassen entscheidende Kreise, deren Miteinander oder Gegeneinander ausschlaggebend f\u00fcr die Stabilit\u00e4t dieser Regierung und f\u00fcr die Berechenbarkeit ihrer Politik sind. Dazu geh\u00f6ren:<\/p>\n<ul>\n<li>innerparteiliche Widerspr\u00fcche in der SPD zwischen Bundeskanzleramt \u2013 SPD-Bundestagsfraktion \u2013 Co-Vorsitzender der SPD, Lars Klingbeil, einschlie\u00dflich Seeheimer Kreis in der SPD;<\/li>\n<li>Widerspr\u00fcche zwischen Bundeskanzler und Au\u00dfenministerin;<\/li>\n<li>Widerspr\u00fcche zwischen den Koalitionspartnern SPD und Gr\u00fcnen und auch zwischen Gr\u00fcnen und FDP.<\/li>\n<\/ul>\n<h5>An erster Stelle bleibt die Macht<\/h5>\n<p>Nach einem Jahr ist eine Situation entstanden, in der die Koalition zwar noch nicht akut gef\u00e4hrdet ist. Die Widerspr\u00fcche beginnen aber aufzubrechen. Geht der Prozess so weiter, erodiert die Stabilit\u00e4t und Handlungsf\u00e4higkeit dieser Koalition.<\/p>\n<p>Auf jeden Fall d\u00fcrfte der Bundeskanzler darauf bestehen, dass das Kanzleramt das letzte Wort in den Fragen der Beziehungen der BRD zu Russland und China sowie in der Europapolitik spricht. Aber auf welcher Grundlage? Auf der Grundlage der Vorstellungen der Bundestagsfraktion oder auf der Grundlage der Positionen, die im Dokument der Kommission f\u00fcr Internationale Politik des Parteivorstandes (Klingbeil) beschrieben werden?<\/p>\n<p>Der Bundeskanzler hat sein Credo hat so formuliert: \u201eDie EU ist unser Handlungsrahmen, unsere Chance. \u201aMacht unter M\u00e4chtigen\u2018 zu bleiben, darum geht es, wenn wir von \u201aeurop\u00e4ischer Souver\u00e4nit\u00e4t\u2018 reden. Drei Dinge braucht es auf dem Weg dorthin: Erstens den Willen, als \u201aMacht unter M\u00e4chten\u2018 zu handeln, zweitens gemeinsame strategische Ziele und drittens die F\u00e4higkeiten, diese Ziele zu erreichen. An allem arbeiten wir\u201c.<\/p>\n<p style=\"text-align: right;\"><em>Prof. Dr. Anton Latzo ist Historiker und Mitglied des Beirats des Deutschen Freidenker-Verbandes<\/em><\/p>\n<hr \/>\n<p><span style=\"font-size: 10pt;\">Bild: Zeitenwende im deutschen Einzelhandel. Blick in die Eistruhe eines Supermarktes im September 2022<\/span><br \/>\n<span style=\"font-size: 10pt;\">Foto: Ralf Lux<\/span><\/p>\n","protected":false},"excerpt":{"rendered":"<p><b>Beitrag von Prof. Dr. Anton Latzo<\/b><br \/>\nEin Jahr nach der Rede von Bundeskanzler Olaf Scholz in der Sondersitzung des Bundestages vom 27. Februar 2022, in der er die \u201eZeitenwende\u201c verk\u00fcndet hat, wurde nach einer Klausurtagung der SPD-Fraktion am 13. Januar 2023 ein Positionspapier \u201eSozialdemokratische internationale Politik in der Zeitenwende\u201c verabschiedet. Es wurde ver\u00f6ffentlicht, nachdem das Bundeskanzleramt im Dezember 2022 den Entwurf einer \u201eNationalen Sicherheitsstrategie\u201c, die im Koalitionsvertrag vereinbart war und vom Ausw\u00e4rtigen Amt unter Leitung von Annalena Baerbock ausgearbeitet wurde, verworfen hat, weil er nicht, wie es hie\u00df, den Anforderungen entsprach.<\/p>\n<p>Im Positionspapier wird Solidarit\u00e4t mit dem Kiewer Regime bekundet. Es macht aber auch Probleme in der deutschen Au\u00dfenpolitik und besonders im Verh\u00e4ltnis Deutschlands zu Russland sichtbar.<\/p>\n","protected":false},"author":3,"featured_media":15091,"comment_status":"closed","ping_status":"closed","sticky":false,"template":"","format":"standard","meta":{"colormag_page_container_layout":"default_layout","colormag_page_sidebar_layout":"default_layout","advanced_seo_description":"","jetpack_seo_html_title":"","jetpack_seo_noindex":false,"jetpack_post_was_ever_published":false,"footnotes":""},"categories":[12],"tags":[699,413,452,182,1699,1282,188,56,222,815,639,185,1157],"class_list":["post-15088","post","type-post","status-publish","format-standard","has-post-thumbnail","hentry","category-demokratie-medien-aufklaerung","tag-aussenpolitik","tag-china","tag-deutschland","tag-eu","tag-fuehrungrolle","tag-gruene","tag-krieg","tag-nato","tag-russland","tag-spd","tag-ukraine-konflikt","tag-usa","tag-widersprueche"],"jetpack_featured_media_url":"https:\/\/i0.wp.com\/www.freidenker.org\/fw17\/wp-content\/uploads\/2023\/01\/eis_kiewer_art_800x450.jpg?fit=800%2C450&ssl=1","jetpack_shortlink":"https:\/\/wp.me\/p9stpK-3Vm","jetpack-related-posts":[{"id":14382,"url":"https:\/\/www.freidenker.org\/?p=14382","url_meta":{"origin":15088,"position":0},"title":"Wende zu Friedenspolitik ist notwendig!","author":"Webredaktion","date":"9. Oktober 2022","format":false,"excerpt":"Rede von\u00a0Prof. Dr. Anton Latzo\u00a0, gehalten am 07.10.2022 auf der Alternativen Einheitsfeier des OKV in Berlin Am 7. Oktober eines jeden Jahres wird der deutsche Staat gew\u00fcrdigt, der Millionen Menschen gepr\u00e4gt hat, der ihnen aber genommen wurde. Seiner Hauptstadt wurde der Ehrentitel \u201eStadt des Friedens\u201c verliehen, weil seine Bev\u00f6lkerung und\u2026","rel":"","context":"In &quot;Frieden - Antifaschismus - Solidarit\u00e4t&quot;","block_context":{"text":"Frieden - Antifaschismus - Solidarit\u00e4t","link":"https:\/\/www.freidenker.org\/?cat=13"},"img":{"alt_text":"","src":"https:\/\/i0.wp.com\/www.freidenker.org\/fw17\/wp-content\/uploads\/2022\/10\/Street_art_Friedenstaube_800x450.jpg?fit=800%2C450&ssl=1&resize=350%2C200","width":350,"height":200,"srcset":"https:\/\/i0.wp.com\/www.freidenker.org\/fw17\/wp-content\/uploads\/2022\/10\/Street_art_Friedenstaube_800x450.jpg?fit=800%2C450&ssl=1&resize=350%2C200 1x, https:\/\/i0.wp.com\/www.freidenker.org\/fw17\/wp-content\/uploads\/2022\/10\/Street_art_Friedenstaube_800x450.jpg?fit=800%2C450&ssl=1&resize=525%2C300 1.5x, https:\/\/i0.wp.com\/www.freidenker.org\/fw17\/wp-content\/uploads\/2022\/10\/Street_art_Friedenstaube_800x450.jpg?fit=800%2C450&ssl=1&resize=700%2C400 2x"},"classes":[]},{"id":15451,"url":"https:\/\/www.freidenker.org\/?p=15451","url_meta":{"origin":15088,"position":1},"title":"Quo vadis SPD? Au\u00dfenpolitik der deutschen Sozialdemokratie heute","author":"Webredaktion","date":"8. M\u00e4rz 2023","format":false,"excerpt":"Beitrag von Prof. Dr. Anton Latzo Die SPD-F\u00fchrung spricht seit einem Jahr nur noch von Zeitenwende. Es ist sogar \"Wort des Jahres\". Man hofft offensichtlich darauf, dass sich die Mitglieder an den Begriff gew\u00f6hnen und nicht mehr nach seinem Inhalt fragen. Die Parteif\u00fchrung nutzt die Situation, um die Spuren ihres\u2026","rel":"","context":"In &quot;Demokratie \u2013 Medien \u2013 Aufkl\u00e4rung&quot;","block_context":{"text":"Demokratie \u2013 Medien \u2013 Aufkl\u00e4rung","link":"https:\/\/www.freidenker.org\/?cat=12"},"img":{"alt_text":"","src":"https:\/\/i0.wp.com\/www.freidenker.org\/fw17\/wp-content\/uploads\/2023\/03\/SPD_Bundesparteitag_by_Olaf_Kosinsky-23_800x450.jpg?fit=800%2C450&ssl=1&resize=350%2C200","width":350,"height":200,"srcset":"https:\/\/i0.wp.com\/www.freidenker.org\/fw17\/wp-content\/uploads\/2023\/03\/SPD_Bundesparteitag_by_Olaf_Kosinsky-23_800x450.jpg?fit=800%2C450&ssl=1&resize=350%2C200 1x, https:\/\/i0.wp.com\/www.freidenker.org\/fw17\/wp-content\/uploads\/2023\/03\/SPD_Bundesparteitag_by_Olaf_Kosinsky-23_800x450.jpg?fit=800%2C450&ssl=1&resize=525%2C300 1.5x, https:\/\/i0.wp.com\/www.freidenker.org\/fw17\/wp-content\/uploads\/2023\/03\/SPD_Bundesparteitag_by_Olaf_Kosinsky-23_800x450.jpg?fit=800%2C450&ssl=1&resize=700%2C400 2x"},"classes":[]},{"id":14717,"url":"https:\/\/www.freidenker.org\/?p=14717","url_meta":{"origin":15088,"position":2},"title":"Ukraine-Krieg und V\u00f6lkerrecht","author":"Webredaktion","date":"20. November 2022","format":false,"excerpt":"Beitrag von Klaus Hartmann Die Donbass-Republiken entstanden, weil sie die Macht\u00fcbernahme durch die NATO-gesteuerten \u201eEuro-Maidan\u201c-Putschisten auf ihrem Territorium nicht akzeptierten und verhindern wollten. Die Junta in Kiew hat darauf eine \u201eantiterroristische Aktion\u201c ausgerufen und Truppen sowie neonazistische Einheiten gegen den Donbass in Marsch gesetzt. Dieser Aggression gegen die \u201eeigene\u201c Bev\u00f6lkerung\u2026","rel":"","context":"In &quot;Frieden - Antifaschismus - Solidarit\u00e4t&quot;","block_context":{"text":"Frieden - Antifaschismus - Solidarit\u00e4t","link":"https:\/\/www.freidenker.org\/?cat=13"},"img":{"alt_text":"","src":"https:\/\/i0.wp.com\/www.freidenker.org\/fw17\/wp-content\/uploads\/2022\/11\/Frieden_mit_Russland_LLD2019_800x450.jpg?fit=800%2C450&ssl=1&resize=350%2C200","width":350,"height":200,"srcset":"https:\/\/i0.wp.com\/www.freidenker.org\/fw17\/wp-content\/uploads\/2022\/11\/Frieden_mit_Russland_LLD2019_800x450.jpg?fit=800%2C450&ssl=1&resize=350%2C200 1x, https:\/\/i0.wp.com\/www.freidenker.org\/fw17\/wp-content\/uploads\/2022\/11\/Frieden_mit_Russland_LLD2019_800x450.jpg?fit=800%2C450&ssl=1&resize=525%2C300 1.5x, https:\/\/i0.wp.com\/www.freidenker.org\/fw17\/wp-content\/uploads\/2022\/11\/Frieden_mit_Russland_LLD2019_800x450.jpg?fit=800%2C450&ssl=1&resize=700%2C400 2x"},"classes":[]},{"id":18529,"url":"https:\/\/www.freidenker.org\/?p=18529","url_meta":{"origin":15088,"position":3},"title":"Eine sozialistische Pers\u00f6nlichkeit","author":"Webredaktion","date":"10. M\u00e4rz 2024","format":false,"excerpt":"Vor 130 Jahren wurde Otto Grotewohl geboren Beitrag von Prof. Dr. Anton Latzo Otto Grotewohls Leben und Wirken, sein Erbe in wenigen S\u00e4tzen zu w\u00fcrdigen, ist fast unm\u00f6glich. Er war im wahrsten Sinne des Wortes eine sozialistische Pers\u00f6nlichkeit \u2013 ein \u00fcberzeugter und \u00fcberzeugender Gestalter und Vertreter der Deutschen Demokratischen Republik,\u2026","rel":"","context":"In &quot;Geschichte&quot;","block_context":{"text":"Geschichte","link":"https:\/\/www.freidenker.org\/?cat=1162"},"img":{"alt_text":"","src":"https:\/\/i0.wp.com\/www.freidenker.org\/fw17\/wp-content\/uploads\/2024\/03\/Bundesarchiv_Bild_183-19204-3150_Otto_Grotewohl_800x450.jpg?fit=800%2C450&ssl=1&resize=350%2C200","width":350,"height":200,"srcset":"https:\/\/i0.wp.com\/www.freidenker.org\/fw17\/wp-content\/uploads\/2024\/03\/Bundesarchiv_Bild_183-19204-3150_Otto_Grotewohl_800x450.jpg?fit=800%2C450&ssl=1&resize=350%2C200 1x, https:\/\/i0.wp.com\/www.freidenker.org\/fw17\/wp-content\/uploads\/2024\/03\/Bundesarchiv_Bild_183-19204-3150_Otto_Grotewohl_800x450.jpg?fit=800%2C450&ssl=1&resize=525%2C300 1.5x, https:\/\/i0.wp.com\/www.freidenker.org\/fw17\/wp-content\/uploads\/2024\/03\/Bundesarchiv_Bild_183-19204-3150_Otto_Grotewohl_800x450.jpg?fit=800%2C450&ssl=1&resize=700%2C400 2x"},"classes":[]},{"id":17654,"url":"https:\/\/www.freidenker.org\/?p=17654","url_meta":{"origin":15088,"position":4},"title":"Die L\u00fcgenrede von Scholz auf dem SPD-Parteitag","author":"Webredaktion","date":"13. Dezember 2023","format":false,"excerpt":"Beitrag von Anti-Spiegel (d.i. Thomas R\u00f6per) Wie schon bei seiner Regierungserkl\u00e4rung vor einigen Tagen zum Urteil des Verfassungsgerichtes, dass die Haushaltspolitik der Scholz-Regierung als verfassungswidrig eingestuft und damit die Haushaltskrise ausgel\u00f6st hat, hat Scholz auch die Rede beim SPD-Parteitag damit begonnen, dass er und seine Regierung an allen Problemen in\u2026","rel":"","context":"In &quot;Demokratie \u2013 Medien \u2013 Aufkl\u00e4rung&quot;","block_context":{"text":"Demokratie \u2013 Medien \u2013 Aufkl\u00e4rung","link":"https:\/\/www.freidenker.org\/?cat=12"},"img":{"alt_text":"","src":"https:\/\/i0.wp.com\/www.freidenker.org\/fw17\/wp-content\/uploads\/2023\/12\/scholz_nase_800x450.jpg?fit=797%2C449&ssl=1&resize=350%2C200","width":350,"height":200,"srcset":"https:\/\/i0.wp.com\/www.freidenker.org\/fw17\/wp-content\/uploads\/2023\/12\/scholz_nase_800x450.jpg?fit=797%2C449&ssl=1&resize=350%2C200 1x, https:\/\/i0.wp.com\/www.freidenker.org\/fw17\/wp-content\/uploads\/2023\/12\/scholz_nase_800x450.jpg?fit=797%2C449&ssl=1&resize=525%2C300 1.5x, https:\/\/i0.wp.com\/www.freidenker.org\/fw17\/wp-content\/uploads\/2023\/12\/scholz_nase_800x450.jpg?fit=797%2C449&ssl=1&resize=700%2C400 2x"},"classes":[]},{"id":21186,"url":"https:\/\/www.freidenker.org\/?p=21186","url_meta":{"origin":15088,"position":5},"title":"Au\u00dfer Rand und Band: Krieg \u2013 Ein ganz besonderer Duft liegt in der Luft","author":"Webredaktion","date":"19. M\u00e4rz 2025","format":false,"excerpt":"Kommentar von Evelyn Hecht-Galinski Was ist von einem kommenden Kanzler Merz und einer Regierung zu erwarten, die sich nicht scheut, f\u00fcr Kriegsbereitschaft und z\u00fcgellose Aufr\u00fcstung das Grundgesetz zu \u00e4ndern? Nat\u00fcrlich mit der tatkr\u00e4ftigen Hilfe einer gr\u00fcnen, inzwischen kriegsw\u00fctigen Partei und einer SPD unter Klingbeil, dessen Aussage \u201ePutin-Versteher haben in der\u2026","rel":"","context":"In &quot;Demokratie \u2013 Medien \u2013 Aufkl\u00e4rung&quot;","block_context":{"text":"Demokratie \u2013 Medien \u2013 Aufkl\u00e4rung","link":"https:\/\/www.freidenker.org\/?cat=12"},"img":{"alt_text":"","src":"https:\/\/i0.wp.com\/www.freidenker.org\/fw17\/wp-content\/uploads\/2025\/03\/Reichstag-Flugzeuge_800x450.jpg?fit=800%2C450&ssl=1&resize=350%2C200","width":350,"height":200,"srcset":"https:\/\/i0.wp.com\/www.freidenker.org\/fw17\/wp-content\/uploads\/2025\/03\/Reichstag-Flugzeuge_800x450.jpg?fit=800%2C450&ssl=1&resize=350%2C200 1x, https:\/\/i0.wp.com\/www.freidenker.org\/fw17\/wp-content\/uploads\/2025\/03\/Reichstag-Flugzeuge_800x450.jpg?fit=800%2C450&ssl=1&resize=525%2C300 1.5x, https:\/\/i0.wp.com\/www.freidenker.org\/fw17\/wp-content\/uploads\/2025\/03\/Reichstag-Flugzeuge_800x450.jpg?fit=800%2C450&ssl=1&resize=700%2C400 2x"},"classes":[]}],"_links":{"self":[{"href":"https:\/\/www.freidenker.org\/index.php?rest_route=\/wp\/v2\/posts\/15088","targetHints":{"allow":["GET"]}}],"collection":[{"href":"https:\/\/www.freidenker.org\/index.php?rest_route=\/wp\/v2\/posts"}],"about":[{"href":"https:\/\/www.freidenker.org\/index.php?rest_route=\/wp\/v2\/types\/post"}],"author":[{"embeddable":true,"href":"https:\/\/www.freidenker.org\/index.php?rest_route=\/wp\/v2\/users\/3"}],"replies":[{"embeddable":true,"href":"https:\/\/www.freidenker.org\/index.php?rest_route=%2Fwp%2Fv2%2Fcomments&post=15088"}],"version-history":[{"count":0,"href":"https:\/\/www.freidenker.org\/index.php?rest_route=\/wp\/v2\/posts\/15088\/revisions"}],"wp:featuredmedia":[{"embeddable":true,"href":"https:\/\/www.freidenker.org\/index.php?rest_route=\/wp\/v2\/media\/15091"}],"wp:attachment":[{"href":"https:\/\/www.freidenker.org\/index.php?rest_route=%2Fwp%2Fv2%2Fmedia&parent=15088"}],"wp:term":[{"taxonomy":"category","embeddable":true,"href":"https:\/\/www.freidenker.org\/index.php?rest_route=%2Fwp%2Fv2%2Fcategories&post=15088"},{"taxonomy":"post_tag","embeddable":true,"href":"https:\/\/www.freidenker.org\/index.php?rest_route=%2Fwp%2Fv2%2Ftags&post=15088"}],"curies":[{"name":"wp","href":"https:\/\/api.w.org\/{rel}","templated":true}]}}