{"id":15084,"date":"2023-01-27T02:27:09","date_gmt":"2023-01-27T01:27:09","guid":{"rendered":"https:\/\/www.freidenker.org\/?p=15084"},"modified":"2023-02-19T13:25:04","modified_gmt":"2023-02-19T12:25:04","slug":"deutschland-kriegspartei","status":"publish","type":"post","link":"https:\/\/www.freidenker.org\/?p=15084","title":{"rendered":"Deutschland Kriegspartei"},"content":{"rendered":"<p><em>Zwei Beitr\u00e4ge von <strong>Dagmar Henn<\/strong><\/em><\/p>\n<p><span style=\"font-size: 10pt;\">\u2193 Zum 2. Teil: <a href=\"#t2\">Allein Moskau entscheidet, wann entsprechend darauf reagiert wird<\/a><\/span><\/p>\n<h4>Lady Macbeth mit Welpenblick: Baerbocks Krieg gegen Russland<\/h4>\n<p><strong>&#8222;Was haben wir zu f\u00fcrchten, wer es wei\u00df, da niemand unsre Gewalt zur Rechenschaft ziehen darf?&#8220; Bei Lady Macbeth war es ein Mord. Baerbock nimmt Anlauf, will Macbeth weit hinter sich lassen. F\u00fcr ihr Geplapper wird man k\u00fcnftige Generationen mit ihrem Namen erschrecken.<\/strong><\/p>\n<p><span style=\"font-size: 10pt;\">Erstver\u00f6ffentlichung am 25.01.2023 auf <a href=\"https:\/\/pressefreiheit.rtde.life\/meinung\/160870-baerbock-und-der-krieg-gegen-russland-wir-haben-zu-fuerchten-wer-es-weiss\/\" target=\"_blank\" rel=\"noopener\">RT DE<\/a><\/span><\/p>\n<div class=\"EmbedBlock-root EmbedBlock-all\">\n<div class=\"AllEmbed\"><iframe loading=\"lazy\" title=\"Lady Macbeth mit Welpenblick: Baerbocks Krieg gegen Russland\" src=\"https:\/\/www.podbean.com\/player-v2\/?i=b2dnx-1371fb2-pb&amp;from=pb6admin&amp;share=1&amp;download=1&amp;rtl=0&amp;fonts=Arial&amp;skin=1&amp;font-color=&amp;logo_link=episode_page&amp;btn-skin=7\" width=\"100%\" height=\"150\" scrolling=\"no\" allowfullscreen=\"allowfullscreen\" data-name=\"pb-iframe-player\" data-mce-fragment=\"1\"><\/iframe><\/div>\n<\/div>\n<p>Wenn die Gesichter der Menschen ihr tats\u00e4chliches Inneres zeigen w\u00fcrden, wie s\u00e4he dann das Gesicht von Bundesau\u00dfenministerin Annalena Baerbock aus? K\u00f6nnte sie sich noch im Spiegel betrachten? W\u00fcrde sich ihr noch irgendjemand n\u00e4hern wollen?<\/p>\n<p>So etwas geht einem durch den Kopf, wenn man ihre Rede vor dem Europarat anh\u00f6ren muss. In der erz\u00e4hlt sie, wie \u00fcblich, in schlechtem Englisch eine r\u00fchrende Anekdote, von einer 16-J\u00e4hrigen, die sie in Charkow getroffen habe, die nicht mehr zum Volleyball k\u00f6nne und sich im Keller verstecken m\u00fcsse, die aber aus Italien zur\u00fcckgekehrt sei, weil das ihre Heimat sei.<\/p>\n<p>Ganz abgesehen davon, dass jeder, der in Bezug auf Deutschland das Wort Heimat auch nur in den Mund zu nehmen wagte, sofort die gr\u00fcnen Inquisitoren von Correctiv und Volksverpetzer auf den Hals gehetzt bek\u00e4me; abgesehen davon, dass das vielleicht zu einer Kreistagsabgeordneten passt, solche Geschichtchen zu erz\u00e4hlen, aber nicht zu einer Au\u00dfenministerin, ist das die \u00fcbliche Heuchelei von &#8222;Da sterben Menschen&#8220;. Denn der einzige Grund, warum man Probleme h\u00e4tte, dieser 16-J\u00e4hrigen eine Altersgenossin aus dem Donbass, sagen wir mal, aus Gorlowka entgegenzustellen, ist, dass die dortige 16-J\u00e4hrige vielleicht nie dazu kam, Volleyball zu spielen, weil ihre Schule schon seit \u00fcber acht Jahren immer wieder unter Beschuss liegt. Ansonsten befinden sich, so sehr das Frau Baerbock \u00fcberraschen mag, auf jeder Seite jedes Krieges immer Menschen.<\/p>\n<p>Nur dass ihr die Tatsache, deutsche Au\u00dfenministerin zu sein, das Recht nimmt, eine solche Geschichte zu erz\u00e4hlen. Denn entgegen ihrer Selbstdarstellung ist sie nicht Beobachterin dieser Ereignisse, sondern T\u00e4terin. Ganz pers\u00f6nlich. Sie h\u00e4tte die M\u00f6glichkeit gehabt, die Minsker Vereinbarungen umzusetzen oder deren Umsetzung zumindest zu versuchen. Dann m\u00fcsste weder das M\u00e4dchen in Charkow noch das in Gorlowka seine N\u00e4chte im Keller verbringen.<\/p>\n<p>Zugegeben, als Darstellerin ist sie gut gew\u00e4hlt. Sie hat immer diesen Welpenblick, man ist versucht, ihr das unschuldige Getue abzunehmen. Aber gerade heutzutage darf man nie, unter keinen Umst\u00e4nden vergessen, dass die Informationen, die in den Ministerien vorliegen, sich l\u00e4ngst extrem von jenen unterscheiden, die den deutschen Massen verabreicht werden. Nat\u00fcrlich kennt man im Ausw\u00e4rtigen Amt die gesamte Vorgeschichte, bis zur\u00fcck zur deutschen F\u00f6rderung der Bandera-Ideologie in der Ukraine ab 1992; man wei\u00df vom Krieg im Donbass, genau genug, dass der pathetische Verweis auf Kinder, die jetzt in anderen Teilen der Ukraine ums Leben kommen, nicht getrennt werden kann von der Liste all der Kinder, die ukrainischen Geschossen zum Opfer fielen.<\/p>\n<p>Die rhetorische Unf\u00e4higkeit, die von ihren Mitarbeitern konstruiert sein muss, denn es ist kaum vorstellbar, dass am Werderschen Markt niemand mehr \u00fcbrig ist, der ein halbwegs elegantes Englisch formulieren kann, dieses sprachliche Gestolpere dient nur dazu, die vermeintliche Kindlichkeit weiter zu unterstreichen.<\/p>\n<p>Dabei gab es seit Langem keinen Inhaber dieses Amtes in Deutschland, der so viel Blut an den H\u00e4nden hat wie Baerbock. Ihre wahre Gestalt m\u00fcsste eine breite, rotgl\u00e4nzende Schleifspur auf dem Boden hinterlassen. Was sagte sie noch, warum man unbedingt an der Seite der Ukraine stehen m\u00fcsse? Weil man keine Welt wolle, in der Herrscher ihre B\u00fcrger wie Bauern in einem geopolitischen Schachspiel verwenden?<\/p>\n<p>Wenn sie nicht wei\u00df, dass genau das gerade mit den Ukrainern geschieht, zu Zehntausenden, in Artjomowsk, dann nur, weil sie konsequent weggeh\u00f6rt hat. Und weggesehen. Weggelesen. Es ist erst wenige Tage her, dass der <em>Spiegel<\/em> mit Berufung auf den BND mal ein wenig Wahrheit \u00fcber die ukrainischen Verluste dort verbreitete. Das war nur ein Ausschnitt aus dem, was im Ausw\u00e4rtigen Amt auf dem Tisch landen d\u00fcrfte. Aber Baerbock hat vermutlich jemanden beauftragt, das alles an ihrer Stelle zu lesen und dann Schweigen dar\u00fcber zu bewahren, damit keine Falte ihre Maske der Unschuld beeintr\u00e4chtigt.<\/p>\n<p>Selbst das Pentagon hat in der US-Presse mittlerweile verk\u00fcndet, es wolle, dass Wladimir Selenskij seine Truppen aus Artjomowsk zur\u00fcckzieht. Sicher ist nicht ganz klar, ob das der eigenen Absicherung dient oder wirklich entsprechende Anweisungen an den Kiewer Statthalter gingen; aber eines ist nicht von der Hand zu weisen \u2013 selbst als Ausrede w\u00fcrde das nicht gebracht, wenn die Verluste dort nicht entsetzlich w\u00e4ren.<\/p>\n<p>Sieht sie sich an, wie es dort aussieht? Die Aufnahmen aus den Sch\u00fctzengr\u00e4ben? Oder nur die riesigen Gr\u00e4berfelder in der Ukraine? Sieht sie die Videos, die zeigen, wie selbst in Lwow, der Hochburg der Bandera-Ideologie, inzwischen die Rekruten von der Stra\u00dfe weggefangen werden? Wie sogar Krankenwagen zur Tarnung genutzt werden, um Nachschub f\u00fcr den Fleischwolf zu beschaffen? Wenn sie schon kein Mitleid mit den M\u00e4dchen in Gorlowka hat, hat sie es wenigstens mit diesen ukrainischen M\u00e4nnern, die unerbittlich weiter ins Feuer der russischen Artillerie gejagt werden?<\/p>\n<p>Nein, sie sieht sich das alles sicher nicht an. &#8222;Wir mussten zwischen Ungerechtigkeit und Gerechtigkeit, Freiheit und Unterdr\u00fcckung w\u00e4hlen&#8220;, sagte sie in Stra\u00dfburg. Dass sie Ungerechtigkeit und Unterdr\u00fcckung gew\u00e4hlt hat, sagt sie nicht.<\/p>\n<p>Man muss entweder sehr dumm oder sehr b\u00f6sartig sein, um eine solche Vorstellung abzuliefern. Das war auch bei ihrer Kritik an der T\u00fcrkei zu merken, der sie die Inhaftierung eines Journalisten vorhielt. Wirklich, die T\u00fcrkei ist das Problem? Wie ist das noch einmal mit Julian Assange, der von einem Mitglied des Europarats in Haft gehalten wird, unter haneb\u00fcchenen Vorw\u00e4nden?<\/p>\n<p>Vielleicht gibt es gar keine deutsche Au\u00dfenministerin Baerbock, und wir haben es mit einem entronnenen Exemplar der Stepford Wives zu tun, einem Roboter, dessen Ged\u00e4chtnis t\u00e4glich gel\u00f6scht wird, damit nicht aus Versehen doch Assange oder Gorlowka mit der Vorf\u00fchrung kollidieren. Denn die eiserne Disziplin, das abzusondern, was sie absondert, ohne mit der Wimper zu zucken, die ist menschlich schon kaum mehr vorstellbar.<\/p>\n<p>&#8222;Was uns alle im Rat bindet, ist unsere Hingabe an die Herrschaft des Rechts.&#8220; Diesen Moment s\u00e4he man gerne in einer globalen Konferenzschaltung, von Argentinien bis Simbabwe, wenn Baerbock von Hingabe an die Herrschaft des Rechts spricht. Wobei nicht lange etwas zu sehen sein d\u00fcrfte, da es die meisten Zuschauer vor Lachen vom Stuhl rei\u00dfen w\u00fcrde. Gerade jetzt, da die EU sich daranmacht, das neunte v\u00f6lkerrechtlich v\u00f6llig illegale Sanktionspaket zu verabschieden und gleichzeitig die Mitgliedsstaaten gierig nach eingefrorenen russischen Verm\u00f6genswerten greifen. Nachdem bekannt ist, dass alle Beteiligten der Minsker Vereinbarungen mit Ausnahme der Donbassrepubliken und Russlands diese nur unterzeichnet hatten, um Zeit f\u00fcr die Aufr\u00fcstung der Ukraine zu gewinnen, und damit in eklatanter Weise gegen das V\u00f6lkerrecht verstie\u00dfen, vors\u00e4tzlich, da die Vereinbarungen schlie\u00dflich vom UN-Sicherheitsrat verabschiedet und damit zu V\u00f6lkerrecht gemacht worden waren &#8230;<\/p>\n<p>&#8222;Wir w\u00fcrden gerne den Nutzen eurer Lektionen aus der Vergangenheit haben&#8220;, f\u00fchrt sie dann noch eine weitere Gestalt an, die sie diesmal in Kasachstan gefunden haben will. Sicher, junge Leute, die unter den Einfluss westlicher NGOs geraten, glauben, dass im Westen alles, das gl\u00e4nzt, Gold sei. Die wichtigste Lektion aus der Vergangenheit w\u00e4re, sich nie wieder \u00fcber andere V\u00f6lker zu erheben. Das ist passgenau die Lektion, die Baerbock nie gelernt hat. Sie merkt es nicht, dass sie mit ihrem Schweigen zu Assange bei gleichzeitigem Angriff gegen die T\u00fcrkei eine Grenze zwischen Herren und Knechten zieht; und das Gleiche tut sie mit ihrem Schweigen zu Gorlowka.<\/p>\n<p>Sie tut das auch den Ukrainern gegen\u00fcber, was Sinn ergibt, wenn man sie gerade zu Tausenden abschlachten l\u00e4sst. Sonst k\u00f6nnte einen doch irgendwann ein schlechtes Gewissen qu\u00e4len. Das zu \u00fcbert\u00fcnchen w\u00e4re dann aber zu viel Arbeit f\u00fcr die Visagistin, die daf\u00fcr bezahlt wird, das Antlitz der Annalena von der heiligen Unschuld immer makellos zu halten.<\/p>\n<p>&#8222;Wie, wollen diese H\u00e4nde denn nie rein werden?&#8220; Nein, sie werden es nicht mehr. Denn neben ihrer Forderung, deutsche Panzer gen Russland zu schicken, in einen Krieg, den sie gef\u00f6rdert hat und der gerade eine ganze Generation der ihr vermeintlich so wertvollen jungen Ukrainer zermalmt, hat sie noch etwas anderes getan, das ein deutscher Minister nie wieder h\u00e4tte tun d\u00fcrfen. Und sicher ist es ihr dabei wichtig, &#8222;dass wir es gemeinsam tun und dass wir uns in Europa nicht gegenseitig die Schuld zuschieben&#8220;. Schon allein, weil ihr eigener Anteil an dieser Schuld nicht unbetr\u00e4chtlich ist.<\/p>\n<p>Wie ist es, wenn es gesagt ist? Gelten dann alle rechtlichen und materiellen Konsequenzen? Oder zieht sie sich darauf zur\u00fcck, dass sie ja nur die Au\u00dfenministerin ist und das folgenlos bliebe, solange es nicht der Kanzler sagt oder gar als Urkunde in Moskau eingeht? Schl\u00e4ft sie noch immer zu gut oder leidet sie unter unstillbarer Blutgier?<\/p>\n<p>&#8222;Wir k\u00e4mpfen einen Krieg gegen Russland.&#8220; Da ist er, der Satz. Wenn es einen Satz gibt, mit dem ein Mitglied einer deutschen Regierung das Urteil der Geschichte \u00fcber sein gesamtes Tun f\u00e4llt, dann ist es dieser. Da hilft kein noch so unschuldiges Gesicht. Da gibt es auch keine Waschsch\u00fcssel, die gro\u00df genug w\u00e4re, diese H\u00e4nde wieder rein werden zu lassen. Das ist ein Satz, f\u00fcr den sie wom\u00f6glich noch Generationen verfluchen werden.<\/p>\n<p>&#8222;Wir k\u00e4mpfen einen Krieg gegen Russland.&#8220; Darauf kann man nicht anders antworten als die Kammerfrau von Lady Macbeth: Ich m\u00f6chte nicht ein solches Herz im Busen tragen, nicht f\u00fcr den K\u00f6nigsschmuck des ganzen Leibes.<\/p>\n<hr \/>\n<h4><a id=\"t2\"><\/a>Allein Moskau entscheidet, wann entsprechend darauf reagiert wird<\/h4>\n<p><strong>Sie tun so, als k\u00f6nne man es an Bl\u00fctenbl\u00e4ttchen abz\u00e4hlen, ob Deutschland nun durch die Lieferung von Panzertruppen eine Kriegspartei wird oder nicht. Und sie lassen die Tatsache, dass dies nicht mehr in Berlin entschieden wird, hinter dem schwammigen Begriff &#8222;Grauzone&#8220; verschwinden.<\/strong><\/p>\n<p><span style=\"font-size: 10pt;\">Erstver\u00f6ffentlichung am 25.01.2023 auf <a href=\"https:\/\/pressefreiheit.rtde.life\/meinung\/160942-wir-sind-kriegspartei\/\" target=\"_blank\" rel=\"noopener\">RT DE<\/a><\/span><\/p>\n<p>Bei jedem einzelnen Schritt auf den Abgrund zu, den die Bundesregierung tut, wird beteuert, das sei noch gar nicht schlimm, das sei immer noch keine Kriegsbeteiligung, alles ist gut. Denn irgendwie scheint selbst bei den trunkenen Politikern wie Medienleuten in Berlin die berechtigte Vermutung zu bestehen, dass &#8222;die Deutschen&#8220; in ihrer Gesamtheit es doch nicht so lustig f\u00e4nden, wenn auch noch &#8222;Kriegsbeteiligung&#8220; draufst\u00fcnde, wo tats\u00e4chlich Kriegsbeteiligung drin ist.<\/p>\n<p>Das <em>ZDF<\/em> jedenfalls <a href=\"https:\/\/www.zdf.de\/nachrichten\/politik\/kampfpanzer-kriegspartei-ukraine-krieg-russland-100.html\" target=\"_blank\" rel=\"noopener noreferrer\">fand<\/a> wieder einen willf\u00e4hrigen V\u00f6lkerrechtler, der dem deutschen Publikum best\u00e4tigte, selbst die Leopard-Kampfpanzer seien noch immer keine Beteiligung: &#8222;Entscheidend sei nicht, was man liefere, sondern ob und wie man in konkrete Milit\u00e4roperationen eingebunden sei, so V\u00f6lkerrechtsexperte Alexander Wentker.&#8220; Wenn eigene Streitkr\u00e4fte beteiligt seien, erst dann werde ein Staat zur Kriegspartei. Dazwischen sei eine Grauzone.<\/p>\n<p><em>&#8222;Zum einen m\u00fcssen die Handlungen Teil von Milit\u00e4roperationen sein, es muss also ein direkter Bezug zu Kampfhandlungen bestehen. Zum zweiten muss der unterst\u00fctzende Staat seinen Beitrag hinreichend eng mit der unterst\u00fctzten Kriegspartei koordinieren.&#8220;<\/em><\/p>\n<p>Ob Herr Wentker zu diesem Zeitpunkt bereits die j\u00fcngste \u00c4u\u00dferung von Bundesau\u00dfenministerin Annalena Baerbock kannte, &#8222;wir k\u00e4mpfen einen Krieg gegen Russland&#8220;, ist seinem Beitrag leider nicht zu entnehmen.<\/p>\n<p>Viel Erfahrung hat Herr Wentker offenbar auch nicht; er hat zwar der Vita nach mit viel Geld vornehme Adressen gesammelt (wie die Universit\u00e4t Oxford oder das Amt der Vereinten Nationen f\u00fcr die Koordinierung humanit\u00e4rer Angelegenheiten) und hat eine \u2013 sicherlich gut bezahlte \u2013 Stelle am Max-Planck-Institut f\u00fcr ausl\u00e4ndisches \u00f6ffentliches Recht und V\u00f6lkerrecht, konnte aber erst im letzten Jahr das zweite juristische Staatsexamen ansteuern. Ein typischer Fall f\u00fcr das Kind aus gutem Hause, von einer Familie mit guten Beziehungen. Und das ist genau die Ausgabe &#8222;Experte&#8220; bar jeder Lebenserfahrung, die auch sonst derzeit die lukrativsten Posten besetzt.<\/p>\n<p>Das <em>ZDF<\/em> schlie\u00dft seinen Beitrag mit den S\u00e4tzen: &#8222;Aus v\u00f6lkerrechtlicher Sicht l\u00e4sst sich das beantworten. Welche Bewertung die russische Regierung trifft, ist wiederum eine andere Frage.&#8220; Der letzte Satz klingt bereits nach der Kategorie: &#8222;Ein Teil dieser Antworten w\u00fcrde die Bev\u00f6lkerung verunsichern.&#8220;<\/p>\n<p>Und das ist dann auch die erste Ann\u00e4herung an die ganze Wahrheit. Das Wort &#8222;Grauzone&#8220; h\u00e4tte n\u00e4mlich der Ehrlichkeit halber ausbuchstabiert werden m\u00fcssen. Es bedeutet schlicht, dass es keine genaue Festlegung gibt und es mithin den Beteiligten \u2013 um es genauer zu sagen, dem potentiellen Gegner, oder noch genauer Russland \u2013 \u00fcberlassen bleibt festzulegen, wo diese Linie verl\u00e4uft.<\/p>\n<p>Nat\u00fcrlich laviert das <em>ZDF<\/em> wie s\u00e4mtliche Medienkollegen um das klitzekleine Problem herum, dass die Panzer mit Mannschaft &#8222;geliefert&#8220; werden m\u00fcssen, weil die Ausbildungszeiten f\u00fcr Ukrainer schlicht zu lang w\u00e4ren. Damit sind dann sowohl der direkte Bezug zu Kampfhandlungen als auch die enge Koordinierung mit der unterst\u00fctzten Kriegspartei gegeben.<\/p>\n<p>Entscheidend ist aber ein ganz anderer Punkt, und dass dar\u00fcber das <em>ZDF<\/em> seine Zuschauer in falscher Sicherheit wiegt, ist eine geradezu verbrecherische T\u00e4uschung. Denn abgesehen davon, dass die \u00c4u\u00dferung von Baerbock durchaus als eine Kriegserkl\u00e4rung gedeutet werden kann, liegt die Entscheidung dar\u00fcber, wo innerhalb der Grauzone die deutsche Beteiligung beginnt, einzig bei Russland. Wenn die Bewertung dort so ausfallen sollte, dass Deutschland jetzt beteiligt ist, bei wem meint das ZDF, sich dann beschweren zu k\u00f6nnen? Bei Herrn Wentker etwa, der dann ein nettes Briefchen an den Kreml schreibt, dass das seiner Meinung nach v\u00f6lkerrechtlich doch gar nicht zutreffe?<\/p>\n<p>Und wie glaubt man beim <em>ZDF<\/em>, w\u00fcrde diese Bewertung von Moskau verk\u00fcndet werden? Durch ein ebenso nettes Briefchen mit der Schneckenpost an das Bundeskanzleramt oder nicht doch schneller und direkter als Visitenkarte von Herrn Kinschal? Es scheint sich niemand Gedanken gemacht zu haben, was das f\u00fcr Deutschland bedeuten w\u00fcrde.<\/p>\n<p>Um den allzu Begriffsstutzigen einmal auszumalen, was das bedeuten k\u00f6nnte: Wenn man in Deutschland eines Morgens aufwacht und der Strom ist weg, wenn es dann auch kein Fernsehen gibt und das batteriebetriebene Radio gerade noch berichten kann, dass das Regierungsviertel in Berlin eine Tr\u00fcmmerlandschaft ist, dann d\u00fcrfte der Grund daf\u00fcr darin bestehen, dass Russland Deutschland nun als Kriegspartei anerkannt hat. Auch die Anwohner diverser Kommandoeinrichtungen der Bundeswehr d\u00fcrften durch einen lauten Knall bestenfalls noch einmal geweckt worden sein.<\/p>\n<p>Wobei, vielleicht passiert das doch nicht vor dem Aufwachen, sondern im Verlaufe des Tages. Die betroffenen Herrschaften sollten doch besser bereits hinter ihren Schreibtischen sitzen, wenn ihr B\u00fcrogeb\u00e4ude pulverisiert wird. Nebenbei, das gesch\u00e4he alles mit konventionellen Waffen. Wer es nicht glaubt, darf sich gern in die Eigenschaften von Hyperschall-Lenkflugk\u00f6rpern vertiefen und dabei nicht vergessen: die jeweilige kinetische Energie w\u00e4chst mit dem Quadrat der Geschwindigkeit eines Gegenstandes. Und keine Sorge, Russland hat bereits genug davon.<\/p>\n<p>Ob und wann es passiert, entscheidet man einzig und allein in Moskau. Genau das ist der Punkt, an dem Berlin, wenn es denn unbedingt Krieg f\u00fchren wollte, bereits einen fatalen Fehler begangen hat: In Berlin hat man bereits zu Beginn die Kontrolle \u00fcber jede Eskalation an den Gro\u00dfen Bruder und an den potenziellen Gegner \u00fcbergeben.<\/p>\n<p>Nur, damit der Groschen endg\u00fcltig f\u00e4llt, noch eine kleine Erinnerung als Sahneh\u00e4ubchen: Diese b\u00f6se alte Nummer mit dem Waffenstillstand. Weil es n\u00e4mlich keinen Friedensvertrag zwischen Deutschland und Russland gibt, waren die ganzen vergangenen 78 Jahre nur eine lange Unterbrechung. &#8222;Ist eine bestimmte Dauer nicht vereinbart worden, so k\u00f6nnen die Kriegsparteien jederzeit die Feindseligkeiten wieder aufnehmen&#8220;, sagt dazu Artikel 36 der Haager Landkriegsordnung. Und Artikel 40 besagt: &#8222;Jede schwere Verletzung des Waffenstillstandes durch eine der Parteien gibt der andern das Recht, ihn zu k\u00fcndigen und in dringenden F\u00e4llen sogar die Feindseligkeiten unverz\u00fcglich wieder aufzunehmen.&#8220;<\/p>\n<p>Ist das lautstark angek\u00fcndigte Auftauchen deutscher Panzer auf russischem Boden (nie vergessen, Herr Scholz, auch Cherson und Saporoschje sind als russischer Boden zu betrachten, ganz gleich, was Sie davon halten) eine schwere Verletzung dieses Waffenstillstands? Deutsche Panzer mit deutscher Besatzung und mit dem in Russland so &#8222;beliebten&#8220;, unvergessenen Balkenkreuz?<\/p>\n<p>Und sollte jemand von der deutschen Regierung nach einer jederzeit &#8222;unverz\u00fcglich&#8220; m\u00f6glichen russischen Feststellung, man befinde sich jetzt im Krieg, dieser Feststellung widersprechen wollen, an wen wollte er sich dann wenden? An Joe Biden? An den Papst?<\/p>\n<p>W\u00e4re das <em>ZDF<\/em> dieses eine Mal ehrlich gewesen und h\u00e4tte seinen Zuschauern ausbuchstabiert, was das unschuldig klingende Wort &#8222;Grauzone&#8220; tats\u00e4chlich bedeutet, es h\u00e4tte seinen Zuschauern gleich anraten k\u00f6nnen, k\u00fcnftig jeden Abend ein Dankschreiben an den Kreml zu schicken. Denn dank der Irrsinnsentscheidung \u00fcber deutsche Kampfpanzer beruht zuk\u00fcnftig jeder Tag, an dem noch keine hyperschnellen explosiven Gegenst\u00e4nde vom Himmel fallen, nur noch darauf: auf Langmut und Gnade Russlands.<\/p>\n<p style=\"text-align: right;\"><em>Dagmar Henn ist Mitglied des Deutschen Freidenker-Verbandes<\/em><\/p>\n<hr \/>\n<p><span style=\"font-size: 10pt;\">Bild oben: Collage von Ralf Lux unter Verwendung von:<\/span><\/p>\n<p><span style=\"font-size: 10pt;\">Die schlafwandelnde Lady Macbeth, Gem\u00e4lde von Johann Heinrich F\u00fcssli, Gemeinfrei<\/span><br \/>\n<span style=\"font-size: 10pt;\">Quelle: <a href=\"https:\/\/commons.wikimedia.org\/w\/index.php?curid=151160\" target=\"_blank\" rel=\"noopener\">https:\/\/commons.wikimedia.org\/w\/index.php?curid=151160<\/a><\/span><\/p>\n<p><span style=\"font-size: 10pt;\"><span class=\"mw-mmv-title\">Annalena Baerbock auf einer Wahlkampfveranstaltung zur Landtagswahl NRW 2022 in K\u00f6ln<br \/>\n<\/span>Foto: \u00a9 Raimond Spekking \/ <a href=\"https:\/\/creativecommons.org\/licenses\/by-sa\/4.0\" target=\"_blank\" rel=\"noopener\">CC BY-SA 4.0<\/a> <\/span><br \/>\n<span style=\"font-size: 10pt;\">Quelle: <a href=\"https:\/\/commons.wikimedia.org\/w\/index.php?curid=117808768\" target=\"_blank\" rel=\"noopener\">https:\/\/commons.wikimedia.org\/w\/index.php?curid=117808768<\/a><\/span><\/p>\n","protected":false},"excerpt":{"rendered":"<p><b>Zwei Beitr\u00e4ge von Dagmar Henn<\/b><br \/>\nWenn die Gesichter der Menschen ihr tats\u00e4chliches Inneres zeigen w\u00fcrden, wie s\u00e4he dann das Gesicht von Bundesau\u00dfenministerin Annalena Baerbock aus? K\u00f6nnte sie sich noch im Spiegel betrachten? W\u00fcrde sich ihr noch irgendjemand n\u00e4hern wollen? So etwas geht einem durch den Kopf, wenn man ihre Rede vor dem Europarat anh\u00f6ren muss. &#8230;<br \/>\nBei jedem einzelnen Schritt auf den Abgrund zu, den die Bundesregierung tut, wird beteuert, das sei noch gar nicht schlimm, das sei immer noch keine Kriegsbeteiligung, alles ist gut. Denn irgendwie scheint selbst bei den trunkenen Politikern wie Medienleuten in Berlin die berechtigte Vermutung zu bestehen, dass &#8222;die Deutschen&#8220; in ihrer Gesamtheit es doch nicht so lustig f\u00e4nden, wenn auch noch &#8222;Kriegsbeteiligung&#8220; draufst\u00fcnde, wo tats\u00e4chlich Kriegsbeteiligung drin ist.<\/p>\n","protected":false},"author":3,"featured_media":15094,"comment_status":"closed","ping_status":"closed","sticky":false,"template":"","format":"standard","meta":{"colormag_page_container_layout":"default_layout","colormag_page_sidebar_layout":"default_layout","advanced_seo_description":"","jetpack_seo_html_title":"","jetpack_seo_noindex":false,"jetpack_post_was_ever_published":false,"footnotes":""},"categories":[12],"tags":[699,1423,1641,1032,452,1121,1411,478,188,1526,222,639,1525],"class_list":["post-15084","post","type-post","status-publish","format-standard","has-post-thumbnail","hentry","category-demokratie-medien-aufklaerung","tag-aussenpolitik","tag-baerbock","tag-bandera","tag-bundesregierung","tag-deutschland","tag-donbass","tag-europarat","tag-heimat","tag-krieg","tag-kriegsbeteiligung","tag-russland","tag-ukraine-konflikt","tag-waffenlieferungen"],"jetpack_featured_media_url":"https:\/\/i0.wp.com\/www.freidenker.org\/fw17\/wp-content\/uploads\/2023\/01\/baerbock_macbeth_800x450.jpg?fit=800%2C450&ssl=1","jetpack_shortlink":"https:\/\/wp.me\/p9stpK-3Vi","jetpack-related-posts":[{"id":19118,"url":"https:\/\/www.freidenker.org\/?p=19118","url_meta":{"origin":15084,"position":0},"title":"Baerbock will nicht &#8222;d\u00fcmmste Au\u00dfenministerin der Welt&#8220; sein","author":"Webredaktion","date":"20. Mai 2024","format":false,"excerpt":"Beitrag von Dagmar Henn Im Grunde sollte man so etwas verbieten. Oder es m\u00fcsste ihr selbst auffallen, wenn die Bezeichnung nicht treffend w\u00e4re. Wobei, dass Au\u00dfenministerin Annalena Baerbock nicht einmal merkt, dass sie mit ihrer Anzeige gegen eine Benennung als \"d\u00fcmmste Au\u00dfenministerin der Welt\" eigentlich das Gegenteil einer Widerlegung liefert,\u2026","rel":"","context":"In &quot;Demokratie \u2013 Medien \u2013 Aufkl\u00e4rung&quot;","block_context":{"text":"Demokratie \u2013 Medien \u2013 Aufkl\u00e4rung","link":"https:\/\/www.freidenker.org\/?cat=12"},"img":{"alt_text":"","src":"https:\/\/i0.wp.com\/www.freidenker.org\/fw17\/wp-content\/uploads\/2024\/05\/BDK_Karlsruhe_Nov_2023_Annalena_Baerbock_6a_800x450.jpg?fit=800%2C450&ssl=1&resize=350%2C200","width":350,"height":200,"srcset":"https:\/\/i0.wp.com\/www.freidenker.org\/fw17\/wp-content\/uploads\/2024\/05\/BDK_Karlsruhe_Nov_2023_Annalena_Baerbock_6a_800x450.jpg?fit=800%2C450&ssl=1&resize=350%2C200 1x, https:\/\/i0.wp.com\/www.freidenker.org\/fw17\/wp-content\/uploads\/2024\/05\/BDK_Karlsruhe_Nov_2023_Annalena_Baerbock_6a_800x450.jpg?fit=800%2C450&ssl=1&resize=525%2C300 1.5x, https:\/\/i0.wp.com\/www.freidenker.org\/fw17\/wp-content\/uploads\/2024\/05\/BDK_Karlsruhe_Nov_2023_Annalena_Baerbock_6a_800x450.jpg?fit=800%2C450&ssl=1&resize=700%2C400 2x"},"classes":[]},{"id":16677,"url":"https:\/\/www.freidenker.org\/?p=16677","url_meta":{"origin":15084,"position":1},"title":"In ihrer geistigen Schlichtheit unheilvoll \u2013 die Weltsicht der Au\u00dfenministerin Baerbock","author":"Webredaktion","date":"18. Juli 2023","format":false,"excerpt":"Beitrag von Gert Ewen Ungar Dass Annalena Baerbock (B\u00fcndnis 90\/Die Gr\u00fcnen) Au\u00dfenministerin ist, ist sowohl f\u00fcr Deutschland als auch Europa und die Welt brandgef\u00e4hrlich. Baerbock ist mit dem Amt \u00fcberfordert, sch\u00e4tzt Entwicklungen falsch ein, denkt in einfachen Schwarz-Wei\u00df-Mustern und ist zur Differenzierung nicht in der Lage. Es fehlen ihr Basiskenntnisse\u2026","rel":"","context":"In &quot;Demokratie \u2013 Medien \u2013 Aufkl\u00e4rung&quot;","block_context":{"text":"Demokratie \u2013 Medien \u2013 Aufkl\u00e4rung","link":"https:\/\/www.freidenker.org\/?cat=12"},"img":{"alt_text":"","src":"https:\/\/i0.wp.com\/www.freidenker.org\/fw17\/wp-content\/uploads\/2023\/07\/Cleverly_meets_Baerbock_ausz_800x450.jpg?fit=800%2C450&ssl=1&resize=350%2C200","width":350,"height":200,"srcset":"https:\/\/i0.wp.com\/www.freidenker.org\/fw17\/wp-content\/uploads\/2023\/07\/Cleverly_meets_Baerbock_ausz_800x450.jpg?fit=800%2C450&ssl=1&resize=350%2C200 1x, https:\/\/i0.wp.com\/www.freidenker.org\/fw17\/wp-content\/uploads\/2023\/07\/Cleverly_meets_Baerbock_ausz_800x450.jpg?fit=800%2C450&ssl=1&resize=525%2C300 1.5x, https:\/\/i0.wp.com\/www.freidenker.org\/fw17\/wp-content\/uploads\/2023\/07\/Cleverly_meets_Baerbock_ausz_800x450.jpg?fit=800%2C450&ssl=1&resize=700%2C400 2x"},"classes":[]},{"id":19152,"url":"https:\/\/www.freidenker.org\/?p=19152","url_meta":{"origin":15084,"position":2},"title":"Besuch in Kiew: Baerbocks Wille zum totalen Krieg","author":"Webredaktion","date":"22. Mai 2024","format":false,"excerpt":"Beitrag von Gert Ewen Ungar Au\u00dfenministerin Annalena Baerbock ist zu einem Besuch in Kiew eingetroffen. F\u00fcr ihre Unterst\u00fctzung wurde ihr von Wladimir Selenskij ein Orden verliehen. Das ist zynisch, denn Baerbocks \"Unterst\u00fctzung\" beschr\u00e4nkt sich darauf, den Krieg zu verl\u00e4ngern. Auf der Website des Ausw\u00e4rtigen Amts ist zum Besuch ein Beitrag\u2026","rel":"","context":"In &quot;Demokratie \u2013 Medien \u2013 Aufkl\u00e4rung&quot;","block_context":{"text":"Demokratie \u2013 Medien \u2013 Aufkl\u00e4rung","link":"https:\/\/www.freidenker.org\/?cat=12"},"img":{"alt_text":"","src":"https:\/\/i0.wp.com\/www.freidenker.org\/fw17\/wp-content\/uploads\/2024\/05\/Selenskij_Baerbock_2024_800x450.jpg?fit=800%2C450&ssl=1&resize=350%2C200","width":350,"height":200,"srcset":"https:\/\/i0.wp.com\/www.freidenker.org\/fw17\/wp-content\/uploads\/2024\/05\/Selenskij_Baerbock_2024_800x450.jpg?fit=800%2C450&ssl=1&resize=350%2C200 1x, https:\/\/i0.wp.com\/www.freidenker.org\/fw17\/wp-content\/uploads\/2024\/05\/Selenskij_Baerbock_2024_800x450.jpg?fit=800%2C450&ssl=1&resize=525%2C300 1.5x, https:\/\/i0.wp.com\/www.freidenker.org\/fw17\/wp-content\/uploads\/2024\/05\/Selenskij_Baerbock_2024_800x450.jpg?fit=800%2C450&ssl=1&resize=700%2C400 2x"},"classes":[]},{"id":13926,"url":"https:\/\/www.freidenker.org\/?p=13926","url_meta":{"origin":15084,"position":3},"title":"Baerbock stellt sich gegen China, oder: die Wildsau und die Eiche","author":"Webredaktion","date":"14. August 2022","format":false,"excerpt":"Beitrag von Dagmar Henn Manchmal m\u00f6chte man ihr einfach raten zu schweigen. Was Deutschlands Au\u00dfenministerin Annalena Baerbock von sich gibt, ist leider oft nicht gerade schlau und hin und wieder sogar gef\u00e4hrlich. Augenblicklich bin ich einer von fast 300.000 Menschen, die den Flug der Maschine mit der Kennung SPAR 19\u2026","rel":"","context":"In &quot;Frieden - Antifaschismus - Solidarit\u00e4t&quot;","block_context":{"text":"Frieden - Antifaschismus - Solidarit\u00e4t","link":"https:\/\/www.freidenker.org\/?cat=13"},"img":{"alt_text":"","src":"https:\/\/i0.wp.com\/www.freidenker.org\/fw17\/wp-content\/uploads\/2022\/08\/Annalena_Baerbock_E4680_800x450.jpg?fit=800%2C450&ssl=1&resize=350%2C200","width":350,"height":200,"srcset":"https:\/\/i0.wp.com\/www.freidenker.org\/fw17\/wp-content\/uploads\/2022\/08\/Annalena_Baerbock_E4680_800x450.jpg?fit=800%2C450&ssl=1&resize=350%2C200 1x, https:\/\/i0.wp.com\/www.freidenker.org\/fw17\/wp-content\/uploads\/2022\/08\/Annalena_Baerbock_E4680_800x450.jpg?fit=800%2C450&ssl=1&resize=525%2C300 1.5x, https:\/\/i0.wp.com\/www.freidenker.org\/fw17\/wp-content\/uploads\/2022\/08\/Annalena_Baerbock_E4680_800x450.jpg?fit=800%2C450&ssl=1&resize=700%2C400 2x"},"classes":[]},{"id":17604,"url":"https:\/\/www.freidenker.org\/?p=17604","url_meta":{"origin":15084,"position":4},"title":"Baerbocks Au\u00dfenpolitik \u2013 Aggressiver als die der USA","author":"Webredaktion","date":"5. Dezember 2023","format":false,"excerpt":"Beitrag von Gert Ewen Ungar Die deutsche Au\u00dfenministerin hatte in dieser Woche gleich zwei relevante Treffen zu absolvieren. Zu Beginn der Woche trafen sich die Au\u00dfenminister der NATO-Staaten in Br\u00fcssel. Am Donnerstag und Freitag trifft sich der Ministerrat der OSZE in Skopje, der Hauptstadt Nordmazedoniens. Aussagen der deutschen Au\u00dfenministerin auf\u2026","rel":"","context":"In &quot;Demokratie \u2013 Medien \u2013 Aufkl\u00e4rung&quot;","block_context":{"text":"Demokratie \u2013 Medien \u2013 Aufkl\u00e4rung","link":"https:\/\/www.freidenker.org\/?cat=12"},"img":{"alt_text":"","src":"https:\/\/i0.wp.com\/www.freidenker.org\/fw17\/wp-content\/uploads\/2023\/12\/Blinken_Baerbock_Tokyo_2023_800x450.jpg?fit=800%2C450&ssl=1&resize=350%2C200","width":350,"height":200,"srcset":"https:\/\/i0.wp.com\/www.freidenker.org\/fw17\/wp-content\/uploads\/2023\/12\/Blinken_Baerbock_Tokyo_2023_800x450.jpg?fit=800%2C450&ssl=1&resize=350%2C200 1x, https:\/\/i0.wp.com\/www.freidenker.org\/fw17\/wp-content\/uploads\/2023\/12\/Blinken_Baerbock_Tokyo_2023_800x450.jpg?fit=800%2C450&ssl=1&resize=525%2C300 1.5x, https:\/\/i0.wp.com\/www.freidenker.org\/fw17\/wp-content\/uploads\/2023\/12\/Blinken_Baerbock_Tokyo_2023_800x450.jpg?fit=800%2C450&ssl=1&resize=700%2C400 2x"},"classes":[]},{"id":15857,"url":"https:\/\/www.freidenker.org\/?p=15857","url_meta":{"origin":15084,"position":5},"title":"Unser qualifiziertes Personal","author":"Webredaktion","date":"24. April 2023","format":false,"excerpt":"Zwei Beitr\u00e4ge von Dagmar Henn Unsere Autorin sucht nach Logik und Intelligenz in der medialen Putin-Berichterstattung und in Baerbocks Einlassungen im Bundestag - mit niederschmetterndem Ergebnis. Einer nimmt Journalisten fest, der andere ist an der Front \u2013 das M\u00e4rchen vom doppelten Putin - Der Besuch Wladimir Putins an der Front\u2026","rel":"","context":"In &quot;Demokratie \u2013 Medien \u2013 Aufkl\u00e4rung&quot;","block_context":{"text":"Demokratie \u2013 Medien \u2013 Aufkl\u00e4rung","link":"https:\/\/www.freidenker.org\/?cat=12"},"img":{"alt_text":"","src":"https:\/\/i0.wp.com\/www.freidenker.org\/fw17\/wp-content\/uploads\/2023\/04\/Putin_doppelt_800x450.jpg?fit=797%2C450&ssl=1&resize=350%2C200","width":350,"height":200,"srcset":"https:\/\/i0.wp.com\/www.freidenker.org\/fw17\/wp-content\/uploads\/2023\/04\/Putin_doppelt_800x450.jpg?fit=797%2C450&ssl=1&resize=350%2C200 1x, https:\/\/i0.wp.com\/www.freidenker.org\/fw17\/wp-content\/uploads\/2023\/04\/Putin_doppelt_800x450.jpg?fit=797%2C450&ssl=1&resize=525%2C300 1.5x, https:\/\/i0.wp.com\/www.freidenker.org\/fw17\/wp-content\/uploads\/2023\/04\/Putin_doppelt_800x450.jpg?fit=797%2C450&ssl=1&resize=700%2C400 2x"},"classes":[]}],"_links":{"self":[{"href":"https:\/\/www.freidenker.org\/index.php?rest_route=\/wp\/v2\/posts\/15084","targetHints":{"allow":["GET"]}}],"collection":[{"href":"https:\/\/www.freidenker.org\/index.php?rest_route=\/wp\/v2\/posts"}],"about":[{"href":"https:\/\/www.freidenker.org\/index.php?rest_route=\/wp\/v2\/types\/post"}],"author":[{"embeddable":true,"href":"https:\/\/www.freidenker.org\/index.php?rest_route=\/wp\/v2\/users\/3"}],"replies":[{"embeddable":true,"href":"https:\/\/www.freidenker.org\/index.php?rest_route=%2Fwp%2Fv2%2Fcomments&post=15084"}],"version-history":[{"count":0,"href":"https:\/\/www.freidenker.org\/index.php?rest_route=\/wp\/v2\/posts\/15084\/revisions"}],"wp:featuredmedia":[{"embeddable":true,"href":"https:\/\/www.freidenker.org\/index.php?rest_route=\/wp\/v2\/media\/15094"}],"wp:attachment":[{"href":"https:\/\/www.freidenker.org\/index.php?rest_route=%2Fwp%2Fv2%2Fmedia&parent=15084"}],"wp:term":[{"taxonomy":"category","embeddable":true,"href":"https:\/\/www.freidenker.org\/index.php?rest_route=%2Fwp%2Fv2%2Fcategories&post=15084"},{"taxonomy":"post_tag","embeddable":true,"href":"https:\/\/www.freidenker.org\/index.php?rest_route=%2Fwp%2Fv2%2Ftags&post=15084"}],"curies":[{"name":"wp","href":"https:\/\/api.w.org\/{rel}","templated":true}]}}