{"id":15080,"date":"2023-01-27T02:26:45","date_gmt":"2023-01-27T01:26:45","guid":{"rendered":"https:\/\/www.freidenker.org\/?p=15080"},"modified":"2023-02-19T13:24:49","modified_gmt":"2023-02-19T12:24:49","slug":"update-zur-fressefreiheit","status":"publish","type":"post","link":"https:\/\/www.freidenker.org\/?p=15080","title":{"rendered":"Update zur Fressefreiheit"},"content":{"rendered":"<p><em>Video einer Rede von <strong>Heiner B\u00fccker<\/strong><\/em><\/p>\n<p>Wer noch irgendwelche Illusionen \u00fcber den Zustand der Meinungsfreiheit in Deutschland hat, der vergegenw\u00e4rtige sich, dass die im Video festgehaltene Rede des Berliner Friedensaktivisten und Antifaschisten Heiner B\u00fccker wegen &#8222;Billigung von Straftaten&#8220; von einem Berliner Amtsrichter mit einem Strafbefehl belegt wurde.<\/p>\n<p>\u00dcber den Fall wurde u.a. von den <a href=\"https:\/\/www.nachdenkseiten.de\/?p=92952\" target=\"_blank\" rel=\"noopener\">Nachdenkseiten<\/a> und in der Tageszeitung <a href=\"https:\/\/www.jungewelt.de\/artikel\/443424.kriminalisierter-antimilitarismus-maulkorburteil-f%C3%BCr-kriegsgegner.html\" target=\"_blank\" rel=\"noopener\">Junge Welt<\/a> berichtet.<\/p>\n<p>Interessant ist, da\u00df Richter Pollmann in der Begr\u00fcndung die skandal\u00f6se Formulierung von der &#8222;Aufhetzung des psychischen Klimas&#8220;, wozu die Rede angeblich beitrage, aufgreift, die erstmals von seinem L\u00fcneburger Kollegen Hobro-Klatte in der Begr\u00fcndung eines Beschlusses gegen die Journalistin Alina Lipp im Mai 2022 gebraucht wurde, worunter wir unter der \u00dcberschrift &#8222;<a href=\"https:\/\/www.freidenker.org\/?p=13541\">Fressefreiheit. Journalismus in Deutschland jetzt strafbar<\/a>&#8220; Stellung bezogen haben.<\/p>\n<p>Heiner B\u00fccker sagen wir in seinem Kampf gegen den Justizskandal unsere Solidarit\u00e4t zu und informieren gegebenenfalls \u00fcber Unterst\u00fctzungsm\u00f6glichkeiten.<\/p>\n<p style=\"text-align: right;\"><em>Webredaktion<\/em><\/p>\n<div class=\"jetpack-video-wrapper\"><span class=\"embed-youtube\" style=\"text-align:center; display: block;\"><iframe loading=\"lazy\" class=\"youtube-player\" width=\"800\" height=\"450\" src=\"https:\/\/www.youtube.com\/embed\/BshdbeMaM50?version=3&#038;rel=1&#038;showsearch=0&#038;showinfo=1&#038;iv_load_policy=1&#038;fs=1&#038;hl=de-DE&#038;autohide=2&#038;wmode=transparent\" allowfullscreen=\"true\" style=\"border:0;\" sandbox=\"allow-scripts allow-same-origin allow-popups allow-presentation allow-popups-to-escape-sandbox\"><\/iframe><\/span><\/div>\n<p><span style=\"font-size: 10pt;\">Direktlink zum Video von Antikrieg-TV: <a href=\"https:\/\/www.youtube.com\/watch?v=BshdbeMaM50\" target=\"_blank\" rel=\"noopener\">https:\/\/www.youtube.com\/watch?v=BshdbeMaM50<\/a><\/span><\/p>\n<p><span style=\"font-size: 10pt;\">Weitere Videos der Kundgebung am 22.06.2022 siehe in unserem fr\u00fcheren Bericht &#8222;<a href=\"https:\/\/www.freidenker.org\/?p=13610\" target=\"_blank\" rel=\"noopener\">Wir vergessen den 22. Juni nicht<\/a>&#8222;<\/span><\/p>\n<hr \/>\n<p><span style=\"font-size: 10pt;\">Bild oben: Heiner B\u00fccker w\u00e4hrend seiner Rede am 22.06.2022 am Sowjetischen Ehrenmal im Treptower Park in Berlin.<\/span><br \/>\n<span style=\"font-size: 10pt;\">Screenshot aus dem <a href=\"https:\/\/www.youtube.com\/watch?v=BshdbeMaM50\" target=\"_blank\" rel=\"noopener\">Video von Antikrieg-TV<\/a><\/span><\/p>\n","protected":false},"excerpt":{"rendered":"<p><b>Video einer Rede von Heiner B\u00fccker<\/b><br \/>\nWer noch irgendwelche Illusionen \u00fcber den Zustand der Meinungsfreiheit in Deutschland hat, der vergegenw\u00e4rtige sich, dass die im Video festgehaltene Rede des Berliner Friedensaktivisten und Antifaschisten Heiner B\u00fccker wegen &#8222;Billigung von Straftaten&#8220; von einem Berliner Amtsrichter mit einem Strafbefehl belegt wurde. \u00dcber den Fall wurde u.a. von den Nachdenkseiten und in der Tageszeitung Junge Welt berichtet. Interessant ist, da\u00df Richter Pollmann in der Begr\u00fcndung die skandal\u00f6se Formulierung von der &#8222;Aufhetzung des psychischen Klimas&#8220;, wozu die Rede angeblich beitrage, aufgreift, die erstmals von seinem L\u00fcneburger Kollegen Hobro-Klatte in der Begr\u00fcndung eines Beschlusses gegen die Journalistin Alina Lipp im Mai 2022 gebraucht wurde, <\/p>\n","protected":false},"author":3,"featured_media":15081,"comment_status":"closed","ping_status":"closed","sticky":false,"template":"","format":"standard","meta":{"colormag_page_container_layout":"default_layout","colormag_page_sidebar_layout":"default_layout","advanced_seo_description":"","jetpack_seo_html_title":"","jetpack_seo_noindex":false,"jetpack_post_was_ever_published":false,"footnotes":""},"categories":[937],"tags":[1641,960,1308,395,223,222,1168,1338,639,1525],"class_list":["post-15080","post","type-post","status-publish","format-standard","has-post-thumbnail","hentry","category-zeit-der-verleumder-freidenker-fuer-klartext","tag-bandera","tag-faschistischer-ueberfall-auf-die-sowjetunion","tag-justiz","tag-meinungsfreiheit","tag-putin","tag-russland","tag-russophobie","tag-strafrecht","tag-ukraine-konflikt","tag-waffenlieferungen"],"jetpack_featured_media_url":"https:\/\/i0.wp.com\/www.freidenker.org\/fw17\/wp-content\/uploads\/2023\/01\/klartext_heiner_buecker_800x450.jpg?fit=800%2C450&ssl=1","jetpack_shortlink":"https:\/\/wp.me\/p9stpK-3Ve","jetpack-related-posts":[{"id":19703,"url":"https:\/\/www.freidenker.org\/?p=19703","url_meta":{"origin":15080,"position":0},"title":"Friedensaktivist Heinrich B\u00fccker \u00fcber seinen Strafprozess und Anfeindungen aus linken Kreisen","author":"Webredaktion","date":"13. August 2024","format":false,"excerpt":"Beitrag von Felicitas Rabe Vor zwei Jahren, am 22. Juni 2022, hielt der Berliner Friedensaktivist Heinrich B\u00fccker am 81. Jahrestags des deutschen Einmarsches nach Russland\u00a0eine Rede vor dem sowjetischen Ehrenmal\u00a0im Treptower Park in Berlin. Die\u00a0Berliner Friedenskoordination\u00a0hatte die Gedenkveranstaltung organisiert, um an die Opfer des Unternehmens Barbarossa zu erinnern. Infolge seiner\u2026","rel":"","context":"In &quot;Frieden - Antifaschismus - Solidarit\u00e4t&quot;","block_context":{"text":"Frieden - Antifaschismus - Solidarit\u00e4t","link":"https:\/\/www.freidenker.org\/?cat=13"},"img":{"alt_text":"","src":"https:\/\/i0.wp.com\/www.freidenker.org\/fw17\/wp-content\/uploads\/2024\/08\/heinrich_buecker_800x450.jpg?fit=800%2C450&ssl=1&resize=350%2C200","width":350,"height":200,"srcset":"https:\/\/i0.wp.com\/www.freidenker.org\/fw17\/wp-content\/uploads\/2024\/08\/heinrich_buecker_800x450.jpg?fit=800%2C450&ssl=1&resize=350%2C200 1x, https:\/\/i0.wp.com\/www.freidenker.org\/fw17\/wp-content\/uploads\/2024\/08\/heinrich_buecker_800x450.jpg?fit=800%2C450&ssl=1&resize=525%2C300 1.5x, https:\/\/i0.wp.com\/www.freidenker.org\/fw17\/wp-content\/uploads\/2024\/08\/heinrich_buecker_800x450.jpg?fit=800%2C450&ssl=1&resize=700%2C400 2x"},"classes":[]},{"id":13610,"url":"https:\/\/www.freidenker.org\/?p=13610","url_meta":{"origin":15080,"position":1},"title":"Wir vergessen den 22. Juni nicht","author":"Webredaktion","date":"28. Juni 2022","format":false,"excerpt":"Berlin: Kundgebung am Sowjetischen Ehrenmal im Treptower Park Friedensaktivistinnen und -Aktivisten erinnerten am 22. Juni 2022 an den \u00dcberfall Nazi-Deutschlands auf die Sowjet-Union vor 81 Jahren. Unter dem Motto \u201eWir vergessen nicht!\u201c hatte die \u201eFriedenskoordination Berlin\u201c zu einer Kundgebung am Sowjetischen Ehrenmal im Berliner Treptower Park aufgerufen. Rund 200 Menschen\u2026","rel":"","context":"In &quot;Frieden - Antifaschismus - Solidarit\u00e4t&quot;","block_context":{"text":"Frieden - Antifaschismus - Solidarit\u00e4t","link":"https:\/\/www.freidenker.org\/?cat=13"},"img":{"alt_text":"","src":"https:\/\/i0.wp.com\/www.freidenker.org\/fw17\/wp-content\/uploads\/2022\/06\/hans_bauer_2022-06-22_800x450.jpg?fit=800%2C450&ssl=1&resize=350%2C200","width":350,"height":200,"srcset":"https:\/\/i0.wp.com\/www.freidenker.org\/fw17\/wp-content\/uploads\/2022\/06\/hans_bauer_2022-06-22_800x450.jpg?fit=800%2C450&ssl=1&resize=350%2C200 1x, https:\/\/i0.wp.com\/www.freidenker.org\/fw17\/wp-content\/uploads\/2022\/06\/hans_bauer_2022-06-22_800x450.jpg?fit=800%2C450&ssl=1&resize=525%2C300 1.5x, https:\/\/i0.wp.com\/www.freidenker.org\/fw17\/wp-content\/uploads\/2022\/06\/hans_bauer_2022-06-22_800x450.jpg?fit=800%2C450&ssl=1&resize=700%2C400 2x"},"classes":[]},{"id":16017,"url":"https:\/\/www.freidenker.org\/?p=16017","url_meta":{"origin":15080,"position":2},"title":"Befreiung vom Faschismus und Tag des Sieges 2023","author":"Webredaktion","date":"13. Mai 2023","format":false,"excerpt":"Wir dokumentieren - den Marsch des Unsterblichen Regiments am 07. Mai 2023 in Frankfurt am Main mit Kundgebung am Opernplatz und Demonstration zum R\u00f6merberg, Reden von Sebastian Bahlo (Text) und von Sergey Filbert (Video) - Bilder von der Gedenkstunde am 08.05.2023 zum Tag der Befreiung am Mahnmal f\u00fcr die Opfer\u2026","rel":"","context":"In &quot;Frieden - Antifaschismus - Solidarit\u00e4t&quot;","block_context":{"text":"Frieden - Antifaschismus - Solidarit\u00e4t","link":"https:\/\/www.freidenker.org\/?cat=13"},"img":{"alt_text":"","src":"https:\/\/i0.wp.com\/www.freidenker.org\/fw17\/wp-content\/uploads\/2023\/05\/TdB_2023_20230509_113616_800x450.jpg?fit=800%2C450&ssl=1&resize=350%2C200","width":350,"height":200,"srcset":"https:\/\/i0.wp.com\/www.freidenker.org\/fw17\/wp-content\/uploads\/2023\/05\/TdB_2023_20230509_113616_800x450.jpg?fit=800%2C450&ssl=1&resize=350%2C200 1x, https:\/\/i0.wp.com\/www.freidenker.org\/fw17\/wp-content\/uploads\/2023\/05\/TdB_2023_20230509_113616_800x450.jpg?fit=800%2C450&ssl=1&resize=525%2C300 1.5x, https:\/\/i0.wp.com\/www.freidenker.org\/fw17\/wp-content\/uploads\/2023\/05\/TdB_2023_20230509_113616_800x450.jpg?fit=800%2C450&ssl=1&resize=700%2C400 2x"},"classes":[]},{"id":16821,"url":"https:\/\/www.freidenker.org\/?p=16821","url_meta":{"origin":15080,"position":3},"title":"Wer gef\u00e4hrdet den Frieden?","author":"Webredaktion","date":"12. August 2023","format":false,"excerpt":"Diffamierung, Zensur und Strafverfolgung treffen Kriegsgegner. Dabei sitzen die Volksverhetzer im Bundestag Beitrag von von Hans Bauer Wer Zweifel an der Politik der deutschen Machthaber \u00f6ffentlich \u00e4u\u00dfert, hat keine guten Karten. Schlimmer ist es, Ursachen und Anlass des Ukraine-Krieges anders zu sehen als amtlich verordnet. Die offiziellen Reaktionen reichen von\u2026","rel":"","context":"In &quot;Frieden - Antifaschismus - Solidarit\u00e4t&quot;","block_context":{"text":"Frieden - Antifaschismus - Solidarit\u00e4t","link":"https:\/\/www.freidenker.org\/?cat=13"},"img":{"alt_text":"","src":"https:\/\/i0.wp.com\/www.freidenker.org\/fw17\/wp-content\/uploads\/2023\/08\/keine_angst_vor_putin_800x445_v2.jpg?fit=800%2C445&ssl=1&resize=350%2C200","width":350,"height":200,"srcset":"https:\/\/i0.wp.com\/www.freidenker.org\/fw17\/wp-content\/uploads\/2023\/08\/keine_angst_vor_putin_800x445_v2.jpg?fit=800%2C445&ssl=1&resize=350%2C200 1x, https:\/\/i0.wp.com\/www.freidenker.org\/fw17\/wp-content\/uploads\/2023\/08\/keine_angst_vor_putin_800x445_v2.jpg?fit=800%2C445&ssl=1&resize=525%2C300 1.5x, https:\/\/i0.wp.com\/www.freidenker.org\/fw17\/wp-content\/uploads\/2023\/08\/keine_angst_vor_putin_800x445_v2.jpg?fit=800%2C445&ssl=1&resize=700%2C400 2x"},"classes":[]},{"id":15665,"url":"https:\/\/www.freidenker.org\/?p=15665","url_meta":{"origin":15080,"position":4},"title":"\u00dcberparteilich gegen den Krieg","author":"Webredaktion","date":"4. April 2023","format":false,"excerpt":"Am 27. M\u00e4rz 2023 fand in Berlin eine Konferenz des Ostdeutschen Kuratoriums von Verb\u00e4nden statt, dem auch der Landesverband Berlin des Deutschen Freidenker-Verbandes angeh\u00f6rt. Die Konferenz stand unter dem Motto \"Dialog statt Waffen - \u00fcberparteilich gegen den Krieg - Frieden mit Russland.\" Wir dokumentieren nachfolgend die Abschlusserkl\u00e4rung und die Redebeitr\u00e4ge\u2026","rel":"","context":"In &quot;Frieden - Antifaschismus - Solidarit\u00e4t&quot;","block_context":{"text":"Frieden - Antifaschismus - Solidarit\u00e4t","link":"https:\/\/www.freidenker.org\/?cat=13"},"img":{"alt_text":"","src":"https:\/\/i0.wp.com\/www.freidenker.org\/fw17\/wp-content\/uploads\/2023\/04\/Konferenz_Berlin_230327-FKz-2.jpg?fit=800%2C450&ssl=1&resize=350%2C200","width":350,"height":200,"srcset":"https:\/\/i0.wp.com\/www.freidenker.org\/fw17\/wp-content\/uploads\/2023\/04\/Konferenz_Berlin_230327-FKz-2.jpg?fit=800%2C450&ssl=1&resize=350%2C200 1x, https:\/\/i0.wp.com\/www.freidenker.org\/fw17\/wp-content\/uploads\/2023\/04\/Konferenz_Berlin_230327-FKz-2.jpg?fit=800%2C450&ssl=1&resize=525%2C300 1.5x, https:\/\/i0.wp.com\/www.freidenker.org\/fw17\/wp-content\/uploads\/2023\/04\/Konferenz_Berlin_230327-FKz-2.jpg?fit=800%2C450&ssl=1&resize=700%2C400 2x"},"classes":[]},{"id":12249,"url":"https:\/\/www.freidenker.org\/?p=12249","url_meta":{"origin":15080,"position":5},"title":"Kundgebung &#8222;Sicherheit f\u00fcr Russland ist Sicherheit f\u00fcr unser Land!&#8220; (Videos)","author":"Webredaktion","date":"20. Februar 2022","format":false,"excerpt":"Die\u00a0 Kundgebung der Berliner Friedenskoordination \"SICHERHEIT F\u00dcR RUSSLAND IST SICHERHEIT F\u00dcR UNSER LAND\" am 18.02.1922 wurde von \u00fcber 1000 Menschen besucht \u2013 trotz des rauen Wetters und den Mobilit\u00e4ts-Hemmungen durch \u201eCorona-Ma\u00dfnahmen\u201c. Im Aufruf zur Kundgebung hie\u00df es u.a.:\u00a0\u00a0\"Das Sch\u00fcren der Panik \u00fcber eine anstehende russische Invasion\u00a0in der Ukraine soll nach\u2026","rel":"","context":"In &quot;Frieden - Antifaschismus - Solidarit\u00e4t&quot;","block_context":{"text":"Frieden - Antifaschismus - Solidarit\u00e4t","link":"https:\/\/www.freidenker.org\/?cat=13"},"img":{"alt_text":"","src":"https:\/\/i0.wp.com\/www.freidenker.org\/fw17\/wp-content\/uploads\/2022\/02\/demo_berlin_2022-02-18_800x450.jpg?fit=800%2C450&ssl=1&resize=350%2C200","width":350,"height":200,"srcset":"https:\/\/i0.wp.com\/www.freidenker.org\/fw17\/wp-content\/uploads\/2022\/02\/demo_berlin_2022-02-18_800x450.jpg?fit=800%2C450&ssl=1&resize=350%2C200 1x, https:\/\/i0.wp.com\/www.freidenker.org\/fw17\/wp-content\/uploads\/2022\/02\/demo_berlin_2022-02-18_800x450.jpg?fit=800%2C450&ssl=1&resize=525%2C300 1.5x, https:\/\/i0.wp.com\/www.freidenker.org\/fw17\/wp-content\/uploads\/2022\/02\/demo_berlin_2022-02-18_800x450.jpg?fit=800%2C450&ssl=1&resize=700%2C400 2x"},"classes":[]}],"_links":{"self":[{"href":"https:\/\/www.freidenker.org\/index.php?rest_route=\/wp\/v2\/posts\/15080","targetHints":{"allow":["GET"]}}],"collection":[{"href":"https:\/\/www.freidenker.org\/index.php?rest_route=\/wp\/v2\/posts"}],"about":[{"href":"https:\/\/www.freidenker.org\/index.php?rest_route=\/wp\/v2\/types\/post"}],"author":[{"embeddable":true,"href":"https:\/\/www.freidenker.org\/index.php?rest_route=\/wp\/v2\/users\/3"}],"replies":[{"embeddable":true,"href":"https:\/\/www.freidenker.org\/index.php?rest_route=%2Fwp%2Fv2%2Fcomments&post=15080"}],"version-history":[{"count":0,"href":"https:\/\/www.freidenker.org\/index.php?rest_route=\/wp\/v2\/posts\/15080\/revisions"}],"wp:featuredmedia":[{"embeddable":true,"href":"https:\/\/www.freidenker.org\/index.php?rest_route=\/wp\/v2\/media\/15081"}],"wp:attachment":[{"href":"https:\/\/www.freidenker.org\/index.php?rest_route=%2Fwp%2Fv2%2Fmedia&parent=15080"}],"wp:term":[{"taxonomy":"category","embeddable":true,"href":"https:\/\/www.freidenker.org\/index.php?rest_route=%2Fwp%2Fv2%2Fcategories&post=15080"},{"taxonomy":"post_tag","embeddable":true,"href":"https:\/\/www.freidenker.org\/index.php?rest_route=%2Fwp%2Fv2%2Ftags&post=15080"}],"curies":[{"name":"wp","href":"https:\/\/api.w.org\/{rel}","templated":true}]}}