{"id":15068,"date":"2023-01-24T02:59:02","date_gmt":"2023-01-24T01:59:02","guid":{"rendered":"https:\/\/www.freidenker.org\/?p=15068"},"modified":"2023-02-06T02:56:02","modified_gmt":"2023-02-06T01:56:02","slug":"nazi-brainwashing-seit-90-jahren","status":"publish","type":"post","link":"https:\/\/www.freidenker.org\/?p=15068","title":{"rendered":"Nazi-Brainwashing seit 90 Jahren"},"content":{"rendered":"<h5>Zum 90. Jahrestag der Macht\u00fcbertragung an Hitler<\/h5>\n<p><em>von <strong>Dr. Diether Dehm<\/strong><\/em><\/p>\n<p><span style=\"font-size: 10pt;\">Der Beitrag ist auch als Podcast verf\u00fcgbar:<\/span><\/p>\n<audio class=\"wp-audio-shortcode\" id=\"audio-15068-1\" preload=\"none\" style=\"width: 100%;\" controls=\"controls\"><source type=\"audio\/mpeg\" src=\"https:\/\/www.freidenker.org\/fw17\/wp-content\/uploads\/2023\/01\/Nazi-Brainwahing-seit-90-Jahren.m4a?_=1\" \/><a href=\"https:\/\/www.freidenker.org\/fw17\/wp-content\/uploads\/2023\/01\/Nazi-Brainwahing-seit-90-Jahren.m4a\">https:\/\/www.freidenker.org\/fw17\/wp-content\/uploads\/2023\/01\/Nazi-Brainwahing-seit-90-Jahren.m4a<\/a><\/audio>\n<p><span style=\"font-size: 10pt;\">Podcast bereitgestellt von: ViER. Ausgabe 1\/23, <a class=\"moz-txt-link-freetext\" href=\"https:\/\/www.vierte.online\/\">https:\/\/www.vierte.online\/<\/a><\/span><br \/>\n<a href=\"https:\/\/www.freidenker.org\/fw17\/wp-content\/uploads\/2023\/01\/Nazi-Brainwahing-seit-90-Jahren.m4a\" target=\"_blank\" rel=\"noopener\"><span style=\"font-size: 10pt;\">Download<\/span><\/a><span style=\"font-size: 10pt;\"> des Podcasts<\/span><\/p>\n<h4>&#8222;Nationaler Sozialist&#8220; produzierte L\u00e4usegift<\/h4>\n<p>Und dazu hatte er am 30. Januar &#8222;die Macht ergriffen&#8220;. Herrschende L\u00fcgen \u2013 Verzeihung: Framing und Narrative \u2013 steigen nur im Zusammenspiel aus Schulbuch und Nachrichtensprech (heute auch Wikipedia) nach oben. Aber Hitler <em>ergriff<\/em> keine Macht. Er bekam sie <em>\u00fcbertragen<\/em>. Von Hindenburg. Weil das reaktion\u00e4rste deutsche Monopolkapital um Thyssen, Flick und Hugenberg am 19. November 1932 ihm den Auftrag \u2013 Verzeihung: ihre &#8222;Industriellen-Eingabe&#8220; \u2013 erteilt hatte.\u00a0 Und zwar mit einem: \u201aAber Dalli, Herr Reichspr\u00e4sident!\u2018\u00a0 Denn 13 Tage zuvor hatten die Faschisten bei der Reichstagswahl \u00fcber 2 Mio Stimmen verloren, davon \u2013 neben Nichtw\u00e4hlern \u2013 700 000 Stimmen an die KPD (die nach ihrer &#8222;Programmerkl\u00e4rung zur nationalen und sozialen Befreiung des deutschen Volkes&#8220; endlich nationaldemokatischer auftrat). Der s\u00fcsse Nazi-Traum der Schwerindustriellen war kurz vorm Zerplatzen. Also mussten Vorbehalte gegen Hitler schnell ausger\u00e4umt werden. Die gab`s dort. Nicht, weil irgendjemand ein besonderer Demokrat gewesen w\u00e4re. Sondern weil Krupp &amp; Co noch von Wiedereinsetzung des Kaisers faselten.<\/p>\n<p>Das \u00e4nderte sich am 4.1.33 mit dem Treffen im Bankhaus Deutz\/von Schr\u00f6der, wo sich Hitler &#8222;wirtschaftlich als Liberaler&#8220; outen und so Gro\u00dfbankiers f\u00fcr sich begeistern durfte. Die Zerst\u00f6rer*innen von Freiheiten \u2013 besonders die der zwei unteren Bev\u00f6lkerungsdrittel \u2013 waren stets \u201ewirtschaftlich Liberale\u201c. Solange der Staat ihre markt-liberalen Abenteuer absicherte. Mit Steuermilliarden. Von Kanzlern wie Papen, Br\u00fcning, Hitler, Adenauer \u2013 bis dato.<\/p>\n<p>Weil dem m\u00e4chtigen petrochemischen Gro\u00dfkapital, namentlich den &#8222;IG Farben&#8220;, gerade ihre Hausbank &#8222;Danat&#8220; zusammengebrochen war und 1932 ihre Investments in synthetisches Benzin, dessen Liter 30 Pfennige kostete, pl\u00f6tzlich aussichtslos mit Erd\u00f6lbenzin (zu nur 4 Pfg) konkurrieren musste, war es also zun\u00e4chst nur eine Gruppe von Kohle-Stahl-Monopolen, die durch Hitler die &#8222;Macht ergriff&#8220;. Immer gegen die organisierte Arbeiterklasse. Aber eben auch gegen alle anderen geschw\u00e4chten Kapitalgruppen. Und, ja, trotz ihrer mittelschichtigen Basis und Rhetorik regierten die Nazis mittelstandsfeindlich. &#8222;DIE Unternehmer&#8220; also in toto f\u00fcr Hitler verantwortlich zu machen, ist so demagogisch \u2013 Verzeihung: geschwurbelt \u2013 , wie das deutsche Volk in Kollektivhaft zu nehmen.<\/p>\n<p>Tats\u00e4chlich gab es bis 1933 immer Optionen, Hitler, Weltkrieg, Shoa und das Zertr\u00fcmmern deutscher Nation zu meiden. Vom &#8222;<em>Aufhaltsamen<\/em> Aufstieg des Arturo Ui&#8220; schrieb Brecht darum. Daf\u00fcr aber h\u00e4tten die Allermeisten, die sp\u00e4ter in den Baracken von Buchenwald zusammengepeitscht werden sollten, durch alle soziale Schichten und deren Politiken enorme Kr\u00f6ten schlucken m\u00fcssen. Wom\u00f6glich sogar Reichskanzler Kurt von Schleicher. Der daf\u00fcr mit sch\u00e4rferen Bandagen gegen einzelne Gro\u00dfkonzerne, h\u00f6heren Reichensteuern und gemeinsamen Man\u00f6vern mit der Roten Armee gelockt hatte.<\/p>\n<p>Nun, alle die von rechts und links f\u00fcr eine solche &#8222;Querfront&#8220; gegen Hitler geworben hatten, starben bald eines unnat\u00fcrlichen Todes. Erst 1945 wurde Deutschland vom Hitlerfaschismus befreit. Und zwar von einer &#8222;Querfront&#8220;, die Arbeiterklassen und Klassenfeinde, Mittelschichten, Rassisten und Antirassisten einbezog; von Churchill, Roosevelt bis Stalin befeuert. Die \u201edie Alliierten\u201c hie\u00df. Ein kolossal breites B\u00fcndnis! Wie es bereits Mao mit Tschang im &#8222;Koumintang&#8220; gegen die japanischen Besatzer Chinas gelungen war. Antiimperialistische B\u00fcndniserfolge h\u00e4ngen nie vom Geschmack der Partner ab, sondern von der St\u00e4rke des Hauptfeinds \u2013 der damals Nazideutschland hie\u00df und sp\u00e4ter US-Imperialismus.<\/p>\n<p>Wenn heute ZDF, taz, SPIEGEL bis BILD auf &#8222;Querfront&#8220; eindreschen, ist zumeist &#8222;Volksfront&#8220; gemeint. Domenico Losurdo schrieb 2016 in seinem Kolonialismus-Buch von einer entstehenden V\u00f6lkerfront des \u201eglobalen S\u00fcdens\u201c von Indien, Russland, Iran bis China (nun auch Brasilien usw.) \u2013 die aber zun\u00e4chst mit &#8222;rechts und links&#8220; wenig zu tun hat.<\/p>\n<p>Am 30. Januar 1933 hatte sich das imperialistischste Finanzkapital mit ihrem Hitler durchgesetzt. Es durfte von ihm nicht nur Feldz\u00fcge gegen die franz\u00f6sischen und spanischen Volksfronten, gegen den &#8222;Kulturbolschewismus&#8220; (Thyssen), sondern vor allem gegen die Sowjetunion erwarten. Verzeihung: und nat\u00fcrlich &#8222;die Befreiung der Ukraine vom Stalinismus&#8220;.<\/p>\n<p>Das hatte Hermann-Josef Abs (Deutsche Bank) vor NS-Wirtschaftsf\u00fchrern mehrfach, vor allem im Oktober 1940, unter solch strengvertraulichen Titeln wie &#8222;Aktive Kapitalpolitik&#8220; oder &#8222;Saldo Clearing&#8220;, n\u00fcchtern vorgerechnet (Reinhard Opitz &#8222;Europastrategien des Kapitals&#8220;, S. 794-803, 859; Pahl-Rugenstein 1994): s\u00e4mtlich aufgelaufene Staats-Schulden f\u00fcr die Aufr\u00fcstungsorgien zweier Weltkriege seien mit einem einzigen Feldzug zu annullieren. (Ahnte der schlaue Kalkulierer Abs damals schon, dass sein Bankhaus sogar nach einem gescheiterten \u00dcberfall auf die Sowjetunion bald wieder in feinem Zwirn aus dem Schneider kommen, solange nur Volksfront und neutrales Deutschland verhindert w\u00fcrden?) Dazu mein Dokumentar-St\u00fcck \u201eAbs\u201c, das im Frankfurter Saal der Auschwitz-Prozesse (November 2021) von Freiem Schauspiel-Ensemble, Hannes Jaennicke, Peter Sodann und Michael Letz mit Musik des Komponisten Jossi Mar Chaim (Tel Aviv) uraufgef\u00fchrt wurde: <a href=\"https:\/\/www.youtube.com\/watch?v=w_AT02Ch0LA\" target=\"_blank\" rel=\"noopener\">Abs &#8211; Ein Theaterst\u00fcck von Diether Dehm<\/a><\/p>\n<p>Die Sowjetunion hat sich von ihren 27 Millionen Toten, vom Abschlachten, Brandschatzen und Totger\u00fcstetwerden nie mehr richtig erholt. Aber die Deutsche Bank hat mit Zwangsarbeit und Judengold, mit ihrem Bau-Kredit f\u00fcr Auschwitz ihr Kapital vermehrt. Sogar mit Gas-Verk\u00e4ufen. Nebenbei: wer heute, scheinbar naiv wie &#8222;unsere&#8220; Mediensprecher*innen, von &#8222;dem Nationalsozialismus&#8220; spricht, k\u00f6nnte genauso gut das Zyklon B als &#8222;L\u00e4usegift&#8220; anpreisen &#8211; die L\u00fcgen wiederk\u00e4uend von Faschisten, die sich &#8222;Nationalsozialisten&#8220; nannten. Oder deren &#8222;IG-Farben&#8220; und &#8222;Deutschen Gesellschaft f\u00fcr Sch\u00e4dlingsbek\u00e4mpfung&#8220;, wo HJ Abs auch die Aufsichtsr\u00e4te beherrschte. Die ja nur &#8222;L\u00e4usegift&#8220; vermarktet hatten.<\/p>\n<p>&#8222;Hitler war eine nationale Schande&#8220; notierte Willy Brandt. Selbst mit Namensnennungen, die nicht in N\u00fcrnberg sa\u00dfen, sondern die, wie Abs f\u00fcr Adenauer, kurz darauf bereits mit Wiederbewaffnung, DM und W\u00e4hrungsreform Deutschland spalten und 1952 bei der Londoner Schuldenkonferenz Griechenland, Polen und andere Opfer um jede Wiedergutmachung prellen durften.<\/p>\n<p>Sicher hat G\u00f6tz Aly auch die kleineren NS-Trittbrettfahrer bei Zwangsarbeit und &#8222;Arisierung&#8220; notiert. Aber diese h\u00e4tten Hitler nie an die Macht br\u00fcllen k\u00f6nnen, w\u00e4ren dahinter nicht die <em>coolen big Players <\/em>gewesen. Die hatten errechnet, wieviele Renditen aus der Eroberung Russlands in Gas, \u00d6l und billigstem Arbeitermaterial, im Pressen von Reall\u00f6hnen auf Krisenniveau durch Zerschlagung von organisiertem Arbeiterwiderstand, herauszuholen waren. Was heute sorgsam weggeschwiegen wird. Von denen, die uns Sozialisten gen\u00fcsslich das L\u00fcgenwort &#8222;die Nationalsozialisten&#8220; unter die Nase reiben. Und die ihrem Finanzkapital bis heute russische Sch\u00e4tze unter den braunen Nagel rei\u00dfen wollen. Jedoch: die &#8222;<em>National<\/em><em>-Sozialistische Arbeiter<\/em>partei&#8220; war nichts als ein Feind deutscher <em>Nation<\/em>, des <em>Sozialismus<\/em> und der <em>Arbeiter<\/em>.<\/p>\n<p>Der Faschismus konzentrierte weltweit an der Macht, was Thomas Mann die &#8222;Grundtorheit der Epoche&#8220; nannte: den Antikommunismus. Das ist, was von jeder organisierten Unversch\u00e4mtheit und Schamlosigkeit Werkt\u00e4tiger angetriggert wird \u2013 um sie niederzumetzeln. Und dieser antiproletarische Terrorismus bleibt Wesensmerkmal des Faschismus: Von Mussolini \u00fcber Pinochet bis zum IS.<\/p>\n<p>Gr\u00fcnliche Schreibagenten haben dagegen den Faschismusbegriff entkernt. Was \u00fcbrig blieb, ist zwar eine nichtendenwollende Aufz\u00e4hlung. Die reicht von &#8222;homophob, frauenfeindlich, ziganophob, xenophob, antisemitisch, toxisch-zis-weiss-m\u00e4nnlich, transphob&#8220; bis zu &#8222;Putin-Verstehern, Klimaleugnern, Impfpflicht- und Gender-Gegnern&#8220;. Aber das kapitalkonotierte Wesen von Antikommunismus und notorischer Gewerkschaftsfeindlichkeit schweigen sie tot. Wie dessen proletarische Opfer. Sie m\u00fcssten ja sonst eingestehen, in welcher Querfront sie Essentials derer propagieren, die vor 90 Jahren Hitler an die Macht finanziert hatten. Und deren undemokratische Welt immer nur dort in Unordnung geriet, wo Arbeiterklasse und b\u00fcrgerliche B\u00fcndnispartner im Volksb\u00fcndnis mehr wirtschaftliche Demokratie wagen wollen.<\/p>\n<p style=\"text-align: right;\"><em>Dr. Diether Dehm ist Mitglied des Deutschen Freidenker-Verbandes und seines Beirats<\/em><\/p>\n<hr \/>\n<p><span style=\"font-size: 10pt;\">Bild oben: &#8222;Ergriffen&#8220; hat nicht Hitler die Macht, sondern Reichspr\u00e4sident von Hindenburg seine Hand, um ihm die besagte Macht zu \u00fcbertragen. Da von dem schicksalhaften Moment offenbar kein Foto existiert, nehmen wir hier ein aussagekr\u00e4ftiges Symbolbild, knapp zwei Monate sp\u00e4ter: Reichspr\u00e4sident von Hindenburg und Reichskanzler Adolf Hitler am Tage von Potsdam (21. M\u00e4rz 1933)<\/span><br \/>\n<span style=\"font-size: 10pt;\">Foto: Theo Eisenhart, ADN-Zentralbild, jetzt Bundesarchiv, Bild 183-S38324, <a href=\"https:\/\/creativecommons.org\/licenses\/by-sa\/3.0\/de\/deed.en\" target=\"_blank\" rel=\"noopener\">CC BY-SA 3.0 de<\/a><\/span><br \/>\n<span style=\"font-size: 10pt;\">Quelle: <a href=\"https:\/\/commons.wikimedia.org\/w\/index.php?curid=5369386\" target=\"_blank\" rel=\"noopener\">https:\/\/commons.wikimedia.org\/w\/index.php?curid=5369386<\/a><\/span><\/p>\n","protected":false},"excerpt":{"rendered":"<p><b>Beitrag von Dr. Diether Dehm<\/b><br \/>\n<b>Nationaler Sozialist&#8220; produzierte L\u00e4usegift<\/b><br \/>\nUnd dazu hatte er am 30. Januar &#8222;die Macht ergriffen&#8220;. Herrschende L\u00fcgen \u2013 Verzeihung: Framing und Narrative \u2013 steigen nur im Zusammenspiel aus Schulbuch und Nachrichtensprech (heute auch Wikipedia) nach oben. Aber Hitler ergriff keine Macht. Er bekam sie \u00fcbertragen. Von Hindenburg. Weil das reaktion\u00e4rste deutsche Monopolkapital um Thyssen, Flick und Hugenberg am 19. November 1932 ihm den Auftrag \u2013 Verzeihung: ihre &#8222;Industriellen-Eingabe&#8220; \u2013 erteilt hatte.\u00a0 Und zwar mit einem: \u201aAber Dalli, Herr Reichspr\u00e4sident!\u2018\u00a0 Denn 13 Tage zuvor hatten die Faschisten bei der Reichstagswahl \u00fcber 2 Mio Stimmen verloren, &#8230;<\/p>\n","protected":false},"author":3,"featured_media":15069,"comment_status":"closed","ping_status":"closed","sticky":false,"template":"","format":"standard","meta":{"colormag_page_container_layout":"default_layout","colormag_page_sidebar_layout":"default_layout","advanced_seo_description":"","jetpack_seo_html_title":"","jetpack_seo_noindex":false,"jetpack_post_was_ever_published":false,"footnotes":""},"categories":[12,1162],"tags":[648,571,451,358,1493,1196,342,430,1700],"class_list":["post-15068","post","type-post","status-publish","format-standard","has-post-thumbnail","hentry","category-demokratie-medien-aufklaerung","category-geschichte","tag-2-weltkrieg","tag-antikommunismus","tag-faschismus","tag-gewerkschaft","tag-hitler","tag-monopole","tag-querfront","tag-sowjetunion","tag-wiederbewaffnung"],"jetpack_featured_media_url":"https:\/\/i0.wp.com\/www.freidenker.org\/fw17\/wp-content\/uploads\/2023\/01\/Hitler_Hindenburg_Potsdam_800x450.jpg?fit=800%2C450&ssl=1","jetpack_shortlink":"https:\/\/wp.me\/p9stpK-3V2","jetpack-related-posts":[{"id":20977,"url":"https:\/\/www.freidenker.org\/?p=20977","url_meta":{"origin":15068,"position":0},"title":"Diether Dehm: \u201eWarum ich trotzdem BSW w\u00e4hle\u201c","author":"Webredaktion","date":"18. Februar 2025","format":false,"excerpt":"Interview von J\u00fcrgen Els\u00e4sser mit Diether Dehm Der langj\u00e4hrige Bundestagsabgeordnete der Linken, Diether Dehm, erl\u00e4utert im COMPACT-Interview, warum er Gauland und Chrupalla sch\u00e4tzt, was er an Wagenknecht kritisiert \u2013 und warum er trotzdem empfiehlt, das BSW zu w\u00e4hlen. Die Fragen stellte J\u00fcrgen Els\u00e4sser. Frage: Warum werden Sie als sozialer Patriot\u2026","rel":"","context":"In &quot;Demokratie \u2013 Medien \u2013 Aufkl\u00e4rung&quot;","block_context":{"text":"Demokratie \u2013 Medien \u2013 Aufkl\u00e4rung","link":"https:\/\/www.freidenker.org\/?cat=12"},"img":{"alt_text":"","src":"https:\/\/i0.wp.com\/www.freidenker.org\/fw17\/wp-content\/uploads\/2025\/02\/Demo_Muenchen_Sicherheitskonferenz_Diether_Dehm_Online_4_800x450.jpg?fit=800%2C450&ssl=1&resize=350%2C200","width":350,"height":200,"srcset":"https:\/\/i0.wp.com\/www.freidenker.org\/fw17\/wp-content\/uploads\/2025\/02\/Demo_Muenchen_Sicherheitskonferenz_Diether_Dehm_Online_4_800x450.jpg?fit=800%2C450&ssl=1&resize=350%2C200 1x, https:\/\/i0.wp.com\/www.freidenker.org\/fw17\/wp-content\/uploads\/2025\/02\/Demo_Muenchen_Sicherheitskonferenz_Diether_Dehm_Online_4_800x450.jpg?fit=800%2C450&ssl=1&resize=525%2C300 1.5x, https:\/\/i0.wp.com\/www.freidenker.org\/fw17\/wp-content\/uploads\/2025\/02\/Demo_Muenchen_Sicherheitskonferenz_Diether_Dehm_Online_4_800x450.jpg?fit=800%2C450&ssl=1&resize=700%2C400 2x"},"classes":[]},{"id":17537,"url":"https:\/\/www.freidenker.org\/?p=17537","url_meta":{"origin":15068,"position":1},"title":"Prof. Norman Paech: Nach dem V\u00f6lkerrecht betreibt Israel V\u00f6lkermord","author":"Webredaktion","date":"14. November 2023","format":false,"excerpt":"Video-Interview von Diether Dehm mit Prof. Dr. Norman Paech Der Hamburger Jurist und V\u00f6lkerrechtler Prof. Dr. Norman Paech gibt eine fachkundige Einsch\u00e4tzung zum Vorgehen Israels im Gaza-Streifen. Wie viele internationale Experten sieht auch er die Grenzen legitimer Selbstverteidigung oder auch nur v\u00f6lkerrechtskonformer Kriegsf\u00fchrung durch Israel weit \u00fcberschritten. Er verweist auf\u2026","rel":"","context":"In &quot;Demokratie \u2013 Medien \u2013 Aufkl\u00e4rung&quot;","block_context":{"text":"Demokratie \u2013 Medien \u2013 Aufkl\u00e4rung","link":"https:\/\/www.freidenker.org\/?cat=12"},"img":{"alt_text":"","src":"https:\/\/i0.wp.com\/www.freidenker.org\/fw17\/wp-content\/uploads\/2023\/11\/interview_dehm_paech_800x450.jpg?fit=800%2C450&ssl=1&resize=350%2C200","width":350,"height":200,"srcset":"https:\/\/i0.wp.com\/www.freidenker.org\/fw17\/wp-content\/uploads\/2023\/11\/interview_dehm_paech_800x450.jpg?fit=800%2C450&ssl=1&resize=350%2C200 1x, https:\/\/i0.wp.com\/www.freidenker.org\/fw17\/wp-content\/uploads\/2023\/11\/interview_dehm_paech_800x450.jpg?fit=800%2C450&ssl=1&resize=525%2C300 1.5x, https:\/\/i0.wp.com\/www.freidenker.org\/fw17\/wp-content\/uploads\/2023\/11\/interview_dehm_paech_800x450.jpg?fit=800%2C450&ssl=1&resize=700%2C400 2x"},"classes":[]},{"id":8345,"url":"https:\/\/www.freidenker.org\/?p=8345","url_meta":{"origin":15068,"position":2},"title":"Video: Diether Dehm zu angeblichen Schulden Deutschlands","author":"Webredaktion","date":"27. Juni 2020","format":false,"excerpt":"Donald Trump ist zur\u00fcck im Wahlkampf: Der US-Pr\u00e4sident bekr\u00e4ftigte in seiner Ansprache in Tulsa seine Absicht, fast 10.000 US-Soldaten aus Deutschland abzuziehen. Au\u00dferdem warf der Republikaner der Bundesregierung vor, der NATO wegen unzureichender Verteidigungsausgaben in den vergangenen 25 Jahren eine Billion US-Dollar zu schulden. Der Linke-Abgeordnete Dr. Diether Dehm sagte\u2026","rel":"","context":"In &quot;Frieden - Antifaschismus - Solidarit\u00e4t&quot;","block_context":{"text":"Frieden - Antifaschismus - Solidarit\u00e4t","link":"https:\/\/www.freidenker.org\/?cat=13"},"img":{"alt_text":"","src":"https:\/\/i0.wp.com\/www.freidenker.org\/fw17\/wp-content\/uploads\/2020\/06\/dehm_rt_2020-06_800x450.jpg?fit=800%2C450&ssl=1&resize=350%2C200","width":350,"height":200,"srcset":"https:\/\/i0.wp.com\/www.freidenker.org\/fw17\/wp-content\/uploads\/2020\/06\/dehm_rt_2020-06_800x450.jpg?fit=800%2C450&ssl=1&resize=350%2C200 1x, https:\/\/i0.wp.com\/www.freidenker.org\/fw17\/wp-content\/uploads\/2020\/06\/dehm_rt_2020-06_800x450.jpg?fit=800%2C450&ssl=1&resize=525%2C300 1.5x, https:\/\/i0.wp.com\/www.freidenker.org\/fw17\/wp-content\/uploads\/2020\/06\/dehm_rt_2020-06_800x450.jpg?fit=800%2C450&ssl=1&resize=700%2C400 2x"},"classes":[]},{"id":12498,"url":"https:\/\/www.freidenker.org\/?p=12498","url_meta":{"origin":15068,"position":3},"title":"Naziterror in der Ukraine &#8211; Fake oder Fakt?","author":"Webredaktion","date":"24. M\u00e4rz 2022","format":false,"excerpt":"Beitrag von Diether Dehm Mit seinen Nazi-Todesschwadronen, Granaten und Scharfsch\u00fctzen hatte das Pentagon 7 Jahre gereizt, provoziert und eskaliert. Mit tausenden Mordopfern. Und damit wohl eine Falle gestellt, in die Wladimir Putin - einmal nicht berechnend, sondern berechnet - hineingelaufen ist. Nun verliert er auch noch den Kampf um die\u2026","rel":"","context":"In &quot;Frieden - Antifaschismus - Solidarit\u00e4t&quot;","block_context":{"text":"Frieden - Antifaschismus - Solidarit\u00e4t","link":"https:\/\/www.freidenker.org\/?cat=13"},"img":{"alt_text":"","src":"https:\/\/i0.wp.com\/www.freidenker.org\/fw17\/wp-content\/uploads\/2022\/03\/Street_Exhibit_of_Azov_Battalion_-_Kharkiv_800x450.jpg?fit=800%2C450&ssl=1&resize=350%2C200","width":350,"height":200,"srcset":"https:\/\/i0.wp.com\/www.freidenker.org\/fw17\/wp-content\/uploads\/2022\/03\/Street_Exhibit_of_Azov_Battalion_-_Kharkiv_800x450.jpg?fit=800%2C450&ssl=1&resize=350%2C200 1x, https:\/\/i0.wp.com\/www.freidenker.org\/fw17\/wp-content\/uploads\/2022\/03\/Street_Exhibit_of_Azov_Battalion_-_Kharkiv_800x450.jpg?fit=800%2C450&ssl=1&resize=525%2C300 1.5x, https:\/\/i0.wp.com\/www.freidenker.org\/fw17\/wp-content\/uploads\/2022\/03\/Street_Exhibit_of_Azov_Battalion_-_Kharkiv_800x450.jpg?fit=800%2C450&ssl=1&resize=700%2C400 2x"},"classes":[]},{"id":18103,"url":"https:\/\/www.freidenker.org\/?p=18103","url_meta":{"origin":15068,"position":4},"title":"Echter Journalismus und falsche EU","author":"Webredaktion","date":"9. Februar 2024","format":false,"excerpt":"Patrik Baab: Die EU ist zu einem Kriegsb\u00fcndnis degeneriert Video-Interview von\u00a0Dr. Diether Dehm\u00a0mit\u00a0Patrik Baab Der Journalist Patrik Baab erz\u00e4hlt warum er in den Donbass reiste und weshalb Ausgewogenheit das Ziel von Journalismus sein sollte. Es gehe darum aufzukl\u00e4ren und alle Seiten zu Wort kommen zu lassen. Als Politikwissenschaftler gibt er\u2026","rel":"","context":"In &quot;Demokratie \u2013 Medien \u2013 Aufkl\u00e4rung&quot;","block_context":{"text":"Demokratie \u2013 Medien \u2013 Aufkl\u00e4rung","link":"https:\/\/www.freidenker.org\/?cat=12"},"img":{"alt_text":"","src":"https:\/\/i0.wp.com\/www.freidenker.org\/fw17\/wp-content\/uploads\/2024\/02\/Dehm_Baab_800x450.jpg?fit=800%2C450&ssl=1&resize=350%2C200","width":350,"height":200,"srcset":"https:\/\/i0.wp.com\/www.freidenker.org\/fw17\/wp-content\/uploads\/2024\/02\/Dehm_Baab_800x450.jpg?fit=800%2C450&ssl=1&resize=350%2C200 1x, https:\/\/i0.wp.com\/www.freidenker.org\/fw17\/wp-content\/uploads\/2024\/02\/Dehm_Baab_800x450.jpg?fit=800%2C450&ssl=1&resize=525%2C300 1.5x, https:\/\/i0.wp.com\/www.freidenker.org\/fw17\/wp-content\/uploads\/2024\/02\/Dehm_Baab_800x450.jpg?fit=800%2C450&ssl=1&resize=700%2C400 2x"},"classes":[]},{"id":9374,"url":"https:\/\/www.freidenker.org\/?p=9374","url_meta":{"origin":15068,"position":5},"title":"Diffamierung auf Wikipedia: Autor muss Schadensersatz zahlen","author":"Webredaktion","date":"24. Januar 2021","format":false,"excerpt":"Beitrag von Sabiene Jahn Ein Autor der Online-Enzyklop\u00e4die Wikipedia - er nennt sich dort anonymisiert \u201eFeliks\" - muss 8.000 Euro Schadenersatz zahlen, weil er den Eintrag \u00fcber eine Person einseitig negativ ge\u00e4ndert hat. Das hat das Landgericht Koblenz aktuell entschieden und gab damit dem Kl\u00e4ger, dem Musiker und Autoren Elias\u2026","rel":"","context":"In &quot;Demokratie \u2013 Medien \u2013 Aufkl\u00e4rung&quot;","block_context":{"text":"Demokratie \u2013 Medien \u2013 Aufkl\u00e4rung","link":"https:\/\/www.freidenker.org\/?cat=12"},"img":{"alt_text":"","src":"https:\/\/i0.wp.com\/www.freidenker.org\/fw17\/wp-content\/uploads\/2021\/01\/wikipedia_justicia_800x450.jpg?fit=800%2C450&ssl=1&resize=350%2C200","width":350,"height":200,"srcset":"https:\/\/i0.wp.com\/www.freidenker.org\/fw17\/wp-content\/uploads\/2021\/01\/wikipedia_justicia_800x450.jpg?fit=800%2C450&ssl=1&resize=350%2C200 1x, https:\/\/i0.wp.com\/www.freidenker.org\/fw17\/wp-content\/uploads\/2021\/01\/wikipedia_justicia_800x450.jpg?fit=800%2C450&ssl=1&resize=525%2C300 1.5x, https:\/\/i0.wp.com\/www.freidenker.org\/fw17\/wp-content\/uploads\/2021\/01\/wikipedia_justicia_800x450.jpg?fit=800%2C450&ssl=1&resize=700%2C400 2x"},"classes":[]}],"_links":{"self":[{"href":"https:\/\/www.freidenker.org\/index.php?rest_route=\/wp\/v2\/posts\/15068","targetHints":{"allow":["GET"]}}],"collection":[{"href":"https:\/\/www.freidenker.org\/index.php?rest_route=\/wp\/v2\/posts"}],"about":[{"href":"https:\/\/www.freidenker.org\/index.php?rest_route=\/wp\/v2\/types\/post"}],"author":[{"embeddable":true,"href":"https:\/\/www.freidenker.org\/index.php?rest_route=\/wp\/v2\/users\/3"}],"replies":[{"embeddable":true,"href":"https:\/\/www.freidenker.org\/index.php?rest_route=%2Fwp%2Fv2%2Fcomments&post=15068"}],"version-history":[{"count":0,"href":"https:\/\/www.freidenker.org\/index.php?rest_route=\/wp\/v2\/posts\/15068\/revisions"}],"wp:featuredmedia":[{"embeddable":true,"href":"https:\/\/www.freidenker.org\/index.php?rest_route=\/wp\/v2\/media\/15069"}],"wp:attachment":[{"href":"https:\/\/www.freidenker.org\/index.php?rest_route=%2Fwp%2Fv2%2Fmedia&parent=15068"}],"wp:term":[{"taxonomy":"category","embeddable":true,"href":"https:\/\/www.freidenker.org\/index.php?rest_route=%2Fwp%2Fv2%2Fcategories&post=15068"},{"taxonomy":"post_tag","embeddable":true,"href":"https:\/\/www.freidenker.org\/index.php?rest_route=%2Fwp%2Fv2%2Ftags&post=15068"}],"curies":[{"name":"wp","href":"https:\/\/api.w.org\/{rel}","templated":true}]}}