{"id":15050,"date":"2023-01-24T00:50:54","date_gmt":"2023-01-23T23:50:54","guid":{"rendered":"https:\/\/www.freidenker.org\/?p=15050"},"modified":"2023-05-06T11:10:46","modified_gmt":"2023-05-06T09:10:46","slug":"faltblatt-arbeit-heizung-brot-und-ein-bezahlbares-leben","status":"publish","type":"post","link":"https:\/\/www.freidenker.org\/?p=15050","title":{"rendered":"Faltblatt: Arbeit, Heizung, Brot  und ein bezahlbares Leben!"},"content":{"rendered":"<p>Der Deutsche Freidenker-Verband hat ein aktuelles Faltblatt herausgegeben. Wir ver\u00f6ffentlichen hier den Text und bieten das gesamte Faltblatt zum Download an.<\/p>\n<p style=\"text-align: right;\"><em>Webredaktion<\/em><\/p>\n<p><span style=\"font-size: 10pt;\">\u2193 <img data-recalc-dims=\"1\" loading=\"lazy\" decoding=\"async\" data-attachment-id=\"1072\" data-permalink=\"https:\/\/www.freidenker.org\/?attachment_id=1072\" data-orig-file=\"https:\/\/i0.wp.com\/www.freidenker.org\/fw17\/wp-content\/uploads\/2017\/10\/pdf_icon-e1509487447542.png?fit=16%2C16&amp;ssl=1\" data-orig-size=\"16,16\" data-comments-opened=\"0\" data-image-meta=\"{&quot;aperture&quot;:&quot;0&quot;,&quot;credit&quot;:&quot;&quot;,&quot;camera&quot;:&quot;&quot;,&quot;caption&quot;:&quot;&quot;,&quot;created_timestamp&quot;:&quot;0&quot;,&quot;copyright&quot;:&quot;&quot;,&quot;focal_length&quot;:&quot;0&quot;,&quot;iso&quot;:&quot;0&quot;,&quot;shutter_speed&quot;:&quot;0&quot;,&quot;title&quot;:&quot;&quot;,&quot;orientation&quot;:&quot;0&quot;}\" data-image-title=\"pdf_icon_16\" data-image-description=\"\" data-image-caption=\"\" data-large-file=\"https:\/\/i0.wp.com\/www.freidenker.org\/fw17\/wp-content\/uploads\/2017\/10\/pdf_icon-e1509487447542.png?fit=16%2C16&amp;ssl=1\" class=\"alignnone size-full wp-image-1072\" src=\"https:\/\/i0.wp.com\/www.freidenker.org\/fw17\/wp-content\/uploads\/2017\/10\/pdf_icon-e1509487447542.png?resize=16%2C16&#038;ssl=1\" alt=\"\" width=\"16\" height=\"16\" \/> <a href=\"#downloads\">zum Download<\/a><\/span><\/p>\n<p><span style=\"font-size: 10pt;\">\u2193 <a href=\"#bestellung\">zur Bestellung<\/a><\/span><\/p>\n<p>&nbsp;<\/p>\n<h5>F\u00fcr Frieden, gegen Faschismus und Krieg:<\/h5>\n<h3>Arbeit, Heizung, Brot und ein bezahlbares Leben!<\/h3>\n<h5>\u00a0Deutschland wird an die Wand gefahren<\/h5>\n<p>\u201eDie d\u00fcmmste Regierung in Europa\u201c (Sahra Wagenknecht) verfolgt verbissen ihre wahnhafte Idee, gegen unseren wichtigsten Energielieferanten einen Wirtschaftskrieg zu f\u00fchren. Industrie und private Verbraucher haben jahrzehntelang von preiswerter russischer Energie profitiert, die \u00fcber Pipelines importiert wurde. Ein guter Teil des Wohlstandes beruhte auf diesem energetischen Wettbewerbsvorteil.<\/p>\n<p>Die Selbstmord-Sanktionen gegen \u00d6l und Gas, andere existenziell wichtige Rohstoffe und industrielle Halbwaren aus Russland f\u00fchren zu einer unvorstellbaren Deindustrialisierung. Ein Beispiel von vielen: BASF k\u00fcndigte an, wegen steigender Energiepreise die Produktion in Deutschland dauerhaft zur\u00fcckzufahren und in China zu expandieren.<\/p>\n<h5>Washington befiehl \u2026<\/h5>\n<p>Auf Gehei\u00df und im strategischen Interesse der USA zerst\u00f6rt die Bundesregierung die Zukunft der Menschen und die industrielle Basis des Landes, dessen \u201eNutzen\u201c sie laut Amtseid \u201emehren\u201c sollte. Sie jubelt \u00fcber die \u201eUnabh\u00e4ngigkeit von russischer Energie\u201c und begibt sich in die Abh\u00e4ngigkeit von umweltsch\u00e4dlichem Fracking-Gas aus den USA, das nur den halben Brennwert hat, aber das Dreifache kostet.<\/p>\n<p>Die gl\u00e4nzende Gesch\u00e4ftsidee: Europa zu aggressiven Ma\u00dfnahmen gegen Russland dr\u00e4ngen, um dann die Energieknappheit zu nutzen, um mit dem teuren Verkauf von Gas und \u00d6l viel Geld zu verdienen. Die USA sind einziger Gewinner dieser Katastrophenpolitik.<\/p>\n<p>Bundeskanzler Scholz durfte sich im Februar 2022 in Washington von Pr\u00e4sident Biden anh\u00f6ren, dass die USA \u201eNord Stream 2 ein Ende setzen\u201c werden, \u201eich verspreche Ihnen, dass wir in der Lage sein werden, dies zu tun.\u201c<\/p>\n<p>Nach den Pipeline-Anschl\u00e4gen haben zun\u00e4chst alle Medien wie im Traum \u201ePutin wars\u201c aufgesagt, nach weiteren Ermittlungen h\u00fcllt sich die Regierung in Schweigen: Geheimhaltungsinteresse! Ein Kriegsakt durch Verb\u00fcndete? Undenkbar!<\/p>\n<p>Bemerkenswert, was der Kanzler drei Monate vor der Verh\u00e4ngung der EU-Sanktionen und zwei Monate vor Russlands Eingreifen in den Krieg vorausgesehen haben will: \u201eSchon im vergangenen Dezember haben wir uns mit der Frage auseinandergesetzt, wie wir im Fall der F\u00e4lle die Energieversorgung unseres Landes sicherstellen k\u00f6nnen.&#8220;<\/p>\n<p>Nachdem sich unser oberster Befehlsempf\u00e4nger Scholz in Washington Bidens Prophezeiung \u00fcber Nord Stream angeh\u00f6rt hat, kommentierte die ARD-Tagesschau trocken: \u201eDie USA fordern die klare Zusage, dass Solidarit\u00e4t \u00fcber deutsche Wirtschaftsinteressen geht.\u201c Das scheint f\u00fcr deutsches Regierungspersonal eine Selbstverst\u00e4ndlichkeit zu sein.<\/p>\n<p>Dann versteigen sie sich zu der Unversch\u00e4mtheit, ihre selbst herbeigef\u00fchrte Energiekrise auch noch als eine \u201eChance f\u00fcrs Klima\u201c auszugeben. Der kostenbedingte R\u00fcckgang des Gas- und Stromverbrauchs f\u00fchrt zur Deindustrialisierung, zu Rezession und Inflation, zur Gefahr des Stromnetz-Zusammenbruchs, zu Wohlstandsverlusten, Vernichtung mittelst\u00e4ndischer Existenzen und der Verarmung breiter Bev\u00f6lkerungsschichten.<\/p>\n<p>Deutschlands \u201eKlima-Au\u00dfenministerin\u201c und der Kinderbuchautor als Wirtschaftsminister sind dabei, ihr erkl\u00e4rtes Ziel \u201ein Europa die F\u00fchrung zu \u00fcbernehmen\u201c, zu erreichen: Bei der rasanten Fahrt in den Abgrund. Eine \u201edienende F\u00fchrungsrolle\u201c, wie Habeck in den USA fabulierte.<\/p>\n<h5>Baerbock: gebildeter als vermutet<\/h5>\n<p>Nachdem die Begnadete schon \u00fcber \u201eKobold\u201c in E-Batterien und \u201eL\u00e4nder, die Hunderttausende Kilometer entfernt liegen\u201c zu berichten wusste, \u00fcberraschte sie jetzt mit Geschichtskenntnis, indem sie einen klassischen Ausspruch zum Verh\u00e4ltnis mit Russland aktualisierte: Deutschlands Sanktionen \u201ewerden dazu beitragen, Russland derart zu sch\u00e4digen, dass es volkswirtschaftlich jahrelang nicht mehr auf die Beine kommt.\u201c<\/p>\n<p>Das historische Original: \u201eWir m\u00fcssen eventuell dem Russen so viel Blut abzapfen, da\u00df derselbe sich nicht erleichtert f\u00fchlt, sondern 25 Jahre au\u00dferstande ist, auf den Beinen zu stehen.\u201c (Bernhard von B\u00fclow, 1887)<\/p>\n<p>Als Zugabe der bekannteste Baerbock: \u201eRussland ruinieren!\u201c In der Version des \u201eChefdiplomaten\u201c der EU, Josep Borrell: \u201eDieser Krieg wird auf dem Schlachtfeld gewonnen werden.\u201c<\/p>\n<p>Roderich Kiesewetter von der \u201eoppositionellen\u201c CDU tr\u00e4umt von Rache f\u00fcr die Befreiung vom Faschismus: \u201eDass Russland verliert, hei\u00dft: Russland muss sich zur\u00fcckziehen, muss verlie\u00adren lernen wie Deutschland 1945. Es muss Reparationen zahlen und Kriegsverbrecher an ein internationales Tribunal \u00fcberstellen.\u201c<\/p>\n<p>Diese Tr\u00e4ume sind zwar aktuell, aber nicht neu. \u201eMitteleuropa-Stratege\u201c Paul Rohrbach 1916: \u201eWer Kiew hat, kann Ru\u00dfland zwingen, alles gro\u00dfe Leben in Ru\u00dfland mu\u00df versiegen, wenn ein Feind die Ukraina packt.\u201c<\/p>\n<p>US-Sicherheitsberater Zbigniew Brzezi\u0144ski aktualisierte 1997 diese Worte so: \u201eDie Ukraine, ein neuer und wichtiger Platz auf dem eurasischen Schachbrett, ist ein geopolitischer Dreh- und Angelpunkt, ohne die Ukraine h\u00f6rt Russland auf, ein eurasisches Imperium zu sein.\u201c<\/p>\n<p>Der STRATFOR-Denkfabrik-Chef George Friedman 2015: \u201eWird der Westen so weit in die Ukraine vordringen, dass er nur noch 100 km von Stalingrad und 500 Km von Moskau entfernt ist? F\u00fcr Russland ist der Status der Ukraine eine existenzielle Bedrohung.\u201c<\/p>\n<h5>Deutsche Panzer f\u00fcr den Endsieg<\/h5>\n<p>Die Politik des Westens zielt auf die Zerschlagung der russischen Staatlichkeit, den ungehinderten Zugriff auf Rohstoffe und die Nutzung des Territoriums als Aufmarschbasis gegen die VR China.<\/p>\n<p>Deshalb war in der Ukraine Frieden nie eine Option, es ging darum, Zeit zu schinden, um Kiew auf einen Krieg gegen Russland vorzubereiten: \u201eDas Minsker Abkommen war der Versuch, der Ukraine Zeit zu geben. Sie hat diese Zeit auch genutzt, um st\u00e4rker zu werden, wie man heute sieht,\u201c gab Merkel im Dezember 2022 (<em>Spiegel\/Die Zeit<\/em>) zu Protokoll und Fran\u00ad\u00e7ois Hollande best\u00e4tigt sie.<\/p>\n<p>Seit 2014 baut die NATO die ukrainische Armee auf, seit 2015 bildet die Special Activities Division (SAD) der CIA ukrainische Eliteeinheiten aus, seit 2016 nehmen ukrainische Streitkr\u00e4fte an NATO-\u00dcbungen teil, 2021 beschloss Kiew den st\u00e4ndigen Aufenthalt von 2000 NATO-Milit\u00e4rs im Land, 2022 beschloss die EU ein \u201eAusbildungsprogramm\u201c f\u00fcr 15.000 ukrainische Soldaten.<\/p>\n<p>2022 hat die Bundesregierung Waffen im Wert von 2,24 Mrd. Euro an die Ukraine geliefert, 2023 sollen 40 Marder-Panzer und das Raketenabwehrsystem Patriot folgen. Die Ausbildung an diesen Waffen findet in Deutschland statt, wodurch wir lt. Wissenschaftlichem Dienst des Bundestages Kriegspartei sind.<\/p>\n<p>F\u00fcr die \u201enukleare Teilhabe\u201c werden 35 F 35 Kampfbomber f\u00fcr 10 Mrd. Euro beschafft, die US-Atombomben ins \u201eZiel\u201c fliegen k\u00f6nnen. Damit verst\u00f6\u00dft Deutschland permanent gegen den Zwei-Plus-Vier-Vertrag, nach dem Verpflichtungen aus dem Vertrag \u00fcber die Nichtverbreitung von Kernwaffen vom 1. Juli 1968 f\u00fcr das vereinte Deutschland fortgelten.<\/p>\n<h5>Um \u201eunsere Werte\u201c<\/h5>\n<p>USA und NATO, EU und deutsche Staatspropaganda gehen schweigend dar\u00fcber hinweg, dass in der Ukraine Denkm\u00e4ler f\u00fcr Antifaschisten beseitigt, Stra\u00dfen nach Nazi-Kollaborateuren umbenannt und diese als Nationalhelden gefeiert werden. Sie schweigen zur Diskriminierung der russisch-, ungarisch- und rum\u00e4nischsprachigen Minderheiten, zum Parteiverbot der Kommunisten und inzwischen aller Oppositionsparteien, zum Verbot russischer und jetzt auch aller anderen oppositionellen Medien.<\/p>\n<p>Die EU folgt selbst dem Nazi-Kurs, indem sie rechtswidrig die russischen Medien verbietet, und das EU-Parlament beschlie\u00dft, dass die Sowjetunion am Beginn des 2. Weltkriegs mindesten so schuldig sei wie Nazi-Deutschland.<\/p>\n<p>Inzwischen versch\u00e4rfte der Bundestag klammheimlich den \u201eVolksverhetzungs\u201c-Strafparagraf. Die Anti-Russenhetze bleibt erlaubt, aber Widerspruch und jede Abweichung vom NATO-Kurs kann bestraft werden. Dazu hat der Bundestag auf ukrainischen Wunsch und in Nazitradition die Hungersnot in der Sowjetunion als \u201eV\u00f6lkermord\u201c an der Ukraine deklariert. Die faschistische Blockade zum Aushungern Leningrads, die Niederschlagung des Warschauer Aufstands gelten aber nicht als V\u00f6lkermord.<\/p>\n<p>Nach dem Muster \u201eaggressiv nach au\u00dfen, re\u00adpressiv nach innen\u201c erleben wir den Abbau demokratischer Freiheit \u00fcber die \u201emarktgerechte Demokratie\u201c hin zum autorit\u00e4ren Kapitalismus. Die Abl\u00f6sung der b\u00fcrgerlichen parlamentarischen Demokratie durch den autorit\u00e4ren Ma\u00dfnahmenstaat ist ein Kennzeichen des Faschismus. Das Regieren der Exekutive mit willk\u00fcrlichen Erm\u00e4chtigungen und Verordnungen wur\u00adde durch den \u201eKlimanotstand\u201c salonf\u00e4hig gemacht, mit dem \u201eCorona\u201c-Ausnahmezustand einge\u00fcbt, und nun durch Habecks Verelendungs-Verordnungen auf die volksfeindliche Spitze getrieben.<\/p>\n<p>Speerspitze der versch\u00e4rften Faschisierungs- und Kriegspolitik in Deutschland ist die rechtsextreme GR\u00dcNE Partei. Die NATO braucht den Faschismus zur Durchsetzung ihrer Kriegspolitik und ihres Kolonialismus. Aktuell verdichtet sich Antifaschismus in den Forderungen:<\/p>\n<ul>\n<li><strong>Energiepreise und Inflation stoppen!<\/strong><\/li>\n<li><strong>Schluss mit dem Wirtschaftskrieg und allen Sanktionen gegen Russland!<\/strong><\/li>\n<li><strong>Nord Stream 2 und Drushba ans Netz!<\/strong><\/li>\n<li><strong>Frieden mit Russland und China!<\/strong><\/li>\n<\/ul>\n<hr \/>\n<h5><a id=\"downloads\"><\/a>Downloads<\/h5>\n<p><img data-recalc-dims=\"1\" loading=\"lazy\" decoding=\"async\" data-attachment-id=\"1076\" data-permalink=\"https:\/\/www.freidenker.org\/?attachment_id=1076\" data-orig-file=\"https:\/\/i0.wp.com\/www.freidenker.org\/fw17\/wp-content\/uploads\/2017\/10\/pdf_icon-2.png?fit=32%2C32&amp;ssl=1\" data-orig-size=\"32,32\" data-comments-opened=\"0\" data-image-meta=\"{&quot;aperture&quot;:&quot;0&quot;,&quot;credit&quot;:&quot;&quot;,&quot;camera&quot;:&quot;&quot;,&quot;caption&quot;:&quot;&quot;,&quot;created_timestamp&quot;:&quot;0&quot;,&quot;copyright&quot;:&quot;&quot;,&quot;focal_length&quot;:&quot;0&quot;,&quot;iso&quot;:&quot;0&quot;,&quot;shutter_speed&quot;:&quot;0&quot;,&quot;title&quot;:&quot;&quot;,&quot;orientation&quot;:&quot;0&quot;}\" data-image-title=\"pdf_icon\" data-image-description=\"\" data-image-caption=\"\" data-large-file=\"https:\/\/i0.wp.com\/www.freidenker.org\/fw17\/wp-content\/uploads\/2017\/10\/pdf_icon-2.png?fit=32%2C32&amp;ssl=1\" class=\"alignnone size-full wp-image-1076\" src=\"https:\/\/i0.wp.com\/www.freidenker.org\/fw17\/wp-content\/uploads\/2017\/10\/pdf_icon-2.png?resize=32%2C32&#038;ssl=1\" alt=\"\" width=\"32\" height=\"32\" \/> Faltblatt: <strong><a href=\"https:\/\/www.freidenker.org\/fw17\/wp-content\/uploads\/2023\/01\/221215-Ukr-Flyer_v09_rlx_A5.pdf\" target=\"_blank\" rel=\"noopener\">Arbeit, Heizung, Brot und ein bezahlbares Leben!<\/a><\/strong>\u00a0 (PDF-Dokument, <strong>4 Seiten A5<\/strong>, ca. 529 KB)<\/p>\n<p><img data-recalc-dims=\"1\" loading=\"lazy\" decoding=\"async\" data-attachment-id=\"1076\" data-permalink=\"https:\/\/www.freidenker.org\/?attachment_id=1076\" data-orig-file=\"https:\/\/i0.wp.com\/www.freidenker.org\/fw17\/wp-content\/uploads\/2017\/10\/pdf_icon-2.png?fit=32%2C32&amp;ssl=1\" data-orig-size=\"32,32\" data-comments-opened=\"0\" data-image-meta=\"{&quot;aperture&quot;:&quot;0&quot;,&quot;credit&quot;:&quot;&quot;,&quot;camera&quot;:&quot;&quot;,&quot;caption&quot;:&quot;&quot;,&quot;created_timestamp&quot;:&quot;0&quot;,&quot;copyright&quot;:&quot;&quot;,&quot;focal_length&quot;:&quot;0&quot;,&quot;iso&quot;:&quot;0&quot;,&quot;shutter_speed&quot;:&quot;0&quot;,&quot;title&quot;:&quot;&quot;,&quot;orientation&quot;:&quot;0&quot;}\" data-image-title=\"pdf_icon\" data-image-description=\"\" data-image-caption=\"\" data-large-file=\"https:\/\/i0.wp.com\/www.freidenker.org\/fw17\/wp-content\/uploads\/2017\/10\/pdf_icon-2.png?fit=32%2C32&amp;ssl=1\" class=\"alignnone size-full wp-image-1076\" src=\"https:\/\/i0.wp.com\/www.freidenker.org\/fw17\/wp-content\/uploads\/2017\/10\/pdf_icon-2.png?resize=32%2C32&#038;ssl=1\" alt=\"\" width=\"32\" height=\"32\" \/> Faltblatt: <strong><a href=\"https:\/\/www.freidenker.org\/fw17\/wp-content\/uploads\/2023\/01\/221215-Ukr-Flyer_v09_rlx.pdf\" target=\"_blank\" rel=\"noopener\">Arbeit, Heizung, Brot und ein bezahlbares Leben!\u00a0<\/a><\/strong> (PDF-Dokument, <strong>2 Seiten A4,<\/strong> ca. 348 KB. <strong>Dokument kann doppelseitig ausgedruckt und gefaltet werden<\/strong>)<\/p>\n<hr \/>\n<h5><a id=\"bestellung\"><\/a>Bestellung<\/h5>\n<p>Das Faltblatt in gedruckter Form (Glanzpapier, A5) kann gegen Portoerstattung bestellt werden bei:<\/p>\n<p><strong>Deutscher Freidenker-Verband<\/strong><br \/>\n<strong>Schillstr. 7<\/strong><br \/>\n<strong>63067 Offenbach am Main<\/strong><\/p>\n<p>bzw. per E-Mail an:<strong>\u00a0<a href=\"mailto:vorstand@freidenker.de\">vorstand@freidenker.de<\/a><\/strong><\/p>\n<p><strong>Bankverbindung<\/strong>: Deutscher Freidenker-Verband<br \/>\nIBAN: DE45 7015 0000 0045 1070 75 \u2013 BIC: SSKMDEMM \u2013 Bankinstitut: Stadtsparkasse M\u00fcnchen<\/p>\n<p><strong>Geld bitte erst nach Best\u00e4tigung des Bestelleinganges \u00fcberweisen!<\/strong><\/p>\n<hr \/>\n<p>&nbsp;<\/p>\n<p>&nbsp;<\/p>\n<p>&nbsp;<\/p>\n","protected":false},"excerpt":{"rendered":"<p>Der Deutsche Freidenker-Verband hat ein <b>aktuelles Faltblatt<\/b> herausgegeben. Wir ver\u00f6ffentlichen hier den Text und bieten das gesamte Faltblatt zum Download an.<br \/>\nDeutschland wird an die Wand gefahren. \u201eDie d\u00fcmmste Regierung in Europa\u201c (Sahra Wagenknecht) verfolgt verbissen ihre wahnhafte Idee, gegen unseren wichtigsten Energielieferanten einen Wirtschaftskrieg zu f\u00fchren. Industrie und private Verbraucher haben jahrzehntelang von preiswerter russischer Energie profitiert, die \u00fcber Pipelines importiert wurde. Ein guter Teil des Wohlstandes beruhte auf diesem energetischen Wettbewerbsvorteil. Die Selbstmord-Sanktionen gegen \u00d6l und Gas, andere existenziell wichtige Rohstoffe und industrielle Halbwaren aus Russland f\u00fchren zu einer unvorstellbaren Deindustrialisierung. <\/p>\n","protected":false},"author":3,"featured_media":15060,"comment_status":"closed","ping_status":"closed","sticky":false,"template":"","format":"standard","meta":{"colormag_page_container_layout":"default_layout","colormag_page_sidebar_layout":"default_layout","advanced_seo_description":"","jetpack_seo_html_title":"","jetpack_seo_noindex":false,"jetpack_post_was_ever_published":false,"footnotes":""},"categories":[11,12],"tags":[413,1642,1593,224,1443,84,1317,719,1606],"class_list":["post-15050","post","type-post","status-publish","format-standard","has-post-thumbnail","hentry","category-arbeit-soziales","category-demokratie-medien-aufklaerung","tag-china","tag-deindustrialisierung","tag-energiekrise","tag-frieden-mit-russland","tag-inflation","tag-klima","tag-nord-stream","tag-sanktionen","tag-wirtschaftskrieg"],"jetpack_featured_media_url":"https:\/\/i0.wp.com\/www.freidenker.org\/fw17\/wp-content\/uploads\/2023\/01\/arbeit-heizung-brot_800x450-1.jpg?fit=800%2C450&ssl=1","jetpack_shortlink":"https:\/\/wp.me\/p9stpK-3UK","jetpack-related-posts":[{"id":12595,"url":"https:\/\/www.freidenker.org\/?p=12595","url_meta":{"origin":15050,"position":0},"title":"Freidenker zu den Osterm\u00e4rschen 2022","author":"Webredaktion","date":"10. April 2022","format":false,"excerpt":"Anl\u00e4sslich der bevorstehenden Osterm\u00e4rsche hat der Deutsche Freidenker-Verband ein Faltblatt herausgegeben. Wir ver\u00f6ffentlichen hier den einleitenden Text und bieten das gesamte Faltblatt zum Download an. Ukraine: Nein zu Faschismus und Krieg Wann begann der Krieg in der Ukraine? Von \u201eQualit\u00e4tsmedien\u201c und NATO-Politikern, selbst aus der Friedensbewegung h\u00f6ren wir von einem\u2026","rel":"","context":"In &quot;Frieden - Antifaschismus - Solidarit\u00e4t&quot;","block_context":{"text":"Frieden - Antifaschismus - Solidarit\u00e4t","link":"https:\/\/www.freidenker.org\/?cat=13"},"img":{"alt_text":"","src":"https:\/\/i0.wp.com\/www.freidenker.org\/fw17\/wp-content\/uploads\/2022\/04\/Faltblatt_grafik_800x450.jpg?fit=800%2C450&ssl=1&resize=350%2C200","width":350,"height":200,"srcset":"https:\/\/i0.wp.com\/www.freidenker.org\/fw17\/wp-content\/uploads\/2022\/04\/Faltblatt_grafik_800x450.jpg?fit=800%2C450&ssl=1&resize=350%2C200 1x, https:\/\/i0.wp.com\/www.freidenker.org\/fw17\/wp-content\/uploads\/2022\/04\/Faltblatt_grafik_800x450.jpg?fit=800%2C450&ssl=1&resize=525%2C300 1.5x, https:\/\/i0.wp.com\/www.freidenker.org\/fw17\/wp-content\/uploads\/2022\/04\/Faltblatt_grafik_800x450.jpg?fit=800%2C450&ssl=1&resize=700%2C400 2x"},"classes":[]},{"id":15244,"url":"https:\/\/www.freidenker.org\/?p=15244","url_meta":{"origin":15050,"position":1},"title":"Erkl\u00e4rung: Solidarit\u00e4t gegen Faschismus und Krieg","author":"Webredaktion","date":"15. Februar 2023","format":false,"excerpt":"In der gegenw\u00e4rtigen Zeit eskalieren unsere Regierenden ihre gef\u00e4hrliche Kriegs- und Konfrontationspolitik. Dagegen wehren sich immer mehr Menschen mit Aufrufen, Unterschriftensammlungen, Initiativen und Demonstrationen. Wir Freidenker erkl\u00e4ren unsere Solidarit\u00e4t mit allen, - die von den Vereinigten Staaten von Amerika verlangen, mit der Russischen F\u00f6deration \u00fcber eine neutrale Ukraine und gegenseitige\u2026","rel":"","context":"In &quot;Freidenker-Brief&quot;","block_context":{"text":"Freidenker-Brief","link":"https:\/\/www.freidenker.org\/?cat=341"},"img":{"alt_text":"","src":"https:\/\/i0.wp.com\/www.freidenker.org\/fw17\/wp-content\/uploads\/2023\/02\/Solidaritaet_gegen_Faschismus_und_Krieg_800x450.jpg?fit=800%2C450&ssl=1&resize=350%2C200","width":350,"height":200,"srcset":"https:\/\/i0.wp.com\/www.freidenker.org\/fw17\/wp-content\/uploads\/2023\/02\/Solidaritaet_gegen_Faschismus_und_Krieg_800x450.jpg?fit=800%2C450&ssl=1&resize=350%2C200 1x, https:\/\/i0.wp.com\/www.freidenker.org\/fw17\/wp-content\/uploads\/2023\/02\/Solidaritaet_gegen_Faschismus_und_Krieg_800x450.jpg?fit=800%2C450&ssl=1&resize=525%2C300 1.5x, https:\/\/i0.wp.com\/www.freidenker.org\/fw17\/wp-content\/uploads\/2023\/02\/Solidaritaet_gegen_Faschismus_und_Krieg_800x450.jpg?fit=800%2C450&ssl=1&resize=700%2C400 2x"},"classes":[]},{"id":17819,"url":"https:\/\/www.freidenker.org\/?p=17819","url_meta":{"origin":15050,"position":2},"title":"Faltblatt: \u201eWieder kriegst\u00fcchtig\u201c &#8211; oder kriegsgeil? Russland ist nicht unser Feind","author":"Webredaktion","date":"12. Januar 2024","format":false,"excerpt":"Faltblatt des Deutschen Freidenker-Verbandes \u201eWir m\u00fcssen kriegst\u00fcchtig werden und die Bundeswehr und die Gesellschaft daf\u00fcr aufstellen\u201c, so Bundeskriegsminister Boris Pistorius, damit meint er, au\u00dfer immer mehr Waffen: einen \u201eMentalit\u00e4tswechsel\u201c der Deutschen. Schluss also mit pazifistischen Tr\u00e4umen, mit \u201eFrieden schaffen ohne Waffen\u201c, dem friedlichen Zu\u00adsammenleben mit allen Nachbarn. Im Klartext: Schluss\u2026","rel":"","context":"In &quot;Frieden - Antifaschismus - Solidarit\u00e4t&quot;","block_context":{"text":"Frieden - Antifaschismus - Solidarit\u00e4t","link":"https:\/\/www.freidenker.org\/?cat=13"},"img":{"alt_text":"","src":"https:\/\/i0.wp.com\/www.freidenker.org\/fw17\/wp-content\/uploads\/2024\/09\/Faltblatt_kriegsgeil_2024-01_rev_800x450.jpg?fit=800%2C450&ssl=1&resize=350%2C200","width":350,"height":200,"srcset":"https:\/\/i0.wp.com\/www.freidenker.org\/fw17\/wp-content\/uploads\/2024\/09\/Faltblatt_kriegsgeil_2024-01_rev_800x450.jpg?fit=800%2C450&ssl=1&resize=350%2C200 1x, https:\/\/i0.wp.com\/www.freidenker.org\/fw17\/wp-content\/uploads\/2024\/09\/Faltblatt_kriegsgeil_2024-01_rev_800x450.jpg?fit=800%2C450&ssl=1&resize=525%2C300 1.5x, https:\/\/i0.wp.com\/www.freidenker.org\/fw17\/wp-content\/uploads\/2024\/09\/Faltblatt_kriegsgeil_2024-01_rev_800x450.jpg?fit=800%2C450&ssl=1&resize=700%2C400 2x"},"classes":[]},{"id":15703,"url":"https:\/\/www.freidenker.org\/?p=15703","url_meta":{"origin":15050,"position":3},"title":"Faltblatt: Russland ist nicht unser Feind \u2013 Keinen Euro f\u00fcr den Krieg!","author":"Webredaktion","date":"6. April 2023","format":false,"excerpt":"Faltblatt des Deutschen Freidenker-Verbandes Im Februar 2023 wurde in zahllosen Politiker\u00adreden und Medienberichten der Jahrestag des Kriegsbeginns in der Ukraine behandelt. Aber sie sprachen f\u00e4lschlich vom ersten Jahrestag und nicht davon, dass der Krieg bereits seit 2014 andauert. ... Im Regierungsauftrag tun die \u201eQualit\u00e4tsmedien\u201c alles, um die \u201eRuhe an der\u2026","rel":"","context":"In &quot;Frieden - Antifaschismus - Solidarit\u00e4t&quot;","block_context":{"text":"Frieden - Antifaschismus - Solidarit\u00e4t","link":"https:\/\/www.freidenker.org\/?cat=13"},"img":{"alt_text":"","src":"https:\/\/i0.wp.com\/www.freidenker.org\/fw17\/wp-content\/uploads\/2024\/09\/Faltblatt_keineneuro_2023-04_rev_800x450.jpg?fit=800%2C450&ssl=1&resize=350%2C200","width":350,"height":200,"srcset":"https:\/\/i0.wp.com\/www.freidenker.org\/fw17\/wp-content\/uploads\/2024\/09\/Faltblatt_keineneuro_2023-04_rev_800x450.jpg?fit=800%2C450&ssl=1&resize=350%2C200 1x, https:\/\/i0.wp.com\/www.freidenker.org\/fw17\/wp-content\/uploads\/2024\/09\/Faltblatt_keineneuro_2023-04_rev_800x450.jpg?fit=800%2C450&ssl=1&resize=525%2C300 1.5x, https:\/\/i0.wp.com\/www.freidenker.org\/fw17\/wp-content\/uploads\/2024\/09\/Faltblatt_keineneuro_2023-04_rev_800x450.jpg?fit=800%2C450&ssl=1&resize=700%2C400 2x"},"classes":[]},{"id":7695,"url":"https:\/\/www.freidenker.org\/?p=7695","url_meta":{"origin":15050,"position":4},"title":"Kriegsmoloch verbannen \u2013 damit von deutschem Boden nur Frieden ausgeht","author":"Webredaktion","date":"16. M\u00e4rz 2020","format":false,"excerpt":"Die K\u00fcndigung des Truppenstationierungsvertrags (NATO raus) und der Austritt aus der NATO (raus aus der NATO) lassen Kriegsman\u00f6ver wie \"Defender Europe 2020\" der Vergangenheit angeh\u00f6ren. Und f\u00fcr vieles andere, was die Friedensbewegung fordert, wird ein konkreter Weg Richtung Realisierung sichtbar. DIE LINKE im Bundestag hat das schon erkannt. Ihre Antr\u00e4ge\u2026","rel":"","context":"In &quot;Frieden - Antifaschismus - Solidarit\u00e4t&quot;","block_context":{"text":"Frieden - Antifaschismus - Solidarit\u00e4t","link":"https:\/\/www.freidenker.org\/?cat=13"},"img":{"alt_text":"","src":"https:\/\/i0.wp.com\/www.freidenker.org\/fw17\/wp-content\/uploads\/2020\/03\/faltblatt_nato-raus_2020_800x445.jpg?fit=800%2C445&ssl=1&resize=350%2C200","width":350,"height":200,"srcset":"https:\/\/i0.wp.com\/www.freidenker.org\/fw17\/wp-content\/uploads\/2020\/03\/faltblatt_nato-raus_2020_800x445.jpg?fit=800%2C445&ssl=1&resize=350%2C200 1x, https:\/\/i0.wp.com\/www.freidenker.org\/fw17\/wp-content\/uploads\/2020\/03\/faltblatt_nato-raus_2020_800x445.jpg?fit=800%2C445&ssl=1&resize=525%2C300 1.5x, https:\/\/i0.wp.com\/www.freidenker.org\/fw17\/wp-content\/uploads\/2020\/03\/faltblatt_nato-raus_2020_800x445.jpg?fit=800%2C445&ssl=1&resize=700%2C400 2x"},"classes":[]},{"id":21513,"url":"https:\/\/www.freidenker.org\/?p=21513","url_meta":{"origin":15050,"position":5},"title":"Faltblatt: \u201eKriegst\u00fcchtig\u201c mit 1.000.000.000.000 \u20ac Kriegskrediten? Frieden mit Russland!","author":"Webredaktion","date":"17. April 2025","format":false,"excerpt":"Faltblatt des Deutschen Freidenker-Verbandes Unser letztes Faltblatt \u201eWieder kriegst\u00fcchtig\u201c - oder kriegsgeil? vom Januar 2024 hat gro\u00dfen Zuspruch gefunden und ist nunmehr vergriffen. Anl\u00e4sslich der Osterm\u00e4rsche 2025 haben wir uns entschlossen, ein neues Faltblatt herauszugeben. Wir ver\u00f6ffentlichen hier den Text und bieten wieder das gesamte Faltblatt zum Download an. Au\u00dferdem\u2026","rel":"","context":"In &quot;Aktuelles&quot;","block_context":{"text":"Aktuelles","link":"https:\/\/www.freidenker.org\/?cat=574"},"img":{"alt_text":"","src":"https:\/\/i0.wp.com\/www.freidenker.org\/fw17\/wp-content\/uploads\/2025\/04\/Kriegstuechtig_Faltblatt_800x450.jpg?fit=800%2C450&ssl=1&resize=350%2C200","width":350,"height":200,"srcset":"https:\/\/i0.wp.com\/www.freidenker.org\/fw17\/wp-content\/uploads\/2025\/04\/Kriegstuechtig_Faltblatt_800x450.jpg?fit=800%2C450&ssl=1&resize=350%2C200 1x, https:\/\/i0.wp.com\/www.freidenker.org\/fw17\/wp-content\/uploads\/2025\/04\/Kriegstuechtig_Faltblatt_800x450.jpg?fit=800%2C450&ssl=1&resize=525%2C300 1.5x, https:\/\/i0.wp.com\/www.freidenker.org\/fw17\/wp-content\/uploads\/2025\/04\/Kriegstuechtig_Faltblatt_800x450.jpg?fit=800%2C450&ssl=1&resize=700%2C400 2x"},"classes":[]}],"_links":{"self":[{"href":"https:\/\/www.freidenker.org\/index.php?rest_route=\/wp\/v2\/posts\/15050","targetHints":{"allow":["GET"]}}],"collection":[{"href":"https:\/\/www.freidenker.org\/index.php?rest_route=\/wp\/v2\/posts"}],"about":[{"href":"https:\/\/www.freidenker.org\/index.php?rest_route=\/wp\/v2\/types\/post"}],"author":[{"embeddable":true,"href":"https:\/\/www.freidenker.org\/index.php?rest_route=\/wp\/v2\/users\/3"}],"replies":[{"embeddable":true,"href":"https:\/\/www.freidenker.org\/index.php?rest_route=%2Fwp%2Fv2%2Fcomments&post=15050"}],"version-history":[{"count":0,"href":"https:\/\/www.freidenker.org\/index.php?rest_route=\/wp\/v2\/posts\/15050\/revisions"}],"wp:featuredmedia":[{"embeddable":true,"href":"https:\/\/www.freidenker.org\/index.php?rest_route=\/wp\/v2\/media\/15060"}],"wp:attachment":[{"href":"https:\/\/www.freidenker.org\/index.php?rest_route=%2Fwp%2Fv2%2Fmedia&parent=15050"}],"wp:term":[{"taxonomy":"category","embeddable":true,"href":"https:\/\/www.freidenker.org\/index.php?rest_route=%2Fwp%2Fv2%2Fcategories&post=15050"},{"taxonomy":"post_tag","embeddable":true,"href":"https:\/\/www.freidenker.org\/index.php?rest_route=%2Fwp%2Fv2%2Ftags&post=15050"}],"curies":[{"name":"wp","href":"https:\/\/api.w.org\/{rel}","templated":true}]}}