{"id":15046,"date":"2023-01-22T15:45:12","date_gmt":"2023-01-22T14:45:12","guid":{"rendered":"https:\/\/www.freidenker.org\/?p=15046"},"modified":"2023-02-06T02:54:53","modified_gmt":"2023-02-06T01:54:53","slug":"im-wuergegriff-der-kriegsprofiteure","status":"publish","type":"post","link":"https:\/\/www.freidenker.org\/?p=15046","title":{"rendered":"Im W\u00fcrgegriff der Kriegsprofiteure"},"content":{"rendered":"<p><strong>Kommentar vom Hochblauen<\/strong><\/p>\n<p><em>Von <strong>Evelyn Hecht-Galinski<\/strong><\/em><\/p>\n<p><span style=\"font-size: 10pt;\">Erstver\u00f6ffentlichung am 17.01.2023 im Blog <a href=\"http:\/\/sicht-vom-hochblauen.de\/fehlschlag-zeitenwende-von-evelyn-hecht-galinski-kommentar-vom-hochblauen\/\" target=\"_blank\" rel=\"noopener\">Sicht vom Hochblauen<\/a><\/span><\/p>\n<p>Nach der t\u00e4glichen Berieselung mit st\u00e4ndiger anti-russischer Agitation, einseitig \u00fcbernommener Ukraine-Propaganda sowie die t\u00e4glichen-allabendlichen Selenskyj-Videobotschaften und Zuschaltungen aller Orten \u2013 wie aus einem schlechten Schmierentheater der gleichkommenden Frontnachrichten \u2013 geht es mir wahrscheinlich wie einem Gro\u00dfteil deutscher B\u00fcrger: Wir haben es satt! Inzwischen tritt auch noch Frau Selenskaja als Propagandabotschafterin auf, wie am Dienstag zum Auftakt des Weltwirtschaftsforums in Davos. Dort treffen sich Politik, Wirtschaft und Kapital, um die \u201erichtige Richtung\u201c zu bestimmen. Das gilt ebenso f\u00fcr die Waffenlieferungen aus der \u201eTierwelt\u201c. Diese Namen haben eine dunkle Vergangenheit, Leopard, Marder, Iltis, Fuchs \u2013 deutsche Panzer haben stets Namen von Tieren, zumeist Raubtieren. Was zun\u00e4chst putzig klingt, hat seine Wurzeln in der Nazizeit, als die Wehrmacht darauf zielte, Waffen im Volk popul\u00e4r zu machen.<\/p>\n<h5>Fatale \u201eWerte-\u201cwestliche Kriegsrhetorik per gleichgeschalteter Medien<\/h5>\n<p>Erleben wir jetzt nicht fast das Gleiche? Die Unterst\u00fctzung der NATO, die transatlantische Vasallenanbiederung, den Russlandhass sowie die Verunglimpfung Andersdenkender, die es wagen, f\u00fcr einen gerechten Frieden mit Russland und seine legitimen Sicherheitsinteressen einzustehen gegen die fatale \u201eWerte-\u201cwestliche Kriegsrhetorik. Ich habe es auch satt, mit medialen Hasstiraden verfolgt zu werden, weil wir eben nicht der einseitigen Propaganda folgen, sondern es auch wagen, uns mit hervorragender internationaler Lekt\u00fcre \u201eintellektuell weiterzubilden\u201c, und zwar durch ausgezeichnete investigative Journalisten, an denen es in Deutschland inzwischen mangelt.<\/p>\n<p>Geballt von allen Seiten \u2013 und an vorderster Front von den deutschen Konzernmedien und dem Staatsfunk, die sich inzwischen mehr als Kriegsberichterstatter bet\u00e4tigen, anstatt die Leser, H\u00f6rer und Zuschauer mit exakten Nachrichten zu versorgen \u2013 gehen wir quasi in einen Rausch der Anti-Putin-Russophobie auf. Es ist erschreckend, was aus der Medienwelt geworden ist, als h\u00e4tte man aus dem Dritten Reich nichts gelernt. Denn die so genannte \u201evierte Gewalt\u201c hat abgedankt! Stattdessen dr\u00e4ngen sie geradezu kriegsgeil die Politiker, noch mehr Waffen und Panzer an die Ukraine zu liefern. Besonders emp\u00f6rend sind die Zwangsgeb\u00fchren f\u00fcr den Staatsfunk, der keine abweichende Meinung mehr duldet und anscheinend einen \u201eUmerziehungsauftrag\u201c verfolgt! Viele Leser und TV-Zuschauer f\u00fchlen sich inzwischen so ins Abseits gedr\u00e4ngt, dass sie es aufgegeben haben und einfach abschalten und sich andernorts informieren.<\/p>\n<p>Diese gleichgeschalteten Medien und Journalisten bet\u00e4tigen sich als Brandbeschleuniger der Nation. Sie bestimmen den Kurs und treiben die Politiker zu immer neuen kriegerischen H\u00f6hen. Sie begleiten die Politiker auf ihren Auslandsreisen und berichten danach auftragsgem\u00e4\u00df, was man von ihnen erwartet. So sind sie mit ihren Schlagzeilen und Propagandam\u00e4rchen ebenso Profiteure des Krieges.<\/p>\n<h5>R\u00fcstung ohne R\u00fccksicht auf Verluste<\/h5>\n<p>Das alles veranlasste mich dazu, mich mit einem mir nicht nur fremden, sondern dazu noch gehassten Thema zu befassen, n\u00e4mlich mit unseren R\u00fcstungsetats und den Waffenprofiteuren, sowie den Energieprofiteuren. Ich suchte und fand nach einigen Recherchen einen sehr interessanten Report, den ich f\u00fcr sehr aufschlussreich halte, zeigt er doch den Wahnsinn, in dem wir inzwischen gelandet sind. Ohne R\u00fccksicht auf Verluste und eiskalt am B\u00fcrger vorbei wird weltweit so aufger\u00fcstet, und alle anderen Probleme und Fehlentwicklungen werden bei Seite geschoben. Nehmen wir nur das Gesundheitssystem, das \u201ekrank\u201c gespart wurde, um gierigen Aktienbesitzern Gewinne zu verschaffen, anstatt die Gelder f\u00fcr den Menschen einzusetzen. Zudem hat es Deutschland vers\u00e4umt, Personal, Pflegekr\u00e4fte sowohl im Krankenbereich als auch in der Altenpflege so angemessen zu bezahlen, dass es f\u00fcr sie an Attraktivit\u00e4t gewinnt.<\/p>\n<p>Die Rente scheint, wie es aussieht, auch nicht mehr so sicher zu sein. Auch hier hat sich der gut besoldete SPD-Arbeitsminister Heil schon aufs FDP \u201eLindnern\u201c und CDU \u201eBlackrock-Merzen\u201c eingelassen und schl\u00e4gt vor, die Rente durch unsichere Aktienfonds oder \u00e4hnliche dubiose Konstruktionen abzusichern. Anstatt endlich eine Einheitsrente anzugehen, in die alle Teile der Gesellschaft einbezahlen, auch Beamte und Abgeordnete, und die dann allen B\u00fcrgern zugute kommt. Auch der Wohnungsmarkt wurde ruiniert: von 400.000 versprochenen Wohnungen sind 20.000 realisiert. Was f\u00fcr eine desastr\u00f6se Bilanz, die sich fortsetzt in der Bahn, der gesamten Infrastruktur, dem Schulwesen und den Kitas, w\u00e4hrend die Energiewirtschaft mit \u201egr\u00fcnen\u201c Problemen zu k\u00e4mpfen hat und der Kunde mit unbezahlbaren Rechnungen. Ganz zu schweigen von der fehlenden Infrastruktur und dem Internet. Von beiden Trauerspielen kann ich ein Klagelied singen! Die Milliarden, die in die Ukraine gepumpt werden, fehlen hierzulande f\u00fcr die deutschen B\u00fcrger, denn die Priorit\u00e4t der Ampel ist nicht das Wohlergehen der deutschen B\u00fcrger, sondern die Kriegsverl\u00e4ngerung in der Ukraine.<\/p>\n<p>Die \u201eF\u00fchrungsnation\u201c Deutschland gleicht in vielen Sachen einem Entwicklungsland. Diese innerdeutschen Probleme sind inzwischen der \u201efeministischen\u201c Au\u00dfenpolitik untergeordnet und vor allen Dingen den Hauptprofiteuren, den Waffenlieferanten. Diese sind inzwischen zum wichtigsten Faktor deutscher und europ\u00e4ischer Politik geworden. Eine robuste Distanz zur R\u00fcstungsindustrie w\u00e4re n\u00f6tig. Dieser mehr als kritikw\u00fcrdige Tatbestand veranlasste mich zu suchen, bis ich f\u00fcndig wurde. Hier also das spannende und ern\u00fcchternde Ergebnis. Bitte erschrecken sie nicht, ob der F\u00fclle der Informationen! Sie beweist doch nur, dass wir im W\u00fcrgegriff der Kriegsprofiteure sind.<\/p>\n<h5>Eine neue \u00c4ra \u201cZeitenwende\u201d<\/h5>\n<p>Am 27. Februar 2022 k\u00fcndigte der deutsche Bundeskanzler Olaf Scholz an, dass der Verteidigungshaushalt des Landes auf mehr als 2 % des BIP erh\u00f6ht und 100 Milliarden Euro in einen einmaligen Sonderfonds f\u00fcr die Streitkr\u00e4fte investiert werden. Die Ank\u00fcndigung fand \u00fcberw\u00e4ltigende partei\u00fcbergreifende Unterst\u00fctzung und stehende Ovationen im Parlament. Die Entscheidung bedeutet, dass der regul\u00e4re deutsche Verteidigungshaushalt \u2013 ohne den Sonderfonds \u2013 f\u00fcr das Jahr 2022 auf mehr als 50 Milliarden Euro erh\u00f6ht wird \u2013 3,5 Milliarden Euro mehr als 2021. Rund 10 Milliarden Euro sind vorgesehen f\u00fcr Investitionen in Waffen und milit\u00e4rische Ausr\u00fcstung, was direkt den R\u00fcstungsunternehmen zugute kommt. Da die 100 Mrd. Euro \u00fcber einen Sonderfonds finanziert werden, der zus\u00e4tzliche Schulden macht, ist daf\u00fcr eine Verfassungs\u00e4nderung n\u00f6tig, die mit einer Zweidrittelmehrheit im Parlament beschlossen werden muss. Die Abstimmung fand Anfang Juni statt und wurde mit gro\u00dfer Mehrheit angenommen.<\/p>\n<p>Deutsche und internationale R\u00fcstungskonzerne dr\u00e4ngen seit langem, die Milit\u00e4rausgaben zu erh\u00f6hen. Laut dem Lobbyregister des Deutschen Bundestages profitieren viele der Unternehmen, die jetzt von der Erh\u00f6hung des deutschen R\u00fcstungshaushalt \u2013 darunter Airbus, Hensoldt, Krauss-Maffei Wegmann (KMW), Leonardo, Lockheed Martin, Rheinmetall und ThyssenKrupp. Sie haben zusammen fast 12 Millionen Euro pro Jahr f\u00fcr Lobbyarbeit bei Parlamentariern ausgegeben. Das Ergebnis erleben wir t\u00e4glich, indem deutsche Politiker aller Parteien sich \u00fcberholen in immer neuen Forderungen von Waffen und Panzerlieferungen an die Ukraine.<\/p>\n<p>An f\u00fchrender Stelle sind \u2013 hier nur als kleiner Ausschnitt der inzwischen kaum zu z\u00e4hlenden \u2013 Ukraine-Waffen-Kriegstreiber wie die FDP-Politikerin Marie-Agnes Strack-Zimmermann. Sie ist Mitglied des FDP-Bundesvorstandes und des Vorstands der FDP-Bundestagsfraktion.\u00a0 Seit der Bundestagswahl 2017 ist sie Mitglied des Deutschen Bundestages. Sie ist seit 2021 Vorsitzende des Verteidigungsausschusses \u00a0und trommelt ununterbrochen f\u00fcr die Lieferung schwerer Waffen an die Ukraine.<\/p>\n<h5>Transatlantische \u201cStreubombe\u201d einer pathologischen Russophobie<\/h5>\n<p>Von den Gr\u00fcnen nat\u00fcrlich Hofreiter, der \u201eBauer\u201c, der zum Milit\u00e4rexperten avancierte und AA Baerbock, die nicht nur freundschaftliche Beziehungen zum ukrainischen Kollegen Kuleba unterh\u00e4lt und nichts unterl\u00e4sst, um den Kanzler zu \u00fcberzeugen, endlich die Leopard-Panzer zu liefern. Sie steht unverzagt an der Seite der Ukraine und tut alles daf\u00fcr, um Russland zu ruinieren. Sie reist unerm\u00fcdlich durch die Welt und l\u00e4sst nichts unversucht, um gute Bilder zu produzieren, die sie im vollen Glanz erstrahlen lassen sollen. Mit Glamour versucht sie, ihre Unbedarftheit zu vertuschen, was allerdings nur mehr als d\u00fcrftig gelingt. Zurzeit tourt sie zum Internationalen Gerichtshof in Den Haag, um Putin vor ein Sondertribunal zu stellen, da er angeblich das Recht mit F\u00fc\u00dfen tritt. \u201cStreubomben auf friedliche Zivilisten\u2026\u201c klagt Baerbock. W\u00e4hrend sie einseitig Russland mit Vorw\u00fcrfen und Beschuldigungen \u00fcbers\u00e4t, schweigt sie und verliert kein Wort \u00fcber die Kriegsverbrechen Israels, das schon seit Jahren eine Anklage vor dem ICC verdient h\u00e4tte. Baerbock ist lediglich die transatlantische \u201cStreubombe\u201d einer pathologischen Russophobie. Sie schadet Deutschland und \u00fcbertrifft damit ihren SPD-Vorg\u00e4nger, den \u201eAuschwitzminister\u201c Maas um L\u00e4ngen, was tats\u00e4chlich eine Leistung ist.<\/p>\n<p>Nur nebenbei erw\u00e4hnt. Ich erinnere mich noch zu gut daran, als Israel Streubomben im Libanon-Krieg 2006 eingesetzt hatte und ich die damalige SPD-Entwicklungsministerin Wieczorek Zeul, die diesen Abwurf zu Recht kritisiert hatte, gegen die sofort aufkommenden Antisemitismusvorw\u00fcrfe verteidigte. Sie war noch eine SPD-Ministerin mit Charakter, den man allerdings bei heutigen Ministern und der SPD vergeblich sucht. (2)<\/p>\n<p>Seit Beginn der \u201erussischen Spezialoperation\u201c gegen die Ukraine am 24. Februar 2022 haben die westlichen Regierungen eine nie dagewesene finanzielle und milit\u00e4rische Unterst\u00fctzung f\u00fcr die Ukraine begonnen. Durch die Erh\u00f6hung der Milit\u00e4rausgaben und die Anh\u00e4ufung von Waffen soll die Verteidigungskapazit\u00e4t erh\u00f6ht werden und uns sicherer machen. Obwohl die westlichen Nationen bereits extrem \u00fcberbewaffnet sind. Wenn wir die Behauptung hinterfragen, dass der Militarismus uns sicherer macht, werden wir feststellen, dass er viel eher Spannungen und Angst sch\u00fcrt, Instabilit\u00e4t und Unsicherheit erzeugt und bewaffnete Konflikte provoziert. \u00d6ffentliche Gelder, die zur Bew\u00e4ltigung der Energiepreissteigerungen verwendet werden k\u00f6nnten, werden stattdessen in den Militarismus investiert. Auch die deutsche Regierung stellt die Interessen der Milit\u00e4rs \u00fcber die elementarsten Bed\u00fcrfnisse seiner B\u00fcrger.<\/p>\n<h5>NATO-Kriegspolitik: ein schrecklicher Irrweg<\/h5>\n<p>Die Botschaft der Ampel ist klar: Europa will eine starke R\u00fcstungsindustrie auf Kosten anderer sozialer Bereiche, die dringende finanzielle Unterst\u00fctzung ben\u00f6tigen. In einer Zeit, in der in ganz Europa die Lebenshaltungskosten exorbitant steigen und die Menschen kaum \u00fcber die Runden kommen, investieren die Regierungen besch\u00e4mende Summen an \u00f6ffentlichen Geldern in Militarismus und Kriegstreiberei. Seit Jahren warnen Friedensaktivisten und die Friedensbewegung vor den Gefahren des milit\u00e4risch-industriellen Industriekomplexes und weisen darauf hin, dass das Anheizen des Militarismus vor allem den Krieg anheizt. Und diejenigen, die unnachgiebig einen Waffenstillstand und Friedensverhandlungen fordern, werden als Teil des Problems gesehen und infam als \u201eLumpenpazifisten\u201c verspottet, oder als pro-russische Kriegsbef\u00fcrworter diffamiert.<\/p>\n<p>Die Zahlen und Fakten habe ich dem Report \u201eSmoke Screen. How states are using the war in Ukraine to drive a new arms race\u201c entnommen (1)<\/p>\n<p>Ganz oben auf der Agenda der NATO, vor allem auf Betreiben der USA, steht die Erh\u00f6hung der Milit\u00e4rausgaben und das Erreichen des 2 %-Ziels. Diese NATO-Kriegspolitik ist ein schrecklicher Irrweg, der in einen 3. Weltkrieg f\u00fchren k\u00f6nnte. Damit muss sofort Schluss sein! Es ist besch\u00e4mend, dass Klima-Aktivisten zwar im gro\u00dfen Stil demonstrieren, aber den schlimmsten Zerst\u00f6rer der Umwelt, n\u00e4mlich das Milit\u00e4r, und die gef\u00e4hrliche Kriegstreiberei gegen die Russische F\u00f6deration und die damit verbundene m\u00f6gliche Vernichtung Europas v\u00f6llig ignorieren! Wollen wir weiter im W\u00fcrgegriff der Kriegsprofiteure auf unseren Niedergang warten und unt\u00e4tig zusehen?<\/p>\n<p style=\"text-align: right;\"><em>Evelyn Hecht-Galinski ist Mitglied des Deutschen Freidenker-Verbandes<\/em><\/p>\n<p><strong>Fu\u00dfnoten:<\/strong><\/p>\n<p><strong>(1)<\/strong> <a href=\"https:\/\/www.tni.org\/files\/publication-downloads\/smoke_screen_report_-_tni_-_web_0.pdf\">https:\/\/www.tni.org\/files\/publication-downloads\/smoke_screen_report_-_tni_-_web_0.pdf<\/a><\/p>\n<p><strong>(2)<\/strong> <a href=\"https:\/\/www.deutschlandfunk.de\/sprachrohr-der-israelischen-regierung-100.html\">https:\/\/www.deutschlandfunk.de\/sprachrohr-der-israelischen-regierung-100.html<\/a><\/p>\n<p>&nbsp;<\/p>\n<p><span style=\"font-size: 10pt;\">Der Beitrag wurde auch ver\u00f6ffentlicht in der NRhZ, Ausgabe 805 vom 18.01.2023: <a href=\"http:\/\/www.nrhz.de\/flyer\/beitrag.php?id=28421\">http:\/\/www.nrhz.de\/flyer\/beitrag.php?id=28421<\/a><\/span><\/p>\n<hr \/>\n<p><span style=\"font-size: 10pt;\">Bild oben: <a href=\"https:\/\/pixabay.com\/de\/photos\/kugeln-geld-dollar-munition-9mm-6948076\/\" target=\"_blank\" rel=\"noopener\">pixabay.com<\/a> \/ <a class=\"hover_opacity\" href=\"https:\/\/pixabay.com\/de\/users\/mikegunner-14799175\/\">MikeGunner<\/a> \/ <a href=\"https:\/\/pixabay.com\/de\/service\/terms\/\">Pixabay License<\/a><\/span><\/p>\n<hr \/>\n<p>&nbsp;<\/p>\n","protected":false},"excerpt":{"rendered":"<p><b>Beitrag von Evelyn Hecht-Galinski<\/b><br \/>\nNach der t\u00e4glichen Berieselung mit st\u00e4ndiger anti-russischer Agitation, einseitig \u00fcbernommener Ukraine-Propaganda sowie die t\u00e4glichen-allabendlichen Selenskyj-Videobotschaften und Zuschaltungen aller Orten \u2013 wie aus einem schlechten Schmierentheater der gleichkommenden Frontnachrichten \u2013 geht es mir wahrscheinlich wie einem Gro\u00dfteil deutscher B\u00fcrger: Wir haben es satt! Inzwischen tritt auch noch Frau Selenskaja als Propagandabotschafterin auf, wie am Dienstag zum Auftakt des Weltwirtschaftsforums in Davos. Dort treffen sich Politik, Wirtschaft und Kapital, um die \u201erichtige Richtung\u201c zu bestimmen. Das gilt ebenso f\u00fcr die Waffenlieferungen aus der \u201eTierwelt\u201c.  &#8230;<\/p>\n","protected":false},"author":3,"featured_media":15047,"comment_status":"closed","ping_status":"closed","sticky":false,"template":"","format":"standard","meta":{"colormag_page_container_layout":"default_layout","colormag_page_sidebar_layout":"default_layout","advanced_seo_description":"","jetpack_seo_html_title":"","jetpack_seo_noindex":false,"jetpack_post_was_ever_published":false,"footnotes":""},"categories":[12],"tags":[1699,1531,981,188,121,56,124,1168,422,719,639,947,122],"class_list":["post-15046","post","type-post","status-publish","format-standard","has-post-thumbnail","hentry","category-demokratie-medien-aufklaerung","tag-fuehrungrolle","tag-gleichschaltung","tag-kapital","tag-krieg","tag-medien","tag-nato","tag-politik","tag-russophobie","tag-ruestung","tag-sanktionen","tag-ukraine-konflikt","tag-waffenhandel","tag-wirtschaft"],"jetpack_featured_media_url":"https:\/\/i0.wp.com\/www.freidenker.org\/fw17\/wp-content\/uploads\/2023\/01\/bullets-6948076_800x450_2.jpg?fit=800%2C450&ssl=1","jetpack_shortlink":"https:\/\/wp.me\/p9stpK-3UG","jetpack-related-posts":[{"id":16739,"url":"https:\/\/www.freidenker.org\/?p=16739","url_meta":{"origin":15046,"position":0},"title":"Jacques Baud erl\u00e4utert die wahren Gr\u00fcnde des Ukraine-Krieges","author":"Webredaktion","date":"30. Juli 2023","format":false,"excerpt":"Ein Interview von Ekkehard Sieker Von der Art und Weise, wie wir eine Krise verstehen, h\u00e4ngt es ab, wie wir sie l\u00f6sen. Die h\u00e4ufig unvollst\u00e4ndige Darstellung der Vorgeschichte des Ukraine-Kriegs in vielen europ\u00e4ischen Medien und in der Politik hat durch zu einfache und einseitige Schuldzuweisung die Chancen auf eine Verhandlungsl\u00f6sung\u2026","rel":"","context":"In &quot;Demokratie \u2013 Medien \u2013 Aufkl\u00e4rung&quot;","block_context":{"text":"Demokratie \u2013 Medien \u2013 Aufkl\u00e4rung","link":"https:\/\/www.freidenker.org\/?cat=12"},"img":{"alt_text":"","src":"https:\/\/i0.wp.com\/www.freidenker.org\/fw17\/wp-content\/uploads\/2023\/07\/baud_sieker_3_800x450.jpg?fit=800%2C450&ssl=1&resize=350%2C200","width":350,"height":200,"srcset":"https:\/\/i0.wp.com\/www.freidenker.org\/fw17\/wp-content\/uploads\/2023\/07\/baud_sieker_3_800x450.jpg?fit=800%2C450&ssl=1&resize=350%2C200 1x, https:\/\/i0.wp.com\/www.freidenker.org\/fw17\/wp-content\/uploads\/2023\/07\/baud_sieker_3_800x450.jpg?fit=800%2C450&ssl=1&resize=525%2C300 1.5x, https:\/\/i0.wp.com\/www.freidenker.org\/fw17\/wp-content\/uploads\/2023\/07\/baud_sieker_3_800x450.jpg?fit=800%2C450&ssl=1&resize=700%2C400 2x"},"classes":[]},{"id":15843,"url":"https:\/\/www.freidenker.org\/?p=15843","url_meta":{"origin":15046,"position":1},"title":"Deutschland und sein ideologischer Ballast","author":"Webredaktion","date":"22. April 2023","format":false,"excerpt":"Kommentar von Evelyn Hecht-Galinski War es bis dato nur historischer Ballast, mit dem Deutschland zu leben hatte, so hat sich dieser Zustand massiv gewandelt. Wir sind in das Zeitalter der ideologischen Kriegsf\u00fchrung eingetreten. Was wir jetzt an geopolitischer Hassstrategie des Westens erleben, hat sich infolge gr\u00fcner Kriegswut unter US-Anleitung zu\u2026","rel":"","context":"In &quot;Demokratie \u2013 Medien \u2013 Aufkl\u00e4rung&quot;","block_context":{"text":"Demokratie \u2013 Medien \u2013 Aufkl\u00e4rung","link":"https:\/\/www.freidenker.org\/?cat=12"},"img":{"alt_text":"","src":"https:\/\/i0.wp.com\/www.freidenker.org\/fw17\/wp-content\/uploads\/2023\/04\/deutschland_terror-1545012_800x450.jpg?fit=800%2C450&ssl=1&resize=350%2C200","width":350,"height":200,"srcset":"https:\/\/i0.wp.com\/www.freidenker.org\/fw17\/wp-content\/uploads\/2023\/04\/deutschland_terror-1545012_800x450.jpg?fit=800%2C450&ssl=1&resize=350%2C200 1x, https:\/\/i0.wp.com\/www.freidenker.org\/fw17\/wp-content\/uploads\/2023\/04\/deutschland_terror-1545012_800x450.jpg?fit=800%2C450&ssl=1&resize=525%2C300 1.5x, https:\/\/i0.wp.com\/www.freidenker.org\/fw17\/wp-content\/uploads\/2023\/04\/deutschland_terror-1545012_800x450.jpg?fit=800%2C450&ssl=1&resize=700%2C400 2x"},"classes":[]},{"id":16194,"url":"https:\/\/www.freidenker.org\/?p=16194","url_meta":{"origin":15046,"position":2},"title":"Braune Bande rosten nicht!","author":"Webredaktion","date":"29. Mai 2023","format":false,"excerpt":"Kommentar von Evelyn Hecht-Galinski Was sich am letzten Wochenende in Berlin und Aachen abspielte, war so exemplarisch f\u00fcr die sogenannte \u201eZeitenwende\u201c, die in Wirklichkeit nichts anderes ist als eine transatlantische Arschleckerei schleimender Funktionstr\u00e4ger und Ampel-Regierender, die sich durch alle Parteien zieht. Es war geradezu erschreckend, wie schon im Vorfeld des\u2026","rel":"","context":"In &quot;Demokratie \u2013 Medien \u2013 Aufkl\u00e4rung&quot;","block_context":{"text":"Demokratie \u2013 Medien \u2013 Aufkl\u00e4rung","link":"https:\/\/www.freidenker.org\/?cat=12"},"img":{"alt_text":"","src":"https:\/\/i0.wp.com\/www.freidenker.org\/fw17\/wp-content\/uploads\/2023\/05\/selenski_scholz_800x450.jpg?fit=800%2C450&ssl=1&resize=350%2C200","width":350,"height":200,"srcset":"https:\/\/i0.wp.com\/www.freidenker.org\/fw17\/wp-content\/uploads\/2023\/05\/selenski_scholz_800x450.jpg?fit=800%2C450&ssl=1&resize=350%2C200 1x, https:\/\/i0.wp.com\/www.freidenker.org\/fw17\/wp-content\/uploads\/2023\/05\/selenski_scholz_800x450.jpg?fit=800%2C450&ssl=1&resize=525%2C300 1.5x, https:\/\/i0.wp.com\/www.freidenker.org\/fw17\/wp-content\/uploads\/2023\/05\/selenski_scholz_800x450.jpg?fit=800%2C450&ssl=1&resize=700%2C400 2x"},"classes":[]},{"id":14121,"url":"https:\/\/www.freidenker.org\/?p=14121","url_meta":{"origin":15046,"position":3},"title":"\u201ePutins Angriff auf Deutschland\u201c?","author":"Webredaktion","date":"4. September 2022","format":false,"excerpt":"von Evelyn Hecht-Galinski Dieser Titel einer Presse-Kolumne hat mich \u00fcberrascht. Hatte ich etwas verpasst? Hat Russland uns angegriffen? War nicht der 24. Februar vor sechs Monaten der Tag, als Putin keine andere M\u00f6glichkeit sah, als sich gegen die Ukraine zu wehren und seine\u00a0 \u201eSpezialoperation\u201c zu beginnen? Aber ein Angriff gegen\u2026","rel":"","context":"In &quot;Demokratie \u2013 Medien \u2013 Aufkl\u00e4rung&quot;","block_context":{"text":"Demokratie \u2013 Medien \u2013 Aufkl\u00e4rung","link":"https:\/\/www.freidenker.org\/?cat=12"},"img":{"alt_text":"","src":"https:\/\/i0.wp.com\/www.freidenker.org\/fw17\/wp-content\/uploads\/2022\/09\/Putins-Angriffs_krieg3_800x450.jpg?fit=800%2C450&ssl=1&resize=350%2C200","width":350,"height":200,"srcset":"https:\/\/i0.wp.com\/www.freidenker.org\/fw17\/wp-content\/uploads\/2022\/09\/Putins-Angriffs_krieg3_800x450.jpg?fit=800%2C450&ssl=1&resize=350%2C200 1x, https:\/\/i0.wp.com\/www.freidenker.org\/fw17\/wp-content\/uploads\/2022\/09\/Putins-Angriffs_krieg3_800x450.jpg?fit=800%2C450&ssl=1&resize=525%2C300 1.5x, https:\/\/i0.wp.com\/www.freidenker.org\/fw17\/wp-content\/uploads\/2022\/09\/Putins-Angriffs_krieg3_800x450.jpg?fit=800%2C450&ssl=1&resize=700%2C400 2x"},"classes":[]},{"id":17706,"url":"https:\/\/www.freidenker.org\/?p=17706","url_meta":{"origin":15046,"position":4},"title":"Zeugnis des doppelten Standards: Baerbock im Interview","author":"Webredaktion","date":"29. Dezember 2023","format":false,"excerpt":"Beitrag von Gert Ewen Ungar Bez\u00fcglich des Ukraine-Konflikts werden die Deutschen fl\u00e4chendeckend von den verantwortlichen Politikern und von den mitverantwortlichen Medien des Mainstreams desinformiert. Dass die deutsche Au\u00dfenministerin da keine Ausnahme bildet, ist nicht \u00fcberraschend. Sie tut sich im Gegenteil seit Langem damit hervor, die Unwahrheiten besonders dick aufzutragen.\u00a0In einem\u2026","rel":"","context":"In &quot;Demokratie \u2013 Medien \u2013 Aufkl\u00e4rung&quot;","block_context":{"text":"Demokratie \u2013 Medien \u2013 Aufkl\u00e4rung","link":"https:\/\/www.freidenker.org\/?cat=12"},"img":{"alt_text":"","src":"https:\/\/i0.wp.com\/www.freidenker.org\/fw17\/wp-content\/uploads\/2023\/12\/BDK_Karlsruhe_Nov_2023_Annalena_Baerbock_11_800x450.jpg?fit=800%2C450&ssl=1&resize=350%2C200","width":350,"height":200,"srcset":"https:\/\/i0.wp.com\/www.freidenker.org\/fw17\/wp-content\/uploads\/2023\/12\/BDK_Karlsruhe_Nov_2023_Annalena_Baerbock_11_800x450.jpg?fit=800%2C450&ssl=1&resize=350%2C200 1x, https:\/\/i0.wp.com\/www.freidenker.org\/fw17\/wp-content\/uploads\/2023\/12\/BDK_Karlsruhe_Nov_2023_Annalena_Baerbock_11_800x450.jpg?fit=800%2C450&ssl=1&resize=525%2C300 1.5x, https:\/\/i0.wp.com\/www.freidenker.org\/fw17\/wp-content\/uploads\/2023\/12\/BDK_Karlsruhe_Nov_2023_Annalena_Baerbock_11_800x450.jpg?fit=800%2C450&ssl=1&resize=700%2C400 2x"},"classes":[]},{"id":17318,"url":"https:\/\/www.freidenker.org\/?p=17318","url_meta":{"origin":15046,"position":5},"title":"Kriegsverbrechen: Vom unterschiedlichen Wert menschlichen Lebens","author":"Webredaktion","date":"24. Oktober 2023","format":false,"excerpt":"Beitrag von Gert Ewen Ungar Die Abriegelung des Gazastreifens durch Israel, die Blockade der Wasser- und Stromversorgung sowie der Beschuss von Zivilisten und ziviler Infrastruktur durch das israelische Milit\u00e4r sind Kriegsverbrechen. Das Leben von Zivilisten ist w\u00e4hrend eines milit\u00e4rischen Konflikts zu sch\u00fctzen, schreibt die Charta der UN vor. Auch ein\u2026","rel":"","context":"In &quot;Demokratie \u2013 Medien \u2013 Aufkl\u00e4rung&quot;","block_context":{"text":"Demokratie \u2013 Medien \u2013 Aufkl\u00e4rung","link":"https:\/\/www.freidenker.org\/?cat=12"},"img":{"alt_text":"","src":"https:\/\/i0.wp.com\/www.freidenker.org\/fw17\/wp-content\/uploads\/2023\/10\/children-8221325_800x450.jpg?fit=800%2C450&ssl=1&resize=350%2C200","width":350,"height":200,"srcset":"https:\/\/i0.wp.com\/www.freidenker.org\/fw17\/wp-content\/uploads\/2023\/10\/children-8221325_800x450.jpg?fit=800%2C450&ssl=1&resize=350%2C200 1x, https:\/\/i0.wp.com\/www.freidenker.org\/fw17\/wp-content\/uploads\/2023\/10\/children-8221325_800x450.jpg?fit=800%2C450&ssl=1&resize=525%2C300 1.5x, https:\/\/i0.wp.com\/www.freidenker.org\/fw17\/wp-content\/uploads\/2023\/10\/children-8221325_800x450.jpg?fit=800%2C450&ssl=1&resize=700%2C400 2x"},"classes":[]}],"_links":{"self":[{"href":"https:\/\/www.freidenker.org\/index.php?rest_route=\/wp\/v2\/posts\/15046","targetHints":{"allow":["GET"]}}],"collection":[{"href":"https:\/\/www.freidenker.org\/index.php?rest_route=\/wp\/v2\/posts"}],"about":[{"href":"https:\/\/www.freidenker.org\/index.php?rest_route=\/wp\/v2\/types\/post"}],"author":[{"embeddable":true,"href":"https:\/\/www.freidenker.org\/index.php?rest_route=\/wp\/v2\/users\/3"}],"replies":[{"embeddable":true,"href":"https:\/\/www.freidenker.org\/index.php?rest_route=%2Fwp%2Fv2%2Fcomments&post=15046"}],"version-history":[{"count":0,"href":"https:\/\/www.freidenker.org\/index.php?rest_route=\/wp\/v2\/posts\/15046\/revisions"}],"wp:featuredmedia":[{"embeddable":true,"href":"https:\/\/www.freidenker.org\/index.php?rest_route=\/wp\/v2\/media\/15047"}],"wp:attachment":[{"href":"https:\/\/www.freidenker.org\/index.php?rest_route=%2Fwp%2Fv2%2Fmedia&parent=15046"}],"wp:term":[{"taxonomy":"category","embeddable":true,"href":"https:\/\/www.freidenker.org\/index.php?rest_route=%2Fwp%2Fv2%2Fcategories&post=15046"},{"taxonomy":"post_tag","embeddable":true,"href":"https:\/\/www.freidenker.org\/index.php?rest_route=%2Fwp%2Fv2%2Ftags&post=15046"}],"curies":[{"name":"wp","href":"https:\/\/api.w.org\/{rel}","templated":true}]}}