{"id":15037,"date":"2023-01-22T15:45:06","date_gmt":"2023-01-22T14:45:06","guid":{"rendered":"https:\/\/www.freidenker.org\/?p=15037"},"modified":"2023-02-06T02:54:40","modified_gmt":"2023-02-06T01:54:40","slug":"vier-notwendige-betrachtungsebenen-zur-deutschen-russland-politik","status":"publish","type":"post","link":"https:\/\/www.freidenker.org\/?p=15037","title":{"rendered":"Vier notwendige Betrachtungsebenen zur deutschen Russland-Politik"},"content":{"rendered":"<h5>Vier notwendige Betrachtungsebenen zur kritischen Bestandsaufnahme der gegenw\u00e4rtigen deutschen bzw. westlichen Russland- und Ukraine-Politik<\/h5>\n<p><em>von <strong>Jan Veil<\/strong><\/em><\/p>\n<p><span style=\"font-size: 10pt;\"><img data-recalc-dims=\"1\" loading=\"lazy\" decoding=\"async\" data-attachment-id=\"1072\" data-permalink=\"https:\/\/www.freidenker.org\/?attachment_id=1072\" data-orig-file=\"https:\/\/i0.wp.com\/www.freidenker.org\/fw17\/wp-content\/uploads\/2017\/10\/pdf_icon-e1509487447542.png?fit=16%2C16&amp;ssl=1\" data-orig-size=\"16,16\" data-comments-opened=\"0\" data-image-meta=\"{&quot;aperture&quot;:&quot;0&quot;,&quot;credit&quot;:&quot;&quot;,&quot;camera&quot;:&quot;&quot;,&quot;caption&quot;:&quot;&quot;,&quot;created_timestamp&quot;:&quot;0&quot;,&quot;copyright&quot;:&quot;&quot;,&quot;focal_length&quot;:&quot;0&quot;,&quot;iso&quot;:&quot;0&quot;,&quot;shutter_speed&quot;:&quot;0&quot;,&quot;title&quot;:&quot;&quot;,&quot;orientation&quot;:&quot;0&quot;}\" data-image-title=\"pdf_icon_16\" data-image-description=\"\" data-image-caption=\"\" data-large-file=\"https:\/\/i0.wp.com\/www.freidenker.org\/fw17\/wp-content\/uploads\/2017\/10\/pdf_icon-e1509487447542.png?fit=16%2C16&amp;ssl=1\" class=\"alignnone size-full wp-image-1072\" src=\"https:\/\/i0.wp.com\/www.freidenker.org\/fw17\/wp-content\/uploads\/2017\/10\/pdf_icon-e1509487447542.png?resize=16%2C16&#038;ssl=1\" alt=\"\" width=\"16\" height=\"16\" \/>\u00a0<a href=\"https:\/\/www.freidenker.org\/fw17\/wp-content\/uploads\/2023\/01\/Vier-notwendige-Betrachtungsebenen-zur-deutschen-Russland-Politik-korrig.-Veil.pdf\" target=\"_blank\" rel=\"noopener\">Kompletter Aufsatz als PDF<\/a><\/span><\/p>\n<h5>Einleitung<\/h5>\n<p>Nur eines setzt der folgende Text im Zusammenhang mit dem Ukrainekrieg grunds\u00e4tzlich voraus: das Wissen um die oder wenigstens die Ahnung von der nicht zu leugnende\/n Gefahr einer \u2013 allm\u00e4hlich oder pl\u00f6tzlich \u2013 neue Ebenen erreichenden Eskalation, die immer mehr L\u00e4nder aktiv involvieren oder zum Einsatz immer zerst\u00f6rerischerer Waffengattungen f\u00fchren k\u00f6nnte. Als zudem halbwegs n\u00fcchterner Zeitgenosse, ausgestattet mit einem gewissen Hang zu Konfliktl\u00f6sungen oder, bescheidener, zu Schadensbegrenzungen, ist man in dieser Zeit der Gegenaufkl\u00e4rung daher unausgesetzt mit folgenden Fragestellungen konfrontiert:<\/p>\n<p>Wieso arbeiten \u2013 und arbeiteten \u2013 die in unserem Land politisch Verantwortlichen nicht unter Hochdruck:<\/p>\n<p style=\"padding-left: 40px;\">(a) an einem Konzept vorl\u00e4ufiger gegenseitiger Bedingungen f\u00fcr einen Waffenstillstand in der Ukraine, der zumindest potenziell auch Aussicht auf Erfolg hat, anstatt sich lediglich an den Maximalforderungen eines Selenskyj oder Biden auszurichten \u2013 und zwar <em>bevor <\/em>sich die Kampfhandlungen auf andere Territorien auszuweiten, die Situation dadurch zu verkomplizieren und um ein weiteres St\u00fcck <em>irreversibler zu <\/em>machen droh(t)en;<\/p>\n<p style=\"padding-left: 40px;\">(b)\u2013 darauf fu\u00dfend \u2013 an Richtlinien f\u00fcr eine ad\u00e4quate Sondierung zur Aufnahme ernsthafter Verhandlungen \u00fcber tragf\u00e4hige Friedensbedingungen [wobei diese Richtlinien unbedingt die Option umfassen sollten, bei begr\u00fcndetem Verdacht auf fanatisches Festhalten an nationalistischen und somit gegen ethnische Minderheiten gerichteten Positionen insbesondere bei den eigenen B\u00fcndnispartnern auch zu diesen wieder mehr Distanz herstellen zu k\u00f6nnen]?<\/p>\n<p>Dies w\u00e4re unter dem Primat der Eskalationsverhinderung der einzige Weg, auf dem m\u00f6glichst rasch und verl\u00e4sslich eine Beendigung oder wenigstens ein Einfrieren des Krieges erreicht werden k\u00f6nnte, um endlich wieder auf die Verhandlungsebene zur\u00fcckzugelangen; diese d\u00fcrfte sich zwar \u00e4u\u00dferst komplex und langwierig gestalten, w\u00fcrde aber nicht l\u00e4nger massenhaft zu Toten, Verletzten, Vertriebenen und Traumatisierten f\u00fchren.<\/p>\n<p>Die nahezu vollst\u00e4ndig eingetretene Weigerung der Ampelregierung, genau diese Fragen auch nur anzugehen geschweige denn ernsthaft zu beantworten, ist Ausdruck und Ma\u00df f\u00fcr die bereits seit etlichen Jahren zunehmend herrschende, gesamtgesellschaftliche Paradoxie, die die ohnehin schon existierende kognitive Dissonanz im kollektiven Bewusstsein der Bev\u00f6lkerung weiter bef\u00f6rdert. Um dieser Paradoxie begegnen zu k\u00f6nnen, deren tiefere Ursachen immer \u00f6fter blo\u00df neue Formen und Ausma\u00dfe einer ungest\u00fcmen Destruktivit\u00e4t hervorbringen, ist es zun\u00e4chst wichtig, Folgendes zu verstehen \u2013 oder wenigstens nicht von vorn herein auszuschlie\u00dfen: So so gut wie alle Gr\u00fcnde, die bisher \u2013 mehr oder weniger offen \u2013 <em>gegen <\/em>eine Besch\u00e4ftigung mit diesen Fragen ins Feld gef\u00fchrt worden sind, beruhen auf einer zuweilen bis ins Psychopathische verzerrten Realit\u00e4ts-, Selbst- und Fremdwahrnehmung sowie einer zutiefst pervertierten, verlogenen und daher inhumanen &#8218;Ethik&#8216; unserer politischen &#8218;Eliten&#8216; und ihrer medialen Verlautbarungsorgane.<\/p>\n<p>Jacques Baud, ein ehemaliger Geheimdienstoffizier der Schweizer Armee, strategischer Analyst und Buchautor mit den Schwerpunkten Geheimdienst und Terrorismus, der in seiner Laufbahn einige internationale Positionen bekleidete, \u201edarunter auch bei der NATO, wo er den Fluss von Kleinwaffen im Donbass \u00fcberwachte und an einem NATO-Programm zur Unterst\u00fctzung der ukrainischen Streitkr\u00e4fte bei der Wiederherstellung ihrer Kapazit\u00e4ten und der Verbesserung der Personalverwaltung beteiligt war\u201c, dr\u00fcckt dies moderater aus, was jedoch am Ph\u00e4nomen der Realit\u00e4tsverweigerung via Projektion nichts \u00e4ndert:<\/p>\n<p>\u201eIm Jahr 2014, w\u00e4hrend der Maidan-Revolution in Kiew, war ich bei der NATO in Br\u00fcssel. Mir ist aufgefallen, dass die Menschen die Situation nicht so einsch\u00e4tzen, wie sie ist, sondern wie sie sie sich w\u00fcnschen. \u2026 In der Tat stellte sich f\u00fcr mich heraus, dass niemand in der NATO das geringste Interesse an der Ukraine hat. Wir neigen dazu, den Feind so darzustellen, wie wir ihn uns w\u00fcnschen, und nicht so, wie er tats\u00e4chlich ist. Das ist das ultimative Rezept zum Scheitern.\u201c [ <a href=\"https:\/\/gesetze-ganz-einfach.de\/jacques-baud-interview-zum-militaerkonflikt-in-der-ukraine\/\" target=\"_blank\" rel=\"noopener\">https:\/\/gesetze-ganz-einfach.de\/jacques-baud-interview-zum-militaerkonflikt-in-der-ukraine\/<\/a>\u00a0(Jacques Baud: Interview zum Milit\u00e4rkonflikt in der Ukraine | 01.05.22)] | Mehr dazu vor allem in Teil IV.<\/p>\n<p>Um diesen Komplex zumindest ansatzweise zu entwirren, m\u00f6chte ich in einer \u2013 zugegeben notwendigerweise unvollst\u00e4ndigen \u2013 Art von Bestandsaufnahme auf vier recht klar unterscheidbaren Ebenen Agenden, Ursachen, Wirkungen, Beschl\u00fcsse, An- und Aufk\u00fcndigungen, Tatsachen, Erkl\u00e4rungen, L\u00fcgen, Verleumdungen, Massenmanipulation, Partikularinteressen, Anma\u00dfungen, Vorurteile, totalit\u00e4res Gedankengut, Ereignisse, offene und verdeckte Aktionen, Verbrechen gegen die Menschlichkeit, Feindbilder und \u00c4ngste m\u00f6glichst systematisch auflisten und miteinander in Beziehung setzen; diese Methodik soll nicht nur immer klarer werdende, da jene Ebenen auch verkn\u00fcpfende Zusammenh\u00e4nge herausarbeiten; sie soll bestenfalls ferner \u00dcberlegungen zu dem erw\u00e4hnten Paradoxon anregen:<\/p>\n<p>Warum wurden die eingangs aufgef\u00fchrten Fragen, und zwar f\u00fcr jedermann h\u00f6r- und nachvollziehbar, bisher nie wirklich, d.h. nie mit der eigentlich angemessenen medialen und politischen Durchschlagskraft gestellt \u2013 und allein schon deshalb auch nie tats\u00e4chlich beantwortet?<\/p>\n<p>&#8230;<\/p>\n<hr \/>\n<p><img data-recalc-dims=\"1\" loading=\"lazy\" decoding=\"async\" data-attachment-id=\"1076\" data-permalink=\"https:\/\/www.freidenker.org\/?attachment_id=1076\" data-orig-file=\"https:\/\/i0.wp.com\/www.freidenker.org\/fw17\/wp-content\/uploads\/2017\/10\/pdf_icon-2.png?fit=32%2C32&amp;ssl=1\" data-orig-size=\"32,32\" data-comments-opened=\"0\" data-image-meta=\"{&quot;aperture&quot;:&quot;0&quot;,&quot;credit&quot;:&quot;&quot;,&quot;camera&quot;:&quot;&quot;,&quot;caption&quot;:&quot;&quot;,&quot;created_timestamp&quot;:&quot;0&quot;,&quot;copyright&quot;:&quot;&quot;,&quot;focal_length&quot;:&quot;0&quot;,&quot;iso&quot;:&quot;0&quot;,&quot;shutter_speed&quot;:&quot;0&quot;,&quot;title&quot;:&quot;&quot;,&quot;orientation&quot;:&quot;0&quot;}\" data-image-title=\"pdf_icon\" data-image-description=\"\" data-image-caption=\"\" data-large-file=\"https:\/\/i0.wp.com\/www.freidenker.org\/fw17\/wp-content\/uploads\/2017\/10\/pdf_icon-2.png?fit=32%2C32&amp;ssl=1\" class=\"alignnone size-full wp-image-1076\" src=\"https:\/\/i0.wp.com\/www.freidenker.org\/fw17\/wp-content\/uploads\/2017\/10\/pdf_icon-2.png?resize=32%2C32&#038;ssl=1\" alt=\"\" width=\"32\" height=\"32\" \/> Lesen Sie den kompletten Aufsatz als PDF-Datei:<strong> <a href=\"https:\/\/www.freidenker.org\/fw17\/wp-content\/uploads\/2023\/01\/Vier-notwendige-Betrachtungsebenen-zur-deutschen-Russland-Politik-korrig.-Veil.pdf\" target=\"_blank\" rel=\"noopener\">Vier notwendige Betrachtungsebenen zur kritischen Bestandsaufnahme der gegenw\u00e4rtigen deutschen bzw. westlichen Russland- und Ukraine-Politik<\/a><\/strong> (PDF-Dokument, ca. 295 KB)<\/p>\n<p><strong>Der Aufsatz ist wie folgt gegliedert:<\/strong><\/p>\n<p><strong><span style=\"font-size: 14pt;\">I. Sanktionsebene<\/span><br \/>\n<\/strong>[funktional-operative Aspekte] oder:<br \/>\n<strong><strong>Solidarisches Frieren und Hungern f\u00fcr die gerechte Sache: Die offen angestrebte Ruinierung Russlands<\/strong><\/strong><\/p>\n<p><strong><span style=\"font-size: 14pt;\">II. B\u00fcndnisebene<\/span><br \/>\n<\/strong>[Glaubw\u00fcrdigkeits-, b\u00fcndnisrelevante und ethnische Aspekte] oder:<br \/>\n<strong><strong>Gemeinsame bilaterale Sache mit militanten Ultranationalisten und russischsprachige bzw. -st\u00e4mmige Ukrainer\/innen verachtenden Neofaschisten: Die Verteidigung der &#8218;westlichen Werte&#8216; in der Ost- und S\u00fcdukraine<\/strong><\/strong><\/p>\n<p><span style=\"font-size: 14pt;\"><strong>III. Historische Ebene<br \/>\n<\/strong><\/span>[geopolitische und geschichtliche Ursachen betreffende Aspekte] oder:<br \/>\n<strong><strong>Heuchlerisch-moralinsaure &#8218;Querfront&#8216;-Geschichtsvergessenheit: Wenn systemrechte Alt-Feind- und systemlinke Neu-Feindbildler unserer politischen Klasse also absolut kein Problem mehr miteinander haben und Russland nahezu einhellig \u2013 erneut \u2013 zum Erzfeind erkl\u00e4rt wird<\/strong><\/strong><\/p>\n<p><span style=\"font-size: 14pt;\"><strong>IV. Existenzialistische Ebene<br \/>\n<\/strong><\/span>[Menschen- und Weltbild betreffende sowie ethische Aspekte] oder:<br \/>\n<strong>Die unertr\u00e4glich verlogene Hybris des von den USA v\u00f6llig demokratisch dominierten &#8218;wertebasierten Westens&#8216;: Der Zweck heiligt eben doch die Mittel \u2013 solange sie nur von den <em>Guten <\/em>eingesetzt werden<br \/>\n<\/strong><\/p>\n<p><span style=\"font-size: 14pt;\"><strong>Fazit<\/strong><\/span><\/p>\n<p style=\"text-align: right;\"><em><span id=\"page21R_mcid12\" class=\"markedContent\"><span dir=\"ltr\" role=\"presentation\">Jan Veil, Frankfurt a. Ma<\/span><span dir=\"ltr\" role=\"presentation\">in, ist\u00a0<\/span><span dir=\"ltr\" role=\"presentation\">Aktivist in der Demokratie<\/span><span dir=\"ltr\" role=\"presentation\">\u2013<\/span>\u00a0<span dir=\"ltr\" role=\"presentation\">und\u00a0<\/span><span dir=\"ltr\" role=\"presentation\">Friedensbewegung und Mitglied der Freien Linken<\/span><\/span><\/em><\/p>\n<hr \/>\n<p><span style=\"font-size: 10pt;\">Bild oben: Der russische Pr\u00e4sident Wladimir Putin bei einem Treffen mit dem deutschen Bundeskanzler Olaf Scholz im Kreml in Moskau, 15.02.2022<\/span><br \/>\n<span style=\"font-size: 10pt;\">Foto: Kremlin.ru, <a href=\"https:\/\/creativecommons.org\/licenses\/by\/4.0\" target=\"_blank\" rel=\"noopener\">CC BY 4.0<\/a><\/span><br \/>\n<span style=\"font-size: 10pt;\">Quelle: <a href=\"https:\/\/commons.wikimedia.org\/w\/index.php?curid=115283761\" target=\"_blank\" rel=\"noopener\">https:\/\/commons.wikimedia.org\/w\/index.php?curid=115283761<\/a><\/span><\/p>\n","protected":false},"excerpt":{"rendered":"<p><b>Aufsatz von Jan Veil<\/b><br \/>\n&#8230; Wieso arbeiten \u2013 und arbeiteten \u2013 die in unserem Land politisch Verantwortlichen nicht unter Hochdruck:<br \/>\na) an einem Konzept vorl\u00e4ufiger gegenseitiger Bedingungen f\u00fcr einen Waffenstillstand in der Ukraine, der zumindest potenziell auch Aussicht auf Erfolg hat, anstatt sich lediglich an den Maximalforderungen eines Selenskyj oder Biden auszurichten \u2013 &#8230;.<br \/>\nb) \u2013 darauf fu\u00dfend \u2013 an Richtlinien f\u00fcr eine ad\u00e4quate Sondierung zur Aufnahme ernsthafter Verhandlungen \u00fcber tragf\u00e4hige Friedensbedingungen &#8230;?<br \/>\nDies w\u00e4re unter dem Primat der Eskalationsverhinderung der einzige Weg, auf dem m\u00f6glichst rasch und verl\u00e4sslich eine Beendigung oder wenigstens ein Einfrieren des Krieges erreicht werden k\u00f6nnte, um endlich wieder auf die Verhandlungsebene zur\u00fcckzugelangen; &#8230;<\/p>\n","protected":false},"author":3,"featured_media":15043,"comment_status":"closed","ping_status":"closed","sticky":false,"template":"","format":"standard","meta":{"colormag_page_container_layout":"default_layout","colormag_page_sidebar_layout":"default_layout","advanced_seo_description":"","jetpack_seo_html_title":"","jetpack_seo_noindex":false,"jetpack_post_was_ever_published":false,"footnotes":""},"categories":[12,13],"tags":[1032,975,452,451,635,743,342,222,719,344,639,185,1525,1591],"class_list":["post-15037","post","type-post","status-publish","format-standard","has-post-thumbnail","hentry","category-demokratie-medien-aufklaerung","category-frieden-antifaschismus-solidaritaet","tag-bundesregierung","tag-buendnispolitik","tag-deutschland","tag-faschismus","tag-feindbild","tag-medienluegen","tag-querfront","tag-russland","tag-sanktionen","tag-solidaritaet","tag-ukraine-konflikt","tag-usa","tag-waffenlieferungen","tag-wertewesten"],"jetpack_featured_media_url":"https:\/\/i0.wp.com\/www.freidenker.org\/fw17\/wp-content\/uploads\/2023\/01\/Putin-Scholz_meeting_800x450.jpg?fit=800%2C450&ssl=1","jetpack_shortlink":"https:\/\/wp.me\/p9stpK-3Ux","jetpack-related-posts":[{"id":18845,"url":"https:\/\/www.freidenker.org\/?p=18845","url_meta":{"origin":15037,"position":0},"title":"&#8222;Gerechter Friede&#8220;?","author":"Webredaktion","date":"20. April 2024","format":false,"excerpt":"Scholz ist das Problem, nicht die L\u00f6sung \u2013 Kanzler blitzt in China ab Beitrag von Gert Ewen Ungar Es gehe ihm um einen gerechten Frieden, behauptet Scholz, wenn er \u00fcber die Ukraine spricht. \"Gerechter Frieden f\u00fcr die Ukraine\" ist die neue rhetorische Verpackung f\u00fcr das immer gleiche Ziel: Der Ukraine\u2026","rel":"","context":"In &quot;Demokratie \u2013 Medien \u2013 Aufkl\u00e4rung&quot;","block_context":{"text":"Demokratie \u2013 Medien \u2013 Aufkl\u00e4rung","link":"https:\/\/www.freidenker.org\/?cat=12"},"img":{"alt_text":"","src":"https:\/\/i0.wp.com\/www.freidenker.org\/fw17\/wp-content\/uploads\/2024\/04\/Scholz_in_Slowenien_53612855283_Ausschnitt_800x450.jpg?fit=800%2C450&ssl=1&resize=350%2C200","width":350,"height":200,"srcset":"https:\/\/i0.wp.com\/www.freidenker.org\/fw17\/wp-content\/uploads\/2024\/04\/Scholz_in_Slowenien_53612855283_Ausschnitt_800x450.jpg?fit=800%2C450&ssl=1&resize=350%2C200 1x, https:\/\/i0.wp.com\/www.freidenker.org\/fw17\/wp-content\/uploads\/2024\/04\/Scholz_in_Slowenien_53612855283_Ausschnitt_800x450.jpg?fit=800%2C450&ssl=1&resize=525%2C300 1.5x, https:\/\/i0.wp.com\/www.freidenker.org\/fw17\/wp-content\/uploads\/2024\/04\/Scholz_in_Slowenien_53612855283_Ausschnitt_800x450.jpg?fit=800%2C450&ssl=1&resize=700%2C400 2x"},"classes":[]},{"id":13991,"url":"https:\/\/www.freidenker.org\/?p=13991","url_meta":{"origin":15037,"position":1},"title":"Demo am 28.08. in Dessau: Schluss mit den Sanktionen, denn sie schaden uns selbst!","author":"Webredaktion","date":"18. August 2022","format":false,"excerpt":"Kundgebung Handwerker f\u00fcr den Frieden am Sonntag, den 28.08.2022 um 11 Uhr auf dem Marktplatz in Dessau Au\u00dfer den Wohlhabenden und den kriegsgeilen Wichtigtuern in der Politik gibt es ernsthaft wohl nur wenige Menschen hierzulande, die sich vorstellen k\u00f6nnen f\u00fcr den Krieg der NATO in der Ukraine hungern oder bis\u2026","rel":"","context":"In &quot;Frieden - Antifaschismus - Solidarit\u00e4t&quot;","block_context":{"text":"Frieden - Antifaschismus - Solidarit\u00e4t","link":"https:\/\/www.freidenker.org\/?cat=13"},"img":{"alt_text":"","src":"https:\/\/i0.wp.com\/www.freidenker.org\/fw17\/wp-content\/uploads\/2022\/08\/Friedensglocke_9_800x450.jpg?fit=800%2C450&ssl=1&resize=350%2C200","width":350,"height":200,"srcset":"https:\/\/i0.wp.com\/www.freidenker.org\/fw17\/wp-content\/uploads\/2022\/08\/Friedensglocke_9_800x450.jpg?fit=800%2C450&ssl=1&resize=350%2C200 1x, https:\/\/i0.wp.com\/www.freidenker.org\/fw17\/wp-content\/uploads\/2022\/08\/Friedensglocke_9_800x450.jpg?fit=800%2C450&ssl=1&resize=525%2C300 1.5x, https:\/\/i0.wp.com\/www.freidenker.org\/fw17\/wp-content\/uploads\/2022\/08\/Friedensglocke_9_800x450.jpg?fit=800%2C450&ssl=1&resize=700%2C400 2x"},"classes":[]},{"id":14867,"url":"https:\/\/www.freidenker.org\/?p=14867","url_meta":{"origin":15037,"position":2},"title":"Karin Leukefeld: Erlebe Friedensbewegung zersplittert und zerstritten","author":"Webredaktion","date":"23. Dezember 2022","format":false,"excerpt":"Interview von\u00a0Felicitas Rabe mit Karin Leukefeld F: Frau Leukefeld, am zweiten Dezemberwochenende fand in Kassel der 29. Friedensratschlag statt. Wie haben sich Vertreter der deutschen Friedensbewegung zum Krieg in der Ukraine positioniert? ... A: Sehr viele Menschen waren zu dem \"Friedensratschlag\" gekommen, das ist sicherlich ein Erfolg. Auf den Podien\u2026","rel":"","context":"In &quot;Frieden - Antifaschismus - Solidarit\u00e4t&quot;","block_context":{"text":"Frieden - Antifaschismus - Solidarit\u00e4t","link":"https:\/\/www.freidenker.org\/?cat=13"},"img":{"alt_text":"","src":"https:\/\/i0.wp.com\/www.freidenker.org\/fw17\/wp-content\/uploads\/2022\/12\/Bremen_01-2022-09-01-gmv-0021_800x450.jpg?fit=800%2C450&ssl=1&resize=350%2C200","width":350,"height":200,"srcset":"https:\/\/i0.wp.com\/www.freidenker.org\/fw17\/wp-content\/uploads\/2022\/12\/Bremen_01-2022-09-01-gmv-0021_800x450.jpg?fit=800%2C450&ssl=1&resize=350%2C200 1x, https:\/\/i0.wp.com\/www.freidenker.org\/fw17\/wp-content\/uploads\/2022\/12\/Bremen_01-2022-09-01-gmv-0021_800x450.jpg?fit=800%2C450&ssl=1&resize=525%2C300 1.5x, https:\/\/i0.wp.com\/www.freidenker.org\/fw17\/wp-content\/uploads\/2022\/12\/Bremen_01-2022-09-01-gmv-0021_800x450.jpg?fit=800%2C450&ssl=1&resize=700%2C400 2x"},"classes":[]},{"id":2895,"url":"https:\/\/www.freidenker.org\/?p=2895","url_meta":{"origin":15037,"position":3},"title":"Russland: \u201eImperialistisches Land\u201c oder Widerpart des Imperialismus?","author":"Webredaktion","date":"17. Dezember 2014","format":false,"excerpt":"Beitrag von Klaus Hartmann auf der Konferenz \u201eDer \"Westen\" und Russland\u201c am 06.09.2014 in Berlin. Aus: FREIDENKER 4-14 Im Konflikt um die Ukraine bzw. im Verh\u00e4ltnis zu Russland erleben wir wieder, was sich seit l\u00e4ngerer Zeit in Teilen der Friedensbewegung eingeb\u00fcrgert hat. Von Milosevic angefangen bis Gaddafi und Assad \u2013\u2026","rel":"","context":"In &quot;Demokratie \u2013 Medien \u2013 Aufkl\u00e4rung&quot;","block_context":{"text":"Demokratie \u2013 Medien \u2013 Aufkl\u00e4rung","link":"https:\/\/www.freidenker.org\/?cat=12"},"img":{"alt_text":"","src":"https:\/\/i0.wp.com\/www.freidenker.org\/fw17\/wp-content\/uploads\/2017\/12\/honor-guard-67636_800x445.jpg?fit=800%2C445&ssl=1&resize=350%2C200","width":350,"height":200,"srcset":"https:\/\/i0.wp.com\/www.freidenker.org\/fw17\/wp-content\/uploads\/2017\/12\/honor-guard-67636_800x445.jpg?fit=800%2C445&ssl=1&resize=350%2C200 1x, https:\/\/i0.wp.com\/www.freidenker.org\/fw17\/wp-content\/uploads\/2017\/12\/honor-guard-67636_800x445.jpg?fit=800%2C445&ssl=1&resize=525%2C300 1.5x, https:\/\/i0.wp.com\/www.freidenker.org\/fw17\/wp-content\/uploads\/2017\/12\/honor-guard-67636_800x445.jpg?fit=800%2C445&ssl=1&resize=700%2C400 2x"},"classes":[]},{"id":12367,"url":"https:\/\/www.freidenker.org\/?p=12367","url_meta":{"origin":15037,"position":4},"title":"Erkl\u00e4rung der GRH","author":"Webredaktion","date":"4. M\u00e4rz 2022","format":false,"excerpt":"Erkl\u00e4rung der GRH - Gesellschaft zur Rechtlichen und Humanit\u00e4ren Unterst\u00fctzung e.V. Seit dem 24.2. 2022 herrscht in der Ukraine Krieg. Der russische Pr\u00e4sident Putin hatte den Befehl zu einer Milit\u00e4roperation gegeben. Unmittelbarer Anlass f\u00fcr diese Entscheidung war eine Zuspitzung der Situation um die beiden Republiken des Donbass Donezk und Lugansk.\u2026","rel":"","context":"In &quot;Frieden - Antifaschismus - Solidarit\u00e4t&quot;","block_context":{"text":"Frieden - Antifaschismus - Solidarit\u00e4t","link":"https:\/\/www.freidenker.org\/?cat=13"},"img":{"alt_text":"","src":"https:\/\/i0.wp.com\/www.freidenker.org\/fw17\/wp-content\/uploads\/2022\/03\/grh-erklaerung_800x450.jpg?fit=800%2C450&ssl=1&resize=350%2C200","width":350,"height":200,"srcset":"https:\/\/i0.wp.com\/www.freidenker.org\/fw17\/wp-content\/uploads\/2022\/03\/grh-erklaerung_800x450.jpg?fit=800%2C450&ssl=1&resize=350%2C200 1x, https:\/\/i0.wp.com\/www.freidenker.org\/fw17\/wp-content\/uploads\/2022\/03\/grh-erklaerung_800x450.jpg?fit=800%2C450&ssl=1&resize=525%2C300 1.5x, https:\/\/i0.wp.com\/www.freidenker.org\/fw17\/wp-content\/uploads\/2022\/03\/grh-erklaerung_800x450.jpg?fit=800%2C450&ssl=1&resize=700%2C400 2x"},"classes":[]},{"id":12909,"url":"https:\/\/www.freidenker.org\/?p=12909","url_meta":{"origin":15037,"position":5},"title":"Die Dreistigkeit der Bellizisten","author":"Webredaktion","date":"25. April 2022","format":false,"excerpt":"Beitrag von Wolfgang Bittner Milliarden und Abermilliarden f\u00fcr den Krieg, immer mehr Waffen und immer mehr Propaganda. Zu welchem Ende kann das f\u00fchren? Aber diese Frage scheinen sich in Politik und Medien nur sehr Wenige zu stellen. Stattdessen wird gegen Russland gehetzt und aufger\u00fcstet. Schon wer nach den Ursachen des\u2026","rel":"","context":"In &quot;Frieden - Antifaschismus - Solidarit\u00e4t&quot;","block_context":{"text":"Frieden - Antifaschismus - Solidarit\u00e4t","link":"https:\/\/www.freidenker.org\/?cat=13"},"img":{"alt_text":"","src":"https:\/\/i0.wp.com\/www.freidenker.org\/fw17\/wp-content\/uploads\/2022\/04\/burn-money-1463224_800x450.jpg?fit=800%2C450&ssl=1&resize=350%2C200","width":350,"height":200,"srcset":"https:\/\/i0.wp.com\/www.freidenker.org\/fw17\/wp-content\/uploads\/2022\/04\/burn-money-1463224_800x450.jpg?fit=800%2C450&ssl=1&resize=350%2C200 1x, https:\/\/i0.wp.com\/www.freidenker.org\/fw17\/wp-content\/uploads\/2022\/04\/burn-money-1463224_800x450.jpg?fit=800%2C450&ssl=1&resize=525%2C300 1.5x, https:\/\/i0.wp.com\/www.freidenker.org\/fw17\/wp-content\/uploads\/2022\/04\/burn-money-1463224_800x450.jpg?fit=800%2C450&ssl=1&resize=700%2C400 2x"},"classes":[]}],"_links":{"self":[{"href":"https:\/\/www.freidenker.org\/index.php?rest_route=\/wp\/v2\/posts\/15037","targetHints":{"allow":["GET"]}}],"collection":[{"href":"https:\/\/www.freidenker.org\/index.php?rest_route=\/wp\/v2\/posts"}],"about":[{"href":"https:\/\/www.freidenker.org\/index.php?rest_route=\/wp\/v2\/types\/post"}],"author":[{"embeddable":true,"href":"https:\/\/www.freidenker.org\/index.php?rest_route=\/wp\/v2\/users\/3"}],"replies":[{"embeddable":true,"href":"https:\/\/www.freidenker.org\/index.php?rest_route=%2Fwp%2Fv2%2Fcomments&post=15037"}],"version-history":[{"count":0,"href":"https:\/\/www.freidenker.org\/index.php?rest_route=\/wp\/v2\/posts\/15037\/revisions"}],"wp:featuredmedia":[{"embeddable":true,"href":"https:\/\/www.freidenker.org\/index.php?rest_route=\/wp\/v2\/media\/15043"}],"wp:attachment":[{"href":"https:\/\/www.freidenker.org\/index.php?rest_route=%2Fwp%2Fv2%2Fmedia&parent=15037"}],"wp:term":[{"taxonomy":"category","embeddable":true,"href":"https:\/\/www.freidenker.org\/index.php?rest_route=%2Fwp%2Fv2%2Fcategories&post=15037"},{"taxonomy":"post_tag","embeddable":true,"href":"https:\/\/www.freidenker.org\/index.php?rest_route=%2Fwp%2Fv2%2Ftags&post=15037"}],"curies":[{"name":"wp","href":"https:\/\/api.w.org\/{rel}","templated":true}]}}