{"id":15023,"date":"2023-01-20T03:25:24","date_gmt":"2023-01-20T02:25:24","guid":{"rendered":"https:\/\/www.freidenker.org\/?p=15023"},"modified":"2023-02-06T02:54:12","modified_gmt":"2023-02-06T01:54:12","slug":"michael-ballweg-und-der-rechtsstaat-im-gefaengnis-ohne-anklage","status":"publish","type":"post","link":"https:\/\/www.freidenker.org\/?p=15023","title":{"rendered":"Michael Ballweg und der Rechtsstaat: Im Gef\u00e4ngnis ohne Anklage"},"content":{"rendered":"<p><strong>Die Tatsache, dass der Initiator von &#8222;Querdenken&#8220; nach wie vor in Untersuchungshaft ist, mag an vielen einfach vorbeiziehen. Doch der Fall ist nicht nur wegen eines menschlichen Schicksals bedeutsam, sondern auch, weil man hierbei die Rechtsstaatlichkeit genauer in Augenschein nehmen sollte. <\/strong><\/p>\n<p><em>Eine Analyse von <strong>Tom J. Wellbrock<\/strong><\/em><\/p>\n<p><span style=\"font-size: 10pt;\">Erstver\u00f6ffentlichung am 18.01.2022 auf <a href=\"https:\/\/pressefreiheit.rtde.life\/inland\/160247-michael-ballweg-und-rechtsstaat-im\/\" target=\"_blank\" rel=\"noopener\">RT DE<\/a><\/span><\/p>\n<div class=\"EmbedBlock-root EmbedBlock-all\">\n<div class=\"AllEmbed\"><iframe loading=\"lazy\" title=\"Michael Ballweg und der Rechtsstaat: Im Gef\u00e4ngnis ohne Anklage\" src=\"https:\/\/www.podbean.com\/player-v2\/?i=8q6br-1368783-pb&amp;from=pb6admin&amp;share=1&amp;download=1&amp;rtl=0&amp;fonts=Arial&amp;skin=1&amp;font-color=&amp;logo_link=episode_page&amp;btn-skin=7\" width=\"100%\" height=\"150\" scrolling=\"no\" data-name=\"pb-iframe-player\" data-mce-fragment=\"1\"><\/iframe><\/div>\n<\/div>\n<p>&#8222;Irgendwas bleibt ja immer h\u00e4ngen.&#8220; Nach diesem Prinzip arbeiten deutsche Mainstreammedien schon seit einer gef\u00fchlten Ewigkeit. Man beachte nur die unz\u00e4hligen Behauptungen, Russland habe dies, Putin jenes zu verantworten. Selbst wenn bis zum heutigen Tag keine Beweise f\u00fcr die diversen Vorw\u00fcrfe geliefert werden konnten, stimmt es schon: Irgendwas h\u00e4ngen bleibt ja immer. Erst recht, wenn die Behauptungen und L\u00fcgen so lange wiederholt und als Beweise klassifiziert werden, dass sie zum allgemeinen Konsens erhoben werden. Man sehe und h\u00f6re sich nur Markus Lanz an, der \u2013 davon ist auszugehen \u2013 fest daran glaubt, dass f\u00fcr die Taten von Butscha Russland bzw. Putin verantwortlich sei. Im \u00dcbrigen ein Paradebeispiel daf\u00fcr, was es anrichten kann, sich einseitig zu informieren und die daraus gewonnenen Erkenntnisse munter weiterzutragen.<\/p>\n<p>Der Fall von Michael Ballweg ist \u00e4hnlich gelagert. Er sitzt seit Juni 2022 in Untersuchungshaft. Der Vorwurf lautet unter anderem Betrug und Geldw\u00e4sche. Schon als Ballweg verhaftet wurde, raunte es in Teilen der Republik, und auch vermeintlich linke oder progressive Kr\u00e4fte hielten ihr Verst\u00e4ndnis f\u00fcr Ballweg im engen Rahmen. Der Tenor: &#8222;Da wird schon was dran sein.&#8220; Also gewisserma\u00dfen die Vorstufe von &#8222;Irgendwas bleibt ja immer h\u00e4ngen.&#8220;<\/p>\n<h5>Reizfigur ohne Reiz<\/h5>\n<p>Zur Reizfigur wurde Ballweg vermutlich im Wesentlichen durch die Berichterstattung \u00fcber ihn. Zu den Hochzeiten des Corona-Protestes wurden die Medien nicht m\u00fcde, \u00fcber ihm Schmutzk\u00fcbel auszusch\u00fctten. Kein Wunder, stand er doch an der Spitze der Bewegung, die gemeinhin als &#8222;Covidioten&#8220;, &#8222;Impfgegner&#8220; oder &#8222;Corona-Leugner&#8220; verunglimpft wurde. Klar, dass jemand, der all das mitinitiiert hat, eine gro\u00dfe Angriffsfl\u00e4che bietet.<\/p>\n<p>Fakt ist aber auch, dass Ballweg nicht sonderlich auff\u00e4llig war. Trotz aller Medienpr\u00e4senz kommunizierte er eher zur\u00fcckhaltend und war nicht unbedingt f\u00fcr besonders radikale oder aggressive Auftritte bekannt. Damit verbunden war vielleicht eine gewisse Naivit\u00e4t, als er sich mit Reichsb\u00fcrgern traf. Wobei \u00fcber seine Beweggr\u00fcnde an dieser Stelle aufgrund zu weniger Hintergrundinformationen keine Einsch\u00e4tzung abgegeben werden soll.<\/p>\n<p>Wie auch immer: Ballweg schien sich selbst zu \u00fcberfordern, auch wenn er sich auf Einladungen von Medienformaten einlie\u00df, von denen er h\u00e4tte wissen k\u00f6nnen, dass sie f\u00fcr ihn nicht gut enden w\u00fcrden. Naivit\u00e4t? Selbst\u00fcbersch\u00e4tzung? Schwer zu sagen. Aber all das sind Details, die f\u00fcr die Bewertung seiner Haft keine Rolle spielen d\u00fcrfen.<\/p>\n<h5>Wo Recht zu Unrecht wird<\/h5>\n<p>Es war der Vorwurf des gewerbsm\u00e4\u00dfigen Betrugs, der Michael Ballweg am 22. Juni 2022 ins Gef\u00e4ngnis brachte. Laut &#8222;<a href=\"https:\/\/presse.querdenken-711.de\/pressemitteilungen\/u-haft-michael-ballweg-gerichtsverfahren-erneut-ohne-rechtliches-gehoer-abgebrochen\/\">Querdenken \u2013 711 Stuttgart<\/a>&#8220;\u00a0kam es aber bis zum heutigen Tag zu keiner Anklage. Das ist Unrecht, und nach Artikel 5 der Europ\u00e4ischen Menschenrechtskonvention hat Ballweg ein Recht auf Haftpr\u00fcfung. Im Zuge dieser Pr\u00fcfung muss das Gericht pr\u00fcfen und entscheiden, ob der Haftbefehl ausgesetzt oder aufgehoben werden soll.<\/p>\n<p>Diese Haftpr\u00fcfung dauerte laut Angaben der Verteidigung Ballwegs gerade einmal 11 Minuten. Danach brach der Haftrichter sie ab, ohne dass Ballweg sich vollst\u00e4ndig \u00e4u\u00dfern konnte. F\u00fcr die Anw\u00e4lte liegt hier ein Versto\u00df gegen das rechtliche Geh\u00f6r vor. Die Forderung nach einer Haftpr\u00fcfung wurde somit zum wiederholten Male ignoriert und das Verteidigerteam wird deswegen Haftbeschwerde beim Landgericht einlegen. Zudem wird der Fall dem Bundesverfassungsgericht vorgelegt, um im n\u00e4chsten Schritt den Europ\u00e4ischen Gerichtshof f\u00fcr Menschenrechte anrufen zu k\u00f6nnen.<\/p>\n<p>So viel zum Stand der Dinge.<\/p>\n<h5>Die \u00d6ffentlichkeit hat die Pflicht, das Recht zu verteidigen<\/h5>\n<p>Der Reflex liegt nahe: Ist Ballweg schuldig oder unschuldig? Diese Fragestellung ist nachvollziehbar im Sinne menschlichen F\u00fchlens und Denkens. Sie ist jedoch nicht nur fehl am Platz, sondern zielt v\u00f6llig am eigentlichen Problem vorbei.<\/p>\n<p>Abgesehen davon, dass nat\u00fcrlich auch f\u00fcr Michael Ballweg die Unschuldsvermutung gilt, ist das f\u00fcr die \u00d6ffentlichkeit interessante Detail ein anderes: Warum wurde noch immer keine Anklage erhoben? Die Antwort k\u00f6nnte diese Definition einer Anklageerhebung liefern:<\/p>\n<blockquote><p><em>&#8222;Eine\u00a0Anklage wird erhoben, wenn ein Staatsanwalt nach dem Abschluss eines strafrechtlichen Ermittlungsverfahrens zu der Einsch\u00e4tzung gelangt, dass die Wahrscheinlichkeit einer Verurteilung h\u00f6her ist als die Wahrscheinlichkeit eines Freispruchs (sog. hinreichender Tatverdacht).&#8220;<\/em><\/p><\/blockquote>\n<p>Nun ist es reine Spekulation, davon auszugehen, dass die Wahrscheinlichkeit einer Verurteilung zu hoch f\u00fcr eine Verurteilung ist, ebenso wie die umgekehrte Annahme spekulativ w\u00e4re. Fakt ist, dass die Staatsanwaltschaft seit einem halben Jahr keine Anklage erhoben hat. Fakt ist dar\u00fcber hinaus, dass die Haftpr\u00fcfung der \u00dcberpr\u00fcfung der Inhaftierung dienen sollte.<\/p>\n<p>Durch den vorzeitigen Abbruch der Haftpr\u00fcfung konnte nicht ermittelt werden, ob die Inhaftierung weiterhin gerechtfertigt ist. Diese Entscheidung traf das Amtsgericht.<\/p>\n<p>Es geht bei diesem Verfahren und seiner Beurteilung durch die \u00d6ffentlichkeit nicht darum, was Ballweg vorgeworfen wird. Da es die Aufgabe von Gerichten ist, durch faire Verfahren zu einem Urteil zu gelangen, ist das vermeintliche Vergehen also unerheblich. Was jedoch jeden etwas angeht, ist die Frage, ob \u00fcberhaupt ein faires Verfahren vorliegt. Und das scheint hier nicht der Fall zu sein.<\/p>\n<h5>Wohin f\u00fchrt der Weg?<\/h5>\n<p>Die grundlegende und gesellschaftliche Frage lautet also: Ist das Rechtssystem noch in Ordnung, funktioniert es noch? Mit Blick auf die Corona-Episode muss man das ohnehin anzweifeln. Und wenn der oberste Richter des Bundesverfassungsgerichts schon ganz offen mit der politischen Spitze im Land diniert und dar\u00fcber hinaus Entscheidungen trifft, die ganz im Sinne der politisch Verantwortlichen sind. Dann kann man nicht mehr von einem &#8222;Geschm\u00e4ckle&#8220; sprechen, sondern muss h\u00f6rbar die Stimme erheben.<\/p>\n<p>Michael Ballweg in Schutz zu nehmen, hat dabei nichts mit Parteilichkeit zu tun, wenn eklatant ist, dass das gesamte Verfahren inklusive der Inhaftierung nicht geltendem Recht entspricht. Man muss davon ausgehen, dass Ballwegs gr\u00f6\u00dftes Problem die Sache ist, f\u00fcr die er sich eingesetzt hat. Denn die Verz\u00f6gerung, ja, sogar Verweigerung einer Haftpr\u00fcfung und die Unterstellung, es bestehe Fluchtgefahr, weshalb die Haft nicht aufgehoben werden kann, sind konstruiert und dienen scheinbar nur der Einsch\u00fcchterung.<\/p>\n<p>Die Tatsache, dass Ballweg schon vor seiner Haft erheblichem Druck ausgesetzt war, in der \u00d6ffentlichkeit diffamierend dargestellt und medial vorverurteilt wurde, m\u00fcsste die \u00d6ffentlichkeit aufhorchen lassen. Und zwar unabh\u00e4ngig von der Frage, wie man pers\u00f6nlich zu ihm, seinen Aktivit\u00e4ten oder den ihm zur Last gelegten Vergehen steht. Dass das nicht passiert, d\u00fcrfte einkalkuliert sein, denn wer \u00f6ffentlich in ein schlechtes, kriminelles Licht ger\u00fcckt wird, kann kaum Solidarit\u00e4t erwarten.<\/p>\n<p>Abgesehen davon, dass damit indirekt das Prinzip der Unschuldsvermutung unterlaufen und der Ruf eines Menschen besch\u00e4digt wird, muss man die Frage stellen, wie all das weitergehen wird. Bereits jetzt scheint ein Punkt \u00fcberschritten zu sein, von dem es nur schwerlich eine Umkehrm\u00f6glichkeit gibt. Wenn sich Willk\u00fcr, Absprachen in Hinterzimmern und juristische Praxis entgegen geltenden Gesetzen erst einmal in die Gesellschaft &#8222;eingeschlichen&#8220; haben, ist ein Prozess in Gang gebracht, der meist nur in eine Richtung deutet: weiter und mehr davon.<\/p>\n<p>Ob Michael Ballweg schuldig im Sinne der (nicht erfolgten) Anklage ist, kann hier nicht beurteilt werden. Dass aber Staatsanwaltschaft und Amtsgericht schuldig im Sinne eines unfairen Verfahrens sind, das kann unter den gegebenen Umst\u00e4nden als gesichert betrachtet werden.<\/p>\n<p style=\"text-align: right;\"><em>Tom J. Wellbrock ist Texter und Sprecher. Gemeinsam mit Jens Berger betrieb er den Blog Spiegelfechter. Aktuell betreibt er mit Roberto J. De Lapuente den Blog\u00a0<a href=\"https:\/\/www.neulandrebellen.de\/\">Neulandrebellen.de<\/a>\u00a0und f\u00fchrt dort u.a. die Interviews.\u00a0<\/em><\/p>\n<p><span style=\"font-size: 10pt;\">Wir danken dem Autor f\u00fcr die Genehmigung zur Ver\u00f6ffentlichung dieses Beitrages.<\/span><\/p>\n<hr \/>\n<p><span style=\"font-size: 10pt;\">Bild: Demonstranten fordern Freiheit f\u00fcr Michael Ballweg, <span class=\"text_small\">Berlin, 1. August 2022<br \/>\nFoto: \u00a9 arbeiterfotografie.com<br \/>\nQuelle: <a href=\"http:\/\/www.nrhz.de\/flyer\/beitrag.php?id=28221\" target=\"_blank\" rel=\"noopener\">http:\/\/www.nrhz.de\/flyer\/beitrag.php?id=28221<\/a><br \/>\n<\/span><\/span><\/p>\n<hr \/>\n<p>&nbsp;<\/p>\n","protected":false},"excerpt":{"rendered":"<p><b>Eine Analyse von Tom J. Wellbrock<\/b><br \/>\n&#8222;Irgendwas bleibt ja immer h\u00e4ngen.&#8220; Nach diesem Prinzip arbeiten deutsche Mainstreammedien schon seit einer gef\u00fchlten Ewigkeit. Man beachte nur die unz\u00e4hligen Behauptungen, Russland habe dies, Putin jenes zu verantworten. Selbst wenn bis zum heutigen Tag keine Beweise f\u00fcr die diversen Vorw\u00fcrfe geliefert werden konnten, stimmt es schon: Irgendwas h\u00e4ngen bleibt ja immer. Erst recht, wenn die Behauptungen und L\u00fcgen so lange wiederholt und als Beweise klassifiziert werden, dass sie zum allgemeinen Konsens erhoben werden. Man sehe und h\u00f6re sich nur Markus Lanz an, der \u2013 davon ist auszugehen \u2013 fest daran glaubt, dass f\u00fcr die Taten von Butscha Russland bzw. Putin verantwortlich sei. <\/p>\n","protected":false},"author":3,"featured_media":15028,"comment_status":"closed","ping_status":"closed","sticky":false,"template":"","format":"standard","meta":{"colormag_page_container_layout":"default_layout","colormag_page_sidebar_layout":"default_layout","advanced_seo_description":"","jetpack_seo_html_title":"","jetpack_seo_noindex":false,"jetpack_post_was_ever_published":false,"footnotes":""},"categories":[12],"tags":[1256,162,1255,1461,964,1257,1333,842,650],"class_list":["post-15023","post","type-post","status-publish","format-standard","has-post-thumbnail","hentry","category-demokratie-medien-aufklaerung","tag-corona-virus","tag-demokratie","tag-gerichtsprozess","tag-impfzwang","tag-medienhetze","tag-pandemie","tag-querdenker","tag-recht","tag-rechtsordnung"],"jetpack_featured_media_url":"https:\/\/i0.wp.com\/www.freidenker.org\/fw17\/wp-content\/uploads\/2023\/01\/ballweg-0053_800x450.jpg?fit=800%2C450&ssl=1","jetpack_shortlink":"https:\/\/wp.me\/p9stpK-3Uj","jetpack-related-posts":[{"id":16372,"url":"https:\/\/www.freidenker.org\/?p=16372","url_meta":{"origin":15023,"position":0},"title":"Oskar Lafontaine im Interview: &#8222;Gr\u00fcne sind der US-Politik unterworfen&#8220;","author":"Webredaktion","date":"28. Juni 2023","format":false,"excerpt":"Interview von Tom J. Wellbrock mit Oskar Lafontaine Im Interview mit Tom Wellbrock streift der ehemalige SPD-Politiker und Gr\u00fcnder der Partei Die Linke, Oskar Lafontaine, zahlreiche Themenfelder der aktuellen Politik und r\u00e4umt mit vielem auf, was in Deutschland f\u00fcr wahr gehalten wird, jedoch nicht den Fakten entspricht.\u00a0Da ist zun\u00e4chst das\u2026","rel":"","context":"In &quot;Demokratie \u2013 Medien \u2013 Aufkl\u00e4rung&quot;","block_context":{"text":"Demokratie \u2013 Medien \u2013 Aufkl\u00e4rung","link":"https:\/\/www.freidenker.org\/?cat=12"},"img":{"alt_text":"","src":"https:\/\/i0.wp.com\/www.freidenker.org\/fw17\/wp-content\/uploads\/2023\/06\/Lafontaine_800x450.jpg?fit=800%2C450&ssl=1&resize=350%2C200","width":350,"height":200,"srcset":"https:\/\/i0.wp.com\/www.freidenker.org\/fw17\/wp-content\/uploads\/2023\/06\/Lafontaine_800x450.jpg?fit=800%2C450&ssl=1&resize=350%2C200 1x, https:\/\/i0.wp.com\/www.freidenker.org\/fw17\/wp-content\/uploads\/2023\/06\/Lafontaine_800x450.jpg?fit=800%2C450&ssl=1&resize=525%2C300 1.5x, https:\/\/i0.wp.com\/www.freidenker.org\/fw17\/wp-content\/uploads\/2023\/06\/Lafontaine_800x450.jpg?fit=800%2C450&ssl=1&resize=700%2C400 2x"},"classes":[]},{"id":17046,"url":"https:\/\/www.freidenker.org\/?p=17046","url_meta":{"origin":15023,"position":1},"title":"Baerbocks Gr\u00fc\u00dfe an die Diktatoren der Welt","author":"Webredaktion","date":"20. September 2023","format":false,"excerpt":"Beitrag von Tom J. Wellbrock Ich wei\u00df wirklich nicht mehr, wo ich anfangen soll. Beim Ukraine-Krieg? Von dem Annalena Baerbock immer noch denkt, er k\u00f6nnte milit\u00e4risch entschieden werden? F\u00fcr die Ukraine? Daran kann man vielleicht glauben, wenn man der Meinung ist, dass ukrainische Soldaten nachwachsen wie Bambus.\u00a0Nur tun sie das\u2026","rel":"","context":"In &quot;Demokratie \u2013 Medien \u2013 Aufkl\u00e4rung&quot;","block_context":{"text":"Demokratie \u2013 Medien \u2013 Aufkl\u00e4rung","link":"https:\/\/www.freidenker.org\/?cat=12"},"img":{"alt_text":"","src":"https:\/\/i0.wp.com\/www.freidenker.org\/fw17\/wp-content\/uploads\/2023\/09\/Blinken_und_Baerbock_G7_Nations_3_800x450.jpg?fit=800%2C450&ssl=1&resize=350%2C200","width":350,"height":200,"srcset":"https:\/\/i0.wp.com\/www.freidenker.org\/fw17\/wp-content\/uploads\/2023\/09\/Blinken_und_Baerbock_G7_Nations_3_800x450.jpg?fit=800%2C450&ssl=1&resize=350%2C200 1x, https:\/\/i0.wp.com\/www.freidenker.org\/fw17\/wp-content\/uploads\/2023\/09\/Blinken_und_Baerbock_G7_Nations_3_800x450.jpg?fit=800%2C450&ssl=1&resize=525%2C300 1.5x, https:\/\/i0.wp.com\/www.freidenker.org\/fw17\/wp-content\/uploads\/2023\/09\/Blinken_und_Baerbock_G7_Nations_3_800x450.jpg?fit=800%2C450&ssl=1&resize=700%2C400 2x"},"classes":[]},{"id":16291,"url":"https:\/\/www.freidenker.org\/?p=16291","url_meta":{"origin":15023,"position":2},"title":"Der Blasen-Kanzler","author":"Webredaktion","date":"10. Juni 2023","format":false,"excerpt":"Kaum trifft Olaf Scholz auf echte Menschen, flippt er aus Von\u00a0Tom J. Wellbrock Sawsan Chebli (SPD) ist bekannt f\u00fcr ihren unerm\u00fcdlichen Kampf gegen Hass und Hetze. K\u00fcrzlich hat sie sogar ein Buch mit dem Titel \"Laut\" herausgebracht, das seitdem viel diskutiert wird \u2013 vor allem von Chebli selbst. Sie wird\u2026","rel":"","context":"In &quot;Demokratie \u2013 Medien \u2013 Aufkl\u00e4rung&quot;","block_context":{"text":"Demokratie \u2013 Medien \u2013 Aufkl\u00e4rung","link":"https:\/\/www.freidenker.org\/?cat=12"},"img":{"alt_text":"","src":"https:\/\/i0.wp.com\/www.freidenker.org\/fw17\/wp-content\/uploads\/2023\/06\/Wahlplakat_Wahlen_2021_Olaf_Scholz_800x450.jpg?fit=800%2C450&ssl=1&resize=350%2C200","width":350,"height":200,"srcset":"https:\/\/i0.wp.com\/www.freidenker.org\/fw17\/wp-content\/uploads\/2023\/06\/Wahlplakat_Wahlen_2021_Olaf_Scholz_800x450.jpg?fit=800%2C450&ssl=1&resize=350%2C200 1x, https:\/\/i0.wp.com\/www.freidenker.org\/fw17\/wp-content\/uploads\/2023\/06\/Wahlplakat_Wahlen_2021_Olaf_Scholz_800x450.jpg?fit=800%2C450&ssl=1&resize=525%2C300 1.5x, https:\/\/i0.wp.com\/www.freidenker.org\/fw17\/wp-content\/uploads\/2023\/06\/Wahlplakat_Wahlen_2021_Olaf_Scholz_800x450.jpg?fit=800%2C450&ssl=1&resize=700%2C400 2x"},"classes":[]},{"id":14297,"url":"https:\/\/www.freidenker.org\/?p=14297","url_meta":{"origin":15023,"position":3},"title":"Scheinberichte \u00fcber &#8222;Scheinreferenden&#8220;","author":"Webredaktion","date":"30. September 2022","format":false,"excerpt":"\u2013 deutscher Energiemanager soll Job verlieren Beitrag von T. J. Wellbrock Wie erkennt man ein Scheinreferendum? Am besten, indem man sich vor Ort selbst ein Bild macht. Papier ist bekanntlich geduldig, und so liegt es nahe und kann als Sorgfalt bezeichnet werden, wenn Wahlbeobachter in das betroffene Gebiet geschickt werden.\u2026","rel":"","context":"In &quot;Demokratie \u2013 Medien \u2013 Aufkl\u00e4rung&quot;","block_context":{"text":"Demokratie \u2013 Medien \u2013 Aufkl\u00e4rung","link":"https:\/\/www.freidenker.org\/?cat=12"},"img":{"alt_text":"","src":"https:\/\/i0.wp.com\/www.freidenker.org\/fw17\/wp-content\/uploads\/2022\/09\/referendum_donezk_sputnik_800x450.jpg?fit=800%2C450&ssl=1&resize=350%2C200","width":350,"height":200,"srcset":"https:\/\/i0.wp.com\/www.freidenker.org\/fw17\/wp-content\/uploads\/2022\/09\/referendum_donezk_sputnik_800x450.jpg?fit=800%2C450&ssl=1&resize=350%2C200 1x, https:\/\/i0.wp.com\/www.freidenker.org\/fw17\/wp-content\/uploads\/2022\/09\/referendum_donezk_sputnik_800x450.jpg?fit=800%2C450&ssl=1&resize=525%2C300 1.5x, https:\/\/i0.wp.com\/www.freidenker.org\/fw17\/wp-content\/uploads\/2022\/09\/referendum_donezk_sputnik_800x450.jpg?fit=800%2C450&ssl=1&resize=700%2C400 2x"},"classes":[]},{"id":19272,"url":"https:\/\/www.freidenker.org\/?p=19272","url_meta":{"origin":15023,"position":4},"title":"Weil der Westen es will: Es wird Krieg geben","author":"Webredaktion","date":"3. Juni 2024","format":false,"excerpt":"Beitrag von Tom J. Wellbrock Die Argumentation des Westens \u2013 und auch Deutschlands \u2013 hat sich ge\u00e4ndert. Dadurch begibt er sich in eine Situation, aus der er, selbst wenn er es wollte, nicht mehr so leicht herauskommt. Man kann sich den Kopf dar\u00fcber zerbrechen, welchen Antrieb die einzelnen Beteiligten haben,\u2026","rel":"","context":"In &quot;Demokratie \u2013 Medien \u2013 Aufkl\u00e4rung&quot;","block_context":{"text":"Demokratie \u2013 Medien \u2013 Aufkl\u00e4rung","link":"https:\/\/www.freidenker.org\/?cat=12"},"img":{"alt_text":"","src":"https:\/\/i0.wp.com\/www.freidenker.org\/fw17\/wp-content\/uploads\/2024\/06\/soldier-8499586_800x450.jpg?fit=800%2C450&ssl=1&resize=350%2C200","width":350,"height":200,"srcset":"https:\/\/i0.wp.com\/www.freidenker.org\/fw17\/wp-content\/uploads\/2024\/06\/soldier-8499586_800x450.jpg?fit=800%2C450&ssl=1&resize=350%2C200 1x, https:\/\/i0.wp.com\/www.freidenker.org\/fw17\/wp-content\/uploads\/2024\/06\/soldier-8499586_800x450.jpg?fit=800%2C450&ssl=1&resize=525%2C300 1.5x, https:\/\/i0.wp.com\/www.freidenker.org\/fw17\/wp-content\/uploads\/2024\/06\/soldier-8499586_800x450.jpg?fit=800%2C450&ssl=1&resize=700%2C400 2x"},"classes":[]},{"id":14660,"url":"https:\/\/www.freidenker.org\/?p=14660","url_meta":{"origin":15023,"position":5},"title":"Karl Lauterbach: L\u00fcgen f\u00fcr die Meinungsfreiheit","author":"Webredaktion","date":"14. November 2022","format":false,"excerpt":"Beitrag von Tom J. Wellbrock Die Meinungsfreiheit ist in Gefahr, ganz ohne Zweifel. An allen Ecken und Enden werden unerw\u00fcnschte Meinungen diffamiert und in Schubladen gesteckt; wer seine Ansicht in die Welt hinaustr\u00e4gt, muss mit massiven Angriffen rechnen, die bis zum Rufmord und zur Zerst\u00f6rung der eigenen Existenz reichen. Doch\u2026","rel":"","context":"In &quot;Demokratie \u2013 Medien \u2013 Aufkl\u00e4rung&quot;","block_context":{"text":"Demokratie \u2013 Medien \u2013 Aufkl\u00e4rung","link":"https:\/\/www.freidenker.org\/?cat=12"},"img":{"alt_text":"","src":"https:\/\/i0.wp.com\/www.freidenker.org\/fw17\/wp-content\/uploads\/2022\/11\/Karl_Lauterbach-Maischberger-5317_800x450.jpg?fit=800%2C450&ssl=1&resize=350%2C200","width":350,"height":200,"srcset":"https:\/\/i0.wp.com\/www.freidenker.org\/fw17\/wp-content\/uploads\/2022\/11\/Karl_Lauterbach-Maischberger-5317_800x450.jpg?fit=800%2C450&ssl=1&resize=350%2C200 1x, https:\/\/i0.wp.com\/www.freidenker.org\/fw17\/wp-content\/uploads\/2022\/11\/Karl_Lauterbach-Maischberger-5317_800x450.jpg?fit=800%2C450&ssl=1&resize=525%2C300 1.5x, https:\/\/i0.wp.com\/www.freidenker.org\/fw17\/wp-content\/uploads\/2022\/11\/Karl_Lauterbach-Maischberger-5317_800x450.jpg?fit=800%2C450&ssl=1&resize=700%2C400 2x"},"classes":[]}],"_links":{"self":[{"href":"https:\/\/www.freidenker.org\/index.php?rest_route=\/wp\/v2\/posts\/15023","targetHints":{"allow":["GET"]}}],"collection":[{"href":"https:\/\/www.freidenker.org\/index.php?rest_route=\/wp\/v2\/posts"}],"about":[{"href":"https:\/\/www.freidenker.org\/index.php?rest_route=\/wp\/v2\/types\/post"}],"author":[{"embeddable":true,"href":"https:\/\/www.freidenker.org\/index.php?rest_route=\/wp\/v2\/users\/3"}],"replies":[{"embeddable":true,"href":"https:\/\/www.freidenker.org\/index.php?rest_route=%2Fwp%2Fv2%2Fcomments&post=15023"}],"version-history":[{"count":0,"href":"https:\/\/www.freidenker.org\/index.php?rest_route=\/wp\/v2\/posts\/15023\/revisions"}],"wp:featuredmedia":[{"embeddable":true,"href":"https:\/\/www.freidenker.org\/index.php?rest_route=\/wp\/v2\/media\/15028"}],"wp:attachment":[{"href":"https:\/\/www.freidenker.org\/index.php?rest_route=%2Fwp%2Fv2%2Fmedia&parent=15023"}],"wp:term":[{"taxonomy":"category","embeddable":true,"href":"https:\/\/www.freidenker.org\/index.php?rest_route=%2Fwp%2Fv2%2Fcategories&post=15023"},{"taxonomy":"post_tag","embeddable":true,"href":"https:\/\/www.freidenker.org\/index.php?rest_route=%2Fwp%2Fv2%2Ftags&post=15023"}],"curies":[{"name":"wp","href":"https:\/\/api.w.org\/{rel}","templated":true}]}}