{"id":15002,"date":"2023-01-17T03:28:34","date_gmt":"2023-01-17T02:28:34","guid":{"rendered":"https:\/\/www.freidenker.org\/?p=15002"},"modified":"2023-02-04T13:27:44","modified_gmt":"2023-02-04T12:27:44","slug":"klartext-ueber-die-usa-die-nato-und-die-europaeischen-medien","status":"publish","type":"post","link":"https:\/\/www.freidenker.org\/?p=15002","title":{"rendered":"Klartext \u00fcber die USA, die NATO und die europ\u00e4ischen Medien"},"content":{"rendered":"<p><em><strong>Pierre de Gaulle<\/strong> im Interview mit <strong>Irina Dubois<\/strong><\/em><\/p>\n<h5><span class=\"style-scope yt-formatted-string\" dir=\"auto\">Eine Aufzeichnung der L\u2019Association Dialogue Franco-Russe mit deutscher Synchronisation<\/span><\/h5>\n<p><span style=\"font-size: 10pt;\">Ver\u00f6ffentlicht am 11.01.2023 auf <a href=\"https:\/\/weltnetz.tv\/video\/2819-klartext-ueber-die-usa-die-nato-und-die-europaeischen-medien\" target=\"_blank\" rel=\"noopener\">weltnetz.tv<\/a><\/span><\/p>\n<p><em>Deutsche Sprecher: <strong>Karin Masche<\/strong> und <strong>Diether Dehm<\/strong><\/em><\/p>\n<div class=\"jetpack-video-wrapper\"><span class=\"embed-youtube\" style=\"text-align:center; display: block;\"><iframe loading=\"lazy\" class=\"youtube-player\" width=\"800\" height=\"450\" src=\"https:\/\/www.youtube.com\/embed\/HhJZjloxc80?version=3&#038;rel=1&#038;showsearch=0&#038;showinfo=1&#038;iv_load_policy=1&#038;fs=1&#038;hl=de-DE&#038;autohide=2&#038;wmode=transparent\" allowfullscreen=\"true\" style=\"border:0;\" sandbox=\"allow-scripts allow-same-origin allow-popups allow-presentation allow-popups-to-escape-sandbox\"><\/iframe><\/span><\/div>\n<p><span class=\"style-scope yt-formatted-string\" dir=\"auto\">Irina Dubois, die verantwortliche Leiterin der Vereinigung \u00abL\u2019Association Dialogue Franco-Russe\u00bb, hat kurz vor Weihnachten mit Pierre de Gaulle, dem Enkel von General de Gaulle, ein Interview gemacht. Das Thema des Interviews waren die internationalen Beziehungen zwischen Frankreich und der EU auf der einen Seite und Russland auf der anderen Seite. Pierre de Gaulle hat keine Hemmungen, die Verlogenheit der USA und der NATO und der gro\u00dfen europ\u00e4ischen Medien \u00f6ffentlich an den Pranger zu stellen und auf die wirtschaftlichen Probleme in der EU hinzuweisen, zu denen die westlichen Sanktionen gegen Russland jetzt f\u00fchren werden.<br \/>\n<\/span><\/p>\n<p><span class=\"style-scope yt-formatted-string\" dir=\"auto\">Weltnetz hat das Originalvideo (<img data-recalc-dims=\"1\" loading=\"lazy\" decoding=\"async\" data-attachment-id=\"13977\" data-permalink=\"https:\/\/www.freidenker.org\/?attachment_id=13977\" data-orig-file=\"https:\/\/i0.wp.com\/www.freidenker.org\/fw17\/wp-content\/uploads\/2022\/08\/External_Link_24px.jpg?fit=24%2C24&amp;ssl=1\" data-orig-size=\"24,24\" data-comments-opened=\"0\" data-image-meta=\"{&quot;aperture&quot;:&quot;0&quot;,&quot;credit&quot;:&quot;&quot;,&quot;camera&quot;:&quot;&quot;,&quot;caption&quot;:&quot;&quot;,&quot;created_timestamp&quot;:&quot;0&quot;,&quot;copyright&quot;:&quot;&quot;,&quot;focal_length&quot;:&quot;0&quot;,&quot;iso&quot;:&quot;0&quot;,&quot;shutter_speed&quot;:&quot;0&quot;,&quot;title&quot;:&quot;&quot;,&quot;orientation&quot;:&quot;1&quot;}\" data-image-title=\"External_Link_24px icon\" data-image-description=\"\" data-image-caption=\"\" data-large-file=\"https:\/\/i0.wp.com\/www.freidenker.org\/fw17\/wp-content\/uploads\/2022\/08\/External_Link_24px.jpg?fit=24%2C24&amp;ssl=1\" class=\"alignnone wp-image-13977\" src=\"https:\/\/i0.wp.com\/www.freidenker.org\/fw17\/wp-content\/uploads\/2022\/08\/External_Link_24px.jpg?resize=12%2C12&#038;ssl=1\" alt=\"\" width=\"12\" height=\"12\" \/> <a href=\"https:\/\/www.agoravox.fr\/tribune-libre\/article\/nouvelle-intervention-de-pierre-de-245717\" target=\"_blank\" rel=\"noopener\">https:\/\/www.agoravox.fr<\/a><\/span><span class=\"style-scope yt-formatted-string\" dir=\"auto\">) mit der deutschen \u00dcbersetzung von Globalbridge (<img data-recalc-dims=\"1\" loading=\"lazy\" decoding=\"async\" data-attachment-id=\"13977\" data-permalink=\"https:\/\/www.freidenker.org\/?attachment_id=13977\" data-orig-file=\"https:\/\/i0.wp.com\/www.freidenker.org\/fw17\/wp-content\/uploads\/2022\/08\/External_Link_24px.jpg?fit=24%2C24&amp;ssl=1\" data-orig-size=\"24,24\" data-comments-opened=\"0\" data-image-meta=\"{&quot;aperture&quot;:&quot;0&quot;,&quot;credit&quot;:&quot;&quot;,&quot;camera&quot;:&quot;&quot;,&quot;caption&quot;:&quot;&quot;,&quot;created_timestamp&quot;:&quot;0&quot;,&quot;copyright&quot;:&quot;&quot;,&quot;focal_length&quot;:&quot;0&quot;,&quot;iso&quot;:&quot;0&quot;,&quot;shutter_speed&quot;:&quot;0&quot;,&quot;title&quot;:&quot;&quot;,&quot;orientation&quot;:&quot;1&quot;}\" data-image-title=\"External_Link_24px icon\" data-image-description=\"\" data-image-caption=\"\" data-large-file=\"https:\/\/i0.wp.com\/www.freidenker.org\/fw17\/wp-content\/uploads\/2022\/08\/External_Link_24px.jpg?fit=24%2C24&amp;ssl=1\" class=\"alignnone wp-image-13977\" src=\"https:\/\/i0.wp.com\/www.freidenker.org\/fw17\/wp-content\/uploads\/2022\/08\/External_Link_24px.jpg?resize=12%2C12&#038;ssl=1\" alt=\"\" width=\"12\" height=\"12\" \/> <a href=\"https:\/\/globalbridge.ch\/pierre-de-gaulle-enkel-von-charles-de-gaulle-spricht-klartext-ueber-die-usa-die-nato-und-die-europaeischen-medien\/\" target=\"_blank\" rel=\"noopener\">https:\/\/globalbridge.ch\/<\/a>) <\/span><span class=\"style-scope yt-formatted-string\" dir=\"auto\">versehen. <\/span>Die Sprecherin und der Sprecher der \u00dcbersetzung ins Deutsche sind Karin Masche und Diether Dehm. *<\/p>\n<p><span class=\"style-scope yt-formatted-string\" dir=\"auto\">Nat\u00fcrlich sind dessen Positionen weder auf Basis marxistischer Analyse, noch deckungsgleich mit unseren Auffassungen. Aber sie geben einen antiimperialistischen Tenor wieder, der nicht nur die Beziehung der Grand Nation Frankreich mit Russland, sondern auch einen gemeinsamen Konsens jener Staaten, den Domenico Losurdo 2016 als \u201eantikolonialistischen globalen S\u00fcden\u201c mit China, Indien, Russland usw umfasst. (Siehe dazu auch den Beitrag in <a href=\"https:\/\/www.marxistische-blaetter.de\/de\/topic\/967.2023-1.html\" target=\"_blank\" rel=\"noopener\">\u201eMarxistische Bl\u00e4tter\u201c Jan. 2023<\/a> Seite 160).<\/span><\/p>\n<p style=\"text-align: right;\">* <em>Dr. Diether Dehm ist Mitglied des Deutschen Freidenker-Verbandes und seines Beirats<\/em><\/p>\n<p><span style=\"font-size: 10pt;\">Direktlink zum Video auf YouTube: <a href=\"https:\/\/www.youtube.com\/watch?v=HhJZjloxc80\" target=\"_blank\" rel=\"noopener\">https:\/\/www.youtube.com\/watch?v=HhJZjloxc80<\/a><\/span><\/p>\n<hr \/>\n<p><span style=\"font-size: 10pt;\">Bild oben: Screenshot aus dem Video von <span class=\"style-scope yt-formatted-string\" dir=\"auto\"><a href=\"https:\/\/www.agoravox.fr\/tribune-libre\/article\/nouvelle-intervention-de-pierre-de-245717\" target=\"_blank\" rel=\"noopener\">agoravox.fr<\/a><\/span><\/span><\/p>\n<hr \/>\n<p>&nbsp;<\/p>\n","protected":false},"excerpt":{"rendered":"<p><b>Pierre de Gaulle im Interview mit Irina Dubois<\/b><br \/>\nDas Thema des Interviews sind die internationalen Beziehungen zwischen Frankreich und der EU auf der einen Seite und Russland auf der anderen Seite. Pierre de Gaulle hat keine Hemmungen, die Verlogenheit der USA und der NATO und der gro\u00dfen europ\u00e4ischen Medien \u00f6ffentlich an den Pranger zu stellen und auf die wirtschaftlichen Probleme in der EU hinzuweisen, zu denen die westlichen Sanktionen gegen Russland jetzt f\u00fchren werden.  Weltnetz hat das Originalvideo mit der deutschen \u00dcbersetzung von Globalbridge versehen. Die Sprecherin und der Sprecher der \u00dcbersetzung ins Deutsche sind Karin Masche und Diether Dehm.<\/p>\n","protected":false},"author":3,"featured_media":15003,"comment_status":"closed","ping_status":"closed","sticky":false,"template":"","format":"standard","meta":{"colormag_page_container_layout":"default_layout","colormag_page_sidebar_layout":"default_layout","advanced_seo_description":"","jetpack_seo_html_title":"","jetpack_seo_noindex":false,"jetpack_post_was_ever_published":false,"footnotes":""},"categories":[12],"tags":[699,182,1027,62,222,719,185,122],"class_list":["post-15002","post","type-post","status-publish","format-standard","has-post-thumbnail","hentry","category-demokratie-medien-aufklaerung","tag-aussenpolitik","tag-eu","tag-frankreich","tag-interview","tag-russland","tag-sanktionen","tag-usa","tag-wirtschaft"],"jetpack_featured_media_url":"https:\/\/i0.wp.com\/www.freidenker.org\/fw17\/wp-content\/uploads\/2023\/01\/interview_degaulle_2_800x450.jpg?fit=800%2C450&ssl=1","jetpack_shortlink":"https:\/\/wp.me\/p9stpK-3TY","jetpack-related-posts":[{"id":15220,"url":"https:\/\/www.freidenker.org\/?p=15220","url_meta":{"origin":15002,"position":0},"title":"Die Kriegsgefahr w\u00e4chst","author":"Webredaktion","date":"14. Februar 2023","format":false,"excerpt":"Standpunkt von Annette Groth Die Eskalation des Krieges in der Ukraine dreht sich immer schneller. Mit der Ausbildung von 70 ukrainischen Soldaten am Flugabwehrraketensystem Patriot, die am 2.2. begonnen hat, ist Deutschland laut einem Gutachten des Wissenschaftlichen Dienstes des Deutschen Bundestags vom 16.\u2009M\u00e4rz 2022 jetzt Kriegspartei: mit der Ausbildung wird\u2026","rel":"","context":"In &quot;Frieden - Antifaschismus - Solidarit\u00e4t&quot;","block_context":{"text":"Frieden - Antifaschismus - Solidarit\u00e4t","link":"https:\/\/www.freidenker.org\/?cat=13"},"img":{"alt_text":"","src":"https:\/\/i0.wp.com\/www.freidenker.org\/fw17\/wp-content\/uploads\/2023\/02\/ammo-1608865_800x450.jpg?fit=800%2C450&ssl=1&resize=350%2C200","width":350,"height":200,"srcset":"https:\/\/i0.wp.com\/www.freidenker.org\/fw17\/wp-content\/uploads\/2023\/02\/ammo-1608865_800x450.jpg?fit=800%2C450&ssl=1&resize=350%2C200 1x, https:\/\/i0.wp.com\/www.freidenker.org\/fw17\/wp-content\/uploads\/2023\/02\/ammo-1608865_800x450.jpg?fit=800%2C450&ssl=1&resize=525%2C300 1.5x, https:\/\/i0.wp.com\/www.freidenker.org\/fw17\/wp-content\/uploads\/2023\/02\/ammo-1608865_800x450.jpg?fit=800%2C450&ssl=1&resize=700%2C400 2x"},"classes":[]},{"id":16372,"url":"https:\/\/www.freidenker.org\/?p=16372","url_meta":{"origin":15002,"position":1},"title":"Oskar Lafontaine im Interview: &#8222;Gr\u00fcne sind der US-Politik unterworfen&#8220;","author":"Webredaktion","date":"28. Juni 2023","format":false,"excerpt":"Interview von Tom J. Wellbrock mit Oskar Lafontaine Im Interview mit Tom Wellbrock streift der ehemalige SPD-Politiker und Gr\u00fcnder der Partei Die Linke, Oskar Lafontaine, zahlreiche Themenfelder der aktuellen Politik und r\u00e4umt mit vielem auf, was in Deutschland f\u00fcr wahr gehalten wird, jedoch nicht den Fakten entspricht.\u00a0Da ist zun\u00e4chst das\u2026","rel":"","context":"In &quot;Demokratie \u2013 Medien \u2013 Aufkl\u00e4rung&quot;","block_context":{"text":"Demokratie \u2013 Medien \u2013 Aufkl\u00e4rung","link":"https:\/\/www.freidenker.org\/?cat=12"},"img":{"alt_text":"","src":"https:\/\/i0.wp.com\/www.freidenker.org\/fw17\/wp-content\/uploads\/2023\/06\/Lafontaine_800x450.jpg?fit=800%2C450&ssl=1&resize=350%2C200","width":350,"height":200,"srcset":"https:\/\/i0.wp.com\/www.freidenker.org\/fw17\/wp-content\/uploads\/2023\/06\/Lafontaine_800x450.jpg?fit=800%2C450&ssl=1&resize=350%2C200 1x, https:\/\/i0.wp.com\/www.freidenker.org\/fw17\/wp-content\/uploads\/2023\/06\/Lafontaine_800x450.jpg?fit=800%2C450&ssl=1&resize=525%2C300 1.5x, https:\/\/i0.wp.com\/www.freidenker.org\/fw17\/wp-content\/uploads\/2023\/06\/Lafontaine_800x450.jpg?fit=800%2C450&ssl=1&resize=700%2C400 2x"},"classes":[]},{"id":11342,"url":"https:\/\/www.freidenker.org\/?p=11342","url_meta":{"origin":15002,"position":2},"title":"Aufruf f\u00fcr NATO- und EU-Austritt Frankreichs","author":"Webredaktion","date":"4. Oktober 2021","format":false,"excerpt":"Wir dokumentieren einen Aufruf, in dem der definitive Austritt Frankreichs aus der NATO und der EU gefordert wird, 65 Jahre nach der Entscheidung von General de Gaulle, die amerikanischen Truppen der NATO aus Frankreich auszuweisen und die franz\u00f6sischen Streitkr\u00e4fte aus den Kommandostrukturen der NATO zur\u00fcckzuziehen. Die Erstunterzeichner des Aufrufs sind\u2026","rel":"","context":"In &quot;Frieden - Antifaschismus - Solidarit\u00e4t&quot;","block_context":{"text":"Frieden - Antifaschismus - Solidarit\u00e4t","link":"https:\/\/www.freidenker.org\/?cat=13"},"img":{"alt_text":"","src":"https:\/\/i0.wp.com\/www.freidenker.org\/fw17\/wp-content\/uploads\/2021\/10\/Franzoesische_Kunstflugstaffel_800x450.jpg?fit=800%2C450&ssl=1&resize=350%2C200","width":350,"height":200,"srcset":"https:\/\/i0.wp.com\/www.freidenker.org\/fw17\/wp-content\/uploads\/2021\/10\/Franzoesische_Kunstflugstaffel_800x450.jpg?fit=800%2C450&ssl=1&resize=350%2C200 1x, https:\/\/i0.wp.com\/www.freidenker.org\/fw17\/wp-content\/uploads\/2021\/10\/Franzoesische_Kunstflugstaffel_800x450.jpg?fit=800%2C450&ssl=1&resize=525%2C300 1.5x, https:\/\/i0.wp.com\/www.freidenker.org\/fw17\/wp-content\/uploads\/2021\/10\/Franzoesische_Kunstflugstaffel_800x450.jpg?fit=800%2C450&ssl=1&resize=700%2C400 2x"},"classes":[]},{"id":23609,"url":"https:\/\/www.freidenker.org\/?p=23609","url_meta":{"origin":15002,"position":3},"title":"Historische Abl\u00e4ufe als Zumutung","author":"Webredaktion","date":"21. November 2025","format":false,"excerpt":"Beitrag von Gert Ewen Ungar Das russische Au\u00dfenministerium hat der italienischen Tageszeitung Corriere della Sera ein Interview mit Au\u00dfenminister Sergei Lawrow angeboten. Die Zeitung nahm das Angebot an und schickte Fragen. Die Fragen speisen sich aus dem Geist der westlichen Propaganda. Die Antworten Lawrows darauf korrigieren diese Sicht, indem sie\u2026","rel":"","context":"In &quot;Demokratie \u2013 Medien \u2013 Aufkl\u00e4rung&quot;","block_context":{"text":"Demokratie \u2013 Medien \u2013 Aufkl\u00e4rung","link":"https:\/\/www.freidenker.org\/?cat=12"},"img":{"alt_text":"","src":"https:\/\/i0.wp.com\/www.freidenker.org\/fw17\/wp-content\/uploads\/2025\/11\/Lawrow_UNESCO_meeting_2022-12-20_01_800x450.jpg?fit=800%2C450&ssl=1&resize=350%2C200","width":350,"height":200,"srcset":"https:\/\/i0.wp.com\/www.freidenker.org\/fw17\/wp-content\/uploads\/2025\/11\/Lawrow_UNESCO_meeting_2022-12-20_01_800x450.jpg?fit=800%2C450&ssl=1&resize=350%2C200 1x, https:\/\/i0.wp.com\/www.freidenker.org\/fw17\/wp-content\/uploads\/2025\/11\/Lawrow_UNESCO_meeting_2022-12-20_01_800x450.jpg?fit=800%2C450&ssl=1&resize=525%2C300 1.5x, https:\/\/i0.wp.com\/www.freidenker.org\/fw17\/wp-content\/uploads\/2025\/11\/Lawrow_UNESCO_meeting_2022-12-20_01_800x450.jpg?fit=800%2C450&ssl=1&resize=700%2C400 2x"},"classes":[]},{"id":23224,"url":"https:\/\/www.freidenker.org\/?p=23224","url_meta":{"origin":15002,"position":4},"title":"Macron auf Kurs Richtung Abgrund","author":"Webredaktion","date":"17. Oktober 2025","format":false,"excerpt":"Versuch, die Vorg\u00e4nge im Nachbarland zu verstehen Ein Kommentar von Tilo Gr\u00e4ser Die spinnen, die Franzosen \u2013 das lie\u00dfe sich angesichts der Vorg\u00e4nge im Nachbarland sagen. Wobei das nicht f\u00fcr alle Franzosen gilt, sondern insbesondere f\u00fcr die politischen F\u00fchrungskr\u00e4fte wie Pr\u00e4sident Emmanuel Macron. Der hat den zuvor gescheiterten Premierminister S\u00e9bastien\u2026","rel":"","context":"In &quot;Demokratie \u2013 Medien \u2013 Aufkl\u00e4rung&quot;","block_context":{"text":"Demokratie \u2013 Medien \u2013 Aufkl\u00e4rung","link":"https:\/\/www.freidenker.org\/?cat=12"},"img":{"alt_text":"","src":"https:\/\/i0.wp.com\/www.freidenker.org\/fw17\/wp-content\/uploads\/2025\/10\/Macron_on_Anniversary_of_D-Day_in_Normandy_800x450.jpg?fit=800%2C450&ssl=1&resize=350%2C200","width":350,"height":200,"srcset":"https:\/\/i0.wp.com\/www.freidenker.org\/fw17\/wp-content\/uploads\/2025\/10\/Macron_on_Anniversary_of_D-Day_in_Normandy_800x450.jpg?fit=800%2C450&ssl=1&resize=350%2C200 1x, https:\/\/i0.wp.com\/www.freidenker.org\/fw17\/wp-content\/uploads\/2025\/10\/Macron_on_Anniversary_of_D-Day_in_Normandy_800x450.jpg?fit=800%2C450&ssl=1&resize=525%2C300 1.5x, https:\/\/i0.wp.com\/www.freidenker.org\/fw17\/wp-content\/uploads\/2025\/10\/Macron_on_Anniversary_of_D-Day_in_Normandy_800x450.jpg?fit=800%2C450&ssl=1&resize=700%2C400 2x"},"classes":[]},{"id":8650,"url":"https:\/\/www.freidenker.org\/?p=8650","url_meta":{"origin":15002,"position":5},"title":"&#8222;Br\u00fcssel dreht nicht das gro\u00dfe Rad, Br\u00fcssel dreht durch&#8220;","author":"Webredaktion","date":"21. September 2020","format":false,"excerpt":"Interview von RT Deutsch mit Willy Wimmer Der CDU-Politiker und ehemalige Staatssekret\u00e4r Willy Wimmer \u00e4u\u00dfert sich im RT-Interview zum Fall Nawalny und zu den Forderungen des EU-Parlaments nach h\u00e4rteren Sanktionen gegen Russland. F: Die Resolution wurde angenommen, aber erwarten Sie angesichts ihres unverbindlichen Charakters weitere ernsthafte Schritte gegen Russland? A:\u2026","rel":"","context":"In &quot;Demokratie \u2013 Medien \u2013 Aufkl\u00e4rung&quot;","block_context":{"text":"Demokratie \u2013 Medien \u2013 Aufkl\u00e4rung","link":"https:\/\/www.freidenker.org\/?cat=12"},"img":{"alt_text":"","src":"https:\/\/i0.wp.com\/www.freidenker.org\/fw17\/wp-content\/uploads\/2020\/09\/willy_wimmer_rt_800x450.jpg?fit=800%2C450&ssl=1&resize=350%2C200","width":350,"height":200,"srcset":"https:\/\/i0.wp.com\/www.freidenker.org\/fw17\/wp-content\/uploads\/2020\/09\/willy_wimmer_rt_800x450.jpg?fit=800%2C450&ssl=1&resize=350%2C200 1x, https:\/\/i0.wp.com\/www.freidenker.org\/fw17\/wp-content\/uploads\/2020\/09\/willy_wimmer_rt_800x450.jpg?fit=800%2C450&ssl=1&resize=525%2C300 1.5x, https:\/\/i0.wp.com\/www.freidenker.org\/fw17\/wp-content\/uploads\/2020\/09\/willy_wimmer_rt_800x450.jpg?fit=800%2C450&ssl=1&resize=700%2C400 2x"},"classes":[]}],"_links":{"self":[{"href":"https:\/\/www.freidenker.org\/index.php?rest_route=\/wp\/v2\/posts\/15002","targetHints":{"allow":["GET"]}}],"collection":[{"href":"https:\/\/www.freidenker.org\/index.php?rest_route=\/wp\/v2\/posts"}],"about":[{"href":"https:\/\/www.freidenker.org\/index.php?rest_route=\/wp\/v2\/types\/post"}],"author":[{"embeddable":true,"href":"https:\/\/www.freidenker.org\/index.php?rest_route=\/wp\/v2\/users\/3"}],"replies":[{"embeddable":true,"href":"https:\/\/www.freidenker.org\/index.php?rest_route=%2Fwp%2Fv2%2Fcomments&post=15002"}],"version-history":[{"count":0,"href":"https:\/\/www.freidenker.org\/index.php?rest_route=\/wp\/v2\/posts\/15002\/revisions"}],"wp:featuredmedia":[{"embeddable":true,"href":"https:\/\/www.freidenker.org\/index.php?rest_route=\/wp\/v2\/media\/15003"}],"wp:attachment":[{"href":"https:\/\/www.freidenker.org\/index.php?rest_route=%2Fwp%2Fv2%2Fmedia&parent=15002"}],"wp:term":[{"taxonomy":"category","embeddable":true,"href":"https:\/\/www.freidenker.org\/index.php?rest_route=%2Fwp%2Fv2%2Fcategories&post=15002"},{"taxonomy":"post_tag","embeddable":true,"href":"https:\/\/www.freidenker.org\/index.php?rest_route=%2Fwp%2Fv2%2Ftags&post=15002"}],"curies":[{"name":"wp","href":"https:\/\/api.w.org\/{rel}","templated":true}]}}