{"id":14998,"date":"2023-01-17T03:28:17","date_gmt":"2023-01-17T02:28:17","guid":{"rendered":"https:\/\/www.freidenker.org\/?p=14998"},"modified":"2023-02-04T13:27:25","modified_gmt":"2023-02-04T12:27:25","slug":"anton-hofreiter-kein-platz-auf-dem-trecker-dann-will-ich-wenigstens-krieg","status":"publish","type":"post","link":"https:\/\/www.freidenker.org\/?p=14998","title":{"rendered":"Anton Hofreiter: Kein Platz auf dem Trecker? Dann will ich wenigstens Krieg"},"content":{"rendered":"<p><strong>Unter den Fetischisten des Krieges sticht der Gr\u00fcne Anton Hofreiter um eine Nuance unter den anderen Kollegen hervor. Dabei zeigt er ein Gesp\u00fcr f\u00fcr die absolute Gef\u00fchllosigkeit.<\/strong><\/p>\n<p><em>Von <strong>Tom J. Wellbrock<\/strong><\/em><\/p>\n<p><span style=\"font-size: 10pt;\">Erstver\u00f6ffentlichung am 10.01.2023 auf <a href=\"https:\/\/pressefreiheit.rtde.life\/meinung\/159344-anton-hofreiter-kein-platz-auf-dem-trecker\/\" target=\"_blank\" rel=\"noopener\">RT DE<\/a><\/span><\/p>\n<div class=\"EmbedBlock-root EmbedBlock-all\">\n<div class=\"AllEmbed\"><iframe loading=\"lazy\" title=\"Anton Hofreiter: Kein Platz auf dem Trecker? Dann will ich wenigstens Krieg\" src=\"https:\/\/www.podbean.com\/player-v2\/?i=22ddu-135d28a-pb&amp;from=pb6admin&amp;share=1&amp;download=1&amp;rtl=0&amp;fonts=Arial&amp;skin=1&amp;font-color=&amp;logo_link=episode_page&amp;btn-skin=7\" width=\"100%\" height=\"150\" scrolling=\"no\" allowfullscreen=\"allowfullscreen\" data-name=\"pb-iframe-player\" data-mce-fragment=\"1\"><\/iframe><\/div>\n<\/div>\n<p>Mitte Dezember hat Anton Hofreiter den <a href=\"https:\/\/www.berliner-zeitung.de\/politik-gesellschaft\/anton-hofreiter-entweder-nato-mitgliedschaft-fuer-ukraine-oder-3200-leopard-panzer-li.298195?fbclid=IwAR32qhMiwZWDpWoqG1_Ne3Pg1GZvGe2NJJ7M49vvO-HPZbT3m3FP3I0ZIDA\">Berliner Verlag<\/a> besucht. Auf der Veranstaltung wurde er gefragt, wie eine diplomatische L\u00f6sung beim Ukraine-Konflikt aussehen k\u00f6nnte. Seine naheliegende erste Antwort h\u00e4tte lauten m\u00fcssen: &#8222;Thema verfehlt, setzen: sechs.&#8220;<\/p>\n<p>Zun\u00e4chst mal sei klar, dass Deutschland viel &#8222;robuster&#8220; und &#8222;abgezockter&#8220; werden m\u00fcsse, befand Hofreiter. Das bezog er vornehmlich auf die China-Politik, und ja, das macht Sinn, schlie\u00dflich ist ein Konflikt allein mit Russland l\u00e4ngst nicht ausreichend, um die Bed\u00fcrfnisse eines gr\u00fcnen, aus der Bundeswehr ausgemusterten Biologen zufriedenzustellen.<\/p>\n<p>Hofreiter kommt aber doch auf diese Sache mit der Diplomatie zu sprechen:<\/p>\n<blockquote><p><em>&#8222;<\/em><em>Putin sagt im Grunde ganz offen, dass er kein Interesse an einer diplomatischen L\u00f6sung hat.&#8220;<\/em><\/p><\/blockquote>\n<p>Nun, das muss man erst mal bringen! Putin hat noch im Dezember 2021 die klare diplomatische Botschaft gesendet, dass eine L\u00f6sung f\u00fcr die Ukraine gefunden werden muss. Doch die Hofreiters auf beiden Seiten des Gro\u00dfen Teichs haben entweder wie Muppets-Figuren in ihre M\u00e4ntel gegrinst oder Putins Hinweis als der Ignoranz f\u00fcr w\u00fcrdig befunden.<\/p>\n<h5>Gossensprache eines Verlierers<\/h5>\n<p>Ich stelle fest, dass ich etwas unsachlich schreibe, bitte auch um Nachsicht, wenn ich einen alten Spruch aus dem Hut zaubere, der heute nicht mehr bem\u00fcht wird, um die Umwelt zu schonen: Wie man in den Wald hineinruft, so schallt es heraus. Und Hofreiter ruft mit einem Vokabular hinein, dass es nur ein passendes als Antwort gibt: seines!<\/p>\n<p>Laut Hofreiter sei Putin ein<\/p>\n<blockquote><p><em>&#8222;Stra\u00dfenschl\u00e4ger, der erst zur\u00fcckweicht, wenn ihm die Nase gebrochen wird&#8220;.<\/em><\/p><\/blockquote>\n<p>Ich reibe mir verwundert die Augen und frage mich, ob der Verlierer Hofreiter immer noch daran zu knabbern hat, dass er faktisch nichts zu melden hat. Als gef\u00fchlt theoretisch bester Landwirtschaftsminister musste er zusehen, wie ein abgehalfterter Sozialp\u00e4dagoge namens \u00d6zdemir ihm den Treckerplatz wegnahm. Als Vorsitzender des &#8222;Ausschusses f\u00fcr die Angelegenheiten der Europ\u00e4ischen Union&#8220; interessiert sich f\u00fcr ihn letztlich keine Sau.<\/p>\n<p>Hofreiter ist der Meinung, Putin besser zu kennen als dessen eigene Mutter, so muss man vermuten. Denn die <em>Berliner Zeitung<\/em>\u00a0schreibt:<\/p>\n<p style=\"padding-left: 40px;\"><em>&#8222;<\/em><em>Putin verfahre nach seiner eigenen, imperialen Logik aus dem 19. Jahrhundert. Er denke in viel gr\u00f6\u00dferen Zeitr\u00e4umen. Frage sich: Wie wird man in 100 Jahren auf seine Eroberungen blicken? Da seien auch Hunderttausende Tote nebens\u00e4chlich. Dabei warnte Hofreiter ebenfalls davor, das revisionistische Russland von heute mit der Breschnew-Sowjetunion zu verwechseln. W\u00e4hrend ersteres auf Expansion setze, sei letztere an Stabilit\u00e4t interessiert gewesen.&#8220;<\/em><\/p>\n<p>Dagegen k\u00f6nnte man einwenden, dass Putin beim aktuellen Ukraine-Konflikt wohl in erster Linie an die vergangenen acht, nicht an die kommenden 100 Jahre gedacht hat. Man darf aber zur Ehrenrettung Hofreiters nicht ausschlie\u00dfen, dass er \u00fcber die Hintergr\u00fcnde der jahrelangen Angriffe von Kiew auf die Ost-Ukraine in der Gr\u00fcnen-Schule schlicht nicht aufgepasst hat und daher mit einem intellektuellen Vakuum beim Thema Donezk zu k\u00e4mpfen hat.<\/p>\n<p>Und wenn wir schon \u00fcber die Zukunft sprechen: Ein Anton Hofreiter t\u00e4te gut daran, sich zumindest mal mit den n\u00e4chsten 100 Tagen zu besch\u00e4ftigen. Er w\u00fcrde wom\u00f6glich erkennen (zugegeben, die Wahrscheinlichkeit ist \u00fcberschaubar gering), dass dieser Zeitraum f\u00fcr die deutsche Bev\u00f6lkerung eine ernste Herausforderung darstellt, da doch der Anton, die Annalena und der Robert gerade dabei sind, die wirtschaftlichen Grundlagen Deutschlands gegen die Wand zu fahren.<\/p>\n<p>Aber das ist ja noch vergleichsweise harmlos.<\/p>\n<h5>Krieg&#8216; ich bitte Krieg?<\/h5>\n<p>Am coolsten f\u00e4nde Hofreiter es, wenn die Ukraine NATO-Mitglied werden w\u00fcrde. Das sei kosteng\u00fcnstig und auch sonst echt sch\u00f6n. Ginge das nicht, w\u00e4ren 3.200 Leopard-Panzer f\u00fcr die Ukraine super. Denn, so Hofreiter:<\/p>\n<blockquote><p><em>&#8222;<\/em><em>Dann wird niemand sie mehr angreifen.&#8220;<\/em><\/p><\/blockquote>\n<p>Das Publikum der Veranstaltung soll etwas skeptisch gewesen sein, wurde doch vor dem Krieg die Ukraine auch vom Westen als hochgradig korrupt und mit viel Macht f\u00fcr oligarchische Netzwerke bezeichnet. F\u00fcr Hofreiter aber kein Thema, schlie\u00dflich sei die Ukraine seit dem Putsch&#8230;, Pardon: der Revolution von 2014 geeint und demokratisiert \u2013 und zwar &#8222;radikal&#8220;.<\/p>\n<p>&#8222;Radikal&#8220; \u2013 ja, das stimmt wahrhaftig, denn was f\u00fcr ein paar Milliarden US-Dollar in der Ukraine 2014 installiert wurde, ist mit &#8222;radikal&#8220; noch ausgesprochen zur\u00fcckhaltend auf den Punkt gebracht. Einen weiteren Umstand musste Hofreiter den Zuschauern erkl\u00e4ren, wie die <em>Berliner Zeitung<\/em> schreibt:<\/p>\n<p style=\"padding-left: 40px;\"><em>&#8222;Auf die Nachfrage, wie nach dieser Einsch\u00e4tzung denn der Angriff der Amerikaner auf den Irak zu bewerten sei, kritisierte er den &#8218;v\u00f6lkerrechtswidrigen Angriffskrieg der Neocons unter George W. Bush&#8216;, aber suchte einen Unterschied zwischen dem &#8218;Volkskrieg&#8216; Russlands gegen die Ukraine mittels Mobilisierung gegen eine Demokratie und dem Angriff einer amerikanischen Berufsarmee gegen eine Diktatur. Das \u00fcberzeugte nicht alle G\u00e4ste.&#8220;<\/em><\/p>\n<p>Vielleicht waren die Zuschauer auch deshalb nicht so richtig \u00fcberzeugt, weil das, was Hofreiter hier als Rechtfertigung f\u00fcr den brutalen US-Krieg gegen den Irak anf\u00fchrte, bei Licht betrachtet ein zum Himmel schreiender Unsinn ist. Man wei\u00df es aber nicht so genau.<\/p>\n<h5>Sollen sie halt Seltene Erden essen!<\/h5>\n<p>Hofreiter wei\u00df genau, wie Geopolitik funktioniert. Er entwickelte eine Strategie gegen\u00fcber China, in der die Ukraine eine Rolle spielt. Denn China hat ja ein paar nette Dinge, die wir auch gut brauchen k\u00f6nnen. Diese Seltenen Erden etwa. Die haben wir zwar nicht, aber den Chinesen, denen zeigt der Hofreiter, Anton es schon. Und so sagte der wei\u00dfe weise Mann:<\/p>\n<blockquote><p><em>&#8222;<\/em><em>Wenn uns ein Land Seltene Erden vorenthalten w\u00fcrde, k\u00f6nnten wir entgegnen: &#8218;Was wollt ihr eigentlich essen?'&#8220;<\/em><\/p><\/blockquote>\n<p>Zack, da haben wir es! Die Ukraine geh\u00f6rt zu den gr\u00f6\u00dften Exporteuren von Weizen, und wenn der Anton und der Wladimir dem Xi kein Weizen mehr verkaufen, ist Holland&#8230;, Pardon: China in Not. Alter Fuchs, der Hofreiter!<\/p>\n<p>Dazu passt auch, dass der Diplomat a. D. der Meinung ist, man m\u00fcsse in der internationalen Politik auch mal &#8222;mit dem Colt auf dem Tisch&#8220; verhandeln.<\/p>\n<p>Und wenn man sich fragt, wie Hofreiter so viel geballten und zutiefst aggressiven und kriegsbereiten Bl\u00f6dsinn verzapfen kann, ohne Hilfe zu haben, sei die Antwort kurz und knackig: Aber der Gute hat doch Hilfe!<\/p>\n<h5>Chef b\u00f6se sein<\/h5>\n<p>Jetzt gibt es noch was f\u00fcrs Herz. Denn der Anton ist sich seiner Verantwortung durchaus bewusst. Auf der Veranstaltung sagte er, dass es US-Senatoren gebe, die &#8222;stinksauer&#8220; auf die Europ\u00e4er seien. Immerhin investierten die USA 90 Prozent dessen, was f\u00fcr die Befreiung des Landes mit Milch und Honig (kurz: Ukraine) n\u00f6tig sei. Da m\u00fcssten wir schon mindestens die fehlenden zehn Prozent tragen.<\/p>\n<p>Womit wir beim kr\u00f6nenden Abschluss eines Meisters der klaren Worte und es vernebelten Verstandes w\u00e4ren. Hofreiter hat offenbar mit gewichtigen Kr\u00e4ften der USA gesprochen, von denen einer auf den Punkt brachte, was den Anton umtreibt. Es ist nicht \u00fcberliefert, wer zu Anton Hofreiter das sagte, womit ihn die <em>Berliner Zeitung<\/em> zitiert:<\/p>\n<blockquote><p><em>&#8222;<\/em><em>Der Krieg ist doch bei euch in Europa, nicht in Amerika, sagen die.&#8220;<\/em><\/p><\/blockquote>\n<p>Ja, Anton, eben, merkst es selber, oder?<\/p>\n<p>Oh! Nein, tust du nicht.<\/p>\n<p style=\"text-align: right;\"><em>Tom J. Wellbrock ist Texter und Sprecher. Gemeinsam mit Jens Berger betrieb er den Blog Spiegelfechter. Aktuell betreibt er mit Roberto J. De Lapuente den Blog\u00a0<a href=\"https:\/\/www.neulandrebellen.de\/\">Neulandrebellen.de<\/a>\u00a0und f\u00fchrt dort u.a. die Interviews.\u00a0<\/em><\/p>\n<p><span style=\"font-size: 10pt;\">Wir danken dem Autor f\u00fcr die Genehmigung zur Ver\u00f6ffentlichung dieses Beitrages.<\/span><\/p>\n<hr \/>\n<p><span style=\"font-size: 10pt;\">Bild oben: Anton Hofreiter, Oktober 2022<\/span><br \/>\n<span style=\"font-size: 10pt;\">Foto: Heinrich-B\u00f6ll-Stiftung, <a href=\"https:\/\/creativecommons.org\/licenses\/by-sa\/2.0\" target=\"_blank\" rel=\"noopener\">CC BY-SA 2.0<\/a><\/span><br \/>\n<span style=\"font-size: 10pt;\">Quelle: <a href=\"https:\/\/commons.wikimedia.org\/w\/index.php?curid=126476973\" target=\"_blank\" rel=\"noopener\">https:\/\/commons.wikimedia.org\/w\/index.php?curid=126476973<\/a><\/span><\/p>\n<hr \/>\n<p>&nbsp;<\/p>\n","protected":false},"excerpt":{"rendered":"<p><b>Beitrag von Tom J. Wellbrock<\/b><br \/>\nMitte Dezember hat Anton Hofreiter den Berliner Verlag besucht. Auf der Veranstaltung wurde er gefragt, wie eine diplomatische L\u00f6sung beim Ukraine-Konflikt aussehen k\u00f6nnte. Seine naheliegende erste Antwort h\u00e4tte lauten m\u00fcssen: &#8222;Thema verfehlt, setzen: sechs.&#8220; Zun\u00e4chst mal sei klar, dass Deutschland viel &#8222;robuster&#8220; und &#8222;abgezockter&#8220; werden m\u00fcsse, befand Hofreiter. Das bezog er vornehmlich auf die China-Politik, und ja, das macht Sinn, schlie\u00dflich ist ein Konflikt allein mit Russland l\u00e4ngst nicht ausreichend, um die Bed\u00fcrfnisse eines gr\u00fcnen, aus der Bundeswehr ausgemusterten Biologen zufriedenzustellen.<\/p>\n","protected":false},"author":3,"featured_media":15006,"comment_status":"closed","ping_status":"closed","sticky":false,"template":"","format":"standard","meta":{"colormag_page_container_layout":"default_layout","colormag_page_sidebar_layout":"default_layout","advanced_seo_description":"","jetpack_seo_html_title":"","jetpack_seo_noindex":false,"jetpack_post_was_ever_published":false,"footnotes":""},"categories":[12],"tags":[1406,1631,1282,56,223,1103,639,1525],"class_list":["post-14998","post","type-post","status-publish","format-standard","has-post-thumbnail","hentry","category-demokratie-medien-aufklaerung","tag-diplomatie","tag-geopolitik","tag-gruene","tag-nato","tag-putin","tag-putsch","tag-ukraine-konflikt","tag-waffenlieferungen"],"jetpack_featured_media_url":"https:\/\/i0.wp.com\/www.freidenker.org\/fw17\/wp-content\/uploads\/2023\/01\/Anton_Hofreiter_-_17._Jahreskonferenz_der_Kyjiwer_Gespraeche_800x450.jpg?fit=800%2C450&ssl=1","jetpack_shortlink":"https:\/\/wp.me\/p9stpK-3TU","jetpack-related-posts":[{"id":12877,"url":"https:\/\/www.freidenker.org\/?p=12877","url_meta":{"origin":14998,"position":0},"title":"Strafanzeige gegen Graf Lambsdorff, Frank Plasberg und Anton Hofreiter","author":"Webredaktion","date":"20. April 2022","format":false,"excerpt":"Der Hamburger Rechtsanwalt, Autor und Verleger Rolf Geffken stellte am 16.04.2022 bei der Staatsanwaltschaft Berlin-Mitte Strafanzeige wegen Volksverhetzung nach \u00a7 130 StGB gegen Alexander Graf Lambsdorff, Frank Plasberg und Anton Hofreiter. In einer E-Mail schrieb er dazu: Ich habe angesichts der sich immer mehr versch\u00e4rfenden Lage in der Ukraine aber\u2026","rel":"","context":"In &quot;Demokratie \u2013 Medien \u2013 Aufkl\u00e4rung&quot;","block_context":{"text":"Demokratie \u2013 Medien \u2013 Aufkl\u00e4rung","link":"https:\/\/www.freidenker.org\/?cat=12"},"img":{"alt_text":"","src":"https:\/\/i0.wp.com\/www.freidenker.org\/fw17\/wp-content\/uploads\/2022\/04\/geffken_800x446.jpg?fit=800%2C446&ssl=1&resize=350%2C200","width":350,"height":200,"srcset":"https:\/\/i0.wp.com\/www.freidenker.org\/fw17\/wp-content\/uploads\/2022\/04\/geffken_800x446.jpg?fit=800%2C446&ssl=1&resize=350%2C200 1x, https:\/\/i0.wp.com\/www.freidenker.org\/fw17\/wp-content\/uploads\/2022\/04\/geffken_800x446.jpg?fit=800%2C446&ssl=1&resize=525%2C300 1.5x, https:\/\/i0.wp.com\/www.freidenker.org\/fw17\/wp-content\/uploads\/2022\/04\/geffken_800x446.jpg?fit=800%2C446&ssl=1&resize=700%2C400 2x"},"classes":[]},{"id":16372,"url":"https:\/\/www.freidenker.org\/?p=16372","url_meta":{"origin":14998,"position":1},"title":"Oskar Lafontaine im Interview: &#8222;Gr\u00fcne sind der US-Politik unterworfen&#8220;","author":"Webredaktion","date":"28. Juni 2023","format":false,"excerpt":"Interview von Tom J. Wellbrock mit Oskar Lafontaine Im Interview mit Tom Wellbrock streift der ehemalige SPD-Politiker und Gr\u00fcnder der Partei Die Linke, Oskar Lafontaine, zahlreiche Themenfelder der aktuellen Politik und r\u00e4umt mit vielem auf, was in Deutschland f\u00fcr wahr gehalten wird, jedoch nicht den Fakten entspricht.\u00a0Da ist zun\u00e4chst das\u2026","rel":"","context":"In &quot;Demokratie \u2013 Medien \u2013 Aufkl\u00e4rung&quot;","block_context":{"text":"Demokratie \u2013 Medien \u2013 Aufkl\u00e4rung","link":"https:\/\/www.freidenker.org\/?cat=12"},"img":{"alt_text":"","src":"https:\/\/i0.wp.com\/www.freidenker.org\/fw17\/wp-content\/uploads\/2023\/06\/Lafontaine_800x450.jpg?fit=800%2C450&ssl=1&resize=350%2C200","width":350,"height":200,"srcset":"https:\/\/i0.wp.com\/www.freidenker.org\/fw17\/wp-content\/uploads\/2023\/06\/Lafontaine_800x450.jpg?fit=800%2C450&ssl=1&resize=350%2C200 1x, https:\/\/i0.wp.com\/www.freidenker.org\/fw17\/wp-content\/uploads\/2023\/06\/Lafontaine_800x450.jpg?fit=800%2C450&ssl=1&resize=525%2C300 1.5x, https:\/\/i0.wp.com\/www.freidenker.org\/fw17\/wp-content\/uploads\/2023\/06\/Lafontaine_800x450.jpg?fit=800%2C450&ssl=1&resize=700%2C400 2x"},"classes":[]},{"id":18850,"url":"https:\/\/www.freidenker.org\/?p=18850","url_meta":{"origin":14998,"position":2},"title":"Hetze statt Diplomatie &#8211; Michael Roth, einer der Schlimmsten","author":"Webredaktion","date":"25. April 2024","format":false,"excerpt":"Beitrag von Tom J. Wellbrock Mein erster Impuls, als ich das folgende Bild auf \"X\" auf dem Profil von Michael Roth gesehen habe, war ein Post mit der \u00dcberschrift: \"Michael Roth macht jetzt Satire.\". Das ist zynisch, aber nicht halb so zynisch wie die scheinbar feste \u00dcberzeugung Roths, tats\u00e4chlich einer\u2026","rel":"","context":"In &quot;Demokratie \u2013 Medien \u2013 Aufkl\u00e4rung&quot;","block_context":{"text":"Demokratie \u2013 Medien \u2013 Aufkl\u00e4rung","link":"https:\/\/www.freidenker.org\/?cat=12"},"img":{"alt_text":"","src":"https:\/\/i0.wp.com\/www.freidenker.org\/fw17\/wp-content\/uploads\/2024\/04\/Michael_Roth_SPD_MdB_by_Olaf_Kosinsky-7848_Ausschnitt_800x450.jpg?fit=800%2C450&ssl=1&resize=350%2C200","width":350,"height":200,"srcset":"https:\/\/i0.wp.com\/www.freidenker.org\/fw17\/wp-content\/uploads\/2024\/04\/Michael_Roth_SPD_MdB_by_Olaf_Kosinsky-7848_Ausschnitt_800x450.jpg?fit=800%2C450&ssl=1&resize=350%2C200 1x, https:\/\/i0.wp.com\/www.freidenker.org\/fw17\/wp-content\/uploads\/2024\/04\/Michael_Roth_SPD_MdB_by_Olaf_Kosinsky-7848_Ausschnitt_800x450.jpg?fit=800%2C450&ssl=1&resize=525%2C300 1.5x, https:\/\/i0.wp.com\/www.freidenker.org\/fw17\/wp-content\/uploads\/2024\/04\/Michael_Roth_SPD_MdB_by_Olaf_Kosinsky-7848_Ausschnitt_800x450.jpg?fit=800%2C450&ssl=1&resize=700%2C400 2x"},"classes":[]},{"id":18409,"url":"https:\/\/www.freidenker.org\/?p=18409","url_meta":{"origin":14998,"position":3},"title":"Es ist dem Westen egal, ob der Ukraine-Krieg endet","author":"Webredaktion","date":"28. Februar 2024","format":false,"excerpt":"von Tom J. Wellbrock Annalena Baerbock (Die Gr\u00fcnen) erz\u00e4hlt seit zwei Jahren die immer gleiche Geschichte: \"Und deswegen ist das, was wir tun m\u00fcssen, maximalen Druck international aufbauen \u2013 auf L\u00e4nder wie China oder auch Iran und Nordkorea. Und solange Putin diesen Krieg nicht beendet \u2013 er k\u00f6nnte ihn morgen\u2026","rel":"","context":"In &quot;Demokratie \u2013 Medien \u2013 Aufkl\u00e4rung&quot;","block_context":{"text":"Demokratie \u2013 Medien \u2013 Aufkl\u00e4rung","link":"https:\/\/www.freidenker.org\/?cat=12"},"img":{"alt_text":"","src":"https:\/\/i0.wp.com\/www.freidenker.org\/fw17\/wp-content\/uploads\/2024\/02\/Annalena_Baerbock_in_Berlin_2024_800x450.jpg?fit=800%2C450&ssl=1&resize=350%2C200","width":350,"height":200,"srcset":"https:\/\/i0.wp.com\/www.freidenker.org\/fw17\/wp-content\/uploads\/2024\/02\/Annalena_Baerbock_in_Berlin_2024_800x450.jpg?fit=800%2C450&ssl=1&resize=350%2C200 1x, https:\/\/i0.wp.com\/www.freidenker.org\/fw17\/wp-content\/uploads\/2024\/02\/Annalena_Baerbock_in_Berlin_2024_800x450.jpg?fit=800%2C450&ssl=1&resize=525%2C300 1.5x, https:\/\/i0.wp.com\/www.freidenker.org\/fw17\/wp-content\/uploads\/2024\/02\/Annalena_Baerbock_in_Berlin_2024_800x450.jpg?fit=800%2C450&ssl=1&resize=700%2C400 2x"},"classes":[]},{"id":19272,"url":"https:\/\/www.freidenker.org\/?p=19272","url_meta":{"origin":14998,"position":4},"title":"Weil der Westen es will: Es wird Krieg geben","author":"Webredaktion","date":"3. Juni 2024","format":false,"excerpt":"Beitrag von Tom J. Wellbrock Die Argumentation des Westens \u2013 und auch Deutschlands \u2013 hat sich ge\u00e4ndert. Dadurch begibt er sich in eine Situation, aus der er, selbst wenn er es wollte, nicht mehr so leicht herauskommt. Man kann sich den Kopf dar\u00fcber zerbrechen, welchen Antrieb die einzelnen Beteiligten haben,\u2026","rel":"","context":"In &quot;Demokratie \u2013 Medien \u2013 Aufkl\u00e4rung&quot;","block_context":{"text":"Demokratie \u2013 Medien \u2013 Aufkl\u00e4rung","link":"https:\/\/www.freidenker.org\/?cat=12"},"img":{"alt_text":"","src":"https:\/\/i0.wp.com\/www.freidenker.org\/fw17\/wp-content\/uploads\/2024\/06\/soldier-8499586_800x450.jpg?fit=800%2C450&ssl=1&resize=350%2C200","width":350,"height":200,"srcset":"https:\/\/i0.wp.com\/www.freidenker.org\/fw17\/wp-content\/uploads\/2024\/06\/soldier-8499586_800x450.jpg?fit=800%2C450&ssl=1&resize=350%2C200 1x, https:\/\/i0.wp.com\/www.freidenker.org\/fw17\/wp-content\/uploads\/2024\/06\/soldier-8499586_800x450.jpg?fit=800%2C450&ssl=1&resize=525%2C300 1.5x, https:\/\/i0.wp.com\/www.freidenker.org\/fw17\/wp-content\/uploads\/2024\/06\/soldier-8499586_800x450.jpg?fit=800%2C450&ssl=1&resize=700%2C400 2x"},"classes":[]},{"id":17808,"url":"https:\/\/www.freidenker.org\/?p=17808","url_meta":{"origin":14998,"position":5},"title":"Ricarda Lang: Die Wasserverdr\u00e4ngerin","author":"Webredaktion","date":"8. Januar 2024","format":false,"excerpt":"Beitrag von Tom J. Wellbrock Hochwasser eignet sich f\u00fcr Politiker historisch bedingt (gemeint ist Gerhard Schr\u00f6der, dem seine Gummistiefel eine weitere Amtszeit bescherten) perfekt, um sich als mitf\u00fchlendes Lebewesen zu zeigen. Nachdem sich Kanzler Olaf Scholz (SPD) in Jeans und Riesenschuhen gezeigt und ein zerknirschtes Gesicht gemacht hatte, darf man\u2026","rel":"","context":"In &quot;Arbeit &amp; Soziales&quot;","block_context":{"text":"Arbeit &amp; Soziales","link":"https:\/\/www.freidenker.org\/?cat=11"},"img":{"alt_text":"","src":"https:\/\/i0.wp.com\/www.freidenker.org\/fw17\/wp-content\/uploads\/2024\/01\/WahlkampfRicarda_Lang_NRW_2022-05-13-4497_800x450.jpg?fit=800%2C450&ssl=1&resize=350%2C200","width":350,"height":200,"srcset":"https:\/\/i0.wp.com\/www.freidenker.org\/fw17\/wp-content\/uploads\/2024\/01\/WahlkampfRicarda_Lang_NRW_2022-05-13-4497_800x450.jpg?fit=800%2C450&ssl=1&resize=350%2C200 1x, https:\/\/i0.wp.com\/www.freidenker.org\/fw17\/wp-content\/uploads\/2024\/01\/WahlkampfRicarda_Lang_NRW_2022-05-13-4497_800x450.jpg?fit=800%2C450&ssl=1&resize=525%2C300 1.5x, https:\/\/i0.wp.com\/www.freidenker.org\/fw17\/wp-content\/uploads\/2024\/01\/WahlkampfRicarda_Lang_NRW_2022-05-13-4497_800x450.jpg?fit=800%2C450&ssl=1&resize=700%2C400 2x"},"classes":[]}],"_links":{"self":[{"href":"https:\/\/www.freidenker.org\/index.php?rest_route=\/wp\/v2\/posts\/14998","targetHints":{"allow":["GET"]}}],"collection":[{"href":"https:\/\/www.freidenker.org\/index.php?rest_route=\/wp\/v2\/posts"}],"about":[{"href":"https:\/\/www.freidenker.org\/index.php?rest_route=\/wp\/v2\/types\/post"}],"author":[{"embeddable":true,"href":"https:\/\/www.freidenker.org\/index.php?rest_route=\/wp\/v2\/users\/3"}],"replies":[{"embeddable":true,"href":"https:\/\/www.freidenker.org\/index.php?rest_route=%2Fwp%2Fv2%2Fcomments&post=14998"}],"version-history":[{"count":0,"href":"https:\/\/www.freidenker.org\/index.php?rest_route=\/wp\/v2\/posts\/14998\/revisions"}],"wp:featuredmedia":[{"embeddable":true,"href":"https:\/\/www.freidenker.org\/index.php?rest_route=\/wp\/v2\/media\/15006"}],"wp:attachment":[{"href":"https:\/\/www.freidenker.org\/index.php?rest_route=%2Fwp%2Fv2%2Fmedia&parent=14998"}],"wp:term":[{"taxonomy":"category","embeddable":true,"href":"https:\/\/www.freidenker.org\/index.php?rest_route=%2Fwp%2Fv2%2Fcategories&post=14998"},{"taxonomy":"post_tag","embeddable":true,"href":"https:\/\/www.freidenker.org\/index.php?rest_route=%2Fwp%2Fv2%2Ftags&post=14998"}],"curies":[{"name":"wp","href":"https:\/\/api.w.org\/{rel}","templated":true}]}}