{"id":14989,"date":"2023-01-11T02:10:28","date_gmt":"2023-01-11T01:10:28","guid":{"rendered":"https:\/\/www.freidenker.org\/?p=14989"},"modified":"2023-02-04T13:27:05","modified_gmt":"2023-02-04T12:27:05","slug":"der-depressive-westen-darf-es-wenigstens-an-silvester-wieder-krachen-lassen","status":"publish","type":"post","link":"https:\/\/www.freidenker.org\/?p=14989","title":{"rendered":"Der depressive Westen darf es wenigstens an Silvester wieder krachen lassen"},"content":{"rendered":"<p><strong>Jedes Jahr, wenn es auf Neujahr zugeht, besch\u00e4ftigt man sich damit, was vom kommenden Jahr oder, allgemeiner, der Zukunft erwartet wird. Nicht nur geopolitisch ist die Welt gespalten \u2013 auch Stimmung und Erwartungen unterscheiden sich gewaltig.<\/strong><\/p>\n<p><em>Von <strong>Dagmar Henn<\/strong><\/em><\/p>\n<p><span style=\"font-size: 10pt;\">Erstver\u00f6ffentlichung am 31.12.2022 auf <a href=\"https:\/\/meinungsfreiheit.rtde.life\/meinung\/158222-depressive-westen-darf-es-wenigstens-knallen-lassen\/\" target=\"_blank\" rel=\"noopener\">RT DE<\/a><\/span><\/p>\n<p>Immerhin darf das neue Jahr diesmal wieder mit Feuerwerk begr\u00fc\u00dft werden. Eine Sitte \u00fcbrigens, die mit der Erfindung des Schwarzpulvers aus China nach Europa kam; aber die Gewohnheit, durch L\u00e4rm b\u00f6se Geister zu verjagen und damit die Zukunft g\u00fcnstiger zu gestalten, gab es schon davor.<\/p>\n<p>Dieses Jahr fragt man sich, ob der L\u00e4rm gen\u00fcgt. Wenn es nur die Inflation w\u00e4re \u2013 die H\u00e4lfte der Deutschen <a href=\"https:\/\/www.rnd.de\/wirtschaft\/inflation-2023-mehr-der-deutschen-erwartet-hoehere-energie-und-lebensmittelpreise-OAIHLVSNTE6O7TJO67L5PJXYKM.html\">erwartet<\/a>, dass\u00a0sie im kommenden Jahr weiter steigt. Zwei Drittel sind <a href=\"https:\/\/www.stiftungfuerzukunftsfragen.de\/klimawandel-krieg-und-pandemie-bevoelkerung-gespalten\/?_gl=1*544396*_ga*MTI2OTI3NzI2Ni4xNjcyMDYxMTgz*_up*MQ..\">gestresst<\/a> von der unsicheren Zukunft, und sogar unter den J\u00fcngeren im Alter bis 34 w\u00fcrde eine Mehrheit von 56 Prozent <a href=\"https:\/\/www.zdf.de\/nachrichten\/panorama\/jugend-vergangenheit-zukunft-umfrage-100.html\">lieber<\/a> in der Vergangenheit leben.<\/p>\n<p>Was nicht wirklich verwundert, bei schlechter Beheizung und beginnender Rezession. Aber schon davor war die Stimmung nicht wirklich gut, und es sind noch ganz andere Sorgen, die den Einheimischen die Laune <a href=\"https:\/\/www.tagesspiegel.de\/gesellschaft\/panorama\/die-deutschen-sind-immer-mehr-im-krisenmodus-8151046.html\">vermiesen<\/a>: 87 Prozent macht die wachsende Kluft zwischen Arm und Reich Angst, 83 Prozent f\u00fcrchten, keine bezahlbare Wohnung zu finden; im Alter wird die Einsamkeit inzwischen von 80 Prozent als ebenso bedrohlich gesehen wie Armut, und mehr Aggression und Gewaltbereitschaft in der Gesellschaft f\u00fcrchten 79 Prozent. Es sind sich also mindestens 4 von f\u00fcnf Deutschen einig, dass die Lage mies ist und noch mieser werden d\u00fcrfte. Wobei sich diese Zahl sicher nicht ganz zuf\u00e4llig damit deckt, dass seit l\u00e4ngerer Zeit Wohlstandsgewinne nur an das obere F\u00fcnftel der Gesellschaft gehen.<\/p>\n<p>Vielleicht wurden ja deshalb die Feuerwerksverbote im vergangenen Jahr mit solchem Gleichmut hingenommen. Ob das neue Jahr gefeiert oder eher verdr\u00e4ngt wird, hat sehr viel mit Zuversicht zu tun, und zwischen Untergangspredigten und real selbstzerst\u00f6rerischer Politik scheint davon nicht viel \u00fcbrig. Und welche junge Frau wollte heute noch die Sitte pflegen, eine Apfelschale \u00fcber die Schulter zu werfen, um daraus dann den Anfangsbuchstaben des Namens des k\u00fcnftigen Liebsten zu erkennen, wenn sie mindestens noch eine weitere Apfelschale f\u00fcr das Geschlecht br\u00e4uchte?<\/p>\n<p>Nun, nicht \u00fcberall ist die Sicht so d\u00fcster. In Russland <a href=\"https:\/\/incrussia.ru\/news\/uroven-optimizma-rossiyan\/\">antworteten<\/a> j\u00fcngst auf die Frage, ob die Gesellschaft die meisten Probleme l\u00f6sen k\u00f6nne, 58 Prozent mit &#8222;ja&#8220;. Auch wird sowohl f\u00fcr die eigene Generation als auch f\u00fcr die kommende ein besseres Leben erwartet, und die Zahl derer mit einer positiven Sicht auf die Zukunft ist seit Anfang diesen Jahres sogar gestiegen.<\/p>\n<p>Die Regierung <a href=\"https:\/\/wciom-ru.translate.goog\/analytical-reviews\/analiticheskii-obzor\/dalshe-luchshe-rossijane-o-situacii-v-strane-i-v-mire?_x_tr_sl=ru&amp;_x_tr_tl=en&amp;_x_tr_hl=de&amp;_x_tr_pto=wapp\">spielt<\/a> dabei eine positive Rolle, 54 Prozent sind \u00fcberzeugt, dass sie schon in naher Zukunft f\u00fcr Verbesserungen sorgen wird; 2012 war das erst ein Drittel. Und trotz aller westlicher Sanktionswut erwarten 47 Prozent eine Verbesserung der internationalen Beziehungen ihres Landes, und ein Drittel sieht die Position Russlands in der Welt als stabil.<\/p>\n<p>In Deutschland d\u00fcrfte es geraume Zeit her sein, dass man von einer Regierung tats\u00e4chlich eine Verbesserung der Lebensverh\u00e4ltnisse erwartete; die allermeisten w\u00e4ren schon froh, wenn sie eine Verschlechterung unterlassen k\u00f6nnte. Da gen\u00fcgt es, an die inzwischen seit Jahrzehnten wiederholten Versprechungen der Deutschen Bahn zu denken, im n\u00e4chsten Jahr sei sie aber wieder p\u00fcnktlich, und sich an die reale Entwicklung zu erinnern, nach der inzwischen eine p\u00fcnktliche Ankunft die Ausnahme darstellt. Ja, da hat man es nicht leicht mit dem Optimismus.<\/p>\n<p>Die Erfinder des Feuerwerks blicken \u00fcbrigens auch nicht pessimistisch in die Zukunft. Sie <a href=\"https:\/\/www.globaltimes.cn\/page\/202212\/1282601.shtml\">erwarten<\/a> f\u00fcr ihr Land ein g\u00fcnstigeres Umfeld, gleich, wie sehr sich die USA und ihre europ\u00e4ischen Verb\u00fcndeten bem\u00fchen, China &#8222;einzud\u00e4mmen.&#8220; Ganz pragmatisch halten sie dann eben die Beziehungen zu den USA f\u00fcr weniger wichtig, daf\u00fcr die nach Russland und in die s\u00fcdostasiatischen L\u00e4nder f\u00fcr wichtiger.\u00a0Viele glauben, die Beziehungen nach Washington seien angespannt (30,4 Prozent) oder nur \u00e4u\u00dferlich friedlich (35,2 Prozent).<\/p>\n<p>Wobei das Ansehen der US-Politik in China seit Beginn der speziellen Milit\u00e4roperation gewaltig gesunken ist; so \u00e4u\u00dferten sich 48,9 Prozent, und bei weiteren 22,4 Prozent ist es immerhin noch etwas gesunken. Kein Wunder bei einer US-Regierung, die 39,6 Prozent f\u00fcr unf\u00e4hig und weitere 27,4 Prozent f\u00fcr vielleicht unf\u00e4hig halten (worin sie sich gar nicht besonders von den US-Amerikanern selbst unterscheiden). Und ganze 70,6 Prozent sind alles andere als begeistert von der US-Geschmacksrichtung von Demokratie, Freiheit und Menschenrechten.<\/p>\n<p>Allerdings \u2013 sogar die US-Amerikaner selbst sind nicht so recht gl\u00fccklich damit. Zwei Drittel sind <a href=\"https:\/\/eu.usatoday.com\/story\/news\/politics\/2022\/12\/18\/poll-inflation-future-leaders-americans\/10903538002\/\">\u00fcberzeugt<\/a>, ihr Land entwickle sich in die falsche Richtung, und erwarten von keiner der Parteien oder Regierungsbeh\u00f6rden eine sinnvolle Antwort auf die k\u00fcnftigen Herausforderungen. Dennoch sind immer noch 39 Prozent hoffnungsvoll f\u00fcr das neue Jahr, aber auch 24 Prozent besorgt und 11 Prozent \u00e4ngstlich. Das wichtigste Thema f\u00fcr sie ist die Inflation. Und nicht nur hinsichtlich Pr\u00e4sident Joe Biden \u00fcberwiegt eine negative Bewertung, sondern auch bez\u00fcglich des\u00a0Obersten Gerichtshofs\u00a0und des Kongresses.<\/p>\n<p>Die Regierungen des Westens, die so \u00fcberzeugt sind, im Besitz der einzigen Wahrheit zu sein, vermitteln also nicht nur keine Zuversicht f\u00fcr die Zukunft, sondern erzeugen Sorgen, Stress und eine starke Sehnsucht nach der Vergangenheit, w\u00e4hrend im Osten den Regierungen vertraut und Zukunft mit Hoffnung verkn\u00fcpft wird. Egal, was die Spitzen von EU und NATO von sich geben\u00a0\u2013 in der Bev\u00f6lkerung ist l\u00e4ngst angekommen, dass der Westen von gestern ist.<\/p>\n<p>Kein Wunder, die Chinesen haben eben nach dem Feuerwerk, dem Papier, dem Porzellan nur vor\u00fcbergehend Pause gemacht im Erfinden und sind jetzt wieder dort, wo sie, allein aufgrund ihrer Zahl und ihres kulturellen Potentials, hingeh\u00f6ren \u2013 an der <a href=\"https:\/\/www.globaltimes.cn\/page\/202212\/1282607.shtml\">Spitze<\/a> bei Einreichungen von Patenten. In der Zeit, die Deutschland brauchte, um die ICE-Verbindung nach Berlin fertigzubauen (das waren rund 30 Jahre), d\u00fcrften die Chinesen mit dem Schnellbahnnetz auf dem afrikanischen Kontinent fertig sein. Und auch Russland hat gezeigt, dass es die westlichen Sanktionen locker wegsteckt; dann werden eben vollst\u00e4ndig eigene Flugzeuge und Fahrzeuge gebaut &#8230;<\/p>\n<p>Daf\u00fcr kaufte man in Deutschland im vergangenen Fr\u00fchjahr Waschmaschinen aus der T\u00fcrkei, um die Chips in BMWs einzubauen. Das ist n\u00e4mlich die wahre Geschichte hinter Ursula von der Leyens Behauptung, in Russland w\u00fcrden Chips aus Geschirrsp\u00fclern in Kampfflugzeuge eingebaut. Aber immerhin, dieses Jahr ist das Feuerwerk erlaubt, und es gibt noch welches \u2013 nachdem auch Schwarzpulver Ammoniak ben\u00f6tigt, und daf\u00fcr Erdgas &#8230; Es macht jedenfalls Sinn, wenigstens so zu tun, als g\u00e4be es etwas zu feiern\u00a0\u2013 denn wer wei\u00df, wie es in einem Jahr aussieht.<\/p>\n<p style=\"text-align: right;\"><em>Dagmar Henn ist Mitglied des Deutschen Freidenker-Verbandes<\/em><\/p>\n<hr \/>\n<p><span style=\"font-size: 10pt;\">Bild: Silvester 2010 in Berlin<\/span><br \/>\n<span style=\"font-size: 10pt;\">Foto: Marcel Berkmann, <a href=\"https:\/\/creativecommons.org\/licenses\/by-sa\/2.0\" target=\"_blank\" rel=\"noopener\">CC BY-SA 2.0<\/a><\/span><br \/>\n<span style=\"font-size: 10pt;\">Quelle: <a href=\"https:\/\/commons.wikimedia.org\/w\/index.php?curid=67378455\" target=\"_blank\" rel=\"noopener\">https:\/\/commons.wikimedia.org\/w\/index.php?curid=67378455<\/a><\/span><\/p>\n<hr \/>\n<p>&nbsp;<\/p>\n","protected":false},"excerpt":{"rendered":"<p><b>Beitrag von Dagmar Henn<\/b><br \/>\nImmerhin darf das neue Jahr diesmal wieder mit Feuerwerk begr\u00fc\u00dft werden. Eine Sitte \u00fcbrigens, die mit der Erfindung des Schwarzpulvers aus China nach Europa kam; aber die Gewohnheit, durch L\u00e4rm b\u00f6se Geister zu verjagen und damit die Zukunft g\u00fcnstiger zu gestalten, gab es schon davor. Dieses Jahr fragt man sich, ob der L\u00e4rm gen\u00fcgt. Wenn es nur die Inflation w\u00e4re \u2013 die H\u00e4lfte der Deutschen erwartet, dass\u00a0sie im kommenden Jahr weiter steigt. Zwei Drittel sind gestresst von der unsicheren Zukunft, und sogar unter den J\u00fcngeren im Alter bis 34 w\u00fcrde eine Mehrheit von 56 Prozent lieber in der Vergangenheit leben. Was nicht wirklich verwundert, bei schlechter Beheizung und beginnender Rezession.<\/p>\n","protected":false},"author":3,"featured_media":14990,"comment_status":"closed","ping_status":"closed","sticky":false,"template":"","format":"standard","meta":{"colormag_page_container_layout":"default_layout","colormag_page_sidebar_layout":"default_layout","advanced_seo_description":"","jetpack_seo_html_title":"","jetpack_seo_noindex":false,"jetpack_post_was_ever_published":false,"footnotes":""},"categories":[11],"tags":[1261,1032,413,1644,1443,1625,222,185,717,1212],"class_list":["post-14989","post","type-post","status-publish","format-standard","has-post-thumbnail","hentry","category-arbeit-soziales","tag-armut","tag-bundesregierung","tag-china","tag-gewalt","tag-inflation","tag-lebenshaltungskosten","tag-russland","tag-usa","tag-wahrheit","tag-zukunft"],"jetpack_featured_media_url":"https:\/\/i0.wp.com\/www.freidenker.org\/fw17\/wp-content\/uploads\/2023\/01\/New_Year_Berlin_800x450.jpg?fit=800%2C450&ssl=1","jetpack_shortlink":"https:\/\/wp.me\/p9stpK-3TL","jetpack-related-posts":[{"id":13926,"url":"https:\/\/www.freidenker.org\/?p=13926","url_meta":{"origin":14989,"position":0},"title":"Baerbock stellt sich gegen China, oder: die Wildsau und die Eiche","author":"Webredaktion","date":"14. August 2022","format":false,"excerpt":"Beitrag von Dagmar Henn Manchmal m\u00f6chte man ihr einfach raten zu schweigen. Was Deutschlands Au\u00dfenministerin Annalena Baerbock von sich gibt, ist leider oft nicht gerade schlau und hin und wieder sogar gef\u00e4hrlich. Augenblicklich bin ich einer von fast 300.000 Menschen, die den Flug der Maschine mit der Kennung SPAR 19\u2026","rel":"","context":"In &quot;Frieden - Antifaschismus - Solidarit\u00e4t&quot;","block_context":{"text":"Frieden - Antifaschismus - Solidarit\u00e4t","link":"https:\/\/www.freidenker.org\/?cat=13"},"img":{"alt_text":"","src":"https:\/\/i0.wp.com\/www.freidenker.org\/fw17\/wp-content\/uploads\/2022\/08\/Annalena_Baerbock_E4680_800x450.jpg?fit=800%2C450&ssl=1&resize=350%2C200","width":350,"height":200,"srcset":"https:\/\/i0.wp.com\/www.freidenker.org\/fw17\/wp-content\/uploads\/2022\/08\/Annalena_Baerbock_E4680_800x450.jpg?fit=800%2C450&ssl=1&resize=350%2C200 1x, https:\/\/i0.wp.com\/www.freidenker.org\/fw17\/wp-content\/uploads\/2022\/08\/Annalena_Baerbock_E4680_800x450.jpg?fit=800%2C450&ssl=1&resize=525%2C300 1.5x, https:\/\/i0.wp.com\/www.freidenker.org\/fw17\/wp-content\/uploads\/2022\/08\/Annalena_Baerbock_E4680_800x450.jpg?fit=800%2C450&ssl=1&resize=700%2C400 2x"},"classes":[]},{"id":14408,"url":"https:\/\/www.freidenker.org\/?p=14408","url_meta":{"origin":14989,"position":1},"title":"Die Hintergr\u00fcnde des Krieges","author":"Webredaktion","date":"11. Oktober 2022","format":false,"excerpt":"Beitrag von Dagmar Henn in drei Teilen In diesem Dreiteiler geht es, anhand aktueller Informationen aus dem neuesten UNCTAD-Bericht, um die \u00f6konomischen Hintergr\u00fcnde der globalen Krise. Die Inflation, unter der wir leiden, dient einem Zweck und wiederholt ein Machtspiel, das bereits in den 1980ern stattfand. Als die gro\u00dfe Finanzmarktkrise 2008\u2026","rel":"","context":"In &quot;Demokratie \u2013 Medien \u2013 Aufkl\u00e4rung&quot;","block_context":{"text":"Demokratie \u2013 Medien \u2013 Aufkl\u00e4rung","link":"https:\/\/www.freidenker.org\/?cat=12"},"img":{"alt_text":"","src":"https:\/\/i0.wp.com\/www.freidenker.org\/fw17\/wp-content\/uploads\/2022\/10\/dollar-1968710_800x445.jpg?fit=800%2C445&ssl=1&resize=350%2C200","width":350,"height":200,"srcset":"https:\/\/i0.wp.com\/www.freidenker.org\/fw17\/wp-content\/uploads\/2022\/10\/dollar-1968710_800x445.jpg?fit=800%2C445&ssl=1&resize=350%2C200 1x, https:\/\/i0.wp.com\/www.freidenker.org\/fw17\/wp-content\/uploads\/2022\/10\/dollar-1968710_800x445.jpg?fit=800%2C445&ssl=1&resize=525%2C300 1.5x, https:\/\/i0.wp.com\/www.freidenker.org\/fw17\/wp-content\/uploads\/2022\/10\/dollar-1968710_800x445.jpg?fit=800%2C445&ssl=1&resize=700%2C400 2x"},"classes":[]},{"id":10853,"url":"https:\/\/www.freidenker.org\/?p=10853","url_meta":{"origin":14989,"position":2},"title":"Eine Farbrevolution f\u00fcr Kuba? Der Westen arbeitet daran","author":"Webredaktion","date":"19. Juli 2021","format":false,"excerpt":"Beitrag von Dagmar Henn Seit vielen Jahren ist bekannt, dass Nichtregierungsorganisationen (NGOs) oft eine wichtige Rolle dabei spielen, in einem Land gegen die Interessen der Bev\u00f6lkerung geopolitische Interessen durchzusetzen. So bet\u00e4tigen sich nicht nur die USA \u00fcber das National Endowment for Democracy (NED) und die offiziell der Entwicklungshilfe dienende Struktur\u2026","rel":"","context":"In &quot;Demokratie \u2013 Medien \u2013 Aufkl\u00e4rung&quot;","block_context":{"text":"Demokratie \u2013 Medien \u2013 Aufkl\u00e4rung","link":"https:\/\/www.freidenker.org\/?cat=12"},"img":{"alt_text":"","src":"https:\/\/i0.wp.com\/www.freidenker.org\/fw17\/wp-content\/uploads\/2021\/07\/havana-4033111_800x450.jpg?fit=800%2C450&ssl=1&resize=350%2C200","width":350,"height":200,"srcset":"https:\/\/i0.wp.com\/www.freidenker.org\/fw17\/wp-content\/uploads\/2021\/07\/havana-4033111_800x450.jpg?fit=800%2C450&ssl=1&resize=350%2C200 1x, https:\/\/i0.wp.com\/www.freidenker.org\/fw17\/wp-content\/uploads\/2021\/07\/havana-4033111_800x450.jpg?fit=800%2C450&ssl=1&resize=525%2C300 1.5x, https:\/\/i0.wp.com\/www.freidenker.org\/fw17\/wp-content\/uploads\/2021\/07\/havana-4033111_800x450.jpg?fit=800%2C450&ssl=1&resize=700%2C400 2x"},"classes":[]},{"id":16051,"url":"https:\/\/www.freidenker.org\/?p=16051","url_meta":{"origin":14989,"position":3},"title":"Ehrung und Gedenken zum Tag der Befreiung","author":"Webredaktion","date":"13. Mai 2023","format":false,"excerpt":"Beitrag von Liane Kilinc Heute nach Deutschland zu blicken macht keine Freude. Denn wie im letzten Jahr wurde daf\u00fcr gesorgt, dass am Treptower Ehrenmal in Berlin nicht gefeiert werden darf. Sowjetische und russische Fahnen, auch das Georgsband, alles wurde verboten. Und es ist noch schlimmer als im vergangenen Jahr \u2013\u2026","rel":"","context":"In &quot;Frieden - Antifaschismus - Solidarit\u00e4t&quot;","block_context":{"text":"Frieden - Antifaschismus - Solidarit\u00e4t","link":"https:\/\/www.freidenker.org\/?cat=13"},"img":{"alt_text":"","src":"https:\/\/i0.wp.com\/www.freidenker.org\/fw17\/wp-content\/uploads\/2023\/05\/2023-05-08-liane-kilinc_800x450.jpg?fit=800%2C450&ssl=1&resize=350%2C200","width":350,"height":200,"srcset":"https:\/\/i0.wp.com\/www.freidenker.org\/fw17\/wp-content\/uploads\/2023\/05\/2023-05-08-liane-kilinc_800x450.jpg?fit=800%2C450&ssl=1&resize=350%2C200 1x, https:\/\/i0.wp.com\/www.freidenker.org\/fw17\/wp-content\/uploads\/2023\/05\/2023-05-08-liane-kilinc_800x450.jpg?fit=800%2C450&ssl=1&resize=525%2C300 1.5x, https:\/\/i0.wp.com\/www.freidenker.org\/fw17\/wp-content\/uploads\/2023\/05\/2023-05-08-liane-kilinc_800x450.jpg?fit=800%2C450&ssl=1&resize=700%2C400 2x"},"classes":[]},{"id":14521,"url":"https:\/\/www.freidenker.org\/?p=14521","url_meta":{"origin":14989,"position":4},"title":"Habeck: Von D\u00fcsseldorf in den Sportpalast","author":"Webredaktion","date":"25. Oktober 2022","format":false,"excerpt":"Beitrag von Dagmar Henn Vor einigen Monaten hielt Bundeswirtschaftsminister Robert Habeck eine Rede vor Industrievertretern, die beachtenswert war. Nicht, weil sie kluge Gedanken enthalten h\u00e4tte, sondern weil sie sein Verst\u00e4ndnis von \"Demokratie\" bezeugte, das ausgesprochen fragw\u00fcrdig war. Das klang nach Durchregieren, demokratische Prozesse wurden nur als Hindernisse dargestellt. Damals war\u2026","rel":"","context":"In &quot;Arbeit &amp; Soziales&quot;","block_context":{"text":"Arbeit &amp; Soziales","link":"https:\/\/www.freidenker.org\/?cat=11"},"img":{"alt_text":"","src":"https:\/\/i0.wp.com\/www.freidenker.org\/fw17\/wp-content\/uploads\/2022\/10\/Habeck-LDK_Dortmund_21.-22.8.2021_51393058124_800x450.jpg?fit=800%2C450&ssl=1&resize=350%2C200","width":350,"height":200,"srcset":"https:\/\/i0.wp.com\/www.freidenker.org\/fw17\/wp-content\/uploads\/2022\/10\/Habeck-LDK_Dortmund_21.-22.8.2021_51393058124_800x450.jpg?fit=800%2C450&ssl=1&resize=350%2C200 1x, https:\/\/i0.wp.com\/www.freidenker.org\/fw17\/wp-content\/uploads\/2022\/10\/Habeck-LDK_Dortmund_21.-22.8.2021_51393058124_800x450.jpg?fit=800%2C450&ssl=1&resize=525%2C300 1.5x, https:\/\/i0.wp.com\/www.freidenker.org\/fw17\/wp-content\/uploads\/2022\/10\/Habeck-LDK_Dortmund_21.-22.8.2021_51393058124_800x450.jpg?fit=800%2C450&ssl=1&resize=700%2C400 2x"},"classes":[]},{"id":15845,"url":"https:\/\/www.freidenker.org\/?p=15845","url_meta":{"origin":14989,"position":5},"title":"Treffen der G7-Au\u00dfenminister: Der Berg krei\u00dfte","author":"Webredaktion","date":"22. April 2023","format":false,"excerpt":"Beitrag von Dagmar Henn Die Au\u00dfenminister der G7 treffen sich in Japan und g\u00f6nnten sich eine lange Erkl\u00e4rung. Eine Erkl\u00e4rung, die belegt, dass die Ver\u00e4nderungen des letzten Jahres in dieser Gruppe noch nicht angekommen sind. Die G7 sind nicht mehr der Nabel der Welt und schon l\u00e4ngst nicht mehr die\u2026","rel":"","context":"In &quot;Demokratie \u2013 Medien \u2013 Aufkl\u00e4rung&quot;","block_context":{"text":"Demokratie \u2013 Medien \u2013 Aufkl\u00e4rung","link":"https:\/\/www.freidenker.org\/?cat=12"},"img":{"alt_text":"","src":"https:\/\/i0.wp.com\/www.freidenker.org\/fw17\/wp-content\/uploads\/2023\/04\/G7_in_Japan_day_2_-_52823264014_800x450.jpg?fit=800%2C450&ssl=1&resize=350%2C200","width":350,"height":200,"srcset":"https:\/\/i0.wp.com\/www.freidenker.org\/fw17\/wp-content\/uploads\/2023\/04\/G7_in_Japan_day_2_-_52823264014_800x450.jpg?fit=800%2C450&ssl=1&resize=350%2C200 1x, https:\/\/i0.wp.com\/www.freidenker.org\/fw17\/wp-content\/uploads\/2023\/04\/G7_in_Japan_day_2_-_52823264014_800x450.jpg?fit=800%2C450&ssl=1&resize=525%2C300 1.5x, https:\/\/i0.wp.com\/www.freidenker.org\/fw17\/wp-content\/uploads\/2023\/04\/G7_in_Japan_day_2_-_52823264014_800x450.jpg?fit=800%2C450&ssl=1&resize=700%2C400 2x"},"classes":[]}],"_links":{"self":[{"href":"https:\/\/www.freidenker.org\/index.php?rest_route=\/wp\/v2\/posts\/14989","targetHints":{"allow":["GET"]}}],"collection":[{"href":"https:\/\/www.freidenker.org\/index.php?rest_route=\/wp\/v2\/posts"}],"about":[{"href":"https:\/\/www.freidenker.org\/index.php?rest_route=\/wp\/v2\/types\/post"}],"author":[{"embeddable":true,"href":"https:\/\/www.freidenker.org\/index.php?rest_route=\/wp\/v2\/users\/3"}],"replies":[{"embeddable":true,"href":"https:\/\/www.freidenker.org\/index.php?rest_route=%2Fwp%2Fv2%2Fcomments&post=14989"}],"version-history":[{"count":0,"href":"https:\/\/www.freidenker.org\/index.php?rest_route=\/wp\/v2\/posts\/14989\/revisions"}],"wp:featuredmedia":[{"embeddable":true,"href":"https:\/\/www.freidenker.org\/index.php?rest_route=\/wp\/v2\/media\/14990"}],"wp:attachment":[{"href":"https:\/\/www.freidenker.org\/index.php?rest_route=%2Fwp%2Fv2%2Fmedia&parent=14989"}],"wp:term":[{"taxonomy":"category","embeddable":true,"href":"https:\/\/www.freidenker.org\/index.php?rest_route=%2Fwp%2Fv2%2Fcategories&post=14989"},{"taxonomy":"post_tag","embeddable":true,"href":"https:\/\/www.freidenker.org\/index.php?rest_route=%2Fwp%2Fv2%2Ftags&post=14989"}],"curies":[{"name":"wp","href":"https:\/\/api.w.org\/{rel}","templated":true}]}}