{"id":14954,"date":"2023-01-07T15:01:03","date_gmt":"2023-01-07T14:01:03","guid":{"rendered":"https:\/\/www.freidenker.org\/?p=14954"},"modified":"2023-02-04T13:26:22","modified_gmt":"2023-02-04T12:26:22","slug":"kanzler-scholz-vor-aller-welt-gedeckelt","status":"publish","type":"post","link":"https:\/\/www.freidenker.org\/?p=14954","title":{"rendered":"Kanzler Scholz, vor aller Welt gedeckelt"},"content":{"rendered":"<h5>Der oberste deutsche Befehlsempf\u00e4nger der USA ist noch weniger souver\u00e4n als das Land, das er regiert: eine Schmach f\u00fcr seine W\u00e4hler<\/h5>\n<p><em>Von <strong>Friedhelm Klinkhamm<\/strong><\/em><em><strong>er<\/strong> und <strong>Volker Br\u00e4utigam<\/strong><\/em><\/p>\n<p><strong>60 Tage lang konnte Olaf Scholz erfolgversprechend so tun, als sei er Kanzler eines souver\u00e4nen Deutschlands. <\/strong><strong>Er gab in seinen ersten Amtstagen sogar vor, er f\u00fchle sich mitverantwortlich f\u00fcr den Frieden in Europa<\/strong><strong>.<\/strong><a href=\"#_edn1\" name=\"_ednref1\">[1]<\/a><strong> Am 7. Februar 2022 war dann Schluss mit lustig. Scholz musste zum Antrittsbesuch bei US-Pr\u00e4sident Biden antraben. Genauer: Zum Befehlsempfang, wie sich auf der anschlie\u00dfenden Pressekonferenz herausstellte. Als Scholz einer Journalistenfrage nach der Zukunft der Gasleitung Nord Stream 2 auswich, gab ihm Biden vor aller Welt Saures: Es werde <em>\u201e\u2026 <\/em><\/strong><strong><em>kein Nord Stream 2-Projekt mehr geben\u201c.<\/em><\/strong><a href=\"#_edn2\" name=\"_ednref2\">[2]<\/a> <strong>Der Kanzler griente nur d\u00fcmmlich, anstatt zu kontern: <em>Nord Stream 2 ist Miteigentum deutscher Unternehmen und liegt au\u00dferhalb US-amerikanischer Zust\u00e4ndigkeit. <\/em>Doch soviel R\u00fcckgrat hatte Scholz nicht.<\/strong><\/p>\n<p>Die ARD-aktuell kommentierte den peinlichen Presseauftritt so:<\/p>\n<blockquote><p><em>\u201eDemonstrativ untergehakt als zwei starke Partner, die sich gegenseitig <\/em>(sic!)<em> vertrauen\u201c<\/em>.<a href=\"#_edn3\" name=\"_ednref3\">[3]<\/a><\/p><\/blockquote>\n<p>Obendrein wurde des Kanzlers Erniedrigung also mit Schwanzwedler-Journalismus bedacht (\u2018tschuldigung, Frau Tina Hassel: Schwanzwedler<u>*<\/u>Innen-J.). In der 20-Uhr-Tagesschau vom 7. Februar hie\u00df es lakonisch:<\/p>\n<blockquote><p><em>\u201eDie USA fordern die klare Zusage, dass Solidarit\u00e4t \u00fcber deutsche Wirtschaftsinteressen geht.\u201c <\/em><a href=\"#_edn4\" name=\"_ednref4\">[4]<\/a><\/p><\/blockquote>\n<p>Deutscher Frondienst ist ja nach wie vor selbstverst\u00e4ndlich.<\/p>\n<p>Seit dem Ukraine-Krieg ist un\u00fcbersehbar, dass alle f\u00fcr Deutschland wichtigen Entscheidungen in Washington getroffen werden. Scholz, Baerbock, Habeck und Lindner unterwerfen sich dem Diktat, trotz der enormen Belastungen, die f\u00fcr uns daraus entstehen. Scholz mit Blick auf die USA:<\/p>\n<blockquote><p><em>\u201eEs wird keine Ma\u00dfnahmen geben, bei denen wir unterschiedlich agieren. Wir werden einheitlich und zusammen auftreten.\u201c <a href=\"#_edn5\" name=\"_ednref5\"><strong>[5]<\/strong><\/a><\/em><\/p><\/blockquote>\n<p>Eigene Ideen zur Kriegsvermeidung und die notwendige Bereitschaft, auch die Sicherheitsbed\u00fcrfnisse Russlands zu ber\u00fccksichtigen, lie\u00df er nie erkennen. Scholz, einst Merkels Stellvertreter in der Gro\u00dfen Koalition, wei\u00df nat\u00fcrlich, dass Minsk-2, obwohl ein v\u00f6lkerrechtlich verbindlicher Vertrag, nur zum Schein zelebriert und Pr\u00e4sident Putin damit jahrelang hintergangen worden war. Nicht Friedenssicherung war beabsichtigt, sondern Zeitgewinn zur Aufr\u00fcstung der Ukraine<a href=\"#_edn6\" name=\"_ednref6\">[6]<\/a> und zum parallelen Dauerkrieg im Donbass.<\/p>\n<h5>Epochaler Betrug<\/h5>\n<p>Dass Scholz, nunmehr selbst Kanzler, dem epochalen Betrug kein Ende setzte, sondern die US-Provokationen gegen Russland \u2013 zulasten Deutschlands! \u2013 weiter unterst\u00fctzte, zeigt seine US-H\u00f6rigkeit. Als ehemaliger Finanzminister Merkels wusste er genau: Seit 2014 hatten die USA das korrupte Kiewer Oligarchen-Regime\u00a0mit j\u00e4hrlich 5 Milliarden Dollar gep\u00e4ppelt und dessen Armee\u00a0zur zweitgr\u00f6\u00dften europ\u00e4ischen Streitmacht hinter Russland hochger\u00fcstet.\u00a0Deutschland hatte dabei mitgeschmiert.<\/p>\n<p>Berlins Beitrag seit dem Maidan-Putsch und bis zum 24. Februar 22: gewaltige 2 Milliarden Euro<a href=\"#_edn7\" name=\"_ednref7\">[7]<\/a><sup>, <a href=\"#_edn8\" name=\"_ednref8\">[8]<\/a><\/sup>, \u00fcber deren Verwendung kein Nachweis verlangt wurde. Obwohl die Ukraine laut EU-Rechnungshof \u201edas korrupteste Land Europas\u201c ist<a href=\"#_edn9\" name=\"_ednref9\">[9]<\/a>, zahlte und zahlt unsere Regierung in das Oligarchen-Fass ohne Boden.<\/p>\n<p>Die\u00a0hemmungslose Aufr\u00fcstungshilfe\u00a0der USA, der EU und Deutschlands nutzte das hochkriminelle Kiewer Regime skrupellos\u00a0dazu, die ethnisch-russische Bev\u00f6lkerung der Ostukraine zu terrorisieren. Der Vernichtungskrieg<a href=\"#_edn10\" name=\"_ednref10\">[10]<\/a><sup>, <a href=\"#_edn11\" name=\"_ednref11\">[11]<\/a><\/sup> der ukrainischen Armee gegen ihre russischsprachigen Landsleute forderte mehr als 14 000 Tote; laut OSZE waren 81 Prozent der Opfer auf Seiten der russischen Ost-Ukrainer zu beklagen.<a href=\"#_edn12\" name=\"_ednref12\">[12]<\/a> Das neonazistische Regime<a href=\"#_edn13\" name=\"_ednref13\">[13]<\/a> in Kiew f\u00fchrte diesen B\u00fcrgerkrieg im Auftrag der USA.<a href=\"#_edn14\" name=\"_ednref14\">[14]<\/a> Zu deren Vorteil sollte sich die Ukraine selbst zertr\u00fcmmern und zum Aufmarschgebiet der NATO gegen Russland planieren.<\/p>\n<h5>Letzte Warnung<\/h5>\n<p>Deshalb teilte Pr\u00e4sident Putin im Dezember 2021 den westlichen Drahtziehern mit, Russland werde, falls das Dauer-Bombardement auf die Ost-Ukrainer nicht aufh\u00f6re,<\/p>\n<blockquote><p><em>\u201eangemessene milit\u00e4risch-technische Vergeltungsma\u00dfnahmen ergreifen\u201c<\/em>.<a href=\"#_edn15\" name=\"_ednref15\">[15]<\/a><\/p><\/blockquote>\n<p>Biden, Johnson, Scholz und Co. wussten genau, wo Russlands <em>Rote Linie<\/em> verlief.\u00a0Anstatt die legitimen Sicherheitsinteressen Russlands \u2013 und Deutschlands! \u2013 zu bedenken und auf eine diplomatische L\u00f6sung hinzuwirken, lie\u00df sich Scholz mit US-Auftragsbotschaft nach Moskau schicken und dort erwartungsgem\u00e4\u00df abfertigen. Dem deutschen Publikum aber verkaufte die Regierungstr\u00f6te ARD-aktuell Scholz\u2018 peinliche diplomatische Pleite als beeindruckenden Erfolg:<\/p>\n<blockquote><p><strong><em>\u201e<\/em><\/strong><strong><em>Kanzler Scholz hat in Moskau diplomatisches Fingerspitzengef\u00fchl und R\u00fcckgrat bewiesen<\/em><\/strong><em><strong>.\u00a0<\/strong><\/em><strong><em>Und Pr\u00e4sident Putin gezeigt, wie geschlossen der Westen in der Ukraine-Frage zusammensteht.<\/em><\/strong><em>\u201c <a href=\"#_edn16\" name=\"_ednref16\"><strong>[16]<\/strong><\/a><\/em><\/p><\/blockquote>\n<p>Schleimer-Journalismus (Schwanzwedler-J. hatten wir ja schon). Nichts hatte Scholz erreicht, gar nichts.<\/p>\n<p>Ein Typ ohne Anstand und Mitgef\u00fchl. Scholz hatte Putins Vorwurf, die Armee der Ukraine habe im Donbass 14 000 Menschen umgebracht und damit V\u00f6lkermord begangen, sogar \u201el\u00e4cherlich\u201c genannt.<a href=\"#_edn17\" name=\"_ednref17\">[17]<\/a> Selbst ein konservatives Magazin sah sich angesichts solcher Menschenverachtung zu der Frage veranlasst:<\/p>\n<blockquote><p><em>\u201eKann jemand, der seinen Gegner nicht einmal verstehen will, weil das dem eigenen Weltbild widerspricht, angemessen reagieren?\u201c<\/em> <a href=\"#_edn18\" name=\"_ednref18\">[18]<\/a><\/p><\/blockquote>\n<p>Nein. Scholz ist nicht bereit, die deutsche Mitschuld an den m\u00f6rderischen westlichen und Kiewer Provokationen anzuerkennen, die zum russischen Einmarsch in die Ukraine f\u00fchrten.<a href=\"#_edn19\" name=\"_ednref19\">[19]<\/a> Was Charakterlosigkeit anbelangt, bleibt der Mann sich treu, wie sich schon zeigte, als er sich von US-Biden das Ende der betriebsfertigen Nord Stream-R\u00f6hre verk\u00fcnden lie\u00df:<\/p>\n<blockquote><p>\u00a0<em>\u201eIch verspreche Ihnen, wir werden in der Lage sein, das zu tun.\u201c<a href=\"#_edn20\" name=\"_ednref20\"><strong>[20]<\/strong><\/a><\/em><\/p><\/blockquote>\n<p>Obwohl 57 Prozent der Deutschen an Nord Stream 2 festhalten wollten<a href=\"#_edn21\" name=\"_ednref21\">[21]<\/a>, folgte Scholz der Stimme seines wahren Herrn und lie\u00df das Nord Stream-2-Projekt einstellen. Bidens Versprechen wurde mit der Sprengung beider Nord Stream-Gasleitungen schlie\u00dflich sogar \u00fcbererf\u00fcllt.<a href=\"#_edn22\" name=\"_ednref22\">[22]<\/a><\/p>\n<h5>US-Krieg gegen Deutschland<\/h5>\n<p>Ein staatlicher Terrorakt, eine Kriegshandlung. Fast 10 Milliarden Euro allein f\u00fcr Nord Stream 2 wurden mit einem Schlag vernichtet.<a href=\"#_edn23\" name=\"_ednref23\">[23]<\/a> Eine H\u00e4lfte des Schadens entf\u00e4llt auf Russland, die andere auf mehrheitlich deutsche Miteigent\u00fcmer. Die werden ihn erfahrungsgem\u00e4\u00df nicht selbst tragen, sondern dem Steuerzahler aufhalsen.<\/p>\n<p>Die Ampelkoalition\u00e4re tun jedoch so, als habe Deutschland den kriegerischen Akt klaglos hinzunehmen: \u201eGeheimhaltungsinteresse und Staatswohl\u201c gingen vor, hei\u00dft es in Regierungskreisen.<a href=\"#_edn24\" name=\"_ednref24\">[24]<\/a> Den Vogel an bornierter Ignoranz schoss ein rechter Betonkopf-Sozi ab:<\/p>\n<blockquote><p><em>\u201e<\/em><em>Es ist v\u00f6llig gleichg\u00fcltig, ob Nord Stream 1 und Nord Stream 2 nun Lecks haben, wie diese Lecks entstanden sind, ob das Anschl\u00e4ge waren, wer hinter den Anschl\u00e4gen steckt, weil aus der einen Pipeline noch nie Gas gekommen ist und es aus der anderen seit Wochen kein Gas mehr gegeben hat.\u201c <\/em><a href=\"#_edn25\" name=\"_ednref25\">[25]<\/a><\/p><\/blockquote>\n<p>Auch ARD-aktuell wollte die Geheimhaltungsakrobatik<a href=\"#_edn26\" name=\"_ednref26\">[26]<\/a> der Bundesregierung nicht weiter st\u00f6ren. Noch Ende November 22 faselte die Redaktion:<\/p>\n<blockquote><p>\u00a0<em>\u201eSprengung von au\u00dfen wahrscheinlich\u201c<a href=\"#_edn27\" name=\"_ednref27\"><strong>[27]<\/strong><\/a><\/em> (sic!)<\/p><\/blockquote>\n<p>und bezog sich dabei auf ein externes Gutachten, statt selbst logisch zu denken.<\/p>\n<p>Der Duckm\u00e4user-Journalismus (Schleimer-J. hatten wir schon) unterst\u00fctzt die USA\u00a0 und ihre Berliner Heloten dabei, Kriegsbeteiligung als Hilfe f\u00fcr die arme \u201ev\u00f6lkerrechtswidrig \u00fcberfallene\u201c Ukraine auszugeben und das tats\u00e4chliche Kriegsziel der westlichen Eliten zu verschleiern: die Zerschlagung der russischen Staatlichkeit zwecks ungehinderten Zugriffs auf die riesigen\u00a0russischen Rohstofflager. Unseren Herrschaften geht es nicht um \u201eFreiheit und Democracy\u201c in der Ukraine, sondern darum, den Konkurrenten Russland zu unterwerfen, sich an dessen Ressourcen zu bereichern und sein Territorium als Aufmarschbasis gegen die VR China zu nutzen.<\/p>\n<p>Die vorgeblich selbstbewussten und doch nur US-liebedienerischen \u00c4u\u00dferungen des Kanzlers, seines Vizes Habeck und seiner uns\u00e4glichen Au\u00dfenministerin Baerbock seit Beginn des Krieges haben sich bis zur Stunde durchwegs als reaktion\u00e4re B\u00f6sartigkeit, Dummheit und Kurzsichtigkeit erwiesen. Verlierer ihrer Sanktionspolitik sind die Westeurop\u00e4er, Gewinner die USA.<a href=\"#_edn28\" name=\"_ednref28\">[28]<\/a><\/p>\n<h5>Die Zeche zahlt der \u201ekleine Mann\u201c<\/h5>\n<p>In Westeuropa wird inzwischen ein viermal h\u00f6herer Gaspreis verlangt als in den USA. Deren superteures Fl\u00fcssiggas erreicht inzwischen einen Anteil von 70 Prozent des westeurop\u00e4ischen Gasimports. Unsere Abh\u00e4ngigkeit vom schmutzigeren, umweltsch\u00e4dlicheren und energie\u00e4rmeren US-Fracking-LNG ist damit noch h\u00f6her, als sie es jemals vom kalorienreicheren, \u00f6kologisch vern\u00fcnftigeren und zugleich wesentlich preiswerteren russischen Leitungsgas gewesen ist.<a href=\"#_edn29\" name=\"_ednref29\">[29]<\/a><\/p>\n<p>Laut Preisvergleichsportal <em>Verivox<\/em> verdreifachten sich im August 2022 die Gaskosten in Deutschland: Zahlte eine Familie mit einem Jahresverbrauch von 20.000 kWh zuvor noch 1.258 Euro, stiegen sie nun auf durchschnittlich 3.568 Euro.<strong>\u00a0<\/strong><strong>Dabei bleibt es nicht:<\/strong>\u00a0Private\u00a0Haushalte m\u00fcssen im neuen Jahr mit\u00a0weiteren\u00a0Mehrausgaben von 67 Prozent rechnen.<a href=\"#_edn30\" name=\"_ednref30\">[30]<\/a> Auch die \u00d6lpreise sind innerhalb eines Jahres um satte 50 Prozent gestiegen.<a href=\"#_edn31\" name=\"_ednref31\">[31]<\/a> Zu dieser starken Heizkosten-Zunahme kommen noch der Preisauftrieb beim Strom (Vattenfall z.B. +45 Prozent) und wesentlich h\u00f6here Kraftstoffausgaben.<\/p>\n<p>Davon abgesehen hat der wirtschaftlich, \u00f6kologisch und politisch absurde Verzicht auf russische Energietr\u00e4ger bereits jetzt zu betr\u00e4chtlichen volkswirtschaftlichen Sch\u00e4den gef\u00fchrt. Mindestens eine Billion Euro hat es die EU gekostet, das Gas aus Russland zu ersetzen.<a href=\"#_edn32\" name=\"_ednref32\">[32]<\/a> Deutschland musste f\u00fcr die Umstellung 500 Milliarden Euro aufbringen. Das Geld, mit dem Scholz um sich wirft (\u201eDoppelwums\u201c), um den deutschen Kleinb\u00fcrger ruhig zu stellen und den Amis das Beutemachen zu erleichtern, ist kein Geschenk, sondern Steuerschuld, die wir zur\u00fcckzahlen m\u00fcssen. Mit Zins und Zinseszins. Doch dreist wagt der Kanzler vor seiner Bundestags-Claque zu behaupten:<\/p>\n<blockquote><p><em>\u201eNiemand, keine Familie, keine Rentnerin, kein Student und auch kein Unternehmen soll Angst haben, von den Preisen f\u00fcr Strom, Gas oder Fernw\u00e4rme \u00fcberfordert zu werden.\u201c <\/em><a href=\"#_edn33\" name=\"_ednref33\">[33]<\/a><\/p><\/blockquote>\n<p>Als ob die \u00dcberforderung nicht l\u00e4ngst millionenfach stattf\u00e4nde.<a href=\"#_edn34\" name=\"_ednref34\">[34]<\/a> <em>ARD-aktuell titelte \u00fcber den Scholz-Auftritt trotzdem unverdrossen verlogen: <\/em><\/p>\n<blockquote><p><em>\u201eZur\u00fcck zur Sachlichkeit\u201c.<\/em><a href=\"#_edn35\" name=\"_ednref35\">[35]<\/a><\/p><\/blockquote>\n<p>Stiefellecker-Journalismus eben (Duckm\u00e4user-J. hatten wir schon).<\/p>\n<p><em>Niemand soll Angst haben?<\/em>\u00a0<em>Inzwischen hat es sich sogar bis zum Regierungssender Deutsche Welle herumgesprochen, dass Deutschland auf dem letzten Loch pfeift.<\/em><a href=\"#_edn36\" name=\"_ednref36\">[36]<\/a><em> Von der Gesundheitsf\u00fcrsorge \u00fcber das Bildungswesen bis zur Verkehrsinfrastruktur ist alles in die Gr\u00fctze gewirtschaftet. Dank Scholz und seines Gruselkabinetts aber haben wir wieder einen Staatsschulden-Auftrieb und sind schon bei mehr als 2,52 Billionen Euro angelangt.<\/em><a href=\"#_edn37\" name=\"_ednref37\">[37]<\/a><\/p>\n<p><em>Den Kanzler juckt es nicht, sagt ein intimer Insider:<\/em><\/p>\n<blockquote><p>\u00a0<em>\u201e<\/em><em>Es gibt nur ein einziges Programm f\u00fcr Olaf Scholz, und das ist er selbst. Dass er sich mit korrupten Bankern und Milliard\u00e4ren gut stellt, geh\u00f6rt dazu.\u201c<\/em> <a href=\"#_edn38\" name=\"_ednref38\"><em><strong>[38]<\/strong><\/em><\/a><\/p><\/blockquote>\n<p>Dass Scholz ein (erpressbarer?) Rosst\u00e4uscher ist, zeigt auch seine Behauptung, man habe die Sanktionen gegen Russland sorgf\u00e4ltig vorbereitet, \u201edamit sie die Richtigen treffen\u201c. Sorgf\u00e4ltig? Russlands Rohstoffeinnahmen lagen anno 2022 h\u00f6her als seine Kriegskosten<a href=\"#_edn39\" name=\"_ednref39\">[39]<\/a><sup>, <\/sup><a href=\"#_edn40\" name=\"_ednref40\">[40]<\/a>, kein Vergleich mit Deutschlands mieser Kassenlage und drohender De-Industrialisierung.<\/p>\n<h5>Fass ohne Boden<\/h5>\n<p>Wof\u00fcr das alles? F\u00fcr eine von Neonazis beherrschte\u00a0Ukraine. F\u00fcr eine Diktatur, die alle Oppositionsparteien eliminierte, alle kritischen Medienh\u00e4user dicht machte, politische Gegner auf Todeslisten<a href=\"#_edn41\" name=\"_ednref41\">[41]<\/a> setzte, den ethnisch-russischen B\u00fcrgern die Muttersprache verbot, Millionen russischer B\u00fccher und anderes Kulturgut vernichten l\u00e4sst und von einem koksenden, miesen Schauspieler und Steuerbetr\u00fcger repr\u00e4sentiert wird, der sich nicht scheut, mit SS-Abzeichen an seiner Camouflage vor die TV-Kameras zu treten und gegen die russisch-orthodoxe Kirche vorzugehen.<a href=\"#_edn42\" name=\"_ednref42\">[42]<\/a> F\u00fcr einen Staat mit der h\u00f6chsten Korruptionsrate europaweit, in dem ein erheblicher Teil der ausl\u00e4ndischen Hilfegelder in schwarzen Taschen verschwindet.<\/p>\n<p>Tag f\u00fcr Tag werden auf den Schlachtfeldern der Ukraine hunderte Mitmenschen umgebracht oder verst\u00fcmmelt. Das Grauen \u00fcbersteigt jedes Vorstellungsverm\u00f6gen. Aber unsere empathielose Au\u00dfenministerin behauptet<\/p>\n<blockquote><p><em>\u201e<\/em><em>Unsere Waffen helfen, Menschenleben zu retten\u201c\u00a0<a href=\"#_edn43\" name=\"_ednref43\"><strong>[43]<\/strong><\/a><\/em><\/p><\/blockquote>\n<p>und demonstriert ihre Selbstbezogenheit und Menschenverachtung. H\u00e4tte sie Herz und Verstand, m\u00fcsste sie Konstantin Wecker zustimmen:<\/p>\n<blockquote><p><em>\u201eWer mehr Waffen fordert, der schickt andere zum Morden und Ermordet-Werden.\u201c <a href=\"#_edn44\" name=\"_ednref44\"><strong>[44]<\/strong><\/a><\/em><\/p><\/blockquote>\n<p>Argumentativ kommt man einer Baerbock allerdings nicht bei. F\u00fcr deutsche Politiker geziemt sich der B\u00fcckling vor US-Regierungen, das hatte auch Vizekanzler Habeck gezeigt:<\/p>\n<blockquote><p><em>\u201eJe st\u00e4rker Deutschland dient, umso gr\u00f6\u00dfer ist seine Rolle\u201c<\/em> <a href=\"#_edn45\" name=\"_ednref45\"><em><strong>[45]<\/strong><\/em><\/a><\/p><\/blockquote>\n<p>Tiefer, Robert, tiefer! Und Abgang r\u00fcckw\u00e4rts!<\/p>\n<h5>Die Ursache der Unfreiheit<\/h5>\n<p>Seit Jahren kommt immer mal wieder der Verdacht auf, die Kriecherei der Bundesregierungen sei zwangsl\u00e4ufig, weil Deutschland auch nach 1990 keine volle Souver\u00e4nit\u00e4t erlangt habe; nur Russland habe uns vom Besatzerprivileg befreit, die USA h\u00e4tten es behalten.<\/p>\n<p>Wiederholt \u00e4u\u00dferten sogar deutsche Spitzenpolitiker trotz des 2+4-Vertrags von 1990 entsprechende Zweifel an der Souver\u00e4nit\u00e4t der Bundesrepublik. Wolfgang Sch\u00e4uble, seinerzeit Bundesfinanzminister, am 18. November 2011:<\/p>\n<blockquote><p><em>\u201e\u2026 wir in Deutschland sind seit dem 8. Mai 1945 zu keinem Zeitpunkt mehr voll souver\u00e4n gewesen.\u201c<\/em> <a href=\"#_edn46\" name=\"_ednref46\">[46]<\/a><\/p><\/blockquote>\n<div class=\"jetpack-video-wrapper\"><span class=\"embed-youtube\" style=\"text-align:center; display: block;\"><iframe loading=\"lazy\" class=\"youtube-player\" width=\"800\" height=\"450\" src=\"https:\/\/www.youtube.com\/embed\/Y5W5vsGIayI?version=3&#038;rel=1&#038;showsearch=0&#038;showinfo=1&#038;iv_load_policy=1&#038;fs=1&#038;hl=de-DE&#038;autohide=2&#038;wmode=transparent\" allowfullscreen=\"true\" style=\"border:0;\" sandbox=\"allow-scripts allow-same-origin allow-popups allow-presentation allow-popups-to-escape-sandbox\"><\/iframe><\/span><\/div>\n<p>Gregor Gysi, seinerzeit Fraktionsvorsitzender der Linkspartei und Oppositionsf\u00fchrer im Bundestag, am 28. Januar 2014 auf einer Pressekonferenz der Linkspartei:<\/p>\n<blockquote><p><em>\u201e\u2026<\/em><em> ich denke, dass wir im Jahre 2014 verdient haben, ein in jeder Hinsicht souver\u00e4ner Staat zu werden. Und wenn wir in jeder Hinsicht souver\u00e4n werden wollen, m\u00fcssen wir den USA zeigen, dass wir Grenz\u00fcberschreitungen nicht dulden \u2026 wer Freundschaft will, muss Unterw\u00fcrfigkeit aufgeben\u2026\u201c <a href=\"#_edn47\" name=\"_ednref47\"><strong>[47]<\/strong><\/a><\/em><\/p><\/blockquote>\n<div class=\"jetpack-video-wrapper\"><span class=\"embed-youtube\" style=\"text-align:center; display: block;\"><iframe loading=\"lazy\" class=\"youtube-player\" width=\"800\" height=\"450\" src=\"https:\/\/www.youtube.com\/embed\/D-szJY7Eo9E?version=3&#038;rel=1&#038;showsearch=0&#038;showinfo=1&#038;iv_load_policy=1&#038;fs=1&#038;hl=de-DE&#038;autohide=2&#038;wmode=transparent\" allowfullscreen=\"true\" style=\"border:0;\" sandbox=\"allow-scripts allow-same-origin allow-popups allow-presentation allow-popups-to-escape-sandbox\"><\/iframe><\/span><\/div>\n<p>Am 21. Juni 2015 stellte Gysi die Souver\u00e4nit\u00e4tsfrage sogar im Parlament.<a href=\"#_edn48\" name=\"_ednref48\">[48]<\/a> Auf eine Antwort bestand er leider nicht.<\/p>\n<div class=\"jetpack-video-wrapper\"><span class=\"embed-youtube\" style=\"text-align:center; display: block;\"><iframe loading=\"lazy\" class=\"youtube-player\" width=\"800\" height=\"450\" src=\"https:\/\/www.youtube.com\/embed\/t3ZJJTQxMhM?version=3&#038;rel=1&#038;showsearch=0&#038;showinfo=1&#038;iv_load_policy=1&#038;fs=1&#038;hl=de-DE&#038;autohide=2&#038;wmode=transparent\" allowfullscreen=\"true\" style=\"border:0;\" sandbox=\"allow-scripts allow-same-origin allow-popups allow-presentation allow-popups-to-escape-sandbox\"><\/iframe><\/span><\/div>\n<p>Unsere Regierenden sind zumindest <em>de facto<\/em> US-amerikanische Marionetten. Sie geben es nur nicht zu und verstetigen damit ihren Dienstbotenstatus und Deutschlands Souver\u00e4nit\u00e4tsdefizit. Die SZ \u2013 immerhin eine der wichtigen transatlantischen Meinungsmacher f\u00fcr die deutsche \u00d6ffentlichkeit \u2013 befand:<\/p>\n<blockquote><p><em>\u201eEs existieren offensichtlich zwei Staatsgewalten in Deutschland: erstens die deutsche, und zwar in der Gestalt, die ihr die EU- und andere Vertr\u00e4ge gegeben haben; daneben zweitens die US-amerikanische, in nicht genau bekannter Form.\u201c<\/em> <a href=\"#_edn49\" name=\"_ednref49\">[49]<\/a><\/p><\/blockquote>\n<p>Na also. Warum nicht mal die Realit\u00e4t wahrnehmen, obwohl das f\u00fcr Journalisten von heute ungew\u00f6hnlich ist?<\/p>\n<p>Von Kanzler Scholz ist vergleichbare Sachlichkeit nicht zu erwarten. Schwerer noch wiegt ein anderes Defizit, das er mit seinen NATO-oliv-Gr\u00fcnen Partnern laufend vergr\u00f6\u00dfert: Emp\u00f6rt leugnen sie, dass sie in Kiew mit Neonazis umgehen und deren Denkweise verinnerlichen, obwohl das l\u00e4ngst nicht mehr zu \u00fcbersehen ist; zugleich setzen sie selbst stark protofaschistische Akzente. Sie schikanieren und verbieten oppositionelle Medien und machen\u00a0die Kritiker der desastr\u00f6sen Berliner Politik verbal nieder: Kriegsbef\u00fcrworter, Unmensch, Russenfreund, Verschw\u00f6rungstheoretiker oder Verfassungsfeind ist, wer ihnen zu widersprechen wagt. Scholz tut so, als habe er die Moral gepachtet, auch wenn er grad eine entlarvende Hasstirade gegen Putin und ebensolche Elogen an den Nazi-Verehrer Melnyk abl\u00e4sst.<a href=\"#_edn50\" name=\"_ednref50\">[50]<\/a>\u00a0Russen tierisch b\u00f6se, wir die Guten!<\/p>\n<p>Er und seine NATO-oliv-Gr\u00fcnen k\u00f6nnen sich des Beifalls der Tagesschau &amp; Co.KG. sicher sein. Kriegsgeiler Knallchargen-Journalismus<a href=\"#_edn51\" name=\"_ednref51\">[51]<\/a> eben (f\u00fcr \u201eQualit\u00e4ts\u201c-J. und \u00e4hnliche Beleidigungen ist leider kein Platz mehr).<\/p>\n<p>Laut dpa ist eine Mehrheit von 55 Prozent der Deutschen daf\u00fcr, dass die Ukraine sofort mit Russland \u00fcber eine Beendigung des Krieges verhandelt.<a href=\"#_edn52\" name=\"_ednref52\">[52]<\/a> Doch dar\u00fcber setzt sich ein Kanzler von Amis Gnaden nat\u00fcrlich hinweg.<\/p>\n<p>Der Kniefall des Bundeskanzlers Willy Brandt (1970) in Warschau gereichte ihm und uns weltweit zur Ehre. Die Katzbuckelei des Bundeskanzlers Olaf Scholz 2022 in Washington macht ihn und das Land, das er regiert, weltweit ver\u00e4chtlich.<\/p>\n<p style=\"text-align: right;\"><em>Friedhelm Klinkhammer und\u00a0<\/em><em>Volker Br\u00e4utigam sind\u00a0<\/em><em>Mitglieder des Beirates des Deutschen Freidenker-Verbandes<\/em><\/p>\n<p><a href=\"#_ednref1\" name=\"_edn1\"><\/a><strong>Quellen:<\/strong><\/p>\n<p>[1] <a href=\"https:\/\/www.tagesschau.de\/ausland\/europa-ukraine-russland-101.html\" target=\"_blank\" rel=\"noopener\">https:\/\/www.tagesschau.de\/ausland\/europa-ukraine-russland-101.html<\/a><\/p>\n<p><a href=\"#_ednref2\" name=\"_edn2\">[2]<\/a> <a href=\"https:\/\/www.tagesschau.de\/ausland\/amerika\/scholz-biden-ukrainekrise-101.html\">https:\/\/www.tagesschau.de\/ausland\/amerika\/scholz-biden-ukrainekrise-101.html<\/a><\/p>\n<p><a href=\"#_ednref3\" name=\"_edn3\">[3]<\/a> <a href=\"https:\/\/www.tagesschau.de\/multimedia\/sendung\/tt-9161.html\" target=\"_blank\" rel=\"noopener\">https:\/\/www.tagesschau.de\/multimedia\/sendung\/tt-9161.html<\/a><\/p>\n<p><a href=\"#_ednref4\" name=\"_edn4\">[4]<\/a> <a href=\"https:\/\/www.tagesschau.de\/multimedia\/sendung\/ts-49723.html\" target=\"_blank\" rel=\"noopener\">https:\/\/www.tagesschau.de\/multimedia\/sendung\/ts-49723.html<\/a><\/p>\n<p><a href=\"#_ednref5\" name=\"_edn5\">[5]<\/a> <a href=\"https:\/\/www.rnd.de\/politik\/joe-biden-nach-gespraech-mit-olaf-scholz-wenn-russland-einmarschiert-wird-es-kein-nord-stream-2-mehr-GVVGRO45QCOX3JBVL7W6IECPBY.html\" target=\"_blank\" rel=\"noopener\">https:\/\/www.rnd.de\/politik\/joe-biden-nach-gespraech-mit-olaf-scholz-wenn-russland-einmarschiert-wird-es-kein-nord-stream-2-mehr-GVVGRO45QCOX3JBVL7W6IECPBY.html<\/a><\/p>\n<p><a href=\"#_ednref6\" name=\"_edn6\">[6]<\/a> <a href=\"https:\/\/www.ffh.de\/video\/mediathek\/340994-angela-merkel-abkommen-von-minsk-wurden-unterzeichnet-um-ukraine-zeit-zu-geben.html\" target=\"_blank\" rel=\"noopener\">https:\/\/www.ffh.de\/video\/mediathek\/340994-angela-merkel-abkommen-von-minsk-wurden-unterzeichnet-um-ukraine-zeit-zu-geben.html<\/a><\/p>\n<p><a href=\"#_ednref7\" name=\"_edn7\">[7]<\/a> <a href=\"https:\/\/www.wsws.org\/de\/articles\/2019\/11\/23\/ukra-n23.html\">https:\/\/www.wsws.org\/de\/articles\/2019\/11\/23\/ukra-n23.html<\/a><\/p>\n<p><a href=\"#_ednref8\" name=\"_edn8\">[8]<\/a> <a href=\"https:\/\/www.bundesregierung.de\/breg-de\/suche\/unterstuetzung-ukraine-2003926\">https:\/\/www.bundesregierung.de\/breg-de\/suche\/unterstuetzung-ukraine-2003926<\/a><\/p>\n<p><a href=\"#_ednref9\" name=\"_edn9\">[9]<\/a> <a href=\"https:\/\/globalbridge.ch\/wp-content\/uploads\/2022\/12\/Europaeischer-Rechnungshof_Ukraine_Korruption.pdf\" target=\"_blank\" rel=\"noopener\">https:\/\/globalbridge.ch\/wp-content\/uploads\/2022\/12\/Europaeischer-Rechnungshof_Ukraine_Korruption.pdf<\/a><\/p>\n<p><a href=\"#_ednref10\" name=\"_edn10\">[10]<\/a> <a href=\"https:\/\/sonar21.com\/retired-usmc-colonel-andy-milburn-surprisingly-tells-some-truth-about-ukraine\/\" target=\"_blank\" rel=\"noopener\">https:\/\/sonar21.com\/retired-usmc-colonel-andy-milburn-surprisingly-tells-some-truth-about-ukraine\/<\/a><\/p>\n<p><a href=\"#_ednref11\" name=\"_edn11\">[11]<\/a> <a href=\"https:\/\/meinungsfreiheit.rtde.life\/international\/158456-us-militaerinstruktor-gibt-zu\/\" target=\"_blank\" rel=\"noopener\">https:\/\/meinungsfreiheit.rtde.life\/international\/158456-us-militaerinstruktor-gibt-zu\/<\/a><\/p>\n<p><a href=\"#_ednref12\" name=\"_edn12\">[12]<\/a> <a href=\"https:\/\/globalbridge.ch\/ein-schlechter-friede-ist-besser-als-ein-guter-krieg\/\">https:\/\/globalbridge.ch\/ein-schlechter-friede-ist-besser-als-ein-guter-krieg\/<\/a><\/p>\n<p><a href=\"#_ednref13\" name=\"_edn13\">[13]<\/a> <a href=\"https:\/\/consortiumnews.com\/2022\/12\/29\/on-the-influence-of-neo-nazism-in-ukraine\/\" target=\"_blank\" rel=\"noopener\">https:\/\/consortiumnews.com\/2022\/12\/29\/on-the-influence-of-neo-nazism-in-ukraine\/<\/a><\/p>\n<p><a href=\"#_ednref14\" name=\"_edn14\">[14]<\/a> <a href=\"https:\/\/www.lifesitenews.com\/blogs\/exclusive-us-colonel-explains-americas-role-in-provoking-russia-ukraine-conflict\/\" target=\"_blank\" rel=\"noopener\">https:\/\/www.lifesitenews.com\/blogs\/exclusive-us-colonel-explains-americas-role-in-provoking-russia-ukraine-conflict\/<\/a><\/p>\n<p><a href=\"#_ednref15\" name=\"_edn15\">[15]<\/a> <a href=\"https:\/\/www.welt.de\/politik\/ausland\/article235795402\/Russland-Ukraine-Konflikt-Putin-droht-mit-militaerisch-technischen-Massnahmen.html\">https:\/\/www.welt.de\/politik\/ausland\/article235795402\/Russland-Ukraine-Konflikt-Putin-droht-mit-militaerisch-technischen-Massnahmen.html<\/a><\/p>\n<p><a href=\"#_ednref16\" name=\"_edn16\">[16]<\/a> <a href=\"https:\/\/www.tagesschau.de\/ausland\/europa\/scholz-putin-moskau-101.html\" target=\"_blank\" rel=\"noopener\">https:\/\/www.tagesschau.de\/ausland\/europa\/scholz-putin-moskau-101.html<\/a><\/p>\n<p><a href=\"#_ednref17\" name=\"_edn17\">[17]<\/a> <a href=\"https:\/\/www.merkur.de\/politik\/muenchen-siko-annalena-baerbock-sicherheitskonferenz-harris-blinken-putin-scholz-news-russland-zr-91356098.html\" target=\"_blank\" rel=\"noopener\">https:\/\/www.merkur.de\/politik\/muenchen-siko-annalena-baerbock-sicherheitskonferenz-harris-blinken-putin-scholz-news-russland-zr-91356098.html<\/a><\/p>\n<p><a href=\"#_ednref18\" name=\"_edn18\">[18]<\/a> <a href=\"https:\/\/www.focus.de\/politik\/ausland\/angespitzt-kolumne-von-ulrich-reitz-drachenbaeren-allianz_id_56583708.html\">https:\/\/www.focus.de\/politik\/ausland\/angespitzt-kolumne-von-ulrich-reitz-drachenbaeren-allianz_id_56583708.html<\/a><\/p>\n<p><a href=\"#_ednref19\" name=\"_edn19\">[19]<\/a> <a href=\"https:\/\/deref-gmx.net\/mail\/client\/Ym1gqcrvA18\/dereferrer\/?redirectUrl=https%3A%2F%2Fwww.infosperber.ch%2Fpolitik%2Fwelt%2Fukraine-chronik-der-westlichen-einmischung%2F\">https:\/\/www.infosperber.ch\/politik\/welt\/ukraine-chronik-der-westlichen-einmischung\/<\/a><\/p>\n<p><a href=\"#_ednref20\" name=\"_edn20\">[20]<\/a> <a href=\"https:\/\/www.youtube.com\/watch?v=g9V4HNGRMwc\">https:\/\/www.youtube.com\/watch?v=g9V4HNGRMwc<\/a><\/p>\n<p><a href=\"#_ednref21\" name=\"_edn21\">[21]<\/a> <a href=\"https:\/\/de.statista.com\/statistik\/daten\/studie\/1282647\/umfrage\/festhalten-am-projekt-nord-stream2\/\">https:\/\/de.statista.com\/statistik\/daten\/studie\/1282647\/umfrage\/festhalten-am-projekt-nord-stream2\/<\/a><\/p>\n<p><a href=\"#_ednref22\" name=\"_edn22\">[22]<\/a> <a href=\"https:\/\/www.rnd.de\/politik\/bidens-nord-stream-machtwort-7XZQLYHEPFELNHWBWQG3SOI24A.html\">https:\/\/www.rnd.de\/politik\/bidens-nord-stream-machtwort-7XZQLYHEPFELNHWBWQG3SOI24A.html<\/a><\/p>\n<p><a href=\"#_ednref23\" name=\"_edn23\">[23]<\/a> <a href=\"https:\/\/praxistipps.focus.de\/nord-stream-2-kosten-und-verlauf-der-pipeline_141153\">https:\/\/praxistipps.focus.de\/nord-stream-2-kosten-und-verlauf-der-pipeline_141153<\/a><\/p>\n<p><a href=\"#_ednref24\" name=\"_edn24\">[24]<\/a> <a href=\"https:\/\/www.focus.de\/politik\/ausland\/satellitenaufnahmen-zeigen-fuehren-dark-ships-zu-den-taetern-heisse-spur-bei-nord-stream-ermittlungen_id_180425022.html\">https:\/\/www.focus.de\/politik\/ausland\/satellitenaufnahmen-zeigen-fuehren-dark-ships-zu-den-taetern-heisse-spur-bei-nord-stream-ermittlungen_id_180425022.html<\/a><\/p>\n<p><a href=\"#_ednref25\" name=\"_edn25\">[25]<\/a> <a href=\"https:\/\/www.nachdenkseiten.de\/?p=91465\">https:\/\/www.nachdenkseiten.de\/?p=91465<\/a><\/p>\n<p><a href=\"#_ednref26\" name=\"_edn26\">[26]<\/a> <a href=\"https:\/\/lostineu.eu\/best-of-2022-wie-das-nord-stream-attentat-vertuscht-wird\/\" target=\"_blank\" rel=\"noopener\">https:\/\/lostineu.eu\/best-of-2022-wie-das-nord-stream-attentat-vertuscht-wird\/<\/a><\/p>\n<p><a href=\"#_ednref27\" name=\"_edn27\">[27]<\/a> <a href=\"https:\/\/www.tagesschau.de\/investigativ\/swr\/nord-stream1-explosion-101.html\" target=\"_blank\" rel=\"noopener\">https:\/\/www.tagesschau.de\/investigativ\/swr\/nord-stream1-explosion-101.html<\/a><\/p>\n<p><a href=\"#_ednref28\" name=\"_edn28\">[28]<\/a> <a href=\"https:\/\/de.finance.yahoo.com\/nachrichten\/us-wirtschaft-sommer-st\u00e4rker-gedacht-141553187.html\">https:\/\/de.finance.yahoo.com\/nachrichten\/us-wirtschaft-sommer-st%C3%A4rker-gedacht-141553187.html<\/a><\/p>\n<p><a href=\"#_ednref29\" name=\"_edn29\">[29]<\/a> <a href=\"https:\/\/www.businessinsider.de\/wirtschaft\/europa-wird-kein-billiges-us-gas-mehr-bekommen-koennen-sagt-ein-amerikanischer-energie-unternehmer-d\/\" target=\"_blank\" rel=\"noopener\">https:\/\/www.businessinsider.de\/wirtschaft\/europa-wird-kein-billiges-us-gas-mehr-bekommen-koennen-sagt-ein-amerikanischer-energie-unternehmer-d\/<\/a><\/p>\n<p><a href=\"#_ednref30\" name=\"_edn30\">[30]<\/a> <a href=\"https:\/\/www.mein-eigenheim.de\/heizen\/gaspreise-2022-gaspreisentwicklung.html\">https:\/\/www.mein-eigenheim.de\/heizen\/gaspreise-2022-gaspreisentwicklung.html<\/a><\/p>\n<p><a href=\"#_ednref31\" name=\"_edn31\">[31]<\/a> <a href=\"https:\/\/www.tecson.de\/heizoelpreise.html\">https:\/\/www.tecson.de\/heizoelpreise.html<\/a><\/p>\n<p><a href=\"#_ednref32\" name=\"_edn32\">[32]<\/a> <a href=\"https:\/\/www.bloomberg.com\/news\/articles\/2022-12-20\/der-tag-mit-bloomberg\" target=\"_blank\" rel=\"noopener\">https:\/\/www.bloomberg.com\/news\/articles\/2022-12-20\/der-tag-mit-bloomberg<\/a><\/p>\n<p><a href=\"#_ednref33\" name=\"_edn33\">[33]<\/a> <a href=\"https:\/\/www.t-online.de\/nachrichten\/deutschland\/innenpolitik\/id_100068520\/olaf-scholz-niemand-muss-angst-vor-gas-und-strompreisen-haben.html\">https:\/\/www.t-online.de\/nachrichten\/deutschland\/innenpolitik\/id_100068520\/olaf-scholz-niemand-muss-angst-vor-gas-und-strompreisen-haben.html<\/a><\/p>\n<p><a href=\"#_ednref34\" name=\"_edn34\">[34]<\/a> <a href=\"https:\/\/m.focus.de\/finanzen\/sozialexperte-ulrich-schneider-warnt-bei-vielen-armen-schlaegt-die-angst-in-pure-verzweiflung-um_id_180455939.html\" target=\"_blank\" rel=\"noopener\">https:\/\/m.focus.de\/finanzen\/sozialexperte-ulrich-schneider-warnt-bei-vielen-armen-schlaegt-die-angst-in-pure-verzweiflung-um_id_180455939.html<\/a><\/p>\n<p><a href=\"#_ednref35\" name=\"_edn35\">[35]<\/a> <a href=\"https:\/\/www.tagesschau.de\/inland\/innenpolitik\/regierungserklaerung-scholz-109.html\">https:\/\/www.tagesschau.de\/inland\/innenpolitik\/regierungserklaerung-scholz-109.html<\/a><\/p>\n<p><a href=\"#_ednref36\" name=\"_edn36\">[36]<\/a> <a href=\"https:\/\/www.dw.com\/de\/ein-land-funkt-sos-deutschland-an-der-belastungsgrenze\/a-64189343\">https:\/\/www.dw.com\/de\/ein-land-funkt-sos-deutschland-an-der-belastungsgrenze\/a-64189343<\/a><\/p>\n<p><a href=\"#_ednref37\" name=\"_edn37\">[37]<\/a> <a href=\"https:\/\/www.gold.de\/staatsverschuldung-deutschland\/\" target=\"_blank\" rel=\"noopener\">https:\/\/www.gold.de\/staatsverschuldung-deutschland\/<\/a><\/p>\n<p><a href=\"#_ednref38\" name=\"_edn38\">[38]<\/a> <a href=\"https:\/\/deref-gmx.net\/mail\/client\/_QFhptDhrIM\/dereferrer\/?redirectUrl=https%3A%2F%2Fwww.cicero.de%2Finnenpolitik%2Finterview-mit-ex-spd-politiker-torsten-teichert-die-linke-scholz-spd\">https:\/\/www.cicero.de\/innenpolitik\/interview-mit-ex-spd-politiker-torsten-teichert-die-linke-scholz-spd<\/a><\/p>\n<p><a href=\"#_ednref39\" name=\"_edn39\">[39]<\/a> <a href=\"https:\/\/www.manager-magazin.de\/finanzen\/russland-einnahmen-aus-oel-erdgas-und-kohle-\">https:\/\/www.manager-magazin.de\/finanzen\/russland-einnahmen-aus-oel-erdgas-und-kohle-<\/a><a href=\"https:\/\/www.manager-magazin.de\/finanzen\/russland-einnahmen-aus-oel-erdgas-und-kohle-uebersteigen-kriegskosten-a-31d0b798-7db7-41aa-b51c-ce58e7048832\">uebersteigen-kriegskosten-a-31d0b798-7db7-41aa-b51c-ce58e7048832<\/a><\/p>\n<p><a href=\"#_ednref40\" name=\"_edn40\">[40]<\/a> <a href=\"https:\/\/www.russiafossiltracker.com\/en\">https:\/\/www.russiafossiltracker.com\/en<\/a><\/p>\n<p><a href=\"#_ednref41\" name=\"_edn41\">[41]<\/a> <a href=\"https:\/\/free21.org\/die-attentatsliste\/\" target=\"_blank\" rel=\"noopener\">https:\/\/free21.org\/die-attentatsliste\/<\/a><\/p>\n<p><a href=\"#_ednref42\" name=\"_edn42\">[42]<\/a> <a href=\"https:\/\/www.br.de\/nachrichten\/deutschland-welt\/wolodymyr-selenskyj-geht-gegen-russisch-orthodoxe-kirche-vor,TOqyyHT\" target=\"_blank\" rel=\"noopener\">https:\/\/www.br.de\/nachrichten\/deutschland-welt\/wolodymyr-selenskyj-geht-gegen-russisch-orthodoxe-kirche-vor,TOqyyHT<\/a><\/p>\n<p><a href=\"#_ednref43\" name=\"_edn43\">[43]<\/a> <a href=\"https:\/\/www.auswaertiges-amt.de\/de\/newsroom\/interview-aussenministerin-baerbock-faz\/2553542\" target=\"_blank\" rel=\"noopener\">https:\/\/www.auswaertiges-amt.de\/de\/newsroom\/interview-aussenministerin-baerbock-faz\/2553542<\/a><\/p>\n<p><a href=\"#_ednref44\" name=\"_edn44\">[44]<\/a> <a href=\"https:\/\/www.lesering.de\/id\/4908427\/Konstantin-Wecker-zur-Forderung-nach-mehr-Waffen-Die-schicken-andere-zum-Morden-und-Ermordetwerden\/\">https:\/\/www.lesering.de\/id\/4908427\/Konstantin-Wecker-zur-Forderung-nach-mehr-Waffen-Die-schicken-andere-zum-Morden-und-Ermordetwerden\/<\/a><\/p>\n<p><a href=\"#_ednref45\" name=\"_edn45\">[45]<\/a> <a href=\"https:\/\/www.focus.de\/politik\/deutschland\/besuch-in-den-usa-habeck-sieht-deutschland-in-einer-dienenden-fuehrungsrolle_id_61552626.html\">https:\/\/www.focus.de\/politik\/deutschland\/besuch-in-den-usa-habeck-sieht-deutschland-in-einer-dienenden-fuehrungsrolle_id_61552626.html<\/a><\/p>\n<p><a href=\"#_ednref46\" name=\"_edn46\">[46]<\/a> <a href=\"https:\/\/www.youtube.com\/watch?v=Y5W5vsGIayI\">https:\/\/www.youtube.com\/watch?v=Y5W5vsGIayI<\/a><\/p>\n<p><a href=\"#_ednref47\" name=\"_edn47\">[47]<\/a> <a href=\"https:\/\/www.youtube.com\/watch?v=D-szJY7Eo9E\" target=\"_blank\" rel=\"noopener\">https:\/\/www.youtube.com\/watch?v=D-szJY7Eo9E<\/a><\/p>\n<p><a href=\"#_ednref48\" name=\"_edn48\">[48]<\/a> <a href=\"https:\/\/www.youtube.com\/watch?v=t3ZJJTQxMhM\" target=\"_blank\" rel=\"noopener\">https:\/\/www.youtube.com\/watch?v=t3ZJJTQxMhM<\/a><\/p>\n<p><a href=\"#_ednref49\" name=\"_edn49\">[49]<\/a> <a href=\"https:\/\/www.sueddeutsche.de\/politik\/us-geheimdiensttaetigkeiten-wie-souveraen-ist-deutschland-1.1820657\">https:\/\/www.sueddeutsche.de\/politik\/us-geheimdiensttaetigkeiten-wie-souveraen-ist-deutschland-1.1820657<\/a><\/p>\n<p><a href=\"#_ednref50\" name=\"_edn50\">[50]<\/a> <a href=\"https:\/\/www.bundestag.de\/dokumente\/textarchiv\/2022\/kw08-sondersitzung-882198\">https:\/\/www.bundestag.de\/dokumente\/textarchiv\/2022\/kw08-sondersitzung-882198<\/a><\/p>\n<p><a href=\"#_ednref51\" name=\"_edn51\">[51]<\/a> <a href=\"https:\/\/meinungsfreiheit.rtde.life\/inland\/158344-studie-enthuellt-gier-deutscher-medien-nach-konfrontation\/\" target=\"_blank\" rel=\"noopener\">https:\/\/meinungsfreiheit.rtde.life\/inland\/158344-studie-enthuellt-gier-deutscher-medien-nach-konfrontation\/<\/a><\/p>\n<p><a href=\"#_ednref52\" name=\"_edn52\">[52]<\/a> <a href=\"https:\/\/meinungsfreiheit.rtde.life\/inland\/158176-umfrage-mehrheit-deutschen-wuenscht-friedensverhandlungen\/\" target=\"_blank\" rel=\"noopener\">https:\/\/meinungsfreiheit.rtde.life\/inland\/158176-umfrage-mehrheit-deutschen-wuenscht-friedensverhandlungen\/<\/a><\/p>\n<p><span style=\"font-size: 10pt;\">Dieser Beitrag erschien am 02.01.2023 auch auf <a href=\"https:\/\/publikumskonferenz.de\/blog\/2023\/01\/02\/kanzler-scholz-vor-aller-welt-gedeckelt\/\" target=\"_blank\" rel=\"noopener\">publikumskonferenz.de<\/a><\/span><\/p>\n<hr \/>\n<p><span style=\"font-size: 10pt;\">Bild oben: Olaf Scholz auf einer Wahlkampfveranstaltung der SPD NRW 2022 in K\u00f6ln<\/span><br \/>\n<span style=\"font-size: 10pt;\">Foto: \u00a9 Raimond Spekking \/ <a href=\"https:\/\/creativecommons.org\/licenses\/by-sa\/4.0\" target=\"_blank\" rel=\"noopener\">CC BY-SA 4.0<\/a> <\/span><br \/>\n<span style=\"font-size: 10pt;\">Quelle: <a href=\"https:\/\/commons.wikimedia.org\/w\/index.php?curid=117989877\" target=\"_blank\" rel=\"noopener\">https:\/\/commons.wikimedia.org\/w\/index.php?curid=117989877<\/a><\/span><\/p>\n<hr \/>\n<p>&nbsp;<\/p>\n","protected":false},"excerpt":{"rendered":"<p><b>Von Friedhelm Klinkhammer und Volker Br\u00e4utigam<\/b><br \/>\n60 Tage lang konnte Olaf Scholz erfolgversprechend so tun, als sei er Kanzler eines souver\u00e4nen Deutschlands. Er gab in seinen ersten Amtstagen sogar vor, er f\u00fchle sich mitverantwortlich f\u00fcr den Frieden in Europa. Am 7. Februar 2022 war dann Schluss mit lustig. Scholz musste zum Antrittsbesuch bei US-Pr\u00e4sident Biden antraben. Genauer: Zum Befehlsempfang, wie sich auf der anschlie\u00dfenden Pressekonferenz herausstellte. Als Scholz einer Journalistenfrage nach der Zukunft der Gasleitung Nord Stream 2 auswich, gab ihm Biden vor aller Welt Saures: Es werde \u201e\u2026 kein Nord Stream 2-Projekt mehr geben\u201c. Der Kanzler griente nur d\u00fcmmlich, anstatt zu kontern: Nord Stream 2 ist Miteigentum deutscher Unternehmen und liegt au\u00dferhalb US-amerikanischer Zust\u00e4ndigkeit. Doch soviel R\u00fcckgrat hatte Scholz nicht.<\/p>\n","protected":false},"author":3,"featured_media":14957,"comment_status":"closed","ping_status":"closed","sticky":false,"template":"","format":"standard","meta":{"colormag_page_container_layout":"default_layout","colormag_page_sidebar_layout":"default_layout","advanced_seo_description":"","jetpack_seo_html_title":"","jetpack_seo_noindex":false,"jetpack_post_was_ever_published":false,"footnotes":""},"categories":[12],"tags":[1094,1463,1384,1317,1662,222,1126,1111,639,185],"class_list":["post-14954","post","type-post","status-publish","format-standard","has-post-thumbnail","hentry","category-demokratie-medien-aufklaerung","tag-ard","tag-bundeskanzler","tag-korruption","tag-nord-stream","tag-olaf-scholz","tag-russland","tag-tagesschau","tag-ukraine","tag-ukraine-konflikt","tag-usa"],"jetpack_featured_media_url":"https:\/\/i0.wp.com\/www.freidenker.org\/fw17\/wp-content\/uploads\/2023\/01\/Scholz_Wahlkampf_NRW_2022_800x450.jpg?fit=800%2C450&ssl=1","jetpack_shortlink":"https:\/\/wp.me\/p9stpK-3Tc","jetpack-related-posts":[{"id":14673,"url":"https:\/\/www.freidenker.org\/?p=14673","url_meta":{"origin":14954,"position":0},"title":"Der Kanzler mit dem kurzen Ged\u00e4chtnis: Olaf Scholz in Vietnam","author":"Webredaktion","date":"15. November 2022","format":false,"excerpt":"Beitrag von Dagmar Henn Olaf Scholz h\u00e4tte es besser wissen m\u00fcssen. Aber vermutlich hatte er gehofft, wenn ihn die Chinesen schon nicht lieben, dann wenigstens die Vietnamesen, schon allein, weil deren Verh\u00e4ltnis untereinander nicht ganz frei von Komplikationen ist. Jedenfalls hat er, Pressemeldungen zufolge, in Vietnam erkl\u00e4rt, er w\u00fcnsche sich\u2026","rel":"","context":"In &quot;Demokratie \u2013 Medien \u2013 Aufkl\u00e4rung&quot;","block_context":{"text":"Demokratie \u2013 Medien \u2013 Aufkl\u00e4rung","link":"https:\/\/www.freidenker.org\/?cat=12"},"img":{"alt_text":"","src":"https:\/\/i0.wp.com\/www.freidenker.org\/fw17\/wp-content\/uploads\/2022\/11\/Ho_Chi_Minh_Mausoleum_7360943118_800x450.jpg?fit=800%2C450&ssl=1&resize=350%2C200","width":350,"height":200,"srcset":"https:\/\/i0.wp.com\/www.freidenker.org\/fw17\/wp-content\/uploads\/2022\/11\/Ho_Chi_Minh_Mausoleum_7360943118_800x450.jpg?fit=800%2C450&ssl=1&resize=350%2C200 1x, https:\/\/i0.wp.com\/www.freidenker.org\/fw17\/wp-content\/uploads\/2022\/11\/Ho_Chi_Minh_Mausoleum_7360943118_800x450.jpg?fit=800%2C450&ssl=1&resize=525%2C300 1.5x, https:\/\/i0.wp.com\/www.freidenker.org\/fw17\/wp-content\/uploads\/2022\/11\/Ho_Chi_Minh_Mausoleum_7360943118_800x450.jpg?fit=800%2C450&ssl=1&resize=700%2C400 2x"},"classes":[]},{"id":15457,"url":"https:\/\/www.freidenker.org\/?p=15457","url_meta":{"origin":14954,"position":1},"title":"Das russische Fernsehen \u00fcber Onkel Joe und Klein-Olaf","author":"Webredaktion","date":"8. M\u00e4rz 2023","format":false,"excerpt":"Beitrag von\u00a0Anti-Spiegel\u00a0(d.i.\u00a0Thomas R\u00f6per) Dieser USA-Besuch von Bundeskanzler Scholz war wohl eine Premiere. Ich jedenfalls kann mich nicht daran erinnern, dass ein deutscher Kanzler (oder Kanzlerin) jemals ohne seine Berater und ohne Journalisten zum US-Pr\u00e4sidenten geflogen ist. Der Grund daf\u00fcr k\u00f6nnte sein, dass man \u201edumme Fragen\u201c von Journalisten vermeiden wollte, denn\u2026","rel":"","context":"In &quot;Demokratie \u2013 Medien \u2013 Aufkl\u00e4rung&quot;","block_context":{"text":"Demokratie \u2013 Medien \u2013 Aufkl\u00e4rung","link":"https:\/\/www.freidenker.org\/?cat=12"},"img":{"alt_text":"","src":"https:\/\/i0.wp.com\/www.freidenker.org\/fw17\/wp-content\/uploads\/2023\/03\/President_Joe_Biden_and_Chancellor_Olaf_Scholz_800x450.jpg?fit=800%2C450&ssl=1&resize=350%2C200","width":350,"height":200,"srcset":"https:\/\/i0.wp.com\/www.freidenker.org\/fw17\/wp-content\/uploads\/2023\/03\/President_Joe_Biden_and_Chancellor_Olaf_Scholz_800x450.jpg?fit=800%2C450&ssl=1&resize=350%2C200 1x, https:\/\/i0.wp.com\/www.freidenker.org\/fw17\/wp-content\/uploads\/2023\/03\/President_Joe_Biden_and_Chancellor_Olaf_Scholz_800x450.jpg?fit=800%2C450&ssl=1&resize=525%2C300 1.5x, https:\/\/i0.wp.com\/www.freidenker.org\/fw17\/wp-content\/uploads\/2023\/03\/President_Joe_Biden_and_Chancellor_Olaf_Scholz_800x450.jpg?fit=800%2C450&ssl=1&resize=700%2C400 2x"},"classes":[]},{"id":17654,"url":"https:\/\/www.freidenker.org\/?p=17654","url_meta":{"origin":14954,"position":2},"title":"Die L\u00fcgenrede von Scholz auf dem SPD-Parteitag","author":"Webredaktion","date":"13. Dezember 2023","format":false,"excerpt":"Beitrag von Anti-Spiegel (d.i. Thomas R\u00f6per) Wie schon bei seiner Regierungserkl\u00e4rung vor einigen Tagen zum Urteil des Verfassungsgerichtes, dass die Haushaltspolitik der Scholz-Regierung als verfassungswidrig eingestuft und damit die Haushaltskrise ausgel\u00f6st hat, hat Scholz auch die Rede beim SPD-Parteitag damit begonnen, dass er und seine Regierung an allen Problemen in\u2026","rel":"","context":"In &quot;Demokratie \u2013 Medien \u2013 Aufkl\u00e4rung&quot;","block_context":{"text":"Demokratie \u2013 Medien \u2013 Aufkl\u00e4rung","link":"https:\/\/www.freidenker.org\/?cat=12"},"img":{"alt_text":"","src":"https:\/\/i0.wp.com\/www.freidenker.org\/fw17\/wp-content\/uploads\/2023\/12\/scholz_nase_800x450.jpg?fit=797%2C449&ssl=1&resize=350%2C200","width":350,"height":200,"srcset":"https:\/\/i0.wp.com\/www.freidenker.org\/fw17\/wp-content\/uploads\/2023\/12\/scholz_nase_800x450.jpg?fit=797%2C449&ssl=1&resize=350%2C200 1x, https:\/\/i0.wp.com\/www.freidenker.org\/fw17\/wp-content\/uploads\/2023\/12\/scholz_nase_800x450.jpg?fit=797%2C449&ssl=1&resize=525%2C300 1.5x, https:\/\/i0.wp.com\/www.freidenker.org\/fw17\/wp-content\/uploads\/2023\/12\/scholz_nase_800x450.jpg?fit=797%2C449&ssl=1&resize=700%2C400 2x"},"classes":[]},{"id":16291,"url":"https:\/\/www.freidenker.org\/?p=16291","url_meta":{"origin":14954,"position":3},"title":"Der Blasen-Kanzler","author":"Webredaktion","date":"10. Juni 2023","format":false,"excerpt":"Kaum trifft Olaf Scholz auf echte Menschen, flippt er aus Von\u00a0Tom J. Wellbrock Sawsan Chebli (SPD) ist bekannt f\u00fcr ihren unerm\u00fcdlichen Kampf gegen Hass und Hetze. K\u00fcrzlich hat sie sogar ein Buch mit dem Titel \"Laut\" herausgebracht, das seitdem viel diskutiert wird \u2013 vor allem von Chebli selbst. Sie wird\u2026","rel":"","context":"In &quot;Demokratie \u2013 Medien \u2013 Aufkl\u00e4rung&quot;","block_context":{"text":"Demokratie \u2013 Medien \u2013 Aufkl\u00e4rung","link":"https:\/\/www.freidenker.org\/?cat=12"},"img":{"alt_text":"","src":"https:\/\/i0.wp.com\/www.freidenker.org\/fw17\/wp-content\/uploads\/2023\/06\/Wahlplakat_Wahlen_2021_Olaf_Scholz_800x450.jpg?fit=800%2C450&ssl=1&resize=350%2C200","width":350,"height":200,"srcset":"https:\/\/i0.wp.com\/www.freidenker.org\/fw17\/wp-content\/uploads\/2023\/06\/Wahlplakat_Wahlen_2021_Olaf_Scholz_800x450.jpg?fit=800%2C450&ssl=1&resize=350%2C200 1x, https:\/\/i0.wp.com\/www.freidenker.org\/fw17\/wp-content\/uploads\/2023\/06\/Wahlplakat_Wahlen_2021_Olaf_Scholz_800x450.jpg?fit=800%2C450&ssl=1&resize=525%2C300 1.5x, https:\/\/i0.wp.com\/www.freidenker.org\/fw17\/wp-content\/uploads\/2023\/06\/Wahlplakat_Wahlen_2021_Olaf_Scholz_800x450.jpg?fit=800%2C450&ssl=1&resize=700%2C400 2x"},"classes":[]},{"id":19586,"url":"https:\/\/www.freidenker.org\/?p=19586","url_meta":{"origin":14954,"position":4},"title":"Dressierter Journalismus: Wie der Bundeskanzler Fake News streut","author":"Webredaktion","date":"28. Juli 2024","format":false,"excerpt":"Beitrag von Gert Ewen Ungar Die Bundespressekonferenz (BPK) mit Bundeskanzler Olaf Scholz lieferte einen Eindruck davon, welche Auswirkungen Zensur und Einschr\u00e4nkung der Pressefreiheit auf den Journalismus haben. Handzahme, gut domestizierte Journalisten stellten absehbare Fragen, die den Themenkreis, in dem sich der \u00f6ffentliche Diskurs in Deutschland bewegen darf, nicht einen Millimeter\u2026","rel":"","context":"In &quot;Demokratie \u2013 Medien \u2013 Aufkl\u00e4rung&quot;","block_context":{"text":"Demokratie \u2013 Medien \u2013 Aufkl\u00e4rung","link":"https:\/\/www.freidenker.org\/?cat=12"},"img":{"alt_text":"","src":"https:\/\/i0.wp.com\/www.freidenker.org\/fw17\/wp-content\/uploads\/2024\/07\/Sunak_press_conference_with_Scholz_2024.jpg?fit=800%2C450&ssl=1&resize=350%2C200","width":350,"height":200,"srcset":"https:\/\/i0.wp.com\/www.freidenker.org\/fw17\/wp-content\/uploads\/2024\/07\/Sunak_press_conference_with_Scholz_2024.jpg?fit=800%2C450&ssl=1&resize=350%2C200 1x, https:\/\/i0.wp.com\/www.freidenker.org\/fw17\/wp-content\/uploads\/2024\/07\/Sunak_press_conference_with_Scholz_2024.jpg?fit=800%2C450&ssl=1&resize=525%2C300 1.5x, https:\/\/i0.wp.com\/www.freidenker.org\/fw17\/wp-content\/uploads\/2024\/07\/Sunak_press_conference_with_Scholz_2024.jpg?fit=800%2C450&ssl=1&resize=700%2C400 2x"},"classes":[]},{"id":13769,"url":"https:\/\/www.freidenker.org\/?p=13769","url_meta":{"origin":14954,"position":5},"title":"Keiner soll hungern, ohne zu frieren. Der Weg in die Katastrophe","author":"Webredaktion","date":"16. Juli 2022","format":false,"excerpt":"Beitrag von Wolfgang Bittner Am 6. Juli 2022 wiederholte Bundeswirtschaftsminister Robert Habeck auf der M\u00fcnchner Handwerksmesse das, was er schon mehrmals gesagt hat: \u201eEs kommen noch enorme Preiserh\u00f6hungen auf uns zu.\u201c Der Herbst werde teuer, und auf etwa 50 Prozent der Bev\u00f6lkerung komme eine Situation zu, \u201ein der sie weniger\u2026","rel":"","context":"In &quot;Arbeit &amp; Soziales&quot;","block_context":{"text":"Arbeit &amp; Soziales","link":"https:\/\/www.freidenker.org\/?cat=11"},"img":{"alt_text":"","src":"https:\/\/i0.wp.com\/www.freidenker.org\/fw17\/wp-content\/uploads\/2022\/07\/irish_famine_memorial_800x450.jpg?fit=800%2C450&ssl=1&resize=350%2C200","width":350,"height":200,"srcset":"https:\/\/i0.wp.com\/www.freidenker.org\/fw17\/wp-content\/uploads\/2022\/07\/irish_famine_memorial_800x450.jpg?fit=800%2C450&ssl=1&resize=350%2C200 1x, https:\/\/i0.wp.com\/www.freidenker.org\/fw17\/wp-content\/uploads\/2022\/07\/irish_famine_memorial_800x450.jpg?fit=800%2C450&ssl=1&resize=525%2C300 1.5x, https:\/\/i0.wp.com\/www.freidenker.org\/fw17\/wp-content\/uploads\/2022\/07\/irish_famine_memorial_800x450.jpg?fit=800%2C450&ssl=1&resize=700%2C400 2x"},"classes":[]}],"_links":{"self":[{"href":"https:\/\/www.freidenker.org\/index.php?rest_route=\/wp\/v2\/posts\/14954","targetHints":{"allow":["GET"]}}],"collection":[{"href":"https:\/\/www.freidenker.org\/index.php?rest_route=\/wp\/v2\/posts"}],"about":[{"href":"https:\/\/www.freidenker.org\/index.php?rest_route=\/wp\/v2\/types\/post"}],"author":[{"embeddable":true,"href":"https:\/\/www.freidenker.org\/index.php?rest_route=\/wp\/v2\/users\/3"}],"replies":[{"embeddable":true,"href":"https:\/\/www.freidenker.org\/index.php?rest_route=%2Fwp%2Fv2%2Fcomments&post=14954"}],"version-history":[{"count":0,"href":"https:\/\/www.freidenker.org\/index.php?rest_route=\/wp\/v2\/posts\/14954\/revisions"}],"wp:featuredmedia":[{"embeddable":true,"href":"https:\/\/www.freidenker.org\/index.php?rest_route=\/wp\/v2\/media\/14957"}],"wp:attachment":[{"href":"https:\/\/www.freidenker.org\/index.php?rest_route=%2Fwp%2Fv2%2Fmedia&parent=14954"}],"wp:term":[{"taxonomy":"category","embeddable":true,"href":"https:\/\/www.freidenker.org\/index.php?rest_route=%2Fwp%2Fv2%2Fcategories&post=14954"},{"taxonomy":"post_tag","embeddable":true,"href":"https:\/\/www.freidenker.org\/index.php?rest_route=%2Fwp%2Fv2%2Ftags&post=14954"}],"curies":[{"name":"wp","href":"https:\/\/api.w.org\/{rel}","templated":true}]}}