{"id":14918,"date":"2023-01-02T00:31:35","date_gmt":"2023-01-01T23:31:35","guid":{"rendered":"https:\/\/www.freidenker.org\/?p=14918"},"modified":"2023-02-04T13:25:34","modified_gmt":"2023-02-04T12:25:34","slug":"die-luege-und-der-verrat-gehoeren-schon-immer-zu-ihrem-programm","status":"publish","type":"post","link":"https:\/\/www.freidenker.org\/?p=14918","title":{"rendered":"Die L\u00fcge und der Verrat geh\u00f6ren schon immer zu ihrem Programm"},"content":{"rendered":"<p><em>von\u00a0<strong>Dr. Wolfgang Schacht<\/strong><\/em><\/p>\n<p>Im Jahre 1990 &#8211; die DDR wurde gerade in ma\u00dfloser Arroganz und \u00dcberheblichkeit von den nazistischen Herrenmenschen der BRD ausgeraubt, erniedrigt, beleidigt und annektiert &#8211; gab der Westen der noch existierenden UdSSR das Versprechen, dass sich der NATO \u2013 Block nicht nach Osten ausdehnen wird. Wer den L\u00fcgen und Versprechen des amerikanischen Establishments derartigen Glauben schenkt, der darf sich nicht wundern, wenn er entt\u00e4uscht und betrogen wird. Selbst daran schuld! Es kam wie es kommen musste. In einem so genannten Staatsakt zwischen Russland und der NATO im Jahre 1997 wurde von der aggressiven Allianz des Westens eine weitere L\u00fcge in die Welt gesetzt. Es wurde versprochen, auf den Territorien der neuen NATO-L\u00e4nder keine Raketen, keine besondere Milit\u00e4rtechnik und Kampfkr\u00e4fte zu stationieren. Genau das Gegenteil geschah! Denn die Sowjetunion gab es nach Unterzeichnung der Vereinbarung vom 8. Dezember 1991 in der Belowescher Heide (Wei\u00dfrussland) bereits nicht mehr [1]. Nach ihrer Selbstenthauptung und der lauthals verk\u00fcndeten These, dass der Sozialismus ein nicht lebensf\u00e4higes Gesellschaftssystem sei, war allen klar, dass der Plan der Angelsachsen zur Aufl\u00f6sung, Zersplitterung und letztendlich zur totalen Vernichtung des gro\u00dfen Russlands in seine letzte Phase getreten ist.<\/p>\n<table style=\"border-collapse: collapse; width: 100%;\">\n<tbody>\n<tr>\n<td style=\"width: 50%;\">\n<p><figure id=\"attachment_14926\" aria-describedby=\"caption-attachment-14926\" style=\"width: 150px\" class=\"wp-caption aligncenter\"><a href=\"https:\/\/i0.wp.com\/www.freidenker.org\/fw17\/wp-content\/uploads\/2023\/01\/Schacht_LuegeUndVerrat_00a.jpg?ssl=1\" target=\"_blank\" rel=\"noopener\"><img data-recalc-dims=\"1\" loading=\"lazy\" decoding=\"async\" data-attachment-id=\"14926\" data-permalink=\"https:\/\/www.freidenker.org\/?attachment_id=14926\" data-orig-file=\"https:\/\/i0.wp.com\/www.freidenker.org\/fw17\/wp-content\/uploads\/2023\/01\/Schacht_LuegeUndVerrat_00a.jpg?fit=679%2C669&amp;ssl=1\" data-orig-size=\"679,669\" data-comments-opened=\"0\" data-image-meta=\"{&quot;aperture&quot;:&quot;0&quot;,&quot;credit&quot;:&quot;&quot;,&quot;camera&quot;:&quot;&quot;,&quot;caption&quot;:&quot;&quot;,&quot;created_timestamp&quot;:&quot;0&quot;,&quot;copyright&quot;:&quot;&quot;,&quot;focal_length&quot;:&quot;0&quot;,&quot;iso&quot;:&quot;0&quot;,&quot;shutter_speed&quot;:&quot;0&quot;,&quot;title&quot;:&quot;&quot;,&quot;orientation&quot;:&quot;1&quot;}\" data-image-title=\"Schacht_LuegeUndVerrat_00a\" data-image-description=\"\" data-image-caption=\"\" data-large-file=\"https:\/\/i0.wp.com\/www.freidenker.org\/fw17\/wp-content\/uploads\/2023\/01\/Schacht_LuegeUndVerrat_00a.jpg?fit=679%2C669&amp;ssl=1\" class=\"wp-image-14926 size-thumbnail\" src=\"https:\/\/i0.wp.com\/www.freidenker.org\/fw17\/wp-content\/uploads\/2023\/01\/Schacht_LuegeUndVerrat_00a.jpg?resize=150%2C150&#038;ssl=1\" alt=\"\" width=\"150\" height=\"150\" srcset=\"https:\/\/i0.wp.com\/www.freidenker.org\/fw17\/wp-content\/uploads\/2023\/01\/Schacht_LuegeUndVerrat_00a.jpg?resize=150%2C150&amp;ssl=1 150w, https:\/\/i0.wp.com\/www.freidenker.org\/fw17\/wp-content\/uploads\/2023\/01\/Schacht_LuegeUndVerrat_00a.jpg?zoom=2&amp;resize=150%2C150&amp;ssl=1 300w, https:\/\/i0.wp.com\/www.freidenker.org\/fw17\/wp-content\/uploads\/2023\/01\/Schacht_LuegeUndVerrat_00a.jpg?zoom=3&amp;resize=150%2C150&amp;ssl=1 450w\" sizes=\"auto, (max-width: 150px) 100vw, 150px\" \/><\/a><figcaption id=\"caption-attachment-14926\" class=\"wp-caption-text\"><span style=\"font-size: 10pt;\">Klicke zum Vergr\u00f6\u00dfern<\/span><\/figcaption><\/figure><\/td>\n<td style=\"width: 50%;\">\n<p><figure id=\"attachment_14927\" aria-describedby=\"caption-attachment-14927\" style=\"width: 150px\" class=\"wp-caption aligncenter\"><a href=\"https:\/\/i0.wp.com\/www.freidenker.org\/fw17\/wp-content\/uploads\/2023\/01\/Schacht_LuegeUndVerrat_00b.jpg?ssl=1\" target=\"_blank\" rel=\"noopener\"><img data-recalc-dims=\"1\" loading=\"lazy\" decoding=\"async\" data-attachment-id=\"14927\" data-permalink=\"https:\/\/www.freidenker.org\/?attachment_id=14927\" data-orig-file=\"https:\/\/i0.wp.com\/www.freidenker.org\/fw17\/wp-content\/uploads\/2023\/01\/Schacht_LuegeUndVerrat_00b.jpg?fit=681%2C670&amp;ssl=1\" data-orig-size=\"681,670\" data-comments-opened=\"0\" data-image-meta=\"{&quot;aperture&quot;:&quot;0&quot;,&quot;credit&quot;:&quot;&quot;,&quot;camera&quot;:&quot;&quot;,&quot;caption&quot;:&quot;&quot;,&quot;created_timestamp&quot;:&quot;0&quot;,&quot;copyright&quot;:&quot;&quot;,&quot;focal_length&quot;:&quot;0&quot;,&quot;iso&quot;:&quot;0&quot;,&quot;shutter_speed&quot;:&quot;0&quot;,&quot;title&quot;:&quot;&quot;,&quot;orientation&quot;:&quot;1&quot;}\" data-image-title=\"Schacht_LuegeUndVerrat_00b\" data-image-description=\"\" data-image-caption=\"\" data-large-file=\"https:\/\/i0.wp.com\/www.freidenker.org\/fw17\/wp-content\/uploads\/2023\/01\/Schacht_LuegeUndVerrat_00b.jpg?fit=681%2C670&amp;ssl=1\" class=\"wp-image-14927 size-thumbnail\" src=\"https:\/\/i0.wp.com\/www.freidenker.org\/fw17\/wp-content\/uploads\/2023\/01\/Schacht_LuegeUndVerrat_00b.jpg?resize=150%2C150&#038;ssl=1\" alt=\"\" width=\"150\" height=\"150\" srcset=\"https:\/\/i0.wp.com\/www.freidenker.org\/fw17\/wp-content\/uploads\/2023\/01\/Schacht_LuegeUndVerrat_00b.jpg?resize=150%2C150&amp;ssl=1 150w, https:\/\/i0.wp.com\/www.freidenker.org\/fw17\/wp-content\/uploads\/2023\/01\/Schacht_LuegeUndVerrat_00b.jpg?zoom=2&amp;resize=150%2C150&amp;ssl=1 300w, https:\/\/i0.wp.com\/www.freidenker.org\/fw17\/wp-content\/uploads\/2023\/01\/Schacht_LuegeUndVerrat_00b.jpg?zoom=3&amp;resize=150%2C150&amp;ssl=1 450w\" sizes=\"auto, (max-width: 150px) 100vw, 150px\" \/><\/a><figcaption id=\"caption-attachment-14927\" class=\"wp-caption-text\"><span style=\"font-size: 10pt;\">Klicke zum Vergr\u00f6\u00dfern<\/span><\/figcaption><\/figure><\/td>\n<\/tr>\n<\/tbody>\n<\/table>\n<div class=\"mceTemp\"><\/div>\n<div class=\"mceTemp\">Im Jahre 1999 wurden in den aggressiven NATO-Block die ehemaligen <strong>Mitgliedsl\u00e4nder des Warschauer Vertrages <\/strong>(<strong>Ungarn, Polen und Tschechien<\/strong>) aufgenommen (\u201eVierte Erweiterung der NATO\u201c genannt), im Jahre 2004 die L\u00e4nder <strong>Bulgarien, Rum\u00e4nien<\/strong>, <strong>Slowakei, <\/strong>Slowenien, Lettland, Litauen und Estland (\u201eF\u00fcnfte Erweiterung der NATO\u201c genannt), im Jahre 2009 die L\u00e4nder Albanien und Kroatien (\u201eSechste Erweiterung der NATO\u201c genannt), im Jahre 2017 das Land Montenegro (\u201eSiebte Erweiterung der NATO\u201c genannt), im Jahre 2020 das Land Nord Mazedonien (\u201eAchte Erweiterung der NATO\u201c genannt). Im Rahmen der \u201eNeunten Erweiterung der NATO\u201c ist die Aufnahme von Finnland und Schweden vorgesehen [2, 3].<\/div>\n<p>Durch organisierte Konflikte zwischen den f\u00f6derativen Republiken Slowenien, Kroatien, Bosnien und Herzegowina und zwischen ihren ethnischen Gruppierungen gelang es den Angelsachsen, das sch\u00f6ne gro\u00dfe Land Jugoslawien in einen zehnj\u00e4hrigen blutigen B\u00fcrgerkrieg (1991 \u2013 2001) zu st\u00fcrzen und in sechs Nachfolgestaaten zu zerschlagen.<\/p>\n<p>Es ist sicher kein Zufall, dass die Nachfolgstaaten Kroatien, Montenegro, Nord Mazedonien und Slowenien unmittelbar nach diesem provozierten Krieg sehr schnell Mitglieder in der NATO wurden. Bosnien und Herzegowina &#8211; ist seit 2010 ein so genannter Beitrittskandidat der NATO. Serbien, das gute Beziehungen mit Russland pflegt, ist zwar Beitrittskandidat der EU, aber nicht der NATO. Die verbrecherische Bombardierung von Serbien vom 24. M\u00e4rz bis 10. Juni 1999 durch die Luftstreitkr\u00e4fte der NATO hat dieses Land bis heute nicht vergessen. Sie war gesetzwidrig, denn sie erfolgte ohne Billigung der UNO. Erstmals seit 1945 wurden auch die Luftstreitkr\u00e4fte der BRD f\u00fcr die gezielte Zerst\u00f6rung vieler sozialer Objekte der Infrastruktur (Kinderg\u00e4rten, Schulen, Krankenh\u00e4user, Fernseh- und Radiostationen, Botschaften, \u00f6ffentliche Geb\u00e4ude, Wohnh\u00e4user u. v. a. m.) eingesetzt. Es ist unfassbar und unglaublich, aber Insider behaupten zu wissen, dass an dem Blutbad in Jugoslawien auch Piloten der ehemaligen Volksarmee der DDR teilgenommen haben.<\/p>\n<p>Das teuflische Machtinstrument der USA \u201eTeile und herrsche\u201c (divide et impera) ist beim besten Willen nicht zu \u00fcbersehen (Bild 1).<\/p>\n<figure id=\"attachment_14920\" aria-describedby=\"caption-attachment-14920\" style=\"width: 800px\" class=\"wp-caption alignnone\"><img data-recalc-dims=\"1\" loading=\"lazy\" decoding=\"async\" data-attachment-id=\"14920\" data-permalink=\"https:\/\/www.freidenker.org\/?attachment_id=14920\" data-orig-file=\"https:\/\/i0.wp.com\/www.freidenker.org\/fw17\/wp-content\/uploads\/2023\/01\/Schacht_LuegeUndVerrat_01.jpg?fit=1107%2C794&amp;ssl=1\" data-orig-size=\"1107,794\" data-comments-opened=\"0\" data-image-meta=\"{&quot;aperture&quot;:&quot;0&quot;,&quot;credit&quot;:&quot;&quot;,&quot;camera&quot;:&quot;&quot;,&quot;caption&quot;:&quot;&quot;,&quot;created_timestamp&quot;:&quot;0&quot;,&quot;copyright&quot;:&quot;&quot;,&quot;focal_length&quot;:&quot;0&quot;,&quot;iso&quot;:&quot;0&quot;,&quot;shutter_speed&quot;:&quot;0&quot;,&quot;title&quot;:&quot;&quot;,&quot;orientation&quot;:&quot;1&quot;}\" data-image-title=\"Schacht_LuegeUndVerrat_01\" data-image-description=\"\" data-image-caption=\"\" data-large-file=\"https:\/\/i0.wp.com\/www.freidenker.org\/fw17\/wp-content\/uploads\/2023\/01\/Schacht_LuegeUndVerrat_01.jpg?fit=800%2C573&amp;ssl=1\" class=\"wp-image-14920 size-large\" src=\"https:\/\/i0.wp.com\/www.freidenker.org\/fw17\/wp-content\/uploads\/2023\/01\/Schacht_LuegeUndVerrat_01.jpg?resize=800%2C573&#038;ssl=1\" alt=\"\" width=\"800\" height=\"573\" srcset=\"https:\/\/i0.wp.com\/www.freidenker.org\/fw17\/wp-content\/uploads\/2023\/01\/Schacht_LuegeUndVerrat_01.jpg?resize=1024%2C734&amp;ssl=1 1024w, https:\/\/i0.wp.com\/www.freidenker.org\/fw17\/wp-content\/uploads\/2023\/01\/Schacht_LuegeUndVerrat_01.jpg?resize=300%2C215&amp;ssl=1 300w, https:\/\/i0.wp.com\/www.freidenker.org\/fw17\/wp-content\/uploads\/2023\/01\/Schacht_LuegeUndVerrat_01.jpg?resize=768%2C551&amp;ssl=1 768w, https:\/\/i0.wp.com\/www.freidenker.org\/fw17\/wp-content\/uploads\/2023\/01\/Schacht_LuegeUndVerrat_01.jpg?w=1107&amp;ssl=1 1107w\" sizes=\"auto, (max-width: 800px) 100vw, 800px\" \/><figcaption id=\"caption-attachment-14920\" class=\"wp-caption-text\"><span style=\"font-size: 10pt;\">Bild 1<\/span><\/figcaption><\/figure>\n<p>Mit einfachen Worten gesagt beinhaltet es: Hetze deine Gegner aufeinander, manipuliere sie mit L\u00fcgen und Legenden, organisiere durch Hinterlist und Verrat einen erbarmungslosen Wettbewerb in ihren W\u00e4nden, arbeite mit h\u00f6chstem Lob und vernichtenden Tadel, nutze alle nur erdenklichen Privilegien und Strafen, organisiere, dass sie sich pr\u00fcgeln und schlagen, f\u00fchre sie in einen unl\u00f6sbaren Widerspruch, egal wohin und an wen sie sich wenden, f\u00fchre sie in einen satanischen Krieg \u2026 und wenn es nicht anders geht, dann t\u00f6te sie mit fremden H\u00e4nden.<\/p>\n<p>Ja, es ist wahr, das Establishment der USA nutzt zur Aufrechterhaltung und zur St\u00e4rkung seiner Weltmacht diese und viele andere teuflische Machtinstrumente mit einer perfiden Perfektion.<\/p>\n<p>Das Machtinstrument \u201eTeile und herrsche\u201c wird in jedem kapitalistischen Konzern und in jeder kapitalistischen Bank in einem mehr oder weniger starken Ma\u00dfe f\u00fcr die Steigerung des Profits gezielt eingesetzt. Wehe dem, der das nicht sieht und nicht begreift. Wehe dem, der seine dreckigen Spielregeln nicht einh\u00e4lt oder darauf pfeift.<\/p>\n<p>In Durchsetzung ihres Anspruchs auf absolute Weltherrschaft (d.h. auf eine monopolare Welt unter F\u00fchrung der USA) haben die Vereinigten Staaten von Amerika im Jahre 2014 mit Hilfe und Unterst\u00fctzung<\/p>\n<ul>\n<li>ihrer Vasallen in Europa, Asien, Australien, Afrika, Nordamerika, S\u00fcdamerika und<\/li>\n<li>ihrer internationalen Organisationen (NATO, EU, G7, EFTA, EUROCONTROL, CBSS, FATF, EBWE, NORAD, UNO, Weltbank, Nordischer Rat, \u2026)<\/li>\n<\/ul>\n<p>den souver\u00e4nen Staat Russland mit vielen Sanktionen (Bild 2) bestraft, weil er die in von der Bev\u00f6lkerung der Krim und Sewastopol getroffene Entscheidung \u00fcber ihren Anschluss an Russland (das Referendum \u00fcber den Beitritt fand am 16. M\u00e4rz 2014 statt, 81,3% der Bev\u00f6lkerung nahm daran teil und 93,3 % der W\u00e4hler stimmten dem zu) akzeptiert und realisiert hat. Warum gab es in der DDR kein Referendum \u00fcber den Beitritt zur BRD?<\/p>\n<p>Als Sanktion wird in der Au\u00dfenpolitik und in der Wirtschaft ein Zwangsmittel bezeichnet, das rechtsnormwidriges oder verhaltensnormwidriges Handeln dem so Handelnden Nachteile bringen soll, um ihn zur Einhaltung dieser Normen zu bewegen. V\u00f6lkerrechtlich sind so genannte nicht-milit\u00e4rische Sanktionen das letzte nicht-milit\u00e4rische Mittel, bevor der UN-Sicherheitsrat milit\u00e4rische Sanktionen beschlie\u00dft. Verh\u00e4ngte Sanktionen k\u00f6nnen ihre Wirkung nur entfalten, wenn sie mittels Beschlagnahme, Blockade, Boykott, Desinvestition, Embargo oder Wirtschaftskrieg umgesetzt werden [4].<\/p>\n<p>Womit hat Russland nach dem faschistischen Putsch auf dem Maidan in Kiew, nach dem V\u00f6lkermord (GENOZID) in Donezk und Lugansk, nach dem ordentlichen Referendum auf der Krim \u00fcber ihren Anschluss an Russland und nach dem geplanten Angriff der Ukraine und von 52 NATO-L\u00e4ndern auf die souver\u00e4nen L\u00e4nder Donezk, Lugansk und auf sich selbst derartige Sanktionen verdient? Das wissen sicherlich nur die USA, d.h. die Teufel selbst!<\/p>\n<p>Allein die Anzahl der bis zum 22. Juli 2022 beschlossenen und praktisch umgesetzten Sanktionen beweisen den ganzen Irrsinn dieser Aktionen und das vergebliche Bem\u00fchen der USA und seiner Vasallen das gro\u00dfe und wahrlich sehr demokratische Land Russland wirtschaftlich und politisch zu ruinieren (Bild 2).<\/p>\n<figure id=\"attachment_14921\" aria-describedby=\"caption-attachment-14921\" style=\"width: 800px\" class=\"wp-caption alignnone\"><img data-recalc-dims=\"1\" loading=\"lazy\" decoding=\"async\" data-attachment-id=\"14921\" data-permalink=\"https:\/\/www.freidenker.org\/?attachment_id=14921\" data-orig-file=\"https:\/\/i0.wp.com\/www.freidenker.org\/fw17\/wp-content\/uploads\/2023\/01\/Schacht_LuegeUndVerrat_02.jpg?fit=993%2C989&amp;ssl=1\" data-orig-size=\"993,989\" data-comments-opened=\"0\" data-image-meta=\"{&quot;aperture&quot;:&quot;0&quot;,&quot;credit&quot;:&quot;&quot;,&quot;camera&quot;:&quot;&quot;,&quot;caption&quot;:&quot;&quot;,&quot;created_timestamp&quot;:&quot;0&quot;,&quot;copyright&quot;:&quot;&quot;,&quot;focal_length&quot;:&quot;0&quot;,&quot;iso&quot;:&quot;0&quot;,&quot;shutter_speed&quot;:&quot;0&quot;,&quot;title&quot;:&quot;&quot;,&quot;orientation&quot;:&quot;1&quot;}\" data-image-title=\"Schacht_LuegeUndVerrat_02\" data-image-description=\"\" data-image-caption=\"\" data-large-file=\"https:\/\/i0.wp.com\/www.freidenker.org\/fw17\/wp-content\/uploads\/2023\/01\/Schacht_LuegeUndVerrat_02.jpg?fit=800%2C797&amp;ssl=1\" class=\"wp-image-14921\" src=\"https:\/\/i0.wp.com\/www.freidenker.org\/fw17\/wp-content\/uploads\/2023\/01\/Schacht_LuegeUndVerrat_02.jpg?resize=800%2C797&#038;ssl=1\" alt=\"\" width=\"800\" height=\"797\" srcset=\"https:\/\/i0.wp.com\/www.freidenker.org\/fw17\/wp-content\/uploads\/2023\/01\/Schacht_LuegeUndVerrat_02.jpg?resize=150%2C150&amp;ssl=1 150w, https:\/\/i0.wp.com\/www.freidenker.org\/fw17\/wp-content\/uploads\/2023\/01\/Schacht_LuegeUndVerrat_02.jpg?resize=300%2C300&amp;ssl=1 300w, https:\/\/i0.wp.com\/www.freidenker.org\/fw17\/wp-content\/uploads\/2023\/01\/Schacht_LuegeUndVerrat_02.jpg?resize=768%2C765&amp;ssl=1 768w, https:\/\/i0.wp.com\/www.freidenker.org\/fw17\/wp-content\/uploads\/2023\/01\/Schacht_LuegeUndVerrat_02.jpg?w=993&amp;ssl=1 993w\" sizes=\"auto, (max-width: 800px) 100vw, 800px\" \/><figcaption id=\"caption-attachment-14921\" class=\"wp-caption-text\"><span style=\"font-size: 10pt;\">Bild 2<\/span><\/figcaption><\/figure>\n<p>Russland ist ein souver\u00e4nes orthodoxes Land in dem solche traditionellen Werte wie <em>Liebe zur Heimat<\/em>, <em>Verst\u00e4ndigung und gegenseitige Hilfe <\/em>dominieren. Angesichts ihrer grenzenlosen materiellen und geistigen Ressourcen und ihrer traditionellen Werte ist es f\u00fcr die USA auf dem Wege zu einer monopolaren Weltmacht ein un\u00fcberwindbares Hindernis. Der Westen hasst Russland, weil es nicht tut, was das amerikanische Establishment ihm sagt. Mit anderen Worten: Russland ist kein Vasall der USA!<\/p>\n<p>Schon jetzt haben viele Wirtschaftsexperten erkannt, dass die idiotischen Sanktionen gegen Russland f\u00fcr die europ\u00e4ischen L\u00e4nder selbst katastrophale Folgen haben werden. Allein die st\u00e4ndig steigenden Preise f\u00fcr \u00d6l und Gas werden Deutschland und andere L\u00e4nder der EU wirtschaftlich ruinieren. Die von der EU (Frau van der Leyen) und von Deutschland (Olaf Scholz) eingeleiteten Ma\u00dfnahmen gegen diese Krise sind einfach j\u00e4mmerlich und l\u00e4cherlich.<\/p>\n<p>Politische und wirtschaftliche Sanktionen der USA und Europas gegen Russland gab es de facto schon immer. Genauer gesagt begannen diese Sanktionen bereits<\/p>\n<ul>\n<li>mit der \u00dcbergabe des Sudetengebietes der Tschechoslowakei an Nazi-Deutschland unter der F\u00fchrung von Adolf Hitler im Rahmen des M\u00fcnchner Abkommens von 1938 zwischen Deutschland, Gro\u00dfbritannien, Frankreich und Italien (Bild 3); mit dem \u201eseltsamen Krieg\u201c von Nazi-Deutschland gegen Frankreich im Jahre 1940;<\/li>\n<li>mit dem Flug von Rudolf Hess (Stellvertreter von Adolf Hitler!) nach Gro\u00dfbritannien und seinen Verhandlungen mit den Engl\u00e4ndern am Vorabend des heimt\u00fcckischen \u00dcberfalls von Nazi-Deutschland auf die UdSSR;<\/li>\n<li>mit der v\u00f6llig fehlenden Hilfe und Unterst\u00fctzung der sowjetischen Armee durch die so genannten \u201eVerb\u00fcndeten\u201c im Jahre 1941;<\/li>\n<li>mit der Unterbrechung der begonnenen Hilfeleistungen durch die so genannten \u201eVerb\u00fcndeten\u201c w\u00e4hrend der schwersten K\u00e4mpfe gegen die Truppen von Nazi-Deutschland und seinen europ\u00e4ischen Verb\u00fcndeten im Jahre 1942;<\/li>\n<li>mit der Organisation des Warschauer Aufstandes im Jahre 1944 durch die so genannten \u201eVerb\u00fcndeten\u201c zur Diskriminierung der sowjetischen Armee und zur Entwicklung einer beispiellosen Russophobie in Polen;<\/li>\n<li>mit dem \u201eseltsamen Krieg\u201c der so genannten \u201eVerb\u00fcndeten\u201c von 1943 bis 1945 in Italien, der eine Besetzung von Norditalien (von deutschen Truppen besetzt) ausschloss;<\/li>\n<\/ul>\n<figure id=\"attachment_14922\" aria-describedby=\"caption-attachment-14922\" style=\"width: 711px\" class=\"wp-caption alignnone\"><img data-recalc-dims=\"1\" loading=\"lazy\" decoding=\"async\" data-attachment-id=\"14922\" data-permalink=\"https:\/\/www.freidenker.org\/?attachment_id=14922\" data-orig-file=\"https:\/\/i0.wp.com\/www.freidenker.org\/fw17\/wp-content\/uploads\/2023\/01\/Schacht_LuegeUndVerrat_03.jpg?fit=711%2C1021&amp;ssl=1\" data-orig-size=\"711,1021\" data-comments-opened=\"0\" data-image-meta=\"{&quot;aperture&quot;:&quot;0&quot;,&quot;credit&quot;:&quot;&quot;,&quot;camera&quot;:&quot;&quot;,&quot;caption&quot;:&quot;&quot;,&quot;created_timestamp&quot;:&quot;0&quot;,&quot;copyright&quot;:&quot;&quot;,&quot;focal_length&quot;:&quot;0&quot;,&quot;iso&quot;:&quot;0&quot;,&quot;shutter_speed&quot;:&quot;0&quot;,&quot;title&quot;:&quot;&quot;,&quot;orientation&quot;:&quot;1&quot;}\" data-image-title=\"Schacht_LuegeUndVerrat_03\" data-image-description=\"\" data-image-caption=\"\" data-large-file=\"https:\/\/i0.wp.com\/www.freidenker.org\/fw17\/wp-content\/uploads\/2023\/01\/Schacht_LuegeUndVerrat_03.jpg?fit=711%2C1021&amp;ssl=1\" class=\"wp-image-14922 size-full\" src=\"https:\/\/i0.wp.com\/www.freidenker.org\/fw17\/wp-content\/uploads\/2023\/01\/Schacht_LuegeUndVerrat_03.jpg?resize=711%2C1021&#038;ssl=1\" alt=\"\" width=\"711\" height=\"1021\" srcset=\"https:\/\/i0.wp.com\/www.freidenker.org\/fw17\/wp-content\/uploads\/2023\/01\/Schacht_LuegeUndVerrat_03.jpg?w=711&amp;ssl=1 711w, https:\/\/i0.wp.com\/www.freidenker.org\/fw17\/wp-content\/uploads\/2023\/01\/Schacht_LuegeUndVerrat_03.jpg?resize=209%2C300&amp;ssl=1 209w\" sizes=\"auto, (max-width: 711px) 100vw, 711px\" \/><figcaption id=\"caption-attachment-14922\" class=\"wp-caption-text\"><span style=\"font-size: 10pt;\">Bild 3<\/span><\/figcaption><\/figure>\n<ul>\n<li>mit dem Versuch Hitler zu beseitigen und ohne ihn einen Friedensvertrag zwischen einem \u201eneuen\u201c Deutschland und den so genannten \u201eVerb\u00fcndeten\u201c abzuschlie\u00dfen;<\/li>\n<li>mit geheimen Verhandlungen der so genannten \u201eVerb\u00fcndeten\u201c in der Schweiz \u00fcber einen separaten Friedensvertrag mit Nazi-Deutschland;<\/li>\n<li>mit der st\u00e4ndig offen gehaltenen Frage \u00fcber Polen, mit der Unterst\u00fctzung ihrer antirussischen Regierung Mikolajczyk und der Partisanen-Aktionen ihrer Heimatarmee (Armia Krajowa) gegen die sowjetische Armee durch die so genannten \u201eVerb\u00fcndeten\u201c;<\/li>\n<li>mit der massiven Unterst\u00fctzung der \u201eWaldbr\u00fcder\u201c in den baltischen Staaten durch die so genannten \u201eVerb\u00fcndeten\u201c unmittelbar nach ihrer Befreiung durch die Sowjetarmee;<\/li>\n<li>mit der Ver\u00f6ffentlichung der bekannten Aussage von Harry Truman (Pr\u00e4sident der USA von 1945-1953) am 24. Juni 1941 in der New York Times \u201eWenn wir sehen, dass Deutschland gewinnt, dann m\u00fcssen wir Russland helfen, wenn Russland siegt, dann m\u00fcssen wir Deutschland helfen und auf diese Art und Weise ihnen erlauben so viele (Menschen, Anm. d. Verf.) wie m\u00f6glich zu t\u00f6ten, obwohl ich nicht m\u00f6chte, dass Hitler siegt [\u2026]\u201c;<\/li>\n<li>mit dem Brief von Winston Churchill (Premierminister von Gro\u00dfbritannien 1940 \u2013 1945) \u00fcber die Notwendigkeit, die Hauptstadt von Nazi-Deutschland (Berlin) ohne die sowjetische Armee, sondern nur durch die so genannten \u201eVerb\u00fcndeten\u201c einzunehmen;<\/li>\n<li>mit der Kasernierung der deutschen Kriegsgefangenen durch die Engl\u00e4nder unter Beibehaltung ihrer urspr\u00fcnglichen Struktur und Montur, ihrer hohen Disziplin, ihres unbedingten Gehorsams, ihrer Befehls- und Kommandogewalt;<\/li>\n<li>mit der Aufbewahrung deutscher Waffen durch die so genannten \u201eVerb\u00fcndeten\u201c in einem kampff\u00e4higen Zustand;<\/li>\n<li>mit der Besetzung abgestimmter Gebiete der sowjetischen Besatzungszone durch die so genannten \u201eVerb\u00fcndeten\u201c;<\/li>\n<li>mit rein \u201ezuf\u00e4lligen\u201c Luftangriffen amerikanischer Luftstreitkr\u00e4fte auf sowjetische Milit\u00e4rkolonnen und<\/li>\n<li>mit vielen anderen seltsamen Abstimmungen zwischen den so genannten \u201eVerb\u00fcndeten\u201c und den Deutschen mit dem Ziel, die Sowjetunion zu diskriminieren und ihr ideologisch, politisch und wirtschaftlich zu schaden.<\/li>\n<\/ul>\n<p>Mit Ausnahme des N\u00fcrnberger Kriegsverbrecherprozesses von 1945 \u2013 1949, in dessen Verlauf es f\u00fcr insgesamt 185 Angeklagte des deutschen Nazi-Regimes konkrete Anklagen und Gerichtsurteile gab, existiert in Europa keine internationale Instanz, die sich mit der Entnazifizierung von Staaten und L\u00e4ndern befasst. Erinnern wir uns! Auf dem N\u00fcrnberger Kriegsverbrecherprozess wurden<\/p>\n<ul>\n<li>24 Angeklagte zum Tode verurteilt (13 Todesurteile wurden vollstreckt, 11 &#8211; begnadigt);<\/li>\n<li>20 Angeklagte zu einer lebenslangen Haftstrafe verurteilt;<\/li>\n<li>98 Angeklagte zu verschiedenen Gef\u00e4ngnisstrafen verurteilt und<\/li>\n<li>35 Angeklagte frei gesprochen.<\/li>\n<\/ul>\n<p>Au\u00dferdem wurde das Gerichtsverfahren gegen<\/p>\n<ul>\n<li>4 Angeklagte eingestellt und<\/li>\n<li>4 Angeklagte haben ihr Leben durch Selbstmord beendet.<\/li>\n<\/ul>\n<p>Angesichts des ungeheuerlichen Ausma\u00dfes und der teuflischen Art ihrer Kriegsverbrechen von 1933 bis 1945 in Europa und in der Sowjetunion (mehr als 20 Millionen sowjetische Zivilisten wurden in diesem Krieg von 1941 bis 1945 in der UdSSR von den europ\u00e4ischen Nazis grausam ermordet!) besitzt der Prozess gegen die Hauptkriegsverbrecher vor dem Internationalen Milit\u00e4rgerichtshof in N\u00fcrnberg ohne Zweifel einen rein symbolischen Charakter. Eine Entnazifizierung Europas war mit dem Hauptkriegsverbrecherprozess nicht verbunden.<\/p>\n<p>Bereits im Jahre 1946 erkl\u00e4rten die Westm\u00e4chte unter F\u00fchrung der Vereinigten Staaten von Amerika und Gro\u00dfbritannien der Sowjetunion den \u201eKalten Krieg\u201c.<\/p>\n<p>1951 \u2013 zwei Jahre nach der bewussten Spaltung Deutschlands durch die Gr\u00fcndung der BRD \u2013 wurden viele verurteilte Kriegsverbrecher begnadigt, bzw. ihre Haftstrafen wurden erheblich reduziert. Solche erfahrenen nazistischen \u201eKriegshelden\u201c, wie Erich von Manstein, 1949 als Kriegsverbrecher zu 18 Jahren Haft verurteilt, erhielten bereits nach wenigen Jahren aus \u201egesundheitlichen Gr\u00fcnden\u201c oder\/und \u201ewegen guter F\u00fchrung\u201c eine \u201eBegnadigung\u201c. Denn nach Gr\u00fcndung der NATO im Jahre 1949, Aufbau der Bundeswehr und Aufnahme der BRD in die NATO im Jahre 1955 waren ihre ph\u00e4nomenalen Kenntnisse und praktischen Erfahrungen bei der F\u00fchrung faschistischer Kriege wieder sehr gefragt. Die konkreten Vorbereitungen zur totalen Vernichtung der Sowjetunion durch den Einsatz von Atombomben liefen bereits auf Hochtouren. Deshalb und nur deshalb wurde Erich von Manstein von 1953 bis 1960 offizieller Berater der BRD bei der Aufstellung eines neuen deutschen Heeres im Rahmen des aggressiven NATO &#8211; Paktes.<\/p>\n<p>Heute \u2013 73 Jahre nach der Beendigung des Prozesses gegen die Hauptkriegsverbrecher vor dem Internationalen Milit\u00e4rgerichtshof in N\u00fcrnberg \u2013 m\u00fcssen wir leider feststellen, dass die geplante Entnazifizierung Europas gescheitert ist. In Spanien regierten die Faschisten nach 1945 noch 30 Jahre. Nach dem Untergang der Sowjetunion durch den Verrat von Gorbatschow und Jelzin erhielten die rechten Kr\u00e4fte im Baltikum (Litauen, Lettland und Estland) und in der Ukraine mit gro\u00dfer finanzieller Unterst\u00fctzung des amerikanischen Establishments die einmalige Chance, in dem entstandenen politischen Vakuum alte faschistische und nazistische Strukturen wieder aufzubauen. Mit ihrer teuflischen Ideologie und ihrer beispiellosen Russophobie dienen diese L\u00e4nder dem Westen zur Umsetzung seines 100-j\u00e4hrigen Plans, Russland \u2013 wie im Krieg gegen Jugoslawien bereits erprobt und praktisch realisiert &#8211; mit fremden H\u00e4nden zu zerst\u00fcckeln und zu vernichten.<\/p>\n<p>Mit der am 22. M\u00e4rz 2022 von Russland begonnenen speziellen Milit\u00e4roperation in der Ukraine hat eine Entnazifizierung der Ukraine begonnen. Ob sie auch in Europa stattfinden wird, kann gegenw\u00e4rtig noch niemand sagen. Offensichtlich ist jedoch: Die Wahrheit wird letztendlich siegen.<\/p>\n<p>Sehr treffend und in weiser Voraussicht auf die aktuellen Ereignisse in Europa sind ohne Zweifel die nachstehenden Worte von Bertolt Brecht aus seinem 1941 geschriebenen Theaterst\u00fcck \u201eDer Aufhaltsame Aufstieg des Arturo Ui\u201c:<\/p>\n<p><em>\u201eIhr aber lernet, wie man sieht, statt stiert und handelt, statt zu reden noch und noch.<br \/>\n<\/em><em>So was h\u00e4tt einmal die Welt regiert!<br \/>\n<\/em><em>Die V\u00f6lker wurden seiner Herr, jedoch das keiner uns zu fr\u00fch dar\u00fcber triumphiert \u2013<br \/>\n<\/em><em>Der Scho\u00df ist fruchtbar noch, aus dem das kroch.\u201c<\/em><em><br \/>\n<\/em><\/p>\n<p>&nbsp;<\/p>\n<p>\u0456Venceremos!<br \/>\n\u041c\u044b \u043f\u043e\u0431\u0435\u0434\u0438\u043c!<br \/>\nWir werden siegen!<\/p>\n<p>Dr. Wolfgang Schacht, 21. Dezember 2022<\/p>\n<p>&nbsp;<\/p>\n<p><strong>Literaturquellen: <\/strong><\/p>\n<p>[1] https:\/\/www.dr-schacht.com\/assets\/pdfdoc\/Ein_Aufschrei_aus_einer_v\u00f6llig_fremden_Welt.pdf<\/p>\n<p>[2] https:\/\/ru.wikipedia.org\/wiki\/HATO<\/p>\n<p>[3] https:\/\/www.bild.de\/politik\/2022\/politik\/beitritt-steht-kurz-bevor-finnland-und-schweden-noch-diese-woche-in-der-nato-80058702.bild.html<\/p>\n<p>[4] https:\/\/de.wikipedia.org\/wiki\/Sanktionen<\/p>\n<p style=\"text-align: right;\"><em>Dr. Wolfgang Schacht lebt in Wandlitz bei Berlin<\/em><\/p>\n<p><span style=\"font-size: 10pt;\">Link zur Originalver\u00f6ffentlichung: <a href=\"http:\/\/www.dr-schacht.com\/assets\/pdfdoc\/Die_L%C3%BCge_und_der_Verrat_geh%C3%B6ren_schon_immer_zu_ihrem_Programm.pdf\" target=\"_blank\" rel=\"noopener\">http:\/\/www.dr-schacht.com\/assets\/pdfdoc\/Die_L%C3%BCge_und_der_Verrat_geh%C3%B6ren_schon_immer_zu_ihrem_Programm.pdf<\/a><\/span><\/p>\n<hr \/>\n<p><strong>Download<\/strong><\/p>\n<p><img loading=\"lazy\" decoding=\"async\" data-attachment-id=\"1076\" data-permalink=\"https:\/\/www.freidenker.org\/?attachment_id=1076\" data-orig-file=\"https:\/\/i0.wp.com\/www.freidenker.org\/fw17\/wp-content\/uploads\/2017\/10\/pdf_icon-2.png?fit=32%2C32&amp;ssl=1\" data-orig-size=\"32,32\" data-comments-opened=\"0\" data-image-meta=\"{&quot;aperture&quot;:&quot;0&quot;,&quot;credit&quot;:&quot;&quot;,&quot;camera&quot;:&quot;&quot;,&quot;caption&quot;:&quot;&quot;,&quot;created_timestamp&quot;:&quot;0&quot;,&quot;copyright&quot;:&quot;&quot;,&quot;focal_length&quot;:&quot;0&quot;,&quot;iso&quot;:&quot;0&quot;,&quot;shutter_speed&quot;:&quot;0&quot;,&quot;title&quot;:&quot;&quot;,&quot;orientation&quot;:&quot;0&quot;}\" data-image-title=\"pdf_icon\" data-image-description=\"\" data-image-caption=\"\" data-large-file=\"https:\/\/i0.wp.com\/www.freidenker.org\/fw17\/wp-content\/uploads\/2017\/10\/pdf_icon-2.png?fit=32%2C32&amp;ssl=1\" class=\"alignnone size-full wp-image-1076\" src=\"https:\/\/i0.wp.com\/www.freidenker.org\/fw17\/wp-content\/uploads\/2017\/10\/pdf_icon-2.png?resize=32%2C32&amp;ssl=1\" alt=\"\" width=\"32\" height=\"32\" data-attachment-id=\"1076\" data-permalink=\"https:\/\/www.freidenker.org\/?attachment_id=1076\" data-orig-file=\"https:\/\/i0.wp.com\/www.freidenker.org\/fw17\/wp-content\/uploads\/2017\/10\/pdf_icon-2.png?fit=32%2C32&amp;ssl=1\" data-orig-size=\"32,32\" data-comments-opened=\"0\" data-image-meta=\"{&quot;aperture&quot;:&quot;0&quot;,&quot;credit&quot;:&quot;&quot;,&quot;camera&quot;:&quot;&quot;,&quot;caption&quot;:&quot;&quot;,&quot;created_timestamp&quot;:&quot;0&quot;,&quot;copyright&quot;:&quot;&quot;,&quot;focal_length&quot;:&quot;0&quot;,&quot;iso&quot;:&quot;0&quot;,&quot;shutter_speed&quot;:&quot;0&quot;,&quot;title&quot;:&quot;&quot;,&quot;orientation&quot;:&quot;0&quot;}\" data-image-title=\"pdf_icon\" data-image-description=\"\" data-image-caption=\"\" data-medium-file=\"https:\/\/i0.wp.com\/www.freidenker.org\/fw17\/wp-content\/uploads\/2017\/10\/pdf_icon-2.png?fit=32%2C32&amp;ssl=1\" data-large-file=\"https:\/\/i0.wp.com\/www.freidenker.org\/fw17\/wp-content\/uploads\/2017\/10\/pdf_icon-2.png?fit=32%2C32&amp;ssl=1\" data-recalc-dims=\"1\" \/>\u00a0Die Datei als\u00a0<a href=\"https:\/\/www.freidenker.org\/fw17\/wp-content\/uploads\/2023\/01\/Die_Luege_und_der_Verrat_gehoeren_schon_immer_zu_ihrem_Programm.pdf\" target=\"_blank\" rel=\"noopener\">PDF-Dokument<\/a> ansehen oder herunterladen (ca. 1,1 MB)<\/p>\n<hr \/>\n<p><span style=\"font-size: 10pt;\">Bild oben: Karten von Dr. Wolfgang Schacht<\/span><\/p>\n<p><span style=\"font-size: 10pt;\">Bilder im Text: \u00dcbernommen vom <a href=\"https:\/\/www.freidenker.org\/fw17\/wp-content\/uploads\/2023\/01\/Die_Luege_und_der_Verrat_gehoeren_schon_immer_zu_ihrem_Programm.pdf\" target=\"_blank\" rel=\"noopener\">Original-PDF<\/a> von Dr. Wolfgang Schacht<\/span><\/p>\n<hr \/>\n<p>&nbsp;<\/p>\n","protected":false},"excerpt":{"rendered":"<p><b>Beitrag von\u00a0Dr. Wolfgang Schacht<\/b><br \/>\nIm Jahre 1990 &#8211; die DDR wurde gerade in ma\u00dfloser Arroganz und \u00dcberheblichkeit von den nazistischen Herrenmenschen der BRD ausgeraubt, erniedrigt, beleidigt und annektiert &#8211; gab der Westen der noch existierenden UdSSR das Versprechen, dass sich der NATO \u2013 Block nicht nach Osten ausdehnen wird. Wer den L\u00fcgen und Versprechen des amerikanischen Establishments derartigen Glauben schenkt, der darf sich nicht wundern, wenn er entt\u00e4uscht und betrogen wird. Selbst daran schuld! Es kam wie es kommen musste. In einem so genannten Staatsakt zwischen Russland und der NATO im Jahre 1997 wurde von der aggressiven Allianz des Westens eine weitere L\u00fcge in die Welt gesetzt. <\/p>\n","protected":false},"author":3,"featured_media":14924,"comment_status":"closed","ping_status":"closed","sticky":false,"template":"","format":"standard","meta":{"colormag_page_container_layout":"default_layout","colormag_page_sidebar_layout":"default_layout","advanced_seo_description":"","jetpack_seo_html_title":"","jetpack_seo_noindex":false,"jetpack_post_was_ever_published":false,"footnotes":""},"categories":[12,1162],"tags":[272,404,56,720,269,719,430,639,185],"class_list":["post-14918","post","type-post","status-publish","format-standard","has-post-thumbnail","hentry","category-demokratie-medien-aufklaerung","category-geschichte","tag-der-westen-und-russland","tag-imperialismus","tag-nato","tag-nato-osterweiterung","tag-nato-ueberfall-auf-jugoslawien","tag-sanktionen","tag-sowjetunion","tag-ukraine-konflikt","tag-usa"],"jetpack_featured_media_url":"https:\/\/i0.wp.com\/www.freidenker.org\/fw17\/wp-content\/uploads\/2023\/01\/Schacht_LuegeUndVerrat_karten_800x450.jpg?fit=800%2C450&ssl=1","jetpack_shortlink":"https:\/\/wp.me\/p9stpK-3SC","jetpack-related-posts":[{"id":23677,"url":"https:\/\/www.freidenker.org\/?p=23677","url_meta":{"origin":14918,"position":0},"title":"Die R\u00fcckkehr der Barbaren: Westeuropas Wille zum ewigen Krieg","author":"Webredaktion","date":"30. November 2025","format":false,"excerpt":"Beitrag von Gert Ewen Ungar Der weder beliebte noch sonderlich begabte Friedrich Merz hat den 28 Punkte umfassenden Friedensplan, der zwischen den USA und Russland ausgearbeitet und gestern in Genf Vertretern der Ukraine in einem Sondierungsgespr\u00e4ch vorgelegt wurde, einer Revision unterzogen. Merz und die willigen Koalition\u00e4re Starmer und Macron haben\u2026","rel":"","context":"In &quot;Frieden - Antifaschismus - Solidarit\u00e4t&quot;","block_context":{"text":"Frieden - Antifaschismus - Solidarit\u00e4t","link":"https:\/\/www.freidenker.org\/?cat=13"},"img":{"alt_text":"","src":"https:\/\/i0.wp.com\/www.freidenker.org\/fw17\/wp-content\/uploads\/2025\/11\/Starmer_Macron_und_Merz_auf_dem_G20-Gipfel_2025_800x450.jpg?fit=800%2C450&ssl=1&resize=350%2C200","width":350,"height":200,"srcset":"https:\/\/i0.wp.com\/www.freidenker.org\/fw17\/wp-content\/uploads\/2025\/11\/Starmer_Macron_und_Merz_auf_dem_G20-Gipfel_2025_800x450.jpg?fit=800%2C450&ssl=1&resize=350%2C200 1x, https:\/\/i0.wp.com\/www.freidenker.org\/fw17\/wp-content\/uploads\/2025\/11\/Starmer_Macron_und_Merz_auf_dem_G20-Gipfel_2025_800x450.jpg?fit=800%2C450&ssl=1&resize=525%2C300 1.5x, https:\/\/i0.wp.com\/www.freidenker.org\/fw17\/wp-content\/uploads\/2025\/11\/Starmer_Macron_und_Merz_auf_dem_G20-Gipfel_2025_800x450.jpg?fit=800%2C450&ssl=1&resize=700%2C400 2x"},"classes":[]},{"id":12323,"url":"https:\/\/www.freidenker.org\/?p=12323","url_meta":{"origin":14918,"position":1},"title":"Zusammenfassung und Hintergr\u00fcnde zur Situation in der Ukraine","author":"Webredaktion","date":"26. Februar 2022","format":false,"excerpt":"Beitrag von Artur Leier Westliche Medien und Politiker erz\u00e4hlen uns gerade, dass der russische Pr\u00e4sident, nach acht Jahren Ukrainekonflikt, pl\u00f6tzlich auf die Idee gekommen ist, die Volksrepubliken im Donbass anzuerkennen und kurz darauf sogar eine Milit\u00e4roperation zu starten. Dabei h\u00e4tten der Westen und die Ukraine alles f\u00fcr den Frieden getan.\u2026","rel":"","context":"In &quot;Frieden - Antifaschismus - Solidarit\u00e4t&quot;","block_context":{"text":"Frieden - Antifaschismus - Solidarit\u00e4t","link":"https:\/\/www.freidenker.org\/?cat=13"},"img":{"alt_text":"","src":"https:\/\/i0.wp.com\/www.freidenker.org\/fw17\/wp-content\/uploads\/2022\/02\/NATO-Statista_800x450.jpg?fit=800%2C450&ssl=1&resize=350%2C200","width":350,"height":200,"srcset":"https:\/\/i0.wp.com\/www.freidenker.org\/fw17\/wp-content\/uploads\/2022\/02\/NATO-Statista_800x450.jpg?fit=800%2C450&ssl=1&resize=350%2C200 1x, https:\/\/i0.wp.com\/www.freidenker.org\/fw17\/wp-content\/uploads\/2022\/02\/NATO-Statista_800x450.jpg?fit=800%2C450&ssl=1&resize=525%2C300 1.5x, https:\/\/i0.wp.com\/www.freidenker.org\/fw17\/wp-content\/uploads\/2022\/02\/NATO-Statista_800x450.jpg?fit=800%2C450&ssl=1&resize=700%2C400 2x"},"classes":[]},{"id":17171,"url":"https:\/\/www.freidenker.org\/?p=17171","url_meta":{"origin":14918,"position":2},"title":"Deutschland im Krieg gegen Russland","author":"Webredaktion","date":"5. Oktober 2023","format":false,"excerpt":"Beitrag von Doris und George Pumphrey Von deutschem Boden w\u00fcrde nur noch Frieden ausgehen, hatten die Regierungen der BRD und DDR im Zwei-plus-Vier-Vertrag vom 12.09.1990 erkl\u00e4rt. Mit dem Verschwinden des antifaschistischen Friedensstaates DDR am 3. Oktober 1990 und dem Ende des Warschauer Vertrages bzw. der Sowjetunion im folgenden Jahr konnte\u2026","rel":"","context":"In &quot;Demokratie \u2013 Medien \u2013 Aufkl\u00e4rung&quot;","block_context":{"text":"Demokratie \u2013 Medien \u2013 Aufkl\u00e4rung","link":"https:\/\/www.freidenker.org\/?cat=12"},"img":{"alt_text":"","src":"https:\/\/i0.wp.com\/www.freidenker.org\/fw17\/wp-content\/uploads\/2023\/10\/friko_deutsche_einheit_800x450.jpg?fit=800%2C450&ssl=1&resize=350%2C200","width":350,"height":200,"srcset":"https:\/\/i0.wp.com\/www.freidenker.org\/fw17\/wp-content\/uploads\/2023\/10\/friko_deutsche_einheit_800x450.jpg?fit=800%2C450&ssl=1&resize=350%2C200 1x, https:\/\/i0.wp.com\/www.freidenker.org\/fw17\/wp-content\/uploads\/2023\/10\/friko_deutsche_einheit_800x450.jpg?fit=800%2C450&ssl=1&resize=525%2C300 1.5x, https:\/\/i0.wp.com\/www.freidenker.org\/fw17\/wp-content\/uploads\/2023\/10\/friko_deutsche_einheit_800x450.jpg?fit=800%2C450&ssl=1&resize=700%2C400 2x"},"classes":[]},{"id":11768,"url":"https:\/\/www.freidenker.org\/?p=11768","url_meta":{"origin":14918,"position":3},"title":"Die Eskalationsspirale der letzten vier Tage","author":"Webredaktion","date":"5. Dezember 2021","format":false,"excerpt":"Beitrag von Anti-Spiegel (d.i. Thomas R\u00f6per) Die Nato provoziert Russland immer offensiver und st\u00e4rker. Hier finden Sie eine Zusammenfassung der Ereignisse vom 30. November bis zum 3. Dezember 2021. ... Am 30. November gab es eine neue Drohung in Richtung Russland. Auf einem Treffen der Nato-Au\u00dfenminister in Riga wurde Russland\u2026","rel":"","context":"In &quot;Frieden - Antifaschismus - Solidarit\u00e4t&quot;","block_context":{"text":"Frieden - Antifaschismus - Solidarit\u00e4t","link":"https:\/\/www.freidenker.org\/?cat=13"},"img":{"alt_text":"","src":"https:\/\/i0.wp.com\/www.freidenker.org\/fw17\/wp-content\/uploads\/2021\/12\/nato-terror_von_qpress.de_800x450_v2.jpg?fit=800%2C450&ssl=1&resize=350%2C200","width":350,"height":200,"srcset":"https:\/\/i0.wp.com\/www.freidenker.org\/fw17\/wp-content\/uploads\/2021\/12\/nato-terror_von_qpress.de_800x450_v2.jpg?fit=800%2C450&ssl=1&resize=350%2C200 1x, https:\/\/i0.wp.com\/www.freidenker.org\/fw17\/wp-content\/uploads\/2021\/12\/nato-terror_von_qpress.de_800x450_v2.jpg?fit=800%2C450&ssl=1&resize=525%2C300 1.5x, https:\/\/i0.wp.com\/www.freidenker.org\/fw17\/wp-content\/uploads\/2021\/12\/nato-terror_von_qpress.de_800x450_v2.jpg?fit=800%2C450&ssl=1&resize=700%2C400 2x"},"classes":[]},{"id":19272,"url":"https:\/\/www.freidenker.org\/?p=19272","url_meta":{"origin":14918,"position":4},"title":"Weil der Westen es will: Es wird Krieg geben","author":"Webredaktion","date":"3. Juni 2024","format":false,"excerpt":"Beitrag von Tom J. Wellbrock Die Argumentation des Westens \u2013 und auch Deutschlands \u2013 hat sich ge\u00e4ndert. Dadurch begibt er sich in eine Situation, aus der er, selbst wenn er es wollte, nicht mehr so leicht herauskommt. Man kann sich den Kopf dar\u00fcber zerbrechen, welchen Antrieb die einzelnen Beteiligten haben,\u2026","rel":"","context":"In &quot;Demokratie \u2013 Medien \u2013 Aufkl\u00e4rung&quot;","block_context":{"text":"Demokratie \u2013 Medien \u2013 Aufkl\u00e4rung","link":"https:\/\/www.freidenker.org\/?cat=12"},"img":{"alt_text":"","src":"https:\/\/i0.wp.com\/www.freidenker.org\/fw17\/wp-content\/uploads\/2024\/06\/soldier-8499586_800x450.jpg?fit=800%2C450&ssl=1&resize=350%2C200","width":350,"height":200,"srcset":"https:\/\/i0.wp.com\/www.freidenker.org\/fw17\/wp-content\/uploads\/2024\/06\/soldier-8499586_800x450.jpg?fit=800%2C450&ssl=1&resize=350%2C200 1x, https:\/\/i0.wp.com\/www.freidenker.org\/fw17\/wp-content\/uploads\/2024\/06\/soldier-8499586_800x450.jpg?fit=800%2C450&ssl=1&resize=525%2C300 1.5x, https:\/\/i0.wp.com\/www.freidenker.org\/fw17\/wp-content\/uploads\/2024\/06\/soldier-8499586_800x450.jpg?fit=800%2C450&ssl=1&resize=700%2C400 2x"},"classes":[]},{"id":12870,"url":"https:\/\/www.freidenker.org\/?p=12870","url_meta":{"origin":14918,"position":5},"title":"Frieden statt Kriegshetze!","author":"Webredaktion","date":"19. April 2022","format":false,"excerpt":"Erkl\u00e4rung des Bundesverbands Arbeiterfotografie zu Russlands Vorgehen in der Ukraine, April 2022 Seit dem 24. Februar 2022 ist zu der weltweiten Ersch\u00fctterung durch das Corona-Geschehen eine weitere gro\u00dfe Bedrohung hinzugekommen \u2013 die Gefahr eines von der Ukraine ausgehenden zerst\u00f6rerischen Fl\u00e4chenbrandes. Es ist, als h\u00e4tte der Westen auf diese Situation lange\u2026","rel":"","context":"In &quot;Frieden - Antifaschismus - Solidarit\u00e4t&quot;","block_context":{"text":"Frieden - Antifaschismus - Solidarit\u00e4t","link":"https:\/\/www.freidenker.org\/?cat=13"},"img":{"alt_text":"","src":"https:\/\/i0.wp.com\/www.freidenker.org\/fw17\/wp-content\/uploads\/2022\/04\/AF-Erklaerung-Ukraine_v2_800x448.jpg?fit=800%2C449&ssl=1&resize=350%2C200","width":350,"height":200,"srcset":"https:\/\/i0.wp.com\/www.freidenker.org\/fw17\/wp-content\/uploads\/2022\/04\/AF-Erklaerung-Ukraine_v2_800x448.jpg?fit=800%2C449&ssl=1&resize=350%2C200 1x, https:\/\/i0.wp.com\/www.freidenker.org\/fw17\/wp-content\/uploads\/2022\/04\/AF-Erklaerung-Ukraine_v2_800x448.jpg?fit=800%2C449&ssl=1&resize=525%2C300 1.5x, https:\/\/i0.wp.com\/www.freidenker.org\/fw17\/wp-content\/uploads\/2022\/04\/AF-Erklaerung-Ukraine_v2_800x448.jpg?fit=800%2C449&ssl=1&resize=700%2C400 2x"},"classes":[]}],"_links":{"self":[{"href":"https:\/\/www.freidenker.org\/index.php?rest_route=\/wp\/v2\/posts\/14918","targetHints":{"allow":["GET"]}}],"collection":[{"href":"https:\/\/www.freidenker.org\/index.php?rest_route=\/wp\/v2\/posts"}],"about":[{"href":"https:\/\/www.freidenker.org\/index.php?rest_route=\/wp\/v2\/types\/post"}],"author":[{"embeddable":true,"href":"https:\/\/www.freidenker.org\/index.php?rest_route=\/wp\/v2\/users\/3"}],"replies":[{"embeddable":true,"href":"https:\/\/www.freidenker.org\/index.php?rest_route=%2Fwp%2Fv2%2Fcomments&post=14918"}],"version-history":[{"count":0,"href":"https:\/\/www.freidenker.org\/index.php?rest_route=\/wp\/v2\/posts\/14918\/revisions"}],"wp:featuredmedia":[{"embeddable":true,"href":"https:\/\/www.freidenker.org\/index.php?rest_route=\/wp\/v2\/media\/14924"}],"wp:attachment":[{"href":"https:\/\/www.freidenker.org\/index.php?rest_route=%2Fwp%2Fv2%2Fmedia&parent=14918"}],"wp:term":[{"taxonomy":"category","embeddable":true,"href":"https:\/\/www.freidenker.org\/index.php?rest_route=%2Fwp%2Fv2%2Fcategories&post=14918"},{"taxonomy":"post_tag","embeddable":true,"href":"https:\/\/www.freidenker.org\/index.php?rest_route=%2Fwp%2Fv2%2Ftags&post=14918"}],"curies":[{"name":"wp","href":"https:\/\/api.w.org\/{rel}","templated":true}]}}