{"id":14873,"date":"2022-12-26T13:12:06","date_gmt":"2022-12-26T12:12:06","guid":{"rendered":"https:\/\/www.freidenker.org\/?p=14873"},"modified":"2023-01-23T00:59:56","modified_gmt":"2023-01-22T23:59:56","slug":"ukrainische-wirklichkeit-schlaegt-medien-wunschdenken","status":"publish","type":"post","link":"https:\/\/www.freidenker.org\/?p=14873","title":{"rendered":"Ukrainische Wirklichkeit schl\u00e4gt Medien-Wunschdenken"},"content":{"rendered":"<p><strong>Die &#8222;Ukraine-gewinnt-Front&#8220; br\u00f6ckelt. Einige deutsche Fernseh-Milit\u00e4rexperten r\u00e4umen bereits Fehleinsch\u00e4tzungen ein. Wirklichkeit schl\u00e4gt Wunschdenken. Nichtwestliche Medien wie &#8222;Asia Times&#8220; zeigen selbsternannten deutsche &#8222;Qualit\u00e4tsmedien&#8220;, was Qualit\u00e4t ist. <\/strong><\/p>\n<p><em>Von <strong>Rainer Rupp<\/strong><\/em><\/p>\n<p><span style=\"font-size: 10pt;\">Erstver\u00f6ffentlichung am 18.12.2022 auf <a href=\"https:\/\/meinungsfreiheit.rtde.life\/meinung\/157519-ukrainische-wirklichkeit-schlaegt-medien-wunschdenken\/\" target=\"_blank\" rel=\"noopener\">RT DE<\/a><\/span><\/p>\n<div class=\"EmbedBlock-root EmbedBlock-all\">\n<div class=\"AllEmbed\"><iframe loading=\"lazy\" title=\"Ukrainische Wirklichkeit schl\u00e4gt Medien-Wunschdenken\" src=\"https:\/\/www.podbean.com\/player-v2\/?i=eka6a-1342162-pb&amp;from=pb6admin&amp;share=1&amp;download=1&amp;rtl=0&amp;fonts=Arial&amp;skin=1&amp;font-color=&amp;logo_link=episode_page&amp;btn-skin=7\" width=\"100%\" height=\"150\" scrolling=\"no\" allowfullscreen=\"allowfullscreen\" data-name=\"pb-iframe-player\" data-mce-fragment=\"1\"><\/iframe><\/div>\n<\/div>\n<p>Folgt man den angeblichen deutschen &#8222;Qualit\u00e4tsmedien&#8220;, dann hat der Westen mit seinem Stellvertreterkrieg gegen Russland in der Ukraine immer noch &#8222;alles im Griff&#8220; und man wundert sich nur, warum die mit tollen westlichen Wunderwaffen \u00fcppig ausgestatte ukrainische Armee noch nicht vor den Toren Moskaus steht. Wunschdenken und Wirklichkeit haben selten so weit auseinandergeklafft. Westliche Milit\u00e4rexperten konnten in Fernsehshows und Interviews unhinterfragt \u00fcber die Schw\u00e4che der russischen Streitkr\u00e4fte M\u00e4rchen erz\u00e4hlen und lautstark vom dem zu erwartenden sicheren Sieg der Ukraine schwadronieren.<\/p>\n<p>In letzter Zeit ist es diesbez\u00fcglich stiller geworden in der deutschen und EU\/NATO-weiten Medienlandschaft. Die katastrophale Wirklichkeit, mit der die ukrainische Armee auf dem Schlachtfeld und die Zivilbev\u00f6lkerung in der Etappe konfrontiert sind, k\u00f6nnen nicht l\u00e4nger mit Fake-Siegesmeldungen \u00fcbert\u00fcncht werden. So kam es am 24. November 2022, allerdings erst kurz vor Mitternacht, um 23:22 Uhr, zu einem der seltenen Momente, bei denen man im <em>Zweiten Deutschen Fernsehen (ZDF)<\/em> bei einem Bericht \u00fcber die Ukraine eine realit\u00e4tsnahe Einsch\u00e4tzung bekommen konnte. Der \u00f6sterreichische Milit\u00e4rexperte und Historiker, Oberst Markus Reisner, aktiver Offizier des Bundesheeres und Kommandant der \u00f6sterreichischen Garde, hatte seit Beginn der russischen Milit\u00e4roperation im Donbass zahllose Medienauftritte. Dabei hatte er die Lage auf dem Schlachtfeld leider meist vollkommen falsch beurteilt.<\/p>\n<p>Oberst Reisners Einsch\u00e4tzungen beruhten n\u00e4mlich fast ausschlie\u00dflich auf Propaganda-Mitteilungen aus Kiew, bei deren Abfassung US-Experten der psychologischen Kriegsf\u00fchrung die Feder gef\u00fchrt haben d\u00fcrften. Die Info-H\u00e4ppchen die den westlichen Medien und Regierungen auf dem Tablett serviert wurden, waren n\u00e4mlich einfach zu professionell auf den westlichen Geschmack, bzw. passgenau auf das US\/NATO-Narrativ abgestimmt und f\u00fcr die im Westen gepflegten Vorurteile gegen Russland zurechtgeschnitten.<\/p>\n<p>Wenn der \u00f6sterreichische Oberst \u00fcber die westliche Zensur-Schranke hinweg geschaut h\u00e4tte und andere Quellen, russische, chinesische, arabische, indische und sogar US-amerikanische Berichte von erfahrenen Kriegsberichterstattern und Milit\u00e4ranalysten, dann w\u00e4re ihm die Blamage erspart geblieben. Aber immerhin hatte er den Mut, <a href=\"https:\/\/www.zdf.de\/nachrichten\/politik\/flugabwehr-infrastruktur-reisner-ukraine-krieg-russland-100.html\">gegen\u00fcber dem ZDF zuzugeben<\/a>, dass er sich schwer geirrt hatte. Dass n\u00e4mlich &#8222;nach neun Monaten Krieg der Westen feststellen muss, dass die Russen durchaus noch F\u00e4higkeiten haben, die wir bisher untersch\u00e4tzt haben.&#8220; Als Beispiel nannte er den j\u00fcngsten Einsatz von Marschflugk\u00f6rpern, ballistischen Raketen und iranischen Drohnen.<\/p>\n<p>&#8222;Wir haben uns monatelang eingeredet, dass die russische Luftwaffe kaum Eins\u00e4tze fliegt&#8220; oder russische Raketen eine sehr geringe Trefferwahrscheinlichkeit h\u00e4tten. &#8222;Aber jetzt hat uns die Wirklichkeit eingeholt, n\u00e4mlich in dem Moment, in dem Russland entschieden hat, das zentrale Nervensystem der Ukraine\u00a0\u2013 die Stromversorgung \u2013 anzugreifen. (&#8230;) Wenn hier kein leistungsf\u00e4higes Luftverteidigungssystem eingesetzt wird, wird die Ukraine in wenigen Wochen in v\u00f6lliger Dunkelheit versinken&#8220;, so Reisner, diesmal mit einer sehr realistischen Einsch\u00e4tzung, denn seit seinem <em>ZDF-<\/em>Interview ist das inzwischen bereits die Wirklichkeit in der Ukraine.<\/p>\n<p>Auch der deutsche Oberst a.D. Wolfgang Richter, beratender Milit\u00e4rexperte bei der Stiftung Wissenschaft Politik (SWP), der seit dem Krieg in der Ukraine \u00fcber verschiedene Nachrichtenformate einer gr\u00f6\u00dferen \u00d6ffentlichkeit bekannt wurde, hatte \u00e4hnliche Probleme wie sein \u00f6sterreichischer Kollege. Diese korrigierte er am 29. November 2022 zumindest teilweise in einer <em>Welt-TV-<\/em>Sendung unter dem Titel &#8222;UKRAINE-KRIEG: <a href=\"https:\/\/www.youtube.com\/watch?v=IoqMF5Oo6G8\">Man hat wohl die F\u00e4higkeiten der Russen untersch\u00e4tzt<\/a>&#8222;. Darin erl\u00e4uterte Oberst a.D. Richter die aktuelle Lage in der Ukraine und erkl\u00e4rte:<\/p>\n<blockquote><p><em>&#8222;Besonders die immer noch ungebrochene Feuerkraft der Russen erstaunte viele Experten. Zwar k\u00e4mpfen alle Seiten mit Nachschubproblemen, aber die F\u00e4higkeiten der Russen wurde wohl untersch\u00e4tzt und nun hat Moskau wieder die strategische Initiative \u00fcbernommen.&#8220;<\/em><\/p><\/blockquote>\n<p>Wie bereits erw\u00e4hnt, h\u00e4tte den beiden Obristen ein Blick auf das, was die nicht-westliche Welt so \u00fcber den Ukraine-Konflikt schreibt, sicher gutgetan. Aus fern\u00f6stlicher Sicht, zum Beispiel aus der Perspektive der in Hong Kong erscheinenden Internet-Zeitung <em>Asia Times<\/em>\u00a0sind &#8222;die westlichen L\u00e4nder in ihrer Herangehensweise an den Konflikt in der Ukraine tief gespalten.&#8220; Diese Tatsache wird jedoch von westlichen Medien und Polit-Experten vehement bestritten, die mit viel Lobhudelei die stark br\u00f6ckelnde Solidarit\u00e4t unter den EU- und NATO-L\u00e4ndern einfach ignorieren.<\/p>\n<p>Schon im Jahre 2006 wurde die Online-Zeitung <em>Asia Times<\/em> von der <em>New York Times<\/em> als eine der prominentesten Zeitung Asiens bezeichnet, woran sich bis heute nichts ge\u00e4ndert hat.\u00a0Es folgt ein vom Autor dieser Zeilen \u00fcbersetzter <a href=\"https:\/\/mailchi.mp\/atimes\/a-brave-new-post-covid-world?e=28a34e1a7d\">Beitrag<\/a> des von <em>Asia Times<\/em> herausgegebenen &#8222;Global Polarity Monitor&#8220;.\u00a0Die Analyse ist nicht pro-russisch sondern neutral und dennoch im krassen Gegensatz zu der Art Berichterstattung, die wir \u00fcber die Ukraine aus westlichen, sogenannten Qualit\u00e4tsmedien serviert bekommen. An einigen Stellen der \u00dcbersetzung habe ich\u00a0in Klammern gesetzte, kurze Kommentare eingef\u00fcgt:<\/p>\n<p>&#8222;In der Ukraine verfolgt Russland weiterhin eine Verteidigungsstrategie. Hinter der Front befestigt es seine Verteidigungslinie, um die Kosten f\u00fcr eine ukrainischen Milit\u00e4roffensiven zu erh\u00f6hen. Dabei gibt es eine Ausnahme: die Operationen zur Zerst\u00f6rung der letzten (\u00fcber 8 Jahre) gut vorbereiteten, stark befestigten ukrainischen Verteidigungsanlagen in der Region Bachmut (in unmittelbarer N\u00e4he zur Hauptstadt der neuen russischen Provinz Donezk) werden fortgesetzt. Das Ziel ist sicherzustellen, dass die Ukrainer keine befestigten Stellungen errichtet haben, um die herum sie eine neue Gegenoffensive entwickeln k\u00f6nnten.&#8220;<\/p>\n<p>&#8222;Moskau bleibt auch zuversichtlich, dass die wachsenden Ausgaben des Westens zur Unterst\u00fctzung der Ukraine die westlichen F\u00fchrer, einschlie\u00dflich Pr\u00e4sident Biden, dazu motivieren werden, die M\u00f6glichkeit einer friedlichen Beilegung des Konflikts zu pr\u00fcfen. Russland glaubt, dass das Halten der Verteidigungslinien dem Westen zeigen wird, dass die Kosten der weiteren Unterst\u00fctzung der Ukraine zur Erreichung ihrer Ziele (n\u00e4mlich die Zur\u00fcckdr\u00e4ngung der Russen auf die Grenzen von vor dem Krieg und die R\u00fcckeroberung der Krim) einfach zu hoch sind. Allerdings sind Verhandlungen auf absehbare Zeit unwahrscheinlich.&#8220;<\/p>\n<p>Aus Sicht der <em>Asia Times<\/em>\u00a0&#8222;sind die westlichen L\u00e4nder in ihrer Herangehensweise an den Konflikt tief gespalten. Abgesehen von den baltischen Staaten und Polen, die entschieden anti-russisch sind, gibt es gravierende Differenzen zwischen den f\u00fchrenden EU-\/NATO-M\u00e4chten.&#8220;<\/p>\n<p>In diesem Zusammenhang verweist die online-Zeitung auf &#8222;eine erstaunliche Erkl\u00e4rung \u00fcber die Notwendigkeit von Sicherheitsgarantien f\u00fcr Russland, die Anfang vorletzter Woche der franz\u00f6sische Pr\u00e4sident Macron trotz der gegenw\u00e4rtig aufgeladenen anti-russischen Atmosph\u00e4re gemacht hatte.&#8220; Auch geht die\u00a0<em>Asia Times<\/em> davon aus, dass Macron indirekt von Bundeskanzler Scholz unterst\u00fctzt worden sei, weil dieser fast zeitgleich in einer Rede &#8222;die Notwendigkeit einer friedlichen Regelung in der Ukraine betont&#8220; habe.<\/p>\n<p>&#8222;Tags darauf hat dann aber der EU-Chefdiplomat Josep Borrell kategorisch erkl\u00e4rt, es sei &#8218;verfr\u00fcht, irgendwelche Garantien f\u00fcr Russland zu er\u00f6rtern. Stattdessen sollten Sicherheitsgarantien zuerst f\u00fcr die Ukraine diskutiert werden \u2026 \u00fcber Russland sprechen wir dann sp\u00e4ter\u2018.&#8220;<\/p>\n<p>(Hier w\u00e4re eine Zwischenfrage angebracht, welche die\u00a0<em>Asia Times<\/em> leider nicht stellte, n\u00e4mlich: Warum lassen sich die demokratisch gew\u00e4hlten F\u00fchrer der zwei st\u00e4rksten Nationen der EU diese Zurechtweisung durch den demokratisch <strong>nicht gew\u00e4hlten <\/strong>EU-Apparatschick Borell gefallen, der seine Position lediglich als Ergebnis eines von jeglicher Transparenz abgeschotteten Politgeschachers in einem Br\u00fcsseler Hinterzimmer erlangt hat?)<\/p>\n<p>Zur\u00fcck zu <em>Asia Times,<\/em> die als n\u00e4chstes darauf verweist, dass auch die politische F\u00fchrung in den USA in der Frage gespalten ist, ob Verhandlungen mit Russland \u00fcber einen Frieden in der Ukraine jetzt begonnen oder erst nach dem vom Westen erhofften Sieg der Ukraine in Angriff genommen werden sollten. W\u00f6rtlich hei\u00dft es weiter:<\/p>\n<p>&#8222;Die gleiche Debatte (wie in Europa) wird in den Vereinigten Staaten gef\u00fchrt. In einer bemerkenswerten Abweichung vom Protokoll sagte der Vorsitzende der Joint Chiefs of Staff, (der oberste Offizier der USA,) General Mark Milley, am 9. November, dass die Winterpause der K\u00e4mpfe zu Friedensgespr\u00e4chen mit Russland f\u00fchren k\u00f6nnte. Vorletzte Woche sagte Pr\u00e4sident Biden, als er neben Macron stand: &#8218;Lassen Sie mich meine Worte sehr sorgf\u00e4ltig w\u00e4hlen \u2026 Ich bin bereit, mit Herrn Putin zu sprechen, wenn seinerseits tats\u00e4chlich ein Interesse daran besteht, nach einem Weg zur Beendigung des Krieges sucht.'&#8220;<\/p>\n<p>(Aber selbst mit dieser zaghaften Bereitschaftserkl\u00e4rung f\u00fcr einen Verhandlungsfrieden war Biden den schlimmsten Kriegstreibern in seinem Umfeld bereits zu weit gegangen.)<\/p>\n<p>&#8222;Bereits einen Tag sp\u00e4ter korrigierte US-Au\u00dfenminister Blinken, (der aktuelle Chef der neo-liberalen Falken, seine Pr\u00e4sidentenmarionette) Biden mit den Worten: &#8218;Wir werden nicht ohne die Ukraine \u00fcber die Ukraine diskutieren.&#8216; Zugleich tat Blinken jede Hoffnung auf Verhandlungen ab, weil die amerikanische Seite keine &#8218;Bereitschaft&#8216; zu Verhandlungen aufseiten Moskaus sehe.&#8220; Dies deute, so die <em>Asia Times<\/em>\u00a0&#8222;auf eine wachsende Kluft innerhalb der Biden-Administration in der Frage des Ukraine-Konfliktes hin, was aber auch zugleich bedeutet, dass Verhandlungen (f\u00fcr die amerikanische Seite) auf absehbare Zeit nicht in Frage kommen.&#8220;<\/p>\n<p>Weiter im O-Ton der <em>Asia Times:<\/em><\/p>\n<p>&#8222;Selenskij ist ebenfalls nicht zu Verhandlungen bereit. Er braucht dringend einen Sieg, um sich gegen\u00fcber seinen westlichen Sponsoren zu beweisen und um aus der Position der St\u00e4rke heraus verhandeln zu k\u00f6nnen, wenn auch nur sehr relativ. Auch die Russen haben es nicht eilig zu verhandeln. Sie hoffen, dass der Westen seine Kapazit\u00e4ten zur effektiven\u00a0Unterst\u00fctzung Kiews bald ausgesch\u00f6pft hat.&#8220;<\/p>\n<p>&#8222;Es gibt noch eine weitere wichtige \u00dcberlegung: Der Kreml traut westlichen F\u00fchrern nicht. Moskau versuchte im vergangenen Jahr, Sicherheitsgarantien f\u00fcr sich selbst auszuhandeln, und wurde von den USA und f\u00fchrenden europ\u00e4ischen M\u00e4chten rundweg abgelehnt. Warum sollte Russland jetzt Macron oder Scholz vertrauen?&#8220;<\/p>\n<p>(Hier w\u00e4re die erg\u00e4nzende Frage abgebracht: Kann Moskau dem Westen \u00fcberhaupt noch vertrauen? Ex-Kanzlerin Merkel hat gerade in zwei Interviews \u2013 im <em>Spiegel<\/em> und in\u00a0der <em>Zeit<\/em> \u2013 sich damit gebr\u00fcstet, mit dem Minsk-2-Vertrag Putin erfolgreich hinters Licht gef\u00fchrt zu haben. Dass sie den Vertrag nie ernst gemeint habe, sondern mit Minsk 2 nur Zeit gewonnen werden sollte, um die Ukraine milit\u00e4risch gegen Russland hochzur\u00fcsten. Dabei war Minsk 2 sogar von den M\u00e4chten des UN-Sicherheitsrates in einem besonderen Akt auf das Niveau internationalen Rechts gehoben worden. Und mit einem\u00a0derart hohen diplomatischen Wert haben Merkel und die anderen westlichen Beteiligten wie gemeine Trickbetr\u00fcger\u00a0agiert um geo-politische Vorteile zu erlangen.<\/p>\n<p>Mit diesem skandal\u00f6sen Eingest\u00e4ndnis hat die deutsche Au\u00dfenpolitik in Russland noch das letzte verblieben Jota\u00a0an Vertrauen verspielt, aber nicht nur dort. Kommentare von rund um die Welt zeigen, dass dieses Merkel-Eingest\u00e4ndnis sehr wohl wahrgenommen wurde und der Glaube an die Verl\u00e4sslichkeit deutscher Au\u00dfenpolitik und Ihrer Versprechen scheint gegen Null zu gehen.\u00a0Zumal\u00a0die aktuelle deutsche Au\u00dfenministerin Baerbock alles daf\u00fcr tut, dass das auch so bleibt.)<\/p>\n<p>Aber weiter mit der <em>Asia Times<\/em> und der US\/EU-\u00d6l-Preis-Deckelung:<\/p>\n<p>&#8222;Mit der Einf\u00fchrung der \u00d6lpreisobergrenze-Sanktion durch die EU plant Russland, den direkten Energieverkauf an die G-7-Staaten zu beenden, ebenso wie an alle anderen Staaten, die versuchen, die EU-Obergrenze durchzusetzen. Sekund\u00e4rverk\u00e4ufe werden sehr wahrscheinlich fortgesetzt werden, insbesondere \u00fcber die T\u00fcrkei und Ungarn (oder \u00fcber Indien und China). Dabei geht es nicht nur darum, den Fluss der Einnahmen zu erhalten, sondern auch gegen US-Pl\u00e4ne der \u00d6l-Preisdeckelung vorzugehen.&#8220;<\/p>\n<p>&#8222;Selbst wenn der effektive Preis, den China f\u00fcr russisches \u00d6l zahlt, in der N\u00e4he des H\u00f6chstpreises liegt, hat China angesichts der Rabatte f\u00fcr die Zahlung in Nicht-Dollar-W\u00e4hrung keine Pl\u00e4ne, sich an die westliche Obergrenze zu halten. Seine gro\u00dfen Unternehmen werden nicht unbedingt gegen die Versicherungssanktionen versto\u00dfen, aber es wird wahrscheinlich mehr russisches \u00d6l \u00fcber Landpipelines kaufen und es dann an andere Kunden re-exportieren. Dabei hat Russland die volle Unterst\u00fctzung von Saudi-Arabien, das sich jeglichen Bem\u00fchungen der westlichen Kunden widersetzt, eine Obergrenze f\u00fcr den \u00d6lpreis festzulegen. Es wird keine Produktionssteigerung durch andere OPEC+-Mitglieder geben, um den R\u00fcckgang von russischem \u00d6l auf dem Weltmarkt auszugleichen.&#8220; \u2013 Ende des Artikels der <em>Asia Times.<\/em><\/p>\n<p>Erg\u00e4nzend w\u00e4re hier zu sagen, dass auch die letzte EU-Sanktionsrunde gegen Russland ein Schuss ins Knie der eigenen EU-Volkswirtschaften ist, denn die Umstellung macht das \u00d6l f\u00fcr die EU-Abnehmer teurer, wovon haupts\u00e4chlich die Zwischenh\u00e4ndler von russischem \u00d6l in der T\u00fcrkei, Indien und China profitieren. Bei gleichbleibender \u00d6lnachfrage bei verringertem Angebot, wird der Preis auf dem \u00d6lmarkt insgesamt steigen. Wovon OPEC+ insgesamt profitieren wird, also auch Russland, das in diesem Fall \u2013 wie schon bei Gas \u2013 bei weniger Verk\u00e4ufen h\u00f6here Einnahmen erzielen k\u00f6nnte. Hoffnung auf \u00fcber l\u00e4ngere Zeit fallende \u00d6lpreise g\u00e4be es nur, wenn eine globale Rezession einsetzen und die Nachfrage nach \u00d6l ma\u00dfgeblich zur\u00fcckgehen w\u00fcrde. Aber auch das w\u00e4re keine sch\u00f6ne Aussicht.<\/p>\n<p style=\"text-align: right;\"><em>Rainer Rupp ist Mitglied des Beirats des Deutschen Freidenker-Verbandes<\/em><\/p>\n<hr \/>\n<p><span style=\"font-size: 10pt;\">Symbolbild oben: <a href=\"https:\/\/pixabay.com\/de\/photos\/blackout-stromausfall-energiekrise-7644060\/\" target=\"_blank\" rel=\"noopener\">pixabay.com<\/a> \/ <a class=\"hover_opacity\" href=\"https:\/\/pixabay.com\/de\/users\/alexandra_koch-621802\/\">Alexandra_Koch<\/a> \/ <a href=\"https:\/\/pixabay.com\/de\/service\/terms\/\">Pixabay License<\/a><\/span><\/p>\n<hr \/>\n<p>&nbsp;<\/p>\n","protected":false},"excerpt":{"rendered":"<p><b>Beitrag von Rainer Rupp<\/b><br \/>\nFolgt man den angeblichen deutschen &#8222;Qualit\u00e4tsmedien&#8220;, dann hat der Westen mit seinem Stellvertreterkrieg gegen Russland in der Ukraine immer noch &#8222;alles im Griff&#8220; und man wundert sich nur, warum die mit tollen westlichen Wunderwaffen \u00fcppig ausgestatte ukrainische Armee noch nicht vor den Toren Moskaus steht. Wunschdenken und Wirklichkeit haben selten so weit auseinandergeklafft. Westliche Milit\u00e4rexperten konnten in Fernsehshows und Interviews unhinterfragt \u00fcber die Schw\u00e4che der russischen Streitkr\u00e4fte M\u00e4rchen erz\u00e4hlen und lautstark vom dem zu erwartenden sicheren Sieg der Ukraine schwadronieren. In letzter Zeit ist es diesbez\u00fcglich stiller geworden in der deutschen und EU\/NATO-weiten Medienlandschaft.<\/p>\n","protected":false},"author":3,"featured_media":14875,"comment_status":"closed","ping_status":"closed","sticky":false,"template":"","format":"standard","meta":{"colormag_page_container_layout":"default_layout","colormag_page_sidebar_layout":"default_layout","advanced_seo_description":"","jetpack_seo_html_title":"","jetpack_seo_noindex":false,"jetpack_post_was_ever_published":false,"footnotes":""},"categories":[12],"tags":[182,602,121,56,596,222,719,1111,639,1525,527],"class_list":["post-14873","post","type-post","status-publish","format-standard","has-post-thumbnail","hentry","category-demokratie-medien-aufklaerung","tag-eu","tag-fake-news","tag-medien","tag-nato","tag-pressefreiheit","tag-russland","tag-sanktionen","tag-ukraine","tag-ukraine-konflikt","tag-waffenlieferungen","tag-zensur"],"jetpack_featured_media_url":"https:\/\/i0.wp.com\/www.freidenker.org\/fw17\/wp-content\/uploads\/2022\/12\/blackout-7644060_800x450.jpg?fit=800%2C450&ssl=1","jetpack_shortlink":"https:\/\/wp.me\/p9stpK-3RT","jetpack-related-posts":[{"id":22062,"url":"https:\/\/www.freidenker.org\/?p=22062","url_meta":{"origin":14873,"position":0},"title":"Operation Spiderweb \u2013 Brillanter taktischer Erfolg oder Selenskijs Pyrrhus-Sieg?","author":"Webredaktion","date":"5. Juni 2025","format":false,"excerpt":"Beitrag von Rainer Rupp Wenn man erst einmal von den \u00fcblichen \u00dcbertreibungen Selenskijs und deren Widerhall in den westlichen Medien absieht und sich auf eine von Wunschdenken freie, also realit\u00e4tsbezogene Bewertung des Krieges in der Ukraine bezieht, hat der taktisch beeindruckende Drohnenangriff der Ukraine nichts an der strategischen Entwicklung des\u2026","rel":"","context":"In &quot;Demokratie \u2013 Medien \u2013 Aufkl\u00e4rung&quot;","block_context":{"text":"Demokratie \u2013 Medien \u2013 Aufkl\u00e4rung","link":"https:\/\/www.freidenker.org\/?cat=12"},"img":{"alt_text":"","src":"https:\/\/i0.wp.com\/www.freidenker.org\/fw17\/wp-content\/uploads\/2025\/06\/Drohnen_Spinnennetz_800x450.jpg?fit=800%2C450&ssl=1&resize=350%2C200","width":350,"height":200,"srcset":"https:\/\/i0.wp.com\/www.freidenker.org\/fw17\/wp-content\/uploads\/2025\/06\/Drohnen_Spinnennetz_800x450.jpg?fit=800%2C450&ssl=1&resize=350%2C200 1x, https:\/\/i0.wp.com\/www.freidenker.org\/fw17\/wp-content\/uploads\/2025\/06\/Drohnen_Spinnennetz_800x450.jpg?fit=800%2C450&ssl=1&resize=525%2C300 1.5x, https:\/\/i0.wp.com\/www.freidenker.org\/fw17\/wp-content\/uploads\/2025\/06\/Drohnen_Spinnennetz_800x450.jpg?fit=800%2C450&ssl=1&resize=700%2C400 2x"},"classes":[]},{"id":18108,"url":"https:\/\/www.freidenker.org\/?p=18108","url_meta":{"origin":14873,"position":1},"title":"Ukraine hat keine Chance","author":"Webredaktion","date":"9. Februar 2024","format":false,"excerpt":"Video-Interview von Masha Janssen mit Rainer Rupp Text von Masha Janssen auf YouTube: In diesem Interview habe ich mich mit dem ehemaligen DDR-Spitzenspion a.D. Rainer Rupp, alias \"Topas\", zusammengesetzt, um die j\u00fcngsten Aussagen von dem Oberhaupt der ukrainischen Streitkr\u00e4fte auf eine sachliche Art und Weise auszuwerten. Walerij Saluschnij behauptet, dass\u2026","rel":"","context":"In &quot;Demokratie \u2013 Medien \u2013 Aufkl\u00e4rung&quot;","block_context":{"text":"Demokratie \u2013 Medien \u2013 Aufkl\u00e4rung","link":"https:\/\/www.freidenker.org\/?cat=12"},"img":{"alt_text":"","src":"https:\/\/i0.wp.com\/www.freidenker.org\/fw17\/wp-content\/uploads\/2024\/02\/Mascha_Rupp_Interview_800x450.jpg?fit=800%2C450&ssl=1&resize=350%2C200","width":350,"height":200,"srcset":"https:\/\/i0.wp.com\/www.freidenker.org\/fw17\/wp-content\/uploads\/2024\/02\/Mascha_Rupp_Interview_800x450.jpg?fit=800%2C450&ssl=1&resize=350%2C200 1x, https:\/\/i0.wp.com\/www.freidenker.org\/fw17\/wp-content\/uploads\/2024\/02\/Mascha_Rupp_Interview_800x450.jpg?fit=800%2C450&ssl=1&resize=525%2C300 1.5x, https:\/\/i0.wp.com\/www.freidenker.org\/fw17\/wp-content\/uploads\/2024\/02\/Mascha_Rupp_Interview_800x450.jpg?fit=800%2C450&ssl=1&resize=700%2C400 2x"},"classes":[]},{"id":17373,"url":"https:\/\/www.freidenker.org\/?p=17373","url_meta":{"origin":14873,"position":2},"title":"Israel: Selenskijs Albtraum","author":"Webredaktion","date":"30. Oktober 2023","format":false,"excerpt":"Kommentar von\u00a0Rainer Rupp Seit dem Al-Aksa-Sturm der Hamas am 7. Oktober gegen Israel ist ein Sieg der Ukraine gegen Russland noch unm\u00f6glicher geworden als zuvor, falls es \u00fcberhaupt eine Steigerung f\u00fcr das Wort \u201eunm\u00f6glich\u201c gibt. Wie das mit der Tatsache zusammenh\u00e4ngt, dass der ukrainische Pr\u00e4sident Wolodymir Selenskij wahrscheinlich der einzige\u2026","rel":"","context":"In &quot;Demokratie \u2013 Medien \u2013 Aufkl\u00e4rung&quot;","block_context":{"text":"Demokratie \u2013 Medien \u2013 Aufkl\u00e4rung","link":"https:\/\/www.freidenker.org\/?cat=12"},"img":{"alt_text":"","src":"https:\/\/i0.wp.com\/www.freidenker.org\/fw17\/wp-content\/uploads\/2023\/10\/Selenski_in_Bruessel_11_Oct_2023_800x450.jpg?fit=800%2C450&ssl=1&resize=350%2C200","width":350,"height":200,"srcset":"https:\/\/i0.wp.com\/www.freidenker.org\/fw17\/wp-content\/uploads\/2023\/10\/Selenski_in_Bruessel_11_Oct_2023_800x450.jpg?fit=800%2C450&ssl=1&resize=350%2C200 1x, https:\/\/i0.wp.com\/www.freidenker.org\/fw17\/wp-content\/uploads\/2023\/10\/Selenski_in_Bruessel_11_Oct_2023_800x450.jpg?fit=800%2C450&ssl=1&resize=525%2C300 1.5x, https:\/\/i0.wp.com\/www.freidenker.org\/fw17\/wp-content\/uploads\/2023\/10\/Selenski_in_Bruessel_11_Oct_2023_800x450.jpg?fit=800%2C450&ssl=1&resize=700%2C400 2x"},"classes":[]},{"id":15135,"url":"https:\/\/www.freidenker.org\/?p=15135","url_meta":{"origin":14873,"position":3},"title":"Kriegshysterie im Westen \u2013 Russen unaufgeregt und gelassen","author":"Webredaktion","date":"4. Februar 2023","format":false,"excerpt":"Beitrag von Rainer Rupp In ihrer narzisstischen Art plapperte die deutsche Bundesau\u00dfenministerin Annalena Baerbock unverbl\u00fcmt ein unter deutschen Politikern sprachlich sorgsam umgangenes Tabu aus. Dabei sagte sie im Gegensatz zu ihren sonstigen Verlautbarungen \u00fcber die Ukraine diesmal sogar die Wahrheit. Das geschah am Dienstag dieser Woche w\u00e4hrend einer Debatte in\u2026","rel":"","context":"In &quot;Demokratie \u2013 Medien \u2013 Aufkl\u00e4rung&quot;","block_context":{"text":"Demokratie \u2013 Medien \u2013 Aufkl\u00e4rung","link":"https:\/\/www.freidenker.org\/?cat=12"},"img":{"alt_text":"","src":"https:\/\/i0.wp.com\/www.freidenker.org\/fw17\/wp-content\/uploads\/2023\/02\/Haubitze_1984_800x450.jpg?fit=800%2C450&ssl=1&resize=350%2C200","width":350,"height":200,"srcset":"https:\/\/i0.wp.com\/www.freidenker.org\/fw17\/wp-content\/uploads\/2023\/02\/Haubitze_1984_800x450.jpg?fit=800%2C450&ssl=1&resize=350%2C200 1x, https:\/\/i0.wp.com\/www.freidenker.org\/fw17\/wp-content\/uploads\/2023\/02\/Haubitze_1984_800x450.jpg?fit=800%2C450&ssl=1&resize=525%2C300 1.5x, https:\/\/i0.wp.com\/www.freidenker.org\/fw17\/wp-content\/uploads\/2023\/02\/Haubitze_1984_800x450.jpg?fit=800%2C450&ssl=1&resize=700%2C400 2x"},"classes":[]},{"id":17792,"url":"https:\/\/www.freidenker.org\/?p=17792","url_meta":{"origin":14873,"position":4},"title":"Auch 2024 keine Aussichten auf Waffenstillstand in der Ukraine","author":"Webredaktion","date":"8. Januar 2024","format":false,"excerpt":"Beitrag von Rainer Rupp Am 30. November 2023, also vor etwas mehr als einem Monat, gab es in der renommierten britischen Zeitung The Times in London einen Artikel \u00fcber eine hochrangige Konferenz zu Fragen der Verteidigung in Berlin, \u00fcber deren Stattfinden und erst recht deren explosive Diskussionsinhalte die deutschen \"Qualit\u00e4tsmedien\"\u2026","rel":"","context":"In &quot;Demokratie \u2013 Medien \u2013 Aufkl\u00e4rung&quot;","block_context":{"text":"Demokratie \u2013 Medien \u2013 Aufkl\u00e4rung","link":"https:\/\/www.freidenker.org\/?cat=12"},"img":{"alt_text":"","src":"https:\/\/i0.wp.com\/www.freidenker.org\/fw17\/wp-content\/uploads\/2024\/01\/UA_Leopard_1A5_03_800x450.jpg?fit=800%2C450&ssl=1&resize=350%2C200","width":350,"height":200,"srcset":"https:\/\/i0.wp.com\/www.freidenker.org\/fw17\/wp-content\/uploads\/2024\/01\/UA_Leopard_1A5_03_800x450.jpg?fit=800%2C450&ssl=1&resize=350%2C200 1x, https:\/\/i0.wp.com\/www.freidenker.org\/fw17\/wp-content\/uploads\/2024\/01\/UA_Leopard_1A5_03_800x450.jpg?fit=800%2C450&ssl=1&resize=525%2C300 1.5x, https:\/\/i0.wp.com\/www.freidenker.org\/fw17\/wp-content\/uploads\/2024\/01\/UA_Leopard_1A5_03_800x450.jpg?fit=800%2C450&ssl=1&resize=700%2C400 2x"},"classes":[]},{"id":19889,"url":"https:\/\/www.freidenker.org\/?p=19889","url_meta":{"origin":14873,"position":5},"title":"St\u00fcrzt Selenskijs \u201eSiegesplan\u201c Europa ins Verderben?","author":"Webredaktion","date":"23. September 2024","format":false,"excerpt":"Kommentar von\u00a0Rainer Rupp Der neue \u201eSiegesplan\u201c des illegalen ukrainischen Pr\u00e4sidenten Selenskijs ist nicht weniger grotesk als sein 10-Punkte-Friedensplan, den er zuvor \u00fcberall in der Welt mit Unterst\u00fctzung von US\/NATO rund um die Welt als \u201ealternativlos\u201c pr\u00e4sentierte. Neben Russlands Kapitulation hatte dieser \u201eFriedensplan\u201c unter anderem auch den kompletten R\u00fcckzug russischer Truppen\u2026","rel":"","context":"In &quot;Frieden - Antifaschismus - Solidarit\u00e4t&quot;","block_context":{"text":"Frieden - Antifaschismus - Solidarit\u00e4t","link":"https:\/\/www.freidenker.org\/?cat=13"},"img":{"alt_text":"","src":"https:\/\/i0.wp.com\/www.freidenker.org\/fw17\/wp-content\/uploads\/2024\/09\/Zelenskyy_Met_with_Ursula_von_der_Leyen_54007544087_800x450.jpg?fit=800%2C450&ssl=1&resize=350%2C200","width":350,"height":200,"srcset":"https:\/\/i0.wp.com\/www.freidenker.org\/fw17\/wp-content\/uploads\/2024\/09\/Zelenskyy_Met_with_Ursula_von_der_Leyen_54007544087_800x450.jpg?fit=800%2C450&ssl=1&resize=350%2C200 1x, https:\/\/i0.wp.com\/www.freidenker.org\/fw17\/wp-content\/uploads\/2024\/09\/Zelenskyy_Met_with_Ursula_von_der_Leyen_54007544087_800x450.jpg?fit=800%2C450&ssl=1&resize=525%2C300 1.5x, https:\/\/i0.wp.com\/www.freidenker.org\/fw17\/wp-content\/uploads\/2024\/09\/Zelenskyy_Met_with_Ursula_von_der_Leyen_54007544087_800x450.jpg?fit=800%2C450&ssl=1&resize=700%2C400 2x"},"classes":[]}],"_links":{"self":[{"href":"https:\/\/www.freidenker.org\/index.php?rest_route=\/wp\/v2\/posts\/14873","targetHints":{"allow":["GET"]}}],"collection":[{"href":"https:\/\/www.freidenker.org\/index.php?rest_route=\/wp\/v2\/posts"}],"about":[{"href":"https:\/\/www.freidenker.org\/index.php?rest_route=\/wp\/v2\/types\/post"}],"author":[{"embeddable":true,"href":"https:\/\/www.freidenker.org\/index.php?rest_route=\/wp\/v2\/users\/3"}],"replies":[{"embeddable":true,"href":"https:\/\/www.freidenker.org\/index.php?rest_route=%2Fwp%2Fv2%2Fcomments&post=14873"}],"version-history":[{"count":0,"href":"https:\/\/www.freidenker.org\/index.php?rest_route=\/wp\/v2\/posts\/14873\/revisions"}],"wp:featuredmedia":[{"embeddable":true,"href":"https:\/\/www.freidenker.org\/index.php?rest_route=\/wp\/v2\/media\/14875"}],"wp:attachment":[{"href":"https:\/\/www.freidenker.org\/index.php?rest_route=%2Fwp%2Fv2%2Fmedia&parent=14873"}],"wp:term":[{"taxonomy":"category","embeddable":true,"href":"https:\/\/www.freidenker.org\/index.php?rest_route=%2Fwp%2Fv2%2Fcategories&post=14873"},{"taxonomy":"post_tag","embeddable":true,"href":"https:\/\/www.freidenker.org\/index.php?rest_route=%2Fwp%2Fv2%2Ftags&post=14873"}],"curies":[{"name":"wp","href":"https:\/\/api.w.org\/{rel}","templated":true}]}}