{"id":1487,"date":"2009-09-05T22:46:56","date_gmt":"2009-09-05T20:46:56","guid":{"rendered":"http:\/\/www.freidenker.org\/fw17\/?p=1487"},"modified":"2017-12-28T00:04:57","modified_gmt":"2017-12-27T23:04:57","slug":"bildung-ist-menschenrecht","status":"publish","type":"post","link":"https:\/\/www.freidenker.org\/?p=1487","title":{"rendered":"Bildung ist Menschenrecht"},"content":{"rendered":"<p><strong>Bildung ist Menschenrecht &#8211; Initiative Volksbildung<\/strong><\/p>\n<p>Buchver\u00f6ffentlichung im Eigenverlag des Deutschen Freidenker-Verbandes e.V., Verbandsvorstand<\/p>\n<p><em>Materialien der Konferenz &#8222;Bildung ist Menschenrecht&#8220; am 4. Oktober 2008 in Erfurt und weitere Beitr\u00e4ge zum Thema<br \/>\n<\/em><\/p>\n<hr \/>\n<p>Mit Beitr\u00e4gen von Klaus Hartmann, Cornelia Hirsch (MdB), Gottfried Schunke, Witold Fischer, Waltraut Roth, Frank Bauer, Rainer Rupp, Prof. Dr. Horst Schneider, Henrik Volkert, Heike D\u00f6bler, Annett Torres, Susanne Klug, Dr. Seltsam, Dieter Feuerstein, Franziska Schinck, Christiane Kr\u00f6ll, Seyed Narges Yelaghi, Friedrich Schilder, Brigitte M\u00fcller, Dr. Dr. Jan Bretschneider, Prof. Dr. G\u00fcnter Wilms, Dr. Christa H\u00e4ndle, Dr. Uta Mader, Ursula Voigt, Jens Wernicke, Dr. Rainer Thiel und der Sch\u00fclerinitiative M\u00fcnchen.<\/p>\n<hr \/>\n<p><em><strong>Bildung ist Menschenrecht &#8211; Initiative Volksbildung<\/strong><br \/>\n<strong>Konferenz am 04. Oktober 2008 in Erfurt und Beitr\u00e4ge zum Thema<\/strong><br \/>\nOffenbach am Main, 2009<br \/>\n237 Seiten; ISBN-10 3-929841-06-0<\/em><\/p>\n<p><em>Das Buch ist zum Preis von 5,00 Euro zu beziehen \u00fcber:<br \/>\nEberhard Schinck, Albrecht-D\u00fcrer-Str. 23, 85579 Neubiberg,<br \/>\nE-Mail: <a href=\"mailto:abo@freidenker.de\">abo@freidenker.de<\/a><br \/>\n<\/em><\/p>\n","protected":false},"excerpt":{"rendered":"<p><strong>Buchver\u00f6ffentlichung im Eigenverlag des Deutschen Freidenker-Verbandes e.V.<br \/>\nMaterialien der Konferenz &#8222;Bildung ist Menschenrecht&#8220; am 4. Oktober 2008 in Erfurt und weitere Beitr\u00e4ge zum Thema<\/strong><br \/>\nMit Beitr\u00e4gen von Klaus Hartmann, Cornelia Hirsch (MdB), Gottfried Schunke, Witold Fischer, Waltraut Roth, Frank Bauer, Rainer Rupp, Prof. Dr. Horst Schneider, Henrik Volkert, Heike D\u00f6bler, Annett Torres, Susanne Klug, Dr. Seltsam, Dieter Feuerstein, Franziska Schinck, Christiane Kr\u00f6ll, Seyed Narges Yelaghi, Friedrich Schilder, Brigitte M\u00fcller, Dr. Dr. Jan Bretschneider, Prof. Dr. G\u00fcnter Wilms, Dr. Christa H\u00e4ndle, Dr. Uta Mader, Ursula Voigt, Jens Wernicke, Dr. Rainer Thiel und der Sch\u00fclerinitiative M\u00fcnchen.<\/p>\n","protected":false},"author":3,"featured_media":2567,"comment_status":"closed","ping_status":"closed","sticky":false,"template":"","format":"standard","meta":{"colormag_page_container_layout":"default_layout","colormag_page_sidebar_layout":"default_layout","advanced_seo_description":"","jetpack_seo_html_title":"","jetpack_seo_noindex":false,"jetpack_post_was_ever_published":false,"footnotes":""},"categories":[5],"tags":[571,567,568,572,98,573,563,570,569],"class_list":["post-1487","post","type-post","status-publish","format-standard","has-post-thumbnail","hentry","category-buecher-des-verbandes","tag-antikommunismus","tag-bildung","tag-bildungschancen","tag-geschichtsfaelschung","tag-kinderarmut","tag-kreationismus","tag-menschenrechte","tag-religionsunterricht","tag-verfassungsrecht"],"jetpack_featured_media_url":"https:\/\/i0.wp.com\/www.freidenker.org\/fw17\/wp-content\/uploads\/2017\/12\/FD_Buch_2009_Bildung.jpg?fit=800%2C445&ssl=1","jetpack_shortlink":"https:\/\/wp.me\/p9stpK-nZ","jetpack-related-posts":[{"id":3235,"url":"https:\/\/www.freidenker.org\/?p=3235","url_meta":{"origin":1487,"position":0},"title":"Solidarit\u00e4tsadresse zum Bildungsstreik","author":"Webredaktion","date":"17. Juni 2009","format":false,"excerpt":"Gru\u00dfadresse von Klaus Hartmann an die Aktiven beim Bildungsstreik 2009 Der Deutsche Freidenker-Verband erkl\u00e4rt sich solidarisch mit Euren Aktionen im Rahmen des Bildungsstreiks 2009. Die Brechung des Bildungsprivilegs ist eine zentrale Forderung der Freidenker seit ihrer Organisierung im 19. Jahrhundert. In unserer programmatischen \u201eBerliner Erkl\u00e4rung\u201c formulieren wir: \u201eDer Deutsche Freidenkerverband\u2026","rel":"","context":"In &quot;Arbeit &amp; Soziales&quot;","block_context":{"text":"Arbeit &amp; Soziales","link":"https:\/\/www.freidenker.org\/?cat=11"},"img":{"alt_text":"","src":"https:\/\/i0.wp.com\/www.freidenker.org\/fw17\/wp-content\/uploads\/2009\/06\/2009-06-17-2-0843_800x445.jpg?fit=800%2C445&ssl=1&resize=350%2C200","width":350,"height":200,"srcset":"https:\/\/i0.wp.com\/www.freidenker.org\/fw17\/wp-content\/uploads\/2009\/06\/2009-06-17-2-0843_800x445.jpg?fit=800%2C445&ssl=1&resize=350%2C200 1x, https:\/\/i0.wp.com\/www.freidenker.org\/fw17\/wp-content\/uploads\/2009\/06\/2009-06-17-2-0843_800x445.jpg?fit=800%2C445&ssl=1&resize=525%2C300 1.5x, https:\/\/i0.wp.com\/www.freidenker.org\/fw17\/wp-content\/uploads\/2009\/06\/2009-06-17-2-0843_800x445.jpg?fit=800%2C445&ssl=1&resize=700%2C400 2x"},"classes":[]},{"id":520,"url":"https:\/\/www.freidenker.org\/?p=520","url_meta":{"origin":1487,"position":1},"title":"FREIDENKER 4-08 &#8211; 90 Jahre Novemberrevolution &#8211; Ermordung von Rosa Luxemburg und Karl Liebknecht","author":"Webmaster","date":"16. Dezember 2008","format":false,"excerpt":"Die Ausgabe 4-08 des Verbandsorgans FREIDENKER hat das Schwerpunkt-Thema \u201e90 Jahre Novemberrevolution - Ermordung von Rosa Luxemburg und Karl Liebknecht\u201c und enth\u00e4lt u.a folgende Beitr\u00e4ge: - Klaus Hartmann: 90 Jahre Novemberrevolution - Clara Zetkin: F\u00fcr Rosa Luxemburg - Prof. Schneider: Karl Liebknecht \u2013 M\u00e4rtyrer, Held, Vorbild? - G\u00fcnter Stamer: Kiel\u2026","rel":"","context":"In &quot;Verbandsorgan FREIDENKER&quot;","block_context":{"text":"Verbandsorgan FREIDENKER","link":"https:\/\/www.freidenker.org\/?cat=8"},"img":{"alt_text":"","src":"https:\/\/i0.wp.com\/www.freidenker.org\/fw17\/wp-content\/uploads\/2017\/12\/FD_2008-04_Titel_mR.jpg?fit=800%2C445&ssl=1&resize=350%2C200","width":350,"height":200,"srcset":"https:\/\/i0.wp.com\/www.freidenker.org\/fw17\/wp-content\/uploads\/2017\/12\/FD_2008-04_Titel_mR.jpg?fit=800%2C445&ssl=1&resize=350%2C200 1x, https:\/\/i0.wp.com\/www.freidenker.org\/fw17\/wp-content\/uploads\/2017\/12\/FD_2008-04_Titel_mR.jpg?fit=800%2C445&ssl=1&resize=525%2C300 1.5x, https:\/\/i0.wp.com\/www.freidenker.org\/fw17\/wp-content\/uploads\/2017\/12\/FD_2008-04_Titel_mR.jpg?fit=800%2C445&ssl=1&resize=700%2C400 2x"},"classes":[]},{"id":14441,"url":"https:\/\/www.freidenker.org\/?p=14441","url_meta":{"origin":1487,"position":2},"title":"Video: Der aktuelle Systemkonflikt","author":"Webredaktion","date":"13. Oktober 2022","format":false,"excerpt":"Videomittschnitt eines Vortrages von Dr. Werner R\u00fcgemer Die Jenny Marx Gesellschaft f\u00fcr politische Bildung e.V. hat ... eine Video-Aufzeichnung des Vortrages von Dr. Werner R\u00fcgemer, Sprecher des Beirats des Deutschen Freidenker-Verbandes, zum Thema \"Der aktuelle Systemkonflikt zwischen den vom US-Imperium gef\u00fchrten L\u00e4ndern und dem \"Rest der Welt\"\" \u00a0online gestellt. Mehr\u2026","rel":"","context":"In &quot;Demokratie \u2013 Medien \u2013 Aufkl\u00e4rung&quot;","block_context":{"text":"Demokratie \u2013 Medien \u2013 Aufkl\u00e4rung","link":"https:\/\/www.freidenker.org\/?cat=12"},"img":{"alt_text":"","src":"https:\/\/i0.wp.com\/www.freidenker.org\/fw17\/wp-content\/uploads\/2022\/10\/RuegemerNeuwied_800x450.jpg?fit=800%2C450&ssl=1&resize=350%2C200","width":350,"height":200,"srcset":"https:\/\/i0.wp.com\/www.freidenker.org\/fw17\/wp-content\/uploads\/2022\/10\/RuegemerNeuwied_800x450.jpg?fit=800%2C450&ssl=1&resize=350%2C200 1x, https:\/\/i0.wp.com\/www.freidenker.org\/fw17\/wp-content\/uploads\/2022\/10\/RuegemerNeuwied_800x450.jpg?fit=800%2C450&ssl=1&resize=525%2C300 1.5x, https:\/\/i0.wp.com\/www.freidenker.org\/fw17\/wp-content\/uploads\/2022\/10\/RuegemerNeuwied_800x450.jpg?fit=800%2C450&ssl=1&resize=700%2C400 2x"},"classes":[]},{"id":513,"url":"https:\/\/www.freidenker.org\/?p=513","url_meta":{"origin":1487,"position":3},"title":"FREIDENKER 2\/3-08 &#8211; Nein zum gl\u00e4sernen B\u00fcrger &#8211; Wohin treibt die Demokratie?","author":"Webmaster","date":"16. September 2008","format":false,"excerpt":"Die Ausgabe 2\/3-08 des Verbandsorgans FREIDENKER hat das Schwerpunkt-Thema \u201eNein zum gl\u00e4sernen B\u00fcrger - Wohin treibt die Demokratie?\u201c und enth\u00e4lt u.a folgende Beitr\u00e4ge: - Corinna Poll: F\u00fcr die Versammlungsfreiheit - Siegfried R. Krebs: F\u00fcr das Recht auf Generalstreik - Erich Buchholz: Noch eine Datenspeicherung - Lorenz Knorr: Gegen die kontinuierliche\u2026","rel":"","context":"In &quot;Verbandsorgan FREIDENKER&quot;","block_context":{"text":"Verbandsorgan FREIDENKER","link":"https:\/\/www.freidenker.org\/?cat=8"},"img":{"alt_text":"","src":"https:\/\/i0.wp.com\/www.freidenker.org\/fw17\/wp-content\/uploads\/2017\/12\/FD_2008-02-03_Titel_mR.jpg?fit=800%2C445&ssl=1&resize=350%2C200","width":350,"height":200,"srcset":"https:\/\/i0.wp.com\/www.freidenker.org\/fw17\/wp-content\/uploads\/2017\/12\/FD_2008-02-03_Titel_mR.jpg?fit=800%2C445&ssl=1&resize=350%2C200 1x, https:\/\/i0.wp.com\/www.freidenker.org\/fw17\/wp-content\/uploads\/2017\/12\/FD_2008-02-03_Titel_mR.jpg?fit=800%2C445&ssl=1&resize=525%2C300 1.5x, https:\/\/i0.wp.com\/www.freidenker.org\/fw17\/wp-content\/uploads\/2017\/12\/FD_2008-02-03_Titel_mR.jpg?fit=800%2C445&ssl=1&resize=700%2C400 2x"},"classes":[]},{"id":1479,"url":"https:\/\/www.freidenker.org\/?p=1479","url_meta":{"origin":1487,"position":4},"title":"Die b\u00f6sen Befreier von Zarismus, Faschismus und Kolonialismus","author":"Webredaktion","date":"1. Dezember 2008","format":false,"excerpt":"Buchver\u00f6ffentlichung im Eigenverlag des Deutschen Freidenker-Verbandes e.V. Materialien der Wissenschaftlichen Konferenz aus Anlass des 90. Jahrestages der Oktoberrevolution 1917 in Russland am 20. Oktober 2007 in Berlin Mit Beitr\u00e4gen von Eberhard Schinck, Klaus Hartmann, Dr. Arnold Sch\u00f6lzel, Prof. Dr. Wolfgang Richter, RA Hans Bauer, Prof. Dr. Erich Hahn, Dr. Wolf-Dieter\u2026","rel":"","context":"In &quot;B\u00fccher des Verbandes&quot;","block_context":{"text":"B\u00fccher des Verbandes","link":"https:\/\/www.freidenker.org\/?cat=5"},"img":{"alt_text":"","src":"https:\/\/i0.wp.com\/www.freidenker.org\/fw17\/wp-content\/uploads\/2017\/12\/FD_Buch_2008_Boese-Befreier.jpg?fit=800%2C445&ssl=1&resize=350%2C200","width":350,"height":200,"srcset":"https:\/\/i0.wp.com\/www.freidenker.org\/fw17\/wp-content\/uploads\/2017\/12\/FD_Buch_2008_Boese-Befreier.jpg?fit=800%2C445&ssl=1&resize=350%2C200 1x, https:\/\/i0.wp.com\/www.freidenker.org\/fw17\/wp-content\/uploads\/2017\/12\/FD_Buch_2008_Boese-Befreier.jpg?fit=800%2C445&ssl=1&resize=525%2C300 1.5x, https:\/\/i0.wp.com\/www.freidenker.org\/fw17\/wp-content\/uploads\/2017\/12\/FD_Buch_2008_Boese-Befreier.jpg?fit=800%2C445&ssl=1&resize=700%2C400 2x"},"classes":[]},{"id":17537,"url":"https:\/\/www.freidenker.org\/?p=17537","url_meta":{"origin":1487,"position":5},"title":"Prof. Norman Paech: Nach dem V\u00f6lkerrecht betreibt Israel V\u00f6lkermord","author":"Webredaktion","date":"14. November 2023","format":false,"excerpt":"Video-Interview von Diether Dehm mit Prof. Dr. Norman Paech Der Hamburger Jurist und V\u00f6lkerrechtler Prof. Dr. Norman Paech gibt eine fachkundige Einsch\u00e4tzung zum Vorgehen Israels im Gaza-Streifen. Wie viele internationale Experten sieht auch er die Grenzen legitimer Selbstverteidigung oder auch nur v\u00f6lkerrechtskonformer Kriegsf\u00fchrung durch Israel weit \u00fcberschritten. Er verweist auf\u2026","rel":"","context":"In &quot;Demokratie \u2013 Medien \u2013 Aufkl\u00e4rung&quot;","block_context":{"text":"Demokratie \u2013 Medien \u2013 Aufkl\u00e4rung","link":"https:\/\/www.freidenker.org\/?cat=12"},"img":{"alt_text":"","src":"https:\/\/i0.wp.com\/www.freidenker.org\/fw17\/wp-content\/uploads\/2023\/11\/interview_dehm_paech_800x450.jpg?fit=800%2C450&ssl=1&resize=350%2C200","width":350,"height":200,"srcset":"https:\/\/i0.wp.com\/www.freidenker.org\/fw17\/wp-content\/uploads\/2023\/11\/interview_dehm_paech_800x450.jpg?fit=800%2C450&ssl=1&resize=350%2C200 1x, https:\/\/i0.wp.com\/www.freidenker.org\/fw17\/wp-content\/uploads\/2023\/11\/interview_dehm_paech_800x450.jpg?fit=800%2C450&ssl=1&resize=525%2C300 1.5x, https:\/\/i0.wp.com\/www.freidenker.org\/fw17\/wp-content\/uploads\/2023\/11\/interview_dehm_paech_800x450.jpg?fit=800%2C450&ssl=1&resize=700%2C400 2x"},"classes":[]}],"_links":{"self":[{"href":"https:\/\/www.freidenker.org\/index.php?rest_route=\/wp\/v2\/posts\/1487","targetHints":{"allow":["GET"]}}],"collection":[{"href":"https:\/\/www.freidenker.org\/index.php?rest_route=\/wp\/v2\/posts"}],"about":[{"href":"https:\/\/www.freidenker.org\/index.php?rest_route=\/wp\/v2\/types\/post"}],"author":[{"embeddable":true,"href":"https:\/\/www.freidenker.org\/index.php?rest_route=\/wp\/v2\/users\/3"}],"replies":[{"embeddable":true,"href":"https:\/\/www.freidenker.org\/index.php?rest_route=%2Fwp%2Fv2%2Fcomments&post=1487"}],"version-history":[{"count":0,"href":"https:\/\/www.freidenker.org\/index.php?rest_route=\/wp\/v2\/posts\/1487\/revisions"}],"wp:featuredmedia":[{"embeddable":true,"href":"https:\/\/www.freidenker.org\/index.php?rest_route=\/wp\/v2\/media\/2567"}],"wp:attachment":[{"href":"https:\/\/www.freidenker.org\/index.php?rest_route=%2Fwp%2Fv2%2Fmedia&parent=1487"}],"wp:term":[{"taxonomy":"category","embeddable":true,"href":"https:\/\/www.freidenker.org\/index.php?rest_route=%2Fwp%2Fv2%2Fcategories&post=1487"},{"taxonomy":"post_tag","embeddable":true,"href":"https:\/\/www.freidenker.org\/index.php?rest_route=%2Fwp%2Fv2%2Ftags&post=1487"}],"curies":[{"name":"wp","href":"https:\/\/api.w.org\/{rel}","templated":true}]}}