{"id":14867,"date":"2022-12-23T03:21:24","date_gmt":"2022-12-23T02:21:24","guid":{"rendered":"https:\/\/www.freidenker.org\/?p=14867"},"modified":"2023-01-23T00:59:46","modified_gmt":"2023-01-22T23:59:46","slug":"karin-leukefeld-erlebe-friedensbewegung-zersplittert-und-zerstritten","status":"publish","type":"post","link":"https:\/\/www.freidenker.org\/?p=14867","title":{"rendered":"Karin Leukefeld: Erlebe Friedensbewegung zersplittert und zerstritten"},"content":{"rendered":"<p><strong>Die Journalistin Karin Leukefeld spricht \u00fcber ihre Einsch\u00e4tzung der deutschen Friedensbewegung. Sie bewertet die Vorgeschichte des Ukrainekriegs, die westliche Propaganda und auch die Zerstrittenheit der Friedensbewegung. Nach zwei Kriegen gegen Russland und die Sowjetunion habe die deutsche Friedensbewegung eine besondere Verantwortung. <\/strong><\/p>\n<p><em>Interview von\u00a0<strong>Felicitas Rabe<\/strong> mit der Politikwissenschaftlerin und Journalistin <strong>Karin Leukefeld<\/strong><\/em><\/p>\n<p><span style=\"font-size: 10pt;\">Erstver\u00f6ffentlichung am 20.12.2022 auf <a href=\"https:\/\/meinungsfreiheit.rtde.life\/international\/157601-politikwissenschaftlerin-leukefeld-erlebe-friedensbewegung-zersplittert\/\" target=\"_blank\" rel=\"noopener\">RT DE<\/a><\/span><\/p>\n<p><strong><em>Frau Leukefeld, am zweiten Dezemberwochenende fand in Kassel der 29. Friedensratschlag statt. Wie haben sich Vertreter der deutschen Friedensbewegung zum Krieg in der Ukraine positioniert? Wie bewerten Sie das Meinungsspektrum in der deutschen Friedensbewegung in Bezug auf Analyse und Hintergrund des Krieges in der Ukraine?<\/em><\/strong><\/p>\n<p>Sehr viele Menschen waren zu dem &#8222;Friedensratschlag&#8220; gekommen, das ist sicherlich ein Erfolg. Auf den Podien wurde der Krieg nat\u00fcrlich verurteilt. Auch wenn es gute und ausf\u00fchrliche Analysen \u00fcber den Hintergrund und die Vorgeschichte dieses Krieges gab, wurde doch immer wieder betont, dass Russland oder auch der russische Pr\u00e4sident Putin verantwortlich seien und dass es sich um einen &#8222;Aggressionskrieg&#8220; handele.<\/p>\n<p>Mich irritiert das, weil sich diesbez\u00fcglich die offiziellen Stellungnahmen der deutschen Friedensbewegung nicht wesentlich von dem unterscheiden, was vom ersten Tag an einstimmig \u00fcber die gro\u00dfen Medien und von der Scholz-Regierung verlautbart wurde. Geradezu reflexartig werden die staatlichen und medialen Anschuldigungen wiederholt, selbst in Gespr\u00e4chen unter Freunden. Damit wird jede Kritik an der Haltung von Bundesregierung, EU und NATO \u2013 vor und nach dem milit\u00e4rischen Eingreifens Russland \u2013 abgeschw\u00e4cht und relativiert.<\/p>\n<p>Es scheint, als sei der Friedensbewegung ein wesentlicher Kompass abhandengekommen, den Christa Wolf in ihrem Buch Kassandra einmal so beschrieben hat:<\/p>\n<blockquote><p><em>&#8222;Wann der Krieg beginnt, kann man wissen, aber wann beginnt der Vor-Krieg. \/ Falls es da Regeln g\u00e4be, m\u00fcsste man sie weitersagen. \/ In Ton, in Stein eingraben, sie \u00fcberliefern. \/ Was st\u00fcnde da. Da st\u00fcnde unter anderen S\u00e4tzen: Lasst euch nicht von den Eigenen t\u00e4uschen.<\/em><em>&#8222;<\/em><\/p><\/blockquote>\n<p>&#8222;Die Eigenen&#8220; \u2013 die Bundesregierungen unter Merkel und Scholz, Medien, ehemalige Linke, Gr\u00fcne, Sozialdemokraten und Friedensaktivisten, die in Parteien, in Nichtregierungsorganisationen oder Stiftungen, im Bundestag oder \u00fcber das EU-Parlament gro\u00dfgeworden sind \u2013 haben die \u00d6ffentlichkeit get\u00e4uscht. Die NATO und die EU-Kommission sind seit 2014 im Gleichschritt auf US-Kurs und haben sich politisch, milit\u00e4risch und medial gegen Russland aufger\u00fcstet. Ich sage ausdr\u00fccklich &#8222;EU-Kommission&#8220; und nicht &#8222;europ\u00e4ische Staaten&#8220;. Die haben au\u00dfenpolitisch meist andere Interessen und werden \u2013 einschlie\u00dflich den neutralen Staaten \u00d6sterreich und Schweiz \u2013 immer mehr in die Gefolgschaft gezwungen.<\/p>\n<p>Die Friedensbewegung hat diese Entwicklung in ihrer Tragweite nicht erkannt, die Gefahr nicht verstanden oder nicht ernst genommen, obwohl die Vorgeschichte von NATO- und EU-Osterweiterung bekannt war. Die Aufr\u00fcstung der osteurop\u00e4ischen Staaten, auch der Ukraine, war bekannt. US-Truppentransporte liefen ungebremst wieder von West nach Ost durch Deutschland, Proteste und Versuche, diese Transporte mancherorts zu stoppen, blieben vereinzelt und erfolglos. Es war bekannt, dass die NATO im Jahr 2022 von der Ostsee bis zum Schwarzen Meer Man\u00f6ver entlang der Grenze zu Russland geplant hatte, die nahezu nahtlos ineinander \u00fcbergingen.<\/p>\n<p>Ein Redner in Kassel sagte, der Krieg sei die &#8222;Antwort auf eine tats\u00e4chliche Bedrohung&#8220; gewesen. Und ja, f\u00fcr Russland war die Entwicklung eine Provokation, nachdem es seit Jahren gefordert hatte, dass es Verhandlungen \u00fcber eine europ\u00e4ische Sicherheitsstruktur geben m\u00fcsse. Das war Thema eines Gipfeltreffens zwischen Washington und Moskau in Genf im Juni 2021, \u00fcber das breit berichtet worden war. Vor genau einem Jahr, am 17. Dezember 2021 ver\u00f6ffentlichte Moskau den Text eines Schreibens an die USA und die NATO, in dem ein Neutralit\u00e4tsstatus f\u00fcr die Ukraine und ein Stopp der milit\u00e4rischen Ausweitung und Aktivit\u00e4ten der NATO in Osteuropa und in der Ukraine gefordert wurden. Russland wollte &#8222;legal bindende Garantien&#8220;, darunter die Zusage, dass weder die Ukraine noch andere ehemalige Republiken der UdSSR in die NATO aufgenommen w\u00fcrden. Die USA wie die EU wiesen diese Vorschl\u00e4ge zur\u00fcck und waren nicht einmal bereit, dar\u00fcber zu verhandeln.<\/p>\n<p>Krieg gab es in der Ukraine seit 2014. Der Krieg im Donbass und die Russland- und Russen-feindlichen politischen Entscheidungen in der Ukraine \u2013 vieles deutete auf die Versch\u00e4rfung des Klimas in der Region hin. Dazu kam die D\u00e4monisierung Russlands und des russischen Pr\u00e4sidenten in Politik und Medien in Deutschland, das Verbot russischer Medien \u2013 ich kann mich nicht erinnern, dass die Friedensbewegung sich in den letzten acht Jahren mit diesen Entwicklungen intensiv befasst und von den westlichen Regierungen einen sichtbaren und deutlichen Verhandlungswillen mit Russland gefordert h\u00e4tte.<\/p>\n<p><strong><em>Auf der Konferenz konnte man den Eindruck gewinnen, dass sich die deutsche Friedensbewegung mehr oder weniger mit dem Mainstream-Narrativ vom &#8222;v\u00f6lkerrechtswidrigen russischen Angriffskrieg&#8220; einig ist. Dabei wurde im Vorfeld der Konferenz eine Analyse von Doris und George Pumphrey ver\u00f6ffentlicht, die dieses Narrativ in Frage stellt. Schlie\u00dft sich die Mehrheit der Friedensaktivisten der Darstellung in den Medien tats\u00e4chlich an? Warum wurde dar\u00fcber so wenig diskutiert?<\/em><\/strong><\/p>\n<p>Die <a href=\"https:\/\/pressefreiheit.rtde.tech\/international\/155707-wer-ist-aggressor-friedensbewegung-und\/\">Pumphrey-Analyse<\/a> war m.W. kein Thema auf der Konferenz. Ich wei\u00df nicht, ob sie auslag oder verteilt wurde. (Ich habe es jedenfalls nicht gesehen.) Es war auch keine Arbeitsgruppe dazu vorgesehen, in der ein R\u00fcckblick auf die Arbeit der Friedensbewegung h\u00e4tte diskutiert werden sollen. Dabei w\u00e4re eine Analyse der Geschichte in und um die Ukraine dringend notwendig. Die Entwicklungen in der Ukraine nach 2014 scheinen bei der Friedensbewegung und vielen Linken wenig bekannt zu sein.<\/p>\n<p>Es gibt auch keine Diskussion \u00fcber den <a href=\"https:\/\/unric.org\/de\/charta\/\">Artikel 51 der UN-Charta<\/a>, das &#8222;naturgegebene Recht zur individuellen oder kollektiven Selbstverteidigung&#8220;, auf das sich Russland mit der Milit\u00e4roperation ja beruft. Es gibt keine Debatte \u00fcber die Bedeutung von staatlicher Neutralit\u00e4t und deren Bedeutung f\u00fcr Frieden. Ein Redner in Kassel sagte w\u00e4hrend der Ukraine-Debatte, USA und NATO h\u00e4tten die Vertragsentw\u00fcrfe Russlands (vom Dezember 2021) nicht einmal angesehen, denn &#8222;der Krieg war gewollt&#8220;, sagte er. Vielleicht stimmten viele der Teilnehmenden dem sogar zu, aber es werden offenbar keine Konsequenzen aus dieser Erkenntnis gezogen.<\/p>\n<p><strong><em>Gibt es \u00fcber den Ukrainekrieg weitere Kontroversen in der Friedensbewegung? Worum geht es da und wo werden die Diskussionen gef\u00fchrt?<\/em><\/strong><\/p>\n<p>Ich erlebe die Linke und die Friedensbewegung in Deutschland zersplittert und zerstritten. In einem lokalen Friedensb\u00fcndnis h\u00f6rte ich, dass jemand vorschlug, eine interne Diskussion dar\u00fcber zu f\u00fchren, wie der Krieg in der Ukraine und das Verhalten Russlands v\u00f6lkerrechtlich zu bewerten seien \u2013 \u00a0ob es sich wirklich um einen Bruch des V\u00f6lkerrechts handele. Allein der Vorschlag stie\u00df schon auf Ablehnung. Das liegt m\u00f6glicherweise auch daran, dass die bekannten Sprecher von gro\u00dfen Friedensorganisationen in der \u00d6ffentlichkeit immer wieder einen &#8222;russischen Angriffskrieg&#8220; verurteilen und sagen, dieser sei &#8222;v\u00f6lkerrechtswidrig&#8220;. Damit werden notwendige Debatten in lokalen B\u00fcndnissen gestoppt.<\/p>\n<p>&#8222;Russland tr\u00e4gt Verantwortung und auch die NATO tr\u00e4gt Verantwortung, wie kommen wir da raus&#8220;, fragte ein Redner in Kassel. Ich bin \u00fcberzeugt, USA und NATO wissen genau so gut wie Russland, welche Auswege es gibt. Russland hat sehr genau seine Forderungen genannt, aber was soll es tun, wenn der Westen das ignoriert? Nur mal zur Erinnerung: Unmittelbar nach Beginn des Krieges begannen direkte Verhandlungen zwischen Russland und der Ukraine, und im April lag daraufhin eine vorl\u00e4ufige Verhandlungsl\u00f6sung auf dem Tisch.<\/p>\n<p>Doch dann intervenierte Gro\u00dfbritannien in Person des damaligen Premierministers. Boris Johnson reiste nach Kiew und erkl\u00e4rte der Ukraine, dass es keine Verhandlungsl\u00f6sung geben solle. Das ging international durch die Medien \u2013 und damit wei\u00df die Friedensbewegung doch, was zu tun ist. Ihr Adressat ist die Bundesregierung und das westliche NATO-B\u00fcndnis, die offenbar nicht an einer L\u00f6sung interessiert sind.<\/p>\n<p><strong><em>Welche Forderungen sollten Ihrer Meinung nach von der Friedensbewegung gestellt werden? Wie bewerten Sie die Standpunkte und Aktionen in der deutschen Friedensbewegung? Welche Chancen sehen Sie aktuell in der deutschen Friedensbewegung und ihrem Einfluss auf die deutsche Politik?\u00a0<\/em><\/strong><\/p>\n<p>Ich arbeite seit vielen Jahren in L\u00e4ndern des Mittleren Ostens in der arabischen Welt und habe Krisen und Kriege erlebt und sehe, welche Folgen das auf die Bev\u00f6lkerung hat. Hintergrund der Kriege gegen Irak, in Libyen, Syrien, Jemen, die anhaltende Besatzung pal\u00e4stinensischen und arabischen Bodens durch Israel \u2013 alles das hat viel mit den westlichen Interessen in der Region zu tun.<\/p>\n<p>Die USA und auch die EU sprechen vom &#8222;Greater Middle East&#8220; (Gro\u00dfraum Mittlerer Osten), das ist eine geostrategische Bezeichnung f\u00fcr die Region von Zentralasien \u00fcber Iran, die arabische Halbinsel, die T\u00fcrkei und Nordafrika und umfasst den Indischen Ozean, den Persischen Golf, das Rote Meer, den Suezkanal, das Kaspische und das Schwarze Meer, das s\u00fcdliche Mittelmeer bis zum Atlantik. Waffenlieferungen, finanzielle Hilfen, einseitige wirtschaftliche Strafma\u00dfnahmen\/Sanktionen und sogenannte &#8222;sanfte Machtinterventionen&#8220; (Soft Power Interventions) mit &#8222;Hilfs- und Demokratisierungsprogrammen&#8220; von Nichtregierungsorganisationen und Stiftungen schr\u00e4nken die souver\u00e4ne politische, soziale und kulturelle Entwicklung in den dort liegenden L\u00e4ndern ein und spalten die Bev\u00f6lkerungen.<\/p>\n<p>Millionen Pal\u00e4stinenser leben seit Generationen in Lagern, weil Israel von seinen Verb\u00fcndeten im Westen nicht zur Anerkennung eines pal\u00e4stinensischen Staates gezwungen wird. Politische und soziale Konflikte und Entwicklungen, die gesellschaftlich und innenpolitisch in jedem einzelnen Land gel\u00f6st werden m\u00fcssen und auch k\u00f6nnen, werden von den USA, der EU und Israel mit wechselnden regionalen Partnern f\u00fcr ihre geopolitischen Interessen instrumentalisiert.<\/p>\n<p>Ob das Kopftuch der iranischen Frauen, die Freilassung von Gefangenen in Syrien, die Rechte der schiitischen Muslime im Irak unter Saddam Hussein, der Kurden in Syrien, Irak, Iran oder in der T\u00fcrkei, der asiatischen Gastarbeiter in Katar oder anderen Golfemiraten \u2013 die Entwicklung zeigt uns, dass es nur vordergr\u00fcndig um Menschenrechte und Demokratie, tats\u00e4chlich aber um Geopolitik geht.<\/p>\n<p>Es geht um Rohstoffe, um die Kontrolle von Transportwegen, um die Konfrontation mit Staaten und Regierungen, die andere politische Vorstellungen haben, als die USA, die EU oder Deutschland. Die westliche Politik im Mittleren Osten, auch das Vorgehen Deutschlands, wird immer h\u00e4ufiger als &#8222;eurozentristisch&#8220; und &#8222;neo-kolonial&#8220; charakterisiert. Darum wenden sich die L\u00e4nder von den USA und der EU oder Deutschland ab und sie wenden sich \u2013 \u00fcber alle m\u00f6gliche Skepsis hinweg \u2013 Russland und China zu.<\/p>\n<p>Die Friedensbewegung scheint diese Entwicklung nicht richtig verstanden zu haben. Seit dem weltweiten Protest gegen die v\u00f6lkerrechtswidrige US-gef\u00fchrte Invasion in den Irak (2003) hat es nie wieder gro\u00dfe Proteste gegen die Verw\u00fcstung einer ganzen Region gegeben. Die analytische Schw\u00e4che \u00fcber die Zielsetzung der Politik der eigenen Regierung und deren Position in westlichen B\u00fcndnissen ist m.E. eine der Ursachen, warum die Friedensbewegung auch jetzt in der aktuellen Konfrontation so schwach ist.<\/p>\n<p>Dabei hat die deutsche Friedensbewegung doch auch eine historische Verantwortung. Deutschland f\u00fchrte im 20. Jahrhundert\u00a0zwei Kriege gegen Russland und die Sowjetunion, die es verlor und dabei weite Teile Europas verw\u00fcstete. Die deutsche Friedensbewegung hat die Verantwortung, f\u00fcr Frieden und f\u00fcr Freundschaft mit Russland und f\u00fcr die Selbstbestimmung aller L\u00e4nder auf die Stra\u00dfe zu gehen.<\/p>\n<p style=\"text-align: right;\"><em>Karin Leukefeld ist Buchautorin und arbeitet als freie Journalistin im Mittleren Osten\u00a0<\/em><\/p>\n<p><span style=\"font-size: 10pt;\">Wir danken der Autorin f\u00fcr die Genehmigung zur Ver\u00f6ffentlichung dieses Beitrages.<\/span><\/p>\n<hr \/>\n<p><span style=\"font-size: 10pt;\">Bild oben: Friedensdemonstration am 01. September 2022 in Bremen<\/span><br \/>\n<span style=\"font-size: 10pt;\">Foto: \u00a9\u00a0<a href=\"http:\/\/www.nrhz.de\/flyer\/beitrag.php?id=28271\" target=\"_blank\" rel=\"noopener\">arbeiterfotografie.com<\/a><\/span><\/p>\n<hr \/>\n<p>&nbsp;<\/p>\n","protected":false},"excerpt":{"rendered":"<p><b>Interview von\u00a0Felicitas Rabe mit Karin Leukefeld<\/b><br \/>\nF: Frau Leukefeld, am zweiten Dezemberwochenende fand in Kassel der 29. Friedensratschlag statt. Wie haben sich Vertreter der deutschen Friedensbewegung zum Krieg in der Ukraine positioniert? &#8230;<br \/>\nA: Sehr viele Menschen waren zu dem &#8222;Friedensratschlag&#8220; gekommen, das ist sicherlich ein Erfolg. Auf den Podien wurde der Krieg nat\u00fcrlich verurteilt. Auch wenn es gute und ausf\u00fchrliche Analysen \u00fcber den Hintergrund und die Vorgeschichte dieses Krieges gab, wurde doch immer wieder betont, dass Russland oder auch der russische Pr\u00e4sident Putin verantwortlich seien und dass es sich um einen &#8222;Aggressionskrieg&#8220; handele.<\/p>\n","protected":false},"author":3,"featured_media":14869,"comment_status":"closed","ping_status":"closed","sticky":false,"template":"","format":"standard","meta":{"colormag_page_container_layout":"default_layout","colormag_page_sidebar_layout":"default_layout","advanced_seo_description":"","jetpack_seo_html_title":"","jetpack_seo_noindex":false,"jetpack_post_was_ever_published":false,"footnotes":""},"categories":[13],"tags":[648,272,335,43,1136,491,188,812,639,345],"class_list":["post-14867","post","type-post","status-publish","format-standard","has-post-thumbnail","hentry","category-frieden-antifaschismus-solidaritaet","tag-2-weltkrieg","tag-der-westen-und-russland","tag-frieden","tag-friedensbewegung","tag-friedenspolitik","tag-geschichte","tag-krieg","tag-protest","tag-ukraine-konflikt","tag-voelkerrecht"],"jetpack_featured_media_url":"https:\/\/i0.wp.com\/www.freidenker.org\/fw17\/wp-content\/uploads\/2022\/12\/Bremen_01-2022-09-01-gmv-0021_800x450.jpg?fit=800%2C450&ssl=1","jetpack_shortlink":"https:\/\/wp.me\/p9stpK-3RN","jetpack-related-posts":[{"id":5287,"url":"https:\/\/www.freidenker.org\/?p=5287","url_meta":{"origin":14867,"position":0},"title":"Raus aus der Nato statt Krieg gegen Russland \u2013 Friedensaktions-Konferenz","author":"Webredaktion","date":"10. Juli 2018","format":false,"excerpt":"Bericht von Tilo Gr\u00e4ser von Sputniknews Deutschland von der Friedensaktionskonferenz am 07.07.2018 in Potsdam \u201eFrieden mit Russland!\u201c hat eine Friedensaktionskonferenz am Samstag in Potsdam gefordert. F\u00fcr Klaus Hartmann vom Freidenker-Verband geht das nur ohne Nato. Historiker Anton Latzo sieht Moskaus Au\u00dfenpolitik am Frieden orientiert. F\u00fcr Karin Leukefeld best\u00e4tigt sich das\u2026","rel":"","context":"In &quot;Frieden - Antifaschismus - Solidarit\u00e4t&quot;","block_context":{"text":"Frieden - Antifaschismus - Solidarit\u00e4t","link":"https:\/\/www.freidenker.org\/?cat=13"},"img":{"alt_text":"","src":"https:\/\/i0.wp.com\/www.freidenker.org\/fw17\/wp-content\/uploads\/2018\/07\/leukefeld_potsdam_2018-07-07_800x445.jpg?fit=800%2C445&ssl=1&resize=350%2C200","width":350,"height":200,"srcset":"https:\/\/i0.wp.com\/www.freidenker.org\/fw17\/wp-content\/uploads\/2018\/07\/leukefeld_potsdam_2018-07-07_800x445.jpg?fit=800%2C445&ssl=1&resize=350%2C200 1x, https:\/\/i0.wp.com\/www.freidenker.org\/fw17\/wp-content\/uploads\/2018\/07\/leukefeld_potsdam_2018-07-07_800x445.jpg?fit=800%2C445&ssl=1&resize=525%2C300 1.5x, https:\/\/i0.wp.com\/www.freidenker.org\/fw17\/wp-content\/uploads\/2018\/07\/leukefeld_potsdam_2018-07-07_800x445.jpg?fit=800%2C445&ssl=1&resize=700%2C400 2x"},"classes":[]},{"id":23511,"url":"https:\/\/www.freidenker.org\/?p=23511","url_meta":{"origin":14867,"position":1},"title":"Video: Seit mehr als 100 Jahren \u2013 Krieg um Pal\u00e4stina","author":"Webredaktion","date":"9. November 2025","format":false,"excerpt":"Friedensverhandlungen - aber die Pal\u00e4stinenser sind nicht dabei. Video eines Vortrages von Karin Leukefeld, gehalten am 04.11.2025 in Bremen Die renommierte Journalistin und Korrespondentin Karin Leukefeld, diesmal zu Gast in Bremen, analysiert das Interessengeflecht um einen Waffenstillstand \/ Frieden in Gaza. [...] Ihr Schwerpunkt ist es, \u00fcber \u201eDas Leben hinter\u2026","rel":"","context":"In &quot;Demokratie \u2013 Medien \u2013 Aufkl\u00e4rung&quot;","block_context":{"text":"Demokratie \u2013 Medien \u2013 Aufkl\u00e4rung","link":"https:\/\/www.freidenker.org\/?cat=12"},"img":{"alt_text":"","src":"https:\/\/i0.wp.com\/www.freidenker.org\/fw17\/wp-content\/uploads\/2025\/11\/Leukefeld_Vortrag_Bremen_2025_800x450.jpg?fit=800%2C450&ssl=1&resize=350%2C200","width":350,"height":200,"srcset":"https:\/\/i0.wp.com\/www.freidenker.org\/fw17\/wp-content\/uploads\/2025\/11\/Leukefeld_Vortrag_Bremen_2025_800x450.jpg?fit=800%2C450&ssl=1&resize=350%2C200 1x, https:\/\/i0.wp.com\/www.freidenker.org\/fw17\/wp-content\/uploads\/2025\/11\/Leukefeld_Vortrag_Bremen_2025_800x450.jpg?fit=800%2C450&ssl=1&resize=525%2C300 1.5x, https:\/\/i0.wp.com\/www.freidenker.org\/fw17\/wp-content\/uploads\/2025\/11\/Leukefeld_Vortrag_Bremen_2025_800x450.jpg?fit=800%2C450&ssl=1&resize=700%2C400 2x"},"classes":[]},{"id":17731,"url":"https:\/\/www.freidenker.org\/?p=17731","url_meta":{"origin":14867,"position":2},"title":"Der Gazakrieg und die Destabilisierung des Nahen Ostens","author":"Webredaktion","date":"29. Dezember 2023","format":false,"excerpt":"Video-Interview von Sabine Kebir mit Karin Leukefeld Im Gespr\u00e4ch mit Sabine Kebir erl\u00e4utert Karin Leukefeld die durch den Krieg zwischen Israel und den Pal\u00e4stinensern ausgel\u00f6ste erh\u00f6hte milit\u00e4rische Aktivit\u00e4t an der Grenze zum Libanon sowie in Syrien. Auch Angriffe irakischer Milizen auf amerikanische Basen in den syrischen Kurdengebieten sind Zeichen erh\u00f6hter\u2026","rel":"","context":"In &quot;Frieden - Antifaschismus - Solidarit\u00e4t&quot;","block_context":{"text":"Frieden - Antifaschismus - Solidarit\u00e4t","link":"https:\/\/www.freidenker.org\/?cat=13"},"img":{"alt_text":"","src":"https:\/\/i0.wp.com\/www.freidenker.org\/fw17\/wp-content\/uploads\/2023\/12\/Kebir_Leukefeld_2_800x450.jpg?fit=800%2C450&ssl=1&resize=350%2C200","width":350,"height":200,"srcset":"https:\/\/i0.wp.com\/www.freidenker.org\/fw17\/wp-content\/uploads\/2023\/12\/Kebir_Leukefeld_2_800x450.jpg?fit=800%2C450&ssl=1&resize=350%2C200 1x, https:\/\/i0.wp.com\/www.freidenker.org\/fw17\/wp-content\/uploads\/2023\/12\/Kebir_Leukefeld_2_800x450.jpg?fit=800%2C450&ssl=1&resize=525%2C300 1.5x, https:\/\/i0.wp.com\/www.freidenker.org\/fw17\/wp-content\/uploads\/2023\/12\/Kebir_Leukefeld_2_800x450.jpg?fit=800%2C450&ssl=1&resize=700%2C400 2x"},"classes":[]},{"id":22188,"url":"https:\/\/www.freidenker.org\/?p=22188","url_meta":{"origin":14867,"position":3},"title":"Karin Leukefeld: USA greifen den Iran an \u2013 Ein aktueller Situationsbericht!","author":"Webredaktion","date":"25. Juni 2025","format":false,"excerpt":"Video-Interview von Ullrich Mies mit Karin Leukefeld Die USA haben Iran bzw. drei iranische Nuklearanlagen direkt angegriffen. Damit sind die USA Kriegspartei. US-Pr\u00e4sident Donald Trump bezeichnete diese Operation als \u201e\u00fcberw\u00e4ltigenden Erfolg\u201c. Sein Kriegsminister Pete Hegseth erkl\u00e4rte, dass diese Angriffe seit Monaten geplant waren. Die US-amerikanische Propaganda hatte noch eine Woche\u2026","rel":"","context":"In &quot;Demokratie \u2013 Medien \u2013 Aufkl\u00e4rung&quot;","block_context":{"text":"Demokratie \u2013 Medien \u2013 Aufkl\u00e4rung","link":"https:\/\/www.freidenker.org\/?cat=12"},"img":{"alt_text":"","src":"https:\/\/i0.wp.com\/www.freidenker.org\/fw17\/wp-content\/uploads\/2025\/06\/mies_und_leukefeld_800x450.jpg?fit=800%2C450&ssl=1&resize=350%2C200","width":350,"height":200,"srcset":"https:\/\/i0.wp.com\/www.freidenker.org\/fw17\/wp-content\/uploads\/2025\/06\/mies_und_leukefeld_800x450.jpg?fit=800%2C450&ssl=1&resize=350%2C200 1x, https:\/\/i0.wp.com\/www.freidenker.org\/fw17\/wp-content\/uploads\/2025\/06\/mies_und_leukefeld_800x450.jpg?fit=800%2C450&ssl=1&resize=525%2C300 1.5x, https:\/\/i0.wp.com\/www.freidenker.org\/fw17\/wp-content\/uploads\/2025\/06\/mies_und_leukefeld_800x450.jpg?fit=800%2C450&ssl=1&resize=700%2C400 2x"},"classes":[]},{"id":15730,"url":"https:\/\/www.freidenker.org\/?p=15730","url_meta":{"origin":14867,"position":4},"title":"F\u00fcrs Klima und die NATO \u2013 Die manipulierte Ostermarschbewegung","author":"Webredaktion","date":"8. April 2023","format":false,"excerpt":"Beitrag von Felicitas Rabe Orientiert man sich an der Website der traditionellen deutschen Friedensbewegung, finden am kommenden Wochenende in Deutschland 123 angemeldete Osterm\u00e4rsche statt. Mit den vielen Friedensdemonstrationen wirkt die Planung der \u00f6sterlichen Aufz\u00fcge eher kleinteilig. Auch der \u00fcberregional bekannte Ostermarsch Rhein-Ruhr wird verteilt auf 14 Veranstaltungen stattfinden. Den Auftakt\u2026","rel":"","context":"In &quot;Frieden - Antifaschismus - Solidarit\u00e4t&quot;","block_context":{"text":"Frieden - Antifaschismus - Solidarit\u00e4t","link":"https:\/\/www.freidenker.org\/?cat=13"},"img":{"alt_text":"","src":"https:\/\/i0.wp.com\/www.freidenker.org\/fw17\/wp-content\/uploads\/2023\/04\/Friedensbewegung_Kapitalismuskritisch_800x450.jpg?fit=800%2C450&ssl=1&resize=350%2C200","width":350,"height":200,"srcset":"https:\/\/i0.wp.com\/www.freidenker.org\/fw17\/wp-content\/uploads\/2023\/04\/Friedensbewegung_Kapitalismuskritisch_800x450.jpg?fit=800%2C450&ssl=1&resize=350%2C200 1x, https:\/\/i0.wp.com\/www.freidenker.org\/fw17\/wp-content\/uploads\/2023\/04\/Friedensbewegung_Kapitalismuskritisch_800x450.jpg?fit=800%2C450&ssl=1&resize=525%2C300 1.5x, https:\/\/i0.wp.com\/www.freidenker.org\/fw17\/wp-content\/uploads\/2023\/04\/Friedensbewegung_Kapitalismuskritisch_800x450.jpg?fit=800%2C450&ssl=1&resize=700%2C400 2x"},"classes":[]},{"id":24915,"url":"https:\/\/www.freidenker.org\/?p=24915","url_meta":{"origin":14867,"position":5},"title":"Im Fokus: Libanon, Syrien, Pal\u00e4stina, Iran","author":"Webredaktion","date":"19. April 2026","format":false,"excerpt":"Interview von Sabine Kebir mit Karin Leukefeld Im Gespr\u00e4ch mit Dr. Sabine Kebir erl\u00e4utert Nahostkorrespondentin Karin Leukefeld von den Medien unber\u00fccksichtigte Aspekte der eskalierenden politischen und humanit\u00e4ren Situation im Nahen Osten. Der Krieg gegen den Iran soll westliche Kontrolle \u00fcber den Nahen und Mittleren Osten von Afghanistan bis zum Atlantik\u2026","rel":"","context":"In &quot;Aktuelles&quot;","block_context":{"text":"Aktuelles","link":"https:\/\/www.freidenker.org\/?cat=574"},"img":{"alt_text":"","src":"https:\/\/i0.wp.com\/www.freidenker.org\/fw17\/wp-content\/uploads\/2026\/04\/kebir_leukefeld_im-fokus_800x450.jpg?fit=800%2C450&ssl=1&resize=350%2C200","width":350,"height":200,"srcset":"https:\/\/i0.wp.com\/www.freidenker.org\/fw17\/wp-content\/uploads\/2026\/04\/kebir_leukefeld_im-fokus_800x450.jpg?fit=800%2C450&ssl=1&resize=350%2C200 1x, https:\/\/i0.wp.com\/www.freidenker.org\/fw17\/wp-content\/uploads\/2026\/04\/kebir_leukefeld_im-fokus_800x450.jpg?fit=800%2C450&ssl=1&resize=525%2C300 1.5x, https:\/\/i0.wp.com\/www.freidenker.org\/fw17\/wp-content\/uploads\/2026\/04\/kebir_leukefeld_im-fokus_800x450.jpg?fit=800%2C450&ssl=1&resize=700%2C400 2x"},"classes":[]}],"_links":{"self":[{"href":"https:\/\/www.freidenker.org\/index.php?rest_route=\/wp\/v2\/posts\/14867","targetHints":{"allow":["GET"]}}],"collection":[{"href":"https:\/\/www.freidenker.org\/index.php?rest_route=\/wp\/v2\/posts"}],"about":[{"href":"https:\/\/www.freidenker.org\/index.php?rest_route=\/wp\/v2\/types\/post"}],"author":[{"embeddable":true,"href":"https:\/\/www.freidenker.org\/index.php?rest_route=\/wp\/v2\/users\/3"}],"replies":[{"embeddable":true,"href":"https:\/\/www.freidenker.org\/index.php?rest_route=%2Fwp%2Fv2%2Fcomments&post=14867"}],"version-history":[{"count":0,"href":"https:\/\/www.freidenker.org\/index.php?rest_route=\/wp\/v2\/posts\/14867\/revisions"}],"wp:featuredmedia":[{"embeddable":true,"href":"https:\/\/www.freidenker.org\/index.php?rest_route=\/wp\/v2\/media\/14869"}],"wp:attachment":[{"href":"https:\/\/www.freidenker.org\/index.php?rest_route=%2Fwp%2Fv2%2Fmedia&parent=14867"}],"wp:term":[{"taxonomy":"category","embeddable":true,"href":"https:\/\/www.freidenker.org\/index.php?rest_route=%2Fwp%2Fv2%2Fcategories&post=14867"},{"taxonomy":"post_tag","embeddable":true,"href":"https:\/\/www.freidenker.org\/index.php?rest_route=%2Fwp%2Fv2%2Ftags&post=14867"}],"curies":[{"name":"wp","href":"https:\/\/api.w.org\/{rel}","templated":true}]}}