{"id":14852,"date":"2022-12-21T02:45:14","date_gmt":"2022-12-21T01:45:14","guid":{"rendered":"https:\/\/www.freidenker.org\/?p=14852"},"modified":"2023-01-07T17:20:31","modified_gmt":"2023-01-07T16:20:31","slug":"reflexionen-ueber-positionen-und-strategien-der-deutschen-friedensbewegung","status":"publish","type":"post","link":"https:\/\/www.freidenker.org\/?p=14852","title":{"rendered":"Reflexionen \u00fcber Positionen und Strategien der deutschen Friedensbewegung"},"content":{"rendered":"<p><strong>Der Pr\u00e4sident der Freidenker-Weltunion Klaus Hartmann erkl\u00e4rt im RT-Interview die Position der deutschen Friedensbewegung zum Ukrainekrieg. Warum haben sich so viele Aktivisten dem Narrativ eines &#8222;v\u00f6lkerrechtswidrigen&#8220; russischen Angriffskriegs angeschlossen? Gibt es \u00dcbernahmetendenzen der Klimaaktivisten und anderer Bewegungen? <\/strong><\/p>\n<p><em>Interview von <strong>Felicitas Rabe<\/strong> mit dem Pr\u00e4sidenten der <a href=\"http:\/\/www.profan.ch\/\">Weltunion der Freidenker<\/a>, <strong>Klaus Hartmann<\/strong><\/em><\/p>\n<p><span style=\"font-size: 10pt;\">Erstver\u00f6ffentlichung am 18.12.2022 auf <a href=\"https:\/\/meinungsfreiheit.rtde.life\/meinung\/157450-reflexionen-ueber-positionen-und-strategien-der-deutschen-friedensbewegung\/\" target=\"_blank\" rel=\"noopener\">RT DE<\/a><\/span><\/p>\n<p><strong><em>Herr Hartmann, am vergangenen Wochenende fand in Kassel der 29. <a href=\"https:\/\/friedensratschlag.de\/\">Friedensratschlag<\/a> statt. Was sind Ihrer Meinung nach die wichtigsten Ergebnisse?<\/em><\/strong><\/p>\n<p>Das wichtigste Ergebnis war aus meiner Sicht, dass die in den letzten Monaten arg auseinanderstrebenden Teile der Friedenskr\u00e4fte mehrheitlich wieder zu gemeinsamen Positionen finden. Der gr\u00f6\u00dfte Teil der in Kassel versammelten \u00fcber 350 Aktiven wollte keine Schuldzuweisungen an Russland oder China, sondern das teilweise l\u00e4hmende Gegeneinander \u00fcberwinden, das an dieser Frage entstanden war. Und das ist freilich eine zentrale Voraussetzung daf\u00fcr, \u00fcberhaupt wieder \u00f6ffentlich wahrgenommen zu werden und f\u00fcr Friedensaktionen mobilisieren zu k\u00f6nnen.<\/p>\n<p>In der einm\u00fctig angenommenen &#8222;<a href=\"https:\/\/friedensratschlag.de\/2022\/12\/kasseler-erklaerung\/\">Kasseler Erkl\u00e4rung<\/a>&#8220; wurde die Bundesregierung aufgefordert, &#8222;nicht weiter der herrschenden Milit\u00e4rlogik zu folgen, die Waffenlieferungen in die Ukraine und in alle anderen Kriegs- und Krisengebiete zu stoppen&#8220; sowie &#8222;einen ernsthaften Dialog mit allen europ\u00e4ischen Nachbarl\u00e4ndern f\u00fcr eine gleichberechtigte Friedensstruktur&#8220; zu beginnen.<\/p>\n<p>Es soll in den n\u00e4chsten Tagen auch wieder eine &#8222;<a href=\"https:\/\/friedensratschlag.de\/2022\/12\/weihnachtsanzeige\/\">Weihnachtsanzeige<\/a> aus der Friedensbewegung&#8220; erscheinen, in der es hei\u00dft: &#8222;Wir wenden uns entschieden gegen die von der Gro\u00dfen Koalition aus SPD, Gr\u00fcnen, FDP und CDU\/CSU vorangetriebene Konfrontationspolitik und milit\u00e4rische Hochr\u00fcstung zur F\u00fchrungsmacht in Europa. Die deutsche Regierung darf nicht l\u00e4nger mit Waffenlieferungen zur Kriegseskalation beitragen, sondern muss sich Macrons Vorsto\u00df f\u00fcr Verhandlungen anschlie\u00dfen, die die berechtigten Sicherheitsinteressen aller, d. h. auch Russlands ber\u00fccksichtigen.&#8220;<\/p>\n<p><strong><em>Viele Friedensaktivisten schlie\u00dfen sich dem Vorwurf eines &#8222;v\u00f6lkerrechtswidrigen Angriffskriegs&#8220;<\/em><em> an<\/em><em>, den Russland gegen die Ukraine begonnen habe. Wie bewerten Sie das Meinungsspektrum in der deutschen Friedensbewegung in Bezug auf Analyse und Hintergrund des Krieges in der Ukraine?<\/em><\/strong><\/p>\n<p>Seitdem die Russische F\u00f6deration in den Krieg in der Ukraine eingegriffen hat, stand die Verurteilung des vermeintlich &#8222;v\u00f6lkerrechtswidrigen russischen Angriffskrieges&#8220; an erster Stelle der allermeisten offiziellen Verlautbarungen aus der Friedensbewegung. Das geschah bei manchen aus \u00dcberzeugung oder weil die Mainstream-Medien und die NATO-Propaganda-Zentralen es so erfolgreich in die K\u00f6pfe geh\u00e4mmert hatten, und bei manchen auch aus &#8222;taktischem Kalk\u00fcl&#8220;, man k\u00f6nnte es auch Opportunismus nennen:<\/p>\n<p>Man sch\u00e4tzte ein, um \u00fcberhaupt Kritik an der Rolle des &#8222;Westens&#8220; in diesem Konflikt \u00fcben zu k\u00f6nnen, an die Vorgeschichte des russischen Eingreifens erinnern und die Forderung nach Stopp der Waffenlieferungen in die Ukraine vorbringen zu k\u00f6nnen, m\u00fcsse man sich zun\u00e4chst von &#8222;Russland&#8220; und &#8222;Putin&#8220; distanzieren, um in der \u00d6ffentlichkeit Geh\u00f6r zu finden und nicht gleich medial in der Luft zerrissen zu werden.<\/p>\n<p>Doch sp\u00e4testens seit dem Herbst d\u00e4mmerte es immer mehr Aktiven, dass dies eine Fehlkalkulation war. Indem man das Mantra vom &#8222;v\u00f6lkerrechtswidrigen Angriffskrieg&#8220; vor sich hertrug, reihte man sich letztlich folgsam hinter den NATO-Lautsprechern ein bzw. gr\u00fc\u00dfte vor deren &#8222;Gesslerhut&#8220;. Damit wurde eine eigenst\u00e4ndige, authentische Friedensposition unkenntlich, und eine Reihe von Demonstrationen, zu denen teilweise gemeinsam mit Gewerkschaften aufgerufen wurde, endete mangels Beteiligung als Misserfolg. Die Mehrheit der Bev\u00f6lkerung, die den Konfrontationskurs gegen Russland weiterhin ablehnt, wie auch konsequente Friedensbef\u00fcrworter stehen Stimmen ablehnend gegen\u00fcber, die \u00e4hnlich argumentieren wie die kriegsbef\u00fcrwortenden Regierungen selbst. Diese Erkenntnis hat sich gl\u00fccklicherweise inzwischen \u00fcberwiegend durchgesetzt.<\/p>\n<p><strong><em>Gab es Positionen oder Kontroversen, die Ihrer Meinung nach zu wenig ausdiskutiert wurden? Welche Diskussionen haben Ihnen in Bezug auf den Krieg in der Ukraine gefehlt? Wie sehen Sie das milit\u00e4rische Eingreifen Russlands durch das V\u00f6lkerrecht gedeckt?<\/em><\/strong><\/p>\n<p>Die wichtige Frage, wie es bei diesem Krieg um das V\u00f6lkerrecht bestellt sei, wurde tats\u00e4chlich nicht ausdiskutiert. Selbst bei dem Plenum, das vielversprechend &#8222;Kontroversen zum Ukrainekrieg&#8220; diskutieren sollte, war die &#8222;andere Position&#8220;, dass es sich n\u00e4mlich um eine vom V\u00f6lkerrecht gedeckte Selbstverteidigung handelt, im Podium nicht vertreten.<\/p>\n<p>Der Krieg in der Ukraine hat entgegen der NATO-Erz\u00e4hlung, die vielfach kolportiert wird, nicht am 24. Februar 2022 begonnen, sondern sp\u00e4testens im April 2014, als das Putschregime, das in Kiew die Macht ergriffen hatte, eine sogenannte &#8222;Antiterroroperation&#8220; gestartet hatte, mit der es Truppen und Nazi-Bataillone gegen die Bev\u00f6lkerung im Donbass losgeschickt hatte. Der Putsch war von den USA mit f\u00fcnf Milliarden Dollar vorbereitet und angeleitet sowie von der deutschen Regierung und der EU unterst\u00fctzt worden.<\/p>\n<p>In den Bezirken Donezk und Lugansk, aber auch z. B. in Charkow oder Odessa, lehnten die Menschen ab, dass die Putschisten auch in diesen Territorien ihre verfassungswidrige Macht errichten. Diese hatten allem Russischem den Kampf angesagt und die russischsprachigen Ukrainer diskriminiert. Acht lange Jahre st\u00e4ndiger Aggression des Kiewer Milit\u00e4rs forderten 14.000 Todesopfer, die im Westen kaum der Erw\u00e4hnung wert waren und um die jedenfalls nicht getrauert wurde.<\/p>\n<p>Die zwecks friedlicher Konfliktbeilegung vereinbarten Minsker Abkommen wurden von Kiew aktiv sabotiert, ohne dass die westlichen Garantiem\u00e4chte des Abkommens dies beanstandet h\u00e4tten. Der damalige ukrainische Unterzeichner Petro Poroschenko hat wie auch j\u00fcngst Altkanzlerin Angela Merkel best\u00e4tigt, dass es nur um Zeitgewinn ging, um die Ukraine f\u00fcr einen Krieg gegen Russland hochzur\u00fcsten. Oder mit den Worten von NATO-Generalsekret\u00e4r Jens Stoltenberg im Juli 2022: &#8222;Die Realit\u00e4t ist, dass wir uns seit 2014 darauf vorbereitet haben.&#8220; 35.000 Ukrainer wurden von NATO-L\u00e4ndern im Rahmen einer &#8222;Operation Unifier&#8220; ausgebildet. Das Ziel der NATO: die Ukraine endg\u00fcltig zum offiziellen NATO-St\u00fctzpunkt auszubauen und Atomwaffen unmittelbar an Russlands Grenzen zu stationieren.<\/p>\n<p>Im M\u00e4rz 2021 hatte der ukrainische Pr\u00e4sident Wladimir Selenskij ein Dekret zur milit\u00e4rischen R\u00fcckeroberung des Donbass und der Krim unterschrieben, womit auch das Territorium der Russischen F\u00f6deration direkt bedroht wurde. Das Streben nach Mitgliedschaft in der NATO wurde in Verfassungsrang erhoben. Vorschl\u00e4ge der Russischen F\u00f6deration im Dezember 2021 zu Vertr\u00e4gen \u00fcber gleiche Sicherheit wurden von den USA und der NATO br\u00fcsk zur\u00fcckgewiesen.<\/p>\n<p>Im Januar 2022 konzentrierte Kiew \u00fcber 120.000 Soldaten an den Grenzen zum Donbass, intensivierte die Angriffe auf die Bev\u00f6lkerung und bereitete die Eroberung f\u00fcr Anfang M\u00e4rz vor. In dieser Situation hat die Russische F\u00f6deration die nach Referenden in den Donbass-Regionen Donezk und Lugansk ausgerufenen Volksrepubliken anerkannt und mit ihnen Freundschafts- und Beistandspakte geschlossen.<\/p>\n<p>Wer dies kritisiert, der sei daran erinnert, dass es die NATO war, die bei ihren Erweiterungswellen Richtung russische Grenze wie auch im Fall der Ukraine immer wieder betont hat, dass es das unver\u00e4u\u00dferliche Recht und Ausdruck der Souver\u00e4nit\u00e4t jedes Staates sei, seine B\u00fcndnisbeziehungen frei zu w\u00e4hlen.<\/p>\n<p>Am 24. Februar 2022 griff Russland in den seit acht Jahren dauernden Krieg ein, um seine Verb\u00fcndeten vor der drohenden ethnischen S\u00e4uberung zu sch\u00fctzen und der wachsenden existenziellen Bedrohung der Russischen F\u00f6deration durch die USA und der NATO entgegenzutreten.<\/p>\n<p>Dass in der UN-Charta Art 2 das allgemeine Gewaltverbot festgelegt ist, bestreitet niemand, aber die in Art. 51 formulierte Ausnahme wird gerne ignoriert: &#8222;das naturgegebene Recht zur individuellen oder kollektiven Selbstverteidigung&#8220;.<\/p>\n<p>Auf diesen Artikel der UN-Charta hat sich die russische Regierung bei der Intervention berufen und ihre Ma\u00dfnahmen entsprechend der Verpflichtung nach diesem Artikel gegen\u00fcber der UNO angezeigt.<\/p>\n<p>Abschlie\u00dfend sei noch auf den Beschluss 3314 der UN-Generalversammlung zur &#8222;Definition der Aggression&#8220; verwiesen, deren Artikel 7 lautet: &#8222;Diese Definition (\u2026) kann in keiner Weise das sich aus der Charta herleitende Recht auf Selbstbestimmung, Freiheit und Unabh\u00e4ngigkeit von V\u00f6lkern beeintr\u00e4chtigen, die dieses Rechtes gewaltsam beraubt wurden, (\u2026) insbesondere nicht von V\u00f6lkern unter kolonialen oder rassistischen Regimen oder anderen Formen der Fremdherrschaft; noch das Recht dieser V\u00f6lker, im Einklang mit den Grunds\u00e4tzen der Charta und in \u00dcbereinstimmung mit der genannten Erkl\u00e4rung, f\u00fcr dieses Ziel zu k\u00e4mpfen und Unterst\u00fctzung zu suchen und zu erhalten.&#8220;<\/p>\n<p>Es w\u00e4re w\u00fcnschenswert, wenn sich viele Friedensaktivisten diese Erkenntnisse erarbeiten w\u00fcrden.<\/p>\n<p><strong><em>Welche Ziele k\u00f6nnte der Westen mit diesem Krieg verfolgen, und welche Chancen sehen Sie f\u00fcr Verhandlungen?<\/em><\/strong><\/p>\n<p>Zu den westlichen Zielen kennen wir eigentlich alle die klassische Aussage, einen echten Baerbock: &#8222;Russland ruinieren&#8220;. Aber wir m\u00fcssen uns keineswegs auf dieses Geplapper eines unbegabten Kindes verlassen, das gibt es auch aus berufenerem Munde. Der fr\u00fchere US-Sicherheitsberater Zbigniew Brzezi\u0144ski beschrieb 1997 in seinem Buch &#8222;The Grand Chessboard&#8220; die geopolitische Bedeutung der Ukraine: &#8222;Ohne die Ukraine h\u00f6rt Russland auf, ein eurasisches Imperium zu sein.&#8220; STRATFOR-Chef George Friedman 2015: &#8222;Das Hauptinteresse der US-Au\u00dfenpolitik w\u00e4hrend des letzten Jahrhunderts, im Ersten und Zweiten Weltkrieg und im Kalten Krieg waren die Beziehungen zwischen Deutschland und Russland. Vereint sind sie die einzige Macht, die uns bedrohen kann. Unser Hauptinteresse war sicherzustellen, dass dieser Fall nicht eintritt.&#8220;<\/p>\n<p>Der Pentagon-nahe Thinktank RAND Corporation verfasste 2019 die Denkschrift &#8222;Russland \u00fcberdehnen und aus dem Gleichgewicht bringen&#8220;. Darin wird als wirksamstes Mittel bezeichnet, die Ukraine zu bewaffnen und damit die &#8222;gr\u00f6\u00dfte externe Verwundbarkeit Russlands&#8220; auszunutzen.<\/p>\n<p>Mittelfristig kann man aber davon ausgehen, dass die USA Russland als St\u00f6rfaktor bei ihrem Marsch in die entscheidende Schlacht gegen China aus dem Weg r\u00e4umen wollen.<\/p>\n<p>Sicherlich werden alle Kriege fr\u00fcher oder sp\u00e4ter am Verhandlungstisch beendet. Doch solange deutsche und andere westlichen Politiker einer &#8222;Entscheidung auf dem Schlachtfeld&#8220; das Wort reden, stehen die Chancen daf\u00fcr schlecht. Die Ukraine wird mit Waffen vollgepumpt, damit sie den NATO-Stellvertreterkrieg gegen Russland &#8222;bis zum letzten Ukrainer&#8220; f\u00fchrt. Sie wird gedr\u00e4ngt, f\u00fcr Verhandlungen mit Russland Bedingungen zu stellen, die v\u00f6llig illusorisch sind oder bestenfalls zum Teil am Ende von Verhandlungen stehen k\u00f6nnten. Darin ist der fehlende Verhandlungswille der Sponsoren der Kiewer Junta zu erkennen.<\/p>\n<p>Nachdem Russland vom Westen jahrzehntelang get\u00e4uscht und hinters Licht gef\u00fchrt wurde, angefangen von dem Versprechen der NATO 1990, &#8222;keinen Zentimeter Richtung Osten vorzur\u00fccken&#8220; bis zum falschen Spiel mit den Minsker Abkommen seit 2014, ist naheliegenderweise das Vertrauen auf russischer Seite in die westlichen &#8222;Partner&#8220; tief ersch\u00fcttert. Neues Vertrauen muss erst wieder aufgebaut werden, und das m\u00fcssen jene tun, die es so gr\u00fcndlich ruiniert haben.<\/p>\n<p><strong><em>Wie k\u00f6nnte die deutsche Friedensbewegung in der \u00d6ffentlichkeit wieder st\u00e4rker wahrgenommen werden? Welche Aktionen erwarten Sie, welche Forderungen sind den Freidenkern wichtig?<\/em><\/strong><\/p>\n<p>Die Friedensbewegung muss ihre eigenen Positionen und Forderungen authentisch formulieren, ohne Zugest\u00e4ndnisse an Kriegstreiber bei SPD, Gr\u00fcnen oder auch in den Gewerkschaften. Sie muss autonom sein und darf sich nicht bei anderen Bewegungen &#8222;dranh\u00e4ngen&#8220;, ob zum &#8222;Klima&#8220; oder was auch immer. Sie muss auf die Ausstrahlungskraft ihrer Inhalte f\u00fcr eine Welt ohne Krieg setzen. Menschen aus anderen Bewegungen k\u00f6nnen das gerne unterst\u00fctzen, aber nicht die Friedensbewegung &#8222;\u00fcbernehmen&#8220;.<\/p>\n<p>Die Friedensbewegung tut gut daran, den sch\u00e4dlichen Tendenzen zur Spaltung und zu Ausgrenzung zu widerstehen. Wir haben solche Bestrebungen 2014 beim Entstehen der sogenannten &#8222;Neuen Friedensbewegung&#8220; erlebt und heute wieder gegen\u00fcber Kritikern der irren Politiker-Aussagen und &#8222;Ma\u00dfnahmen&#8220; zu Corona. Alle, die sich den Regierungsnarrativen verweigern, werden als &#8222;rechts&#8220; diffamiert, vom Mainstream, von sogenannten &#8222;Antideutschen&#8220; und einer vermeintlichen &#8222;Antifa&#8220;.<\/p>\n<p>Wir sagen, wirklich &#8222;rechts&#8220; sind die Kriegstreiber, die NATO-Politiker und alle, die demokratische Rechte demontieren. Wer aus \u00dcberzeugung gegen den Krieg ist \u2013 damit sind Nazis per se ausgeschlossen \u2013, soll und darf in der Friedensbewegung mitmachen. Wir hei\u00dfen sie alle willkommen, ob sie aus der sozialen, der Demokratie- oder Umweltbewegung kommen, aus Parteien, Gewerkschaften, kirchlich Engagierte oder Freidenker.<\/p>\n<p>Die Friedensbewegung kann neue Kr\u00e4fte gewinnen, wenn sie die dr\u00e4ngenden Probleme der Menschen aufgreift. Das sind aktuell die Folgen des von der Bundesregierung im US-Auftrag gef\u00fchrten Wirtschaftskrieges gegen Russland, die Rekordinflation besonders bei Lebensmitteln und Energiepreisen, aber auch bei Baumaterialien, die zunehmende Pleitewelle und Vernichtung mittelst\u00e4ndiger Existenzen, die Vertreibung der Industrie aus Deutschland. Die gef\u00e4hrliche, gescheiterte gr\u00fcn-ideologische Energiepolitik muss beendet, die Sanktionen gegen Russland m\u00fcssen aufgehoben werden. Wir fordern deshalb: Macht endlich Nord Stream 2 auf!<\/p>\n<p style=\"text-align: right;\"><em>Klaus Hartmann ist Pr\u00e4sident der Weltunion der Freidenker und stellvertretender Vorsitzender des Deutschen Freidenkerverbandes.\u00a0<\/em><\/p>\n<hr \/>\n<h5>Weitere Stimmen zum Kasseler Friedensratschlag 2022:<\/h5>\n<p><span class=\"text_red_times_big\"><img data-recalc-dims=\"1\" loading=\"lazy\" decoding=\"async\" data-attachment-id=\"13977\" data-permalink=\"https:\/\/www.freidenker.org\/?attachment_id=13977\" data-orig-file=\"https:\/\/i0.wp.com\/www.freidenker.org\/fw17\/wp-content\/uploads\/2022\/08\/External_Link_24px.jpg?fit=24%2C24&amp;ssl=1\" data-orig-size=\"24,24\" data-comments-opened=\"0\" data-image-meta=\"{&quot;aperture&quot;:&quot;0&quot;,&quot;credit&quot;:&quot;&quot;,&quot;camera&quot;:&quot;&quot;,&quot;caption&quot;:&quot;&quot;,&quot;created_timestamp&quot;:&quot;0&quot;,&quot;copyright&quot;:&quot;&quot;,&quot;focal_length&quot;:&quot;0&quot;,&quot;iso&quot;:&quot;0&quot;,&quot;shutter_speed&quot;:&quot;0&quot;,&quot;title&quot;:&quot;&quot;,&quot;orientation&quot;:&quot;1&quot;}\" data-image-title=\"External_Link_24px icon\" data-image-description=\"\" data-image-caption=\"\" data-large-file=\"https:\/\/i0.wp.com\/www.freidenker.org\/fw17\/wp-content\/uploads\/2022\/08\/External_Link_24px.jpg?fit=24%2C24&amp;ssl=1\" class=\"alignnone size-full wp-image-13977\" src=\"https:\/\/i0.wp.com\/www.freidenker.org\/fw17\/wp-content\/uploads\/2022\/08\/External_Link_24px.jpg?resize=24%2C24&#038;ssl=1\" alt=\"\" width=\"24\" height=\"24\" \/> <a href=\"http:\/\/www.nrhz.de\/flyer\/beitrag.php?id=28369\" target=\"_blank\" rel=\"noopener\">Deutschland im Bund mit der NATO-Aggression<\/a><br \/>\n<\/span><span class=\"text_small\">Beitrag von Anneliese Fikentscher und Andreas Neumann aus der NRhZ, <span class=\"text_small_linespace\">Online-Flyer Nr. 803\u00a0 vom 14.12.2022<\/span><\/span><\/p>\n<p class=\"HeadLine-root HeadLine-type_2 \"><span class=\"text_red_times_big\"><img data-recalc-dims=\"1\" loading=\"lazy\" decoding=\"async\" data-attachment-id=\"13977\" data-permalink=\"https:\/\/www.freidenker.org\/?attachment_id=13977\" data-orig-file=\"https:\/\/i0.wp.com\/www.freidenker.org\/fw17\/wp-content\/uploads\/2022\/08\/External_Link_24px.jpg?fit=24%2C24&amp;ssl=1\" data-orig-size=\"24,24\" data-comments-opened=\"0\" data-image-meta=\"{&quot;aperture&quot;:&quot;0&quot;,&quot;credit&quot;:&quot;&quot;,&quot;camera&quot;:&quot;&quot;,&quot;caption&quot;:&quot;&quot;,&quot;created_timestamp&quot;:&quot;0&quot;,&quot;copyright&quot;:&quot;&quot;,&quot;focal_length&quot;:&quot;0&quot;,&quot;iso&quot;:&quot;0&quot;,&quot;shutter_speed&quot;:&quot;0&quot;,&quot;title&quot;:&quot;&quot;,&quot;orientation&quot;:&quot;1&quot;}\" data-image-title=\"External_Link_24px icon\" data-image-description=\"\" data-image-caption=\"\" data-large-file=\"https:\/\/i0.wp.com\/www.freidenker.org\/fw17\/wp-content\/uploads\/2022\/08\/External_Link_24px.jpg?fit=24%2C24&amp;ssl=1\" class=\"alignnone size-full wp-image-13977\" src=\"https:\/\/i0.wp.com\/www.freidenker.org\/fw17\/wp-content\/uploads\/2022\/08\/External_Link_24px.jpg?resize=24%2C24&#038;ssl=1\" alt=\"\" width=\"24\" height=\"24\" \/><\/span>\u00a0<a href=\"https:\/\/meinungsfreiheit.rtde.life\/inland\/157373-krieg-hat-nur-dann-chance\/\" target=\"_blank\" rel=\"noopener\">Diskussionen und Analysen der Friedensbewegung zum Krieg in der Ukraine<\/a><br \/>\nredaktioneller Artikel von RT DE vom 17.12.2022<\/p>\n<p><span class=\"text_red_times_big\"><img data-recalc-dims=\"1\" loading=\"lazy\" decoding=\"async\" data-attachment-id=\"13977\" data-permalink=\"https:\/\/www.freidenker.org\/?attachment_id=13977\" data-orig-file=\"https:\/\/i0.wp.com\/www.freidenker.org\/fw17\/wp-content\/uploads\/2022\/08\/External_Link_24px.jpg?fit=24%2C24&amp;ssl=1\" data-orig-size=\"24,24\" data-comments-opened=\"0\" data-image-meta=\"{&quot;aperture&quot;:&quot;0&quot;,&quot;credit&quot;:&quot;&quot;,&quot;camera&quot;:&quot;&quot;,&quot;caption&quot;:&quot;&quot;,&quot;created_timestamp&quot;:&quot;0&quot;,&quot;copyright&quot;:&quot;&quot;,&quot;focal_length&quot;:&quot;0&quot;,&quot;iso&quot;:&quot;0&quot;,&quot;shutter_speed&quot;:&quot;0&quot;,&quot;title&quot;:&quot;&quot;,&quot;orientation&quot;:&quot;1&quot;}\" data-image-title=\"External_Link_24px icon\" data-image-description=\"\" data-image-caption=\"\" data-large-file=\"https:\/\/i0.wp.com\/www.freidenker.org\/fw17\/wp-content\/uploads\/2022\/08\/External_Link_24px.jpg?fit=24%2C24&amp;ssl=1\" class=\"alignnone size-full wp-image-13977\" src=\"https:\/\/i0.wp.com\/www.freidenker.org\/fw17\/wp-content\/uploads\/2022\/08\/External_Link_24px.jpg?resize=24%2C24&#038;ssl=1\" alt=\"\" width=\"24\" height=\"24\" \/>\u00a0<\/span><a href=\"https:\/\/meinungsfreiheit.rtde.life\/kurzclips\/video\/157338-friedensaktivisten-sind-keine-putin-trolle\/\" target=\"_blank\" rel=\"noopener\">Friedensaktivisten sind keine Putin-Trolle<\/a><br \/>\nInterview von RT DE mit Reiner Braun vom 16.12.2022<\/p>\n<hr \/>\n<p><span style=\"font-size: 10pt;\">Bild oben: Sitzungssaal des 29. Friedensratschlages in Kassel, 10.\/11.12.2022<\/span><br \/>\n<span style=\"font-size: 10pt;\">Foto: \u00a9 arbeiterfotografie.com<\/span><\/p>\n<hr \/>\n<p>&nbsp;<\/p>\n","protected":false},"excerpt":{"rendered":"<p><b>Interview von Felicitas Rabe mit Klaus Hartmann<\/b><br \/>\n<i>F: Herr Hartmann, am vergangenen Wochenende fand in Kassel der 29. Friedensratschlag statt. Was sind Ihrer Meinung nach die wichtigsten Ergebnisse?<\/i><br \/>\nA: Das wichtigste Ergebnis war aus meiner Sicht, dass die in den letzten Monaten arg auseinanderstrebenden Teile der Friedenskr\u00e4fte mehrheitlich wieder zu gemeinsamen Positionen finden. Der gr\u00f6\u00dfte Teil der in Kassel versammelten \u00fcber 350 Aktiven wollte keine Schuldzuweisungen an Russland oder China, sondern das teilweise l\u00e4hmende Gegeneinander \u00fcberwinden, das an dieser Frage entstanden war. Und das ist freilich eine zentrale Voraussetzung daf\u00fcr, \u00fcberhaupt wieder \u00f6ffentlich wahrgenommen zu werden und f\u00fcr Friedensaktionen mobilisieren zu k\u00f6nnen.<\/p>\n","protected":false},"author":3,"featured_media":14854,"comment_status":"closed","ping_status":"closed","sticky":false,"template":"","format":"standard","meta":{"colormag_page_container_layout":"default_layout","colormag_page_sidebar_layout":"default_layout","advanced_seo_description":"","jetpack_seo_html_title":"","jetpack_seo_noindex":false,"jetpack_post_was_ever_published":false,"footnotes":""},"categories":[13],"tags":[335,43,1136,188,637,812,639,345],"class_list":["post-14852","post","type-post","status-publish","format-standard","has-post-thumbnail","hentry","category-frieden-antifaschismus-solidaritaet","tag-frieden","tag-friedensbewegung","tag-friedenspolitik","tag-krieg","tag-propaganda","tag-protest","tag-ukraine-konflikt","tag-voelkerrecht"],"jetpack_featured_media_url":"https:\/\/i0.wp.com\/www.freidenker.org\/fw17\/wp-content\/uploads\/2022\/12\/friedensratschlag_2022_0434_800x450.jpg?fit=800%2C450&ssl=1","jetpack_shortlink":"https:\/\/wp.me\/p9stpK-3Ry","jetpack-related-posts":[{"id":25027,"url":"https:\/\/www.freidenker.org\/?p=25027","url_meta":{"origin":14852,"position":0},"title":"Interview mit Klaus Hartmann auf der Demo &#8222;Weltweites Friedenszeichen&#8220;","author":"Webredaktion","date":"27. April 2026","format":false,"excerpt":"Interview von freidenken.TV mit Klaus Hartmann Der Freidenkerverband (gegr. 1881 in Frankfurt) setzt sich seit jeher f\u00fcr Aufkl\u00e4rung, Trennung von Staat und Kirche sowie gegen Krieg und Militarismus ein. Urspr\u00fcnglich als Selbsthilfe f\u00fcr Dissidenten (z. B. gegen Lehrverbote) aktiv, k\u00e4mpft er heute gegen Kriegshetze (NATO, Bundeswehr-\u201eOperationsplan Deutschland\u201c) und die Instrumentalisierung\u2026","rel":"","context":"In &quot;Aktuelles&quot;","block_context":{"text":"Aktuelles","link":"https:\/\/www.freidenker.org\/?cat=574"},"img":{"alt_text":"","src":"https:\/\/i0.wp.com\/www.freidenker.org\/fw17\/wp-content\/uploads\/2026\/04\/hartmann_yt_friedensdemo_800x450.jpg?fit=800%2C450&ssl=1&resize=350%2C200","width":350,"height":200,"srcset":"https:\/\/i0.wp.com\/www.freidenker.org\/fw17\/wp-content\/uploads\/2026\/04\/hartmann_yt_friedensdemo_800x450.jpg?fit=800%2C450&ssl=1&resize=350%2C200 1x, https:\/\/i0.wp.com\/www.freidenker.org\/fw17\/wp-content\/uploads\/2026\/04\/hartmann_yt_friedensdemo_800x450.jpg?fit=800%2C450&ssl=1&resize=525%2C300 1.5x, https:\/\/i0.wp.com\/www.freidenker.org\/fw17\/wp-content\/uploads\/2026\/04\/hartmann_yt_friedensdemo_800x450.jpg?fit=800%2C450&ssl=1&resize=700%2C400 2x"},"classes":[]},{"id":4209,"url":"https:\/\/www.freidenker.org\/?p=4209","url_meta":{"origin":14852,"position":1},"title":"Video: Klaus Hartmann im Kreuzverh\u00f6r bei Dr. Seltsam 2018","author":"Webredaktion","date":"25. Januar 2018","format":false,"excerpt":"Klaus Hartmann bei Dr. Seltam am 14.01.2018 in Berlin Realsatire \u2013 auch wenn die Lage ernst ist... Was war (2017) und was ist los in der Welt? Was ist los in der Friedensbewegung? Ziele, B\u00fcndnisse und St\u00f6rman\u00f6ver, Spaltungsversuche. Der Vorsitzende des Deutschen Freidenker-Verbandes, Klaus Hartmann, steht f\u00fcr ebenso glasklare wie\u2026","rel":"","context":"In &quot;Demokratie \u2013 Medien \u2013 Aufkl\u00e4rung&quot;","block_context":{"text":"Demokratie \u2013 Medien \u2013 Aufkl\u00e4rung","link":"https:\/\/www.freidenker.org\/?cat=12"},"img":{"alt_text":"","src":"https:\/\/i0.wp.com\/www.freidenker.org\/fw17\/wp-content\/uploads\/2018\/01\/dr-seltsam_2018_af-video.jpg?fit=800%2C445&ssl=1&resize=350%2C200","width":350,"height":200,"srcset":"https:\/\/i0.wp.com\/www.freidenker.org\/fw17\/wp-content\/uploads\/2018\/01\/dr-seltsam_2018_af-video.jpg?fit=800%2C445&ssl=1&resize=350%2C200 1x, https:\/\/i0.wp.com\/www.freidenker.org\/fw17\/wp-content\/uploads\/2018\/01\/dr-seltsam_2018_af-video.jpg?fit=800%2C445&ssl=1&resize=525%2C300 1.5x, https:\/\/i0.wp.com\/www.freidenker.org\/fw17\/wp-content\/uploads\/2018\/01\/dr-seltsam_2018_af-video.jpg?fit=800%2C445&ssl=1&resize=700%2C400 2x"},"classes":[]},{"id":3951,"url":"https:\/\/www.freidenker.org\/?p=3951","url_meta":{"origin":14852,"position":2},"title":"Der &#8222;Querfront&#8220; auf der Spur: Interview mit Klaus Hartmann","author":"Webredaktion","date":"17. Januar 2018","format":false,"excerpt":"Interview von RT-Deutsch mit Klaus Hartmann In Deutschland gilt Meinungsfreiheit. Sagen vor allem diejenigen, die von einer Mainstream-Meinung nie abgewichen sind. Was aber passiert, wenn man die Kriege hinterfragt, die im Namen der Demokratie gef\u00fchrt werden? Oder etwa das Sozialsystem in Deutschland? Diejenigen, die das wagen, sind oft gezwungen, sich\u2026","rel":"","context":"In &quot;Frieden - Antifaschismus - Solidarit\u00e4t&quot;","block_context":{"text":"Frieden - Antifaschismus - Solidarit\u00e4t","link":"https:\/\/www.freidenker.org\/?cat=13"},"img":{"alt_text":"","src":"https:\/\/i0.wp.com\/www.freidenker.org\/fw17\/wp-content\/uploads\/2018\/01\/Klartext_Hartmann_RTDeutsch_2018-01-16_800x445.jpg?fit=800%2C445&ssl=1&resize=350%2C200","width":350,"height":200,"srcset":"https:\/\/i0.wp.com\/www.freidenker.org\/fw17\/wp-content\/uploads\/2018\/01\/Klartext_Hartmann_RTDeutsch_2018-01-16_800x445.jpg?fit=800%2C445&ssl=1&resize=350%2C200 1x, https:\/\/i0.wp.com\/www.freidenker.org\/fw17\/wp-content\/uploads\/2018\/01\/Klartext_Hartmann_RTDeutsch_2018-01-16_800x445.jpg?fit=800%2C445&ssl=1&resize=525%2C300 1.5x, https:\/\/i0.wp.com\/www.freidenker.org\/fw17\/wp-content\/uploads\/2018\/01\/Klartext_Hartmann_RTDeutsch_2018-01-16_800x445.jpg?fit=800%2C445&ssl=1&resize=700%2C400 2x"},"classes":[]},{"id":13169,"url":"https:\/\/www.freidenker.org\/?p=13169","url_meta":{"origin":14852,"position":3},"title":"Veranstaltungsvideo: Der Krieg in der Ukraine und wir","author":"Webredaktion","date":"19. Mai 2022","format":false,"excerpt":"In der Kulturwerkstatt Beckingen im Saarland fand am 15. Mai 2022 eine Sonntagsmatin\u00e9e statt, veranstaltet vom Freidenker-Landesverband Rheinland-Pfalz \/Saarland. Klaus Hartmann, stellv. Vorsitzender des Deutschen Freidenker-Verbandes ging auf die zahlreichen Fragen der \u00fcber 20 Teilnehmer ein, schwerpunktm\u00e4\u00dfig die v\u00f6lkerrechtlichen Aspekte des russischen Eingreifens in den Krieg, die westliche russophobe Propaganda\u2026","rel":"","context":"In &quot;Frieden - Antifaschismus - Solidarit\u00e4t&quot;","block_context":{"text":"Frieden - Antifaschismus - Solidarit\u00e4t","link":"https:\/\/www.freidenker.org\/?cat=13"},"img":{"alt_text":"","src":"https:\/\/i0.wp.com\/www.freidenker.org\/fw17\/wp-content\/uploads\/2022\/05\/KH_Ukraine_und_wir_3_800x450.jpg?fit=800%2C450&ssl=1&resize=350%2C200","width":350,"height":200,"srcset":"https:\/\/i0.wp.com\/www.freidenker.org\/fw17\/wp-content\/uploads\/2022\/05\/KH_Ukraine_und_wir_3_800x450.jpg?fit=800%2C450&ssl=1&resize=350%2C200 1x, https:\/\/i0.wp.com\/www.freidenker.org\/fw17\/wp-content\/uploads\/2022\/05\/KH_Ukraine_und_wir_3_800x450.jpg?fit=800%2C450&ssl=1&resize=525%2C300 1.5x, https:\/\/i0.wp.com\/www.freidenker.org\/fw17\/wp-content\/uploads\/2022\/05\/KH_Ukraine_und_wir_3_800x450.jpg?fit=800%2C450&ssl=1&resize=700%2C400 2x"},"classes":[]},{"id":13050,"url":"https:\/\/www.freidenker.org\/?p=13050","url_meta":{"origin":14852,"position":4},"title":"Vortrag: Der Krieg in der Ukraine und wir","author":"Webredaktion","date":"8. Mai 2022","format":false,"excerpt":"Vortrag und Diskussion mit Klaus Hartmann, stellv. Vorsitzender des Deutschen Freidenker-Verbandes Sonntag, 15.05.2022, 11:00 Uhr Kulturwerkstatt Beckingen, Nikolausstr. 6, 66701 Beckingen Schwerpunkte: Freidenker zu Krieg und Frieden \/ Milit\u00e4rische Gewalt und das V\u00f6lkerrecht \/ Wann begann der Krieg in der Ukraine? \/ Was will der \u201eWesten\u201c? \/ Die Ukraine seit\u2026","rel":"","context":"In &quot;Veranstaltungen in den DFV-Landesverb\u00e4nden&quot;","block_context":{"text":"Veranstaltungen in den DFV-Landesverb\u00e4nden","link":"https:\/\/www.freidenker.org\/?cat=19"},"img":{"alt_text":"","src":"https:\/\/i0.wp.com\/www.freidenker.org\/fw17\/wp-content\/uploads\/2022\/05\/Ukraine_und_wir_Vortrag_800x450.jpg?fit=800%2C450&ssl=1&resize=350%2C200","width":350,"height":200,"srcset":"https:\/\/i0.wp.com\/www.freidenker.org\/fw17\/wp-content\/uploads\/2022\/05\/Ukraine_und_wir_Vortrag_800x450.jpg?fit=800%2C450&ssl=1&resize=350%2C200 1x, https:\/\/i0.wp.com\/www.freidenker.org\/fw17\/wp-content\/uploads\/2022\/05\/Ukraine_und_wir_Vortrag_800x450.jpg?fit=800%2C450&ssl=1&resize=525%2C300 1.5x, https:\/\/i0.wp.com\/www.freidenker.org\/fw17\/wp-content\/uploads\/2022\/05\/Ukraine_und_wir_Vortrag_800x450.jpg?fit=800%2C450&ssl=1&resize=700%2C400 2x"},"classes":[]},{"id":19798,"url":"https:\/\/www.freidenker.org\/?p=19798","url_meta":{"origin":14852,"position":5},"title":"Klaus Hartmann spricht Klartext: Deutsche Regierung ist rechts!","author":"Webredaktion","date":"1. September 2024","format":false,"excerpt":"Video-Interview von Masha Janssen\u00a0mit Klaus Hartmann In einem aufschlussreichen Gespr\u00e4ch mit Klaus Hartmann, dem stellvertretenden Vorsitzenden des Freidenkerverbandes ..., diskutieren wir \u00fcber die wahre Bedeutungen der politischen Begriffe \"links\" und \"rechts\". Seit ihrer Entstehung haben sich die Bedeutungen von \"links\" und \"rechts\" stark ver\u00e4ndert und sind oft Gegenstand von Verwirrung\u2026","rel":"","context":"In &quot;Demokratie \u2013 Medien \u2013 Aufkl\u00e4rung&quot;","block_context":{"text":"Demokratie \u2013 Medien \u2013 Aufkl\u00e4rung","link":"https:\/\/www.freidenker.org\/?cat=12"},"img":{"alt_text":"","src":"https:\/\/i0.wp.com\/www.freidenker.org\/fw17\/wp-content\/uploads\/2024\/09\/Hartmann_Masha_3_800x450.jpg?fit=800%2C450&ssl=1&resize=350%2C200","width":350,"height":200,"srcset":"https:\/\/i0.wp.com\/www.freidenker.org\/fw17\/wp-content\/uploads\/2024\/09\/Hartmann_Masha_3_800x450.jpg?fit=800%2C450&ssl=1&resize=350%2C200 1x, https:\/\/i0.wp.com\/www.freidenker.org\/fw17\/wp-content\/uploads\/2024\/09\/Hartmann_Masha_3_800x450.jpg?fit=800%2C450&ssl=1&resize=525%2C300 1.5x, https:\/\/i0.wp.com\/www.freidenker.org\/fw17\/wp-content\/uploads\/2024\/09\/Hartmann_Masha_3_800x450.jpg?fit=800%2C450&ssl=1&resize=700%2C400 2x"},"classes":[]}],"_links":{"self":[{"href":"https:\/\/www.freidenker.org\/index.php?rest_route=\/wp\/v2\/posts\/14852","targetHints":{"allow":["GET"]}}],"collection":[{"href":"https:\/\/www.freidenker.org\/index.php?rest_route=\/wp\/v2\/posts"}],"about":[{"href":"https:\/\/www.freidenker.org\/index.php?rest_route=\/wp\/v2\/types\/post"}],"author":[{"embeddable":true,"href":"https:\/\/www.freidenker.org\/index.php?rest_route=\/wp\/v2\/users\/3"}],"replies":[{"embeddable":true,"href":"https:\/\/www.freidenker.org\/index.php?rest_route=%2Fwp%2Fv2%2Fcomments&post=14852"}],"version-history":[{"count":0,"href":"https:\/\/www.freidenker.org\/index.php?rest_route=\/wp\/v2\/posts\/14852\/revisions"}],"wp:featuredmedia":[{"embeddable":true,"href":"https:\/\/www.freidenker.org\/index.php?rest_route=\/wp\/v2\/media\/14854"}],"wp:attachment":[{"href":"https:\/\/www.freidenker.org\/index.php?rest_route=%2Fwp%2Fv2%2Fmedia&parent=14852"}],"wp:term":[{"taxonomy":"category","embeddable":true,"href":"https:\/\/www.freidenker.org\/index.php?rest_route=%2Fwp%2Fv2%2Fcategories&post=14852"},{"taxonomy":"post_tag","embeddable":true,"href":"https:\/\/www.freidenker.org\/index.php?rest_route=%2Fwp%2Fv2%2Ftags&post=14852"}],"curies":[{"name":"wp","href":"https:\/\/api.w.org\/{rel}","templated":true}]}}