{"id":1479,"date":"2008-12-01T22:24:25","date_gmt":"2008-12-01T21:24:25","guid":{"rendered":"http:\/\/www.freidenker.org\/fw17\/?p=1479"},"modified":"2019-06-27T21:38:31","modified_gmt":"2019-06-27T19:38:31","slug":"die-boesen-befreier-von-zarismus-faschismus-und-kolonialismus","status":"publish","type":"post","link":"https:\/\/www.freidenker.org\/?p=1479","title":{"rendered":"Die b\u00f6sen Befreier von Zarismus, Faschismus und Kolonialismus"},"content":{"rendered":"<p><strong>90 Jahre Oktoberrevolution &#8211; Aufkl\u00e4rung gegen Geschichtslegenden<\/strong><\/p>\n<p>Buchver\u00f6ffentlichung im Eigenverlag des Deutschen Freidenker-Verbandes e.V., Verbandsvorstand<\/p>\n<p><em>Materialien der Wissenschaftlichen Konferenz aus Anlass des 90. Jahrestages der Oktoberrevolution 1917 in Russland am 20. Oktober 2007 in Berlin<\/em><\/p>\n<hr \/>\n<p>Mit Beitr\u00e4gen von Eberhard Schinck, Klaus Hartnann, Dr. Arnold Sch\u00f6lzel, Prof. Dr. Wolfgang Richter, RA Hans Bauer, Prof. Dr. Erich Hahn, Dr. Wolf-Dieter Gudopp v. Behm, Generaloberst a.D. werner Gro\u00dfmann, Rainer Rupp, Prof. Dr. Dr. Blancanieve Portocarrero (Botschafterin Venezuela), Petra Lehmann und Prof. Dr. Detlef Joseph.<\/p>\n<hr \/>\n<p><strong>Aus dem Vorwort von Eberhard Schinck, stellv. Vorsitzender des Deutschen Freidenker-Verbandes e.V.:<\/strong><\/p>\n<p>Dieses Buch enth\u00e4lt Gedanken, die Reflektionen der Auseinandersetzungen \u00fcber Alternativen zu den herrschenden Wirtschafts- und Gesellschaftsreformen der Gegenwart nicht nur in Europa darstellen. Es sind Gedanken, die eine durchgreifende Aufkl\u00e4rungswirkung haben sollen. Sie sollen dazu beitragen, die durch den gegenw\u00e4rtigen Herrschaftsdiskurs in Europa besch\u00e4digten normativen Orientierungsalternativen und ihre breite \u00dcberzeugungskraft zur\u00fcckzugewinnen. Sie sollen also die Perspektiven von Solidarit\u00e4t, Gerechtigkeit und Selbstbestimmung wieder in den Mittelpunkt der Auseinandersetzung r\u00fccken.<\/p>\n<p>\u201eWissenschaftliche Konferenzen\u201c bei den Freidenkern, das mag manchen verwundern, wo doch Freidenker eher mit \u201eChaos\u201c, mit alternativloser \u201eGottesl\u00e4sterung\u201c oder borniertem, dogmatischen Atheismus gelichgesetzt werden. Mehr noch, ein Thema wie die Oktoberrevolution 1917 zum Herausfinden weltanschaulicher Wahrheiten zu beleuchten, da muss doch vermutet werden, dass das nichts mit freiem Denken zu tun haben k\u00f6nnte.<\/p>\n<p>Der Leser unseres Buches wird sich ein objektives Bild dar\u00fcber machen k\u00f6nnen, wie kreativ freies Denken zur Wahrheit vorsto\u00dfen kann. &#8230;<\/p>\n<hr \/>\n<p><strong><em>Die b\u00f6sen Befreier von Zarismus, Faschismus, Kolonialismus<\/em><\/strong><br \/>\n<strong><em>90 Jahre Oktoberrevolution &#8211; Aufkl\u00e4rung gegen Geschichtslegenden<\/em><\/strong><br \/>\n<em>Offenbach am Main 2008<\/em><br \/>\n<em>139 Seiten, ISBN 978-3-929841-05-3<\/em><\/p>\n<p><em>Das Buch ist zu beziehen \u00fcber:<br \/>\nEberhard Schinck, Albrecht-D\u00fcrer-Str. 23, 85579 Neubiberg,<br \/>\nE-Mail: <a href=\"mailto:abo@freidenker.de\">abo@freidenker.de<\/a><\/em><\/p>\n<p>&nbsp;<\/p>\n","protected":false},"excerpt":{"rendered":"<p><strong>Buchver\u00f6ffentlichung im Eigenverlag des Deutschen Freidenker-Verbandes e.V.<br \/>\nMaterialien der Wissenschaftlichen Konferenz aus Anlass des 90. Jahrestages der Oktoberrevolution 1917 in Russland am 20. Oktober 2007 in Berlin<\/strong><br \/>\nMit Beitr\u00e4gen von Eberhard Schinck, Klaus Hartmann, Dr. Arnold Sch\u00f6lzel, Prof. Dr. Wolfgang Richter, RA Hans Bauer, Prof. Dr. Erich Hahn, Dr. Wolf-Dieter Gudopp v. Behm, Generaloberst a.D. Werner Gro\u00dfmann, Rainer Rupp, Prof. Dr. Dr. Blancanieve Portocarrero (Botschafterin Venezuela), Petra Lehmann und Prof. Dr. Detlef Joseph.<\/p>\n","protected":false},"author":3,"featured_media":2569,"comment_status":"closed","ping_status":"closed","sticky":false,"template":"","format":"standard","meta":{"colormag_page_container_layout":"default_layout","colormag_page_sidebar_layout":"default_layout","advanced_seo_description":"","jetpack_seo_html_title":"","jetpack_seo_noindex":false,"jetpack_post_was_ever_published":false,"footnotes":""},"categories":[5,1162],"tags":[451,335,404,562,565,563,566,135,564,396],"class_list":["post-1479","post","type-post","status-publish","format-standard","has-post-thumbnail","hentry","category-buecher-des-verbandes","category-geschichte","tag-faschismus","tag-frieden","tag-imperialismus","tag-kolonialismus","tag-kommunismus","tag-menschenrechte","tag-neue-weltordnung","tag-oktoberrevolution","tag-sozialismus","tag-venezuela"],"jetpack_featured_media_url":"https:\/\/i0.wp.com\/www.freidenker.org\/fw17\/wp-content\/uploads\/2017\/12\/FD_Buch_2008_Boese-Befreier.jpg?fit=800%2C445&ssl=1","jetpack_shortlink":"https:\/\/wp.me\/p9stpK-nR","jetpack-related-posts":[{"id":1487,"url":"https:\/\/www.freidenker.org\/?p=1487","url_meta":{"origin":1479,"position":0},"title":"Bildung ist Menschenrecht","author":"Webredaktion","date":"5. September 2009","format":false,"excerpt":"Buchver\u00f6ffentlichung im Eigenverlag des Deutschen Freidenker-Verbandes e.V. Materialien der Konferenz \"Bildung ist Menschenrecht\" am 4. Oktober 2008 in Erfurt und weitere Beitr\u00e4ge zum Thema Mit Beitr\u00e4gen von Klaus Hartmann, Cornelia Hirsch (MdB), Gottfried Schunke, Witold Fischer, Waltraut Roth, Frank Bauer, Rainer Rupp, Prof. Dr. Horst Schneider, Henrik Volkert, Heike D\u00f6bler,\u2026","rel":"","context":"In &quot;B\u00fccher des Verbandes&quot;","block_context":{"text":"B\u00fccher des Verbandes","link":"https:\/\/www.freidenker.org\/?cat=5"},"img":{"alt_text":"","src":"https:\/\/i0.wp.com\/www.freidenker.org\/fw17\/wp-content\/uploads\/2017\/12\/FD_Buch_2009_Bildung.jpg?fit=800%2C445&ssl=1&resize=350%2C200","width":350,"height":200,"srcset":"https:\/\/i0.wp.com\/www.freidenker.org\/fw17\/wp-content\/uploads\/2017\/12\/FD_Buch_2009_Bildung.jpg?fit=800%2C445&ssl=1&resize=350%2C200 1x, https:\/\/i0.wp.com\/www.freidenker.org\/fw17\/wp-content\/uploads\/2017\/12\/FD_Buch_2009_Bildung.jpg?fit=800%2C445&ssl=1&resize=525%2C300 1.5x, https:\/\/i0.wp.com\/www.freidenker.org\/fw17\/wp-content\/uploads\/2017\/12\/FD_Buch_2009_Bildung.jpg?fit=800%2C445&ssl=1&resize=700%2C400 2x"},"classes":[]},{"id":480,"url":"https:\/\/www.freidenker.org\/?p=480","url_meta":{"origin":1479,"position":1},"title":"FREIDENKER 2-07 &#8211; Russland &#8211; alter neuer Feind?","author":"Webmaster","date":"16. Juli 2007","format":false,"excerpt":"Die Ausgabe 2-07 des Verbandsorgans FREIDENKER hat das Schwerpunkt-Thema \u201eRussland - alter neuer Feind?\u201c und enth\u00e4lt u.a folgende Beitr\u00e4ge: - Eberhard Schinck: Von da ist etwas Neues in die Welt gekommen - Klaus Eichner: Zur Strategie der Einkreisung Russlands - Klaus Hartmann: Das Russlandbild der Medien - Gerd Hommel: Tradition\u2026","rel":"","context":"In &quot;Verbandsorgan FREIDENKER&quot;","block_context":{"text":"Verbandsorgan FREIDENKER","link":"https:\/\/www.freidenker.org\/?cat=8"},"img":{"alt_text":"","src":"https:\/\/i0.wp.com\/www.freidenker.org\/fw17\/wp-content\/uploads\/2017\/12\/FD_2007-02_Titel_mR.jpg?fit=800%2C445&ssl=1&resize=350%2C200","width":350,"height":200,"srcset":"https:\/\/i0.wp.com\/www.freidenker.org\/fw17\/wp-content\/uploads\/2017\/12\/FD_2007-02_Titel_mR.jpg?fit=800%2C445&ssl=1&resize=350%2C200 1x, https:\/\/i0.wp.com\/www.freidenker.org\/fw17\/wp-content\/uploads\/2017\/12\/FD_2007-02_Titel_mR.jpg?fit=800%2C445&ssl=1&resize=525%2C300 1.5x, https:\/\/i0.wp.com\/www.freidenker.org\/fw17\/wp-content\/uploads\/2017\/12\/FD_2007-02_Titel_mR.jpg?fit=800%2C445&ssl=1&resize=700%2C400 2x"},"classes":[]},{"id":1290,"url":"https:\/\/www.freidenker.org\/?p=1290","url_meta":{"origin":1479,"position":2},"title":"Konferenz: 100 Jahre Oktoberrevolution &#8211; 100 Jahre Dekret \u00fcber den Frieden","author":"Webredaktion","date":"21. August 2017","format":false,"excerpt":"Einladung zur Wissenschaftlichen Konferenz am 30. September 2017 in Berlin zum Thema \"100 Jahre Oktoberrevolution - 100 Jahre Dekret \u00fcber den Frieden - Lehren aus 100 Jahre geschichtlicher Erfahrung im Ringen f\u00fcr eine dauerhaft freie Gesellschaft und f\u00fcr Frieden statt Konfrontation mit Russland\". Geplante Vortr\u00e4ge: - Bruno Mahlow: Die Oktoberrevolution\u2026","rel":"","context":"In &quot;Geschichte&quot;","block_context":{"text":"Geschichte","link":"https:\/\/www.freidenker.org\/?cat=1162"},"img":{"alt_text":"","src":"https:\/\/i0.wp.com\/www.freidenker.org\/fw17\/wp-content\/uploads\/2017\/08\/Kustodiev_The_Bolshevik_800x445.jpg?fit=800%2C445&ssl=1&resize=350%2C200","width":350,"height":200,"srcset":"https:\/\/i0.wp.com\/www.freidenker.org\/fw17\/wp-content\/uploads\/2017\/08\/Kustodiev_The_Bolshevik_800x445.jpg?fit=800%2C445&ssl=1&resize=350%2C200 1x, https:\/\/i0.wp.com\/www.freidenker.org\/fw17\/wp-content\/uploads\/2017\/08\/Kustodiev_The_Bolshevik_800x445.jpg?fit=800%2C445&ssl=1&resize=525%2C300 1.5x, https:\/\/i0.wp.com\/www.freidenker.org\/fw17\/wp-content\/uploads\/2017\/08\/Kustodiev_The_Bolshevik_800x445.jpg?fit=800%2C445&ssl=1&resize=700%2C400 2x"},"classes":[]},{"id":3172,"url":"https:\/\/www.freidenker.org\/?p=3172","url_meta":{"origin":1479,"position":3},"title":"Kondolenzschreiben an die Botschaft Venezuelas","author":"Webredaktion","date":"22. November 2010","format":false,"excerpt":"Sehr geehrte Damen und Herren, liebe Genossinnen und Genossen, die Nachricht vom Tod Ihrer Exzellenz Frau Dr. Blancanieve Portocarrero de Guzm\u00e1n, Botschafterin der Bolivarischen Republik Venezuela in der Bundesrepublik Deutschland, hat uns tief getroffen. Wir hatten in den vergangenen Jahren das Gl\u00fcck und die Freude, Genossin Blancanieve als K\u00e4mpferin f\u00fcr\u2026","rel":"","context":"In &quot;Weltliche Trauerkultur&quot;","block_context":{"text":"Weltliche Trauerkultur","link":"https:\/\/www.freidenker.org\/?cat=17"},"img":{"alt_text":"","src":"https:\/\/i0.wp.com\/www.freidenker.org\/fw17\/wp-content\/uploads\/2010\/11\/sunset-539510_800x445.jpg?fit=800%2C445&ssl=1&resize=350%2C200","width":350,"height":200,"srcset":"https:\/\/i0.wp.com\/www.freidenker.org\/fw17\/wp-content\/uploads\/2010\/11\/sunset-539510_800x445.jpg?fit=800%2C445&ssl=1&resize=350%2C200 1x, https:\/\/i0.wp.com\/www.freidenker.org\/fw17\/wp-content\/uploads\/2010\/11\/sunset-539510_800x445.jpg?fit=800%2C445&ssl=1&resize=525%2C300 1.5x, https:\/\/i0.wp.com\/www.freidenker.org\/fw17\/wp-content\/uploads\/2010\/11\/sunset-539510_800x445.jpg?fit=800%2C445&ssl=1&resize=700%2C400 2x"},"classes":[]},{"id":520,"url":"https:\/\/www.freidenker.org\/?p=520","url_meta":{"origin":1479,"position":4},"title":"FREIDENKER 4-08 &#8211; 90 Jahre Novemberrevolution &#8211; Ermordung von Rosa Luxemburg und Karl Liebknecht","author":"Webmaster","date":"16. Dezember 2008","format":false,"excerpt":"Die Ausgabe 4-08 des Verbandsorgans FREIDENKER hat das Schwerpunkt-Thema \u201e90 Jahre Novemberrevolution - Ermordung von Rosa Luxemburg und Karl Liebknecht\u201c und enth\u00e4lt u.a folgende Beitr\u00e4ge: - Klaus Hartmann: 90 Jahre Novemberrevolution - Clara Zetkin: F\u00fcr Rosa Luxemburg - Prof. Schneider: Karl Liebknecht \u2013 M\u00e4rtyrer, Held, Vorbild? - G\u00fcnter Stamer: Kiel\u2026","rel":"","context":"In &quot;Verbandsorgan FREIDENKER&quot;","block_context":{"text":"Verbandsorgan FREIDENKER","link":"https:\/\/www.freidenker.org\/?cat=8"},"img":{"alt_text":"","src":"https:\/\/i0.wp.com\/www.freidenker.org\/fw17\/wp-content\/uploads\/2017\/12\/FD_2008-04_Titel_mR.jpg?fit=800%2C445&ssl=1&resize=350%2C200","width":350,"height":200,"srcset":"https:\/\/i0.wp.com\/www.freidenker.org\/fw17\/wp-content\/uploads\/2017\/12\/FD_2008-04_Titel_mR.jpg?fit=800%2C445&ssl=1&resize=350%2C200 1x, https:\/\/i0.wp.com\/www.freidenker.org\/fw17\/wp-content\/uploads\/2017\/12\/FD_2008-04_Titel_mR.jpg?fit=800%2C445&ssl=1&resize=525%2C300 1.5x, https:\/\/i0.wp.com\/www.freidenker.org\/fw17\/wp-content\/uploads\/2017\/12\/FD_2008-04_Titel_mR.jpg?fit=800%2C445&ssl=1&resize=700%2C400 2x"},"classes":[]},{"id":578,"url":"https:\/\/www.freidenker.org\/?p=578","url_meta":{"origin":1479,"position":5},"title":"Konferenz: 1914 \/ 2014 &#8211; Der &#8222;Westen&#8220; und Russland","author":"Webmaster","date":"27. Juli 2014","format":false,"excerpt":"Einladung zur \u00d6ffentlichen Wissenschaftlichen Konferenz \"1914 \/ 2014 - Der \"Westen\" und Russland - Internationale Lage und geopolitische Spannungen - vor Beginn des 1. Weltkrieges bis heute\" 6. September 2014, 10:30 Uhr, Rathaus Berlin Pankow, Ratssaal Vortr\u00e4ge von Wilfried Handwerk, Prof. Dr. Anton Latzo, Karl-Heinz Wendt, Dr. Hans-G\u00fcnter Szalkiewicz, Dr.\u2026","rel":"","context":"In &quot;Zentrale Veranstaltungen&quot;","block_context":{"text":"Zentrale Veranstaltungen","link":"https:\/\/www.freidenker.org\/?cat=20"},"img":{"alt_text":"","src":"https:\/\/i0.wp.com\/www.freidenker.org\/fw17\/wp-content\/uploads\/2016\/08\/Konferenz_2014.jpg?fit=800%2C445&ssl=1&resize=350%2C200","width":350,"height":200,"srcset":"https:\/\/i0.wp.com\/www.freidenker.org\/fw17\/wp-content\/uploads\/2016\/08\/Konferenz_2014.jpg?fit=800%2C445&ssl=1&resize=350%2C200 1x, https:\/\/i0.wp.com\/www.freidenker.org\/fw17\/wp-content\/uploads\/2016\/08\/Konferenz_2014.jpg?fit=800%2C445&ssl=1&resize=525%2C300 1.5x, https:\/\/i0.wp.com\/www.freidenker.org\/fw17\/wp-content\/uploads\/2016\/08\/Konferenz_2014.jpg?fit=800%2C445&ssl=1&resize=700%2C400 2x"},"classes":[]}],"_links":{"self":[{"href":"https:\/\/www.freidenker.org\/index.php?rest_route=\/wp\/v2\/posts\/1479","targetHints":{"allow":["GET"]}}],"collection":[{"href":"https:\/\/www.freidenker.org\/index.php?rest_route=\/wp\/v2\/posts"}],"about":[{"href":"https:\/\/www.freidenker.org\/index.php?rest_route=\/wp\/v2\/types\/post"}],"author":[{"embeddable":true,"href":"https:\/\/www.freidenker.org\/index.php?rest_route=\/wp\/v2\/users\/3"}],"replies":[{"embeddable":true,"href":"https:\/\/www.freidenker.org\/index.php?rest_route=%2Fwp%2Fv2%2Fcomments&post=1479"}],"version-history":[{"count":0,"href":"https:\/\/www.freidenker.org\/index.php?rest_route=\/wp\/v2\/posts\/1479\/revisions"}],"wp:featuredmedia":[{"embeddable":true,"href":"https:\/\/www.freidenker.org\/index.php?rest_route=\/wp\/v2\/media\/2569"}],"wp:attachment":[{"href":"https:\/\/www.freidenker.org\/index.php?rest_route=%2Fwp%2Fv2%2Fmedia&parent=1479"}],"wp:term":[{"taxonomy":"category","embeddable":true,"href":"https:\/\/www.freidenker.org\/index.php?rest_route=%2Fwp%2Fv2%2Fcategories&post=1479"},{"taxonomy":"post_tag","embeddable":true,"href":"https:\/\/www.freidenker.org\/index.php?rest_route=%2Fwp%2Fv2%2Ftags&post=1479"}],"curies":[{"name":"wp","href":"https:\/\/api.w.org\/{rel}","templated":true}]}}