{"id":14749,"date":"2022-11-25T01:39:48","date_gmt":"2022-11-25T00:39:48","guid":{"rendered":"https:\/\/www.freidenker.org\/?p=14749"},"modified":"2022-12-17T13:43:17","modified_gmt":"2022-12-17T12:43:17","slug":"baerbock-bringt-das-russische-aussenministerium-zum-lachen","status":"publish","type":"post","link":"https:\/\/www.freidenker.org\/?p=14749","title":{"rendered":"Baerbock bringt das russische Au\u00dfenministerium zum Lachen"},"content":{"rendered":"<p><strong>Annalena Baerbock, die seit fast einem Jahr die deutsche Au\u00dfenministerin spielen darf, ist international f\u00fcr ihre Dummheit bekannt, auch wenn deutsche Medien dar\u00fcber gn\u00e4dig hinwegsehen. Nun hat sie einen neuen (Baer-)Bock geschossen.<\/strong><\/p>\n<p><em>von\u00a0<strong>Anti-Spiegel<\/strong>\u00a0(d.i.\u00a0<strong>Thomas R\u00f6per<\/strong>)<\/em><\/p>\n<p><span style=\"font-size: 10pt;\">Erstver\u00f6ffentlichung am 24.11.2022 auf <a href=\"https:\/\/www.anti-spiegel.ru\/2022\/baerbock-bringt-das-russische-aussenministerium-zum-lachen\/\" target=\"_blank\" rel=\"noopener\">anti-spiegel.ru<\/a><\/span><\/p>\n<p>Annalena Baerbock ist international vor allem deshalb bekannt, weil sie ihre Dummheit und mangelnde Bildung stolz zur Schau stellt. Als im November 2021 die Zusammensetzung der neuen Bundesregierung bekannt gegeben wurde, war ich gerade auf einer Konferenz mit Experten f\u00fcr internationale Politik, die sich ausgiebig <a href=\"https:\/\/www.anti-spiegel.ru\/2021\/wie-in-russland-ueber-die-neue-bundesregierung-berichtet-wird\/\" target=\"_blank\" rel=\"noreferrer noopener\">\u00fcber Baerbock lustig gemacht haben<\/a>. Dass ein \u201eAnti-Russe\u201c deutscher Au\u00dfenminister werden w\u00fcrde, war denen allen klar, aber sie haben es nicht f\u00fcr m\u00f6glich gehalten, dass Baerbock diesen Posten bekommt. Zu offensichtlich waren ihre Inkompetenz und ihre mangelnde Bildung schon damals und sie waren internationalen Experten auch bekannt.<\/p>\n<p>Die einzige Politikerin im Westen, die f\u00fcr ihren offensichtlichen Mangels an Bildung und ihre Inkompetenz international noch bekannter war als Baerbock, war Liz Truss, die es sogar kurz zur britischen Premierministerin gebracht hat. Baerbock scheint es sich in den Kopf gesetzt zu haben, Truss bei der Zurschaustellung ihrer mangelnden Bildung noch zu \u00fcbertreffen.<\/p>\n<p>Nachdem sie im ZDF bereits ihre Geschichtskenntnisse pr\u00e4sentiert und von Panzerschlachten im 19. Jahrhundert fabuliert hat, hat sie nun gezeigt, dass sie auch von Geografie nicht allzu viel versteht, obwohl man das von einer Au\u00dfenministerin eigentlich erwarten sollte. Auf der Klimakonferenz <a href=\"https:\/\/exxpress.at\/wow-baerbock-kennt-laender-die-hunderttausende-von-kilometern-entfernt-sind\/\" target=\"_blank\" rel=\"noreferrer noopener\">sagte sie allen Ernstes<\/a>:<\/p>\n<blockquote class=\"wp-block-quote\"><p>\u201eHeute ist der Moment, wo wir uns ehrlich fragen m\u00fcssen: Was sind die Folgen f\u00fcr mein Land in den n\u00e4chsten Jahren? Aber auch: Was sind die Folgen f\u00fcr mein Nachbarland oder ein Land, das Hunderttausende von Kilometern entfernt liegt?\u201c<\/p><\/blockquote>\n<p>Das am weitesten von Deutschland entfernte Land ist Neuseeland, das knapp 19.000 Kilometer entfernt ist. Die Aussage von Baerbock klingt vor diesem Hintergrund wie das Gequatsche einer Grundsch\u00fclerin, aber nicht wie eine offizielle Erkl\u00e4rung einer Au\u00dfenministerin.<\/p>\n<p>Das konnte die Sprecherin des russischen Au\u00dfenministeriums nicht unkommentiert stehen lassen und <a href=\"https:\/\/t.me\/MariaVladimirovnaZakharova\/4193\" target=\"_blank\" rel=\"noreferrer noopener\">sie schrieb dazu auf Telegram<\/a>:<\/p>\n<blockquote class=\"wp-block-quote\"><p>\u201eDie deutsche Au\u00dfenministerin Annalena Baerbock: \u201eHeute ist der Moment, wo wir uns ehrlich fragen m\u00fcssen: Was sind die Folgen f\u00fcr mein Land in den n\u00e4chsten Jahren? Aber auch: Was sind die Folgen f\u00fcr mein Nachbarland oder ein Land, das Hunderttausende von Kilometern entfernt liegt?\u201c<br \/>\nDer Umfang der Erde entlang des Meridians oder des \u00c4quators betr\u00e4gt etwa 40.000 Kilometer. Vielleicht redet sie also vom Mond. Der ist n\u00e4mlich fast 400.000 Kilometer von der Erde entfernt.<br \/>\nDas ist eine ernsthafte Erkl\u00e4rung, die Liz Truss Konkurrenz macht. Das \u00fcberrascht nicht, Annalena Baerbock hat auch in England studiert \u2013 2005 erwarb sie einen Master in V\u00f6lkerrecht an der London School of Economics und absolvierte ein Praktikum am British Institute of International and Comparative Law. Die britische Ausbildung ist nat\u00fcrlich etwas Besonderes.\u201c<\/p><\/blockquote>\n<p>Deutsche Medien halten es allerdings nicht f\u00fcr n\u00f6tig, ihren Lesern mitzuteilen, wie die deutsche Au\u00dfenministerin die ganze Welt mit ihrem Bildungsniveau zum Lachen bringt, denn nat\u00fcrlich haben nicht nur die Russen diese Rede gesehen.<\/p>\n<p style=\"text-align: right;\"><em>Thomas R\u00f6per, geboren 1971, lebt seit \u00fcber 15 Jahren in Russland. Die Schwerpunkte seiner medienkritischen Arbeit sind das (mediale) Russlandbild in Deutschland, Kritik an der Berichterstattung westlicher Medien im Allgemeinen und die Themen (Geo-)Politik und Wirtschaft.<\/em><\/p>\n<hr \/>\n<p><span style=\"font-size: 10pt;\">Bild: \u00dcbernommen von <a href=\"https:\/\/www.anti-spiegel.ru\/2022\/baerbock-bringt-das-russische-aussenministerium-zum-lachen\/\" target=\"_blank\" rel=\"noopener\">anti-spiegel.ru<\/a><\/span><\/p>\n","protected":false},"excerpt":{"rendered":"<p><b>Beitrag von Anti-Spiegel (d.i. Thomas R\u00f6per)<\/b><br \/>\nAnnalena Baerbock ist international vor allem deshalb bekannt, weil sie ihre Dummheit und mangelnde Bildung stolz zur Schau stellt. Als im November 2021 die Zusammensetzung der neuen Bundesregierung bekannt gegeben wurde, war ich gerade auf einer Konferenz mit Experten f\u00fcr internationale Politik, die sich ausgiebig \u00fcber Baerbock lustig gemacht haben. Dass ein \u201eAnti-Russe\u201c deutscher Au\u00dfenminister werden w\u00fcrde, war denen allen klar, aber sie haben es nicht f\u00fcr m\u00f6glich gehalten, dass Baerbock diesen Posten bekommt. Zu offensichtlich waren ihre Inkompetenz und ihre mangelnde Bildung schon damals und sie waren internationalen Experten auch bekannt.<\/p>\n","protected":false},"author":3,"featured_media":14751,"comment_status":"closed","ping_status":"closed","sticky":false,"template":"","format":"standard","meta":{"colormag_page_container_layout":"default_layout","colormag_page_sidebar_layout":"default_layout","advanced_seo_description":"","jetpack_seo_html_title":"","jetpack_seo_noindex":false,"jetpack_post_was_ever_published":false,"footnotes":""},"categories":[12],"tags":[699,567,1675,491,1282,91],"class_list":["post-14749","post","type-post","status-publish","format-standard","has-post-thumbnail","hentry","category-demokratie-medien-aufklaerung","tag-aussenpolitik","tag-bildung","tag-geografie","tag-geschichte","tag-gruene","tag-klimakonferenz"],"jetpack_featured_media_url":"https:\/\/i0.wp.com\/www.freidenker.org\/fw17\/wp-content\/uploads\/2022\/11\/baerbock_weltkarte_800x450.jpg?fit=800%2C450&ssl=1","jetpack_shortlink":"https:\/\/wp.me\/p9stpK-3PT","jetpack-related-posts":[{"id":15371,"url":"https:\/\/www.freidenker.org\/?p=15371","url_meta":{"origin":14749,"position":0},"title":"\u201e360-Gradwende\u201c: Je mehr Grad, desto besser!","author":"Webredaktion","date":"23. Februar 2023","format":false,"excerpt":"von Anti-Spiegel (d.i. Thomas R\u00f6per) Die deutsche Au\u00dfenministerin Annalena Baerbock hat mal wieder den Stand ihrer Bildung pr\u00e4sentiert. Dass die Zuschauer bei der Podiumsdiskussion auf der M\u00fcnchner Sicherheitskonferenz nicht vor Lachen vom Stuhl gefallen sind, l\u00e4sst sich wohl nur dadurch erkl\u00e4ren, dass sie nicht glauben konnten, was sie h\u00f6rten. Auf\u2026","rel":"","context":"In &quot;Demokratie \u2013 Medien \u2013 Aufkl\u00e4rung&quot;","block_context":{"text":"Demokratie \u2013 Medien \u2013 Aufkl\u00e4rung","link":"https:\/\/www.freidenker.org\/?cat=12"},"img":{"alt_text":"","src":"https:\/\/i0.wp.com\/www.freidenker.org\/fw17\/wp-content\/uploads\/2023\/02\/Annalena_Baerbock_August_2021_in_Kiel_09_800x450.jpg?fit=800%2C450&ssl=1&resize=350%2C200","width":350,"height":200,"srcset":"https:\/\/i0.wp.com\/www.freidenker.org\/fw17\/wp-content\/uploads\/2023\/02\/Annalena_Baerbock_August_2021_in_Kiel_09_800x450.jpg?fit=800%2C450&ssl=1&resize=350%2C200 1x, https:\/\/i0.wp.com\/www.freidenker.org\/fw17\/wp-content\/uploads\/2023\/02\/Annalena_Baerbock_August_2021_in_Kiel_09_800x450.jpg?fit=800%2C450&ssl=1&resize=525%2C300 1.5x, https:\/\/i0.wp.com\/www.freidenker.org\/fw17\/wp-content\/uploads\/2023\/02\/Annalena_Baerbock_August_2021_in_Kiel_09_800x450.jpg?fit=800%2C450&ssl=1&resize=700%2C400 2x"},"classes":[]},{"id":15818,"url":"https:\/\/www.freidenker.org\/?p=15818","url_meta":{"origin":14749,"position":1},"title":"Die mediale Hysterie und was die Medien dabei verschweigen","author":"Webredaktion","date":"21. April 2023","format":false,"excerpt":"Beitrag von Anti-Spiegel (d.i. Thomas R\u00f6per) Der franz\u00f6sische Pr\u00e4sident Macron hat auf dem R\u00fcckflug von der Chinareise, die er zusammen mit Ursula von der Leyen absolviert hat, die EU in Interviews davor gewarnt, den USA blind zu folgen und de facto eine eigene Chinapolitik der EU angemahnt. Die Forderung, eine\u2026","rel":"","context":"In &quot;Demokratie \u2013 Medien \u2013 Aufkl\u00e4rung&quot;","block_context":{"text":"Demokratie \u2013 Medien \u2013 Aufkl\u00e4rung","link":"https:\/\/www.freidenker.org\/?cat=12"},"img":{"alt_text":"","src":"https:\/\/i0.wp.com\/www.freidenker.org\/fw17\/wp-content\/uploads\/2023\/04\/newspaper-1595773_960_800x450.jpg?fit=800%2C450&ssl=1&resize=350%2C200","width":350,"height":200,"srcset":"https:\/\/i0.wp.com\/www.freidenker.org\/fw17\/wp-content\/uploads\/2023\/04\/newspaper-1595773_960_800x450.jpg?fit=800%2C450&ssl=1&resize=350%2C200 1x, https:\/\/i0.wp.com\/www.freidenker.org\/fw17\/wp-content\/uploads\/2023\/04\/newspaper-1595773_960_800x450.jpg?fit=800%2C450&ssl=1&resize=525%2C300 1.5x, https:\/\/i0.wp.com\/www.freidenker.org\/fw17\/wp-content\/uploads\/2023\/04\/newspaper-1595773_960_800x450.jpg?fit=800%2C450&ssl=1&resize=700%2C400 2x"},"classes":[]},{"id":20291,"url":"https:\/\/www.freidenker.org\/?p=20291","url_meta":{"origin":14749,"position":2},"title":"Das verlogene S\u00e4useln der Annalena Baerbock","author":"Webredaktion","date":"17. November 2024","format":false,"excerpt":"Beitrag von Gert Ewen Ungar Vor 140 Jahren, am 15. November 1884, begann in Berlin die Kongo-Konferenz, auf der die Kolonialm\u00e4chte die Aufteilung Afrikas beschlossen. Deutschlands Au\u00dfenministerin Annalena Baerbock (B\u00fcndnis 90\/Die Gr\u00fcnen) nimmt das Datum zum Anlass f\u00fcr einen Namensbeitrag in der Frankfurter Rundschau. ... Mit dem \u00fcblichen Betroffenheitsges\u00e4usel schl\u00e4fert\u2026","rel":"","context":"In &quot;Demokratie \u2013 Medien \u2013 Aufkl\u00e4rung&quot;","block_context":{"text":"Demokratie \u2013 Medien \u2013 Aufkl\u00e4rung","link":"https:\/\/www.freidenker.org\/?cat=12"},"img":{"alt_text":"","src":"https:\/\/i0.wp.com\/www.freidenker.org\/fw17\/wp-content\/uploads\/2024\/11\/Kongokonferenz_800x450.jpg?fit=800%2C450&ssl=1&resize=350%2C200","width":350,"height":200,"srcset":"https:\/\/i0.wp.com\/www.freidenker.org\/fw17\/wp-content\/uploads\/2024\/11\/Kongokonferenz_800x450.jpg?fit=800%2C450&ssl=1&resize=350%2C200 1x, https:\/\/i0.wp.com\/www.freidenker.org\/fw17\/wp-content\/uploads\/2024\/11\/Kongokonferenz_800x450.jpg?fit=800%2C450&ssl=1&resize=525%2C300 1.5x, https:\/\/i0.wp.com\/www.freidenker.org\/fw17\/wp-content\/uploads\/2024\/11\/Kongokonferenz_800x450.jpg?fit=800%2C450&ssl=1&resize=700%2C400 2x"},"classes":[]},{"id":16677,"url":"https:\/\/www.freidenker.org\/?p=16677","url_meta":{"origin":14749,"position":3},"title":"In ihrer geistigen Schlichtheit unheilvoll \u2013 die Weltsicht der Au\u00dfenministerin Baerbock","author":"Webredaktion","date":"18. Juli 2023","format":false,"excerpt":"Beitrag von Gert Ewen Ungar Dass Annalena Baerbock (B\u00fcndnis 90\/Die Gr\u00fcnen) Au\u00dfenministerin ist, ist sowohl f\u00fcr Deutschland als auch Europa und die Welt brandgef\u00e4hrlich. Baerbock ist mit dem Amt \u00fcberfordert, sch\u00e4tzt Entwicklungen falsch ein, denkt in einfachen Schwarz-Wei\u00df-Mustern und ist zur Differenzierung nicht in der Lage. Es fehlen ihr Basiskenntnisse\u2026","rel":"","context":"In &quot;Demokratie \u2013 Medien \u2013 Aufkl\u00e4rung&quot;","block_context":{"text":"Demokratie \u2013 Medien \u2013 Aufkl\u00e4rung","link":"https:\/\/www.freidenker.org\/?cat=12"},"img":{"alt_text":"","src":"https:\/\/i0.wp.com\/www.freidenker.org\/fw17\/wp-content\/uploads\/2023\/07\/Cleverly_meets_Baerbock_ausz_800x450.jpg?fit=800%2C450&ssl=1&resize=350%2C200","width":350,"height":200,"srcset":"https:\/\/i0.wp.com\/www.freidenker.org\/fw17\/wp-content\/uploads\/2023\/07\/Cleverly_meets_Baerbock_ausz_800x450.jpg?fit=800%2C450&ssl=1&resize=350%2C200 1x, https:\/\/i0.wp.com\/www.freidenker.org\/fw17\/wp-content\/uploads\/2023\/07\/Cleverly_meets_Baerbock_ausz_800x450.jpg?fit=800%2C450&ssl=1&resize=525%2C300 1.5x, https:\/\/i0.wp.com\/www.freidenker.org\/fw17\/wp-content\/uploads\/2023\/07\/Cleverly_meets_Baerbock_ausz_800x450.jpg?fit=800%2C450&ssl=1&resize=700%2C400 2x"},"classes":[]},{"id":18290,"url":"https:\/\/www.freidenker.org\/?p=18290","url_meta":{"origin":14749,"position":4},"title":"Baerbock: Diktatoren haben Angst vor Frauen","author":"Webredaktion","date":"23. Februar 2024","format":false,"excerpt":"Beitrag von Gert Ewen Ungar Die deutsche Au\u00dfenministerin Annalena Baerbock (B\u00fcndnis 90\/Die Gr\u00fcnen) leitet ihre Beitr\u00e4ge gern im Relotius-Stil ein: Einem unschuldigen jungen Menschen, wegen\u00a0Baerbocks Bekenntnis zur feministischen Au\u00dfenpolitik gern weiblich, geschieht aufgrund der politischen Situation im eigenen Land gro\u00dfes Unrecht. W\u00e4hrend Claas Relotius seine syrischen Protagonisten von Kanzlerin Angela\u2026","rel":"","context":"In &quot;Demokratie \u2013 Medien \u2013 Aufkl\u00e4rung&quot;","block_context":{"text":"Demokratie \u2013 Medien \u2013 Aufkl\u00e4rung","link":"https:\/\/www.freidenker.org\/?cat=12"},"img":{"alt_text":"","src":"https:\/\/i0.wp.com\/www.freidenker.org\/fw17\/wp-content\/uploads\/2024\/02\/BDK_Karlsruhe_Nov_2023_Annalena_Baerbock_6_800x450.jpg?fit=800%2C450&ssl=1&resize=350%2C200","width":350,"height":200,"srcset":"https:\/\/i0.wp.com\/www.freidenker.org\/fw17\/wp-content\/uploads\/2024\/02\/BDK_Karlsruhe_Nov_2023_Annalena_Baerbock_6_800x450.jpg?fit=800%2C450&ssl=1&resize=350%2C200 1x, https:\/\/i0.wp.com\/www.freidenker.org\/fw17\/wp-content\/uploads\/2024\/02\/BDK_Karlsruhe_Nov_2023_Annalena_Baerbock_6_800x450.jpg?fit=800%2C450&ssl=1&resize=525%2C300 1.5x, https:\/\/i0.wp.com\/www.freidenker.org\/fw17\/wp-content\/uploads\/2024\/02\/BDK_Karlsruhe_Nov_2023_Annalena_Baerbock_6_800x450.jpg?fit=800%2C450&ssl=1&resize=700%2C400 2x"},"classes":[]},{"id":19152,"url":"https:\/\/www.freidenker.org\/?p=19152","url_meta":{"origin":14749,"position":5},"title":"Besuch in Kiew: Baerbocks Wille zum totalen Krieg","author":"Webredaktion","date":"22. Mai 2024","format":false,"excerpt":"Beitrag von Gert Ewen Ungar Au\u00dfenministerin Annalena Baerbock ist zu einem Besuch in Kiew eingetroffen. F\u00fcr ihre Unterst\u00fctzung wurde ihr von Wladimir Selenskij ein Orden verliehen. Das ist zynisch, denn Baerbocks \"Unterst\u00fctzung\" beschr\u00e4nkt sich darauf, den Krieg zu verl\u00e4ngern. Auf der Website des Ausw\u00e4rtigen Amts ist zum Besuch ein Beitrag\u2026","rel":"","context":"In &quot;Demokratie \u2013 Medien \u2013 Aufkl\u00e4rung&quot;","block_context":{"text":"Demokratie \u2013 Medien \u2013 Aufkl\u00e4rung","link":"https:\/\/www.freidenker.org\/?cat=12"},"img":{"alt_text":"","src":"https:\/\/i0.wp.com\/www.freidenker.org\/fw17\/wp-content\/uploads\/2024\/05\/Selenskij_Baerbock_2024_800x450.jpg?fit=800%2C450&ssl=1&resize=350%2C200","width":350,"height":200,"srcset":"https:\/\/i0.wp.com\/www.freidenker.org\/fw17\/wp-content\/uploads\/2024\/05\/Selenskij_Baerbock_2024_800x450.jpg?fit=800%2C450&ssl=1&resize=350%2C200 1x, https:\/\/i0.wp.com\/www.freidenker.org\/fw17\/wp-content\/uploads\/2024\/05\/Selenskij_Baerbock_2024_800x450.jpg?fit=800%2C450&ssl=1&resize=525%2C300 1.5x, https:\/\/i0.wp.com\/www.freidenker.org\/fw17\/wp-content\/uploads\/2024\/05\/Selenskij_Baerbock_2024_800x450.jpg?fit=800%2C450&ssl=1&resize=700%2C400 2x"},"classes":[]}],"_links":{"self":[{"href":"https:\/\/www.freidenker.org\/index.php?rest_route=\/wp\/v2\/posts\/14749","targetHints":{"allow":["GET"]}}],"collection":[{"href":"https:\/\/www.freidenker.org\/index.php?rest_route=\/wp\/v2\/posts"}],"about":[{"href":"https:\/\/www.freidenker.org\/index.php?rest_route=\/wp\/v2\/types\/post"}],"author":[{"embeddable":true,"href":"https:\/\/www.freidenker.org\/index.php?rest_route=\/wp\/v2\/users\/3"}],"replies":[{"embeddable":true,"href":"https:\/\/www.freidenker.org\/index.php?rest_route=%2Fwp%2Fv2%2Fcomments&post=14749"}],"version-history":[{"count":0,"href":"https:\/\/www.freidenker.org\/index.php?rest_route=\/wp\/v2\/posts\/14749\/revisions"}],"wp:featuredmedia":[{"embeddable":true,"href":"https:\/\/www.freidenker.org\/index.php?rest_route=\/wp\/v2\/media\/14751"}],"wp:attachment":[{"href":"https:\/\/www.freidenker.org\/index.php?rest_route=%2Fwp%2Fv2%2Fmedia&parent=14749"}],"wp:term":[{"taxonomy":"category","embeddable":true,"href":"https:\/\/www.freidenker.org\/index.php?rest_route=%2Fwp%2Fv2%2Fcategories&post=14749"},{"taxonomy":"post_tag","embeddable":true,"href":"https:\/\/www.freidenker.org\/index.php?rest_route=%2Fwp%2Fv2%2Ftags&post=14749"}],"curies":[{"name":"wp","href":"https:\/\/api.w.org\/{rel}","templated":true}]}}