{"id":14745,"date":"2022-11-22T22:15:37","date_gmt":"2022-11-22T21:15:37","guid":{"rendered":"https:\/\/www.freidenker.org\/?p=14745"},"modified":"2022-12-17T13:42:59","modified_gmt":"2022-12-17T12:42:59","slug":"nato-akte-putin-hat-polen-angegriffen","status":"publish","type":"post","link":"https:\/\/www.freidenker.org\/?p=14745","title":{"rendered":"NATO-Akte: Putin hat Polen angegriffen?"},"content":{"rendered":"<h5>Russen verlassen Cherson. Meinungskampf in NATO-L\u00e4ndern<\/h5>\n<p><em>Video von <a href=\"https:\/\/www.youtube.com\/channel\/UCSQJpXRkiYEnDeHFoMNGfww\" target=\"_blank\" rel=\"noopener\"><strong>Druschba FM<\/strong><\/a><\/em><\/p>\n<p>Vor einigen Tagen tweetete BILD dar\u00fcber, dass eine Rakete auf polnisches Gebiet einschlug, \u201edie Welt an den Rand des Krieges\u201d bringt. Ist diese Vorgehensweise des transatlantischen Springermediums nur sensationsl\u00fcsterne, verlogene und geiernde \u201cBerichterstattung\u201d?<\/p>\n<p>Ein Twitter-Nutzer schrieb dazu: \u201cMit unschuldiger Miene wird dauernd an der eh schon stark erhitzten geistigen Lunte der Leserschaft gez\u00fcndelt, um in den K\u00f6pfen der Bev\u00f6lkerung gewollt einen hasstriefenden Fl\u00e4chenbrand zu entfachen, der \u00fcber Jahre nicht mehr gel\u00f6scht werden kann.\u201d Dar\u00fcber m\u00fcssen wir sprechen.<\/p>\n<p>Die Sendung besch\u00e4ftigt sich damit, was in Polen am vergangenen Dienstag tats\u00e4chlich geschah. Wir schauen auch nach Cherson und berichten, aus welchem Grund sich russische Truppen aus der Stadt zur\u00fcckzogen. Auch zeigen wir, weshalb die Situation f\u00fcr die Einwohner Chersons lebensbedrohliche Konsequenzen hat, nachdem ukrainische Truppen dort das Kommando \u00fcbernehmen.<\/p>\n<p>Wir kommentieren eine Reihe von uns\u00e4glichen antirussischen Ausgrenzungskampagnen in Deutschland und auch in Moldawien. Denn dort durfte nicht mal mehr das beliebte russische Dokumentarfestival \u201eEurasia\u201c, das der Journalist Ewgeny Souper organisiert, aufgef\u00fchrt werden. In der moldawischen Hauptstadt ist bei der Bev\u00f6lkerung heftig Druck im Kessel gegen\u00fcber ihrer Regierung. Und wir diskutieren, ist der \u00f6ffentliche Rundfunk \u00fcberhaupt noch rettbar?<\/p>\n<p>Die Sendung begleiten u.a. Klaus Hartmann, der ehemalige Chef des Deutschen Freidenker Verbandes, Journalist Thomas R\u00f6per (dieses Mal aus Moskau), Filmregisseur Wilhelm Domke-Schulz, Journalist Ewgeny Souper und die Redakteure von DruschbaFM, Sabiene Jahn (Moderation) und Sergey Filbert.<\/p>\n<div class=\"jetpack-video-wrapper\"><span class=\"embed-youtube\" style=\"text-align:center; display: block;\"><iframe loading=\"lazy\" class=\"youtube-player\" width=\"800\" height=\"450\" src=\"https:\/\/www.youtube.com\/embed\/PLUE6JBdpk0?version=3&#038;rel=1&#038;showsearch=0&#038;showinfo=1&#038;iv_load_policy=1&#038;fs=1&#038;hl=de-DE&#038;autohide=2&#038;wmode=transparent\" allowfullscreen=\"true\" style=\"border:0;\" sandbox=\"allow-scripts allow-same-origin allow-popups allow-presentation allow-popups-to-escape-sandbox\"><\/iframe><\/span><\/div>\n<p style=\"text-align: center;\"><span style=\"font-size: 10pt;\">Direktlink zum Video auf YouTube: <a href=\"https:\/\/www.youtube.com\/watch?v=PLUE6JBdpk0\" target=\"_blank\" rel=\"noopener\">https:\/\/www.youtube.com\/watch?v=PLUE6JBdpk0<\/a><\/span><\/p>\n<p>Die Gespr\u00e4chsrunde wurde am 16.11.2022 aufgezeichnet und am 20.11.2022 auf YouTube ver\u00f6ffentlicht.<\/p>\n<p><span style=\"font-size: 10pt;\">Link zum Channel von Druschba FM auf You Tube: <a href=\"https:\/\/www.youtube.com\/channel\/UCSQJpXRkiYEnDeHFoMNGfww\" target=\"_blank\" rel=\"noopener\">https:\/\/www.youtube.com\/channel\/UCSQJpXRkiYEnDeHFoMNGfww<\/a><\/span><\/p>\n<hr \/>\n<p><span style=\"font-size: 10pt;\">Bild oben: Screenshot aus dem Video von Drushba FM<br \/>\nobere Reihe v.l.n.r.: Sergey Filbert, Sabiene Jahn, Klaus Hartmann<br \/>\nuntere Reihe v.l.n.r.: Wilhelm Domke-Schulz, Thomas R\u00f6per <\/span><\/p>\n","protected":false},"excerpt":{"rendered":"<p><b>Video von Druschba FM<\/b><br \/>\nDie Sendung besch\u00e4ftigt sich damit, was in Polen am vergangenen Dienstag tats\u00e4chlich geschah. Wir schauen auch nach Cherson und berichten, aus welchem Grund sich russische Truppen aus der Stadt zur\u00fcckzogen. Auch zeigen wir, weshalb die Situation f\u00fcr die Einwohner Chersons lebensbedrohliche Konsequenzen hat, nachdem ukrainische Truppen dort das Kommando \u00fcbernehmen. Wir kommentieren eine Reihe von uns\u00e4glichen antirussischen Ausgrenzungskampagnen in Deutschland und auch in Moldawien. &#8230; Die Sendung begleiten u.a. Klaus Hartmann, der ehemalige Chef des Deutschen Freidenker Verbandes, Journalist Thomas R\u00f6per (dieses Mal aus Moskau), Filmregisseur Wilhelm Domke-Schulz, Journalist Ewgeny Souper und die Redakteure von DruschbaFM, Sabiene Jahn (Moderation) und Sergey Filbert.<\/p>\n","protected":false},"author":3,"featured_media":14746,"comment_status":"closed","ping_status":"closed","sticky":false,"template":"","format":"standard","meta":{"colormag_page_container_layout":"default_layout","colormag_page_sidebar_layout":"default_layout","advanced_seo_description":"","jetpack_seo_html_title":"","jetpack_seo_noindex":false,"jetpack_post_was_ever_published":false,"footnotes":""},"categories":[12],"tags":[1462,1674,1311,1672,222,1168,639,1673],"class_list":["post-14745","post","type-post","status-publish","format-standard","has-post-thumbnail","hentry","category-demokratie-medien-aufklaerung","tag-ausgrenzung","tag-druschba-fm","tag-polen","tag-raketen","tag-russland","tag-russophobie","tag-ukraine-konflikt","tag-video"],"jetpack_featured_media_url":"https:\/\/i0.wp.com\/www.freidenker.org\/fw17\/wp-content\/uploads\/2022\/11\/NATO-Akte_DrushbaFM_800x450.jpg?fit=800%2C450&ssl=1","jetpack_shortlink":"https:\/\/wp.me\/p9stpK-3PP","jetpack-related-posts":[{"id":22372,"url":"https:\/\/www.freidenker.org\/?p=22372","url_meta":{"origin":14745,"position":0},"title":"Wie k\u00f6nnen wir Frieden bekommen \u2013 Sind wir selbst die Hindernisse?","author":"Webredaktion","date":"14. Juli 2025","format":false,"excerpt":"Am Montag, 7. Juli 2025, veranstaltete der NachDenkSeiten-Gespr\u00e4chskreis Darmstadt in Kooperation mit dem Deutschen Freidenker-Verband e.V. eine Vortrags- und Diskussionsveranstaltung mit Elizabeth Ann Murray und Raymond McGovern. Die Moderation lag bei Freidenker Peter Biebel, der den\u00a0NachDenkSeiten-Gespr\u00e4chskreis leitet. Elizabeth Ann Murray diente als stellvertretende Nationale Geheimdienstbeamtin, zust\u00e4ndig f\u00fcr die Region des\u2026","rel":"","context":"In &quot;Frieden - Antifaschismus - Solidarit\u00e4t&quot;","block_context":{"text":"Frieden - Antifaschismus - Solidarit\u00e4t","link":"https:\/\/www.freidenker.org\/?cat=13"},"img":{"alt_text":"","src":"https:\/\/i0.wp.com\/www.freidenker.org\/fw17\/wp-content\/uploads\/2025\/07\/murrey_mcgovern_800x450.jpg?fit=800%2C450&ssl=1&resize=350%2C200","width":350,"height":200,"srcset":"https:\/\/i0.wp.com\/www.freidenker.org\/fw17\/wp-content\/uploads\/2025\/07\/murrey_mcgovern_800x450.jpg?fit=800%2C450&ssl=1&resize=350%2C200 1x, https:\/\/i0.wp.com\/www.freidenker.org\/fw17\/wp-content\/uploads\/2025\/07\/murrey_mcgovern_800x450.jpg?fit=800%2C450&ssl=1&resize=525%2C300 1.5x, https:\/\/i0.wp.com\/www.freidenker.org\/fw17\/wp-content\/uploads\/2025\/07\/murrey_mcgovern_800x450.jpg?fit=800%2C450&ssl=1&resize=700%2C400 2x"},"classes":[]},{"id":18490,"url":"https:\/\/www.freidenker.org\/?p=18490","url_meta":{"origin":14745,"position":1},"title":"Russland \u2013 zwischen Feindesland und neuer Heimat","author":"Webredaktion","date":"8. M\u00e4rz 2024","format":false,"excerpt":"Buchvorlesung von Ulrich Heyden am 05.02.2024 in Frankfurt a.M. Seit 30 Jahren lebt und arbeitet Ulrich Heyden in Russland, einem Land, das sein Vater als Wehrmachtsoffizier \u00fcberfallen hat. Die g\u00e4nzlich unterschiedliche Wahrnehmung Russlands, dargestellt in der Familiengeschichte des Autors, zieht sich als roter Faden durch das Buch. Seit 1992 ist\u2026","rel":"","context":"In &quot;Kultur &amp; Kunst&quot;","block_context":{"text":"Kultur &amp; Kunst","link":"https:\/\/www.freidenker.org\/?cat=913"},"img":{"alt_text":"","src":"https:\/\/i0.wp.com\/www.freidenker.org\/fw17\/wp-content\/uploads\/2024\/03\/Ulrich_Heyden_FaM_2024_800x450.jpg?fit=800%2C450&ssl=1&resize=350%2C200","width":350,"height":200,"srcset":"https:\/\/i0.wp.com\/www.freidenker.org\/fw17\/wp-content\/uploads\/2024\/03\/Ulrich_Heyden_FaM_2024_800x450.jpg?fit=800%2C450&ssl=1&resize=350%2C200 1x, https:\/\/i0.wp.com\/www.freidenker.org\/fw17\/wp-content\/uploads\/2024\/03\/Ulrich_Heyden_FaM_2024_800x450.jpg?fit=800%2C450&ssl=1&resize=525%2C300 1.5x, https:\/\/i0.wp.com\/www.freidenker.org\/fw17\/wp-content\/uploads\/2024\/03\/Ulrich_Heyden_FaM_2024_800x450.jpg?fit=800%2C450&ssl=1&resize=700%2C400 2x"},"classes":[]},{"id":11762,"url":"https:\/\/www.freidenker.org\/?p=11762","url_meta":{"origin":14745,"position":2},"title":"Der alte Traum des deutschen Imperialismus ist ein Maidan in Russland","author":"Webredaktion","date":"5. Dezember 2021","format":false,"excerpt":"Video: Sergey Filbert im Gespr\u00e4ch mit Diether Dehm Dehm erz\u00e4hlt \u00fcber Inszenierungen der NATO-Partner. \u201eSie sind reale Verschw\u00f6rungen, die aggressive Kriegsstrategien befeuern.\u201c Der Bundesnachrichtendienst (BND) arbeite in Berlin mit \u00fcber 6 Tausend Mitarbeitern und der entwickele bewusst Strategien, um Feindseligkeiten zwischen Staaten zu sch\u00fcren. Sie dienten geostrategischen Konzepten und wirtschaftlichen\u2026","rel":"","context":"In &quot;Frieden - Antifaschismus - Solidarit\u00e4t&quot;","block_context":{"text":"Frieden - Antifaschismus - Solidarit\u00e4t","link":"https:\/\/www.freidenker.org\/?cat=13"},"img":{"alt_text":"","src":"https:\/\/i0.wp.com\/www.freidenker.org\/fw17\/wp-content\/uploads\/2021\/12\/dehm_bei_druschba-fm_800x450.jpg?fit=800%2C450&ssl=1&resize=350%2C200","width":350,"height":200,"srcset":"https:\/\/i0.wp.com\/www.freidenker.org\/fw17\/wp-content\/uploads\/2021\/12\/dehm_bei_druschba-fm_800x450.jpg?fit=800%2C450&ssl=1&resize=350%2C200 1x, https:\/\/i0.wp.com\/www.freidenker.org\/fw17\/wp-content\/uploads\/2021\/12\/dehm_bei_druschba-fm_800x450.jpg?fit=800%2C450&ssl=1&resize=525%2C300 1.5x, https:\/\/i0.wp.com\/www.freidenker.org\/fw17\/wp-content\/uploads\/2021\/12\/dehm_bei_druschba-fm_800x450.jpg?fit=800%2C450&ssl=1&resize=700%2C400 2x"},"classes":[]},{"id":22981,"url":"https:\/\/www.freidenker.org\/?p=22981","url_meta":{"origin":14745,"position":3},"title":"Die NATO macht mobil","author":"Webredaktion","date":"29. September 2025","format":false,"excerpt":"Eine Sammlung von 5 Beitr\u00e4gen von Thomas R\u00f6per Rund vier Wochen lang hat der in St. Petersburg wohnende deutsche Journalist Thomas R\u00f6per (mit Einreiseverbot in die EU) die \u201eZwischenf\u00e4lle\u201c zusammengetragen und ausgewertet, die uns von den Medien t\u00e4glich pr\u00e4sentiert werden: Luftraumverletzungen, Drohnen, St\u00f6rungen des Funkverkehrs, besch\u00e4digte Unterwasserkabel, Eindringen in Hoheitsgew\u00e4sser\u2026","rel":"","context":"In &quot;Demokratie \u2013 Medien \u2013 Aufkl\u00e4rung&quot;","block_context":{"text":"Demokratie \u2013 Medien \u2013 Aufkl\u00e4rung","link":"https:\/\/www.freidenker.org\/?cat=12"},"img":{"alt_text":"","src":"https:\/\/i0.wp.com\/www.freidenker.org\/fw17\/wp-content\/uploads\/2025\/09\/Drohne_Gerbera_800x450.jpg?fit=800%2C450&ssl=1&resize=350%2C200","width":350,"height":200,"srcset":"https:\/\/i0.wp.com\/www.freidenker.org\/fw17\/wp-content\/uploads\/2025\/09\/Drohne_Gerbera_800x450.jpg?fit=800%2C450&ssl=1&resize=350%2C200 1x, https:\/\/i0.wp.com\/www.freidenker.org\/fw17\/wp-content\/uploads\/2025\/09\/Drohne_Gerbera_800x450.jpg?fit=800%2C450&ssl=1&resize=525%2C300 1.5x, https:\/\/i0.wp.com\/www.freidenker.org\/fw17\/wp-content\/uploads\/2025\/09\/Drohne_Gerbera_800x450.jpg?fit=800%2C450&ssl=1&resize=700%2C400 2x"},"classes":[]},{"id":17659,"url":"https:\/\/www.freidenker.org\/?p=17659","url_meta":{"origin":14745,"position":4},"title":"NATO-AKTE Grimme-Preistr\u00e4ger Frieder Wagner: 16 Studien im Geheimarchiv bei der WHO","author":"Webredaktion","date":"15. Dezember 2023","format":false,"excerpt":"Video-Interview von Anneliese Fikentscher mit Frieder Wagner Mit zwei Dokumentarfilmen (u.a. Deadly Dust) und dem Buch \u201eTodesstaub made in USA - Uranmunition verseucht die Welt\u201c stellt der Regisseur und Grimme-Preistr\u00e4ger Frieder Wagner umfassendes Material aus umfangreichen Recherchen und wissenschaftlichen Untersuchungen der \u00d6ffentlichkeit zur Verf\u00fcgung, um sich ein Bild \u00fcber die\u2026","rel":"","context":"In &quot;Demokratie \u2013 Medien \u2013 Aufkl\u00e4rung&quot;","block_context":{"text":"Demokratie \u2013 Medien \u2013 Aufkl\u00e4rung","link":"https:\/\/www.freidenker.org\/?cat=12"},"img":{"alt_text":"","src":"https:\/\/i0.wp.com\/www.freidenker.org\/fw17\/wp-content\/uploads\/2023\/12\/Frieder_Wagner_Interview_800x450.jpg?fit=800%2C450&ssl=1&resize=350%2C200","width":350,"height":200,"srcset":"https:\/\/i0.wp.com\/www.freidenker.org\/fw17\/wp-content\/uploads\/2023\/12\/Frieder_Wagner_Interview_800x450.jpg?fit=800%2C450&ssl=1&resize=350%2C200 1x, https:\/\/i0.wp.com\/www.freidenker.org\/fw17\/wp-content\/uploads\/2023\/12\/Frieder_Wagner_Interview_800x450.jpg?fit=800%2C450&ssl=1&resize=525%2C300 1.5x, https:\/\/i0.wp.com\/www.freidenker.org\/fw17\/wp-content\/uploads\/2023\/12\/Frieder_Wagner_Interview_800x450.jpg?fit=800%2C450&ssl=1&resize=700%2C400 2x"},"classes":[]},{"id":13277,"url":"https:\/\/www.freidenker.org\/?p=13277","url_meta":{"origin":14745,"position":5},"title":"Der n\u00e4chste Schritt: Polen will die Ukraine schlucken","author":"Webredaktion","date":"29. Mai 2022","format":false,"excerpt":"Beitrag von Anti-Spiegel (d.i. Thomas R\u00f6per) Polens Ambitionen, zur alten Gr\u00f6\u00dfe des mittelalterlichen Polens zur\u00fcckzukehren, machen Fortschritte. Faszinierend dabei ist, dass die deutschen Medien diese Ereignisse komplett verschweigen. Schon seit Beginn der russischen Milit\u00e4roperation dr\u00e4ngt Polen darauf, eigene \u201eFriedenstruppen\u201c in die Ukraine zu entsenden. Da die USA klar gemacht haben,\u2026","rel":"","context":"In &quot;Demokratie \u2013 Medien \u2013 Aufkl\u00e4rung&quot;","block_context":{"text":"Demokratie \u2013 Medien \u2013 Aufkl\u00e4rung","link":"https:\/\/www.freidenker.org\/?cat=12"},"img":{"alt_text":"","src":"https:\/\/i0.wp.com\/www.freidenker.org\/fw17\/wp-content\/uploads\/2022\/05\/Source_riviere_San_1_800x450.jpg?fit=800%2C450&ssl=1&resize=350%2C200","width":350,"height":200,"srcset":"https:\/\/i0.wp.com\/www.freidenker.org\/fw17\/wp-content\/uploads\/2022\/05\/Source_riviere_San_1_800x450.jpg?fit=800%2C450&ssl=1&resize=350%2C200 1x, https:\/\/i0.wp.com\/www.freidenker.org\/fw17\/wp-content\/uploads\/2022\/05\/Source_riviere_San_1_800x450.jpg?fit=800%2C450&ssl=1&resize=525%2C300 1.5x, https:\/\/i0.wp.com\/www.freidenker.org\/fw17\/wp-content\/uploads\/2022\/05\/Source_riviere_San_1_800x450.jpg?fit=800%2C450&ssl=1&resize=700%2C400 2x"},"classes":[]}],"_links":{"self":[{"href":"https:\/\/www.freidenker.org\/index.php?rest_route=\/wp\/v2\/posts\/14745","targetHints":{"allow":["GET"]}}],"collection":[{"href":"https:\/\/www.freidenker.org\/index.php?rest_route=\/wp\/v2\/posts"}],"about":[{"href":"https:\/\/www.freidenker.org\/index.php?rest_route=\/wp\/v2\/types\/post"}],"author":[{"embeddable":true,"href":"https:\/\/www.freidenker.org\/index.php?rest_route=\/wp\/v2\/users\/3"}],"replies":[{"embeddable":true,"href":"https:\/\/www.freidenker.org\/index.php?rest_route=%2Fwp%2Fv2%2Fcomments&post=14745"}],"version-history":[{"count":0,"href":"https:\/\/www.freidenker.org\/index.php?rest_route=\/wp\/v2\/posts\/14745\/revisions"}],"wp:featuredmedia":[{"embeddable":true,"href":"https:\/\/www.freidenker.org\/index.php?rest_route=\/wp\/v2\/media\/14746"}],"wp:attachment":[{"href":"https:\/\/www.freidenker.org\/index.php?rest_route=%2Fwp%2Fv2%2Fmedia&parent=14745"}],"wp:term":[{"taxonomy":"category","embeddable":true,"href":"https:\/\/www.freidenker.org\/index.php?rest_route=%2Fwp%2Fv2%2Fcategories&post=14745"},{"taxonomy":"post_tag","embeddable":true,"href":"https:\/\/www.freidenker.org\/index.php?rest_route=%2Fwp%2Fv2%2Ftags&post=14745"}],"curies":[{"name":"wp","href":"https:\/\/api.w.org\/{rel}","templated":true}]}}