{"id":14713,"date":"2022-11-20T14:13:25","date_gmt":"2022-11-20T13:13:25","guid":{"rendered":"https:\/\/www.freidenker.org\/?p=14713"},"modified":"2022-12-17T13:41:47","modified_gmt":"2022-12-17T12:41:47","slug":"grenzen-deutscher-aussenpolitik","status":"publish","type":"post","link":"https:\/\/www.freidenker.org\/?p=14713","title":{"rendered":"Grenzen deutscher Au\u00dfenpolitik"},"content":{"rendered":"<p><strong>Deutschland scheitert mit seiner Au\u00dfenpolitik. Ziel ist es, die Unterwerfung unter die westlichen Ansichten zu erreichen. Das f\u00f6rdert international die Distanzierung von Deutschland. Unterst\u00fctzt wird die Entwicklung durch den wirtschaftlichen Abstieg und durch zunehmende Risiken f\u00fcr Investoren.<\/strong><\/p>\n<p><em>Von <strong>Gert Ewen Ungar<\/strong><\/em><\/p>\n<p>Erstver\u00f6ffentlichung am 18.11.2022 auf <a href=\"https:\/\/pressefreiheit.rtde.life\/meinung\/154463-grenzen-deutscher-aussenpolitik\/\" target=\"_blank\" rel=\"noopener\">RT DE<\/a><\/p>\n<p>Es wird viel gereist in diesen Tagen. Bundeskanzler Scholz (SPD) reiste nach\u00a0China, anschlie\u00dfend nach Vietnam und Singapur. Zuvor war er auf Besuch am Persischen Golf. Aktuell ist er in Indonesien auf dem G20-Gipfel. Au\u00dfenministerin Annalena Baerbock (Die Gr\u00fcnen) besuchte Zentralasien. Auch auf dem Klimagipfel in \u00c4gypten ist Deutschland pr\u00e4sent.<\/p>\n<p>Wer den deutschen Medien folgt, bekommt das Gef\u00fchl, Deutschland sei au\u00dfenpolitisch ein wichtiger Player. Der Eindruck t\u00e4uscht. Genauer betrachtet kommen die deutschen Spitzenpolitiker von ihren Reisen mit weitgehend leeren H\u00e4nden zur\u00fcck. Substanzielle Ergebnisse gibt es kaum. Hier eine Absichtserkl\u00e4rung, da eine Kooperationsvereinbarung. Wenig mehr als freundliche Worte.<\/p>\n<p>Im Gegenteil wirken manche Vereinbarungen, die von der deutschen Presse als gro\u00dfer Verhandlungserfolg gefeiert werden, wie eine \u00f6ffentliche Verh\u00f6hnung Deutschlands. Dazu z\u00e4hlt beispielsweise die Ank\u00fcndigung von exakt 137.000 Kubikmetern LNG durch Dubai zur Lieferung im Dezember \u2013 einmalig, alles Weitere steht in den Sternen. Das wurde den Deutschen als Erfolg des Besuchs von Kanzler Scholz am Persischen Golf verkauft.<\/p>\n<p>Der deutsche Gasverbrauch betr\u00e4gt \u00fcber 90 Milliarden Kubikmeter pro Jahr. Die Lieferung Dubais liegt angesichts des tats\u00e4chlichen Bedarfs im hom\u00f6opathischen Bereich. Der Kanzler wurde f\u00fcr seinen &#8222;Gasdeal&#8220; von den gro\u00dfen deutschen Medien trotz der faktischen Irrelevanz gelobt. Medial ist Deutschland inzwischen in einer Parallelwelt gestrandet.<\/p>\n<p>Gelobt wurde er auch f\u00fcr seinen Deal mit China. BioNTech wurde in China zugelassen, behauptete Scholz. Zwar zun\u00e4chst nur f\u00fcr dort lebende Ausl\u00e4nder, man habe aber einen Fu\u00df in der T\u00fcr. Man\u00a0<a href=\"https:\/\/www.reuters.com\/business\/healthcare-pharmaceuticals\/biontech-executive-says-it-is-too-early-predict-china-vaccine-approval-2022-11-07\/\">rudert <\/a>inzwischen wieder zur\u00fcck. Von baldiger Zulassung ist nicht mehr die Rede. Man sei im Gespr\u00e4ch. Mehr nicht. In deutschen Medien davon kein Wort.<\/p>\n<p>Auch Au\u00dfenministerin Baerbock erzielt trotz feministischer Au\u00dfenpolitik nach allen Regeln der weiblichen Kunst keine substanziellen Erfolge. Nach ihrem Besuch in Kasachstan hebt das Ausw\u00e4rtige Amt zwar eine Vereinbarung zu einer deutsch-kasachischen Partnerschaft im Bereich Wasserstoff und erneuerbarer Energien als gro\u00dfen Erfolg hervor, doch selbst die <em>FAZ<\/em>\u00a0<a href=\"https:\/\/www.faz.net\/aktuell\/politik\/ausland\/baerbock-in-kasachstan-kein-gruener-partner-18427560.html\">merkt<\/a> dazu an, dass diese Partnerschaft wohl nichts bringen werde. Kasachstan setzt auf \u00d6l und Gas, entwickelt daher kaum Ambitionen hinsichtlich von Infrastrukturprojekten im Bereich der erneuerbaren Energien.<\/p>\n<p>Der au\u00dfenpolitische Bedeutungsverlust Deutschlands\u00a0hat seine Ursache zum einen in den aktuellen geopolitischen Entwicklungen, aber auch im Auftreten Deutschlands.\u00a0Da ist das unangenehme deutsche Moralisieren in Verbindung mit einer f\u00fcr zahlreiche L\u00e4nder unertr\u00e4glichen Heuchelei. Wenn es um LGBT und die Ermahnung anderer L\u00e4nder im Hinblick auf Menschenrechte geht, ist Deutschland immer ganz vorne in der ersten Reihe mit seiner Kritik dabei. Aktuell tut sich Deutschland mit einem <a href=\"https:\/\/www.lsvd.de\/de\/ct\/8110-Katar-Auswaertiges-Amt-verschweigt-Verfolgungsgefahr-durch-Apps-Etheraz-und-Hayya\" target=\"_blank\" rel=\"noopener noreferrer\">Boykottaufruf<\/a> gegen\u00fcber der Fu\u00dfball-WM in Katar hervor, dem Land, das vor Kurzem noch als Heilsbringer galt. Deutschland wollte mit Fl\u00fcssiggas aus Katar seine Abh\u00e4ngigkeit von russischem Gas \u00fcberwinden. Jetzt ist das Land aus deutscher Sicht pl\u00f6tzlich der letzte Abschaum. So schnell kann es gehen. Diese deutsche Launenhaftigkeit ist nat\u00fcrlich ein Problem, denn sie macht Deutschland unzuverl\u00e4ssig und wenig berechenbar. Heute f\u00fcrs Gas umgarnt und morgen f\u00fcr eine andere Sicht auf Schwulenrechte verbr\u00e4mt.<\/p>\n<p>Dass der deutsche Bundeskanzler nach dem Anschlag auf Nord Stream sich in Schweigen h\u00fcllte und die deutsche Politik pl\u00f6tzlich keinen klaren Satz zusammenstammeln konnte, ist ebenfalls nicht verborgen geblieben. Die von Deutschland zur Schau gestellte au\u00dfenpolitische St\u00e4rke gibt es nur aus der Deckung des gro\u00dfen transatlantischen Bruders heraus. Tritt der selbst kr\u00e4ftig zu, was er bei Nord Stream wohl getan hat, dann verstummt das Gekl\u00e4ffe Deutschlands abrupt. Deutschlands Abh\u00e4ngigkeit wurde an Nord Stream f\u00fcr die Welt deutlich. Es ging dabei nicht um Russland.<\/p>\n<p>Bei all den Reisen wurde auch deutlich, worin das Ziel deutscher Au\u00dfenpolitik in diesen Tagen besteht. Ziel deutscher Au\u00dfenpolitik ist aktuell nicht, sich um Diplomatie zu bem\u00fchen und Kompromisse auszuloten. Ziel ist die kompromisslose Durchsetzung der westlichen und deutschen Sicht auf den Ukraine-Konflikt. Diese Kompromisslosigkeit wird selbstverst\u00e4ndlich zur weiteren Erosion deutscher Bedeutung beitragen.<\/p>\n<p>Zwar sind deutsche Medien zuversichtlich, dass eine gemeinsame internationale Verurteilung des &#8222;brutalen russischen \u00dcberfalls&#8220; gelingen k\u00f6nnte. Es spricht jedoch wenig daf\u00fcr, dass dies geschehen wird, denn das Einschwenken auf die westliche und deutsche Sprachregelung liegt nicht im Interesse anderer L\u00e4nder. Im Gegenteil w\u00fcrde es bedeuten, dass sie von ihrem Weg zu mehr Souver\u00e4nit\u00e4t und Unabh\u00e4ngigkeit vom Westen wieder abkehren. Diese St\u00e4rkung ihrer Souver\u00e4nit\u00e4t wird\u00a0durch westlichen Einflussverlust erst erm\u00f6glicht. Russland nimmt bei der Herausbildung einer multipolaren Weltordnung eine zentrale Rolle ein. Schon daher ist ein\u00a0Umschwenken\u00a0auf die enge und angesichts der Entwicklungen seit 2008 vor allem auch falsche deutsche Sicht des Ukraine-Konflikts nicht zu erwarten.<\/p>\n<p>Mit dem Bestehen auf eine ahistorische Sicht auf die Abl\u00e4ufe, die zum Ukraine-Krieg f\u00fchrten, besteht Deutschland faktisch auf Unterwerfung unter das westliche Narrativ. Deutschland fordert nichts weniger als die Unterordnung unter eine verk\u00fcrzte, ahistorische und unaufgekl\u00e4rte Erz\u00e4hlung. Der Krieg hat eben nicht am 24. Februar 2022 pl\u00f6tzlich aus dem Nichts begonnen, sondern wurde \u00fcber einen langen Zeitraum herbei eskaliert. Deutschland hatte an dieser Eskalation einen wichtigen Anteil. Diese Einsicht nun pl\u00f6tzlich zu leugnen w\u00e4re f\u00fcr die betroffenen L\u00e4nder eine Unterwerfungsgeste, zu der obendrein kein Anlass besteht. Deutschland verf\u00fcgt nicht \u00fcber die Mittel seine Sicht\u00a0gewaltsam durchzusetzen.<\/p>\n<p>Daher wird Kritik\u00a0an der deutschen und westlichen Doppelmoral immer offener und offensiver vorgetragen. Wie der Blog <em>German-Foreign-Policy<\/em>\u00a0<a href=\"https:\/\/www.german-foreign-policy.com\/news\/detail\/9083\">schreibt<\/a>, ist es gerade der Ukraine-Krieg, an dem f\u00fcr L\u00e4nder au\u00dferhalb der westlichen Hemisph\u00e4re die Doppelstandards des Westens\u00a0sichtbar werden. Das trifft auch Deutschland, das unter anderem f\u00fcr seine Fl\u00fcchtlingspolitik kritisiert wird. Deutschland wird ein nach rassistischen Kriterien w\u00e4hlendes Zweiklassenrecht unterstellt. Es wird zudem f\u00fcr seine mangelnde Bereitschaft kritisiert, seine Verpflichtungen als Garantiemacht f\u00fcr Minsk 2 zu erf\u00fcllen. H\u00e4tte Deutschland sie erf\u00fcllt, h\u00e4tte es den &#8222;brutalen russischen Angriffskrieg&#8220;, wie ihn die deutsche Au\u00dfenministerin nicht m\u00fcde wird zu bezeichnen, nie gegeben.<\/p>\n<p>Es trifft aber auch f\u00fcr das von Deutschland angef\u00fchrte Argument zu, Recht m\u00fcsse Vorrang vor der Aus\u00fcbung von Macht haben und es gelte die regelbasierte Ordnung zu beachten. Der Westen und mit ihm auch Deutschland hat bei einer Vielzahl von Gelegenheiten deutlich gemacht, dass er vor dem Einsatz von Macht zur Erreichung seiner Zwecke nicht zur\u00fcckschreckt.<\/p>\n<p>Dazu geh\u00f6rt auch das westliche Sanktionsregime, das unter anderem die Politisierung westlicher W\u00e4hrungen umfasst. Auch dies ein Doppelstandard, an dem sich Deutschland ganz offen beteiligt und den es unterst\u00fctzt. Allerdings f\u00fchrt auch dieser Schritt nicht zu mehr Vertrauen in die Verl\u00e4sslichkeit Deutschlands, der EU und des Westens, sondern zur Erosion der wirtschaftspolitischen Macht Deutschlands.<\/p>\n<p>Zwar waren auch in der Vergangenheit Auslandsverm\u00f6gen eingefroren worden \u2013 10 Milliarden an afghanischem, 90 Milliarden an iranischem und 8 Milliarden Dollar an venezolanischem Verm\u00f6gen. Das Einfrieren von 300 Milliarden Dollar an russischem Verm\u00f6gen hat nun aber offenkundig die Grenze der Ertr\u00e4glichkeit \u00fcberschritten. Der Westen hat mit seinem Sanktionsregime seine eigenen W\u00e4hrungen sabotiert. Mit den Finanzsanktionen hat Deutschland als Handelspartner an Attraktivit\u00e4t verloren. Hinzu kommt in Deutschland die Verstaatlichung von Gazprom Germania und der PCK, Betreiberin von unter anderem der Raffinerie in Schwedt. Auch dies ein Schritt, der Deutschland f\u00fcr Investoren unattraktiver macht. Deutschland ist unzuverl\u00e4ssig, eben kein Garant des Rechts.<\/p>\n<p>Die au\u00dfenpolitische Strategie im Umgang mit Deutschland ist allerdings das Gegenteil von deutscher Konfrontation. Die leeren H\u00e4nde von Scholz und Baerbock zeigen, die Strategie des Auslands im Umgang mit Deutschland ist seine Umgehung und Marginalisierung. Deutschland wird abgespeist. Mit Absichtserkl\u00e4rungen, mit 137.000 Kubikmetern Fl\u00fcssiggas, mit substanzlosen Vereinbarungen.<\/p>\n<p>Korrigiert Deutschland seine Haltung nicht und besteht weiterhin kompromisslos auf die Absolutheit der deutschen Sichtweise, droht Deutschland die internationale Marginalisierung.<\/p>\n<p style=\"text-align: right;\"><em>Gert-Ewen Ungar studierte Philosophie und Germanistik und arbeitet als P\u00e4dagoge in der Sozialpsychiatrie in Berlin<\/em><\/p>\n<hr \/>\n<p><span style=\"font-size: 10pt;\">Bild: US-Au\u00dfenminister Blinken, die deutsche Au\u00dfenministerin Baerbock und die britische Au\u00dfenministerin Truss im Februar 2022 in M\u00fcnchen<\/span><br \/>\n<span style=\"font-size: 10pt;\">Foto: U.S. Department of State from United States &#8211; Gemeinfrei<\/span><br \/>\n<span style=\"font-size: 10pt;\">Quelle: <a href=\"https:\/\/commons.wikimedia.org\/w\/index.php?curid=115466748\" target=\"_blank\" rel=\"noopener\">https:\/\/commons.wikimedia.org\/w\/index.php?curid=115466748<\/a><\/span><\/p>\n","protected":false},"excerpt":{"rendered":"<p><b>Beitrag von Gert Ewen Ungar<\/b><br \/>\nEs wird viel gereist in diesen Tagen. Bundeskanzler Scholz (SPD) reiste nach\u00a0China, anschlie\u00dfend nach Vietnam und Singapur. Zuvor war er auf Besuch am Persischen Golf. Aktuell ist er in Indonesien auf dem G20-Gipfel. Au\u00dfenministerin Annalena Baerbock (Die Gr\u00fcnen) besuchte Zentralasien. Auch auf dem Klimagipfel in \u00c4gypten ist Deutschland pr\u00e4sent. Wer den deutschen Medien folgt, bekommt das Gef\u00fchl, Deutschland sei au\u00dfenpolitisch ein wichtiger Player. Der Eindruck t\u00e4uscht. Genauer betrachtet kommen die deutschen Spitzenpolitiker von ihren Reisen mit weitgehend leeren H\u00e4nden zur\u00fcck. Substanzielle Ergebnisse gibt es kaum. Hier eine Absichtserkl\u00e4rung, da eine Kooperationsvereinbarung. Wenig mehr als freundliche Worte.<\/p>\n","protected":false},"author":3,"featured_media":14728,"comment_status":"closed","ping_status":"closed","sticky":false,"template":"","format":"standard","meta":{"colormag_page_container_layout":"default_layout","colormag_page_sidebar_layout":"default_layout","advanced_seo_description":"","jetpack_seo_html_title":"","jetpack_seo_noindex":false,"jetpack_post_was_ever_published":false,"footnotes":""},"categories":[12],"tags":[699,452,1406,1631,1619,1317,719,639],"class_list":["post-14713","post","type-post","status-publish","format-standard","has-post-thumbnail","hentry","category-demokratie-medien-aufklaerung","tag-aussenpolitik","tag-deutschland","tag-diplomatie","tag-geopolitik","tag-multipolare-welt","tag-nord-stream","tag-sanktionen","tag-ukraine-konflikt"],"jetpack_featured_media_url":"https:\/\/i0.wp.com\/www.freidenker.org\/fw17\/wp-content\/uploads\/2022\/11\/Secretary_Blinken_Meets_Baerbock_and_Truss_800x450.jpg?fit=800%2C450&ssl=1","jetpack_shortlink":"https:\/\/wp.me\/p9stpK-3Pj","jetpack-related-posts":[{"id":9176,"url":"https:\/\/www.freidenker.org\/?p=9176","url_meta":{"origin":14713,"position":0},"title":"Quo vadis Deutschlands Au\u00dfen- und Europapolitik?","author":"Webredaktion","date":"10. Januar 2021","format":false,"excerpt":"Beitrag von Gert Ewen Ungar \"We beat the Germans twice and now they\u2019re back.\" Wir haben die Deutschen zweimal geschlagen und nun sind sie zur\u00fcck, sagte die damalige britische Premierministerin Margaret Thatcher anl\u00e4sslich der deutschen Wiedervereinigung. Sie erfreute das deutsche Gl\u00fcck wenig \u2013 glaubte sie doch, dass ein wiedererstarktes Deutschland\u2026","rel":"","context":"In &quot;Frieden - Antifaschismus - Solidarit\u00e4t&quot;","block_context":{"text":"Frieden - Antifaschismus - Solidarit\u00e4t","link":"https:\/\/www.freidenker.org\/?cat=13"},"img":{"alt_text":"","src":"https:\/\/i0.wp.com\/www.freidenker.org\/fw17\/wp-content\/uploads\/2021\/01\/EGB_PR_Einsatz_800x450.jpg?fit=800%2C450&ssl=1&resize=350%2C200","width":350,"height":200,"srcset":"https:\/\/i0.wp.com\/www.freidenker.org\/fw17\/wp-content\/uploads\/2021\/01\/EGB_PR_Einsatz_800x450.jpg?fit=800%2C450&ssl=1&resize=350%2C200 1x, https:\/\/i0.wp.com\/www.freidenker.org\/fw17\/wp-content\/uploads\/2021\/01\/EGB_PR_Einsatz_800x450.jpg?fit=800%2C450&ssl=1&resize=525%2C300 1.5x, https:\/\/i0.wp.com\/www.freidenker.org\/fw17\/wp-content\/uploads\/2021\/01\/EGB_PR_Einsatz_800x450.jpg?fit=800%2C450&ssl=1&resize=700%2C400 2x"},"classes":[]},{"id":7830,"url":"https:\/\/www.freidenker.org\/?p=7830","url_meta":{"origin":14713,"position":1},"title":"Die BRD &#8211; ihre Stellung in Europa und ihr Verh\u00e4ltnis zu Russland","author":"Webredaktion","date":"27. M\u00e4rz 2020","format":false,"excerpt":"Beitrag von Prof. Dr. Anton Latzo Der ehemalige deutsche Reichskanzler Prinz Max von Baden schrieb in seinen Erinnerungen \u00fcber die Wirkung der Oktoberrevolution auf Deutschland, man habe das \u201eunheimliche Gef\u00fchl\u201c gehabt, dass der Sieg der Bolschewiki in Russland all denen in Deutschland den R\u00fccken st\u00e4rke, die den Krieg \u201est\u00f6ren\u201c wollen.\u2026","rel":"","context":"In &quot;Frieden - Antifaschismus - Solidarit\u00e4t&quot;","block_context":{"text":"Frieden - Antifaschismus - Solidarit\u00e4t","link":"https:\/\/www.freidenker.org\/?cat=13"},"img":{"alt_text":"","src":"https:\/\/i0.wp.com\/www.freidenker.org\/fw17\/wp-content\/uploads\/2020\/03\/Angela_Merkel_and_Vladimir_Putin_2019-06-29_800x450.jpg?fit=800%2C450&ssl=1&resize=350%2C200","width":350,"height":200,"srcset":"https:\/\/i0.wp.com\/www.freidenker.org\/fw17\/wp-content\/uploads\/2020\/03\/Angela_Merkel_and_Vladimir_Putin_2019-06-29_800x450.jpg?fit=800%2C450&ssl=1&resize=350%2C200 1x, https:\/\/i0.wp.com\/www.freidenker.org\/fw17\/wp-content\/uploads\/2020\/03\/Angela_Merkel_and_Vladimir_Putin_2019-06-29_800x450.jpg?fit=800%2C450&ssl=1&resize=525%2C300 1.5x, https:\/\/i0.wp.com\/www.freidenker.org\/fw17\/wp-content\/uploads\/2020\/03\/Angela_Merkel_and_Vladimir_Putin_2019-06-29_800x450.jpg?fit=800%2C450&ssl=1&resize=700%2C400 2x"},"classes":[]},{"id":20291,"url":"https:\/\/www.freidenker.org\/?p=20291","url_meta":{"origin":14713,"position":2},"title":"Das verlogene S\u00e4useln der Annalena Baerbock","author":"Webredaktion","date":"17. November 2024","format":false,"excerpt":"Beitrag von Gert Ewen Ungar Vor 140 Jahren, am 15. November 1884, begann in Berlin die Kongo-Konferenz, auf der die Kolonialm\u00e4chte die Aufteilung Afrikas beschlossen. Deutschlands Au\u00dfenministerin Annalena Baerbock (B\u00fcndnis 90\/Die Gr\u00fcnen) nimmt das Datum zum Anlass f\u00fcr einen Namensbeitrag in der Frankfurter Rundschau. ... Mit dem \u00fcblichen Betroffenheitsges\u00e4usel schl\u00e4fert\u2026","rel":"","context":"In &quot;Demokratie \u2013 Medien \u2013 Aufkl\u00e4rung&quot;","block_context":{"text":"Demokratie \u2013 Medien \u2013 Aufkl\u00e4rung","link":"https:\/\/www.freidenker.org\/?cat=12"},"img":{"alt_text":"","src":"https:\/\/i0.wp.com\/www.freidenker.org\/fw17\/wp-content\/uploads\/2024\/11\/Kongokonferenz_800x450.jpg?fit=800%2C450&ssl=1&resize=350%2C200","width":350,"height":200,"srcset":"https:\/\/i0.wp.com\/www.freidenker.org\/fw17\/wp-content\/uploads\/2024\/11\/Kongokonferenz_800x450.jpg?fit=800%2C450&ssl=1&resize=350%2C200 1x, https:\/\/i0.wp.com\/www.freidenker.org\/fw17\/wp-content\/uploads\/2024\/11\/Kongokonferenz_800x450.jpg?fit=800%2C450&ssl=1&resize=525%2C300 1.5x, https:\/\/i0.wp.com\/www.freidenker.org\/fw17\/wp-content\/uploads\/2024\/11\/Kongokonferenz_800x450.jpg?fit=800%2C450&ssl=1&resize=700%2C400 2x"},"classes":[]},{"id":15088,"url":"https:\/\/www.freidenker.org\/?p=15088","url_meta":{"origin":14713,"position":3},"title":"Zeitenwende \u2013 b\u00f6ses Ende!","author":"Webredaktion","date":"27. Januar 2023","format":false,"excerpt":"Beitrag von Prof. Dr. Anton Latzo Ein Jahr nach der Rede von Bundeskanzler Olaf Scholz in der Sondersitzung des Bundestages vom 27. Februar 2022, in der er die \u201eZeitenwende\u201c verk\u00fcndet hat, wurde nach einer Klausurtagung der SPD-Fraktion am 13. Januar 2023 ein Positionspapier \u201eSozialdemokratische internationale Politik in der Zeitenwende\u201c verabschiedet.\u2026","rel":"","context":"In &quot;Demokratie \u2013 Medien \u2013 Aufkl\u00e4rung&quot;","block_context":{"text":"Demokratie \u2013 Medien \u2013 Aufkl\u00e4rung","link":"https:\/\/www.freidenker.org\/?cat=12"},"img":{"alt_text":"","src":"https:\/\/i0.wp.com\/www.freidenker.org\/fw17\/wp-content\/uploads\/2023\/01\/eis_kiewer_art_800x450.jpg?fit=800%2C450&ssl=1&resize=350%2C200","width":350,"height":200,"srcset":"https:\/\/i0.wp.com\/www.freidenker.org\/fw17\/wp-content\/uploads\/2023\/01\/eis_kiewer_art_800x450.jpg?fit=800%2C450&ssl=1&resize=350%2C200 1x, https:\/\/i0.wp.com\/www.freidenker.org\/fw17\/wp-content\/uploads\/2023\/01\/eis_kiewer_art_800x450.jpg?fit=800%2C450&ssl=1&resize=525%2C300 1.5x, https:\/\/i0.wp.com\/www.freidenker.org\/fw17\/wp-content\/uploads\/2023\/01\/eis_kiewer_art_800x450.jpg?fit=800%2C450&ssl=1&resize=700%2C400 2x"},"classes":[]},{"id":14382,"url":"https:\/\/www.freidenker.org\/?p=14382","url_meta":{"origin":14713,"position":4},"title":"Wende zu Friedenspolitik ist notwendig!","author":"Webredaktion","date":"9. Oktober 2022","format":false,"excerpt":"Rede von\u00a0Prof. Dr. Anton Latzo\u00a0, gehalten am 07.10.2022 auf der Alternativen Einheitsfeier des OKV in Berlin Am 7. Oktober eines jeden Jahres wird der deutsche Staat gew\u00fcrdigt, der Millionen Menschen gepr\u00e4gt hat, der ihnen aber genommen wurde. Seiner Hauptstadt wurde der Ehrentitel \u201eStadt des Friedens\u201c verliehen, weil seine Bev\u00f6lkerung und\u2026","rel":"","context":"In &quot;Frieden - Antifaschismus - Solidarit\u00e4t&quot;","block_context":{"text":"Frieden - Antifaschismus - Solidarit\u00e4t","link":"https:\/\/www.freidenker.org\/?cat=13"},"img":{"alt_text":"","src":"https:\/\/i0.wp.com\/www.freidenker.org\/fw17\/wp-content\/uploads\/2022\/10\/Street_art_Friedenstaube_800x450.jpg?fit=800%2C450&ssl=1&resize=350%2C200","width":350,"height":200,"srcset":"https:\/\/i0.wp.com\/www.freidenker.org\/fw17\/wp-content\/uploads\/2022\/10\/Street_art_Friedenstaube_800x450.jpg?fit=800%2C450&ssl=1&resize=350%2C200 1x, https:\/\/i0.wp.com\/www.freidenker.org\/fw17\/wp-content\/uploads\/2022\/10\/Street_art_Friedenstaube_800x450.jpg?fit=800%2C450&ssl=1&resize=525%2C300 1.5x, https:\/\/i0.wp.com\/www.freidenker.org\/fw17\/wp-content\/uploads\/2022\/10\/Street_art_Friedenstaube_800x450.jpg?fit=800%2C450&ssl=1&resize=700%2C400 2x"},"classes":[]},{"id":17604,"url":"https:\/\/www.freidenker.org\/?p=17604","url_meta":{"origin":14713,"position":5},"title":"Baerbocks Au\u00dfenpolitik \u2013 Aggressiver als die der USA","author":"Webredaktion","date":"5. Dezember 2023","format":false,"excerpt":"Beitrag von Gert Ewen Ungar Die deutsche Au\u00dfenministerin hatte in dieser Woche gleich zwei relevante Treffen zu absolvieren. Zu Beginn der Woche trafen sich die Au\u00dfenminister der NATO-Staaten in Br\u00fcssel. Am Donnerstag und Freitag trifft sich der Ministerrat der OSZE in Skopje, der Hauptstadt Nordmazedoniens. Aussagen der deutschen Au\u00dfenministerin auf\u2026","rel":"","context":"In &quot;Demokratie \u2013 Medien \u2013 Aufkl\u00e4rung&quot;","block_context":{"text":"Demokratie \u2013 Medien \u2013 Aufkl\u00e4rung","link":"https:\/\/www.freidenker.org\/?cat=12"},"img":{"alt_text":"","src":"https:\/\/i0.wp.com\/www.freidenker.org\/fw17\/wp-content\/uploads\/2023\/12\/Blinken_Baerbock_Tokyo_2023_800x450.jpg?fit=800%2C450&ssl=1&resize=350%2C200","width":350,"height":200,"srcset":"https:\/\/i0.wp.com\/www.freidenker.org\/fw17\/wp-content\/uploads\/2023\/12\/Blinken_Baerbock_Tokyo_2023_800x450.jpg?fit=800%2C450&ssl=1&resize=350%2C200 1x, https:\/\/i0.wp.com\/www.freidenker.org\/fw17\/wp-content\/uploads\/2023\/12\/Blinken_Baerbock_Tokyo_2023_800x450.jpg?fit=800%2C450&ssl=1&resize=525%2C300 1.5x, https:\/\/i0.wp.com\/www.freidenker.org\/fw17\/wp-content\/uploads\/2023\/12\/Blinken_Baerbock_Tokyo_2023_800x450.jpg?fit=800%2C450&ssl=1&resize=700%2C400 2x"},"classes":[]}],"_links":{"self":[{"href":"https:\/\/www.freidenker.org\/index.php?rest_route=\/wp\/v2\/posts\/14713","targetHints":{"allow":["GET"]}}],"collection":[{"href":"https:\/\/www.freidenker.org\/index.php?rest_route=\/wp\/v2\/posts"}],"about":[{"href":"https:\/\/www.freidenker.org\/index.php?rest_route=\/wp\/v2\/types\/post"}],"author":[{"embeddable":true,"href":"https:\/\/www.freidenker.org\/index.php?rest_route=\/wp\/v2\/users\/3"}],"replies":[{"embeddable":true,"href":"https:\/\/www.freidenker.org\/index.php?rest_route=%2Fwp%2Fv2%2Fcomments&post=14713"}],"version-history":[{"count":0,"href":"https:\/\/www.freidenker.org\/index.php?rest_route=\/wp\/v2\/posts\/14713\/revisions"}],"wp:featuredmedia":[{"embeddable":true,"href":"https:\/\/www.freidenker.org\/index.php?rest_route=\/wp\/v2\/media\/14728"}],"wp:attachment":[{"href":"https:\/\/www.freidenker.org\/index.php?rest_route=%2Fwp%2Fv2%2Fmedia&parent=14713"}],"wp:term":[{"taxonomy":"category","embeddable":true,"href":"https:\/\/www.freidenker.org\/index.php?rest_route=%2Fwp%2Fv2%2Fcategories&post=14713"},{"taxonomy":"post_tag","embeddable":true,"href":"https:\/\/www.freidenker.org\/index.php?rest_route=%2Fwp%2Fv2%2Ftags&post=14713"}],"curies":[{"name":"wp","href":"https:\/\/api.w.org\/{rel}","templated":true}]}}