{"id":14656,"date":"2022-11-14T23:32:13","date_gmt":"2022-11-14T22:32:13","guid":{"rendered":"https:\/\/www.freidenker.org\/?p=14656"},"modified":"2022-12-06T03:02:27","modified_gmt":"2022-12-06T02:02:27","slug":"europas-erzwungene-deindustrialisierung","status":"publish","type":"post","link":"https:\/\/www.freidenker.org\/?p=14656","title":{"rendered":"Europas erzwungene Deindustrialisierung"},"content":{"rendered":"<p><strong>Gro\u00dfe Teile der energieintensiven deutschen Industrie werden ihre bisherige Wettbewerbsf\u00e4higkeit auf den globalen M\u00e4rkten verlieren. Aber wohin f\u00fchrt die Flucht aus Deutschland \u2013 in die USA oder nach China? <\/strong><\/p>\n<p><em>von <strong>Rainer Rupp<\/strong><\/em><\/p>\n<p><span style=\"font-size: 10pt;\">Erstver\u00f6ffentlichung am 09.11.2022 auf <a href=\"https:\/\/meinungsfreiheit.rtde.life\/meinung\/153704-europas-erzwungene-deindustrialisierung\/\" target=\"_blank\" rel=\"noopener\">RT DE<\/a><\/span><\/p>\n<p>Die wahnsinnigen Selbstmord-Sanktionen gegen \u00d6l und Gas\u00a0sowie andere f\u00fcr unsere Wirtschaft existenziell wichtige Rohstoffe und industrielle Halbwaren aus Russland f\u00fchren zu einer unvorstellbaren Deindustrialisierung Europas. Schritt f\u00fcr Schritt scheinen sich unaufhaltsam die schlimmsten Bef\u00fcrchtungen zu bewahrheiten.\u00a0Diese Katastrophe w\u00e4re f\u00fcr die V\u00f6lker Europas, vor allem f\u00fcr Deutschland,\u00a0jedoch leicht vermeidbar gewesen.\u00a0Doch die elit\u00e4re Blase unserer Regierungspolitiker, deren Karrieren und Wohlstand von ihrer Unterw\u00fcrfigkeit\u00a0gegen\u00fcber den W\u00fcnschen und Interessen Washingtons abh\u00e4ngen, hat es vorgezogen, skrupellos die Zukunft der Menschen des eigenen Landes zugunsten strategischer US-Interessen zu verkaufen.<\/p>\n<p>Die US-Vasallen, die abgehoben von den Bed\u00fcrfnissen der einfachen Menschen hierzulande Politik, Medien und Wissenschaft dominieren, haben uns diese Energiekrise aufgezwungen. Sie wird auch dann nicht zu Ende sein, wenn die Preissteigerungen abgeklungen sind. Denn eines steht fest: Deutschland wird noch viele Jahre viel Gas importieren m\u00fcssen. Importe von Fl\u00fcssiggas (LNG) \u00fcber lange Strecken \u00fcber das Meer werden immer viel teurer sein\u00a0als Pipelinegas aus Russland. Zudem hat russisches Gas einen doppelt so hohen Brennwert\u00a0wie US-amerikanisches LNG. Auch haben die Russen es vorgezogen, langfristig feste Liefervertr\u00e4ge abzuschlie\u00dfen, w\u00e4hrend das importierte LNG sehr flexibel auf kurzfristige Lieferengp\u00e4sse mit starken Preiserh\u00f6hungen reagiert. Die Situation bei Pipeline-\u00d6l aus Russland ist nicht anders.<\/p>\n<p>Das Fazit hei\u00dft also, selbst wenn sich die Energieversorgungssituation in Europa und Deutschland in ein bis zwei Jahren stabilisiert hat, wird das reale Preisniveau der wichtigsten Energietr\u00e4ger viel h\u00f6her liegen als der zu Zeiten der Versorgung mit russischem Pipeline-Gas und -\u00d6l. Das aber hei\u00dft wiederum, dass gro\u00dfe Teile der deutschen Industrie einen wichtigen Teil ihrer bisherigen Wettbewerbsf\u00e4higkeit auf den globalen M\u00e4rkten verlieren, was besonders die energieintensiven Branchen trifft. Unternehmen in diesen Branchen werden entweder schlie\u00dfen oder in L\u00e4nder auswandern, in denen:<\/p>\n<p>a) die Energie billiger ist,<\/p>\n<p>b) keine politische CO\u2082-Hysterie Investitionen in die Produktion und die Nutzung von fossilen Energietr\u00e4gern verhindert wie in den USA und<\/p>\n<p>c) das gesamtwirtschaftliche Umfeld expandiert, weshalb der deutsche Gro\u00dfkonzern BASF seine energieintensive Produktion nicht in die USA oder Kanada verlegen will, sondern nach China.<\/p>\n<p>Wer in Europa jedoch darauf z\u00e4hlt, in Zukunft ausreichend \u00d6l und Fracking-Gas aus den USA zu bekommen, der hat seine energiepolitische Zukunft auf Sand gebaut. Denn hinter dem von Washington zur Schau gestellten, angeblichen \u00dcberfluss an heimischer Produktion sowie Reserven an \u00d6l und Fracking-Gas verbergen sich viele Fallstricke.<\/p>\n<p>Unabh\u00e4ngig davon, ob nun durch eine Rezession in den USA, in Europa oder gar in China die Nachfrage nach \u00d6l und Gas zur\u00fcckgeht oder nicht, steht fest, dass langfristig auf jeden Fall wieder mehr \u00d6l, Gas und Kohle gebraucht werden, vor allem um den Entwicklungsl\u00e4ndern ein bezahlbares wirtschaftliches Wachstum zu erm\u00f6glichen.<\/p>\n<p>Die OPEC hat ihre Prognose f\u00fcr die langfristige \u00d6lnachfrage angehoben und erneut ihre Forderungen nach neuen Investitionen in fossile Brennstoffe wiederholt. Dies steht im krassen Gegensatz zur US-dominierten Internationalen Energieagentur, die nur wenige Tage zuvor erkl\u00e4rt hatte, dass im Zuge des Ausbaus der Wind- und Solarenergie die globale Nachfrage nach \u00d6l und Gas in wenigen Jahren ihren H\u00f6hepunkt erreichen wird.<\/p>\n<p>OPEC-Generalsekret\u00e4r Haitham\u00a0al-Ghais sagte auf der ADIPEC-Konferenz in den Vereinigten Arabischen Emiraten, dass &#8222;insgesamt Investitionen in H\u00f6he von 12,1 Billionen allein in den \u00d6l-Sektor bis zum Jahr 2045&#8220; n\u00f6tig seien, um die bis dahin gestiegene Nachfrage zu erschwinglichen Preisen zu decken. Weiter berichtete <em>Reuters<\/em>, dass die &#8222;chronische Unterinvestition in die globale \u00d6lindustrie in den letzten Jahren aufgrund von konjunkturellen Abschw\u00fcngen in der Branche, wegen der COVID-19-Pandemie sowie der Politik, die auf die Beendigung der Finanzierung von Projekten f\u00fcr fossile Brennstoffe abzielt, jedoch Anlass zur Sorge gibt&#8220;. Und jetzt hat US-Pr\u00e4sident Joe Biden zwei Tage vor den Zwischenwahlen vor einer jubelnden Menge von Klima-Rettern eindringlich und wiederholt unterstrichen: &#8222;There is no more <a href=\"https:\/\/twitter.com\/RNCResearch\/status\/1589407963902533638?ref_src=twsrc%5Etfw%7Ctwcamp%5Etweetembed%7Ctwterm%5E1589407963902533638%7Ctwgr%5Eb645d7359a906a655d96b382d4e32fb17cf2448a%7Ctwcon%5Es1_&amp;ref_url=https%3A%2F%2Fwww.zerohedge.com%2Fmarkets%2Fbiden-admits-truth-no-more-oil-drilling-energy-stocks-set-soar\" target=\"_blank\" rel=\"noopener noreferrer\">drilling<\/a>!&#8220; Es &#8222;wird keine weiteren [\u00d6l- und Gas-]Bohrungen geben&#8220;.<\/p>\n<p>Dies bedeute, dass die zuk\u00fcnftige globale und auch die US-Versorgung mit \u00d6l in Mengen, die der Nachfrage entsprechen, \u00fcberhaupt nicht garantiert ist.<\/p>\n<p>Aber auch der Ausbau von Wind- und Sonnenenergie droht an &#8222;einer schwerwiegenden Kupferknappheit&#8220; zu scheitern, vor der zwei f\u00fchrende Bergbaumanager j\u00fcngst <a href=\"https:\/\/oilprice.com\/Energy\/Energy-General\/Europe-May-See-Forced-De-Industrialization-As-Result-Of-Energy-Crisis.html\" target=\"_blank\" rel=\"noopener noreferrer\">gewarnt<\/a> hatten. Und nicht zuletzt denkt Indonesien \u00f6ffentlich \u00fcber eine OPEC-\u00e4hnliche Organisation f\u00fcr Batterie-Metallbergbau nach, was die Lieferkette f\u00fcr die Energiewende noch schwieriger machen w\u00fcrde.<\/p>\n<p>China hat zwar bei Weitem keine ausreichenden heimischen Energieressourcen, aber in Russland hat es einen starken Partner, mit dem die Energieversorgungsnetzwerke weiter ausgebaut werden. So wird China schon in baldiger Zukunft \u00fcber eine zweite Pipeline, n\u00e4mlich \u00fcber die riesige Pipeline Power of Siberia 2, mit russischem Gas beliefert. Die Pipeline hat \u00fcbrigens ihren Ausgangspunkt unweit von dem von Nord Stream 2, sodass das f\u00fcr Europa bestimmte Gas ohne gro\u00dfe Probleme nach China umgeleitet werden kann. Und russisch-chinesische Pipelines werden folgen.<\/p>\n<p>Was die EU und speziell Deutschland betrifft, so w\u00e4ren die Russen echt bl\u00f6de, wenn sie sich dazu hergeben w\u00fcrden, auch nur noch einen weiteren Rubel in die Versorgung der Europ\u00e4er zu investieren, die sich nicht nur wirtschaftlich und politisch als unzuverl\u00e4ssige Kunden, sondern auch als russlandfeindliche Kriegstreiber erwiesen haben.<\/p>\n<p>Die auf \u00d6l- und Energienachrichten spezialisierte Website\u00a0<em>Oilprice.com<\/em> hat am 6. November eine <a href=\"https:\/\/oilprice.com\/Energy\/Energy-General\/Europe-May-See-Forced-De-Industrialization-As-Result-Of-Energy-Crisis.html\">alarmierende Analyse<\/a> \u00fcber die Zukunft der energieintensiven Branchen in Europa ver\u00f6ffentlicht unter dem Titel: Wird Europa eine erzwungene Deindustrialisierung als Folge der Energiekrise erleben? Daf\u00fcr gibt die Analyse drei Hauptgr\u00fcnde an:<\/p>\n<ol>\n<li>Besonders betroffen in der EU sind Industrien wie Ferrolegierungen, D\u00fcngemittelfabriken und Spezialchemikalien. Einige schlie\u00dfen bereits infolge der anhaltenden Energiekrise.<\/li>\n<li>Bestimmte Branchen werden sich m\u00f6glicherweise nicht wieder erholen bzw. zur\u00fcckkommen, wenn die Energiekrise nachl\u00e4sst.<\/li>\n<li>Ein zunehmend straffes regulatorisches energiepolitisches Umfeld ist ein weiterer Grund f\u00fcr die Deindustrialisierung in Europa.<\/li>\n<\/ol>\n<p>Weiter hei\u00dft es bei <em>Oilprice.com<\/em>:<\/p>\n<p>&#8222;Die Europ\u00e4ische Union feiert in diesem Jahr in aller Stille einen stetigen R\u00fcckgang des Gas- und Stromverbrauchs inmitten rekordverd\u00e4chtiger Preissteigerungen, einer Unterbrechung eines Gro\u00dfteils der russischen Gasversorgung und einer Liquidit\u00e4tskrise auf dem Energiemarkt. Doch der Grund zum Jubeln ist mehr als zweifelhaft: Die Unternehmen haben ihren Energieverbrauch nicht nur gedrosselt und machen weiter wie bisher. Vielmehr schlie\u00dfen sie Fabriken, verkleinern die Produktion oder verlagern sie ganz aus Europa. Europa k\u00f6nnte durchaus auf dem Weg zur Deindustrialisierung sein.&#8220;<\/p>\n<p>Dass die Europ\u00e4ische Union auf eine Rezession zusteuert, d\u00fcrfte inzwischen jedem klar sein, der die Indikatoren beobachtet. Der PMI-Indikator f\u00fcr Oktober ist ein weiterer Beweis daf\u00fcr, dass die Eurozone in eine ziemlich tiefe Rezession abgleitet, w\u00e4hrend der Inflationsdruck intensiv bleibt, <a href=\"https:\/\/www.reuters.com\/markets\/europe\/euro-zone-october-business-activity-takes-another-inflation-hit-pmi-2022-10-24\/\">berichtet<\/a>\u00a0<em>Reuters<\/em>. Der Purchasing Managers Index (PMI) ist hierzulande als &#8222;Einkaufsmanagerindex&#8220; bekannt und geh\u00f6rt zu den wichtigsten Fr\u00fchindikatoren zur Beurteilung der Konjunktur und der allgemeinen wirtschaftlichen Gesundheit. Im Oktober lag er den vierten Monat in Folge unter der Marke von 50, die Wirtschaftswachstum von Kontraktion trennt. Er fiel von 48,1 im September auf 47,1 im Oktober und somit auf den niedrigsten Wert seit November 2020. Laut <em>Reuters<\/em> zeigt die L\u00e4nderaufschl\u00fcsselung, dass &#8222;Deutschland in viel gr\u00f6\u00dferen wirtschaftlichen Schwierigkeiten steckt als Frankreich&#8220;. Damit h\u00e4tte Deutschlands gr\u00fcne Au\u00dfenministerin mithilfe des gr\u00fcnen Wirtschaftsministers ihr erkl\u00e4rtes Ziel, &#8222;in Europa die F\u00fchrung zu \u00fcbernehmen&#8220;, erreicht.<\/p>\n<p>Die Ank\u00fcndigung\u00a0der BASF letzten Monat, dass der Konzern in Deutschland dauerhaft nach unten gehen, aber in China expandieren w\u00fcrde, war ein erster empfindlicher Schlag f\u00fcr eine Regierung, &#8222;die versucht, Energieknappheit zum Jonglieren mit Klimazielen&#8220; zu missbrauchen, so <em>Oilprice.com<\/em>. &#8222;Der europ\u00e4ische Chemiemarkt w\u00e4chst seit etwa einem Jahrzehnt nur noch schwach, [und] der deutliche Anstieg der Erdgas- und Strompreise im Laufe dieses Jahres setzt die Chemie-Wertsch\u00f6pfungsketten unter Druck&#8220;, hatte der BASF-Vorstandsvorsitzende Martin Bruderm\u00fcller Ende Oktober gesagt.<\/p>\n<p>Es ist jedoch erw\u00e4hnenswert, dass die Energiekrise nicht der einzige Grund f\u00fcr die Pl\u00e4ne\u00a0der\u00a0BASF war, ihre Pr\u00e4senz im Inland zu verringern und im Ausland zu wachsen. Auch die immer strengere EU-Regulierung sei ein Faktor f\u00fcr diese Entscheidung, sagte Bruderm\u00fcller.<\/p>\n<p>Auch andere Branchen scheinen Probleme mit neuen EU-Vorschriften zu haben. Der Handelsverband der Stahl- und Aluminiumindustrie, die ebenfalls erheblich unter der Energiekosteninflation gelitten hat, hatte k\u00fcrzlich vorgeschlagen, dass die EU mit ihrem neuen grenz\u00fcberschreitenden Anpassungsmechanismus, auch bekannt als die Importkohlenstoffsteuer, einen schrittweisen Ansatz verfolgt.<\/p>\n<p>Die CBAM wurde konzipiert, um gleiche Wettbewerbsbedingungen f\u00fcr europ\u00e4ische Industrieunternehmen zu schaffen, die strengen Emissionsvorschriften<a>\u00a0<\/a>unterliegen. Dadurch wird die Produktion in der EU zus\u00e4tzlich zu den h\u00f6heren Rohstoffpreisen noch teurer als die Produktion in L\u00e4ndern mit laxeren Emissionsstandards. Die CBAM-Steuer ist also eine Art Schutzzoll\u00a0f\u00fcr die k\u00fcnstlich verteuerte Produktion der heimischen Produzenten auf dem EU-Binnenmarkt, nat\u00fcrlich zulasten der Verbraucher und zugunsten der Verk\u00e4ufer und H\u00e4ndler von CO\u2082-&#8222;Verschmutzungsrechten&#8220;. Das w\u00fcrde vor allem wichtige Rohstoffe f\u00fcr die europ\u00e4ische Stahl- und Aluminiumindustrie verteuern.<\/p>\n<p>Der CBAM-Schutzzoll kann zwar die Wettbewerbsf\u00e4higkeit der heimischen Hersteller auf dem EU-Binnenmarkt trotz hoher Kosten aufgrund der strengen EU-Emissionsvorschriften einigerma\u00dfen sichern, aber das funktioniert nicht auf den globalen M\u00e4rkten. Dort werden die in der EU hergestellten, energieintensiven Produkte aufgrund erh\u00f6hter &#8222;politisch-gr\u00fcner&#8220; Energiepreise und wegen der zus\u00e4tzlichen Kosten der EU-Emissionsvorschriften wegen mangelnder Wettbewerbsf\u00e4higkeit nach und nach aus dem Markt geworfen. Das wird zu Schlie\u00dfungen oder weiterer Auswanderung von Fabriken f\u00fchren, mit entsprechenden Arbeitsplatz-\u00a0und Einkommensverlusten\u00a0sowie Verarmung fr\u00fcherer florierender Industrieregionen.<\/p>\n<p>Ein Zehntel der europ\u00e4ischen Rohstahlproduktionskapazit\u00e4t ist nach Industrie-Sch\u00e4tzungen bereits stillgelegt. Alle Zinkh\u00fctten haben die Produktion gedrosselt, und einige haben geschlossen. Die H\u00e4lfte der prim\u00e4ren Aluminiumproduktion wurde ebenfalls stillgelegt. Und bei D\u00fcngemitteln sind 70 Prozent der Fabriken wegen der Energieknappheit stillgelegt.<\/p>\n<p>Auch Chemiebetriebe drosseln ihre Aktivit\u00e4ten, Ferrolegierungs\u00f6fen sind kalt und auch die Kunststoff- und Keramikfertigung schrumpft.<\/p>\n<p>Die erschreckenden Aussichten auf den Abstieg Deutschlands auf das Niveau eines Entwicklungslandes scheint die gr\u00fcnen &#8222;Klima-Fanatiker&#8220; absolut kaltzulassen. Vielmehr scheinen sie sich diesen Zustand und die Umwandlung von Deutschland in ein von Blumen geschm\u00fccktes Bio-Agrarland geradezu herbeizuw\u00fcnschen. In letzter Zeit erscheinen vermehrt Artikel, die in der aktuellen &#8222;<a href=\"https:\/\/www.google.de\/search?q=energie+krise+chance+f%C3%BCr+das+klima&amp;biw=1280&amp;bih=627&amp;sxsrf=ALiCzsZOOi8W5GVJKBw2fSc7Rxop3qtucA%3A1667841321042&amp;ei=KT1pY5mVAomUxc8Pi5OhkAk&amp;oq=energie+krise+chance+f%C3%BCr+Klima&amp;gs_lcp=Cgxnd3Mtd2l6LXNlcnAQARgAMggIIRDDBBCgAToKCAAQRxDWBBCwAzoFCAAQogQ6CgghEMMEEAoQoAE6BwgAEB4QogRKBAhBGABKBAhGGABQ0wxYlVpginJoAXABeACAAc8BiAHkDJIBBTMuOC4ymAEAoAEByAEIwAEB&amp;sclient=gws-wiz-serp\">Energiekrise eine Chance f\u00fcr das Klima<\/a>&#8220;\u00a0sehen. Daf\u00fcr muss man schon ein starkes Kraut rauchen, um so etwas zu schreiben.<\/p>\n<p style=\"text-align: right;\"><em>Rainer Rupp ist Mitglied des Beirats des Deutschen Freidenker-Verbandes<\/em><\/p>\n<hr \/>\n<p><span style=\"font-size: 10pt;\">Bild oben: <a href=\"https:\/\/pixabay.com\/de\/photos\/lost-places-fabrik-urbex-halle-3994109\/\" target=\"_blank\" rel=\"noopener\">pixabay.com<\/a> \/ User: <a class=\"hover_opacity\" href=\"https:\/\/pixabay.com\/de\/users\/652234-652234\/\">652234<\/a> \/ <a href=\"https:\/\/pixabay.com\/de\/service\/license\/\">Pixabay License<\/a><\/span><\/p>\n","protected":false},"excerpt":{"rendered":"<p><b>Beitrag von Rainer Rupp<\/b><br \/>\nDie wahnsinnigen Selbstmord-Sanktionen gegen \u00d6l und Gas\u00a0sowie andere f\u00fcr unsere Wirtschaft existenziell wichtige Rohstoffe und industrielle Halbwaren aus Russland f\u00fchren zu einer unvorstellbaren Deindustrialisierung Europas. Schritt f\u00fcr Schritt scheinen sich unaufhaltsam die schlimmsten Bef\u00fcrchtungen zu bewahrheiten.\u00a0Diese Katastrophe w\u00e4re f\u00fcr die V\u00f6lker Europas, vor allem f\u00fcr Deutschland,\u00a0jedoch leicht vermeidbar gewesen.\u00a0Doch die elit\u00e4re Blase unserer Regierungspolitiker, deren Karrieren und Wohlstand von ihrer Unterw\u00fcrfigkeit\u00a0gegen\u00fcber den W\u00fcnschen und Interessen Washingtons abh\u00e4ngen, hat es vorgezogen, skrupellos die Zukunft der Menschen des eigenen Landes zugunsten strategischer US-Interessen zu verkaufen.<\/p>\n","protected":false},"author":3,"featured_media":14658,"comment_status":"closed","ping_status":"closed","sticky":false,"template":"","format":"standard","meta":{"colormag_page_container_layout":"default_layout","colormag_page_sidebar_layout":"default_layout","advanced_seo_description":"","jetpack_seo_html_title":"","jetpack_seo_noindex":false,"jetpack_post_was_ever_published":false,"footnotes":""},"categories":[11],"tags":[1170,1642,1473,1328,182,1285,72,185,1528],"class_list":["post-14656","post","type-post","status-publish","format-standard","has-post-thumbnail","hentry","category-arbeit-soziales","tag-co2","tag-deindustrialisierung","tag-erdgas","tag-erdoel","tag-eu","tag-fracking","tag-klimaschutz","tag-usa","tag-wirtschaftspolitik"],"jetpack_featured_media_url":"https:\/\/i0.wp.com\/www.freidenker.org\/fw17\/wp-content\/uploads\/2022\/11\/lost-places-3994109_800x450.jpg?fit=800%2C450&ssl=1","jetpack_shortlink":"https:\/\/wp.me\/p9stpK-3Oo","jetpack-related-posts":[{"id":19927,"url":"https:\/\/www.freidenker.org\/?p=19927","url_meta":{"origin":14656,"position":0},"title":"FREIDENKER 3-24 EXTRA \u2013 Deindustrialisierung","author":"Webredaktion","date":"27. September 2024","format":false,"excerpt":"Die Ausgabe 3-24 EXTRA des Verbandsorgans FREIDENKER hat das Schwerpunkt-Thema \u201eDeindustrialisierung\u201c und enth\u00e4lt u.a. folgende Beitr\u00e4ge: - Klaus Hartmann: Die Ideologie der Produktivkraftvernichtung - Manfred Sohn: Der Abstieg von \u201eMade in Germany\u201c \u2013 Aspekte der Deindustrialisierung des imperialistischen Deutschlands - Wolfgang Beck: Alles hat ein Ende \u2013 auch die Marktwirtschaft\u2026","rel":"","context":"In &quot;Verbandsorgan FREIDENKER&quot;","block_context":{"text":"Verbandsorgan FREIDENKER","link":"https:\/\/www.freidenker.org\/?cat=8"},"img":{"alt_text":"","src":"https:\/\/i0.wp.com\/www.freidenker.org\/fw17\/wp-content\/uploads\/2024\/09\/FD_2024-03_Titel_mR.jpg?fit=800%2C445&ssl=1&resize=350%2C200","width":350,"height":200,"srcset":"https:\/\/i0.wp.com\/www.freidenker.org\/fw17\/wp-content\/uploads\/2024\/09\/FD_2024-03_Titel_mR.jpg?fit=800%2C445&ssl=1&resize=350%2C200 1x, https:\/\/i0.wp.com\/www.freidenker.org\/fw17\/wp-content\/uploads\/2024\/09\/FD_2024-03_Titel_mR.jpg?fit=800%2C445&ssl=1&resize=525%2C300 1.5x, https:\/\/i0.wp.com\/www.freidenker.org\/fw17\/wp-content\/uploads\/2024\/09\/FD_2024-03_Titel_mR.jpg?fit=800%2C445&ssl=1&resize=700%2C400 2x"},"classes":[]},{"id":15574,"url":"https:\/\/www.freidenker.org\/?p=15574","url_meta":{"origin":14656,"position":1},"title":"Konferenz zur Einigung des Widerstandes gegen den US\/NATO-Krieg in der Ukraine","author":"Webredaktion","date":"23. M\u00e4rz 2023","format":false,"excerpt":"von Rainer Rupp Mit tagt\u00e4glichen Herz-Schmerz-Geschichten aus der Ukraine und mit Hilfe linkssektiererischer Str\u00f6mungen wurde die Antikriegs-Bewegung gespalten und weitgehend gel\u00e4hmt. Zugleich vollzieht sich hinter den Kulissen Bidens Reindustrialisierung der USA auf Kosten der Deindustrialisierung Deutschlands. Die Ukraine und Deutschland werden zugleich von den transatlantischen Eliten verheizt, wenn auch auf\u2026","rel":"","context":"In &quot;Frieden - Antifaschismus - Solidarit\u00e4t&quot;","block_context":{"text":"Frieden - Antifaschismus - Solidarit\u00e4t","link":"https:\/\/www.freidenker.org\/?cat=13"},"img":{"alt_text":"","src":"https:\/\/i0.wp.com\/www.freidenker.org\/fw17\/wp-content\/uploads\/2023\/03\/aufstand_fuer_frieden_20230225_142740_800x450.jpg?fit=800%2C450&ssl=1&resize=350%2C200","width":350,"height":200,"srcset":"https:\/\/i0.wp.com\/www.freidenker.org\/fw17\/wp-content\/uploads\/2023\/03\/aufstand_fuer_frieden_20230225_142740_800x450.jpg?fit=800%2C450&ssl=1&resize=350%2C200 1x, https:\/\/i0.wp.com\/www.freidenker.org\/fw17\/wp-content\/uploads\/2023\/03\/aufstand_fuer_frieden_20230225_142740_800x450.jpg?fit=800%2C450&ssl=1&resize=525%2C300 1.5x, https:\/\/i0.wp.com\/www.freidenker.org\/fw17\/wp-content\/uploads\/2023\/03\/aufstand_fuer_frieden_20230225_142740_800x450.jpg?fit=800%2C450&ssl=1&resize=700%2C400 2x"},"classes":[]},{"id":16858,"url":"https:\/\/www.freidenker.org\/?p=16858","url_meta":{"origin":14656,"position":2},"title":"Deutschland steigt ab","author":"Webredaktion","date":"30. August 2023","format":false,"excerpt":"Beitrag von Thomas R\u00f6per Dass Russland Deutschland im Jahr 2022 wirtschaftlich \u00fcberholt und vom f\u00fcnften Platz der weltweiten Volkswirtschaften verdr\u00e4ngt hat, habe ich schon berichtet. Und auch die Gr\u00fcnde sind offensichtlich, denn der Grund f\u00fcr die Schw\u00e4che der deutschen Wirtschaft sind die explodierten Energiepreise, die wiederum eine direkte Folge der\u2026","rel":"","context":"In &quot;Arbeit &amp; Soziales&quot;","block_context":{"text":"Arbeit &amp; Soziales","link":"https:\/\/www.freidenker.org\/?cat=11"},"img":{"alt_text":"","src":"https:\/\/i0.wp.com\/www.freidenker.org\/fw17\/wp-content\/uploads\/2023\/08\/aquila-7695522_800x450.jpg?fit=800%2C450&ssl=1&resize=350%2C200","width":350,"height":200,"srcset":"https:\/\/i0.wp.com\/www.freidenker.org\/fw17\/wp-content\/uploads\/2023\/08\/aquila-7695522_800x450.jpg?fit=800%2C450&ssl=1&resize=350%2C200 1x, https:\/\/i0.wp.com\/www.freidenker.org\/fw17\/wp-content\/uploads\/2023\/08\/aquila-7695522_800x450.jpg?fit=800%2C450&ssl=1&resize=525%2C300 1.5x, https:\/\/i0.wp.com\/www.freidenker.org\/fw17\/wp-content\/uploads\/2023\/08\/aquila-7695522_800x450.jpg?fit=800%2C450&ssl=1&resize=700%2C400 2x"},"classes":[]},{"id":22108,"url":"https:\/\/www.freidenker.org\/?p=22108","url_meta":{"origin":14656,"position":3},"title":"Deutschlands industrieller Niedergang setzt sich fort","author":"Webredaktion","date":"13. Juni 2025","format":false,"excerpt":"Beitrag von Rainer Rupp Einst das industrielle Kraftzentrum Europas, rutscht Deutschland immer tiefer in eine beispiellose, selbstgemachte Wirtschaftskrise. Unser Land gilt jetzt als \"kranker Mann Europas\". Schlimm genug \u2012 aber noch schlimmer ist: Beim derzeitigen politischen F\u00fchrungspersonal ist keine Besserung in Sicht. Ein Anstieg der Unternehmensinsolvenzen, r\u00fcckl\u00e4ufige Industrieproduktion und strukturelle\u2026","rel":"","context":"In &quot;Arbeit &amp; Soziales&quot;","block_context":{"text":"Arbeit &amp; Soziales","link":"https:\/\/www.freidenker.org\/?cat=11"},"img":{"alt_text":"","src":"https:\/\/i0.wp.com\/www.freidenker.org\/fw17\/wp-content\/uploads\/2025\/06\/Duisburg_Landschaftspark_Duisburg-Nord_Hochofen_2_-_2016_-_1115_800x450.jpg?fit=800%2C450&ssl=1&resize=350%2C200","width":350,"height":200,"srcset":"https:\/\/i0.wp.com\/www.freidenker.org\/fw17\/wp-content\/uploads\/2025\/06\/Duisburg_Landschaftspark_Duisburg-Nord_Hochofen_2_-_2016_-_1115_800x450.jpg?fit=800%2C450&ssl=1&resize=350%2C200 1x, https:\/\/i0.wp.com\/www.freidenker.org\/fw17\/wp-content\/uploads\/2025\/06\/Duisburg_Landschaftspark_Duisburg-Nord_Hochofen_2_-_2016_-_1115_800x450.jpg?fit=800%2C450&ssl=1&resize=525%2C300 1.5x, https:\/\/i0.wp.com\/www.freidenker.org\/fw17\/wp-content\/uploads\/2025\/06\/Duisburg_Landschaftspark_Duisburg-Nord_Hochofen_2_-_2016_-_1115_800x450.jpg?fit=800%2C450&ssl=1&resize=700%2C400 2x"},"classes":[]},{"id":16079,"url":"https:\/\/www.freidenker.org\/?p=16079","url_meta":{"origin":14656,"position":4},"title":"Kleben f\u00fcr den Frieden","author":"Webredaktion","date":"17. Mai 2023","format":false,"excerpt":"Wie RT berichtet, erhielt der AfD-Bundestagsabgeordnete Carsten Hilse k\u00fcrzlich einen Ordnungsruf von Bundestagsvizepr\u00e4sidentin G\u00f6ring-Eckhardt (Gr\u00fcne), weil er den hier abgebildeten Aufkleber auf seine Mappe und seinen Computer geklebt hatte. Der getroffene Hund bellt, kann man da sagen, denn die Aussage des Aufklebers ist auf mehreren Ebenen zutreffend. \"Wer Gr\u00fcn w\u00e4hlt,\u2026","rel":"","context":"In &quot;Frieden - Antifaschismus - Solidarit\u00e4t&quot;","block_context":{"text":"Frieden - Antifaschismus - Solidarit\u00e4t","link":"https:\/\/www.freidenker.org\/?cat=13"},"img":{"alt_text":"","src":"https:\/\/i0.wp.com\/www.freidenker.org\/fw17\/wp-content\/uploads\/2023\/05\/sticker_wer-gruen-waehlt_800x450.jpg?fit=800%2C450&ssl=1&resize=350%2C200","width":350,"height":200,"srcset":"https:\/\/i0.wp.com\/www.freidenker.org\/fw17\/wp-content\/uploads\/2023\/05\/sticker_wer-gruen-waehlt_800x450.jpg?fit=800%2C450&ssl=1&resize=350%2C200 1x, https:\/\/i0.wp.com\/www.freidenker.org\/fw17\/wp-content\/uploads\/2023\/05\/sticker_wer-gruen-waehlt_800x450.jpg?fit=800%2C450&ssl=1&resize=525%2C300 1.5x, https:\/\/i0.wp.com\/www.freidenker.org\/fw17\/wp-content\/uploads\/2023\/05\/sticker_wer-gruen-waehlt_800x450.jpg?fit=800%2C450&ssl=1&resize=700%2C400 2x"},"classes":[]},{"id":15050,"url":"https:\/\/www.freidenker.org\/?p=15050","url_meta":{"origin":14656,"position":5},"title":"Faltblatt: Arbeit, Heizung, Brot  und ein bezahlbares Leben!","author":"Webredaktion","date":"24. Januar 2023","format":false,"excerpt":"Der Deutsche Freidenker-Verband hat ein aktuelles Faltblatt herausgegeben. Wir ver\u00f6ffentlichen hier den Text und bieten das gesamte Faltblatt zum Download an. Deutschland wird an die Wand gefahren. \u201eDie d\u00fcmmste Regierung in Europa\u201c (Sahra Wagenknecht) verfolgt verbissen ihre wahnhafte Idee, gegen unseren wichtigsten Energielieferanten einen Wirtschaftskrieg zu f\u00fchren. Industrie und private\u2026","rel":"","context":"In &quot;Arbeit &amp; Soziales&quot;","block_context":{"text":"Arbeit &amp; Soziales","link":"https:\/\/www.freidenker.org\/?cat=11"},"img":{"alt_text":"","src":"https:\/\/i0.wp.com\/www.freidenker.org\/fw17\/wp-content\/uploads\/2023\/01\/arbeit-heizung-brot_800x450-1.jpg?fit=800%2C450&ssl=1&resize=350%2C200","width":350,"height":200,"srcset":"https:\/\/i0.wp.com\/www.freidenker.org\/fw17\/wp-content\/uploads\/2023\/01\/arbeit-heizung-brot_800x450-1.jpg?fit=800%2C450&ssl=1&resize=350%2C200 1x, https:\/\/i0.wp.com\/www.freidenker.org\/fw17\/wp-content\/uploads\/2023\/01\/arbeit-heizung-brot_800x450-1.jpg?fit=800%2C450&ssl=1&resize=525%2C300 1.5x, https:\/\/i0.wp.com\/www.freidenker.org\/fw17\/wp-content\/uploads\/2023\/01\/arbeit-heizung-brot_800x450-1.jpg?fit=800%2C450&ssl=1&resize=700%2C400 2x"},"classes":[]}],"_links":{"self":[{"href":"https:\/\/www.freidenker.org\/index.php?rest_route=\/wp\/v2\/posts\/14656","targetHints":{"allow":["GET"]}}],"collection":[{"href":"https:\/\/www.freidenker.org\/index.php?rest_route=\/wp\/v2\/posts"}],"about":[{"href":"https:\/\/www.freidenker.org\/index.php?rest_route=\/wp\/v2\/types\/post"}],"author":[{"embeddable":true,"href":"https:\/\/www.freidenker.org\/index.php?rest_route=\/wp\/v2\/users\/3"}],"replies":[{"embeddable":true,"href":"https:\/\/www.freidenker.org\/index.php?rest_route=%2Fwp%2Fv2%2Fcomments&post=14656"}],"version-history":[{"count":0,"href":"https:\/\/www.freidenker.org\/index.php?rest_route=\/wp\/v2\/posts\/14656\/revisions"}],"wp:featuredmedia":[{"embeddable":true,"href":"https:\/\/www.freidenker.org\/index.php?rest_route=\/wp\/v2\/media\/14658"}],"wp:attachment":[{"href":"https:\/\/www.freidenker.org\/index.php?rest_route=%2Fwp%2Fv2%2Fmedia&parent=14656"}],"wp:term":[{"taxonomy":"category","embeddable":true,"href":"https:\/\/www.freidenker.org\/index.php?rest_route=%2Fwp%2Fv2%2Fcategories&post=14656"},{"taxonomy":"post_tag","embeddable":true,"href":"https:\/\/www.freidenker.org\/index.php?rest_route=%2Fwp%2Fv2%2Ftags&post=14656"}],"curies":[{"name":"wp","href":"https:\/\/api.w.org\/{rel}","templated":true}]}}