{"id":14641,"date":"2022-11-13T21:12:50","date_gmt":"2022-11-13T20:12:50","guid":{"rendered":"https:\/\/www.freidenker.org\/?p=14641"},"modified":"2022-12-06T03:01:50","modified_gmt":"2022-12-06T02:01:50","slug":"video-ami-go-home","status":"publish","type":"post","link":"https:\/\/www.freidenker.org\/?p=14641","title":{"rendered":"Video: Ami go home"},"content":{"rendered":"<p><em>von <strong>Ernst Busch<\/strong> 1951 &#8211; <strong>Diether Dehm<\/strong> 05.11.2022<\/em><\/p>\n<p><span style=\"font-size: 10pt;\">Erstver\u00f6ffentlichung auf <a href=\"https:\/\/weltnetz.tv\/video\/2778-ami-go-home\" target=\"_blank\" rel=\"noopener\">weltnetz.tv<\/a><\/span><\/p>\n<div class=\"field field-name-field-description field-type-text-long field-label-hidden\">\n<div class=\"field-items\">\n<div class=\"field-item even\">\n<div class=\"jetpack-video-wrapper\"><span class=\"embed-youtube\" style=\"text-align:center; display: block;\"><iframe loading=\"lazy\" class=\"youtube-player\" width=\"800\" height=\"450\" src=\"https:\/\/www.youtube.com\/embed\/czUmch_ENek?version=3&#038;rel=1&#038;showsearch=0&#038;showinfo=1&#038;iv_load_policy=1&#038;fs=1&#038;hl=de-DE&#038;autohide=2&#038;wmode=transparent\" allowfullscreen=\"true\" style=\"border:0;\" sandbox=\"allow-scripts allow-same-origin allow-popups allow-presentation allow-popups-to-escape-sandbox\"><\/iframe><\/span><\/div>\n<p><span style=\"font-size: 10pt;\">Direktlink zum Video von weltnetz.tv auf YouTube: <a href=\"https:\/\/www.youtube.com\/watch?v=czUmch_ENek\" target=\"_blank\" rel=\"noopener\">https:\/\/www.youtube.com\/watch?v=czUmch_ENek<\/a><\/span><\/p>\n<p>&nbsp;<\/p>\n<p>Es war am Samstag ein Hochgef\u00fchl f\u00fcr uns alle an der B\u00fchne (Gabriele Gysi, Frederike DeBruin und Jens Fischer Rodrian) wie da Hunderte mitsangen beim \u201eAmi go home\u201c. W\u00e4hrend ich am Alex sang, demonstrierten 1000de in Rom ebenfalls gegen den NATO-Faschismus in der Ukraine.<\/p>\n<p>Danach ging unser Song viral echt \u00fcberall rum. Aber lassen wir uns Augenzwinkern und Klugheit nicht nehmen. Darum werde ich die n\u00e4chsten Tagen in einer marxistischen Zeitschrift begr\u00fcnden, warum dieser Song, unser Einsatz f\u00fcr nationale Souver\u00e4nit\u00e4t gegen US-Atomraketen in Ramstein antiimperialistisch ist &#8211; und antinationalISTISCH. (By the way: es w\u00e4re f\u00fcr unsere amerikanischen Freunde echt \u201ehilfreich\u201c, wenn der Song in ganz Deutschland mitgesungen w\u00fcrde).<\/p>\n<p>Darum hier der Text:<\/p>\n<p><strong>Ami go home<\/strong><\/p>\n<p>Intro:<br \/>\nEs kennt, was ein wirklicher Freund ist<br \/>\nden Zeitpunkt, wo man sich verpisst:<\/p>\n<p>Refr<br \/>\nAmigo, Amigo, Ami go home<br \/>\nvon Ramstein bis Rom:<br \/>\nSingen wir:<br \/>\nAmi go home<\/p>\n<p>1.<br \/>\nMuhammed Ali war f\u00fcr uns der Gr\u00f6\u00dfte<br \/>\nsagte damals zu dir: besser gehste<br \/>\nmit deinen GIs, where you come from<br \/>\nund die Welt sang mit: Ami go home!<br \/>\nRefr.<\/p>\n<p>2.<br \/>\nWir sehn uns bestimmt mal wo wieder<br \/>\npaar Hollywoodfilme warn sch\u00f6n<br \/>\nwir sing\u2019n deine und unsere Lieder<br \/>\ndoch Du, Ami, musst leider gehn<br \/>\nRefr.<\/p>\n<p>3.<br \/>\nDein Starbucks, ja und Dein\u00a0 Amazon<br \/>\nzahl`n nicht Steuern, zahln kein `n echten Lohn<br \/>\nDein Fracking-Gas\u00a0 &#8211; die CIA<br \/>\nkomm\u00b4n zu teuer uns und tun uns weh<br \/>\nRefr.<\/p>\n<p>4.<br \/>\nWir sind kein Amiland sondern Deutschland<br \/>\nVom Alten Fritz geht das bis Marx<br \/>\nVon Luther bis Beethoven, Kant<br \/>\nden Sozialstaatsgesetzen Bismarks<br \/>\nRefr.<\/p>\n<p>5.<br \/>\nZwar wurd\u00b4 hier viel Scheiss\u2018 auch\u00a0 gebaut<br \/>\ndoch im Arsch Andrer ist`s auch nicht sch\u00f6n<br \/>\ndie kleinen Leut warn hier zu kleinlaut<br \/>\naber heut\u00b4 singen wir souver\u00e4n:<br \/>\nRefr.<\/p>\n<p>6.<br \/>\nWollen kein fremdes \u00d6l mehr befreien<br \/>\nnie Rampe f\u00fcr`n Weltkrieg mehr sein<br \/>\nstatt Raketen gef\u00fcllt mit Atom<br \/>\nwolln wir Frieden, drum: Ami go home!<\/p>\n<p>Refr<br \/>\n&#8230; Servus, Goodbye, Shalom<br \/>\nAmi go home<\/p>\n<p>&nbsp;<\/p>\n<p style=\"text-align: right;\"><em>Dr. Diether Dehm ist Mitglied des Deutschen Freidenker-Verbandes und seines Beirats<\/em><\/p>\n<hr \/>\n<h5>Kommentar der Nachdenkseiten<\/h5>\n<p><span style=\"font-size: 10pt;\">ver\u00f6ffentlicht am 07.11.2022 auf <a href=\"https:\/\/www.nachdenkseiten.de\/?p=90100\" target=\"_blank\" rel=\"noopener\">nachdenkseiten.de<\/a><\/span><\/p>\n<p>Diether Dehm hat ein aktuelles Thema aufgegriffen, einen Text formuliert und gesungen. Wenn wir in Frieden und im gemeinsamen, friedlichen Haus von Lissabon bis Wladiwostok leben wollen, dann wird das wahrscheinlich nur gehen, wenn unsere Freunde sich \u00fcber den Atlantik zur\u00fcckziehen. Allerdings muss ein gewaltiges St\u00fcck Aufkl\u00e4rungsarbeit geleistet werden, bis die europ\u00e4ischen V\u00f6lker das mit Nachdruck verlangen.<br \/>\n<span id=\"more-90100\"><\/span><\/p>\n<hr \/>\n<p><span style=\"font-size: 10pt;\">Bild oben: Screenshot aus dem <a href=\"https:\/\/www.youtube.com\/watch?v=czUmch_ENek\" target=\"_blank\" rel=\"noopener\">Video von weltnetz.tv<\/a><\/span><\/p>\n<\/div>\n<\/div>\n<\/div>\n","protected":false},"excerpt":{"rendered":"<p><b>Video von Diether Dehm<\/b><br \/>\nEs war am Samstag ein Hochgef\u00fchl f\u00fcr uns alle an der B\u00fchne wie da Hunderte mitsangen beim \u201eAmi go home\u201c. W\u00e4hrend ich am Alex sang, demonstrierten 1000de in Rom ebenfalls gegen den NATO-Faschismus in der Ukraine. Danach ging unser Song viral echt \u00fcberall rum. Aber lassen wir uns Augenzwinkern und Klugheit nicht nehmen. Darum werde ich die n\u00e4chsten Tagen in einer marxistischen Zeitschrift begr\u00fcnden, warum dieser Song, unser Einsatz f\u00fcr nationale Souver\u00e4nit\u00e4t gegen US-Atomraketen in Ramstein antiimperialistisch ist &#8211; und antinationalistisch. (By the way: es w\u00e4re f\u00fcr unsere amerikanischen Freunde echt \u201ehilfreich\u201c, wenn der Song in ganz Deutschland mitgesungen w\u00fcrde). Darum hier der Text &#8230;<\/p>\n","protected":false},"author":3,"featured_media":14642,"comment_status":"closed","ping_status":"closed","sticky":false,"template":"","format":"standard","meta":{"colormag_page_container_layout":"default_layout","colormag_page_sidebar_layout":"default_layout","advanced_seo_description":"","jetpack_seo_html_title":"","jetpack_seo_noindex":false,"jetpack_post_was_ever_published":false,"footnotes":""},"categories":[13,913],"tags":[1061,1358,335,57,939,1068,185],"class_list":["post-14641","post","type-post","status-publish","format-standard","has-post-thumbnail","hentry","category-frieden-antifaschismus-solidaritaet","category-kultur-kunst","tag-atomwaffen","tag-cia","tag-frieden","tag-kriegsgefahr","tag-musik","tag-ramstein","tag-usa"],"jetpack_featured_media_url":"https:\/\/i0.wp.com\/www.freidenker.org\/fw17\/wp-content\/uploads\/2022\/11\/dehm_amigohome_800x450.jpg?fit=800%2C450&ssl=1","jetpack_shortlink":"https:\/\/wp.me\/p9stpK-3O9","jetpack-related-posts":[{"id":16180,"url":"https:\/\/www.freidenker.org\/?p=16180","url_meta":{"origin":14641,"position":0},"title":"Diether Dehms neues Album \u2013 Arbeiterlieder aus mehr als anderthalb Jahrhunderten","author":"Webredaktion","date":"27. Mai 2023","format":false,"excerpt":"Rezension von Eugen Zentner sowie ein Video von weltnetz.tv Die politische und kulturelle Linke befindet sich in einer Sinnkrise. Von den alten Glaubenss\u00e4tzen und \u00dcberzeugungen ist kaum noch etwas \u00fcbriggeblieben. Anstatt sich um die N\u00f6te der sozial Abgeh\u00e4ngten zu k\u00fcmmern, geht es um woke Identit\u00e4tspolitik. Gendersprache, Selbstbestimmungsrechte f\u00fcr Transsexuelle oder\u2026","rel":"","context":"In &quot;Kultur &amp; Kunst&quot;","block_context":{"text":"Kultur &amp; Kunst","link":"https:\/\/www.freidenker.org\/?cat=913"},"img":{"alt_text":"","src":"https:\/\/i0.wp.com\/www.freidenker.org\/fw17\/wp-content\/uploads\/2023\/05\/dehm_arbeiterlieder_800x450.jpg?fit=800%2C450&ssl=1&resize=350%2C200","width":350,"height":200,"srcset":"https:\/\/i0.wp.com\/www.freidenker.org\/fw17\/wp-content\/uploads\/2023\/05\/dehm_arbeiterlieder_800x450.jpg?fit=800%2C450&ssl=1&resize=350%2C200 1x, https:\/\/i0.wp.com\/www.freidenker.org\/fw17\/wp-content\/uploads\/2023\/05\/dehm_arbeiterlieder_800x450.jpg?fit=800%2C450&ssl=1&resize=525%2C300 1.5x, https:\/\/i0.wp.com\/www.freidenker.org\/fw17\/wp-content\/uploads\/2023\/05\/dehm_arbeiterlieder_800x450.jpg?fit=800%2C450&ssl=1&resize=700%2C400 2x"},"classes":[]},{"id":12588,"url":"https:\/\/www.freidenker.org\/?p=12588","url_meta":{"origin":14641,"position":1},"title":"Butscha &#8211; Racak vom 03.04.2022 (Zu meinem Geburtstag)","author":"Webredaktion","date":"10. April 2022","format":false,"excerpt":"Lied von Diether Dehm Zu meinem Geburtstag, Anfang April, mailte mir ein lieber K\u00fcnstler-Kollege das Video mit Rudolf Scharping vom April 1999 mit der Frage, ob ich einmal so enden wollte, wie mein fr\u00fcherer SPD-Vorsitzender Scharping. Die Fotos aus Racak pr\u00e4sentierten (um das M\u00f6rder-Bombardement auf Belgrad zu legitimieren) angeblich von\u2026","rel":"","context":"In &quot;Frieden - Antifaschismus - Solidarit\u00e4t&quot;","block_context":{"text":"Frieden - Antifaschismus - Solidarit\u00e4t","link":"https:\/\/www.freidenker.org\/?cat=13"},"img":{"alt_text":"","src":"https:\/\/i0.wp.com\/www.freidenker.org\/fw17\/wp-content\/uploads\/2022\/04\/dehm_scharping_800x450.jpg?fit=800%2C450&ssl=1&resize=350%2C200","width":350,"height":200,"srcset":"https:\/\/i0.wp.com\/www.freidenker.org\/fw17\/wp-content\/uploads\/2022\/04\/dehm_scharping_800x450.jpg?fit=800%2C450&ssl=1&resize=350%2C200 1x, https:\/\/i0.wp.com\/www.freidenker.org\/fw17\/wp-content\/uploads\/2022\/04\/dehm_scharping_800x450.jpg?fit=800%2C450&ssl=1&resize=525%2C300 1.5x, https:\/\/i0.wp.com\/www.freidenker.org\/fw17\/wp-content\/uploads\/2022\/04\/dehm_scharping_800x450.jpg?fit=800%2C450&ssl=1&resize=700%2C400 2x"},"classes":[]},{"id":20811,"url":"https:\/\/www.freidenker.org\/?p=20811","url_meta":{"origin":14641,"position":2},"title":"Video: \u00dcber die Welt, den Weltkrieg, den Weltfrieden","author":"Webredaktion","date":"22. Januar 2025","format":false,"excerpt":"Gespr\u00e4che, Texte, Lieder im Caf\u00e9 Sibylle am Sonntagnachmittag des 12.01.2025 im Anschluss an die Ehrung von Karl Liebknecht und Rosa Luxemburg. Podiumsgespr\u00e4ch der Freidenker mit dem Journalisten Patrick Baab, Klaus Hartmann und Kulturbeitr\u00e4gen von Diether Dehm, Michael Letz und Welislawa Letz Heute tritt in den Vereinigten Staaten von Amerika ein\u2026","rel":"","context":"In &quot;Frieden - Antifaschismus - Solidarit\u00e4t&quot;","block_context":{"text":"Frieden - Antifaschismus - Solidarit\u00e4t","link":"https:\/\/www.freidenker.org\/?cat=13"},"img":{"alt_text":"","src":"https:\/\/i0.wp.com\/www.freidenker.org\/fw17\/wp-content\/uploads\/2025\/01\/sibylle_2025-01_800x450t.jpg?fit=800%2C450&ssl=1&resize=350%2C200","width":350,"height":200,"srcset":"https:\/\/i0.wp.com\/www.freidenker.org\/fw17\/wp-content\/uploads\/2025\/01\/sibylle_2025-01_800x450t.jpg?fit=800%2C450&ssl=1&resize=350%2C200 1x, https:\/\/i0.wp.com\/www.freidenker.org\/fw17\/wp-content\/uploads\/2025\/01\/sibylle_2025-01_800x450t.jpg?fit=800%2C450&ssl=1&resize=525%2C300 1.5x, https:\/\/i0.wp.com\/www.freidenker.org\/fw17\/wp-content\/uploads\/2025\/01\/sibylle_2025-01_800x450t.jpg?fit=800%2C450&ssl=1&resize=700%2C400 2x"},"classes":[]},{"id":8136,"url":"https:\/\/www.freidenker.org\/?p=8136","url_meta":{"origin":14641,"position":3},"title":"Video: Verschw\u00f6rungsmystik oder -theorie?","author":"Webredaktion","date":"25. Mai 2020","format":false,"excerpt":"Videodiskussion von Liudmila Kotlyarova (Sputnik Deutschland) und Diether Dehm (weltnetz.tv) mit Andrej Hunko (MdB DIE LINKE) Wieder einmal gehen f\u00fchrende Genossinnen auf Distanz zu dem stellvertretenen Vorsitzenden der Linksfraktion Andrej Hunko. Wie damals, als Hunko eine Geldspende in ein ostukrainisches Kinderkrankenhaus gebracht oder Venezuelas Regierungschef Nicol\u00e1s Maduro (aber auch dessen\u2026","rel":"","context":"In &quot;Arbeit &amp; Soziales&quot;","block_context":{"text":"Arbeit &amp; Soziales","link":"https:\/\/www.freidenker.org\/?cat=11"},"img":{"alt_text":"","src":"https:\/\/i0.wp.com\/www.freidenker.org\/fw17\/wp-content\/uploads\/2020\/05\/verschwoerungsmystik_oder_verschwoerungstheorie_800x450.jpg?fit=800%2C450&ssl=1&resize=350%2C200","width":350,"height":200,"srcset":"https:\/\/i0.wp.com\/www.freidenker.org\/fw17\/wp-content\/uploads\/2020\/05\/verschwoerungsmystik_oder_verschwoerungstheorie_800x450.jpg?fit=800%2C450&ssl=1&resize=350%2C200 1x, https:\/\/i0.wp.com\/www.freidenker.org\/fw17\/wp-content\/uploads\/2020\/05\/verschwoerungsmystik_oder_verschwoerungstheorie_800x450.jpg?fit=800%2C450&ssl=1&resize=525%2C300 1.5x, https:\/\/i0.wp.com\/www.freidenker.org\/fw17\/wp-content\/uploads\/2020\/05\/verschwoerungsmystik_oder_verschwoerungstheorie_800x450.jpg?fit=800%2C450&ssl=1&resize=700%2C400 2x"},"classes":[]},{"id":15375,"url":"https:\/\/www.freidenker.org\/?p=15375","url_meta":{"origin":14641,"position":4},"title":"Video: Die Friedensbewegung ist zur\u00fcck","author":"Webredaktion","date":"23. Februar 2023","format":false,"excerpt":"Rede und Kulturbeitrag von Diether Dehm auf der Kundgebung zur M\u00fcnchener Sicherheitskonferenz am 18.02.2023 Mit \u00fcber 20 000 Teilnehmern landete \u00a0die lager\u00fcbergreifende Friedenskundgebung zur M\u00fcnchner Sicherheitskonferenz einen super Erfolg. Mit Fug und Recht kann gesagt werden: Die Friedensbewegung ist zur\u00fcck! Diffamierungen im Vorfeld konnten die Mobilisierung nicht verhindern. Z\u00fcge fielen\u2026","rel":"","context":"In &quot;Frieden - Antifaschismus - Solidarit\u00e4t&quot;","block_context":{"text":"Frieden - Antifaschismus - Solidarit\u00e4t","link":"https:\/\/www.freidenker.org\/?cat=13"},"img":{"alt_text":"","src":"https:\/\/i0.wp.com\/www.freidenker.org\/fw17\/wp-content\/uploads\/2023\/02\/Dehm_in_Muenchen_800x450.jpg?fit=800%2C450&ssl=1&resize=350%2C200","width":350,"height":200,"srcset":"https:\/\/i0.wp.com\/www.freidenker.org\/fw17\/wp-content\/uploads\/2023\/02\/Dehm_in_Muenchen_800x450.jpg?fit=800%2C450&ssl=1&resize=350%2C200 1x, https:\/\/i0.wp.com\/www.freidenker.org\/fw17\/wp-content\/uploads\/2023\/02\/Dehm_in_Muenchen_800x450.jpg?fit=800%2C450&ssl=1&resize=525%2C300 1.5x, https:\/\/i0.wp.com\/www.freidenker.org\/fw17\/wp-content\/uploads\/2023\/02\/Dehm_in_Muenchen_800x450.jpg?fit=800%2C450&ssl=1&resize=700%2C400 2x"},"classes":[]},{"id":16461,"url":"https:\/\/www.freidenker.org\/?p=16461","url_meta":{"origin":14641,"position":5},"title":"Das war der Freidenker-Liedersommer 2023","author":"Webredaktion","date":"10. Juli 2023","format":false,"excerpt":"Bilder und Videos Vom 30. Juni bis 2. Juli 2023 fand auf Schloss Auerstedt nahe Bad Sulza der Freidenker-Liedersommer statt. Zu der Veranstaltung in der Liedermacher-Tradition der APO-Zeiten auf Burg Waldeck und des DDR-Pendants \u201eFestival des Politischen Liedes\u201c kamen \u00fcber 100 Besucher. Sie erlebten ein abwechslungsreiches Programm mit gemeinsamem abendlichem\u2026","rel":"","context":"In &quot;Kultur &amp; Kunst&quot;","block_context":{"text":"Kultur &amp; Kunst","link":"https:\/\/www.freidenker.org\/?cat=913"},"img":{"alt_text":"","src":"https:\/\/i0.wp.com\/www.freidenker.org\/fw17\/wp-content\/uploads\/2023\/07\/DasWarDerLiedersommer2023_800x450.jpg?fit=800%2C450&ssl=1&resize=350%2C200","width":350,"height":200,"srcset":"https:\/\/i0.wp.com\/www.freidenker.org\/fw17\/wp-content\/uploads\/2023\/07\/DasWarDerLiedersommer2023_800x450.jpg?fit=800%2C450&ssl=1&resize=350%2C200 1x, https:\/\/i0.wp.com\/www.freidenker.org\/fw17\/wp-content\/uploads\/2023\/07\/DasWarDerLiedersommer2023_800x450.jpg?fit=800%2C450&ssl=1&resize=525%2C300 1.5x, https:\/\/i0.wp.com\/www.freidenker.org\/fw17\/wp-content\/uploads\/2023\/07\/DasWarDerLiedersommer2023_800x450.jpg?fit=800%2C450&ssl=1&resize=700%2C400 2x"},"classes":[]}],"_links":{"self":[{"href":"https:\/\/www.freidenker.org\/index.php?rest_route=\/wp\/v2\/posts\/14641","targetHints":{"allow":["GET"]}}],"collection":[{"href":"https:\/\/www.freidenker.org\/index.php?rest_route=\/wp\/v2\/posts"}],"about":[{"href":"https:\/\/www.freidenker.org\/index.php?rest_route=\/wp\/v2\/types\/post"}],"author":[{"embeddable":true,"href":"https:\/\/www.freidenker.org\/index.php?rest_route=\/wp\/v2\/users\/3"}],"replies":[{"embeddable":true,"href":"https:\/\/www.freidenker.org\/index.php?rest_route=%2Fwp%2Fv2%2Fcomments&post=14641"}],"version-history":[{"count":0,"href":"https:\/\/www.freidenker.org\/index.php?rest_route=\/wp\/v2\/posts\/14641\/revisions"}],"wp:featuredmedia":[{"embeddable":true,"href":"https:\/\/www.freidenker.org\/index.php?rest_route=\/wp\/v2\/media\/14642"}],"wp:attachment":[{"href":"https:\/\/www.freidenker.org\/index.php?rest_route=%2Fwp%2Fv2%2Fmedia&parent=14641"}],"wp:term":[{"taxonomy":"category","embeddable":true,"href":"https:\/\/www.freidenker.org\/index.php?rest_route=%2Fwp%2Fv2%2Fcategories&post=14641"},{"taxonomy":"post_tag","embeddable":true,"href":"https:\/\/www.freidenker.org\/index.php?rest_route=%2Fwp%2Fv2%2Ftags&post=14641"}],"curies":[{"name":"wp","href":"https:\/\/api.w.org\/{rel}","templated":true}]}}