{"id":14621,"date":"2022-11-07T01:00:51","date_gmt":"2022-11-07T00:00:51","guid":{"rendered":"https:\/\/www.freidenker.org\/?p=14621"},"modified":"2023-09-14T01:23:39","modified_gmt":"2023-09-13T23:23:39","slug":"freidenker-zitate-zum-nachdenken","status":"publish","type":"post","link":"https:\/\/www.freidenker.org\/?p=14621","title":{"rendered":"Freidenker-Zitate zum Nachdenken"},"content":{"rendered":"<p><em>Information von<strong> Rainer Ostendorf <\/strong>zur <strong>Webseite &#8222;Freidenker Galerie&#8220;\u00a0<\/strong><\/em><\/p>\n<blockquote><p>&#8222;Freidenker sind diejenigen, die gewillt sind, ihren Verstand zu nutzen, ohne Vorurteile und ohne zu f\u00fcrchten, etwas zu verstehen, das mit ihren eigenen Br\u00e4uchen, Privilegien oder \u00dcberzeugungen kollidiert. Dieser Geisteszustand ist nicht sehr \u00fcblich, aber er ist essenziell f\u00fcr richtiges Denken\u201c.<\/p>\n<p style=\"text-align: right;\">Leo Tolstoi<\/p>\n<\/blockquote>\n<p>Die Freidenker Galerie zeigt in verschiedenen Themen-Galerien ber\u00fchmte Zitate und Spr\u00fcche von ber\u00fchmten Dichtern und Denkern zum Thema Leben &#8211; Zitate, Weisheiten, Aphorismen und Spr\u00fcche, die zum Nachdenken und Schmunzeln anregen. Sie finden in der Online-Galerie Zitate, lustige Spr\u00fcche und weise Spr\u00fcche von Arthur Schopenauer, Friedrich Nietzsche, Sigmund Freud, Hermann Hesse, Albert Einstein, Wilhelm Busch, Joachim Ringelnatz und anderen ber\u00fchmten Dichtern und Denkern. In der Freidenker Galerie geben sie kurze Antworten auf die gro\u00dfen Fragen des Lebens.<\/p>\n<p>Diese Themenausstellungen finden Sie in der Galerie: Was ist der Sinn des Lebens? Was ist Liebe? Was ist Gl\u00fcck? Was ist Wahrheit? Was ist Philosophie? Ist der freie Wille eine Illusion? Was ist Kunst? Was ist Humor? Politik und Religion, Atheismus und Religionskritik, Mann und Frau &#8211; lustige M\u00e4nnerspr\u00fcche und Frauenspr\u00fcche, Heirat und Ehe &#8211; lustige Spr\u00fcche zum Thema Heirat und Ehe, Spr\u00fcche zum Lachen<\/p>\n<p>Die Freidenker Galerie wurde 2011 von Rainer Ostendorf gegr\u00fcndet. Er zeigt in der Galerie viele Bilder, Spr\u00fcche und Gastbeitr\u00e4ge von Autoren und K\u00fcnstlern. Von der Leselupen-Redaktion erhielt seine Freidenker Galerie das Lob &#8222;Ausgezeichnete Literatur-Website&#8220;. Wer philosophische Spr\u00fcche zum Nachdenken mag, der kommt in der Freidenker Galerie auf seine Kosten. Der Besuch lohnt sich!<\/p>\n<p><img data-recalc-dims=\"1\" loading=\"lazy\" decoding=\"async\" data-attachment-id=\"13977\" data-permalink=\"https:\/\/www.freidenker.org\/?attachment_id=13977\" data-orig-file=\"https:\/\/i0.wp.com\/www.freidenker.org\/fw17\/wp-content\/uploads\/2022\/08\/External_Link_24px.jpg?fit=24%2C24&amp;ssl=1\" data-orig-size=\"24,24\" data-comments-opened=\"0\" data-image-meta=\"{&quot;aperture&quot;:&quot;0&quot;,&quot;credit&quot;:&quot;&quot;,&quot;camera&quot;:&quot;&quot;,&quot;caption&quot;:&quot;&quot;,&quot;created_timestamp&quot;:&quot;0&quot;,&quot;copyright&quot;:&quot;&quot;,&quot;focal_length&quot;:&quot;0&quot;,&quot;iso&quot;:&quot;0&quot;,&quot;shutter_speed&quot;:&quot;0&quot;,&quot;title&quot;:&quot;&quot;,&quot;orientation&quot;:&quot;1&quot;}\" data-image-title=\"External_Link_24px icon\" data-image-description=\"\" data-image-caption=\"\" data-large-file=\"https:\/\/i0.wp.com\/www.freidenker.org\/fw17\/wp-content\/uploads\/2022\/08\/External_Link_24px.jpg?fit=24%2C24&amp;ssl=1\" class=\"alignnone size-full wp-image-13977\" src=\"https:\/\/i0.wp.com\/www.freidenker.org\/fw17\/wp-content\/uploads\/2022\/08\/External_Link_24px.jpg?resize=24%2C24&#038;ssl=1\" alt=\"\" width=\"24\" height=\"24\" \/>\u00a0Hier der Link zur Freidenker Galerie: <a class=\"moz-txt-link-freetext\" href=\"https:\/\/www.freidenker-galerie.de\" target=\"_blank\" rel=\"noopener\">https:\/\/www.freidenker-galerie.de<\/a><\/p>\n<p style=\"text-align: right;\"><em>Rainer Ostendorf lebt in Osnabr\u00fcck und ist Buchh\u00e4ndler, Verleger, Autor und Maler<\/em><\/p>\n<hr \/>\n<h5>Ausstellung &#8222;Religionskritik&#8220;<\/h5>\n<blockquote><p>&#8222;Wer in Glaubensfragen den Verstand befragt, kriegt unchristliche Antworten.&#8220;<\/p>\n<p style=\"text-align: right;\">Wilhelm Busch<\/p>\n<\/blockquote>\n<p>Besonders verwiesen sei auf die Ausstellung &#8222;Religionskritik&#8220; innerhalb der Freidenker-Galerie, mit Zitaten und Spr\u00fcchen von ber\u00fchmten Dichtern und Denkern zum Thema Religion und Glauben &#8211; Zitate, die zum Nachdenken und Schmunzeln anregen. Sie finden in der Online-Ausstellung u.a. auch Zitate von Richard Dawkins, Ludwig Feuerbach und Karl Marx und ein lustiges Video mit Hagen Rether (Hagen Rether und der Papst).<\/p>\n<p><img data-recalc-dims=\"1\" loading=\"lazy\" decoding=\"async\" data-attachment-id=\"13977\" data-permalink=\"https:\/\/www.freidenker.org\/?attachment_id=13977\" data-orig-file=\"https:\/\/i0.wp.com\/www.freidenker.org\/fw17\/wp-content\/uploads\/2022\/08\/External_Link_24px.jpg?fit=24%2C24&amp;ssl=1\" data-orig-size=\"24,24\" data-comments-opened=\"0\" data-image-meta=\"{&quot;aperture&quot;:&quot;0&quot;,&quot;credit&quot;:&quot;&quot;,&quot;camera&quot;:&quot;&quot;,&quot;caption&quot;:&quot;&quot;,&quot;created_timestamp&quot;:&quot;0&quot;,&quot;copyright&quot;:&quot;&quot;,&quot;focal_length&quot;:&quot;0&quot;,&quot;iso&quot;:&quot;0&quot;,&quot;shutter_speed&quot;:&quot;0&quot;,&quot;title&quot;:&quot;&quot;,&quot;orientation&quot;:&quot;1&quot;}\" data-image-title=\"External_Link_24px icon\" data-image-description=\"\" data-image-caption=\"\" data-large-file=\"https:\/\/i0.wp.com\/www.freidenker.org\/fw17\/wp-content\/uploads\/2022\/08\/External_Link_24px.jpg?fit=24%2C24&amp;ssl=1\" class=\"alignnone size-full wp-image-13977\" src=\"https:\/\/i0.wp.com\/www.freidenker.org\/fw17\/wp-content\/uploads\/2022\/08\/External_Link_24px.jpg?resize=24%2C24&#038;ssl=1\" alt=\"\" width=\"24\" height=\"24\" \/> Hier der Link zur Ausstellung &#8222;Religionskritik&#8220; in der Freidenker-Galerie : <a href=\"https:\/\/www.freidenker-galerie.de\/acrylbilder-lustige-zitate-politik-und-religion-2\/\" target=\"_blank\" rel=\"noopener\">https:\/\/www.freidenker-galerie.de\/acrylbilder-lustige-zitate-politik-und-religion-2\/<\/a><\/p>\n<hr \/>\n<p><span style=\"font-size: 10pt;\">Beitragsbild oben: Ausschnitt aus der Fotografie &#8222;Leo Tolstoi&#8220;<\/span><br \/>\n<span style=\"font-size: 10pt;\">Foto: Sergei Michailowitsch Prokudin-Gorski &#8211; Gemeinfrei<\/span><br \/>\n<span style=\"font-size: 10pt;\">Quelle: <a href=\"https:\/\/commons.wikimedia.org\/w\/index.php?curid=2324270\" target=\"_blank\" rel=\"noopener\">https:\/\/commons.wikimedia.org\/w\/index.php?curid=2324270<\/a><\/span><\/p>\n","protected":false},"excerpt":{"rendered":"<p><b>Information zur Webseite &#8222;Freidenker-Galerie&#8220; von Rainer Ostendorf<\/b><br \/>\nDie Freidenker Galerie zeigt in verschiedenen Themen-Galerien ber\u00fchmte Zitate und Spr\u00fcche von ber\u00fchmten Dichtern und Denkern zum Thema Leben &#8211; Zitate, Weisheiten, Aphorismen und Spr\u00fcche, die zum Nachdenken und Schmunzeln anregen. Sie finden in der Online-Galerie Zitate, lustige Spr\u00fcche und weise Spr\u00fcche von Arthur Schopenauer, Friedrich Nietzsche, Sigmund Freud, Hermann Hesse, Albert Einstein, Wilhelm Busch, Joachim Ringelnatz und anderen ber\u00fchmten Dichtern und Denkern. In der Freidenker Galerie geben sie kurze Antworten auf die gro\u00dfen Fragen des Lebens.<\/p>\n","protected":false},"author":3,"featured_media":14623,"comment_status":"closed","ping_status":"closed","sticky":false,"template":"","format":"standard","meta":{"colormag_page_container_layout":"default_layout","colormag_page_sidebar_layout":"default_layout","advanced_seo_description":"","jetpack_seo_html_title":"","jetpack_seo_noindex":false,"jetpack_post_was_ever_published":false,"footnotes":""},"categories":[15,16],"tags":[561,54,407,1390,1656,495,279,38,1657],"class_list":["post-14621","post","type-post","status-publish","format-standard","has-post-thumbnail","hentry","category-religions-kirchenkritik","category-weltanschauung-philosophie","tag-atheismus","tag-kirche","tag-kunst","tag-literatur","tag-malerei","tag-philosophie","tag-religionskritik","tag-weltanschauung","tag-zitate"],"jetpack_featured_media_url":"https:\/\/i0.wp.com\/www.freidenker.org\/fw17\/wp-content\/uploads\/2022\/11\/Leo-Tolstoi_800x450.jpg?fit=800%2C450&ssl=1","jetpack_shortlink":"https:\/\/wp.me\/p9stpK-3NP","jetpack-related-posts":[{"id":14186,"url":"https:\/\/www.freidenker.org\/?p=14186","url_meta":{"origin":14621,"position":0},"title":"Der Mensch schuf Gott nach seinem Bilde","author":"Webredaktion","date":"20. September 2022","format":false,"excerpt":"Beitrag von Reinhold Brunner und Referat von Walter Schmid Am 13. September 2022 j\u00e4hrt sich der Todestag von Ludwig Andreas Feuerbach zum 150. Male. Von 1859 bis zu seinem Tode 1872 lebte der Philosoph und Anthropologe im heutigen Stadtteil Rechenberg in N\u00fcrnberg. Seine Werke waren f\u00fcr die deutsche Philosophie und\u2026","rel":"","context":"In &quot;Religions- &amp; Kirchenkritik, S\u00e4kulare Szene&quot;","block_context":{"text":"Religions- &amp; Kirchenkritik, S\u00e4kulare Szene","link":"https:\/\/www.freidenker.org\/?cat=15"},"img":{"alt_text":"","src":"https:\/\/i0.wp.com\/www.freidenker.org\/fw17\/wp-content\/uploads\/2022\/09\/Ludwig_Andreas_Feuerbach_800x450.jpg?fit=800%2C450&ssl=1&resize=350%2C200","width":350,"height":200,"srcset":"https:\/\/i0.wp.com\/www.freidenker.org\/fw17\/wp-content\/uploads\/2022\/09\/Ludwig_Andreas_Feuerbach_800x450.jpg?fit=800%2C450&ssl=1&resize=350%2C200 1x, https:\/\/i0.wp.com\/www.freidenker.org\/fw17\/wp-content\/uploads\/2022\/09\/Ludwig_Andreas_Feuerbach_800x450.jpg?fit=800%2C450&ssl=1&resize=525%2C300 1.5x, https:\/\/i0.wp.com\/www.freidenker.org\/fw17\/wp-content\/uploads\/2022\/09\/Ludwig_Andreas_Feuerbach_800x450.jpg?fit=800%2C450&ssl=1&resize=700%2C400 2x"},"classes":[]},{"id":4223,"url":"https:\/\/www.freidenker.org\/?p=4223","url_meta":{"origin":14621,"position":1},"title":"was &#8211; wie &#8211; warum: Atheistisches Lexikon","author":"Webredaktion","date":"17. Dezember 2006","format":false,"excerpt":"Buchver\u00f6ffentlichung des Deutschen Freidenker-Verbandes - Landesverband NRW Freidenker vertreten eine materialistische Weltanschauung. Deshalb trauen sie den Menschen zu, als gesellschaftliche Wesen und zugleich als Teil der Natur selbst\u00e4ndig und selbstbestimmt ihr Leben im Umgang mit Natur und Gesellschaft zu meistern - ohne dass sie dabei von einem g\u00fctigen oder strafenden\u2026","rel":"","context":"In &quot;B\u00fccher des Verbandes&quot;","block_context":{"text":"B\u00fccher des Verbandes","link":"https:\/\/www.freidenker.org\/?cat=5"},"img":{"alt_text":"","src":"https:\/\/i0.wp.com\/www.freidenker.org\/fw17\/wp-content\/uploads\/2018\/01\/FD_Buch_2006_was-wie-warum.jpg?fit=800%2C445&ssl=1&resize=350%2C200","width":350,"height":200,"srcset":"https:\/\/i0.wp.com\/www.freidenker.org\/fw17\/wp-content\/uploads\/2018\/01\/FD_Buch_2006_was-wie-warum.jpg?fit=800%2C445&ssl=1&resize=350%2C200 1x, https:\/\/i0.wp.com\/www.freidenker.org\/fw17\/wp-content\/uploads\/2018\/01\/FD_Buch_2006_was-wie-warum.jpg?fit=800%2C445&ssl=1&resize=525%2C300 1.5x, https:\/\/i0.wp.com\/www.freidenker.org\/fw17\/wp-content\/uploads\/2018\/01\/FD_Buch_2006_was-wie-warum.jpg?fit=800%2C445&ssl=1&resize=700%2C400 2x"},"classes":[]},{"id":18866,"url":"https:\/\/www.freidenker.org\/?p=18866","url_meta":{"origin":14621,"position":2},"title":"Videos und Galerie: Konferenz Deindustrialisierung","author":"Webredaktion","date":"25. April 2024","format":false,"excerpt":"Am 20.04.2024 fand in Retgendorf bei Schwerin die Konferenz Deindustrialisierung des Deutschen Freidenker-Verbandes statt. Bruno Jeup vom Landesverband Berlin hat die Veranstaltung im Video dokumentiert. Wir ver\u00f6ffentlichen hier die Videos der vier Referate von Klaus Hartmann (\"\"Die Ideologie der Produktivkraftvernichtung\"), Dr. Manfred Sohn (\"Der Abstieg von 'Made in Germany'\"), Dr.\u2026","rel":"","context":"In &quot;Demokratie \u2013 Medien \u2013 Aufkl\u00e4rung&quot;","block_context":{"text":"Demokratie \u2013 Medien \u2013 Aufkl\u00e4rung","link":"https:\/\/www.freidenker.org\/?cat=12"},"img":{"alt_text":"","src":"https:\/\/i0.wp.com\/www.freidenker.org\/fw17\/wp-content\/uploads\/2024\/04\/Retgendorf_Totale_20240420_142853.jpg?fit=800%2C450&ssl=1&resize=350%2C200","width":350,"height":200,"srcset":"https:\/\/i0.wp.com\/www.freidenker.org\/fw17\/wp-content\/uploads\/2024\/04\/Retgendorf_Totale_20240420_142853.jpg?fit=800%2C450&ssl=1&resize=350%2C200 1x, https:\/\/i0.wp.com\/www.freidenker.org\/fw17\/wp-content\/uploads\/2024\/04\/Retgendorf_Totale_20240420_142853.jpg?fit=800%2C450&ssl=1&resize=525%2C300 1.5x, https:\/\/i0.wp.com\/www.freidenker.org\/fw17\/wp-content\/uploads\/2024\/04\/Retgendorf_Totale_20240420_142853.jpg?fit=800%2C450&ssl=1&resize=700%2C400 2x"},"classes":[]},{"id":1474,"url":"https:\/\/www.freidenker.org\/?p=1474","url_meta":{"origin":14621,"position":3},"title":"\u201eEin besseres Leben \u2013 nicht glauben, sondern schaffen!\u201c","author":"Webredaktion","date":"1. Dezember 2006","format":false,"excerpt":"Buchver\u00f6ffentlichung im Eigenverlag des Deutschen Freidenker-Verbandes e.V. Materialien des Symposiums aus Anlass des 200. Geburtstages am 24. Juli 2004 in N\u00fcrnberg Im einleitenden Beitrag unterstreicht der Bundesvorsitzende des DFV, Klaus Hartmann (Offenbach), die Verpflichtung des Deutschen Freidenker-Verbandes, als Weltanschauungsgemeinschaft das vern\u00fcnftige, humanistische und materialistische Denken als sein ureigenstes Erbe zu\u2026","rel":"","context":"In &quot;B\u00fccher des Verbandes&quot;","block_context":{"text":"B\u00fccher des Verbandes","link":"https:\/\/www.freidenker.org\/?cat=5"},"img":{"alt_text":"","src":"https:\/\/i0.wp.com\/www.freidenker.org\/fw17\/wp-content\/uploads\/2006\/12\/FD_Buch_2006_Feuerbach.jpg?fit=800%2C445&ssl=1&resize=350%2C200","width":350,"height":200,"srcset":"https:\/\/i0.wp.com\/www.freidenker.org\/fw17\/wp-content\/uploads\/2006\/12\/FD_Buch_2006_Feuerbach.jpg?fit=800%2C445&ssl=1&resize=350%2C200 1x, https:\/\/i0.wp.com\/www.freidenker.org\/fw17\/wp-content\/uploads\/2006\/12\/FD_Buch_2006_Feuerbach.jpg?fit=800%2C445&ssl=1&resize=525%2C300 1.5x, https:\/\/i0.wp.com\/www.freidenker.org\/fw17\/wp-content\/uploads\/2006\/12\/FD_Buch_2006_Feuerbach.jpg?fit=800%2C445&ssl=1&resize=700%2C400 2x"},"classes":[]},{"id":4943,"url":"https:\/\/www.freidenker.org\/?p=4943","url_meta":{"origin":14621,"position":4},"title":"Erich Wernig: Karl Marx","author":"Webredaktion","date":"24. M\u00e4rz 2018","format":false,"excerpt":"Beitrag von Erich Wernig. Zuerst ver\u00f6ffentlicht in FREIDENKER 2-1983, nachgedruckt in FREIDENKER 1-2018 Der Begr\u00fcnder des wissenschaftlichen Sozialismus wurde am 5. Mai 1818 in Trier geboren und starb am 14. M\u00e4rz 1883 in London. Der 165. Geburtstag und der 100. Todestag im Jahre 1983 waren Anla\u00df, und das wird mit\u2026","rel":"","context":"In &quot;Weltanschauung &amp; Philosophie&quot;","block_context":{"text":"Weltanschauung &amp; Philosophie","link":"https:\/\/www.freidenker.org\/?cat=16"},"img":{"alt_text":"","src":"https:\/\/i0.wp.com\/www.freidenker.org\/fw17\/wp-content\/uploads\/2018\/04\/marx_wernig.jpg?fit=800%2C445&ssl=1&resize=350%2C200","width":350,"height":200,"srcset":"https:\/\/i0.wp.com\/www.freidenker.org\/fw17\/wp-content\/uploads\/2018\/04\/marx_wernig.jpg?fit=800%2C445&ssl=1&resize=350%2C200 1x, https:\/\/i0.wp.com\/www.freidenker.org\/fw17\/wp-content\/uploads\/2018\/04\/marx_wernig.jpg?fit=800%2C445&ssl=1&resize=525%2C300 1.5x, https:\/\/i0.wp.com\/www.freidenker.org\/fw17\/wp-content\/uploads\/2018\/04\/marx_wernig.jpg?fit=800%2C445&ssl=1&resize=700%2C400 2x"},"classes":[]},{"id":4889,"url":"https:\/\/www.freidenker.org\/?p=4889","url_meta":{"origin":14621,"position":5},"title":"Konferenz: Individuum und Gesellschaft \u2013 Menschenbild und Pers\u00f6nlichkeitstheorie im Marxismus","author":"Webredaktion","date":"27. M\u00e4rz 2018","format":false,"excerpt":"\u00d6ffentliche Wissenschaftliche Konferenz zum 200. Geburtstag von Karl Marx am Samstag, 28. April 2018, in Hannover Individuum und Gesellschaft \u2013 Menschenbild und Pers\u00f6nlichkeitstheorie im Marxismus Vortr\u00e4ge und Diskussion: - Was ist der Mensch? (Klaus Hartmann) - Pers\u00f6nlichkeit und sozialer Sinn (Prof. Dr. Wolfgang Jantzen) - Die Leere der Frankfurter Schule\u2026","rel":"","context":"In &quot;Weltanschauung &amp; Philosophie&quot;","block_context":{"text":"Weltanschauung &amp; Philosophie","link":"https:\/\/www.freidenker.org\/?cat=16"},"img":{"alt_text":"","src":"https:\/\/i0.wp.com\/www.freidenker.org\/fw17\/wp-content\/uploads\/2018\/03\/karl-marx-konferenz_800x445.jpg?fit=800%2C445&ssl=1&resize=350%2C200","width":350,"height":200,"srcset":"https:\/\/i0.wp.com\/www.freidenker.org\/fw17\/wp-content\/uploads\/2018\/03\/karl-marx-konferenz_800x445.jpg?fit=800%2C445&ssl=1&resize=350%2C200 1x, https:\/\/i0.wp.com\/www.freidenker.org\/fw17\/wp-content\/uploads\/2018\/03\/karl-marx-konferenz_800x445.jpg?fit=800%2C445&ssl=1&resize=525%2C300 1.5x, https:\/\/i0.wp.com\/www.freidenker.org\/fw17\/wp-content\/uploads\/2018\/03\/karl-marx-konferenz_800x445.jpg?fit=800%2C445&ssl=1&resize=700%2C400 2x"},"classes":[]}],"_links":{"self":[{"href":"https:\/\/www.freidenker.org\/index.php?rest_route=\/wp\/v2\/posts\/14621","targetHints":{"allow":["GET"]}}],"collection":[{"href":"https:\/\/www.freidenker.org\/index.php?rest_route=\/wp\/v2\/posts"}],"about":[{"href":"https:\/\/www.freidenker.org\/index.php?rest_route=\/wp\/v2\/types\/post"}],"author":[{"embeddable":true,"href":"https:\/\/www.freidenker.org\/index.php?rest_route=\/wp\/v2\/users\/3"}],"replies":[{"embeddable":true,"href":"https:\/\/www.freidenker.org\/index.php?rest_route=%2Fwp%2Fv2%2Fcomments&post=14621"}],"version-history":[{"count":0,"href":"https:\/\/www.freidenker.org\/index.php?rest_route=\/wp\/v2\/posts\/14621\/revisions"}],"wp:featuredmedia":[{"embeddable":true,"href":"https:\/\/www.freidenker.org\/index.php?rest_route=\/wp\/v2\/media\/14623"}],"wp:attachment":[{"href":"https:\/\/www.freidenker.org\/index.php?rest_route=%2Fwp%2Fv2%2Fmedia&parent=14621"}],"wp:term":[{"taxonomy":"category","embeddable":true,"href":"https:\/\/www.freidenker.org\/index.php?rest_route=%2Fwp%2Fv2%2Fcategories&post=14621"},{"taxonomy":"post_tag","embeddable":true,"href":"https:\/\/www.freidenker.org\/index.php?rest_route=%2Fwp%2Fv2%2Ftags&post=14621"}],"curies":[{"name":"wp","href":"https:\/\/api.w.org\/{rel}","templated":true}]}}