{"id":14613,"date":"2022-11-05T14:26:09","date_gmt":"2022-11-05T13:26:09","guid":{"rendered":"https:\/\/www.freidenker.org\/?p=14613"},"modified":"2022-12-06T03:01:01","modified_gmt":"2022-12-06T02:01:01","slug":"offenes-bildungswochenende-dialektischer-und-historischer-materialismus","status":"publish","type":"post","link":"https:\/\/www.freidenker.org\/?p=14613","title":{"rendered":"Offenes Bildungswochenende: Dialektischer und historischer Materialismus"},"content":{"rendered":"<p><em><strong>Einladung zu einer Veranstaltung vom 18. bis 20.11.2022 in Quedlinburg<\/strong><\/em><\/p>\n<p>Wie ist es bestellt, um Weltanschauung in unserer Welt und deren Grundlagen?<\/p>\n<p align=\"justify\">Es ist heutzutage nicht einfach mit den Grundlagen weltanschaulichen Denkens, in der Regel findet sich die Gesellschaft auf idealistischen Pfaden, entsprechend der Beantwortung der Grundfrage einer jeden Philosophie.<\/p>\n<p align=\"justify\">Wo in der politischen Praxis auf der einen Seite absolute Gegens\u00e4tze konstruiert und instrumentalisiert werden, wird die Grundfrage der Philosophie in einen gro\u00dfen Topf geschmissen, kr\u00e4ftig umger\u00fchrt und die entstandene geistige Bettelsuppe hei\u00df serviert. Wobei der zweite Teil der Grundfrage, die Frage nach der Erkennbarkeit der Welt, in dieser Suppe g\u00e4nzlich untergeht, oder maximal als ein bescheidenes Fettauge des objektiven Idealismus auf dieser treibt; dabei wird Materialismus in der Regel vulg\u00e4r verstanden und als Teufelswerk betrachtet. So wird diese Frage in den seltensten F\u00e4llen materialistisch beantwortet, denn vorherrschend und sich insbesondere in der aktuellen, westlichen Politik widerspiegelnd, wird diese gar verneint, was sich im aktuell praktizierten Irrationalismus nicht nur spiegelt, sondern zu Tage tritt und mit praktischen Folgen aufwartet.<\/p>\n<p align=\"justify\">Selbes trifft f\u00fcr historische Betrachtungsweise zu; die Welt wird nicht als ein Komplex von Prozessen betrachtet, sondern als ein Komplex von fertigen Dingen, welche scheinbar nicht im Zusammenhang stehen, von historischen Erfahrungen und Erkenntnissen wird ganz abgesehen.<\/p>\n<p align=\"justify\">Ja was ist Materialismus, was Geschichte, was Dialektik und was haben diese miteinander zu tun?<\/p>\n<p align=\"justify\"><span id=\"v1more-931\"><\/span>Um die Welt zu ver\u00e4ndern, bedarf es der Erkenntnis der objektiven Realit\u00e4t, ihrer treibenden Kr\u00e4fte, warum und wohin diese treiben, woher kommen sie und warum wirken sie so und nicht anders? Es ist erforderlich Freiheit im materialistischen Sinne zu erringen und dabei geht es nicht um Freiheiten, wie sie oft im Kampf errungen und von den Herrschenden gern genommen, sondern um Freiheit als das Verh\u00e4ltnis des Menschen zur objektiven Gesetzm\u00e4\u00dfigkeit (Notwendigkeit) in Natur und Gesellschaft, insbesondere der Grad ihrer Erkenntnis und praktischen Beherrschung.<a href=\"https:\/\/kucaf.blogspot.com\/2012\/11\/freiheit.html\" target=\"_blank\" rel=\"noopener noreferrer\">*<\/a><\/p>\n<p align=\"justify\">Sich mit dem dialektischen und historischen Materialismus wieder intensiver zu besch\u00e4ftigen ist ein Gebot der Zeit, oder besser ausgedr\u00fcckt, eine Notwendigkeit, bef\u00f6rdert durch die gegenw\u00e4rtigen Entwicklungen in diesem Land, auf der Suche nach Erkenntnis allgemeiner Zusammenh\u00e4nge und Gesetzm\u00e4\u00dfigkeiten, Ursache \u2013 Wirkung, was sind die treibenden Kr\u00e4fte und wohin f\u00fchrt Entwicklung.<\/p>\n<p align=\"justify\">Aus diesem Grund auch unsere Ambition sich intensiver mit dem Thema auseinanderzusetzen und an den Voraussetzungen, welche Menschen mitbringen, ankn\u00fcpfen, einen Erkenntnisprozess f\u00f6rdernd welcher einem wissenschaftlichen Anspruch gerecht, gesellschaftliche Zusammenh\u00e4nge aufdeckt und objektive Gesetzm\u00e4\u00dfigkeit in Natur und Gesellschaft nicht leugnet, sondern diese zu erkennen hilft. So geht es darum alte Kenntnisse wieder aufzufrischen, neue Kenntnisse zu gewinnen, praktische Erfahrungen auszutauschen und auf Grund des Erfahrungsaustausches F\u00e4higkeiten zu verbessern, diesen in den praktischen Auseinandersetzungen unserer Zeit erfolgreich anzuwenden. Der dialektische und historische Materialismus ist ein unabdingbares Werkzeug im Kampf um dauerhaften gesellschaftlichen Fortschritt.<\/p>\n<p align=\"justify\">Ja es gibt viel zu tun, an einen qualifizierten Austausch zum Thema sind wir interessiert und haben f\u00fcr diesen Monat am 18., 19. und 20.11.2022 eine Veranstaltungen in Quedlinburg zu den Grundlagen des dialektischen und historischen Materialismus angedacht. Freitag w\u00e4re Anreise, am Abend Gespr\u00e4che zum Kennenlernen, Samstag inhaltliche Vortr\u00e4ge und Diskussionen und Sonntag Auswertung und Verabschiedung. Da diese Veranstaltung die erste dieser Art des Landesverbandes des DFV Sachsen-Anhalt ist, k\u00f6nnte sie auch genutzt werden, eine entsprechende Veranstaltungsreihe gemeinsam zu organisieren und inhaltlich zu gestalten.<\/p>\n<p align=\"justify\">Anmeldungen nehmen wir gern entgegen und wir helfen auch bei der Organisation von \u00dcbernachtungsm\u00f6glichkeiten, f\u00fcr jene, welche eine weitere Anreise in Kauf nehmen. Wir sind \u00fcber die E-Mail: <a class=\"v1moz-txt-link-freetext\" href=\"mailto:dfv-sachsen-anhalt@freidenker.org\" rel=\"noreferrer\">dfv-sachsen-anhalt@freidenker.org<\/a> oder telefonisch unter <strong>0171-1996214<\/strong> (Thomas Loch) erreichbar.<\/p>\n<p align=\"justify\"><span style=\"font-size: 10pt;\">Quelle: <a class=\"v1moz-txt-link-freetext\" href=\"https:\/\/www.sachsen-anhalt.freidenker.org\/cms\/?p=931\" target=\"_blank\" rel=\"noopener noreferrer\">https:\/\/www.sachsen-anhalt.freidenker.org\/cms\/?p=931<\/a><\/span><\/p>\n<p align=\"justify\"><img data-recalc-dims=\"1\" loading=\"lazy\" decoding=\"async\" data-attachment-id=\"13977\" data-permalink=\"https:\/\/www.freidenker.org\/?attachment_id=13977\" data-orig-file=\"https:\/\/i0.wp.com\/www.freidenker.org\/fw17\/wp-content\/uploads\/2022\/08\/External_Link_24px.jpg?fit=24%2C24&amp;ssl=1\" data-orig-size=\"24,24\" data-comments-opened=\"0\" data-image-meta=\"{&quot;aperture&quot;:&quot;0&quot;,&quot;credit&quot;:&quot;&quot;,&quot;camera&quot;:&quot;&quot;,&quot;caption&quot;:&quot;&quot;,&quot;created_timestamp&quot;:&quot;0&quot;,&quot;copyright&quot;:&quot;&quot;,&quot;focal_length&quot;:&quot;0&quot;,&quot;iso&quot;:&quot;0&quot;,&quot;shutter_speed&quot;:&quot;0&quot;,&quot;title&quot;:&quot;&quot;,&quot;orientation&quot;:&quot;1&quot;}\" data-image-title=\"External_Link_24px icon\" data-image-description=\"\" data-image-caption=\"\" data-large-file=\"https:\/\/i0.wp.com\/www.freidenker.org\/fw17\/wp-content\/uploads\/2022\/08\/External_Link_24px.jpg?fit=24%2C24&amp;ssl=1\" class=\"alignnone size-full wp-image-13977\" src=\"https:\/\/i0.wp.com\/www.freidenker.org\/fw17\/wp-content\/uploads\/2022\/08\/External_Link_24px.jpg?resize=24%2C24&#038;ssl=1\" alt=\"\" width=\"24\" height=\"24\" \/>\u00a0<strong>Weitere Infos unter: <a href=\"https:\/\/www.sachsen-anhalt.freidenker.org\/cms\/\" target=\"_blank\" rel=\"noopener\">https:\/\/www.sachsen-anhalt.freidenker.org\/cms\/<\/a><\/strong><\/p>\n<hr \/>\n<p align=\"justify\"><span style=\"font-size: 10pt;\">Bild: Thomas Loch<\/span><\/p>\n","protected":false},"excerpt":{"rendered":"<p><b>Einladung zu einer Veranstaltung vom 18. bis 20.11.2022 in Quedlinburg<\/b><br \/>\nWie ist es bestellt, um Weltanschauung in unserer Welt und deren Grundlagen? Es ist heutzutage nicht einfach mit den Grundlagen weltanschaulichen Denkens, in der Regel findet sich die Gesellschaft auf idealistischen Pfaden, entsprechend der Beantwortung der Grundfrage einer jeden Philosophie. &#8230;<br \/>\nSich mit dem dialektischen und historischen Materialismus wieder intensiver zu besch\u00e4ftigen ist ein Gebot der Zeit, oder besser ausgedr\u00fcckt, eine Notwendigkeit, bef\u00f6rdert durch die gegenw\u00e4rtigen Entwicklungen in diesem Land, auf der Suche nach Erkenntnis allgemeiner Zusammenh\u00e4nge und Gesetzm\u00e4\u00dfigkeiten, Ursache \u2013 Wirkung, was sind die treibenden Kr\u00e4fte und wohin f\u00fchrt Entwicklung.<\/p>\n","protected":false},"author":3,"featured_media":14614,"comment_status":"closed","ping_status":"closed","sticky":false,"template":"","format":"standard","meta":{"colormag_page_container_layout":"default_layout","colormag_page_sidebar_layout":"default_layout","advanced_seo_description":"","jetpack_seo_html_title":"","jetpack_seo_noindex":false,"jetpack_post_was_ever_published":false,"footnotes":""},"categories":[19,16],"tags":[211,567,876,465,1025,1034,1005,930,1050,38],"class_list":["post-14613","post","type-post","status-publish","format-standard","has-post-thumbnail","hentry","category-veranstaltungen-in-den-dfv-landesverbaenden","category-weltanschauung-philosophie","tag-aufklaerung","tag-bildung","tag-dialektik","tag-erkenntnis","tag-lv-sachsen-anhalt","tag-marxismus","tag-materialismus","tag-quedlinburg","tag-veranstaltung","tag-weltanschauung"],"jetpack_featured_media_url":"https:\/\/i0.wp.com\/www.freidenker.org\/fw17\/wp-content\/uploads\/2022\/11\/biwo_schsenanhalt_nov22_800x450.jpg?fit=800%2C450&ssl=1","jetpack_shortlink":"https:\/\/wp.me\/p9stpK-3NH","jetpack-related-posts":[{"id":4654,"url":"https:\/\/www.freidenker.org\/?p=4654","url_meta":{"origin":14613,"position":0},"title":"15.03.2018 &#8211; Kritik des Computers, Autorenlesung mit Werner Seppmann","author":"Webredaktion","date":"27. Februar 2018","format":false,"excerpt":"Der Deutsche Freidenker-Verband e.V. Quedlinburg und der Rosa-Luxemburg-Club Harz laden am 15.3.2018 um 20:00 Uhr zu einer Autorenlesung mit Werner Seppmann zu seinem Buch \"Kritik des Computers\" aus dem Angroven-Verlag ein.","rel":"","context":"In &quot;Veranstaltungen in den DFV-Landesverb\u00e4nden&quot;","block_context":{"text":"Veranstaltungen in den DFV-Landesverb\u00e4nden","link":"https:\/\/www.freidenker.org\/?cat=19"},"img":{"alt_text":"","src":"https:\/\/i0.wp.com\/www.freidenker.org\/fw17\/wp-content\/uploads\/2018\/02\/buecherfruehling.jpg?fit=800%2C445&ssl=1&resize=350%2C200","width":350,"height":200,"srcset":"https:\/\/i0.wp.com\/www.freidenker.org\/fw17\/wp-content\/uploads\/2018\/02\/buecherfruehling.jpg?fit=800%2C445&ssl=1&resize=350%2C200 1x, https:\/\/i0.wp.com\/www.freidenker.org\/fw17\/wp-content\/uploads\/2018\/02\/buecherfruehling.jpg?fit=800%2C445&ssl=1&resize=525%2C300 1.5x, https:\/\/i0.wp.com\/www.freidenker.org\/fw17\/wp-content\/uploads\/2018\/02\/buecherfruehling.jpg?fit=800%2C445&ssl=1&resize=700%2C400 2x"},"classes":[]},{"id":5552,"url":"https:\/\/www.freidenker.org\/?p=5552","url_meta":{"origin":14613,"position":1},"title":"Werbeverbot f\u00fcr dialektischen Materialismus","author":"Webredaktion","date":"10. November 2018","format":false,"excerpt":"Die Verantwortlichen der Technischen Universit\u00e4t Hamburg (TU HH) haben dem \u00bbGespr\u00e4chskreis Dialektik und Materialismus\u00ab die Werbung zu einem wissenschaftlichen Kolloquium mit der Fragestellung \u00bbSelbstorganisation der Materie\u00ab untersagt. Das Kolloquium am 17. November 2018 zur \u201eSelbstorganisation der Materie\u201c mit dem G\u00f6ttinger Wissenschaftler Prof. Christian Joo\u00df besch\u00e4ftigt sich u.a. mit der Herausbildung\u2026","rel":"","context":"In &quot;Demokratie \u2013 Medien \u2013 Aufkl\u00e4rung&quot;","block_context":{"text":"Demokratie \u2013 Medien \u2013 Aufkl\u00e4rung","link":"https:\/\/www.freidenker.org\/?cat=12"},"img":{"alt_text":"","src":"https:\/\/i0.wp.com\/www.freidenker.org\/fw17\/wp-content\/uploads\/2018\/11\/selbstorganisation_Materie_800x445_v2.jpg?fit=800%2C445&ssl=1&resize=350%2C200","width":350,"height":200,"srcset":"https:\/\/i0.wp.com\/www.freidenker.org\/fw17\/wp-content\/uploads\/2018\/11\/selbstorganisation_Materie_800x445_v2.jpg?fit=800%2C445&ssl=1&resize=350%2C200 1x, https:\/\/i0.wp.com\/www.freidenker.org\/fw17\/wp-content\/uploads\/2018\/11\/selbstorganisation_Materie_800x445_v2.jpg?fit=800%2C445&ssl=1&resize=525%2C300 1.5x, https:\/\/i0.wp.com\/www.freidenker.org\/fw17\/wp-content\/uploads\/2018\/11\/selbstorganisation_Materie_800x445_v2.jpg?fit=800%2C445&ssl=1&resize=700%2C400 2x"},"classes":[]},{"id":234,"url":"https:\/\/www.freidenker.org\/?p=234","url_meta":{"origin":14613,"position":2},"title":"Karl-Marx-Jahr 2013","author":"Webmaster","date":"1. April 2013","format":false,"excerpt":"Beitrag von Daniel Bratanovi\u0107 aus FREIDENKER 1-13 Daran zu erinnern, was Marx und Engels wussten, was ihnen tiefste \u00dcberzeugung war, n\u00e4mlich dass eine Theorie auf der H\u00f6he der Zeit immer praxisvermittelt und eine schlagfertige Praxis immer theorievermittelt ist und was sich bei Marx schon fr\u00fch in der elften Feuerbachthese verdichtet,\u2026","rel":"","context":"In &quot;Weltanschauung &amp; Philosophie&quot;","block_context":{"text":"Weltanschauung &amp; Philosophie","link":"https:\/\/www.freidenker.org\/?cat=16"},"img":{"alt_text":"","src":"https:\/\/i0.wp.com\/www.freidenker.org\/fw17\/wp-content\/uploads\/2016\/07\/Karl_Marx.png?fit=800%2C445&ssl=1&resize=350%2C200","width":350,"height":200,"srcset":"https:\/\/i0.wp.com\/www.freidenker.org\/fw17\/wp-content\/uploads\/2016\/07\/Karl_Marx.png?fit=800%2C445&ssl=1&resize=350%2C200 1x, https:\/\/i0.wp.com\/www.freidenker.org\/fw17\/wp-content\/uploads\/2016\/07\/Karl_Marx.png?fit=800%2C445&ssl=1&resize=525%2C300 1.5x, https:\/\/i0.wp.com\/www.freidenker.org\/fw17\/wp-content\/uploads\/2016\/07\/Karl_Marx.png?fit=800%2C445&ssl=1&resize=700%2C400 2x"},"classes":[]},{"id":16630,"url":"https:\/\/www.freidenker.org\/?p=16630","url_meta":{"origin":14613,"position":3},"title":"Bildungswochenende: Der gegenw\u00e4rtige Kapitalismus","author":"Webredaktion","date":"16. Juli 2023","format":false,"excerpt":"Offenes Bildungswochenende des Landesverbandes Sachsen-Anhalt im Deutschen Freidenker-Verband 11. \u2013 13.08.2023 in Quedlinburg. Seit Gr\u00fcndung des Landesverbandes Sachsen-Anhalt im Deutsche Freidenker-Verband, findet j\u00e4hrlich im Rahmen einer offenen Bildungsveranstaltung ein zentrales Treffen in der Stadt der Gr\u00fcndung statt. Dort treffen sich nicht nur Mitglieder des Verbandes, sondern es k\u00f6nnen immer auch\u2026","rel":"","context":"In &quot;Veranstaltungen in den DFV-Landesverb\u00e4nden&quot;","block_context":{"text":"Veranstaltungen in den DFV-Landesverb\u00e4nden","link":"https:\/\/www.freidenker.org\/?cat=19"},"img":{"alt_text":"","src":"https:\/\/i0.wp.com\/www.freidenker.org\/fw17\/wp-content\/uploads\/2023\/07\/seminar_quedlinburg_2023-08_800x450.jpg?fit=800%2C450&ssl=1&resize=350%2C200","width":350,"height":200,"srcset":"https:\/\/i0.wp.com\/www.freidenker.org\/fw17\/wp-content\/uploads\/2023\/07\/seminar_quedlinburg_2023-08_800x450.jpg?fit=800%2C450&ssl=1&resize=350%2C200 1x, https:\/\/i0.wp.com\/www.freidenker.org\/fw17\/wp-content\/uploads\/2023\/07\/seminar_quedlinburg_2023-08_800x450.jpg?fit=800%2C450&ssl=1&resize=525%2C300 1.5x, https:\/\/i0.wp.com\/www.freidenker.org\/fw17\/wp-content\/uploads\/2023\/07\/seminar_quedlinburg_2023-08_800x450.jpg?fit=800%2C450&ssl=1&resize=700%2C400 2x"},"classes":[]},{"id":1474,"url":"https:\/\/www.freidenker.org\/?p=1474","url_meta":{"origin":14613,"position":4},"title":"\u201eEin besseres Leben \u2013 nicht glauben, sondern schaffen!\u201c","author":"Webredaktion","date":"1. Dezember 2006","format":false,"excerpt":"Buchver\u00f6ffentlichung im Eigenverlag des Deutschen Freidenker-Verbandes e.V. Materialien des Symposiums aus Anlass des 200. Geburtstages am 24. Juli 2004 in N\u00fcrnberg Im einleitenden Beitrag unterstreicht der Bundesvorsitzende des DFV, Klaus Hartmann (Offenbach), die Verpflichtung des Deutschen Freidenker-Verbandes, als Weltanschauungsgemeinschaft das vern\u00fcnftige, humanistische und materialistische Denken als sein ureigenstes Erbe zu\u2026","rel":"","context":"In &quot;B\u00fccher des Verbandes&quot;","block_context":{"text":"B\u00fccher des Verbandes","link":"https:\/\/www.freidenker.org\/?cat=5"},"img":{"alt_text":"","src":"https:\/\/i0.wp.com\/www.freidenker.org\/fw17\/wp-content\/uploads\/2006\/12\/FD_Buch_2006_Feuerbach.jpg?fit=800%2C445&ssl=1&resize=350%2C200","width":350,"height":200,"srcset":"https:\/\/i0.wp.com\/www.freidenker.org\/fw17\/wp-content\/uploads\/2006\/12\/FD_Buch_2006_Feuerbach.jpg?fit=800%2C445&ssl=1&resize=350%2C200 1x, https:\/\/i0.wp.com\/www.freidenker.org\/fw17\/wp-content\/uploads\/2006\/12\/FD_Buch_2006_Feuerbach.jpg?fit=800%2C445&ssl=1&resize=525%2C300 1.5x, https:\/\/i0.wp.com\/www.freidenker.org\/fw17\/wp-content\/uploads\/2006\/12\/FD_Buch_2006_Feuerbach.jpg?fit=800%2C445&ssl=1&resize=700%2C400 2x"},"classes":[]},{"id":248,"url":"https:\/\/www.freidenker.org\/?p=248","url_meta":{"origin":14613,"position":5},"title":"Die Strenge des Begriffs","author":"Webmaster","date":"17. Dezember 2010","format":false,"excerpt":"Beitrag von Prof. Dr. Hans Heinz Holz, thematisch geh\u00f6rend zu FREIDENKER 4-10 Warum nennen wir Engels in einem Atemzuge mit Marx den Begr\u00fcnder der neuen Denkhaltung und Wissenschaftseinstellung, die abgel\u00f6st von den Namen ihrer Gestalter als dialektischer und historischer Materialismus bezeichnet wird? Gewi\u00df, die Theorie wurde in einem lebenslangen Gedankenaustausch,\u2026","rel":"","context":"In &quot;Weltanschauung &amp; Philosophie&quot;","block_context":{"text":"Weltanschauung &amp; Philosophie","link":"https:\/\/www.freidenker.org\/?cat=16"},"img":{"alt_text":"","src":"https:\/\/i0.wp.com\/www.freidenker.org\/fw17\/wp-content\/uploads\/2016\/07\/Schlu%CC%88sselloch.jpg?fit=800%2C445&ssl=1&resize=350%2C200","width":350,"height":200,"srcset":"https:\/\/i0.wp.com\/www.freidenker.org\/fw17\/wp-content\/uploads\/2016\/07\/Schlu%CC%88sselloch.jpg?fit=800%2C445&ssl=1&resize=350%2C200 1x, https:\/\/i0.wp.com\/www.freidenker.org\/fw17\/wp-content\/uploads\/2016\/07\/Schlu%CC%88sselloch.jpg?fit=800%2C445&ssl=1&resize=525%2C300 1.5x, https:\/\/i0.wp.com\/www.freidenker.org\/fw17\/wp-content\/uploads\/2016\/07\/Schlu%CC%88sselloch.jpg?fit=800%2C445&ssl=1&resize=700%2C400 2x"},"classes":[]}],"_links":{"self":[{"href":"https:\/\/www.freidenker.org\/index.php?rest_route=\/wp\/v2\/posts\/14613","targetHints":{"allow":["GET"]}}],"collection":[{"href":"https:\/\/www.freidenker.org\/index.php?rest_route=\/wp\/v2\/posts"}],"about":[{"href":"https:\/\/www.freidenker.org\/index.php?rest_route=\/wp\/v2\/types\/post"}],"author":[{"embeddable":true,"href":"https:\/\/www.freidenker.org\/index.php?rest_route=\/wp\/v2\/users\/3"}],"replies":[{"embeddable":true,"href":"https:\/\/www.freidenker.org\/index.php?rest_route=%2Fwp%2Fv2%2Fcomments&post=14613"}],"version-history":[{"count":0,"href":"https:\/\/www.freidenker.org\/index.php?rest_route=\/wp\/v2\/posts\/14613\/revisions"}],"wp:featuredmedia":[{"embeddable":true,"href":"https:\/\/www.freidenker.org\/index.php?rest_route=\/wp\/v2\/media\/14614"}],"wp:attachment":[{"href":"https:\/\/www.freidenker.org\/index.php?rest_route=%2Fwp%2Fv2%2Fmedia&parent=14613"}],"wp:term":[{"taxonomy":"category","embeddable":true,"href":"https:\/\/www.freidenker.org\/index.php?rest_route=%2Fwp%2Fv2%2Fcategories&post=14613"},{"taxonomy":"post_tag","embeddable":true,"href":"https:\/\/www.freidenker.org\/index.php?rest_route=%2Fwp%2Fv2%2Ftags&post=14613"}],"curies":[{"name":"wp","href":"https:\/\/api.w.org\/{rel}","templated":true}]}}