{"id":14602,"date":"2022-11-05T14:25:16","date_gmt":"2022-11-05T13:25:16","guid":{"rendered":"https:\/\/www.freidenker.org\/?p=14602"},"modified":"2022-12-06T03:00:27","modified_gmt":"2022-12-06T02:00:27","slug":"putins-gas-statt-bidens-bomben","status":"publish","type":"post","link":"https:\/\/www.freidenker.org\/?p=14602","title":{"rendered":"Putins Gas statt Bidens Bomben!"},"content":{"rendered":"<p><strong>Im Diskurs \u00fcber den Europ\u00e4ischen Krieg ist das Meiste noch vom Kopf auf die F\u00fc\u00dfe zu stellen \/ Die Ossis sind die besseren Wessis <a href=\"#_edn1\" name=\"_ednref1\">[1]<\/a><\/strong><\/p>\n<p><em>Von <strong>Friedhelm Klinkhammer<\/strong> und <strong>Volker Br\u00e4utigam<\/strong><\/em><\/p>\n<p><strong>Achtung, ein kapitaler Baerbock: <em>\u201eSind die Deutschen bereit, f\u00fcr die Freiheit zu sterben? Wir sind es.\u201c<\/em><\/strong><a href=\"#_edn2\" name=\"_ednref2\">[2]<\/a><strong> Dieser uns\u00e4glich dumme Spruch \u2013 Zitat in Anf\u00fchrungszeichen! \u2013 dient als \u00dcberschrift eines Artikels in der <em>Neuen Z\u00fcrcher Zeitung<\/em>. Andernorts taucht er nicht auf; zuzutrauen ist er unserer Hasspredigerin im Au\u00dfenamt allemal. Ein \u00fcbler Treppenwitz, was diese Frau unter Diplomatie und au\u00dfenpolitischer Strategie versteht. Kennen Sie den schon? \u201eWir sind die Guten!\u201c<\/strong><a href=\"#_edn3\" name=\"_ednref3\">[3]<\/a><strong> Fr\u00fcher gab es f\u00fcr derart ungezogenes L\u00fcgen eins hinter die L\u00f6ffel. Heute qualifiziert es f\u00fcr die Mitgliedschaft im Kabinett des roten Ampelm\u00e4nnchens. Gr\u00fcn ist die Heide drumherum; schafsk\u00f6pfige Tagesschau-Redakteure weiden dort, intellektuell anspruchslose Wesen. Sie werden gebraucht, damit das deutsche Publikum f\u00fcrs Einschlafen was zum Z\u00e4hlen hat. <\/strong><\/p>\n<p>Annalena Baerbock stellte das, was sie unter Au\u00dfenpolitik versteht, erwartungsgem\u00e4\u00df mit den angesagten Beiw\u00f6rtern dar. \u201eFeministisch\u201c soll ihre Politik sein. \u201eWerteorientiert\u201c. Und nat\u00fcrlich \u201eregelbasiert\u201c, wie <em>little <\/em>Blinken in Washington es vorbetet. Was eben ein Plappermaul so dahersabbelt, wenn der dranh\u00e4ngende Kopf nicht mal halbwegs intelligent verlogenen Formeln auf Lager hat. Es handelt sich bei Baerbocks Hudelei<a href=\"#_edn4\" name=\"_ednref4\">[4]<\/a> halt doch nur um kitschige Stimmungsmache f\u00fcr die imperiale Machtpolitik der USA. Die m\u00f6rderischen Folgen (f\u00fcrs eigene Volk wie f\u00fcr die anderen) muss Baerbock mit dem sch\u00f6nen Schein unserer moralischen \u00dcberlegenheit tarnen, damit ja niemand dagegen aufbegehrt. Das ist ihr Job. Der Regierungsrundfunk, voran die Tagesschau, ist dabei wie immer der beste Helfer.<\/p>\n<p>Baerbock im Bundestag:<\/p>\n<blockquote><p><em>\u201eWir sagen eben nicht: Wir konzentrieren uns nur noch auf das, was vor unserer eigenen Haust\u00fcr passiert, was unglaublich wichtig ist, sondern ganz im Gegenteil: Genau in diesem Moment nehmen wir weiter unsere Verantwortung in der Welt wahr. .<\/em>.. <em>Uns geht es auch darum, uns gemeinsam mit den Menschen vor Ort den Kr\u00e4ften entgegenzustellen, die nichts auf Menschenrechte geben, nichts auf Demokratie und nichts auf eine regelbasierte Ordnung.\u201c<\/em> <a href=\"#_edn5\" name=\"_ednref5\">[5]<\/a><\/p><\/blockquote>\n<p>Von wem und was spricht die Frau? Ach so, sie ist dar\u00fcber sauer, dass die Regierung des nordwestafrikanischen Staates Mali die Nase endg\u00fcltig voll hat von den USA und deren Vasallen; dass man die Anwesenheit auch der Bundeswehr nicht mehr ertragen will und sich lieber vom russischen Milit\u00e4r unterst\u00fctzen l\u00e4sst. Die Hofberichterstatter der ARD-aktuell leisten Baerbock ideelle Sch\u00fctzenhilfe und applaudieren Baerbocks Geschw\u00e4tz. Ungepr\u00fcft und ohne Gegenrecherche bei den Beschuldigten teilen sie mit, malischen Soldaten und russischen Sicherheitskr\u00e4ften werde \u201eein Massaker an etwa 300 Zivilisten vorgeworfen.\u201c<a href=\"#_edn6\" name=\"_ednref6\">[6]<\/a><\/p>\n<p>Was deutsche Soldaten in Mali eigentlich verloren haben, braucht die Tagesschau selbstredend nicht darzulegen. Erst recht nicht, was entschieden gegen diese Art Auslandseinsatz spricht.<a href=\"#_edn7\" name=\"_ednref7\">[7]<\/a> Wo k\u00e4men wir da hin! Da w\u00fcrden ja sogar die urdeutschen Sofadr\u00fccker erkennen, dass \u201eregelbasierte Ordnung\u201c ein Begriff aus der Gaunersprache ist und unter anderem den Raub fremder Rohstoffe verschleiert.<a href=\"#_edn8\" name=\"_ednref8\">[8]<\/a> In diesem Fall malisches Uran, Gold und andere reiche Bodensch\u00e4tze, die in Europa hei\u00df begehrt sind.<a href=\"#_edn9\" name=\"_ednref9\">[9]<\/a><\/p>\n<h5>Mollusken im Ministeramt<\/h5>\n<p>Gleich nach ihrem Antrittsbesuch beim Amtsbruder, dem \u201elieben Tony\u201c Blinken, schleimte Baerbock hemmungslos:<\/p>\n<blockquote><p><em>\u201eWir sind Freunde und Wertepartner\u201c.<\/em><a href=\"#_edn10\" name=\"_ednref10\">[10]<\/a><\/p><\/blockquote>\n<p>Sie lie\u00df somit keinen Zweifel daran, was sie unter \u201ewertebasierter\u201c Au\u00dfenpolitik versteht: Sich der US-Elite als allzeit bereite Politm\u00e4tresse anzudienen. Oder, wie ihr Kabinettskollege Habeck trefflich formulierte, \u201eeine dienende F\u00fchrungsrolle\u201c zu spielen.<a href=\"#_edn11\" name=\"_ednref11\">[11]<\/a> Der Ami braucht noch nicht mal \u201eb\u00fccken!\u201c zu rufen, B&amp;H liegen ihm schon zu F\u00fc\u00dfen.<\/p>\n<p>Die USA als \u201eWertepartner\u201c zu bezeichnen hei\u00dft, die monstr\u00f6sen Verbrechen ihrer Regierungen zu billigen: imperiale Kriege mit Millionen Toten, systematischen V\u00f6lkerrechtsbruch, Massaker in aller Welt, Entf\u00fchrungen, Folterungen, Attentate, Rassismus, \u201eerst schie\u00dfen, dann fragen\u201c-Unkultur, Ressourcen-Diebstahl, Todesstrafjustiz, Staatsterrorismus. Es hei\u00dft, den US-Versuch zu unterst\u00fctzen, die Konkurrenten Russland und China mit milit\u00e4rischen Drohungen und \u00dcbergriffen sowie mit weltweit verheerender Sanktionspolitik niederzuringen.<\/p>\n<p>Wer, wie die \u201eich-komm-eher-ausm-V\u00f6lkerrecht\u201c-Baerbock<a href=\"#_edn12\" name=\"_ednref12\">[12]<\/a> von dort nichts weiter mitgebracht hat als sich selber, der \u00fcbersieht nat\u00fcrlich das KZ Guantanamo, das Justizverbrechen an Julian Assange, die unz\u00e4hligen Drohnenmorde unter dem Deckmantel \u201eKrieg gegen den Terror\u201c, die Finanzierung antidemokratischer Putschisten und Farbrevolutionen, die grobe rechtswidrige Einmischung in die inneren Angelegenheiten fremder L\u00e4nder. \u201eWertepartnerin\u201c Baerbock hat vermutlich nicht einmal auf dem Zettel, dass die Politik ihrer US-Freunde einer blutr\u00fcnstigen Tradition folgt:\u00a0 219 Mal in ihrer kurzen Geschichte haben die USA andere L\u00e4nder angegriffen, ohne jemals selbst angegriffen worden zu sein.<a href=\"#_edn13\" name=\"_ednref13\">[13]<\/a> (Der japanische \u00dcberfall auf Pearl Harbour war keine Ausnahme, sondern von Roosevelt herbeiprovoziert, um die kriegsunwillige US-Bev\u00f6lkerung f\u00fcr einen Kriegseintritt zu gewinnen.<a href=\"#_edn14\" name=\"_ednref14\">[14]<\/a><sup>,<a href=\"#_edn15\" name=\"_ednref15\">[15]<\/a><\/sup>)<\/p>\n<h5>M\u00f6rderische Tradition<\/h5>\n<p>Insgesamt sind die USA seit dem Zweiten Weltkrieg wegen ihrer martialischen \u00dcberf\u00e4lle auf andere L\u00e4nder f\u00fcr den Tod von sch\u00e4tzungsweise 20 bis 30 Millionen Menschen verantwortlich.<a href=\"#_edn16\" name=\"_ednref16\">[16]<\/a> Allein in den vergangenen 20 Jahren hat unsere westliche \u201eWertegemeinschaft\u201c vier Millionen Muslime umgebracht, vom Neugeborenen bis zum Greis; angeblich, um den weltweiten Terrorismus auszurotten. Baerbocks \u201eWertepartnerschaft\u201c erinnert wahrlich streng an Goethes Aphorismus \u00fcber den Charakter:<\/p>\n<blockquote><p>\u201e<em>Sage mir, mit wem du umgehst, so sage ich dir, wer du bist; wei\u00df ich, womit du dich besch\u00e4ftigst, so wei\u00df ich, was aus dir werden kann.\u201c<a href=\"#_edn17\" name=\"_ednref17\">[17]<\/a><\/em><\/p><\/blockquote>\n<div class=\"jetpack-video-wrapper\"><span class=\"embed-youtube\" style=\"text-align:center; display: block;\"><iframe loading=\"lazy\" class=\"youtube-player\" width=\"800\" height=\"450\" src=\"https:\/\/www.youtube.com\/embed\/ks7hznOfTkU?version=3&#038;rel=1&#038;showsearch=0&#038;showinfo=1&#038;iv_load_policy=1&#038;fs=1&#038;hl=de-DE&#038;autohide=2&#038;wmode=transparent\" allowfullscreen=\"true\" style=\"border:0;\" sandbox=\"allow-scripts allow-same-origin allow-popups allow-presentation allow-popups-to-escape-sandbox\"><\/iframe><\/span><\/div>\n<p>Es ist die wichtigste Aufgabe unserer l\u00e4ngst gleichgeschalteten Massenmedien, das Verbrecherische am transatlantischen \u201eKampf f\u00fcr Demokratie und Menschenrechte\u201c nur ja nicht ins \u00f6ffentliche Bewusstsein dringen lassen. Beim T\u00e4uschen, F\u00e4lschen und Desorientieren ist der \u00f6ffentlich-rechtliche Rundfunk Vorreiter. Tagesschau, Tagesthemen, Deutschlandradio und Deutsche Welle als vermeintlich seri\u00f6se Informationsquellen garantieren, dass die Hetze gegen Russland, China und andere missliebige Staaten professionell und effizient ausgef\u00fchrt wird.<\/p>\n<p>Der englische Dramatiker Harold Pinter erinnerte in seiner Rede zur Verleihung des Nobelpreises 2005 an das<\/p>\n<blockquote><p><em>\u201eweitverzweigte L\u00fcgengespinst, von dem wir uns n\u00e4hren\u201c.<\/em> Damit die Macht der herrschenden Eliten<em> \u201eerhalten bleibt, ist unabdingbar, dass die Menschen unwissend bleiben, dass sie in Unkenntnis der Wahrheit leben\u201c<\/em>.<a href=\"#_edn18\" name=\"_ednref18\">[18]<\/a><\/p><\/blockquote>\n<p>Sachlichen, um Information und Aufkl\u00e4rung bem\u00fchten Nachrichtenjournalismus darf man vom Regierungsrundfunk nicht erwarten. Die Massenmedien verschwiegen zum Beispiel, dass die seinerzeitige Gr\u00fcnen-Doppelspitze Habeck und Baerbock schon lange vor den Bundestagswahlen zu w\u00fcrdeloser Liebedienerei bei den US-Amerikanern und zum Betrug am deutschen W\u00e4hler bereit war: Der Wunsch der Ukraine nach \u201eDefensivwaffen\u201c sei angesichts der \u201erussischen Bedrohung\u201c (!) \u201eberechtigt\u201c, man k\u00f6nne ihn \u201eschwer verwehren\u201c.<a href=\"#_edn19\" name=\"_ednref19\">[19]<\/a><\/p>\n<p>Zu jener Zeit hatten die ukrainische Armee und die ihr angegliederten Neonazi-Regimenter bereits 14000 Ost-Ukrainer massakriert.<a href=\"#_edn20\" name=\"_ednref20\">[20]<\/a> F\u00fcr ein Ende der Schl\u00e4chterei und f\u00fcr einen Friedensschluss mit den gepeinigten russisch-sprachigen Landsleuten gem\u00e4\u00df dem Minsker Abkommen<a href=\"#_edn21\" name=\"_ednref21\">[21]<\/a> haben sich die Spitzen der Gr\u00fcnen, der SPD, der FDP und der Union in Kiew nie stark gemacht. Im Gegenteil, sie haben es erst mit Poroschenko und dann mit Selenskyj sabotiert.<\/p>\n<h5>Kein Raum f\u00fcr Scham<\/h5>\n<p>Die USA haben Kiew von Anfang an unterst\u00fctzt. Das Minsker Abkommen war ohne sie von Deutschland und Frankreich mit Russland verabredet und von Washington missbilligt worden. Habeck und Baerbock wussten davon und richteten sich danach. Beide machten devot kenntlich, dass ihre Agenda mit der des US-Pr\u00e4sidenten\u00a0aufs Innigste harmoniert. Den Stopp von\u00a0Nord<a href=\"https:\/\/www.t-online.de\/themen\/nord-stream-2\/\">\u00a0<\/a>Stream 2\u00a0inbegriffen.<\/p>\n<p>US-Pr\u00e4sident Biden \u00e4u\u00dferte am 27.7.21:<\/p>\n<blockquote><p><em>\u201eIch denke, es ist mehr als wahrscheinlich, dass wir in einem Krieg enden werden \u2013 einem echten Krieg mit einer Gro\u00dfmacht \u2013 \u2026\u201c <\/em><a href=\"#_edn22\" name=\"_ednref22\">[22]<\/a><\/p><\/blockquote>\n<p>Daran orientierte sich Gro\u00dfmaul Baerbock und tat sich mit Spr\u00fcchen wie \u201eRussland ruinieren\u201c und es derart zu sch\u00e4digen, \u201edass es volkswirtschaftlich jahrelang nicht mehr auf die Beine kommt\u201c<a href=\"#_edn23\" name=\"_ednref23\">[23]<\/a> hervor. Die Au\u00dfenministerin sch\u00e4mte sich dieser einzigartig undiplomatischen Entgleisung nicht. Dass ihr blanker Russenhass, ausgelebt in Serien von v\u00f6lkerrechtswidrigen Sanktionen, inzwischen die deutsche Volkswirtschaft zum Abgrund treibt, den Russen nicht wirklich schadet, aber das Gesch\u00e4ft der Amis erbl\u00fchen l\u00e4sst, das nimmt sie hin. H\u00e4tte sie substanziellen politischen Anstand und Loyalit\u00e4t gegen\u00fcber ihrer eigenen Nation, w\u00e4re sie niemals Mitglied im wirtschaftselit\u00e4ren \u201eYoung Global Leaders\u201c-Club des Weltwirtschaftsforums WEF geworden.<a href=\"#_edn24\" name=\"_ednref24\">[24]<\/a><\/p>\n<p>Die von den Regierenden und ihren medialen Scharfmachern gepflegte Fiktion, dass die USA, die NATO und damit auch Deutschland sich nicht im Krieg mit Russland befinden,<a href=\"#_edn25\" name=\"_ednref25\">[25]<\/a> ist l\u00e4ngst als pure Heuchelei zu erkennen. Pech, dass US-Pr\u00e4sident Biden sich bereits im \u00dcbergang von der Senilit\u00e4t zur Debilit\u00e4t befindet und die wahren US-Ziele versehentlich erkennen lie\u00df: erst mal Regime-Change in Moskau, danach Zerst\u00fcckelung Russlands und Ausbeutung seiner gigantischen Ressourcen.<a href=\"#_edn26\" name=\"_ednref26\">[26]<\/a><sup>, <a href=\"#_edn27\" name=\"_ednref27\">[27]<\/a><\/sup><\/p>\n<p>Das\u00a0ist den\u00a0amerikanischen\u00a0Imperialisten\u00a0das Risiko eines Atomkriegs\u00a0wert \u2013 fern der Heimat, versteht sich. Sie planen bereits seit Jahren den begrenzten Einsatz von Atomwaffen in einem Erstschlag.<a href=\"#_edn28\" name=\"_ednref28\">[28]<\/a> In Rede ist ein Krieg, der Europa zerst\u00f6rt, aber die USA nicht tangiert.<\/p>\n<div class=\"jetpack-video-wrapper\"><span class=\"embed-youtube\" style=\"text-align:center; display: block;\"><iframe loading=\"lazy\" class=\"youtube-player\" width=\"800\" height=\"450\" src=\"https:\/\/www.youtube.com\/embed\/_7R-0unFGgE?version=3&#038;rel=1&#038;showsearch=0&#038;showinfo=1&#038;iv_load_policy=1&#038;fs=1&#038;hl=de-DE&#038;autohide=2&#038;wmode=transparent\" allowfullscreen=\"true\" style=\"border:0;\" sandbox=\"allow-scripts allow-same-origin allow-popups allow-presentation allow-popups-to-escape-sandbox\"><\/iframe><\/span><\/div>\n<h5>Auf \u201eEndsieg\u201c<\/h5>\n<p>Der Diskurs \u00fcber eine \u201eschmutzige\u201c ukrainische Atombombe m\u00fcsste die Bundesregierung veranlassen, eine Springflut diplomatischer Aktivit\u00e4ten in Gang zu setzen; das w\u00e4re verantwortungsbewusste Politik. Mit den Gr\u00fcnen-Kriegstreibern in Berlin ist sie aber nicht zu machen. Baerbock setzt auf den Endsieg.<\/p>\n<blockquote><p><em>\u201eUnd ja, wir werden auch die Ukraine weiter intensiv mit Waffen unterst\u00fctzen. Denn wir liefern\u00a0nicht nur R\u00fcstungsg\u00fcter in die Ukraine, um Menschenleben zu retten. Sondern mit diesen Lieferungen, so hoffe ich, geht auch ein Schub Vertrauen und Solidarit\u00e4t einher.\u201c\u00a0<a href=\"#_edn29\" name=\"_ednref29\">[29]<\/a><\/em><\/p><\/blockquote>\n<p>W\u00fcrstchen wollen seit jeher gro\u00df rauskommen. Friedensverhandlungen? Nichts da. Der Berliner Reichstagsrasen ist fascho-gr\u00fcn ged\u00fcngt, dort schie\u00dfen die Gurken ins Kraut. Sie treiben \u2013 siehe oben \u2013 pr\u00e4chtige sprachlichen Bl\u00fcten.<\/p>\n<p>Unmoral und die Perversion jeglichen Rechtsbewusstseins sind US-Markenzeichen. Wovon unsere h\u00f6rigen Staatsfunker gerne mit scheinobjektiver Berichterstattung \u00fcber die \u201eFreunde\u201c ablenken. Tagesschau-Beispiel:<\/p>\n<blockquote><p><strong><em>\u00a0<\/em><\/strong><em>\u201e<\/em><strong><em>Die US-Regierung hat zus\u00e4tzliche Unterst\u00fctzung f\u00fcr die Menschen in Afghanistan angek\u00fcndigt. Sie stellt weitere 327 Millionen Dollar f\u00fcr humanit\u00e4re Hilfen bereit. Davon sollen auch Afghanen profitieren, die in die Nachbarl\u00e4nder geflohen sind.<\/em><\/strong><a href=\"#_edn30\" name=\"_ednref30\"><em><strong>[30]<\/strong><\/em><\/a><\/p><\/blockquote>\n<p>Welch US-amerikanische Gro\u00dfz\u00fcgigkeit! Das bringt die Tagesschau ja pr\u00e4chtig r\u00fcber. Und unterschl\u00e4gt zugleich die unumg\u00e4ngliche Information \u00fcber den politischen Kontext: dass US-Pr\u00e4sident Biden als Rache f\u00fcr die Niederlage gegen die Taliban das afghanische Staatsverm\u00f6gen beschlagnahmt hatte, 7 Milliarden Dollar. Statt Entsch\u00e4digung f\u00fcr die Verw\u00fcstung Afghanistans im mehr als 20j\u00e4hrigen US-Terrorkrieg zu zahlen und echte Wiederaufbauhilfe zu leisten, bet\u00e4tigte sich Biden als Stra\u00dfenr\u00e4uber und Leichenfledderer. Und trieb die Scheinheiligkeit auf die Spitze: Seine Regierung werde die H\u00e4lfte der geraubten Beute, 3,5 Milliarden Dollar, an die Hinterbliebenen des Anschlags auf die Zwillingst\u00fcrme in New York (\u201e9\/11\u201c) auszahlen.<a href=\"#_edn31\" name=\"_ednref31\">[31]<\/a> Obwohl Afghanistan erweislich nichts mit jenem Terrorakt zu tun hatte, den der Verbrecher George Dabbeljuh Bush nur als Vorwand f\u00fcr seinen Angriffskrieg brauchte.<a href=\"#_edn32\" name=\"_ednref32\">[32]<\/a><\/p>\n<p>Afghanistan ist heute, nach den Worten David Beasleys, des Exekutivdirektors des Weltern\u00e4hrungsprogramms,<\/p>\n<blockquote><p><em>\u201edie H\u00f6lle auf Erden,\u00a0die gr\u00f6\u00dfte humanit\u00e4re Krise der Welt\u201c<\/em>.<a href=\"#_edn33\" name=\"_ednref33\">[33]<\/a><\/p><\/blockquote>\n<p>Zwanzig Millionen Menschen \u2013\u00a0fast die H\u00e4lfte\u00a0der Bev\u00f6lkerung \u2013 leiden akut unter Hunger. Es mehren sich Berichte \u00fcber Verzweifelte, die\u00a0eine ihrer Nieren anbieten, um an Geld f\u00fcr Lebensmittel zu kommen.<a href=\"#_edn34\" name=\"_ednref34\">[34]<\/a> Keine Frage, dass es viele Interessenten an diesem Organhandel gibt.<\/p>\n<h5>Partner? Komplize!<\/h5>\n<p>Deutschland kann bez\u00fcglich unmenschlicher Politik mit den Amis aber mal wieder gut mithalten.\u00a0Aydan \u00d6zo\u011fuz (SPD), Vizepr\u00e4sidentin des Deutschen Bundestages:<\/p>\n<blockquote><p><em>\u201eEs liegt auf der Hand, dass Deutschland der Taliban-Regierung \u00fcberhaupt kein Geld direkt zukommen lassen kann. Denn dieses k\u00e4me kaum dort an, wo wir uns das w\u00fcnschen. Darum ist es undenkbar, dass ein Regime nach Art der Taliban Gelder aus Deutschland in Empfang nehmen und dann unkontrolliert verteilen sollte.\u201c<a href=\"#_edn35\" name=\"_ednref35\">[35]<\/a>\u00a0<\/em><\/p><\/blockquote>\n<p>Wer\u2018s nicht fassen kann, schaue nach Syrien. Die USA hatten unter lebhafter EU- und deutscher Mitwirkung versucht, die Regierung in Damaskus zu st\u00fcrzen. Zur Ablenkung vom eigenen V\u00f6lkerrechtsbruch lie\u00dfen die christlichen Kreuzritter die Drecksarbeit von Kopfabschneidern der IS-Dschihadisten erledigen. Der Umsturzversuch misslang, weil die Regierung Assad sich Hilfe aus Russland holte.<\/p>\n<p>Daf\u00fcr strafte sie der Westen mit vernichtenden Sanktionen. Die bereiten der syrischen Zivilbev\u00f6lkerung unvorstellbares Leid. Es herrscht Hunger im Land am Euphrat. Syrien hat zwar reiche \u00d6l- und Gasquellen, doch die sind von US-Milit\u00e4r besetzt. Dessen Soldaten begleiten mehrmals w\u00f6chentlich kilometerlange Tanklaster-Konvois mit geraubtem syrischem \u00d6l in den Irak und in die T\u00fcrkei.<a href=\"#_edn36\" name=\"_ednref36\">[36]<\/a> Den Verkaufserl\u00f6s, k\u00fcrzlich vom Au\u00dfenministerium in Damaskus mit 107 Milliarden US-Dollar beziffert, entziehen die USA der darbenden syrischen Bev\u00f6lkerung und sacken ihn selber ein.<a href=\"#_edn37\" name=\"_ednref37\">[37]<\/a><\/p>\n<p>Schlimm, das alles. Aber wo bleibt die Pointe? Ja richtig, da war doch Baerbocks russophober Bei\u00dfreflex: Putin f\u00fchre mit seiner Blockade des Getreideexports der Ukraine einen \u201eHungerkrieg\u201c gegen die notleidenden Menschen in der Dritten Welt.<a href=\"#_edn38\" name=\"_ednref38\">[38]<\/a> Und wieder erweist sich, dass die ARD-aktuell-Redaktion in Berlin (und Hamburg) daf\u00fcr Belege h\u00e4tte verlangen m\u00fcssen, statt sich als kritikloser Transporteur volksverhetzender Propaganda zu bew\u00e4hren.<\/p>\n<blockquote><p><em>Die Hauptziele f\u00fcr den laufenden ukrainischen Getreideexport lagen im Juli und im August allerdings nicht in den Hungergebieten Afrikas. Hauptabnehmer von ukrainischem Weizen und Mais war vielmehr die T\u00fcrkei. \u2026 Danach folgen verschiedene EU-L\u00e4nder.<a href=\"#_edn39\" name=\"_ednref39\">[39]<\/a><\/em><\/p><\/blockquote>\n<p>Die Tagesschau h\u00e4tte gem\u00e4\u00df ihrer Sorgfaltspflicht (Medienstaatsvertrag, \u00a7 6)<a href=\"#_edn40\" name=\"_ednref40\">[40]<\/a> Putins Begr\u00fcndung f\u00fcr das Aussetzen des Getreide-Abkommens objektiv und vollst\u00e4ndig \u00fcbermitteln m\u00fcssen: nicht nur hatte er ukrainischen Angriffe auf den Hafen Sewastopol und auf den Schutzkorridor f\u00fcr den Getreideexport genannt, sondern auch, dass das Abkommen seine humanit\u00e4ren Ziele verfehlt habe.<a href=\"#_edn41\" name=\"_ednref41\">[41]<\/a><\/p>\n<h5>Ossis gehen auf die Stra\u00dfe<\/h5>\n<p>Im Osten unserer Republik w\u00e4chst der Widerstand gegen die antirussische Politik der Ampel. An den Demonstrationen beteiligen sich Tausende, und von Woche zu Woche werden es mehr. Viele Ossis haben tieferen politischen Durchblick als ihre Landsleute im Westen, im kritischen Urteil \u00fcber Politiker und deren Wirken sind sie ge\u00fcbter. Sie sind erheblich st\u00e4rker sozial sensibilisiert als die meisten Wessis; der Schaden, den Habeck und Baerbock verursachen, trifft sie zudem h\u00e4rter. Sogar die Tagesschau kam nicht umhin, \u00fcber den Volkszorn zu berichten.<a href=\"#_edn42\" name=\"_ednref42\">[42]<\/a><\/p>\n<p>Auch D\u00e4mlichkeit ist ein Menschenrecht. Niemand au\u00dfer uns W\u00e4hlern kann Habeck und Baerbock daran hindern, sich als subalterne Hanswurste in den Dienst der USA zu stellen. Aber von \u00f6ffentlich-rechtlichen Qualit\u00e4tsjournalisten muss man verlangen, dass sie der quasi regierungsamtlichen Hetze gegen \u201eFeind\u201c-Staaten entgegentreten. Merksatz, wie im Titel oben: Putins Gas ist besser als Bidens Bomben. Haben wir das geschnallt, Annalena? Capito, Zamperoni?<\/p>\n<p>&nbsp;<\/p>\n<p><a href=\"#_ednref1\" name=\"_edn1\"><\/a><strong>Quellen und Anmerkungen<\/strong><\/p>\n<p>[1] <a href=\"https:\/\/www.bundestag.de\/resource\/blob\/880830\/992e5c6be63dc8719477d83d61e70162\/WD-2-085-21-pdf-data.pdf\" target=\"_blank\" rel=\"noopener\">https:\/\/www.bundestag.de\/resource\/blob\/880830\/992e5c6be63dc8719477d83d61e70162\/WD-2-085-21-pdf-data.pdf<\/a><\/p>\n<p><a href=\"#_ednref2\" name=\"_edn2\">[2]<\/a> <a href=\"https:\/\/www.nzz.ch\/international\/deutschland-osteuropaeer-und-balten-misstrauen-den-deutschen-ld.1708005?reduced=true\" target=\"_blank\" rel=\"noopener\">https:\/\/www.nzz.ch\/international\/deutschland-osteuropaeer-und-balten-misstrauen-den-deutschen-ld.1708005?reduced=true<\/a><\/p>\n<p><a href=\"#_ednref3\" name=\"_edn3\">[3]<\/a> <a href=\"https:\/\/www.nachdenkseiten.de\/?p=83934\">https:\/\/www.nachdenkseiten.de\/?p=83934<\/a><\/p>\n<p><a href=\"#_ednref4\" name=\"_edn4\">[4]<\/a> <a href=\"https:\/\/www.wortbedeutung.info\/hudeln\/\">https:\/\/www.wortbedeutung.info\/hudeln\/<\/a><\/p>\n<p><a href=\"#_ednref5\" name=\"_edn5\">[5]<\/a> <a href=\"https:\/\/www.auswaertiges-amt.de\/de\/newsroom\/baerbock-bt-minusma\/2526052\">https:\/\/www.auswaertiges-amt.de\/de\/newsroom\/baerbock-bt-minusma\/2526052<\/a><\/p>\n<p><a href=\"#_ednref6\" name=\"_edn6\">[6]<\/a> <a href=\"https:\/\/www.tagesschau.de\/ausland\/afrika\/bundeswehr-mali-161.html\">https:\/\/www.tagesschau.de\/ausland\/afrika\/bundeswehr-mali-161.html<\/a><\/p>\n<p><a href=\"#_ednref7\" name=\"_edn7\">[7]<\/a> <a href=\"https:\/\/www.labournet.de\/interventionen\/kriege\/antimili-all\/massive-kritik-an-der-fortsetzung-des-kriegseinsatzes-was-soll-die-bundeswehr-in-mali-schuetzen-die-wehrdoerfer\/\">https:\/\/www.labournet.de\/interventionen\/kriege\/antimili-all\/massive-kritik-an-der-fortsetzung-des-kriegseinsatzes-was-soll-die-bundeswehr-in-mali-schuetzen-die-wehrdoerfer\/<\/a><\/p>\n<p><a href=\"#_ednref8\" name=\"_edn8\">[8]<\/a> <a href=\"https:\/\/www.wiwo.de\/politik\/europa\/frankreich-der-rohstoffkrieg-in-mali\/7629346.html\">https:\/\/www.wiwo.de\/politik\/europa\/frankreich-der-rohstoffkrieg-in-mali\/7629346.html<\/a><\/p>\n<p><a href=\"#_ednref9\" name=\"_edn9\">[9]<\/a> <a href=\"https:\/\/www.faz.net\/aktuell\/wirtschaft\/mali-das-sagenhafte-reich-voller-gold-und-bodenschaetze-12024831.html\">https:\/\/www.faz.net\/aktuell\/wirtschaft\/mali-das-sagenhafte-reich-voller-gold-und-bodenschaetze-12024831.html<\/a><\/p>\n<p><a href=\"#_ednref10\" name=\"_edn10\">[10]<\/a> <a href=\"https:\/\/www.rnd.de\/politik\/usa-baerbock-auf-auslandsreise-ukraine-und-klima-als-hauptthemen-QF5RCJ6MC5HUTEMSVAM46KYDNQ.html\">https:\/\/www.rnd.de\/politik\/usa-baerbock-auf-auslandsreise-ukraine-und-klima-als-hauptthemen-QF5RCJ6MC5HUTEMSVAM46KYDNQ.html<\/a><\/p>\n<p><a href=\"#_ednref11\" name=\"_edn11\">[11]<\/a> <a href=\"https:\/\/www.focus.de\/politik\/deutschland\/besuch-in-den-usa-habeck-sieht-deutschland-in-einer-dienenden-fuehrungsrolle_id_61552626.html\">https:\/\/www.focus.de\/politik\/deutschland\/besuch-in-den-usa-habeck-sieht-deutschland-in-einer-dienenden-fuehrungsrolle_id_61552626.html<\/a><\/p>\n<p><a href=\"#_ednref12\" name=\"_edn12\">[12]<\/a> <a href=\"https:\/\/www.youtube.com\/watch?v=nOMW8Kn4OLw\">https:\/\/www.youtube.com\/watch?v=nOMW8Kn4OLw<\/a><\/p>\n<p><a href=\"#_ednref13\" name=\"_edn13\">[13]<\/a> <a href=\"https:\/\/forum.beobachter.ch\/forum\/thread\/18765-usa-\u00fcber-200-kriege-seit-ihrer-gr\u00fcndung\/?pageNo=4\">https:\/\/forum.beobachter.ch\/forum\/thread\/18765-usa-%C3%BCber-200-kriege-seit-ihrer-gr%C3%BCndung\/?pageNo=4<\/a><\/p>\n<p><a href=\"#_ednref14\" name=\"_edn14\">[14]<\/a> <a href=\"http:\/\/www.studien-von-zeitfragen.de\/Mnemeion\/Hehre_Kunst_der_Provokation\/hehre_kunst_der_provokation.htm\">http:\/\/www.studien-von-zeitfragen.de\/Mnemeion\/Hehre_Kunst_der_Provokation\/hehre_kunst_der_provokation.htm<\/a><\/p>\n<p><a href=\"#_ednref15\" name=\"_edn15\">[15]<\/a> <a href=\"https:\/\/www.sscnet.ucla.edu\/polisci\/faculty\/trachtenberg\/methbk\/ickes.pdf\">https:\/\/www.sscnet.ucla.edu\/polisci\/faculty\/trachtenberg\/methbk\/ickes.pdf<\/a><\/p>\n<p><a href=\"#_ednref16\" name=\"_edn16\">[16]<\/a> <a href=\"https:\/\/www.youtube.com\/watch?v=ks7hznOfTkU\">https:\/\/www.youtube.com\/watch?v=ks7hznOfTkU<\/a><\/p>\n<p><a href=\"#_ednref17\" name=\"_edn17\">[17]<\/a> <a href=\"https:\/\/www.aphorismen.de\/zitat\/176\">https:\/\/www.aphorismen.de\/zitat\/176<\/a><\/p>\n<p><a href=\"#_ednref18\" name=\"_edn18\">[18]<\/a> <a href=\"http:\/\/www.ag-friedensforschung.de\/themen\/Friedenspreise\/nobel-lit-pinter.html\">http:\/\/www.ag-friedensforschung.de\/themen\/Friedenspreise\/nobel-lit-pinter.html<\/a><\/p>\n<p><a href=\"#_ednref19\" name=\"_edn19\">[19]<\/a> <a href=\"https:\/\/www.t-online.de\/nachrichten\/deutschland\/id_90102198\/klima-ukraine-und-nord-stream-2-die-ploetzliche-amerika-liebe-der-gruenen.html\">https:\/\/www.t-online.de\/nachrichten\/deutschland\/id_90102198\/klima-ukraine-und-nord-stream-2-die-ploetzliche-amerika-liebe-der-gruenen.html<\/a><\/p>\n<p><a href=\"#_ednref20\" name=\"_edn20\">[20]<\/a> <a href=\"https:\/\/www.ohchr.org\/sites\/default\/files\/Documents\/Countries\/UA\/29thReportUkraine_EN.pdf\">https:\/\/www.ohchr.org\/sites\/default\/files\/Documents\/Countries\/UA\/29thReportUkraine_EN.pdf<\/a><\/p>\n<p><a href=\"#_ednref21\" name=\"_edn21\">[21]<\/a> <a href=\"https:\/\/de.wikipedia.org\/wiki\/Protokoll_von_Minsk\">https:\/\/de.wikipedia.org\/wiki\/Protokoll_von_Minsk<\/a><\/p>\n<p><a href=\"#_ednref22\" name=\"_edn22\">[22]<\/a> <a href=\"https:\/\/www.news.at\/a\/usa-biden-krieg-12180967\">https:\/\/www.news.at\/a\/usa-biden-krieg-12180967<\/a><\/p>\n<p><a href=\"#_ednref23\" name=\"_edn23\">[23]<\/a> <a href=\"https:\/\/www.focus.de\/kultur\/kino_tv\/tv-kolumne-anne-will-baerbock-will-dass-russland-nicht-mehr-auf-die-beine-kommt_id_92735159.html\">https:\/\/www.focus.de\/kultur\/kino_tv\/tv-kolumne-anne-will-baerbock-will-dass-russland-nicht-mehr-auf-die-beine-kommt_id_92735159.html<\/a><\/p>\n<p><a href=\"#_ednref24\" name=\"_edn24\">[24]<\/a> <a href=\"https:\/\/www.abgeordnetenwatch.de\/profile\/annalena-baerbock\/fragen-antworten\/sehr-geehrte-frau-baerbock-wie-wird-ihre-mitgliedschaft-im-young-global-leaders-des-weltwirtschaftsforums\">https:\/\/www.abgeordnetenwatch.de\/profile\/annalena-baerbock\/fragen-antworten\/sehr-geehrte-frau-baerbock-wie-wird-ihre-mitgliedschaft-im-young-global-leaders-des-weltwirtschaftsforums<\/a><\/p>\n<p><a href=\"#_ednref25\" name=\"_edn25\">[25]<\/a> <a href=\"https:\/\/taz.de\/Geostrategie-im-Ukrainekrieg\/!5860826\/\">https:\/\/taz.de\/Geostrategie-im-Ukrainekrieg\/!5860826\/<\/a><\/p>\n<p><a href=\"#_ednref26\" name=\"_edn26\">[26]<\/a> <a href=\"https:\/\/www.srf.ch\/news\/international\/regimewechsel-gefordert-viel-wirbel-um-den-schlusssatz-des-us-praesidenten-in-warschau\">https:\/\/www.srf.ch\/news\/international\/regimewechsel-gefordert-viel-wirbel-um-den-schlusssatz-des-us-praesidenten-in-warschau<\/a><\/p>\n<p><a href=\"#_ednref27\" name=\"_edn27\">[27]<\/a> <a href=\"https:\/\/www.extremnews.com\/berichte\/weltgeschehen\/4ea1827e57f27f\">https:\/\/www.extremnews.com\/berichte\/weltgeschehen\/4ea1827e57f27f<\/a><\/p>\n<p><a href=\"#_ednref28\" name=\"_edn28\">[28]<\/a> <a href=\"https:\/\/www.youtube.com\/watch?v=_7R-0unFGgE\">https:\/\/www.youtube.com\/watch?v=_7R-0unFGgE<\/a><\/p>\n<p><a href=\"#_ednref29\" name=\"_edn29\">[29]<\/a> <a href=\"https:\/\/www.auswaertiges-amt.de\/de\/newsroom\/-\/2559154\">https:\/\/www.auswaertiges-amt.de\/de\/newsroom\/-\/2559154<\/a><\/p>\n<p><a href=\"#_ednref30\" name=\"_edn30\">[30]<\/a> <a href=\"https:\/\/www.tagesschau.de\/ausland\/asien\/us-hilfen-afghanistan-101.html\">https:\/\/www.tagesschau.de\/ausland\/asien\/us-hilfen-afghanistan-101.html<\/a><\/p>\n<p><a href=\"#_ednref31\" name=\"_edn31\">[31]<\/a> <a href=\"https:\/\/www.watson.ch\/international\/usa\/574666678-usa-wollen-afghanische-milliarden-an-9-11-opfer-zahlen\">https:\/\/www.watson.ch\/international\/usa\/574666678-usa-wollen-afghanische-milliarden-an-9-11-opfer-zahlen<\/a><\/p>\n<p><a href=\"#_ednref32\" name=\"_edn32\">[32]<\/a> <a href=\"http:\/\/www.ag-friedensforschung.de\/themen\/Terrorismus\/martin.html\">http:\/\/www.ag-friedensforschung.de\/themen\/Terrorismus\/martin.html<\/a><\/p>\n<p><a href=\"#_ednref33\" name=\"_edn33\">[33]<\/a> <a href=\"https:\/\/progressive.international\/wire\/2022-08-23-to-end-hell-on-earth-the-us-must-free-afghanistans-7bn-reserves\/de\">https:\/\/progressive.international\/wire\/2022-08-23-to-end-hell-on-earth-the-us-must-free-afghanistans-7bn-reserves\/de<\/a><\/p>\n<p><a href=\"#_ednref34\" name=\"_edn34\">[34]<\/a> <a href=\"https:\/\/www.spiegel.de\/ausland\/hungerkrise-in-afghanistan-ich-habe-die-niere-meines-sohnes-verkauft-um-uns-alle-zu-retten-a-fb6b5a08-4da8-450c-a8bb-8da275653bf1\">https:\/\/www.spiegel.de\/ausland\/hungerkrise-in-afghanistan-ich-habe-die-niere-meines-sohnes-verkauft-um-uns-alle-zu-retten-a-fb6b5a08-4da8-450c-a8bb-8da275653bf1<\/a><\/p>\n<p><a href=\"#_ednref35\" name=\"_edn35\">[35]<\/a> <a href=\"https:\/\/www.dw.com\/de\/finanzsanktionen-gegen-taliban-unmenschlich\/a-60781910\">https:\/\/www.dw.com\/de\/finanzsanktionen-gegen-taliban-unmenschlich\/a-60781910<\/a><\/p>\n<p><a href=\"#_ednref36\" name=\"_edn36\">[36]<\/a> <a href=\"https:\/\/thecradle.co\/Article\/News\/17455\">https:\/\/thecradle.co\/Article\/News\/17455<\/a><\/p>\n<p><a href=\"#_ednref37\" name=\"_edn37\">[37]<\/a> <a href=\"https:\/\/deref-gmx.net\/mail\/client\/u1frVL0RUbQ\/dereferrer\/?redirectUrl=https%3A%2F%2Fglobalbridge.ch%2Fso-leiden-in-syrien-die-menschen-unter-den-westlichen-sanktionen%2F\">https:\/\/globalbridge.ch\/so-leiden-in-syrien-die-menschen-unter-den-westlichen-sanktionen\/<\/a>vor-allem-die-armen\/<\/p>\n<p><a href=\"#_ednref38\" name=\"_edn38\">[38]<\/a> <a href=\"https:\/\/www.tagesschau.de\/ausland\/europa\/getreideabkommen-russland-reaktionen-103.html\">https:\/\/www.tagesschau.de\/ausland\/europa\/getreideabkommen-russland-reaktionen-103.html<\/a><\/p>\n<p><a href=\"#_ednref39\" name=\"_edn39\">[39]<\/a> <a href=\"https:\/\/www.agrarheute.com\/management\/agribusiness\/verkauft-ukraine-getreide-afrika-597271\">https:\/\/www.agrarheute.com\/management\/agribusiness\/verkauft-ukraine-getreide-afrika-597271<\/a><\/p>\n<p><a href=\"#_ednref40\" name=\"_edn40\">[40]<\/a> <a href=\"https:\/\/www.die-medienanstalten.de\/fileadmin\/user_upload\/Rechtsgrundlagen\/Gesetze_Staatsvertraege\/Medienstaatsvertrag_MStV.pdf\">https:\/\/www.die-medienanstalten.de\/fileadmin\/user_upload\/Rechtsgrundlagen\/Gesetze_Staatsvertraege\/Medienstaatsvertrag_MStV.pdf<\/a><\/p>\n<p><a href=\"#_ednref41\" name=\"_edn41\">[41]<\/a> <a href=\"https:\/\/meinungsfreiheit.rtde.life\/international\/153077-putin-verdeutlicht-position-zum-getreide\/\">https:\/\/meinungsfreiheit.rtde.life\/international\/153077-putin-verdeutlicht-position-zum-getreide\/<\/a><\/p>\n<p><a href=\"#_ednref42\" name=\"_edn42\">[42]<\/a> <a href=\"https:\/\/www.tagesschau.de\/inland\/innenpolitik\/proteste-energiepolitik-105.html\">https:\/\/www.tagesschau.de\/inland\/innenpolitik\/proteste-energiepolitik-105.html<\/a><\/p>\n<p style=\"text-align: right;\"><em>Friedhelm Klinkhammer und\u00a0<\/em><em>Volker Br\u00e4utigam sind\u00a0<\/em><em>Mitglieder des Beirates des Deutschen Freidenker-Verbandes.<\/em><\/p>\n<p><span style=\"font-size: 10pt;\">Dieser Beitrag erschien am 02.11.2022 auch auf <a href=\"https:\/\/publikumskonferenz.de\/blog\/2022\/11\/02\/putins-gas-statt-bidens-bomben\" target=\"_blank\" rel=\"noopener\">publikumskonferenz.de<\/a><\/span><\/p>\n<hr \/>\n<p><span style=\"font-size: 10pt;\">Bild oben: Zusammenstellung von Ausschnitten aus:<\/span><br \/>\n<span style=\"font-size: 10pt;\">Gasfackel: <a href=\"https:\/\/pixabay.com\/de\/photos\/feuer-flamme-fackel-abfackeln-1980292\/\" target=\"_blank\" rel=\"noopener\">pixabay.com<\/a> \/ <a class=\"hover_opacity\" href=\"https:\/\/pixabay.com\/de\/users\/tama66-1032521\/\">Tama66<\/a> \/ <a href=\"https:\/\/pixabay.com\/de\/service\/license\/\">Pixabay License<\/a><\/span><br \/>\n<span style=\"font-size: 10pt;\">Hubschrauber, Flammen: <a href=\"https:\/\/pixabay.com\/de\/photos\/krieg-hubschrauber-milit%c3%a4r-3078482\/\" target=\"_blank\" rel=\"noopener\">pixabay.com<\/a> \/ <a class=\"hover_opacity\" href=\"https:\/\/pixabay.com\/de\/users\/mohamed_hassan-5229782\/\">mohamed_hassan<\/a> \/ <a href=\"https:\/\/pixabay.com\/de\/service\/license\/\">Pixabay License<\/a><\/span><\/p>\n","protected":false},"excerpt":{"rendered":"<p><b>Beitrag von Friedhelm Klinkhammer und Volker Br\u00e4utigam<\/b><br \/>\nAchtung, ein kapitaler Baerbock: \u201eSind die Deutschen bereit, f\u00fcr die Freiheit zu sterben? Wir sind es.\u201c[2] Dieser uns\u00e4glich dumme Spruch \u2013 Zitat in Anf\u00fchrungszeichen! \u2013 dient als \u00dcberschrift eines Artikels in der Neuen Z\u00fcrcher Zeitung. Andernorts taucht er nicht auf; zuzutrauen ist er unserer Hasspredigerin im Au\u00dfenamt allemal. Ein \u00fcbler Treppenwitz, was diese Frau unter Diplomatie und au\u00dfenpolitischer Strategie versteht. Kennen Sie den schon? \u201eWir sind die Guten!\u201c[3] Fr\u00fcher gab es f\u00fcr derart ungezogenes L\u00fcgen eins hinter die L\u00f6ffel. Heute qualifiziert es f\u00fcr die Mitgliedschaft im Kabinett des roten Ampelm\u00e4nnchens.<\/p>\n","protected":false},"author":3,"featured_media":14611,"comment_status":"closed","ping_status":"closed","sticky":false,"template":"","format":"standard","meta":{"colormag_page_container_layout":"default_layout","colormag_page_sidebar_layout":"default_layout","advanced_seo_description":"","jetpack_seo_html_title":"","jetpack_seo_noindex":false,"jetpack_post_was_ever_published":false,"footnotes":""},"categories":[12],"tags":[1522,1032,121,563,1579,222,719,1126,639,1525],"class_list":["post-14602","post","type-post","status-publish","format-standard","has-post-thumbnail","hentry","category-demokratie-medien-aufklaerung","tag-atomkrieg","tag-bundesregierung","tag-medien","tag-menschenrechte","tag-oeffentlich-rechtlicher-rundfunk","tag-russland","tag-sanktionen","tag-tagesschau","tag-ukraine-konflikt","tag-waffenlieferungen"],"jetpack_featured_media_url":"https:\/\/i0.wp.com\/www.freidenker.org\/fw17\/wp-content\/uploads\/2022\/11\/gas_bomben_800x450.jpg?fit=800%2C450&ssl=1","jetpack_shortlink":"https:\/\/wp.me\/p9stpK-3Nw","jetpack-related-posts":[{"id":3287,"url":"https:\/\/www.freidenker.org\/?p=3287","url_meta":{"origin":14602,"position":0},"title":"Die Macht der Medien","author":"Webredaktion","date":"17. Dezember 2007","format":false,"excerpt":"Beitrag von Bernd Fricke aus: FREIDENKER 4-07 Wer kennt ihn nicht, den Begriff der Mediengesellschaft. Aber leben wir wirklich in einer solchen, so wie wir fr\u00fcher beispielsweise in der Steinzeit oder im Atomzeitalter gelebt haben? Fakt ist, Medien beeinflussen unser t\u00e4gliches Leben in zunehmendem Ma\u00dfe. Es gibt kaum einen Ort,\u2026","rel":"","context":"In &quot;Demokratie \u2013 Medien \u2013 Aufkl\u00e4rung&quot;","block_context":{"text":"Demokratie \u2013 Medien \u2013 Aufkl\u00e4rung","link":"https:\/\/www.freidenker.org\/?cat=12"},"img":{"alt_text":"","src":"https:\/\/i0.wp.com\/www.freidenker.org\/fw17\/wp-content\/uploads\/2007\/12\/news-1172463_800x445.jpg?fit=800%2C445&ssl=1&resize=350%2C200","width":350,"height":200,"srcset":"https:\/\/i0.wp.com\/www.freidenker.org\/fw17\/wp-content\/uploads\/2007\/12\/news-1172463_800x445.jpg?fit=800%2C445&ssl=1&resize=350%2C200 1x, https:\/\/i0.wp.com\/www.freidenker.org\/fw17\/wp-content\/uploads\/2007\/12\/news-1172463_800x445.jpg?fit=800%2C445&ssl=1&resize=525%2C300 1.5x, https:\/\/i0.wp.com\/www.freidenker.org\/fw17\/wp-content\/uploads\/2007\/12\/news-1172463_800x445.jpg?fit=800%2C445&ssl=1&resize=700%2C400 2x"},"classes":[]},{"id":14148,"url":"https:\/\/www.freidenker.org\/?p=14148","url_meta":{"origin":14602,"position":1},"title":"Vom Westen gibt es Informationen, von Russland Propaganda?","author":"Webredaktion","date":"5. September 2022","format":false,"excerpt":"Beitrag von Gert Ewen Ungar Nicht erst seit dem 24. Februar 2022, sondern schon seit Jahren tobt ein Informationskrieg. Es sind dabei die westlichen Medien, die ihr Narrativ, die westliche Sicht auf die Dinge in den Status einer allgemein verbindlichen Wahrheit heben wollen. Unhinterfragt dabei ist: Wir sind der Westen,\u2026","rel":"","context":"In &quot;Demokratie \u2013 Medien \u2013 Aufkl\u00e4rung&quot;","block_context":{"text":"Demokratie \u2013 Medien \u2013 Aufkl\u00e4rung","link":"https:\/\/www.freidenker.org\/?cat=12"},"img":{"alt_text":"","src":"https:\/\/i0.wp.com\/www.freidenker.org\/fw17\/wp-content\/uploads\/2022\/09\/mascha_631051e148fbef67e910f629_800x450.jpg?fit=800%2C450&ssl=1&resize=350%2C200","width":350,"height":200,"srcset":"https:\/\/i0.wp.com\/www.freidenker.org\/fw17\/wp-content\/uploads\/2022\/09\/mascha_631051e148fbef67e910f629_800x450.jpg?fit=800%2C450&ssl=1&resize=350%2C200 1x, https:\/\/i0.wp.com\/www.freidenker.org\/fw17\/wp-content\/uploads\/2022\/09\/mascha_631051e148fbef67e910f629_800x450.jpg?fit=800%2C450&ssl=1&resize=525%2C300 1.5x, https:\/\/i0.wp.com\/www.freidenker.org\/fw17\/wp-content\/uploads\/2022\/09\/mascha_631051e148fbef67e910f629_800x450.jpg?fit=800%2C450&ssl=1&resize=700%2C400 2x"},"classes":[]},{"id":22225,"url":"https:\/\/www.freidenker.org\/?p=22225","url_meta":{"origin":14602,"position":2},"title":"Patrik Baab: \u201eNach einem neuen Krieg gegen Russland wird es Deutschland nicht mehr geben\u201c","author":"Webredaktion","date":"26. Juni 2025","format":false,"excerpt":"Interview von Ulrich Heyden mit Patrick Baab Der Journalist und Publizist Patrik Baab ist auf Veranstaltungen und in den Videos der deutschen Friedensbewegung ein gefragter Gespr\u00e4chspartner. In Moskau pr\u00e4sentierte er k\u00fcrzlich auf einer Veranstaltung in der Tscheglakow-Stiftung die russischsprachige Ausgabe seines Buches \u201eAuf beiden Seiten der Front\u201c. Das Buch handelt\u2026","rel":"","context":"In &quot;Demokratie \u2013 Medien \u2013 Aufkl\u00e4rung&quot;","block_context":{"text":"Demokratie \u2013 Medien \u2013 Aufkl\u00e4rung","link":"https:\/\/www.freidenker.org\/?cat=12"},"img":{"alt_text":"","src":"https:\/\/i0.wp.com\/www.freidenker.org\/fw17\/wp-content\/uploads\/2025\/06\/Patrik-Baab_Ulrich-Heyden_15-06-25_800x450.jpg?fit=800%2C450&ssl=1&resize=350%2C200","width":350,"height":200,"srcset":"https:\/\/i0.wp.com\/www.freidenker.org\/fw17\/wp-content\/uploads\/2025\/06\/Patrik-Baab_Ulrich-Heyden_15-06-25_800x450.jpg?fit=800%2C450&ssl=1&resize=350%2C200 1x, https:\/\/i0.wp.com\/www.freidenker.org\/fw17\/wp-content\/uploads\/2025\/06\/Patrik-Baab_Ulrich-Heyden_15-06-25_800x450.jpg?fit=800%2C450&ssl=1&resize=525%2C300 1.5x, https:\/\/i0.wp.com\/www.freidenker.org\/fw17\/wp-content\/uploads\/2025\/06\/Patrik-Baab_Ulrich-Heyden_15-06-25_800x450.jpg?fit=800%2C450&ssl=1&resize=700%2C400 2x"},"classes":[]},{"id":15577,"url":"https:\/\/www.freidenker.org\/?p=15577","url_meta":{"origin":14602,"position":3},"title":"Deutsche &#8222;Qualit\u00e4tsmedien&#8220; im dauerhaften Sinkflug","author":"Webredaktion","date":"23. M\u00e4rz 2023","format":false,"excerpt":"Beitrag von Tom J. Wellbrock H\u00e4me und Spa\u00df sind normalerweise nichts, was im Sinne von Medien sein kann, die in der \u00f6ffentlichen Darstellung hohe Anspr\u00fcche an ihre Arbeit formulieren. Spa\u00df und H\u00e4me sind gewisserma\u00dfen die H\u00f6chststrafe, denn beides transportiert vor allem eines: Missachtung. Auch aus diesem Grund m\u00fcsste Deutschlands Au\u00dfenministerin\u2026","rel":"","context":"In &quot;Demokratie \u2013 Medien \u2013 Aufkl\u00e4rung&quot;","block_context":{"text":"Demokratie \u2013 Medien \u2013 Aufkl\u00e4rung","link":"https:\/\/www.freidenker.org\/?cat=12"},"img":{"alt_text":"","src":"https:\/\/i0.wp.com\/www.freidenker.org\/fw17\/wp-content\/uploads\/2023\/03\/press-2333329_800x450.jpg?fit=800%2C450&ssl=1&resize=350%2C200","width":350,"height":200,"srcset":"https:\/\/i0.wp.com\/www.freidenker.org\/fw17\/wp-content\/uploads\/2023\/03\/press-2333329_800x450.jpg?fit=800%2C450&ssl=1&resize=350%2C200 1x, https:\/\/i0.wp.com\/www.freidenker.org\/fw17\/wp-content\/uploads\/2023\/03\/press-2333329_800x450.jpg?fit=800%2C450&ssl=1&resize=525%2C300 1.5x, https:\/\/i0.wp.com\/www.freidenker.org\/fw17\/wp-content\/uploads\/2023\/03\/press-2333329_800x450.jpg?fit=800%2C450&ssl=1&resize=700%2C400 2x"},"classes":[]},{"id":12151,"url":"https:\/\/www.freidenker.org\/?p=12151","url_meta":{"origin":14602,"position":4},"title":"Warum keine gleiche Sicherheit f\u00fcr Russland?","author":"Webredaktion","date":"8. Februar 2022","format":false,"excerpt":"Ein Kommentar von Rainer Rupp. Warum sind die Russen auf einmal so aggressiv? Will der Putin die alte Sowjetunion wieder herstellen, ein neues Imperium aufbauen? Wollen die Russen Krieg? Fragen \u00fcber Fragen, die derzeit in unseren Mainstream Medien gestellt werden. Wir haben den Russen doch nichts getan! Die brauchen doch\u2026","rel":"","context":"In &quot;Frieden - Antifaschismus - Solidarit\u00e4t&quot;","block_context":{"text":"Frieden - Antifaschismus - Solidarit\u00e4t","link":"https:\/\/www.freidenker.org\/?cat=13"},"img":{"alt_text":"","src":"https:\/\/i0.wp.com\/www.freidenker.org\/fw17\/wp-content\/uploads\/2022\/02\/Russland-Flagge-Moskau_800x450.jpg?fit=800%2C450&ssl=1&resize=350%2C200","width":350,"height":200,"srcset":"https:\/\/i0.wp.com\/www.freidenker.org\/fw17\/wp-content\/uploads\/2022\/02\/Russland-Flagge-Moskau_800x450.jpg?fit=800%2C450&ssl=1&resize=350%2C200 1x, https:\/\/i0.wp.com\/www.freidenker.org\/fw17\/wp-content\/uploads\/2022\/02\/Russland-Flagge-Moskau_800x450.jpg?fit=800%2C450&ssl=1&resize=525%2C300 1.5x, https:\/\/i0.wp.com\/www.freidenker.org\/fw17\/wp-content\/uploads\/2022\/02\/Russland-Flagge-Moskau_800x450.jpg?fit=800%2C450&ssl=1&resize=700%2C400 2x"},"classes":[]},{"id":22435,"url":"https:\/\/www.freidenker.org\/?p=22435","url_meta":{"origin":14602,"position":5},"title":"Ukraine-Proteste: Der Westen hat noch die Kontrolle \u00fcber die NGOs im Land","author":"Webredaktion","date":"25. Juli 2025","format":false,"excerpt":"Beitrag von Gert Ewen Ungar Wenn es um die Ukraine geht, erz\u00e4hlt die Tagesschau gerne sch\u00f6ne und ergreifende Geschichten. Mit der Realit\u00e4t haben diese als Journalismus getarnten R\u00fchrst\u00fccke in der Regel genauso viel zu tun wie die Schauerm\u00e4rchen, die deutsche Medien \u00fcber Russland erz\u00e4hlen: nichts.\u00a0Anl\u00e4sslich der aktuellen Proteste in der\u2026","rel":"","context":"In &quot;Demokratie \u2013 Medien \u2013 Aufkl\u00e4rung&quot;","block_context":{"text":"Demokratie \u2013 Medien \u2013 Aufkl\u00e4rung","link":"https:\/\/www.freidenker.org\/?cat=12"},"img":{"alt_text":"","src":"https:\/\/i0.wp.com\/www.freidenker.org\/fw17\/wp-content\/uploads\/2025\/07\/Proteste_Kiew_RT_800x450.jpg?fit=800%2C450&ssl=1&resize=350%2C200","width":350,"height":200,"srcset":"https:\/\/i0.wp.com\/www.freidenker.org\/fw17\/wp-content\/uploads\/2025\/07\/Proteste_Kiew_RT_800x450.jpg?fit=800%2C450&ssl=1&resize=350%2C200 1x, https:\/\/i0.wp.com\/www.freidenker.org\/fw17\/wp-content\/uploads\/2025\/07\/Proteste_Kiew_RT_800x450.jpg?fit=800%2C450&ssl=1&resize=525%2C300 1.5x, https:\/\/i0.wp.com\/www.freidenker.org\/fw17\/wp-content\/uploads\/2025\/07\/Proteste_Kiew_RT_800x450.jpg?fit=800%2C450&ssl=1&resize=700%2C400 2x"},"classes":[]}],"_links":{"self":[{"href":"https:\/\/www.freidenker.org\/index.php?rest_route=\/wp\/v2\/posts\/14602","targetHints":{"allow":["GET"]}}],"collection":[{"href":"https:\/\/www.freidenker.org\/index.php?rest_route=\/wp\/v2\/posts"}],"about":[{"href":"https:\/\/www.freidenker.org\/index.php?rest_route=\/wp\/v2\/types\/post"}],"author":[{"embeddable":true,"href":"https:\/\/www.freidenker.org\/index.php?rest_route=\/wp\/v2\/users\/3"}],"replies":[{"embeddable":true,"href":"https:\/\/www.freidenker.org\/index.php?rest_route=%2Fwp%2Fv2%2Fcomments&post=14602"}],"version-history":[{"count":0,"href":"https:\/\/www.freidenker.org\/index.php?rest_route=\/wp\/v2\/posts\/14602\/revisions"}],"wp:featuredmedia":[{"embeddable":true,"href":"https:\/\/www.freidenker.org\/index.php?rest_route=\/wp\/v2\/media\/14611"}],"wp:attachment":[{"href":"https:\/\/www.freidenker.org\/index.php?rest_route=%2Fwp%2Fv2%2Fmedia&parent=14602"}],"wp:term":[{"taxonomy":"category","embeddable":true,"href":"https:\/\/www.freidenker.org\/index.php?rest_route=%2Fwp%2Fv2%2Fcategories&post=14602"},{"taxonomy":"post_tag","embeddable":true,"href":"https:\/\/www.freidenker.org\/index.php?rest_route=%2Fwp%2Fv2%2Ftags&post=14602"}],"curies":[{"name":"wp","href":"https:\/\/api.w.org\/{rel}","templated":true}]}}