{"id":14585,"date":"2022-11-04T01:12:25","date_gmt":"2022-11-04T00:12:25","guid":{"rendered":"https:\/\/www.freidenker.org\/?p=14585"},"modified":"2022-12-06T03:00:08","modified_gmt":"2022-12-06T02:00:08","slug":"marx-und-engels-ueber-das-verhaeltnis-von-mensch-und-natur","status":"publish","type":"post","link":"https:\/\/www.freidenker.org\/?p=14585","title":{"rendered":"Marx und Engels \u00fcber das Verh\u00e4ltnis von Mensch und Natur"},"content":{"rendered":"<p><span style=\"font-size: 14pt;\">Zum Themenabend in der Villa Leon in N\u00fcrnberg laden wir herzlich ein.<\/span><\/p>\n<p style=\"text-align: right;\">\u00a0<em>\u201eUns so werden wir mit jedem Schritt daran erinnert,<br \/>\nda\u00df wir keineswegs die Natur beherrschen,<br \/>\nwie ein Eroberer ein fremdes Volk beherrscht,<br \/>\nwie jemand der au\u00dferhalb der Natur steht.\u201c <\/em><\/p>\n<p style=\"text-align: right;\"><span style=\"font-size: 10pt;\">Friedrich Engels, Dialektik der Natur, MEW, Bd. 20, S. 243<\/span><\/p>\n<h4>\u201eMarx und Engels \u00fcber das Verh\u00e4ltnis von Mensch und Natur\u201c<\/h4>\n<p><em>Referent: <strong>Richard Dollinger<\/strong><\/em><\/p>\n<p>Das Zeitalter indem der Mensch den entscheidenden Einfluss auf Natur und Umwelt hat nennt sich Anthropoz\u00e4n. Es schien lange Zeit eine Epoche der unbegrenzten M\u00f6glichkeiten zu sein. Aber schon 1876 warnt Friedrich Engels: <em>\u201eSchmeicheln wir uns nicht so sehr mit unseren menschlichen Siegen \u00fcber die Natur. F\u00fcr jeden solchen Sieg r\u00e4cht sie sich an uns. Jeder hat in erster Linie zwar die Folgen, auf die wir gerechnet haben, aber in zweiter und dritter Linie hat er ganz andre, unvorhergesehene Wirkungen.\u201c <\/em>Mit Goethes Faust notiert Engels<em>: \u201eVernunft wird Unsinn, Wohltat Plage.\u201c <\/em><\/p>\n<p>Heute stehen wir vor einer, den Planeten bedrohenden Umwelt- und Naturkatastrophe. Das biblische Gebot \u201eMacht euch die Erde untertan\u201c hat unter den heutigen gesellschaftlichen Bedingungen erschreckende Folgen gezeitigt. Dagegen hat sich eine breite, durchaus erfolgreiche au\u00dferparlamentarische Bewegung entfaltet und auch manche Regierungen dieser Welt, so scheint es, haben die Zeichen der Zeit erkannt und dr\u00e4ngen auf einen \u00f6kologischen Umbau der \u00d6konomie.<\/p>\n<p>Der Vortrag besch\u00e4ftigt sich nicht mit den aktuellen, weitgehend bekannten Folgen der Umweltzerst\u00f6rung, vielmehr geht es um den grundlegenden Zusammenhang von Mensch und Natur. Schon Hegel wusste: <em>\u201eDie Begierden aus den Gegenst\u00e4nden der Natur Nutzen zu ziehen, ist mit deren Zerst\u00f6rung verbunden.\u201c <\/em>Bei Marx, im 1. Band des Kapitals findet sich: <em>\u201eJe mehr ein Land von der gro\u00dfen Industrie als dem Hintergrund seiner Entwicklung ausgeht, desto rascher der Zerst\u00f6rungsprozess.\u201c <\/em>Marx und Engels haben in ihrem umfassenden Werk nicht nur Beil\u00e4ufiges zum Zusammenspiel von Mensch und Natur notiert und so will der Vortrag den Beitrag des Marxismus zum Thema erhellen und kritisch reflektieren.<\/p>\n<p>&nbsp;<\/p>\n<p>Wann:\u00a0<strong>Freitag, 11. November 2022 um 19.30 Uhr<\/strong><\/p>\n<p>Wo:\u00a0<strong>Villa Leon<\/strong><br \/>\nKleiner Saal, 1. OG<br \/>\nPhilipp-Koerber-Weg 1,\u00a0<span class=\"LrzXr\">90439\u00a0<\/span><strong>N\u00fcrnberg<br \/>\n<\/strong>(an der U2, Rothenburger Str.)<\/p>\n<p><strong>Veranstalter: Deutscher Freidenkerverband e.V. \u2013 Ortsverband Franken \/ N\u00fcrnberg Bayern<\/strong><\/p>\n<hr \/>\n<p><img data-recalc-dims=\"1\" loading=\"lazy\" decoding=\"async\" data-attachment-id=\"1076\" data-permalink=\"https:\/\/www.freidenker.org\/?attachment_id=1076\" data-orig-file=\"https:\/\/i0.wp.com\/www.freidenker.org\/fw17\/wp-content\/uploads\/2017\/10\/pdf_icon-2.png?fit=32%2C32&amp;ssl=1\" data-orig-size=\"32,32\" data-comments-opened=\"0\" data-image-meta=\"{&quot;aperture&quot;:&quot;0&quot;,&quot;credit&quot;:&quot;&quot;,&quot;camera&quot;:&quot;&quot;,&quot;caption&quot;:&quot;&quot;,&quot;created_timestamp&quot;:&quot;0&quot;,&quot;copyright&quot;:&quot;&quot;,&quot;focal_length&quot;:&quot;0&quot;,&quot;iso&quot;:&quot;0&quot;,&quot;shutter_speed&quot;:&quot;0&quot;,&quot;title&quot;:&quot;&quot;,&quot;orientation&quot;:&quot;0&quot;}\" data-image-title=\"pdf_icon\" data-image-description=\"\" data-image-caption=\"\" data-large-file=\"https:\/\/i0.wp.com\/www.freidenker.org\/fw17\/wp-content\/uploads\/2017\/10\/pdf_icon-2.png?fit=32%2C32&amp;ssl=1\" class=\"alignnone size-full wp-image-1076\" src=\"https:\/\/i0.wp.com\/www.freidenker.org\/fw17\/wp-content\/uploads\/2017\/10\/pdf_icon-2.png?resize=32%2C32&#038;ssl=1\" alt=\"\" width=\"32\" height=\"32\" \/>\u00a0Den <a href=\"https:\/\/www.freidenker.org\/fw17\/wp-content\/uploads\/2022\/11\/EINLADUNG-11-22-Rich.pdf\" target=\"_blank\" rel=\"noopener\">Flyer zur Veranstaltung<\/a> ansehen oder herunterladen (PDF-Dokument, ca. 118 KB)<\/p>\n<hr \/>\n<p><span style=\"font-size: 10pt;\">Bild: Berlin &#8211; Marx-Engels-Forum<\/span><br \/>\n<span style=\"font-size: 10pt;\">Foto: Fred Romero , <a href=\"https:\/\/creativecommons.org\/licenses\/by\/2.0\" target=\"_blank\" rel=\"noopener\">CC BY 2.0<\/a><\/span><br \/>\n<span style=\"font-size: 10pt;\">Quelle: <a href=\"https:\/\/commons.wikimedia.org\/w\/index.php?curid=77944494\" target=\"_blank\" rel=\"noopener\">https:\/\/commons.wikimedia.org\/w\/index.php?curid=77944494<\/a><\/span><\/p>\n","protected":false},"excerpt":{"rendered":"<p>Themenabend &#8211; Freitag, 11. November 2022 um 19.30 Uhr, Villa Leon, N\u00fcrnberg<br \/>\nReferent: Richard Dollinger<br \/>\n\u201eUns so werden wir mit jedem Schritt daran erinnert, da\u00df wir keineswegs die Natur beherrschen, wie ein Eroberer ein fremdes Volk beherrscht, wie jemand der au\u00dferhalb der Natur steht.\u201c [Friedrich Engels, Dialektik der Natur]<br \/>\nDer Vortrag besch\u00e4ftigt sich nicht mit den aktuellen, weitgehend bekannten Folgen der Umweltzerst\u00f6rung, vielmehr geht es um den grundlegenden Zusammenhang von Mensch und Natur.  &#8230;<br \/>\nMarx und Engels haben in ihrem umfassenden Werk nicht nur Beil\u00e4ufiges zum Zusammenspiel von Mensch und Natur notiert und so will der Vortrag den Beitrag des Marxismus zum Thema erhellen und kritisch reflektieren.<\/p>\n","protected":false},"author":3,"featured_media":14590,"comment_status":"closed","ping_status":"closed","sticky":false,"template":"","format":"standard","meta":{"colormag_page_container_layout":"default_layout","colormag_page_sidebar_layout":"default_layout","advanced_seo_description":"","jetpack_seo_html_title":"","jetpack_seo_noindex":false,"jetpack_post_was_ever_published":false,"footnotes":""},"categories":[19],"tags":[534,496,1350,1034,446,1220,814,1653],"class_list":["post-14585","post","type-post","status-publish","format-standard","has-post-thumbnail","hentry","category-veranstaltungen-in-den-dfv-landesverbaenden","tag-friedrich-engels","tag-karl-marx","tag-kritik","tag-marxismus","tag-mensch","tag-natur","tag-oekologie","tag-umwelt"],"jetpack_featured_media_url":"https:\/\/i0.wp.com\/www.freidenker.org\/fw17\/wp-content\/uploads\/2022\/11\/Berlin_-_Marx-Engels-Forum_1_800x450.jpg?fit=800%2C450&ssl=1","jetpack_shortlink":"https:\/\/wp.me\/p9stpK-3Nf","jetpack-related-posts":[{"id":733,"url":"https:\/\/www.freidenker.org\/?p=733","url_meta":{"origin":14585,"position":0},"title":"FREIDENKER 4-10 &#8211; Friedrich Engels 1820-1895","author":"Webmaster","date":"16. Dezember 2010","format":false,"excerpt":"Die Ausgabe 4-10 des Verbandsorgans FREIDENKER hat das Schwerpunkt-Thema \u201eFriedrich Engels 1820-1895\u201c und enth\u00e4lt u.a folgende Beitr\u00e4ge: - Horst Schild: Kann wissenschaftlicher Fortschritt den Atheismus infrage stellen - Helga E. H\u00f6rz\/Herbert H\u00f6rz: Seelsorge: ein Monopol f\u00fcr Religionen? - Erich Hahn: Wissenschaftlicher Sozialismus - Rainer Thiel: Friedrich Engels und die Dialektik\u2026","rel":"","context":"In &quot;Verbandsorgan FREIDENKER&quot;","block_context":{"text":"Verbandsorgan FREIDENKER","link":"https:\/\/www.freidenker.org\/?cat=8"},"img":{"alt_text":"","src":"https:\/\/i0.wp.com\/www.freidenker.org\/fw17\/wp-content\/uploads\/2017\/12\/FD_2010-04_Titel_mR.jpg?fit=800%2C445&ssl=1&resize=350%2C200","width":350,"height":200,"srcset":"https:\/\/i0.wp.com\/www.freidenker.org\/fw17\/wp-content\/uploads\/2017\/12\/FD_2010-04_Titel_mR.jpg?fit=800%2C445&ssl=1&resize=350%2C200 1x, https:\/\/i0.wp.com\/www.freidenker.org\/fw17\/wp-content\/uploads\/2017\/12\/FD_2010-04_Titel_mR.jpg?fit=800%2C445&ssl=1&resize=525%2C300 1.5x, https:\/\/i0.wp.com\/www.freidenker.org\/fw17\/wp-content\/uploads\/2017\/12\/FD_2010-04_Titel_mR.jpg?fit=800%2C445&ssl=1&resize=700%2C400 2x"},"classes":[]},{"id":7343,"url":"https:\/\/www.freidenker.org\/?p=7343","url_meta":{"origin":14585,"position":1},"title":"\u00dcber den Begriff des Anthropoz\u00e4ns","author":"Webredaktion","date":"29. Dezember 2019","format":false,"excerpt":"Beitrag von Sebastian Bahlo aus FREIDENKER 4-19 Geologen haben den Begriff des Anthropoz\u00e4ns zur Benennung des gegenw\u00e4rtigen Erdzeitalters vorgeschlagen. ... Der Mensch ist das erste Lebewesen, das stets bewu\u00dft handelt, also in allem, was er tut, prinzipiell aufgrund der Entscheidung handelt, von allen m\u00f6glichen Handlungen gerade die eine vorzunehmen. ...\u2026","rel":"","context":"In &quot;Weltanschauung &amp; Philosophie&quot;","block_context":{"text":"Weltanschauung &amp; Philosophie","link":"https:\/\/www.freidenker.org\/?cat=16"},"img":{"alt_text":"","src":"https:\/\/i0.wp.com\/www.freidenker.org\/fw17\/wp-content\/uploads\/2019\/12\/evolution-3801547_800x445.jpg?fit=800%2C445&ssl=1&resize=350%2C200","width":350,"height":200,"srcset":"https:\/\/i0.wp.com\/www.freidenker.org\/fw17\/wp-content\/uploads\/2019\/12\/evolution-3801547_800x445.jpg?fit=800%2C445&ssl=1&resize=350%2C200 1x, https:\/\/i0.wp.com\/www.freidenker.org\/fw17\/wp-content\/uploads\/2019\/12\/evolution-3801547_800x445.jpg?fit=800%2C445&ssl=1&resize=525%2C300 1.5x, https:\/\/i0.wp.com\/www.freidenker.org\/fw17\/wp-content\/uploads\/2019\/12\/evolution-3801547_800x445.jpg?fit=800%2C445&ssl=1&resize=700%2C400 2x"},"classes":[]},{"id":7334,"url":"https:\/\/www.freidenker.org\/?p=7334","url_meta":{"origin":14585,"position":2},"title":"Kapitalismus, Umweltzerst\u00f6rung und Klimastreit","author":"Webredaktion","date":"29. Dezember 2019","format":false,"excerpt":"Beitrag von Klaus Hartmann aus FREIDENKER 4-19 In dieser Zeit zu Umweltthemen Position zu beziehen, ist ein riskantes Unterfangen. Die Diskussionskultur, wenn man noch von Kultur sprechen will, ist h\u00e4ufig durch Rechthaberei, Unduldsamkeit und Diffamierung des Gegen\u00fcbers gepr\u00e4gt. Alles scheint auf eine einzige Frage hinauszulaufen: \u201eDaf\u00fcr oder dagegen?\u201c Gemeint ist:\u2026","rel":"","context":"In &quot;Demokratie \u2013 Medien \u2013 Aufkl\u00e4rung&quot;","block_context":{"text":"Demokratie \u2013 Medien \u2013 Aufkl\u00e4rung","link":"https:\/\/www.freidenker.org\/?cat=12"},"img":{"alt_text":"","src":"https:\/\/i0.wp.com\/www.freidenker.org\/fw17\/wp-content\/uploads\/2019\/12\/climate-change-2063240_800x445.jpg?fit=800%2C445&ssl=1&resize=350%2C200","width":350,"height":200,"srcset":"https:\/\/i0.wp.com\/www.freidenker.org\/fw17\/wp-content\/uploads\/2019\/12\/climate-change-2063240_800x445.jpg?fit=800%2C445&ssl=1&resize=350%2C200 1x, https:\/\/i0.wp.com\/www.freidenker.org\/fw17\/wp-content\/uploads\/2019\/12\/climate-change-2063240_800x445.jpg?fit=800%2C445&ssl=1&resize=525%2C300 1.5x, https:\/\/i0.wp.com\/www.freidenker.org\/fw17\/wp-content\/uploads\/2019\/12\/climate-change-2063240_800x445.jpg?fit=800%2C445&ssl=1&resize=700%2C400 2x"},"classes":[]},{"id":248,"url":"https:\/\/www.freidenker.org\/?p=248","url_meta":{"origin":14585,"position":3},"title":"Die Strenge des Begriffs","author":"Webmaster","date":"17. Dezember 2010","format":false,"excerpt":"Beitrag von Prof. Dr. Hans Heinz Holz, thematisch geh\u00f6rend zu FREIDENKER 4-10 Warum nennen wir Engels in einem Atemzuge mit Marx den Begr\u00fcnder der neuen Denkhaltung und Wissenschaftseinstellung, die abgel\u00f6st von den Namen ihrer Gestalter als dialektischer und historischer Materialismus bezeichnet wird? Gewi\u00df, die Theorie wurde in einem lebenslangen Gedankenaustausch,\u2026","rel":"","context":"In &quot;Weltanschauung &amp; Philosophie&quot;","block_context":{"text":"Weltanschauung &amp; Philosophie","link":"https:\/\/www.freidenker.org\/?cat=16"},"img":{"alt_text":"","src":"https:\/\/i0.wp.com\/www.freidenker.org\/fw17\/wp-content\/uploads\/2016\/07\/Schlu%CC%88sselloch.jpg?fit=800%2C445&ssl=1&resize=350%2C200","width":350,"height":200,"srcset":"https:\/\/i0.wp.com\/www.freidenker.org\/fw17\/wp-content\/uploads\/2016\/07\/Schlu%CC%88sselloch.jpg?fit=800%2C445&ssl=1&resize=350%2C200 1x, https:\/\/i0.wp.com\/www.freidenker.org\/fw17\/wp-content\/uploads\/2016\/07\/Schlu%CC%88sselloch.jpg?fit=800%2C445&ssl=1&resize=525%2C300 1.5x, https:\/\/i0.wp.com\/www.freidenker.org\/fw17\/wp-content\/uploads\/2016\/07\/Schlu%CC%88sselloch.jpg?fit=800%2C445&ssl=1&resize=700%2C400 2x"},"classes":[]},{"id":291,"url":"https:\/\/www.freidenker.org\/?p=291","url_meta":{"origin":14585,"position":4},"title":"Freiheit und Kommunismus sind ein- und dasselbe","author":"Webmaster","date":"17. Dezember 2010","format":false,"excerpt":"Beitrag von Dr. Wolf Dieter Gudopp-von Behm, thematisch geh\u00f6rend zu FREIDENKER 4-10 Unser Jubilar, er ist der wahre Friedrich der Gro\u00dfe, lebte in der Zeit einer Epochenschwelle. Das ist ein Zufall. Da\u00df er - dieser Friedrich Engels - aus dem gespannten und daher spannenden und M\u00f6glichkeits-prallen Sachverhalt f\u00fcr den Fortschritt\u2026","rel":"","context":"In &quot;Weltanschauung &amp; Philosophie&quot;","block_context":{"text":"Weltanschauung &amp; Philosophie","link":"https:\/\/www.freidenker.org\/?cat=16"},"img":{"alt_text":"","src":"https:\/\/i0.wp.com\/www.freidenker.org\/fw17\/wp-content\/uploads\/2016\/07\/Engels.jpg?fit=800%2C445&ssl=1&resize=350%2C200","width":350,"height":200,"srcset":"https:\/\/i0.wp.com\/www.freidenker.org\/fw17\/wp-content\/uploads\/2016\/07\/Engels.jpg?fit=800%2C445&ssl=1&resize=350%2C200 1x, https:\/\/i0.wp.com\/www.freidenker.org\/fw17\/wp-content\/uploads\/2016\/07\/Engels.jpg?fit=800%2C445&ssl=1&resize=525%2C300 1.5x, https:\/\/i0.wp.com\/www.freidenker.org\/fw17\/wp-content\/uploads\/2016\/07\/Engels.jpg?fit=800%2C445&ssl=1&resize=700%2C400 2x"},"classes":[]},{"id":4223,"url":"https:\/\/www.freidenker.org\/?p=4223","url_meta":{"origin":14585,"position":5},"title":"was &#8211; wie &#8211; warum: Atheistisches Lexikon","author":"Webredaktion","date":"17. Dezember 2006","format":false,"excerpt":"Buchver\u00f6ffentlichung des Deutschen Freidenker-Verbandes - Landesverband NRW Freidenker vertreten eine materialistische Weltanschauung. Deshalb trauen sie den Menschen zu, als gesellschaftliche Wesen und zugleich als Teil der Natur selbst\u00e4ndig und selbstbestimmt ihr Leben im Umgang mit Natur und Gesellschaft zu meistern - ohne dass sie dabei von einem g\u00fctigen oder strafenden\u2026","rel":"","context":"In &quot;B\u00fccher des Verbandes&quot;","block_context":{"text":"B\u00fccher des Verbandes","link":"https:\/\/www.freidenker.org\/?cat=5"},"img":{"alt_text":"","src":"https:\/\/i0.wp.com\/www.freidenker.org\/fw17\/wp-content\/uploads\/2018\/01\/FD_Buch_2006_was-wie-warum.jpg?fit=800%2C445&ssl=1&resize=350%2C200","width":350,"height":200,"srcset":"https:\/\/i0.wp.com\/www.freidenker.org\/fw17\/wp-content\/uploads\/2018\/01\/FD_Buch_2006_was-wie-warum.jpg?fit=800%2C445&ssl=1&resize=350%2C200 1x, https:\/\/i0.wp.com\/www.freidenker.org\/fw17\/wp-content\/uploads\/2018\/01\/FD_Buch_2006_was-wie-warum.jpg?fit=800%2C445&ssl=1&resize=525%2C300 1.5x, https:\/\/i0.wp.com\/www.freidenker.org\/fw17\/wp-content\/uploads\/2018\/01\/FD_Buch_2006_was-wie-warum.jpg?fit=800%2C445&ssl=1&resize=700%2C400 2x"},"classes":[]}],"_links":{"self":[{"href":"https:\/\/www.freidenker.org\/index.php?rest_route=\/wp\/v2\/posts\/14585","targetHints":{"allow":["GET"]}}],"collection":[{"href":"https:\/\/www.freidenker.org\/index.php?rest_route=\/wp\/v2\/posts"}],"about":[{"href":"https:\/\/www.freidenker.org\/index.php?rest_route=\/wp\/v2\/types\/post"}],"author":[{"embeddable":true,"href":"https:\/\/www.freidenker.org\/index.php?rest_route=\/wp\/v2\/users\/3"}],"replies":[{"embeddable":true,"href":"https:\/\/www.freidenker.org\/index.php?rest_route=%2Fwp%2Fv2%2Fcomments&post=14585"}],"version-history":[{"count":0,"href":"https:\/\/www.freidenker.org\/index.php?rest_route=\/wp\/v2\/posts\/14585\/revisions"}],"wp:featuredmedia":[{"embeddable":true,"href":"https:\/\/www.freidenker.org\/index.php?rest_route=\/wp\/v2\/media\/14590"}],"wp:attachment":[{"href":"https:\/\/www.freidenker.org\/index.php?rest_route=%2Fwp%2Fv2%2Fmedia&parent=14585"}],"wp:term":[{"taxonomy":"category","embeddable":true,"href":"https:\/\/www.freidenker.org\/index.php?rest_route=%2Fwp%2Fv2%2Fcategories&post=14585"},{"taxonomy":"post_tag","embeddable":true,"href":"https:\/\/www.freidenker.org\/index.php?rest_route=%2Fwp%2Fv2%2Ftags&post=14585"}],"curies":[{"name":"wp","href":"https:\/\/api.w.org\/{rel}","templated":true}]}}