{"id":14576,"date":"2022-11-02T01:00:21","date_gmt":"2022-11-02T00:00:21","guid":{"rendered":"https:\/\/www.freidenker.org\/?p=14576"},"modified":"2022-12-06T02:59:38","modified_gmt":"2022-12-06T01:59:38","slug":"steinmeiers-neueste-durchhalterede-an-die-deutschen-dieses-wir-gibt-es-nicht","status":"publish","type":"post","link":"https:\/\/www.freidenker.org\/?p=14576","title":{"rendered":"Steinmeiers neueste Durchhalterede an die Deutschen: Dieses &#8222;Wir&#8220; gibt es nicht"},"content":{"rendered":"<p><strong>Ein unschuldiger Bundespr\u00e4sident Steinmeier hilft der unschuldigen Ukraine? Mitnichten. Steinmeier hat mit daf\u00fcr gesorgt, diese Bandera-Ukraine zu schaffen, er ist einer der Brandstifter. Und jetzt bedenkt er die Deutschen mit Durchhalteparolen.<\/strong><\/p>\n<p><em>Von <strong>Dagmar Henn<\/strong><\/em><\/p>\n<p><span style=\"font-size: 10pt;\">Erstver\u00f6ffentlichung am 28.10.2022 auf <a href=\"https:\/\/meinungsfreiheit.rtde.life\/meinung\/152812-steinmeier-rede-wir-nicht-mit\/\" target=\"_blank\" rel=\"noopener\">RT DE<\/a><\/span><\/p>\n<p>Wenn es eine Person gibt, die die Hintergr\u00fcnde des Konflikts in der Ukraine genau kennen muss, dann ist das Frank-Walter Steinmeier. Von 1999 bis 2005 war er Chef des Kanzleramts. W\u00e4hrend der ersten Farbrevolution in der Ukraine, im Jahr 2004, war er damit der Geheimdienstkoordinator und hatte dementsprechend alle verf\u00fcgbaren Informationen \u00fcber diesen ersten westlichen Versuch, die Ukraine vollst\u00e4ndig unter die Ideologie von Bandera zu stellen und gegen Russland zu richten. Er wei\u00df mit Sicherheit auch genau \u00fcber die deutsche Rolle in diesem Spiel Bescheid.<\/p>\n<p>2014, w\u00e4hrend des zweiten Anlaufs durch den Maidan, war er deutscher Au\u00dfenminister. Er schloss zusammen mit seinen polnischen und franz\u00f6sischen Kollegen das verh\u00e4ngnisvolle Abkommen mit der &#8222;Opposition&#8220;, das dazu f\u00fchrte, dass der rechtm\u00e4\u00dfig gew\u00e4hlte ukrainische Pr\u00e4sident Janukowitsch die Bewachung der Regierungsgeb\u00e4ude zur\u00fcckzog, woraufhin sie am Folgetag gest\u00fcrmt werden konnten. Steinmeier hat die Putschisten sofort anerkannt.<\/p>\n<p>Steinmeier war an den Verhandlungen der Minsker Vereinbarungen beteiligt, hat aber wider besseres Wissen best\u00e4ndig die falsche Aussage verbreitet, die &#8222;Separatisten&#8220; m\u00fcssten sofort die Kontrolle \u00fcber die Grenze zu Russland an Kiew \u00fcbergeben. Niemand in dieser Republik tr\u00e4gt mehr Verantwortung f\u00fcr den heutigen Zustand der Ukraine als Frank-Walter Steinmeier. Niemand kann weniger behaupten, nicht zu wissen, mit welchen Kr\u00e4ften, welcher Ideologie man es in Kiew zu tun hat. Er wird die Informationen \u00fcber Odessa ebenso auf seinem Schreibtisch vorgefunden haben wie die wirklichen Daten der OSZE, mit den Angaben, wer im Donbass auf wen schie\u00dft. Die heutige Au\u00dfenministerin Annalena Baerbock k\u00f6nnte sich noch\u00a0mit Unkenntnis und Dummheit herausreden. Steinmeier kann das nicht. Er wei\u00df genau, wie schamlos er l\u00fcgt.<\/p>\n<p>Und das tut er. Man nehme nur diesen einen Satz seiner <a href=\"https:\/\/www.bundespraesident.de\/SharedDocs\/Reden\/DE\/Frank-Walter-Steinmeier\/Reden\/2022\/10\/221028-Alles-staerken-was-uns-verbindet.html\">neuesten<\/a> Rede, in der er bezogen auf den 24. Februar dieses Jahres sagt: &#8222;F\u00fcr niemanden ist der Schrecken dieses Morgens so entsetzlich wie f\u00fcr die Menschen in der Ukraine selbst.&#8220; Die alte Schlangenzunge im Bellevue wei\u00df nat\u00fcrlich, dass der Krieg in der Ukraine an diesem Tag schon beinahe acht Jahre alt war. Er wei\u00df, welche Schrecken er mit sich brachte. Man darf nie vergessen, dass irgendwie dann doch in den Apparaten der Dienste reale Informationen durchdringen; auch, was Folter und Terror durch Kiew betrifft. Und die Geschmacksrichtung der Entwicklung war sp\u00e4testens seit dem 2. Mai 2014 in Odessa gesetzt, wenn nicht bereits seit Steinmeiers Handschlag mit dem Nazi Tjagnibok in Kiew einen Tag vor dem Putsch.<\/p>\n<p>Dieser Steinmeier l\u00e4sst sich eine Rede schreiben, in der er voller Pathos vom &#8222;Schrecken des Krieges&#8220; spricht, der am 24. Februar begonnen habe: &#8222;der ungeheure L\u00e4rm der Einschl\u00e4ge, der Rauch, das Feuer, ihre j\u00e4he, pure Angst.&#8220; Ich war im Fr\u00fchjahr 2015 in Donezk und habe dort mit Menschen gesprochen, die seit \u00fcber einem halben Jahr in einem sowjetischen Atombunker hausten. Ein Bunker, dessen W\u00e4nde mit Bildern der Gesch\u00fctze dekoriert waren, die einmal gebaut worden waren, um sie zu sch\u00fctzen, aber seit Monaten auf sie abgefeuert wurden. Ich habe die Zweige gesehen, die unter den B\u00e4umen lagen, wie nach einem schweren Gewitter mit Hagel, nur dass dieser Hagel aus einem Gesch\u00fctz des gleichen Namens kam. Der Schrecken des Krieges begann in der Ukraine am 24. Februar 2022? Ist das eine nachtr\u00e4gliche Anerkennung der Volksrepubliken Donezk und Lugansk, indem er implizit erkl\u00e4rt, die unz\u00e4hligen Geschosse, die dort einschlugen, h\u00e4tten nicht in der Ukraine eingeschlagen und keine Ukrainer getroffen?<\/p>\n<p>&#8222;Meine Damen und Herren, jede und jeder von Ihnen erinnert sich an diesen 24. Februar. Auch ich. Das Sirenengeheul und der dunkle Rauch \u00fcber Kiew, die schrecklichen Bilder dieses Morgens, sie gingen mir unter die Haut.&#8220; Das sagt der Mann, der wenige Tage nach dem entsetzlichen faschistischen Massaker von Odessa die Stadt besuchte und es nicht f\u00fcr n\u00f6tig befand, auch nur einen Blumenstrau\u00df f\u00fcr die Opfer am Gewerkschaftshaus niederzulegen. Ein Gewerkschaftshaus, das \u00fcbrigens an genau jenem Datum zum Massengrab wurde, an dem einst die Nazis in Deutschland die Gewerkschaftsh\u00e4user st\u00fcrmten. Am 2. Mai 1933. Ein Datum, dessen Bedeutung Steinmeier kennen musste, als Sozialdemokrat. Aber er wollte seine Gespr\u00e4chspartner in Kiew nicht ver\u00e4rgern, die in beiden Varianten des zweiten Mai auf der Seite der Erst\u00fcrmenden standen.<\/p>\n<p>Selbst wenn er damals Staatsraison ins Feld f\u00fchren konnte, er hat es auch danach zu keinem Zeitpunkt erforderlich gefunden, das, was in Odessa geschehen ist, zur Kenntnis zu nehmen und zumindest Bedauern auszudr\u00fccken. Der 24. Februar 2022 war kein Epochenbruch. Der hatte bereits stattgefunden, am 2. Mai 2014, als der gesamte Westen ein faschistisches Massaker in Europa im schwarzen Loch der Informationsblockade verschwinden lie\u00df.<\/p>\n<p>&#8222;Eine Zeit, gezeichnet von Krieg, Gewalt und Flucht, von Sorge vor der Ausweitung des Krieges zum Fl\u00e4chenbrand in Europa.&#8220; Nun, Herr Steinmeier, Sie hatten es in der Hand, vieles zu verhindern. Sie haben es nicht getan. Sie haben \u00d6l ins Feuer gegossen. Die Minsker Vereinbarungen mit ausgehandelt, aber dann keine Hand ger\u00fchrt, sie umzusetzen, und dann noch die Dreistigkeit besessen, Russland zu beschuldigen und Sanktionen zu verh\u00e4ngen, weil es diese Vereinbarungen nicht umgesetzt habe. Dabei waren es all die Jahre \u00fcber die Regierenden in Kiew, die die Umsetzung blockierten, und ihre westlichen Freunde, die sie darin bekr\u00e4ftigten; Sanktionen gegen Frank-Walter Steinmeier wegen Nichtumsetzung der Minsker Vereinbarungen, das h\u00e4tte Sinn gemacht. Das h\u00e4tte einen der Brandstifter getroffen.<\/p>\n<p>Schon das best\u00e4ndige &#8222;wir&#8220;, das sich Steinmeier anma\u00dft, erzeugt Ekel; ich will mit so jemandem in keinem &#8222;wir&#8220; geb\u00fcndelt werden, und einzig der Blick aus meinem Moskauer Fenster beruhigt mich wieder mit der Erkenntnis, dass ich das nicht mehr bin. Dass die v\u00f6llig verlogene Weltsicht, die Steinmeier pr\u00e4sentiert, etwas ist, das ich einfach wegklicken kann, ignorieren, vergessen. Und es ist nicht nur die Vorgeschichte der Ukraine, die Steinmeier verzerrt.<\/p>\n<blockquote><p><em>&#8222;Die Jahre vor dem 24. Februar waren f\u00fcr Deutschland eine Epoche mit R\u00fcckenwind. (\u2026) Es waren Jahre der Friedensdividende, von der wir Deutsche in der Mitte des vereinten Europa reichlich profitiert haben.&#8220;<\/em><\/p><\/blockquote>\n<p>Kann ja sein, Steinmeier hat in seinem langen Leben als Berufspolitiker nie gelernt, Sozialstatistiken zu lesen, oder er leidet unter Alzheimer und hat daher vergessen, dass er Kanzleramtschef einer Regierung war, die die Hartz-Gesetze zu verantworten hatte. F\u00fcr die gew\u00f6hnliche arbeitende Bev\u00f6lkerung bestand die &#8222;Friedensdividende&#8220; seit dem Ende der DDR in Sozialabbau und best\u00e4ndiger Lohndr\u00fcckerei. Das einzig ehrliche an seiner Aussage besteht im Gebrauch des Wortes Dividende. Dividenden gehen n\u00e4mlich nur an die Aktion\u00e4re. Das ist durchaus die richtige Verortung, wenn man dar\u00fcber spricht, wer vom deutschen Exportboom profitiert hat. Weil er ebenso sehr auf der Lohndr\u00fcckerei wie auf g\u00fcnstigen russischen Energietr\u00e4gern beruhte, waren es einzig die Dividendenbezieher. Von dem, was diese Politik f\u00fcr alleinerziehende M\u00fctter wie mich bedeutete, wollen wir gar nicht erst reden.<\/p>\n<p>&#8222;Unser deutsches Gl\u00fcck pr\u00e4gte unseren Blick auf die Welt.&#8220; Verglichen mit der Entwicklung der Produktivit\u00e4t und der Lohnentwicklungen in den europ\u00e4ischen Nachbarl\u00e4ndern liegen deutsche L\u00f6hne, und damit auch diverse Sozialleistungen und Renten, um \u00fcber ein Drittel zu niedrig. Schon vor der aktuellen Inflation. F\u00fcr Steinmeier ist das deutsches Gl\u00fcck. Und er k\u00f6nnte mit dieser Sicht sogar Erfolg haben, denn was all die Jahre \u00fcber ein langsamer, best\u00e4ndiger Angriff auf den Lebensstandard des gemeinen Volkes war, ist in diesem Jahr in einen offenen Krieg \u00fcbergegangen; da mag mancher in Versuchung geraten, die elende Vergangenheit zum Gl\u00fcck zu verkl\u00e4ren.<\/p>\n<blockquote><p><em>&#8222;Wir haben auf internationale Kooperation gesetzt und nach Regeln gespielt. (\u2026) In seiner imperialen Besessenheit hat der russische Pr\u00e4sident das V\u00f6lkerrecht gebrochen, Grenzen in Frage gestellt, Landraub begangen.&#8220;<\/em><\/p><\/blockquote>\n<p>Ach ja. Nach Regeln gespielt. Auf Kooperation gesetzt. Steinmeier wei\u00df genau, wie die Griechen erpresst wurden, damals, mit den Troika-Vertr\u00e4gen. Steinmeier kennt die vielen Geschmacksrichtungen der Knechtschaft, die \u00fcber die EU etabliert wird. Und ich w\u00fcrde nicht ausschlie\u00dfen, dass es Steinmeier selbst war, der die ganze Ukraine-Nummer mit dem Z\u00fcnder versehen hatte. Der Maidan 2013\/14 wurde durch ein Ultimatum ausgel\u00f6st, das die EU Janukowitsch gestellt hatte, nachdem dieser das Assoziierungsabkommen nachverhandeln wollte. War es eventuell der deutsche Au\u00dfenminister Steinmeier, der diese neuen Verhandlungen um jeden Preis verhindern wollte und lieber einen gewaltsamen Umsturz in Kiew anzettelte? Ich meine nur mal so, bez\u00fcglich des &#8222;Spiels nach Regeln&#8220;.<\/p>\n<p>Wirklich interessant an Steinmeiers Rede ist eigentlich nur, dass er an der Vorstellung von Gro\u00dfdeutschland festh\u00e4lt. Immer noch. Wie in seiner Rede 2015, der mit &#8222;Europa f\u00fchren, um die Welt zu f\u00fchren&#8220;. &#8222;Dass ein Land wie unseres in der Kritik steht, daran werden wir uns gew\u00f6hnen m\u00fcssen. Schauen wir auf die USA, sie haben viel \u00dcbung darin.&#8220; So kann man das auch formulieren. Korea, Vietnam, Nicaragua, unz\u00e4hlige Milit\u00e4rputsche wie in Chile und Argentinien, die Finanzierung von Terrorgruppen wie Al-Qaida und dem IS&#8230; Stimmt, die USA haben viel \u00dcbung darin, bis zu den Knien in Blut zu waten, das macht sie nicht wirklich beliebt, um es freundlich auszudr\u00fccken. Wie viele Opfer h\u00e4tte denn Frank-Walter gerne auf der deutschen Liste, als &#8222;daran werden wir uns gew\u00f6hnen m\u00fcssen&#8220;?<\/p>\n<blockquote><p><em>&#8222;Von uns wird F\u00fchrung erwartet, F\u00fchrung im Interesse Europas. Entscheidend ist nicht der Applaus des Publikums. Entscheidend ist die St\u00e4rkung Europas.&#8220;<\/em><\/p><\/blockquote>\n<p>Nat\u00fcrlich darf man dabei keinen Moment vergessen, dass Steinmeier f\u00fcr diejenigen arbeitet, die die Dividende empfangen. Der Rest geh\u00f6rt mit zum &#8222;Publikum&#8220;, so wie alle L\u00e4nder des S\u00fcdens. Auf die man, das erkl\u00e4rt er auf sehr subtile Art und Weise, indem er ihnen die Rolle als Handelnde abspricht, keine R\u00fccksicht nehmen darf.<\/p>\n<p>&#8222;Russlands Angriffskrieg (\u2026) ist ein Angriff auf alles, wof\u00fcr auch wir Deutsche stehen.&#8220; Noch einmal \u2013 Steinmeier kennt die Wahrheit. Er wei\u00df, wer die M\u00f6rder in Odessa waren, er wei\u00df, wer den Donbass bombardiert hat, er wei\u00df das alles. Er wei\u00df, welche verbrecherische Ideologie in Kiew propagiert wird, und er wei\u00df auch, wie sich diese Ideologie in konkretes Handeln umsetzt. Niemand in Deutschland wei\u00df das besser als Frank-Walter Steinmeier. Ist das Regime in Kiew wirklich das, &#8222;wof\u00fcr auch wir Deutsche stehen&#8220;? Wirklich? Eiserne und andere Kreuze inbegriffen, Heil der Ukraine und Moskals ans Messer, die verkohlten Leiber im Gewerkschaftshaus von Odessa oder die ausgetauschten Gefangenen aus dem Donbass, die mit in die Haut eingebrannten Hakenkreuzen zur\u00fcckkamen? Ist es das, wof\u00fcr &#8222;wir Deutsche&#8220; stehen? Noch einmal? Oder immer noch?<\/p>\n<p>Wenn es die Vertreter der deutschen Medien nicht wissen oder nicht wissen wollen, wenn Baerbock es nicht wei\u00df, weil ihr vermutlich schon der Verstand fehlt, es zu begreifen, Steinmeier wei\u00df haargenau, warum Putin von der &#8222;Entnazifizierung&#8220; der Ukraine gesprochen hat. Er wei\u00df auch, was er sagt, wenn er erkl\u00e4rt, das sei, &#8222;wof\u00fcr wir Deutsche stehen&#8220;. Ein Wir, dessen Teil ich um keinen Preis der Welt sein will. Mein Deutschland steht auch bei dieser Wiederholung auf der anderen Seite.<\/p>\n<p>Ein Friede w\u00fcrde &#8222;f\u00fcr viele Menschen in der Ukraine eine Schreckensherrschaft bedeuten&#8220;? Ja, wenn ein Kr\u00fcmel dieser Macht in Kiew bleibt, dann bleibt auch die Schreckensherrschaft erhalten, die dort seit acht Jahren besteht, mit ihren Folterkellern, ihrer Denunziation, ihrem ideologischen Wahn. Aber das meint Steinmeier nat\u00fcrlich nicht. Ein Frieden w\u00fcrde &#8222;sie der Willk\u00fcr und Gewalt ihrer russischen Besatzer \u00fcberlassen.&#8220; Das kann man in Deutschland erz\u00e4hlen, ohne Belege daf\u00fcr zu haben. Und gleichzeitig verdr\u00e4ngen, dass es wirkliche, echte, unabweisbare Belege gibt f\u00fcr die Verbrechen dieser Bandera-Nazis, die sich geradezu einen Spa\u00df daraus machen, ihren historischen Vorbildern nachzueifern. Nicht erst seit Februar dieses Jahres. Schon vor dem Putsch 2014 gab es diese Aufnahmen aus Korsun, als Busse von Anti-Maidan-Demonstranten von der Krim auf dem R\u00fcckweg aufgehalten wurden. Auch damals haben sie sich stolz gefilmt, diese Faschisten, und die Bilder ins Netz gestellt, von den Menschen, die sie aus dem Bus zerrten, die sie auf den Scherben der zerschlagenen Fenster knien lie\u00dfen. Frank-Walter Steinmeier hatte vermutlich auch dar\u00fcber einen Bericht auf seinem Schreibtisch.<\/p>\n<p>&#8222;Ein Friede, der die Unabh\u00e4ngigkeit und Freiheit der Ukraine bewahrt.&#8220; H\u00e4tte er &#8222;wiederherstellt&#8220; gesagt, es w\u00e4re m\u00f6glich. Vorausgesetzt, die russische Armee erobert Kiew. Eine Unabh\u00e4ngigkeit der Ukraine gibt es n\u00e4mlich gerade nicht. \u00d6konomisch nicht, weil das Land nur noch funktioniert, wenn willige Spender Milliarden um Milliarden zuschie\u00dfen, um eine Regierung zu st\u00fctzen, die ihr Land erfolgreich ruiniert hat (was absehbar an ein Ende kommen wird, wenn die jetzige deutsche Regierung mit Deutschland erfolgreich dasselbe getan hat); politisch nicht, weil Selenskij selbst nach westlichen Aussagen nur nach den Vorgaben seiner westlichen Puppenspieler handelt. Ein Land, das Friedensverhandlungen abbricht, weil ein britischer Ministerpr\u00e4sident das sagt, ist nicht souver\u00e4n. Ein Land, das sich eine lebenswichtige Pipeline wegbomben l\u00e4sst, \u00fcbrigens auch nicht.<\/p>\n<p>Nein, egal, wie Steinmeier es formuliert, ob er von dem, &#8222;was uns im Kern ausmacht&#8220; oder von &#8222;dieser neuen Zeit&#8220;, die &#8222;jeden Einzelnen fordert&#8220;, spricht, ich werde die Bilder nicht los, nicht die von den Fackelm\u00e4rschen f\u00fcr Bandera, nicht die aus Odessa 2014, nicht die eingebrannten Hakenkreuze, nicht die SS-Runen auf ukrainischen Uniformen, die schwarze Sonne, auch nicht die Aufnahmen, auf denen Menschen die Kehle durchgeschnitten wird, sie erh\u00e4ngt, erschossen, lebendig begraben werden. Das ist die Ukraine, an deren Seite &#8222;wir&#8220; stehen. Und wenn Steinmeier Durchhalteparolen ausgibt, f\u00fcr einen Winter des Elends, den die Bundesregierung selbst geschaffen hat, und auf kommenden Hunger mit dem Spruch reagiert &#8222;Beweisen wir jetzt unsere St\u00e4rke in der Ver\u00e4nderung&#8220;, dann sehe ich hinter seinem ganzen Gerede von &#8222;Widerstandskraft&#8220; und &#8222;Gift des Populismus&#8220;, von &#8222;Zusammenhalt&#8220;, &#8222;Empathie&#8220; im &#8222;Gegenwind&#8220;, am &#8222;Scheidepunkt&#8220;, der &#8222;Herausforderung&#8220;, in der &#8222;wir unsere Kraft jetzt nicht im t\u00e4glichen Gegeneinander vergeuden&#8220; sollen, irgendwie diese Spr\u00fcche und die \u00c4sthetik seiner ukrainischen Freunde verschmelzen, und \u00fcbrig bleibt ein altes Plakat des Winterhilfswerks&#8230;<\/p>\n<p>&#8222;Alles st\u00e4rken, was uns verbindet&#8220;? Nein, auf keinen Fall. Uns, Herr Steinmeier, Sie und mich, verbindet gar nichts. Sie haben Ihre Entscheidung sp\u00e4testens 2014 getroffen, und Millionen tragen heute die Folgen Ihrer Einmischung in der Ukraine. Meine Entscheidung fiel ebenfalls 2014. Die entscheidende Front, die zwischen einer humanistischen Welt, in der ein wirklicher V\u00f6lkerfrieden m\u00f6glich ist, und einer hemmungslosen Herrschaft, die dem Interesse der Dividendenempf\u00e4nger alles und jeden zum Opfer bringt, verl\u00e4uft genau zwischen uns.<\/p>\n<p>Sie l\u00e4uft \u00fcber den ganzen Globus, sie verl\u00e4uft zwischen dem Westen und dem \u00fcbergro\u00dfen Rest der Menschheit, aber sie verl\u00e4uft auch zwischen uns. Sie l\u00e4uft mitten durch Deutschland, zwischen denen, die sich an der Spekulation mit dem politisch erzeugten Gasmangel m\u00e4sten und den Millionen, die frieren m\u00fcssen, gleich, wie viele salbungsvolle Worte ihnen noch um die Ohren gehauen werden.<\/p>\n<p style=\"text-align: right;\"><em>Dagmar Henn ist Mitglied des Deutschen Freidenker-Verbandes<\/em><\/p>\n<hr \/>\n<p><span style=\"font-size: 10pt;\">Bild: Bundespr\u00e4sident Frank Walter Steinmeier und der ukrainische Pr\u00e4sident Wolodymyr Selenskyj am 25.10.2022 in Kiew<\/span><br \/>\n<span style=\"font-size: 10pt;\">Foto: President.gov.ua, <a href=\"https:\/\/creativecommons.org\/licenses\/by\/4.0\">CC BY 4.0<\/a><\/span><br \/>\n<span style=\"font-size: 10pt;\">Quelle: <a href=\"https:\/\/commons.wikimedia.org\/w\/index.php?curid=124741062\" target=\"_blank\" rel=\"noopener\">https:\/\/commons.wikimedia.org\/w\/index.php?curid=124741062<\/a><\/span><\/p>\n","protected":false},"excerpt":{"rendered":"<p><b>Beitrag von Dagmar Henn<\/b><br \/>\nWenn es eine Person gibt, die die Hintergr\u00fcnde des Konflikts in der Ukraine genau kennen muss, dann ist das Frank-Walter Steinmeier. Von 1999 bis 2005 war er Chef des Kanzleramts. W\u00e4hrend der ersten Farbrevolution in der Ukraine, im Jahr 2004, war er damit der Geheimdienstkoordinator und hatte dementsprechend alle verf\u00fcgbaren Informationen \u00fcber diesen ersten westlichen Versuch, die Ukraine vollst\u00e4ndig unter die Ideologie von Bandera zu stellen und gegen Russland zu richten. Er wei\u00df mit Sicherheit auch genau \u00fcber die deutsche Rolle in diesem Spiel Bescheid. 2014, w\u00e4hrend des zweiten Anlaufs durch den Maidan, war er deutscher Au\u00dfenminister.<\/p>\n","protected":false},"author":3,"featured_media":14577,"comment_status":"closed","ping_status":"closed","sticky":false,"template":"","format":"standard","meta":{"colormag_page_container_layout":"default_layout","colormag_page_sidebar_layout":"default_layout","advanced_seo_description":"","jetpack_seo_html_title":"","jetpack_seo_noindex":false,"jetpack_post_was_ever_published":false,"footnotes":""},"categories":[12],"tags":[1641,261,1121,1593,188,1434,639,185],"class_list":["post-14576","post","type-post","status-publish","format-standard","has-post-thumbnail","hentry","category-demokratie-medien-aufklaerung","tag-bandera","tag-bundespraesident","tag-donbass","tag-energiekrise","tag-krieg","tag-nationale-unabhaengigkeit","tag-ukraine-konflikt","tag-usa"],"jetpack_featured_media_url":"https:\/\/i0.wp.com\/www.freidenker.org\/fw17\/wp-content\/uploads\/2022\/11\/steinmeier_kiew_2022_800x450.jpg?fit=800%2C450&ssl=1","jetpack_shortlink":"https:\/\/wp.me\/p9stpK-3N6","jetpack-related-posts":[{"id":14786,"url":"https:\/\/www.freidenker.org\/?p=14786","url_meta":{"origin":14576,"position":0},"title":"Steinmeier sorgt sich um die Lage in China und der Ukraine","author":"Webredaktion","date":"3. Dezember 2022","format":false,"excerpt":"Beitrag von Wolfgang Bittner Den deutschen Bundespr\u00e4sidenten erf\u00fcllt \u201edie Lage in China mit tiefer Sorge\u201c und ebenfalls die Lage in der Ukraine \u2013 so Frank-Walter Steinmeier am 28. November in einem Interview mit der Deutschen Welle. Ob er sich um die Lage in Deutschland sorgt, ist unbekannt. Bekannt ist allerdings,\u2026","rel":"","context":"In &quot;Demokratie \u2013 Medien \u2013 Aufkl\u00e4rung&quot;","block_context":{"text":"Demokratie \u2013 Medien \u2013 Aufkl\u00e4rung","link":"https:\/\/www.freidenker.org\/?cat=12"},"img":{"alt_text":"","src":"https:\/\/i0.wp.com\/www.freidenker.org\/fw17\/wp-content\/uploads\/2022\/12\/Frank_Walter_Steinmeier-_-Kulturwerk_Wissen_800x450.jpg?fit=800%2C450&ssl=1&resize=350%2C200","width":350,"height":200,"srcset":"https:\/\/i0.wp.com\/www.freidenker.org\/fw17\/wp-content\/uploads\/2022\/12\/Frank_Walter_Steinmeier-_-Kulturwerk_Wissen_800x450.jpg?fit=800%2C450&ssl=1&resize=350%2C200 1x, https:\/\/i0.wp.com\/www.freidenker.org\/fw17\/wp-content\/uploads\/2022\/12\/Frank_Walter_Steinmeier-_-Kulturwerk_Wissen_800x450.jpg?fit=800%2C450&ssl=1&resize=525%2C300 1.5x, https:\/\/i0.wp.com\/www.freidenker.org\/fw17\/wp-content\/uploads\/2022\/12\/Frank_Walter_Steinmeier-_-Kulturwerk_Wissen_800x450.jpg?fit=800%2C450&ssl=1&resize=700%2C400 2x"},"classes":[]},{"id":12788,"url":"https:\/\/www.freidenker.org\/?p=12788","url_meta":{"origin":14576,"position":1},"title":"Seine Dem\u00fctigung w\u00e4re f\u00fcr Steinmeier die Gelegenheit, die Wahrheit zu sagen","author":"Webredaktion","date":"14. April 2022","format":false,"excerpt":"Beitrag von Dagmar Henn So richtig Mitgef\u00fchl kann ich nicht aufbringen f\u00fcr den Bundespr\u00e4sidenten Frank-Walter Steinmeier, wenn ihn Selenskij nicht einladen will. Schlie\u00dflich hat Steinmeier diese ganze ukrainische Misere mit anger\u00fchrt. Und wenn ihn jetzt die Schlange, die er an der Brust gen\u00e4hrt hat, bei\u00dft \u2013 nun ja. Auch wenn\u2026","rel":"","context":"In &quot;Demokratie \u2013 Medien \u2013 Aufkl\u00e4rung&quot;","block_context":{"text":"Demokratie \u2013 Medien \u2013 Aufkl\u00e4rung","link":"https:\/\/www.freidenker.org\/?cat=12"},"img":{"alt_text":"","src":"https:\/\/i0.wp.com\/www.freidenker.org\/fw17\/wp-content\/uploads\/2022\/04\/Steinmeier_0482_800x450.jpg?fit=800%2C450&ssl=1&resize=350%2C200","width":350,"height":200,"srcset":"https:\/\/i0.wp.com\/www.freidenker.org\/fw17\/wp-content\/uploads\/2022\/04\/Steinmeier_0482_800x450.jpg?fit=800%2C450&ssl=1&resize=350%2C200 1x, https:\/\/i0.wp.com\/www.freidenker.org\/fw17\/wp-content\/uploads\/2022\/04\/Steinmeier_0482_800x450.jpg?fit=800%2C450&ssl=1&resize=525%2C300 1.5x, https:\/\/i0.wp.com\/www.freidenker.org\/fw17\/wp-content\/uploads\/2022\/04\/Steinmeier_0482_800x450.jpg?fit=800%2C450&ssl=1&resize=700%2C400 2x"},"classes":[]},{"id":20639,"url":"https:\/\/www.freidenker.org\/?p=20639","url_meta":{"origin":14576,"position":2},"title":"Bundespr\u00e4sident Steinmeier und die Bedrohung der Demokratie","author":"Webredaktion","date":"3. Januar 2025","format":false,"excerpt":"Beitrag von Rainer Rupp Vergangene Woche hat Bundespr\u00e4sident Frank-Walter Steinmeier gem\u00e4\u00df seinen Pflichten die Aufl\u00f6sung des Bundestages und Neuwahlen im Februar verk\u00fcndet, aber nicht, ohne diese Aktion mit kaum verklausulierten Drohungen an das deutsche Volk zu begleiten: Denn f\u00fcr den Fall, dass die Leute \"falsch\" w\u00e4hlen, also rechte Parteien die\u2026","rel":"","context":"In &quot;Demokratie \u2013 Medien \u2013 Aufkl\u00e4rung&quot;","block_context":{"text":"Demokratie \u2013 Medien \u2013 Aufkl\u00e4rung","link":"https:\/\/www.freidenker.org\/?cat=12"},"img":{"alt_text":"","src":"https:\/\/i0.wp.com\/www.freidenker.org\/fw17\/wp-content\/uploads\/2025\/01\/Frank-Walter-Steinmeier_0482_800x450.jpg?fit=800%2C450&ssl=1&resize=350%2C200","width":350,"height":200,"srcset":"https:\/\/i0.wp.com\/www.freidenker.org\/fw17\/wp-content\/uploads\/2025\/01\/Frank-Walter-Steinmeier_0482_800x450.jpg?fit=800%2C450&ssl=1&resize=350%2C200 1x, https:\/\/i0.wp.com\/www.freidenker.org\/fw17\/wp-content\/uploads\/2025\/01\/Frank-Walter-Steinmeier_0482_800x450.jpg?fit=800%2C450&ssl=1&resize=525%2C300 1.5x, https:\/\/i0.wp.com\/www.freidenker.org\/fw17\/wp-content\/uploads\/2025\/01\/Frank-Walter-Steinmeier_0482_800x450.jpg?fit=800%2C450&ssl=1&resize=700%2C400 2x"},"classes":[]},{"id":11357,"url":"https:\/\/www.freidenker.org\/?p=11357","url_meta":{"origin":14576,"position":3},"title":"Steinmeier, Babi Jar und die Geschichtsf\u00e4lscher","author":"Webredaktion","date":"5. Oktober 2021","format":false,"excerpt":"Beitrag von\u00a0Dagmar Henn Der deutsche Bundespr\u00e4sident Frank-Walter Steinmeier will wieder einmal in die Ukraine reisen, und es fragt sich, welchen Schaden er diesmal hinterlassen wird. Anlass seiner Reise ist die Teilnahme an einer Gedenkveranstaltung zum 80. Jahrestag des Massakers von Babi Jar am 6. Oktober, zusammen mit dem ukrainischen Pr\u00e4sidenten\u2026","rel":"","context":"In &quot;Demokratie \u2013 Medien \u2013 Aufkl\u00e4rung&quot;","block_context":{"text":"Demokratie \u2013 Medien \u2013 Aufkl\u00e4rung","link":"https:\/\/www.freidenker.org\/?cat=12"},"img":{"alt_text":"","src":"https:\/\/i0.wp.com\/www.freidenker.org\/fw17\/wp-content\/uploads\/2021\/10\/Frank-Walter_Steinmeier_800x450.jpg?fit=800%2C450&ssl=1&resize=350%2C200","width":350,"height":200,"srcset":"https:\/\/i0.wp.com\/www.freidenker.org\/fw17\/wp-content\/uploads\/2021\/10\/Frank-Walter_Steinmeier_800x450.jpg?fit=800%2C450&ssl=1&resize=350%2C200 1x, https:\/\/i0.wp.com\/www.freidenker.org\/fw17\/wp-content\/uploads\/2021\/10\/Frank-Walter_Steinmeier_800x450.jpg?fit=800%2C450&ssl=1&resize=525%2C300 1.5x, https:\/\/i0.wp.com\/www.freidenker.org\/fw17\/wp-content\/uploads\/2021\/10\/Frank-Walter_Steinmeier_800x450.jpg?fit=800%2C450&ssl=1&resize=700%2C400 2x"},"classes":[]},{"id":12201,"url":"https:\/\/www.freidenker.org\/?p=12201","url_meta":{"origin":14576,"position":4},"title":"Steinmeier nach Wiederwahl \u2013 Schuldzuweisungen und Warnungen an Putin","author":"Webredaktion","date":"18. Februar 2022","format":false,"excerpt":"Beitrag von Christian Harde Frank-Walter Steinmeier beginnt seine zweite Amtszeit mit einer au\u00dfenpolitischen Provokation. Nach seiner Wiederwahl durch die 17. Bundesversammlung hat der bisherige und k\u00fcnftige Bundespr\u00e4sident in seiner Dankesrede an die Delegierten heftige Vorw\u00fcrfe an die Adresse Russlands und dessen Pr\u00e4sidenten Wladimir Putin erhoben. ... Kaum, dass Steinmeier seinen\u2026","rel":"","context":"In &quot;Frieden - Antifaschismus - Solidarit\u00e4t&quot;","block_context":{"text":"Frieden - Antifaschismus - Solidarit\u00e4t","link":"https:\/\/www.freidenker.org\/?cat=13"},"img":{"alt_text":"","src":"https:\/\/i0.wp.com\/www.freidenker.org\/fw17\/wp-content\/uploads\/2022\/02\/Vladimir_Putin_and_Frank-Walter_Steinmeier_800x450.jpg?fit=800%2C450&ssl=1&resize=350%2C200","width":350,"height":200,"srcset":"https:\/\/i0.wp.com\/www.freidenker.org\/fw17\/wp-content\/uploads\/2022\/02\/Vladimir_Putin_and_Frank-Walter_Steinmeier_800x450.jpg?fit=800%2C450&ssl=1&resize=350%2C200 1x, https:\/\/i0.wp.com\/www.freidenker.org\/fw17\/wp-content\/uploads\/2022\/02\/Vladimir_Putin_and_Frank-Walter_Steinmeier_800x450.jpg?fit=800%2C450&ssl=1&resize=525%2C300 1.5x, https:\/\/i0.wp.com\/www.freidenker.org\/fw17\/wp-content\/uploads\/2022\/02\/Vladimir_Putin_and_Frank-Walter_Steinmeier_800x450.jpg?fit=800%2C450&ssl=1&resize=700%2C400 2x"},"classes":[]},{"id":23564,"url":"https:\/\/www.freidenker.org\/?p=23564","url_meta":{"origin":14576,"position":5},"title":"Der Demagoge im Schloss Bellevue","author":"Webredaktion","date":"15. November 2025","format":false,"excerpt":"Ein Kommentar von Tilo Gr\u00e4ser. \u201eWer die Wahrheit nicht wei\u00df, der ist blo\u00df ein Dummkopf. Aber wer sie wei\u00df und sie eine L\u00fcge nennt, der ist ein Verbrecher!\u201c An diese Erkenntnis von Bertolt Brecht, die er im St\u00fcck \u201eDas Leben des Galilei\u201c niederschrieb, musste ich angesichts der j\u00fcngsten Rede von\u2026","rel":"","context":"In &quot;Demokratie \u2013 Medien \u2013 Aufkl\u00e4rung&quot;","block_context":{"text":"Demokratie \u2013 Medien \u2013 Aufkl\u00e4rung","link":"https:\/\/www.freidenker.org\/?cat=12"},"img":{"alt_text":"","src":"https:\/\/i0.wp.com\/www.freidenker.org\/fw17\/wp-content\/uploads\/2025\/11\/2025-09-16_Event_80._Deutscher_Fuersorgetag_STP_6679_800x450.jpg?fit=800%2C450&ssl=1&resize=350%2C200","width":350,"height":200,"srcset":"https:\/\/i0.wp.com\/www.freidenker.org\/fw17\/wp-content\/uploads\/2025\/11\/2025-09-16_Event_80._Deutscher_Fuersorgetag_STP_6679_800x450.jpg?fit=800%2C450&ssl=1&resize=350%2C200 1x, https:\/\/i0.wp.com\/www.freidenker.org\/fw17\/wp-content\/uploads\/2025\/11\/2025-09-16_Event_80._Deutscher_Fuersorgetag_STP_6679_800x450.jpg?fit=800%2C450&ssl=1&resize=525%2C300 1.5x, https:\/\/i0.wp.com\/www.freidenker.org\/fw17\/wp-content\/uploads\/2025\/11\/2025-09-16_Event_80._Deutscher_Fuersorgetag_STP_6679_800x450.jpg?fit=800%2C450&ssl=1&resize=700%2C400 2x"},"classes":[]}],"_links":{"self":[{"href":"https:\/\/www.freidenker.org\/index.php?rest_route=\/wp\/v2\/posts\/14576","targetHints":{"allow":["GET"]}}],"collection":[{"href":"https:\/\/www.freidenker.org\/index.php?rest_route=\/wp\/v2\/posts"}],"about":[{"href":"https:\/\/www.freidenker.org\/index.php?rest_route=\/wp\/v2\/types\/post"}],"author":[{"embeddable":true,"href":"https:\/\/www.freidenker.org\/index.php?rest_route=\/wp\/v2\/users\/3"}],"replies":[{"embeddable":true,"href":"https:\/\/www.freidenker.org\/index.php?rest_route=%2Fwp%2Fv2%2Fcomments&post=14576"}],"version-history":[{"count":0,"href":"https:\/\/www.freidenker.org\/index.php?rest_route=\/wp\/v2\/posts\/14576\/revisions"}],"wp:featuredmedia":[{"embeddable":true,"href":"https:\/\/www.freidenker.org\/index.php?rest_route=\/wp\/v2\/media\/14577"}],"wp:attachment":[{"href":"https:\/\/www.freidenker.org\/index.php?rest_route=%2Fwp%2Fv2%2Fmedia&parent=14576"}],"wp:term":[{"taxonomy":"category","embeddable":true,"href":"https:\/\/www.freidenker.org\/index.php?rest_route=%2Fwp%2Fv2%2Fcategories&post=14576"},{"taxonomy":"post_tag","embeddable":true,"href":"https:\/\/www.freidenker.org\/index.php?rest_route=%2Fwp%2Fv2%2Ftags&post=14576"}],"curies":[{"name":"wp","href":"https:\/\/api.w.org\/{rel}","templated":true}]}}