{"id":14560,"date":"2022-11-01T23:52:17","date_gmt":"2022-11-01T22:52:17","guid":{"rendered":"https:\/\/www.freidenker.org\/?p=14560"},"modified":"2022-12-06T02:59:08","modified_gmt":"2022-12-06T01:59:08","slug":"die-drushba-pipeline-muss-offen-bleiben-pck-schwedt-muessen-leben","status":"publish","type":"post","link":"https:\/\/www.freidenker.org\/?p=14560","title":{"rendered":"Die Drushba-Pipeline muss offen bleiben"},"content":{"rendered":"<p>Unter dem Motto &#8222;<strong>Drushba-Pipeline offen halten! PCK &amp; Schwedt m\u00fcssen leben! Nord Stream 2 in Betrieb nehmen<\/strong>&#8220; fand am 29.10.2022 eine Solidarit\u00e4tskundgebung mit den Besch\u00e4ftigten der PCK-Raffinerie und ihren Familien statt. Aufgerufen hatten die DKP Berlin &amp; DKP Brandenburg.<\/p>\n<p>Wir dokumentieren hier den Aufruf der DKP zur Kundgebung und die Rede von Hans Bauer, Vorsitzender der Gesellschaft zur Rechtlichen und Humanit\u00e4ren Unterst\u00fctzung (GRH) e.V. und Beiratsmitglied des Deutschen Freidenker-Verbandes.<\/p>\n<p style=\"text-align: right;\"><em>Webredaktion<\/em><\/p>\n<hr \/>\n<h5>Drushba-Pipeline offen halten! PCK &amp; Schwedt m\u00fcssen leben! Nord Stream 2 in Betrieb nehmen<\/h5>\n<p><em>Aufruf von <strong>DKP Berlin &amp; DKP Brandenburg<\/strong> zur Kundgebung am 29.10.2022 in Schwedt<\/em><\/p>\n<p><img data-recalc-dims=\"1\" loading=\"lazy\" decoding=\"async\" data-attachment-id=\"14570\" data-permalink=\"https:\/\/www.freidenker.org\/?attachment_id=14570\" data-orig-file=\"https:\/\/i0.wp.com\/www.freidenker.org\/fw17\/wp-content\/uploads\/2022\/11\/221029schwedet.png?fit=606%2C850&amp;ssl=1\" data-orig-size=\"606,850\" data-comments-opened=\"0\" data-image-meta=\"{&quot;aperture&quot;:&quot;0&quot;,&quot;credit&quot;:&quot;&quot;,&quot;camera&quot;:&quot;&quot;,&quot;caption&quot;:&quot;&quot;,&quot;created_timestamp&quot;:&quot;0&quot;,&quot;copyright&quot;:&quot;&quot;,&quot;focal_length&quot;:&quot;0&quot;,&quot;iso&quot;:&quot;0&quot;,&quot;shutter_speed&quot;:&quot;0&quot;,&quot;title&quot;:&quot;&quot;,&quot;orientation&quot;:&quot;0&quot;}\" data-image-title=\"221029schwedet\" data-image-description=\"\" data-image-caption=\"\" data-large-file=\"https:\/\/i0.wp.com\/www.freidenker.org\/fw17\/wp-content\/uploads\/2022\/11\/221029schwedet.png?fit=606%2C850&amp;ssl=1\" class=\"wp-image-14570 size-medium alignleft\" src=\"https:\/\/i0.wp.com\/www.freidenker.org\/fw17\/wp-content\/uploads\/2022\/11\/221029schwedet.png?resize=214%2C300&#038;ssl=1\" alt=\"\" width=\"214\" height=\"300\" srcset=\"https:\/\/i0.wp.com\/www.freidenker.org\/fw17\/wp-content\/uploads\/2022\/11\/221029schwedet.png?resize=214%2C300&amp;ssl=1 214w, https:\/\/i0.wp.com\/www.freidenker.org\/fw17\/wp-content\/uploads\/2022\/11\/221029schwedet.png?w=606&amp;ssl=1 606w\" sizes=\"auto, (max-width: 214px) 100vw, 214px\" \/><\/p>\n<p>Liebe Mitb\u00fcrgerinnen und Mitb\u00fcrger,<\/p>\n<p>vielen von Ihnen, aber vielleicht nicht allen, ist bekannt, dass 95 % der Kraftstoffversorgung f\u00fcr Berlin, Brandenburg und Mecklenburg-Vorpommern aus dem ehemaligen Petrochemischen Kombinat, dem PCK in Schwedt, kommen. Fast 60 Jahre lang, also von 1963 an, wird im PCK in Schwedt russisches Erd\u00f6l zu Diesel, Benzin, Kerosin und andern Derivaten verarbeitet.<\/p>\n<p>Zu einem g\u00fcnstigen solidarischen Preis bekamen wir und andere RGW-Staaten zuerst das \u00d6l aus der Sowjetunion, sp\u00e4ter dann unter kapitalistischen Vorzeichen zwar nicht mehr zu den gleichen, aber immer noch g\u00fcnstigen marktwirtschaftlichen Konditionen aus der Russischen F\u00f6deration.<\/p>\n<p>Nun soll Schluss sein damit. Berlin machte aus der Solidarit\u00e4t der V\u00f6lker erst kapitalistische Partnerschaft und jetzt Konfrontation. Nun will die Ampelregierung Ende des Jahres die Druschba-Trasse vors\u00e4tzlich und gegen jede wirtschaftliche Vernunft schlie\u00dfen. Aus verblendeter Ideologie und wiederbelebter Russophobie betreiben sie eine fanatische Wirtschaftspolitik zum Schaden der eigenen Bev\u00f6lkerung und der heimischen Wirtschaft.<\/p>\n<p>Die vorgeschlagenen Alternativl\u00f6sungen von Habeck und Scholz sind Augenwischerei und logistisch wie wirtschaftlich \u00fcberhaupt nicht realisierbar. Wir Kommunisten machen bei der Suche nach vermeintlichen Alternativen nicht nur nicht mit, sondern fordern den Erhalt und den Weiterbetrieb der Druschba-Trasse, Frieden und V\u00f6lkerverst\u00e4ndigung, wie es der Name der Trasse aussagt, und in deren Sinne sie einst gebaut wurde.<\/p>\n<p>Wer ist eigentlich die BRD-Regierung, um sich anzuma\u00dfen, Russland f\u00fcr etwas zu bestrafen? Wurden beim Krieg gegen den Irak oder Afghanistan oder bei dem \u00dcberfall auf die Insel Grenada vielleicht Sanktionen gegen die USA verh\u00e4ngt?<\/p>\n<p>Wir wollen Frieden mit Russland und China, Vergesellschaftung der Energiemonopole und dass die Trasse der Freundschaft weiter \u00d6l aus Russland nach Schwedt liefert.<\/p>\n<p>Setzen Sie sich mit uns gegen die Schlie\u00dfung der Trasse zur Wehr, kommen Sie am 29. Oktober zur Kundgebung nach Schwedt.<\/p>\n<p style=\"text-align: right;\"><em>DKP Berlin &amp; DKP Brandenburg<\/em><\/p>\n<p><span style=\"font-size: 10pt;\">Quelle: <a href=\"https:\/\/www.dkp-berlin.info\/16-berlin\/demonstrationen-aktionen\/1054-auf-nach-schwedt\" target=\"_blank\" rel=\"noopener\">https:\/\/www.dkp-berlin.info\/16-berlin\/demonstrationen-aktionen\/1054-auf-nach-schwedt<\/a><\/span><\/p>\n<hr \/>\n<h4>Befreit uns von Eurer dummen und gef\u00e4hrlichen Politik &#8211; oder das m\u00fcssen wir wohl selbst tun!!<\/h4>\n<p><em>Rede von <strong>Hans Bauer<\/strong> auf der Solidarit\u00e4tskundgebung am 29.10.2022 in Schwedt<\/em><\/p>\n<figure id=\"attachment_14562\" aria-describedby=\"caption-attachment-14562\" style=\"width: 600px\" class=\"wp-caption alignnone\"><img data-recalc-dims=\"1\" loading=\"lazy\" decoding=\"async\" data-attachment-id=\"14562\" data-permalink=\"https:\/\/www.freidenker.org\/?attachment_id=14562\" data-orig-file=\"https:\/\/i0.wp.com\/www.freidenker.org\/fw17\/wp-content\/uploads\/2022\/11\/221029schwedt1_600x600.jpg?fit=600%2C450&amp;ssl=1\" data-orig-size=\"600,450\" data-comments-opened=\"0\" data-image-meta=\"{&quot;aperture&quot;:&quot;0&quot;,&quot;credit&quot;:&quot;&quot;,&quot;camera&quot;:&quot;&quot;,&quot;caption&quot;:&quot;&quot;,&quot;created_timestamp&quot;:&quot;0&quot;,&quot;copyright&quot;:&quot;&quot;,&quot;focal_length&quot;:&quot;0&quot;,&quot;iso&quot;:&quot;0&quot;,&quot;shutter_speed&quot;:&quot;0&quot;,&quot;title&quot;:&quot;&quot;,&quot;orientation&quot;:&quot;1&quot;}\" data-image-title=\"221029schwedt1_600x600\" data-image-description=\"\" data-image-caption=\"\" data-large-file=\"https:\/\/i0.wp.com\/www.freidenker.org\/fw17\/wp-content\/uploads\/2022\/11\/221029schwedt1_600x600.jpg?fit=600%2C450&amp;ssl=1\" class=\"wp-image-14562 size-full\" src=\"https:\/\/i0.wp.com\/www.freidenker.org\/fw17\/wp-content\/uploads\/2022\/11\/221029schwedt1_600x600.jpg?resize=600%2C450&#038;ssl=1\" alt=\"\" width=\"600\" height=\"450\" srcset=\"https:\/\/i0.wp.com\/www.freidenker.org\/fw17\/wp-content\/uploads\/2022\/11\/221029schwedt1_600x600.jpg?w=600&amp;ssl=1 600w, https:\/\/i0.wp.com\/www.freidenker.org\/fw17\/wp-content\/uploads\/2022\/11\/221029schwedt1_600x600.jpg?resize=300%2C225&amp;ssl=1 300w\" sizes=\"auto, (max-width: 600px) 100vw, 600px\" \/><figcaption id=\"caption-attachment-14562\" class=\"wp-caption-text\"><span style=\"font-size: 10pt;\">Hans Bauer (im Vordergrund) w\u00e4hrend seiner Rede. Quelle: <a href=\"https:\/\/www.dkp-berlin.info\/16-berlin\/demonstrationen-aktionen\/1055-solidaritaetskundgebung-der-dkp-in-schwedt-druschba-freundschaft\">dkp-berlin.info<\/a><\/span><\/figcaption><\/figure>\n<p>&nbsp;<\/p>\n<p>Liebe Mitb\u00fcrgerinnen und Mitb\u00fcrger,<br \/>\nliebe Freunde und Genossen!<\/p>\n<p>Wenn ich mir als ehemaliger DDR-B\u00fcrger Vergangenheit und Gegenwart von Schwedt vor Augen f\u00fchre, so erkenne ich darin die Geschichte der DDR\/Ostdeutschlands seit mehr als 60 Jahren.<\/p>\n<p>Schwedt ist nicht nur schlechthin ein Ort im heutigen Brandenburg. Diese Stadt hat Geschichte geschrieben. Wie auch andere St\u00e4dte in Brandenburg, wenn ich u. a. an Eisenh\u00fcttenstadt (Eisenh\u00fcttenkombinat Ost), an Brandenburg (Stahlwerk) oder an Wilhelm-Pieck-Stadt Guben (Chemiefaserwerk) denke. Mit dem Bau der Erd\u00f6ltrasse wurde Schwedt zu einem Symbol der Erd\u00f6lindustrie in der DDR. Wurde eine Art Hauptschlagader f\u00fcr die Wirtschaft unseres Landes. Nach dem Probebetrieb 1964 versorgte die \u00fcber 3 000 km lange Pipeline von Tjumen in Sibirien bis nach Schwedt die Industrie der DDR zuverl\u00e4ssig mit Erd\u00f6l, Grundlage f\u00fcr die Chemieindustrie. Schwedt selbst wurde eine moderne sozialistische Stadt. Das PCK besch\u00e4ftigte \u00fcber 8 000 Mitarbeiter, die Stadt wuchs auf fast 55 000 Einwohner. Weitere Industrie siedelte an. Kinderg\u00e4rten und Erholungsheime, moderne Bildungs-, Kultur- und Sporteinrichtungen entstanden.<\/p>\n<p>Die Trasse war aber mehr als ein wirtschaftliches Schwergewicht. Sie wurde nicht zuf\u00e4llig <strong>Druschba-Trasse<\/strong> genannt. Von den B\u00fcrgern auch als solche verstanden: Freundschaft zwischen der DDR und der SU sowie anderen sozialistischen Staaten. Vor allem aber zwischen den V\u00f6lkern. Da war nichts verordnet. Das war den meisten ein Bed\u00fcrfnis. Uns als Deutschen aber auch Dank und Verpflichtung gegen\u00fcber den V\u00f6lkern der Sowjetunion, die uns vom Faschismus befreit hatten. Das waren <strong>unsere<\/strong> Lehren aus der Geschichte, im Gegensatz zur alten Bundesrepublik.<\/p>\n<p>Tausende insbesondere junge Menschen waren an der Montage dieses gro\u00dfartigen Werkes beteiligt. Bau und Nutzung der Trasse waren Ausdruck einer friedlichen, auf V\u00f6lkerfreundschaft und auf das Wohl der Menschen gerichteten Politik.<\/p>\n<p>Und dann, liebe Teilnehmer, 1990 die Annexion der DDR durch die BRD!<\/p>\n<p>Die ganze Unmenschlichkeit des Kapitalismus kam \u00fcber uns. Ostdeutschland wurde privat verramscht. <strong>Deindustrialisiert<\/strong>. Menschen ihres Lebens entw\u00fcrdigt, sogar verfolgt und bestraft. Ostdeutschland wurde zur Kolonie des Westens. Alles sollte nun nichts mehr Wert sein. Auch Schwedt erlebte diesen Niedergang. Die Zahl der Einwohner sank um ca. 40 % auf 30.000. Die Arbeitslosen-Quote ist heute \u00fcberdurchschnittlich.<\/p>\n<p>Aber dank der Pipeline und des preiswerten russischen Erd\u00f6ls blieb Schwedt auch lukrativ f\u00fcr den kapitalistischen Markt. Das PCK wurde privatisiert und 1991 als Aktiengesellschaft neu gegr\u00fcndet, sp\u00e4ter die PCK-Raffinerie GmbH. Es wurde investiert, modernisiert und nat\u00fcrlich profitiert.<\/p>\n<p>\u00dcber die Erd\u00f6lleitung \u201eDruschba\u201c kommen heute rund 25 Prozent des Roh\u00f6lbedarfs Deutschlands. Ostdeutsche L\u00e4nder, einschlie\u00dflich Berlin, werden von Schwedt versorgt. Die Zahl der Mitarbeiter im PCK betr\u00e4gt etwa 1200 &#8211; 15% der damals Besch\u00e4ftigten.<\/p>\n<p>Immerhin ein gewisser Aufwind unter kapitalistischen Verh\u00e4ltnissen.<\/p>\n<p>Und nun droht die n\u00e4chste <strong>Deindustrialisierung<\/strong>. Durch eine Politik der Unf\u00e4higkeit, Unwilligkeit und Feindschaft. Betroffen ist dieses Mal ganz Deutschland, Ostdeutschland aber besonders, wie Schwedt. Verantwortlich daf\u00fcr Politiker, die Realit\u00e4ten nicht anerkennen und eigentlich gemeingef\u00e4hrlich f\u00fcr Land und Leute sind. Sie regieren vor allem im Interesse anderer, in- und ausl\u00e4ndischer Konzerngruppen, deutscher und US-amerikanischer, sowie nat\u00fcrlich auch zum eigenen Vorteil. Sie scheren sich nicht um ihre W\u00e4hler. Wie sie offen verk\u00fcnden. Sie regieren mit Sanktionen insbesondere gegen die Russische F\u00f6deration und mit Kriegsbeteiligung in der Ukraine. Hetzen seit Jahrzehnten gegen Russland, wollen es gar &#8222;ruinieren&#8220;, wie die Baerbock es fordert. Statt Friedensbem\u00fchungen betreiben sie Kriegspolitik. Militarisieren mit Milliarden. Und verteilen f\u00fcr das Volk Almosen. Ruinieren das eigene Land zum Schaden der Menschen. Was k\u00fcmmert sie ihr Amtseid. An der Spitze die gr\u00fcne Kriegspartei, assistiert von den Sozialdemokraten.<\/p>\n<p>Liebe Anwesende!<\/p>\n<p>Diese Politik \u00e4u\u00dfert sich im nunmehr achten Sanktionspaket gegen Russland. Lebenswichtige wirtschaftliche Beziehungen zu diesem Lande werden gekappt, indem von dort keine Rohstoffe mehr bezogen werden sollen. Politiker s\u00e4gen den Ast ab, auf dem wir alle sitzen. Dieses \u201eSanktionspaket \u2026. kehrt wie ein Bumerang zum Werfer zur\u00fcck\u201c, so der russische Botschafter in Deutschland.<\/p>\n<p>Deutschlands Politiker beziehen lieber klimafeindliche und teure Rohstoffe aus \u00dcbersee und arabischen Staaten.<\/p>\n<p>Wieviel Dummheit, die Gaspipelines Nordstream 1 und 2 zu blockieren. \u00dcber deren Zerst\u00f6rung scheinheilig emp\u00f6rt, sie untersuchen zu wollen. Sich zu weigern, Russland aber dabei einzubeziehen.<\/p>\n<p>Dabei sind die Nutznie\u00dfer dieser Terrorakte bekannt.<\/p>\n<p>Nun soll auch durch die Drushba-Pipeline ab Januar 2023 kein Erd\u00f6l mehr nach Schwedt flie\u00dfen. Ein Leck in Polen d\u00fcrfte Vorwarnung und kein Zufall sein.<\/p>\n<p>Das ist Wirtschaftskrieg, den deutsche Regierungen gemeinsam mit der NATO und der EU seit vielen Jahren f\u00fchren.<\/p>\n<p>Liebe Freunde!<\/p>\n<p>Es entzieht sich jeglicher Logik, Sanktionen zu beschlie\u00dfen, denen zufolge kein Gas und \u00d6l mehr aus Russland bezogen werden soll, weil Putin kein zuverl\u00e4ssiger Partner sei, andererseits aber seit Jahrzehnten zuverl\u00e4ssig Gas und \u00d6l aus Russland bezogen zu haben.<\/p>\n<p>Das ist ohne Sinn und Verstand!<\/p>\n<p>Liebe Protestteilnehmer!<\/p>\n<p>Der Aufstand im Osten zeigt die Unzufriedenheit mit dieser Politik.\u00a0 Aber auch, wie viele Menschen mit Russland verbunden sind. Das entspricht ihren Erfahrungen und ist auch mit der unertr\u00e4glichen Russophobie, den Fakes an Informationen nicht auszutreiben. Was Politiker hier von sich geben, erinnert an finsterste Goebbelsche Propaganda gegen Russland im faschistischen Deutschland.<\/p>\n<p>Und jetzt vor wenigen Tagen haben sie nachgelegt. Wer f\u00fcr Russland Partei ergreift, kann wegen Volksverhetzung bestraft werden. Verfahren laufen bereits. Meinungsfreiheit ade!\u00a0 Die Klassenjustiz l\u00e4sst gr\u00fc\u00dfen.<\/p>\n<p>H\u00f6chste Zeit, dass Sie abtreten, Habeck, Baerbock, Lindner, Scholz &amp; Co!<\/p>\n<p>Todenh\u00f6fer, kein Linker, fordert: &#8222;Geht, bevor man Euch davon jagt&#8220;. und selbst CSU-S\u00f6der stellt auf dem Parteitag fest: &#8222;Eine der schw\u00e4chsten Regierungen, die die Bundesrepublik je gehabt hat&#8220;.<\/p>\n<p>Wir sind hier auf dem Platz der Befreiung: Befreit uns von Eurer dummen und gef\u00e4hrlichen Politik &#8211; oder das m\u00fcssen wir wohl selbst tun!!<\/p>\n<p>Diese Regierungsampel erinnert mich an eine Kreuzung. Die Ampel ist defekt. ROT, GELB, GR\u00dcN leuchten gleichzeitig. Was passiert? Gefahr von Chaos. Und das geschieht in Deutschland. Wenn sich nichts ver\u00e4ndert, kommt es zur Katastrophe. Das d\u00fcrfen wir alle nicht zulassen.<\/p>\n<p>Liebe Freundinnen und Freunde,<\/p>\n<p>da wird vor wenigen Tagen im Bericht des Ostbeauftragten zum 3. Oktober von Vorhaben der Bundesregierung in dieser Wahlperiode berichtet. Auch von Defiziten in der Kolonie Ost. Geplant ist als L\u00f6sung ein zentrales Projekt in Ostdeutschland, die Gr\u00fcndung und der Bau eines Zukunftszentrums. Bis 2028. Das ist die wichtigste Schlussfolgerung aus dem Bericht. Unglaublich. Offenbar wollen die Verantwortlichen nicht h\u00f6ren und sehen, was sich hierzulande wirklich abspielt.<\/p>\n<p>Was ist also zu tun? Den Druck auf der Stra\u00dfe erh\u00f6hen. Nicht einsch\u00fcchtern lassen. Nicht von Diffamierungen und Drohungen unf\u00e4higer und unwilliger Politiker.<\/p>\n<p>Und gekauften Journalisten in den Medien, in Reportagen und Talkshows nicht auf den Leim gehen. Wir aus der DDR wissen doch, was seit 32 Jahren \u00fcber unser eigenes Leben erz\u00e4hlt wird. Das wir so nicht erlebt haben, wie gebetsm\u00fchlenartig versucht wird, es uns einzureden.<\/p>\n<p>Apropos Rede. Bundespr\u00e4sident Steinmeier, selbst als damaliger Au\u00dfenminister zum faschistischen Putsch in der Ukraine beigetragen, beschwor in seiner Rede an die Nation den Zusammenhalt in der Gesellschaft. Tats\u00e4chlich besteht dieser heute schon gleich gar nicht, falls er \u00fcberhaupt mal existiert hat. In einem muss ich ihm allerdings zustimmen. Er sagte: &#8222;Deutschland braucht in der Krise neue Widerstandskraft&#8220;. Ja, diese Widerstandskraft k\u00f6nnen er und seinesgleichen\u00a0 auf der Stra\u00dfe erleben. Und sie w\u00e4chst &#8211; gegen diese Kriegspolitik, den deutschen Gr\u00f6\u00dfenwahn und die Zerst\u00f6rung des eigenen Landes.<\/p>\n<p>Unsere Forderungen m\u00fcssen un\u00fcberh\u00f6rbar sein. Und mit Nachdruck.<\/p>\n<p>Frankreich und auch Tschechien machen es vor.<\/p>\n<p>Gemeinsam mit vielen anderen fordern wir:<\/p>\n<ul>\n<li><strong>Schluss mit den Sanktionen und mit der Kriegstreiberei.<\/strong><\/li>\n<li><strong>Die Drushba-Pipeline muss offen bleiben<\/strong><\/li>\n<li><strong>PCK &amp; Schwedt m\u00fcssen leben<\/strong><\/li>\n<\/ul>\n<p style=\"text-align: right;\"><em>Hans Bauer ist Vorsitzender der Gesellschaft zur Rechtlichen und Humanit\u00e4ren Unterst\u00fctzung (GRH) e.V. <\/em><em>und Beiratsmitglied des Deutschen Freidenker-Verbandes.<\/em><\/p>\n<hr \/>\n<p><span style=\"font-size: 10pt;\">Bild oben: Teilnehmer der Kundgebung am 29.10.2022 in Schwedt<\/span><br \/>\n<span style=\"font-size: 10pt;\">Quelle: <a href=\"https:\/\/www.dkp-berlin.info\/16-berlin\/demonstrationen-aktionen\/1055-solidaritaetskundgebung-der-dkp-in-schwedt-druschba-freundschaft\" target=\"_blank\" rel=\"noopener\">dkp-berlin.info<\/a><\/span><\/p>\n","protected":false},"excerpt":{"rendered":"<p>Unter dem Motto &#8222;Drushba-Pipeline offen halten! PCK &#038; Schwedt m\u00fcssen leben! Nord Stream 2 in Betrieb nehmen&#8220; fand am 29.10.2022 eine Solidarit\u00e4tskundgebung mit den Besch\u00e4ftigten der PCK-Raffinerie und ihren Familien statt. Aufgerufen hatten die DKP Berlin &#038; DKP Brandenburg.<br \/>\nWir dokumentieren hier den <b>Aufruf der DKP zur Kundgebung<\/b> und die <b>Rede von Hans Bauer<\/b>, Vorsitzender der Gesellschaft zur Rechtlichen und Humanit\u00e4ren Unterst\u00fctzung (GRH) e.V. und Beiratsmitglied des Deutschen Freidenker-Verbandes.<\/p>\n","protected":false},"author":3,"featured_media":14561,"comment_status":"closed","ping_status":"closed","sticky":false,"template":"","format":"standard","meta":{"colormag_page_container_layout":"default_layout","colormag_page_sidebar_layout":"default_layout","advanced_seo_description":"","jetpack_seo_html_title":"","jetpack_seo_noindex":false,"jetpack_post_was_ever_published":false,"footnotes":""},"categories":[13],"tags":[1127,454,1491,1317,812,222,719,786,122],"class_list":["post-14560","post","type-post","status-publish","format-standard","has-post-thumbnail","hentry","category-frieden-antifaschismus-solidaritaet","tag-arbeitslosigkeit","tag-ddr","tag-kriegstreiberei","tag-nord-stream","tag-protest","tag-russland","tag-sanktionen","tag-volksverhetzung","tag-wirtschaft"],"jetpack_featured_media_url":"https:\/\/i0.wp.com\/www.freidenker.org\/fw17\/wp-content\/uploads\/2022\/11\/221029schwedt2_800x450.jpg?fit=800%2C450&ssl=1","jetpack_shortlink":"https:\/\/wp.me\/p9stpK-3MQ","jetpack-related-posts":[{"id":11065,"url":"https:\/\/www.freidenker.org\/?p=11065","url_meta":{"origin":14560,"position":0},"title":"&#8222;Hebt den gesenkten Kopf wieder!&#8220;","author":"Webredaktion","date":"16. August 2021","format":false,"excerpt":"Gru\u00dfwort von Klaus Linder auf dem \"Drushba!-Friedensfest\" der DKP Brandenburg am 14.08.2021 Zu dieser\u00a0 Bundestagswahl unter Ausnahezustand\u00a0 hat immerhin die DKP die K-Frage positiv beantwortet: N\u00e4mlich, ob auf dem Wahlzettel die\u00a0 Partei stehen darf, die das \u201eK\u201c im Namen hat. Sie darf es und sie wird es. Herzliche Gratulation dazu\u2026","rel":"","context":"In &quot;Demokratie \u2013 Medien \u2013 Aufkl\u00e4rung&quot;","block_context":{"text":"Demokratie \u2013 Medien \u2013 Aufkl\u00e4rung","link":"https:\/\/www.freidenker.org\/?cat=12"},"img":{"alt_text":"","src":"https:\/\/i0.wp.com\/www.freidenker.org\/fw17\/wp-content\/uploads\/2021\/08\/Linder_Gruess_DKP-Sommerfest-20210814_800x450.jpg?fit=800%2C450&ssl=1&resize=350%2C200","width":350,"height":200,"srcset":"https:\/\/i0.wp.com\/www.freidenker.org\/fw17\/wp-content\/uploads\/2021\/08\/Linder_Gruess_DKP-Sommerfest-20210814_800x450.jpg?fit=800%2C450&ssl=1&resize=350%2C200 1x, https:\/\/i0.wp.com\/www.freidenker.org\/fw17\/wp-content\/uploads\/2021\/08\/Linder_Gruess_DKP-Sommerfest-20210814_800x450.jpg?fit=800%2C450&ssl=1&resize=525%2C300 1.5x, https:\/\/i0.wp.com\/www.freidenker.org\/fw17\/wp-content\/uploads\/2021\/08\/Linder_Gruess_DKP-Sommerfest-20210814_800x450.jpg?fit=800%2C450&ssl=1&resize=700%2C400 2x"},"classes":[]},{"id":3118,"url":"https:\/\/www.freidenker.org\/?p=3118","url_meta":{"origin":14560,"position":1},"title":"Freiheit f\u00fcr die Cuban 5","author":"Webredaktion","date":"1. M\u00e4rz 2012","format":false,"excerpt":"Freidenker unterst\u00fctzen den Aufruf zur Freilassung der Cuban 5 \/ Aufruf zu Kundgebungen am 17.03.2012 Seit nunmehr 13 Jahren sind in den USA f\u00fcnf kubanische M\u00e4nner eingesperrt, deren einziges Vergehen darin besteht, ihr Land vor terroristischen Angriffen besch\u00fctzt zu haben. ... Die f\u00fcnf verurteilten Kubaner haben in den USA Informationen\u2026","rel":"","context":"In &quot;Frieden - Antifaschismus - Solidarit\u00e4t&quot;","block_context":{"text":"Frieden - Antifaschismus - Solidarit\u00e4t","link":"https:\/\/www.freidenker.org\/?cat=13"},"img":{"alt_text":"","src":"https:\/\/i0.wp.com\/www.freidenker.org\/fw17\/wp-content\/uploads\/2012\/03\/cuban5_5554441704_94a1a48244_b_800x445.jpg?fit=800%2C445&ssl=1&resize=350%2C200","width":350,"height":200,"srcset":"https:\/\/i0.wp.com\/www.freidenker.org\/fw17\/wp-content\/uploads\/2012\/03\/cuban5_5554441704_94a1a48244_b_800x445.jpg?fit=800%2C445&ssl=1&resize=350%2C200 1x, https:\/\/i0.wp.com\/www.freidenker.org\/fw17\/wp-content\/uploads\/2012\/03\/cuban5_5554441704_94a1a48244_b_800x445.jpg?fit=800%2C445&ssl=1&resize=525%2C300 1.5x, https:\/\/i0.wp.com\/www.freidenker.org\/fw17\/wp-content\/uploads\/2012\/03\/cuban5_5554441704_94a1a48244_b_800x445.jpg?fit=800%2C445&ssl=1&resize=700%2C400 2x"},"classes":[]},{"id":14549,"url":"https:\/\/www.freidenker.org\/?p=14549","url_meta":{"origin":14560,"position":2},"title":"Es ist immer noch unsere Raffinerie. Unser Land. Unsere Zukunft.","author":"Webredaktion","date":"31. Oktober 2022","format":false,"excerpt":"Redemanuskript von Liane Kilinc\u00a0f\u00fcr die \"Solidarit\u00e4tskundgebung mit den Besch\u00e4ftigten der PCK-Raffinerie und ihren Familien\" am 29.10.2022 in Schwedt Meine erste Rede hier in Schwedt war Anfang Juli, die zweite Anfang August. Damals war vieles nur eine Bef\u00fcrchtung, was sich inzwischen bewahrheitet hat, und heute ist un\u00fcbersehbar: diese Bundesregierung f\u00fchrt zwei\u2026","rel":"","context":"In &quot;Arbeit &amp; Soziales&quot;","block_context":{"text":"Arbeit &amp; Soziales","link":"https:\/\/www.freidenker.org\/?cat=11"},"img":{"alt_text":"","src":"https:\/\/i0.wp.com\/www.freidenker.org\/fw17\/wp-content\/uploads\/2022\/10\/22-10-29_lk_rede_schwedt_druschba_800x450.jpg?fit=800%2C450&ssl=1&resize=350%2C200","width":350,"height":200,"srcset":"https:\/\/i0.wp.com\/www.freidenker.org\/fw17\/wp-content\/uploads\/2022\/10\/22-10-29_lk_rede_schwedt_druschba_800x450.jpg?fit=800%2C450&ssl=1&resize=350%2C200 1x, https:\/\/i0.wp.com\/www.freidenker.org\/fw17\/wp-content\/uploads\/2022\/10\/22-10-29_lk_rede_schwedt_druschba_800x450.jpg?fit=800%2C450&ssl=1&resize=525%2C300 1.5x, https:\/\/i0.wp.com\/www.freidenker.org\/fw17\/wp-content\/uploads\/2022\/10\/22-10-29_lk_rede_schwedt_druschba_800x450.jpg?fit=800%2C450&ssl=1&resize=700%2C400 2x"},"classes":[]},{"id":5666,"url":"https:\/\/www.freidenker.org\/?p=5666","url_meta":{"origin":14560,"position":3},"title":"Solidarit\u00e9!  Solidarit\u00e4t mit den Gelbwesten!","author":"Webredaktion","date":"23. Dezember 2018","format":false,"excerpt":"Aufruf zur Solidarit\u00e4tskundgebung am 29. Dezember 2018 um 13.00 Uhr am Brandenburger Tor in Berlin In Erw\u00e4gung, dass der Protest der Gelbwesten \u2013 der \u201eGilets jaunes\u201c \u2013 sich gegen die Superreichen und Kriegstreiber in Frankreich richtet. In Erw\u00e4gung, dass dieser Widerstand sich gleichzeitig gegen die EU richtet \u2013 gegen das\u2026","rel":"","context":"In &quot;Frieden - Antifaschismus - Solidarit\u00e4t&quot;","block_context":{"text":"Frieden - Antifaschismus - Solidarit\u00e4t","link":"https:\/\/www.freidenker.org\/?cat=13"},"img":{"alt_text":"","src":"https:\/\/i0.wp.com\/www.freidenker.org\/fw17\/wp-content\/uploads\/2018\/12\/Visual-Gelbwesten-Kundgebung-2018-XL_800x445.jpg?fit=800%2C445&ssl=1&resize=350%2C200","width":350,"height":200,"srcset":"https:\/\/i0.wp.com\/www.freidenker.org\/fw17\/wp-content\/uploads\/2018\/12\/Visual-Gelbwesten-Kundgebung-2018-XL_800x445.jpg?fit=800%2C445&ssl=1&resize=350%2C200 1x, https:\/\/i0.wp.com\/www.freidenker.org\/fw17\/wp-content\/uploads\/2018\/12\/Visual-Gelbwesten-Kundgebung-2018-XL_800x445.jpg?fit=800%2C445&ssl=1&resize=525%2C300 1.5x, https:\/\/i0.wp.com\/www.freidenker.org\/fw17\/wp-content\/uploads\/2018\/12\/Visual-Gelbwesten-Kundgebung-2018-XL_800x445.jpg?fit=800%2C445&ssl=1&resize=700%2C400 2x"},"classes":[]},{"id":4568,"url":"https:\/\/www.freidenker.org\/?p=4568","url_meta":{"origin":14560,"position":4},"title":"Aufruf zum 17. Potsdamer Ostermarsch","author":"Webredaktion","date":"17. Februar 2018","format":false,"excerpt":"Der Brandenburgische Freidenker-Verband ruft alle Friedensfreundinnen und Friedensfreunde zur aktiven Teilnahme an den Osterm\u00e4rschen der Friedensbewegung auf, welche traditionell in Potsdam seit mehr als 15 Jahren starten.","rel":"","context":"In &quot;Frieden - Antifaschismus - Solidarit\u00e4t&quot;","block_context":{"text":"Frieden - Antifaschismus - Solidarit\u00e4t","link":"https:\/\/www.freidenker.org\/?cat=13"},"img":{"alt_text":"","src":"https:\/\/i0.wp.com\/www.freidenker.org\/fw17\/wp-content\/uploads\/2018\/02\/ostermarsch_pdm_2018_800x445.jpg?fit=800%2C445&ssl=1&resize=350%2C200","width":350,"height":200,"srcset":"https:\/\/i0.wp.com\/www.freidenker.org\/fw17\/wp-content\/uploads\/2018\/02\/ostermarsch_pdm_2018_800x445.jpg?fit=800%2C445&ssl=1&resize=350%2C200 1x, https:\/\/i0.wp.com\/www.freidenker.org\/fw17\/wp-content\/uploads\/2018\/02\/ostermarsch_pdm_2018_800x445.jpg?fit=800%2C445&ssl=1&resize=525%2C300 1.5x, https:\/\/i0.wp.com\/www.freidenker.org\/fw17\/wp-content\/uploads\/2018\/02\/ostermarsch_pdm_2018_800x445.jpg?fit=800%2C445&ssl=1&resize=700%2C400 2x"},"classes":[]},{"id":16310,"url":"https:\/\/www.freidenker.org\/?p=16310","url_meta":{"origin":14560,"position":5},"title":"Keine Bomber \u00fcber unseren K\u00f6pfen! Kein Werben f\u00fcrs Sterben!","author":"Webredaktion","date":"12. Juni 2023","format":false,"excerpt":"Zentrale Kundgebung gegen Air Defender 23 und gegen den Tag der Bundeswehr in Brandenburg an der Havel am 17.06.2023 Pressemitteilung des Organisationsteams des B\u00fcndnis f\u00fcr Frieden F\u00fcr Samstag, 17.06.2023 hat das B\u00fcndnis f\u00fcr Frieden Brandenburg eine Protestkundgebung gegen Air Defender 23, das gr\u00f6\u00dfte Luftman\u00f6ver in der Geschichte der NATO, angemeldet.\u2026","rel":"","context":"In &quot;Frieden - Antifaschismus - Solidarit\u00e4t&quot;","block_context":{"text":"Frieden - Antifaschismus - Solidarit\u00e4t","link":"https:\/\/www.freidenker.org\/?cat=13"},"img":{"alt_text":"","src":"https:\/\/i0.wp.com\/www.freidenker.org\/fw17\/wp-content\/uploads\/2023\/06\/Flyer_Brandeburg_2023-06-07_s1_auszug_800x450.jpg?fit=799%2C450&ssl=1&resize=350%2C200","width":350,"height":200,"srcset":"https:\/\/i0.wp.com\/www.freidenker.org\/fw17\/wp-content\/uploads\/2023\/06\/Flyer_Brandeburg_2023-06-07_s1_auszug_800x450.jpg?fit=799%2C450&ssl=1&resize=350%2C200 1x, https:\/\/i0.wp.com\/www.freidenker.org\/fw17\/wp-content\/uploads\/2023\/06\/Flyer_Brandeburg_2023-06-07_s1_auszug_800x450.jpg?fit=799%2C450&ssl=1&resize=525%2C300 1.5x, https:\/\/i0.wp.com\/www.freidenker.org\/fw17\/wp-content\/uploads\/2023\/06\/Flyer_Brandeburg_2023-06-07_s1_auszug_800x450.jpg?fit=799%2C450&ssl=1&resize=700%2C400 2x"},"classes":[]}],"_links":{"self":[{"href":"https:\/\/www.freidenker.org\/index.php?rest_route=\/wp\/v2\/posts\/14560","targetHints":{"allow":["GET"]}}],"collection":[{"href":"https:\/\/www.freidenker.org\/index.php?rest_route=\/wp\/v2\/posts"}],"about":[{"href":"https:\/\/www.freidenker.org\/index.php?rest_route=\/wp\/v2\/types\/post"}],"author":[{"embeddable":true,"href":"https:\/\/www.freidenker.org\/index.php?rest_route=\/wp\/v2\/users\/3"}],"replies":[{"embeddable":true,"href":"https:\/\/www.freidenker.org\/index.php?rest_route=%2Fwp%2Fv2%2Fcomments&post=14560"}],"version-history":[{"count":0,"href":"https:\/\/www.freidenker.org\/index.php?rest_route=\/wp\/v2\/posts\/14560\/revisions"}],"wp:featuredmedia":[{"embeddable":true,"href":"https:\/\/www.freidenker.org\/index.php?rest_route=\/wp\/v2\/media\/14561"}],"wp:attachment":[{"href":"https:\/\/www.freidenker.org\/index.php?rest_route=%2Fwp%2Fv2%2Fmedia&parent=14560"}],"wp:term":[{"taxonomy":"category","embeddable":true,"href":"https:\/\/www.freidenker.org\/index.php?rest_route=%2Fwp%2Fv2%2Fcategories&post=14560"},{"taxonomy":"post_tag","embeddable":true,"href":"https:\/\/www.freidenker.org\/index.php?rest_route=%2Fwp%2Fv2%2Ftags&post=14560"}],"curies":[{"name":"wp","href":"https:\/\/api.w.org\/{rel}","templated":true}]}}