{"id":14534,"date":"2022-10-28T01:26:17","date_gmt":"2022-10-27T23:26:17","guid":{"rendered":"https:\/\/www.freidenker.org\/?p=14534"},"modified":"2022-11-16T00:50:24","modified_gmt":"2022-11-15T23:50:24","slug":"volksverhetzung-eine-verschaerfung-der-strafbestimmung","status":"publish","type":"post","link":"https:\/\/www.freidenker.org\/?p=14534","title":{"rendered":"\u201eVolksverhetzung\u201c \u2013 eine Versch\u00e4rfung der Strafbestimmung"},"content":{"rendered":"<p><strong>Fast unbemerkt von der \u00d6ffentlichkeit <a href=\"https:\/\/www.bundestag.de\/dokumente\/textarchiv\/2022\/kw42-de-bundeszentralregister-915600\">verabschiedete<\/a> der Deutsche Bundestag am 20. Oktober 2022 eine \u00c4nderung des Paragrafen 130 (Volksverhetzung) des Strafgesetzbuches (StGB). Nach dem neu hinzugef\u00fcgten Absatz 5 kann \u2013 vereinfacht und allgemeinverst\u00e4ndlich formuliert \u2013 bestraft werden, wer gegen eine nationale Gruppe zu Hass oder Gewalt aufstachelt und gem\u00e4\u00df V\u00f6lkerstrafgesetzbuch strafbare Handlungen billigt, leugnet oder verharmlost und dadurch den \u00f6ffentlichen Frieden st\u00f6rt. Das ist skandaltr\u00e4chtig, denn es k\u00f6nnte T\u00fcr und Tor f\u00fcr willk\u00fcrliche Verurteilungen \u00f6ffnen.<\/strong><\/p>\n<p><em>Von <strong>Wolfgang Bittner<\/strong><\/em><\/p>\n<p><span style=\"font-size: 10pt;\">Erstver\u00f6ffentlichung am 27.10.2022 auf <a href=\"https:\/\/www.nachdenkseiten.de\/?p=89732\" target=\"_blank\" rel=\"noopener\">nachdenkseiten.de<\/a><\/span><\/p>\n<p><em>Dieser Beitrag ist auch als Audio-Podcast verf\u00fcgbar.<\/em><\/p>\n<audio class=\"wp-audio-shortcode\" id=\"audio-14534-1\" preload=\"none\" style=\"width: 100%;\" controls=\"controls\"><source type=\"audio\/mpeg\" src=\"https:\/\/www.nachdenkseiten.de\/upload\/podcast\/221027-Volksverhetzung-Verschaerfung-der-Strafbestimmung-NDS.mp3?_=1\" \/><a href=\"https:\/\/www.nachdenkseiten.de\/upload\/podcast\/221027-Volksverhetzung-Verschaerfung-der-Strafbestimmung-NDS.mp3\">https:\/\/www.nachdenkseiten.de\/upload\/podcast\/221027-Volksverhetzung-Verschaerfung-der-Strafbestimmung-NDS.mp3<\/a><\/audio>\n<p><a href=\"https:\/\/www.nachdenkseiten.de\/upload\/podcast\/221027-Volksverhetzung-Verschaerfung-der-Strafbestimmung-NDS.mp3\" target=\"_blank\" rel=\"noopener\"><span style=\"font-size: 10pt;\">Download<\/span><\/a><span style=\"font-size: 10pt;\">\u00a0\u2013 bereitgestellt durch nachdenkseiten.de<\/span><\/p>\n<p>&nbsp;<\/p>\n<p>Der f\u00fcr juristische Laien kaum verst\u00e4ndliche Paragraf 130 Absatz 5 StGB lautet: \u201eMit Freiheitsstrafe bis zu drei Jahren oder mit Geldstrafe wird bestraft, wer eine Handlung der in den \u00a7\u00a7\u00a06 bis 12 des V\u00f6lkerstrafgesetzbuches bezeichneten Art gegen eine der in Absatz 1 Nummer 1 bezeichneten Personenmehrheiten oder gegen einen Einzelnen wegen dessen Zugeh\u00f6rigkeit zu einer dieser Personenmehrheiten \u00f6ffentlich oder in einer Versammlung in einer Weise billigt, leugnet oder gr\u00f6blich verharmlost, die geeignet ist, zu Hass oder Gewalt gegen eine solche Person oder Personenmehrheit aufzustacheln und den \u00f6ffentlichen Frieden zu st\u00f6ren.\u201c<\/p>\n<p>Absatz 1 Nummer 1, auf den verwiesen wird, lautet: \u201eWer in einer Weise, die geeignet ist, den \u00f6ffentlichen Frieden zu st\u00f6ren, gegen eine nationale, rassische, religi\u00f6se oder durch ihre ethnische Herkunft bestimmte Gruppe, gegen Teile der Bev\u00f6lkerung oder gegen einen Einzelnen wegen seiner Zugh\u00f6rigkeit zu einer vorbezeichneten Gruppe oder zu einem Teil der Bev\u00f6lkerung zum Hass aufstachelt, zu Gewalt- oder Willk\u00fcrma\u00dfnahmen auffordert \u2026 wird mit Freiheitsstrafe von drei Monaten bis zu f\u00fcnf Jahren bestraft.\u201c<\/p>\n<p>In den Paragrafen 6 bis 12 des V\u00f6lkerstrafgesetzbuches geht es um V\u00f6lkermord, Verbrechen gegen die Menschlichkeit, Kriegsverbrechen gegen Personen, Kriegsverbrechen gegen humanit\u00e4re Operationen und Embleme, Kriegsverbrechen des Einsatzes verbotener Methoden der Kriegsf\u00fchrung und Kriegsverbrechen des Einsatzes verbotener Mittel der Kriegsf\u00fchrung.<\/p>\n<p>Das alles erscheint \u2013 soweit man es zu entschl\u00fcsseln vermag \u2013 im ersten Moment vern\u00fcnftig und plausibel. Das Problem liegt in der Erg\u00e4nzung: \u201eWer eine Handlung \u2026 \u00f6ffentlich oder in einer Versammlung in einer Weise billigt, leugnet oder gr\u00f6blich verharmlost \u2026\u201c Eine Einschr\u00e4nkung ist lediglich, dass die \u00c4u\u00dferung \u201egeeignet\u201c sein m\u00fcsse, zu Hass und Gewalt anzustacheln und den \u00f6ffentlichen Frieden zu st\u00f6ren.<\/p>\n<p>Augenscheinlich ist hier im Paragrafen 130 Absatz 5 des StGB eine verklausulierte Norm geschaffen worden, die in dem herrschenden gesellschaftspolitischen Klima zu unertr\u00e4glichen Urteilen f\u00fchren k\u00f6nnte, weil diese Strafbestimmung in ihrer Auslegung einen \u00fcberaus weiten Ermessensspielraum f\u00fcr Staatsanwaltschaft und Gerichte bietet. Im Klartext bedeutet das n\u00e4mlich: Wer sich in einer Weise \u00f6ffentlich \u00e4u\u00dfert, die unerw\u00fcnscht ist und von der Obrigkeit missbilligt wird, kann (wom\u00f6glich) streng bestraft werden. Das ist unmissverst\u00e4ndlich ein weiterer Schritt zur Einschr\u00e4nkung von Grundrechten, insbesondere der Meinungsfreiheit, Pressefreiheit und Freiheit der Wissenschaft.<\/p>\n<p>Denn die Frage ist doch, was nicht \u00f6ffentlich gebilligt, geleugnet oder gr\u00f6blich verharmlost werden soll? Genau da wird mit zweierlei Ma\u00df gemessen. Angeblich ist Volksverhetzung nicht gegeben, wenn jemand zu Hass gegen Russland aufstachelt und wenn das \u00f6ffentlich gebilligt wird. Das wird nicht verfolgt, weil sich die ideologisierten und indoktrinierten Strafverfolgungsbeh\u00f6rden moralisch im Recht w\u00e4hnen, wenn sie das Gesetz hier ignorieren. Derartige Straftaten werden von den weisungsgebundenen Staatsanw\u00e4lten gar nicht erst zur Anklage gebracht, so dass es von vornherein zu keiner Gerichtsentscheidung kommen kann. Andererseits soll angeklagt werden, wer von der verordneten Meinung, Russland sei \u201edas Reich des B\u00f6sen\u201c, abweicht.<\/p>\n<p>Der Ukrainer Serhij Zhadan, Friedenspreistr\u00e4ger des Deutschen Buchhandels f\u00fcr das Jahr 2022, <a href=\"https:\/\/www.nachdenkseiten.de\/?p=89603\">kann unangefochten<\/a> in seinem pr\u00e4mierten Buch \u201eHimmel \u00fcber Charkow\u201c schreiben:<\/p>\n<blockquote><p>\u201eDie Russen sind Barbaren, sie sind gekommen, um unsere Geschichte, unsere Kultur, unsere Bildung zu vernichten\u2026 Brennt in der H\u00f6lle, ihr Schweine.\u201c<\/p><\/blockquote>\n<p>Er wird daf\u00fcr belobigt und belohnt. Und auch der uns\u00e4gliche ukrainische Ex-Botschafter Andrij Melnyk darf offensichtlich straffrei einen Kritiker des Friedenspreistr\u00e4gers in einem Tweet als \u201emoralischen Abschaum\u201c <a href=\"https:\/\/twitter.com\/MelnykAndrij\/status\/1584817485354000384\">bezeichnen<\/a>.<\/p>\n<p>Dagegen soll ein 62-j\u00e4hriger Hamburger 4.000 Euro Strafe zahlen, weil er mit einem gro\u00dfen \u201eZ\u201c an der Heckscheibe seines Autos durch die Stadt gefahren war. Ihm wurde vorgeworfen, \u201eden russischen Angriffskrieg gegen die Ukraine\u201c gebilligt zu haben. So jedenfalls sah es eine Richterin am Hamburger Landgericht, die davon ausging, das \u201eZ\u201c sei das Symbol der russischen Kriegsf\u00fchrung in der Ukraine gewesen und die Botschaft des Angeklagten <a href=\"https:\/\/www.ndr.de\/nachrichten\/hamburg\/Mit-Z-Symbol-durch-Hamburg-gefahren-4000-Euro-Geldstrafe,ukraine3110.html\">sei demnach gewesen<\/a>: \u201eIch stehe hinter Putin.\u201c<\/p>\n<p>Zu erwarten sind also k\u00fcnftig hier und da Prozesse gegen Oppositionelle und \u201eAbweichler\u201c wegen Volksverhetzung, die voraussichtlich durch mehrere Instanzen gehen werden. Wie letztlich entschieden wird, k\u00f6nnte wiederum eine Sache der Auslegung sein, also von der politischen Einstellung der befassten Richter an den Obergerichten abh\u00e4ngen. Fraglich ist, wer unter diesen Bedingungen noch wagt, Kritik an problematischen oder auch rechtswidrigen Vorg\u00e4ngen zu \u00e4u\u00dfern, die regierungskonform abgesegnet sind.<\/p>\n<p>Die Tragweite der vorgenommenen Gesetzes\u00e4nderung scheint vielen Bundestagsabgeordneten, die daf\u00fcr gestimmt haben, \u00fcberhaupt nicht bewusst gewesen zu sein. Nur ein Beispiel: Wer k\u00fcnftig die \u2013 bisher unbewiesene \u2013 russische T\u00e4terschaft an den Morden in Butscha in Zweifel zieht, kann wom\u00f6glich ernsthafte Probleme bekommen. Und soll etwa auch bestraft werden, wer nach den Ursachen und Verantwortlichkeiten f\u00fcr den Ukraine-Krieg fragt? Damit w\u00e4ren dann die Relikte einer Debattenkultur in Deutschland der um sich greifenden Intoleranz und politischen Fanatisierung endg\u00fcltig zum Opfer gefallen, und Geschichtsforschung w\u00e4re mit dem Risiko einer Inhaftierung verbunden.<\/p>\n<p>Der Braunschweiger Jurist Helmut Kramer, der jahrzehntelang \u00fcber den Nationalsozialismus geforscht hat, stellt seinem soeben im Ossietzky Verlag erschienenen Buch \u201eSchreibtischt\u00e4ter und ihre vergessenen Opfer\u201c das Motto vorweg:<\/p>\n<blockquote><p>\u201eWer nicht beizeiten, schon unter dem ungetr\u00fcbten Himmel von Rechtsstaat und Demokratie, sich in Kritik und Widerspruch \u00fcbt, wird dazu erst recht nicht unter einem autorit\u00e4ren Regime bereit und in der Lage sein.\u201c<\/p><\/blockquote>\n<p style=\"text-align: right;\"><em>Wolfgang Bittner, Jahrgang 1941, lebt als freier Schriftsteller in G\u00f6ttingen<\/em><\/p>\n<hr \/>\n<p><span style=\"font-size: 10pt;\">Bild: Collage von Ralf Lux unter Verwendung von:<\/span><\/p>\n<ul>\n<li><span style=\"font-size: 10pt;\">Justitia: <a href=\"https:\/\/pixabay.com\/de\/photos\/justitia-g%c3%b6ttin-2597016\/\" target=\"_blank\" rel=\"noopener\">pixabay.com<\/a> \/ <a class=\"hover_opacity\" href=\"https:\/\/pixabay.com\/de\/users\/pixel2013-2364555\/\">pixel2013<\/a> \/ <a href=\"https:\/\/pixabay.com\/de\/service\/license\/\">Pixabay License<\/a><\/span><\/li>\n<li><span style=\"font-size: 10pt;\">Menschen: <span class=\"mw-mmv-title\">Ansprache vor dem Autokorso mit dem Motto &#8222;Gegen Volksverhetzung, Mobbing und Diskriminierung der russischen Bev\u00f6lkerung&#8220; am 10. April 2022 in Hannover<br \/>\nFoto: Hangover Ucraine, <a href=\"https:\/\/creativecommons.org\/licenses\/by-sa\/4.0\" target=\"_blank\" rel=\"noopener\">CC BY-SA 4.0<\/a><br \/>\nQuelle: <a href=\"https:\/\/commons.wikimedia.org\/w\/index.php?curid=116961443\" target=\"_blank\" rel=\"noopener\">https:\/\/commons.wikimedia.org\/w\/index.php?curid=116961443<\/a><\/span><\/span><\/li>\n<\/ul>\n","protected":false},"excerpt":{"rendered":"<p><b>Beitrag von Wolfgang Bittner<\/b><br \/>\nFast unbemerkt von der \u00d6ffentlichkeit verabschiedete der Deutsche Bundestag am 20. Oktober 2022 eine \u00c4nderung des Paragrafen 130 (Volksverhetzung) des Strafgesetzbuches (StGB). Nach dem neu hinzugef\u00fcgten Absatz 5 kann \u2013 vereinfacht und allgemeinverst\u00e4ndlich formuliert \u2013 bestraft werden, wer gegen eine nationale Gruppe zu Hass oder Gewalt aufstachelt und gem\u00e4\u00df V\u00f6lkerstrafgesetzbuch strafbare Handlungen billigt, leugnet oder verharmlost und dadurch den \u00f6ffentlichen Frieden st\u00f6rt. Das ist skandaltr\u00e4chtig, denn es k\u00f6nnte T\u00fcr und Tor f\u00fcr willk\u00fcrliche Verurteilungen \u00f6ffnen.<\/p>\n","protected":false},"author":3,"featured_media":14535,"comment_status":"closed","ping_status":"closed","sticky":false,"template":"","format":"standard","meta":{"colormag_page_container_layout":"default_layout","colormag_page_sidebar_layout":"default_layout","advanced_seo_description":"","jetpack_seo_html_title":"","jetpack_seo_noindex":false,"jetpack_post_was_ever_published":false,"footnotes":""},"categories":[12],"tags":[477,1273,1644,1643,1620,1168,1338,345,786],"class_list":["post-14534","post","type-post","status-publish","format-standard","has-post-thumbnail","hentry","category-demokratie-medien-aufklaerung","tag-bundestag","tag-demokratische-grundrechte","tag-gewalt","tag-hass","tag-russen","tag-russophobie","tag-strafrecht","tag-voelkerrecht","tag-volksverhetzung"],"jetpack_featured_media_url":"https:\/\/i0.wp.com\/www.freidenker.org\/fw17\/wp-content\/uploads\/2022\/10\/justitia_russ_800x450.jpg?fit=800%2C450&ssl=1","jetpack_shortlink":"https:\/\/wp.me\/p9stpK-3Mq","jetpack-related-posts":[{"id":16821,"url":"https:\/\/www.freidenker.org\/?p=16821","url_meta":{"origin":14534,"position":0},"title":"Wer gef\u00e4hrdet den Frieden?","author":"Webredaktion","date":"12. August 2023","format":false,"excerpt":"Diffamierung, Zensur und Strafverfolgung treffen Kriegsgegner. Dabei sitzen die Volksverhetzer im Bundestag Beitrag von von Hans Bauer Wer Zweifel an der Politik der deutschen Machthaber \u00f6ffentlich \u00e4u\u00dfert, hat keine guten Karten. Schlimmer ist es, Ursachen und Anlass des Ukraine-Krieges anders zu sehen als amtlich verordnet. Die offiziellen Reaktionen reichen von\u2026","rel":"","context":"In &quot;Frieden - Antifaschismus - Solidarit\u00e4t&quot;","block_context":{"text":"Frieden - Antifaschismus - Solidarit\u00e4t","link":"https:\/\/www.freidenker.org\/?cat=13"},"img":{"alt_text":"","src":"https:\/\/i0.wp.com\/www.freidenker.org\/fw17\/wp-content\/uploads\/2023\/08\/keine_angst_vor_putin_800x445_v2.jpg?fit=800%2C445&ssl=1&resize=350%2C200","width":350,"height":200,"srcset":"https:\/\/i0.wp.com\/www.freidenker.org\/fw17\/wp-content\/uploads\/2023\/08\/keine_angst_vor_putin_800x445_v2.jpg?fit=800%2C445&ssl=1&resize=350%2C200 1x, https:\/\/i0.wp.com\/www.freidenker.org\/fw17\/wp-content\/uploads\/2023\/08\/keine_angst_vor_putin_800x445_v2.jpg?fit=800%2C445&ssl=1&resize=525%2C300 1.5x, https:\/\/i0.wp.com\/www.freidenker.org\/fw17\/wp-content\/uploads\/2023\/08\/keine_angst_vor_putin_800x445_v2.jpg?fit=800%2C445&ssl=1&resize=700%2C400 2x"},"classes":[]},{"id":14539,"url":"https:\/\/www.freidenker.org\/?p=14539","url_meta":{"origin":14534,"position":1},"title":"Der neue \u00a7 130 StGB: Wie man die Wahrheit zum Verbrechen macht","author":"Webredaktion","date":"31. Oktober 2022","format":false,"excerpt":"Beitrag von Dagmar Henn Die Erosion des Rechts in der Bundesrepublik geschieht schleichend und oft im Verborgenen. Ende vergangener Woche, mit der Verabschiedung der \u00c4nderung des \u00a7\u00a0130 StGB, wurde sie weiter beschleunigt. Und es muss nicht sonderlich \u00fcberraschen, dass diese \u00c4nderung gleichsam im Verborgenen stattfand, die Erweiterung des \u00a7\u00a0130 StGB\u2026","rel":"","context":"In &quot;Demokratie \u2013 Medien \u2013 Aufkl\u00e4rung&quot;","block_context":{"text":"Demokratie \u2013 Medien \u2013 Aufkl\u00e4rung","link":"https:\/\/www.freidenker.org\/?cat=12"},"img":{"alt_text":"","src":"https:\/\/i0.wp.com\/www.freidenker.org\/fw17\/wp-content\/uploads\/2022\/10\/Muenchkomm_stgb_800x450.jpg?fit=800%2C450&ssl=1&resize=350%2C200","width":350,"height":200,"srcset":"https:\/\/i0.wp.com\/www.freidenker.org\/fw17\/wp-content\/uploads\/2022\/10\/Muenchkomm_stgb_800x450.jpg?fit=800%2C450&ssl=1&resize=350%2C200 1x, https:\/\/i0.wp.com\/www.freidenker.org\/fw17\/wp-content\/uploads\/2022\/10\/Muenchkomm_stgb_800x450.jpg?fit=800%2C450&ssl=1&resize=525%2C300 1.5x, https:\/\/i0.wp.com\/www.freidenker.org\/fw17\/wp-content\/uploads\/2022\/10\/Muenchkomm_stgb_800x450.jpg?fit=800%2C450&ssl=1&resize=700%2C400 2x"},"classes":[]},{"id":12877,"url":"https:\/\/www.freidenker.org\/?p=12877","url_meta":{"origin":14534,"position":2},"title":"Strafanzeige gegen Graf Lambsdorff, Frank Plasberg und Anton Hofreiter","author":"Webredaktion","date":"20. April 2022","format":false,"excerpt":"Der Hamburger Rechtsanwalt, Autor und Verleger Rolf Geffken stellte am 16.04.2022 bei der Staatsanwaltschaft Berlin-Mitte Strafanzeige wegen Volksverhetzung nach \u00a7 130 StGB gegen Alexander Graf Lambsdorff, Frank Plasberg und Anton Hofreiter. In einer E-Mail schrieb er dazu: Ich habe angesichts der sich immer mehr versch\u00e4rfenden Lage in der Ukraine aber\u2026","rel":"","context":"In &quot;Demokratie \u2013 Medien \u2013 Aufkl\u00e4rung&quot;","block_context":{"text":"Demokratie \u2013 Medien \u2013 Aufkl\u00e4rung","link":"https:\/\/www.freidenker.org\/?cat=12"},"img":{"alt_text":"","src":"https:\/\/i0.wp.com\/www.freidenker.org\/fw17\/wp-content\/uploads\/2022\/04\/geffken_800x446.jpg?fit=800%2C446&ssl=1&resize=350%2C200","width":350,"height":200,"srcset":"https:\/\/i0.wp.com\/www.freidenker.org\/fw17\/wp-content\/uploads\/2022\/04\/geffken_800x446.jpg?fit=800%2C446&ssl=1&resize=350%2C200 1x, https:\/\/i0.wp.com\/www.freidenker.org\/fw17\/wp-content\/uploads\/2022\/04\/geffken_800x446.jpg?fit=800%2C446&ssl=1&resize=525%2C300 1.5x, https:\/\/i0.wp.com\/www.freidenker.org\/fw17\/wp-content\/uploads\/2022\/04\/geffken_800x446.jpg?fit=800%2C446&ssl=1&resize=700%2C400 2x"},"classes":[]},{"id":23598,"url":"https:\/\/www.freidenker.org\/?p=23598","url_meta":{"origin":14534,"position":3},"title":"&#8222;Parasiten&#8220;: Was dem Jupiter erlaubt ist &#8230;","author":"Webredaktion","date":"21. November 2025","format":false,"excerpt":"Beitrag von Dagmar Henn Die Auseinandersetzung um die Meinungsfreiheit hat in Deutschland zwei Aspekte. Der eine ist das Fehlen einer wirklichen Debatte dar\u00fcber, was gesagt werden darf und was nicht \u2013 das funktioniert eher durch obrigkeitliche Dekrete. Das andere aber ist die regelm\u00e4\u00dfige Anwendung verschiedener Ma\u00dfst\u00e4be, ob die \u00c4u\u00dferung nun\u2026","rel":"","context":"In &quot;Demokratie \u2013 Medien \u2013 Aufkl\u00e4rung&quot;","block_context":{"text":"Demokratie \u2013 Medien \u2013 Aufkl\u00e4rung","link":"https:\/\/www.freidenker.org\/?cat=12"},"img":{"alt_text":"","src":"https:\/\/i0.wp.com\/www.freidenker.org\/fw17\/wp-content\/uploads\/2025\/11\/Jupiter_und_Ochse_KI_800x450.jpg?fit=800%2C450&ssl=1&resize=350%2C200","width":350,"height":200,"srcset":"https:\/\/i0.wp.com\/www.freidenker.org\/fw17\/wp-content\/uploads\/2025\/11\/Jupiter_und_Ochse_KI_800x450.jpg?fit=800%2C450&ssl=1&resize=350%2C200 1x, https:\/\/i0.wp.com\/www.freidenker.org\/fw17\/wp-content\/uploads\/2025\/11\/Jupiter_und_Ochse_KI_800x450.jpg?fit=800%2C450&ssl=1&resize=525%2C300 1.5x, https:\/\/i0.wp.com\/www.freidenker.org\/fw17\/wp-content\/uploads\/2025\/11\/Jupiter_und_Ochse_KI_800x450.jpg?fit=800%2C450&ssl=1&resize=700%2C400 2x"},"classes":[]},{"id":18239,"url":"https:\/\/www.freidenker.org\/?p=18239","url_meta":{"origin":14534,"position":4},"title":"&#8222;Hass im Netz&#8220; oder eher Hass auf ein Grundrecht?","author":"Webredaktion","date":"16. Februar 2024","format":false,"excerpt":"Beitrag von Dagmar Henn Es gibt Studien, die muss man nicht lesen. Jedenfalls nicht, um Erkenntnisse zu gewinnen. So ist es auch mit der Umfrage \"Hass im Netz\" vom \"Kompetenznetzwerk gegen Hass im Netz\", die derzeit durch die Medien gejagt wird. [...] Es muss nicht \u00fcberraschen, dass diese Umfrage zeitlich\u2026","rel":"","context":"In &quot;Demokratie \u2013 Medien \u2013 Aufkl\u00e4rung&quot;","block_context":{"text":"Demokratie \u2013 Medien \u2013 Aufkl\u00e4rung","link":"https:\/\/www.freidenker.org\/?cat=12"},"img":{"alt_text":"","src":"https:\/\/i0.wp.com\/www.freidenker.org\/fw17\/wp-content\/uploads\/2024\/02\/hass_im_netz_18847dd342_c_800x450.jpg?fit=799%2C450&ssl=1&resize=350%2C200","width":350,"height":200,"srcset":"https:\/\/i0.wp.com\/www.freidenker.org\/fw17\/wp-content\/uploads\/2024\/02\/hass_im_netz_18847dd342_c_800x450.jpg?fit=799%2C450&ssl=1&resize=350%2C200 1x, https:\/\/i0.wp.com\/www.freidenker.org\/fw17\/wp-content\/uploads\/2024\/02\/hass_im_netz_18847dd342_c_800x450.jpg?fit=799%2C450&ssl=1&resize=525%2C300 1.5x, https:\/\/i0.wp.com\/www.freidenker.org\/fw17\/wp-content\/uploads\/2024\/02\/hass_im_netz_18847dd342_c_800x450.jpg?fit=799%2C450&ssl=1&resize=700%2C400 2x"},"classes":[]},{"id":24165,"url":"https:\/\/www.freidenker.org\/?p=24165","url_meta":{"origin":14534,"position":5},"title":"Die zweite Inkarnation der Nancy Faeser und die n\u00e4chste Stufe des Demokratieabbaus","author":"Webredaktion","date":"12. Januar 2026","format":false,"excerpt":"Beitrag von Dagmar Henn Da hatte man so gehofft, wenigstens Madame Faeser und ihre ununterbrochene b\u00fcrgerrechtsfeindliche Gesetzesproduktion im Innenministerium losgeworden zu sein. Und schwupp, erweist sich, dass sich dieser b\u00f6se Geist offenbar neu inkarniert hat und nun ein Ministerium weitergezogen ist und sich unter der sozialdemokratischen Justizministerin Stefanie Hubig austobt.\u2026","rel":"","context":"In &quot;Demokratie \u2013 Medien \u2013 Aufkl\u00e4rung&quot;","block_context":{"text":"Demokratie \u2013 Medien \u2013 Aufkl\u00e4rung","link":"https:\/\/www.freidenker.org\/?cat=12"},"img":{"alt_text":"","src":"https:\/\/i0.wp.com\/www.freidenker.org\/fw17\/wp-content\/uploads\/2026\/01\/Hubig_Grundgesetz_800x450.jpg?fit=800%2C450&ssl=1&resize=350%2C200","width":350,"height":200,"srcset":"https:\/\/i0.wp.com\/www.freidenker.org\/fw17\/wp-content\/uploads\/2026\/01\/Hubig_Grundgesetz_800x450.jpg?fit=800%2C450&ssl=1&resize=350%2C200 1x, https:\/\/i0.wp.com\/www.freidenker.org\/fw17\/wp-content\/uploads\/2026\/01\/Hubig_Grundgesetz_800x450.jpg?fit=800%2C450&ssl=1&resize=525%2C300 1.5x, https:\/\/i0.wp.com\/www.freidenker.org\/fw17\/wp-content\/uploads\/2026\/01\/Hubig_Grundgesetz_800x450.jpg?fit=800%2C450&ssl=1&resize=700%2C400 2x"},"classes":[]}],"_links":{"self":[{"href":"https:\/\/www.freidenker.org\/index.php?rest_route=\/wp\/v2\/posts\/14534","targetHints":{"allow":["GET"]}}],"collection":[{"href":"https:\/\/www.freidenker.org\/index.php?rest_route=\/wp\/v2\/posts"}],"about":[{"href":"https:\/\/www.freidenker.org\/index.php?rest_route=\/wp\/v2\/types\/post"}],"author":[{"embeddable":true,"href":"https:\/\/www.freidenker.org\/index.php?rest_route=\/wp\/v2\/users\/3"}],"replies":[{"embeddable":true,"href":"https:\/\/www.freidenker.org\/index.php?rest_route=%2Fwp%2Fv2%2Fcomments&post=14534"}],"version-history":[{"count":0,"href":"https:\/\/www.freidenker.org\/index.php?rest_route=\/wp\/v2\/posts\/14534\/revisions"}],"wp:featuredmedia":[{"embeddable":true,"href":"https:\/\/www.freidenker.org\/index.php?rest_route=\/wp\/v2\/media\/14535"}],"wp:attachment":[{"href":"https:\/\/www.freidenker.org\/index.php?rest_route=%2Fwp%2Fv2%2Fmedia&parent=14534"}],"wp:term":[{"taxonomy":"category","embeddable":true,"href":"https:\/\/www.freidenker.org\/index.php?rest_route=%2Fwp%2Fv2%2Fcategories&post=14534"},{"taxonomy":"post_tag","embeddable":true,"href":"https:\/\/www.freidenker.org\/index.php?rest_route=%2Fwp%2Fv2%2Ftags&post=14534"}],"curies":[{"name":"wp","href":"https:\/\/api.w.org\/{rel}","templated":true}]}}