{"id":14531,"date":"2022-10-28T01:25:47","date_gmt":"2022-10-27T23:25:47","guid":{"rendered":"https:\/\/www.freidenker.org\/?p=14531"},"modified":"2022-11-16T00:50:17","modified_gmt":"2022-11-15T23:50:17","slug":"mit-dem-ruecken-zur-wand-warum-russland-im-februar-in-der-ukraine-interveniert-hat","status":"publish","type":"post","link":"https:\/\/www.freidenker.org\/?p=14531","title":{"rendered":"Mit dem R\u00fccken zur Wand: Warum Russland im Februar in der Ukraine interveniert hat"},"content":{"rendered":"<p><strong>NATO-Staaten haben im November 2021 in einem gro\u00dfen Man\u00f6ver geprobt, der Ukraine in einem Krieg gegen Russland beizustehen. Der Kriegsgrund sollte ein russischer Biowaffenangriff sein.<\/strong><\/p>\n<p><em>von <strong>Anti-Spiegel<\/strong> (d.i. <strong>Thomas R\u00f6per<\/strong>)<\/em><\/p>\n<p><span style=\"font-size: 10pt;\">Erstver\u00f6ffentlichung am 27.10.2022 auf <a href=\"https:\/\/www.anti-spiegel.ru\/2022\/mit-dem-ruecken-zur-wand-warum-russland-im-februar-in-der-ukraine-interveniert-hat\/\" target=\"_blank\" rel=\"noopener\">anti-spiegel.ru<\/a><\/span><\/p>\n<p>Viele fragen sich, warum Russland ausgerechnet im Februar in der Ukraine interveniert hat. Milit\u00e4risch sind Angriffe im Winter in der Regel nicht von langer Hand geplant, weil die Wetterbedingungen schlecht f\u00fcr milit\u00e4rische Operationen sind. Geplante Kriege werden in der Regel im Fr\u00fchsommer begonnen, wenn K\u00e4lte und von Tauwetter verschlammtes Gel\u00e4nde einen Vormarsch nicht mehr behindern. Auch wirkte die russische Intervention nicht eben gut vorbereitet, wenn man sich in Erinnerung ruft, dass Russland zwar in den ersten Tagen weitgehend ohne Widerstand vorr\u00fccken konnte, dann aber den Vormarsch selbst gestoppt hat. Ukrainische Gegenwehr war \u2013 au\u00dfer im Donezker Gebiet \u2013 wochenlang kaum zu sehen. All das wirkte unentschlossen und sah nicht nach einer von langer Hand vorbereiteten und durchgeplanten Operation aus. Was also waren die Gr\u00fcnde daf\u00fcr, dass Russland ausgerechnet im Februar der Meinung war, in der Ukraine intervenieren zu m\u00fcssen?<\/p>\n<p>Hinweise auf Antworten auf diese Frage gab es einige, ich erinnere nur an die <a href=\"https:\/\/www.anti-spiegel.ru\/2022\/russische-propaganda-oder-wahrheit-hat-selensky-mit-der-atomaren-aufruestung-der-ukraine-gedroht\/\" target=\"_blank\" rel=\"noreferrer noopener\">Atomdrohung von Pr\u00e4sident Selensky<\/a> auf der M\u00fcnchner Sicherheitskonferenz oder die von Russland unmittelbar nach der Intervention ver\u00f6ffentlichten Informationen \u00fcber die <a href=\"https:\/\/www.anti-spiegel.ru\/2022\/treffen-im-rahmen-der-biowaffenkonvention-usa-beantworten-keine-fragen\/\" target=\"_blank\" rel=\"noreferrer noopener\">US-Biowaffenprogramme der USA in der Ukraine<\/a>. Aber waren das wirklich alle Gr\u00fcnde f\u00fcr Russland, so spontan loszuschlagen?<\/p>\n<p>Offenbar gab es eine ganze Reihe von Gr\u00fcnden, von denen einer ein gro\u00dfes Man\u00f6ver war, \u00fcber das man nur sehr wenige Informationen findet. Auf Deutsch hat offenbar noch niemand \u00fcber dieses Man\u00f6ver berichtet, \u00fcber das es auch auf der Seite der NATO keine Informationen gibt. Formell war es ein franz\u00f6sisches Man\u00f6ver, an dem aber andere NATO-Staaten \u2013 unter anderen die USA und Gro\u00dfbritannien \u2013 teilgenommen haben. Laut dem Fachportal Naval News war es das gr\u00f6\u00dfte Man\u00f6ver der franz\u00f6sischen Marine in ihrer Geschichte. Die von dem Portal ver\u00f6ffentlichte <a href=\"https:\/\/www.navalnews.com\/naval-news\/2021\/11\/here-is-the-ship-list-for-polaris-21-frances-high-intensity-combat-exercise\/\" target=\"_blank\" rel=\"noreferrer noopener\">Liste der teilnehmenden Schiffe<\/a> ist beeindruckend und <a href=\"https:\/\/news.usni.org\/2021\/11\/19\/french-navy-kicks-off-force-on-force-drills-in-mediterranean-with-partner-nations-nato\" target=\"_blank\" rel=\"noreferrer noopener\">das Portal schrieb dazu im November 2021<\/a>:<\/p>\n<blockquote class=\"wp-block-quote\"><p>\u201eAn dieser gemeinsamen, kombinierten und truppen\u00fcbergreifenden \u00dcbung werden 6.000 franz\u00f6sische Soldaten des Heeres, der Marine und der Luftwaffe, darunter 4.000 franz\u00f6sische Marinesoldaten, praktisch die H\u00e4lfte der Schiffe der Flotte sowie einige verb\u00fcndete Seestreitkr\u00e4fte teilnehmen. Der Zerst\u00f6rer USS Porter der Arleigh-Burke-Klasse der US-Marine wird teilnehmen, wie Naval News erfahren hat. Auch der Zerst\u00f6rer HMS Dragon der Royal Navy vom Typ 45\/Daring-Klasse wurde heute im Marinest\u00fctzpunkt Toulon gesichtet und wird wahrscheinlich ebenfalls an POLARIS teilnehmen. Die vollst\u00e4ndige Liste der teilnehmenden Einheiten wird im Laufe dieser Woche ver\u00f6ffentlicht.\u201c<\/p><\/blockquote>\n<p>Das Man\u00f6ver dauerte vom 18. November bis zum 3. Dezember 2021. Interessant wird es, wenn man sich die inzwischen \u00f6ffentlich gewordene <a href=\"https:\/\/drive.google.com\/file\/d\/1UBDQ9gG2Jb4WXQEtAv015iirZeltwuHD\/view\" target=\"_blank\" rel=\"noreferrer noopener\">Legende des Man\u00f6vers<\/a> anschaut. Normalerweise werden bei solchen Man\u00f6vern fiktive Namen von Staaten und handelnden Personen benutzt, in diesem Fall wurden in der Legende jedoch offen auch real existierende Politiker wie zum Beispiel Josep Borrell erw\u00e4hnt.<\/p>\n<h5>Die Legende<\/h5>\n<p>In der Legende des Man\u00f6vers ist die Rede von einem riesigen Land, das Europa und Asien umfasst, von einem Pr\u00e4sidenten regiert wird, der seit 20 Jahren an der Macht ist, der seinem kleinen Nachbarland eine autonome Region entrissen hat und Separatisten in dem Nachbarland unterst\u00fctzt, weil er die Mitglieder seine ethnischen Bev\u00f6lkerung in dem Land verteidigen m\u00f6chte. Die Hinweise auf Russland und die Ukraine, die Krim und den Krieg im Donbass sind also mehr als offensichtlich.<\/p>\n<p>Wirklich interessant wird es aber, als es in der Legende um die Eskalation geht, denn da geht es pl\u00f6tzlich um einen Biowaffenangriff, den das fiktive Land Mercure (Russland) plant. Dort hei\u00dft es:<\/p>\n<blockquote class=\"wp-block-quote\"><p>\u201eWas die internationale Gemeinschaft jedoch beunruhigt, ist die von der WHO herausgegebene Warnung, die auf die m\u00f6gliche Gefahr einer Pandemie infolge einer SARS-Epidemie in der Enklave Mercmania (<em>Krim, Anm. d. \u00dcbers.<\/em>) hinweist, ohne den Schwerpunkt genau bestimmen zu k\u00f6nnen. Die WHO wurde von der Nichtregierungsorganisation \u201e\u00c4rzte ohne Grenzen\u201c gewarnt, die einen pl\u00f6tzlichen Zustrom von Patienten in der Stadt Montlucon verzeichnete.<br \/>\nDie WHO untersucht derzeit, um die Art des Virus und seine Gef\u00e4hrlichkeit zu bestimmen. Einige WHO-Experten vermuten, dass es sich um ein \u201efabriziertes\u201c Virus handeln k\u00f6nnte, das dem \u00e4hnelt, was die Milit\u00e4rlabors von Mercure (<em>Russland, Anm. d. \u00dcbers<\/em>.) in den 2000er Jahren herstellen konnten.\u201c<\/p><\/blockquote>\n<p>Im Klartext ist in der Legende die Rede davon, dass Russland auf der Krim eine Biowaffe freisetzen k\u00f6nnte. Darauf folgt ein milit\u00e4rischer Zusammensto\u00df, laut der Legende greift Russland die Ukraine an, die wiederum die NATO um Hilfe bittet. Das Man\u00f6ver Polaris 21 hat genau dieses milit\u00e4rische Einschreiten der NATO gegen Russland trainiert.<\/p>\n<p>Solche Man\u00f6ver sind keineswegs unwichtig, denn dem Angriff der NATO gegen Libyen im Jahr 2011 gingen die NATO-Man\u00f6ver voraus, die ganz \u00e4hnliche Szenarien durchgespielt haben, wie sie dann in Libyen umgesetzt worden sind. In Baltops-2010 wurde eine entsprechende Marine-Operation trainiert und Frisian Flag-2010 war eines der gr\u00f6\u00dften Man\u00f6ver Luftstreitkr\u00e4fte der NATO. Daran sieht man, dass L\u00e4nder, die von der NATO zu Gegnern erkl\u00e4rt wurden, allen Grund haben, nicht nur die Man\u00f6ver der NATO genau zu beobachten, sondern dass sie anschlie\u00dfend auch allen Grund haben, misstrauisch zu werden, wenn sich die Realit\u00e4t in eine Richtung bewegt, die dem k\u00fcrzlich bei Man\u00f6vern erprobten Szenario \u00e4hnelt.<\/p>\n<p>Russland hat Polaris 21 daher sicher genau beobachtet, auch wenn deutsche Medien dar\u00fcber nie berichtet haben, w\u00e4hrend es in franz\u00f6sischen Medien wenigstens einige <a href=\"https:\/\/www.france24.com\/en\/tv-shows\/focus\/20220106-polaris-21-a-high-intensity-combat-exercise-on-board-charles-de-gaulle-aircraft-carrier\" target=\"_blank\" rel=\"noreferrer noopener\">kleine Meldungen<\/a> \u00fcber das Man\u00f6ver gegeben hat.<\/p>\n<h5>Die Chronologie in der Realit\u00e4t<\/h5>\n<p>Am 8. und 9. Dezember 2019 fand das letzte Treffen im Normandie-Format in Paris statt. Aber schon die <a href=\"https:\/\/www.anti-spiegel.ru\/2019\/sie-sind-sich-einig-dass-sie-uneinig-sind-das-sind-die-ergebnisse-des-treffens-von-putin-und-selensky\/\" target=\"_blank\" rel=\"noreferrer noopener\">gemeinsame Pressekonferenz im Anschluss an das Treffen<\/a> machte deutlich, dass Selensky nicht wirklich vorhatte, das Minsker Abkommen umzusetzen und die wenigen bei dem Treffen erreichten Kompromisse wurden von Selensky <a href=\"https:\/\/www.anti-spiegel.ru\/2019\/nach-dem-normandie-gipfel-wieder-tricksereien-in-kiew\/\" target=\"_blank\" rel=\"noreferrer noopener\">nur eine Woche sp\u00e4ter bereits offen abgelehnt<\/a>. Selensky forderte von da an offen, das Minsker Abkommen nicht umzusetzen und er verweigerte die Umsetzung in der Folge offen und hartn\u00e4ckig.<\/p>\n<p>Sp\u00e4ter hat <a href=\"https:\/\/www.anti-spiegel.ru\/2022\/kiew-hat-2019-beschlossen-minsk-ii-nicht-umzusetzen-und-krieg-mit-russland-vorbereitet\/\" target=\"_blank\" rel=\"noreferrer noopener\">der Chef des ukrainischen Sicherheitsrates erkl\u00e4rt<\/a>, dass die ukrainische F\u00fchrung von da an nicht mehr auf den im Minsker Abkommen vereinbarten Friedensprozess gesetzt, sondern sich von dem Moment an, Mitte Dezember 2019, auf einen Krieg mit Russland vorbereitet hat:<\/p>\n<blockquote class=\"wp-block-quote\"><p>\u201eAls unser Pr\u00e4sident Selensky in Paris den Bedingungen, die Russland, Frankreich und Deutschland uns am 8. und 9. Dezember 2019 angeboten haben, nicht zustimmte, sagte er, um es gelinde auszudr\u00fccken: \u201eNein, Freunde, es wird kein Minsk-3 geben, wir werden f\u00fcr unser Land k\u00e4mpfen\u201c, haben wir am n\u00e4chsten Tag begonnen zu verstehen, dass ein gro\u00dfer Krieg mit Russland bevorstand.\u201c<\/p><\/blockquote>\n<p>Das muss man im Hinterkopf behalten, wenn man sich die folgenden Entwicklungen anschaut. Unter US-Pr\u00e4sident Trump war es undenkbar, dass die USA die Ukraine in einem Krieg gegen Russland unterst\u00fctzen w\u00fcrden. Aber nach der Wahl von Joe Biden zum US-Pr\u00e4sidenten war das \u201eHindernis Trump\u201c ab Ende Januar 2021 verschwunden und von da an entwickelten sich die Dinge Schlag auf Schlag.<\/p>\n<h5>M\u00e4rz und April 2021: Die Ukraine eskaliert<\/h5>\n<p>Am 24. M\u00e4rz 2021 hat der ukrainische Pr\u00e4sident Selensky die \u201e<a href=\"https:\/\/www.president.gov.ua\/news\/prezident-zatverdiv-strategiyu-deokupaciyi-ta-reintegraciyi-67321\" target=\"_blank\" rel=\"noreferrer noopener\">Strategie zur Deokkupation und Reintegration der Krim<\/a>\u201c in Kraft gesetzt. Man konnte in der Pressemeldung der ukrainischen Pr\u00e4sidialverwaltung dar\u00fcber unter anderem lesen:<\/p>\n<blockquote class=\"wp-block-quote\"><p>\u201eDieses Dokument definiert eine Reihe von Ma\u00dfnahmen diplomatischer, milit\u00e4rischer, wirtschaftlicher, informativer, humanit\u00e4rer und anderer Art, die darauf abzielen, die territoriale Integrit\u00e4t und die staatliche Souver\u00e4nit\u00e4t der Ukraine innerhalb international anerkannter Grenzen durch Deokkupation und Reintegration der Krim wiederherzustellen.\u201c<\/p><\/blockquote>\n<p>Die Ukraine hat mit diesem Dokument offiziell und \u00f6ffentlich einen Krieg mit Russland wegen der Krim angek\u00fcndigt. Es ist also keineswegs abwegig, dass Kiew einen Angriff auf die Krim \u2013 und damit einen Krieg mit Russland \u2013 geplant hat, denn das hat Pr\u00e4sident Selensky am 24. M\u00e4rz 2021 offiziell per Dekret angeordnet. In dem Dokument war die Rede von \u201e<em>Ma\u00dfnahmen milit\u00e4rischer Art<\/em>\u201c \u2013 deutlicher kann man es nicht sagen.<\/p>\n<p>Einen Tag sp\u00e4ter, am 25. M\u00e4rz 2021 hat Pr\u00e4sident Selensky auch die <a href=\"https:\/\/www.president.gov.ua\/documents\/1212021-37661\" target=\"_blank\" rel=\"noreferrer noopener\">neue Milit\u00e4rdoktrin der Ukraine<\/a> in Kraft gesetzt. Das Dokument zielte auf die Integration der Ukraine in die Sicherheitsarchitektur der NATO ab und wiederholte die Forderung, die Krim auch mit milit\u00e4rischen Mitteln zur\u00fcckzuerobern.<\/p>\n<p>Schon im April 2021 hat die Ukraine massiv <a href=\"https:\/\/www.anti-spiegel.ru\/2021\/machtpoker-mit-hohem-einsatz-und-der-drohung-atomarer-bewaffnung\/\" target=\"_blank\" rel=\"noreferrer noopener\">Truppen an der russischen Grenze zusammengezogen<\/a> und der ukrainische Botschafter in Deutschland hat <a href=\"https:\/\/www.spiegel.de\/ausland\/ukraine-botschafter-droht-mit-atomarer-aufruestung-a-de71361f-d7f6-40fb-a62c-99b8aaa172da\" target=\"_blank\" rel=\"noreferrer noopener\">mit der atomaren Bewaffnung der Ukraine gedroht<\/a>. Das war keine leere Drohung, die Ukraine hat mehrere AKW und damit das n\u00f6tige Material f\u00fcr eine Atombombe, und sie hat noch aus Sowjetzeiten auch das n\u00f6tige Knowhow, denn in der Ukraine befinden sich viele Anlagen, die ein wichtiger Teil des sowjetischen Atomwaffenprogramms waren.<\/p>\n<p>Die Eskalation wurde im April 2021 aber noch einmal abgewendet, nachdem US-Pr\u00e4sident Biden und Pr\u00e4sident Putin telefoniert und sich zu einem Gipfeltreffen im Sommer 2021 verabredet hatte. Die leichte Entspannung dauerte jedoch nicht lange, denn schon im Oktober 2021 begann die Eskalation, die Russland \u2013 aus seiner Sicht \u2013 am Ende keine andere Wahl mehr gelassen hat, als in der Ukraine milit\u00e4risch zu intervenieren.<\/p>\n<h5>Oktober und November 2021: Das Ende des Minsker Abkommens<\/h5>\n<p>Ende 2021 wollte der Westen kurzfristig ein weiteres Treffen der Au\u00dfenminister des Normandie-Formates, das den Friedensplan im Rahmen des Minsker Abkommens umsetzen sollte, erreichen. Am 29. Oktober 2021 hat der russische Au\u00dfenminister Lawrow Berlin und Paris daher ein Treffen vorgeschlagen, das aber gut vorbereitet sein m\u00fcsse. Als Reaktion haben Berlin und Paris am 4. November in einer gemeinsamen Antwort unter anderem mitgeteilt, dass der russische Vorschlag f\u00fcr eine Abschlusserkl\u00e4rung im Normandie-Format nicht angenommen werden k\u00f6nne, weil Russland darin einen direkten Dialog zwischen Kiew und dem Donbass fordert.<\/p>\n<p>Das allerdings war einer der <a href=\"https:\/\/www.anti-spiegel.ru\/2018\/russland-muss-das-abkommen-von-minsk-erfullen-eine-analyse-des-abkommens\/\" target=\"_blank\" rel=\"noreferrer noopener\">zentralen Punkte des Minsker Abkommens<\/a>. Als Berlin und Paris das im November 2021 als unannehmbar bezeichnet haben, haben sie das Minsker Abkommen daher de facto beerdigt.<\/p>\n<p>Am 6. November 2021 antwortete Lawrow, die Antwort aus Berlin und Paris sei entt\u00e4uschend. Den Vorschlag aus Berlin und Paris, schon am 11. November ein Au\u00dfenministertreffen im Normandie-Format abzuhalten, lehnte Lawrow ab, da noch keine Antwort auf Moskaus Vorschl\u00e4ge f\u00fcr den Text der Abschlusserkl\u00e4rung des Treffens eingetroffen seien.<\/p>\n<p>Am 15. November 2021 haben sich die Au\u00dfenminister der Ukraine, Deutschlands und Frankreichs getroffen und dabei Russland \u00f6ffentlich vorgeworfen, Russland habe sich \u201ezum wiederholten Male\u201c einem Ministertreffen im Normandie-Format verweigert.<\/p>\n<p>Daraufhin ist Lawrow der Kragen geplatzt und er hat seinen Kollegen aus Berlin und Paris einen weiteren Brief geschrieben. Darin hat er noch einmal die russische Position dargelegt und dann angek\u00fcndigt, dass er die gesamte diplomatische Korrespondenz, die es im Vorfeld des Treffens gegeben hatte, am n\u00e4chsten Tag ver\u00f6ffentlichten werde. Das hat Russland dann auch getan und auf den <a href=\"https:\/\/web.archive.org\/web\/20211118170113\/https:\/\/www.mid.ru\/documents\/10180\/4944950\/%D0%B4%D0%B8%D0%BF%D0%BB%D0%BE%D0%BC%D0%B0%D1%82%D0%B8%D1%87%D0%B5%D1%81%D0%BA%D0%B0%D1%8F+%D0%BF%D0%B5%D1%80%D0%B5%D0%BF%D0%B8%D1%81%D0%BA%D0%B0.pdf\/795480b9-c3da-4498-88c8-f0a723c62c6f\" target=\"_blank\" rel=\"noreferrer noopener\">insgesamt 28 Seiten<\/a> konnte die ganze Welt erfahren, wie Deutschland und Frankreich das Minsker Abkommen beerdigt und versucht haben, das Moskau in die Schuhe zu schieben.<\/p>\n<p>Der Brief von Lawrow endete mit den Worten:<\/p>\n<blockquote class=\"wp-block-quote\"><p>\u201eIch bin sicher, dass Sie die Notwendigkeit dieses unkonventionellen Schrittes verstehen, denn es geht darum, der Weltgemeinschaft die Wahrheit dar\u00fcber zu vermitteln, wer die v\u00f6lkerrechtlichen Verpflichtungen wie erf\u00fcllt, die auf h\u00f6chster Ebene vereinbart wurden.\u201c<\/p><\/blockquote>\n<h5>November und Dezember 2021: Polaris 21 und Biowaffen<\/h5>\n<p>Nur wenige Tage nachdem Deutschland und Frankreich das Minsker Abkommen beerdigt haben \u2013 wor\u00fcber es in westlichen Medien keinerlei Berichte gegeben hat \u2013 fand vom 18. November 2021 bis zum 3. Dezember 2021 das oben genannte Man\u00f6ver Polaris 21 statt, in dem Frankreich zusammen mit anderen NATO-Staaten den Krieg gegen Russland geprobt hat. Vor dem Hintergrund der ukrainischen Milit\u00e4rdoktrin, die offen einen Krieg mit Russland vorbereitet und angek\u00fcndigt hat, war das schon schlimm genug, denn Polaris 21 spielte exakt durch, wie NATO-Staaten die Ukraine bei diesem Krieg unterst\u00fctzen w\u00fcrden.<\/p>\n<p>Das Man\u00f6ver war gleich aus mehreren Gr\u00fcnden entscheidend. Erstens haben die Teilnehmer, darunter auch die USA und Gro\u00dfbritannien, Kiew damit signalisiert, dass sie der Ukraine in einem offenen Krieg gegen Russland beistehen w\u00fcrden. Das wird sp\u00e4ter noch wichtig, wenn wir zu den Ereignissen im M\u00e4rz 2022 kommen. Au\u00dferdem sandte das Man\u00f6ver das gleiche Signal in Richtung Russland, Polaris 21 war eine direkte und offene Drohung an Russland.<\/p>\n<p>Aber es kommt noch etwas hinzu, n\u00e4mlich die offene \u2013 und f\u00fcr solche Man\u00f6ver ungew\u00f6hnliche \u2013 Erw\u00e4hnung von Biowaffen. Dass die USA seit Jahren an Biowaffen arbeiten, ist f\u00fcr Experten <a href=\"https:\/\/www.anti-spiegel.ru\/2020\/kein-thema-in-den-deutschen-medien-woran-forscht-das-pentagon-in-biolaboren-ausserhalb-der-usa\/\" target=\"_blank\" rel=\"noreferrer noopener\">schon lange ein offenes Geheimnis<\/a>, auch wenn der Westen das nat\u00fcrlich bestreitet. F\u00fcr Russland war das sp\u00e4testens seit 2014 ein offenes Geheimnis, denn damals ist Russland bei der Wiedervereinigung mit der Krim eines des vom Pentagon finanzierten Labore in die H\u00e4nde gefallen.<\/p>\n<p>Russland war seitdem alarmiert und hat einen Biowaffenangriff der USA erwartet. Das konnte man Anfang 2020 an der Reaktion Russlands auf die ersten Meldungen \u00fcber den Corona-Ausbruch in China erkennen. Ich will das hier nicht alles wiederholen, aber in Russland wird heute <a href=\"https:\/\/www.anti-spiegel.ru\/2022\/russisches-verteidigungsministerium-bezeichnet-covid-19-als-us-biowaffe\/\" target=\"_blank\" rel=\"noreferrer noopener\">von offiziellen Stellen gesagt<\/a>, dass Covid-19 eine von den USA entwickelte Biowaffe ist. Die interessanten Details von Russlands Reaktion auf das Auftauchen von Covid-19 in Wuhan Anfang 2020 und warum das gezeigt hat, dass Russland einen Biowaffenangriff der USA erwartet hat, k\u00f6nnen Sie <a href=\"https:\/\/www.anti-spiegel.ru\/2022\/eine-analyse-der-russischen-reaktionen-auf-covid-19-seit-beginn-der-pandemie\/\" target=\"_blank\" rel=\"noreferrer noopener\">hier nachlesen<\/a>.<\/p>\n<p>Dass in der Man\u00f6ver-Legende von Polaris 21 ziemlich offen die Rede von der Freisetzung einer Biowaffe auf der Krim war, die laut Man\u00f6ver-Legende Russland angeh\u00e4ngt werden sollte, d\u00fcrfte in Moskau alle Alarmglocken ausgel\u00f6st haben. Russland d\u00fcrfte aufgrund des Man\u00f6vers und seiner Legende erwartet haben, dass die USA aus der Ukraine heraus einen solchen Angriff durchf\u00fchren und dann Russland beschuldigen wollten.<\/p>\n<h5>Dezember 2021 und Januar 2022: Sicherheitsgarantien?<\/h5>\n<p>Mitte Dezember 2021 forderte Russland von den USA und der NATO ultimativ <a href=\"https:\/\/www.anti-spiegel.ru\/2021\/was-russland-den-usa-und-der-nato-als-gegenseitige-sicherheitsgarantien-vorschlaegt\/\" target=\"_blank\" rel=\"noreferrer noopener\">gegenseitige Sicherheitsgarantien<\/a> und den Abzug der NATO-Truppen aus der Ukraine und erkl\u00e4rte, dass es im Falle einer Ablehnung gegenseitiger Sicherheitsgarantien gezwungen sei, \u201emilit\u00e4rtechnisch\u201c zu reagieren. Die Verhandlungen dar\u00fcber, ob die USA \u00fcberhaupt dazu bereit w\u00e4ren, dar\u00fcber zu verhandeln, dauerten bis Ende Januar 2022.<\/p>\n<h5>Januar 2022: Kriegsvorbereitungen in den USA<\/h5>\n<p>Am 19.Januar 2022, also noch w\u00e4hrend Russland und die USA \u00fcber die M\u00f6glichkeit von Gespr\u00e4chen \u00fcber gegenseitige Sicherheitsgarantien gesprochen haben, wurde in den USA das <a href=\"https:\/\/www.congress.gov\/bill\/117th-congress\/senate-bill\/3522\/summary\/00\" target=\"_blank\" rel=\"noreferrer noopener\">Lend-Lease-Gesetz f\u00fcr die Ukraine eingebracht<\/a>, \u00fcber das bei seiner Einreichung in den Kongress geschrieben wurde:<\/p>\n<blockquote class=\"wp-block-quote\"><p>\u201eMit diesem Gesetzentwurf wird vor\u00fcbergehend auf bestimmte Anforderungen im Zusammenhang mit der Befugnis des Pr\u00e4sidenten, Verteidigungsg\u00fcter zu verleihen oder zu leasen, verzichtet, wenn die Verteidigungsg\u00fcter f\u00fcr die ukrainische Regierung bestimmt sind und zum Schutz der Zivilbev\u00f6lkerung in der Ukraine vor der russischen Milit\u00e4rinvasion erforderlich sind\u201c<\/p><\/blockquote>\n<p>Das zeigt, dass die USA sich offen auf einen Krieg vorbereitet haben, denn das Gesetz zur Unterst\u00fctzung der Ukraine gegen die \u201e<em>russische Milit\u00e4rinvasion<\/em>\u201c wurde einen Monat vor Beginn der russischen Intervention in den Kongress eingebracht.<\/p>\n<p>\u00dcbrigens tr\u00e4gt das Dokument der in den USA <a href=\"https:\/\/www.anti-spiegel.ru\/2021\/studie-der-rand-corporation-hat-2019-geschrieben-was-2021-realitaet-geworden-ist\/\" target=\"_blank\" rel=\"noreferrer noopener\">sehr einflussreichen RAND-Corporation<\/a>, in dem geschrieben steht, dass es im Interesse der USA ist, die deutsche Wirtschaft zu schw\u00e4chen, um die US-Wirtschaft durch die Abwanderung von Kapital und Produktionskapazit\u00e4ten aus Deutschland in die USA zu st\u00e4rken, als Datum den 25. Januar 2022, was genau zu der Chronologie passt. In dem <a href=\"https:\/\/www.anti-spiegel.ru\/2022\/mit-hilfe-der-gruenen-die-usa-planen-die-zerstoerung-der-deutschen-wirtschaft\/\" target=\"_blank\" rel=\"noreferrer noopener\">Dokument<\/a> wird \u2013 einen Monat vor Beginn der russischen Intervention \u2013 bereits \u00fcber einen bevorstehenden Krieg zwischen Russland und der Ukraine gesprochen und es wird darauf gesetzt, Deutschland \u2013 zumindest durch massive Waffenlieferungen an die Ukraine \u2013 in den Krieg hineinzuziehen, um den Bruch zwischen Russland und Deutschland so tief wie m\u00f6glich zu machen:<\/p>\n<blockquote class=\"wp-block-quote\"><p>\u201eDer einzig gangbare Weg, Deutschlands Ablehnung russischer Energielieferungen zu garantieren, ist die Einbindung beider Seiten in den milit\u00e4rischen Konflikt in der Ukraine. Unser weiteres Vorgehen in diesem Land wird unweigerlich zu einer milit\u00e4rischen Antwort Russlands f\u00fchren. Die Russen werden den massiven Druck der ukrainischen Armee auf die nicht anerkannten Donbass-Republiken nat\u00fcrlich nicht unbeantwortet lassen k\u00f6nnen. Das w\u00fcrde es erm\u00f6glichen, Russland zum Aggressor zu erkl\u00e4ren und das gesamte Paket der zuvor vorbereiteten Sanktionen gegen das Land anzuwenden.\u201c<\/p><\/blockquote>\n<p>Zeitgleich, n\u00e4mlich am 26. Januar 2022, haben <a href=\"https:\/\/www.anti-spiegel.ru\/2022\/die-antworten-von-usa-und-nato-auf-russlands-vorschlaege-wurden-geleakt-teil-2-usa\/\" target=\"_blank\" rel=\"noreferrer noopener\">die USA<\/a> und <a href=\"https:\/\/www.anti-spiegel.ru\/2022\/die-antworten-von-usa-und-nato-auf-russlands-vorschlaege-wurden-geleakt-teil-1-nato\/\" target=\"_blank\" rel=\"noreferrer noopener\">die NATO<\/a> die von Russland geforderten gegenseitigen Sicherheitsgarantien komplett abgelehnt. Wenn wir uns daran erinnern, dass Russland f\u00fcr diesen Fall eine \u201emilit\u00e4rtechnische\u201c Reaktion angek\u00fcndigt hatte, war sp\u00e4testens jetzt klar, dass ein milit\u00e4rischer Konflikt unvermeidbar geworden war. Dass die USA das daf\u00fcr geschaffene Lend-Lease-Gesetz bereits eingebracht hatten und dass die nach Beginn der russischen Intervention verabschiedeten Russland-Sanktionen <a href=\"https:\/\/deutsch.rt.com\/international\/150999-sanktionsentscheidung-eu-war-eng-mit\/\" target=\"_blank\" rel=\"noreferrer noopener\">bereits im Vorwege vorbereitet waren<\/a> (<a href=\"https:\/\/www.ardmediathek.de\/video\/anne-will\/bundeskanzler-olaf-scholz-zu-gast-bei-anne-will\/das-erste\/Y3JpZDovL25kci5kZS9kYzJkMDJjZC1jMmM4LTQ0Y2YtOGU2Ny0zNzhlYTQzOGJhOTQ\" target=\"_blank\" rel=\"noreferrer noopener\">wie auch Bundeskanzler Scholz offen gesagt hat<\/a>), zeigt, dass die USA, die NATO, die EU und deren Mitgliedsstaaten diese Entwicklungen geplant hatten.<\/p>\n<h5>Februar 2022: Die Eskalation<\/h5>\n<p>Am 19. Februar 2022 hat Selensky auf der M\u00fcnchner Sicherheitskonferenz unter dem Applaus der hochrangigen westlichen Zuh\u00f6rer <a href=\"https:\/\/www.anti-spiegel.ru\/2022\/russische-propaganda-oder-wahrheit-hat-selensky-mit-der-atomaren-aufruestung-der-ukraine-gedroht\/\" target=\"_blank\" rel=\"noreferrer noopener\">die atomare Bewaffnung der Ukraine angedroht<\/a>. Damit war das russische Eingreifen nicht mehr zu verhindern, denn dass sich die Ukraine, die in ihrer Milit\u00e4rdoktrin einen Krieg gegen Russland vorbereitet hat, sich dazu auch noch nuklear bewaffnet, war f\u00fcr Russland eine inakzeptable Perspektive.<\/p>\n<p>Am 21. Februar 2022 hat Putin die Donbass-Republiken anerkannt und Beistandsabkommen mit ihnen geschlossen. In seiner <a href=\"https:\/\/www.anti-spiegel.ru\/2022\/praesident-putins-komplette-rede-an-die-nation-im-wortlaut\/\" target=\"_blank\" rel=\"noreferrer noopener\">Rede<\/a> dazu hat Putin Kiew deutlich vor den Folgen einer weiteren Eskalation gewarnt. Kiew hat den Beschuss auf zivile Ziele im Donbass danach aber noch einmal demonstrativ erh\u00f6ht.<\/p>\n<p>Am 24. Februar hat Putin in einer weiteren <a href=\"https:\/\/www.anti-spiegel.ru\/2022\/putins-komplette-rede-an-das-russische-volk-zum-beginn-der-militaeroperation\/\" target=\"_blank\" rel=\"noreferrer noopener\">Rede<\/a> den Beginn der russischen Milit\u00e4roperation in der Ukraine zur Beendigung des Krieges im Donbass und zur Entnazifizierung und Entmilitarisierung der Ukraine verk\u00fcndet.<\/p>\n<h5>M\u00e4rz 2022: Die Entt\u00e4uschung in Kiew \u00fcber die NATO<\/h5>\n<p>Russland muss zu diesem Zeitpunkt davon ausgegangen sein, dass ein ukrainischer Angriff auf den Donbass und die Krim unmittelbar bevorstand. Hinweise gab es, wie wir heute wissen, zur Gen\u00fcge. Da waren die US-Biowaffenprogramme in der Ukraine und das Man\u00f6ver Polaris 21, da war die Drohung von Selensky, die Ukraine nuklear zu bewaffnen, da war das schon eingereichte Lend-Lease-Gesetz in den USA und sicher noch einiges mehr, was russischen Geheimdiensten bekannt gewesen, aber bisher nicht \u00f6ffentlich geworden ist. <a href=\"https:\/\/www.anti-spiegel.ru\/2022\/donezk-beweise-fuer-angriffsplaene-der-ukraine-auf-basis-von-nato-daten-gefunden\/\" target=\"_blank\" rel=\"noreferrer noopener\">Anfang M\u00e4rz 2022 hat Russland \u00fcbrigens gemeldet<\/a>, dass in einem eroberten ukrainischen St\u00fctzpunkt ein Notebook sichergestellt wurde, auf dem Details \u00fcber einen f\u00fcr den 8. M\u00e4rz geplanten ukrainischen Angriff auf die Krim und den Donbass mit NATO-Unterst\u00fctzung gefunden wurden.<\/p>\n<p>Hinzu kamen die viele Aussagen westlicher Politiker vom Januar und Februar 2022, die der Ukraine unbedingte Solidarit\u00e4t und Hilfe im Falle eines Krieges mit Russland zugesagt haben. Wir wissen zwar nicht, was all die f\u00fchrenden Vertreter westlicher Staaten und der NATO der ukrainischen Regierung bei ihren Gespr\u00e4chen hinter verschlossenen T\u00fcren versprochen haben, aber es gibt sehr deutliche Hinweise darauf, dass sie Kiew in seiner aggressiven Haltung gegen\u00fcber Moskau nicht nur best\u00e4rkt, sondern Kiew auch ein Eingreifen der NATO in einem solchen Krieg versprochen haben.<\/p>\n<p>Das ist nicht etwa meine unbegr\u00fcndete Vermutung, das wurde Anfang M\u00e4rz, als klar wurde, dass die NATO nicht milit\u00e4risch eingreift, mehr als deutlich. So ziemlich alle f\u00fchrenden Vertreter Kiews haben das sehr offen gesagt und ihre Entt\u00e4uschung dar\u00fcber, von der NATO betrogen worden zu sein, <a href=\"https:\/\/www.anti-spiegel.ru\/2022\/aus-saakaschwili-nichts-gelernt-ukrainische-regierung-ist-von-der-nato-enttaeuscht\/\" target=\"_blank\" rel=\"noreferrer noopener\">sehr deutlich verk\u00fcndet<\/a>. Als exemplarisches Beispiel zitiere ich eine <a href=\"https:\/\/tass.ru\/mezhdunarodnaya-panorama\/13978175\" target=\"_blank\" rel=\"noreferrer noopener\">Aussage des ukrainischen Au\u00dfenministers<\/a> von Anfang M\u00e4rz 2022:<\/p>\n<blockquote class=\"wp-block-quote\"><p>\u201eIch m\u00f6chte deutlich darauf hinweisen, dass in der NATO eine politische Vereinbarung besteht, wonach die Verb\u00fcndeten der Ukraine auf bilateraler Ebene in jeder erdenklichen Weise helfen sollen. Aber das B\u00fcndnis selbst hat sich als Organisation im Grunde selbst abgeschafft. Wir m\u00fcssen in diesem Punkt ehrlich sein. Die Ukrainer m\u00fcssen klar und ehrlich erkennen, dass die NATO nicht wirklich das ist, was sich die Ukrainer darunter vorstellen, zumindest im Moment. Wenn sie morgen ihren Standpunkt \u00e4ndern, toll. Aber bisher ruft ihre Position keinen Respekt hervor.\u201c<\/p><\/blockquote>\n<p>Der ukrainische Au\u00dfenminister (und all die anderen f\u00fchrenden K\u00f6pfe des Kiewer Regimes) h\u00e4tte die NATO kaum so deutlich kritisiert, wenn man in der ukrainischen F\u00fchrung nicht der Meinung gewesen w\u00e4re, die NATO h\u00e4tte der Ukraine im Falle einer Konfrontation mit Russland mehr versprochen, als die Lieferung von Waffen. Die Rede war ausdr\u00fccklich von einer \u201e<em>politischen Vereinbarung<\/em>\u201e. Die NATO d\u00fcrfte der ukrainischen Regierung hinter verschlossenen T\u00fcren also tats\u00e4chlich mehr versprochen haben, als \u00f6ffentlich bekannt ist.<\/p>\n<p>Die jetzt bekannt gewordenen Informationen \u00fcber das Man\u00f6ver Polaris 21 sind nur ein weiteres Puzzleteil, das genau in das Bild passt, das mit jeder weiteren bekannt werdenden Information immer eindeutiger wird.<\/p>\n<p style=\"text-align: right;\"><em>Thomas R\u00f6per, geboren 1971, lebt seit \u00fcber 15 Jahren in Russland. Die Schwerpunkte seiner medienkritischen Arbeit sind das (mediale) Russlandbild in Deutschland, Kritik an der Berichterstattung westlicher Medien im Allgemeinen und die Themen (Geo-)Politik und Wirtschaft.<\/em><\/p>\n<p>Wir danken dem Autor\u00a0f\u00fcr die Genehmigung zur Ver\u00f6ffentlichung des Textes auf unserer Webseite.<\/p>\n<p><span style=\"font-size: 10pt;\">Link zur Erstver\u00f6ffentlichung: <a href=\"https:\/\/www.anti-spiegel.ru\/2022\/mit-dem-ruecken-zur-wand-warum-russland-im-februar-in-der-ukraine-interveniert-hat\/\" target=\"_blank\" rel=\"noopener\">https:\/\/www.anti-spiegel.ru\/2022\/mit-dem-ruecken-zur-wand-warum-russland-im-februar-in-der-ukraine-interveniert-hat\/<\/a><\/span><\/p>\n<hr \/>\n<p><span style=\"font-size: 10pt;\">Bild oben: \u00dcbernommen von <a href=\"https:\/\/www.anti-spiegel.ru\/2022\/mit-dem-ruecken-zur-wand-warum-russland-im-februar-in-der-ukraine-interveniert-hat\/\" target=\"_blank\" rel=\"noopener\">anti-spiegel.ru<\/a><\/span><\/p>\n","protected":false},"excerpt":{"rendered":"<p><b>Beitrag von Anti-Spiegel (d.i. Thomas R\u00f6per)<\/b><br \/>\nViele fragen sich, warum Russland ausgerechnet im Februar in der Ukraine interveniert hat. Milit\u00e4risch sind Angriffe im Winter in der Regel nicht von langer Hand geplant, weil die Wetterbedingungen schlecht f\u00fcr milit\u00e4rische Operationen sind. Geplante Kriege werden in der Regel im Fr\u00fchsommer begonnen, wenn K\u00e4lte und von Tauwetter verschlammtes Gel\u00e4nde einen Vormarsch nicht mehr behindern. Auch wirkte die russische Intervention nicht eben gut vorbereitet, wenn man sich in Erinnerung ruft, dass Russland zwar in den ersten Tagen weitgehend ohne Widerstand vorr\u00fccken konnte, dann aber den Vormarsch selbst gestoppt hat. Ukrainische Gegenwehr war \u2013 au\u00dfer im Donezker Gebiet \u2013 wochenlang kaum zu sehen. <\/p>\n","protected":false},"author":3,"featured_media":14532,"comment_status":"closed","ping_status":"closed","sticky":false,"template":"","format":"standard","meta":{"colormag_page_container_layout":"default_layout","colormag_page_sidebar_layout":"default_layout","advanced_seo_description":"","jetpack_seo_html_title":"","jetpack_seo_noindex":false,"jetpack_post_was_ever_published":false,"footnotes":""},"categories":[12],"tags":[1061,1239,1629,188,1207,56,222,1556,1111,639,185],"class_list":["post-14531","post","type-post","status-publish","format-standard","has-post-thumbnail","hentry","category-demokratie-medien-aufklaerung","tag-atomwaffen","tag-biologische-waffen","tag-eskalation","tag-krieg","tag-manoever","tag-nato","tag-russland","tag-sicherheitspolitik","tag-ukraine","tag-ukraine-konflikt","tag-usa"],"jetpack_featured_media_url":"https:\/\/i0.wp.com\/www.freidenker.org\/fw17\/wp-content\/uploads\/2022\/10\/nato-vs-russland_roeper_800x450.jpg?fit=800%2C450&ssl=1","jetpack_shortlink":"https:\/\/wp.me\/p9stpK-3Mn","jetpack-related-posts":[{"id":12595,"url":"https:\/\/www.freidenker.org\/?p=12595","url_meta":{"origin":14531,"position":0},"title":"Freidenker zu den Osterm\u00e4rschen 2022","author":"Webredaktion","date":"10. April 2022","format":false,"excerpt":"Anl\u00e4sslich der bevorstehenden Osterm\u00e4rsche hat der Deutsche Freidenker-Verband ein Faltblatt herausgegeben. Wir ver\u00f6ffentlichen hier den einleitenden Text und bieten das gesamte Faltblatt zum Download an. Ukraine: Nein zu Faschismus und Krieg Wann begann der Krieg in der Ukraine? Von \u201eQualit\u00e4tsmedien\u201c und NATO-Politikern, selbst aus der Friedensbewegung h\u00f6ren wir von einem\u2026","rel":"","context":"In &quot;Frieden - Antifaschismus - Solidarit\u00e4t&quot;","block_context":{"text":"Frieden - Antifaschismus - Solidarit\u00e4t","link":"https:\/\/www.freidenker.org\/?cat=13"},"img":{"alt_text":"","src":"https:\/\/i0.wp.com\/www.freidenker.org\/fw17\/wp-content\/uploads\/2022\/04\/Faltblatt_grafik_800x450.jpg?fit=800%2C450&ssl=1&resize=350%2C200","width":350,"height":200,"srcset":"https:\/\/i0.wp.com\/www.freidenker.org\/fw17\/wp-content\/uploads\/2022\/04\/Faltblatt_grafik_800x450.jpg?fit=800%2C450&ssl=1&resize=350%2C200 1x, https:\/\/i0.wp.com\/www.freidenker.org\/fw17\/wp-content\/uploads\/2022\/04\/Faltblatt_grafik_800x450.jpg?fit=800%2C450&ssl=1&resize=525%2C300 1.5x, https:\/\/i0.wp.com\/www.freidenker.org\/fw17\/wp-content\/uploads\/2022\/04\/Faltblatt_grafik_800x450.jpg?fit=800%2C450&ssl=1&resize=700%2C400 2x"},"classes":[]},{"id":23475,"url":"https:\/\/www.freidenker.org\/?p=23475","url_meta":{"origin":14531,"position":1},"title":"Russlands Intervention und das internationale Recht &#8211; Eine Rekapitulation","author":"Webredaktion","date":"8. November 2025","format":false,"excerpt":"Beitrag von George Pumphrey \"Russland f\u00fchrt einen v\u00f6lkerrechtswidrigen Angriffskrieg gegen die Ukraine\". Dieses NATO-Narrativ, basierend auf einem selektiven Umgang mit der UN-Charta, hat sich als allgemeing\u00fcltige Meinung durchgesetzt. Es wurde auch von der Mehrheit in der Friedensbewegung sofort und unkritisch \u00fcbernommen. Obwohl die UN-Charta zur Nichtanwendung von Gewalt in internationalen\u2026","rel":"","context":"In &quot;Demokratie \u2013 Medien \u2013 Aufkl\u00e4rung&quot;","block_context":{"text":"Demokratie \u2013 Medien \u2013 Aufkl\u00e4rung","link":"https:\/\/www.freidenker.org\/?cat=12"},"img":{"alt_text":"","src":"https:\/\/i0.wp.com\/www.freidenker.org\/fw17\/wp-content\/uploads\/2025\/11\/Panzer_mit_Z_007_800x450.jpg?fit=800%2C450&ssl=1&resize=350%2C200","width":350,"height":200,"srcset":"https:\/\/i0.wp.com\/www.freidenker.org\/fw17\/wp-content\/uploads\/2025\/11\/Panzer_mit_Z_007_800x450.jpg?fit=800%2C450&ssl=1&resize=350%2C200 1x, https:\/\/i0.wp.com\/www.freidenker.org\/fw17\/wp-content\/uploads\/2025\/11\/Panzer_mit_Z_007_800x450.jpg?fit=800%2C450&ssl=1&resize=525%2C300 1.5x, https:\/\/i0.wp.com\/www.freidenker.org\/fw17\/wp-content\/uploads\/2025\/11\/Panzer_mit_Z_007_800x450.jpg?fit=800%2C450&ssl=1&resize=700%2C400 2x"},"classes":[]},{"id":11768,"url":"https:\/\/www.freidenker.org\/?p=11768","url_meta":{"origin":14531,"position":2},"title":"Die Eskalationsspirale der letzten vier Tage","author":"Webredaktion","date":"5. Dezember 2021","format":false,"excerpt":"Beitrag von Anti-Spiegel (d.i. Thomas R\u00f6per) Die Nato provoziert Russland immer offensiver und st\u00e4rker. Hier finden Sie eine Zusammenfassung der Ereignisse vom 30. November bis zum 3. Dezember 2021. ... Am 30. November gab es eine neue Drohung in Richtung Russland. Auf einem Treffen der Nato-Au\u00dfenminister in Riga wurde Russland\u2026","rel":"","context":"In &quot;Frieden - Antifaschismus - Solidarit\u00e4t&quot;","block_context":{"text":"Frieden - Antifaschismus - Solidarit\u00e4t","link":"https:\/\/www.freidenker.org\/?cat=13"},"img":{"alt_text":"","src":"https:\/\/i0.wp.com\/www.freidenker.org\/fw17\/wp-content\/uploads\/2021\/12\/nato-terror_von_qpress.de_800x450_v2.jpg?fit=800%2C450&ssl=1&resize=350%2C200","width":350,"height":200,"srcset":"https:\/\/i0.wp.com\/www.freidenker.org\/fw17\/wp-content\/uploads\/2021\/12\/nato-terror_von_qpress.de_800x450_v2.jpg?fit=800%2C450&ssl=1&resize=350%2C200 1x, https:\/\/i0.wp.com\/www.freidenker.org\/fw17\/wp-content\/uploads\/2021\/12\/nato-terror_von_qpress.de_800x450_v2.jpg?fit=800%2C450&ssl=1&resize=525%2C300 1.5x, https:\/\/i0.wp.com\/www.freidenker.org\/fw17\/wp-content\/uploads\/2021\/12\/nato-terror_von_qpress.de_800x450_v2.jpg?fit=800%2C450&ssl=1&resize=700%2C400 2x"},"classes":[]},{"id":15380,"url":"https:\/\/www.freidenker.org\/?p=15380","url_meta":{"origin":14531,"position":3},"title":"Friedensmanifeste und die Kriegspropaganda des Westens","author":"Webredaktion","date":"24. Februar 2023","format":false,"excerpt":"Beitrag von Rainer Rupp Was haben Kriegspropaganda und Narrativ gemeinsam? Wie viel Ukraine-Narrativ steckt im Manifest f\u00fcr den Frieden von Alice Schwarzer und Sahra Wagenknecht? Eine falsche Diagnose kann verheerende Folgen haben. Am Ende k\u00f6nnte sich Schwarzers und Wagenknechts Manifest sogar als hilfreich f\u00fcr die Kriegstreiber erweisen. ... Heute wird\u2026","rel":"","context":"In &quot;Frieden - Antifaschismus - Solidarit\u00e4t&quot;","block_context":{"text":"Frieden - Antifaschismus - Solidarit\u00e4t","link":"https:\/\/www.freidenker.org\/?cat=13"},"img":{"alt_text":"","src":"https:\/\/i0.wp.com\/www.freidenker.org\/fw17\/wp-content\/uploads\/2023\/02\/NATO_Plakat_800x450.jpg?fit=800%2C450&ssl=1&resize=350%2C200","width":350,"height":200,"srcset":"https:\/\/i0.wp.com\/www.freidenker.org\/fw17\/wp-content\/uploads\/2023\/02\/NATO_Plakat_800x450.jpg?fit=800%2C450&ssl=1&resize=350%2C200 1x, https:\/\/i0.wp.com\/www.freidenker.org\/fw17\/wp-content\/uploads\/2023\/02\/NATO_Plakat_800x450.jpg?fit=800%2C450&ssl=1&resize=525%2C300 1.5x, https:\/\/i0.wp.com\/www.freidenker.org\/fw17\/wp-content\/uploads\/2023\/02\/NATO_Plakat_800x450.jpg?fit=800%2C450&ssl=1&resize=700%2C400 2x"},"classes":[]},{"id":17604,"url":"https:\/\/www.freidenker.org\/?p=17604","url_meta":{"origin":14531,"position":4},"title":"Baerbocks Au\u00dfenpolitik \u2013 Aggressiver als die der USA","author":"Webredaktion","date":"5. Dezember 2023","format":false,"excerpt":"Beitrag von Gert Ewen Ungar Die deutsche Au\u00dfenministerin hatte in dieser Woche gleich zwei relevante Treffen zu absolvieren. Zu Beginn der Woche trafen sich die Au\u00dfenminister der NATO-Staaten in Br\u00fcssel. Am Donnerstag und Freitag trifft sich der Ministerrat der OSZE in Skopje, der Hauptstadt Nordmazedoniens. Aussagen der deutschen Au\u00dfenministerin auf\u2026","rel":"","context":"In &quot;Demokratie \u2013 Medien \u2013 Aufkl\u00e4rung&quot;","block_context":{"text":"Demokratie \u2013 Medien \u2013 Aufkl\u00e4rung","link":"https:\/\/www.freidenker.org\/?cat=12"},"img":{"alt_text":"","src":"https:\/\/i0.wp.com\/www.freidenker.org\/fw17\/wp-content\/uploads\/2023\/12\/Blinken_Baerbock_Tokyo_2023_800x450.jpg?fit=800%2C450&ssl=1&resize=350%2C200","width":350,"height":200,"srcset":"https:\/\/i0.wp.com\/www.freidenker.org\/fw17\/wp-content\/uploads\/2023\/12\/Blinken_Baerbock_Tokyo_2023_800x450.jpg?fit=800%2C450&ssl=1&resize=350%2C200 1x, https:\/\/i0.wp.com\/www.freidenker.org\/fw17\/wp-content\/uploads\/2023\/12\/Blinken_Baerbock_Tokyo_2023_800x450.jpg?fit=800%2C450&ssl=1&resize=525%2C300 1.5x, https:\/\/i0.wp.com\/www.freidenker.org\/fw17\/wp-content\/uploads\/2023\/12\/Blinken_Baerbock_Tokyo_2023_800x450.jpg?fit=800%2C450&ssl=1&resize=700%2C400 2x"},"classes":[]},{"id":14742,"url":"https:\/\/www.freidenker.org\/?p=14742","url_meta":{"origin":14531,"position":5},"title":"Wer ist der Aggressor?","author":"Webredaktion","date":"22. November 2022","format":false,"excerpt":"Beitrag von George und Doris Pumphrey Es gibt genug Informationen und Analysen \u00fcber die Osterweiterung der NATO bis an die russischen Grenzen und \u00fcber das Bestreben der USA, ein Wiedererstarken Russlands nach dem Ende der Sowjetunion zu verhindern, um die Aufrechterhaltung der globalen US\/NATO-Hegemonie zu sichern. ... Die dem Pentagon\u2026","rel":"","context":"In &quot;Frieden - Antifaschismus - Solidarit\u00e4t&quot;","block_context":{"text":"Frieden - Antifaschismus - Solidarit\u00e4t","link":"https:\/\/www.freidenker.org\/?cat=13"},"img":{"alt_text":"","src":"https:\/\/i0.wp.com\/www.freidenker.org\/fw17\/wp-content\/uploads\/2022\/11\/nato-7222492_800x450.jpg?fit=800%2C450&ssl=1&resize=350%2C200","width":350,"height":200,"srcset":"https:\/\/i0.wp.com\/www.freidenker.org\/fw17\/wp-content\/uploads\/2022\/11\/nato-7222492_800x450.jpg?fit=800%2C450&ssl=1&resize=350%2C200 1x, https:\/\/i0.wp.com\/www.freidenker.org\/fw17\/wp-content\/uploads\/2022\/11\/nato-7222492_800x450.jpg?fit=800%2C450&ssl=1&resize=525%2C300 1.5x, https:\/\/i0.wp.com\/www.freidenker.org\/fw17\/wp-content\/uploads\/2022\/11\/nato-7222492_800x450.jpg?fit=800%2C450&ssl=1&resize=700%2C400 2x"},"classes":[]}],"_links":{"self":[{"href":"https:\/\/www.freidenker.org\/index.php?rest_route=\/wp\/v2\/posts\/14531","targetHints":{"allow":["GET"]}}],"collection":[{"href":"https:\/\/www.freidenker.org\/index.php?rest_route=\/wp\/v2\/posts"}],"about":[{"href":"https:\/\/www.freidenker.org\/index.php?rest_route=\/wp\/v2\/types\/post"}],"author":[{"embeddable":true,"href":"https:\/\/www.freidenker.org\/index.php?rest_route=\/wp\/v2\/users\/3"}],"replies":[{"embeddable":true,"href":"https:\/\/www.freidenker.org\/index.php?rest_route=%2Fwp%2Fv2%2Fcomments&post=14531"}],"version-history":[{"count":0,"href":"https:\/\/www.freidenker.org\/index.php?rest_route=\/wp\/v2\/posts\/14531\/revisions"}],"wp:featuredmedia":[{"embeddable":true,"href":"https:\/\/www.freidenker.org\/index.php?rest_route=\/wp\/v2\/media\/14532"}],"wp:attachment":[{"href":"https:\/\/www.freidenker.org\/index.php?rest_route=%2Fwp%2Fv2%2Fmedia&parent=14531"}],"wp:term":[{"taxonomy":"category","embeddable":true,"href":"https:\/\/www.freidenker.org\/index.php?rest_route=%2Fwp%2Fv2%2Fcategories&post=14531"},{"taxonomy":"post_tag","embeddable":true,"href":"https:\/\/www.freidenker.org\/index.php?rest_route=%2Fwp%2Fv2%2Ftags&post=14531"}],"curies":[{"name":"wp","href":"https:\/\/api.w.org\/{rel}","templated":true}]}}