{"id":14507,"date":"2022-10-24T02:59:27","date_gmt":"2022-10-24T00:59:27","guid":{"rendered":"https:\/\/www.freidenker.org\/?p=14507"},"modified":"2022-11-05T12:58:26","modified_gmt":"2022-11-05T11:58:26","slug":"verloren-zwischen-lechts-und-rinks-bodo-der-wirre-besatzer","status":"publish","type":"post","link":"https:\/\/www.freidenker.org\/?p=14507","title":{"rendered":"Verloren zwischen lechts und rinks: Bodo, der wirre Besatzer"},"content":{"rendered":"<p><strong>Vor einer &#8222;\u00f6ffentlich sichtbaren faschistischen Bewegung&#8220; warnt der Th\u00fcringer Ministerpr\u00e4sident und meint damit jene, die nicht nur gegen die Folgen, sondern auch gegen die Sanktionspolitik selbst demonstrieren. Sein &#8222;links&#8220; hei\u00dft NATO. <\/strong><\/p>\n<p><em>Von <strong>Dagmar Henn<\/strong><\/em><\/p>\n<p>Erstver\u00f6ffentlichung am 18.10.2022 auf <a href=\"https:\/\/pressefreiheit.rtde.live\/meinung\/151516-bodo-besatzer-und-lechts-und\/\" target=\"_blank\" rel=\"noopener\">RT DE<\/a><\/p>\n<p>Der Herbst beginnt, und die Warnungen vor dem Demonstrieren werden noch ein St\u00fcck lauter. Schlie\u00dflich vergn\u00fcgen sich einige bereits in B\u00fcror\u00e4umen mit 19 Grad Raumtemperatur, oder verbringen ihre Tage in unterk\u00fchlten Wohnungen. Da k\u00f6nnte die Versuchung steigen, sich gegen die Regierung zu wenden und Missfallen kundzutun.<\/p>\n<p>Die <em>Zeit<\/em> hat gleich vier Personen beauftragt, Warnungen vor dem Protestieren zu<a href=\"https:\/\/www.zeit.de\/2022\/42\/ostdeutschland-proteste-energiepolitik-energiepreise\" target=\"_blank\" rel=\"noopener noreferrer\"> verfassen<\/a>, und einer davon war Bodo Ramelow, seines Zeichens der einzige Besatzungsministerpr\u00e4sident mit Linksparteibuch. Was durchaus symptomatisch ist; der eine Ministerpr\u00e4sident, der von der Partei gestellt wird, die einmal als die Stimme der Angeschlossenen galt, ist selbst ein westdeutscher Gewerkschaftsb\u00fcrokrat.<\/p>\n<p>Er war Gewerkschaftssekret\u00e4r der Gewerkschaft Handel, Banken und Versicherungen (HBV), die in Verdi aufging, kam dann 1990 nach Th\u00fcringen und wurde Landesvorsitzender dieser Gewerkschaft. 1999 trat er in die PDS ein; als aus dieser und der WASG dann die Linke entstand, traf er auf viele Kollegen. Er ist die Gewerkschaftsversion all der Manager und Beamten, die damals &#8222;in den Osten&#8220; geschickt wurden, um dort die F\u00fchrungspositionen zu \u00fcbernehmen und alles auf Westlinie zu bringen.<\/p>\n<p>Und er kann sein Fremdeln nicht verleugnen. &#8222;Die Situation ist sehr gef\u00e4hrlich,&#8220; betont er, &#8222;es entsteht eine neue Pegida.&#8220; Nein, mehr noch. &#8222;Die gezielten Aktivit\u00e4ten der Freien Sachsen und Freien Th\u00fcringer im Schulterschluss mit der AfD von Herrn H\u00f6cke f\u00fchren praktisch zur Bildung einer neuen \u00f6ffentlich sichtbaren faschistischen Bewegung.&#8220;<\/p>\n<p>Man sieht schon, wie der brave westdeutsche Gymnasiallehrer, ukrainesolidarisch frierbereit, ins Mark erschrickt. Es war ja schon die ganze Zeit die Rede von den &#8222;Rechten&#8220;, die da protestieren w\u00fcrden, aber das jetzt, das ist noch weit schlimmer. Eine faschistische Bewegung \u2026<\/p>\n<blockquote><p>Alt wie das Gebirge, doch<br \/>\nUnternehmend immer noch.<br \/>\nF\u00e4hrt die Dummheit mit im Zug,<br \/>\nl\u00e4sst kein Auge vom Betrug.<\/p><\/blockquote>\n<p>Man m\u00f6chte ihm zuschreien, aber ihr macht euch doch gerade selbst gemein mit wirklichen, blutbesudelten, nach Mord und Verwesung riechenden Faschisten, schickt ihnen Waffen und dreht den Menschen in Deutschland die Heizung ab, um ihnen zur Seite zu stehen. Aber das w\u00e4re nutzlos. Bodo, der Besatzer, teilt nicht nur den ganzen westdeutschen D\u00fcnkel gegen\u00fcber den Einwohnern des Anschlussgebietes; er ist ein gut dressierter Sozialdemokrat, der genau wei\u00df, wo das Gehege der erlaubten Opposition endet, und der sich willig mit den zwei Zentimetern bescheidet, die noch zugestanden werden.<\/p>\n<p>Ist er dumm genug, das nicht zu erkennen, was aus der Ukraine her\u00fcbergeschwappt kommt? Dumm genug, nicht zu wissen, dass der wahre Motor von Pegida die koloniale Macht war, die die Westrepublik immer noch aus\u00fcbt, deren Verk\u00f6rperung er selbst ist? Wei\u00df er nicht mehr, mit wem man sich gemein macht, wenn man sich an den Rockzipfel der Vereinigten Staaten h\u00e4ngt?<\/p>\n<p>Es war der eigenartigste Dreh damals, nach dem Anschluss, den Menschen im Westen einzureden, die im Osten seien rechts oder h\u00e4tten zumindest eine starke Neigung dazu. Dabei war es doch die BRD, die mit all den alten Nazis aufgebaut wurde, und selbst die ganzen Neonazistrukturen, die es in den 1990ern dort gab, wurden mit viel Geld und staatlich beauftragten Kr\u00e4ften aufgebaut. Was genau deshalb geschah, um die dortigen Traditionen zu exorzieren und gleichzeitig die West-Linke noch weiter von ihren Urspr\u00fcngen zu entfernen.<\/p>\n<p>Die Art, wie der Westen den Osten \u00fcbernahm, ausweidete und dann als Gerippe liegen lie\u00df, ist immer noch ein nicht benanntes Verbrechen, und manchmal schwappt der Zorn dar\u00fcber nach oben. Allerdings darf man das nicht Besetzung nennen, sondern muss tun, als w\u00e4re es eine Vereinigung gewesen, weshalb sich dieser Zorn nicht gegen die eigentlichen Besatzer richtet. Ramelow w\u00e4re einer, der das aussprechen k\u00f6nnte. Der die Wut hinter Pegida wieder in die richtigen Bahnen h\u00e4tte lenken k\u00f6nnen. Aber er hat es nicht getan, und tut es auch heute nicht. Er handelt nach wie vor als Vertreter der westlichen Republik.<\/p>\n<p>Es ist eine Kunst, die beim Aufstieg in der Gewerkschaftsb\u00fcrokratie fr\u00fch gelernt wird, nur das Genehmigte zu denken, die F\u00e4higkeit zur Erkenntnis st\u00e4hlern einzuhegen, sodass das, was \u00fcbrig bleibt, zwar aussieht wie ein Baum, aber doch nur ein Bonsai ist.<\/p>\n<blockquote><p>H\u00e4ngend \u00fcberm Wagenbord<br \/>\nMit dem Arm f\u00e4hrt vor der Mord.<br \/>\nWohlig r\u00e4kelt sich das Vieh,<br \/>\nSingt: Sweet dream of liberty.<\/p><\/blockquote>\n<p>&#8222;Ich habe Verst\u00e4ndnis f\u00fcr viele Sorgen&#8220;, raunt der Herr auf seinem Sitz, &#8222;ich teile die Sorgen sogar.&#8220; Und gibt dann vor, mit wem man demonstrieren darf \u2013 mit der Linken und mit den Gewerkschaften. Anders gesagt, mit all jenen, die nicht von den Sanktionen sprechen, nicht vom Verrat, nicht davon, dass hier eine Regierung der Feind ihres eigenen Volkes ist.<\/p>\n<p>Es geht &#8222;jetzt um Psychologie&#8220;, meint Bodo, &#8222;um Vertrauen in unser politisches System, das wir nicht verspielen d\u00fcrfen&#8220;. Man sieht den braven Gymnasiallehrer bed\u00e4chtig nicken. Und sicher, Bodo hat allen Grund, von &#8222;unserem&#8220;, von seinem politischen System zu reden.<\/p>\n<p>Aber es ist keine Frage der Psychologie. Keine der Moral, sondern eine des Fressens, das bekanntlich zuerst kommt. Und es ist ein Segen, dass wenigstens in einem Teil dieser Republik noch Menschen leben, die sich nicht einlullen lassen, von &#8222;das m\u00fcsse so sein, weil man der Ukraine gegen die b\u00f6sen Russen helfen m\u00fcsse&#8220;.<\/p>\n<p>&#8222;Wir brauchen verl\u00e4ssliche Hilfe, die ganz schnell ankommt beim Einzelnen.&#8220; Das ist so weit ab vom Schuss, so weit von den wirklichen Problemen, deren Berg von Tag zu Tag weiter anw\u00e4chst, dass man schon fast versucht ist, Mitleid zu empfinden. F\u00fcr diejenigen, die einen Waldbrand mit einem Wasserglas l\u00f6schen wollen. Wenn da nicht diese Verachtung w\u00e4re, die aus jeder Zeile tropft.<\/p>\n<blockquote><p>Zittrig noch vom gestrigen Schock<br \/>\nF\u00e4hrt der Raub dann auf im Rock.<br \/>\nEines Junkers Feldmarschall<br \/>\nAuf dem Scho\u00df einen Erdball.<\/p><\/blockquote>\n<p>Es gibt einen weiteren Autor, den die Zeit bem\u00fcht hat, der erkennen l\u00e4sst, was ganz unten, als unterste Schicht mitschwingt, bei der Verachtung f\u00fcr die &#8222;Ostdeutschen&#8220;, die immer noch h\u00e4lt, selbst wenn man sich klaglos vom gro\u00dfen Bruder die Pipeline wegbomben l\u00e4sst. &#8222;M\u00fcsste die Haltung der Ostdeutschen nach 40 Jahren sowjetischer Fremdherrschaft nicht weitaus russlandkritischer ausfallen als die der Westdeutschen?&#8220; Nat\u00fcrlich ist diese Frage absurd, gerade heute; niemand ist jemals tiefer gekrochen als die gegenw\u00e4rtige Bundesregierung. In Wirklichkeit ist das die Sprache des Haussklaven. Mein Herrchen ist wenigstens der gr\u00f6\u00dfte R\u00e4uber.<\/p>\n<p>Der Wunsch nach einem friedlichen Zusammenleben der V\u00f6lker ist schon so weit in den Hintergrund geschoben worden, dass es tats\u00e4chlich m\u00f6glich ist, es Menschen zum Vorwurf zu machen, wenn sie ein normales Verh\u00e4ltnis zu Russland und seinen Menschen w\u00fcnschen. Schlimmer noch, die Bilder, die genutzt werden, um gegen Russland zu mobilisieren, sind die altvertrauten, und jenen, die es in den Jahrzehnten dazwischen geschafft haben, die Nazipropaganda wirklich hinter sich zu lassen, wird das vorgehalten wie ein Verbrechen. Dabei ist es tats\u00e4chlich die Blindheit gegen\u00fcber dem wirklichen Charakter der Macht in den Vereinigten Staaten, die das Land in ganz reales Elend st\u00fcrzt.<\/p>\n<p>Wenn man die Augen nur fest genug schlie\u00dft, kann man so tun, als w\u00e4re da nichts. Als ginge es wirklich nur darum, ein bisschen Geld zu verteilen, um ein paar kleine H\u00e4rten wegen h\u00f6herer Gasrechnungen abzufangen. Als ginge es nicht l\u00e4ngst um die \u00f6konomische Existenzgrundlage, als f\u00e4nde da nicht gerade ein v\u00f6lliger Zusammenbruch statt, gerade noch hinausgez\u00f6gert von der Einbildung, der Westen k\u00f6nne seine Vormacht noch einmal retten, und sei es nuklear. Als h\u00e4tten die abscheulichen Truppen, die man in der Ukraine st\u00fctzt, nicht belegt, dass sich die Herrschenden mit dem Teufel selbst einlie\u00dfen, dass nichts zu widerlich, nichts zu riskant ist.<\/p>\n<p>Funktion\u00e4re bundesdeutscher Gewerkschaften, wie Ramelow einer war, haben eine zentrale Funktion: n\u00e4mlich daf\u00fcr zu sorgen, dass die Besch\u00e4ftigten bescheiden mehr Brot fordern, aber nicht an Land und Frieden denken. Es ist sein Elend, dass es \u00fcber kurz oder lang schon f\u00fcr das Brot den Frieden braucht.<\/p>\n<blockquote><p>Und ein Wind aus den Ruinen<br \/>\nSingt die Totenmesse ihnen<br \/>\ndie dereinst gesessen hatten<br \/>\nHier in H\u00e4usern. Gro\u00dfe Ratten<\/p>\n<p>Schl\u00fcpfen aus gest\u00fcrzten Gassen<br \/>\nFolgend diesem Zug in Massen.<br \/>\nHoch die Freiheit, piepsen sie,<br \/>\nFreiheit und Democracy!<\/p><\/blockquote>\n<p>Brecht schrieb das Gedicht, aus dem ich zitiere, 1947. Damals war schon in Ans\u00e4tzen zu erkennen, dass die Westm\u00e4chte, voran die USA, die Nazieliten retten und wieder an die Macht bringen wollten. &#8222;Freiheit und Democracy&#8220; ist die Losung, unter der sich im Verlauf dieses Gedichtes ein Teil dieser Eliten nach dem anderen der US-Vormacht unterwirft. Und jetzt? Ist es, als w\u00fcrde sich dieser Prozess umkehren; oben dr\u00fcber h\u00e4ngt immer noch das Schild, &#8222;Freiheit und Democracy&#8220;, aber darunter sch\u00e4len sich wieder die schwarzen Uniformen aus den Gesch\u00e4ftsanz\u00fcgen, und die Lautsprecherwagen der Love Parade verwandeln sich in Panzer.<\/p>\n<p>Es ist der wahre Kern der westlichen Republik, der sich mit den ukrainischen Faschisten verbr\u00fcdert, der sich freudig einen Feind im Osten servieren l\u00e4sst. Bodo, der Besatzer, leidet unter dem tiefen Misstrauen, das jeder Kolonialherr den Kolonisierten entgegenbringt; er sieht die Faschisten auf der falschen Seite der Gleichung. Ob er nun, treu der alten BRD und ihren Herren verbunden, die Falle aufstellt oder selbst in sie tappt, das Ergebnis ist das Gleiche, eine Wiederholung der Inszenierung der 1990er, nur in einer viel kritischeren Lage. Damals wurde auf kleine H\u00e4ufchen junger M\u00e4nner mit Bomberjacken gewiesen, die zur Bedrohung stilisiert wurden, w\u00e4hrend ehemalige SS-Offiziere die Universit\u00e4ten im Osten von Kommunisten s\u00e4uberten. Heute m\u00fcht sich eine gr\u00fcnbraune Truppe, in Nibelungentreue zum st\u00fcrzenden Hegemon, den Krieg in der Ukraine zu befeuern und Deutschland zugrunde zu richten. Und Ramelow gibt ihren willigen B\u00fcttel und denunziert alles, was sich noch zu wehren wagt.<\/p>\n<p style=\"text-align: right;\"><em>Dagmar Henn ist Mitglied des Deutschen Freidenker-Verbandes<\/em><\/p>\n<hr \/>\n<p><span style=\"font-size: 10pt;\">Bild: Bodo Ramelow auf dem Parteitag der Linkspartei in Erfurt, Juni 2022<\/span><br \/>\n<span style=\"font-size: 10pt;\">Foto: Martin Heinlein \/ DIE LINKE , <a href=\"https:\/\/creativecommons.org\/licenses\/by\/2.0\" target=\"_blank\" rel=\"noopener\">CC BY 2.0<\/a><\/span><br \/>\n<span style=\"font-size: 10pt;\">Quelle: <a href=\"https:\/\/commons.wikimedia.org\/w\/index.php?curid=119742212\" target=\"_blank\" rel=\"noopener\">https:\/\/commons.wikimedia.org\/w\/index.php?curid=119742212<\/a><\/span><\/p>\n","protected":false},"excerpt":{"rendered":"<p><b>Beitrag von Dagmar Henn<\/b><br \/>\nDer Herbst beginnt, und die Warnungen vor dem Demonstrieren werden noch ein St\u00fcck lauter. Schlie\u00dflich vergn\u00fcgen sich einige bereits in B\u00fcror\u00e4umen mit 19 Grad Raumtemperatur, oder verbringen ihre Tage in unterk\u00fchlten Wohnungen. Da k\u00f6nnte die Versuchung steigen, sich gegen die Regierung zu wenden und Missfallen kundzutun. Die <i>Zeit<\/i> hat gleich vier Personen beauftragt, Warnungen vor dem Protestieren zu verfassen, und einer davon war Bodo Ramelow, seines Zeichens der einzige Besatzungsministerpr\u00e4sident mit Linksparteibuch. Was durchaus symptomatisch ist; der eine Ministerpr\u00e4sident, der von der Partei gestellt wird, die einmal als die Stimme der Angeschlossenen galt, ist selbst ein westdeutscher Gewerkschaftsb\u00fcrokrat.<\/p>\n","protected":false},"author":3,"featured_media":14508,"comment_status":"closed","ping_status":"closed","sticky":false,"template":"","format":"standard","meta":{"colormag_page_container_layout":"default_layout","colormag_page_sidebar_layout":"default_layout","advanced_seo_description":"","jetpack_seo_html_title":"","jetpack_seo_noindex":false,"jetpack_post_was_ever_published":false,"footnotes":""},"categories":[12],"tags":[162,452,159,335,358,1091,917,783,639],"class_list":["post-14507","post","type-post","status-publish","format-standard","has-post-thumbnail","hentry","category-demokratie-medien-aufklaerung","tag-demokratie","tag-deutschland","tag-freiheit","tag-frieden","tag-gewerkschaft","tag-links-rechts","tag-linkspartei","tag-neofaschismus","tag-ukraine-konflikt"],"jetpack_featured_media_url":"https:\/\/i0.wp.com\/www.freidenker.org\/fw17\/wp-content\/uploads\/2022\/10\/Ramelow-Erfurter_Parteitag_Juni_2022_800x450.jpg?fit=800%2C450&ssl=1","jetpack_shortlink":"https:\/\/wp.me\/p9stpK-3LZ","jetpack-related-posts":[{"id":6328,"url":"https:\/\/www.freidenker.org\/?p=6328","url_meta":{"origin":14507,"position":0},"title":"Wir schlagen Schaum, wir seifen ein &#8230;","author":"Webredaktion","date":"8. Mai 2019","format":false,"excerpt":"Flyer des Deutschen-Freidenker-Verbandes anl\u00e4sslich der \"Europawahlen\" Die EU steht nicht f\u00fcr Frieden. Sie verbr\u00fcdert sich mit Faschisten in der Ukraine, versch\u00e4rft st\u00e4ndig ihre Sanktionen und droht mit Krieg gegen Russland, setzt Nicaragua unter Druck und unterst\u00fctzt den Putsch in Venezuela, sie verst\u00e4rkt ihre Kooperation mit der NATO. Die EU ist\u2026","rel":"","context":"In &quot;Demokratie \u2013 Medien \u2013 Aufkl\u00e4rung&quot;","block_context":{"text":"Demokratie \u2013 Medien \u2013 Aufkl\u00e4rung","link":"https:\/\/www.freidenker.org\/?cat=12"},"img":{"alt_text":"","src":"https:\/\/i0.wp.com\/www.freidenker.org\/fw17\/wp-content\/uploads\/2019\/05\/EU-Wahl_EuT_800x445.jpg?fit=800%2C445&ssl=1&resize=350%2C200","width":350,"height":200,"srcset":"https:\/\/i0.wp.com\/www.freidenker.org\/fw17\/wp-content\/uploads\/2019\/05\/EU-Wahl_EuT_800x445.jpg?fit=800%2C445&ssl=1&resize=350%2C200 1x, https:\/\/i0.wp.com\/www.freidenker.org\/fw17\/wp-content\/uploads\/2019\/05\/EU-Wahl_EuT_800x445.jpg?fit=800%2C445&ssl=1&resize=525%2C300 1.5x, https:\/\/i0.wp.com\/www.freidenker.org\/fw17\/wp-content\/uploads\/2019\/05\/EU-Wahl_EuT_800x445.jpg?fit=800%2C445&ssl=1&resize=700%2C400 2x"},"classes":[]},{"id":14396,"url":"https:\/\/www.freidenker.org\/?p=14396","url_meta":{"origin":14507,"position":1},"title":"Linkspartei: Die Stunde der Denunzianten","author":"Webredaktion","date":"10. Oktober 2022","format":false,"excerpt":"Beitrag von Dagmar Henn Die Linke arbeitet immer konsequenter daran, sich als pro-NATO-Partei zu etablieren. Das zeigt sich nicht nur an der bekannten \u00f6ffentlichen Auseinandersetzung, die gegen Sahra Wagenknecht gef\u00fchrt wird, obwohl diese immer brav die Formel vom \"russischen Angriffskrieg\" im Mund f\u00fchrt. Angriffe gegen alle Teile der Friedensbewegung sowie\u2026","rel":"","context":"In &quot;Demokratie \u2013 Medien \u2013 Aufkl\u00e4rung&quot;","block_context":{"text":"Demokratie \u2013 Medien \u2013 Aufkl\u00e4rung","link":"https:\/\/www.freidenker.org\/?cat=12"},"img":{"alt_text":"","src":"https:\/\/i0.wp.com\/www.freidenker.org\/fw17\/wp-content\/uploads\/2022\/10\/Bartsch_Die_Linke_1DX_1120_by_Stepro_800x450.jpg?fit=800%2C450&ssl=1&resize=350%2C200","width":350,"height":200,"srcset":"https:\/\/i0.wp.com\/www.freidenker.org\/fw17\/wp-content\/uploads\/2022\/10\/Bartsch_Die_Linke_1DX_1120_by_Stepro_800x450.jpg?fit=800%2C450&ssl=1&resize=350%2C200 1x, https:\/\/i0.wp.com\/www.freidenker.org\/fw17\/wp-content\/uploads\/2022\/10\/Bartsch_Die_Linke_1DX_1120_by_Stepro_800x450.jpg?fit=800%2C450&ssl=1&resize=525%2C300 1.5x, https:\/\/i0.wp.com\/www.freidenker.org\/fw17\/wp-content\/uploads\/2022\/10\/Bartsch_Die_Linke_1DX_1120_by_Stepro_800x450.jpg?fit=800%2C450&ssl=1&resize=700%2C400 2x"},"classes":[]},{"id":18021,"url":"https:\/\/www.freidenker.org\/?p=18021","url_meta":{"origin":14507,"position":2},"title":"Komisches Deutschland: Rechte Demonstrationen &#8222;gegen rechts&#8220;","author":"Webredaktion","date":"27. Januar 2024","format":false,"excerpt":"Beitrag von Gert Ewen Ungar Wenn man wissen m\u00f6chte, wes Geistes Kind die Bundesregierung und die deutsche Gesellschaft als Ganzes sind, empfiehlt sich ein Blick darauf, wie Deutschland aus dem Ausland wahrgenommen wird. Dieser Blick von au\u00dfen l\u00e4sst sich aktuell recht knackig zusammenfassen. Deutschland unterst\u00fctzt den V\u00f6lkermord Israels an den\u2026","rel":"","context":"In &quot;Demokratie \u2013 Medien \u2013 Aufkl\u00e4rung&quot;","block_context":{"text":"Demokratie \u2013 Medien \u2013 Aufkl\u00e4rung","link":"https:\/\/www.freidenker.org\/?cat=12"},"img":{"alt_text":"","src":"https:\/\/i0.wp.com\/www.freidenker.org\/fw17\/wp-content\/uploads\/2024\/01\/Demokratie_verteidigen_Berlin_2023-01-21_16_800x450.jpg?fit=800%2C450&ssl=1&resize=350%2C200","width":350,"height":200,"srcset":"https:\/\/i0.wp.com\/www.freidenker.org\/fw17\/wp-content\/uploads\/2024\/01\/Demokratie_verteidigen_Berlin_2023-01-21_16_800x450.jpg?fit=800%2C450&ssl=1&resize=350%2C200 1x, https:\/\/i0.wp.com\/www.freidenker.org\/fw17\/wp-content\/uploads\/2024\/01\/Demokratie_verteidigen_Berlin_2023-01-21_16_800x450.jpg?fit=800%2C450&ssl=1&resize=525%2C300 1.5x, https:\/\/i0.wp.com\/www.freidenker.org\/fw17\/wp-content\/uploads\/2024\/01\/Demokratie_verteidigen_Berlin_2023-01-21_16_800x450.jpg?fit=800%2C450&ssl=1&resize=700%2C400 2x"},"classes":[]},{"id":20946,"url":"https:\/\/www.freidenker.org\/?p=20946","url_meta":{"origin":14507,"position":3},"title":"Betreutes Demonstrieren","author":"Webredaktion","date":"10. Februar 2025","format":false,"excerpt":"Rechte Koalition f\u00fcr Demos gegen Rechts Beitrag von Uli Gellermann Es hat eine gewisse Komik: Die Demos gegen \u201eRechts\u201c finden in den Mehrheitsmedien und den Regierungskreis-Sprechern eine total positive Resonanz. Diese Einheitsfront kannte man zuletzt w\u00e4hrend des Corona-Regimes, die auch von einer \u00fcberw\u00e4ltigenden \u00f6ffentlichen Einheitsmeinung bestimmt war. Und diese Einheitsmeinung\u2026","rel":"","context":"In &quot;Demokratie \u2013 Medien \u2013 Aufkl\u00e4rung&quot;","block_context":{"text":"Demokratie \u2013 Medien \u2013 Aufkl\u00e4rung","link":"https:\/\/www.freidenker.org\/?cat=12"},"img":{"alt_text":"","src":"https:\/\/i0.wp.com\/www.freidenker.org\/fw17\/wp-content\/uploads\/2025\/02\/Demo_gegen_Rechts_Berlin_25.01.2025_04_800x450.jpg?fit=800%2C450&ssl=1&resize=350%2C200","width":350,"height":200,"srcset":"https:\/\/i0.wp.com\/www.freidenker.org\/fw17\/wp-content\/uploads\/2025\/02\/Demo_gegen_Rechts_Berlin_25.01.2025_04_800x450.jpg?fit=800%2C450&ssl=1&resize=350%2C200 1x, https:\/\/i0.wp.com\/www.freidenker.org\/fw17\/wp-content\/uploads\/2025\/02\/Demo_gegen_Rechts_Berlin_25.01.2025_04_800x450.jpg?fit=800%2C450&ssl=1&resize=525%2C300 1.5x, https:\/\/i0.wp.com\/www.freidenker.org\/fw17\/wp-content\/uploads\/2025\/02\/Demo_gegen_Rechts_Berlin_25.01.2025_04_800x450.jpg?fit=800%2C450&ssl=1&resize=700%2C400 2x"},"classes":[]},{"id":1311,"url":"https:\/\/www.freidenker.org\/?p=1311","url_meta":{"origin":14507,"position":4},"title":"Liebknecht Luxemburg-Demo 2018","author":"Webredaktion","date":"1. Januar 2018","format":false,"excerpt":"Aus dem Aufruf zur Teilnahme an der Demonstration im Rahmen der Liebknecht-Luxemburg-Ehrung am 14. Januar 2018: Vor 99 Jahren wurden Rosa Luxemburg, Karl Liebknecht und viele ihrer Weggef\u00e4hrten f\u00fcr ihre Standhaftigkeit gegen Ausbeutung und Krieg von der Reaktion ermordet. Demonstrieren wir - Linke verschiedener Str\u00f6mungen - in ihrem Geiste friedlich\u2026","rel":"","context":"In &quot;Zentrale Veranstaltungen&quot;","block_context":{"text":"Zentrale Veranstaltungen","link":"https:\/\/www.freidenker.org\/?cat=20"},"img":{"alt_text":"","src":"https:\/\/i0.wp.com\/www.freidenker.org\/fw17\/wp-content\/uploads\/2017\/10\/B-Friedrichsfelde_Zentralfriedhof_03-2015_img01_Gedenkstaette_800x445.jpg?fit=800%2C445&ssl=1&resize=350%2C200","width":350,"height":200,"srcset":"https:\/\/i0.wp.com\/www.freidenker.org\/fw17\/wp-content\/uploads\/2017\/10\/B-Friedrichsfelde_Zentralfriedhof_03-2015_img01_Gedenkstaette_800x445.jpg?fit=800%2C445&ssl=1&resize=350%2C200 1x, https:\/\/i0.wp.com\/www.freidenker.org\/fw17\/wp-content\/uploads\/2017\/10\/B-Friedrichsfelde_Zentralfriedhof_03-2015_img01_Gedenkstaette_800x445.jpg?fit=800%2C445&ssl=1&resize=525%2C300 1.5x, https:\/\/i0.wp.com\/www.freidenker.org\/fw17\/wp-content\/uploads\/2017\/10\/B-Friedrichsfelde_Zentralfriedhof_03-2015_img01_Gedenkstaette_800x445.jpg?fit=800%2C445&ssl=1&resize=700%2C400 2x"},"classes":[]},{"id":15176,"url":"https:\/\/www.freidenker.org\/?p=15176","url_meta":{"origin":14507,"position":5},"title":"VVN diffamiert Friedensdemonstranten","author":"Webredaktion","date":"6. Februar 2023","format":false,"excerpt":"Zusammengestellt von Klaus Hartmann Die Berliner VVN\/BdA ist auf die gl\u00e4nzende Idee gekommen, sich im Nachhinein von der Kundgebung der Friedenskoordination Berlin zu distanzieren, zu der diese am 27. Januar 2023 (\u201eHolocaust-Gedenktag\u201c) aufgerufen hat. Inhalt: Aus dem Aufruf der Friko Berlin \/ Antwort der VVN: Querfront f\u00fcr den Frieden? Ohne\u2026","rel":"","context":"In &quot;Frieden - Antifaschismus - Solidarit\u00e4t&quot;","block_context":{"text":"Frieden - Antifaschismus - Solidarit\u00e4t","link":"https:\/\/www.freidenker.org\/?cat=13"},"img":{"alt_text":"","src":"https:\/\/i0.wp.com\/www.freidenker.org\/fw17\/wp-content\/uploads\/2023\/02\/klartext_FrikoBerlin_52652636483_2023-01-27_800x450.jpg?fit=800%2C450&ssl=1&resize=350%2C200","width":350,"height":200,"srcset":"https:\/\/i0.wp.com\/www.freidenker.org\/fw17\/wp-content\/uploads\/2023\/02\/klartext_FrikoBerlin_52652636483_2023-01-27_800x450.jpg?fit=800%2C450&ssl=1&resize=350%2C200 1x, https:\/\/i0.wp.com\/www.freidenker.org\/fw17\/wp-content\/uploads\/2023\/02\/klartext_FrikoBerlin_52652636483_2023-01-27_800x450.jpg?fit=800%2C450&ssl=1&resize=525%2C300 1.5x, https:\/\/i0.wp.com\/www.freidenker.org\/fw17\/wp-content\/uploads\/2023\/02\/klartext_FrikoBerlin_52652636483_2023-01-27_800x450.jpg?fit=800%2C450&ssl=1&resize=700%2C400 2x"},"classes":[]}],"_links":{"self":[{"href":"https:\/\/www.freidenker.org\/index.php?rest_route=\/wp\/v2\/posts\/14507","targetHints":{"allow":["GET"]}}],"collection":[{"href":"https:\/\/www.freidenker.org\/index.php?rest_route=\/wp\/v2\/posts"}],"about":[{"href":"https:\/\/www.freidenker.org\/index.php?rest_route=\/wp\/v2\/types\/post"}],"author":[{"embeddable":true,"href":"https:\/\/www.freidenker.org\/index.php?rest_route=\/wp\/v2\/users\/3"}],"replies":[{"embeddable":true,"href":"https:\/\/www.freidenker.org\/index.php?rest_route=%2Fwp%2Fv2%2Fcomments&post=14507"}],"version-history":[{"count":0,"href":"https:\/\/www.freidenker.org\/index.php?rest_route=\/wp\/v2\/posts\/14507\/revisions"}],"wp:featuredmedia":[{"embeddable":true,"href":"https:\/\/www.freidenker.org\/index.php?rest_route=\/wp\/v2\/media\/14508"}],"wp:attachment":[{"href":"https:\/\/www.freidenker.org\/index.php?rest_route=%2Fwp%2Fv2%2Fmedia&parent=14507"}],"wp:term":[{"taxonomy":"category","embeddable":true,"href":"https:\/\/www.freidenker.org\/index.php?rest_route=%2Fwp%2Fv2%2Fcategories&post=14507"},{"taxonomy":"post_tag","embeddable":true,"href":"https:\/\/www.freidenker.org\/index.php?rest_route=%2Fwp%2Fv2%2Ftags&post=14507"}],"curies":[{"name":"wp","href":"https:\/\/api.w.org\/{rel}","templated":true}]}}