{"id":14503,"date":"2022-10-24T02:59:17","date_gmt":"2022-10-24T00:59:17","guid":{"rendered":"https:\/\/www.freidenker.org\/?p=14503"},"modified":"2022-11-05T13:00:18","modified_gmt":"2022-11-05T12:00:18","slug":"bild-vize-entdeckt-den-krieg","status":"publish","type":"post","link":"https:\/\/www.freidenker.org\/?p=14503","title":{"rendered":"Bild-Vize entdeckt den Krieg"},"content":{"rendered":"<p><a id=\"top\"><\/a>Dieser Beitrag enth\u00e4lt zwei Artikel von <em>Gert Ewen Ungar:<\/em><\/p>\n<ul>\n<li><a href=\"#a1\">Bild-Vize entdeckt den Krieg<\/a><\/li>\n<li class=\"HeadLine-root HeadLine-type_2 \"><a href=\"#a2\">Ein Russland-Bild fernab der Realit\u00e4t<\/a> \u2013 Politikberatung auf propagandistischem Niveau<\/li>\n<\/ul>\n<hr \/>\n<h4><a id=\"a1\"><\/a>Bild-Vize entdeckt den Krieg<\/h4>\n<p><strong>Bild-Vize Ronzheimer geht in Kiew in Deckung. Er m\u00f6chte live berichten. Dann schlagen Kamikaze-Drohnen ein. Die Bild schreibt von perfiden russischen Angriffen. Wichtiger ist, was Bild und Ronzheimer nicht berichten. Als Teil der deutschen Propaganda-Maschine d\u00fcrfen sie auch gar nicht. <\/strong><\/p>\n<p><em>von <strong>Gert Ewen Ungar<\/strong><\/em><\/p>\n<p><span style=\"font-size: 10pt;\">Erstver\u00f6ffentlichung am 18.10.2022 auf <a href=\"https:\/\/pressefreiheit.rtde.live\/meinung\/151907-bild-vize-entdeckt-krieg\/\" target=\"_blank\" rel=\"noopener\">RT DE<\/a><\/span><\/p>\n<p>Paul Ronzheimer berichtet f\u00fcr die <em>Bild<\/em> aus Kiew. Aktuell ver\u00f6ffentlichte er einen <a href=\"https:\/\/www.bild.de\/politik\/ausland\/politik-ausland\/kamikaze-drohnen-mitten-in-kiew-angriff-waehrend-live-schalte-von-bild-reporter-81643372.bild.html\" target=\"_blank\" rel=\"noopener noreferrer\">Videobeitrag<\/a>, in dem er seine Zuschauer Augenzeugen eines Drohnenangriffs auf die ukrainische Hauptstadt werden l\u00e4sst. Ronzheimer fl\u00fcchtet in eine Toreinfahrt und sucht dort Schutz. Als er zur\u00fcck auf die Stra\u00dfe will, schl\u00e4gt die n\u00e4chste Drohne ein. Ronzheimer gibt sich betroffen. Alltag in Kiew, Alltag f\u00fcr die Menschen in der Ukraine. F\u00fcr einige allerdings schon etwas l\u00e4nger als erst seit Februar 2022, vergisst Ronzheimer zu erw\u00e4hnen.<\/p>\n<p>Auch die Vorgeschichte, wie es zu den Drohnenangriffen kam, erz\u00e4hlt Ronzheimer nicht. Das darf er auch gar nicht, denn er arbeitet f\u00fcr ein deutsches Medium, das fest in die <a href=\"https:\/\/test.rtde.me\/inland\/151592-russland-narrativ-bundesregierung-bestatigt-mediale\/\" target=\"_blank\" rel=\"noopener noreferrer\">strategische Kommunikation der Bundesregierung<\/a> eingegliedert ist. Die <em>Bild<\/em> ist wie alle anderen gro\u00dfen deutschen Medien im Hinblick auf das Russland-Narrativ gleichgeschaltet. Ronzheimer macht Propaganda. Es fehlt daher jede Differenzierung, der Blick ist einseitig, seine Geschichten sind verk\u00fcrzt. Dennoch ist es ihm gelungen, ein eindrucksvolles Dokument des Krieges in der Ukraine einzufangen.<\/p>\n<p>Kiew und mit ihm viele andere St\u00e4dte in der Westukraine werden seit einigen Tagen bombardiert. Das Ziel ist offenkundig, die Energieinfrastruktur in der Ukraine dauerhaft unbrauchbar zu machen. Der Nachschub an Ausr\u00fcstung und Soldaten soll erschwert werden. Der Transport erfolgt bisher per Zug. Ohne Strom kein Krieg.<\/p>\n<p>Gleichzeitig ist das Bombardement die Antwort Russlands auf den Anschlag der Ukraine auf die Krim-Br\u00fccke. Dieser Anschlag war ein Terrorakt. Der Terrorakt eines Terrorstaates, dem auf dem Schlachtfeld die M\u00f6glichkeiten ausgehen. Also zieht er sich auf Guerilla- und Terrortaktiken zur\u00fcck. Mit Unterst\u00fctzung und unter Anleitung der NATO \u00fcbrigens. Die Ukraine hat keine Chance, diesen Krieg milit\u00e4risch f\u00fcr sich entscheiden zu k\u00f6nnen. Also bleibt Terror. Anschl\u00e4ge auf Einrichtungen, auf Personen, auf Infrastruktur. Das macht das Kiewer Regime im Donbass nicht beliebter, aber das spielt eh keine Rolle mehr. Es geht nur noch darum, m\u00f6glichst viel verbrannte Erde zu hinterlassen. Ronzheimer darf das nat\u00fcrlich nicht schreiben. Auch wenn es stimmt. Oder besser: Gerade weil es stimmt, darf er es nicht schreiben.<\/p>\n<p>Russland hat angek\u00fcndigt, f\u00fcr jeden weiteren Terrorakt weitere Infrastruktur zu zerst\u00f6ren. Wenn dieser Krieg zu Ende ist, wird von der Ukraine lediglich ein kaum \u00fcberlebensf\u00e4higer Rumpfstaat \u00fcbrig bleiben, der dauerhaft auf finanzielle Hilfe seiner westlichen Partner angewiesen ist, um \u00fcberhaupt existieren zu k\u00f6nnen. Ein zweites Kosovo eben. Die EU hat&#8217;s ja.<\/p>\n<p>Etwas anders sieht es in den in Russland eingegliederten Gebieten aus. Der Wiederaufbau in Mariupol l\u00e4uft auf Hochtouren. H\u00e4user werden gebaut, Kinderg\u00e4rten, Kliniken und Schulen. Dar\u00fcber darf Ronzheimer nat\u00fcrlich auch nicht schreiben. Wegen Narrativ und so.<\/p>\n<p>Schreiben darf er auch nicht, dass das, was er an diesem Tag erlebt hat, die Menschen in Donezk seit acht Jahren erleben. T\u00e4gliche Bombardements, inzwischen vor allem mit Waffen, die der Westen geliefert hat. Die von der Ukraine zur US-Wunderwaffe hochstilisierte HIMARS wird von der Ukraine gegen Zivilisten eingesetzt.<\/p>\n<p>Dass man sich von einem Land abspalten m\u00f6chte, das einen mit vom Westen gelieferten Waffen beschie\u00dft \u2013 vielleicht ist es Ronzheimer heute ein bisschen verst\u00e4ndlicher geworden. Schreiben darf er es eh nicht. Die Referenden bleiben f\u00fcr Ronzheimer und die <em>Bild<\/em> nat\u00fcrlich illegal.<\/p>\n<p>Apropos Zivilisten: Trotz all des Beschusses in den letzten Tagen sind die Meldungen \u00fcber zivile Opfer gering. Russland zerst\u00f6rt Infrastruktur, zu Beginn der Spezialoperation nur milit\u00e4rische, nach dem Terrorakt auf die Br\u00fccke von Kertsch\u00a0nun auch Infrastruktur, die der zivilen Versorgung dient. Anders sah das \u00fcbrigens bei den \u00dcberf\u00e4llen der USA auf den Irak, auf Afghanistan oder bei der Bombardierung von Belgrad aus. Der Westen ist da weniger zimperlich, was den Schutz der Zivilbev\u00f6lkerung angeht. Aber Ronzheimer darf das nat\u00fcrlich nicht schreiben. Er ist da vertraglich gebunden und in seinen \u00c4u\u00dferungen nicht frei. Auf die Russen darf er nat\u00fcrlich draufhauen, was das Zeug h\u00e4lt. Das soll er auch, denn die <em>Bild<\/em> ist gleichgeschaltet und Teil der medialen Heimatfront.<\/p>\n<p>Man h\u00e4tte \u00fcbrigens all das, was der <em>Bild<\/em>-Vize hier erlebt, auch verhindern k\u00f6nnen, wenn Deutschland seinen Verpflichtungen aus der Minsker Vereinbarung nachgekommen w\u00e4re und Kiew zur Umsetzung gedr\u00e4ngt h\u00e4tte. Dann g\u00e4be es jetzt eine f\u00f6derale Ukraine mit einem Donbass, der Teil des Territoriums der Ukraine w\u00e4re. Doch statt zur Umsetzung zu dr\u00e4ngen, hat man Zeit verstreichen lassen, die Ukraine mit Waffen vollgepumpt und den Krieg vorbereitet. An diesem Krieg tr\u00e4gt Deutschland n\u00e4mlich eine geh\u00f6rige Mitschuld. Als Journalist w\u00fcrde Ronzheimer dar\u00fcber schreiben. Er ist allerdings keiner, er darf es auch gar nicht.<\/p>\n<p style=\"text-align: right;\"><em>Gert-Ewen Ungar studierte Philosophie und Germanistik und arbeitet als P\u00e4dagoge in der Sozialpsychiatrie in Berlin<\/em><\/p>\n<p><a href=\"#top\"><span style=\"font-size: 10pt;\">\u2191 nach oben<\/span><\/a><\/p>\n<hr \/>\n<h4 class=\"HeadLine-root HeadLine-type_2 \"><a id=\"a2\"><\/a>Ein Russland-Bild fernab der Realit\u00e4t \u2013 Politikberatung auf propagandistischem Niveau<\/h4>\n<p><strong>In einem Beitrag, der zun\u00e4chst in der Neuen Z\u00fcrcher Zeitung erschien, zeichnet der deutsche Politologe Stefan Meister ein Russland-Bild, das den Fakten widerspricht. Das Problem: Als Mitarbeiter der DGAP ber\u00e4t er auf dieser Grundlage die deutsche Politik. Das muss schiefgehen.<\/strong><\/p>\n<p><em>Von <strong>Gert Ewen Ungar<\/strong><\/em><\/p>\n<p><span style=\"font-size: 10pt;\">Erstver\u00f6ffentlichung am 21.10.2022 auf <a href=\"https:\/\/pressefreiheit.rtde.live\/meinung\/152098-russland-bild-fernab-realitat-politikberatung\/\" target=\"_blank\" rel=\"noopener\">RT DE<\/a><\/span><\/p>\n<p>Die Deutsche Gesellschaft f\u00fcr Ausw\u00e4rtige Politik (DGAP) ist einer der einflussreichsten deutschen Think-Tanks. Sie ist streng transatlantisch ausgerichtet und beeinflusst die deutsche Au\u00dfenpolitik ma\u00dfgeblich. Insbesondere unter der gr\u00fcnen Au\u00dfenministerin Annalena Baerbock konnte der steuerfinanzierte Think-Tank seinen Einfluss auf die deutsche Au\u00dfenpolitik nochmals deutlich ausweiten. Baerbock, ohne eigene au\u00dfenpolitische Ideen und Akzentsetzungen, setzt die von der DGAP entwickelten Empfehlungen faktisch eins zu eins um. Das verst\u00e4rkt den Eindruck, dass die deutsche Au\u00dfenpolitik eigentlich in Washington gemacht wird, noch einmal.<\/p>\n<p>Dass ein Think-Tank die Politik beeinflusst, w\u00e4re im Grunde nicht weiter schlimm, wenn seine Forschung und Ausrichtung unabh\u00e4ngig und neutral w\u00e4re. Das behauptet die DGAP zwar von sich; wer sich aber einen \u00dcberblick \u00fcber die von der DGAP ver\u00f6ffentlichten Arbeiten verschafft, merkt schnell deren strikt transatlantische Ausrichtung. Dass die Arbeit der Gesellschaft keineswegs neutral ist, zeigte zuletzt\u00a0ein <a href=\"https:\/\/dgap.org\/de\/forschung\/publikationen\/das-ende-des-russischen-imperiums-im-postsowjetischen-raum\" target=\"_blank\" rel=\"noopener noreferrer\">Beitrag<\/a> von Stefan Meister zu Russland. Der Beitrag erschien zun\u00e4chst in der <em>Neuen Z\u00fcrcher Zeitung <\/em>underf\u00fcllt alle Kriterien der Desinformation. Ihn als Grundlage f\u00fcr eine au\u00dfenpolitische Positionierung heranzuziehen, muss zwangsl\u00e4ufig in die Irre f\u00fchren.<\/p>\n<p>Der Politologe Stefan Meister prognostiziert in dem Artikel das Ende Russlands als Ordnungsmacht und einen Einflussverlust des Landes. Das hat er schon oft getan, eingetreten sind seine Vorhersagen bislang nicht. Im Gegenteil, Russland spielt bei der zunehmenden Integration des eurasischen Raums eine wichtige Rolle. Moskau ist im Gegensatz zur EU oder gar zu Berlin Drehscheibe der Diplomatie. Moskau profitiert dabei unter anderem davon, dass es eben nicht imperial und autorit\u00e4r agiert, wie meist unterstellt, sondern auf Augenh\u00f6he und diplomatisch. Gemeinsam gefundene L\u00f6sungen zu Konflikten erm\u00f6glichen in der Regel allen Beteiligten die Gesichtswahrung. Die EU und Deutschland praktizieren das Gegenteil. Sie treten wenig diplomatisch, herablassend und in belehrendem Ton auf.<\/p>\n<p>Die geringe prognostische Kraft der Ausf\u00fchrungen Meisters hat ihre Ursache in einer methodischen Schw\u00e4che. Insbesondere in Bezug auf die Entwicklungen der letzten Dekaden auf dem europ\u00e4ischen Kontinent verweigert sich Meister einem systemischen und historischen Zugang. Nach seiner Vorstellung agiert Russland losgel\u00f6st von \u00e4u\u00dferen Einfl\u00fcssen in einem politischen Vakuum. Diese Annahme ist nat\u00fcrlich unsinnig, erm\u00f6glicht es Meister aber, so zu tun, als habe die Entwicklung auf dem europ\u00e4ischen Kontinent, vor allem die Zuspitzung des Konflikts in der Ukraine, mit den USA, der NATO, der EU und Deutschland nichts zu tun. Dieser ahistorische Blick f\u00fchrt dann zu fehlerhaften Schlussfolgerungen. Dass dem Politologen dies nur aus Versehen passiert ist, scheint unwahrscheinlich; zu gut dient sein Vorgehen der propagandistischen Zuspitzung seiner Kernaussage.<\/p>\n<p>Besonders deutlich wird das an den Ausf\u00fchrungen zur Entstehung der Maidan-Proteste. Er schreibt:<\/p>\n<blockquote><p><em>&#8222;Es wird hier jedoch evident, wie wenig er (Putin, Anm. d. Red.) die Ukraine grunds\u00e4tzlich versteht. Es waren eben nicht die USA oder die EU, die den Euromaidan 2013\/14 initiierten, sondern es war die ukrainische Gesellschaft, die sich von ihrem sowjetischen Erbe und dem russischen Kolonialismus emanzipieren und in einem freien Land leben wollte. Putins Angst vor einer Demokratisierung des wichtigsten postsowjetischen Nachbarlands war eine wichtige Motivation, um ab 2014 Krieg gegen die Ukraine zu f\u00fchren.&#8220;<\/em><\/p><\/blockquote>\n<p>Dass der Maidan einzig auf den Wunsch der ukrainischen Gesellschaft zur Europ\u00e4isierung zur\u00fcckgeht, ist nachweislich falsch. Zahllose Belege sprechen f\u00fcr die vielf\u00e4ltige Einflussnahme des Westens. Diese zu leugnen, wirkt angesichts der \u00fcberw\u00e4ltigenden Zahl an Belegen unverfroren, die von finanzieller Unterst\u00fctzung bis hin zur Pr\u00e4senz ausl\u00e4ndischer Diplomaten auf dem Maidan reichen. Es entspricht schlicht nicht den Tatsachen. Wie aber offenkundige Einseitigkeit und propagandistische Zuspitzung schlie\u00dflich in gute Politikberatung m\u00fcnden soll, bleibt das Geheimnis der DGAP.<\/p>\n<p>Die Ukraine ist eine hart umk\u00e4mpfte geopolitische Zone, die der Westen zum Zweck der Machterweiterung und der Eind\u00e4mmung Russlands schon seit \u00fcber einem Jahrhundert an sich binden will. Dabei geht es nicht um Demokratie, nicht um Menschenrechte, sondern vor allem um die Ukraine selbst. Das EU-Assoziierungsabkommen und seine Geschichte ist f\u00fcr den Versuch der Anbindung ebenso beispielhaft wie die offen ausgesprochene Einladung der NATO an die Ukraine auf dem NATO-Gipfel 2008 in Bukarest. So zu tun, als h\u00e4tte es dies alles nicht gegeben und als handele es sich beim Maidan um eine v\u00f6llig unschuldige Graswurzelbewegung, die sich aus sich selbst speist, ist unterkomplex, entspricht nicht den Fakten und ist daher wissenschaftlich und journalistisch unlauter.<\/p>\n<p>Russland und vor allem Putin agieren nicht aus einem imperialistischem Drang nach der Ausweitung seiner Einflusszone heraus. Diese geopolitischen Motive treten vielmehr bei der EU und der NATO zutage, die eine ganz klassisch imperialistische Erweiterungsstrategie verfolgen. Russland vertritt und verteidigt dagegen seine Sicherheitsinteressen. Diese sieht Russland durch die Expansion von EU und NATO bedroht. Die Reaktion der NATO, der EU und Deutschlands auf die Bitte Russlands um Sicherheitsgarantien war nicht ad\u00e4quat. Bei dem Konflikt in der Ukraine handelt es sich um einen klassischen Stellvertreterkrieg, den der Westen sp\u00e4testens seit 2014 aktiv herbeieskaliert hat. In der Ukraine k\u00e4mpfen nicht die Ukrainer f\u00fcr Demokratie und Unabh\u00e4ngigkeit von Russland, sondern es k\u00e4mpft dort die NATO gegen Russland um geopolitischen Einfluss. Meister hingegen mutet seinen Lesern mit seiner Geschichte von den nach Freiheit lechzenden Ukrainern Kitsch fernab jeder politischen Realit\u00e4t zu.<\/p>\n<p>Weiter wird in dem Beitrag die schwindende Gestaltungsmacht der EU unterschlagen. Die Sanktionen brechen derzeit der EU, allen voran Deutschland, das \u00f6konomische R\u00fcckgrat. Die EU verliert damit ebenso wie Deutschland immer weiter an geopolitischer Bedeutung. Die Sanktionen und schlie\u00dflich der Anschlag auf Nord Stream markieren den vorl\u00e4ufigen Endpunkt in einem sich schon \u00fcber eine Dekade hinziehenden \u00f6konomischen Niedergang der EU sowie dem damit verbundenen Einflussverlust. Auch dass die EU im Rahmen des Ukraine-Konflikts ihre W\u00e4hrung politisiert hat, um sie als Druckmittel einzusetzen, hat dem Euro massiv geschadet. Auch diese Entwicklungen klammert Meister aus.<\/p>\n<p>Klar analysiert verf\u00fcgt die EU \u00fcberhaupt nicht \u00fcber die Mittel und die \u00f6konomische St\u00e4rke, um der Ukraine das zu bieten, was sie sich von einer Ann\u00e4herung erhofft: Wachsenden Wohlstand und die Integration in eine funktionierende, stabile Staatengemeinschaft. Die EU strauchelt.<\/p>\n<p>Es ist eine Umkehrung der Verh\u00e4ltnisse, wenn Meister schreibt:<\/p>\n<blockquote><p><em>&#8222;Verliert es (Russland, Anm. GEU) seinen Einfluss \u00fcber den eurasischen Kontinent, kann es in der multipolaren Welt kein eigenst\u00e4ndiger Pol mehr werden. Stattdessen wird es durch seine technologische R\u00fcckst\u00e4ndigkeit immer mehr zu einem Anh\u00e4ngsel Europas oder Chinas.&#8220;<\/em><\/p><\/blockquote>\n<p>Die sich abzeichnende Entwicklung deutet hingegen in eine ganz andere Richtung. Die EU, strategisch geschw\u00e4cht, wird Anh\u00e4ngsel des eurasischen Kontinents, auf dem Russland ein Machtzentrum bildet. Aktuell integriert sich der eurasische Kontinent immer weiter, allerdings weitgehend unter Ausschluss der EU. Russland hat dagegen an dieser Integration ma\u00dfgeblichen Anteil und ist ihr treibender Faktor.<\/p>\n<p>Der Ukraine-Konflikt wird die EU lehren, dass die Beachtung russischer Sicherheitsinteressen f\u00fcr ihr eigenes Wohl unabdingbar ist. Sollten die EU und Deutschland dies weiterhin ignorieren, wird es Russland sein, das Deutschland und der EU die Regeln diktiert. Russland strebt zwar nicht nach imperialer Macht, gewinnt auf dem eurasischen Kontinent jedoch best\u00e4ndig an Einfluss. So zeigt der Ukraine-Konflikt vor allem eins: Wie wenig Gestaltungsmacht die EU auf dem europ\u00e4ischen Kontinent inzwischen hat. Die DGAP sollte so fair sein, diese Fakten gegen\u00fcber den Entscheidungstr\u00e4gern in der deutschen Politik klar zu benennen.<\/p>\n<p style=\"text-align: right;\"><em>Gert-Ewen Ungar studierte Philosophie und Germanistik und arbeitet als P\u00e4dagoge in der Sozialpsychiatrie in Berlin<\/em><\/p>\n<p><a href=\"#top\"><span style=\"font-size: 10pt;\">\u2191 nach oben<\/span><\/a><\/p>\n<hr \/>\n<p><span style=\"font-size: 10pt;\">Bild: Grafik von Tim Reckmann, <a href=\"https:\/\/creativecommons.org\/licenses\/by-nc\/2.0\/\" target=\"_blank\" rel=\"noopener\">CC BY-NC 2.0<\/a><\/span><br \/>\n<span style=\"font-size: 10pt;\">Quelle: <a href=\"https:\/\/www.flickr.com\/photos\/foto_db\/48016144283\">https:\/\/www.flickr.com\/photos\/foto_db\/48016144283<\/a><\/span><\/p>\n<p>&nbsp;<\/p>\n","protected":false},"excerpt":{"rendered":"<p>Dieser Beitrag enth\u00e4lt <b>zwei Artikel von Gert Ewen Ungar:<\/b><br \/>\n<b>Bild-Vize entdeckt den Krieg<\/b>: Bild-Vize Ronzheimer geht in Kiew in Deckung. Er m\u00f6chte live berichten. Dann schlagen Kamikaze-Drohnen ein. Die Bild schreibt von perfiden russischen Angriffen. Wichtiger ist, was Bild und Ronzheimer nicht berichten. Als Teil der deutschen Propaganda-Maschine d\u00fcrfen sie auch gar nicht.<br \/>\n<b>Ein Russland-Bild fernab der Realit\u00e4t \u2013 Politikberatung auf propagandistischem Niveau<\/b>: In einem Beitrag, der zun\u00e4chst in der Neuen Z\u00fcrcher Zeitung erschien, zeichnet der deutsche Politologe Stefan Meister ein Russland-Bild, das den Fakten widerspricht. Das Problem: Als Mitarbeiter der DGAP ber\u00e4t er auf dieser Grundlage die deutsche Politik. Das muss schiefgehen.<\/p>\n","protected":false},"author":3,"featured_media":14504,"comment_status":"closed","ping_status":"closed","sticky":false,"template":"","format":"standard","meta":{"colormag_page_container_layout":"default_layout","colormag_page_sidebar_layout":"default_layout","advanced_seo_description":"","jetpack_seo_html_title":"","jetpack_seo_noindex":false,"jetpack_post_was_ever_published":false,"footnotes":""},"categories":[12],"tags":[1441,1032,182,1638,56,222,719,1410,639,1525],"class_list":["post-14503","post","type-post","status-publish","format-standard","has-post-thumbnail","hentry","category-demokratie-medien-aufklaerung","tag-bild-zeitung","tag-bundesregierung","tag-eu","tag-eurasien","tag-nato","tag-russland","tag-sanktionen","tag-thinktank","tag-ukraine-konflikt","tag-waffenlieferungen"],"jetpack_featured_media_url":"https:\/\/i0.wp.com\/www.freidenker.org\/fw17\/wp-content\/uploads\/2022\/10\/Bild_48016144283_800x450.jpg?fit=800%2C450&ssl=1","jetpack_shortlink":"https:\/\/wp.me\/p9stpK-3LV","jetpack-related-posts":[{"id":16863,"url":"https:\/\/www.freidenker.org\/?p=16863","url_meta":{"origin":14503,"position":0},"title":"Scholz schockiert: &#8222;Putin beschwert sich gar nicht \u00fcber die Sanktionen&#8220;","author":"Webredaktion","date":"30. August 2023","format":false,"excerpt":"Beitrag von Gert Ewen Ungar Die BILD-Zeitung ver\u00f6ffentlichte Teile aus einem Telefongespr\u00e4ch, das Bundeskanzler Scholz mit dem franz\u00f6sischen Pr\u00e4sidenten Macron gef\u00fchrt hat, nachdem beide zuvor mit Russlands Pr\u00e4sident Putin gesprochen hatten. Das Telefongespr\u00e4ch fand Anfang M\u00e4rz 2022 statt, am neunten Tag nach Beginn der milit\u00e4rischen Spezialoperation. Die Friedensverhandlungen zwischen der\u2026","rel":"","context":"In &quot;Demokratie \u2013 Medien \u2013 Aufkl\u00e4rung&quot;","block_context":{"text":"Demokratie \u2013 Medien \u2013 Aufkl\u00e4rung","link":"https:\/\/www.freidenker.org\/?cat=12"},"img":{"alt_text":"","src":"https:\/\/i0.wp.com\/www.freidenker.org\/fw17\/wp-content\/uploads\/2023\/08\/selenski-macron-scholz_800x450.jpg?fit=800%2C450&ssl=1&resize=350%2C200","width":350,"height":200,"srcset":"https:\/\/i0.wp.com\/www.freidenker.org\/fw17\/wp-content\/uploads\/2023\/08\/selenski-macron-scholz_800x450.jpg?fit=800%2C450&ssl=1&resize=350%2C200 1x, https:\/\/i0.wp.com\/www.freidenker.org\/fw17\/wp-content\/uploads\/2023\/08\/selenski-macron-scholz_800x450.jpg?fit=800%2C450&ssl=1&resize=525%2C300 1.5x, https:\/\/i0.wp.com\/www.freidenker.org\/fw17\/wp-content\/uploads\/2023\/08\/selenski-macron-scholz_800x450.jpg?fit=800%2C450&ssl=1&resize=700%2C400 2x"},"classes":[]},{"id":16677,"url":"https:\/\/www.freidenker.org\/?p=16677","url_meta":{"origin":14503,"position":1},"title":"In ihrer geistigen Schlichtheit unheilvoll \u2013 die Weltsicht der Au\u00dfenministerin Baerbock","author":"Webredaktion","date":"18. Juli 2023","format":false,"excerpt":"Beitrag von Gert Ewen Ungar Dass Annalena Baerbock (B\u00fcndnis 90\/Die Gr\u00fcnen) Au\u00dfenministerin ist, ist sowohl f\u00fcr Deutschland als auch Europa und die Welt brandgef\u00e4hrlich. Baerbock ist mit dem Amt \u00fcberfordert, sch\u00e4tzt Entwicklungen falsch ein, denkt in einfachen Schwarz-Wei\u00df-Mustern und ist zur Differenzierung nicht in der Lage. Es fehlen ihr Basiskenntnisse\u2026","rel":"","context":"In &quot;Demokratie \u2013 Medien \u2013 Aufkl\u00e4rung&quot;","block_context":{"text":"Demokratie \u2013 Medien \u2013 Aufkl\u00e4rung","link":"https:\/\/www.freidenker.org\/?cat=12"},"img":{"alt_text":"","src":"https:\/\/i0.wp.com\/www.freidenker.org\/fw17\/wp-content\/uploads\/2023\/07\/Cleverly_meets_Baerbock_ausz_800x450.jpg?fit=800%2C450&ssl=1&resize=350%2C200","width":350,"height":200,"srcset":"https:\/\/i0.wp.com\/www.freidenker.org\/fw17\/wp-content\/uploads\/2023\/07\/Cleverly_meets_Baerbock_ausz_800x450.jpg?fit=800%2C450&ssl=1&resize=350%2C200 1x, https:\/\/i0.wp.com\/www.freidenker.org\/fw17\/wp-content\/uploads\/2023\/07\/Cleverly_meets_Baerbock_ausz_800x450.jpg?fit=800%2C450&ssl=1&resize=525%2C300 1.5x, https:\/\/i0.wp.com\/www.freidenker.org\/fw17\/wp-content\/uploads\/2023\/07\/Cleverly_meets_Baerbock_ausz_800x450.jpg?fit=800%2C450&ssl=1&resize=700%2C400 2x"},"classes":[]},{"id":15501,"url":"https:\/\/www.freidenker.org\/?p=15501","url_meta":{"origin":14503,"position":2},"title":"&#8222;Kriegste nicht zusammen im Kopf&#8220;","author":"Webredaktion","date":"16. M\u00e4rz 2023","format":false,"excerpt":"Beitrag von Gert Ewen Ungar Ina Ruck ist ARD-Moskau-Korrespondentin. Sie berichtet aus Russland und bedient sich dabei gern in Deutschland verbreiteten Klischees \u00fcber Russland und die Russen. Ihr wird oft Einseitigkeit in der Berichterstattung vorgeworfen und die Vorw\u00fcrfe sind begr\u00fcndet. Schon an ihrer Berichterstattung zu Nawalny wurde deutlich, dass Ruck\u2026","rel":"","context":"In &quot;Demokratie \u2013 Medien \u2013 Aufkl\u00e4rung&quot;","block_context":{"text":"Demokratie \u2013 Medien \u2013 Aufkl\u00e4rung","link":"https:\/\/www.freidenker.org\/?cat=12"},"img":{"alt_text":"","src":"https:\/\/i0.wp.com\/www.freidenker.org\/fw17\/wp-content\/uploads\/2023\/03\/ina_ruck_coll_800x450.jpg?fit=800%2C450&ssl=1&resize=350%2C200","width":350,"height":200,"srcset":"https:\/\/i0.wp.com\/www.freidenker.org\/fw17\/wp-content\/uploads\/2023\/03\/ina_ruck_coll_800x450.jpg?fit=800%2C450&ssl=1&resize=350%2C200 1x, https:\/\/i0.wp.com\/www.freidenker.org\/fw17\/wp-content\/uploads\/2023\/03\/ina_ruck_coll_800x450.jpg?fit=800%2C450&ssl=1&resize=525%2C300 1.5x, https:\/\/i0.wp.com\/www.freidenker.org\/fw17\/wp-content\/uploads\/2023\/03\/ina_ruck_coll_800x450.jpg?fit=800%2C450&ssl=1&resize=700%2C400 2x"},"classes":[]},{"id":22435,"url":"https:\/\/www.freidenker.org\/?p=22435","url_meta":{"origin":14503,"position":3},"title":"Ukraine-Proteste: Der Westen hat noch die Kontrolle \u00fcber die NGOs im Land","author":"Webredaktion","date":"25. Juli 2025","format":false,"excerpt":"Beitrag von Gert Ewen Ungar Wenn es um die Ukraine geht, erz\u00e4hlt die Tagesschau gerne sch\u00f6ne und ergreifende Geschichten. Mit der Realit\u00e4t haben diese als Journalismus getarnten R\u00fchrst\u00fccke in der Regel genauso viel zu tun wie die Schauerm\u00e4rchen, die deutsche Medien \u00fcber Russland erz\u00e4hlen: nichts.\u00a0Anl\u00e4sslich der aktuellen Proteste in der\u2026","rel":"","context":"In &quot;Demokratie \u2013 Medien \u2013 Aufkl\u00e4rung&quot;","block_context":{"text":"Demokratie \u2013 Medien \u2013 Aufkl\u00e4rung","link":"https:\/\/www.freidenker.org\/?cat=12"},"img":{"alt_text":"","src":"https:\/\/i0.wp.com\/www.freidenker.org\/fw17\/wp-content\/uploads\/2025\/07\/Proteste_Kiew_RT_800x450.jpg?fit=800%2C450&ssl=1&resize=350%2C200","width":350,"height":200,"srcset":"https:\/\/i0.wp.com\/www.freidenker.org\/fw17\/wp-content\/uploads\/2025\/07\/Proteste_Kiew_RT_800x450.jpg?fit=800%2C450&ssl=1&resize=350%2C200 1x, https:\/\/i0.wp.com\/www.freidenker.org\/fw17\/wp-content\/uploads\/2025\/07\/Proteste_Kiew_RT_800x450.jpg?fit=800%2C450&ssl=1&resize=525%2C300 1.5x, https:\/\/i0.wp.com\/www.freidenker.org\/fw17\/wp-content\/uploads\/2025\/07\/Proteste_Kiew_RT_800x450.jpg?fit=800%2C450&ssl=1&resize=700%2C400 2x"},"classes":[]},{"id":23336,"url":"https:\/\/www.freidenker.org\/?p=23336","url_meta":{"origin":14503,"position":4},"title":"Neue Russland-Sanktionen: Trump rettet die US-Frackingindustrie vor niedrigem \u00d6lpreis","author":"Webredaktion","date":"28. Oktober 2025","format":false,"excerpt":"Beitrag von Gert Ewen Ungar Bis zum Jahr 2014 galt in den USA ein Exportverbot von Roh\u00f6l. Die US-amerikanischen \u00d6lquellen waren weitgehend ersch\u00f6pft. Mit herk\u00f6mmlichen Methoden konnten nicht mehr die Mengen gef\u00f6rdert werden, die einen Export erlaubten. Inzwischen sind die USA jedoch wieder zu einem gro\u00dfen Exporteur f\u00fcr Roh\u00f6l aufgestiegen.\u2026","rel":"","context":"In &quot;Arbeit &amp; Soziales&quot;","block_context":{"text":"Arbeit &amp; Soziales","link":"https:\/\/www.freidenker.org\/?cat=11"},"img":{"alt_text":"","src":"https:\/\/i0.wp.com\/www.freidenker.org\/fw17\/wp-content\/uploads\/2025\/10\/Mud_Pitt_800x450.jpg?fit=800%2C450&ssl=1&resize=350%2C200","width":350,"height":200,"srcset":"https:\/\/i0.wp.com\/www.freidenker.org\/fw17\/wp-content\/uploads\/2025\/10\/Mud_Pitt_800x450.jpg?fit=800%2C450&ssl=1&resize=350%2C200 1x, https:\/\/i0.wp.com\/www.freidenker.org\/fw17\/wp-content\/uploads\/2025\/10\/Mud_Pitt_800x450.jpg?fit=800%2C450&ssl=1&resize=525%2C300 1.5x, https:\/\/i0.wp.com\/www.freidenker.org\/fw17\/wp-content\/uploads\/2025\/10\/Mud_Pitt_800x450.jpg?fit=800%2C450&ssl=1&resize=700%2C400 2x"},"classes":[]},{"id":19152,"url":"https:\/\/www.freidenker.org\/?p=19152","url_meta":{"origin":14503,"position":5},"title":"Besuch in Kiew: Baerbocks Wille zum totalen Krieg","author":"Webredaktion","date":"22. Mai 2024","format":false,"excerpt":"Beitrag von Gert Ewen Ungar Au\u00dfenministerin Annalena Baerbock ist zu einem Besuch in Kiew eingetroffen. F\u00fcr ihre Unterst\u00fctzung wurde ihr von Wladimir Selenskij ein Orden verliehen. Das ist zynisch, denn Baerbocks \"Unterst\u00fctzung\" beschr\u00e4nkt sich darauf, den Krieg zu verl\u00e4ngern. Auf der Website des Ausw\u00e4rtigen Amts ist zum Besuch ein Beitrag\u2026","rel":"","context":"In &quot;Demokratie \u2013 Medien \u2013 Aufkl\u00e4rung&quot;","block_context":{"text":"Demokratie \u2013 Medien \u2013 Aufkl\u00e4rung","link":"https:\/\/www.freidenker.org\/?cat=12"},"img":{"alt_text":"","src":"https:\/\/i0.wp.com\/www.freidenker.org\/fw17\/wp-content\/uploads\/2024\/05\/Selenskij_Baerbock_2024_800x450.jpg?fit=800%2C450&ssl=1&resize=350%2C200","width":350,"height":200,"srcset":"https:\/\/i0.wp.com\/www.freidenker.org\/fw17\/wp-content\/uploads\/2024\/05\/Selenskij_Baerbock_2024_800x450.jpg?fit=800%2C450&ssl=1&resize=350%2C200 1x, https:\/\/i0.wp.com\/www.freidenker.org\/fw17\/wp-content\/uploads\/2024\/05\/Selenskij_Baerbock_2024_800x450.jpg?fit=800%2C450&ssl=1&resize=525%2C300 1.5x, https:\/\/i0.wp.com\/www.freidenker.org\/fw17\/wp-content\/uploads\/2024\/05\/Selenskij_Baerbock_2024_800x450.jpg?fit=800%2C450&ssl=1&resize=700%2C400 2x"},"classes":[]}],"_links":{"self":[{"href":"https:\/\/www.freidenker.org\/index.php?rest_route=\/wp\/v2\/posts\/14503","targetHints":{"allow":["GET"]}}],"collection":[{"href":"https:\/\/www.freidenker.org\/index.php?rest_route=\/wp\/v2\/posts"}],"about":[{"href":"https:\/\/www.freidenker.org\/index.php?rest_route=\/wp\/v2\/types\/post"}],"author":[{"embeddable":true,"href":"https:\/\/www.freidenker.org\/index.php?rest_route=\/wp\/v2\/users\/3"}],"replies":[{"embeddable":true,"href":"https:\/\/www.freidenker.org\/index.php?rest_route=%2Fwp%2Fv2%2Fcomments&post=14503"}],"version-history":[{"count":0,"href":"https:\/\/www.freidenker.org\/index.php?rest_route=\/wp\/v2\/posts\/14503\/revisions"}],"wp:featuredmedia":[{"embeddable":true,"href":"https:\/\/www.freidenker.org\/index.php?rest_route=\/wp\/v2\/media\/14504"}],"wp:attachment":[{"href":"https:\/\/www.freidenker.org\/index.php?rest_route=%2Fwp%2Fv2%2Fmedia&parent=14503"}],"wp:term":[{"taxonomy":"category","embeddable":true,"href":"https:\/\/www.freidenker.org\/index.php?rest_route=%2Fwp%2Fv2%2Fcategories&post=14503"},{"taxonomy":"post_tag","embeddable":true,"href":"https:\/\/www.freidenker.org\/index.php?rest_route=%2Fwp%2Fv2%2Ftags&post=14503"}],"curies":[{"name":"wp","href":"https:\/\/api.w.org\/{rel}","templated":true}]}}