{"id":14484,"date":"2022-10-19T23:52:09","date_gmt":"2022-10-19T21:52:09","guid":{"rendered":"https:\/\/www.freidenker.org\/?p=14484"},"modified":"2022-11-05T12:57:55","modified_gmt":"2022-11-05T11:57:55","slug":"eine-juedische-stimme-der-vernunft-gegen-hasardeure-der-ampel","status":"publish","type":"post","link":"https:\/\/www.freidenker.org\/?p=14484","title":{"rendered":"Eine j\u00fcdische Stimme der Vernunft gegen Hasardeure der Ampel"},"content":{"rendered":"<p><strong>In diesem Beitrag wird der Publizist, Lyriker und Liedermacher sowie politische Analyst Wolfgang Herzberg vorgestellt. Vor dem Hintergrund der Ereignisse in der Ukraine wird dabei auch sein Kampf gegen die imperiale Kriegstreiberei beleuchtet, u. a. mit dem Nachdruck seines Artikels aus &#8222;Ossietzky&#8220;: &#8222;Verhandlungsl\u00f6sung \u2013 Alternativlos&#8220;. <\/strong><\/p>\n<p><em>von <strong>Rainer Rupp<\/strong><\/em><\/p>\n<p><span style=\"font-size: 10pt;\">Erstver\u00f6ffentlichung am 16.10.2022 auf <a href=\"https:\/\/pressefreiheit.rtde.live\/meinung\/151639-judische-stimme-vernunft-gegen-hasardeure\/\" target=\"_blank\" rel=\"noopener\">RT DE<\/a><\/span><\/p>\n<p>Aus bekannten Gr\u00fcnden haben Stimmen j\u00fcdischer Mitb\u00fcrger zu politischen Ereignissen ein gewisses Gewicht in unserem Land. Daf\u00fcr sorgen schon unsere selbst erkl\u00e4rten &#8222;Qualit\u00e4tsmedien&#8220;, aber meist nur, wenn diese Stimmen konform mit der herrschenden Regierungspolitik und der dahinterstehenden US-gef\u00fchrten &#8222;Kriegsordnung ohne Regeln&#8220; sind. Wird jedoch grunds\u00e4tzliche Kritik ge\u00fcbt an den aktuellen kriegerischen Mitteln der NATO-Politik und der Propagandaschlacht des Westens, einschlie\u00dflich der Ampel-Regierung, die auch von CDU und Linke unterst\u00fctzt wird, dann wird auch eine zweifelnde j\u00fcdische Stimme, wie so viele, in den Massenmedien standfest ignoriert.<\/p>\n<p>Denn es geh\u00f6rt sich nicht, die Halbwahrheiten und demagogischen L\u00fcgen dieser Regierung, mit noch so durchdachten Argumenten, infrage zu stellen, weil dadurch deren politische Strategie und Meinungsf\u00fchrerschaft in Zweifel gezogen werden. Es geh\u00f6rt sich nicht, gar Kritik zu \u00fcben an dem totalen Milit\u00e4r- und Wirtschaftskrieg der NATO gegen Russland und an den daraus folgenden Sanktionen der Ampel-Regierung, die auch zunehmend gegen die eigene und die europ\u00e4ische Bev\u00f6lkerung immer mehr nach hinten losgehen!<\/p>\n<p>Diese Kritik wird medial und politisch unterdr\u00fcckt, weil immer mehr \u00d6l ins Feuer gegossen werden soll durch Waffenlieferungen an die faschistoiden Regierungskr\u00e4fte in der Ukraine, die angeblich &#8222;wertebasiert&#8220; diesen Krieg immer weiter verl\u00e4ngern, anstatt den alternativlosen Verhandlungsweg zu beschreiten. Deshalb muss jede Stimme totgeschwiegen werden, wenn sie das derzeit auch vom Westen und der Ampel-Regierung angerichtete, hochgef\u00e4hrliche Chaos nicht als Gro\u00dftat zu Sicherung unserer Demokratie und des Wohlstands der Bev\u00f6lkerung begr\u00fc\u00dft, sondern als kontraproduktiv und verfassungswidrig gei\u00dfelt.<\/p>\n<p><strong>Wolfgang <a href=\"https:\/\/vergangenheitsverlag.de\/autoren\/Wolfgang-Herzberg-172.htm\" target=\"_blank\" rel=\"noopener noreferrer\">Herzberg<\/a> <\/strong>wurde 1944 in Leicester als Sohn j\u00fcdisch-deutscher Emigranten geboren, die vor den Nazis nach England fliehen mussten. 1947 kehrte die Familie nach Berlin-Steglitz zur\u00fcck. Er studierte Kulturwissenschaft an der Humboldt-Universit\u00e4t zu Berlin. Als unangepasster Rocktexter, Lyriker und Liedermacher, als freiberuflicher Autor und politischer Publizist biografischer Interviews von Zeitzeugen sowie analytischen Texten zur DDR-Geschichte, insbesondere linker Juden, hat sich Herzberg einen <a href=\"https:\/\/vergangenheitsverlag.de\/shop\/Juedisch-und-Links-Erinnerungen-1921-2021--Zum-Kulturerbe-der-DDR-_Ein-Buch-von-Wolfgang-Herzberg-168.htm\" target=\"_blank\" rel=\"noopener noreferrer\">Namen<\/a> gemacht.<\/p>\n<p>Unzweifelhaft geh\u00f6rt Herzberg zu jener Gruppe s\u00e4kularer, linker, deutscher Juden der\u00a0zweiten Generation, die sowohl in der DDR als auch in der BRD einen Beitrag f\u00fcr das politische und kulturelle Leben beider deutscher Staaten bis heute geleistet haben. Ein Portr\u00e4t von Wolfgang Herzberg ist am Ende dieses Artikels zu finden. Warum Herzberg bei den &#8222;Qualit\u00e4tsmedien&#8220;, egal ob links oder konservativ, so gut wie nicht vorkommt, geht auch aus den nachfolgenden Ausschnitten eines l\u00e4ngeren Artikels hervor, der gleichfalls in der Zweiwochenzeitschrift f\u00fcr Politik \/ Kultur \/ Wirtschaft &#8222;Ossietzky&#8220;, (ein kleines Nachfolgeblatt von Ossietzkys ber\u00fchmter &#8222;Weltb\u00fchne&#8220;), unter dem Titel <strong>&#8222;<a href=\"https:\/\/www.ossietzky.net\/artikel\/zum-scheitern-verurteilt\/\" target=\"_blank\" rel=\"noopener\">Zum Scheitern verurteilt<\/a>&#8222;<\/strong> erschienen ist.<\/p>\n<p><span style=\"font-size: 12pt;\">Ausz\u00fcge aus dem Text:<\/span><\/p>\n<p style=\"padding-left: 40px;\">&#8222;Der Westen d\u00fcrfte sich (in Bezug auf die Ukraine) zudem, in jeder Hinsicht, finanziell durch die gigantische Militarisierung und Energiekostenexplosion, sowie moralisch-politisch v\u00f6llig \u00fcbernehmen, um dieses &#8218;Fass ohne Boden&#8216; des Ukraine-Krieges trotz eigener gigantischer Staatsschulden weiter zu f\u00fcllen. Diese erfolglose kontraproduktive Kriegspolitik wird die westlichen Bestrebungen und ihre verlogenen Selbstt\u00e4uschungen hoffentlich alsbald immer mehr entlarven.&#8220;<\/p>\n<p style=\"padding-left: 40px;\">&#8222;Selenskij und die ukrainischen Nationalisten w\u00e4ren l\u00e4ngst Geschichte, wenn die USA-NATO nicht von Anfang an eine Regime-Change- und Kriegspartei gewesen w\u00e4ren, um ihr eigenes Gesellschaftssystem immer weiter nach Osten auszudehnen. Dabei wird r\u00fccksichtslos in Kauf genommen und durch Demagogie verschleiert, dass sie damit die Mehrheit ihrer eigenen Bev\u00f6lkerung \u00f6konomisch, sozial und \u00f6kologisch fortlaufend und immer schmerzhafter zur Kasse bitten, um ihre verlogenen westlichen Freiheitswerte, prim\u00e4r zugunsten wohlhabender Oberschichten, durchzusetzen.&#8220;<\/p>\n<p style=\"padding-left: 40px;\">&#8222;Dieser imperiale Krieg der NATO kann niemals, auch durch noch so moderne Waffensysteme, gigantische Geldspritzen, Wirtschafts- und Finanzboykotte und die endlose Aufnahme von Kriegsfl\u00fcchtlingen, gewonnen werden. Es ist doch eine Grundillusion der ukrainischen Machthaber und der NATO-Strategen, d. h. auch der Ampelparteien und ihrer willigen Helfer, dass es einen &#8218;milit\u00e4rischen Sieg&#8216; \u00fcber die Russen etwa durch westliche Waffensysteme geben wird und dadurch die Gebiete der Ostukraine und der Krim wieder zur\u00fcckerobert werden k\u00f6nnten. Was da dann, nicht nur dort, noch zur\u00fcckbleiben w\u00fcrde, sind endlos verbrannte Erde und Millionen Tote auf allen Seiten sowie unabsehbare Kriegsfolgen auch f\u00fcr Deutschland, Europa und die ganz Welt.&#8220;<\/p>\n<p style=\"padding-left: 40px;\">&#8222;Wohl nur eine erneute gro\u00dfe westliche Niederlage \u2013 wie erst k\u00fcrzlich in Afghanistan \u2013 wie sie sich in dem nicht enden wollenden Stellungskrieg in der Ukraine abzeichnet, kann schlie\u00dflich auch die westliche Einsicht bef\u00f6rdern, den einzig richtigen Weg einer neuen kooperativen Weltpolitik ausschlie\u00dflich durch Verhandlungen zu gehen. Das wird weltweit &#8218;von unten&#8216; erzwungen werden m\u00fcssen, oder wir versinken in die apokalyptische-atomare Weltkatastrophe eines 3. Weltkrieges.&#8220;<\/p>\n<p style=\"padding-left: 40px;\">&#8222;Die Aussicht auf solch kollektiven Selbstmord muss und wird weiteren globalen Widerstand hervorrufen. Dieser zu f\u00fchrende Friedenskampf ist zugleich eine Weiterf\u00fchrung des alten Klassenkampfes, um die Chance auf eine post-kapitalistische Option weltgeschichtlich zu wahren, so wenig dies auf den ersten Blick im repressiven Russland auch m\u00f6glich erscheinen mag. Hierbei geht es im Kern erneut um den Kampf: globalisierter Kapitalismus und eine weitere Spaltung zwischen Arm und Reich, Ost und West, Nord und S\u00fcd oder eine neue Option f\u00fcr eine prim\u00e4r politisch-staatlich regulierte, post-kapitalistische Gesellschaftsentwicklung, zugunsten des Gemeinwohls der \u00e4rmeren Schichten der Weltbev\u00f6lkerung.&#8220;<\/p>\n<p style=\"padding-left: 40px;\">&#8222;Allerdings liegt der Schl\u00fcssel f\u00fcr die L\u00f6sung dieser universellen Grundfrage der Menschheit nicht in einem primitiven &#8222;entweder oder&#8220;, sondern in einem &#8222;sowohl als auch&#8220;, d. h. in einer erneut erzwungenen Entwicklung zur &#8222;friedlichen Koexistenz&#8220;, um die emanzipatorischen Vorteile beider Gesellschaftssysteme zu einer Synthese zusammenzuf\u00fchren. Dabei gilt es, endlich eine Gesellschaftsfusion von Reformkapitalismus und Reformsozialismus zu finden, die bisher leider noch nicht historisch tragf\u00e4hig gefunden werden konnte.&#8220;<\/p>\n<p>In einer aktuellen E-Mail an mich hat Herzberg geschrieben, dass es &#8222;keine Medien gibt&#8220; mit deren dort ver\u00f6ffentlichten Positionen, &#8222;ich oder irgendjemand, ganz, teilweise oder \u00fcberhaupt einverstanden sind. Und die russischen Medien, seien sie auch von Putins Gnaden, oder nicht, sollten nicht vereinfacht d\u00e4monisiert werden, wie ich das auch nicht mit deutschen Medien und deutscher Politik tue, obwohl auch sie einseitige Propaganda betreiben&#8220;.<\/p>\n<p>Der E-Mail beigef\u00fcgt war die Kopie eines Briefes, den Herzberg k\u00fcrzlich an die Redaktionen verschiedener &#8222;Qualit\u00e4tsmedien&#8220; geschickt hatte. Mit seiner Erlaubnis darf ich daraus zitieren:<\/p>\n<p style=\"padding-left: 40px;\"><em>&#8222;Ich wei\u00df durch Gespr\u00e4che mit vielen Freunden, Bekannten und Unbekannten, aus den letzten Monaten, z. T. aber auch, am Rande, aus einzelnen Medienbeitr\u00e4gen, dass ich mit meinen grunds\u00e4tzlichen Zweifeln, im Zusammenhang mit den angewendeten Mitteln der jetzigen westlichen Au\u00dfenpolitik, gegen den auch von mir, ausdr\u00fccklich nicht gebilligten Angriffskrieg Russlands, keineswegs alleine dastehe. Diese allgemeine Skepsis basiert aber auf einem weit verbreiteten Unbehagen und wird, laut Umfragen, gerade auch im Osten Deutschlands, wie Sie wissen, inzwischen sogar mehrheitlich geteilt!&#8220;<\/em><\/p>\n<p style=\"padding-left: 40px;\"><em>&#8222;Ich habe keineswegs die Illusion, dass meine Argumente und Positionen bei Ihnen widerspruchslose Zustimmung finden oder gar, dar\u00fcber hinaus, politisch zur Zeit mehrheitsf\u00e4hig w\u00e4ren. Dennoch k\u00e4me es der, durch das Grundgesetz garantierten, Unabh\u00e4ngigkeit und der damit zusammenh\u00e4ngenden Glaubw\u00fcrdigkeit der Medienlandschaft zugute, wenn auch alternative Positionen von kritischen Minderheiten, auf Augenh\u00f6he, d.h. in Pro und Contra, in einer gr\u00f6\u00dferen \u00d6ffentlichkeit st\u00e4rker reflektiert w\u00fcrden. Ansonsten entsteht der fatale Eindruck von medialer und politischer &#8218;Gleichschaltung&#8216;.&#8220;<\/em><\/p>\n<p style=\"padding-left: 40px;\"><em>&#8222;Es muss in einer pluralen Demokratie, gerade auch, wenn es um Grundsatzfragen von Krieg und Frieden, sogar von internationalen Ausma\u00dfen geht, noch eine ergebnisoffene, kontroverse Diskussionskultur, in einer \u00f6ffentlichen Strategie- Debatte geben und diese erm\u00f6glicht werden. Das k\u00e4me m. E. auch einem gesteigerten Interesse und der Massenwirksamkeit Ihrer Medienarbeit zugute, wenn nicht bisweilen konforme Apologetik, ja sogar Antreiberei, gegen\u00fcber der offiziellen Au\u00dfenpolitik propagiert w\u00fcrde, sondern sich die Medien besser als unabh\u00e4ngige, \u00f6ffentliche Denkfabriken, kreativ in die Strategiedebatten der politischen Kultur demokratisch einmischten. Und zwar besonders dann, wenn es um so existenzielle Grundfragen wie die richtige Wahl der Mittel in der globalen Friedenssicherung geht, mit ihren gewaltigen, au\u00dfen- und innenpolitischen Implikationen f\u00fcr alle Bev\u00f6lkerungsschichten hierzulande und anderswo, die davon sehr schmerzlich betroffen sind und weiterhin sein werden.&#8220;<\/em><\/p>\n<p>Und nun kommen wir zum &#8222;Hauptteil&#8220;, n\u00e4mlich zum Nachdruck des Herzberg-Artikels &#8222;Verhandlungsl\u00f6sung \u2013 Alternativlos&#8220; im aktuellen Heft Nr. 20 von Ossietzky vom 8.10.2022:<\/p>\n<h5 style=\"padding-left: 40px;\">&#8222;<strong>Verhandlungsl\u00f6sung \u2013 Alternativlos!&#8220; <\/strong><\/h5>\n<p style=\"padding-left: 40px;\"><em>von <strong>Wolfgang Herzberg<\/strong><\/em><\/p>\n<p style=\"padding-left: 40px;\">Als Nachkomme j\u00fcdisch-deutscher \u00dcberlebender und langj\u00e4hriger politischer Autor, dessen Familienmitglieder durch den V\u00f6lkermord der Naziherrschaft ums Leben kamen oder in alle Welt zerstreut wurden, dessen Eltern aber auch \u2013 nach dem\u00a0Zweiten Weltkrieg, aus tief empfundener politischer Verantwortung, nach Berlin zur\u00fcckkehrten, um mitzuhelfen, ein antifaschistisches und friedliches Deutschland aufzubauen, stellen sich mir, vor dem Hintergrund dieser existenziellen Familienerfahrungen, folgende Grundsatzfragen zum Krieg um die Ukraine, die ich zugleich auch an die \u00d6ffentlichkeit und alle politisch Verantwortlichen richten m\u00f6chte:<\/p>\n<p style=\"padding-left: 40px;\">K\u00f6nnen die gewaltigen milit\u00e4rischen, \u00f6konomischen und finanziellen Mittel, die bisher zur Beendigung des Russlandfeldzuges in der Ukraine durch die NATO zur Anwendung gebracht wurden, eine &#8222;wertebasierte Au\u00dfenpolitik&#8220; (Baerbock) und damit eine Beendigung dieses gef\u00e4hrlichsten Krieges auf europ\u00e4ischem Boden seit 1945 tats\u00e4chlich bewirken? Oder wird dadurch genau das Gegenteil davon erreicht? Wird dadurch wirklich &#8222;unsere europ\u00e4ische Friedensordnung&#8220;, &#8222;das internationale Recht&#8220;, die &#8222;freiheitliche demokratische Werteordnung&#8220; verteidigt, oder werden diese hehren Ziele durch eine falsche Wahl der Mittel nicht vielmehr zerst\u00f6rt und <em>ad absurdum<\/em> gef\u00fchrt?<\/p>\n<p style=\"padding-left: 40px;\">Denn was wir st\u00fcndlich an au\u00dferordentlich beunruhigenden Nachrichten aus den Medien und von f\u00fchrenden Politikern aller Seiten erfahren, spricht eine stetig sich steigernde, gef\u00e4hrliche Kriegssprache und f\u00fchrt zur immer weiteren Eskalation dieses furchtbaren Konfliktes. K\u00f6nnte es sein, frage nicht nur ich mich, dass diese Kriegslogik auch auf der Fortsetzung einer falschen, weil eben nicht &#8222;wertebasierten Politik&#8220; des Westens basiert, sondern das Scheitern dieser Politik auf ganzer Linie bedeutet? Glaubt jemand wirklich, dass immer mehr modernste Waffen, noch so harte Sanktionen und gewaltige Finanzspritzen Frieden erzeugen k\u00f6nnten? Die gegenw\u00e4rtigen Entwicklungen, zuletzt die russische Teilmobilmachung, der Beitritt der Ostukraine zu Russland, der Anschlag auf die Pipelines, zeigen doch \u00fcberdeutlich, dass genau das nicht der Fall ist. Nach meiner festen \u00dcberzeugung kann nur eine Politik diplomatischer Verhandlungsl\u00f6sungen zum Frieden f\u00fchren. So denken intuitiv sehr viele Menschen, mit denen ich in den letzten Monaten gesprochen habe. Doch diese warnenden Stimmen dringen bisher kaum in eine breite politische \u00d6ffentlichkeit. Solcher Diskurs auf Augenh\u00f6he ist nicht gewollt und wird ins Abseits gedr\u00e4ngt. Das ist eine gef\u00e4hrliche Vogel-Strau\u00df-Politik.<\/p>\n<p style=\"padding-left: 40px;\">Wir treiben dagegen in eine sich immer schneller drehende Spirale des Krieges. Eine kompromissf\u00e4hige Verhandlungsl\u00f6sung, wie sie nach meiner Einsch\u00e4tzung alternativlos ist, scheint, besonders von der NATO und den ukrainischen Machthabern, nicht gewollt. Sie setzen vielmehr auf eine Kapitulation Russlands, auf einen illusorischen Siegfrieden gegen das schon lange mit China verb\u00fcndete Russland, einem Russland, das einst weder durch die Schweden oder Hunnen, durch Napoleon, durch den\u00a0Ersten Weltkrieg, noch durch die Interventionskriege, geschweige denn durch den\u00a0Zweiten Weltkrieg in die Knie gezwungen und besiegt werden konnte. Russland und China repr\u00e4sentieren zusammen die gr\u00f6\u00dften, industriell und milit\u00e4risch hoch entwickelten und bev\u00f6lkerungsreichsten Fl\u00e4chenl\u00e4nder der Erde. Ich stelle diese geopolitischen Zusammenh\u00e4nge zun\u00e4chst nur faktenbasiert fest, unabh\u00e4ngig davon, wer die Eskalation dieses Globalkonfliktes wirklich verursacht hat. Denn die Antwort darauf ist keineswegs so einfach, wie es uns der &#8222;Westen&#8220; glauben machen will.<\/p>\n<p style=\"padding-left: 40px;\">K\u00f6nnte es sein, dass die Kriegspartei des Westens wieder auf die v\u00f6llig falsche milit\u00e4rische Karte setzt, nach dem j\u00fcngsten Scheitern im Afghanistankrieg? Sind das die richtigen Lehren aus diesem grandiosen Desaster, wo es angeblich auch um die Durchsetzung der Menschenrechte ging? Wo sogar Hunderte modern ausger\u00fcstete Armeekontingente aus aller Welt zwei Jahrzehnte lang verlustreich k\u00e4mpften, um schlie\u00dflich von den viel schw\u00e4cheren TalibanFreisch\u00e4rlern besiegt zu werden?<\/p>\n<p style=\"padding-left: 40px;\">Ich frage deshalb eindringlich: Was ist das f\u00fcr eine &#8222;wertebasierte Politik&#8220;, die Tausende und Abertausende von Toten auf allen Seiten in Kauf nimmt? Auf welchen &#8222;Werten&#8220; basiert eine Politik, in deren Vollzug immer mehr Kriegszerst\u00f6rungen angerichtet werden \u2013 in Gebieten, die angeblich davon befreit werden sollen? Was ist das f\u00fcr eine &#8222;wertebasierte Politik&#8220;, die immer mehr Fl\u00fcchtlingselend und Fl\u00fcchtlingsstr\u00f6me nach allen Seiten hin hervorbringt und damit auch den Nationalisten und Rassisten weltweit viele W\u00e4hlerstimmen zutreibt? Was ist das f\u00fcr eine &#8222;wertebasierte Politik&#8220;, durch die eine globale Energiekrise und Welthungerkrise sich immer weiter versch\u00e4rft, deren katastrophale Folgen auch im Westen mit einer hektisch reagierenden, sozialen Symbolpolitik im Nachhinein durch Milliarden neuer Schulden &#8222;abgefedert&#8220; werden sollen? Auf welchen &#8222;Werten&#8220; basiert eine Politik, in deren Folge weltweite Lieferketten zusammenbrechen und die Teuerungsraten f\u00fcr alle Lebenshaltungskosten explodieren?<\/p>\n<p style=\"padding-left: 40px;\">Glaubt jemand im Ernst, dass sich nicht auch im Westen immer mehr Menschen solche bohrenden Fragen stellen, wenn es ihnen durch diese angeblich &#8222;wertebasierte&#8220; Politik tagt\u00e4glich immer schlechter geht und ihre m\u00fchsam erarbeiteten Lebensbedingungen erodieren?<\/p>\n<p style=\"padding-left: 40px;\">Nein, diese angeblich &#8222;wertebasierte Politik&#8220; ist keinerlei zielf\u00fchrende Friedensstrategie. Sie ist das Gegenteil davon. Sie ist deshalb in der Ukraine und weltweit wieder zum Scheitern verurteilt, ja, sie birgt sogar die Gefahr eines\u00a0Dritten Weltkrieges in sich, von nie gekannten atomaren Ausma\u00dfen.<\/p>\n<p style=\"padding-left: 40px;\">Ich frage deshalb: Worauf basieren die Fehleinsch\u00e4tzungen dieses globalen Konfliktes, insbesondere auch durch die westliche Welt, mit den Herrschenden in den USA an der Spitze? Oder glaubt jemand ernstlich, dass sich nur die Herrschenden in Russland und China diese Fragen zu stellen haben?<\/p>\n<p style=\"padding-left: 40px;\">Hatte nicht die Entspannungspolitik von Willy Brandt und Egon Bahr, die &#8222;Neue Ostpolitik&#8220;, die endlich auf &#8222;Wandel durch Ann\u00e4herung&#8220; setzte, einst hilfreich damit begonnen, durch z\u00e4he Verhandlungen, durch den KSZE-Prozess, durch Abr\u00fcstungsabkommen, schlie\u00dflich durch die Vertr\u00e4ge zwischen beiden deutschen Staaten die Mauern des &#8222;Kalten Krieges&#8220; Schritt f\u00fcr Schritt abzubauen? Das war eine &#8222;wertebasierte&#8220;, eine erfolgreiche Entspannungs- und Friedenspolitik, die schlie\u00dflich auch in der Beendigung der deutschen Teilung m\u00fcndete und die Blockkonfrontation nach dem\u00a0Zweiten Weltkrieg zu beenden schien. Wurde nicht unl\u00e4ngst das Lebenswerk des verstorbenen Michail Gorbatschow scheinheilig gew\u00fcrdigt, nach dessen au\u00dfenpolitischer Vision ein &#8222;Gemeinsames Haus Europa&#8220; mit immer weniger Waffen entstehen sollte?<\/p>\n<p style=\"padding-left: 40px;\">K\u00f6nnte es sein, dass die entgegen den Zusagen des Westens an Gorbatschow erfolgte NATO-Osterweiterungen sowie die schrittweise NATO-Aufr\u00fcstung Osteuropas, einschlie\u00dflich der Ukraine, die eigentliche &#8222;Zeitenwende&#8220;, symbolisierte, die 1990 gegen die erfolgreiche Friedens- und Entspannungspolitik von den USA, als Fortsetzung der Methoden des &#8222;Kalten Krieges&#8220; wieder eingeleitet wurde?<\/p>\n<p style=\"padding-left: 40px;\">K\u00f6nnte es sein, dass die angeblich &#8222;Werte- und Menschenrechts-basierte Au\u00dfenpolitik&#8220; des Westens, unter F\u00fchrung der USA, nach 1990, beginnend mit dem Jugoslawienkrieg und den Kriegen in Afghanistan und Irak, tats\u00e4chlich eine Fortsetzung der Friedens-gef\u00e4hrdenden R\u00fcstungs- und Konfrontationspolitik nach 1945 darstellte \u2013 den Versuch, eine Interessen-geleitete, westliche Au\u00dfenpolitik und eine Regime-Change-Politik durchzusetzen, um endlich weltweit einen angeblich &#8222;demokratischen Kapitalismus&#8220; zu installieren? War dies die richtige Antwort auf Gorbatschows entgegenkommende Au\u00dfenpolitik? Es sollte danach offenbar endlich eine westliche Weltordnung entstehen, in der die kapitalistische Globalisierung, der &#8222;Wirtschaftsliberalismus&#8220; und die milit\u00e4rische Globalstrategie der NATO den absoluten Vorrang vor sozialstaatlicher Einflussnahme durch eine unabh\u00e4ngige nationale Politik einger\u00e4umt wurde.<\/p>\n<p style=\"padding-left: 40px;\">Ist das nicht ein neokoloniales Werte- und Gesellschaftsverst\u00e4ndnis, in dem Wirtschaftswachstum und Gewinnmaximierung prim\u00e4r f\u00fcr wohlhabende Minderheiten, hegemoniale Priorit\u00e4t zugeschrieben wird und die Zur\u00fcckdr\u00e4ngung sozialer, nationaler und ethnischer Polarisierungen und Ausbeutung zweitrangig wurde?<\/p>\n<p style=\"padding-left: 40px;\">Glauben die politisch Verantwortlichen wirklich, dass ein solches anachronistisches, neokoloniales und imperiales Politikverst\u00e4ndnis, das seit vielen Jahrhunderten auf unz\u00e4hligen V\u00f6lkermorden, ethnischen S\u00e4uberungen und Versklavungen basierte, auch mit einem christlichen Weltbild vereinbar ist und etwa das Vorbild f\u00fcr eine diverse und multipolare Welt von Morgen sein k\u00f6nnte? Angesichts der Tatsache, dass \u00fcber 80 Prozent der Menschheit nicht in den westlichen Industriestaaten leben? Es w\u00e4re eine Welt, die immer mehr von sozialen Verwerfungen, \u00f6kologischen Krisen, Ausbeutung und Mangel an Demokratie determiniert sein wird.<\/p>\n<p style=\"padding-left: 40px;\">Ist den politisch Verantwortlichen des Westens nicht klar, dass sie bei Fortsetzung dieser gewaltt\u00e4tigen Au\u00dfen- und Innenpolitik dabei sind, die nach 1945 geschaffene, wertebasierte UN-Charta sowie die gesamte Nachkriegsordnung der Vereinten Nationen zu zerst\u00f6ren, die endlich die richtigen v\u00f6lkerrechtlichen Schlussfolgerungen aus den m\u00f6rderischen Grunderfahrungen des\u00a0Ersten und\u00a0Zweiten Weltkrieges gezogen hatten, mit dem ausdr\u00fccklichen Ziel, den Weltfrieden und die internationale Zusammenarbeit zu sichern?<\/p>\n<p style=\"padding-left: 40px;\">Ist ihnen nicht klar, dass sich aus Buchstaben und Geist der Friedens- und Werteordnung der UN-Charta und UN-Beschl\u00fcsse keinerlei F\u00fchrungsanspruch der USA und der westlichen Welt oder irgendeiner Nation, auch nicht Russlands oder Chinas, ableiten l\u00e4sst, wenn es da in der Pr\u00e4ambel hei\u00dft:<\/p>\n<p style=\"padding-left: 40px;\">&#8222;Wir, die V\u00f6lker der Vereinten Nationen \u2013 fest entschlossen, k\u00fcnftige Geschlechter vor der Gei\u00dfel des Krieges zu bewahren, die zweimal zu unseren Lebzeiten unsagbares Leid \u00fcber die Menschheit gebracht hat.&#8220; Und weiter hei\u00dft es in Art. 2 (1) deshalb ausdr\u00fccklich gegen irgendeinen, wie auch immer gearteten F\u00fchrungsanspruch:<\/p>\n<p style=\"padding-left: 40px;\">&#8222;Die Organisation beruht auf dem Grundsatz der souver\u00e4nen Gleichheit aller ihrer Mitglieder.&#8220;<\/p>\n<p style=\"padding-left: 40px;\">Und in Art. 13 (b) wird eine wertebasierte Friedens- Sicherheit- und Zusammenarbeitspolitik wie folgt definiert:<\/p>\n<p style=\"padding-left: 40px;\">&#8222;&#8230; um die internationale Zusammenarbeit auf dem Gebiet der Wirtschaft, des Sozialwesens, der Kultur, der Erziehung und der Gesundheit zu f\u00f6rdern und zur Verwirklichung der Menschenrechte und Grundfreiheiten f\u00fcr alle ohne Unterschiede der Rasse, des Geschlechts, der Sprache und der Religion beizutragen.&#8220;<\/p>\n<p style=\"padding-left: 40px;\">Ich frage nochmals: Konnten westliche Kriege nach 1990 diese UN-Werte tats\u00e4chlich weltweit durchsetzen, oder versanken diese nicht dadurch endg\u00fcltig im apokalyptischen Chaos?<\/p>\n<p style=\"padding-left: 40px;\">Die politisch Verantwortlichen der westlichen Welt und die gesamte Welt\u00f6ffentlichkeit k\u00f6nnen jetzt der brennenden Gegenwarts- und Zukunftsfrage nicht l\u00e4nger ausweichen: Verst\u00f6\u00dft die einseitige NATO-Parteinahme und Kriegsunterst\u00fctzung f\u00fcr die ukrainischen Machthaber nicht in Wirklichkeit gegen die existenziellen Lebensinteressen der Menschen sowohl im Westen als auch in Russland und in der Ukraine und damit gegen den &#8222;Grundsatz der souver\u00e4nen Gleichheit aller ihrer Mitglieder&#8220;? Die Menschheit steht, wie vor dem 1. und 2. Weltkrieg, wieder an einem Scheideweg ihrer Geschichte, und erneut bekommt der Satz von Walter Benjamin eine beklemmende Aktualit\u00e4t: &#8222;Dass es so weitergeht, ist die Katastrophe!&#8220;<\/p>\n<p style=\"padding-left: 40px;\">Ich frage dar\u00fcber hinaus, ob es mit den substanziellen Vertragsbedingungen der NATO als &#8222;Verteidigungsb\u00fcndnis&#8220; zu vereinbaren ist, dass sie als Kriegspartei f\u00fcr das Nicht-NATO-Mitglied Ukraine sowohl bei der Machtergreifung der jetzigen ukrainischen Regierung wie auch bei deren heutiger Kriegsf\u00fchrung ausschlaggebend wirksam wurde. Wo bleibt der Ruf nach einem internationalen Gerichtshof, der diese NATO-Strategie juristisch unabh\u00e4ngig beurteilen k\u00f6nnte? Denn das ukrainische Regime lehnte offenbar eine f\u00f6derale L\u00f6sung mit Russland ab, das mit der Ukraine eine, wenn auch widerspr\u00fcchliche, jahrhundertelange wirtschaftliche, interethnische, interkulturelle und interreligi\u00f6se Geschichte auf das Engste verband.<\/p>\n<p style=\"padding-left: 40px;\">Ich frage mich zugleich, ob diese gewaltsame Au\u00dfenpolitik mit dem Grundgesetz der Bundesrepublik Deutschland zu vereinbaren, wenn nicht sogar verfassungsfeindlich ist, weil Kanzler Scholz bei seinem Amtsantritt den deutschen W\u00e4hlern und keinem anderen Volk gegen\u00fcber beeidet hat, dass er &#8222;Schaden vom deutschen Volk&#8220; abwenden wolle. W\u00e4re hier nicht eine juristische Kl\u00e4rung dieses Eidbruches vor dem Bundesverfassungsgericht zwingend erforderlich?<\/p>\n<p style=\"padding-left: 40px;\">Und ich frage mich zuletzt, ob eine deutsche Regierung, deren Vorg\u00e4nger im\u00a0Ersten und\u00a0Zweiten Weltkrieg Millionen und Abermillionen von toten Russen und Ukrainern sowie Tod und Zerst\u00f6rung bei vielen anderen V\u00f6lkern mitzuverantworten hatten, nicht zuletzt den V\u00f6lkermord an den europ\u00e4ischen Juden, zu der auch Teile meiner Familie geh\u00f6rten, dass diese heutige Ampelregierung nicht gerade deshalb die verdammte Pflicht und Schuldigkeit hat, sich alternativlos f\u00fcr eine Verhandlungs- und Kompromissl\u00f6sung einzusetzen, anstatt weiter \u00d6l ins Feuer dieses gef\u00e4hrlichsten Globalkonfliktes seit 1945 zu gie\u00dfen, nur um sich, in falsch verstandener Solidarit\u00e4t, als treuer Vasall der USA und des westlichen B\u00fcndnisses zu profilieren.<\/p>\n<p style=\"padding-left: 40px;\">Gerade in Deutschland sollten die politisch Verantwortlichen daran entscheidend mitwirken, dass die friedenspolitischen und antifaschistischen Grundwerte der Vereinten Nationen dem wohl wertvollsten diplomatischen Erbe der Menschheit seit der Beendigung des\u00a0Ersten und\u00a0Zweiten Weltkrieges, das mit dem Schwur von Buchenwald: &#8222;Nie wieder Faschismus \u2013 nie wieder Krieg!&#8220; \u00fcbereinstimmt, nicht erneut durch die falschen Mittel einer gegenseitigen Kriegspolitik zerst\u00f6rt werden.<\/p>\n<p style=\"padding-left: 40px;\">Ich sage das alles zugleich in dem vollen Bewusstsein, dass unsere Erde bekannterma\u00dfen ein einzigartiger Planet ist. Dass wir in der unendlichen Weite des Universums bisher nichts Vergleichbares an wunderbarer Natur, an sch\u00f6pferischem, hochentwickeltem Leben im Weltall gefunden haben. Und ich frage mich immer und immer wieder, wie verantwortungsvoll gehe ich selbst, gehen wir mit unserer heutigen Welt um?<\/p>\n<p style=\"padding-left: 40px;\">Was f\u00fcr eine irrationale, antidemokratische, autorit\u00e4re Herrenmenschen-Ideologie w\u00e4re es, wenn angeblich nur die westliche Welt das Grundrezept f\u00fcr eine humane Zukunft der gesamten Erde in den H\u00e4nden hielte, um sie dann auch noch mit kriegerischen Mitteln durchzusetzen? Wie kann es sein, dass in einer so unendlich diversen Welt es nur einen kriegerischen Ausweg aus der Gef\u00e4hrdung unserer gesamten Sch\u00f6pfung geben sollte und nicht eine, gerade durch die UN-Charta vorgezeichnete, friedliche und f\u00f6derale Koexistenz vieler Meinungen und verschiedener gesellschaftlicher Systeme, die sich in Zukunft befruchten, dadurch verwandeln und ann\u00e4hern k\u00f6nnten?<\/p>\n<p style=\"padding-left: 40px;\">Deshalb lautet meine unmissverst\u00e4ndliche Botschaft nochmals: Nur durch eine alternativlose Verhandlungsl\u00f6sung im Hier und Jetzt kann es in dieser krisengesch\u00fcttelten Welt in Zukunft einen Friedensweg zu gemeinsamer Sicherheit und Zusammenarbeit geben, kann ein Globalkrieg um die Ukraine und auch anderswo noch abgewendet werden.<\/p>\n<p><em>Das Buch kann <a href=\"https:\/\/vergangenheitsverlag.de\/shop\/Juedisch-und-Links-Erinnerungen-1921-2021--Zum-Kulturerbe-der-DDR-_Ein-Buch-von-Wolfgang-Herzberg-168.htm\" target=\"_blank\" rel=\"noopener\">hier<\/a> erworben werden.<\/em><\/p>\n<p><em><strong>Autoren-Portr\u00e4t <\/strong><\/em><\/p>\n<p><em>Wolfgang Herzberg, 1944 als Emigrantenkind in England geboren, 1947 R\u00fcckkehr der Familie nach Berlin-Steglitz. Von 1950 bis 1958 Besuch der Grundschule in Berlin-Wei\u00dfensee. 1962 Abitur, 1963 Filmkopierfacharbeiter, Arbeit als Tiefbau- und Landarbeiter. Von 1964 bis 1971 Kulturwissenschaftsstudium an der Humboldt-Universit\u00e4t, danach bis 1974 gewerkschaftliche Kulturarbeit. Von 1974 bis 1979 freiberufliche Mitarbeit an Dokumentarfilmen. 1979-1981 Aspirant an der Akademie der Wissenschaften der DDR zum Thema: Biografische Interviews mit Arbeitern des Berliner Gl\u00fchlampenwerkes. Ab 1981 freiberuflicher Autor und Publizist. Namensstifter und Geburtshelfer der Rockgruppe PANKOW, Autor des Rockspektakels PAULE PANKE (1981) und HANS IM GL\u00dcCK (1984), Liedermacher, Mitarbeit an Dokumentarfilm und Monografie \u00fcber die Autorin Elfriede Br\u00fcning. Biografische Interviews und analytische Texte zur DDR-Geschichte linker Juden.<\/em><\/p>\n<p style=\"text-align: right;\"><em>Rainer Rupp ist Mitglied des Beirats des Deutschen Freidenker-Verbandes<\/em><\/p>\n<hr \/>\n<p><span style=\"font-size: 10pt;\">Bild: Collage von Ralf Lux, unter Verwendung von:<br \/>\n<\/span><span style=\"font-size: 10pt;\">Wolfgang Herzberg, <\/span><span style=\"font-size: 10pt;\">Quelle: <a href=\"https:\/\/www.wolfgangherzberg.de\/\" target=\"_blank\" rel=\"noopener\">https:\/\/www.wolfgangherzberg.de\/<\/a><br \/>\nLogo der Zeitschrift &#8222;Ossietzky&#8220;, Quelle: <a href=\"https:\/\/www.ossietzky.net\/\" target=\"_blank\" rel=\"noopener\">https:\/\/www.ossietzky.net\/<\/a><\/span><\/p>\n","protected":false},"excerpt":{"rendered":"<p><b>Beitrag von Rainer Rupp<\/b> inklusive Nachdruck des Artikels <b>\u201eVerhandlungsl\u00f6sung \u2013 Alternativlos\u201c<\/b> von <b>Wolfgang Herzberg<\/b><br \/>\nAus bekannten Gr\u00fcnden haben Stimmen j\u00fcdischer Mitb\u00fcrger zu politischen Ereignissen ein gewisses Gewicht in unserem Land. Daf\u00fcr sorgen schon unsere selbst erkl\u00e4rten \u201eQualit\u00e4tsmedien\u201c, aber meist nur, wenn diese Stimmen konform mit der herrschenden Regierungspolitik und der dahinterstehenden US-gef\u00fchrten \u201eKriegsordnung ohne Regeln\u201c sind. Wird jedoch grunds\u00e4tzliche Kritik ge\u00fcbt an den aktuellen kriegerischen Mitteln der NATO-Politik und der Propagandaschlacht des Westens, einschlie\u00dflich der Ampel-Regierung, die auch von CDU und Linke unterst\u00fctzt wird, dann wird auch eine zweifelnde j\u00fcdische Stimme, wie so viele, in den Massenmedien standfest ignoriert.<\/p>\n","protected":false},"author":3,"featured_media":14492,"comment_status":"closed","ping_status":"closed","sticky":false,"template":"","format":"standard","meta":{"colormag_page_container_layout":"default_layout","colormag_page_sidebar_layout":"default_layout","advanced_seo_description":"","jetpack_seo_html_title":"","jetpack_seo_noindex":false,"jetpack_post_was_ever_published":false,"footnotes":""},"categories":[12],"tags":[1032,1136,1531,723,188,743,395,639,946,1637,1416],"class_list":["post-14484","post","type-post","status-publish","format-standard","has-post-thumbnail","hentry","category-demokratie-medien-aufklaerung","tag-bundesregierung","tag-friedenspolitik","tag-gleichschaltung","tag-judentum","tag-krieg","tag-medienluegen","tag-meinungsfreiheit","tag-ukraine-konflikt","tag-un-charta","tag-verhandlungsloesung","tag-waffen"],"jetpack_featured_media_url":"https:\/\/i0.wp.com\/www.freidenker.org\/fw17\/wp-content\/uploads\/2022\/10\/wolfgang_herzberg_ossietzky.jpg?fit=800%2C450&ssl=1","jetpack_shortlink":"https:\/\/wp.me\/p9stpK-3LC","jetpack-related-posts":[{"id":16739,"url":"https:\/\/www.freidenker.org\/?p=16739","url_meta":{"origin":14484,"position":0},"title":"Jacques Baud erl\u00e4utert die wahren Gr\u00fcnde des Ukraine-Krieges","author":"Webredaktion","date":"30. Juli 2023","format":false,"excerpt":"Ein Interview von Ekkehard Sieker Von der Art und Weise, wie wir eine Krise verstehen, h\u00e4ngt es ab, wie wir sie l\u00f6sen. Die h\u00e4ufig unvollst\u00e4ndige Darstellung der Vorgeschichte des Ukraine-Kriegs in vielen europ\u00e4ischen Medien und in der Politik hat durch zu einfache und einseitige Schuldzuweisung die Chancen auf eine Verhandlungsl\u00f6sung\u2026","rel":"","context":"In &quot;Demokratie \u2013 Medien \u2013 Aufkl\u00e4rung&quot;","block_context":{"text":"Demokratie \u2013 Medien \u2013 Aufkl\u00e4rung","link":"https:\/\/www.freidenker.org\/?cat=12"},"img":{"alt_text":"","src":"https:\/\/i0.wp.com\/www.freidenker.org\/fw17\/wp-content\/uploads\/2023\/07\/baud_sieker_3_800x450.jpg?fit=800%2C450&ssl=1&resize=350%2C200","width":350,"height":200,"srcset":"https:\/\/i0.wp.com\/www.freidenker.org\/fw17\/wp-content\/uploads\/2023\/07\/baud_sieker_3_800x450.jpg?fit=800%2C450&ssl=1&resize=350%2C200 1x, https:\/\/i0.wp.com\/www.freidenker.org\/fw17\/wp-content\/uploads\/2023\/07\/baud_sieker_3_800x450.jpg?fit=800%2C450&ssl=1&resize=525%2C300 1.5x, https:\/\/i0.wp.com\/www.freidenker.org\/fw17\/wp-content\/uploads\/2023\/07\/baud_sieker_3_800x450.jpg?fit=800%2C450&ssl=1&resize=700%2C400 2x"},"classes":[]},{"id":13797,"url":"https:\/\/www.freidenker.org\/?p=13797","url_meta":{"origin":14484,"position":1},"title":"Nur ein &#8222;schmutziges Abkommen&#8220; mit Moskau k\u00f6nnte die Ukraine retten","author":"Webredaktion","date":"22. Juli 2022","format":false,"excerpt":"Beitrag von Rainer Rupp in zwei Teilen Vor Kurzem gab es in US-Medien einige sehr gute und kritische Analysen zum Ukraine-Komplex, die aufhorchen lie\u00dfen. Darunter waren zwei Beitr\u00e4ge des bekannten geopolitischen Experten Dr. Gordon Hahn, die wir uns heute n\u00e4her ansehen wollen. ... Dr. Hahn ist einer der leider immer\u2026","rel":"","context":"In &quot;Demokratie \u2013 Medien \u2013 Aufkl\u00e4rung&quot;","block_context":{"text":"Demokratie \u2013 Medien \u2013 Aufkl\u00e4rung","link":"https:\/\/www.freidenker.org\/?cat=12"},"img":{"alt_text":"","src":"https:\/\/i0.wp.com\/www.freidenker.org\/fw17\/wp-content\/uploads\/2022\/07\/ukraine-7052326_800x450.jpg?fit=800%2C450&ssl=1&resize=350%2C200","width":350,"height":200,"srcset":"https:\/\/i0.wp.com\/www.freidenker.org\/fw17\/wp-content\/uploads\/2022\/07\/ukraine-7052326_800x450.jpg?fit=800%2C450&ssl=1&resize=350%2C200 1x, https:\/\/i0.wp.com\/www.freidenker.org\/fw17\/wp-content\/uploads\/2022\/07\/ukraine-7052326_800x450.jpg?fit=800%2C450&ssl=1&resize=525%2C300 1.5x, https:\/\/i0.wp.com\/www.freidenker.org\/fw17\/wp-content\/uploads\/2022\/07\/ukraine-7052326_800x450.jpg?fit=800%2C450&ssl=1&resize=700%2C400 2x"},"classes":[]},{"id":12557,"url":"https:\/\/www.freidenker.org\/?p=12557","url_meta":{"origin":14484,"position":2},"title":"Trag\u00f6die in der Ukraine w\u00e4re per Diplomatie vermeidbar gewesen","author":"Webredaktion","date":"8. April 2022","format":false,"excerpt":"Beitrag von Rainer Rupp Wenn die Nachricht des Wall Street Journal stimmt, dann hat die Zeitung einen riesigen, menschenverachtenden Skandal enth\u00fcllt. Denn das Sterben von Tausenden und das Leid von zig Tausenden Menschen in der Ukraine, egal auf welcher Seite, erscheint aufgrund der Wall-Street-Journal-Enth\u00fcllung in einem ganz anderen Licht. Die\u2026","rel":"","context":"In &quot;Frieden - Antifaschismus - Solidarit\u00e4t&quot;","block_context":{"text":"Frieden - Antifaschismus - Solidarit\u00e4t","link":"https:\/\/www.freidenker.org\/?cat=13"},"img":{"alt_text":"","src":"https:\/\/i0.wp.com\/www.freidenker.org\/fw17\/wp-content\/uploads\/2022\/04\/gebaeude_mariupol_800x450.jpg?fit=800%2C450&ssl=1&resize=350%2C200","width":350,"height":200,"srcset":"https:\/\/i0.wp.com\/www.freidenker.org\/fw17\/wp-content\/uploads\/2022\/04\/gebaeude_mariupol_800x450.jpg?fit=800%2C450&ssl=1&resize=350%2C200 1x, https:\/\/i0.wp.com\/www.freidenker.org\/fw17\/wp-content\/uploads\/2022\/04\/gebaeude_mariupol_800x450.jpg?fit=800%2C450&ssl=1&resize=525%2C300 1.5x, https:\/\/i0.wp.com\/www.freidenker.org\/fw17\/wp-content\/uploads\/2022\/04\/gebaeude_mariupol_800x450.jpg?fit=800%2C450&ssl=1&resize=700%2C400 2x"},"classes":[]},{"id":18351,"url":"https:\/\/www.freidenker.org\/?p=18351","url_meta":{"origin":14484,"position":3},"title":"Diese Regierung geh\u00f6rt abgeschafft","author":"Webredaktion","date":"25. Februar 2024","format":false,"excerpt":"Rede von Regina Silbermann gehalten am 19.02. 2024 vor dem Rathaus in Chemnitz Der Krieg in der Ukraine h\u00e4lt an. Eine Verhandlungsl\u00f6sung scheint in weiter Ferne, vor allem, seit der Kiewer Pr\u00e4sident Wolodymyr Selenskyj im Herbst 2022 Verhandlungen mit Russlands Pr\u00e4sident Wladimir Putin per Dekret verboten hat. Dieses Dekret besteht\u2026","rel":"","context":"In &quot;Frieden - Antifaschismus - Solidarit\u00e4t&quot;","block_context":{"text":"Frieden - Antifaschismus - Solidarit\u00e4t","link":"https:\/\/www.freidenker.org\/?cat=13"},"img":{"alt_text":"","src":"https:\/\/i0.wp.com\/www.freidenker.org\/fw17\/wp-content\/uploads\/2024\/02\/Montagsdemo_Chemnitz_2023-09-25_800x450.jpg?fit=800%2C450&ssl=1&resize=350%2C200","width":350,"height":200,"srcset":"https:\/\/i0.wp.com\/www.freidenker.org\/fw17\/wp-content\/uploads\/2024\/02\/Montagsdemo_Chemnitz_2023-09-25_800x450.jpg?fit=800%2C450&ssl=1&resize=350%2C200 1x, https:\/\/i0.wp.com\/www.freidenker.org\/fw17\/wp-content\/uploads\/2024\/02\/Montagsdemo_Chemnitz_2023-09-25_800x450.jpg?fit=800%2C450&ssl=1&resize=525%2C300 1.5x, https:\/\/i0.wp.com\/www.freidenker.org\/fw17\/wp-content\/uploads\/2024\/02\/Montagsdemo_Chemnitz_2023-09-25_800x450.jpg?fit=800%2C450&ssl=1&resize=700%2C400 2x"},"classes":[]},{"id":18409,"url":"https:\/\/www.freidenker.org\/?p=18409","url_meta":{"origin":14484,"position":4},"title":"Es ist dem Westen egal, ob der Ukraine-Krieg endet","author":"Webredaktion","date":"28. Februar 2024","format":false,"excerpt":"von Tom J. Wellbrock Annalena Baerbock (Die Gr\u00fcnen) erz\u00e4hlt seit zwei Jahren die immer gleiche Geschichte: \"Und deswegen ist das, was wir tun m\u00fcssen, maximalen Druck international aufbauen \u2013 auf L\u00e4nder wie China oder auch Iran und Nordkorea. Und solange Putin diesen Krieg nicht beendet \u2013 er k\u00f6nnte ihn morgen\u2026","rel":"","context":"In &quot;Demokratie \u2013 Medien \u2013 Aufkl\u00e4rung&quot;","block_context":{"text":"Demokratie \u2013 Medien \u2013 Aufkl\u00e4rung","link":"https:\/\/www.freidenker.org\/?cat=12"},"img":{"alt_text":"","src":"https:\/\/i0.wp.com\/www.freidenker.org\/fw17\/wp-content\/uploads\/2024\/02\/Annalena_Baerbock_in_Berlin_2024_800x450.jpg?fit=800%2C450&ssl=1&resize=350%2C200","width":350,"height":200,"srcset":"https:\/\/i0.wp.com\/www.freidenker.org\/fw17\/wp-content\/uploads\/2024\/02\/Annalena_Baerbock_in_Berlin_2024_800x450.jpg?fit=800%2C450&ssl=1&resize=350%2C200 1x, https:\/\/i0.wp.com\/www.freidenker.org\/fw17\/wp-content\/uploads\/2024\/02\/Annalena_Baerbock_in_Berlin_2024_800x450.jpg?fit=800%2C450&ssl=1&resize=525%2C300 1.5x, https:\/\/i0.wp.com\/www.freidenker.org\/fw17\/wp-content\/uploads\/2024\/02\/Annalena_Baerbock_in_Berlin_2024_800x450.jpg?fit=800%2C450&ssl=1&resize=700%2C400 2x"},"classes":[]},{"id":14160,"url":"https:\/\/www.freidenker.org\/?p=14160","url_meta":{"origin":14484,"position":5},"title":"Ziele","author":"Webredaktion","date":"6. September 2022","format":false,"excerpt":"Beitrag von Willy Wimmer Spiegel-online meldete am 2.9.2022 kurzzeitig, da\u00df SPD-MdBs von dem Bundeskanzler eine auf Beendigung des Krieges in der Ukraine und einen Friedensschlu\u00df ausgerichtete Politik fordern w\u00fcrden. Das ist nicht das erste Mal, Stimmen dieser Tonlage aus der SPD zu vernehmen. In dem Ma\u00dfe, wie SPD-Fraktionsvorsitzender Rolf M\u00fctzenich\u2026","rel":"","context":"In &quot;Frieden - Antifaschismus - Solidarit\u00e4t&quot;","block_context":{"text":"Frieden - Antifaschismus - Solidarit\u00e4t","link":"https:\/\/www.freidenker.org\/?cat=13"},"img":{"alt_text":"","src":"https:\/\/i0.wp.com\/www.freidenker.org\/fw17\/wp-content\/uploads\/2022\/09\/buffer-stop-172266_800x450.jpg?fit=800%2C450&ssl=1&resize=350%2C200","width":350,"height":200,"srcset":"https:\/\/i0.wp.com\/www.freidenker.org\/fw17\/wp-content\/uploads\/2022\/09\/buffer-stop-172266_800x450.jpg?fit=800%2C450&ssl=1&resize=350%2C200 1x, https:\/\/i0.wp.com\/www.freidenker.org\/fw17\/wp-content\/uploads\/2022\/09\/buffer-stop-172266_800x450.jpg?fit=800%2C450&ssl=1&resize=525%2C300 1.5x, https:\/\/i0.wp.com\/www.freidenker.org\/fw17\/wp-content\/uploads\/2022\/09\/buffer-stop-172266_800x450.jpg?fit=800%2C450&ssl=1&resize=700%2C400 2x"},"classes":[]}],"_links":{"self":[{"href":"https:\/\/www.freidenker.org\/index.php?rest_route=\/wp\/v2\/posts\/14484","targetHints":{"allow":["GET"]}}],"collection":[{"href":"https:\/\/www.freidenker.org\/index.php?rest_route=\/wp\/v2\/posts"}],"about":[{"href":"https:\/\/www.freidenker.org\/index.php?rest_route=\/wp\/v2\/types\/post"}],"author":[{"embeddable":true,"href":"https:\/\/www.freidenker.org\/index.php?rest_route=\/wp\/v2\/users\/3"}],"replies":[{"embeddable":true,"href":"https:\/\/www.freidenker.org\/index.php?rest_route=%2Fwp%2Fv2%2Fcomments&post=14484"}],"version-history":[{"count":0,"href":"https:\/\/www.freidenker.org\/index.php?rest_route=\/wp\/v2\/posts\/14484\/revisions"}],"wp:featuredmedia":[{"embeddable":true,"href":"https:\/\/www.freidenker.org\/index.php?rest_route=\/wp\/v2\/media\/14492"}],"wp:attachment":[{"href":"https:\/\/www.freidenker.org\/index.php?rest_route=%2Fwp%2Fv2%2Fmedia&parent=14484"}],"wp:term":[{"taxonomy":"category","embeddable":true,"href":"https:\/\/www.freidenker.org\/index.php?rest_route=%2Fwp%2Fv2%2Fcategories&post=14484"},{"taxonomy":"post_tag","embeddable":true,"href":"https:\/\/www.freidenker.org\/index.php?rest_route=%2Fwp%2Fv2%2Ftags&post=14484"}],"curies":[{"name":"wp","href":"https:\/\/api.w.org\/{rel}","templated":true}]}}