{"id":14482,"date":"2022-10-19T23:51:42","date_gmt":"2022-10-19T21:51:42","guid":{"rendered":"https:\/\/www.freidenker.org\/?p=14482"},"modified":"2022-11-05T12:57:45","modified_gmt":"2022-11-05T11:57:45","slug":"melnyk-geht-schade-dass-er-seine-freunde-nicht-mitnimmt","status":"publish","type":"post","link":"https:\/\/www.freidenker.org\/?p=14482","title":{"rendered":"Melnyk geht \u2013 schade, dass er seine Freunde nicht mitnimmt"},"content":{"rendered":"<p><strong>Er war immer nur Botschafter der Bandera-Ukraine, aber die deutschen Medien scheinen ihn lieb gewonnen zu haben. Schlie\u00dflich steht die Bandera-Ukraine in Diensten der NATO. Melnyk lieferte die Entschuldigung, die wirklichen ukrainischen Interessen v\u00f6llig zu ignorieren.<\/strong><\/p>\n<p><em>Von <strong>Dagmar Henn<\/strong><\/em><\/p>\n<p><span style=\"font-size: 10pt;\">Erstver\u00f6ffentlichung am 14.10.2022 auf <a href=\"https:\/\/pressefreiheit.rtde.live\/meinung\/151603-melnyk-geht-schade-dass-er\/\" target=\"_blank\" rel=\"noopener\">RT DE<\/a><\/span><\/p>\n<div class=\"EmbedBlock-root EmbedBlock-all\">\n<div class=\"AllEmbed\"><iframe loading=\"lazy\" title=\"Melnyk geht \u2013 schade, dass er seine Freunde nicht mitnimmt\" src=\"https:\/\/www.podbean.com\/player-v2\/?i=46de9-12ef400-pb&amp;from=pb6admin&amp;share=1&amp;download=1&amp;rtl=0&amp;fonts=Arial&amp;skin=1&amp;font-color=&amp;logo_link=episode_page&amp;btn-skin=7\" width=\"100%\" height=\"150\" scrolling=\"no\" data-name=\"pb-iframe-player\" data-mce-fragment=\"1\"><\/iframe><\/div>\n<\/div>\n<p>Jetzt geht er also endlich, der ukrainische Giftzwerg Melnyk. Und die deutsche Presselandschaft scheint ihm geradezu nachzuweinen. Einen &#8222;Lebensretter seines Landes&#8220; <a href=\"https:\/\/www.tagesschau.de\/inland\/melnyk-botschafter-ukraine-103.html\">nennt<\/a> ihn die <em>Tagesschau<\/em>, der die Deutschen &#8222;zwang&#8220;, &#8222;in den Spiegel zu schauen&#8220;, und mit den &#8222;Irrt\u00fcmern der Vergangenheit&#8220; konfrontierte. Er habe &#8222;f\u00fcr Wirbel gesorgt&#8220; (<em>t-online<\/em>), sei als &#8222;leidenschaftlicher Vertreter ukrainischer Interessen&#8220; aufgetreten (<em>Berliner Zeitung<\/em>), sei &#8222;der vermutlich bekannteste Diplomat, den die Bundesrepublik jemals erlebt hat&#8220; (<em>ntv<\/em>), der sich &#8222;mit oft harter Kritik an der Bundesregierung einen Namen gemacht hat&#8220; (<em>BR<\/em>).<\/p>\n<p>Melnyk, der gleich bei Amtsantritt vor bald acht Jahren mit seinem Besuch am Grab des ukrainischen Faschisten Stepan Bandera seine Gesinnung klar zu erkennen gab, der herump\u00f6belnde Russenhasser, der Bundeskanzler Olaf Scholz eine &#8222;beleidigte Leberwurst&#8220; nannte und immer nur eines kannte, Waffen fordern, mehr Waffen und noch mehr Waffen. Dass das einer R\u00fcstungslobbyistin wie Strack-Zimmermann recht ist, muss nicht verwundern. Aber warum tun sie jetzt alle so, als sei dieser als Diplomat offenkundig v\u00f6llig unqualifizierte Nazipropagandist eine Person, die man achten m\u00fcsse, die man sogar vermissen k\u00f6nne?<\/p>\n<p>Das wirklich Eigenartige daran ist, dass von den acht Jahren, in denen Melnyk das ukrainische Regime als Botschafter vertrat, nur die letzten Monate zu existieren scheinen. Dabei liegen davor all die Jahre, in denen Deutschland Garantiemacht der Minsker Vereinbarungen war und in denen ein Andrei Melnyk als Kanal h\u00e4tte dienen m\u00fcssen, um den zur Umsetzung dieser Vereinbarungen erforderlichen Druck auf Kiew auszu\u00fcben. H\u00e4tte es diesen Druck gegeben, h\u00e4tte sich je eine Bundesregierung darum bem\u00fcht, tats\u00e4chlich einen Weg heraus aus diesem Krieg zu bahnen, der vor acht Jahren im Donbass begann, Melnyk w\u00e4re nie auf den Gedanken gekommen, sein Lied von Waffen, Waffen, Waffen anzustimmen.<\/p>\n<p>Und nat\u00fcrlich war er nie Vertreter ukrainischer Interessen, denn die wirklichen Interessen der Menschen in der Ukraine, die objektiven Interessen, bei denen es um M\u00f6glichkeiten einer wirtschaftlichen Entwicklung geht, um eine Perspektive eines friedlichen Zusammenlebens all der unterschiedlichen Gruppen der Bev\u00f6lkerung, die hat er nie vertreten. Er stand immer nur f\u00fcr die Interessen der Oligarchenclique, die in Kiew die Macht innehat. Und wenn man verstehen will, wie diese Bande tickt, muss man nur daran erinnern, dass der ehemalige Pr\u00e4sident Petro Poroschenko, der den Krieg im Donbass begann, nebenbei auch der gr\u00f6\u00dfte Sargproduzent in der Ukraine war. Unmittelbarer l\u00e4sst sich die Differenz zwischen den Interessen der gew\u00f6hnlichen B\u00fcrger und der herrschenden Truppe nicht illustrieren.<\/p>\n<p>H\u00e4tte man in Berlin auch nur ansatzweise die Minsker Vereinbarungen umsetzen wollen, dieser Melnyk h\u00e4tte es niemals zum deutschen Medienstar geschafft. Denn er ist die fleischgewordene Sabotage jedes Wegs zum Frieden; der Widerspruch, den die deutsche Presse in ihrer Abschiedsbetrachtung behauptet, zwischen seiner &#8222;leidenschaftlichen Vertretung ukrainischer Interessen&#8220; und seiner Verehrung f\u00fcr den Nazikollaborateur Bandera, ist keiner.<\/p>\n<p>Man redet in Deutschland ungern \u00fcber die Vorgeschichte, aber wenn es um die wirklichen ukrainischen Interessen geht, kommt man nicht darum herum. Vor allem nicht um die Frage des Kooperationsabkommens mit der EU. Denn dieses Abkommen bedeutete nicht nur, dass die ukrainische Wirtschaft ihren Exportmarkt in Russland verlor; es bedeutete zudem, dass die Ukraine zwar Absatzmarkt f\u00fcr die EU wurde, selbst aber keine M\u00f6glichkeit hatte, in die EU zu exportieren, weil die daf\u00fcr erforderlichen Investitionen zur Einhaltung der europ\u00e4ischen Normen zu hoch waren. Die Entscheidung des damaligen Pr\u00e4sidenten Janukowitsch, dieses Assoziierungsabkommen nachzuverhandeln, die dann dazu f\u00fchrte, dass mit viel US- und EU-Unterst\u00fctzung der Maidan vom Zaun gebrochen wurde, war die letzte Entscheidung, die tats\u00e4chlich im Interesse der Ukraine war.<\/p>\n<p>Melnyk vertrat also, objektiv, immer die Interessen der NATO beziehungsweise die Interessen der Kriegstreiber in Washington und der ukrainischen Bandera-Anh\u00e4nger, zu denen er geh\u00f6rt.<\/p>\n<p>Aber die wirklichen Interessen der Ukraine beziehungsweise der dort lebenden realen Menschen haben in der deutschen Politik und f\u00fcr die deutschen Medien noch weniger Bedeutung als der Wille ihrer W\u00e4hler f\u00fcr die deutsche Au\u00dfenministerin Annalena Baerbock. Es wurde ja durchaus offen ausgesprochen, etwa von Florence Gaub, dass das Ziel der NATO in der Ukraine darin besteht, Russland den gr\u00f6\u00dftm\u00f6glichen Schaden zuzuf\u00fcgen. Wie viele Ukrainer f\u00fcr dieses Ziel verheizt werden, spielt keine Rolle. Das wird auch bis heute, trotz des lauten Geschreis \u00fcber den &#8222;schrecklichen Krieg&#8220; und Dutzender blanker L\u00fcgen wie \u00fcber russischen Beschuss auf das Kraftwerk Energodar, nicht erw\u00e4hnt. Als w\u00e4ren all diese Toten nicht tot, w\u00e4ren nicht S\u00f6hne, Br\u00fcder, M\u00e4nner, V\u00e4ter; sie sind nur Werkzeuge f\u00fcr ein geopolitisches Spiel, das aus dem Westen gespielt wird. Und derjenige, der der willigste Knecht ist, dem die Bev\u00f6lkerung, die er vertreten sollte, mindestens so gleich ist wie der bundesdeutschen Regierung die ihre, ist besonders willkommen.<\/p>\n<p>Man r\u00fcmpft immer noch ein wenig die Nase \u00fcber den Hautgout, den diese Truppen verstr\u00f6men, aber wenn Melnyk zum Abschied keinen Tritt erh\u00e4lt (den er allein schon wegen seiner Verletzung jeder diplomatischen Verhaltensregel verdient h\u00e4tte), sondern Lobges\u00e4ngen lauschen darf, dann ert\u00f6nen diese nicht, obwohl, sondern weil er ein Faschist ist. Weil er auch den Vertretern der deutschen Journaille den Raum \u00f6ffnete, offen ihrer Verachtung f\u00fcr die slawischen Untermenschen zu fr\u00f6nen und sich an der Fantasie einer Vergeltung f\u00fcr Stalingrad zu erfreuen; weil er ihnen die Ausrede lieferte, es ginge tats\u00e4chlich um die Ukraine und nicht von Anfang bis Ende nur um die NATO und die westliche Dominanz.<\/p>\n<p>Ein wirklicher Botschafter der Ukraine h\u00e4tte um die Umsetzung der Minsker Vereinbarungen ringen m\u00fcssen, statt die T\u00fcr immer noch weiter f\u00fcr die NATO, ihre Waffen und ihr Personal zu \u00f6ffnen. Wirkliche Botschafter wird die Ukraine erst wieder haben, wenn diese Macht in Kiew, dieses Kompradoren-Regime verschwunden ist, gleich, ob als eigenst\u00e4ndiger Staat oder eben als Teil Russlands. Ein wirklicher Botschafter behandelt die Jugend seines Landes nicht wie Vieh, das nicht schnell genug zur Schlachtbank getrieben werden kann. Und wirkt nicht begeistert daran mit, f\u00fcr fremde Interessen einen Krieg vom Zaun zu brechen.<\/p>\n<p>Aber eines muss man zugeben \u2013 der Berliner Politbetrieb hatte sich etwas wie Melnyk ehrlich verdient. Er ist Fleisch von ihrem Fleische, menschenverachtend, machtbesessen und von der eigenen \u00dcberheblichkeit verblendet wie die Berliner Regierungstruppe und ihre schreibenden Claqueure. W\u00fcrden sie doch nur alle nach Kiew entschwinden.<\/p>\n<p style=\"text-align: right;\"><em>Dagmar Henn ist Mitglied des Deutschen Freidenker-Verbandes<\/em><\/p>\n<hr \/>\n<p><span style=\"font-size: 10pt;\">Bild: Andrij Melnyk, 2015\u00a0<\/span><br \/>\n<span style=\"font-size: 10pt;\">Foto: Heinrich-B\u00f6ll-Stiftung, <a href=\"https:\/\/creativecommons.org\/licenses\/by-sa\/2.0\" target=\"_blank\" rel=\"noopener\">CC BY-SA 2.0<\/a><\/span><br \/>\n<span style=\"font-size: 10pt;\">Quelle: <a href=\"https:\/\/commons.wikimedia.org\/w\/index.php?curid=45049558\" target=\"_blank\" rel=\"noopener\">https:\/\/commons.wikimedia.org\/w\/index.php?curid=45049558<\/a><\/span><\/p>\n","protected":false},"excerpt":{"rendered":"<p><b>Beitrag von Dagmar Henn<\/b><br \/>\nJetzt geht er also endlich, der ukrainische Giftzwerg Melnyk. Und die deutsche Presselandschaft scheint ihm geradezu nachzuweinen. Einen &#8222;Lebensretter seines Landes&#8220; nennt ihn die Tagesschau, der die Deutschen &#8222;zwang&#8220;, &#8222;in den Spiegel zu schauen&#8220;, und mit den &#8222;Irrt\u00fcmern der Vergangenheit&#8220; konfrontierte. Er habe &#8222;f\u00fcr Wirbel gesorgt&#8220; (t-online), sei als &#8222;leidenschaftlicher Vertreter ukrainischer Interessen&#8220; aufgetreten (Berliner Zeitung), sei &#8222;der vermutlich bekannteste Diplomat, den die Bundesrepublik jemals erlebt hat&#8220; (ntv), der sich &#8222;mit oft harter Kritik an der Bundesregierung einen Namen gemacht hat&#8220; (BR).<br \/>\nMelnyk, der gleich bei Amtsantritt vor bald acht Jahren mit seinem Besuch am Grab des ukrainischen Faschisten Stepan Bandera seine Gesinnung klar zu erkennen gab, &#8230;<\/p>\n","protected":false},"author":3,"featured_media":14488,"comment_status":"closed","ping_status":"closed","sticky":false,"template":"","format":"standard","meta":{"colormag_page_container_layout":"default_layout","colormag_page_sidebar_layout":"default_layout","advanced_seo_description":"","jetpack_seo_html_title":"","jetpack_seo_noindex":false,"jetpack_post_was_ever_published":false,"footnotes":""},"categories":[12],"tags":[1406,451,121,56,639,185,1525],"class_list":["post-14482","post","type-post","status-publish","format-standard","has-post-thumbnail","hentry","category-demokratie-medien-aufklaerung","tag-diplomatie","tag-faschismus","tag-medien","tag-nato","tag-ukraine-konflikt","tag-usa","tag-waffenlieferungen"],"jetpack_featured_media_url":"https:\/\/i0.wp.com\/www.freidenker.org\/fw17\/wp-content\/uploads\/2022\/10\/Andrij_Melnyk_800x450_v2.jpg?fit=800%2C450&ssl=1","jetpack_shortlink":"https:\/\/wp.me\/p9stpK-3LA","jetpack-related-posts":[{"id":13106,"url":"https:\/\/www.freidenker.org\/?p=13106","url_meta":{"origin":14482,"position":0},"title":"Aufgabe von Journalisten ist es nicht, Kriege zu gewinnen","author":"Webredaktion","date":"14. Mai 2022","format":false,"excerpt":"Nachdenken \u00fcber die Pressefreiheit Beitrag von Rainer Rupp Der diesj\u00e4hrige Bundespresseball im Berliner Luxushotel Adlon Kempinski war der allseits bewunderten \"jungen und lebendigen Demokratie Ukraine\" und \"deren Pressefreiheit\" gewidmet. Star dieser Feier mit 1.800 handverlesenen G\u00e4sten war der ukrainische Botschafter in Berlin, Dr. Andrij Melnyk. Ein Mann, der Deutschland provoziert\u2026","rel":"","context":"In &quot;Demokratie \u2013 Medien \u2013 Aufkl\u00e4rung&quot;","block_context":{"text":"Demokratie \u2013 Medien \u2013 Aufkl\u00e4rung","link":"https:\/\/www.freidenker.org\/?cat=12"},"img":{"alt_text":"","src":"https:\/\/i0.wp.com\/www.freidenker.org\/fw17\/wp-content\/uploads\/2022\/05\/Andrij_Melnyk_800x450.jpg?fit=800%2C450&ssl=1&resize=350%2C200","width":350,"height":200,"srcset":"https:\/\/i0.wp.com\/www.freidenker.org\/fw17\/wp-content\/uploads\/2022\/05\/Andrij_Melnyk_800x450.jpg?fit=800%2C450&ssl=1&resize=350%2C200 1x, https:\/\/i0.wp.com\/www.freidenker.org\/fw17\/wp-content\/uploads\/2022\/05\/Andrij_Melnyk_800x450.jpg?fit=800%2C450&ssl=1&resize=525%2C300 1.5x, https:\/\/i0.wp.com\/www.freidenker.org\/fw17\/wp-content\/uploads\/2022\/05\/Andrij_Melnyk_800x450.jpg?fit=800%2C450&ssl=1&resize=700%2C400 2x"},"classes":[]},{"id":24973,"url":"https:\/\/www.freidenker.org\/?p=24973","url_meta":{"origin":14482,"position":1},"title":"Der pers\u00f6nliche Einsatz des Friedrich Merz f\u00fcr die Ukraine","author":"Webredaktion","date":"23. April 2026","format":false,"excerpt":"Buchauszug von Wolfgang Bittner Der deutsche Bundeskanzler Friedrich Merz freut sich, dass Victor Orb\u00e1n nicht wiedergew\u00e4hlt wurde und dass die EU jetzt 90 Milliarden Euro an die Ukraine \u00fcberweisen kann. Am 14. April hat Merz den ukrainischen Machthaber Wolodymyr Selenskyj mit milit\u00e4rischen Ehren in Berlin empfangen. Unter anderem wurde eine\u2026","rel":"","context":"In &quot;Aktuelles&quot;","block_context":{"text":"Aktuelles","link":"https:\/\/www.freidenker.org\/?cat=574"},"img":{"alt_text":"","src":"https:\/\/i0.wp.com\/www.freidenker.org\/fw17\/wp-content\/uploads\/2026\/04\/merz_selenskyj_berlin_2026-04-14_800x450.jpg?fit=800%2C450&ssl=1&resize=350%2C200","width":350,"height":200,"srcset":"https:\/\/i0.wp.com\/www.freidenker.org\/fw17\/wp-content\/uploads\/2026\/04\/merz_selenskyj_berlin_2026-04-14_800x450.jpg?fit=800%2C450&ssl=1&resize=350%2C200 1x, https:\/\/i0.wp.com\/www.freidenker.org\/fw17\/wp-content\/uploads\/2026\/04\/merz_selenskyj_berlin_2026-04-14_800x450.jpg?fit=800%2C450&ssl=1&resize=525%2C300 1.5x, https:\/\/i0.wp.com\/www.freidenker.org\/fw17\/wp-content\/uploads\/2026\/04\/merz_selenskyj_berlin_2026-04-14_800x450.jpg?fit=800%2C450&ssl=1&resize=700%2C400 2x"},"classes":[]},{"id":12788,"url":"https:\/\/www.freidenker.org\/?p=12788","url_meta":{"origin":14482,"position":2},"title":"Seine Dem\u00fctigung w\u00e4re f\u00fcr Steinmeier die Gelegenheit, die Wahrheit zu sagen","author":"Webredaktion","date":"14. April 2022","format":false,"excerpt":"Beitrag von Dagmar Henn So richtig Mitgef\u00fchl kann ich nicht aufbringen f\u00fcr den Bundespr\u00e4sidenten Frank-Walter Steinmeier, wenn ihn Selenskij nicht einladen will. Schlie\u00dflich hat Steinmeier diese ganze ukrainische Misere mit anger\u00fchrt. Und wenn ihn jetzt die Schlange, die er an der Brust gen\u00e4hrt hat, bei\u00dft \u2013 nun ja. Auch wenn\u2026","rel":"","context":"In &quot;Demokratie \u2013 Medien \u2013 Aufkl\u00e4rung&quot;","block_context":{"text":"Demokratie \u2013 Medien \u2013 Aufkl\u00e4rung","link":"https:\/\/www.freidenker.org\/?cat=12"},"img":{"alt_text":"","src":"https:\/\/i0.wp.com\/www.freidenker.org\/fw17\/wp-content\/uploads\/2022\/04\/Steinmeier_0482_800x450.jpg?fit=800%2C450&ssl=1&resize=350%2C200","width":350,"height":200,"srcset":"https:\/\/i0.wp.com\/www.freidenker.org\/fw17\/wp-content\/uploads\/2022\/04\/Steinmeier_0482_800x450.jpg?fit=800%2C450&ssl=1&resize=350%2C200 1x, https:\/\/i0.wp.com\/www.freidenker.org\/fw17\/wp-content\/uploads\/2022\/04\/Steinmeier_0482_800x450.jpg?fit=800%2C450&ssl=1&resize=525%2C300 1.5x, https:\/\/i0.wp.com\/www.freidenker.org\/fw17\/wp-content\/uploads\/2022\/04\/Steinmeier_0482_800x450.jpg?fit=800%2C450&ssl=1&resize=700%2C400 2x"},"classes":[]},{"id":16227,"url":"https:\/\/www.freidenker.org\/?p=16227","url_meta":{"origin":14482,"position":3},"title":"Noch ein \u201eGame Changer\u201c","author":"Webredaktion","date":"2. Juni 2023","format":false,"excerpt":"Deutsch-ukrainischer Waffengang gegen Russland Beitrag von Arnold Sch\u00f6lzel Am Sonnabend st\u00f6hnte der K\u00f6lner \u201eExpress\u201c: \u201eJeden Tag eine neue Forderung: Jetzt wollen die Ukrainer von den Deutschen Marschflugk\u00f6rper vom Typ \u201aTaurus\u2018. Reine Angriffswaffen mit einer Reichweite von 500 Kilometern, die das russische Radar unterfliegen k\u00f6nnten.\u201c Ob zuerst gefordert wurde oder ob\u2026","rel":"","context":"In &quot;Demokratie \u2013 Medien \u2013 Aufkl\u00e4rung&quot;","block_context":{"text":"Demokratie \u2013 Medien \u2013 Aufkl\u00e4rung","link":"https:\/\/www.freidenker.org\/?cat=12"},"img":{"alt_text":"","src":"https:\/\/i0.wp.com\/www.freidenker.org\/fw17\/wp-content\/uploads\/2023\/06\/Eurofighter_Typhoon_IPA_7_with_TAURUS_ETSI_Final_Approach_No._2_800x450.jpg?fit=800%2C450&ssl=1&resize=350%2C200","width":350,"height":200,"srcset":"https:\/\/i0.wp.com\/www.freidenker.org\/fw17\/wp-content\/uploads\/2023\/06\/Eurofighter_Typhoon_IPA_7_with_TAURUS_ETSI_Final_Approach_No._2_800x450.jpg?fit=800%2C450&ssl=1&resize=350%2C200 1x, https:\/\/i0.wp.com\/www.freidenker.org\/fw17\/wp-content\/uploads\/2023\/06\/Eurofighter_Typhoon_IPA_7_with_TAURUS_ETSI_Final_Approach_No._2_800x450.jpg?fit=800%2C450&ssl=1&resize=525%2C300 1.5x, https:\/\/i0.wp.com\/www.freidenker.org\/fw17\/wp-content\/uploads\/2023\/06\/Eurofighter_Typhoon_IPA_7_with_TAURUS_ETSI_Final_Approach_No._2_800x450.jpg?fit=800%2C450&ssl=1&resize=700%2C400 2x"},"classes":[]},{"id":16322,"url":"https:\/\/www.freidenker.org\/?p=16322","url_meta":{"origin":14482,"position":4},"title":"Das klingt nach &#8222;Endlich wieder!&#8220; BILD bejubelt deutsche Panzer gegen Russen","author":"Webredaktion","date":"12. Juni 2023","format":false,"excerpt":"Beitrag von Dagmar Henn Man k\u00f6nnte wetten, Julian R\u00f6pcke hatte heute einen Ohrwurm. Und stellte sich beim Schreiben die entsprechend betont m\u00e4nnliche Stimme vor, einen tiefen Bariton. \"Die ganze Welt wartete darauf. Jetzt ist es soweit: die Ukraine st\u00f6\u00dft mit deutschen Leopard-2-Panzern gegen die Russen vor! Erstmals wurden die deutschen\u2026","rel":"","context":"In &quot;Demokratie \u2013 Medien \u2013 Aufkl\u00e4rung&quot;","block_context":{"text":"Demokratie \u2013 Medien \u2013 Aufkl\u00e4rung","link":"https:\/\/www.freidenker.org\/?cat=12"},"img":{"alt_text":"","src":"https:\/\/i0.wp.com\/www.freidenker.org\/fw17\/wp-content\/uploads\/2023\/06\/bild.de_2023-06-08_800x450.jpg?fit=800%2C450&ssl=1&resize=350%2C200","width":350,"height":200,"srcset":"https:\/\/i0.wp.com\/www.freidenker.org\/fw17\/wp-content\/uploads\/2023\/06\/bild.de_2023-06-08_800x450.jpg?fit=800%2C450&ssl=1&resize=350%2C200 1x, https:\/\/i0.wp.com\/www.freidenker.org\/fw17\/wp-content\/uploads\/2023\/06\/bild.de_2023-06-08_800x450.jpg?fit=800%2C450&ssl=1&resize=525%2C300 1.5x, https:\/\/i0.wp.com\/www.freidenker.org\/fw17\/wp-content\/uploads\/2023\/06\/bild.de_2023-06-08_800x450.jpg?fit=800%2C450&ssl=1&resize=700%2C400 2x"},"classes":[]},{"id":12909,"url":"https:\/\/www.freidenker.org\/?p=12909","url_meta":{"origin":14482,"position":5},"title":"Die Dreistigkeit der Bellizisten","author":"Webredaktion","date":"25. April 2022","format":false,"excerpt":"Beitrag von Wolfgang Bittner Milliarden und Abermilliarden f\u00fcr den Krieg, immer mehr Waffen und immer mehr Propaganda. Zu welchem Ende kann das f\u00fchren? Aber diese Frage scheinen sich in Politik und Medien nur sehr Wenige zu stellen. Stattdessen wird gegen Russland gehetzt und aufger\u00fcstet. Schon wer nach den Ursachen des\u2026","rel":"","context":"In &quot;Frieden - Antifaschismus - Solidarit\u00e4t&quot;","block_context":{"text":"Frieden - Antifaschismus - Solidarit\u00e4t","link":"https:\/\/www.freidenker.org\/?cat=13"},"img":{"alt_text":"","src":"https:\/\/i0.wp.com\/www.freidenker.org\/fw17\/wp-content\/uploads\/2022\/04\/burn-money-1463224_800x450.jpg?fit=800%2C450&ssl=1&resize=350%2C200","width":350,"height":200,"srcset":"https:\/\/i0.wp.com\/www.freidenker.org\/fw17\/wp-content\/uploads\/2022\/04\/burn-money-1463224_800x450.jpg?fit=800%2C450&ssl=1&resize=350%2C200 1x, https:\/\/i0.wp.com\/www.freidenker.org\/fw17\/wp-content\/uploads\/2022\/04\/burn-money-1463224_800x450.jpg?fit=800%2C450&ssl=1&resize=525%2C300 1.5x, https:\/\/i0.wp.com\/www.freidenker.org\/fw17\/wp-content\/uploads\/2022\/04\/burn-money-1463224_800x450.jpg?fit=800%2C450&ssl=1&resize=700%2C400 2x"},"classes":[]}],"_links":{"self":[{"href":"https:\/\/www.freidenker.org\/index.php?rest_route=\/wp\/v2\/posts\/14482","targetHints":{"allow":["GET"]}}],"collection":[{"href":"https:\/\/www.freidenker.org\/index.php?rest_route=\/wp\/v2\/posts"}],"about":[{"href":"https:\/\/www.freidenker.org\/index.php?rest_route=\/wp\/v2\/types\/post"}],"author":[{"embeddable":true,"href":"https:\/\/www.freidenker.org\/index.php?rest_route=\/wp\/v2\/users\/3"}],"replies":[{"embeddable":true,"href":"https:\/\/www.freidenker.org\/index.php?rest_route=%2Fwp%2Fv2%2Fcomments&post=14482"}],"version-history":[{"count":0,"href":"https:\/\/www.freidenker.org\/index.php?rest_route=\/wp\/v2\/posts\/14482\/revisions"}],"wp:featuredmedia":[{"embeddable":true,"href":"https:\/\/www.freidenker.org\/index.php?rest_route=\/wp\/v2\/media\/14488"}],"wp:attachment":[{"href":"https:\/\/www.freidenker.org\/index.php?rest_route=%2Fwp%2Fv2%2Fmedia&parent=14482"}],"wp:term":[{"taxonomy":"category","embeddable":true,"href":"https:\/\/www.freidenker.org\/index.php?rest_route=%2Fwp%2Fv2%2Fcategories&post=14482"},{"taxonomy":"post_tag","embeddable":true,"href":"https:\/\/www.freidenker.org\/index.php?rest_route=%2Fwp%2Fv2%2Ftags&post=14482"}],"curies":[{"name":"wp","href":"https:\/\/api.w.org\/{rel}","templated":true}]}}