{"id":14467,"date":"2022-10-15T01:05:44","date_gmt":"2022-10-14T23:05:44","guid":{"rendered":"https:\/\/www.freidenker.org\/?p=14467"},"modified":"2022-11-05T12:57:36","modified_gmt":"2022-11-05T11:57:36","slug":"die-olafsenbande-und-ihr-groesster-coup","status":"publish","type":"post","link":"https:\/\/www.freidenker.org\/?p=14467","title":{"rendered":"Die Ol(af)senbande und ihr gr\u00f6\u00dfter Coup"},"content":{"rendered":"<p><em>von <strong>KlaGun de Maryanne<\/strong><\/em><\/p>\n<figure id=\"attachment_14477\" aria-describedby=\"caption-attachment-14477\" style=\"width: 800px\" class=\"wp-caption alignnone\"><a href=\"https:\/\/i0.wp.com\/www.freidenker.org\/fw17\/wp-content\/uploads\/2022\/10\/Collage_Attention_OlsenBande_RevA_oR.jpg?ssl=1\" target=\"_blank\" rel=\"noopener\"><img data-recalc-dims=\"1\" loading=\"lazy\" decoding=\"async\" data-attachment-id=\"14477\" data-permalink=\"https:\/\/www.freidenker.org\/?attachment_id=14477\" data-orig-file=\"https:\/\/i0.wp.com\/www.freidenker.org\/fw17\/wp-content\/uploads\/2022\/10\/Collage_Attention_OlsenBande_RevA_oR.jpg?fit=1115%2C1708&amp;ssl=1\" data-orig-size=\"1115,1708\" data-comments-opened=\"0\" data-image-meta=\"{&quot;aperture&quot;:&quot;0&quot;,&quot;credit&quot;:&quot;&quot;,&quot;camera&quot;:&quot;&quot;,&quot;caption&quot;:&quot;&quot;,&quot;created_timestamp&quot;:&quot;0&quot;,&quot;copyright&quot;:&quot;&quot;,&quot;focal_length&quot;:&quot;0&quot;,&quot;iso&quot;:&quot;0&quot;,&quot;shutter_speed&quot;:&quot;0&quot;,&quot;title&quot;:&quot;&quot;,&quot;orientation&quot;:&quot;1&quot;}\" data-image-title=\"Collage_Attention_OlsenBande_RevA_oR\" data-image-description=\"\" data-image-caption=\"\" data-large-file=\"https:\/\/i0.wp.com\/www.freidenker.org\/fw17\/wp-content\/uploads\/2022\/10\/Collage_Attention_OlsenBande_RevA_oR.jpg?fit=668%2C1024&amp;ssl=1\" class=\"wp-image-14477\" src=\"https:\/\/i0.wp.com\/www.freidenker.org\/fw17\/wp-content\/uploads\/2022\/10\/Collage_Attention_OlsenBande_RevA_oR.jpg?resize=800%2C1225&#038;ssl=1\" alt=\"\" width=\"800\" height=\"1225\" srcset=\"https:\/\/i0.wp.com\/www.freidenker.org\/fw17\/wp-content\/uploads\/2022\/10\/Collage_Attention_OlsenBande_RevA_oR.jpg?resize=668%2C1024&amp;ssl=1 668w, https:\/\/i0.wp.com\/www.freidenker.org\/fw17\/wp-content\/uploads\/2022\/10\/Collage_Attention_OlsenBande_RevA_oR.jpg?resize=196%2C300&amp;ssl=1 196w, https:\/\/i0.wp.com\/www.freidenker.org\/fw17\/wp-content\/uploads\/2022\/10\/Collage_Attention_OlsenBande_RevA_oR.jpg?resize=768%2C1176&amp;ssl=1 768w, https:\/\/i0.wp.com\/www.freidenker.org\/fw17\/wp-content\/uploads\/2022\/10\/Collage_Attention_OlsenBande_RevA_oR.jpg?resize=1003%2C1536&amp;ssl=1 1003w, https:\/\/i0.wp.com\/www.freidenker.org\/fw17\/wp-content\/uploads\/2022\/10\/Collage_Attention_OlsenBande_RevA_oR.jpg?w=1115&amp;ssl=1 1115w\" sizes=\"auto, (max-width: 800px) 100vw, 800px\" \/><\/a><figcaption id=\"caption-attachment-14477\" class=\"wp-caption-text\"><span style=\"font-size: 10pt;\">Collage von KlaGun de Maryanne &#8211; Klicke auf das Bild zur Vergr\u00f6\u00dferung<\/span><\/figcaption><\/figure>\n<hr \/>\n<p><strong>Download<\/strong><\/p>\n<p><img data-recalc-dims=\"1\" loading=\"lazy\" decoding=\"async\" data-attachment-id=\"1076\" data-permalink=\"https:\/\/www.freidenker.org\/?attachment_id=1076\" data-orig-file=\"https:\/\/i0.wp.com\/www.freidenker.org\/fw17\/wp-content\/uploads\/2017\/10\/pdf_icon-2.png?fit=32%2C32&amp;ssl=1\" data-orig-size=\"32,32\" data-comments-opened=\"0\" data-image-meta=\"{&quot;aperture&quot;:&quot;0&quot;,&quot;credit&quot;:&quot;&quot;,&quot;camera&quot;:&quot;&quot;,&quot;caption&quot;:&quot;&quot;,&quot;created_timestamp&quot;:&quot;0&quot;,&quot;copyright&quot;:&quot;&quot;,&quot;focal_length&quot;:&quot;0&quot;,&quot;iso&quot;:&quot;0&quot;,&quot;shutter_speed&quot;:&quot;0&quot;,&quot;title&quot;:&quot;&quot;,&quot;orientation&quot;:&quot;0&quot;}\" data-image-title=\"pdf_icon\" data-image-description=\"\" data-image-caption=\"\" data-large-file=\"https:\/\/i0.wp.com\/www.freidenker.org\/fw17\/wp-content\/uploads\/2017\/10\/pdf_icon-2.png?fit=32%2C32&amp;ssl=1\" class=\"alignnone size-full wp-image-1076\" src=\"https:\/\/i0.wp.com\/www.freidenker.org\/fw17\/wp-content\/uploads\/2017\/10\/pdf_icon-2.png?resize=32%2C32&#038;ssl=1\" alt=\"\" width=\"32\" height=\"32\" \/>\u00a0Den <a href=\"https:\/\/www.freidenker.org\/fw17\/wp-content\/uploads\/2022\/10\/Collage_Attention_OlsenBande_RevA.pdf\" target=\"_blank\" rel=\"noopener\">&#8222;Steckbrief&#8220; als PDF-Datei<\/a> ansehen oder herunterladen (ca. 715 KB)<\/p>\n<hr \/>\n<p><span style=\"font-size: 10pt;\">Bild oben: Auszug aus der Collage von KlaGun de Maryanne<\/span><\/p>\n","protected":false},"excerpt":{"rendered":"<p><b>Persiflage von KlaGun de Maryanne<\/b><br \/>\nAttention ! Attention ! Gesucht werden: Frau Baerkjeldt und die Herren Scholsen, Lindbenny und Hab\u00f6rge wegen folgender Vergehen:<br \/>\n&#8211; Wirtschaftssabotage zum Nachteil der BRD und des Volkes,<br \/>\n&#8211; Kriegstreiberei und Anstiftung zum Krieg,<br \/>\n&#8211; Landesverrat im Dienste einer fremden Macht und des gr\u00f6\u00dften Kriegsverbrecherstaats der Welt,<br \/>\n&#8211; Volksverhetzung durch Verbreitung von Fake-News.<\/p>\n","protected":false},"author":3,"featured_media":14475,"comment_status":"closed","ping_status":"closed","sticky":false,"template":"","format":"standard","meta":{"colormag_page_container_layout":"default_layout","colormag_page_sidebar_layout":"default_layout","advanced_seo_description":"","jetpack_seo_html_title":"","jetpack_seo_noindex":false,"jetpack_post_was_ever_published":false,"footnotes":""},"categories":[12],"tags":[602,1491,746,1636,619,786,1528],"class_list":["post-14467","post","type-post","status-publish","format-standard","has-post-thumbnail","hentry","category-demokratie-medien-aufklaerung","tag-fake-news","tag-kriegstreiberei","tag-kriegsverbrechen","tag-sabotage","tag-satire","tag-volksverhetzung","tag-wirtschaftspolitik"],"jetpack_featured_media_url":"https:\/\/i0.wp.com\/www.freidenker.org\/fw17\/wp-content\/uploads\/2022\/10\/Collage_Attention_OlsenBande_RevA_800x450.jpg?fit=800%2C450&ssl=1","jetpack_shortlink":"https:\/\/wp.me\/p9stpK-3Ll","jetpack-related-posts":[{"id":14534,"url":"https:\/\/www.freidenker.org\/?p=14534","url_meta":{"origin":14467,"position":0},"title":"\u201eVolksverhetzung\u201c \u2013 eine Versch\u00e4rfung der Strafbestimmung","author":"Webredaktion","date":"28. Oktober 2022","format":false,"excerpt":"Beitrag von Wolfgang Bittner Fast unbemerkt von der \u00d6ffentlichkeit verabschiedete der Deutsche Bundestag am 20. Oktober 2022 eine \u00c4nderung des Paragrafen 130 (Volksverhetzung) des Strafgesetzbuches (StGB). Nach dem neu hinzugef\u00fcgten Absatz 5 kann \u2013 vereinfacht und allgemeinverst\u00e4ndlich formuliert \u2013 bestraft werden, wer gegen eine nationale Gruppe zu Hass oder Gewalt\u2026","rel":"","context":"In &quot;Demokratie \u2013 Medien \u2013 Aufkl\u00e4rung&quot;","block_context":{"text":"Demokratie \u2013 Medien \u2013 Aufkl\u00e4rung","link":"https:\/\/www.freidenker.org\/?cat=12"},"img":{"alt_text":"","src":"https:\/\/i0.wp.com\/www.freidenker.org\/fw17\/wp-content\/uploads\/2022\/10\/justitia_russ_800x450.jpg?fit=800%2C450&ssl=1&resize=350%2C200","width":350,"height":200,"srcset":"https:\/\/i0.wp.com\/www.freidenker.org\/fw17\/wp-content\/uploads\/2022\/10\/justitia_russ_800x450.jpg?fit=800%2C450&ssl=1&resize=350%2C200 1x, https:\/\/i0.wp.com\/www.freidenker.org\/fw17\/wp-content\/uploads\/2022\/10\/justitia_russ_800x450.jpg?fit=800%2C450&ssl=1&resize=525%2C300 1.5x, https:\/\/i0.wp.com\/www.freidenker.org\/fw17\/wp-content\/uploads\/2022\/10\/justitia_russ_800x450.jpg?fit=800%2C450&ssl=1&resize=700%2C400 2x"},"classes":[]},{"id":16821,"url":"https:\/\/www.freidenker.org\/?p=16821","url_meta":{"origin":14467,"position":1},"title":"Wer gef\u00e4hrdet den Frieden?","author":"Webredaktion","date":"12. August 2023","format":false,"excerpt":"Diffamierung, Zensur und Strafverfolgung treffen Kriegsgegner. Dabei sitzen die Volksverhetzer im Bundestag Beitrag von von Hans Bauer Wer Zweifel an der Politik der deutschen Machthaber \u00f6ffentlich \u00e4u\u00dfert, hat keine guten Karten. Schlimmer ist es, Ursachen und Anlass des Ukraine-Krieges anders zu sehen als amtlich verordnet. Die offiziellen Reaktionen reichen von\u2026","rel":"","context":"In &quot;Frieden - Antifaschismus - Solidarit\u00e4t&quot;","block_context":{"text":"Frieden - Antifaschismus - Solidarit\u00e4t","link":"https:\/\/www.freidenker.org\/?cat=13"},"img":{"alt_text":"","src":"https:\/\/i0.wp.com\/www.freidenker.org\/fw17\/wp-content\/uploads\/2023\/08\/keine_angst_vor_putin_800x445_v2.jpg?fit=800%2C445&ssl=1&resize=350%2C200","width":350,"height":200,"srcset":"https:\/\/i0.wp.com\/www.freidenker.org\/fw17\/wp-content\/uploads\/2023\/08\/keine_angst_vor_putin_800x445_v2.jpg?fit=800%2C445&ssl=1&resize=350%2C200 1x, https:\/\/i0.wp.com\/www.freidenker.org\/fw17\/wp-content\/uploads\/2023\/08\/keine_angst_vor_putin_800x445_v2.jpg?fit=800%2C445&ssl=1&resize=525%2C300 1.5x, https:\/\/i0.wp.com\/www.freidenker.org\/fw17\/wp-content\/uploads\/2023\/08\/keine_angst_vor_putin_800x445_v2.jpg?fit=800%2C445&ssl=1&resize=700%2C400 2x"},"classes":[]},{"id":14541,"url":"https:\/\/www.freidenker.org\/?p=14541","url_meta":{"origin":14467,"position":2},"title":"&#8222;Meinungsfreiheit als S\u00e4ule der Gesellschaft ist weg&#8220;","author":"Webredaktion","date":"31. Oktober 2022","format":false,"excerpt":"Video-Interview von RT DE mit Hannes Hofbauer Der Volksverhetzungsparagraf 130 StGB wurde erweitert. Nun gilt auch das \"Leugnen von Kriegsverbrechen\" als Volksverhetzung. Offiziell wurden damit Nachbesserungsforderungen der EU-Kommission aus dem Jahr 2008 umgesetzt und es habe nichts mit dem Ukraine-Krieg zu tun. Doch Kritiker monieren, dass das Gesetz nun im\u2026","rel":"","context":"In &quot;Demokratie \u2013 Medien \u2013 Aufkl\u00e4rung&quot;","block_context":{"text":"Demokratie \u2013 Medien \u2013 Aufkl\u00e4rung","link":"https:\/\/www.freidenker.org\/?cat=12"},"img":{"alt_text":"","src":"https:\/\/i0.wp.com\/www.freidenker.org\/fw17\/wp-content\/uploads\/2022\/10\/Hofbauer_Video_800x450.jpg?fit=800%2C450&ssl=1&resize=350%2C200","width":350,"height":200,"srcset":"https:\/\/i0.wp.com\/www.freidenker.org\/fw17\/wp-content\/uploads\/2022\/10\/Hofbauer_Video_800x450.jpg?fit=800%2C450&ssl=1&resize=350%2C200 1x, https:\/\/i0.wp.com\/www.freidenker.org\/fw17\/wp-content\/uploads\/2022\/10\/Hofbauer_Video_800x450.jpg?fit=800%2C450&ssl=1&resize=525%2C300 1.5x, https:\/\/i0.wp.com\/www.freidenker.org\/fw17\/wp-content\/uploads\/2022\/10\/Hofbauer_Video_800x450.jpg?fit=800%2C450&ssl=1&resize=700%2C400 2x"},"classes":[]},{"id":12877,"url":"https:\/\/www.freidenker.org\/?p=12877","url_meta":{"origin":14467,"position":3},"title":"Strafanzeige gegen Graf Lambsdorff, Frank Plasberg und Anton Hofreiter","author":"Webredaktion","date":"20. April 2022","format":false,"excerpt":"Der Hamburger Rechtsanwalt, Autor und Verleger Rolf Geffken stellte am 16.04.2022 bei der Staatsanwaltschaft Berlin-Mitte Strafanzeige wegen Volksverhetzung nach \u00a7 130 StGB gegen Alexander Graf Lambsdorff, Frank Plasberg und Anton Hofreiter. In einer E-Mail schrieb er dazu: Ich habe angesichts der sich immer mehr versch\u00e4rfenden Lage in der Ukraine aber\u2026","rel":"","context":"In &quot;Demokratie \u2013 Medien \u2013 Aufkl\u00e4rung&quot;","block_context":{"text":"Demokratie \u2013 Medien \u2013 Aufkl\u00e4rung","link":"https:\/\/www.freidenker.org\/?cat=12"},"img":{"alt_text":"","src":"https:\/\/i0.wp.com\/www.freidenker.org\/fw17\/wp-content\/uploads\/2022\/04\/geffken_800x446.jpg?fit=800%2C446&ssl=1&resize=350%2C200","width":350,"height":200,"srcset":"https:\/\/i0.wp.com\/www.freidenker.org\/fw17\/wp-content\/uploads\/2022\/04\/geffken_800x446.jpg?fit=800%2C446&ssl=1&resize=350%2C200 1x, https:\/\/i0.wp.com\/www.freidenker.org\/fw17\/wp-content\/uploads\/2022\/04\/geffken_800x446.jpg?fit=800%2C446&ssl=1&resize=525%2C300 1.5x, https:\/\/i0.wp.com\/www.freidenker.org\/fw17\/wp-content\/uploads\/2022\/04\/geffken_800x446.jpg?fit=800%2C446&ssl=1&resize=700%2C400 2x"},"classes":[]},{"id":22814,"url":"https:\/\/www.freidenker.org\/?p=22814","url_meta":{"origin":14467,"position":4},"title":"Rettet den Rechtsstaat \u2013 zumindest seine \u00dcberreste!","author":"Webredaktion","date":"11. September 2025","format":false,"excerpt":"Zur Verurteilung des Bildk\u00fcnstlers Rudolph Bauer vor dem Amtsgericht Bremen Pressemeldung des Bundesverbandes Arbeiterfotografie und der NRhZ Der Politikwissenschaftler und K\u00fcnstler Rudolph Bauer, Mitglied des Bundesverbands Arbeiterfotografie und h\u00e4ufiger Autor in der Neuen Rheinischen Zeitung, wurde vom Amtsgericht Bremen wegen der Ver\u00f6ffentlichung von Bildcollagen mit Kritik an Corona-Man\u00f6ver und Kriegstreiberei\u2026","rel":"","context":"In &quot;Demokratie \u2013 Medien \u2013 Aufkl\u00e4rung&quot;","block_context":{"text":"Demokratie \u2013 Medien \u2013 Aufkl\u00e4rung","link":"https:\/\/www.freidenker.org\/?cat=12"},"img":{"alt_text":"","src":"https:\/\/i0.wp.com\/www.freidenker.org\/fw17\/wp-content\/uploads\/2025\/09\/rudolf_bauer_800x450.jpg?fit=800%2C450&ssl=1&resize=350%2C200","width":350,"height":200,"srcset":"https:\/\/i0.wp.com\/www.freidenker.org\/fw17\/wp-content\/uploads\/2025\/09\/rudolf_bauer_800x450.jpg?fit=800%2C450&ssl=1&resize=350%2C200 1x, https:\/\/i0.wp.com\/www.freidenker.org\/fw17\/wp-content\/uploads\/2025\/09\/rudolf_bauer_800x450.jpg?fit=800%2C450&ssl=1&resize=525%2C300 1.5x, https:\/\/i0.wp.com\/www.freidenker.org\/fw17\/wp-content\/uploads\/2025\/09\/rudolf_bauer_800x450.jpg?fit=800%2C450&ssl=1&resize=700%2C400 2x"},"classes":[]},{"id":23598,"url":"https:\/\/www.freidenker.org\/?p=23598","url_meta":{"origin":14467,"position":5},"title":"&#8222;Parasiten&#8220;: Was dem Jupiter erlaubt ist &#8230;","author":"Webredaktion","date":"21. November 2025","format":false,"excerpt":"Beitrag von Dagmar Henn Die Auseinandersetzung um die Meinungsfreiheit hat in Deutschland zwei Aspekte. Der eine ist das Fehlen einer wirklichen Debatte dar\u00fcber, was gesagt werden darf und was nicht \u2013 das funktioniert eher durch obrigkeitliche Dekrete. Das andere aber ist die regelm\u00e4\u00dfige Anwendung verschiedener Ma\u00dfst\u00e4be, ob die \u00c4u\u00dferung nun\u2026","rel":"","context":"In &quot;Demokratie \u2013 Medien \u2013 Aufkl\u00e4rung&quot;","block_context":{"text":"Demokratie \u2013 Medien \u2013 Aufkl\u00e4rung","link":"https:\/\/www.freidenker.org\/?cat=12"},"img":{"alt_text":"","src":"https:\/\/i0.wp.com\/www.freidenker.org\/fw17\/wp-content\/uploads\/2025\/11\/Jupiter_und_Ochse_KI_800x450.jpg?fit=800%2C450&ssl=1&resize=350%2C200","width":350,"height":200,"srcset":"https:\/\/i0.wp.com\/www.freidenker.org\/fw17\/wp-content\/uploads\/2025\/11\/Jupiter_und_Ochse_KI_800x450.jpg?fit=800%2C450&ssl=1&resize=350%2C200 1x, https:\/\/i0.wp.com\/www.freidenker.org\/fw17\/wp-content\/uploads\/2025\/11\/Jupiter_und_Ochse_KI_800x450.jpg?fit=800%2C450&ssl=1&resize=525%2C300 1.5x, https:\/\/i0.wp.com\/www.freidenker.org\/fw17\/wp-content\/uploads\/2025\/11\/Jupiter_und_Ochse_KI_800x450.jpg?fit=800%2C450&ssl=1&resize=700%2C400 2x"},"classes":[]}],"_links":{"self":[{"href":"https:\/\/www.freidenker.org\/index.php?rest_route=\/wp\/v2\/posts\/14467","targetHints":{"allow":["GET"]}}],"collection":[{"href":"https:\/\/www.freidenker.org\/index.php?rest_route=\/wp\/v2\/posts"}],"about":[{"href":"https:\/\/www.freidenker.org\/index.php?rest_route=\/wp\/v2\/types\/post"}],"author":[{"embeddable":true,"href":"https:\/\/www.freidenker.org\/index.php?rest_route=\/wp\/v2\/users\/3"}],"replies":[{"embeddable":true,"href":"https:\/\/www.freidenker.org\/index.php?rest_route=%2Fwp%2Fv2%2Fcomments&post=14467"}],"version-history":[{"count":0,"href":"https:\/\/www.freidenker.org\/index.php?rest_route=\/wp\/v2\/posts\/14467\/revisions"}],"wp:featuredmedia":[{"embeddable":true,"href":"https:\/\/www.freidenker.org\/index.php?rest_route=\/wp\/v2\/media\/14475"}],"wp:attachment":[{"href":"https:\/\/www.freidenker.org\/index.php?rest_route=%2Fwp%2Fv2%2Fmedia&parent=14467"}],"wp:term":[{"taxonomy":"category","embeddable":true,"href":"https:\/\/www.freidenker.org\/index.php?rest_route=%2Fwp%2Fv2%2Fcategories&post=14467"},{"taxonomy":"post_tag","embeddable":true,"href":"https:\/\/www.freidenker.org\/index.php?rest_route=%2Fwp%2Fv2%2Ftags&post=14467"}],"curies":[{"name":"wp","href":"https:\/\/api.w.org\/{rel}","templated":true}]}}