{"id":14456,"date":"2022-10-14T12:53:40","date_gmt":"2022-10-14T10:53:40","guid":{"rendered":"https:\/\/www.freidenker.org\/?p=14456"},"modified":"2022-10-16T22:34:19","modified_gmt":"2022-10-16T20:34:19","slug":"einladung-sozialer-protest-unter-den-bedingungen-von-weltkrieg-und-faschisierung","status":"publish","type":"post","link":"https:\/\/www.freidenker.org\/?p=14456","title":{"rendered":"Veranstaltung: Sozialer Protest unter den Bedingungen von Weltkrieg und Faschisierung."},"content":{"rendered":"<p><strong>Einladung zur Diskussion<\/strong><\/p>\n<h5>\u201eHei\u00dfer Herbst\u201c &#8211; Sozialer Protest unter den Bedingungen von Weltkrieg und Faschisierung. Strategische Fragen.<\/h5>\n<p>Wann: <strong>Sonnabend, 15. Oktober 2022, 10:00 Uhr<\/strong><\/p>\n<p>Wo: <strong>Jugendherberge <\/strong><strong>Leiterstra\u00dfe 10, 39104 Magdeburg<\/strong><\/p>\n<p>Einleitungsreferat:<\/p>\n<p><strong>Klaus Linder<br \/>\n<\/strong>Deutscher Freidenker-Verband Berlin<\/p>\n<p>&nbsp;<\/p>\n<blockquote><p>\u201e\u2026 <em>dann bekommen wir kein Gas mehr, dann k\u00f6nnen wir als Deutschland \u00fcberhaupt gar keine Unterst\u00fctzung mehr f\u00fcr die Ukraine leisten, weil wir dann mit Volksaufst\u00e4nden besch\u00e4ftigt sind<\/em>.\u201c<\/p><\/blockquote>\n<p style=\"text-align: right;\">Au\u00dfenministerin Baerbock im Juli 2022<\/p>\n<blockquote><p><em>\u201eDie Politik der Bundesregierung kann im schlimmsten Fall potenziell geeignet sein, ein in Deutschland seit Jahrzehnten nicht gekanntes gesellschaftliches Chaos zu verursachen\u2026\u201c<\/em><\/p><\/blockquote>\n<p style=\"text-align: right;\">Tobias Riegel, Nachdenkseiten<\/p>\n<blockquote><p><em>Erstmals seit den Nachkriegsjahren hat die Inflation in Deutschland wieder die Marke von 10 Prozent erreicht. Das letzte Mal, als die Teuerungsrate \u00fcber zehn Prozent lag, war im Herbst 1951. Damals belief sich der Wert auf 11 Prozent. Im August 2022 hatte die Inflation noch bei 7,9 Prozent gelegen.<\/em><\/p><\/blockquote>\n<p style=\"text-align: right;\">Statistisches Bundesamt, Oktober 2022<\/p>\n<p><em>Mit der Schaffung des \u201eTerritorialen F\u00fchrungskommandos der Bundeswehr\u201c bereitet sich die Regierung auf den \u201eAufstand\u201c vor.<br \/>\n<\/em><em>Vom \u201eVerfassungsschutz\u201c \u00fcber \u201eAntifa\u201c bis zu einigen \u201eLinken\u201c werden Proteste f\u00fcr die Senkung der Energiepreise und die \u00d6ffnung von Nord Stream 2 sowie gegen die Anti-Russland-Sanktionen und Kriegstreiberei als \u201erechts\u201c bezeichnet. \u2013 Zu Recht? Wie argumentieren und agieren die Freidenker?<\/em><\/p>\n<hr \/>\n<p>Download<\/p>\n<p><img data-recalc-dims=\"1\" loading=\"lazy\" decoding=\"async\" data-attachment-id=\"1076\" data-permalink=\"https:\/\/www.freidenker.org\/?attachment_id=1076\" data-orig-file=\"https:\/\/i0.wp.com\/www.freidenker.org\/fw17\/wp-content\/uploads\/2017\/10\/pdf_icon-2.png?fit=32%2C32&amp;ssl=1\" data-orig-size=\"32,32\" data-comments-opened=\"0\" data-image-meta=\"{&quot;aperture&quot;:&quot;0&quot;,&quot;credit&quot;:&quot;&quot;,&quot;camera&quot;:&quot;&quot;,&quot;caption&quot;:&quot;&quot;,&quot;created_timestamp&quot;:&quot;0&quot;,&quot;copyright&quot;:&quot;&quot;,&quot;focal_length&quot;:&quot;0&quot;,&quot;iso&quot;:&quot;0&quot;,&quot;shutter_speed&quot;:&quot;0&quot;,&quot;title&quot;:&quot;&quot;,&quot;orientation&quot;:&quot;0&quot;}\" data-image-title=\"pdf_icon\" data-image-description=\"\" data-image-caption=\"\" data-large-file=\"https:\/\/i0.wp.com\/www.freidenker.org\/fw17\/wp-content\/uploads\/2017\/10\/pdf_icon-2.png?fit=32%2C32&amp;ssl=1\" class=\"alignnone size-full wp-image-1076\" src=\"https:\/\/i0.wp.com\/www.freidenker.org\/fw17\/wp-content\/uploads\/2017\/10\/pdf_icon-2.png?resize=32%2C32&#038;ssl=1\" alt=\"\" width=\"32\" height=\"32\" \/> Den <a href=\"https:\/\/www.freidenker.org\/fw17\/wp-content\/uploads\/2022\/10\/VV-221015-Veranstaltung.pdf\" target=\"_blank\" rel=\"noopener\">Flyer zur Veranstaltung<\/a> als PDF ansehen oder herunterladen<\/p>\n<hr \/>\n<p><span style=\"font-size: 10pt;\">Bild: Klaus Linder<\/span><\/p>\n<p>&nbsp;<\/p>\n","protected":false},"excerpt":{"rendered":"<p>Einladung zur Diskussion: &#8222;\u201eHei\u00dfer Herbst\u201c &#8211; Sozialer Protest unter den Bedingungen von Weltkrieg und Faschisierung. Strategische Fragen.&#8220;<br \/>\nSonnabend, 15. Oktober 2022, 10:00 Uhr, Jugendherberge Leiterstra\u00dfe 10, 39104 Magdeburg<br \/>\nEinleitungsreferat: <b>Klaus Linder<\/b> Deutscher Freidenker-Verband Berlin<br \/>\nMit der Schaffung des \u201eTerritorialen F\u00fchrungskommandos der Bundeswehr\u201c bereitet sich die Regierung auf den \u201eAufstand\u201c vor. Vom \u201eVerfassungsschutz\u201c \u00fcber \u201eAntifa\u201c bis zu einigen \u201eLinken\u201c werden Proteste f\u00fcr die Senkung der Energiepreise und die \u00d6ffnung von Nord Stream 2 sowie gegen die Anti-Russland-Sanktionen und Kriegstreiberei als \u201erechts\u201c bezeichnet. \u2013 Zu Recht? Wie argumentieren und agieren die Freidenker?<\/p>\n","protected":false},"author":3,"featured_media":14454,"comment_status":"closed","ping_status":"closed","sticky":false,"template":"","format":"standard","meta":{"colormag_page_container_layout":"default_layout","colormag_page_sidebar_layout":"default_layout","advanced_seo_description":"","jetpack_seo_html_title":"","jetpack_seo_noindex":false,"jetpack_post_was_ever_published":false,"footnotes":""},"categories":[20],"tags":[1032,1593,1635,1443,1091,812],"class_list":["post-14456","post","type-post","status-publish","format-standard","has-post-thumbnail","hentry","category-zentrale-veranstaltungen","tag-bundesregierung","tag-energiekrise","tag-faschisierung","tag-inflation","tag-links-rechts","tag-protest"],"jetpack_featured_media_url":"https:\/\/i0.wp.com\/www.freidenker.org\/fw17\/wp-content\/uploads\/2022\/10\/Klaus_Linder_800x450.jpg?fit=800%2C450&ssl=1","jetpack_shortlink":"https:\/\/wp.me\/p9stpK-3La","jetpack-related-posts":[{"id":13538,"url":"https:\/\/www.freidenker.org\/?p=13538","url_meta":{"origin":14456,"position":0},"title":"Tendenz der Faschisierung \u2013 vorbereitende Etappe &#8211; Faschismus an der Macht?","author":"Webredaktion","date":"18. Juni 2022","format":false,"excerpt":"Vortrag von Klaus Linder, gehalten am 14. Juni 2022 Der Faschismus hat eine hundertj\u00e4hrige Geschichte, deshalb sollten einige Begriffe wieder besehen werden. Da sich mit der Entwicklung des Faschismus auch der Antifaschismus nur schrittweise, \u00fcber Fehler und Korrekturen entwickelte, und da diesen Lehren das gro\u00dfe Cancel Culture unserer Gegner droht,\u2026","rel":"","context":"In &quot;Frieden - Antifaschismus - Solidarit\u00e4t&quot;","block_context":{"text":"Frieden - Antifaschismus - Solidarit\u00e4t","link":"https:\/\/www.freidenker.org\/?cat=13"},"img":{"alt_text":"","src":"https:\/\/i0.wp.com\/www.freidenker.org\/fw17\/wp-content\/uploads\/2022\/06\/dimitroff_v2_800x450.jpg?fit=800%2C450&ssl=1&resize=350%2C200","width":350,"height":200,"srcset":"https:\/\/i0.wp.com\/www.freidenker.org\/fw17\/wp-content\/uploads\/2022\/06\/dimitroff_v2_800x450.jpg?fit=800%2C450&ssl=1&resize=350%2C200 1x, https:\/\/i0.wp.com\/www.freidenker.org\/fw17\/wp-content\/uploads\/2022\/06\/dimitroff_v2_800x450.jpg?fit=800%2C450&ssl=1&resize=525%2C300 1.5x, https:\/\/i0.wp.com\/www.freidenker.org\/fw17\/wp-content\/uploads\/2022\/06\/dimitroff_v2_800x450.jpg?fit=800%2C450&ssl=1&resize=700%2C400 2x"},"classes":[]},{"id":15244,"url":"https:\/\/www.freidenker.org\/?p=15244","url_meta":{"origin":14456,"position":1},"title":"Erkl\u00e4rung: Solidarit\u00e4t gegen Faschismus und Krieg","author":"Webredaktion","date":"15. Februar 2023","format":false,"excerpt":"In der gegenw\u00e4rtigen Zeit eskalieren unsere Regierenden ihre gef\u00e4hrliche Kriegs- und Konfrontationspolitik. Dagegen wehren sich immer mehr Menschen mit Aufrufen, Unterschriftensammlungen, Initiativen und Demonstrationen. Wir Freidenker erkl\u00e4ren unsere Solidarit\u00e4t mit allen, - die von den Vereinigten Staaten von Amerika verlangen, mit der Russischen F\u00f6deration \u00fcber eine neutrale Ukraine und gegenseitige\u2026","rel":"","context":"In &quot;Freidenker-Brief&quot;","block_context":{"text":"Freidenker-Brief","link":"https:\/\/www.freidenker.org\/?cat=341"},"img":{"alt_text":"","src":"https:\/\/i0.wp.com\/www.freidenker.org\/fw17\/wp-content\/uploads\/2023\/02\/Solidaritaet_gegen_Faschismus_und_Krieg_800x450.jpg?fit=800%2C450&ssl=1&resize=350%2C200","width":350,"height":200,"srcset":"https:\/\/i0.wp.com\/www.freidenker.org\/fw17\/wp-content\/uploads\/2023\/02\/Solidaritaet_gegen_Faschismus_und_Krieg_800x450.jpg?fit=800%2C450&ssl=1&resize=350%2C200 1x, https:\/\/i0.wp.com\/www.freidenker.org\/fw17\/wp-content\/uploads\/2023\/02\/Solidaritaet_gegen_Faschismus_und_Krieg_800x450.jpg?fit=800%2C450&ssl=1&resize=525%2C300 1.5x, https:\/\/i0.wp.com\/www.freidenker.org\/fw17\/wp-content\/uploads\/2023\/02\/Solidaritaet_gegen_Faschismus_und_Krieg_800x450.jpg?fit=800%2C450&ssl=1&resize=700%2C400 2x"},"classes":[]},{"id":14079,"url":"https:\/\/www.freidenker.org\/?p=14079","url_meta":{"origin":14456,"position":2},"title":"Unsere Sache ist gerecht! Antifaschistische Strategie gestern und heute","author":"Webredaktion","date":"29. August 2022","format":false,"excerpt":"Rede von Klaus Linder zur antifaschistischen Gedenkversammlung im Gamengrund (Brandenburg), 27. August 2022 Euch, die Ihr seit Jahren diese in der Deutschen Demokratischen Republik errichtete Gedenkst\u00e4tte lebendig erhaltet und gegen wiederholte Sch\u00e4ndungen verteidigt, - Euch muss ich nicht erkl\u00e4ren, worum es bei der geheimen Zusammenkunft von Antifaschisten am 24. August\u2026","rel":"","context":"In &quot;Frieden - Antifaschismus - Solidarit\u00e4t&quot;","block_context":{"text":"Frieden - Antifaschismus - Solidarit\u00e4t","link":"https:\/\/www.freidenker.org\/?cat=13"},"img":{"alt_text":"","src":"https:\/\/i0.wp.com\/www.freidenker.org\/fw17\/wp-content\/uploads\/2022\/08\/Gamengrund_Hinweistafel_800x450.jpg?fit=800%2C450&ssl=1&resize=350%2C200","width":350,"height":200,"srcset":"https:\/\/i0.wp.com\/www.freidenker.org\/fw17\/wp-content\/uploads\/2022\/08\/Gamengrund_Hinweistafel_800x450.jpg?fit=800%2C450&ssl=1&resize=350%2C200 1x, https:\/\/i0.wp.com\/www.freidenker.org\/fw17\/wp-content\/uploads\/2022\/08\/Gamengrund_Hinweistafel_800x450.jpg?fit=800%2C450&ssl=1&resize=525%2C300 1.5x, https:\/\/i0.wp.com\/www.freidenker.org\/fw17\/wp-content\/uploads\/2022\/08\/Gamengrund_Hinweistafel_800x450.jpg?fit=800%2C450&ssl=1&resize=700%2C400 2x"},"classes":[]},{"id":7793,"url":"https:\/\/www.freidenker.org\/?p=7793","url_meta":{"origin":14456,"position":3},"title":"Lehren aus dem VII. Weltkongress f\u00fcr den Kampf gegen Faschismus und Krieg","author":"Webredaktion","date":"21. M\u00e4rz 2020","format":false,"excerpt":"Interview mit Erika Baum von Klaus Linder aus FREIDENKER 1-20 Frage: Glaubt man den Herrschenden, aber auch linkeren Teilen der deutschen Presse, dann m\u00fcsste heute die Regierung mitsamt Oppositionsparteien (au\u00dfer einer) und au\u00dferparlamentarischen \u201eBewegungen\u201c eine einzige antifaschistische Front bilden. Wie kann das sein? Erika: Die imperialistischen Kr\u00e4fte wissen, dass die\u2026","rel":"","context":"In &quot;Frieden - Antifaschismus - Solidarit\u00e4t&quot;","block_context":{"text":"Frieden - Antifaschismus - Solidarit\u00e4t","link":"https:\/\/www.freidenker.org\/?cat=13"},"img":{"alt_text":"","src":"https:\/\/i0.wp.com\/www.freidenker.org\/fw17\/wp-content\/uploads\/2020\/03\/erika_baum_800x445.jpg?fit=800%2C445&ssl=1&resize=350%2C200","width":350,"height":200,"srcset":"https:\/\/i0.wp.com\/www.freidenker.org\/fw17\/wp-content\/uploads\/2020\/03\/erika_baum_800x445.jpg?fit=800%2C445&ssl=1&resize=350%2C200 1x, https:\/\/i0.wp.com\/www.freidenker.org\/fw17\/wp-content\/uploads\/2020\/03\/erika_baum_800x445.jpg?fit=800%2C445&ssl=1&resize=525%2C300 1.5x, https:\/\/i0.wp.com\/www.freidenker.org\/fw17\/wp-content\/uploads\/2020\/03\/erika_baum_800x445.jpg?fit=800%2C445&ssl=1&resize=700%2C400 2x"},"classes":[]},{"id":11659,"url":"https:\/\/www.freidenker.org\/?p=11659","url_meta":{"origin":14456,"position":4},"title":"Zur Notwendigkeit breiter antifaschistischer B\u00fcndnisse","author":"Webredaktion","date":"22. November 2021","format":false,"excerpt":"Vortrag von Klaus Linder, gehalten in der Ortsgruppe Berlin-Marzahn des Rotfuchs-F\u00f6rdervereins Wir haben zu pr\u00fcfen: Was sind B\u00fcndnisse? Was ist antifaschistisch? Was ist Breite? Was ist Notwendigkeit? Zun\u00e4chst stellt sich die Frage nach dem Subjekt von B\u00fcndnissen. Ich sollte sagen: nach den Subjekten. Allerdings ist ein B\u00fcndnis der Versuch, in\u2026","rel":"","context":"In &quot;Frieden - Antifaschismus - Solidarit\u00e4t&quot;","block_context":{"text":"Frieden - Antifaschismus - Solidarit\u00e4t","link":"https:\/\/www.freidenker.org\/?cat=13"},"img":{"alt_text":"","src":"https:\/\/i0.wp.com\/www.freidenker.org\/fw17\/wp-content\/uploads\/2021\/11\/Linder_Rotfuchs._800x450jpg.jpg?fit=800%2C450&ssl=1&resize=350%2C200","width":350,"height":200,"srcset":"https:\/\/i0.wp.com\/www.freidenker.org\/fw17\/wp-content\/uploads\/2021\/11\/Linder_Rotfuchs._800x450jpg.jpg?fit=800%2C450&ssl=1&resize=350%2C200 1x, https:\/\/i0.wp.com\/www.freidenker.org\/fw17\/wp-content\/uploads\/2021\/11\/Linder_Rotfuchs._800x450jpg.jpg?fit=800%2C450&ssl=1&resize=525%2C300 1.5x, https:\/\/i0.wp.com\/www.freidenker.org\/fw17\/wp-content\/uploads\/2021\/11\/Linder_Rotfuchs._800x450jpg.jpg?fit=800%2C450&ssl=1&resize=700%2C400 2x"},"classes":[]},{"id":17177,"url":"https:\/\/www.freidenker.org\/?p=17177","url_meta":{"origin":14456,"position":5},"title":"Der Dammbruch: Deutschlands Pakt mit dem Faschismus","author":"Webredaktion","date":"6. Oktober 2023","format":false,"excerpt":"Beitrag von Gert Ewen Ungar Wenn es gegen Russland geht, dann wirft der kollektive Westen, dann wirft auch Deutschland alle Bedenken gegen\u00fcber Rechtsextremismus und Faschismus \u00fcber Bord. Wenn es gegen Russland geht, dann paktieren westliche Politik und Vertreter der Zivilgesellschaft mit Rechtsnationalisten und bekennenden Nazis. Der Damm ist l\u00e4ngst gebrochen,\u2026","rel":"","context":"In &quot;Demokratie \u2013 Medien \u2013 Aufkl\u00e4rung&quot;","block_context":{"text":"Demokratie \u2013 Medien \u2013 Aufkl\u00e4rung","link":"https:\/\/www.freidenker.org\/?cat=12"},"img":{"alt_text":"","src":"https:\/\/i0.wp.com\/www.freidenker.org\/fw17\/wp-content\/uploads\/2023\/10\/Bandera-Statue_800x450.jpg?fit=800%2C450&ssl=1&resize=350%2C200","width":350,"height":200,"srcset":"https:\/\/i0.wp.com\/www.freidenker.org\/fw17\/wp-content\/uploads\/2023\/10\/Bandera-Statue_800x450.jpg?fit=800%2C450&ssl=1&resize=350%2C200 1x, https:\/\/i0.wp.com\/www.freidenker.org\/fw17\/wp-content\/uploads\/2023\/10\/Bandera-Statue_800x450.jpg?fit=800%2C450&ssl=1&resize=525%2C300 1.5x, https:\/\/i0.wp.com\/www.freidenker.org\/fw17\/wp-content\/uploads\/2023\/10\/Bandera-Statue_800x450.jpg?fit=800%2C450&ssl=1&resize=700%2C400 2x"},"classes":[]}],"_links":{"self":[{"href":"https:\/\/www.freidenker.org\/index.php?rest_route=\/wp\/v2\/posts\/14456","targetHints":{"allow":["GET"]}}],"collection":[{"href":"https:\/\/www.freidenker.org\/index.php?rest_route=\/wp\/v2\/posts"}],"about":[{"href":"https:\/\/www.freidenker.org\/index.php?rest_route=\/wp\/v2\/types\/post"}],"author":[{"embeddable":true,"href":"https:\/\/www.freidenker.org\/index.php?rest_route=\/wp\/v2\/users\/3"}],"replies":[{"embeddable":true,"href":"https:\/\/www.freidenker.org\/index.php?rest_route=%2Fwp%2Fv2%2Fcomments&post=14456"}],"version-history":[{"count":0,"href":"https:\/\/www.freidenker.org\/index.php?rest_route=\/wp\/v2\/posts\/14456\/revisions"}],"wp:featuredmedia":[{"embeddable":true,"href":"https:\/\/www.freidenker.org\/index.php?rest_route=\/wp\/v2\/media\/14454"}],"wp:attachment":[{"href":"https:\/\/www.freidenker.org\/index.php?rest_route=%2Fwp%2Fv2%2Fmedia&parent=14456"}],"wp:term":[{"taxonomy":"category","embeddable":true,"href":"https:\/\/www.freidenker.org\/index.php?rest_route=%2Fwp%2Fv2%2Fcategories&post=14456"},{"taxonomy":"post_tag","embeddable":true,"href":"https:\/\/www.freidenker.org\/index.php?rest_route=%2Fwp%2Fv2%2Ftags&post=14456"}],"curies":[{"name":"wp","href":"https:\/\/api.w.org\/{rel}","templated":true}]}}