{"id":14441,"date":"2022-10-13T01:29:49","date_gmt":"2022-10-12T23:29:49","guid":{"rendered":"https:\/\/www.freidenker.org\/?p=14441"},"modified":"2022-11-05T12:57:26","modified_gmt":"2022-11-05T11:57:26","slug":"video-der-aktuelle-systemkonflikt","status":"publish","type":"post","link":"https:\/\/www.freidenker.org\/?p=14441","title":{"rendered":"Video: Der aktuelle Systemkonflikt"},"content":{"rendered":"<p><em>Videomittschnitt eines Vortrages von <strong>Dr. Werner R\u00fcgemer<\/strong><\/em><\/p>\n<p>Die Jenny Marx Gesellschaft f\u00fcr politische Bildung e.V. hat auf Wunsch einer gr\u00f6\u00dferen Zahl von Teilnehmern der gemeinsamen Veranstaltung mit dem Deutschen Freidenker-Verband, LV Rheinland-Pfalz\/Saarland, unterst\u00fctzt von den NachDenkSeiten &#8211; Gespr\u00e4chskreis Diez-Limburg-Bad Camberg, eine Video-Aufzeichnung des Vortrages von Dr. Werner R\u00fcgemer, Sprecher des Beirats des Deutschen Freidenker-Verbandes, zum Thema<\/p>\n<h5 style=\"text-align: center;\">&#8222;Der aktuelle Systemkonflikt zwischen den vom US-Imperium gef\u00fchrten L\u00e4ndern und dem &#8222;Rest der Welt&#8220;&#8220;<\/h5>\n<p>online gestellt.<\/p>\n<p>Mehr als 50 Interessierte kamen zur Diskussionsveranstaltung am 06.10.2022 in Neuwied mit Dr. Werner R\u00fcgemer. Die Veranstaltung wurde k\u00fcnstlerisch umrahmt von Ernesto Schwarz, der eigene Lieder und eigene Liedtexte zu bekannten Melodien zum Besten gab.<\/p>\n<div class=\"jetpack-video-wrapper\"><span class=\"embed-youtube\" style=\"text-align:center; display: block;\"><iframe loading=\"lazy\" class=\"youtube-player\" width=\"800\" height=\"450\" src=\"https:\/\/www.youtube.com\/embed\/YLB0rOyCle8?version=3&#038;rel=1&#038;showsearch=0&#038;showinfo=1&#038;iv_load_policy=1&#038;fs=1&#038;hl=de-DE&#038;autohide=2&#038;wmode=transparent\" allowfullscreen=\"true\" style=\"border:0;\" sandbox=\"allow-scripts allow-same-origin allow-popups allow-presentation allow-popups-to-escape-sandbox\"><\/iframe><\/span><\/div>\n<p><span style=\"font-size: 10pt;\">Direktlink zum Video auf YouTube: <a href=\"https:\/\/www.youtube.com\/watch?v=YLB0rOyCle8\" target=\"_blank\" rel=\"noopener\">https:\/\/www.youtube.com\/watch?v=YLB0rOyCle8<\/a><\/span><\/p>\n<p>Ein zweiter Teil, der die Diskussion dokumentiert, wird sp\u00e4ter nachgereicht.<\/p>\n<hr \/>\n<p><strong>Zum Thema:<\/strong><\/p>\n<p>Der US-gef\u00fchrte westliche Kapitalismus steigt ab, in den USA selbst, in der EU und anderen abh\u00e4ngigen Staaten: volkswirtschaftlich, umweltpolitisch, moralisch, politisch, arbeitsrechtlich, menschen- und v\u00f6lkerrechtlich. Armut und Reichtum gehen noch weiter und schneller klassenm\u00e4\u00dfig auseinander als bisher &#8211; aber die USA haben weltweit mehr Milit\u00e4r zu Land, auf den Meeren, in der Luft und im Weltraum als die n\u00e4chsten zehn gr\u00f6\u00dften Staaten zusammen. Deshalb w\u00e4chst sp\u00e4testens seit den US-Regierungen unter Barack Obama, beschleunigt durch Trump und Biden, die Aggressivit\u00e4t gegen den \u201eRest\u201c der Welt, insbesondere gegen die national und weltweit aufsteigende Volksrepublik China.<\/p>\n<hr \/>\n<p><span style=\"font-size: 10pt;\">Bild oben: Dr. Werner R\u00fcgemer, Screenshot aus dem <a href=\"https:\/\/www.youtube.com\/watch?v=YLB0rOyCle8\" target=\"_blank\" rel=\"noopener\">Video<\/a> der Jenny-Marx-Gesellschaft<\/span><\/p>\n","protected":false},"excerpt":{"rendered":"<p><b>Videomittschnitt eines Vortrages von Dr. Werner R\u00fcgemer<\/b><br \/>\nDie Jenny Marx Gesellschaft f\u00fcr politische Bildung e.V. hat &#8230; eine Video-Aufzeichnung des Vortrages von Dr. Werner R\u00fcgemer, Sprecher des Beirats des Deutschen Freidenker-Verbandes, zum Thema &#8222;Der aktuelle Systemkonflikt zwischen den vom US-Imperium gef\u00fchrten L\u00e4ndern und dem &#8222;Rest der Welt&#8220;&#8220; \u00a0online gestellt.<br \/>\nMehr als 40 Interessierte kamen zur Diskussionsveranstaltung am 06.10.2022 in Neuwied. Die Veranstaltung wurde k\u00fcnstlerisch umrahmt von Ernesto Schwarz, der eigene Lieder und eigene Liedtexte zu bekannten Melodien zum Besten gab.<\/p>\n","protected":false},"author":3,"featured_media":14442,"comment_status":"closed","ping_status":"closed","sticky":false,"template":"","format":"standard","meta":{"colormag_page_container_layout":"default_layout","colormag_page_sidebar_layout":"default_layout","advanced_seo_description":"","jetpack_seo_html_title":"","jetpack_seo_noindex":false,"jetpack_post_was_ever_published":false,"footnotes":""},"categories":[12,19],"tags":[1261,1296,1314,1140,56,1321,185,1050],"class_list":["post-14441","post","type-post","status-publish","format-standard","has-post-thumbnail","hentry","category-demokratie-medien-aufklaerung","category-veranstaltungen-in-den-dfv-landesverbaenden","tag-armut","tag-diskussion","tag-geostrategie","tag-lv-rheinland-pfalz-saarland","tag-nato","tag-reichtum","tag-usa","tag-veranstaltung"],"jetpack_featured_media_url":"https:\/\/i0.wp.com\/www.freidenker.org\/fw17\/wp-content\/uploads\/2022\/10\/RuegemerNeuwied_800x450.jpg?fit=800%2C450&ssl=1","jetpack_shortlink":"https:\/\/wp.me\/p9stpK-3KV","jetpack-related-posts":[{"id":23210,"url":"https:\/\/www.freidenker.org\/?p=23210","url_meta":{"origin":14441,"position":0},"title":"III. Nationales Denkfest &#8211; Werner R\u00fcgemer &#8211; Verh\u00e4ngnisvolle Freundschaft, wie die USA Europa eroberten","author":"Webredaktion","date":"17. Oktober 2025","format":false,"excerpt":"Video eines Vortrages von Dr. Werner R\u00fcgemer auf dem III. Denkfest der Aktiven Im Ferienpark Retgendorf bei Schwerin fand vom 28.\u201030. M\u00e4rz 2025 das 3. \u201eDenkfest der Aktiven\u201c statt. Zahlreiche Mitglieder unseres Verbandes beteiligten sich an der Programmgestaltung. Wir ver\u00f6ffentlichen hiermit ein Video des Vortrages unseres Beiratsmitgliedes Dr. Werner R\u00fcgemer\u2026","rel":"","context":"In &quot;Demokratie \u2013 Medien \u2013 Aufkl\u00e4rung&quot;","block_context":{"text":"Demokratie \u2013 Medien \u2013 Aufkl\u00e4rung","link":"https:\/\/www.freidenker.org\/?cat=12"},"img":{"alt_text":"","src":"https:\/\/i0.wp.com\/www.freidenker.org\/fw17\/wp-content\/uploads\/2025\/10\/friedenstaub03_ruegemer_youtube_800x450.jpg?fit=800%2C450&ssl=1&resize=350%2C200","width":350,"height":200,"srcset":"https:\/\/i0.wp.com\/www.freidenker.org\/fw17\/wp-content\/uploads\/2025\/10\/friedenstaub03_ruegemer_youtube_800x450.jpg?fit=800%2C450&ssl=1&resize=350%2C200 1x, https:\/\/i0.wp.com\/www.freidenker.org\/fw17\/wp-content\/uploads\/2025\/10\/friedenstaub03_ruegemer_youtube_800x450.jpg?fit=800%2C450&ssl=1&resize=525%2C300 1.5x, https:\/\/i0.wp.com\/www.freidenker.org\/fw17\/wp-content\/uploads\/2025\/10\/friedenstaub03_ruegemer_youtube_800x450.jpg?fit=800%2C450&ssl=1&resize=700%2C400 2x"},"classes":[]},{"id":14272,"url":"https:\/\/www.freidenker.org\/?p=14272","url_meta":{"origin":14441,"position":1},"title":"Einladung: Der aktuelle Systemkonflikt","author":"Webredaktion","date":"29. September 2022","format":false,"excerpt":"... zwischen den vom US-Imperium gef\u00fchrten L\u00e4ndern und dem \u201eRest der Welt\u201c Vortrag und Diskussion mit Dr. Werner R\u00fcgemer Donnerstag, 06.10.2022, 18 Uhr, Restaurant Singapur (Saal im Obergeschoss), Marktstra\u00dfe 90, 56564 Neuwied Das Thema: Der US-gef\u00fchrte westliche Kapitalismus steigt ab, in den USA selbst, in der EU und anderen abh\u00e4ngigen\u2026","rel":"","context":"In &quot;Demokratie \u2013 Medien \u2013 Aufkl\u00e4rung&quot;","block_context":{"text":"Demokratie \u2013 Medien \u2013 Aufkl\u00e4rung","link":"https:\/\/www.freidenker.org\/?cat=12"},"img":{"alt_text":"","src":"https:\/\/i0.wp.com\/www.freidenker.org\/fw17\/wp-content\/uploads\/2022\/09\/ruegemer_systemkonflikt_800x450.jpg?fit=800%2C450&ssl=1&resize=350%2C200","width":350,"height":200,"srcset":"https:\/\/i0.wp.com\/www.freidenker.org\/fw17\/wp-content\/uploads\/2022\/09\/ruegemer_systemkonflikt_800x450.jpg?fit=800%2C450&ssl=1&resize=350%2C200 1x, https:\/\/i0.wp.com\/www.freidenker.org\/fw17\/wp-content\/uploads\/2022\/09\/ruegemer_systemkonflikt_800x450.jpg?fit=800%2C450&ssl=1&resize=525%2C300 1.5x, https:\/\/i0.wp.com\/www.freidenker.org\/fw17\/wp-content\/uploads\/2022\/09\/ruegemer_systemkonflikt_800x450.jpg?fit=800%2C450&ssl=1&resize=700%2C400 2x"},"classes":[]},{"id":19313,"url":"https:\/\/www.freidenker.org\/?p=19313","url_meta":{"origin":14441,"position":2},"title":"Milit\u00e4r in der Nachbarschaft: US-Milit\u00e4r in Rheinland-Pfalz","author":"Webredaktion","date":"11. Juni 2024","format":false,"excerpt":"Video eines Vortrages von Karl-Heinz Peil gehalten auf einer Veranstaltung des Deutschen Freidenker-Verbandes, Landesverband Rheinland-Pfalz \/ Saarland am 07.06.2024 in Idar-Oberstein Rheinland-Pfalz ist reich an milit\u00e4rischen Einrichtungen. B\u00fcchel ist als Standort der Bundeswehr durch die Lagerung von Atomraketen, Ramstein als die gr\u00f6\u00dfte Milit\u00e4rdrehscheibe der USA durch die Aktion \u201eStopp Ramstein\u201c\u2026","rel":"","context":"In &quot;Frieden - Antifaschismus - Solidarit\u00e4t&quot;","block_context":{"text":"Frieden - Antifaschismus - Solidarit\u00e4t","link":"https:\/\/www.freidenker.org\/?cat=13"},"img":{"alt_text":"","src":"https:\/\/i0.wp.com\/www.freidenker.org\/fw17\/wp-content\/uploads\/2024\/06\/Peil_Idar-Oberstein_2024-06-07_800x450.jpg?fit=800%2C450&ssl=1&resize=350%2C200","width":350,"height":200,"srcset":"https:\/\/i0.wp.com\/www.freidenker.org\/fw17\/wp-content\/uploads\/2024\/06\/Peil_Idar-Oberstein_2024-06-07_800x450.jpg?fit=800%2C450&ssl=1&resize=350%2C200 1x, https:\/\/i0.wp.com\/www.freidenker.org\/fw17\/wp-content\/uploads\/2024\/06\/Peil_Idar-Oberstein_2024-06-07_800x450.jpg?fit=800%2C450&ssl=1&resize=525%2C300 1.5x, https:\/\/i0.wp.com\/www.freidenker.org\/fw17\/wp-content\/uploads\/2024\/06\/Peil_Idar-Oberstein_2024-06-07_800x450.jpg?fit=800%2C450&ssl=1&resize=700%2C400 2x"},"classes":[]},{"id":10864,"url":"https:\/\/www.freidenker.org\/?p=10864","url_meta":{"origin":14441,"position":3},"title":"Seminar: Kapitalismus \u2013 mit Perspektive?","author":"Webredaktion","date":"21. Juli 2021","format":false,"excerpt":"Corona und die Folgen \u2013 was planen \u201esie\u201c \u2013 was ist mit China? \/ Vortr\u00e4ge und Diskussion mit Dr. Werner R\u00fcgemer und Rainer Rupp Veranstaltung des Deutschen Freidenker-Verbandes Rheinland-Pfalz \/ Saarland am Sa.\/So, 07. + 08. August 2021, Naturfreundehaus Rahnenhof in Carlsberg-Hertlingshausen Die Themen u.a.: - Die westliche Corona-Politik als\u2026","rel":"","context":"In &quot;Demokratie \u2013 Medien \u2013 Aufkl\u00e4rung&quot;","block_context":{"text":"Demokratie \u2013 Medien \u2013 Aufkl\u00e4rung","link":"https:\/\/www.freidenker.org\/?cat=12"},"img":{"alt_text":"","src":"https:\/\/i0.wp.com\/www.freidenker.org\/fw17\/wp-content\/uploads\/2021\/07\/corona-5081311_800x450.jpg?fit=800%2C450&ssl=1&resize=350%2C200","width":350,"height":200,"srcset":"https:\/\/i0.wp.com\/www.freidenker.org\/fw17\/wp-content\/uploads\/2021\/07\/corona-5081311_800x450.jpg?fit=800%2C450&ssl=1&resize=350%2C200 1x, https:\/\/i0.wp.com\/www.freidenker.org\/fw17\/wp-content\/uploads\/2021\/07\/corona-5081311_800x450.jpg?fit=800%2C450&ssl=1&resize=525%2C300 1.5x, https:\/\/i0.wp.com\/www.freidenker.org\/fw17\/wp-content\/uploads\/2021\/07\/corona-5081311_800x450.jpg?fit=800%2C450&ssl=1&resize=700%2C400 2x"},"classes":[]},{"id":20445,"url":"https:\/\/www.freidenker.org\/?p=20445","url_meta":{"origin":14441,"position":4},"title":"Links wie Rechts &#8211; einig und gleich schlecht?","author":"Webredaktion","date":"30. November 2024","format":false,"excerpt":"Video der Kulturwerkstatt Beckingen \u00fcber eine Veranstaltung des Deutschen Freidenkerverbandes, Landesverband Rheinland-Pfalz\/Saar am 17.11.2024 Gilt das alte Links heute als das neue Rechts? Woher stammte die Einteilung in \u201erechts\u201c und \u201elinks\u201c urspr\u00fcnglich? Ist das heute noch g\u00fcltig oder \u00fcberholt? Wie steht es mit den Behauptungen, man sei weder \u201erechts\u201c noch\u2026","rel":"","context":"In &quot;Kultur &amp; Kunst&quot;","block_context":{"text":"Kultur &amp; Kunst","link":"https:\/\/www.freidenker.org\/?cat=913"},"img":{"alt_text":"","src":"https:\/\/i0.wp.com\/www.freidenker.org\/fw17\/wp-content\/uploads\/2024\/11\/Hartmann_Beckingen-2024_800x450.jpg?fit=800%2C450&ssl=1&resize=350%2C200","width":350,"height":200,"srcset":"https:\/\/i0.wp.com\/www.freidenker.org\/fw17\/wp-content\/uploads\/2024\/11\/Hartmann_Beckingen-2024_800x450.jpg?fit=800%2C450&ssl=1&resize=350%2C200 1x, https:\/\/i0.wp.com\/www.freidenker.org\/fw17\/wp-content\/uploads\/2024\/11\/Hartmann_Beckingen-2024_800x450.jpg?fit=800%2C450&ssl=1&resize=525%2C300 1.5x, https:\/\/i0.wp.com\/www.freidenker.org\/fw17\/wp-content\/uploads\/2024\/11\/Hartmann_Beckingen-2024_800x450.jpg?fit=800%2C450&ssl=1&resize=700%2C400 2x"},"classes":[]},{"id":14682,"url":"https:\/\/www.freidenker.org\/?p=14682","url_meta":{"origin":14441,"position":5},"title":"Video: US-gef\u00fchrter Kapitalismus gegen den &#8222;Rest der Welt&#8220;","author":"Webredaktion","date":"16. November 2022","format":false,"excerpt":"Vortrag von Dr. Werner R\u00fcgemer,\u00a0gehalten am 07. 11.2022 in M\u00fcnchen Der US-gef\u00fchrte Kapitalismus ist im Niedergang: Wirtschaftlich, menschen- und arbeitsrechtlich, politisch, moralisch und im internationalen Ansehen. Dies trifft besonders die Mehrheit der abh\u00e4ngig Besch\u00e4ftigten mit sinkenden Einkommen und Renten. Auch arbeits- und lebensbedingte Krankheiten nehmen zu, die Lebenserwartung sinkt, vor\u2026","rel":"","context":"In &quot;Arbeit &amp; Soziales&quot;","block_context":{"text":"Arbeit &amp; Soziales","link":"https:\/\/www.freidenker.org\/?cat=11"},"img":{"alt_text":"","src":"https:\/\/i0.wp.com\/www.freidenker.org\/fw17\/wp-content\/uploads\/2022\/11\/ruegemer_muenchen_saal_800x450.jpg?fit=800%2C450&ssl=1&resize=350%2C200","width":350,"height":200,"srcset":"https:\/\/i0.wp.com\/www.freidenker.org\/fw17\/wp-content\/uploads\/2022\/11\/ruegemer_muenchen_saal_800x450.jpg?fit=800%2C450&ssl=1&resize=350%2C200 1x, https:\/\/i0.wp.com\/www.freidenker.org\/fw17\/wp-content\/uploads\/2022\/11\/ruegemer_muenchen_saal_800x450.jpg?fit=800%2C450&ssl=1&resize=525%2C300 1.5x, https:\/\/i0.wp.com\/www.freidenker.org\/fw17\/wp-content\/uploads\/2022\/11\/ruegemer_muenchen_saal_800x450.jpg?fit=800%2C450&ssl=1&resize=700%2C400 2x"},"classes":[]}],"_links":{"self":[{"href":"https:\/\/www.freidenker.org\/index.php?rest_route=\/wp\/v2\/posts\/14441","targetHints":{"allow":["GET"]}}],"collection":[{"href":"https:\/\/www.freidenker.org\/index.php?rest_route=\/wp\/v2\/posts"}],"about":[{"href":"https:\/\/www.freidenker.org\/index.php?rest_route=\/wp\/v2\/types\/post"}],"author":[{"embeddable":true,"href":"https:\/\/www.freidenker.org\/index.php?rest_route=\/wp\/v2\/users\/3"}],"replies":[{"embeddable":true,"href":"https:\/\/www.freidenker.org\/index.php?rest_route=%2Fwp%2Fv2%2Fcomments&post=14441"}],"version-history":[{"count":0,"href":"https:\/\/www.freidenker.org\/index.php?rest_route=\/wp\/v2\/posts\/14441\/revisions"}],"wp:featuredmedia":[{"embeddable":true,"href":"https:\/\/www.freidenker.org\/index.php?rest_route=\/wp\/v2\/media\/14442"}],"wp:attachment":[{"href":"https:\/\/www.freidenker.org\/index.php?rest_route=%2Fwp%2Fv2%2Fmedia&parent=14441"}],"wp:term":[{"taxonomy":"category","embeddable":true,"href":"https:\/\/www.freidenker.org\/index.php?rest_route=%2Fwp%2Fv2%2Fcategories&post=14441"},{"taxonomy":"post_tag","embeddable":true,"href":"https:\/\/www.freidenker.org\/index.php?rest_route=%2Fwp%2Fv2%2Ftags&post=14441"}],"curies":[{"name":"wp","href":"https:\/\/api.w.org\/{rel}","templated":true}]}}