{"id":14423,"date":"2022-10-12T02:01:24","date_gmt":"2022-10-12T00:01:24","guid":{"rendered":"https:\/\/www.freidenker.org\/?p=14423"},"modified":"2022-11-05T12:56:49","modified_gmt":"2022-11-05T11:56:49","slug":"geopolitik-der-elefant-im-raum","status":"publish","type":"post","link":"https:\/\/www.freidenker.org\/?p=14423","title":{"rendered":"Geopolitik: Der Elefant im Raum"},"content":{"rendered":"<p><strong>Dem Westen geht es um &#8222;Werte&#8220;, w\u00e4hrend Putin verborgene imperiale Absichten hegt? In Wirklichkeit ist die russische politische Kommunikation wesentlich offener als die westliche; aber es ist wichtig, genau von dieser Tatsache abzulenken.<\/strong><\/p>\n<p><em>Von <strong>Dagmar Henn<\/strong><\/em><\/p>\n<p><span style=\"font-size: 10pt;\">Erstver\u00f6ffentlichung am 09.10.2022 auf <a href=\"https:\/\/pressefreiheit.rtde.live\/meinung\/151030-geopolitik-der-elefant-im-raum\/\" target=\"_blank\" rel=\"noopener\">RT DE<\/a><\/span><\/p>\n<div class=\"EmbedBlock-root EmbedBlock-all\">\n<div class=\"AllEmbed\"><iframe loading=\"lazy\" title=\"Geopolitik: Der Elefant im Raum\" src=\"https:\/\/www.podbean.com\/player-v2\/?i=2fcqs-12e40a9-pb&amp;from=pb6admin&amp;share=1&amp;download=1&amp;rtl=0&amp;fonts=Arial&amp;skin=1&amp;font-color=&amp;logo_link=episode_page&amp;btn-skin=7\" width=\"100%\" height=\"150\" scrolling=\"no\" data-name=\"pb-iframe-player\" data-mce-fragment=\"1\"><\/iframe><\/div>\n<\/div>\n<p>Zu Wladimir Putins 70. Geburtstag \u00fcberschlug sich die deutsche Presselandschaft wieder mit Meldungen \u00fcber den &#8222;Kremlchef&#8220; (<em>FAZ<\/em>), der mit &#8222;L\u00fcgen, T\u00e4uschen und Drohungen&#8220; (<em>Focus<\/em>) zu handeln gewohnt sei und jetzt vor einem &#8222;Kontrollverlust&#8220; (<em>Zeit<\/em>) stehe. Das ist die Geschichte, die seit Jahren verkauft wird: ein Alleinherrscher, dessen geistige Gesundheit fraglich ist und dessen Handlungen R\u00e4tsel aufgeben. Besonders gerne wird dann noch finster &#8222;KGB&#8220; geraunt.<\/p>\n<p>Sonderlich glaubw\u00fcrdig schienen mir diese Geschichten nie. Das hat mehrere Gr\u00fcnde. Zum einen wei\u00df ich vielleicht etwas mehr \u00fcber Nachrichtendienste als die Durchschnittsbev\u00f6lkerung, zum anderen kenne ich die Abl\u00e4ufe innerhalb kommunistischer Parteien, und zum dritten ist die Vorstellung des &#8222;Alleinherrschers&#8220; eine absolute historische Fiktion, die es nie gegeben hat und auch nie geben wird.<\/p>\n<p>Aber betrachten wir die Punkte einmal einzeln. Mein Vater war Jurist und verbrachte sein gesamtes Arbeitsleben beim BND, und ich habe im Lauf der Jahre doch ein relativ klares Bild erhalten, wie solche Strukturen funktionieren (auch wenn er nie im operativen Bereich t\u00e4tig war).<\/p>\n<p>Der erste Punkt, der von der \u00f6ffentlichen Wahrnehmung abweicht, ist, dass es sich um h\u00f6chst rationale Organisationen handelt. Sofern man einmal die Frage eines &#8222;tiefen Staates&#8220; beiseite l\u00e4sst, erf\u00fcllen sie zwei Zwecke. Zum einen sollen sie die Informationen gewinnen, die erforderlich sind, um die Lage so realistisch wie m\u00f6glich einsch\u00e4tzen zu k\u00f6nnen, und zum anderen werden sie unter Umst\u00e4nden damit beauftragt, die auf Grundlage dieser Einsch\u00e4tzungen getroffenen politischen Entscheidungen umzusetzen. Die Entscheidung selbst wird aber au\u00dferhalb dieses Apparats getroffen.<\/p>\n<p>So sehr das \u00f6ffentliche Bild von Abenteuergeschichten gepr\u00e4gt ist, aus denen dann so etwas wie &#8222;L\u00fcgen, T\u00e4uschung und Drohungen&#8220; gesogen wird (da sieht man regelrecht die klassischen Schurken aus den James-Bond-Filmen), so sehr dominiert in Wirklichkeit die Verarbeitung von Information. Das Ziel eines Auslandsgeheimdienstes ist, eine realistische Grundlage f\u00fcr au\u00dfenpolitische Entscheidungen zu liefern. Die selbst wiederum letztlich immer rationalen Interessen folgen, gleich wie oft die Bundestrampolinspringerin von Werten redet.<\/p>\n<p>Weil das gew\u00fcnschte Ergebnis ein rationales ist, ist das auch Voraussetzung an das Personal. Selbst die ber\u00fcchtigten und ber\u00fchmten Putsche der CIA waren kein Privatvergn\u00fcgen irgendwelcher finsterer Verschw\u00f6rer, sondern folgten der \u00e4u\u00dferst rationalen Vorgabe, etwa die Kontrolle \u00fcber bestimmte Rohstoffe oder geopolitisch wichtige Standorte zu erreichen oder zu halten. Das, was das \u00e4u\u00dfere Bild dominiert, ist nur das gelegentliche Mittel zum Zweck; da aber die Ausf\u00fchrenden nicht die Entscheider sind, ist der Charakter, der ihnen zugeschrieben wird, reine Projektion. Andere als n\u00fcchterne Menschen sind nicht zu gebrauchen.<\/p>\n<p>Der zweite Punkt, die Abl\u00e4ufe in kommunistischen Parteien, ist deshalb wichtig, weil es da eine kulturelle Pr\u00e4gung gibt. Schlie\u00dflich war das \u00fcber die 70 Jahre der Sowjetunion hinweg der Kern des politischen Prozesses, und bis heute ist Russland von der Oberfl\u00e4chlichkeit westlicher Politik relativ weit entfernt.<\/p>\n<p>Dieter S\u00fcverkr\u00fcp hat in den 1960ern ein <a href=\"https:\/\/www.youtube.com\/watch?v=m98ZCPwphh4\" target=\"_blank\" rel=\"noopener noreferrer\">Lied<\/a> geschrieben, das alle Stereotype, die bezogen auf Kommunisten im Westen herrschen, ziemlich gut zusammenfasst. Fr\u00fchst\u00fcckt mit Wodka, frisst um zehn das erste Kind und diskutiert dann mit Schwester Theresa \u00fcber den Weltfrieden. Und nat\u00fcrlich ist diese finstere Verschw\u00f6rergestalt ein einsamer Wolf &#8230;<\/p>\n<p>In Wirklichkeit sind kommunistische Parteien bis zum Exzess demokratisch. Das mag Au\u00dfenstehende verbl\u00fcffen; aber jedes auch nur ansatzweise wichtige Dokument wird ausf\u00fchrlich diskutiert, auf allen Ebenen, und Entscheidungsprozesse sind dadurch vergleichsweise langsam (Demokratie braucht immer Zeit und Organisation). W\u00e4hrend die westliche Fantasie davon ausgeht, dass jemand an der Spitze einfach durchregiert, so wie das der Vorstandsvorsitzende eines Konzerns tun kann, ist genau das in diesen Strukturen nicht m\u00f6glich. Wer penible Diskussionen dar\u00fcber, ob eine Einsch\u00e4tzung zutrifft oder nicht, langweilig findet, sollte solchen Organisationen fernbleiben.<\/p>\n<p>Nachdem ich auch zehn Jahre in der Linkspartei verbracht habe, in ihren Anfangsjahren, als es noch etwas Leben in der Organisation gab, muss ich sagen, an diesem Punkt ist sie eine gew\u00f6hnliche b\u00fcrgerliche Partei. Das hei\u00dft, die Entscheidungsm\u00f6glichkeiten normaler Mitglieder sind wesentlich geringer. Was aber hingenommen wird, weil die meisten Menschen, die in so eine Partei gehen, gar nicht bereit sind, viel Zeit mit Politik zu verbringen, sondern gar nicht mehr wollen, als sich selbst zu bescheinigen, zu den &#8222;Guten&#8220; zu geh\u00f6ren. Und dann gibt es nat\u00fcrlich die unterschiedlichen Karriere-Seilschaften.<\/p>\n<p>Ein Punkt, der kommunistische und b\u00fcrgerliche Parteien klar unterscheidet, ist, wie ernst die politischen Aussagen gemeint sind. Jeder wei\u00df, dass Wahlk\u00e4mpfe der parlamentarischen Parteien von Werbeagenturen gestaltet werden, die das umsetzen, was die Meinungsforschungsinstitute als &#8222;Verkaufsschlager&#8220; einer jeweiligen Partei identifiziert haben. Was da angepriesen wird, ist keine origin\u00e4r politische Position, und dementsprechend ist das, was dann real umgesetzt wird, nur noch begrenzt mit dem verbunden, was versprochen wurde (und es setzen sich oft Interessen durch, die zuvor \u00fcberhaupt nicht benannt werden, dank ausgiebiger Lobbyarbeit). Genau an diesem Punkt haben sich die L\u00e4nder des Westens in den letzten Jahrzehnten immer weiter entdemokratisiert; denn welchen Wert hat die eine demokratische Entscheidung des gew\u00f6hnlichen B\u00fcrgers, das Kreuz auf dem Stimmzettel noch, wenn die Voraussetzungen eine Fiktion sind?<\/p>\n<p>Wenn man die Dokumente beliebiger kommunistischer Parteien zu beliebiger Zeit betrachtet, gleich an welchem Ort der Welt, stellt man fest, dass sie immer von einer globalen Analyse abw\u00e4rts gehen. Wie ist die Lage auf der Welt? Welche Interessen stehen sich gegen\u00fcber? Von au\u00dfen betrachtet wirkt erst einmal die Begrifflichkeit fremd, wenn von Imperialismus und von Klassen die Rede ist; aber das sind schlicht die eingef\u00fchrten Begriffe, um Gruppen zu benennen, die grundlegende \u00f6konomische Interessen miteinander teilen.<\/p>\n<p>Sprich, die finsteren Verschw\u00f6rer besch\u00e4ftigen sich zuallererst damit, ein m\u00f6glichst genaues Bild der gegenw\u00e4rtigen Wirklichkeit zu erstellen, um dann auf dieser Grundlage zu den richtigen politischen Entscheidungen zu kommen (richtig selbstverst\u00e4ndlich, wie bei allen politischen Akteuren, f\u00fcr die eigenen Ziele). Was, bezogen auf das heutige Deutschland, beispielsweise hei\u00dft, die Entwicklung der Energiekosten wie die Inflation als einen Angriff auf die Lage der Arbeiterklasse zu benennen und daraus abzuleiten, dass deren Abwehr erforderlich ist. Oder auf globaler Ebene zu betrachten, wie es sich mit den Versuchen verh\u00e4lt, das System kolonialer Abh\u00e4ngigkeiten zu sprengen, die seit Entstehen kommunistischer Organisationen eines der wichtigsten Ziele darstellen, und anhand dessen zu identifizieren, welche L\u00e4nder B\u00fcndnispartner und welche Gegner sind.<\/p>\n<p>Ich sage das jetzt nur, um begreiflich zu machen, wo das \u00dcbersetzungsproblem liegt. Das Interessante an Putins Reden ist n\u00e4mlich, dass sie genau so gemeint sind, wie sie dastehen. Also nicht Werbeinteressen folgen, nicht darauf abzielen, dem Publikum ein angenehmes, aber falsches Bild zu vermitteln, sondern, wie vor allem bei der Rede zu den Referenden zu merken war, ganz klassisch von einer Analyse der globalen Situation ausgehen (selbst wenn diese Analyse erst im hinteren Teil der Rede auftaucht) und alles weitere daraus abgeleitet wird.<\/p>\n<p>Man k\u00f6nnte das vielleicht damit vergleichen, dass ein streng protestantisch aufgewachsener Atheist immer noch bestimmte Elemente der reichlich genossenen Sonntagspredigten aufgreifen und wiedergeben wird. Die Pr\u00e4gung durch die Art der Kommunikation bleibt. Auch die durch eine bestimmte Art der Verantwortlichkeit; individuelle H\u00f6henfl\u00fcge wie der einer Annalena Baerbock (&#8222;Gleich, was meine W\u00e4hler denken&#8220;) sind in kommunistischen Parteien undenkbar, denn das Gegen\u00fcber sind nicht W\u00e4hler, sondern Mitglieder, und die fordern Rechenschaft.<\/p>\n<p>Dieses Muster politischen Handelns ist sp\u00e4testens seit 1989 im Westen weitgehend unbekannt. Also lesen die Journalisten diese Reden, als handele es sich um die Reden westlicher Politiker, die immer die Frage aufwerfen: &#8222;Was meint er wirklich?&#8220; Dass globale Politik nicht f\u00fcr irgendwelche Werte gemacht wird, sondern immer die Umsetzung bestimmter Interessen ist, d\u00fcrfte selbst bei den Vertretern westlicher Medien bekannt sein. Wo sie aber v\u00f6llig die Orientierung verlieren, ist bei der Bewertung der gesagten und der nicht gesagten Teile. Hinter den Aussagen eines Joe Biden oder einer Frau Baerbock steht ebenso sehr ein analytischer Apparat, der Interessen identifiziert; aber ausgesprochen werden davon nur Bruchst\u00fccke. Auch die Verk\u00e4ufer der Wertesuada wissen, dass es bei dem Putsch in Bolivien um die Lithiumvorkommen ging und nicht darum, einen Wahlbetrug zu ahnden; aber wenn ihnen gegen\u00fcber jemand auftritt und offen von den Lithiumvorkommen redet, erwarten sie, dass dahinter noch weitere Absichten stehen m\u00fcssen.<\/p>\n<p>Man k\u00f6nnte fast sagen, dass ist ein Problem interkultureller Kommunikation, wenn nicht die Fehldeutung selbst von Interessen bestimmt w\u00e4re. So, wie dem Publikum in Westeuropa im Jahr 2014 die Bilder von Polizisten auf dem Maidan gezeigt wurden, mit Helm und Schild, und jeder Westeurop\u00e4er sich dieses Bild um die restliche Ausr\u00fcstung erg\u00e4nzte, die bei Demonstrationen \u00fcblich ist, vom Schlagstock \u00fcbers Pfefferspray bis zur Pistole. Genau an diesem Punkt unterschieden sich aber Wahrnehmung und Wirklichkeit, weil genau jene Ausr\u00fcstung nicht mit im Spiel war, und der rechtliche Rahmen, unter dem die damalige ukrainische Polizei handelte, sich v\u00f6llig von dem etwa der deutschen unterschied.<\/p>\n<p>Die Fantasie des Alleinherrschers \u00fcbergeht die Tatsache, dass jede Form von Herrschaft einen Apparat ben\u00f6tigt, der m\u00f6gliche Vorgaben umsetzt. Selbst der verr\u00fcckteste r\u00f6mische Kaiser musste sich mindestens der Loyalit\u00e4t der Pr\u00e4torianergarde sicher sein, und es werden sich kaum Beispiele finden lassen, bei denen nicht die Interessen mindestens einer gr\u00f6\u00dferen gesellschaftlichen Gruppe umgesetzt wurden. Die wichtigste Voraussetzung jeder Form von Herrschaft ist die Kooperation der Beherrschten. Wie tragf\u00e4hig diese ist, ist letztlich immer eine Frage der Interessen. Werden sie zu sehr verletzt oder gar v\u00f6llig negiert, wird jede Art der Macht, selbst die gewaltsamste, br\u00fcchig (was einer der Gr\u00fcnde ist, warum sich in die Kommunikation der deutschen Regierung, die sichtbar und sehr grunds\u00e4tzlich gegen die Interessen der deutschen Bev\u00f6lkerung handelt, immer wieder T\u00f6ne von Panik einschleichen, Stichwort &#8222;Delegitimierung&#8220;).<\/p>\n<p>Dass die russische politische Kommunikation, die im Vergleich zur westlichen extrem offen ist, st\u00e4ndig mit der Unterstellung unbenannter Absichten versehen werden muss, hat aber noch einen weiteren Grund. Es ist schlie\u00dflich mitnichten so, dass im Westen geopolitische Ziele nicht ge\u00e4u\u00dfert werden. Man kann die Debatten dar\u00fcber bei den entsprechenden Denkfabriken finden; da werden wirtschaftliche Interessen und machtpolitische Ziele durchaus offen benannt. Aber diese Debatten werden nur in kleinen H\u00e4ppchen der breiten \u00d6ffentlichkeit verabreicht, beispielsweise, wenn davon die Rede ist, China &#8222;einhegen&#8220; zu m\u00fcssen. Das Motiv daf\u00fcr wird allerdings verkleidet. Das allgemeine Publikum bekommt eine Werteerz\u00e4hlung vorgesetzt, w\u00e4hrend es in der echten Debatte um Absatzm\u00e4rkte, Rohstoffe und koloniale Kontrolle geht.<\/p>\n<p>Wenn nun die westlichen Spielregeln insofern gebrochen werden, dass diese eigentlich entscheidenden geopolitischen \u00dcberlegungen offen auf den Tisch gelegt werden, ist das nat\u00fcrlich ein Problem, weil das f\u00fcr jeden halbwegs intelligenten Beobachter die Frage aufwirft, was denn die Wahrheit hinter der Werteerz\u00e4hlung ist. Solange sich solche Zweifel auf eine kleinere Gruppe beschr\u00e4nken, ist das unproblematisch. Aber sie d\u00fcrfen auf keinen Fall weiter um sich greifen.<\/p>\n<p>Also bleibt letztlich gar keine andere M\u00f6glichkeit, als die &#8222;offene&#8220; Version mit einer Aura finsterer Verschw\u00f6rung und verborgener Absichten zu umgeben, um die eigene, &#8222;verdeckte&#8220; Variante abzusichern. Gerade weil das westliche Publikum weiter get\u00e4uscht werden muss und die wirklichen Ziele beispielsweise der Klimapolitik nicht benannt werden d\u00fcrfen, muss jede politische Aussage, die Ziele offen benennt, zur T\u00e4uschung erkl\u00e4rt werden.<\/p>\n<p style=\"text-align: right;\"><em>Dagmar Henn ist Mitglied des Deutschen Freidenker-Verbandes<\/em><\/p>\n<hr \/>\n<p><span style=\"font-size: 10pt;\">Bild: <a href=\"https:\/\/pixabay.com\/de\/photos\/natur-rock-s%c3%bcdafrika-stein-elefant-3077919\/\" target=\"_blank\" rel=\"noopener\">pixabay.com<\/a> \/ <a class=\"hover_opacity\" href=\"https:\/\/pixabay.com\/de\/users\/letti-s-4931654\/\">Letti-S<\/a> \/ <a href=\"https:\/\/pixabay.com\/de\/service\/license\/\">Pixabay License<\/a><\/span><\/p>\n","protected":false},"excerpt":{"rendered":"<p><b>Beitrag von Dagmar Henn<\/b><br \/>\nZu Wladimir Putins 70. Geburtstag \u00fcberschlug sich die deutsche Presselandschaft wieder mit Meldungen \u00fcber den &#8222;Kremlchef&#8220; (FAZ), der mit &#8222;L\u00fcgen, T\u00e4uschen und Drohungen&#8220; (Focus) zu handeln gewohnt sei und jetzt vor einem &#8222;Kontrollverlust&#8220; (Zeit) stehe. Das ist die Geschichte, die seit Jahren verkauft wird: ein Alleinherrscher, dessen geistige Gesundheit fraglich ist und dessen Handlungen R\u00e4tsel aufgeben. Besonders gerne wird dann noch finster &#8222;KGB&#8220; geraunt. Sonderlich glaubw\u00fcrdig schienen mir diese Geschichten nie. Das hat mehrere Gr\u00fcnde. <\/p>\n","protected":false},"author":3,"featured_media":14424,"comment_status":"closed","ping_status":"closed","sticky":false,"template":"","format":"standard","meta":{"colormag_page_container_layout":"default_layout","colormag_page_sidebar_layout":"default_layout","advanced_seo_description":"","jetpack_seo_html_title":"","jetpack_seo_noindex":false,"jetpack_post_was_ever_published":false,"footnotes":""},"categories":[12],"tags":[760,759,1631,1630,466,565,917,124,223,639,641],"class_list":["post-14423","post","type-post","status-publish","format-standard","has-post-thumbnail","hentry","category-demokratie-medien-aufklaerung","tag-bnd","tag-geheimdienste","tag-geopolitik","tag-glaubwuerdigkeit","tag-kommunikation","tag-kommunismus","tag-linkspartei","tag-politik","tag-putin","tag-ukraine-konflikt","tag-verschwoerungstheorie"],"jetpack_featured_media_url":"https:\/\/i0.wp.com\/www.freidenker.org\/fw17\/wp-content\/uploads\/2022\/10\/nature-3077919_800x450.jpg?fit=800%2C450&ssl=1","jetpack_shortlink":"https:\/\/wp.me\/p9stpK-3KD","jetpack-related-posts":[{"id":24129,"url":"https:\/\/www.freidenker.org\/?p=24129","url_meta":{"origin":14423,"position":0},"title":"Spiegel-ei","author":"Webredaktion","date":"6. Januar 2026","format":false,"excerpt":"Beitrag von Stefan Siegert Im folgenden Text geht es um den Ukrainekrieg. Geschrieben wurde er vor dem 3. Januar 2026. Bis zu diesem Datum gab es noch ein internationales Recht und verbindliche zwischenstaatliche Beziehungen. Ab diesem ersten Samstag des neuen Jahres gilt international nur noch gesetzlose Gewalt. Der folgende Text\u2026","rel":"","context":"In &quot;Demokratie \u2013 Medien \u2013 Aufkl\u00e4rung&quot;","block_context":{"text":"Demokratie \u2013 Medien \u2013 Aufkl\u00e4rung","link":"https:\/\/www.freidenker.org\/?cat=12"},"img":{"alt_text":"","src":"https:\/\/i0.wp.com\/www.freidenker.org\/fw17\/wp-content\/uploads\/2026\/01\/Trump_meets_Zelensky_at_Mar-a-Lago_800x450.jpg?fit=800%2C450&ssl=1&resize=350%2C200","width":350,"height":200,"srcset":"https:\/\/i0.wp.com\/www.freidenker.org\/fw17\/wp-content\/uploads\/2026\/01\/Trump_meets_Zelensky_at_Mar-a-Lago_800x450.jpg?fit=800%2C450&ssl=1&resize=350%2C200 1x, https:\/\/i0.wp.com\/www.freidenker.org\/fw17\/wp-content\/uploads\/2026\/01\/Trump_meets_Zelensky_at_Mar-a-Lago_800x450.jpg?fit=800%2C450&ssl=1&resize=525%2C300 1.5x, https:\/\/i0.wp.com\/www.freidenker.org\/fw17\/wp-content\/uploads\/2026\/01\/Trump_meets_Zelensky_at_Mar-a-Lago_800x450.jpg?fit=800%2C450&ssl=1&resize=700%2C400 2x"},"classes":[]},{"id":18730,"url":"https:\/\/www.freidenker.org\/?p=18730","url_meta":{"origin":14423,"position":1},"title":"&#8222;Vertreter Putins&#8220; im Bundestag? L\u00f6sen wir es doch per Quote!","author":"Webredaktion","date":"9. April 2024","format":false,"excerpt":"Beitrag von Dagmar Henn Jedem, der die Meldungen um das tschechische Portal \"Voice of Europe\" gelesen hat, war klar, dass damit eine Absicht verfolgt wird. Inzwischen ist auch deutlich, welche \u2013 man hat sich auf den AfD-Abgeordneten Petr Bystron eingeschossen, und jetzt soll sogar die Generalstaatsanwaltschaft M\u00fcnchen gegen ihn ermitteln,\u2026","rel":"","context":"In &quot;Demokratie \u2013 Medien \u2013 Aufkl\u00e4rung&quot;","block_context":{"text":"Demokratie \u2013 Medien \u2013 Aufkl\u00e4rung","link":"https:\/\/www.freidenker.org\/?cat=12"},"img":{"alt_text":"","src":"https:\/\/i0.wp.com\/www.freidenker.org\/fw17\/wp-content\/uploads\/2024\/04\/Petr_Bystron_25637917500_800x450.jpg?fit=800%2C450&ssl=1&resize=350%2C200","width":350,"height":200,"srcset":"https:\/\/i0.wp.com\/www.freidenker.org\/fw17\/wp-content\/uploads\/2024\/04\/Petr_Bystron_25637917500_800x450.jpg?fit=800%2C450&ssl=1&resize=350%2C200 1x, https:\/\/i0.wp.com\/www.freidenker.org\/fw17\/wp-content\/uploads\/2024\/04\/Petr_Bystron_25637917500_800x450.jpg?fit=800%2C450&ssl=1&resize=525%2C300 1.5x, https:\/\/i0.wp.com\/www.freidenker.org\/fw17\/wp-content\/uploads\/2024\/04\/Petr_Bystron_25637917500_800x450.jpg?fit=800%2C450&ssl=1&resize=700%2C400 2x"},"classes":[]},{"id":15857,"url":"https:\/\/www.freidenker.org\/?p=15857","url_meta":{"origin":14423,"position":2},"title":"Unser qualifiziertes Personal","author":"Webredaktion","date":"24. April 2023","format":false,"excerpt":"Zwei Beitr\u00e4ge von Dagmar Henn Unsere Autorin sucht nach Logik und Intelligenz in der medialen Putin-Berichterstattung und in Baerbocks Einlassungen im Bundestag - mit niederschmetterndem Ergebnis. Einer nimmt Journalisten fest, der andere ist an der Front \u2013 das M\u00e4rchen vom doppelten Putin - Der Besuch Wladimir Putins an der Front\u2026","rel":"","context":"In &quot;Demokratie \u2013 Medien \u2013 Aufkl\u00e4rung&quot;","block_context":{"text":"Demokratie \u2013 Medien \u2013 Aufkl\u00e4rung","link":"https:\/\/www.freidenker.org\/?cat=12"},"img":{"alt_text":"","src":"https:\/\/i0.wp.com\/www.freidenker.org\/fw17\/wp-content\/uploads\/2023\/04\/Putin_doppelt_800x450.jpg?fit=797%2C450&ssl=1&resize=350%2C200","width":350,"height":200,"srcset":"https:\/\/i0.wp.com\/www.freidenker.org\/fw17\/wp-content\/uploads\/2023\/04\/Putin_doppelt_800x450.jpg?fit=797%2C450&ssl=1&resize=350%2C200 1x, https:\/\/i0.wp.com\/www.freidenker.org\/fw17\/wp-content\/uploads\/2023\/04\/Putin_doppelt_800x450.jpg?fit=797%2C450&ssl=1&resize=525%2C300 1.5x, https:\/\/i0.wp.com\/www.freidenker.org\/fw17\/wp-content\/uploads\/2023\/04\/Putin_doppelt_800x450.jpg?fit=797%2C450&ssl=1&resize=700%2C400 2x"},"classes":[]},{"id":18575,"url":"https:\/\/www.freidenker.org\/?p=18575","url_meta":{"origin":14423,"position":3},"title":"Schlechte Verlierer","author":"Webredaktion","date":"20. M\u00e4rz 2024","format":false,"excerpt":"Beitrag von Gert Ewen Ungar Inzwischen sind die Zahlen offiziell best\u00e4tigt: Wladimir Putin hat die Pr\u00e4sidentschaftswahl in Russland gewonnen. Haushoch gewonnen. \u00dcber 87 Prozent der abgegebenen Stimmen konnte er auf sich vereinen. M\u00f6glich wurde dieses herausragende Ergebnis ausgerechnet durch diejenigen, die alles daran gesetzt haben, das \"System Putin\" zu beenden.\u2026","rel":"","context":"In &quot;Demokratie \u2013 Medien \u2013 Aufkl\u00e4rung&quot;","block_context":{"text":"Demokratie \u2013 Medien \u2013 Aufkl\u00e4rung","link":"https:\/\/www.freidenker.org\/?cat=12"},"img":{"alt_text":"","src":"https:\/\/i0.wp.com\/www.freidenker.org\/fw17\/wp-content\/uploads\/2024\/03\/1167px-Vladimir_Putin_and_Frank-Walter_Steinmeier_2016-03-23_04_800x450.jpg?fit=800%2C450&ssl=1&resize=350%2C200","width":350,"height":200,"srcset":"https:\/\/i0.wp.com\/www.freidenker.org\/fw17\/wp-content\/uploads\/2024\/03\/1167px-Vladimir_Putin_and_Frank-Walter_Steinmeier_2016-03-23_04_800x450.jpg?fit=800%2C450&ssl=1&resize=350%2C200 1x, https:\/\/i0.wp.com\/www.freidenker.org\/fw17\/wp-content\/uploads\/2024\/03\/1167px-Vladimir_Putin_and_Frank-Walter_Steinmeier_2016-03-23_04_800x450.jpg?fit=800%2C450&ssl=1&resize=525%2C300 1.5x, https:\/\/i0.wp.com\/www.freidenker.org\/fw17\/wp-content\/uploads\/2024\/03\/1167px-Vladimir_Putin_and_Frank-Walter_Steinmeier_2016-03-23_04_800x450.jpg?fit=800%2C450&ssl=1&resize=700%2C400 2x"},"classes":[]},{"id":17759,"url":"https:\/\/www.freidenker.org\/?p=17759","url_meta":{"origin":14423,"position":4},"title":"Deutscher Wirtschaftsprofessor: Nicht 50, nein, 150 Milliarden f\u00fcr die Ukraine","author":"Webredaktion","date":"6. Januar 2024","format":false,"excerpt":"Beitrag von Dagmar Henn Irre, dass die Bundesregierung ihre \"Hilfe\" f\u00fcr die Ukraine auf acht Milliarden verdoppelt hat, w\u00e4hrend sonst massiv gek\u00fcrzt wird? Es geht noch schlimmer. Der Wirtschaftsprofessor Thomas Apolte fantasiert gleich von 150 Milliarden. Tats\u00e4chlich kann man sofort skeptisch werden, wenn in der \u00dcberschrift zu einem Interview von\u2026","rel":"","context":"In &quot;Demokratie \u2013 Medien \u2013 Aufkl\u00e4rung&quot;","block_context":{"text":"Demokratie \u2013 Medien \u2013 Aufkl\u00e4rung","link":"https:\/\/www.freidenker.org\/?cat=12"},"img":{"alt_text":"","src":"https:\/\/i0.wp.com\/www.freidenker.org\/fw17\/wp-content\/uploads\/2024\/01\/money-1508434_800x450.jpg?fit=800%2C450&ssl=1&resize=350%2C200","width":350,"height":200,"srcset":"https:\/\/i0.wp.com\/www.freidenker.org\/fw17\/wp-content\/uploads\/2024\/01\/money-1508434_800x450.jpg?fit=800%2C450&ssl=1&resize=350%2C200 1x, https:\/\/i0.wp.com\/www.freidenker.org\/fw17\/wp-content\/uploads\/2024\/01\/money-1508434_800x450.jpg?fit=800%2C450&ssl=1&resize=525%2C300 1.5x, https:\/\/i0.wp.com\/www.freidenker.org\/fw17\/wp-content\/uploads\/2024\/01\/money-1508434_800x450.jpg?fit=800%2C450&ssl=1&resize=700%2C400 2x"},"classes":[]},{"id":14565,"url":"https:\/\/www.freidenker.org\/?p=14565","url_meta":{"origin":14423,"position":5},"title":"Nichts gesagt ist auch gelogen","author":"Webredaktion","date":"1. November 2022","format":false,"excerpt":"Beitrag von Gert Ewen Ungar Putin hat auf dem Waldai-Forum ausf\u00fchrlich Stellung zu Themen der aktuellen geopolitischen Situation genommen. Die Welt tritt in eine neue Phase ein, die multipolare Weltordnung wird mit jedem Tag ein St\u00fcck weit neue Realit\u00e4t. Au\u00dferhalb des Westens schlie\u00dfen sich Staaten auf Grundlage der wechselseitigen Anerkennung\u2026","rel":"","context":"In &quot;Demokratie \u2013 Medien \u2013 Aufkl\u00e4rung&quot;","block_context":{"text":"Demokratie \u2013 Medien \u2013 Aufkl\u00e4rung","link":"https:\/\/www.freidenker.org\/?cat=12"},"img":{"alt_text":"","src":"https:\/\/i0.wp.com\/www.freidenker.org\/fw17\/wp-content\/uploads\/2022\/11\/valdai_09_2022_800x450.jpg?fit=800%2C450&ssl=1&resize=350%2C200","width":350,"height":200,"srcset":"https:\/\/i0.wp.com\/www.freidenker.org\/fw17\/wp-content\/uploads\/2022\/11\/valdai_09_2022_800x450.jpg?fit=800%2C450&ssl=1&resize=350%2C200 1x, https:\/\/i0.wp.com\/www.freidenker.org\/fw17\/wp-content\/uploads\/2022\/11\/valdai_09_2022_800x450.jpg?fit=800%2C450&ssl=1&resize=525%2C300 1.5x, https:\/\/i0.wp.com\/www.freidenker.org\/fw17\/wp-content\/uploads\/2022\/11\/valdai_09_2022_800x450.jpg?fit=800%2C450&ssl=1&resize=700%2C400 2x"},"classes":[]}],"_links":{"self":[{"href":"https:\/\/www.freidenker.org\/index.php?rest_route=\/wp\/v2\/posts\/14423","targetHints":{"allow":["GET"]}}],"collection":[{"href":"https:\/\/www.freidenker.org\/index.php?rest_route=\/wp\/v2\/posts"}],"about":[{"href":"https:\/\/www.freidenker.org\/index.php?rest_route=\/wp\/v2\/types\/post"}],"author":[{"embeddable":true,"href":"https:\/\/www.freidenker.org\/index.php?rest_route=\/wp\/v2\/users\/3"}],"replies":[{"embeddable":true,"href":"https:\/\/www.freidenker.org\/index.php?rest_route=%2Fwp%2Fv2%2Fcomments&post=14423"}],"version-history":[{"count":0,"href":"https:\/\/www.freidenker.org\/index.php?rest_route=\/wp\/v2\/posts\/14423\/revisions"}],"wp:featuredmedia":[{"embeddable":true,"href":"https:\/\/www.freidenker.org\/index.php?rest_route=\/wp\/v2\/media\/14424"}],"wp:attachment":[{"href":"https:\/\/www.freidenker.org\/index.php?rest_route=%2Fwp%2Fv2%2Fmedia&parent=14423"}],"wp:term":[{"taxonomy":"category","embeddable":true,"href":"https:\/\/www.freidenker.org\/index.php?rest_route=%2Fwp%2Fv2%2Fcategories&post=14423"},{"taxonomy":"post_tag","embeddable":true,"href":"https:\/\/www.freidenker.org\/index.php?rest_route=%2Fwp%2Fv2%2Ftags&post=14423"}],"curies":[{"name":"wp","href":"https:\/\/api.w.org\/{rel}","templated":true}]}}