{"id":14382,"date":"2022-10-09T15:43:28","date_gmt":"2022-10-09T13:43:28","guid":{"rendered":"https:\/\/www.freidenker.org\/?p=14382"},"modified":"2023-01-26T22:23:24","modified_gmt":"2023-01-26T21:23:24","slug":"wende-zu-friedenspolitik-ist-notwendig","status":"publish","type":"post","link":"https:\/\/www.freidenker.org\/?p=14382","title":{"rendered":"Wende zu Friedenspolitik ist notwendig!"},"content":{"rendered":"<p><em>Rede von\u00a0<strong>Prof. Dr. Anton Latzo<\/strong>\u00a0<\/em><\/p>\n<p><span style=\"font-size: 10pt;\">Gehalten am 07.10.2022 auf der <a href=\"https:\/\/okv-ev.de\/alternative-einheitsfeier-am-7-oktober-2022\/\" target=\"_blank\" rel=\"noopener\">Alternativen Einheitsfeier des OKV<\/a> in Berlin<\/span><\/p>\n<p>&nbsp;<\/p>\n<p>Liebe Freunde, Gleichgesinnte und G\u00e4ste,<\/p>\n<p>Am 7. Oktober eines jeden Jahres wird der deutsche Staat gew\u00fcrdigt, der Millionen Menschen gepr\u00e4gt hat, der ihnen aber genommen wurde. Seiner Hauptstadt wurde der Ehrentitel \u201eStadt des Friedens\u201c verliehen, weil seine Bev\u00f6lkerung und seine Politik vom Streben nach Frieden durchdrungen waren. Er hatte\u00a0 eine Verfassung, die durch Volksentscheid angenommen wurde, und durch die Volk und Regierung verpflichtet wurden, den Weg des Friedens, der sozialen Gerechtigkeit, der Demokratie, des gesellschaftlichen Fortschritts und der V\u00f6lkerfreundschaft zu gehen. Dieser Staat hie\u00df Deutsche Demokratische Republik.<\/p>\n<p>Mit ihrer Gr\u00fcndung wurde nicht nur den Forderungen der Zeit und den objektiven sozial\u00f6konomischen, politischen und geistig-kulturellen Entwicklungen, sondern auch den historischen Erfahrungen des deutschen Volkes entsprochen. Georg B\u00fcchner schrieb schon 1835 in einem Brief an einen Freund: \u201eIch glaube man muss in sozialen Dingen von einem absoluten Rechtsgrundsatz ausgehen, die Bildung eines neuen geistigen Lebens im <em>Volke <\/em>suchen und die abgelebte moderne Gesellschaft zum Teufel gehen lassen\u201c.<\/p>\n<h5>Linien der Geschichte<\/h5>\n<p>Da nach dem 2. Weltkrieg in\u00a0 den westlichen Besatzungszonen die Erf\u00fcllung des Potsdamer Abkommens umgangen wurde, haben die Regierungen der BRD, gest\u00fctzt vor allem von den USA, nur Formen des Regierens ge\u00e4ndert. Die vom Monopolkapital bestimmten gesellschaftlichen Verh\u00e4ltnisse und Ziele blieben erhalten. Dazu geh\u00f6ren<em> auch die au\u00dfenpolitischen Zielstellungen.<\/em><\/p>\n<p><em>\u00a0<\/em>Nat\u00fcrlich handelte es sich, wie nach der Novemberrevolution, nicht um das ausgewachsene Expansionsprogramm, sondern zun\u00e4chst um die Schaffung solcher Bedingungen, die eine Regenerierung des Monopolkapitals erlaubten. Auch das Milit\u00e4r wurde mit seinem Kern erhalten. Justiz und Diplomatie wurden von den alten \u201eFachleuten\u201c besetzt. Globke, Heusinger, Speidel sind Symbolfiguren.<\/p>\n<p>Wie nach der Novemberrevolution machte sich dieser Kreis den Gegensatz der kapitalistischen Gro\u00dfm\u00e4chte gegen die Sowjetunion zunutze und st\u00fctzte vor allem darauf seine Au\u00dfenpolitik.<\/p>\n<p>Dazu hat man die au\u00dfenpolitische Orientierung aufgegriffen, die am Vorabend des Zusammenbruchs des Kaiserreichs geboren wurde. Sie wurde unter der Regierung der Volksbeauftragten beibehalten, in der Weimarer Republik mit dem bekannten Ergebnis des zweiten Weltkrieges praktiziert.<\/p>\n<p>Die F\u00fchrung der\u00a0 deutschen Sozialdemokraten war aktiver Gestalter dieser au\u00dfenpolitischen Orientierung, deren Grunds\u00e4tze in der BRD vor allem durch Kurt Schumacher etabliert wurden, dessen Politik heute im Seeheimer Kreis, der die Regierung Scholz st\u00fctzt, besonders gepflegt wird.<\/p>\n<p>Das heutige Verhalten der SPD-F\u00fchrung und das Regierungskonzept der von der SPD gef\u00fchrten Koalitionsregierung werden davon gepr\u00e4gt.<\/p>\n<p>Statt am Ideengut des Internationalen Sozialistenkongresses von 1912 anzukn\u00fcpfen, betreiben sie eine Politik, die sich an der Zustimmung zu den Kriegskrediten vor dem 1. Weltkrieg bzw. an der aktiven Beteiligung an der Regierungspolitik bis 1933 orientiert.<\/p>\n<p>Im 100. Jahr seit der Ermordung von Au\u00dfenminister Rathenau (1922) sei auch daran erinnert, dass sie nicht nur sozialdemokratisches Gedankengut aus der Zeit Bebels aus Programm und Politik weggedr\u00fcckt hat, sondern auch Lehren aus der deutschen Au\u00dfenpolitik beiseite l\u00e4sst, mit der die internationale Isolierung Deutschlands durchbrochen wurde.<\/p>\n<p>Der Rapallo-Vertrag war nicht nur f\u00fcr die Sowjetunion von Vorteil. Er r\u00e4umte Deutschland gro\u00dfe \u00f6konomische Vorteile ein und war auch eine wichtige St\u00fctze im Kampf gegen die \u00dcbermacht der damaligen Siegerm\u00e4chte!<\/p>\n<p>Der Rapallo-Vertrag ist ein Beispiel daf\u00fcr, wie die Beziehungen zwischen Russland und Deutschland auf der Grundlage der Gleichberechtigung und des gegenseitigen Vorteils geregelt werden k\u00f6nnen. Er ist ein Ausdruck der Tatsache, dass schon in der Zeit nach der Oktoberrevolution die Stellung zur Sowjetunion zu einer Kernfrage der Politik in Deutschland wurde.<\/p>\n<p>Die Weiterf\u00fchrung einer solchen deutschen Au\u00dfenpolitik h\u00e4tte ein wichtiger Beitrag in den K\u00e4mpfen um die Verhinderung der Nazidiktatur in Deutschland und des 2. Weltkrieges sein k\u00f6nnen. Sie wurde aber aufgegeben, weil die Herrschenden und Regierenden bef\u00fcrchteten, sonst\u00a0 die Gunst des amerikanischen Finanzkapitals zu verlieren! Es lohnt sich schon, die damaligen Folgen auch heute zu bedenken!<\/p>\n<h5>Negierung nationaler Interessen<\/h5>\n<p>Die Adenauer-Regierung hat sich von Anfang an geweigert, die Rapallo-Politik positiv zu betrachten. Das wird deutlich z.B. aus ihren Versuchen, den ehemaligen Reichskanzler Dr. Wirth, dessen Regierung diese Politik verfolgte, in der Bundesrepublik wegen Verrats anzuklagen. Sie weigerte sich, ihm die Reichskanzler- und Ministerrente zu gew\u00e4hren. Die Bestimmung des heutigen Verh\u00e4ltnisses zu Russland folgt dieser Linie.<\/p>\n<p>Aber auch die Bismarcksche Realpolitik bleibt f\u00fcr die Regierung und ihre Auftraggeber ein Vorgang in den Archiven.<\/p>\n<p>Selbst die von Willy Brandt und Egon Bahr verfolgte Politik wird, wie die Rede des SPD-Vorsitzenden Klingbeil auf dem \u201eZeitenwende\u201c-Kongress der Friedrich-Ebert-Stiftung (Juni 2022) und die Regierungserkl\u00e4rung von Bundeskanzler Olaf Scholz zeigen, der Vergessenheit preisgegeben.<\/p>\n<p><em>Die gegenw\u00e4rtige Regierungspolitik negiert also\u00a0 eine bestimmte historische Linie in der deutschen Geschichte, in der deutschen Au\u00dfenpolitik! Ihre Vorstellungen folgen den au\u00dfenpolitischen Vorstellungen der restaurativen Kreise der Weimarer Republik, die schlie\u00dflich in die bekannte Katastrophe gef\u00fchrt haben!<\/em><\/p>\n<p><em>Ein zentrales Problem, war immer das Verh\u00e4ltnis zu Russland. Wenn Deutschland kein von Vernunft getragenes Verh\u00e4ltnis zu Russland finden sollte, gehen wir gef\u00e4hrlichen Zeiten entgegen. Die vergangenen 150 Jahre haben das gezeigt.<\/em><\/p>\n<p><em>Immer, wenn Herrschende und Regierende in Deutschland ihre Machtpolitik \u00fcber die Interessen des Landes an gegenseitig vorteilhafter Zusammenarbeit der Staaten und am Frieden gestellt haben, f\u00fchrte es zu gef\u00e4hrlichen Zust\u00e4nden, zu zwei Weltkriegen!<\/em><\/p>\n<p>Deshalb sind wir aufgefordert, Lehren aus der deutschen Geschichte zu formulieren. Wir sollten gelernt haben, dass Sicherheit und Frieden sich nicht automatisch einstellen.<\/p>\n<p>Die Gr\u00fcndung eines bundesweiten \u201eGespr\u00e4chskreises f\u00fcr Frieden, Sicherheit und Zusammenarbeit\u201c, einer \u201eFriedenswerkstatt\u201c, k\u00f6nnte einen substanziellen Beitrag zur St\u00e4rkung der Friedenskr\u00e4fte leisten. Hier k\u00f6nnten die dr\u00e4ngenden Probleme an der Wurzel gemeinsam bzw. abgestimmt untersucht werden, statt nur Br\u00e4nde zu l\u00f6schen. Durch gemeinsame Diskussion k\u00f6nnten grunds\u00e4tzliche Entwicklungen analysiert und eine Art \u201eLeits\u00e4tze f\u00fcr den Frieden\u201c erarbeitet werden, die allen Interessierten zur Verf\u00fcgung stehen.<\/p>\n<h5>Nicht nur europ\u00e4ische, sondern internationale F\u00fchrungsmacht<\/h5>\n<p>Bundeskanzler Scholz und die SPD-F\u00fchrung haben den Begriff \u201eZeitenwende\u201c\u00a0 zur Charakterisierung des \u00dcbergangs von der Periode der alleinigen Herrschaft der USA zu einer Etappe, in der auch Deutschland den Anspruch auf F\u00fchrungsmacht in den internationalen Beziehungen nicht nur proklamiert, sondern aktiv durchsetzen will.<\/p>\n<p>Die \u201eZeitenwende\u201c ist nicht Folge einer realistischen Analyse der nationalen und internationalen Prozesse, sondern soll das zu Beginn des Jahrhunderts bei der Aggression gegen Jugoslawien offen eingeleitete Streben der Bundesregierung nach Macht, Einfluss und Herrschaft als alternativlos pr\u00e4sentieren. Es geht nicht um \u201eDemokratien gegen Diktaturen\u201c, sondern um Machtpolitik!<\/p>\n<p>Dies geschieht auf der Grundlage eines regelrechten Widerwillens Berlins, die Au\u00dfenpolitik in den historischen Kontext einzuordnen und positive Schlussfolgerungen zu ziehen. Vor den Wahlen versprach Olaf Scholz noch, den au\u00dfenpolitischen Kurs im Sinne Willy Brandts zu aktualisieren. Die von ihm gef\u00fchrte Regierung und die SPD-F\u00fchrung praktizieren jedoch seine Negierung.<\/p>\n<p>Es handelt sich also um eine \u201eZeitenwende\u201c<strong> im <\/strong>Imperialismus, der bekanntlich durch den Kampf zweier Tendenzen gekennzeichnet ist \u2013 der einen, die ein B\u00fcndnis aller Imperialisten dringend erfordert, und der anderen, die die einen Imperialisten den anderen gegen\u00fcberstellt. Es geht um die traditionelle Politik der imperialistischen Expansion und Herrschaft. Dieser Kampf wird sich versch\u00e4rfen! Wer das nicht ber\u00fccksichtigt oder leugnet, wird die Lage nicht realistisch einsch\u00e4tzen k\u00f6nnen und zu Fehleinsch\u00e4tzungen kommen.<\/p>\n<p>Ein wichtiges Merkmal dieser \u201eZeitenwende\u201c besteht dabei in der Durchsetzung der Rolle des Milit\u00e4rs in der Gesellschaft der BRD. Der Einsatz des Milit\u00e4rischen als Teil der\u00a0 Au\u00dfenpolitik soll Diplomatie ersetzen. Die R\u00fcckkehr des Milit\u00e4rischen in die zwischenstaatliche Konfliktaustragung soll dem Erfolg im Streben Deutschlands, F\u00fchrungsmacht in der Welt zu werden, Nachdruck verleihen.<\/p>\n<p>Ein weiteres Merkmal der \u201ePolitik der Zeitenwende\u201c\u00a0 besteht im Willen, die bestehenden und neu zu schaffenden Abh\u00e4ngigkeitsverh\u00e4ltnisse anderer Staaten gegen\u00fcber Deutschland und die wirtschaftliche Macht Deutschlands zur Aus\u00fcbung von politischem Druck und Zwang noch radikaler einzusetzen.<\/p>\n<p>Und schlie\u00dflich ist drittens abzusehen, dass Desinformation und Manipulation einen noch gr\u00f6\u00dferen Raum einnehmen. Objektive Prozesse sollen verhindert werden, indem chaotische Zust\u00e4nde provoziert, alte und neue Konflikte gesch\u00fcrt werden, um alternative, souver\u00e4ne Entwicklungswege und selbst\u00e4ndige Au\u00dfenpolitik zu untergraben (siehe sog. Chaos-Theorie). Die Einmischung in die inneren Angelegenheiten anderer Staaten (z.B. durch Geheimdienste, NGO\u2019s und zielgerichtet vorbereiteten Pers\u00f6nlichkeiten) wird verst\u00e4rkt. Vor allem im osteurop\u00e4ischen Raum und in den ehemaligen Sowjetrepubliken d\u00fcrfte das f\u00fcr die BRD einerseits zu einer Ausweitung und Vertiefung der Widerspr\u00fcche im Verh\u00e4ltnis zu Russland, aber auch der Rivalit\u00e4t mit den USA f\u00fchren!<\/p>\n<p>Von der in Arbeit befindlichen \u201eNationalen Strategie\u00a0 \u2026\u201c ist zu erwarten, dass sie f\u00fcr Deutschland \u2013 so Lars Klingbeil \u2013 \u201enach knapp 80 Jahren der Zur\u00fcckhaltung heute eine neue\u00a0 Rolle im internationalen Koordinatensystem\u201c konzipiert. Es wird also\u00a0 eine neue Konzeption sein, aber auf alten Grundlagen aufgebaut. Ihr grundlegender Bezug ist der zu Macht und Herrschaft und nicht ma\u00dfvolle und auf Ausgleich mit\u00a0 anderen souver\u00e4nen Staaten ausgerichtete Zusammenarbeit!<\/p>\n<p>Dazu geh\u00f6rt auch, dass die Au\u00dfenministerin Annalena Baerbock erkl\u00e4rt: \u201eIch verstehe Au\u00dfenpolitik als Weltinnenpolitik\u201c. Leider wird der Sprengstoff dieser Aussage zu oft verharmlost.<\/p>\n<p>Die Umsetzung dieser Auffassung beinhaltet aber u.a.:<\/p>\n<ul>\n<li>Die Untergrabung der Souver\u00e4nit\u00e4t der Staaten.<\/li>\n<li>Sie beinhaltet die Absicht zur \u00dcberwindung der rein zwischenstaatlichen Beziehungen durch schrittweise Aush\u00f6hlung der UNO-Charta und der in diesem Sinne erarbeiteten demokratischen Prinzipien des V\u00f6lkerrechts (KSZE).<\/li>\n<li>Demnach d\u00fcrften die NATO oder die Bundeswehr im Auftrag de NATO man\u00f6vrieren und milit\u00e4risch aktiv werden k\u00f6nnen, wann und wo sie wollen, um die Hegemonie der USA und den F\u00fchrungsanspruch der BRD durchzusetzen,<\/li>\n<li>Es gibt keine Sicherheitsgarantien f\u00fcr Russland und die anderen \u201enichtwilligen\u201c, souver\u00e4nen Staaten.<\/li>\n<li>Das Recht der V\u00f6lker auf Selbstbestimmung ihrer Lebensweise und auf\u00a0 Selbstverteidigung w\u00e4re so nicht mehr gew\u00e4hrleistet usw..<\/li>\n<\/ul>\n<p>Die Aussage \u201eZeitenwende\u201c bezieht sich weder auf die zentrale Frage der Friedenssicherung und der Schaffung der dazu notwendigen Strukturen, noch auf die weltweiten objektiven sozialen und kulturellen Prozesse. Zur Idee des gesellschaftlichen Fortschritts gibt es keinen bzw. nur insofern einen Bezug, als es um eine Politik geht, die den Kapitalismus verewigen und gesellschaftlichen Fortschritt verhindern soll. Das charakterisiert die Zeitenwende und die dazu geh\u00f6rige\u00a0 Politik eindeutig als reaktion\u00e4r und gef\u00e4hrlich.<\/p>\n<p>Klingbeil, Scholz, Seeheimer Kreis erf\u00fcllen ihre Funktion und haben sich endg\u00fcltig von dem von Willy Brandt und Egon Bahr verfolgten au\u00dfenpolitischen Konzept losgesagt, um mit den Gr\u00fcnen und den Pseudoliberalen regierungsf\u00e4hig zu sein, um dem Kapital zu dienen.<\/p>\n<p>Sie haben das Primat des Friedens durch eine Au\u00dfenpolitik ersetzt, die darauf ausgerichtet ist, zwischenstaatliche Konflikte nicht mit dem Ziel des Interessenausgleichs und der Kompromissfindung auszutragen, sondern der Durchsetzung des Rechts des St\u00e4rkeren und dem gewaltsamen Brechen von Widerstand zu gew\u00e4hrleisten. Sie gehen davon aus, dass sich die Geschichte f\u00fcr immer im Rahmen der Epoche des Imperialismus bewegt, dass die Hauptkoordinaten der Epoche, die geschichtlichen Vorg\u00e4nge, Erscheinungen und Resultate vom Imperialismus bestimmt werden.<\/p>\n<p>Um das zu gew\u00e4hrleisten sehen sie einen absoluten Schwerpunkt darin, den wachsenden Einfluss der VR China, im B\u00fcndnis mit Russland und den anderen Staaten in den internationalen Beziehungen durch Bek\u00e4mpfung bzw. Verhinderung ihrer inneren und internationalen Erfolge\u00a0 zu vereiteln.<\/p>\n<p>Die Politik der BRD unterstellt, dass Deutschland aus dem Ringen um die L\u00f6sung der\u00a0 zwischen- und innenimperialistischen Krisen, Widerspr\u00fcchen, Konkurrenzen als\u00a0 Hauptkraft hervorgeht. Neben der Festigung und dem Einsatz ihres \u00f6konomischen Potenzials will sie offensichtlich auf den Ausbau des eigenen milit\u00e4rischen Potenzials und der Erh\u00f6hung seiner Effektivit\u00e4t &#8211; auch durch Nutzung der F\u00e4higkeiten Anderer \u00fcber B\u00fcndnisse \u2013 f\u00fcr ihre Ziele nutzbar machen.<\/p>\n<p><em>Politik der \u201eZeitenwende\u201c bedeutet\u00a0 also, gesteigerte Bereitschaft und erh\u00f6hte F\u00e4higkeit der BRD, politische, wirtschaftliche, informationstechnische und\u00a0 milit\u00e4rische Elemente zu verkn\u00fcpfen, um Deutschland als eine <span style=\"text-decoration: underline;\">internationale<\/span> F\u00fchrungsmacht zu etablieren und diese Rolle zu sichern.<\/em><\/p>\n<p>Damit zeigt die politische F\u00fchrung der BRD, dass sie von einer realistischen Au\u00dfenpolitik weit entfernt ist. Ihre Haltung erw\u00e4chst aus dem Willen zur Selbstbehauptung und aus ihrem Hass gegen jeglichen gesellschaftlichen Fortschritt. Das haben ihre Parteien auch bei der Zerschlagung der DDR und bis heute bewiesen!<\/p>\n<p>Beherzigen wir deshalb die Erkenntnis von Heinrich Mann:<\/p>\n<blockquote><p>Die Vernunft siegt nie von selbst, sie muss erk\u00e4mpft werden.<\/p><\/blockquote>\n<p>Deshalb fordern wir eine \u201ealternative Zeitenwende\u201c f\u00fcr eine Politik f\u00fcr Arbeit und Brot, in Frieden f\u00fcr alle!<\/p>\n<p style=\"text-align: right;\"><em>Prof. Dr. Anton Latzo ist Historiker und Mitglied des Beirats des Deutschen Freidenker-Verbandes<\/em><\/p>\n<hr \/>\n<p><span style=\"font-size: 10pt;\">Bild oben: Graffiti in Berlin<\/span><br \/>\n<span style=\"font-size: 10pt;\">Foto: Marko Kaf\u00e9 &#8211; <a href=\"https:\/\/creativecommons.org\/licenses\/by-sa\/4.0\" target=\"_blank\" rel=\"noopener\">CC BY-SA 4.0<\/a><\/span><br \/>\n<span style=\"font-size: 10pt;\">Quelle: <a href=\"https:\/\/commons.wikimedia.org\/w\/index.php?curid=99577868\" target=\"_blank\" rel=\"noopener\">https:\/\/commons.wikimedia.org\/w\/index.php?curid=99577868<\/a><\/span><\/p>\n","protected":false},"excerpt":{"rendered":"<p><b>Rede von\u00a0Prof. Dr. Anton Latzo\u00a0<\/b>, gehalten am 07.10.2022 auf der Alternativen Einheitsfeier des OKV in Berlin<br \/>\nAm 7. Oktober eines jeden Jahres wird der deutsche Staat gew\u00fcrdigt, der Millionen Menschen gepr\u00e4gt hat, der ihnen aber genommen wurde. Seiner Hauptstadt wurde der Ehrentitel \u201eStadt des Friedens\u201c verliehen, weil seine Bev\u00f6lkerung und seine Politik vom Streben nach Frieden durchdrungen waren. Er hatte\u00a0 eine Verfassung, die durch Volksentscheid angenommen wurde, und durch die Volk und Regierung verpflichtet wurden, den Weg des Friedens, der sozialen Gerechtigkeit, der Demokratie, des gesellschaftlichen Fortschritts und der V\u00f6lkerfreundschaft zu gehen. Dieser Staat hie\u00df Deutsche Demokratische Republik.<\/p>\n","protected":false},"author":3,"featured_media":14384,"comment_status":"closed","ping_status":"closed","sticky":false,"template":"","format":"standard","meta":{"colormag_page_container_layout":"default_layout","colormag_page_sidebar_layout":"default_layout","advanced_seo_description":"","jetpack_seo_html_title":"","jetpack_seo_noindex":false,"jetpack_post_was_ever_published":false,"footnotes":""},"categories":[13,1162],"tags":[699,455,454,335,491,404,959,623,430,1623],"class_list":["post-14382","post","type-post","status-publish","format-standard","has-post-thumbnail","hentry","category-frieden-antifaschismus-solidaritaet","category-geschichte","tag-aussenpolitik","tag-brd","tag-ddr","tag-frieden","tag-geschichte","tag-imperialismus","tag-novemberrevolution-1918","tag-souveraenitaet","tag-sowjetunion","tag-verfassung"],"jetpack_featured_media_url":"https:\/\/i0.wp.com\/www.freidenker.org\/fw17\/wp-content\/uploads\/2022\/10\/Street_art_Friedenstaube_800x450.jpg?fit=800%2C450&ssl=1","jetpack_shortlink":"https:\/\/wp.me\/p9stpK-3JY","jetpack-related-posts":[{"id":24695,"url":"https:\/\/www.freidenker.org\/?p=24695","url_meta":{"origin":14382,"position":0},"title":"Diskussion mit Stefano Fassina: Die patriotische Linke f\u00fcr den Frieden","author":"Webredaktion","date":"23. M\u00e4rz 2026","format":false,"excerpt":"Stefano Fassina, Vorsitzender des italienischen Vereins\u00a0\"Vaterland und Verfassung\" , referiert beim Treffen der Berliner Freidenker am 14.04.2026 \u00fcber\u00a0\"die patriotische Linke f\u00fcr den Frieden \u2013 Demokratie und Arbeit in einem Europa der Zusammenarbeit zwischen Nationen\". Marxisten arbeiteten w\u00e4hrend des ersten imperialistischen Weltkonflikts heraus, wie die Bourgeoisie ihre Kriegsziele mit chauvinistischer Phrase\u2026","rel":"","context":"In &quot;Frieden - Antifaschismus - Solidarit\u00e4t&quot;","block_context":{"text":"Frieden - Antifaschismus - Solidarit\u00e4t","link":"https:\/\/www.freidenker.org\/?cat=13"},"img":{"alt_text":"","src":"https:\/\/i0.wp.com\/www.freidenker.org\/fw17\/wp-content\/uploads\/2026\/03\/Stefano_Fassina.jpg?fit=800%2C453&ssl=1&resize=350%2C200","width":350,"height":200,"srcset":"https:\/\/i0.wp.com\/www.freidenker.org\/fw17\/wp-content\/uploads\/2026\/03\/Stefano_Fassina.jpg?fit=800%2C453&ssl=1&resize=350%2C200 1x, https:\/\/i0.wp.com\/www.freidenker.org\/fw17\/wp-content\/uploads\/2026\/03\/Stefano_Fassina.jpg?fit=800%2C453&ssl=1&resize=525%2C300 1.5x, https:\/\/i0.wp.com\/www.freidenker.org\/fw17\/wp-content\/uploads\/2026\/03\/Stefano_Fassina.jpg?fit=800%2C453&ssl=1&resize=700%2C400 2x"},"classes":[]},{"id":15426,"url":"https:\/\/www.freidenker.org\/?p=15426","url_meta":{"origin":14382,"position":1},"title":"Zum Tod von Bruno Mahlow","author":"Webredaktion","date":"4. M\u00e4rz 2023","format":false,"excerpt":"Unser am 22.02.2023 in Berlin verstorbener Freund Bruno Mahlow war h\u00e4ufig Referent und Diskussionpartner bei Veranstaltungen und Konferenzen des Deutschen Freidenkerverbandes. Wir ver\u00f6ffentlichen hier einen Nachruf von Arnold Sch\u00f6lzel sowie Bruno Mahlows Gegenrede gegen seine Vorladung wegen \u201eBelohnung und Billigung von Straftaten\u201c Bruno Mahlow kam 1937 als Kind kommunistischer Emigranten\u2026","rel":"","context":"In &quot;Frieden - Antifaschismus - Solidarit\u00e4t&quot;","block_context":{"text":"Frieden - Antifaschismus - Solidarit\u00e4t","link":"https:\/\/www.freidenker.org\/?cat=13"},"img":{"alt_text":"","src":"https:\/\/i0.wp.com\/www.freidenker.org\/fw17\/wp-content\/uploads\/2023\/03\/Bruno_Mahlow_uz_800x450.jpg?fit=800%2C450&ssl=1&resize=350%2C200","width":350,"height":200,"srcset":"https:\/\/i0.wp.com\/www.freidenker.org\/fw17\/wp-content\/uploads\/2023\/03\/Bruno_Mahlow_uz_800x450.jpg?fit=800%2C450&ssl=1&resize=350%2C200 1x, https:\/\/i0.wp.com\/www.freidenker.org\/fw17\/wp-content\/uploads\/2023\/03\/Bruno_Mahlow_uz_800x450.jpg?fit=800%2C450&ssl=1&resize=525%2C300 1.5x, https:\/\/i0.wp.com\/www.freidenker.org\/fw17\/wp-content\/uploads\/2023\/03\/Bruno_Mahlow_uz_800x450.jpg?fit=800%2C450&ssl=1&resize=700%2C400 2x"},"classes":[]},{"id":19983,"url":"https:\/\/www.freidenker.org\/?p=19983","url_meta":{"origin":14382,"position":2},"title":"DDR &#8211; Synonym f\u00fcr Demokratie, Antifaschismus und Frieden","author":"Webredaktion","date":"3. Oktober 2024","format":false,"excerpt":"Beitrag von Prof. Dr. Anton Latzo Die DDR wurde am 7. Oktober 1949 als Reaktion auf die vorherige Konstituierung der BRD gegr\u00fcndet. Diese Vorg\u00e4nge sind nur dann richtig einzuordnen, wenn man mit dem 8. Mai 1945 beginnt. An diesem Tag wurden die Tage des deutschen Faschismus, des wahnsinnigen Traumes vom\u2026","rel":"","context":"In &quot;Geschichte&quot;","block_context":{"text":"Geschichte","link":"https:\/\/www.freidenker.org\/?cat=1162"},"img":{"alt_text":"","src":"https:\/\/i0.wp.com\/www.freidenker.org\/fw17\/wp-content\/uploads\/2024\/10\/Bundesarchiv_Bild_183-S88796_Berlin_Fackelzug_zur_Gruendung_der_DDR_800x450.jpg?fit=800%2C450&ssl=1&resize=350%2C200","width":350,"height":200,"srcset":"https:\/\/i0.wp.com\/www.freidenker.org\/fw17\/wp-content\/uploads\/2024\/10\/Bundesarchiv_Bild_183-S88796_Berlin_Fackelzug_zur_Gruendung_der_DDR_800x450.jpg?fit=800%2C450&ssl=1&resize=350%2C200 1x, https:\/\/i0.wp.com\/www.freidenker.org\/fw17\/wp-content\/uploads\/2024\/10\/Bundesarchiv_Bild_183-S88796_Berlin_Fackelzug_zur_Gruendung_der_DDR_800x450.jpg?fit=800%2C450&ssl=1&resize=525%2C300 1.5x, https:\/\/i0.wp.com\/www.freidenker.org\/fw17\/wp-content\/uploads\/2024\/10\/Bundesarchiv_Bild_183-S88796_Berlin_Fackelzug_zur_Gruendung_der_DDR_800x450.jpg?fit=800%2C450&ssl=1&resize=700%2C400 2x"},"classes":[]},{"id":21235,"url":"https:\/\/www.freidenker.org\/?p=21235","url_meta":{"origin":14382,"position":3},"title":"Sie haben es nie aufgegeben! Von Jalta und Potsdam 1945 zu Neuer Weltordnung &#8211; zwei Linien sind wirksam!","author":"Webredaktion","date":"22. M\u00e4rz 2025","format":false,"excerpt":"Beitrag von\u00a0Prof. Dr. habil. Anton Latzo Die Frage der Herbeif\u00fchrung einer friedlichen Neuen Weltordnung ist seit mehr als hundert Jahren st\u00e4ndiges Thema der internationalen Politik. Dieses Jahr ist besonders reich an Jahrestagen, die helfen k\u00f6nnen, die dabei gemachten Erfahrungen zu analysieren, die Geschichte vorurteilsfrei zu betrachten, um die Gegenwart besser\u2026","rel":"","context":"In &quot;Demokratie \u2013 Medien \u2013 Aufkl\u00e4rung&quot;","block_context":{"text":"Demokratie \u2013 Medien \u2013 Aufkl\u00e4rung","link":"https:\/\/www.freidenker.org\/?cat=12"},"img":{"alt_text":"","src":"https:\/\/i0.wp.com\/www.freidenker.org\/fw17\/wp-content\/uploads\/2025\/03\/Churchill_Truman_Stalin_Potsdam1945_800x450.jpg?fit=800%2C450&ssl=1&resize=350%2C200","width":350,"height":200,"srcset":"https:\/\/i0.wp.com\/www.freidenker.org\/fw17\/wp-content\/uploads\/2025\/03\/Churchill_Truman_Stalin_Potsdam1945_800x450.jpg?fit=800%2C450&ssl=1&resize=350%2C200 1x, https:\/\/i0.wp.com\/www.freidenker.org\/fw17\/wp-content\/uploads\/2025\/03\/Churchill_Truman_Stalin_Potsdam1945_800x450.jpg?fit=800%2C450&ssl=1&resize=525%2C300 1.5x, https:\/\/i0.wp.com\/www.freidenker.org\/fw17\/wp-content\/uploads\/2025\/03\/Churchill_Truman_Stalin_Potsdam1945_800x450.jpg?fit=800%2C450&ssl=1&resize=700%2C400 2x"},"classes":[]},{"id":9548,"url":"https:\/\/www.freidenker.org\/?p=9548","url_meta":{"origin":14382,"position":4},"title":"Neuer Kalter Krieg: Unkontrollierter Kampf alle gegen alle \u2013 und dann?","author":"Webredaktion","date":"11. Februar 2021","format":false,"excerpt":"Beitrag von Prof. Dr. Anton Latzo Apologeten des \"Kalten Krieges\" behaupten immer wieder, mit der Niederlage des Sozialismus in Europa sei auch der Kalte Krieg zu Ende gegangen. Damit wird unterstellt, dass die sozialistischen L\u00e4nder die Ursache daf\u00fcr gewesen w\u00e4ren. Es stimmt weder das eine noch das andere. ... Der\u2026","rel":"","context":"In &quot;Frieden - Antifaschismus - Solidarit\u00e4t&quot;","block_context":{"text":"Frieden - Antifaschismus - Solidarit\u00e4t","link":"https:\/\/www.freidenker.org\/?cat=13"},"img":{"alt_text":"","src":"https:\/\/i0.wp.com\/www.freidenker.org\/fw17\/wp-content\/uploads\/2021\/02\/flags-2048220_800x450.jpg?fit=800%2C450&ssl=1&resize=350%2C200","width":350,"height":200,"srcset":"https:\/\/i0.wp.com\/www.freidenker.org\/fw17\/wp-content\/uploads\/2021\/02\/flags-2048220_800x450.jpg?fit=800%2C450&ssl=1&resize=350%2C200 1x, https:\/\/i0.wp.com\/www.freidenker.org\/fw17\/wp-content\/uploads\/2021\/02\/flags-2048220_800x450.jpg?fit=800%2C450&ssl=1&resize=525%2C300 1.5x, https:\/\/i0.wp.com\/www.freidenker.org\/fw17\/wp-content\/uploads\/2021\/02\/flags-2048220_800x450.jpg?fit=800%2C450&ssl=1&resize=700%2C400 2x"},"classes":[]},{"id":24770,"url":"https:\/\/www.freidenker.org\/?p=24770","url_meta":{"origin":14382,"position":5},"title":"Frieden durch \u201eKriegst\u00fcchtigkeit\u201c? Aufr\u00fcstung, Militarisierung und die neue Wehrpflicht","author":"Webredaktion","date":"31. M\u00e4rz 2026","format":false,"excerpt":"Pressemitteilung vom 30.03.2026 Veranstaltung mit Bundeswehrmajor a. D. Florian D. Pfaff am 28.03.2026 in Schweinfurt Auf Einladung von NachDenkSeiten-Gespr\u00e4chskreis Schweinfurt\/W\u00fcrzburg und Deutschem Freidenker-Ortsverband Schweinfurt\/W\u00fcrzburg kam am Samstag, dem 28. M\u00e4rz 2026 der Bundeswehrmajor a. D. Florian D. Pfaff von der Friedensinitiative Rosenheim nach Schweinfurt. Vor 35 interessierten Zuh\u00f6rern sprach der\u2026","rel":"","context":"In &quot;Frieden - Antifaschismus - Solidarit\u00e4t&quot;","block_context":{"text":"Frieden - Antifaschismus - Solidarit\u00e4t","link":"https:\/\/www.freidenker.org\/?cat=13"},"img":{"alt_text":"","src":"https:\/\/i0.wp.com\/www.freidenker.org\/fw17\/wp-content\/uploads\/2026\/03\/Pfaff_Schweinfurt_IMG_6677_800x450.jpg?fit=800%2C450&ssl=1&resize=350%2C200","width":350,"height":200,"srcset":"https:\/\/i0.wp.com\/www.freidenker.org\/fw17\/wp-content\/uploads\/2026\/03\/Pfaff_Schweinfurt_IMG_6677_800x450.jpg?fit=800%2C450&ssl=1&resize=350%2C200 1x, https:\/\/i0.wp.com\/www.freidenker.org\/fw17\/wp-content\/uploads\/2026\/03\/Pfaff_Schweinfurt_IMG_6677_800x450.jpg?fit=800%2C450&ssl=1&resize=525%2C300 1.5x, https:\/\/i0.wp.com\/www.freidenker.org\/fw17\/wp-content\/uploads\/2026\/03\/Pfaff_Schweinfurt_IMG_6677_800x450.jpg?fit=800%2C450&ssl=1&resize=700%2C400 2x"},"classes":[]}],"_links":{"self":[{"href":"https:\/\/www.freidenker.org\/index.php?rest_route=\/wp\/v2\/posts\/14382","targetHints":{"allow":["GET"]}}],"collection":[{"href":"https:\/\/www.freidenker.org\/index.php?rest_route=\/wp\/v2\/posts"}],"about":[{"href":"https:\/\/www.freidenker.org\/index.php?rest_route=\/wp\/v2\/types\/post"}],"author":[{"embeddable":true,"href":"https:\/\/www.freidenker.org\/index.php?rest_route=\/wp\/v2\/users\/3"}],"replies":[{"embeddable":true,"href":"https:\/\/www.freidenker.org\/index.php?rest_route=%2Fwp%2Fv2%2Fcomments&post=14382"}],"version-history":[{"count":0,"href":"https:\/\/www.freidenker.org\/index.php?rest_route=\/wp\/v2\/posts\/14382\/revisions"}],"wp:featuredmedia":[{"embeddable":true,"href":"https:\/\/www.freidenker.org\/index.php?rest_route=\/wp\/v2\/media\/14384"}],"wp:attachment":[{"href":"https:\/\/www.freidenker.org\/index.php?rest_route=%2Fwp%2Fv2%2Fmedia&parent=14382"}],"wp:term":[{"taxonomy":"category","embeddable":true,"href":"https:\/\/www.freidenker.org\/index.php?rest_route=%2Fwp%2Fv2%2Fcategories&post=14382"},{"taxonomy":"post_tag","embeddable":true,"href":"https:\/\/www.freidenker.org\/index.php?rest_route=%2Fwp%2Fv2%2Ftags&post=14382"}],"curies":[{"name":"wp","href":"https:\/\/api.w.org\/{rel}","templated":true}]}}